{"id":20303,"date":"2019-10-29T08:35:09","date_gmt":"2019-10-29T08:35:09","guid":{"rendered":"https:\/\/www.santjosep.net\/iv-fira-de-la-sal-2019\/"},"modified":"2020-01-24T09:38:03","modified_gmt":"2020-01-24T08:38:03","slug":"iv-fira-de-la-sal-2019","status":"publish","type":"post","link":"https:\/\/www.santjosep.net\/nl\/iv-fira-de-la-sal-2019\/","title":{"rendered":"IV Fira de la Sal 2019"},"content":{"rendered":"<p>Op 25, 26 en 27 oktober werd in de Salinas de Ibiza de<b> IV Fira de la Sal<\/b>gevierd, een toeristisch en cultureel evenement dat gericht is op het verspreiden van erfgoed en cultuur. Georganiseerd door de gemeenteraad van Sant Josep, de Consell d&#8217;Eivissa en het <b>Natuurpark Ses Salines d&#8217;Eivissa i Formentera<\/b>\u00a0 als eerbetoon en herinnering aan de mensen die in de zoutvlakten werkten om via verschillende activiteiten gedurende deze dagen de tradities te leren kennen die de handmatige winning van zout omringen.<\/p>\n<p>&nbsp;<\/p>\n<p><b>25 oktober<\/b><br \/>\n\u00b7 Workshops en activiteiten voor kinderen<br \/>\n\u00b7 Tentoonstelling &#8220;El bosc mediterrani&#8221; van fotograaf Joan Costa en teksten van F. Xavier Mas Ferr\u00e0<\/p>\n<p><iframe loading=\"lazy\" src=\"https:\/\/player.vimeo.com\/video\/369510389\" width=\"640\" height=\"360\" frameborder=\"0\" allowfullscreen=\"allowfullscreen\"><\/iframe><\/p>\n<p><b>26 oktober 2019<\/b><br \/>\n\u00b7 Ambachtelijke markt<br \/>\n\u00b7 I Fira de la Sal Populaire gastronomische wedstrijd<br \/>\n\u00b7 Workshops voor kinderen<br \/>\n\u00b7 Showcooking met zout<br \/>\n\u00b7 Workshop traditionele levensmiddelen<\/p>\n<p><iframe loading=\"lazy\" src=\"https:\/\/player.vimeo.com\/video\/369510489\" width=\"640\" height=\"360\" frameborder=\"0\" allowfullscreen=\"allowfullscreen\"><\/iframe><\/p>\n<p><strong>27 oktober<\/strong><br \/>\n\u00b7 Offici\u00eble opening met een foguer\u00f3 en Ball pag\u00e8s<br \/>\n\u00b7 Nordic Waling-route Fira de la Sal<br \/>\n\u00b7 Theaterbezoeken &#8220;The Valent vigilant de la torre&#8221;<br \/>\n\u00b7 Tentoonstelling &#8220;Som un poble saliner&#8221; van Joan Costa<br \/>\n\u00b7 Handmatige zoutwinning<\/p>\n<p><iframe loading=\"lazy\" src=\"https:\/\/player.vimeo.com\/video\/369510578\" width=\"640\" height=\"360\" frameborder=\"0\" allowfullscreen=\"allowfullscreen\"><\/iframe><br \/>\n<strong><br \/>\n<\/strong><\/p>\n","protected":false},"excerpt":{"rendered":"<p>Op 25, 26 en 27 oktober werd in de Salinas de Ibiza de IV Fira de la Salgevierd, een toeristisch en cultureel evenement dat gericht is op het verspreiden van erfgoed en cultuur. Georganiseerd door de gemeenteraad van Sant Josep, [&hellip;]<\/p>\n","protected":false},"author":1,"featured_media":21317,"comment_status":"open","ping_status":"open","sticky":false,"template":"","format":"standard","meta":{"_acf_changed":false,"inline_featured_image":false,"footnotes":""},"categories":[318,317],"tags":[],"class_list":["post-20303","post","type-post","status-publish","format-standard","has-post-thumbnail","hentry","category-erfgoed-nl","category-evenementen-nl"],"acf":[],"geo":null,"yoast_head":"<!-- This site is optimized with the Yoast SEO plugin v25.7 - https:\/\/yoast.com\/wordpress\/plugins\/seo\/ -->\n<title>IV Fira de la Sal 2019 - Santjosep.net<\/title>\n<meta name=\"robots\" content=\"index, follow, max-snippet:-1, max-image-preview:large, max-video-preview:-1\" \/>\n<link rel=\"canonical\" href=\"https:\/\/www.santjosep.net\/nl\/iv-fira-de-la-sal-2019\/\" \/>\n<meta property=\"og:locale\" content=\"nl_NL\" \/>\n<meta property=\"og:type\" content=\"article\" \/>\n<meta property=\"og:title\" content=\"IV Fira de la Sal 2019 - Santjosep.net\" \/>\n<meta property=\"og:description\" content=\"Op 25, 26 en 27 oktober werd in de Salinas de Ibiza de IV Fira de la Salgevierd, een toeristisch en cultureel evenement dat gericht is op het verspreiden van erfgoed en cultuur. Georganiseerd door de gemeenteraad van Sant Josep, [&hellip;]\" \/>\n<meta property=\"og:url\" content=\"https:\/\/www.santjosep.net\/nl\/iv-fira-de-la-sal-2019\/\" \/>\n<meta property=\"og:site_name\" content=\"Santjosep.net\" \/>\n<meta property=\"article:published_time\" content=\"2019-10-29T08:35:09+00:00\" \/>\n<meta property=\"article:modified_time\" content=\"2020-01-24T08:38:03+00:00\" \/>\n<meta property=\"og:image\" content=\"https:\/\/www.santjosep.net\/wp-content\/uploads\/2017\/11\/firadelasal.jpg\" \/>\n\t<meta property=\"og:image:width\" content=\"2000\" \/>\n\t<meta property=\"og:image:height\" content=\"1500\" \/>\n\t<meta property=\"og:image:type\" content=\"image\/jpeg\" \/>\n<meta name=\"author\" content=\"Sant Josep\" \/>\n<meta name=\"twitter:card\" content=\"summary_large_image\" \/>\n<meta name=\"twitter:label1\" content=\"Geschreven door\" \/>\n\t<meta name=\"twitter:data1\" content=\"Sant Josep\" \/>\n\t<meta name=\"twitter:label2\" content=\"Geschatte leestijd\" \/>\n\t<meta name=\"twitter:data2\" content=\"1 minuut\" \/>\n<script type=\"application\/ld+json\" class=\"yoast-schema-graph\">{\"@context\":\"https:\/\/schema.org\",\"@graph\":[{\"@type\":\"WebPage\",\"@id\":\"https:\/\/www.santjosep.net\/nl\/iv-fira-de-la-sal-2019\/\",\"url\":\"https:\/\/www.santjosep.net\/nl\/iv-fira-de-la-sal-2019\/\",\"name\":\"IV Fira de la Sal 2019 - Santjosep.net\",\"isPartOf\":{\"@id\":\"https:\/\/www.santjosep.net\/#website\"},\"primaryImageOfPage\":{\"@id\":\"https:\/\/www.santjosep.net\/nl\/iv-fira-de-la-sal-2019\/#primaryimage\"},\"image\":{\"@id\":\"https:\/\/www.santjosep.net\/nl\/iv-fira-de-la-sal-2019\/#primaryimage\"},\"thumbnailUrl\":\"https:\/\/www.santjosep.net\/wp-content\/uploads\/2017\/11\/firadelasal.jpg\",\"datePublished\":\"2019-10-29T08:35:09+00:00\",\"dateModified\":\"2020-01-24T08:38:03+00:00\",\"author\":{\"@id\":\"https:\/\/www.santjosep.net\/#\/schema\/person\/b60e56f94e4e55776eb62bf4293f99b6\"},\"inLanguage\":\"nl-NL\",\"potentialAction\":[{\"@type\":\"ReadAction\",\"target\":[\"https:\/\/www.santjosep.net\/nl\/iv-fira-de-la-sal-2019\/\"]}]},{\"@type\":\"ImageObject\",\"inLanguage\":\"nl-NL\",\"@id\":\"https:\/\/www.santjosep.net\/nl\/iv-fira-de-la-sal-2019\/#primaryimage\",\"url\":\"https:\/\/www.santjosep.net\/wp-content\/uploads\/2017\/11\/firadelasal.jpg\",\"contentUrl\":\"https:\/\/www.santjosep.net\/wp-content\/uploads\/2017\/11\/firadelasal.jpg\",\"width\":2000,\"height\":1500},{\"@type\":\"WebSite\",\"@id\":\"https:\/\/www.santjosep.net\/#website\",\"url\":\"https:\/\/www.santjosep.net\/\",\"name\":\"Santjosep.net\",\"description\":\"\",\"potentialAction\":[{\"@type\":\"SearchAction\",\"target\":{\"@type\":\"EntryPoint\",\"urlTemplate\":\"https:\/\/www.santjosep.net\/?s={search_term_string}\"},\"query-input\":{\"@type\":\"PropertyValueSpecification\",\"valueRequired\":true,\"valueName\":\"search_term_string\"}}],\"inLanguage\":\"nl-NL\"},{\"@type\":\"Person\",\"@id\":\"https:\/\/www.santjosep.net\/#\/schema\/person\/b60e56f94e4e55776eb62bf4293f99b6\",\"name\":\"Sant Josep\",\"image\":{\"@type\":\"ImageObject\",\"inLanguage\":\"nl-NL\",\"@id\":\"https:\/\/www.santjosep.net\/#\/schema\/person\/image\/\",\"url\":\"https:\/\/secure.gravatar.com\/avatar\/2f4071817a97d2499c5aae9674ee15015b5a3c7c0974ca84f095a8e4aadcda56?s=96&d=mm&r=g\",\"contentUrl\":\"https:\/\/secure.gravatar.com\/avatar\/2f4071817a97d2499c5aae9674ee15015b5a3c7c0974ca84f095a8e4aadcda56?s=96&d=mm&r=g\",\"caption\":\"Sant Josep\"},\"url\":\"https:\/\/www.santjosep.net\/nl\/author\/fugrafic\/\"}]}<\/script>\n<!-- \/ Yoast SEO plugin. -->","yoast_head_json":{"title":"IV Fira de la Sal 2019 - Santjosep.net","robots":{"index":"index","follow":"follow","max-snippet":"max-snippet:-1","max-image-preview":"max-image-preview:large","max-video-preview":"max-video-preview:-1"},"canonical":"https:\/\/www.santjosep.net\/nl\/iv-fira-de-la-sal-2019\/","og_locale":"nl_NL","og_type":"article","og_title":"IV Fira de la Sal 2019 - Santjosep.net","og_description":"Op 25, 26 en 27 oktober werd in de Salinas de Ibiza de IV Fira de la Salgevierd, een toeristisch en cultureel evenement dat gericht is op het verspreiden van erfgoed en cultuur. Georganiseerd door de gemeenteraad van Sant Josep, [&hellip;]","og_url":"https:\/\/www.santjosep.net\/nl\/iv-fira-de-la-sal-2019\/","og_site_name":"Santjosep.net","article_published_time":"2019-10-29T08:35:09+00:00","article_modified_time":"2020-01-24T08:38:03+00:00","og_image":[{"width":2000,"height":1500,"url":"https:\/\/www.santjosep.net\/wp-content\/uploads\/2017\/11\/firadelasal.jpg","type":"image\/jpeg"}],"author":"Sant Josep","twitter_card":"summary_large_image","twitter_misc":{"Geschreven door":"Sant Josep","Geschatte leestijd":"1 minuut"},"schema":{"@context":"https:\/\/schema.org","@graph":[{"@type":"WebPage","@id":"https:\/\/www.santjosep.net\/nl\/iv-fira-de-la-sal-2019\/","url":"https:\/\/www.santjosep.net\/nl\/iv-fira-de-la-sal-2019\/","name":"IV Fira de la Sal 2019 - Santjosep.net","isPartOf":{"@id":"https:\/\/www.santjosep.net\/#website"},"primaryImageOfPage":{"@id":"https:\/\/www.santjosep.net\/nl\/iv-fira-de-la-sal-2019\/#primaryimage"},"image":{"@id":"https:\/\/www.santjosep.net\/nl\/iv-fira-de-la-sal-2019\/#primaryimage"},"thumbnailUrl":"https:\/\/www.santjosep.net\/wp-content\/uploads\/2017\/11\/firadelasal.jpg","datePublished":"2019-10-29T08:35:09+00:00","dateModified":"2020-01-24T08:38:03+00:00","author":{"@id":"https:\/\/www.santjosep.net\/#\/schema\/person\/b60e56f94e4e55776eb62bf4293f99b6"},"inLanguage":"nl-NL","potentialAction":[{"@type":"ReadAction","target":["https:\/\/www.santjosep.net\/nl\/iv-fira-de-la-sal-2019\/"]}]},{"@type":"ImageObject","inLanguage":"nl-NL","@id":"https:\/\/www.santjosep.net\/nl\/iv-fira-de-la-sal-2019\/#primaryimage","url":"https:\/\/www.santjosep.net\/wp-content\/uploads\/2017\/11\/firadelasal.jpg","contentUrl":"https:\/\/www.santjosep.net\/wp-content\/uploads\/2017\/11\/firadelasal.jpg","width":2000,"height":1500},{"@type":"WebSite","@id":"https:\/\/www.santjosep.net\/#website","url":"https:\/\/www.santjosep.net\/","name":"Santjosep.net","description":"","potentialAction":[{"@type":"SearchAction","target":{"@type":"EntryPoint","urlTemplate":"https:\/\/www.santjosep.net\/?s={search_term_string}"},"query-input":{"@type":"PropertyValueSpecification","valueRequired":true,"valueName":"search_term_string"}}],"inLanguage":"nl-NL"},{"@type":"Person","@id":"https:\/\/www.santjosep.net\/#\/schema\/person\/b60e56f94e4e55776eb62bf4293f99b6","name":"Sant Josep","image":{"@type":"ImageObject","inLanguage":"nl-NL","@id":"https:\/\/www.santjosep.net\/#\/schema\/person\/image\/","url":"https:\/\/secure.gravatar.com\/avatar\/2f4071817a97d2499c5aae9674ee15015b5a3c7c0974ca84f095a8e4aadcda56?s=96&d=mm&r=g","contentUrl":"https:\/\/secure.gravatar.com\/avatar\/2f4071817a97d2499c5aae9674ee15015b5a3c7c0974ca84f095a8e4aadcda56?s=96&d=mm&r=g","caption":"Sant Josep"},"url":"https:\/\/www.santjosep.net\/nl\/author\/fugrafic\/"}]}},"_links":{"self":[{"href":"https:\/\/www.santjosep.net\/nl\/wp-json\/wp\/v2\/posts\/20303","targetHints":{"allow":["GET"]}}],"collection":[{"href":"https:\/\/www.santjosep.net\/nl\/wp-json\/wp\/v2\/posts"}],"about":[{"href":"https:\/\/www.santjosep.net\/nl\/wp-json\/wp\/v2\/types\/post"}],"author":[{"embeddable":true,"href":"https:\/\/www.santjosep.net\/nl\/wp-json\/wp\/v2\/users\/1"}],"replies":[{"embeddable":true,"href":"https:\/\/www.santjosep.net\/nl\/wp-json\/wp\/v2\/comments?post=20303"}],"version-history":[{"count":0,"href":"https:\/\/www.santjosep.net\/nl\/wp-json\/wp\/v2\/posts\/20303\/revisions"}],"wp:featuredmedia":[{"embeddable":true,"href":"https:\/\/www.santjosep.net\/nl\/wp-json\/wp\/v2\/media\/21317"}],"wp:attachment":[{"href":"https:\/\/www.santjosep.net\/nl\/wp-json\/wp\/v2\/media?parent=20303"}],"wp:term":[{"taxonomy":"category","embeddable":true,"href":"https:\/\/www.santjosep.net\/nl\/wp-json\/wp\/v2\/categories?post=20303"},{"taxonomy":"post_tag","embeddable":true,"href":"https:\/\/www.santjosep.net\/nl\/wp-json\/wp\/v2\/tags?post=20303"}],"curies":[{"name":"wp","href":"https:\/\/api.w.org\/{rel}","templated":true}]}}