{"id":19822,"date":"2019-12-18T09:56:39","date_gmt":"2019-12-18T09:56:39","guid":{"rendered":"https:\/\/www.santjosep.net\/la-iglesia-de-sant-agusti-200-anos-de-historia-y-vicisitudes\/"},"modified":"2020-01-24T09:34:48","modified_gmt":"2020-01-24T08:34:48","slug":"de-kerk-van-sant-agusti-200-jaar-geschiedenis-en-voor-en-tegenspoed","status":"publish","type":"post","link":"https:\/\/www.santjosep.net\/nl\/de-kerk-van-sant-agusti-200-jaar-geschiedenis-en-voor-en-tegenspoed\/","title":{"rendered":"De kerk van Sant Agust\u00ed, 200 jaar geschiedenis en voor- en tegenspoed"},"content":{"rendered":"<p><strong>De kerk van Sant Agust\u00ed viert in 2019 haar tweehonderdjarig bestaan<\/strong>. Een geschiedenis vol voor- en tegenspoed die teruggaat tot 1788, het jaar waarin de eerste steen werd gelegd, en die, als eerste weetje, op een andere plaats stond dan waar de tempel zich nu bevindt.<\/p>\n<p>De bouw werd ingegeven door het besluit van de eerste bisschop van Ibiza en Formentera, <a href=\"http:\/\/www.eeif.es\/veus\/Abad-y-Lasierra-Manuel\/\"><strong>Manuel Abad y Lasierra<\/strong><\/a>, om een parochie te vormen tussen de bestaande parochies van Sant Josep de Sa Talaia en Sant Antoni de Portmany, die een gebied van 35 km2 zou beslaan. Het was 1785 toen de bisschop een terrein bij Can Pere Rafal uitkoos, in de zogenaamde <i>Rac\u00f3 de s\u2019Alqueria,<\/i> om er met de bouw te beginnen. Deze beslissing was aanleiding tot de eerste van de vele beruchte meningsverschillen die de geschiedenis van de kerk hebben gekenmerkt. De bewoners waren het niet eens met de uitgekozen locatie en vroegen om de nieuwe kerk op een meer centraal gelegen terrein te plaatsen.<\/p>\n<div id=\"attachment_16113\" style=\"width: 2136px\" class=\"wp-caption alignnone\"><img loading=\"lazy\" decoding=\"async\" aria-describedby=\"caption-attachment-16113\" class=\"size-full wp-image-16113\" src=\"https:\/\/www.santjosep.net\/wp-content\/uploads\/2019\/12\/Iglesia-Sant-Agusti\u0301-70s.jpg\" alt=\"\" width=\"2126\" height=\"2835\" srcset=\"https:\/\/www.santjosep.net\/wp-content\/uploads\/2019\/12\/Iglesia-Sant-Agusti\u0301-70s.jpg 2126w, https:\/\/www.santjosep.net\/wp-content\/uploads\/2019\/12\/Iglesia-Sant-Agusti\u0301-70s-225x300.jpg 225w, https:\/\/www.santjosep.net\/wp-content\/uploads\/2019\/12\/Iglesia-Sant-Agusti\u0301-70s-768x1024.jpg 768w\" sizes=\"auto, (max-width: 2126px) 100vw, 2126px\" \/><p id=\"caption-attachment-16113\" class=\"wp-caption-text\">Foto: Jose Buil Mayral. Gepubliceerd in het boek &#8220;De kerken van Ibiza&#8221; door Jorge Demerson. 1974.<\/p><\/div>\n<p>Toen de tijd rijp was om met het werk te beginnen, werd het vinden van arbeiders een waar probleem van openbare orde dat ertoe leidde dat de bewoners gevangen werden gezet omdat ze weigerden deel te nemen aan de bouw van de kerk. Het was de regel en de traditie dat de toekomstige gebruikers van de parochie verantwoordelijk waren voor de bouw. En aangezien de bewoners van het huidige Sant Agust\u00ed v\u00f3\u00f3r 1785 al hadden meegewerkt aan de bouw van de kerken van Sant Josep en de kapellen van Sant Antoni, werd bepaald dat de parochianen van de reeds opgerichte parochies aan het werk zouden deelnemen. Velen weigerden, onder andere vanwege tijdgebrek door hun volledige toewijding aan het werk op hun boerderijen. Waarschijnlijk, zoals de historicus <strong>Joan Mar\u00ed Cardona<\/strong> aangeeft, had het weigeren aan de bouw mee te werken meer te maken met het feit dat de bewoners de oorspronkelijke locatie van de tempel afwezen. Wat de reden ook was, naar aanleiding van de weigering om mee te werken werden veel bewoners naar de gevangenis gebracht, waaruit ze na een beroep te hebben gedaan op de diensten van een advocaat weer vrijkwamen. Maar de voortdurende hogere beroepen van de raadsman van de verdediging, Francesc Tur Dami\u00e0, hadden ook gevolgen voor hem, zozeer zelfs dat hij gevangen werd gezet omdat hij het optreden van de gouverneur in twijfel trok.<\/p>\n<div id=\"new-royalslider-108\" class=\"royalSlider new-royalslider-108 rsDefaultInv rs-default-template\" style=\"width:100%;height:500px;;\" data-rs-options='{&quot;template&quot;:&quot;default&quot;,&quot;image_generation&quot;:{&quot;lazyLoading&quot;:&quot;true&quot;,&quot;imageWidth&quot;:&quot;&quot;,&quot;imageHeight&quot;:&quot;&quot;,&quot;thumbImageWidth&quot;:96,&quot;thumbImageHeight&quot;:72},&quot;thumbs&quot;:{&quot;paddingBottom&quot;:4,&quot;thumbWidth&quot;:96,&quot;thumbHeight&quot;:72,&quot;appendSpan&quot;:&quot;true&quot;},&quot;fullscreen&quot;:{&quot;enabled&quot;:&quot;true&quot;,&quot;nativeFS&quot;:&quot;true&quot;},&quot;block&quot;:{&quot;moveOffset&quot;:20,&quot;speed&quot;:400,&quot;delay&quot;:200},&quot;width&quot;:&quot;100%&quot;,&quot;height&quot;:500,&quot;autoScaleSlider&quot;:&quot;true&quot;,&quot;autoScaleSliderWidth&quot;:960,&quot;autoScaleSliderHeight&quot;:850,&quot;controlNavigation&quot;:&quot;thumbnails&quot;,&quot;arrowsNavHideOnTouch&quot;:&quot;true&quot;,&quot;globalCaptionInside&quot;:&quot;true&quot;,&quot;keyboardNavEnabled&quot;:&quot;true&quot;,&quot;fadeinLoadedSlide&quot;:&quot;false&quot;}'>\n<div class=\"rsContent\">\n  <a class=\"rsImg\" href=\"https:\/\/www.santjosep.net\/wp-content\/uploads\/2019\/12\/IMG_4103_1200-x-800-1024x683.jpg\" data-rsBigImg=\"https:\/\/www.santjosep.net\/wp-content\/uploads\/2019\/12\/IMG_4103_1200-x-800.jpg\">IMG_4103_1200 x 800<\/a>\n  <div class=\"rsTmb\"><img decoding=\"async\" src=\"https:\/\/www.santjosep.net\/wp-content\/uploads\/2019\/12\/IMG_4103_1200-x-800-96x72.jpg\" alt=\"\" \/><\/div>\n  \n  \n<\/div>\n<div class=\"rsContent\">\n  <a class=\"rsImg\" href=\"https:\/\/www.santjosep.net\/wp-content\/uploads\/2019\/12\/P1000118-1024x768.jpg\" data-rsBigImg=\"https:\/\/www.santjosep.net\/wp-content\/uploads\/2019\/12\/P1000118.jpg\">P1000118<\/a>\n  <div class=\"rsTmb\"><img decoding=\"async\" src=\"https:\/\/www.santjosep.net\/wp-content\/uploads\/2019\/12\/P1000118-96x72.jpg\" alt=\"\" \/><\/div>\n  \n  \n<\/div>\n<div class=\"rsContent\">\n  <a class=\"rsImg\" href=\"https:\/\/www.santjosep.net\/wp-content\/uploads\/2019\/12\/IMG_2915_4272-x-2848-1024x683.jpg\" data-rsBigImg=\"https:\/\/www.santjosep.net\/wp-content\/uploads\/2019\/12\/IMG_2915_4272-x-2848.jpg\">IMG_2915_4272 x 2848<\/a>\n  <div class=\"rsTmb\"><img decoding=\"async\" src=\"https:\/\/www.santjosep.net\/wp-content\/uploads\/2019\/12\/IMG_2915_4272-x-2848-96x72.jpg\" alt=\"\" \/><\/div>\n  \n  \n<\/div>\n<div class=\"rsContent\">\n  <a class=\"rsImg\" href=\"https:\/\/www.santjosep.net\/wp-content\/uploads\/2019\/12\/IMG_4098_1200-x-800-1024x683.jpg\" data-rsBigImg=\"https:\/\/www.santjosep.net\/wp-content\/uploads\/2019\/12\/IMG_4098_1200-x-800.jpg\">IMG_4098_1200 x 800<\/a>\n  <div class=\"rsTmb\"><img decoding=\"async\" src=\"https:\/\/www.santjosep.net\/wp-content\/uploads\/2019\/12\/IMG_4098_1200-x-800-96x72.jpg\" alt=\"\" \/><\/div>\n  \n  \n<\/div>\n\n<\/div>\n\n<p>Toen Eustaquio de Azara inmiddels bisschop was, werd op verzoek van het volk de huidige locatie gekozen, de zogenaamde <strong>Puig des Vedr\u00e0<\/strong>, waarnaar de parochie is vernoemd.<\/p>\n<p>Maar dat was niet de enige reden voor onenigheid of de laatste kopzorg voor het kerkelijk gezag en de betrokken bewoners. De nieuwe locatie betrof twee aangrenzende boerderijen en de donerende families eisten dat de tempel op hun deel van het terrein zou worden gebouwd. Omdat de kerk dichtbij de groep huizen van deze families stond, die vane <strong>Can Curt en Can Berri,<\/strong> beide met hun eigen torens, werd gekozen voor een salomonische oplossing en werden beide percelen in gelijke delen bezet door de kerk. En bij wijze van genade werd besloten de hoofdgevel te richten op de huizen van de donateurs, waardoor de kerk al op noordoostenwind, de tramontane, kwam te staan, een geheel atypische opstelling voor de religieuze gebouwen van de Pityusen.<\/p>\n<div id=\"attachment_16220\" style=\"width: 1930px\" class=\"wp-caption alignnone\"><img loading=\"lazy\" decoding=\"async\" aria-describedby=\"caption-attachment-16220\" class=\"size-full wp-image-16220\" src=\"https:\/\/www.santjosep.net\/wp-content\/uploads\/2019\/12\/tradicioncanberri.jpg\" alt=\"\" width=\"1920\" height=\"1200\" srcset=\"https:\/\/www.santjosep.net\/wp-content\/uploads\/2019\/12\/tradicioncanberri.jpg 1920w, https:\/\/www.santjosep.net\/wp-content\/uploads\/2019\/12\/tradicioncanberri-300x188.jpg 300w, https:\/\/www.santjosep.net\/wp-content\/uploads\/2019\/12\/tradicioncanberri-768x480.jpg 768w, https:\/\/www.santjosep.net\/wp-content\/uploads\/2019\/12\/tradicioncanberri-1024x640.jpg 1024w\" sizes=\"auto, (max-width: 1920px) 100vw, 1920px\" \/><p id=\"caption-attachment-16220\" class=\"wp-caption-text\">Can Berri &#8211; Voor de kerk van Sant Agust\u00ed<\/p><\/div>\n<p>Maar het stormachtige verloop van de bouw was hiermee nog niet afgelopen. Dit compromis heeft uiteindelijk geleid tot nieuwe problemen, ditmaal van structurele aard. Aangezien de twee delen van het terrein verschillende kenmerken hebben, het ene met een zachte en aardachtige bodem en het andere met een rotsachtige ondergrond, had het gebouw vanaf het begin te lijden onder een duidelijk gebrek aan stabiliteit. De massieve, blote stenen muren hebben geen betrouwbare ondergrond om de nodige druk uit te oefenen om de architectonische stabiliteit te garanderen.<\/p>\n<p>Zodanig dat er aan de oorspronkelijke tekeningen van de ingenieur <strong>Pedro Grolliez de Servien<\/strong> uit 1791 tegenmuren aan de westkant moesten worden toegevoegd die, samen met enkele interne schoren die in de jaren zestig werden aangebracht, voorkomen dat de tempel opensplijt en barst. In de tekeningen was ook een voorportaal opgenomen die nooit werd gebouwd, misschien vanwege het gebrek aan geld of de wens om het steeds weer vertraagde werk af te maken.<\/p>\n<p>Uiteindelijk werden in <strong>1819 de werkzaamheden aan de tempel en het grote consistoriale bijgebouw voltooid.<\/strong> Het gaat om een groot, door de bewoners betaald en gebouwd architectonisch complex, dat op het dorpsplein alle aandacht trekt.<\/p>\n<p><img loading=\"lazy\" decoding=\"async\" class=\"alignnone size-full wp-image-16146\" src=\"https:\/\/www.santjosep.net\/wp-content\/uploads\/2019\/12\/DSC00147.jpg\" alt=\"\" width=\"1900\" height=\"1267\" srcset=\"https:\/\/www.santjosep.net\/wp-content\/uploads\/2019\/12\/DSC00147.jpg 1900w, https:\/\/www.santjosep.net\/wp-content\/uploads\/2019\/12\/DSC00147-300x200.jpg 300w, https:\/\/www.santjosep.net\/wp-content\/uploads\/2019\/12\/DSC00147-768x512.jpg 768w, https:\/\/www.santjosep.net\/wp-content\/uploads\/2019\/12\/DSC00147-1024x683.jpg 1024w, https:\/\/www.santjosep.net\/wp-content\/uploads\/2019\/12\/DSC00147-900x600.jpg 900w, https:\/\/www.santjosep.net\/wp-content\/uploads\/2019\/12\/DSC00147-250x167.jpg 250w\" sizes=\"auto, (max-width: 1900px) 100vw, 1900px\" \/><\/p>\n<p>De kerk bestaat uit een enkel tongewelf met<strong> drie halfronde bogen die plaats maken voor de zes eenvoudige zijkapellen die samen met het altaar en de pastorie het geheel compleet maken.<\/strong> Vier van deze kapellen zijn eenvoudig en klein van formaat, terwijl de twee naast het altaar dieper zijn. Slechts een deel van het originele altaarstuk is bewaard gebleven sinds het bovenste deel in 1936 werd beschadigd. Het is gemaakt in barokke stijl en het uit hout gesneden en versierde beeld van de patroonheilige neemt de belangrijkste plaats in. In een van de twee diepste kapellen, die van de Heilige Christus, zijn het oude altaarstuk, de voorkant van het altaar en het tabernakel, die vroeger op het hoofdaltaar stonden, bewaard gebleven. Ze zijn gemaakt van versierd houtsnijwerk.<\/p>\n<div id=\"new-royalslider-109\" class=\"royalSlider new-royalslider-109 rsDefaultInv rs-default-template\" style=\"width:100%;height:500px;;\" data-rs-options='{&quot;template&quot;:&quot;default&quot;,&quot;image_generation&quot;:{&quot;imageWidth&quot;:&quot;&quot;,&quot;imageHeight&quot;:&quot;&quot;,&quot;thumbImageWidth&quot;:&quot;&quot;,&quot;thumbImageHeight&quot;:&quot;&quot;},&quot;thumbs&quot;:{&quot;thumbWidth&quot;:96,&quot;thumbHeight&quot;:72},&quot;block&quot;:{&quot;moveOffset&quot;:20,&quot;speed&quot;:400,&quot;delay&quot;:200},&quot;width&quot;:&quot;100%&quot;,&quot;height&quot;:500,&quot;autoScaleSlider&quot;:&quot;true&quot;,&quot;autoScaleSliderWidth&quot;:960,&quot;autoScaleSliderHeight&quot;:750}'>\n<div class=\"rsContent\">\n  <img decoding=\"async\" class=\"rsImg\" src=\"https:\/\/www.santjosep.net\/wp-content\/uploads\/2019\/12\/DSC00041-1-1024x683.jpg\" alt=\"DSC00041\"\/>\n  \n  \n  \n<\/div>\n<div class=\"rsContent\">\n  <img decoding=\"async\" class=\"rsImg\" src=\"https:\/\/www.santjosep.net\/wp-content\/uploads\/2019\/12\/DSC00066-1-1024x683.jpg\" alt=\"DSC00066\"\/>\n  \n  \n  \n<\/div>\n<div class=\"rsContent\">\n  <img decoding=\"async\" class=\"rsImg\" src=\"https:\/\/www.santjosep.net\/wp-content\/uploads\/2019\/12\/DSC00088-1-683x1024.jpg\" alt=\"DSC00088\"\/>\n  \n  \n  \n<\/div>\n<div class=\"rsContent\">\n  <img decoding=\"async\" class=\"rsImg\" src=\"https:\/\/www.santjosep.net\/wp-content\/uploads\/2019\/12\/DSC00090-1-667x1024.jpg\" alt=\"DSC00090\"\/>\n  \n  \n  \n<\/div>\n<div class=\"rsContent\">\n  <img decoding=\"async\" class=\"rsImg\" src=\"https:\/\/www.santjosep.net\/wp-content\/uploads\/2019\/12\/DSC00104-1-1024x683.jpg\" alt=\"DSC00104\"\/>\n  \n  \n  \n<\/div>\n<div class=\"rsContent\">\n  <img decoding=\"async\" class=\"rsImg\" src=\"https:\/\/www.santjosep.net\/wp-content\/uploads\/2019\/12\/DSC00080-1-683x1024.jpg\" alt=\"DSC00080\"\/>\n  \n  \n  \n<\/div>\n<div class=\"rsContent\">\n  <img decoding=\"async\" class=\"rsImg\" src=\"https:\/\/www.santjosep.net\/wp-content\/uploads\/2019\/12\/DSC00115-1-1024x758.jpg\" alt=\"DSC00115\"\/>\n  \n  \n  \n<\/div>\n<div class=\"rsContent\">\n  <img decoding=\"async\" class=\"rsImg\" src=\"https:\/\/www.santjosep.net\/wp-content\/uploads\/2019\/12\/DSC00095-1-683x1024.jpg\" alt=\"DSC00095\"\/>\n  \n  \n  \n<\/div>\n\n<\/div>\n\n<p>Vandaag de dag heeft dit prachtige complex een witgekalkte gevel, met een eenvoudige uitstraling, een centrale klokkentoren en sterke stenen muren met opvallende steunberen aan de westzijde. Het volumineuze parochiehuis, met zadeldaken, heeft royaal witgekalkte muren met een onregelmatige textuur die visuele charme toevoegt aan de toch al opmerkelijke ligging, op de heuvel van het terrein.<\/p>\n<p><img loading=\"lazy\" decoding=\"async\" class=\"alignnone size-full wp-image-16162\" src=\"https:\/\/www.santjosep.net\/wp-content\/uploads\/2019\/12\/DSC7132.jpg\" alt=\"\" width=\"6000\" height=\"4000\" srcset=\"https:\/\/www.santjosep.net\/wp-content\/uploads\/2019\/12\/DSC7132.jpg 6000w, https:\/\/www.santjosep.net\/wp-content\/uploads\/2019\/12\/DSC7132-300x200.jpg 300w, https:\/\/www.santjosep.net\/wp-content\/uploads\/2019\/12\/DSC7132-768x512.jpg 768w, https:\/\/www.santjosep.net\/wp-content\/uploads\/2019\/12\/DSC7132-1024x683.jpg 1024w, https:\/\/www.santjosep.net\/wp-content\/uploads\/2019\/12\/DSC7132-900x600.jpg 900w, https:\/\/www.santjosep.net\/wp-content\/uploads\/2019\/12\/DSC7132-250x167.jpg 250w\" sizes=\"auto, (max-width: 6000px) 100vw, 6000px\" \/><\/p>\n<p>Op het plein, voor de kerkgevel, worden populaire evenementen, zoals de <strong><i>ball pag\u00e8s<\/i> (boerendans)<\/strong> en concerten gehouden, die een aanvulling zijn op de socioculturele activiteiten van <strong>Can Curt,<\/strong> een van de oorspronkelijke donerende huizen en thans tentoonstellingsruimte en buurthuis. Samen met het restaurant van het eveneens schenkende en belendende huis, Can Berri, vormen ze een vreedzame ruimte vol charme.<\/p>\n<div id=\"new-royalslider-110\" class=\"royalSlider new-royalslider-110 rsDefaultInv rs-default-template\" style=\"width:100%;height:500px;;\" data-rs-options='{&quot;template&quot;:&quot;default&quot;,&quot;image_generation&quot;:{&quot;lazyLoading&quot;:&quot;true&quot;,&quot;imageWidth&quot;:&quot;&quot;,&quot;imageHeight&quot;:&quot;&quot;,&quot;thumbImageWidth&quot;:96,&quot;thumbImageHeight&quot;:72},&quot;thumbs&quot;:{&quot;paddingBottom&quot;:4,&quot;thumbWidth&quot;:96,&quot;thumbHeight&quot;:72,&quot;appendSpan&quot;:&quot;true&quot;},&quot;fullscreen&quot;:{&quot;enabled&quot;:&quot;true&quot;,&quot;nativeFS&quot;:&quot;true&quot;},&quot;block&quot;:{&quot;moveOffset&quot;:20,&quot;speed&quot;:400,&quot;delay&quot;:200},&quot;width&quot;:&quot;100%&quot;,&quot;height&quot;:500,&quot;autoScaleSlider&quot;:&quot;true&quot;,&quot;autoScaleSliderWidth&quot;:960,&quot;autoScaleSliderHeight&quot;:850,&quot;controlNavigation&quot;:&quot;thumbnails&quot;,&quot;arrowsNavHideOnTouch&quot;:&quot;true&quot;,&quot;globalCaptionInside&quot;:&quot;true&quot;,&quot;keyboardNavEnabled&quot;:&quot;true&quot;,&quot;fadeinLoadedSlide&quot;:&quot;false&quot;}'>\n<div class=\"rsContent\">\n  <a class=\"rsImg\" href=\"https:\/\/www.santjosep.net\/wp-content\/uploads\/2019\/12\/P1084592-1024x768.jpg\" data-rsBigImg=\"https:\/\/www.santjosep.net\/wp-content\/uploads\/2019\/12\/P1084592.jpg\">P1084592<\/a>\n  <div class=\"rsTmb\"><img decoding=\"async\" src=\"https:\/\/www.santjosep.net\/wp-content\/uploads\/2019\/12\/P1084592-96x72.jpg\" alt=\"\" \/><\/div>\n  \n  \n<\/div>\n<div class=\"rsContent\">\n  <a class=\"rsImg\" href=\"https:\/\/www.santjosep.net\/wp-content\/uploads\/2019\/12\/P1084538-1024x768.jpg\" data-rsBigImg=\"https:\/\/www.santjosep.net\/wp-content\/uploads\/2019\/12\/P1084538.jpg\">P1084538<\/a>\n  <div class=\"rsTmb\"><img decoding=\"async\" src=\"https:\/\/www.santjosep.net\/wp-content\/uploads\/2019\/12\/P1084538-96x72.jpg\" alt=\"\" \/><\/div>\n  \n  \n<\/div>\n<div class=\"rsContent\">\n  <a class=\"rsImg\" href=\"https:\/\/www.santjosep.net\/wp-content\/uploads\/2019\/12\/P1084542-1024x768.jpg\" data-rsBigImg=\"https:\/\/www.santjosep.net\/wp-content\/uploads\/2019\/12\/P1084542.jpg\">P1084542<\/a>\n  <div class=\"rsTmb\"><img decoding=\"async\" src=\"https:\/\/www.santjosep.net\/wp-content\/uploads\/2019\/12\/P1084542-96x72.jpg\" alt=\"\" \/><\/div>\n  \n  \n<\/div>\n<div class=\"rsContent\">\n  <a class=\"rsImg\" href=\"https:\/\/www.santjosep.net\/wp-content\/uploads\/2019\/12\/P1084530-1024x768.jpg\" data-rsBigImg=\"https:\/\/www.santjosep.net\/wp-content\/uploads\/2019\/12\/P1084530.jpg\">P1084530<\/a>\n  <div class=\"rsTmb\"><img decoding=\"async\" src=\"https:\/\/www.santjosep.net\/wp-content\/uploads\/2019\/12\/P1084530-96x72.jpg\" alt=\"\" \/><\/div>\n  \n  \n<\/div>\n<div class=\"rsContent\">\n  <a class=\"rsImg\" href=\"https:\/\/www.santjosep.net\/wp-content\/uploads\/2019\/12\/P1084583-1024x768.jpg\" data-rsBigImg=\"https:\/\/www.santjosep.net\/wp-content\/uploads\/2019\/12\/P1084583.jpg\">P1084583<\/a>\n  <div class=\"rsTmb\"><img decoding=\"async\" src=\"https:\/\/www.santjosep.net\/wp-content\/uploads\/2019\/12\/P1084583-96x72.jpg\" alt=\"\" \/><\/div>\n  \n  \n<\/div>\n<div class=\"rsContent\">\n  <a class=\"rsImg\" href=\"https:\/\/www.santjosep.net\/wp-content\/uploads\/2019\/12\/P1084590-1024x768.jpg\" data-rsBigImg=\"https:\/\/www.santjosep.net\/wp-content\/uploads\/2019\/12\/P1084590.jpg\">P1084590<\/a>\n  <div class=\"rsTmb\"><img decoding=\"async\" src=\"https:\/\/www.santjosep.net\/wp-content\/uploads\/2019\/12\/P1084590-96x72.jpg\" alt=\"\" \/><\/div>\n  \n  \n<\/div>\n<div class=\"rsContent\">\n  <a class=\"rsImg\" href=\"https:\/\/www.santjosep.net\/wp-content\/uploads\/2019\/12\/P1084589-1024x768.jpg\" data-rsBigImg=\"https:\/\/www.santjosep.net\/wp-content\/uploads\/2019\/12\/P1084589.jpg\">P1084589<\/a>\n  <div class=\"rsTmb\"><img decoding=\"async\" src=\"https:\/\/www.santjosep.net\/wp-content\/uploads\/2019\/12\/P1084589-96x72.jpg\" alt=\"\" \/><\/div>\n  \n  \n<\/div>\n<div class=\"rsContent\">\n  <a class=\"rsImg\" href=\"https:\/\/www.santjosep.net\/wp-content\/uploads\/2019\/12\/P1084599-1024x768.jpg\" data-rsBigImg=\"https:\/\/www.santjosep.net\/wp-content\/uploads\/2019\/12\/P1084599.jpg\">P1084599<\/a>\n  <div class=\"rsTmb\"><img decoding=\"async\" src=\"https:\/\/www.santjosep.net\/wp-content\/uploads\/2019\/12\/P1084599-96x72.jpg\" alt=\"\" \/><\/div>\n  \n  \n<\/div>\n\n<\/div>\n\n","protected":false},"excerpt":{"rendered":"<p>De kerk van Sant Agust\u00ed viert in 2019 haar tweehonderdjarig bestaan. Een geschiedenis vol voor- en tegenspoed die teruggaat tot 1788, het jaar waarin de eerste steen werd gelegd, en die, als eerste weetje, op een andere plaats stond dan [&hellip;]<\/p>\n","protected":false},"author":1,"featured_media":21206,"comment_status":"open","ping_status":"open","sticky":false,"template":"","format":"standard","meta":{"_acf_changed":false,"inline_featured_image":false,"footnotes":""},"categories":[302],"tags":[],"class_list":["post-19822","post","type-post","status-publish","format-standard","has-post-thumbnail","hentry","category-volkeren-nl"],"acf":[],"geo":null,"yoast_head":"<!-- This site is optimized with the Yoast SEO plugin v25.7 - https:\/\/yoast.com\/wordpress\/plugins\/seo\/ -->\n<title>De kerk van Sant Agust\u00ed, 200 jaar geschiedenis en voor- en tegenspoed - Santjosep.net<\/title>\n<meta name=\"robots\" content=\"index, follow, max-snippet:-1, max-image-preview:large, max-video-preview:-1\" \/>\n<link rel=\"canonical\" href=\"https:\/\/www.santjosep.net\/nl\/de-kerk-van-sant-agusti-200-jaar-geschiedenis-en-voor-en-tegenspoed\/\" \/>\n<meta property=\"og:locale\" content=\"nl_NL\" \/>\n<meta property=\"og:type\" content=\"article\" \/>\n<meta property=\"og:title\" content=\"De kerk van Sant Agust\u00ed, 200 jaar geschiedenis en voor- en tegenspoed - Santjosep.net\" \/>\n<meta property=\"og:description\" content=\"De kerk van Sant Agust\u00ed viert in 2019 haar tweehonderdjarig bestaan. Een geschiedenis vol voor- en tegenspoed die teruggaat tot 1788, het jaar waarin de eerste steen werd gelegd, en die, als eerste weetje, op een andere plaats stond dan [&hellip;]\" \/>\n<meta property=\"og:url\" content=\"https:\/\/www.santjosep.net\/nl\/de-kerk-van-sant-agusti-200-jaar-geschiedenis-en-voor-en-tegenspoed\/\" \/>\n<meta property=\"og:site_name\" content=\"Santjosep.net\" \/>\n<meta property=\"article:published_time\" content=\"2019-12-18T09:56:39+00:00\" \/>\n<meta property=\"article:modified_time\" content=\"2020-01-24T08:34:48+00:00\" \/>\n<meta property=\"og:image\" content=\"https:\/\/www.santjosep.net\/wp-content\/uploads\/2019\/12\/iglesiasanagustin.jpg\" \/>\n\t<meta property=\"og:image:width\" content=\"2000\" \/>\n\t<meta property=\"og:image:height\" content=\"1500\" \/>\n\t<meta property=\"og:image:type\" content=\"image\/jpeg\" \/>\n<meta name=\"author\" content=\"Sant Josep\" \/>\n<meta name=\"twitter:card\" content=\"summary_large_image\" \/>\n<meta name=\"twitter:label1\" content=\"Geschreven door\" \/>\n\t<meta name=\"twitter:data1\" content=\"Sant Josep\" \/>\n\t<meta name=\"twitter:label2\" content=\"Geschatte leestijd\" \/>\n\t<meta name=\"twitter:data2\" content=\"5 minuten\" \/>\n<script type=\"application\/ld+json\" class=\"yoast-schema-graph\">{\"@context\":\"https:\/\/schema.org\",\"@graph\":[{\"@type\":\"WebPage\",\"@id\":\"https:\/\/www.santjosep.net\/nl\/de-kerk-van-sant-agusti-200-jaar-geschiedenis-en-voor-en-tegenspoed\/\",\"url\":\"https:\/\/www.santjosep.net\/nl\/de-kerk-van-sant-agusti-200-jaar-geschiedenis-en-voor-en-tegenspoed\/\",\"name\":\"De kerk van Sant Agust\u00ed, 200 jaar geschiedenis en voor- en tegenspoed - Santjosep.net\",\"isPartOf\":{\"@id\":\"https:\/\/www.santjosep.net\/#website\"},\"primaryImageOfPage\":{\"@id\":\"https:\/\/www.santjosep.net\/nl\/de-kerk-van-sant-agusti-200-jaar-geschiedenis-en-voor-en-tegenspoed\/#primaryimage\"},\"image\":{\"@id\":\"https:\/\/www.santjosep.net\/nl\/de-kerk-van-sant-agusti-200-jaar-geschiedenis-en-voor-en-tegenspoed\/#primaryimage\"},\"thumbnailUrl\":\"https:\/\/www.santjosep.net\/wp-content\/uploads\/2019\/12\/iglesiasanagustin.jpg\",\"datePublished\":\"2019-12-18T09:56:39+00:00\",\"dateModified\":\"2020-01-24T08:34:48+00:00\",\"author\":{\"@id\":\"https:\/\/www.santjosep.net\/#\/schema\/person\/b60e56f94e4e55776eb62bf4293f99b6\"},\"inLanguage\":\"nl-NL\",\"potentialAction\":[{\"@type\":\"ReadAction\",\"target\":[\"https:\/\/www.santjosep.net\/nl\/de-kerk-van-sant-agusti-200-jaar-geschiedenis-en-voor-en-tegenspoed\/\"]}]},{\"@type\":\"ImageObject\",\"inLanguage\":\"nl-NL\",\"@id\":\"https:\/\/www.santjosep.net\/nl\/de-kerk-van-sant-agusti-200-jaar-geschiedenis-en-voor-en-tegenspoed\/#primaryimage\",\"url\":\"https:\/\/www.santjosep.net\/wp-content\/uploads\/2019\/12\/iglesiasanagustin.jpg\",\"contentUrl\":\"https:\/\/www.santjosep.net\/wp-content\/uploads\/2019\/12\/iglesiasanagustin.jpg\",\"width\":2000,\"height\":1500},{\"@type\":\"WebSite\",\"@id\":\"https:\/\/www.santjosep.net\/#website\",\"url\":\"https:\/\/www.santjosep.net\/\",\"name\":\"Santjosep.net\",\"description\":\"\",\"potentialAction\":[{\"@type\":\"SearchAction\",\"target\":{\"@type\":\"EntryPoint\",\"urlTemplate\":\"https:\/\/www.santjosep.net\/?s={search_term_string}\"},\"query-input\":{\"@type\":\"PropertyValueSpecification\",\"valueRequired\":true,\"valueName\":\"search_term_string\"}}],\"inLanguage\":\"nl-NL\"},{\"@type\":\"Person\",\"@id\":\"https:\/\/www.santjosep.net\/#\/schema\/person\/b60e56f94e4e55776eb62bf4293f99b6\",\"name\":\"Sant Josep\",\"image\":{\"@type\":\"ImageObject\",\"inLanguage\":\"nl-NL\",\"@id\":\"https:\/\/www.santjosep.net\/#\/schema\/person\/image\/\",\"url\":\"https:\/\/secure.gravatar.com\/avatar\/2f4071817a97d2499c5aae9674ee15015b5a3c7c0974ca84f095a8e4aadcda56?s=96&d=mm&r=g\",\"contentUrl\":\"https:\/\/secure.gravatar.com\/avatar\/2f4071817a97d2499c5aae9674ee15015b5a3c7c0974ca84f095a8e4aadcda56?s=96&d=mm&r=g\",\"caption\":\"Sant Josep\"},\"url\":\"https:\/\/www.santjosep.net\/nl\/author\/fugrafic\/\"}]}<\/script>\n<!-- \/ Yoast SEO plugin. -->","yoast_head_json":{"title":"De kerk van Sant Agust\u00ed, 200 jaar geschiedenis en voor- en tegenspoed - Santjosep.net","robots":{"index":"index","follow":"follow","max-snippet":"max-snippet:-1","max-image-preview":"max-image-preview:large","max-video-preview":"max-video-preview:-1"},"canonical":"https:\/\/www.santjosep.net\/nl\/de-kerk-van-sant-agusti-200-jaar-geschiedenis-en-voor-en-tegenspoed\/","og_locale":"nl_NL","og_type":"article","og_title":"De kerk van Sant Agust\u00ed, 200 jaar geschiedenis en voor- en tegenspoed - Santjosep.net","og_description":"De kerk van Sant Agust\u00ed viert in 2019 haar tweehonderdjarig bestaan. Een geschiedenis vol voor- en tegenspoed die teruggaat tot 1788, het jaar waarin de eerste steen werd gelegd, en die, als eerste weetje, op een andere plaats stond dan [&hellip;]","og_url":"https:\/\/www.santjosep.net\/nl\/de-kerk-van-sant-agusti-200-jaar-geschiedenis-en-voor-en-tegenspoed\/","og_site_name":"Santjosep.net","article_published_time":"2019-12-18T09:56:39+00:00","article_modified_time":"2020-01-24T08:34:48+00:00","og_image":[{"width":2000,"height":1500,"url":"https:\/\/www.santjosep.net\/wp-content\/uploads\/2019\/12\/iglesiasanagustin.jpg","type":"image\/jpeg"}],"author":"Sant Josep","twitter_card":"summary_large_image","twitter_misc":{"Geschreven door":"Sant Josep","Geschatte leestijd":"5 minuten"},"schema":{"@context":"https:\/\/schema.org","@graph":[{"@type":"WebPage","@id":"https:\/\/www.santjosep.net\/nl\/de-kerk-van-sant-agusti-200-jaar-geschiedenis-en-voor-en-tegenspoed\/","url":"https:\/\/www.santjosep.net\/nl\/de-kerk-van-sant-agusti-200-jaar-geschiedenis-en-voor-en-tegenspoed\/","name":"De kerk van Sant Agust\u00ed, 200 jaar geschiedenis en voor- en tegenspoed - Santjosep.net","isPartOf":{"@id":"https:\/\/www.santjosep.net\/#website"},"primaryImageOfPage":{"@id":"https:\/\/www.santjosep.net\/nl\/de-kerk-van-sant-agusti-200-jaar-geschiedenis-en-voor-en-tegenspoed\/#primaryimage"},"image":{"@id":"https:\/\/www.santjosep.net\/nl\/de-kerk-van-sant-agusti-200-jaar-geschiedenis-en-voor-en-tegenspoed\/#primaryimage"},"thumbnailUrl":"https:\/\/www.santjosep.net\/wp-content\/uploads\/2019\/12\/iglesiasanagustin.jpg","datePublished":"2019-12-18T09:56:39+00:00","dateModified":"2020-01-24T08:34:48+00:00","author":{"@id":"https:\/\/www.santjosep.net\/#\/schema\/person\/b60e56f94e4e55776eb62bf4293f99b6"},"inLanguage":"nl-NL","potentialAction":[{"@type":"ReadAction","target":["https:\/\/www.santjosep.net\/nl\/de-kerk-van-sant-agusti-200-jaar-geschiedenis-en-voor-en-tegenspoed\/"]}]},{"@type":"ImageObject","inLanguage":"nl-NL","@id":"https:\/\/www.santjosep.net\/nl\/de-kerk-van-sant-agusti-200-jaar-geschiedenis-en-voor-en-tegenspoed\/#primaryimage","url":"https:\/\/www.santjosep.net\/wp-content\/uploads\/2019\/12\/iglesiasanagustin.jpg","contentUrl":"https:\/\/www.santjosep.net\/wp-content\/uploads\/2019\/12\/iglesiasanagustin.jpg","width":2000,"height":1500},{"@type":"WebSite","@id":"https:\/\/www.santjosep.net\/#website","url":"https:\/\/www.santjosep.net\/","name":"Santjosep.net","description":"","potentialAction":[{"@type":"SearchAction","target":{"@type":"EntryPoint","urlTemplate":"https:\/\/www.santjosep.net\/?s={search_term_string}"},"query-input":{"@type":"PropertyValueSpecification","valueRequired":true,"valueName":"search_term_string"}}],"inLanguage":"nl-NL"},{"@type":"Person","@id":"https:\/\/www.santjosep.net\/#\/schema\/person\/b60e56f94e4e55776eb62bf4293f99b6","name":"Sant Josep","image":{"@type":"ImageObject","inLanguage":"nl-NL","@id":"https:\/\/www.santjosep.net\/#\/schema\/person\/image\/","url":"https:\/\/secure.gravatar.com\/avatar\/2f4071817a97d2499c5aae9674ee15015b5a3c7c0974ca84f095a8e4aadcda56?s=96&d=mm&r=g","contentUrl":"https:\/\/secure.gravatar.com\/avatar\/2f4071817a97d2499c5aae9674ee15015b5a3c7c0974ca84f095a8e4aadcda56?s=96&d=mm&r=g","caption":"Sant Josep"},"url":"https:\/\/www.santjosep.net\/nl\/author\/fugrafic\/"}]}},"_links":{"self":[{"href":"https:\/\/www.santjosep.net\/nl\/wp-json\/wp\/v2\/posts\/19822","targetHints":{"allow":["GET"]}}],"collection":[{"href":"https:\/\/www.santjosep.net\/nl\/wp-json\/wp\/v2\/posts"}],"about":[{"href":"https:\/\/www.santjosep.net\/nl\/wp-json\/wp\/v2\/types\/post"}],"author":[{"embeddable":true,"href":"https:\/\/www.santjosep.net\/nl\/wp-json\/wp\/v2\/users\/1"}],"replies":[{"embeddable":true,"href":"https:\/\/www.santjosep.net\/nl\/wp-json\/wp\/v2\/comments?post=19822"}],"version-history":[{"count":0,"href":"https:\/\/www.santjosep.net\/nl\/wp-json\/wp\/v2\/posts\/19822\/revisions"}],"wp:featuredmedia":[{"embeddable":true,"href":"https:\/\/www.santjosep.net\/nl\/wp-json\/wp\/v2\/media\/21206"}],"wp:attachment":[{"href":"https:\/\/www.santjosep.net\/nl\/wp-json\/wp\/v2\/media?parent=19822"}],"wp:term":[{"taxonomy":"category","embeddable":true,"href":"https:\/\/www.santjosep.net\/nl\/wp-json\/wp\/v2\/categories?post=19822"},{"taxonomy":"post_tag","embeddable":true,"href":"https:\/\/www.santjosep.net\/nl\/wp-json\/wp\/v2\/tags?post=19822"}],"curies":[{"name":"wp","href":"https:\/\/api.w.org\/{rel}","templated":true}]}}