{"id":35386,"date":"2024-11-06T15:33:56","date_gmt":"2024-11-06T14:33:56","guid":{"rendered":"https:\/\/www.santjosep.net\/festival-de-fotografia-sant-josep-es-foto\/"},"modified":"2024-11-06T15:48:35","modified_gmt":"2024-11-06T14:48:35","slug":"photography-festival-san-josep-es-foto","status":"publish","type":"post","link":"https:\/\/www.santjosep.net\/en\/photography-festival-san-josep-es-foto\/","title":{"rendered":"Photography Festival \u201cSan Josep \u00e9s Foto\u201d"},"content":{"rendered":"<p>The \u201c<a href=\"https:\/\/www.santjosepesfoto.com\/en\/\">Sant Josep \u00e9s Foto<\/a>\u201d Festival makes photography the protagonist of the island of Ibiza. With a congress with renowned photographers who will share their experience, three photography exhibitions and a popular photography marathon, the festival invites professionals, amateurs and the general public to enjoy and explore photography in all its facets.<\/p>\n<p>A cultural meeting point where the passion for image is lived in every corner of San Josep. Don\u2019t miss it!<\/p>\n<h2><img loading=\"lazy\" decoding=\"async\" class=\"alignnone size-full wp-image-35371\" src=\"https:\/\/www.santjosep.net\/wp-content\/uploads\/2024\/11\/RR_05423-Editar.jpg\" alt=\"\" width=\"1500\" height=\"1000\" srcset=\"https:\/\/www.santjosep.net\/wp-content\/uploads\/2024\/11\/RR_05423-Editar.jpg 1500w, https:\/\/www.santjosep.net\/wp-content\/uploads\/2024\/11\/RR_05423-Editar-300x200.jpg 300w, https:\/\/www.santjosep.net\/wp-content\/uploads\/2024\/11\/RR_05423-Editar-1024x683.jpg 1024w, https:\/\/www.santjosep.net\/wp-content\/uploads\/2024\/11\/RR_05423-Editar-768x512.jpg 768w\" sizes=\"auto, (max-width: 1500px) 100vw, 1500px\" \/>Enjoy three unforgettable days on the island, surrounded by the best photographers<\/h2>\n<p>The heart of \u201cSant Josep \u00e9s Foto\u201d is the Photographic Congress, which will be held from April 11 to 13. For three days, participants will attend inspiring conferences in the new <a href=\"https:\/\/www.santjosep.net\/en\/mice\/\">Cal\u00f3 de s\u2019Oli Auditorium<\/a>, a spectacular space by the sea, where renowned photographers will share their experience and knowledge. In addition, photographic outings will be carried out to explore and capture the essence of the most emblematic corners of the south of Ibiza, offering a perfect opportunity to learn, connect and experience photography intensely. You can\u2019t miss it!<\/p>\n<p><a href=\"https:\/\/www.santjosepesfoto.com\/en\/#bsuscribete\">Subscribe<\/a> to our mailing list and stay up to date with all the news about the festival, upcoming events and how to be part of this unique experience.<\/p>\n<p><img loading=\"lazy\" decoding=\"async\" class=\"alignnone wp-image-35379 size-full\" src=\"https:\/\/www.santjosep.net\/wp-content\/uploads\/2024\/11\/IMG_5074.jpg\" alt=\"\" width=\"1200\" height=\"800\" srcset=\"https:\/\/www.santjosep.net\/wp-content\/uploads\/2024\/11\/IMG_5074.jpg 1200w, https:\/\/www.santjosep.net\/wp-content\/uploads\/2024\/11\/IMG_5074-300x200.jpg 300w, https:\/\/www.santjosep.net\/wp-content\/uploads\/2024\/11\/IMG_5074-1024x683.jpg 1024w, https:\/\/www.santjosep.net\/wp-content\/uploads\/2024\/11\/IMG_5074-768x512.jpg 768w\" sizes=\"auto, (max-width: 1200px) 100vw, 1200px\" \/><\/p>\n<h1>Sant Josep de Sa Talaia is the host of the Festival<\/h1>\n<p>This municipality is dotted with hidden coves, immense white sand beaches, breathtaking cliffs and sunrises and sunsets saturated with colour. It is also surrounded by a sea of islets that make for spectacular photographs, such as es Vedr\u00e0, sa Conillera, s\u2019Illa des Bosc, s\u2019Espartar or ses Bledes.<\/p>\n<p>In addition, it has the only natural park on the island, with 2,500-year-old salt flats, a Phoenician village declared a World Heritage Site, defense towers, charming villages, whitewashed churches and unique rural architecture, whose brilliance stands out among plowed fields and pine forests. Sant Josep, in short, is the ideal place to capture the essence of the Mediterranean in all its splendour.<\/p>\n","protected":false},"excerpt":{"rendered":"<p>The \u201cSant Josep \u00e9s Foto\u201d Festival makes photography the protagonist of the island of Ibiza. With a congress with renowned photographers who will share their experience, three photography exhibitions and a popular photography marathon, the festival invites professionals, amateurs and [&hellip;]<\/p>\n","protected":false},"author":1,"featured_media":35369,"comment_status":"open","ping_status":"open","sticky":false,"template":"","format":"standard","meta":{"_acf_changed":false,"inline_featured_image":false,"footnotes":""},"categories":[95],"tags":[],"class_list":["post-35386","post","type-post","status-publish","format-standard","has-post-thumbnail","hentry","category-events-en"],"acf":[],"geo":null,"yoast_head":"<!-- This site is optimized with the Yoast SEO plugin v25.7 - https:\/\/yoast.com\/wordpress\/plugins\/seo\/ -->\n<title>Photography Festival \u201cSan Josep \u00e9s Foto\u201d - Santjosep.net<\/title>\n<meta name=\"description\" content=\"El Festival \u201cSant Josep \u00e9s Foto\u201d convierte a la fotograf\u00eda en protagonista de la isla de Ibiza. Con un congreso con reconocidos fot\u00f3grafos que compartir\u00e1n su experiencia, tres exposiciones fotogr\u00e1ficas y una marat\u00f3n fotogr\u00e1fica popular\" \/>\n<meta name=\"robots\" content=\"index, follow, max-snippet:-1, max-image-preview:large, max-video-preview:-1\" \/>\n<link rel=\"canonical\" href=\"https:\/\/www.santjosep.net\/en\/photography-festival-san-josep-es-foto\/\" \/>\n<meta property=\"og:locale\" content=\"en_US\" \/>\n<meta property=\"og:type\" content=\"article\" \/>\n<meta property=\"og:title\" content=\"Photography Festival \u201cSan Josep \u00e9s Foto\u201d - Santjosep.net\" \/>\n<meta property=\"og:description\" content=\"El Festival \u201cSant Josep \u00e9s Foto\u201d convierte a la fotograf\u00eda en protagonista de la isla de Ibiza. Con un congreso con reconocidos fot\u00f3grafos que compartir\u00e1n su experiencia, tres exposiciones fotogr\u00e1ficas y una marat\u00f3n fotogr\u00e1fica popular\" \/>\n<meta property=\"og:url\" content=\"https:\/\/www.santjosep.net\/en\/photography-festival-san-josep-es-foto\/\" \/>\n<meta property=\"og:site_name\" content=\"Santjosep.net\" \/>\n<meta property=\"article:published_time\" content=\"2024-11-06T14:33:56+00:00\" \/>\n<meta property=\"article:modified_time\" content=\"2024-11-06T14:48:35+00:00\" \/>\n<meta property=\"og:image\" content=\"https:\/\/www.santjosep.net\/wp-content\/uploads\/2024\/11\/shutterstock_289575698-1.jpg\" \/>\n\t<meta property=\"og:image:width\" content=\"1000\" \/>\n\t<meta property=\"og:image:height\" content=\"664\" \/>\n\t<meta property=\"og:image:type\" content=\"image\/jpeg\" \/>\n<meta name=\"author\" content=\"Sant Josep\" \/>\n<meta name=\"twitter:card\" content=\"summary_large_image\" \/>\n<meta name=\"twitter:label1\" content=\"Written by\" \/>\n\t<meta name=\"twitter:data1\" content=\"Sant Josep\" \/>\n\t<meta name=\"twitter:label2\" content=\"Est. reading time\" \/>\n\t<meta name=\"twitter:data2\" content=\"2 minutes\" \/>\n<script type=\"application\/ld+json\" class=\"yoast-schema-graph\">{\"@context\":\"https:\/\/schema.org\",\"@graph\":[{\"@type\":\"WebPage\",\"@id\":\"https:\/\/www.santjosep.net\/en\/photography-festival-san-josep-es-foto\/\",\"url\":\"https:\/\/www.santjosep.net\/en\/photography-festival-san-josep-es-foto\/\",\"name\":\"Photography Festival \u201cSan Josep \u00e9s Foto\u201d - Santjosep.net\",\"isPartOf\":{\"@id\":\"https:\/\/www.santjosep.net\/#website\"},\"primaryImageOfPage\":{\"@id\":\"https:\/\/www.santjosep.net\/en\/photography-festival-san-josep-es-foto\/#primaryimage\"},\"image\":{\"@id\":\"https:\/\/www.santjosep.net\/en\/photography-festival-san-josep-es-foto\/#primaryimage\"},\"thumbnailUrl\":\"https:\/\/www.santjosep.net\/wp-content\/uploads\/2024\/11\/shutterstock_289575698-1.jpg\",\"datePublished\":\"2024-11-06T14:33:56+00:00\",\"dateModified\":\"2024-11-06T14:48:35+00:00\",\"author\":{\"@id\":\"https:\/\/www.santjosep.net\/#\/schema\/person\/b60e56f94e4e55776eb62bf4293f99b6\"},\"description\":\"El Festival \u201cSant Josep \u00e9s Foto\u201d convierte a la fotograf\u00eda en protagonista de la isla de Ibiza. Con un congreso con reconocidos fot\u00f3grafos que compartir\u00e1n su experiencia, tres exposiciones fotogr\u00e1ficas y una marat\u00f3n fotogr\u00e1fica popular\",\"inLanguage\":\"en-US\",\"potentialAction\":[{\"@type\":\"ReadAction\",\"target\":[\"https:\/\/www.santjosep.net\/en\/photography-festival-san-josep-es-foto\/\"]}]},{\"@type\":\"ImageObject\",\"inLanguage\":\"en-US\",\"@id\":\"https:\/\/www.santjosep.net\/en\/photography-festival-san-josep-es-foto\/#primaryimage\",\"url\":\"https:\/\/www.santjosep.net\/wp-content\/uploads\/2024\/11\/shutterstock_289575698-1.jpg\",\"contentUrl\":\"https:\/\/www.santjosep.net\/wp-content\/uploads\/2024\/11\/shutterstock_289575698-1.jpg\",\"width\":1000,\"height\":664},{\"@type\":\"WebSite\",\"@id\":\"https:\/\/www.santjosep.net\/#website\",\"url\":\"https:\/\/www.santjosep.net\/\",\"name\":\"Santjosep.net\",\"description\":\"\",\"potentialAction\":[{\"@type\":\"SearchAction\",\"target\":{\"@type\":\"EntryPoint\",\"urlTemplate\":\"https:\/\/www.santjosep.net\/?s={search_term_string}\"},\"query-input\":{\"@type\":\"PropertyValueSpecification\",\"valueRequired\":true,\"valueName\":\"search_term_string\"}}],\"inLanguage\":\"en-US\"},{\"@type\":\"Person\",\"@id\":\"https:\/\/www.santjosep.net\/#\/schema\/person\/b60e56f94e4e55776eb62bf4293f99b6\",\"name\":\"Sant Josep\",\"image\":{\"@type\":\"ImageObject\",\"inLanguage\":\"en-US\",\"@id\":\"https:\/\/www.santjosep.net\/#\/schema\/person\/image\/\",\"url\":\"https:\/\/secure.gravatar.com\/avatar\/2f4071817a97d2499c5aae9674ee15015b5a3c7c0974ca84f095a8e4aadcda56?s=96&d=mm&r=g\",\"contentUrl\":\"https:\/\/secure.gravatar.com\/avatar\/2f4071817a97d2499c5aae9674ee15015b5a3c7c0974ca84f095a8e4aadcda56?s=96&d=mm&r=g\",\"caption\":\"Sant Josep\"},\"url\":\"https:\/\/www.santjosep.net\/en\/author\/fugrafic\/\"}]}<\/script>\n<!-- \/ Yoast SEO plugin. -->","yoast_head_json":{"title":"Photography Festival \u201cSan Josep \u00e9s Foto\u201d - Santjosep.net","description":"El Festival \u201cSant Josep \u00e9s Foto\u201d convierte a la fotograf\u00eda en protagonista de la isla de Ibiza. Con un congreso con reconocidos fot\u00f3grafos que compartir\u00e1n su experiencia, tres exposiciones fotogr\u00e1ficas y una marat\u00f3n fotogr\u00e1fica popular","robots":{"index":"index","follow":"follow","max-snippet":"max-snippet:-1","max-image-preview":"max-image-preview:large","max-video-preview":"max-video-preview:-1"},"canonical":"https:\/\/www.santjosep.net\/en\/photography-festival-san-josep-es-foto\/","og_locale":"en_US","og_type":"article","og_title":"Photography Festival \u201cSan Josep \u00e9s Foto\u201d - Santjosep.net","og_description":"El Festival \u201cSant Josep \u00e9s Foto\u201d convierte a la fotograf\u00eda en protagonista de la isla de Ibiza. Con un congreso con reconocidos fot\u00f3grafos que compartir\u00e1n su experiencia, tres exposiciones fotogr\u00e1ficas y una marat\u00f3n fotogr\u00e1fica popular","og_url":"https:\/\/www.santjosep.net\/en\/photography-festival-san-josep-es-foto\/","og_site_name":"Santjosep.net","article_published_time":"2024-11-06T14:33:56+00:00","article_modified_time":"2024-11-06T14:48:35+00:00","og_image":[{"width":1000,"height":664,"url":"https:\/\/www.santjosep.net\/wp-content\/uploads\/2024\/11\/shutterstock_289575698-1.jpg","type":"image\/jpeg"}],"author":"Sant Josep","twitter_card":"summary_large_image","twitter_misc":{"Written by":"Sant Josep","Est. reading time":"2 minutes"},"schema":{"@context":"https:\/\/schema.org","@graph":[{"@type":"WebPage","@id":"https:\/\/www.santjosep.net\/en\/photography-festival-san-josep-es-foto\/","url":"https:\/\/www.santjosep.net\/en\/photography-festival-san-josep-es-foto\/","name":"Photography Festival \u201cSan Josep \u00e9s Foto\u201d - Santjosep.net","isPartOf":{"@id":"https:\/\/www.santjosep.net\/#website"},"primaryImageOfPage":{"@id":"https:\/\/www.santjosep.net\/en\/photography-festival-san-josep-es-foto\/#primaryimage"},"image":{"@id":"https:\/\/www.santjosep.net\/en\/photography-festival-san-josep-es-foto\/#primaryimage"},"thumbnailUrl":"https:\/\/www.santjosep.net\/wp-content\/uploads\/2024\/11\/shutterstock_289575698-1.jpg","datePublished":"2024-11-06T14:33:56+00:00","dateModified":"2024-11-06T14:48:35+00:00","author":{"@id":"https:\/\/www.santjosep.net\/#\/schema\/person\/b60e56f94e4e55776eb62bf4293f99b6"},"description":"El Festival \u201cSant Josep \u00e9s Foto\u201d convierte a la fotograf\u00eda en protagonista de la isla de Ibiza. Con un congreso con reconocidos fot\u00f3grafos que compartir\u00e1n su experiencia, tres exposiciones fotogr\u00e1ficas y una marat\u00f3n fotogr\u00e1fica popular","inLanguage":"en-US","potentialAction":[{"@type":"ReadAction","target":["https:\/\/www.santjosep.net\/en\/photography-festival-san-josep-es-foto\/"]}]},{"@type":"ImageObject","inLanguage":"en-US","@id":"https:\/\/www.santjosep.net\/en\/photography-festival-san-josep-es-foto\/#primaryimage","url":"https:\/\/www.santjosep.net\/wp-content\/uploads\/2024\/11\/shutterstock_289575698-1.jpg","contentUrl":"https:\/\/www.santjosep.net\/wp-content\/uploads\/2024\/11\/shutterstock_289575698-1.jpg","width":1000,"height":664},{"@type":"WebSite","@id":"https:\/\/www.santjosep.net\/#website","url":"https:\/\/www.santjosep.net\/","name":"Santjosep.net","description":"","potentialAction":[{"@type":"SearchAction","target":{"@type":"EntryPoint","urlTemplate":"https:\/\/www.santjosep.net\/?s={search_term_string}"},"query-input":{"@type":"PropertyValueSpecification","valueRequired":true,"valueName":"search_term_string"}}],"inLanguage":"en-US"},{"@type":"Person","@id":"https:\/\/www.santjosep.net\/#\/schema\/person\/b60e56f94e4e55776eb62bf4293f99b6","name":"Sant Josep","image":{"@type":"ImageObject","inLanguage":"en-US","@id":"https:\/\/www.santjosep.net\/#\/schema\/person\/image\/","url":"https:\/\/secure.gravatar.com\/avatar\/2f4071817a97d2499c5aae9674ee15015b5a3c7c0974ca84f095a8e4aadcda56?s=96&d=mm&r=g","contentUrl":"https:\/\/secure.gravatar.com\/avatar\/2f4071817a97d2499c5aae9674ee15015b5a3c7c0974ca84f095a8e4aadcda56?s=96&d=mm&r=g","caption":"Sant Josep"},"url":"https:\/\/www.santjosep.net\/en\/author\/fugrafic\/"}]}},"_links":{"self":[{"href":"https:\/\/www.santjosep.net\/en\/wp-json\/wp\/v2\/posts\/35386","targetHints":{"allow":["GET"]}}],"collection":[{"href":"https:\/\/www.santjosep.net\/en\/wp-json\/wp\/v2\/posts"}],"about":[{"href":"https:\/\/www.santjosep.net\/en\/wp-json\/wp\/v2\/types\/post"}],"author":[{"embeddable":true,"href":"https:\/\/www.santjosep.net\/en\/wp-json\/wp\/v2\/users\/1"}],"replies":[{"embeddable":true,"href":"https:\/\/www.santjosep.net\/en\/wp-json\/wp\/v2\/comments?post=35386"}],"version-history":[{"count":0,"href":"https:\/\/www.santjosep.net\/en\/wp-json\/wp\/v2\/posts\/35386\/revisions"}],"wp:featuredmedia":[{"embeddable":true,"href":"https:\/\/www.santjosep.net\/en\/wp-json\/wp\/v2\/media\/35369"}],"wp:attachment":[{"href":"https:\/\/www.santjosep.net\/en\/wp-json\/wp\/v2\/media?parent=35386"}],"wp:term":[{"taxonomy":"category","embeddable":true,"href":"https:\/\/www.santjosep.net\/en\/wp-json\/wp\/v2\/categories?post=35386"},{"taxonomy":"post_tag","embeddable":true,"href":"https:\/\/www.santjosep.net\/en\/wp-json\/wp\/v2\/tags?post=35386"}],"curies":[{"name":"wp","href":"https:\/\/api.w.org\/{rel}","templated":true}]}}