{"id":9640,"date":"2017-06-23T10:51:09","date_gmt":"2017-06-23T10:51:09","guid":{"rendered":"https:\/\/www.santjosep.net\/de\/ses_boques_video\/"},"modified":"2020-01-22T11:02:53","modified_gmt":"2020-01-22T10:02:53","slug":"ses_boques_video","status":"publish","type":"post","link":"https:\/\/www.santjosep.net\/de\/ses_boques_video\/","title":{"rendered":"Ses Boques in Sant Josep, Ibiza"},"content":{"rendered":"<p><strong>Ses Boques<\/strong> ist ein ruhiger Kieselstrand, der unterhalb der Steilk\u00fcste von <strong>Es Cubells<\/strong> liegt. Er sticht durch seine geringe Gr\u00f6\u00dfe und seine wilde Landschaft hervor, was zusammen ein einzigartiges Naturschauspiel abgibt. Durch seine ungesch\u00fctzte Lage am offenen Meer findet man an diesem Strand fast immer Wellengang, was seiner nat\u00fcrlichen Sch\u00f6nheit keinen Abbruch tut. Baden ist trotzdem m\u00f6glich. Er ist umgeben von Nadelb\u00e4umen, die entlang der Steilk\u00fcste wachsen und am linken Ende der kleinen Bucht lassen sich einige <strong>Fischerh\u00fctten ausmachen<\/strong>.<br \/>\nEin idyllischer Ort, an den man sich an hei\u00dfen Tagen zur\u00fcckziehen und den Menschenmassen der anderen Str\u00e4nde der Gegend entfliehen kann. Klicken sie <a href=\"\/?p=5421\">hier<\/a> f\u00fcr weitere Informationen zu diesem h\u00fcbschen Fleckchen Meer und Strand.<\/p>\n<p>&nbsp;<\/p>\n","protected":false},"excerpt":{"rendered":"<p>Ses Boques ist ein ruhiger Kieselstrand, der unterhalb der Steilk\u00fcste von Es Cubells liegt. Er sticht durch seine geringe Gr\u00f6\u00dfe und seine wilde Landschaft hervor, was zusammen ein einzigartiges Naturschauspiel abgibt. Durch seine ungesch\u00fctzte Lage am offenen Meer findet man [&hellip;]<\/p>\n","protected":false},"author":1,"featured_media":21498,"comment_status":"open","ping_status":"open","sticky":false,"template":"","format":"video","meta":{"_acf_changed":false,"inline_featured_image":false,"footnotes":""},"categories":[157,173,155],"tags":[],"class_list":["post-9640","post","type-post","status-publish","format-video","has-post-thumbnail","hentry","category-landstrich","category-straende","category-video-de","post_format-post-format-video"],"acf":[],"geo":null,"yoast_head":"<!-- This site is optimized with the Yoast SEO plugin v25.7 - https:\/\/yoast.com\/wordpress\/plugins\/seo\/ -->\n<title>Ses Boques in Sant Josep, Ibiza - Santjosep.net<\/title>\n<meta name=\"robots\" content=\"index, follow, max-snippet:-1, max-image-preview:large, max-video-preview:-1\" \/>\n<link rel=\"canonical\" href=\"https:\/\/www.santjosep.net\/de\/ses_boques_video\/\" \/>\n<meta property=\"og:locale\" content=\"de_DE\" \/>\n<meta property=\"og:type\" content=\"article\" \/>\n<meta property=\"og:title\" content=\"Ses Boques in Sant Josep, Ibiza - Santjosep.net\" \/>\n<meta property=\"og:description\" content=\"Ses Boques ist ein ruhiger Kieselstrand, der unterhalb der Steilk\u00fcste von Es Cubells liegt. Er sticht durch seine geringe Gr\u00f6\u00dfe und seine wilde Landschaft hervor, was zusammen ein einzigartiges Naturschauspiel abgibt. Durch seine ungesch\u00fctzte Lage am offenen Meer findet man [&hellip;]\" \/>\n<meta property=\"og:url\" content=\"https:\/\/www.santjosep.net\/de\/ses_boques_video\/\" \/>\n<meta property=\"og:site_name\" content=\"Santjosep.net\" \/>\n<meta property=\"article:published_time\" content=\"2017-06-23T10:51:09+00:00\" \/>\n<meta property=\"article:modified_time\" content=\"2020-01-22T10:02:53+00:00\" \/>\n<meta property=\"og:image\" content=\"https:\/\/www.santjosep.net\/wp-content\/uploads\/2017\/06\/cover_videos_0006_P1170132.jpg\" \/>\n\t<meta property=\"og:image:width\" content=\"890\" \/>\n\t<meta property=\"og:image:height\" content=\"667\" \/>\n\t<meta property=\"og:image:type\" content=\"image\/jpeg\" \/>\n<meta name=\"author\" content=\"Sant Josep\" \/>\n<meta name=\"twitter:card\" content=\"summary_large_image\" \/>\n<meta name=\"twitter:label1\" content=\"Verfasst von\" \/>\n\t<meta name=\"twitter:data1\" content=\"Sant Josep\" \/>\n\t<meta name=\"twitter:label2\" content=\"Gesch\u00e4tzte Lesezeit\" \/>\n\t<meta name=\"twitter:data2\" content=\"1\u00a0Minute\" \/>\n<script type=\"application\/ld+json\" class=\"yoast-schema-graph\">{\"@context\":\"https:\/\/schema.org\",\"@graph\":[{\"@type\":\"WebPage\",\"@id\":\"https:\/\/www.santjosep.net\/de\/ses_boques_video\/\",\"url\":\"https:\/\/www.santjosep.net\/de\/ses_boques_video\/\",\"name\":\"Ses Boques in Sant Josep, Ibiza - Santjosep.net\",\"isPartOf\":{\"@id\":\"https:\/\/www.santjosep.net\/#website\"},\"primaryImageOfPage\":{\"@id\":\"https:\/\/www.santjosep.net\/de\/ses_boques_video\/#primaryimage\"},\"image\":{\"@id\":\"https:\/\/www.santjosep.net\/de\/ses_boques_video\/#primaryimage\"},\"thumbnailUrl\":\"https:\/\/www.santjosep.net\/wp-content\/uploads\/2017\/06\/cover_videos_0006_P1170132.jpg\",\"datePublished\":\"2017-06-23T10:51:09+00:00\",\"dateModified\":\"2020-01-22T10:02:53+00:00\",\"author\":{\"@id\":\"https:\/\/www.santjosep.net\/#\/schema\/person\/b60e56f94e4e55776eb62bf4293f99b6\"},\"inLanguage\":\"de\",\"potentialAction\":[{\"@type\":\"ReadAction\",\"target\":[\"https:\/\/www.santjosep.net\/de\/ses_boques_video\/\"]}]},{\"@type\":\"ImageObject\",\"inLanguage\":\"de\",\"@id\":\"https:\/\/www.santjosep.net\/de\/ses_boques_video\/#primaryimage\",\"url\":\"https:\/\/www.santjosep.net\/wp-content\/uploads\/2017\/06\/cover_videos_0006_P1170132.jpg\",\"contentUrl\":\"https:\/\/www.santjosep.net\/wp-content\/uploads\/2017\/06\/cover_videos_0006_P1170132.jpg\",\"width\":890,\"height\":667},{\"@type\":\"WebSite\",\"@id\":\"https:\/\/www.santjosep.net\/#website\",\"url\":\"https:\/\/www.santjosep.net\/\",\"name\":\"Santjosep.net\",\"description\":\"\",\"potentialAction\":[{\"@type\":\"SearchAction\",\"target\":{\"@type\":\"EntryPoint\",\"urlTemplate\":\"https:\/\/www.santjosep.net\/?s={search_term_string}\"},\"query-input\":{\"@type\":\"PropertyValueSpecification\",\"valueRequired\":true,\"valueName\":\"search_term_string\"}}],\"inLanguage\":\"de\"},{\"@type\":\"Person\",\"@id\":\"https:\/\/www.santjosep.net\/#\/schema\/person\/b60e56f94e4e55776eb62bf4293f99b6\",\"name\":\"Sant Josep\",\"image\":{\"@type\":\"ImageObject\",\"inLanguage\":\"de\",\"@id\":\"https:\/\/www.santjosep.net\/#\/schema\/person\/image\/\",\"url\":\"https:\/\/secure.gravatar.com\/avatar\/2f4071817a97d2499c5aae9674ee15015b5a3c7c0974ca84f095a8e4aadcda56?s=96&d=mm&r=g\",\"contentUrl\":\"https:\/\/secure.gravatar.com\/avatar\/2f4071817a97d2499c5aae9674ee15015b5a3c7c0974ca84f095a8e4aadcda56?s=96&d=mm&r=g\",\"caption\":\"Sant Josep\"},\"url\":\"https:\/\/www.santjosep.net\/de\/author\/fugrafic\/\"}]}<\/script>\n<!-- \/ Yoast SEO plugin. -->","yoast_head_json":{"title":"Ses Boques in Sant Josep, Ibiza - Santjosep.net","robots":{"index":"index","follow":"follow","max-snippet":"max-snippet:-1","max-image-preview":"max-image-preview:large","max-video-preview":"max-video-preview:-1"},"canonical":"https:\/\/www.santjosep.net\/de\/ses_boques_video\/","og_locale":"de_DE","og_type":"article","og_title":"Ses Boques in Sant Josep, Ibiza - Santjosep.net","og_description":"Ses Boques ist ein ruhiger Kieselstrand, der unterhalb der Steilk\u00fcste von Es Cubells liegt. Er sticht durch seine geringe Gr\u00f6\u00dfe und seine wilde Landschaft hervor, was zusammen ein einzigartiges Naturschauspiel abgibt. Durch seine ungesch\u00fctzte Lage am offenen Meer findet man [&hellip;]","og_url":"https:\/\/www.santjosep.net\/de\/ses_boques_video\/","og_site_name":"Santjosep.net","article_published_time":"2017-06-23T10:51:09+00:00","article_modified_time":"2020-01-22T10:02:53+00:00","og_image":[{"width":890,"height":667,"url":"https:\/\/www.santjosep.net\/wp-content\/uploads\/2017\/06\/cover_videos_0006_P1170132.jpg","type":"image\/jpeg"}],"author":"Sant Josep","twitter_card":"summary_large_image","twitter_misc":{"Verfasst von":"Sant Josep","Gesch\u00e4tzte Lesezeit":"1\u00a0Minute"},"schema":{"@context":"https:\/\/schema.org","@graph":[{"@type":"WebPage","@id":"https:\/\/www.santjosep.net\/de\/ses_boques_video\/","url":"https:\/\/www.santjosep.net\/de\/ses_boques_video\/","name":"Ses Boques in Sant Josep, Ibiza - Santjosep.net","isPartOf":{"@id":"https:\/\/www.santjosep.net\/#website"},"primaryImageOfPage":{"@id":"https:\/\/www.santjosep.net\/de\/ses_boques_video\/#primaryimage"},"image":{"@id":"https:\/\/www.santjosep.net\/de\/ses_boques_video\/#primaryimage"},"thumbnailUrl":"https:\/\/www.santjosep.net\/wp-content\/uploads\/2017\/06\/cover_videos_0006_P1170132.jpg","datePublished":"2017-06-23T10:51:09+00:00","dateModified":"2020-01-22T10:02:53+00:00","author":{"@id":"https:\/\/www.santjosep.net\/#\/schema\/person\/b60e56f94e4e55776eb62bf4293f99b6"},"inLanguage":"de","potentialAction":[{"@type":"ReadAction","target":["https:\/\/www.santjosep.net\/de\/ses_boques_video\/"]}]},{"@type":"ImageObject","inLanguage":"de","@id":"https:\/\/www.santjosep.net\/de\/ses_boques_video\/#primaryimage","url":"https:\/\/www.santjosep.net\/wp-content\/uploads\/2017\/06\/cover_videos_0006_P1170132.jpg","contentUrl":"https:\/\/www.santjosep.net\/wp-content\/uploads\/2017\/06\/cover_videos_0006_P1170132.jpg","width":890,"height":667},{"@type":"WebSite","@id":"https:\/\/www.santjosep.net\/#website","url":"https:\/\/www.santjosep.net\/","name":"Santjosep.net","description":"","potentialAction":[{"@type":"SearchAction","target":{"@type":"EntryPoint","urlTemplate":"https:\/\/www.santjosep.net\/?s={search_term_string}"},"query-input":{"@type":"PropertyValueSpecification","valueRequired":true,"valueName":"search_term_string"}}],"inLanguage":"de"},{"@type":"Person","@id":"https:\/\/www.santjosep.net\/#\/schema\/person\/b60e56f94e4e55776eb62bf4293f99b6","name":"Sant Josep","image":{"@type":"ImageObject","inLanguage":"de","@id":"https:\/\/www.santjosep.net\/#\/schema\/person\/image\/","url":"https:\/\/secure.gravatar.com\/avatar\/2f4071817a97d2499c5aae9674ee15015b5a3c7c0974ca84f095a8e4aadcda56?s=96&d=mm&r=g","contentUrl":"https:\/\/secure.gravatar.com\/avatar\/2f4071817a97d2499c5aae9674ee15015b5a3c7c0974ca84f095a8e4aadcda56?s=96&d=mm&r=g","caption":"Sant Josep"},"url":"https:\/\/www.santjosep.net\/de\/author\/fugrafic\/"}]}},"_links":{"self":[{"href":"https:\/\/www.santjosep.net\/de\/wp-json\/wp\/v2\/posts\/9640","targetHints":{"allow":["GET"]}}],"collection":[{"href":"https:\/\/www.santjosep.net\/de\/wp-json\/wp\/v2\/posts"}],"about":[{"href":"https:\/\/www.santjosep.net\/de\/wp-json\/wp\/v2\/types\/post"}],"author":[{"embeddable":true,"href":"https:\/\/www.santjosep.net\/de\/wp-json\/wp\/v2\/users\/1"}],"replies":[{"embeddable":true,"href":"https:\/\/www.santjosep.net\/de\/wp-json\/wp\/v2\/comments?post=9640"}],"version-history":[{"count":0,"href":"https:\/\/www.santjosep.net\/de\/wp-json\/wp\/v2\/posts\/9640\/revisions"}],"wp:featuredmedia":[{"embeddable":true,"href":"https:\/\/www.santjosep.net\/de\/wp-json\/wp\/v2\/media\/21498"}],"wp:attachment":[{"href":"https:\/\/www.santjosep.net\/de\/wp-json\/wp\/v2\/media?parent=9640"}],"wp:term":[{"taxonomy":"category","embeddable":true,"href":"https:\/\/www.santjosep.net\/de\/wp-json\/wp\/v2\/categories?post=9640"},{"taxonomy":"post_tag","embeddable":true,"href":"https:\/\/www.santjosep.net\/de\/wp-json\/wp\/v2\/tags?post=9640"}],"curies":[{"name":"wp","href":"https:\/\/api.w.org\/{rel}","templated":true}]}}