{"id":8923,"date":"2016-06-15T16:02:44","date_gmt":"2016-06-15T16:02:44","guid":{"rendered":"https:\/\/www.santjosep.net\/de\/paseo-desde-bol-nou-hasta-es-codolar\/"},"modified":"2020-01-22T11:22:44","modified_gmt":"2020-01-22T10:22:44","slug":"paseo-desde-bol-nou-hasta-es-codolar","status":"publish","type":"post","link":"https:\/\/www.santjosep.net\/de\/paseo-desde-bol-nou-hasta-es-codolar\/","title":{"rendered":"Ein Spaziergang von Es Bol Nou nach Es Codolar"},"content":{"rendered":"<p>Auf Ibizas unz\u00e4hligen Wanderwegen kann man sich wunderbar bei einem Spaziergang am Meer verlieren oder ausgiebig Streifz\u00fcge durch die atemberaubende Landschaft unternehmen. Besonders in Sant Josep findet man sie noch, diese verborgenen Ecken, wie den K\u00fcstenabschnitt Sa Caleta, der nicht nur zum Wandern einl\u00e4dt, sondern Sie auch auf eine Entdeckungsreise durch die Geschichte Ibizas und Formenteras mitnimmt.<\/p>\n<p>&nbsp;<\/p>\n<p>Hier befinden sich die \u00dcberreste der ersten ph\u00f6nizischen Siedlung der Insel, deren Bewohner wohl die Ersten waren, die den beeindruckenden Ausblick auf den Klippen genie\u00dfen konnten. Lassen auch Sie sich auf einer der sch\u00f6nsten Wanderstrecken Ibizas in die Vergangenheit entf\u00fchren und verlieben Sie sich in die Westk\u00fcste von Sant Josep.<\/p>\n<p><iframe loading=\"lazy\" src=\"https:\/\/www.google.com\/maps\/d\/embed?mid=1hb9s6A1oHrAiWWAEHa7Ntvm_kGA\" width=\"750\" height=\"480\"><\/iframe><\/p>\n<h2>Stra\u00dfenkarte<\/h2>\n<p><strong>Schwierigkeit<\/strong><br \/>\n<strong>Entfernung:<\/strong> 1,87 km.<br \/>\n<strong>Gesch\u00e4tzte Zeit:<\/strong> 1,5 Stunden (Ida).<br \/>\n<strong>Empfehlungen:<\/strong> Tragen Sie Sportschuhe, Sportbekleidung und Wasser.<\/p>\n<div id=\"new-royalslider-54\" class=\"royalSlider new-royalslider-54 rsDefaultInv rs-default-template\" style=\"width:100%;height:533px;;\" data-rs-options='{&quot;template&quot;:&quot;default&quot;,&quot;image_generation&quot;:{&quot;imageWidth&quot;:&quot;&quot;,&quot;imageHeight&quot;:&quot;&quot;,&quot;thumbImageWidth&quot;:&quot;&quot;,&quot;thumbImageHeight&quot;:&quot;&quot;},&quot;thumbs&quot;:{&quot;thumbWidth&quot;:96,&quot;thumbHeight&quot;:72},&quot;autoPlay&quot;:{&quot;delay&quot;:5000},&quot;block&quot;:{&quot;moveOffset&quot;:20,&quot;speed&quot;:400,&quot;delay&quot;:200},&quot;width&quot;:&quot;100%&quot;,&quot;height&quot;:533,&quot;autoScaleSlider&quot;:&quot;true&quot;,&quot;autoScaleSliderHeight&quot;:533,&quot;imageScaleMode&quot;:&quot;fill&quot;,&quot;imageScalePadding&quot;:0,&quot;arrowsNavAutoHide&quot;:&quot;false&quot;}'>\n<div class=\"rsContent\">\n  <img decoding=\"async\" class=\"rsImg\" src=\"https:\/\/www.santjosep.net\/wp-content\/uploads\/2016\/06\/IMG_2545-1024x683.jpg\" alt=\"IMG_2545\"\/>\n  \n  \n  \n<\/div>\n<div class=\"rsContent\">\n  <img decoding=\"async\" class=\"rsImg\" src=\"https:\/\/www.santjosep.net\/wp-content\/uploads\/2016\/06\/IMG_2526-1024x683.jpg\" alt=\"IMG_2526\"\/>\n  \n  \n  \n<\/div>\n<div class=\"rsContent\">\n  <img decoding=\"async\" class=\"rsImg\" src=\"https:\/\/www.santjosep.net\/wp-content\/uploads\/2016\/06\/IMG_2564-1024x683.jpg\" alt=\"IMG_2564\"\/>\n  \n  \n  \n<\/div>\n<div class=\"rsContent\">\n  <img decoding=\"async\" class=\"rsImg\" src=\"https:\/\/www.santjosep.net\/wp-content\/uploads\/2016\/06\/P1030114-1024x768.jpg\" alt=\"P1030114\"\/>\n  \n  \n  \n<\/div>\n<div class=\"rsContent\">\n  <img decoding=\"async\" class=\"rsImg\" src=\"https:\/\/www.santjosep.net\/wp-content\/uploads\/2016\/06\/IMG_2569-1024x683.jpg\" alt=\"IMG_2569\"\/>\n  \n  \n  \n<\/div>\n\n<\/div>\n<br \/>\n[su_row] \u00a0 \u00a0[\/su_row]<\/p>\n<h2>Strand\u00a0Es Bol Nou<\/h2>\n<p>Der Weg startet in einer Gegend, die gemeinhin als Sa Caleta bekannt ist, doch die eigentliche Besucherattraktion ist der Sandstrand Es Bol Nou unterhalb der rostroten Steilk\u00fcste. Von hier aus f\u00fchrt der Weg nach Punta des Jondal zum n\u00e4chsten, weiter n\u00f6rdlich gelegenen Strand Cala Jondal. Es Bol Nou bietet dem Betrachter ein au\u00dfergew\u00f6hnliches, kontrastreiches Farbenspiel zwischen dem flachen, t\u00fcrkisblauen Wasser und der roten Tonerde der Klippe, die sich weiter unten im hellen Sand verl\u00e4uft. Dieser paradiesische Ort l\u00e4dt zum Verweilen und Baden im flachen Wasser ein, bevor man zu einem Spaziergang durch die umliegende Landschaft aufbricht.<\/p>\n<div id=\"new-royalslider-55\" class=\"royalSlider new-royalslider-55 rsDefaultInv rs-default-template\" style=\"width:100%;height:533px;;\" data-rs-options='{&quot;template&quot;:&quot;default&quot;,&quot;image_generation&quot;:{&quot;imageWidth&quot;:&quot;&quot;,&quot;imageHeight&quot;:&quot;&quot;,&quot;thumbImageWidth&quot;:&quot;&quot;,&quot;thumbImageHeight&quot;:&quot;&quot;},&quot;thumbs&quot;:{&quot;thumbWidth&quot;:96,&quot;thumbHeight&quot;:72},&quot;autoPlay&quot;:{&quot;delay&quot;:5000},&quot;block&quot;:{&quot;moveOffset&quot;:20,&quot;speed&quot;:400,&quot;delay&quot;:200},&quot;width&quot;:&quot;100%&quot;,&quot;height&quot;:533,&quot;autoScaleSlider&quot;:&quot;true&quot;,&quot;autoScaleSliderHeight&quot;:533,&quot;imageScaleMode&quot;:&quot;fill&quot;,&quot;imageScalePadding&quot;:0,&quot;arrowsNavAutoHide&quot;:&quot;false&quot;}'>\n<div class=\"rsContent\">\n  <img decoding=\"async\" class=\"rsImg\" src=\"https:\/\/www.santjosep.net\/wp-content\/uploads\/2016\/06\/IMG_2562-1024x683.jpg\" alt=\"IMG_2562\"\/>\n  \n  \n  \n<\/div>\n<div class=\"rsContent\">\n  <img decoding=\"async\" class=\"rsImg\" src=\"https:\/\/www.santjosep.net\/wp-content\/uploads\/2016\/06\/sacaleta_IMG_0814.jpg\" alt=\"sacaleta_IMG_0814\"\/>\n  \n  \n  \n<\/div>\n<div class=\"rsContent\">\n  <img decoding=\"async\" class=\"rsImg\" src=\"https:\/\/www.santjosep.net\/wp-content\/uploads\/2016\/06\/IMG_2555-1024x683.jpg\" alt=\"IMG_2555\"\/>\n  \n  \n  \n<\/div>\n<div class=\"rsContent\">\n  <img decoding=\"async\" class=\"rsImg\" src=\"https:\/\/www.santjosep.net\/wp-content\/uploads\/2016\/06\/Poblado-fenicio-sa-Caleta-1-CE-XD.jpg\" alt=\"Poblado-fenicio-sa-Caleta-1-CE-XD\"\/>\n  \n  \n  \n<\/div>\n<div class=\"rsContent\">\n  <img decoding=\"async\" class=\"rsImg\" src=\"https:\/\/www.santjosep.net\/wp-content\/uploads\/2016\/06\/P1030118-1024x768.jpg\" alt=\"P1030118\"\/>\n  \n  \n  \n<\/div>\n<div class=\"rsContent\">\n  <img decoding=\"async\" class=\"rsImg\" src=\"https:\/\/www.santjosep.net\/wp-content\/uploads\/2016\/06\/Poblado-fenicio-Sa-Caleta-2-FU-VM.jpg\" alt=\"Poblado-fenicio-Sa-Caleta-2-FU-VM\"\/>\n  \n  \n  \n<\/div>\n\n<\/div>\n<br \/>\n[su_row] \u00a0 \u00a0[\/su_row]<\/p>\n<h2>\u00a0Ph\u00f6nizische Siedlung von Sa Caleta<\/h2>\n<p>Auf dem Wanderweg hinauf zu den Klippen von Es Bol Nou befindet sich die ph\u00f6nizische Siedlung von Sa Caleta aus dem 8. Jahrhundert v.Chr., die eine Schl\u00fcsselrolle f\u00fcr das Verst\u00e4ndnis der Geschichte Ibizas spielt. Heute werden die Ruinen von einem einfachen Metallzaun vor dem Verfall bewahrt, dem in K\u00fcrze ein Informationszentrum folgen soll, das sich aktuell im Bau befindet. Das Zentrum soll die Geschichte, die sich hinter den Ruinen verbirgt, anschaulich machen. Bei einem Rundgang auf dieser kleinen Halbinsel bekommt man einen Eindruck davon, wie sich das Leben der fr\u00fchen Siedler gestaltete, die im 6. Jahrhundert v. Chr. ihre Siedlung ohne augenscheinliche Anzeichen eines Kampfes wieder verlie\u00dfen. Hier befinden sich auch Reste von Bunkern aus den 1940er-Jahren, die die Insel im Zweiten Weltkrieg vor Luftangriffen der Alliierten sch\u00fctzen sollten. Dies war gl\u00fccklicherweise nicht n\u00f6tig und die Anlage wurden in den Sechzigerjahren komplett aufgegeben.<\/p>\n<div id=\"new-royalslider-56\" class=\"royalSlider new-royalslider-56 rsDefaultInv rs-default-template\" style=\"width:100%;height:533px;;\" data-rs-options='{&quot;template&quot;:&quot;default&quot;,&quot;image_generation&quot;:{&quot;imageWidth&quot;:&quot;&quot;,&quot;imageHeight&quot;:&quot;&quot;,&quot;thumbImageWidth&quot;:&quot;&quot;,&quot;thumbImageHeight&quot;:&quot;&quot;},&quot;thumbs&quot;:{&quot;thumbWidth&quot;:96,&quot;thumbHeight&quot;:72},&quot;autoPlay&quot;:{&quot;delay&quot;:5000},&quot;block&quot;:{&quot;moveOffset&quot;:20,&quot;speed&quot;:400,&quot;delay&quot;:200},&quot;width&quot;:&quot;100%&quot;,&quot;height&quot;:533,&quot;autoScaleSlider&quot;:&quot;true&quot;,&quot;autoScaleSliderHeight&quot;:533,&quot;imageScaleMode&quot;:&quot;fill&quot;,&quot;imageScalePadding&quot;:0,&quot;arrowsNavAutoHide&quot;:&quot;false&quot;}'>\n<div class=\"rsContent\">\n  <img decoding=\"async\" class=\"rsImg\" src=\"https:\/\/www.santjosep.net\/wp-content\/uploads\/2016\/06\/IMG_0776-1024x683.jpg\" alt=\"IMG_0776\"\/>\n  \n  \n  \n<\/div>\n<div class=\"rsContent\">\n  <img decoding=\"async\" class=\"rsImg\" src=\"https:\/\/www.santjosep.net\/wp-content\/uploads\/2016\/06\/IMG_0785-1024x683.jpg\" alt=\"IMG_0785\"\/>\n  \n  \n  \n<\/div>\n<div class=\"rsContent\">\n  <img decoding=\"async\" class=\"rsImg\" src=\"https:\/\/www.santjosep.net\/wp-content\/uploads\/2016\/06\/IMG_0778-1024x683.jpg\" alt=\"IMG_0778\"\/>\n  \n  \n  \n<\/div>\n<div class=\"rsContent\">\n  <img decoding=\"async\" class=\"rsImg\" src=\"https:\/\/www.santjosep.net\/wp-content\/uploads\/2016\/06\/IMG_0766-1024x683.jpg\" alt=\"IMG_0766\"\/>\n  \n  \n  \n<\/div>\n\n<\/div>\n<br \/>\n[su_row] \u00a0 \u00a0[\/su_row]<\/p>\n<h2>Naturhafen Sa Caleta<\/h2>\n<p>Sobald man Es Bol Nou im S\u00fcden hinter sich l\u00e4sst, entdeckt man, dass dies nicht der einzige Strand in der Gegend ist. Hinter der Halbinsel mit der Ph\u00f6niziersiedlung befindet sich versteckt gelegen der kleine Naturhafen Sa Caleta. Auch hier kann man baden und sogar schnorcheln und durch die Taucherbrille viele interessante Details auf dem felsigen Meeresgrund entdecken. Die Bucht liegt gesch\u00fctzt vor Unwettern und ist von vielen der typischen Fischerh\u00e4uschen ges\u00e4umt, die Ibizas K\u00fcste so malerisch machen. Von dieser Bucht aus stachen vor vielen Jahrhunderten schon die Ph\u00f6nizier in See, denen der Hafen zugleich als Begrenzung ihrer Siedlung diente. Hiervon findet man allerdings keine arch\u00e4ologischen \u00dcberbleibsel mehr, da der Hafen \u00fcber Generationen hinweg bis in die heutige Zeit f\u00fcr die Fischerei genutzt wurde.<\/p>\n<div id=\"new-royalslider-57\" class=\"royalSlider new-royalslider-57 rsDefaultInv rs-default-template\" style=\"width:100%;height:533px;;\" data-rs-options='{&quot;template&quot;:&quot;default&quot;,&quot;image_generation&quot;:{&quot;imageWidth&quot;:&quot;&quot;,&quot;imageHeight&quot;:&quot;&quot;,&quot;thumbImageWidth&quot;:&quot;&quot;,&quot;thumbImageHeight&quot;:&quot;&quot;},&quot;thumbs&quot;:{&quot;thumbWidth&quot;:96,&quot;thumbHeight&quot;:72},&quot;autoPlay&quot;:{&quot;delay&quot;:5000},&quot;block&quot;:{&quot;moveOffset&quot;:20,&quot;speed&quot;:400,&quot;delay&quot;:200},&quot;width&quot;:&quot;100%&quot;,&quot;height&quot;:533,&quot;autoScaleSlider&quot;:&quot;true&quot;,&quot;autoScaleSliderHeight&quot;:533,&quot;imageScaleMode&quot;:&quot;fill&quot;,&quot;imageScalePadding&quot;:0,&quot;arrowsNavAutoHide&quot;:&quot;false&quot;}'>\n<div class=\"rsContent\">\n  <img decoding=\"async\" class=\"rsImg\" src=\"https:\/\/www.santjosep.net\/wp-content\/uploads\/2016\/06\/IMG_2578-1024x683.jpg\" alt=\"IMG_2578\"\/>\n  \n  \n  \n<\/div>\n<div class=\"rsContent\">\n  <img decoding=\"async\" class=\"rsImg\" src=\"https:\/\/www.santjosep.net\/wp-content\/uploads\/2016\/06\/IMG_2582-1-1024x683.jpg\" alt=\"IMG_2582\"\/>\n  \n  \n  \n<\/div>\n<div class=\"rsContent\">\n  <img decoding=\"async\" class=\"rsImg\" src=\"https:\/\/www.santjosep.net\/wp-content\/uploads\/2016\/06\/escodolar_IMG_1106.jpg\" alt=\"escodolar_IMG_1106\"\/>\n  \n  \n  \n<\/div>\n<div class=\"rsContent\">\n  <img decoding=\"async\" class=\"rsImg\" src=\"https:\/\/www.santjosep.net\/wp-content\/uploads\/2016\/06\/escodolar_IMG_1117.jpg\" alt=\"escodolar_IMG_1117\"\/>\n  \n  \n  \n<\/div>\n\n<\/div>\n<br \/>\n[su_row] \u00a0 \u00a0[\/su_row]<\/p>\n<h2>Strand\u00a0Es Codolar<\/h2>\n<p>Ein St\u00fcck weiter entlang der K\u00fcste trifft man auf die anliegende Landstra\u00dfe, doch wenn man sich direkt am Wasser h\u00e4lt, tut das der Sch\u00f6nheit der Steilklippen mit ihren verborgenen Winkeln keinen Abbruch. Hier kann man sich in Ruhe niederlassen und die Natur genie\u00dfen. Wenn wir der Uferlinie weiter folgen, gelangen wir nach Es Codolar, ein ruhiger, weitl\u00e4ufiger Steinstrand fernab vom Tourismusbetrieb. Entlang des Weges befinden sich einige Fischerh\u00fctten, die von der Fischereitradition Ibizas zeugen und zu einem Sonnenbad abseits der belebten Str\u00e4nde einladen. Au\u00dferdem lohnt sich ein Besuch in der kleinen Bucht Sa Cova de Ses Dones, wo man in Ruhe inmitten der Natur baden und entspannen kann.<br \/>\nIn Es Codolar endet dieser abwechslungsreiche Wanderweg. Wer in den Abendstunden hier ankommt, kann im Sp\u00e4tsommer einen unvergesslichen Sonnenuntergang beobachten \u2013 der perfekte Abschluss einer Wanderung durch die magisch-sch\u00f6ne K\u00fcstenlandschaft von Sant Josep.<\/p>\n","protected":false},"excerpt":{"rendered":"<p>Auf Ibizas unz\u00e4hligen Wanderwegen kann man sich wunderbar bei einem Spaziergang am Meer verlieren oder ausgiebig Streifz\u00fcge durch die atemberaubende Landschaft unternehmen. Besonders in Sant Josep findet man sie noch, diese verborgenen Ecken, wie den K\u00fcstenabschnitt Sa Caleta, der nicht [&hellip;]<\/p>\n","protected":false},"author":1,"featured_media":7036,"comment_status":"open","ping_status":"open","sticky":false,"template":"","format":"standard","meta":{"_acf_changed":false,"inline_featured_image":false,"footnotes":""},"categories":[154,161],"tags":[],"class_list":["post-8923","post","type-post","status-publish","format-standard","has-post-thumbnail","hentry","category-fahrten","category-rounten"],"acf":[],"geo":null,"yoast_head":"<!-- This site is optimized with the Yoast SEO plugin v25.7 - https:\/\/yoast.com\/wordpress\/plugins\/seo\/ -->\n<title>Ein Spaziergang von Es Bol Nou nach Es Codolar - Santjosep.net<\/title>\n<meta name=\"robots\" content=\"index, follow, max-snippet:-1, max-image-preview:large, max-video-preview:-1\" \/>\n<link rel=\"canonical\" href=\"https:\/\/www.santjosep.net\/de\/paseo-desde-bol-nou-hasta-es-codolar\/\" \/>\n<meta property=\"og:locale\" content=\"de_DE\" \/>\n<meta property=\"og:type\" content=\"article\" \/>\n<meta property=\"og:title\" content=\"Ein Spaziergang von Es Bol Nou nach Es Codolar - Santjosep.net\" \/>\n<meta property=\"og:description\" content=\"Auf Ibizas unz\u00e4hligen Wanderwegen kann man sich wunderbar bei einem Spaziergang am Meer verlieren oder ausgiebig Streifz\u00fcge durch die atemberaubende Landschaft unternehmen. Besonders in Sant Josep findet man sie noch, diese verborgenen Ecken, wie den K\u00fcstenabschnitt Sa Caleta, der nicht [&hellip;]\" \/>\n<meta property=\"og:url\" content=\"https:\/\/www.santjosep.net\/de\/paseo-desde-bol-nou-hasta-es-codolar\/\" \/>\n<meta property=\"og:site_name\" content=\"Santjosep.net\" \/>\n<meta property=\"article:published_time\" content=\"2016-06-15T16:02:44+00:00\" \/>\n<meta property=\"article:modified_time\" content=\"2020-01-22T10:22:44+00:00\" \/>\n<meta property=\"og:image\" content=\"https:\/\/www.santjosep.net\/wp-content\/uploads\/2016\/06\/DJI_0075-3.jpg\" \/>\n\t<meta property=\"og:image:width\" content=\"1200\" \/>\n\t<meta property=\"og:image:height\" content=\"798\" \/>\n\t<meta property=\"og:image:type\" content=\"image\/jpeg\" \/>\n<meta name=\"author\" content=\"Sant Josep\" \/>\n<meta name=\"twitter:card\" content=\"summary_large_image\" \/>\n<meta name=\"twitter:label1\" content=\"Verfasst von\" \/>\n\t<meta name=\"twitter:data1\" content=\"Sant Josep\" \/>\n\t<meta name=\"twitter:label2\" content=\"Gesch\u00e4tzte Lesezeit\" \/>\n\t<meta name=\"twitter:data2\" content=\"4\u00a0Minuten\" \/>\n<script type=\"application\/ld+json\" class=\"yoast-schema-graph\">{\"@context\":\"https:\/\/schema.org\",\"@graph\":[{\"@type\":\"WebPage\",\"@id\":\"https:\/\/www.santjosep.net\/de\/paseo-desde-bol-nou-hasta-es-codolar\/\",\"url\":\"https:\/\/www.santjosep.net\/de\/paseo-desde-bol-nou-hasta-es-codolar\/\",\"name\":\"Ein Spaziergang von Es Bol Nou nach Es Codolar - Santjosep.net\",\"isPartOf\":{\"@id\":\"https:\/\/www.santjosep.net\/#website\"},\"primaryImageOfPage\":{\"@id\":\"https:\/\/www.santjosep.net\/de\/paseo-desde-bol-nou-hasta-es-codolar\/#primaryimage\"},\"image\":{\"@id\":\"https:\/\/www.santjosep.net\/de\/paseo-desde-bol-nou-hasta-es-codolar\/#primaryimage\"},\"thumbnailUrl\":\"https:\/\/www.santjosep.net\/wp-content\/uploads\/2016\/06\/DJI_0075-3.jpg\",\"datePublished\":\"2016-06-15T16:02:44+00:00\",\"dateModified\":\"2020-01-22T10:22:44+00:00\",\"author\":{\"@id\":\"https:\/\/www.santjosep.net\/#\/schema\/person\/b60e56f94e4e55776eb62bf4293f99b6\"},\"inLanguage\":\"de\",\"potentialAction\":[{\"@type\":\"ReadAction\",\"target\":[\"https:\/\/www.santjosep.net\/de\/paseo-desde-bol-nou-hasta-es-codolar\/\"]}]},{\"@type\":\"ImageObject\",\"inLanguage\":\"de\",\"@id\":\"https:\/\/www.santjosep.net\/de\/paseo-desde-bol-nou-hasta-es-codolar\/#primaryimage\",\"url\":\"https:\/\/www.santjosep.net\/wp-content\/uploads\/2016\/06\/DJI_0075-3.jpg\",\"contentUrl\":\"https:\/\/www.santjosep.net\/wp-content\/uploads\/2016\/06\/DJI_0075-3.jpg\",\"width\":1200,\"height\":798},{\"@type\":\"WebSite\",\"@id\":\"https:\/\/www.santjosep.net\/#website\",\"url\":\"https:\/\/www.santjosep.net\/\",\"name\":\"Santjosep.net\",\"description\":\"\",\"potentialAction\":[{\"@type\":\"SearchAction\",\"target\":{\"@type\":\"EntryPoint\",\"urlTemplate\":\"https:\/\/www.santjosep.net\/?s={search_term_string}\"},\"query-input\":{\"@type\":\"PropertyValueSpecification\",\"valueRequired\":true,\"valueName\":\"search_term_string\"}}],\"inLanguage\":\"de\"},{\"@type\":\"Person\",\"@id\":\"https:\/\/www.santjosep.net\/#\/schema\/person\/b60e56f94e4e55776eb62bf4293f99b6\",\"name\":\"Sant Josep\",\"image\":{\"@type\":\"ImageObject\",\"inLanguage\":\"de\",\"@id\":\"https:\/\/www.santjosep.net\/#\/schema\/person\/image\/\",\"url\":\"https:\/\/secure.gravatar.com\/avatar\/2f4071817a97d2499c5aae9674ee15015b5a3c7c0974ca84f095a8e4aadcda56?s=96&d=mm&r=g\",\"contentUrl\":\"https:\/\/secure.gravatar.com\/avatar\/2f4071817a97d2499c5aae9674ee15015b5a3c7c0974ca84f095a8e4aadcda56?s=96&d=mm&r=g\",\"caption\":\"Sant Josep\"},\"url\":\"https:\/\/www.santjosep.net\/de\/author\/fugrafic\/\"}]}<\/script>\n<!-- \/ Yoast SEO plugin. -->","yoast_head_json":{"title":"Ein Spaziergang von Es Bol Nou nach Es Codolar - Santjosep.net","robots":{"index":"index","follow":"follow","max-snippet":"max-snippet:-1","max-image-preview":"max-image-preview:large","max-video-preview":"max-video-preview:-1"},"canonical":"https:\/\/www.santjosep.net\/de\/paseo-desde-bol-nou-hasta-es-codolar\/","og_locale":"de_DE","og_type":"article","og_title":"Ein Spaziergang von Es Bol Nou nach Es Codolar - Santjosep.net","og_description":"Auf Ibizas unz\u00e4hligen Wanderwegen kann man sich wunderbar bei einem Spaziergang am Meer verlieren oder ausgiebig Streifz\u00fcge durch die atemberaubende Landschaft unternehmen. Besonders in Sant Josep findet man sie noch, diese verborgenen Ecken, wie den K\u00fcstenabschnitt Sa Caleta, der nicht [&hellip;]","og_url":"https:\/\/www.santjosep.net\/de\/paseo-desde-bol-nou-hasta-es-codolar\/","og_site_name":"Santjosep.net","article_published_time":"2016-06-15T16:02:44+00:00","article_modified_time":"2020-01-22T10:22:44+00:00","og_image":[{"width":1200,"height":798,"url":"https:\/\/www.santjosep.net\/wp-content\/uploads\/2016\/06\/DJI_0075-3.jpg","type":"image\/jpeg"}],"author":"Sant Josep","twitter_card":"summary_large_image","twitter_misc":{"Verfasst von":"Sant Josep","Gesch\u00e4tzte Lesezeit":"4\u00a0Minuten"},"schema":{"@context":"https:\/\/schema.org","@graph":[{"@type":"WebPage","@id":"https:\/\/www.santjosep.net\/de\/paseo-desde-bol-nou-hasta-es-codolar\/","url":"https:\/\/www.santjosep.net\/de\/paseo-desde-bol-nou-hasta-es-codolar\/","name":"Ein Spaziergang von Es Bol Nou nach Es Codolar - Santjosep.net","isPartOf":{"@id":"https:\/\/www.santjosep.net\/#website"},"primaryImageOfPage":{"@id":"https:\/\/www.santjosep.net\/de\/paseo-desde-bol-nou-hasta-es-codolar\/#primaryimage"},"image":{"@id":"https:\/\/www.santjosep.net\/de\/paseo-desde-bol-nou-hasta-es-codolar\/#primaryimage"},"thumbnailUrl":"https:\/\/www.santjosep.net\/wp-content\/uploads\/2016\/06\/DJI_0075-3.jpg","datePublished":"2016-06-15T16:02:44+00:00","dateModified":"2020-01-22T10:22:44+00:00","author":{"@id":"https:\/\/www.santjosep.net\/#\/schema\/person\/b60e56f94e4e55776eb62bf4293f99b6"},"inLanguage":"de","potentialAction":[{"@type":"ReadAction","target":["https:\/\/www.santjosep.net\/de\/paseo-desde-bol-nou-hasta-es-codolar\/"]}]},{"@type":"ImageObject","inLanguage":"de","@id":"https:\/\/www.santjosep.net\/de\/paseo-desde-bol-nou-hasta-es-codolar\/#primaryimage","url":"https:\/\/www.santjosep.net\/wp-content\/uploads\/2016\/06\/DJI_0075-3.jpg","contentUrl":"https:\/\/www.santjosep.net\/wp-content\/uploads\/2016\/06\/DJI_0075-3.jpg","width":1200,"height":798},{"@type":"WebSite","@id":"https:\/\/www.santjosep.net\/#website","url":"https:\/\/www.santjosep.net\/","name":"Santjosep.net","description":"","potentialAction":[{"@type":"SearchAction","target":{"@type":"EntryPoint","urlTemplate":"https:\/\/www.santjosep.net\/?s={search_term_string}"},"query-input":{"@type":"PropertyValueSpecification","valueRequired":true,"valueName":"search_term_string"}}],"inLanguage":"de"},{"@type":"Person","@id":"https:\/\/www.santjosep.net\/#\/schema\/person\/b60e56f94e4e55776eb62bf4293f99b6","name":"Sant Josep","image":{"@type":"ImageObject","inLanguage":"de","@id":"https:\/\/www.santjosep.net\/#\/schema\/person\/image\/","url":"https:\/\/secure.gravatar.com\/avatar\/2f4071817a97d2499c5aae9674ee15015b5a3c7c0974ca84f095a8e4aadcda56?s=96&d=mm&r=g","contentUrl":"https:\/\/secure.gravatar.com\/avatar\/2f4071817a97d2499c5aae9674ee15015b5a3c7c0974ca84f095a8e4aadcda56?s=96&d=mm&r=g","caption":"Sant Josep"},"url":"https:\/\/www.santjosep.net\/de\/author\/fugrafic\/"}]}},"_links":{"self":[{"href":"https:\/\/www.santjosep.net\/de\/wp-json\/wp\/v2\/posts\/8923","targetHints":{"allow":["GET"]}}],"collection":[{"href":"https:\/\/www.santjosep.net\/de\/wp-json\/wp\/v2\/posts"}],"about":[{"href":"https:\/\/www.santjosep.net\/de\/wp-json\/wp\/v2\/types\/post"}],"author":[{"embeddable":true,"href":"https:\/\/www.santjosep.net\/de\/wp-json\/wp\/v2\/users\/1"}],"replies":[{"embeddable":true,"href":"https:\/\/www.santjosep.net\/de\/wp-json\/wp\/v2\/comments?post=8923"}],"version-history":[{"count":0,"href":"https:\/\/www.santjosep.net\/de\/wp-json\/wp\/v2\/posts\/8923\/revisions"}],"wp:featuredmedia":[{"embeddable":true,"href":"https:\/\/www.santjosep.net\/de\/wp-json\/wp\/v2\/media\/7036"}],"wp:attachment":[{"href":"https:\/\/www.santjosep.net\/de\/wp-json\/wp\/v2\/media?parent=8923"}],"wp:term":[{"taxonomy":"category","embeddable":true,"href":"https:\/\/www.santjosep.net\/de\/wp-json\/wp\/v2\/categories?post=8923"},{"taxonomy":"post_tag","embeddable":true,"href":"https:\/\/www.santjosep.net\/de\/wp-json\/wp\/v2\/tags?post=8923"}],"curies":[{"name":"wp","href":"https:\/\/api.w.org\/{rel}","templated":true}]}}