{"id":8835,"date":"2017-03-02T08:48:19","date_gmt":"2017-03-02T08:48:19","guid":{"rendered":"https:\/\/www.santjosep.net\/de\/paseo-al-corazon-del-municipio-sant-josep-sa-talaia-benimussa\/"},"modified":"2020-01-22T11:07:30","modified_gmt":"2020-01-22T10:07:30","slug":"paseo-al-corazon-del-municipio-sant-josep-sa-talaia-benimussa","status":"publish","type":"post","link":"https:\/\/www.santjosep.net\/de\/paseo-al-corazon-del-municipio-sant-josep-sa-talaia-benimussa\/","title":{"rendered":"Ein Spaziergang zum Herzen der Gemeinde Sant Josep de sa Talaia: Benimussa"},"content":{"rendered":"<p style=\"text-align: justify;\"><span style=\"font-weight: 400;\">Landschaftlich hat Sant Josep viel zu bieten: Genie\u00dfen Sie den Ausblick auf herrliche, typisch mediterrane Str\u00e4nde, beeindruckende Klippen, gr\u00fcne Berge voller Pinienhaine und flache Ebenen, die von unseren Vorfahren f\u00fcr den Ackerbau genutzt wurden und uns noch heute an die Geschichte der Gemeinde erinnern, die so untrennbar mit der Erde verbunden ist.<\/span><\/p>\n<p><span style=\"font-weight: 400;\">In jedem der D\u00f6rfer kann man Obstb\u00e4ume und bestellte Felder finden, doch im l\u00e4ndlichen Herzen der Insel gibt es noch ein verstecktes Juwel, das vielen Besuchern verborgen bleibt. <\/span><\/p>\n<p style=\"text-align: justify;\"><img loading=\"lazy\" decoding=\"async\" class=\"alignnone size-large wp-image-8740\" src=\"https:\/\/www.santjosep.net\/wp-content\/uploads\/2017\/03\/P1000138-1024x768.jpg\" alt=\"P1000138\" width=\"1024\" height=\"768\" srcset=\"https:\/\/www.santjosep.net\/wp-content\/uploads\/2017\/03\/P1000138-1024x768.jpg 1024w, https:\/\/www.santjosep.net\/wp-content\/uploads\/2017\/03\/P1000138-300x225.jpg 300w, https:\/\/www.santjosep.net\/wp-content\/uploads\/2017\/03\/P1000138-768x576.jpg 768w, https:\/\/www.santjosep.net\/wp-content\/uploads\/2017\/03\/P1000138.jpg 1900w\" sizes=\"auto, (max-width: 1024px) 100vw, 1024px\" \/><\/p>\n<p><span style=\"font-weight: 400;\">Die Rede ist von Benimussa, einem Gebiet zwischen Sant Agust\u00ed, Sant Josep, Sant Jordi und Teilen von Sant Antoni. Der Name stammt von dem historisch bedeutsamsten Gutshof des Gebiets Portmany aus dem 14. Jahrhundert, der mit der Zeit zu einer wichtigen Siedlung heranwuchs und schlie\u00dflich zur Keimzelle der heutigen Pfarrgemeinde Sant Josep wurde. <\/span><\/p>\n<p><span style=\"font-weight: 400;\">Die Magie des Ortes liegt in seiner Urspr\u00fcnglichkeit &#8211; nur wenige Besucher durchqueren diese Gegend, in der es keinerlei Gesch\u00e4ftsbetriebe gibt, sodass die Natur noch unber\u00fchrt ist. Wahrscheinlich liegt dies auch an der Abgeschiedenheit dieses ausgedehnten, landwirtschaftlich genutzten Tals, das von mehreren h\u00f6heren H\u00fcgeln umgeben ist. Der Hauptzugang befindet sich in den Au\u00dfenbezirken von Sant Josep, wo der bekannte <\/span><i><span style=\"font-weight: 400;\">Camino de Benimussa<\/span><\/i><span style=\"font-weight: 400;\">, der Weg nach Benimussa, beginnt. Dieser f\u00fchrt ins Inselinnere und m\u00fcndet in kleinere Wege zu den D\u00f6rfern der Gegend, von denen das bekannteste wohl Coll des Rossellons in 200 m H\u00f6he im \u00e4u\u00dfersten Norden Benimussas ist. Die Wege hier sind oft nicht einfach, vor allem, weil es hier Erhebungen von \u00fcber 400 m, wie den Puig Gros und den Puig d\u2019en Serra gibt. <\/span><\/p>\n<p style=\"text-align: justify;\"><img loading=\"lazy\" decoding=\"async\" class=\"alignnone size-large wp-image-8737\" src=\"https:\/\/www.santjosep.net\/wp-content\/uploads\/2017\/03\/IMG_0724-copia-1024x683.jpg\" alt=\"IMG_0724 copia\" width=\"1024\" height=\"683\" srcset=\"https:\/\/www.santjosep.net\/wp-content\/uploads\/2017\/03\/IMG_0724-copia-1024x683.jpg 1024w, https:\/\/www.santjosep.net\/wp-content\/uploads\/2017\/03\/IMG_0724-copia-300x200.jpg 300w, https:\/\/www.santjosep.net\/wp-content\/uploads\/2017\/03\/IMG_0724-copia-768x512.jpg 768w, https:\/\/www.santjosep.net\/wp-content\/uploads\/2017\/03\/IMG_0724-copia.jpg 1900w\" sizes=\"auto, (max-width: 1024px) 100vw, 1024px\" \/><br \/>\n<span style=\"font-weight: 400;\">In der Region flie\u00dft au\u00dferdem ein Sturzbach, der Torrent de Benimussa, der in seinen vielen Ver\u00e4stelungen das Wasser nach Norden f\u00fchrt und f\u00fcr das Tal von zentraler Bedeutung ist. Er m\u00fcndet in der Region Sant Antoni, wo er als Torrent des Reguer\u00f3 bekannt ist. Daneben gibt es noch den Sturzbach von Cas Berris, der nach S\u00fcden f\u00fchrt und schlie\u00dflich in Cala Jondal m\u00fcndet, wo er daher auch Torrent des Jondal genannt wird. Dieses wasserreiche Gebiet in Benimussa versorgt gro\u00dfe Teile der lokalen Bev\u00f6lkerung mit Grundwasser. <\/span><\/p>\n<p style=\"text-align: justify;\"><img loading=\"lazy\" decoding=\"async\" class=\"alignnone size-large wp-image-8781\" src=\"https:\/\/www.santjosep.net\/wp-content\/uploads\/2017\/03\/IMG_0725-1024x683.jpg\" alt=\"IMG_0725\" width=\"1024\" height=\"683\" srcset=\"https:\/\/www.santjosep.net\/wp-content\/uploads\/2017\/03\/IMG_0725-1024x683.jpg 1024w, https:\/\/www.santjosep.net\/wp-content\/uploads\/2017\/03\/IMG_0725-300x200.jpg 300w, https:\/\/www.santjosep.net\/wp-content\/uploads\/2017\/03\/IMG_0725-768x512.jpg 768w, https:\/\/www.santjosep.net\/wp-content\/uploads\/2017\/03\/IMG_0725.jpg 1200w\" sizes=\"auto, (max-width: 1024px) 100vw, 1024px\" \/><br \/>\n<span style=\"font-weight: 400;\">Die Landschaft ist hier von Trockenanbaugebieten gepr\u00e4gt, w\u00e4hrend in den h\u00f6heren Lagen auch viele verschiedene Obstb\u00e4ume wachsen, haupts\u00e4chlich Mandel- und Olivenb\u00e4ume. Einige Gebiete wurden mit der Zeit von den Landwirten nicht mehr genutzt, sodass die W\u00e4lder sie zur\u00fcckerobern konnten. Trotzdem ist hier noch viel von der authentischen Lebensform Ibizas erhalten geblieben. Auf einer Entdeckungstour kann man hier au\u00dferdem inseltypische H\u00e4user bestaunen, mit ihren dicken W\u00e4nden aus Felsen und Kalk, Dachbalken aus Sabinaholz, wuchtigen Eingangst\u00fcren und kleinen Fenstern (die in vergangenen Zeiten einen guten Schutz gegen Raubz\u00fcge boten). Diese Bauernh\u00e4user pr\u00e4gen das l\u00e4ndliche Gesicht des Inselinneren und f\u00fchren die Ackerbautradition fort, die sich so sehr von den Lebensformen an der K\u00fcste unterscheidet, die gleicherma\u00dfen pr\u00e4gend f\u00fcr die Gemeinde sind. <\/span><\/p>\n<p style=\"text-align: justify;\"><img loading=\"lazy\" decoding=\"async\" class=\"alignnone size-large wp-image-8743\" src=\"https:\/\/www.santjosep.net\/wp-content\/uploads\/2017\/03\/P1000166-1024x768.jpg\" alt=\"P1000166\" width=\"1024\" height=\"768\" srcset=\"https:\/\/www.santjosep.net\/wp-content\/uploads\/2017\/03\/P1000166-1024x768.jpg 1024w, https:\/\/www.santjosep.net\/wp-content\/uploads\/2017\/03\/P1000166-300x225.jpg 300w, https:\/\/www.santjosep.net\/wp-content\/uploads\/2017\/03\/P1000166-768x576.jpg 768w, https:\/\/www.santjosep.net\/wp-content\/uploads\/2017\/03\/P1000166.jpg 1900w\" sizes=\"auto, (max-width: 1024px) 100vw, 1024px\" \/><\/p>\n<p><span style=\"font-weight: 400;\">Auf einer kleinen Wanderung durch die Gegend gibt es auch andere interessante Orte zu entdecken, wie den typisch ibizenkischen Brunnen Pou d\u2019en Benet, an dem jeden Sommer ein Fest mit Tanz und traditioneller Folklore stattfindet. Fr\u00fcher wurde mit diesen T\u00e4nzen die Ehrerbietung vor dem so kostbaren Wasser ausgedr\u00fcckt und zugleich die Ernte gefeiert. Heute trifft man sich hier eher zum fr\u00f6hlichen Beisammensein und erh\u00e4lt dabei zugleich alte Traditionen.<\/span><br \/>\n<span style=\"font-weight: 400;\">Es lohnt sich au\u00dferdem, einen Abstecher zur Capelleta d\u2019en Serra zu machen. Allerdings ist das eher eine Wanderung f\u00fcr Abenteuerlustige, da der Weg zu der Kapelle auf den Puig d\u2019en Serra hinauff\u00fchrt. Eine alte Legende besagt, dass zu Beginn des 20. Jahrhunderts ein Mann in den Krieg nach Algier zog. Er versprach, dass er, sollte er wohlbehalten zur\u00fcckkehren, eine kleine Kapelle errichten w\u00fcrde. Diese ist noch heute ein Pilgerort f\u00fcr viele Bewohner von Sant Josep, vor allem w\u00e4hrend der Feierlichkeiten f\u00fcr den Schutzheiligen Joseph. <\/span><\/p>\n<p style=\"text-align: justify;\"><div id=\"new-royalslider-69\" class=\"royalSlider new-royalslider-69 rsDefaultInv rs-default-template\" style=\"width:100%;height:533px;;\" data-rs-options='{&quot;template&quot;:&quot;default&quot;,&quot;image_generation&quot;:{&quot;imageWidth&quot;:&quot;&quot;,&quot;imageHeight&quot;:&quot;&quot;,&quot;thumbImageWidth&quot;:&quot;&quot;,&quot;thumbImageHeight&quot;:&quot;&quot;},&quot;thumbs&quot;:{&quot;thumbWidth&quot;:96,&quot;thumbHeight&quot;:72},&quot;autoPlay&quot;:{&quot;delay&quot;:5000},&quot;fullscreen&quot;:{&quot;enabled&quot;:&quot;true&quot;},&quot;block&quot;:{&quot;moveOffset&quot;:20,&quot;speed&quot;:400,&quot;delay&quot;:200},&quot;width&quot;:&quot;100%&quot;,&quot;height&quot;:533,&quot;autoScaleSlider&quot;:&quot;true&quot;,&quot;autoScaleSliderHeight&quot;:533,&quot;imageScalePadding&quot;:0,&quot;arrowsNavAutoHide&quot;:&quot;false&quot;}'>\n<div class=\"rsContent\">\n  <img decoding=\"async\" class=\"rsImg\" src=\"https:\/\/www.santjosep.net\/wp-content\/uploads\/2017\/03\/IMG_0601-1024x683.jpg\" data-rsBigImg=\"https:\/\/www.santjosep.net\/wp-content\/uploads\/2017\/03\/IMG_0601.jpg\" alt=\"IMG_0601\"\/>\n  \n  \n  \n<\/div>\n<div class=\"rsContent\">\n  <img decoding=\"async\" class=\"rsImg\" src=\"https:\/\/www.santjosep.net\/wp-content\/uploads\/2017\/03\/IMG_0656-1-1024x683.jpg\" data-rsBigImg=\"https:\/\/www.santjosep.net\/wp-content\/uploads\/2017\/03\/IMG_0656-1.jpg\" alt=\"IMG_0656\"\/>\n  \n  \n  \n<\/div>\n<div class=\"rsContent\">\n  <img decoding=\"async\" class=\"rsImg\" src=\"https:\/\/www.santjosep.net\/wp-content\/uploads\/2017\/03\/IMG_0678-1-1024x683.jpg\" data-rsBigImg=\"https:\/\/www.santjosep.net\/wp-content\/uploads\/2017\/03\/IMG_0678-1.jpg\" alt=\"IMG_0678\"\/>\n  \n  \n  \n<\/div>\n<div class=\"rsContent\">\n  <img decoding=\"async\" class=\"rsImg\" src=\"https:\/\/www.santjosep.net\/wp-content\/uploads\/2017\/03\/IMG_0687-1024x683.jpg\" data-rsBigImg=\"https:\/\/www.santjosep.net\/wp-content\/uploads\/2017\/03\/IMG_0687.jpg\" alt=\"IMG_0687\"\/>\n  \n  \n  \n<\/div>\n<div class=\"rsContent\">\n  <img decoding=\"async\" class=\"rsImg\" src=\"https:\/\/www.santjosep.net\/wp-content\/uploads\/2017\/03\/P1140314-1024x768.jpg\" data-rsBigImg=\"https:\/\/www.santjosep.net\/wp-content\/uploads\/2017\/03\/P1140314.jpg\" alt=\"P1140314\"\/>\n  \n  \n  \n<\/div>\n<div class=\"rsContent\">\n  <img decoding=\"async\" class=\"rsImg\" src=\"https:\/\/www.santjosep.net\/wp-content\/uploads\/2017\/03\/DJI_0012-1024x767.jpg\" data-rsBigImg=\"https:\/\/www.santjosep.net\/wp-content\/uploads\/2017\/03\/DJI_0012.jpg\" alt=\"DJI_0012\"\/>\n  \n  \n  \n<\/div>\n<div class=\"rsContent\">\n  <img decoding=\"async\" class=\"rsImg\" src=\"https:\/\/www.santjosep.net\/wp-content\/uploads\/2017\/03\/DJI_0014-1024x767.jpg\" data-rsBigImg=\"https:\/\/www.santjosep.net\/wp-content\/uploads\/2017\/03\/DJI_0014-e1488446751337.jpg\" alt=\"DJI_0014\"\/>\n  \n  \n  \n<\/div>\n\n<\/div>\n<p><span style=\"font-weight: 400;\">Benimussa geh\u00f6rt eindeutig zu den unbekannteren Seiten von Sant Josep, hat aber jede Menge zu bieten. Herrliche Wanderwege laden zu Spazierg\u00e4ngen ein und wer will, kann sein K\u00f6nnen auch auf den <\/span><span style=\"font-weight: 400;\">Mountainbike-Routen<\/span><span style=\"font-weight: 400;\"> in bergigem Gel\u00e4nde unter Beweis stellen. Diese einzigartige Landschaft wurde v\u00f6llig zu Recht offiziell zum \u201cBesonderen Naturraum\u201d erkl\u00e4rt. Kommen auch Sie vorbei und sehen Sie selbst! <\/span><\/p>\n","protected":false},"excerpt":{"rendered":"<p>Landschaftlich hat Sant Josep viel zu bieten: Genie\u00dfen Sie den Ausblick auf herrliche, typisch mediterrane Str\u00e4nde, beeindruckende Klippen, gr\u00fcne Berge voller Pinienhaine und flache Ebenen, die von unseren Vorfahren f\u00fcr den Ackerbau genutzt wurden und uns noch heute an die [&hellip;]<\/p>\n","protected":false},"author":1,"featured_media":21368,"comment_status":"open","ping_status":"open","sticky":false,"template":"","format":"standard","meta":{"_acf_changed":false,"inline_featured_image":false,"footnotes":""},"categories":[154,157,161],"tags":[],"class_list":["post-8835","post","type-post","status-publish","format-standard","has-post-thumbnail","hentry","category-fahrten","category-landstrich","category-rounten"],"acf":[],"geo":null,"yoast_head":"<!-- This site is optimized with the Yoast SEO plugin v25.7 - https:\/\/yoast.com\/wordpress\/plugins\/seo\/ -->\n<title>Ein Spaziergang zum Herzen der Gemeinde Sant Josep de sa Talaia: Benimussa - Santjosep.net<\/title>\n<meta name=\"robots\" content=\"index, follow, max-snippet:-1, max-image-preview:large, max-video-preview:-1\" \/>\n<link rel=\"canonical\" href=\"https:\/\/www.santjosep.net\/de\/paseo-al-corazon-del-municipio-sant-josep-sa-talaia-benimussa\/\" \/>\n<meta property=\"og:locale\" content=\"de_DE\" \/>\n<meta property=\"og:type\" content=\"article\" \/>\n<meta property=\"og:title\" content=\"Ein Spaziergang zum Herzen der Gemeinde Sant Josep de sa Talaia: Benimussa - Santjosep.net\" \/>\n<meta property=\"og:description\" content=\"Landschaftlich hat Sant Josep viel zu bieten: Genie\u00dfen Sie den Ausblick auf herrliche, typisch mediterrane Str\u00e4nde, beeindruckende Klippen, gr\u00fcne Berge voller Pinienhaine und flache Ebenen, die von unseren Vorfahren f\u00fcr den Ackerbau genutzt wurden und uns noch heute an die [&hellip;]\" \/>\n<meta property=\"og:url\" content=\"https:\/\/www.santjosep.net\/de\/paseo-al-corazon-del-municipio-sant-josep-sa-talaia-benimussa\/\" \/>\n<meta property=\"og:site_name\" content=\"Santjosep.net\" \/>\n<meta property=\"article:published_time\" content=\"2017-03-02T08:48:19+00:00\" \/>\n<meta property=\"article:modified_time\" content=\"2020-01-22T10:07:30+00:00\" \/>\n<meta property=\"og:image\" content=\"https:\/\/www.santjosep.net\/wp-content\/uploads\/2017\/03\/cover2.jpg\" \/>\n\t<meta property=\"og:image:width\" content=\"890\" \/>\n\t<meta property=\"og:image:height\" content=\"667\" \/>\n\t<meta property=\"og:image:type\" content=\"image\/jpeg\" \/>\n<meta name=\"author\" content=\"Sant Josep\" \/>\n<meta name=\"twitter:card\" content=\"summary_large_image\" \/>\n<meta name=\"twitter:label1\" content=\"Verfasst von\" \/>\n\t<meta name=\"twitter:data1\" content=\"Sant Josep\" \/>\n\t<meta name=\"twitter:label2\" content=\"Gesch\u00e4tzte Lesezeit\" \/>\n\t<meta name=\"twitter:data2\" content=\"4\u00a0Minuten\" \/>\n<script type=\"application\/ld+json\" class=\"yoast-schema-graph\">{\"@context\":\"https:\/\/schema.org\",\"@graph\":[{\"@type\":\"WebPage\",\"@id\":\"https:\/\/www.santjosep.net\/de\/paseo-al-corazon-del-municipio-sant-josep-sa-talaia-benimussa\/\",\"url\":\"https:\/\/www.santjosep.net\/de\/paseo-al-corazon-del-municipio-sant-josep-sa-talaia-benimussa\/\",\"name\":\"Ein Spaziergang zum Herzen der Gemeinde Sant Josep de sa Talaia: Benimussa - Santjosep.net\",\"isPartOf\":{\"@id\":\"https:\/\/www.santjosep.net\/#website\"},\"primaryImageOfPage\":{\"@id\":\"https:\/\/www.santjosep.net\/de\/paseo-al-corazon-del-municipio-sant-josep-sa-talaia-benimussa\/#primaryimage\"},\"image\":{\"@id\":\"https:\/\/www.santjosep.net\/de\/paseo-al-corazon-del-municipio-sant-josep-sa-talaia-benimussa\/#primaryimage\"},\"thumbnailUrl\":\"https:\/\/www.santjosep.net\/wp-content\/uploads\/2017\/03\/cover2.jpg\",\"datePublished\":\"2017-03-02T08:48:19+00:00\",\"dateModified\":\"2020-01-22T10:07:30+00:00\",\"author\":{\"@id\":\"https:\/\/www.santjosep.net\/#\/schema\/person\/b60e56f94e4e55776eb62bf4293f99b6\"},\"inLanguage\":\"de\",\"potentialAction\":[{\"@type\":\"ReadAction\",\"target\":[\"https:\/\/www.santjosep.net\/de\/paseo-al-corazon-del-municipio-sant-josep-sa-talaia-benimussa\/\"]}]},{\"@type\":\"ImageObject\",\"inLanguage\":\"de\",\"@id\":\"https:\/\/www.santjosep.net\/de\/paseo-al-corazon-del-municipio-sant-josep-sa-talaia-benimussa\/#primaryimage\",\"url\":\"https:\/\/www.santjosep.net\/wp-content\/uploads\/2017\/03\/cover2.jpg\",\"contentUrl\":\"https:\/\/www.santjosep.net\/wp-content\/uploads\/2017\/03\/cover2.jpg\",\"width\":890,\"height\":667},{\"@type\":\"WebSite\",\"@id\":\"https:\/\/www.santjosep.net\/#website\",\"url\":\"https:\/\/www.santjosep.net\/\",\"name\":\"Santjosep.net\",\"description\":\"\",\"potentialAction\":[{\"@type\":\"SearchAction\",\"target\":{\"@type\":\"EntryPoint\",\"urlTemplate\":\"https:\/\/www.santjosep.net\/?s={search_term_string}\"},\"query-input\":{\"@type\":\"PropertyValueSpecification\",\"valueRequired\":true,\"valueName\":\"search_term_string\"}}],\"inLanguage\":\"de\"},{\"@type\":\"Person\",\"@id\":\"https:\/\/www.santjosep.net\/#\/schema\/person\/b60e56f94e4e55776eb62bf4293f99b6\",\"name\":\"Sant Josep\",\"image\":{\"@type\":\"ImageObject\",\"inLanguage\":\"de\",\"@id\":\"https:\/\/www.santjosep.net\/#\/schema\/person\/image\/\",\"url\":\"https:\/\/secure.gravatar.com\/avatar\/2f4071817a97d2499c5aae9674ee15015b5a3c7c0974ca84f095a8e4aadcda56?s=96&d=mm&r=g\",\"contentUrl\":\"https:\/\/secure.gravatar.com\/avatar\/2f4071817a97d2499c5aae9674ee15015b5a3c7c0974ca84f095a8e4aadcda56?s=96&d=mm&r=g\",\"caption\":\"Sant Josep\"},\"url\":\"https:\/\/www.santjosep.net\/de\/author\/fugrafic\/\"}]}<\/script>\n<!-- \/ Yoast SEO plugin. -->","yoast_head_json":{"title":"Ein Spaziergang zum Herzen der Gemeinde Sant Josep de sa Talaia: Benimussa - Santjosep.net","robots":{"index":"index","follow":"follow","max-snippet":"max-snippet:-1","max-image-preview":"max-image-preview:large","max-video-preview":"max-video-preview:-1"},"canonical":"https:\/\/www.santjosep.net\/de\/paseo-al-corazon-del-municipio-sant-josep-sa-talaia-benimussa\/","og_locale":"de_DE","og_type":"article","og_title":"Ein Spaziergang zum Herzen der Gemeinde Sant Josep de sa Talaia: Benimussa - Santjosep.net","og_description":"Landschaftlich hat Sant Josep viel zu bieten: Genie\u00dfen Sie den Ausblick auf herrliche, typisch mediterrane Str\u00e4nde, beeindruckende Klippen, gr\u00fcne Berge voller Pinienhaine und flache Ebenen, die von unseren Vorfahren f\u00fcr den Ackerbau genutzt wurden und uns noch heute an die [&hellip;]","og_url":"https:\/\/www.santjosep.net\/de\/paseo-al-corazon-del-municipio-sant-josep-sa-talaia-benimussa\/","og_site_name":"Santjosep.net","article_published_time":"2017-03-02T08:48:19+00:00","article_modified_time":"2020-01-22T10:07:30+00:00","og_image":[{"width":890,"height":667,"url":"https:\/\/www.santjosep.net\/wp-content\/uploads\/2017\/03\/cover2.jpg","type":"image\/jpeg"}],"author":"Sant Josep","twitter_card":"summary_large_image","twitter_misc":{"Verfasst von":"Sant Josep","Gesch\u00e4tzte Lesezeit":"4\u00a0Minuten"},"schema":{"@context":"https:\/\/schema.org","@graph":[{"@type":"WebPage","@id":"https:\/\/www.santjosep.net\/de\/paseo-al-corazon-del-municipio-sant-josep-sa-talaia-benimussa\/","url":"https:\/\/www.santjosep.net\/de\/paseo-al-corazon-del-municipio-sant-josep-sa-talaia-benimussa\/","name":"Ein Spaziergang zum Herzen der Gemeinde Sant Josep de sa Talaia: Benimussa - Santjosep.net","isPartOf":{"@id":"https:\/\/www.santjosep.net\/#website"},"primaryImageOfPage":{"@id":"https:\/\/www.santjosep.net\/de\/paseo-al-corazon-del-municipio-sant-josep-sa-talaia-benimussa\/#primaryimage"},"image":{"@id":"https:\/\/www.santjosep.net\/de\/paseo-al-corazon-del-municipio-sant-josep-sa-talaia-benimussa\/#primaryimage"},"thumbnailUrl":"https:\/\/www.santjosep.net\/wp-content\/uploads\/2017\/03\/cover2.jpg","datePublished":"2017-03-02T08:48:19+00:00","dateModified":"2020-01-22T10:07:30+00:00","author":{"@id":"https:\/\/www.santjosep.net\/#\/schema\/person\/b60e56f94e4e55776eb62bf4293f99b6"},"inLanguage":"de","potentialAction":[{"@type":"ReadAction","target":["https:\/\/www.santjosep.net\/de\/paseo-al-corazon-del-municipio-sant-josep-sa-talaia-benimussa\/"]}]},{"@type":"ImageObject","inLanguage":"de","@id":"https:\/\/www.santjosep.net\/de\/paseo-al-corazon-del-municipio-sant-josep-sa-talaia-benimussa\/#primaryimage","url":"https:\/\/www.santjosep.net\/wp-content\/uploads\/2017\/03\/cover2.jpg","contentUrl":"https:\/\/www.santjosep.net\/wp-content\/uploads\/2017\/03\/cover2.jpg","width":890,"height":667},{"@type":"WebSite","@id":"https:\/\/www.santjosep.net\/#website","url":"https:\/\/www.santjosep.net\/","name":"Santjosep.net","description":"","potentialAction":[{"@type":"SearchAction","target":{"@type":"EntryPoint","urlTemplate":"https:\/\/www.santjosep.net\/?s={search_term_string}"},"query-input":{"@type":"PropertyValueSpecification","valueRequired":true,"valueName":"search_term_string"}}],"inLanguage":"de"},{"@type":"Person","@id":"https:\/\/www.santjosep.net\/#\/schema\/person\/b60e56f94e4e55776eb62bf4293f99b6","name":"Sant Josep","image":{"@type":"ImageObject","inLanguage":"de","@id":"https:\/\/www.santjosep.net\/#\/schema\/person\/image\/","url":"https:\/\/secure.gravatar.com\/avatar\/2f4071817a97d2499c5aae9674ee15015b5a3c7c0974ca84f095a8e4aadcda56?s=96&d=mm&r=g","contentUrl":"https:\/\/secure.gravatar.com\/avatar\/2f4071817a97d2499c5aae9674ee15015b5a3c7c0974ca84f095a8e4aadcda56?s=96&d=mm&r=g","caption":"Sant Josep"},"url":"https:\/\/www.santjosep.net\/de\/author\/fugrafic\/"}]}},"_links":{"self":[{"href":"https:\/\/www.santjosep.net\/de\/wp-json\/wp\/v2\/posts\/8835","targetHints":{"allow":["GET"]}}],"collection":[{"href":"https:\/\/www.santjosep.net\/de\/wp-json\/wp\/v2\/posts"}],"about":[{"href":"https:\/\/www.santjosep.net\/de\/wp-json\/wp\/v2\/types\/post"}],"author":[{"embeddable":true,"href":"https:\/\/www.santjosep.net\/de\/wp-json\/wp\/v2\/users\/1"}],"replies":[{"embeddable":true,"href":"https:\/\/www.santjosep.net\/de\/wp-json\/wp\/v2\/comments?post=8835"}],"version-history":[{"count":0,"href":"https:\/\/www.santjosep.net\/de\/wp-json\/wp\/v2\/posts\/8835\/revisions"}],"wp:featuredmedia":[{"embeddable":true,"href":"https:\/\/www.santjosep.net\/de\/wp-json\/wp\/v2\/media\/21368"}],"wp:attachment":[{"href":"https:\/\/www.santjosep.net\/de\/wp-json\/wp\/v2\/media?parent=8835"}],"wp:term":[{"taxonomy":"category","embeddable":true,"href":"https:\/\/www.santjosep.net\/de\/wp-json\/wp\/v2\/categories?post=8835"},{"taxonomy":"post_tag","embeddable":true,"href":"https:\/\/www.santjosep.net\/de\/wp-json\/wp\/v2\/tags?post=8835"}],"curies":[{"name":"wp","href":"https:\/\/api.w.org\/{rel}","templated":true}]}}