{"id":7203,"date":"2016-07-21T07:38:32","date_gmt":"2016-07-21T07:38:32","guid":{"rendered":"https:\/\/www.santjosep.net\/de\/cala-dhort-sant-josep-ibiza\/"},"modified":"2017-03-06T16:10:39","modified_gmt":"2017-03-06T16:10:39","slug":"cala-dhort-sant-josep-ibiza","status":"publish","type":"post","link":"https:\/\/www.santjosep.net\/de\/cala-dhort-sant-josep-ibiza\/","title":{"rendered":"Der Strand von Cala d\u2019Hort in Sant Josep \u2013 Ibiza"},"content":{"rendered":"<p><span style=\"font-weight: 400;\">Der Strand von Cala d\u2019Hort gegen\u00fcber der Felseninsel Es Vedr\u00e0 geh\u00f6rt wohl zu den bekanntesten Wahrzeichen Ibizas. Er befindet sich im S\u00fcdwesten der Insel inmitten von zerkl\u00fcfteten Steilklippen. Wei\u00dfer Sand und glasklares, ruhiges Wasser machen den Strand zu einem Erlebnis. Ein weiterer Pluspunkt sind die Restaurants, in denen man die traditionelle maritime K\u00fcche entdecken kann. F\u00fcr einen perfekten Tag am Strand ist dies genau der richtige Ort. <\/span><\/p>\n","protected":false},"excerpt":{"rendered":"<p>Der Strand von Cala d\u2019Hort gegen\u00fcber der Felseninsel Es Vedr\u00e0 geh\u00f6rt wohl zu den bekanntesten Wahrzeichen Ibizas. Er befindet sich im S\u00fcdwesten der Insel inmitten von zerkl\u00fcfteten Steilklippen. Wei\u00dfer Sand und glasklares, ruhiges Wasser machen den Strand zu einem Erlebnis. [&hellip;]<\/p>\n","protected":false},"author":1,"featured_media":7200,"comment_status":"open","ping_status":"open","sticky":false,"template":"","format":"video","meta":{"_acf_changed":false,"inline_featured_image":false,"footnotes":""},"categories":[157,161,173,155],"tags":[],"class_list":["post-7203","post","type-post","status-publish","format-video","has-post-thumbnail","hentry","category-landstrich","category-rounten","category-straende","category-video-de","post_format-post-format-video"],"acf":[],"geo":null,"yoast_head":"<!-- This site is optimized with the Yoast SEO plugin v25.7 - https:\/\/yoast.com\/wordpress\/plugins\/seo\/ -->\n<title>Der Strand von Cala d\u2019Hort in Sant Josep \u2013 Ibiza - Santjosep.net<\/title>\n<meta name=\"description\" content=\"La playa de Cala d&#039;Hort frente al islote de Es Vedr\u00e0 es uno de los lugares m\u00e1s emblem\u00e1ticos de la isla de Ibiza.\" \/>\n<meta name=\"robots\" content=\"index, follow, max-snippet:-1, max-image-preview:large, max-video-preview:-1\" \/>\n<link rel=\"canonical\" href=\"https:\/\/www.santjosep.net\/de\/cala-dhort-sant-josep-ibiza\/\" \/>\n<meta property=\"og:locale\" content=\"de_DE\" \/>\n<meta property=\"og:type\" content=\"article\" \/>\n<meta property=\"og:title\" content=\"Der Strand von Cala d\u2019Hort in Sant Josep \u2013 Ibiza - Santjosep.net\" \/>\n<meta property=\"og:description\" content=\"La playa de Cala d&#039;Hort frente al islote de Es Vedr\u00e0 es uno de los lugares m\u00e1s emblem\u00e1ticos de la isla de Ibiza.\" \/>\n<meta property=\"og:url\" content=\"https:\/\/www.santjosep.net\/de\/cala-dhort-sant-josep-ibiza\/\" \/>\n<meta property=\"og:site_name\" content=\"Santjosep.net\" \/>\n<meta property=\"article:published_time\" content=\"2016-07-21T07:38:32+00:00\" \/>\n<meta property=\"article:modified_time\" content=\"2017-03-06T16:10:39+00:00\" \/>\n<meta property=\"og:image\" content=\"https:\/\/www.santjosep.net\/wp-content\/uploads\/2016\/07\/covercaladhort.jpg\" \/>\n\t<meta property=\"og:image:width\" content=\"1000\" \/>\n\t<meta property=\"og:image:height\" content=\"667\" \/>\n\t<meta property=\"og:image:type\" content=\"image\/jpeg\" \/>\n<meta name=\"author\" content=\"Sant Josep\" \/>\n<meta name=\"twitter:card\" content=\"summary_large_image\" \/>\n<meta name=\"twitter:label1\" content=\"Verfasst von\" \/>\n\t<meta name=\"twitter:data1\" content=\"Sant Josep\" \/>\n<script type=\"application\/ld+json\" class=\"yoast-schema-graph\">{\"@context\":\"https:\/\/schema.org\",\"@graph\":[{\"@type\":\"WebPage\",\"@id\":\"https:\/\/www.santjosep.net\/de\/cala-dhort-sant-josep-ibiza\/\",\"url\":\"https:\/\/www.santjosep.net\/de\/cala-dhort-sant-josep-ibiza\/\",\"name\":\"Der Strand von Cala d\u2019Hort in Sant Josep \u2013 Ibiza - Santjosep.net\",\"isPartOf\":{\"@id\":\"https:\/\/www.santjosep.net\/#website\"},\"primaryImageOfPage\":{\"@id\":\"https:\/\/www.santjosep.net\/de\/cala-dhort-sant-josep-ibiza\/#primaryimage\"},\"image\":{\"@id\":\"https:\/\/www.santjosep.net\/de\/cala-dhort-sant-josep-ibiza\/#primaryimage\"},\"thumbnailUrl\":\"https:\/\/www.santjosep.net\/wp-content\/uploads\/2016\/07\/covercaladhort.jpg\",\"datePublished\":\"2016-07-21T07:38:32+00:00\",\"dateModified\":\"2017-03-06T16:10:39+00:00\",\"author\":{\"@id\":\"https:\/\/www.santjosep.net\/#\/schema\/person\/b60e56f94e4e55776eb62bf4293f99b6\"},\"description\":\"La playa de Cala d'Hort frente al islote de Es Vedr\u00e0 es uno de los lugares m\u00e1s emblem\u00e1ticos de la isla de Ibiza.\",\"inLanguage\":\"de\",\"potentialAction\":[{\"@type\":\"ReadAction\",\"target\":[\"https:\/\/www.santjosep.net\/de\/cala-dhort-sant-josep-ibiza\/\"]}]},{\"@type\":\"ImageObject\",\"inLanguage\":\"de\",\"@id\":\"https:\/\/www.santjosep.net\/de\/cala-dhort-sant-josep-ibiza\/#primaryimage\",\"url\":\"https:\/\/www.santjosep.net\/wp-content\/uploads\/2016\/07\/covercaladhort.jpg\",\"contentUrl\":\"https:\/\/www.santjosep.net\/wp-content\/uploads\/2016\/07\/covercaladhort.jpg\",\"width\":1000,\"height\":667},{\"@type\":\"WebSite\",\"@id\":\"https:\/\/www.santjosep.net\/#website\",\"url\":\"https:\/\/www.santjosep.net\/\",\"name\":\"Santjosep.net\",\"description\":\"\",\"potentialAction\":[{\"@type\":\"SearchAction\",\"target\":{\"@type\":\"EntryPoint\",\"urlTemplate\":\"https:\/\/www.santjosep.net\/?s={search_term_string}\"},\"query-input\":{\"@type\":\"PropertyValueSpecification\",\"valueRequired\":true,\"valueName\":\"search_term_string\"}}],\"inLanguage\":\"de\"},{\"@type\":\"Person\",\"@id\":\"https:\/\/www.santjosep.net\/#\/schema\/person\/b60e56f94e4e55776eb62bf4293f99b6\",\"name\":\"Sant Josep\",\"image\":{\"@type\":\"ImageObject\",\"inLanguage\":\"de\",\"@id\":\"https:\/\/www.santjosep.net\/#\/schema\/person\/image\/\",\"url\":\"https:\/\/secure.gravatar.com\/avatar\/2f4071817a97d2499c5aae9674ee15015b5a3c7c0974ca84f095a8e4aadcda56?s=96&d=mm&r=g\",\"contentUrl\":\"https:\/\/secure.gravatar.com\/avatar\/2f4071817a97d2499c5aae9674ee15015b5a3c7c0974ca84f095a8e4aadcda56?s=96&d=mm&r=g\",\"caption\":\"Sant Josep\"},\"url\":\"https:\/\/www.santjosep.net\/de\/author\/fugrafic\/\"}]}<\/script>\n<!-- \/ Yoast SEO plugin. -->","yoast_head_json":{"title":"Der Strand von Cala d\u2019Hort in Sant Josep \u2013 Ibiza - Santjosep.net","description":"La playa de Cala d'Hort frente al islote de Es Vedr\u00e0 es uno de los lugares m\u00e1s emblem\u00e1ticos de la isla de Ibiza.","robots":{"index":"index","follow":"follow","max-snippet":"max-snippet:-1","max-image-preview":"max-image-preview:large","max-video-preview":"max-video-preview:-1"},"canonical":"https:\/\/www.santjosep.net\/de\/cala-dhort-sant-josep-ibiza\/","og_locale":"de_DE","og_type":"article","og_title":"Der Strand von Cala d\u2019Hort in Sant Josep \u2013 Ibiza - Santjosep.net","og_description":"La playa de Cala d'Hort frente al islote de Es Vedr\u00e0 es uno de los lugares m\u00e1s emblem\u00e1ticos de la isla de Ibiza.","og_url":"https:\/\/www.santjosep.net\/de\/cala-dhort-sant-josep-ibiza\/","og_site_name":"Santjosep.net","article_published_time":"2016-07-21T07:38:32+00:00","article_modified_time":"2017-03-06T16:10:39+00:00","og_image":[{"width":1000,"height":667,"url":"https:\/\/www.santjosep.net\/wp-content\/uploads\/2016\/07\/covercaladhort.jpg","type":"image\/jpeg"}],"author":"Sant Josep","twitter_card":"summary_large_image","twitter_misc":{"Verfasst von":"Sant Josep"},"schema":{"@context":"https:\/\/schema.org","@graph":[{"@type":"WebPage","@id":"https:\/\/www.santjosep.net\/de\/cala-dhort-sant-josep-ibiza\/","url":"https:\/\/www.santjosep.net\/de\/cala-dhort-sant-josep-ibiza\/","name":"Der Strand von Cala d\u2019Hort in Sant Josep \u2013 Ibiza - Santjosep.net","isPartOf":{"@id":"https:\/\/www.santjosep.net\/#website"},"primaryImageOfPage":{"@id":"https:\/\/www.santjosep.net\/de\/cala-dhort-sant-josep-ibiza\/#primaryimage"},"image":{"@id":"https:\/\/www.santjosep.net\/de\/cala-dhort-sant-josep-ibiza\/#primaryimage"},"thumbnailUrl":"https:\/\/www.santjosep.net\/wp-content\/uploads\/2016\/07\/covercaladhort.jpg","datePublished":"2016-07-21T07:38:32+00:00","dateModified":"2017-03-06T16:10:39+00:00","author":{"@id":"https:\/\/www.santjosep.net\/#\/schema\/person\/b60e56f94e4e55776eb62bf4293f99b6"},"description":"La playa de Cala d'Hort frente al islote de Es Vedr\u00e0 es uno de los lugares m\u00e1s emblem\u00e1ticos de la isla de Ibiza.","inLanguage":"de","potentialAction":[{"@type":"ReadAction","target":["https:\/\/www.santjosep.net\/de\/cala-dhort-sant-josep-ibiza\/"]}]},{"@type":"ImageObject","inLanguage":"de","@id":"https:\/\/www.santjosep.net\/de\/cala-dhort-sant-josep-ibiza\/#primaryimage","url":"https:\/\/www.santjosep.net\/wp-content\/uploads\/2016\/07\/covercaladhort.jpg","contentUrl":"https:\/\/www.santjosep.net\/wp-content\/uploads\/2016\/07\/covercaladhort.jpg","width":1000,"height":667},{"@type":"WebSite","@id":"https:\/\/www.santjosep.net\/#website","url":"https:\/\/www.santjosep.net\/","name":"Santjosep.net","description":"","potentialAction":[{"@type":"SearchAction","target":{"@type":"EntryPoint","urlTemplate":"https:\/\/www.santjosep.net\/?s={search_term_string}"},"query-input":{"@type":"PropertyValueSpecification","valueRequired":true,"valueName":"search_term_string"}}],"inLanguage":"de"},{"@type":"Person","@id":"https:\/\/www.santjosep.net\/#\/schema\/person\/b60e56f94e4e55776eb62bf4293f99b6","name":"Sant Josep","image":{"@type":"ImageObject","inLanguage":"de","@id":"https:\/\/www.santjosep.net\/#\/schema\/person\/image\/","url":"https:\/\/secure.gravatar.com\/avatar\/2f4071817a97d2499c5aae9674ee15015b5a3c7c0974ca84f095a8e4aadcda56?s=96&d=mm&r=g","contentUrl":"https:\/\/secure.gravatar.com\/avatar\/2f4071817a97d2499c5aae9674ee15015b5a3c7c0974ca84f095a8e4aadcda56?s=96&d=mm&r=g","caption":"Sant Josep"},"url":"https:\/\/www.santjosep.net\/de\/author\/fugrafic\/"}]}},"_links":{"self":[{"href":"https:\/\/www.santjosep.net\/de\/wp-json\/wp\/v2\/posts\/7203","targetHints":{"allow":["GET"]}}],"collection":[{"href":"https:\/\/www.santjosep.net\/de\/wp-json\/wp\/v2\/posts"}],"about":[{"href":"https:\/\/www.santjosep.net\/de\/wp-json\/wp\/v2\/types\/post"}],"author":[{"embeddable":true,"href":"https:\/\/www.santjosep.net\/de\/wp-json\/wp\/v2\/users\/1"}],"replies":[{"embeddable":true,"href":"https:\/\/www.santjosep.net\/de\/wp-json\/wp\/v2\/comments?post=7203"}],"version-history":[{"count":0,"href":"https:\/\/www.santjosep.net\/de\/wp-json\/wp\/v2\/posts\/7203\/revisions"}],"wp:featuredmedia":[{"embeddable":true,"href":"https:\/\/www.santjosep.net\/de\/wp-json\/wp\/v2\/media\/7200"}],"wp:attachment":[{"href":"https:\/\/www.santjosep.net\/de\/wp-json\/wp\/v2\/media?parent=7203"}],"wp:term":[{"taxonomy":"category","embeddable":true,"href":"https:\/\/www.santjosep.net\/de\/wp-json\/wp\/v2\/categories?post=7203"},{"taxonomy":"post_tag","embeddable":true,"href":"https:\/\/www.santjosep.net\/de\/wp-json\/wp\/v2\/tags?post=7203"}],"curies":[{"name":"wp","href":"https:\/\/api.w.org\/{rel}","templated":true}]}}