{"id":6446,"date":"2014-11-10T17:30:20","date_gmt":"2014-11-10T17:30:20","guid":{"rendered":"https:\/\/www.santjosep.net\/de\/visita-al-parque-natural-de-ses-salines\/"},"modified":"2020-01-22T11:30:15","modified_gmt":"2020-01-22T10:30:15","slug":"visita-al-parque-natural-de-ses-salines","status":"publish","type":"post","link":"https:\/\/www.santjosep.net\/de\/visita-al-parque-natural-de-ses-salines\/","title":{"rendered":"Ein Besuch im Naturschutzgebiet Ses Salines"},"content":{"rendered":"<p>&nbsp;<\/p>\n<p>Eine der sch\u00f6nsten Gegenden in Ibiza ist das Gebiet um Ses Salines, das sich im S\u00fcden der Insel befindet und 2001 zum Naturschutzgebiet erkl\u00e4rt wurde. Vor hunderten von Jahren wurde hier mit der Salzgewinnung begonnen, was die Landschaft besonders gepr\u00e4gt hat. In diesem Feuchtgebiet ruhen und nisten zahlreiche Zugv\u00f6gel, die hier auf ihren weiten Reisen eine Pause einlegen. Die 3.000 Hektar Land und 13.000 Hektar Meer beherbergen nicht nur eine gro\u00dfe Artenvielfalt und sch\u00f6ne Landschaften, sondern auch viel Geschichte und Kultur.<\/p>\n<p><img decoding=\"async\" class=\"alwaysThinglink\" style=\"max-width: 100%;\" src=\"\/\/cdn.thinglink.me\/api\/image\/588416374880075776\/1024\/10\/scaletowidth#tl-588416374880075776;1043138249'\" alt=\"\" \/><script src=\"\/\/cdn.thinglink.me\/jse\/embed.js\" async=\"\" type=\"text\/javascript\" charset=\"utf-8\"><\/script><\/p>\n<p>n der K\u00fcstenlandschaft des Naturschutzgebietes findet ein perfektes Zusammenspiel der \u00d6kosysteme Meer und K\u00fcste statt. Das hier vorkommende Neptungras wurde 1999 zum UNESCO-Welterbe ernannt und zum besterhaltenen Vorkommen dieser Art im Mittelmeer erkl\u00e4rt. Insgesamt haben hier am Meeresboden 220 verschiedene Spezies ihren Lebensraum.<\/p>\n<p>[one_third]<\/p>\n<p>Landkarte von Google Maps.<\/p>\n<p>[\/one_third]<br \/>\n[two_thirds_last]<iframe loading=\"lazy\" src=\"https:\/\/mapsengine.google.com\/map\/embed?mid=znaHCaX734e8.kdRQQfS5G6lY\" width=\"540\" height=\"320\"><\/iframe> [\/two_thirds_last]<\/p>\n<p>Wenn Sie den Park besichtigen m\u00f6chten, sollten Sie den folgenden neun Orten auf jeden Fall einen Besuch abstatten..<\/p>\n<h2 id=\"rossa\">1. Torre de Sal Rossa bzw. Torre des Carregador<\/h2>\n<p>[one_whole]<div id=\"new-royalslider-1\" class=\"royalSlider new-royalslider-1 rsDefaultInv rs-default-template\" style=\"width:100%;height:533px;;\" data-rs-options='{&quot;template&quot;:&quot;default&quot;,&quot;image_generation&quot;:{&quot;imageWidth&quot;:&quot;&quot;,&quot;imageHeight&quot;:&quot;&quot;,&quot;thumbImageWidth&quot;:&quot;&quot;,&quot;thumbImageHeight&quot;:&quot;&quot;},&quot;thumbs&quot;:{&quot;thumbWidth&quot;:96,&quot;thumbHeight&quot;:72},&quot;autoPlay&quot;:{&quot;delay&quot;:5000},&quot;block&quot;:{&quot;moveOffset&quot;:20,&quot;speed&quot;:400,&quot;delay&quot;:200},&quot;width&quot;:&quot;100%&quot;,&quot;height&quot;:533,&quot;autoScaleSlider&quot;:&quot;true&quot;,&quot;autoScaleSliderHeight&quot;:533,&quot;imageScalePadding&quot;:0,&quot;arrowsNavAutoHide&quot;:&quot;false&quot;,&quot;globalCaption&quot;:&quot;true&quot;}'>\n<div class=\"rsContent\">\n  <img decoding=\"async\" class=\"rsImg\" src=\"https:\/\/www.santjosep.net\/wp-content\/uploads\/2014\/11\/IMG_6095-1024x682.jpg\" alt=\"Torre de Sal Rossa o des carregador\"\/>\n  \n  \n  \n<\/div>\n<div class=\"rsContent\">\n  <img decoding=\"async\" class=\"rsImg\" src=\"https:\/\/www.santjosep.net\/wp-content\/uploads\/2014\/11\/IMG_1177-1024x682.jpg\" alt=\"Torre de Sal Rossa o des carregador\"\/>\n  \n  \n  \n<\/div>\n\n<\/div>\n [\/one_whole]<\/p>\n<p>Eines der Schmuckst\u00fccke des Naturschutgebietes ist der Wehrturm, der im 16. Jahrhundert gebaut wurde, um die Inselbewohner und die Salzarbeiter vor Piratenangriffen zu besch\u00fctzen. Der Turm wird auch Torre des Carregador genannt, in Anlehnung an die katalanische Bezeichnung \u201ecarregador\u201c f\u00fcr Tr\u00e4ger (gemeint sind hier die Salzarbeiter). Am Fu\u00dfe des Turms befinden sich die typischen einfachen H\u00e4uschen oder H\u00fctten, in denen die Fischer ihre traditionellen Boote (lla\u00fcts) unterstellen. Steigen Sie hinter dem Turm auf den H\u00fcgel, denn von dort haben Sie einen wunderbaren Ausblick auf den Strand Playa d\u2019en Bossa. Wenn Sie den R\u00fcckweg antreten, halten Sie sich rechts, mit dem Turm hinter Ihnen. Auf diesem Weg k\u00f6nnen Sie dann die ersten Salzbecken des Parks besuchen.<\/p>\n<h2>2. Ein guter Ort, um V\u00f6gel zu beobachten<\/h2>\n<p>[one_whole]<div id=\"new-royalslider-2\" class=\"royalSlider new-royalslider-2 rsDefaultInv rs-default-template\" style=\"width:100%;height:533px;;\" data-rs-options='{&quot;template&quot;:&quot;default&quot;,&quot;image_generation&quot;:{&quot;imageWidth&quot;:&quot;&quot;,&quot;imageHeight&quot;:&quot;&quot;,&quot;thumbImageWidth&quot;:&quot;&quot;,&quot;thumbImageHeight&quot;:&quot;&quot;},&quot;thumbs&quot;:{&quot;thumbWidth&quot;:96,&quot;thumbHeight&quot;:72},&quot;autoPlay&quot;:{&quot;delay&quot;:5000},&quot;block&quot;:{&quot;moveOffset&quot;:20,&quot;speed&quot;:400,&quot;delay&quot;:200},&quot;width&quot;:&quot;100%&quot;,&quot;height&quot;:533,&quot;autoScaleSlider&quot;:&quot;true&quot;,&quot;autoScaleSliderHeight&quot;:533,&quot;imageScaleMode&quot;:&quot;fill&quot;,&quot;imageScalePadding&quot;:0,&quot;arrowsNavAutoHide&quot;:&quot;false&quot;}'>\n<div class=\"rsContent\">\n  <img decoding=\"async\" class=\"rsImg\" src=\"https:\/\/www.santjosep.net\/wp-content\/uploads\/2019\/02\/P1083884-1024x768.jpg\" alt=\"P1083884\"\/>\n  \n  \n  \n<\/div>\n<div class=\"rsContent\">\n  <img decoding=\"async\" class=\"rsImg\" src=\"https:\/\/www.santjosep.net\/wp-content\/uploads\/2019\/02\/P1083826-1024x768.jpg\" alt=\"P1083826\"\/>\n  \n  \n  \n<\/div>\n<div class=\"rsContent\">\n  <img decoding=\"async\" class=\"rsImg\" src=\"https:\/\/www.santjosep.net\/wp-content\/uploads\/2019\/02\/P1083914-1024x768.jpg\" alt=\"P1083914\"\/>\n  \n  \n  \n<\/div>\n<div class=\"rsContent\">\n  <img decoding=\"async\" class=\"rsImg\" src=\"https:\/\/www.santjosep.net\/wp-content\/uploads\/2019\/02\/P1083955-1024x768.jpg\" alt=\"P1083955\"\/>\n  \n  \n  \n<\/div>\n<div class=\"rsContent\">\n  <img decoding=\"async\" class=\"rsImg\" src=\"https:\/\/www.santjosep.net\/wp-content\/uploads\/2014\/11\/IMG_9709-1024x682.jpg\" alt=\"Caseta aves\"\/>\n  \n  \n  \n<\/div>\n\n<\/div>\n [\/one_whole]<\/p>\n<p>Eine weitere wichtige Attraktion sind die V\u00f6gel, die in dem Naturschutzgebiet nisten. Lassen Sie sich auf keinen Fall die Aussichtsplattform entgehen, von der aus man die V\u00f6gel hervorragend beobachten und Fotos machen kann. Vor allem trifft man hier auf Flamingos, tausende Exemplare kommen von August bis Oktober auf die Insel, um hier zu \u00fcberwintern. Andere nutzen das Gebiet, um eine Pause auf ihrer Reise in w\u00e4rmere Gefilde auf dem afrikanischen Kontinent einzulegen. Weitere Vogelarten wie Flussregenpfeifer, Stelzenl\u00e4ufer, Reiher und viele mehr sind im Park zu beobachten<\/p>\n<h2>3. Cap des Falc\u00f3<\/h2>\n<p>[one_whole]<div id=\"new-royalslider-3\" class=\"royalSlider new-royalslider-3 rsDefaultInv rs-default-template\" style=\"width:100%;height:533px;;\" data-rs-options='{&quot;template&quot;:&quot;default&quot;,&quot;image_generation&quot;:{&quot;imageWidth&quot;:&quot;&quot;,&quot;imageHeight&quot;:&quot;&quot;,&quot;thumbImageWidth&quot;:&quot;&quot;,&quot;thumbImageHeight&quot;:&quot;&quot;},&quot;thumbs&quot;:{&quot;thumbWidth&quot;:96,&quot;thumbHeight&quot;:72},&quot;autoPlay&quot;:{&quot;delay&quot;:5000},&quot;block&quot;:{&quot;moveOffset&quot;:20,&quot;speed&quot;:400,&quot;delay&quot;:200},&quot;width&quot;:&quot;100%&quot;,&quot;height&quot;:533,&quot;autoScaleSlider&quot;:&quot;true&quot;,&quot;autoScaleSliderHeight&quot;:533,&quot;imageScalePadding&quot;:0,&quot;arrowsNavAutoHide&quot;:&quot;false&quot;,&quot;globalCaption&quot;:&quot;true&quot;}'>\n<div class=\"rsContent\">\n  <img decoding=\"async\" class=\"rsImg\" src=\"https:\/\/www.santjosep.net\/wp-content\/uploads\/2014\/11\/capdesfalco_IMG_0198-1024x682.jpg\" alt=\"Cap des Falc\u00f3\"\/>\n  \n  \n  \n<\/div>\n<div class=\"rsContent\">\n  <img decoding=\"async\" class=\"rsImg\" src=\"https:\/\/www.santjosep.net\/wp-content\/uploads\/2014\/11\/IMG_6167-1024x682.jpg\" alt=\"Cap des Falc\u00f3\"\/>\n  \n  \n  \n<\/div>\n<div class=\"rsContent\">\n  <img decoding=\"async\" class=\"rsImg\" src=\"https:\/\/www.santjosep.net\/wp-content\/uploads\/2014\/11\/IMG_9849_4272-x-2848-1024x682.jpg\" alt=\"Cap des Falc\u00f3\"\/>\n  \n  \n  \n<\/div>\n\n<\/div>\n [\/one_whole]<\/p>\n<p>Das K\u00fcstenmassiv liegt im Westen des Naturschutzgebietes zwischen den Str\u00e4nden Platges des C\u00f2dols im Norden. Hierhin gelangt man auf einem unbefestigten Weg, der parallel zu den Salzbecken und den riesigen Salzbergen verl\u00e4uft, die auf ihren Export warten. Die geographische Besonderheit des Massivs seine Form, die einem Falkenkopf gleicht, daher auch der Name (\u201efalc\u00f3\u201c ist das katalanische Wort f\u00fcr Falke). Von der Klippe aus hat man einen wunderbaren Blick auf die K\u00fcste, die Salzbecken, den Strand des Codolar und selbst die Spitze der Felseninsel Es Vedr\u00e0 ist im Hintergrund zu sehen. Das Gebiet besitzt gro\u00dfe \u00f6kologische Bedeutung, beispielsweise leben hier das einzige Brutpaar des Wanderfalken und das einzige Exemplar des Fischadlers. Das Cap des Falc\u00f3 ist zudem ein fast magisch sch\u00f6ner Ort, um den Sonnenuntergang zu genie\u00dfen.<\/p>\n<h2>4. Platja des Cavallet<\/h2>\n<p>[one_whole]<div id=\"new-royalslider-4\" class=\"royalSlider new-royalslider-4 rsDefaultInv rs-default-template\" style=\"width:100%;height:533px;;\" data-rs-options='{&quot;template&quot;:&quot;default&quot;,&quot;image_generation&quot;:{&quot;imageWidth&quot;:&quot;&quot;,&quot;imageHeight&quot;:&quot;&quot;,&quot;thumbImageWidth&quot;:&quot;&quot;,&quot;thumbImageHeight&quot;:&quot;&quot;},&quot;thumbs&quot;:{&quot;thumbWidth&quot;:96,&quot;thumbHeight&quot;:72},&quot;autoPlay&quot;:{&quot;delay&quot;:5000},&quot;block&quot;:{&quot;moveOffset&quot;:20,&quot;speed&quot;:400,&quot;delay&quot;:200},&quot;width&quot;:&quot;100%&quot;,&quot;height&quot;:533,&quot;autoScaleSlider&quot;:&quot;true&quot;,&quot;autoScaleSliderHeight&quot;:533,&quot;imageScaleMode&quot;:&quot;fill&quot;,&quot;imageScalePadding&quot;:0,&quot;arrowsNavAutoHide&quot;:&quot;false&quot;}'>\n<div class=\"rsContent\">\n  <img decoding=\"async\" class=\"rsImg\" src=\"https:\/\/www.santjosep.net\/wp-content\/uploads\/2019\/02\/P1085473-1024x768.jpg\" alt=\"P1085473\"\/>\n  \n  \n  \n<\/div>\n<div class=\"rsContent\">\n  <img decoding=\"async\" class=\"rsImg\" src=\"https:\/\/www.santjosep.net\/wp-content\/uploads\/2019\/02\/P1085493-1024x768.jpg\" alt=\"P1085493\"\/>\n  \n  \n  \n<\/div>\n<div class=\"rsContent\">\n  <img decoding=\"async\" class=\"rsImg\" src=\"https:\/\/www.santjosep.net\/wp-content\/uploads\/2019\/02\/P1085528-1024x768.jpg\" alt=\"P1085528\"\/>\n  \n  \n  \n<\/div>\n<div class=\"rsContent\">\n  <img decoding=\"async\" class=\"rsImg\" src=\"https:\/\/www.santjosep.net\/wp-content\/uploads\/2019\/02\/P1085505-1024x768.jpg\" alt=\"P1085505\"\/>\n  \n  \n  \n<\/div>\n<div class=\"rsContent\">\n  <img decoding=\"async\" class=\"rsImg\" src=\"https:\/\/www.santjosep.net\/wp-content\/uploads\/2019\/02\/P1085373-1024x768.jpg\" alt=\"P1085373\"\/>\n  \n  \n  \n<\/div>\n\n<\/div>\n [\/one_whole]<\/p>\n<p>Vom Strand Es Cavallet aus hat man einen ausgezeichneten Panoramablick \u00fcber das Naturschutzgebiet, dazu muss man auf die H\u00fcgel hinter der Kapelle Sa Revista steigen. Der naturbelassene und wilde Strand ist sehr lang und blickt auf ein klares Meer hinaus. Seine D\u00fcnen sind unerl\u00e4sslich f\u00fcr den Schutz des Strandes und der Vegetation. Der Strand eignet sich perfekt f\u00fcr einen Spaziergang am Meer und eine Besichtigung des Wehrturms Torre de Ses Portes. Sie k\u00f6nnen auch neben den Salzbecken auf einem kleinen Weg entlanglaufen, der sich hinter dem Strand befindet. Es Cavallet war einer der ersten FKK-Str\u00e4nde Spaniens.<\/p>\n<h2>5. Torre de Ses Portes<\/h2>\n<p>[one_whole]<div id=\"new-royalslider-5\" class=\"royalSlider new-royalslider-5 rsDefaultInv rs-default-template\" style=\"width:100%;height:533px;;\" data-rs-options='{&quot;template&quot;:&quot;default&quot;,&quot;image_generation&quot;:{&quot;imageWidth&quot;:&quot;&quot;,&quot;imageHeight&quot;:&quot;&quot;,&quot;thumbImageWidth&quot;:&quot;&quot;,&quot;thumbImageHeight&quot;:&quot;&quot;},&quot;thumbs&quot;:{&quot;thumbWidth&quot;:96,&quot;thumbHeight&quot;:72},&quot;autoPlay&quot;:{&quot;delay&quot;:5000},&quot;block&quot;:{&quot;moveOffset&quot;:20,&quot;speed&quot;:400,&quot;delay&quot;:200},&quot;width&quot;:&quot;100%&quot;,&quot;height&quot;:533,&quot;autoScaleSlider&quot;:&quot;true&quot;,&quot;autoScaleSliderHeight&quot;:533,&quot;imageScalePadding&quot;:0,&quot;arrowsNavAutoHide&quot;:&quot;false&quot;,&quot;globalCaption&quot;:&quot;true&quot;}'>\n<div class=\"rsContent\">\n  <img decoding=\"async\" class=\"rsImg\" src=\"https:\/\/www.santjosep.net\/wp-content\/uploads\/2014\/11\/IMG_9409-1024x682.jpg\" alt=\"Torre de Ses Portes\"\/>\n  \n  \n  \n<\/div>\n<div class=\"rsContent\">\n  <img decoding=\"async\" class=\"rsImg\" src=\"https:\/\/www.santjosep.net\/wp-content\/uploads\/2014\/11\/IMG_9399-1024x682.jpg\" alt=\"Vistas a Formentera\"\/>\n  \n  \n  \n<\/div>\n<div class=\"rsContent\">\n  <img decoding=\"async\" class=\"rsImg\" src=\"https:\/\/www.santjosep.net\/wp-content\/uploads\/2014\/11\/IMG_9378-1024x682.jpg\" alt=\"Torre de Ses Portes\"\/>\n  \n  \n  \n<\/div>\n\n<\/div>\n [\/one_whole]<\/p>\n<p>Der kegelf\u00f6rmige Wehrturm mit seinen zwei Stockwerken ist auf das 16. Jahrhundert datiert. Zun\u00e4chst wurde er, wie auch der Turm auf der Felseninsel S\u00b4Espalmador, mit schwerem Gesch\u00fctz ausger\u00fcstet, um den Fischern Schutz zu gew\u00e4hren. Mit der Zeit wurde er zu einem wichtigen strategischen Punkt f\u00fcr die Meeresenge zwischen Ibiza und Formentera. So wurde der Zugang nach Ibiza-Stadt vor Piratenangriffen gesch\u00fctzt. Heute kann man von diesem architektonischen Schmuckst\u00fcck aus wunderbar \u00fcber die Meeresenge Es Freus, die die beiden Inseln voneinander trennt, auf die K\u00fcste Formenteras blicken.<\/p>\n<h2>6. Sa Canal<\/h2>\n<p>[one_whole]<div id=\"new-royalslider-6\" class=\"royalSlider new-royalslider-6 rsDefaultInv rs-default-template\" style=\"width:100%;height:533px;;\" data-rs-options='{&quot;template&quot;:&quot;default&quot;,&quot;image_generation&quot;:{&quot;imageWidth&quot;:&quot;&quot;,&quot;imageHeight&quot;:&quot;&quot;,&quot;thumbImageWidth&quot;:&quot;&quot;,&quot;thumbImageHeight&quot;:&quot;&quot;},&quot;thumbs&quot;:{&quot;thumbWidth&quot;:96,&quot;thumbHeight&quot;:72},&quot;autoPlay&quot;:{&quot;delay&quot;:5000},&quot;block&quot;:{&quot;moveOffset&quot;:20,&quot;speed&quot;:400,&quot;delay&quot;:200},&quot;width&quot;:&quot;100%&quot;,&quot;height&quot;:533,&quot;autoScaleSlider&quot;:&quot;true&quot;,&quot;autoScaleSliderHeight&quot;:533,&quot;imageScalePadding&quot;:0,&quot;arrowsNavAutoHide&quot;:&quot;false&quot;,&quot;globalCaption&quot;:&quot;true&quot;}'>\n<div class=\"rsContent\">\n  <img decoding=\"async\" class=\"rsImg\" src=\"https:\/\/www.santjosep.net\/wp-content\/uploads\/2014\/11\/IMG_9815_4193-x-2795-1024x682.jpg\" alt=\"Sa Canal\"\/>\n  \n  \n  \n<\/div>\n<div class=\"rsContent\">\n  <img decoding=\"async\" class=\"rsImg\" src=\"https:\/\/www.santjosep.net\/wp-content\/uploads\/2014\/11\/IMG_2768_4272-x-2848-1024x682.jpg\" alt=\"Ses Salines\"\/>\n  \n  \n  \n<\/div>\n<div class=\"rsContent\">\n  <img decoding=\"async\" class=\"rsImg\" src=\"https:\/\/www.santjosep.net\/wp-content\/uploads\/2014\/11\/sacanal_IMG_6111-1024x682.jpg\" alt=\"Sa Canal\"\/>\n  \n  \n  \n<\/div>\n\n<\/div>\n [\/one_whole]<\/p>\n<p>Der kleine Ort befindet sich hinter Ses Salines. An einem Ende des Strandes liegt ein Kai, an dem Frachtschiffe das Salz verladen. Hier kann man noch die Schienen sehen, auf denen damals eine kleine Bahn fuhr, die das Salz zu der Anlegestelle brachte. Auch heute wird das Salz in Sa Canal verladen, von wo aus es dann nach Nordeuropa verschifft wird und dort vor allem im Winter als Streusalz Verwendung findet.<\/p>\n<h2>7. Sant Francesc de S\u00b4Estany<\/h2>\n<p>[one_whole]<div id=\"new-royalslider-7\" class=\"royalSlider new-royalslider-7 rsDefaultInv rs-default-template\" style=\"width:100%;height:533px;;\" data-rs-options='{&quot;template&quot;:&quot;default&quot;,&quot;image_generation&quot;:{&quot;imageWidth&quot;:&quot;&quot;,&quot;imageHeight&quot;:&quot;&quot;,&quot;thumbImageWidth&quot;:&quot;&quot;,&quot;thumbImageHeight&quot;:&quot;&quot;},&quot;thumbs&quot;:{&quot;thumbWidth&quot;:96,&quot;thumbHeight&quot;:72},&quot;autoPlay&quot;:{&quot;delay&quot;:5000},&quot;block&quot;:{&quot;moveOffset&quot;:20,&quot;speed&quot;:400,&quot;delay&quot;:200},&quot;width&quot;:&quot;100%&quot;,&quot;height&quot;:533,&quot;autoScaleSlider&quot;:&quot;true&quot;,&quot;autoScaleSliderHeight&quot;:533,&quot;imageScalePadding&quot;:0,&quot;arrowsNavAutoHide&quot;:&quot;false&quot;,&quot;globalCaption&quot;:&quot;true&quot;}'>\n<div class=\"rsContent\">\n  <img decoding=\"async\" class=\"rsImg\" src=\"https:\/\/www.santjosep.net\/wp-content\/uploads\/2014\/11\/IMG_6197-1024x682.jpg\" alt=\"Sant Francesc\"\/>\n  \n  \n  \n<\/div>\n<div class=\"rsContent\">\n  <img decoding=\"async\" class=\"rsImg\" src=\"https:\/\/www.santjosep.net\/wp-content\/uploads\/2014\/11\/IMG_0033-1024x682.jpg\" alt=\"Sant Francesc\"\/>\n  \n  \n  \n<\/div>\n<div class=\"rsContent\">\n  <img decoding=\"async\" class=\"rsImg\" src=\"https:\/\/www.santjosep.net\/wp-content\/uploads\/2014\/11\/sessalines_sunset_IMG_1413-1024x682.jpg\" alt=\"Sant Francesc\"\/>\n  \n  \n  \n<\/div>\n<div class=\"rsContent\">\n  <img decoding=\"async\" class=\"rsImg\" src=\"https:\/\/www.santjosep.net\/wp-content\/uploads\/2014\/11\/IMG_6190-1024x682.jpg\" alt=\"Sant Francesc\"\/>\n  \n  \n  \n<\/div>\n<div class=\"rsContent\">\n  <img decoding=\"async\" class=\"rsImg\" src=\"https:\/\/www.santjosep.net\/wp-content\/uploads\/2015\/07\/IMG_9796_4272-x-2848-1024x682.jpg\" alt=\"Ses Salines\"\/>\n  \n  \n  \n<\/div>\n<div class=\"rsContent\">\n  <img decoding=\"async\" class=\"rsImg\" src=\"https:\/\/www.santjosep.net\/wp-content\/uploads\/2015\/07\/IMG_9845_4272-x-28481-1024x682.jpg\" alt=\"Ses Salines\"\/>\n  \n  \n  \n<\/div>\n\n<\/div>\n [\/one_whole]<\/p>\n<p>In diesem netten D\u00f6rfchen, das neben der Lndstra\u00dfe von Ses Salines liegt, befinden sich lediglich einige H\u00e4user und eine kleine, nicht geweihte Kirche. Diese wurde 1785 f\u00fcr die Salzarbeiter erbaut, damit auch sie zur Messe gehen konnten. In Zukunft soll hier ein Informationszentrum f\u00fcr den Naturpark Ses Salines entstehen. Gleich hinter der Kapelle steht die Statue eines Salzarbeiters, eine Hommage an all diejenigen, die zur Salzgewinnung beigetragen haben. Wenn Sie Sant Francesc de s\u00b4Estany in der Abendd\u00e4mmerung besichtigen, dann ist dies der perfekte Moment, um der Sonne dabei zuzusehen, wie sie hinter den Salzbecken und der Statue untergeht.<\/p>\n<h2>8. Salzberge<\/h2>\n<p>[one_whole]<div id=\"new-royalslider-8\" class=\"royalSlider new-royalslider-8 rsDefaultInv rs-default-template\" style=\"width:100%;height:533px;;\" data-rs-options='{&quot;template&quot;:&quot;default&quot;,&quot;image_generation&quot;:{&quot;imageWidth&quot;:&quot;&quot;,&quot;imageHeight&quot;:&quot;&quot;,&quot;thumbImageWidth&quot;:&quot;&quot;,&quot;thumbImageHeight&quot;:&quot;&quot;},&quot;thumbs&quot;:{&quot;thumbWidth&quot;:96,&quot;thumbHeight&quot;:72},&quot;autoPlay&quot;:{&quot;delay&quot;:5000},&quot;block&quot;:{&quot;moveOffset&quot;:20,&quot;speed&quot;:400,&quot;delay&quot;:200},&quot;width&quot;:&quot;100%&quot;,&quot;height&quot;:533,&quot;autoScaleSlider&quot;:&quot;true&quot;,&quot;autoScaleSliderHeight&quot;:533,&quot;imageScalePadding&quot;:0,&quot;arrowsNavAutoHide&quot;:&quot;false&quot;,&quot;globalCaption&quot;:&quot;true&quot;}'>\n<div class=\"rsContent\">\n  <img decoding=\"async\" class=\"rsImg\" src=\"https:\/\/www.santjosep.net\/wp-content\/uploads\/2014\/11\/IMG_9839_4222-x-2815-1024x682.jpg\" alt=\"Monta\u00f1a de sal\"\/>\n  \n  \n  \n<\/div>\n<div class=\"rsContent\">\n  <img decoding=\"async\" class=\"rsImg\" src=\"https:\/\/www.santjosep.net\/wp-content\/uploads\/2014\/11\/IMG_9786_4272-x-2848-1024x682.jpg\" alt=\"Recogiendo sal\"\/>\n  \n  \n  \n<\/div>\n<div class=\"rsContent\">\n  <img decoding=\"async\" class=\"rsImg\" src=\"https:\/\/www.santjosep.net\/wp-content\/uploads\/2014\/11\/IMG_9846_4272-x-2848-1024x682.jpg\" alt=\"Estanques de Ses Salines Ibiza\"\/>\n  \n  \n  \n<\/div>\n<div class=\"rsContent\">\n  <img decoding=\"async\" class=\"rsImg\" src=\"https:\/\/www.santjosep.net\/wp-content\/uploads\/2014\/11\/IMG_9843_4272-x-2848-1024x682.jpg\" alt=\"Estanques de Ses Salines Ibiza\"\/>\n  \n  \n  \n<\/div>\n\n<\/div>\n [\/one_whole]<\/p>\n<p>Das Salz wurde hier bereits von den Ph\u00f6niziern abgebaut und auch andere Inselv\u00f6lker taten es ihnen gleich, da die Salinen einen gro\u00dfen wirtschaftlichen aber auch sozialen Wert darstellten. So wurde das Salz nicht nur zur Konservierung von Lebensmitteln verwendet (P\u00f6keln), sondern diente einigen Zivilisationen auch als Zahlungsmittel. Daher auch das spanische Wort \u201esalario\u201c f\u00fcr Lohn, das von \u201esal\u201c (= Salz) abgeleitet ist. Auch heute wird auf Ibiza noch qualitativ hochwertiges Salz abgebaut, das als Gourmetprodukt Flor de Sal oder als grobes Meersalz mit Bl\u00fcten und anderen Zus\u00e4tzen verkauft wird..<\/p>\n<h2>9. Ses Salines<\/h2>\n<p>[one_whole]<div id=\"new-royalslider-9\" class=\"royalSlider new-royalslider-9 rsDefaultInv rs-default-template\" style=\"width:100%;height:533px;;\" data-rs-options='{&quot;template&quot;:&quot;default&quot;,&quot;image_generation&quot;:{&quot;imageWidth&quot;:&quot;&quot;,&quot;imageHeight&quot;:&quot;&quot;,&quot;thumbImageWidth&quot;:&quot;&quot;,&quot;thumbImageHeight&quot;:&quot;&quot;},&quot;thumbs&quot;:{&quot;thumbWidth&quot;:96,&quot;thumbHeight&quot;:72},&quot;autoPlay&quot;:{&quot;delay&quot;:5000},&quot;block&quot;:{&quot;moveOffset&quot;:20,&quot;speed&quot;:400,&quot;delay&quot;:200},&quot;width&quot;:&quot;100%&quot;,&quot;height&quot;:533,&quot;autoScaleSlider&quot;:&quot;true&quot;,&quot;autoScaleSliderHeight&quot;:533,&quot;imageScalePadding&quot;:0,&quot;arrowsNavAutoHide&quot;:&quot;false&quot;,&quot;globalCaption&quot;:&quot;true&quot;}'>\n<div class=\"rsContent\">\n  <img decoding=\"async\" class=\"rsImg\" src=\"https:\/\/www.santjosep.net\/wp-content\/uploads\/2014\/11\/sessalines_IMG_9829-1024x682.jpg\" alt=\"Ses Salines\"\/>\n  \n  \n  \n<\/div>\n<div class=\"rsContent\">\n  <img decoding=\"async\" class=\"rsImg\" src=\"https:\/\/www.santjosep.net\/wp-content\/uploads\/2014\/11\/salinas_IMG_6202-1024x682.jpg\" alt=\"Ses Salines\"\/>\n  \n  \n  \n<\/div>\n<div class=\"rsContent\">\n  <img decoding=\"async\" class=\"rsImg\" src=\"https:\/\/www.santjosep.net\/wp-content\/uploads\/2014\/11\/salinas_playas_IMG_9202-1024x682.jpg\" alt=\"Ses Salines Ibiza\"\/>\n  \n  \n  \n<\/div>\n<div class=\"rsContent\">\n  <img decoding=\"async\" class=\"rsImg\" src=\"https:\/\/www.santjosep.net\/wp-content\/uploads\/2014\/11\/salines_SDIM1908-1024x682.jpg\" alt=\"Ses Salines\"\/>\n  \n  \n  \n<\/div>\n\n<\/div>\n [\/one_whole]<\/p>\n<p>Dies ist wohl der sch\u00f6nste und meistbesuchte Strand Ibizas. Er reicht von der Spitze von Ses Portes bis nach Sa Canal. Ses Salines mit seinem feinen Sand und seiner offenen Struktur ist auf Ibiza sehr angesagt und wegen der vielen Restaurants beliebt. Sein t\u00fcrkises flaches Wasser, das nur seicht tiefer wird, verdankt seine ausgezeichnete Qualit\u00e4t dem Neptungras, das zum UNESCO-Welterbe ernannt wurde. Die K\u00fcste ist von dichten Sadebaumw\u00e4ldern umgeben, denen die wei\u00dfen D\u00fcnen, die von der Meeresbrise geformt werden, Schutz geben. Ein Muss!.<\/p>\n<p>&nbsp;<\/p>\n","protected":false},"excerpt":{"rendered":"<p>&nbsp; Eine der sch\u00f6nsten Gegenden in Ibiza ist das Gebiet um Ses Salines, das sich im S\u00fcden der Insel befindet und 2001 zum Naturschutzgebiet erkl\u00e4rt wurde. Vor hunderten von Jahren wurde hier mit der Salzgewinnung begonnen, was die Landschaft besonders [&hellip;]<\/p>\n","protected":false},"author":1,"featured_media":5622,"comment_status":"open","ping_status":"open","sticky":false,"template":"","format":"standard","meta":{"_acf_changed":false,"inline_featured_image":false,"footnotes":""},"categories":[154,161],"tags":[],"class_list":["post-6446","post","type-post","status-publish","format-standard","has-post-thumbnail","hentry","category-fahrten","category-rounten"],"acf":[],"geo":null,"yoast_head":"<!-- This site is optimized with the Yoast SEO plugin v25.7 - https:\/\/yoast.com\/wordpress\/plugins\/seo\/ -->\n<title>Ein Besuch im Naturschutzgebiet Ses Salines - Santjosep.net<\/title>\n<meta name=\"robots\" content=\"index, follow, max-snippet:-1, max-image-preview:large, max-video-preview:-1\" \/>\n<link rel=\"canonical\" href=\"https:\/\/www.santjosep.net\/de\/visita-al-parque-natural-de-ses-salines\/\" \/>\n<meta property=\"og:locale\" content=\"de_DE\" \/>\n<meta property=\"og:type\" content=\"article\" \/>\n<meta property=\"og:title\" content=\"Ein Besuch im Naturschutzgebiet Ses Salines - Santjosep.net\" \/>\n<meta property=\"og:description\" content=\"&nbsp; Eine der sch\u00f6nsten Gegenden in Ibiza ist das Gebiet um Ses Salines, das sich im S\u00fcden der Insel befindet und 2001 zum Naturschutzgebiet erkl\u00e4rt wurde. Vor hunderten von Jahren wurde hier mit der Salzgewinnung begonnen, was die Landschaft besonders [&hellip;]\" \/>\n<meta property=\"og:url\" content=\"https:\/\/www.santjosep.net\/de\/visita-al-parque-natural-de-ses-salines\/\" \/>\n<meta property=\"og:site_name\" content=\"Santjosep.net\" \/>\n<meta property=\"article:published_time\" content=\"2014-11-10T17:30:20+00:00\" \/>\n<meta property=\"article:modified_time\" content=\"2020-01-22T10:30:15+00:00\" \/>\n<meta property=\"og:image\" content=\"https:\/\/www.santjosep.net\/wp-content\/uploads\/2014\/11\/sessalinesparque_IMG_9843.jpg\" \/>\n\t<meta property=\"og:image:width\" content=\"1200\" \/>\n\t<meta property=\"og:image:height\" content=\"800\" \/>\n\t<meta property=\"og:image:type\" content=\"image\/jpeg\" \/>\n<meta name=\"author\" content=\"Sant Josep\" \/>\n<meta name=\"twitter:card\" content=\"summary_large_image\" \/>\n<meta name=\"twitter:label1\" content=\"Verfasst von\" \/>\n\t<meta name=\"twitter:data1\" content=\"Sant Josep\" \/>\n\t<meta name=\"twitter:label2\" content=\"Gesch\u00e4tzte Lesezeit\" \/>\n\t<meta name=\"twitter:data2\" content=\"6\u00a0Minuten\" \/>\n<script type=\"application\/ld+json\" class=\"yoast-schema-graph\">{\"@context\":\"https:\/\/schema.org\",\"@graph\":[{\"@type\":\"WebPage\",\"@id\":\"https:\/\/www.santjosep.net\/de\/visita-al-parque-natural-de-ses-salines\/\",\"url\":\"https:\/\/www.santjosep.net\/de\/visita-al-parque-natural-de-ses-salines\/\",\"name\":\"Ein Besuch im Naturschutzgebiet Ses Salines - Santjosep.net\",\"isPartOf\":{\"@id\":\"https:\/\/www.santjosep.net\/#website\"},\"primaryImageOfPage\":{\"@id\":\"https:\/\/www.santjosep.net\/de\/visita-al-parque-natural-de-ses-salines\/#primaryimage\"},\"image\":{\"@id\":\"https:\/\/www.santjosep.net\/de\/visita-al-parque-natural-de-ses-salines\/#primaryimage\"},\"thumbnailUrl\":\"https:\/\/www.santjosep.net\/wp-content\/uploads\/2014\/11\/sessalinesparque_IMG_9843.jpg\",\"datePublished\":\"2014-11-10T17:30:20+00:00\",\"dateModified\":\"2020-01-22T10:30:15+00:00\",\"author\":{\"@id\":\"https:\/\/www.santjosep.net\/#\/schema\/person\/b60e56f94e4e55776eb62bf4293f99b6\"},\"inLanguage\":\"de\",\"potentialAction\":[{\"@type\":\"ReadAction\",\"target\":[\"https:\/\/www.santjosep.net\/de\/visita-al-parque-natural-de-ses-salines\/\"]}]},{\"@type\":\"ImageObject\",\"inLanguage\":\"de\",\"@id\":\"https:\/\/www.santjosep.net\/de\/visita-al-parque-natural-de-ses-salines\/#primaryimage\",\"url\":\"https:\/\/www.santjosep.net\/wp-content\/uploads\/2014\/11\/sessalinesparque_IMG_9843.jpg\",\"contentUrl\":\"https:\/\/www.santjosep.net\/wp-content\/uploads\/2014\/11\/sessalinesparque_IMG_9843.jpg\",\"width\":1200,\"height\":800},{\"@type\":\"WebSite\",\"@id\":\"https:\/\/www.santjosep.net\/#website\",\"url\":\"https:\/\/www.santjosep.net\/\",\"name\":\"Santjosep.net\",\"description\":\"\",\"potentialAction\":[{\"@type\":\"SearchAction\",\"target\":{\"@type\":\"EntryPoint\",\"urlTemplate\":\"https:\/\/www.santjosep.net\/?s={search_term_string}\"},\"query-input\":{\"@type\":\"PropertyValueSpecification\",\"valueRequired\":true,\"valueName\":\"search_term_string\"}}],\"inLanguage\":\"de\"},{\"@type\":\"Person\",\"@id\":\"https:\/\/www.santjosep.net\/#\/schema\/person\/b60e56f94e4e55776eb62bf4293f99b6\",\"name\":\"Sant Josep\",\"image\":{\"@type\":\"ImageObject\",\"inLanguage\":\"de\",\"@id\":\"https:\/\/www.santjosep.net\/#\/schema\/person\/image\/\",\"url\":\"https:\/\/secure.gravatar.com\/avatar\/2f4071817a97d2499c5aae9674ee15015b5a3c7c0974ca84f095a8e4aadcda56?s=96&d=mm&r=g\",\"contentUrl\":\"https:\/\/secure.gravatar.com\/avatar\/2f4071817a97d2499c5aae9674ee15015b5a3c7c0974ca84f095a8e4aadcda56?s=96&d=mm&r=g\",\"caption\":\"Sant Josep\"},\"url\":\"https:\/\/www.santjosep.net\/de\/author\/fugrafic\/\"}]}<\/script>\n<!-- \/ Yoast SEO plugin. -->","yoast_head_json":{"title":"Ein Besuch im Naturschutzgebiet Ses Salines - Santjosep.net","robots":{"index":"index","follow":"follow","max-snippet":"max-snippet:-1","max-image-preview":"max-image-preview:large","max-video-preview":"max-video-preview:-1"},"canonical":"https:\/\/www.santjosep.net\/de\/visita-al-parque-natural-de-ses-salines\/","og_locale":"de_DE","og_type":"article","og_title":"Ein Besuch im Naturschutzgebiet Ses Salines - Santjosep.net","og_description":"&nbsp; Eine der sch\u00f6nsten Gegenden in Ibiza ist das Gebiet um Ses Salines, das sich im S\u00fcden der Insel befindet und 2001 zum Naturschutzgebiet erkl\u00e4rt wurde. Vor hunderten von Jahren wurde hier mit der Salzgewinnung begonnen, was die Landschaft besonders [&hellip;]","og_url":"https:\/\/www.santjosep.net\/de\/visita-al-parque-natural-de-ses-salines\/","og_site_name":"Santjosep.net","article_published_time":"2014-11-10T17:30:20+00:00","article_modified_time":"2020-01-22T10:30:15+00:00","og_image":[{"width":1200,"height":800,"url":"https:\/\/www.santjosep.net\/wp-content\/uploads\/2014\/11\/sessalinesparque_IMG_9843.jpg","type":"image\/jpeg"}],"author":"Sant Josep","twitter_card":"summary_large_image","twitter_misc":{"Verfasst von":"Sant Josep","Gesch\u00e4tzte Lesezeit":"6\u00a0Minuten"},"schema":{"@context":"https:\/\/schema.org","@graph":[{"@type":"WebPage","@id":"https:\/\/www.santjosep.net\/de\/visita-al-parque-natural-de-ses-salines\/","url":"https:\/\/www.santjosep.net\/de\/visita-al-parque-natural-de-ses-salines\/","name":"Ein Besuch im Naturschutzgebiet Ses Salines - Santjosep.net","isPartOf":{"@id":"https:\/\/www.santjosep.net\/#website"},"primaryImageOfPage":{"@id":"https:\/\/www.santjosep.net\/de\/visita-al-parque-natural-de-ses-salines\/#primaryimage"},"image":{"@id":"https:\/\/www.santjosep.net\/de\/visita-al-parque-natural-de-ses-salines\/#primaryimage"},"thumbnailUrl":"https:\/\/www.santjosep.net\/wp-content\/uploads\/2014\/11\/sessalinesparque_IMG_9843.jpg","datePublished":"2014-11-10T17:30:20+00:00","dateModified":"2020-01-22T10:30:15+00:00","author":{"@id":"https:\/\/www.santjosep.net\/#\/schema\/person\/b60e56f94e4e55776eb62bf4293f99b6"},"inLanguage":"de","potentialAction":[{"@type":"ReadAction","target":["https:\/\/www.santjosep.net\/de\/visita-al-parque-natural-de-ses-salines\/"]}]},{"@type":"ImageObject","inLanguage":"de","@id":"https:\/\/www.santjosep.net\/de\/visita-al-parque-natural-de-ses-salines\/#primaryimage","url":"https:\/\/www.santjosep.net\/wp-content\/uploads\/2014\/11\/sessalinesparque_IMG_9843.jpg","contentUrl":"https:\/\/www.santjosep.net\/wp-content\/uploads\/2014\/11\/sessalinesparque_IMG_9843.jpg","width":1200,"height":800},{"@type":"WebSite","@id":"https:\/\/www.santjosep.net\/#website","url":"https:\/\/www.santjosep.net\/","name":"Santjosep.net","description":"","potentialAction":[{"@type":"SearchAction","target":{"@type":"EntryPoint","urlTemplate":"https:\/\/www.santjosep.net\/?s={search_term_string}"},"query-input":{"@type":"PropertyValueSpecification","valueRequired":true,"valueName":"search_term_string"}}],"inLanguage":"de"},{"@type":"Person","@id":"https:\/\/www.santjosep.net\/#\/schema\/person\/b60e56f94e4e55776eb62bf4293f99b6","name":"Sant Josep","image":{"@type":"ImageObject","inLanguage":"de","@id":"https:\/\/www.santjosep.net\/#\/schema\/person\/image\/","url":"https:\/\/secure.gravatar.com\/avatar\/2f4071817a97d2499c5aae9674ee15015b5a3c7c0974ca84f095a8e4aadcda56?s=96&d=mm&r=g","contentUrl":"https:\/\/secure.gravatar.com\/avatar\/2f4071817a97d2499c5aae9674ee15015b5a3c7c0974ca84f095a8e4aadcda56?s=96&d=mm&r=g","caption":"Sant Josep"},"url":"https:\/\/www.santjosep.net\/de\/author\/fugrafic\/"}]}},"_links":{"self":[{"href":"https:\/\/www.santjosep.net\/de\/wp-json\/wp\/v2\/posts\/6446","targetHints":{"allow":["GET"]}}],"collection":[{"href":"https:\/\/www.santjosep.net\/de\/wp-json\/wp\/v2\/posts"}],"about":[{"href":"https:\/\/www.santjosep.net\/de\/wp-json\/wp\/v2\/types\/post"}],"author":[{"embeddable":true,"href":"https:\/\/www.santjosep.net\/de\/wp-json\/wp\/v2\/users\/1"}],"replies":[{"embeddable":true,"href":"https:\/\/www.santjosep.net\/de\/wp-json\/wp\/v2\/comments?post=6446"}],"version-history":[{"count":0,"href":"https:\/\/www.santjosep.net\/de\/wp-json\/wp\/v2\/posts\/6446\/revisions"}],"wp:featuredmedia":[{"embeddable":true,"href":"https:\/\/www.santjosep.net\/de\/wp-json\/wp\/v2\/media\/5622"}],"wp:attachment":[{"href":"https:\/\/www.santjosep.net\/de\/wp-json\/wp\/v2\/media?parent=6446"}],"wp:term":[{"taxonomy":"category","embeddable":true,"href":"https:\/\/www.santjosep.net\/de\/wp-json\/wp\/v2\/categories?post=6446"},{"taxonomy":"post_tag","embeddable":true,"href":"https:\/\/www.santjosep.net\/de\/wp-json\/wp\/v2\/tags?post=6446"}],"curies":[{"name":"wp","href":"https:\/\/api.w.org\/{rel}","templated":true}]}}