{"id":32234,"date":"2022-04-25T13:23:21","date_gmt":"2022-04-25T11:23:21","guid":{"rendered":"https:\/\/www.santjosep.net\/discover-ses-salines-nature-park-on-foot-or-by-bicycle-ruta-sa-sal-rossa\/"},"modified":"2022-04-26T08:10:55","modified_gmt":"2022-04-26T06:10:55","slug":"entdecke-den-naturpark-ses-salines-zu-fuss-oder-auf-dem-fahrrad-wanderroute-sa-sal-rossa","status":"publish","type":"post","link":"https:\/\/www.santjosep.net\/de\/entdecke-den-naturpark-ses-salines-zu-fuss-oder-auf-dem-fahrrad-wanderroute-sa-sal-rossa\/","title":{"rendered":"Entdecke den Naturpark Ses Salines zu Fu\u00df oder auf dem Fahrrad: Wanderroute sa Sal Rossa"},"content":{"rendered":"<div class=\"wpb-content-wrapper\"><p>[vc_row enable_hue_rotation=&#8220;no&#8220; enable_text_marquee=&#8220;no&#8220;][vc_column][vc_column_text]<\/p>\n<div class=\"wpb_text_column wpb_content_element \">\n<div class=\"wpb_wrapper\">\n<p>Hier treffen Wanderer und Radfahrer auf Natur, Geschichte und Kultur. Erst k\u00fcrzlich wurden diese beiden neu ausgeschilderten Rad- und Wanderwege auf der <a href=\"https:\/\/www.santjosep.net\/de\/sant-josep-auf-der-fitur-2022\/\">Internationalen Tourismusmesse in Madrid (FITUR)<\/a> vorgestellt. Auf diesen Wegen kommen Wanderer und Radfahrer an den interessantesten Punkten des Naturparks vorbei.\u00a0Die Wege sind mit kleinen Holzpfeilern beschildert, auf denen sich ein QR-Code befindet, der zu Internetsites mit Informationen zu den entsprechenden Punkten f\u00fchrt.<\/p>\n<\/div>\n<div class=\"wpb_text_column wpb_content_element \">\n<div class=\"wpb_wrapper\">\n<p>In diesem Artikel stellen wir den ersten der beiden Wege, die\u00a0\u201c<strong>Ruta sa Sal Rossa<\/strong>\u201d vor, die nach dem steinernen Wachturm benannt ist, der auf dem Weg liegt.<\/p>\n<\/div>\n<\/div>\n<\/div>\n<p>[\/vc_column_text][vc_column_text]<\/p>\n<h2><b>Wanderroute sa Sal Rossa<\/b><\/h2>\n<p>[\/vc_column_text][vc_column_text]Die Geschichte dieser von menschlicher Ingenieurskunst erschaffenen Teiche reicht bis in die ph\u00f6nizische Epoche zur\u00fcck; schon seit damals geh\u00f6ren sie mit ihrem mehrfarbig schillernden Wasserspiegel zu den wichtigsten Pfeilern der traditionellen Wirtschaft der gro\u00dfen Pityusen-Insel. Sie Salinenbecken befinden sich im Herzen der gleichnamigen <a href=\"https:\/\/www.santjosep.net\/de\/sehen\/natur\/flamingos-die-lebendigen-ikonen-des-naturparks-ses-salines\/\" target=\"_blank\" rel=\"noopener\"><strong>Naturparks<\/strong><\/a> und stellen ein nat\u00fcrliches Habitat f\u00fcr eine Vielzahl von Pflanzen- und Vogelarten dar. In dieser einzigartigen Umgebung erwarten den Besucher jede Menge sehenswerte Ziele.<\/p>\n<div class=\"wpb_text_column wpb_content_element \">\n<div class=\"wpb_wrapper\">\n<p>Den <strong>Rundweg Sa Sal Rossa<\/strong> kann man an jedem der ausgewiesenen Punkte beginnen. In unserem Fall starten wir an der <a href=\"https:\/\/www.santjosep.net\/de\/sehen\/erbe-und-kultur\/kirche-sant-francesc-de-sestany\/\" target=\"_blank\" rel=\"noopener\"><strong>Kirche von Sant Francesc de s\u2019Estany<\/strong><\/a> und wandern bis zum Strand <a href=\"https:\/\/www.santjosep.net\/de\/sehen\/strande\/platja-den-bossa\/\" target=\"_blank\" rel=\"noopener\"><strong>Playa d\u2019en Bossa<\/strong>,<\/a> wo wir den R\u00fcckweg zum Ausgangspunkt antreten.<\/p>\n<p>Die charmante kleine Kirche aus dem 18. Jahrhundert mit ihren wei\u00dfget\u00fcnchten Mauern und der markanten Silhouette pr\u00e4gt den winzigen Ortskern von <a href=\"https:\/\/www.santjosep.net\/de\/sehen\/dorfer\/sant-francesc-de-sestany\/\" target=\"_blank\" rel=\"noopener\"><strong>Sant Francesc.<\/strong><\/a> Im angrenzenden Pfarrhaus <a href=\"https:\/\/www.santjosep.net\/de\/sehen\/erbe-und-kultur\/centro-de-interpretacion-de-sant-francesc\/\" target=\"_blank\" rel=\"noopener\"><strong>befindet sich das Interpretationszentrum von Ses Salines<\/strong><\/a>, wo Besucher mit Hilfe von Fotos, Projektionen und Utensilien in die Geschichte der Salzgewinnung eintauchen und mehr \u00fcber die nat\u00fcrlichen und kulturellen Sch\u00e4tze des Ortes erfahren k\u00f6nnen.<\/p>\n<\/div>\n<\/div>\n<p>[\/vc_column_text][vc_single_image image=&#8220;29820&#8243; img_size=&#8220;full&#8220; css=&#8220;.vc_custom_1650885749574{margin-top: 15px !important;margin-bottom: 15px !important;}&#8220;][vc_column_text]<\/p>\n<h6><em>Kirche von Sant Francesc<\/em><\/h6>\n<p>[\/vc_column_text][vc_column_text]Gegen\u00fcber der Kirche, gleich neben einer Skulptur des K\u00fcnstlers <strong>Pedro Hormigo<\/strong> zu Ehren der hart arbeitenden Salinenarbeiter, <i>salineros<\/i> genannt, befindet sich ein Aussichtspunkt f\u00fcr die Vogelbeobachtung, die es uns erlaubt, die vielf\u00e4ltige Vogelwelt des Feuchtgebietes zu entdecken. Eine zweite solche Plattform befindet sich nur ca. 300 m entfernt, wenn wir einem breiteren Weg, <a href=\"https:\/\/www.santjosep.net\/de\/de-es-carregador-a-es-codolar-una-ruta-cargada-de-historia\/\" target=\"_blank\" rel=\"noopener\"><strong>dem Can Blai<\/strong><\/a>, folgen, der im Nordwesten an die Teiche grenzt.<\/p>\n<div class=\"vc_row wpb_row vc_inner vc_row-fluid\">\n<div class=\"wpb_column vc_column_container vc_col-sm-12\">\n<div class=\"vc_column-inner\">\n<div class=\"wpb_wrapper\">\n<div class=\"wpb_text_column wpb_content_element \">\n<div class=\"wpb_wrapper\">\n<p>Hier kann man inmitten der Stille einige der mehr als 200 im Naturpark heimischen Vogelarten dabei beobachten, wie sie auf die Suche nach Nahrung oder einem Unterschlupf gehen. <strong><a href=\"https:\/\/www.santjosep.net\/de\/sehen\/natur\/flamingos-die-lebendigen-ikonen-des-naturparks-ses-salines\/\" target=\"_blank\" rel=\"noopener\">Flamingos<\/a><\/strong>, St\u00f6rche, Regenpfeifer, Strandl\u00e4ufer, S\u00e4belschn\u00e4bler, Stockenten, Reiher, Kiebitze, Jungadler, Kormorane, Krickenten und viele mehr gibt es hier zu bestaunen \u2013 da kommen erfahrene Vogelkenner und Laien gleicherma\u00dfen auf ihre Kosten. Auch die Pflanzenwelt hat mit ihren einheimischen Arten, die sich an die hiesige Umwelt angepasst haben, einiges zu bieten. Am pr\u00e4sentesten sind Schilfpflanzen, Sadeb\u00e4ume und Pinien, die vor allem auf den sanften H\u00fcgeln wachsen, doch auch die kleinen und mittelgro\u00dfen Pflanzenarten spielen eine wichtige Rolle und tragen zum herausragenden \u00f6kologischen Wert der Landschaft bei.<\/p>\n<p>Wir begeben uns nun wieder zur Kirche zur\u00fcck, \u00fcberqueren die Landstra\u00dfe und nehmen den Weg, der entlang eines Kanals n\u00f6rdlich in Richtung <a href=\"https:\/\/www.santjosep.net\/de\/sehen\/bereiche\/playa-den-bossa\/\" target=\"_blank\" rel=\"noopener\"><strong>Playa d\u2019en Bossa<\/strong><\/a> verl\u00e4uft. Dieser Streckenabschnitt f\u00fchrt uns zu geschichtstr\u00e4chtigen Orten wie der <a href=\"https:\/\/www.santjosep.net\/de\/sehen\/besuche\/cueva-de-sa-sal-rossa-oder-rafael-alberti-hoehle\/\" target=\"_blank\" rel=\"noopener\">H\u00f6hle, in der im Jahr 1936 der Dichter <strong>Rafael Alberti<\/strong><\/a> und seine Frau f\u00fcr drei Wochen Zuflucht fanden, als sie vom Ausbruch des Spanischen B\u00fcrgerkriegs \u00fcberrascht wurden. Eine beschriftete Metallplatte erinnert an den genauen Ort.<\/p>\n<\/div>\n<\/div>\n<\/div>\n<\/div>\n<\/div>\n<\/div>\n<p>[\/vc_column_text][vc_column_text css=&#8220;.vc_custom_1650885564446{margin-top: 15px !important;margin-bottom: 15px !important;}&#8220;]<style>#jtg-30487 .modula-item .jtg-social a, .lightbox-socials.jtg-social a{ fill: #ffffff; color: #ffffff }#jtg-30487 .modula-item .jtg-social-mobile a{ fill: #ffffff; color: #ffffff }#jtg-30487 .modula-item .jtg-social svg, .lightbox-socials.jtg-social svg { height: 16px; width: 16px }#jtg-30487 .modula-item .jtg-social-mobile svg { height: 16px; width: 16px }#jtg-30487 .modula-item .jtg-social a:not(:last-child), .lightbox-socials.jtg-social a:not(:last-child) { margin-right: 10px }#jtg-30487 .modula-item .jtg-social-mobile .jtg-social-mobile-icons a:not(:last-child){ margin-right: 10px }#jtg-30487 .modula-item .figc {color:#ffffff;}#jtg-30487 .modula-item .modula-item-content { transform: scale(1) }#jtg-30487 .modula-items .figc p.description { font-size:14px; }#jtg-30487 .modula-items .figc p.description { color:#ffffff;}#jtg-30487.modula-gallery .modula-item > a, #jtg-30487.modula-gallery .modula-item, #jtg-30487.modula-gallery .modula-item-content > a:not(.modula-no-follow) { cursor:zoom-in; } #jtg-30487.modula-gallery .modula-item-content .modula-no-follow { cursor: default; } @media screen and (max-width:480px){#jtg-30487 .modula-item .figc .jtg-title {  font-size: 12px; }#jtg-30487 .modula-items .figc p.description { color:#ffffff;font-size:10px; }}#jtg-30487 .modula-items .modula-item:hover img{opacity:1;}<\/style>\n<div  id=\"jtg-30487\" class=\"modula modula-gallery modula-custom-grid\" data-config=\"{&quot;height&quot;:800,&quot;tabletHeight&quot;:800,&quot;mobileHeight&quot;:800,&quot;desktopHeight&quot;:800,&quot;enableTwitter&quot;:true,&quot;enableWhatsapp&quot;:false,&quot;enableFacebook&quot;:true,&quot;enablePinterest&quot;:true,&quot;enableLinkedin&quot;:true,&quot;enableEmail&quot;:false,&quot;randomFactor&quot;:0.5,&quot;type&quot;:&quot;custom-grid&quot;,&quot;columns&quot;:12,&quot;gutter&quot;:0,&quot;mobileGutter&quot;:0,&quot;tabletGutter&quot;:0,&quot;desktopGutter&quot;:0,&quot;enableResponsive&quot;:&quot;1&quot;,&quot;tabletColumns&quot;:&quot;2&quot;,&quot;mobileColumns&quot;:&quot;1&quot;,&quot;lazyLoad&quot;:&quot;0&quot;,&quot;lightboxOpts&quot;:{&quot;animated&quot;:true,&quot;Thumbs&quot;:{&quot;type&quot;:&quot;modern&quot;,&quot;showOnStart&quot;:false},&quot;Toolbar&quot;:{&quot;display&quot;:{&quot;right&quot;:[&quot;close&quot;]},&quot;enabled&quot;:true},&quot;Carousel&quot;:{&quot;Panzoom&quot;:{&quot;touch&quot;:false},&quot;infinite&quot;:false},&quot;keyboard&quot;:{&quot;Escape&quot;:&quot;close&quot;,&quot;Delete&quot;:&quot;close&quot;,&quot;Backspace&quot;:&quot;close&quot;,&quot;PageUp&quot;:false,&quot;PageDown&quot;:false,&quot;ArrowUp&quot;:false,&quot;ArrowDown&quot;:false,&quot;ArrowRight&quot;:false,&quot;ArrowLeft&quot;:false},&quot;touch&quot;:false,&quot;backdropClick&quot;:false,&quot;l10n&quot;:{&quot;CLOSE&quot;:&quot;Close&quot;,&quot;NEXT&quot;:&quot;Next&quot;,&quot;PREV&quot;:&quot;Previous&quot;,&quot;Error&quot;:&quot;The requested content cannot be loaded. Please try again later.&quot;,&quot;PLAY_START&quot;:&quot;Start slideshow&quot;,&quot;PLAY_STOP&quot;:&quot;Pause slideshow&quot;,&quot;FULL_SCREEN&quot;:&quot;Full screen&quot;,&quot;THUMBS&quot;:&quot;Thumbnails&quot;,&quot;DOWNLOAD&quot;:&quot;Download&quot;,&quot;SHARE&quot;:&quot;Share&quot;,&quot;ZOOM&quot;:&quot;Zoom&quot;,&quot;EMAIL&quot;:&quot;Here is the link to the image : %%image_link%% and this is the link to the gallery : %%gallery_link%%&quot;,&quot;MODAL&quot;:&quot;You can close this modal content with the ESC key&quot;,&quot;ERROR&quot;:&quot;Something Went Wrong, Please Try Again Later&quot;,&quot;IMAGE_ERROR&quot;:&quot;Image Not Found&quot;,&quot;ELEMENT_NOT_FOUND&quot;:&quot;HTML Element Not Found&quot;,&quot;AJAX_NOT_FOUND&quot;:&quot;Error Loading AJAX : Not Found&quot;,&quot;AJAX_FORBIDDEN&quot;:&quot;Error Loading AJAX : Forbidden&quot;,&quot;IFRAME_ERROR&quot;:&quot;Error Loading Page&quot;,&quot;TOGGLE_ZOOM&quot;:&quot;Toggle zoom level&quot;,&quot;TOGGLE_THUMBS&quot;:&quot;Toggle thumbnails&quot;,&quot;TOGGLE_SLIDESHOW&quot;:&quot;Toggle slideshow&quot;,&quot;TOGGLE_FULLSCREEN&quot;:&quot;Toggle full-screen mode&quot;},&quot;Images&quot;:{&quot;Panzoom&quot;:{&quot;maxScale&quot;:2}},&quot;mainClass&quot;:&quot;modula-fancybox-container modula-lightbox-jtg-30487&quot;,&quot;Html&quot;:{&quot;videoAutoplay&quot;:0,&quot;videoTpl&quot;:&quot;&lt;video class=\\&quot;fancybox__html5video\\&quot; controls muted playsinline controlsList controlsList=\\&quot;nodownload\\&quot; poster=\\&quot;{{poster}}\\&quot; src=\\&quot;{{src}}\\&quot; type=\\&quot;{{format}}\\&quot; &gt;  Sorry, your browser doesn&#039;t support embedded videos, &lt;a href=\\&quot;{{src}}\\&quot;&gt; download &lt;\\\/a&gt; and watch with your favorite video player! &lt;\\\/video&gt;&quot;}},&quot;inView&quot;:false,&quot;email_subject&quot;:&quot;Check out this awesome image !!&quot;,&quot;email_message&quot;:&quot;Here is the link to the image : %%image_link%% and this is the link to the gallery : %%gallery_link%%&quot;,&quot;lightbox&quot;:&quot;fancybox&quot;}\">\n\n\t\n\t<div  class=\"modula-items\">\n\t\t<div class=\"modula-item\" data-width=\"7\" data-height=\"6\" >\n\t<div class=\"modula-item-content\">\n\t\t\n\t\t\t\t\t<a data-image-id=\"30498\" tabindex=\"0\" rel=\"jtg-30487\" data-caption=\"\" aria-label=\"Open image in lightbox\" role=\"button\" class=\"tile-inner modula-item-link\"><\/a>\n\t\t\n\t\t<img loading=\"lazy\" decoding=\"async\" class=\"pic wp-image-30498\"  data-valign=\"middle\" data-halign=\"center\" alt=\"\" data-full=\"https:\/\/www.santjosep.net\/wp-content\/uploads\/2022\/01\/web1600-00128.jpg\" title=\"web1600-00128\" width=\"1600\" height=\"1067\" src=\"https:\/\/www.santjosep.net\/wp-content\/uploads\/2022\/01\/web1600-00128.jpg\" data-src=\"https:\/\/www.santjosep.net\/wp-content\/uploads\/2022\/01\/web1600-00128.jpg\" data-caption=\"\" srcset=\"https:\/\/www.santjosep.net\/wp-content\/uploads\/2022\/01\/web1600-00128.jpg 1600w, https:\/\/www.santjosep.net\/wp-content\/uploads\/2022\/01\/web1600-00128-300x200.jpg 300w, https:\/\/www.santjosep.net\/wp-content\/uploads\/2022\/01\/web1600-00128-1024x683.jpg 1024w, https:\/\/www.santjosep.net\/wp-content\/uploads\/2022\/01\/web1600-00128-768x512.jpg 768w, https:\/\/www.santjosep.net\/wp-content\/uploads\/2022\/01\/web1600-00128-1536x1024.jpg 1536w\" sizes=\"auto, (max-width: 1600px) 100vw, 1600px\" \/>\n\t<\/div>\n\n<\/div><div class=\"modula-item\" data-width=\"5\" data-height=\"6\" >\n\t<div class=\"modula-item-content\">\n\t\t\n\t\t\t\t\t<a data-image-id=\"30488\" tabindex=\"0\" rel=\"jtg-30487\" data-caption=\"\" aria-label=\"Open image in lightbox\" role=\"button\" class=\"tile-inner modula-item-link\"><\/a>\n\t\t\n\t\t<img loading=\"lazy\" decoding=\"async\" class=\"pic wp-image-30488\"  data-valign=\"middle\" data-halign=\"center\" alt=\"\" data-full=\"https:\/\/www.santjosep.net\/wp-content\/uploads\/2022\/01\/web1600-00424.jpg\" title=\"web1600-00424\" width=\"1067\" height=\"1600\" src=\"https:\/\/www.santjosep.net\/wp-content\/uploads\/2022\/01\/web1600-00424.jpg\" data-src=\"https:\/\/www.santjosep.net\/wp-content\/uploads\/2022\/01\/web1600-00424.jpg\" data-caption=\"\" srcset=\"https:\/\/www.santjosep.net\/wp-content\/uploads\/2022\/01\/web1600-00424.jpg 1067w, https:\/\/www.santjosep.net\/wp-content\/uploads\/2022\/01\/web1600-00424-200x300.jpg 200w, https:\/\/www.santjosep.net\/wp-content\/uploads\/2022\/01\/web1600-00424-683x1024.jpg 683w, https:\/\/www.santjosep.net\/wp-content\/uploads\/2022\/01\/web1600-00424-768x1152.jpg 768w, https:\/\/www.santjosep.net\/wp-content\/uploads\/2022\/01\/web1600-00424-1024x1536.jpg 1024w\" sizes=\"auto, (max-width: 1067px) 100vw, 1067px\" \/>\n\t<\/div>\n\n<\/div>\t\t\n\t<\/div>\n\n\t\n\t\n\t<script type=\"application\/ld+json\">\n\t{\n\t\t\"@context\": \"http:\/\/schema.org\",\n\t\t\"@type\"   : \"ImageGallery\",\n\t\t\"id\"      : \"https:\/\/www.santjosep.net\/de\/entdecke-den-naturpark-ses-salines-zu-fuss-oder-auf-dem-fahrrad-wanderroute-sa-sal-rossa\/\",\n\t\t\"url\"     : \"https:\/\/www.santjosep.net\/de\/entdecke-den-naturpark-ses-salines-zu-fuss-oder-auf-dem-fahrrad-wanderroute-sa-sal-rossa\/\"\n\t}\n\n\t<\/script>\n\n\t\n<\/div>\n[\/vc_column_text][vc_column_text]<\/p>\n<h6><em>Torre de sa Sal Rossa und Blick auf Platja d\u2019en Bossa<\/em><\/h6>\n<p>[\/vc_column_text][vc_column_text]Nicht weit entfernt befindet sich der Wachturm von Sal Rossa, ein Beispiel f\u00fcr die Verteidigungsbauten aus dem 18. Jahrhundert, die in einem Zeitalter h\u00e4ufiger Pl\u00fcnderungen durch Piraten und Berber f\u00fcr die Sicherheit an der pityusischen K\u00fcste sorgen sollten. Der Turm erhebt sich auf einem kleinen Landvorsprung, der den Strand <strong><a href=\"https:\/\/www.santjosep.net\/de\/sehen\/bereiche\/playa-den-bossa\/\" target=\"_blank\" rel=\"noopener\">Playa d\u2019en Bossa<\/a><\/strong> von einer kleinen Bucht namens <strong><a href=\"https:\/\/www.santjosep.net\/de\/sehen\/besuche\/bucht-von-la-xanga\/\" target=\"_blank\" rel=\"noopener\">La Xanga<\/a><\/strong> trennt.<\/p>\n<div class=\"vc_row wpb_row vc_inner vc_row-fluid\">\n<div class=\"wpb_column vc_column_container vc_col-sm-12\">\n<div class=\"vc_column-inner\">\n<div class=\"wpb_wrapper\">\n<div class=\"wpb_text_column wpb_content_element \">\n<div class=\"wpb_wrapper\">\n<p>In dieser Bucht befand sich zur Zeit der Ph\u00f6nizier ein \u00e4u\u00dferst bedeutsames Wirtschaftszentrum. <strong>W\u00e4hrend der R\u00f6merzeit<\/strong> wurde in den Gew\u00e4ssern nach Purpurschnecken (lat. <i>murex<\/i>) gefischt, aus deren zerkleinerten Schalen der begehrte Purpurfarbstoff gewonnen wurde. Im 16. Jahrhundert wurde auf den Felsen der Bucht ein gro\u00dfer Anleger f\u00fcr Handelsschiffe gebaut, wo zun\u00e4chst Salz verschifft wurde, wie schon zur punisch-ph\u00f6nizischen Zeit. Hinzu kam sp\u00e4ter ein sog. Almadraba-Thunfischbecken. Die Fische wurden direkt vor Ort weiterverarbeitet und in Salz eingelegt. Von all diesen Anlagen sind heute noch \u00dcberreste zu sehen. Tats\u00e4chlich k\u00f6nnen Besucher an einem gepflasterten Weg an dem rund 250 m\u00b2 gro\u00dfen<strong><a href=\"https:\/\/www.santjosep.net\/de\/sehen\/erbe-und-kultur\/salzumschlagplatz-von-la-xanga\/\" target=\"_blank\" rel=\"noopener\"> historischen Salzumschlagplatz<\/a><\/strong> die freigelegten \u00dcberreste der Industrieanlagen erkennen, die vom ungez\u00fcgelten wirtschaftlichen Eifer der Ph\u00f6nizier zeugen. Erhalten geblieben sind unter anderem die originalen <strong><a href=\"https:\/\/www.santjosep.net\/de\/sehen\/erbe-und-kultur\/die-zisternen-von-la-xanga\/\" target=\"_blank\" rel=\"noopener\">S\u00fc\u00dfwasserzisternen<\/a><\/strong>, die uns in eine Zeit zur\u00fcckversetzen, in der die nat\u00fcrlichen Ressourcen die Grundlage jeglichen Handels darstellten.<\/p>\n<\/div>\n<\/div>\n<\/div>\n<\/div>\n<\/div>\n<\/div>\n<p>[\/vc_column_text][vc_single_image image=&#8220;30432&#8243; img_size=&#8220;full&#8220; css=&#8220;.vc_custom_1650885621936{margin-top: 15px !important;margin-bottom: 15px !important;}&#8220;][vc_column_text css=&#8220;.vc_custom_1650953371050{margin-top: 15px !important;padding-top: 15px !important;}&#8220;]Die vollst\u00e4ndige Karte der Route k\u00f6nnen Sie <strong><a href=\"https:\/\/www.santjosep.net\/de\/routen-ses-salines\/wanderroute-sa-sal-rossa\/\" target=\"_blank\" rel=\"noopener\">hier einsehen<\/a><\/strong>[\/vc_column_text][\/vc_column][\/vc_row]<\/p>\n<\/div>","protected":false},"excerpt":{"rendered":"<p>Natur, Geschichte und Kultur bei der Begegnung von Wanderern und Radfahrern<\/p>\n","protected":false},"author":1,"featured_media":32224,"comment_status":"open","ping_status":"open","sticky":false,"template":"","format":"standard","meta":{"_acf_changed":false,"inline_featured_image":false,"footnotes":""},"categories":[154],"tags":[],"class_list":["post-32234","post","type-post","status-publish","format-standard","has-post-thumbnail","hentry","category-fahrten"],"acf":[],"geo":null,"yoast_head":"<!-- This site is optimized with the Yoast SEO plugin v25.7 - https:\/\/yoast.com\/wordpress\/plugins\/seo\/ -->\n<title>Entdecke den Naturpark Ses Salines zu Fu\u00df oder auf dem Fahrrad: Wanderroute sa Sal Rossa - Santjosep.net<\/title>\n<meta name=\"robots\" content=\"index, follow, max-snippet:-1, max-image-preview:large, max-video-preview:-1\" \/>\n<link rel=\"canonical\" href=\"https:\/\/www.santjosep.net\/de\/entdecke-den-naturpark-ses-salines-zu-fuss-oder-auf-dem-fahrrad-wanderroute-sa-sal-rossa\/\" \/>\n<meta property=\"og:locale\" content=\"de_DE\" \/>\n<meta property=\"og:type\" content=\"article\" \/>\n<meta property=\"og:title\" content=\"Entdecke den Naturpark Ses Salines zu Fu\u00df oder auf dem Fahrrad: Wanderroute sa Sal Rossa - Santjosep.net\" \/>\n<meta property=\"og:description\" content=\"Natur, Geschichte und Kultur bei der Begegnung von Wanderern und Radfahrern\" \/>\n<meta property=\"og:url\" content=\"https:\/\/www.santjosep.net\/de\/entdecke-den-naturpark-ses-salines-zu-fuss-oder-auf-dem-fahrrad-wanderroute-sa-sal-rossa\/\" \/>\n<meta property=\"og:site_name\" content=\"Santjosep.net\" \/>\n<meta property=\"article:published_time\" content=\"2022-04-25T11:23:21+00:00\" \/>\n<meta property=\"article:modified_time\" content=\"2022-04-26T06:10:55+00:00\" \/>\n<meta property=\"og:image\" content=\"https:\/\/www.santjosep.net\/wp-content\/uploads\/2022\/04\/rutas_santjosep_salrossa.png\" \/>\n\t<meta property=\"og:image:width\" content=\"800\" \/>\n\t<meta property=\"og:image:height\" content=\"600\" \/>\n\t<meta property=\"og:image:type\" content=\"image\/png\" \/>\n<meta name=\"author\" content=\"Sant Josep\" \/>\n<meta name=\"twitter:card\" content=\"summary_large_image\" \/>\n<meta name=\"twitter:label1\" content=\"Verfasst von\" \/>\n\t<meta name=\"twitter:data1\" content=\"Sant Josep\" \/>\n\t<meta name=\"twitter:label2\" content=\"Gesch\u00e4tzte Lesezeit\" \/>\n\t<meta name=\"twitter:data2\" content=\"4\u00a0Minuten\" \/>\n<script type=\"application\/ld+json\" class=\"yoast-schema-graph\">{\"@context\":\"https:\/\/schema.org\",\"@graph\":[{\"@type\":\"WebPage\",\"@id\":\"https:\/\/www.santjosep.net\/de\/entdecke-den-naturpark-ses-salines-zu-fuss-oder-auf-dem-fahrrad-wanderroute-sa-sal-rossa\/\",\"url\":\"https:\/\/www.santjosep.net\/de\/entdecke-den-naturpark-ses-salines-zu-fuss-oder-auf-dem-fahrrad-wanderroute-sa-sal-rossa\/\",\"name\":\"Entdecke den Naturpark Ses Salines zu Fu\u00df oder auf dem Fahrrad: Wanderroute sa Sal Rossa - Santjosep.net\",\"isPartOf\":{\"@id\":\"https:\/\/www.santjosep.net\/#website\"},\"primaryImageOfPage\":{\"@id\":\"https:\/\/www.santjosep.net\/de\/entdecke-den-naturpark-ses-salines-zu-fuss-oder-auf-dem-fahrrad-wanderroute-sa-sal-rossa\/#primaryimage\"},\"image\":{\"@id\":\"https:\/\/www.santjosep.net\/de\/entdecke-den-naturpark-ses-salines-zu-fuss-oder-auf-dem-fahrrad-wanderroute-sa-sal-rossa\/#primaryimage\"},\"thumbnailUrl\":\"https:\/\/www.santjosep.net\/wp-content\/uploads\/2022\/04\/rutas_santjosep_salrossa.png\",\"datePublished\":\"2022-04-25T11:23:21+00:00\",\"dateModified\":\"2022-04-26T06:10:55+00:00\",\"author\":{\"@id\":\"https:\/\/www.santjosep.net\/#\/schema\/person\/b60e56f94e4e55776eb62bf4293f99b6\"},\"inLanguage\":\"de\",\"potentialAction\":[{\"@type\":\"ReadAction\",\"target\":[\"https:\/\/www.santjosep.net\/de\/entdecke-den-naturpark-ses-salines-zu-fuss-oder-auf-dem-fahrrad-wanderroute-sa-sal-rossa\/\"]}]},{\"@type\":\"ImageObject\",\"inLanguage\":\"de\",\"@id\":\"https:\/\/www.santjosep.net\/de\/entdecke-den-naturpark-ses-salines-zu-fuss-oder-auf-dem-fahrrad-wanderroute-sa-sal-rossa\/#primaryimage\",\"url\":\"https:\/\/www.santjosep.net\/wp-content\/uploads\/2022\/04\/rutas_santjosep_salrossa.png\",\"contentUrl\":\"https:\/\/www.santjosep.net\/wp-content\/uploads\/2022\/04\/rutas_santjosep_salrossa.png\",\"width\":800,\"height\":600},{\"@type\":\"WebSite\",\"@id\":\"https:\/\/www.santjosep.net\/#website\",\"url\":\"https:\/\/www.santjosep.net\/\",\"name\":\"Santjosep.net\",\"description\":\"\",\"potentialAction\":[{\"@type\":\"SearchAction\",\"target\":{\"@type\":\"EntryPoint\",\"urlTemplate\":\"https:\/\/www.santjosep.net\/?s={search_term_string}\"},\"query-input\":{\"@type\":\"PropertyValueSpecification\",\"valueRequired\":true,\"valueName\":\"search_term_string\"}}],\"inLanguage\":\"de\"},{\"@type\":\"Person\",\"@id\":\"https:\/\/www.santjosep.net\/#\/schema\/person\/b60e56f94e4e55776eb62bf4293f99b6\",\"name\":\"Sant Josep\",\"image\":{\"@type\":\"ImageObject\",\"inLanguage\":\"de\",\"@id\":\"https:\/\/www.santjosep.net\/#\/schema\/person\/image\/\",\"url\":\"https:\/\/secure.gravatar.com\/avatar\/2f4071817a97d2499c5aae9674ee15015b5a3c7c0974ca84f095a8e4aadcda56?s=96&d=mm&r=g\",\"contentUrl\":\"https:\/\/secure.gravatar.com\/avatar\/2f4071817a97d2499c5aae9674ee15015b5a3c7c0974ca84f095a8e4aadcda56?s=96&d=mm&r=g\",\"caption\":\"Sant Josep\"},\"url\":\"https:\/\/www.santjosep.net\/de\/author\/fugrafic\/\"}]}<\/script>\n<!-- \/ Yoast SEO plugin. -->","yoast_head_json":{"title":"Entdecke den Naturpark Ses Salines zu Fu\u00df oder auf dem Fahrrad: Wanderroute sa Sal Rossa - Santjosep.net","robots":{"index":"index","follow":"follow","max-snippet":"max-snippet:-1","max-image-preview":"max-image-preview:large","max-video-preview":"max-video-preview:-1"},"canonical":"https:\/\/www.santjosep.net\/de\/entdecke-den-naturpark-ses-salines-zu-fuss-oder-auf-dem-fahrrad-wanderroute-sa-sal-rossa\/","og_locale":"de_DE","og_type":"article","og_title":"Entdecke den Naturpark Ses Salines zu Fu\u00df oder auf dem Fahrrad: Wanderroute sa Sal Rossa - Santjosep.net","og_description":"Natur, Geschichte und Kultur bei der Begegnung von Wanderern und Radfahrern","og_url":"https:\/\/www.santjosep.net\/de\/entdecke-den-naturpark-ses-salines-zu-fuss-oder-auf-dem-fahrrad-wanderroute-sa-sal-rossa\/","og_site_name":"Santjosep.net","article_published_time":"2022-04-25T11:23:21+00:00","article_modified_time":"2022-04-26T06:10:55+00:00","og_image":[{"width":800,"height":600,"url":"https:\/\/www.santjosep.net\/wp-content\/uploads\/2022\/04\/rutas_santjosep_salrossa.png","type":"image\/png"}],"author":"Sant Josep","twitter_card":"summary_large_image","twitter_misc":{"Verfasst von":"Sant Josep","Gesch\u00e4tzte Lesezeit":"4\u00a0Minuten"},"schema":{"@context":"https:\/\/schema.org","@graph":[{"@type":"WebPage","@id":"https:\/\/www.santjosep.net\/de\/entdecke-den-naturpark-ses-salines-zu-fuss-oder-auf-dem-fahrrad-wanderroute-sa-sal-rossa\/","url":"https:\/\/www.santjosep.net\/de\/entdecke-den-naturpark-ses-salines-zu-fuss-oder-auf-dem-fahrrad-wanderroute-sa-sal-rossa\/","name":"Entdecke den Naturpark Ses Salines zu Fu\u00df oder auf dem Fahrrad: Wanderroute sa Sal Rossa - Santjosep.net","isPartOf":{"@id":"https:\/\/www.santjosep.net\/#website"},"primaryImageOfPage":{"@id":"https:\/\/www.santjosep.net\/de\/entdecke-den-naturpark-ses-salines-zu-fuss-oder-auf-dem-fahrrad-wanderroute-sa-sal-rossa\/#primaryimage"},"image":{"@id":"https:\/\/www.santjosep.net\/de\/entdecke-den-naturpark-ses-salines-zu-fuss-oder-auf-dem-fahrrad-wanderroute-sa-sal-rossa\/#primaryimage"},"thumbnailUrl":"https:\/\/www.santjosep.net\/wp-content\/uploads\/2022\/04\/rutas_santjosep_salrossa.png","datePublished":"2022-04-25T11:23:21+00:00","dateModified":"2022-04-26T06:10:55+00:00","author":{"@id":"https:\/\/www.santjosep.net\/#\/schema\/person\/b60e56f94e4e55776eb62bf4293f99b6"},"inLanguage":"de","potentialAction":[{"@type":"ReadAction","target":["https:\/\/www.santjosep.net\/de\/entdecke-den-naturpark-ses-salines-zu-fuss-oder-auf-dem-fahrrad-wanderroute-sa-sal-rossa\/"]}]},{"@type":"ImageObject","inLanguage":"de","@id":"https:\/\/www.santjosep.net\/de\/entdecke-den-naturpark-ses-salines-zu-fuss-oder-auf-dem-fahrrad-wanderroute-sa-sal-rossa\/#primaryimage","url":"https:\/\/www.santjosep.net\/wp-content\/uploads\/2022\/04\/rutas_santjosep_salrossa.png","contentUrl":"https:\/\/www.santjosep.net\/wp-content\/uploads\/2022\/04\/rutas_santjosep_salrossa.png","width":800,"height":600},{"@type":"WebSite","@id":"https:\/\/www.santjosep.net\/#website","url":"https:\/\/www.santjosep.net\/","name":"Santjosep.net","description":"","potentialAction":[{"@type":"SearchAction","target":{"@type":"EntryPoint","urlTemplate":"https:\/\/www.santjosep.net\/?s={search_term_string}"},"query-input":{"@type":"PropertyValueSpecification","valueRequired":true,"valueName":"search_term_string"}}],"inLanguage":"de"},{"@type":"Person","@id":"https:\/\/www.santjosep.net\/#\/schema\/person\/b60e56f94e4e55776eb62bf4293f99b6","name":"Sant Josep","image":{"@type":"ImageObject","inLanguage":"de","@id":"https:\/\/www.santjosep.net\/#\/schema\/person\/image\/","url":"https:\/\/secure.gravatar.com\/avatar\/2f4071817a97d2499c5aae9674ee15015b5a3c7c0974ca84f095a8e4aadcda56?s=96&d=mm&r=g","contentUrl":"https:\/\/secure.gravatar.com\/avatar\/2f4071817a97d2499c5aae9674ee15015b5a3c7c0974ca84f095a8e4aadcda56?s=96&d=mm&r=g","caption":"Sant Josep"},"url":"https:\/\/www.santjosep.net\/de\/author\/fugrafic\/"}]}},"_links":{"self":[{"href":"https:\/\/www.santjosep.net\/de\/wp-json\/wp\/v2\/posts\/32234","targetHints":{"allow":["GET"]}}],"collection":[{"href":"https:\/\/www.santjosep.net\/de\/wp-json\/wp\/v2\/posts"}],"about":[{"href":"https:\/\/www.santjosep.net\/de\/wp-json\/wp\/v2\/types\/post"}],"author":[{"embeddable":true,"href":"https:\/\/www.santjosep.net\/de\/wp-json\/wp\/v2\/users\/1"}],"replies":[{"embeddable":true,"href":"https:\/\/www.santjosep.net\/de\/wp-json\/wp\/v2\/comments?post=32234"}],"version-history":[{"count":0,"href":"https:\/\/www.santjosep.net\/de\/wp-json\/wp\/v2\/posts\/32234\/revisions"}],"wp:featuredmedia":[{"embeddable":true,"href":"https:\/\/www.santjosep.net\/de\/wp-json\/wp\/v2\/media\/32224"}],"wp:attachment":[{"href":"https:\/\/www.santjosep.net\/de\/wp-json\/wp\/v2\/media?parent=32234"}],"wp:term":[{"taxonomy":"category","embeddable":true,"href":"https:\/\/www.santjosep.net\/de\/wp-json\/wp\/v2\/categories?post=32234"},{"taxonomy":"post_tag","embeddable":true,"href":"https:\/\/www.santjosep.net\/de\/wp-json\/wp\/v2\/tags?post=32234"}],"curies":[{"name":"wp","href":"https:\/\/api.w.org\/{rel}","templated":true}]}}