{"id":26356,"date":"2021-10-26T13:44:07","date_gmt":"2021-10-26T11:44:07","guid":{"rendered":"https:\/\/www.santjosep.net\/sant-joseps-weather-all-year-round\/"},"modified":"2021-10-26T15:49:35","modified_gmt":"2021-10-26T13:49:35","slug":"das-klima-in-sant-josep-zu-allen-jahreszeiten","status":"publish","type":"post","link":"https:\/\/www.santjosep.net\/de\/das-klima-in-sant-josep-zu-allen-jahreszeiten\/","title":{"rendered":"Das Klima in Sant Josep zu allen Jahreszeiten"},"content":{"rendered":"<div class=\"wpb-content-wrapper\"><p>[vc_row enable_hue_rotation=&#8220;no&#8220; enable_text_marquee=&#8220;no&#8220;][vc_column][vc_column_text]Die Gemeinde <strong>Sant Josep de sa Talaia<\/strong> erstreckt sich \u00fcber weite Teile des S\u00fcdwestens der Insel <strong>Ibiza<\/strong>, im Herzen des Mittelmeers, wo Land und Wasser von einem <strong>ganzj\u00e4hrig milden und angenehmen Klima profitieren<\/strong>. F\u00fcr Besucher ist das ein zus\u00e4tzliches Plus, da sie das Natur- und Kulturerbe genie\u00dfen k\u00f6nnen, ohne sich dabei durch extreme Klimabedingungen einschr\u00e4nken zu m\u00fcssen.[\/vc_column_text][vc_column_text css=&#8220;.vc_custom_1635254833202{padding-top: 15px !important;}&#8220;]<\/p>\n<h2><b>Das Klima in den verschiedenen Jahreszeiten<\/b><\/h2>\n<p>[\/vc_column_text][vc_column_text]Auf Ibiza herrschen insgesamt <strong>milde Durchschnittstemperaturen bei geringem Niederschlag<\/strong>, der allerdings sehr <strong>unregelm\u00e4\u00dfig auftritt und sich dann<\/strong> auf wenige Tage im Jahr konzentriert. Trotzdem bleibt auf der Insel eine nat\u00fcrliche Feuchtigkeit erhalten, da sie von vielen unterirdischen Wasserspeichern durchzogen wird, die das Wasser aus den weitl\u00e4ufigen bergigen Gebieten binden.\u00a0 Die <strong>mittlere Jahrestemperatur liegt zwischen 16 \u00b0C und 18 \u00b0C<\/strong>, im Sommer werden im Mittel bis zu 29 \u00b0C-31 \u00b0C erreicht. Selbst im Winter sinken die Werte nicht unter 5 \u00b0C-9 \u00b0C. Zur Anschauung: Im Januar, dem normalerweise k\u00e4ltesten Monat, liegt die Durchschnittstemperatur zwischen einem Maximum von 15,5 \u00b0C und einem Minimum von 8,1 \u00b0C. Im <strong>Fr\u00fchling<\/strong> reichen die durchschnittlichen H\u00f6chst- und Tiefstwerte von 17,2 \u00b0C \u2013 9,2 \u00b0C im M\u00e4rz bis zu 22,2 \u00b0C \u2013 14,2 \u00b0C im Mai. Im <strong>Sommer<\/strong> steigen die Temperaturen merklich an und erreichen im typischerweise hei\u00dfesten Monat August Mittelwerte zwischen 30 \u00b0C im Maximum und 21,8 \u00b0C im Minimum. Im <strong>Herbst<\/strong> gibt es von Monat zu Monat deutliche Unterschiede: Im September liegen die mittleren Temperaturen zwischen einem Maximum von 27,6 \u00b0C und einem Minimum von 19,5 \u00b0C, im November betragen diese Werte jeweils 16,7 \u00b0C und 12 \u00b0C.[\/vc_column_text][vc_single_image image=&#8220;26331&#8243; img_size=&#8220;full&#8220; css=&#8220;.vc_custom_1635249093075{padding-top: 20px !important;}&#8220;][vc_column_text]<\/p>\n<h6>Der Strand von Cala Bassa am Morgen des Mai<\/h6>\n<p>[\/vc_column_text][vc_column_text css=&#8220;.vc_custom_1635254993325{padding-top: 60px !important;}&#8220;]<\/p>\n<h2>Wassertemperatur<\/h2>\n<p>[\/vc_column_text][vc_column_text]Allen <strong><a href=\"https:\/\/www.santjosep.net\/de\/sant-josep-ein-wahres-meer-an-freizeitmoeglichkeiten\/\">Wassersportfreunden<\/a><\/strong> bietet Sant Josep zu jeder Jahreszeit angenehme Wassertemperaturen, die auch zwischen Januar und M\u00e4rz nicht auf unter 13,3 \u00b0C abfallen. Im Sommer sind die Temperaturen entsprechend h\u00f6her und erreichen im August bis zu 24,4 \u00b0C, bevor sie zum Oktober hin wieder leicht auf 20,6 \u00b0C abfallen. Da Ibiza eine Insel ist, stellt das Meer den wichtigsten Einflussfaktor dar, der f\u00fcr die milden Temperaturen sorgt. Daher bietet Ibiza beispielsweise ideale M\u00f6glichkeiten zum Tauchen, da die Temperaturen auch im tieferen Wasser nicht unter 13 \u00b0C sinken.[\/vc_column_text][vc_video link=&#8220;https:\/\/vimeo.com\/157150065&#8243; css=&#8220;.vc_custom_1635248726642{padding-top: 10px !important;padding-bottom: 10px !important;}&#8220;][vc_column_text css=&#8220;.vc_custom_1635255106148{padding-top: 60px !important;}&#8220;]<\/p>\n<h2>Genuss unter freiem Himmel<\/h2>\n<p>[\/vc_column_text][vc_column_text]Auch die <strong>Sonnenstunden im Verh\u00e4ltnis zu den Regentagen zeugen vom freundlichen Inselklima<\/strong> und er\u00f6ffnen den Besuchern viele M\u00f6glichkeiten, die Natursch\u00f6nheiten von Sant Josep unter freiem Himmel zu genie\u00dfen. Die gr\u00f6\u00dften Ver\u00e4nderungen durchl\u00e4uft die Insel jedes Jahr im Fr\u00fchling. Diese Monate sind ein echter Vorgeschmack auf den Sommer und lassen die Natur auf den Feldern in ihrer ganzen Pracht erstrahlen. Au\u00dferdem gibt es viel mehr Freizeitm\u00f6glichkeiten im Freien als im Winter und die milden Temperaturen erm\u00f6glichen die Austragung von sportlichen Wettk\u00e4mpfen, die sowohl national als auch international auf gro\u00dfes Interesse sto\u00dfen.<\/p>\n<p>Zu dieser Jahreszeit entfaltet Sant Josep sein volles landschaftliches Potenzial.\u00a0 Auch im <strong>Herbst und Winter<\/strong> finden <a href=\"https:\/\/www.santjosep.net\/de\/agenda\/photo\/\"><strong>Sportwettk\u00e4mpfe statt<\/strong><\/a><strong>,<\/strong> einige Teams nutzen diese Jahreszeiten allerdings auch f\u00fcr Trainingslager oder Vorbereitungstrainings in einer ruhigen Umgebung mit einer guten Infrastruktur.[\/vc_column_text][vc_video link=&#8220;https:\/\/vimeo.com\/161582889&#8243; css=&#8220;.vc_custom_1635248747595{padding-top: 10px !important;padding-bottom: 10px !important;}&#8220;][vc_column_text css=&#8220;.vc_custom_1635255650671{padding-top: 60px !important;}&#8220;]<\/p>\n<h2>Naturschauspiele<\/h2>\n<p>[\/vc_column_text][vc_column_text]Es <strong>gibt zu jeder Jahreszeit Naturschauspiele<\/strong>, die Einheimische und G\u00e4ste gleicherma\u00dfen begeistern.<\/p>\n<p>Im <a href=\"https:\/\/www.santjosep.net\/de\/floracion-de-los-almendros-en-sant-josep-ibiza\/\"><strong>Januar bl\u00fchen beispielsweise die Mandelb\u00e4ume in Sant Agust\u00ed<\/strong><\/a> und tauchen die Felder in strahlendes Wei\u00df \u2013 ein wahres Paradies f\u00fcr Fotografen und Wanderfreunde.[\/vc_column_text][vc_video link=&#8220;https:\/\/vimeo.com\/157150443\/8ce00e42a4&#8243; css=&#8220;.vc_custom_1635248755394{padding-top: 10px !important;padding-bottom: 10px !important;}&#8220;][vc_column_text]Im <strong>April entfaltet der Fr\u00fchling seine volle Sch\u00f6nheit und taucht die Felder<\/strong> in die lebhaftesten Farben. Diese Zeit eignet sich perfekt f\u00fcr Erkundungstouren in die entlegenen Ecken und Winkel von Sant Josep. Hierzu gibt es jeweils <a href=\"https:\/\/www.santjosep.net\/de\/sportliche-aktivitaeten\/wanderungen-in-sant-josep-ibiza\/\">Routen f\u00fcr Wanderer<\/a>, <a href=\"https:\/\/www.santjosep.net\/de\/sportliche-aktivitaeten\/mountainbiketouren-sant-josep-ibiza\/\">Radfahrer<\/a>, <a href=\"https:\/\/www.santjosep.net\/de\/sportliche-aktivitaeten\/kajak-sant-josep-ibiza\/\">Kajakfahrer<\/a> und <a href=\"https:\/\/www.santjosep.net\/de\/kurs-auf-sant-josep-eine-kueste-zum-verlieben\/\">Segler<\/a> \u2013 die M\u00f6glichkeiten sind grenzenlos.<\/p>\n<p>Wenn der Sommer Einzug h\u00e4lt, kann man die <a href=\"https:\/\/www.santjosep.net\/de\/flamingos-die-lebendigen-ikonen-des-naturparks-ses-salines\/\"><strong>Ankunft der Flamingos in den Salzbecken von Ibiza<\/strong><\/a> beobachten, obwohl es mittlerweile auch eine stetig wachsende Kolonie von Tieren gibt, die dank der milden Wintertemperaturen ganzj\u00e4hrig auf der Insel bleiben. Die vielf\u00e4ltige Vogelwelt in den Gew\u00e4ssern des Naturparks zu beobachten ist ein wahres <a href=\"https:\/\/www.santjosep.net\/de\/sehen\/natur\/die-salinen-auf-eivissa-und-formentera\/\"><strong>Naturspektakel.<\/strong><\/a>[\/vc_column_text][vc_video link=&#8220;https:\/\/vimeo.com\/551961350&#8243; css=&#8220;.vc_custom_1635248762458{padding-top: 10px !important;padding-bottom: 10px !important;}&#8220;][vc_column_text]Die herrlichen <a href=\"https:\/\/www.santjosep.net\/de\/9-lugares-para-ver-la-puesta-de-sol-en-sant-josep-ibiza\/\"><strong>Sonnenunterg\u00e4nge lassen sich das ganze Jahr \u00fcber genie\u00dfen<\/strong><\/a>, doch die eindrucksvollsten Farbenspiele haben die Herbstmonate zu bieten.[\/vc_column_text][vc_video link=&#8220;https:\/\/vimeo.com\/353323972&#8243; css=&#8220;.vc_custom_1635248768445{padding-top: 10px !important;padding-bottom: 10px !important;}&#8220;][vc_row_inner][vc_column_inner][\/vc_column_inner][\/vc_row_inner][\/vc_column][\/vc_row]<\/p>\n<\/div>","protected":false},"excerpt":{"rendered":"<p>Im Herzen des Mittelmeers gelegen, profitieren das Land und die Gew\u00e4sser von einem ganzj\u00e4hrig milden und angenehmen Klima<\/p>\n","protected":false},"author":1,"featured_media":26345,"comment_status":"open","ping_status":"open","sticky":false,"template":"","format":"standard","meta":{"_acf_changed":false,"inline_featured_image":false,"footnotes":""},"categories":[371],"tags":[],"class_list":["post-26356","post","type-post","status-publish","format-standard","has-post-thumbnail","hentry","category-nuetzliche-informationen"],"acf":[],"geo":null,"yoast_head":"<!-- This site is optimized with the Yoast SEO plugin v25.7 - https:\/\/yoast.com\/wordpress\/plugins\/seo\/ -->\n<title>Das Klima in Sant Josep zu allen Jahreszeiten - Santjosep.net<\/title>\n<meta name=\"robots\" content=\"index, follow, max-snippet:-1, max-image-preview:large, max-video-preview:-1\" \/>\n<link rel=\"canonical\" href=\"https:\/\/www.santjosep.net\/de\/das-klima-in-sant-josep-zu-allen-jahreszeiten\/\" \/>\n<meta property=\"og:locale\" content=\"de_DE\" \/>\n<meta property=\"og:type\" content=\"article\" \/>\n<meta property=\"og:title\" content=\"Das Klima in Sant Josep zu allen Jahreszeiten - Santjosep.net\" \/>\n<meta property=\"og:description\" content=\"Im Herzen des Mittelmeers gelegen, profitieren das Land und die Gew\u00e4sser von einem ganzj\u00e4hrig milden und angenehmen Klima\" \/>\n<meta property=\"og:url\" content=\"https:\/\/www.santjosep.net\/de\/das-klima-in-sant-josep-zu-allen-jahreszeiten\/\" \/>\n<meta property=\"og:site_name\" content=\"Santjosep.net\" \/>\n<meta property=\"article:published_time\" content=\"2021-10-26T11:44:07+00:00\" \/>\n<meta property=\"article:modified_time\" content=\"2021-10-26T13:49:35+00:00\" \/>\n<meta property=\"og:image\" content=\"https:\/\/www.santjosep.net\/wp-content\/uploads\/2021\/10\/clima_santjosep_ibiza.jpg\" \/>\n\t<meta property=\"og:image:width\" content=\"890\" \/>\n\t<meta property=\"og:image:height\" content=\"667\" \/>\n\t<meta property=\"og:image:type\" content=\"image\/jpeg\" \/>\n<meta name=\"author\" content=\"Sant Josep\" \/>\n<meta name=\"twitter:card\" content=\"summary_large_image\" \/>\n<meta name=\"twitter:label1\" content=\"Verfasst von\" \/>\n\t<meta name=\"twitter:data1\" content=\"Sant Josep\" \/>\n\t<meta name=\"twitter:label2\" content=\"Gesch\u00e4tzte Lesezeit\" \/>\n\t<meta name=\"twitter:data2\" content=\"3\u00a0Minuten\" \/>\n<script type=\"application\/ld+json\" class=\"yoast-schema-graph\">{\"@context\":\"https:\/\/schema.org\",\"@graph\":[{\"@type\":\"WebPage\",\"@id\":\"https:\/\/www.santjosep.net\/de\/das-klima-in-sant-josep-zu-allen-jahreszeiten\/\",\"url\":\"https:\/\/www.santjosep.net\/de\/das-klima-in-sant-josep-zu-allen-jahreszeiten\/\",\"name\":\"Das Klima in Sant Josep zu allen Jahreszeiten - Santjosep.net\",\"isPartOf\":{\"@id\":\"https:\/\/www.santjosep.net\/#website\"},\"primaryImageOfPage\":{\"@id\":\"https:\/\/www.santjosep.net\/de\/das-klima-in-sant-josep-zu-allen-jahreszeiten\/#primaryimage\"},\"image\":{\"@id\":\"https:\/\/www.santjosep.net\/de\/das-klima-in-sant-josep-zu-allen-jahreszeiten\/#primaryimage\"},\"thumbnailUrl\":\"https:\/\/www.santjosep.net\/wp-content\/uploads\/2021\/10\/clima_santjosep_ibiza.jpg\",\"datePublished\":\"2021-10-26T11:44:07+00:00\",\"dateModified\":\"2021-10-26T13:49:35+00:00\",\"author\":{\"@id\":\"https:\/\/www.santjosep.net\/#\/schema\/person\/b60e56f94e4e55776eb62bf4293f99b6\"},\"inLanguage\":\"de\",\"potentialAction\":[{\"@type\":\"ReadAction\",\"target\":[\"https:\/\/www.santjosep.net\/de\/das-klima-in-sant-josep-zu-allen-jahreszeiten\/\"]}]},{\"@type\":\"ImageObject\",\"inLanguage\":\"de\",\"@id\":\"https:\/\/www.santjosep.net\/de\/das-klima-in-sant-josep-zu-allen-jahreszeiten\/#primaryimage\",\"url\":\"https:\/\/www.santjosep.net\/wp-content\/uploads\/2021\/10\/clima_santjosep_ibiza.jpg\",\"contentUrl\":\"https:\/\/www.santjosep.net\/wp-content\/uploads\/2021\/10\/clima_santjosep_ibiza.jpg\",\"width\":890,\"height\":667},{\"@type\":\"WebSite\",\"@id\":\"https:\/\/www.santjosep.net\/#website\",\"url\":\"https:\/\/www.santjosep.net\/\",\"name\":\"Santjosep.net\",\"description\":\"\",\"potentialAction\":[{\"@type\":\"SearchAction\",\"target\":{\"@type\":\"EntryPoint\",\"urlTemplate\":\"https:\/\/www.santjosep.net\/?s={search_term_string}\"},\"query-input\":{\"@type\":\"PropertyValueSpecification\",\"valueRequired\":true,\"valueName\":\"search_term_string\"}}],\"inLanguage\":\"de\"},{\"@type\":\"Person\",\"@id\":\"https:\/\/www.santjosep.net\/#\/schema\/person\/b60e56f94e4e55776eb62bf4293f99b6\",\"name\":\"Sant Josep\",\"image\":{\"@type\":\"ImageObject\",\"inLanguage\":\"de\",\"@id\":\"https:\/\/www.santjosep.net\/#\/schema\/person\/image\/\",\"url\":\"https:\/\/secure.gravatar.com\/avatar\/2f4071817a97d2499c5aae9674ee15015b5a3c7c0974ca84f095a8e4aadcda56?s=96&d=mm&r=g\",\"contentUrl\":\"https:\/\/secure.gravatar.com\/avatar\/2f4071817a97d2499c5aae9674ee15015b5a3c7c0974ca84f095a8e4aadcda56?s=96&d=mm&r=g\",\"caption\":\"Sant Josep\"},\"url\":\"https:\/\/www.santjosep.net\/de\/author\/fugrafic\/\"}]}<\/script>\n<!-- \/ Yoast SEO plugin. -->","yoast_head_json":{"title":"Das Klima in Sant Josep zu allen Jahreszeiten - Santjosep.net","robots":{"index":"index","follow":"follow","max-snippet":"max-snippet:-1","max-image-preview":"max-image-preview:large","max-video-preview":"max-video-preview:-1"},"canonical":"https:\/\/www.santjosep.net\/de\/das-klima-in-sant-josep-zu-allen-jahreszeiten\/","og_locale":"de_DE","og_type":"article","og_title":"Das Klima in Sant Josep zu allen Jahreszeiten - Santjosep.net","og_description":"Im Herzen des Mittelmeers gelegen, profitieren das Land und die Gew\u00e4sser von einem ganzj\u00e4hrig milden und angenehmen Klima","og_url":"https:\/\/www.santjosep.net\/de\/das-klima-in-sant-josep-zu-allen-jahreszeiten\/","og_site_name":"Santjosep.net","article_published_time":"2021-10-26T11:44:07+00:00","article_modified_time":"2021-10-26T13:49:35+00:00","og_image":[{"width":890,"height":667,"url":"https:\/\/www.santjosep.net\/wp-content\/uploads\/2021\/10\/clima_santjosep_ibiza.jpg","type":"image\/jpeg"}],"author":"Sant Josep","twitter_card":"summary_large_image","twitter_misc":{"Verfasst von":"Sant Josep","Gesch\u00e4tzte Lesezeit":"3\u00a0Minuten"},"schema":{"@context":"https:\/\/schema.org","@graph":[{"@type":"WebPage","@id":"https:\/\/www.santjosep.net\/de\/das-klima-in-sant-josep-zu-allen-jahreszeiten\/","url":"https:\/\/www.santjosep.net\/de\/das-klima-in-sant-josep-zu-allen-jahreszeiten\/","name":"Das Klima in Sant Josep zu allen Jahreszeiten - Santjosep.net","isPartOf":{"@id":"https:\/\/www.santjosep.net\/#website"},"primaryImageOfPage":{"@id":"https:\/\/www.santjosep.net\/de\/das-klima-in-sant-josep-zu-allen-jahreszeiten\/#primaryimage"},"image":{"@id":"https:\/\/www.santjosep.net\/de\/das-klima-in-sant-josep-zu-allen-jahreszeiten\/#primaryimage"},"thumbnailUrl":"https:\/\/www.santjosep.net\/wp-content\/uploads\/2021\/10\/clima_santjosep_ibiza.jpg","datePublished":"2021-10-26T11:44:07+00:00","dateModified":"2021-10-26T13:49:35+00:00","author":{"@id":"https:\/\/www.santjosep.net\/#\/schema\/person\/b60e56f94e4e55776eb62bf4293f99b6"},"inLanguage":"de","potentialAction":[{"@type":"ReadAction","target":["https:\/\/www.santjosep.net\/de\/das-klima-in-sant-josep-zu-allen-jahreszeiten\/"]}]},{"@type":"ImageObject","inLanguage":"de","@id":"https:\/\/www.santjosep.net\/de\/das-klima-in-sant-josep-zu-allen-jahreszeiten\/#primaryimage","url":"https:\/\/www.santjosep.net\/wp-content\/uploads\/2021\/10\/clima_santjosep_ibiza.jpg","contentUrl":"https:\/\/www.santjosep.net\/wp-content\/uploads\/2021\/10\/clima_santjosep_ibiza.jpg","width":890,"height":667},{"@type":"WebSite","@id":"https:\/\/www.santjosep.net\/#website","url":"https:\/\/www.santjosep.net\/","name":"Santjosep.net","description":"","potentialAction":[{"@type":"SearchAction","target":{"@type":"EntryPoint","urlTemplate":"https:\/\/www.santjosep.net\/?s={search_term_string}"},"query-input":{"@type":"PropertyValueSpecification","valueRequired":true,"valueName":"search_term_string"}}],"inLanguage":"de"},{"@type":"Person","@id":"https:\/\/www.santjosep.net\/#\/schema\/person\/b60e56f94e4e55776eb62bf4293f99b6","name":"Sant Josep","image":{"@type":"ImageObject","inLanguage":"de","@id":"https:\/\/www.santjosep.net\/#\/schema\/person\/image\/","url":"https:\/\/secure.gravatar.com\/avatar\/2f4071817a97d2499c5aae9674ee15015b5a3c7c0974ca84f095a8e4aadcda56?s=96&d=mm&r=g","contentUrl":"https:\/\/secure.gravatar.com\/avatar\/2f4071817a97d2499c5aae9674ee15015b5a3c7c0974ca84f095a8e4aadcda56?s=96&d=mm&r=g","caption":"Sant Josep"},"url":"https:\/\/www.santjosep.net\/de\/author\/fugrafic\/"}]}},"_links":{"self":[{"href":"https:\/\/www.santjosep.net\/de\/wp-json\/wp\/v2\/posts\/26356","targetHints":{"allow":["GET"]}}],"collection":[{"href":"https:\/\/www.santjosep.net\/de\/wp-json\/wp\/v2\/posts"}],"about":[{"href":"https:\/\/www.santjosep.net\/de\/wp-json\/wp\/v2\/types\/post"}],"author":[{"embeddable":true,"href":"https:\/\/www.santjosep.net\/de\/wp-json\/wp\/v2\/users\/1"}],"replies":[{"embeddable":true,"href":"https:\/\/www.santjosep.net\/de\/wp-json\/wp\/v2\/comments?post=26356"}],"version-history":[{"count":0,"href":"https:\/\/www.santjosep.net\/de\/wp-json\/wp\/v2\/posts\/26356\/revisions"}],"wp:featuredmedia":[{"embeddable":true,"href":"https:\/\/www.santjosep.net\/de\/wp-json\/wp\/v2\/media\/26345"}],"wp:attachment":[{"href":"https:\/\/www.santjosep.net\/de\/wp-json\/wp\/v2\/media?parent=26356"}],"wp:term":[{"taxonomy":"category","embeddable":true,"href":"https:\/\/www.santjosep.net\/de\/wp-json\/wp\/v2\/categories?post=26356"},{"taxonomy":"post_tag","embeddable":true,"href":"https:\/\/www.santjosep.net\/de\/wp-json\/wp\/v2\/tags?post=26356"}],"curies":[{"name":"wp","href":"https:\/\/api.w.org\/{rel}","templated":true}]}}