{"id":25671,"date":"2021-09-25T14:05:17","date_gmt":"2021-09-25T12:05:17","guid":{"rendered":"https:\/\/www.santjosep.net\/establecimientos-emblematicos-de-sant-josep\/"},"modified":"2021-12-21T08:56:13","modified_gmt":"2021-12-21T07:56:13","slug":"geschaefte-mit-geschicht-in-sant-josep","status":"publish","type":"post","link":"https:\/\/www.santjosep.net\/de\/geschaefte-mit-geschicht-in-sant-josep\/","title":{"rendered":"Gesch\u00e4fte mit Geschichte in Sant Josep"},"content":{"rendered":"<div class=\"wpb-content-wrapper\"><p>[vc_row enable_hue_rotation=&#8220;no&#8220; enable_text_marquee=&#8220;no&#8220;][vc_column][vc_column_text]Das, was einen Landstrich auszeichnet, ruht auf vielen S\u00e4ulen: Da w\u00e4ren die Menschen, die Geschichte, die Landschaft, das Klima, die Br\u00e4uche und nat\u00fcrlich die Orte des Handels, die sich ihre Bewohner in ihrem Alltag aufgebaut haben. Aus dieser Idee heraus entstand die Initiative <a href=\"https:\/\/emblematicsbalears.es\/en\/\"><i>Comer\u00e7os emblem\u00e0tics de les Illes Balears<\/i><\/a> (Geschichtstr\u00e4chtige Gesch\u00e4fte der Balearen). Auf der Webseite des Projektes\u00a0 <a href=\"http:\/\/www.emblematicsbalears.es\/en\">web<\/a> werden traditionelle Gesch\u00e4fte gelistet, die aus unterschiedlichsten Gr\u00fcnden das historische Erbe der verschiedenen Inselgemeinden bereichern.[\/vc_column_text][vc_column_text]Als eine der ersten Gemeinden hat<strong> Sant Josep de sa Talaia<\/strong> seine Eintr\u00e4ge f\u00fcr diesen virtuellen Katalog eingereicht, der zur F\u00f6rderung und Anerkennung lokaler Gesch\u00e4fte beitragen soll. Sie sind in Sant Josep viel mehr als blo\u00dfe Namen, vielmehr stehen sie f\u00fcr eine lange Geschichte, in deren Lauf mehrere Generationen sich f\u00fcr die Seele des lokalen Handels eingesetzt haben.[\/vc_column_text][vc_column_text]Die Liste wird in Zukunft sicher noch l\u00e4nger, aber bereits jetzt sind f\u00fcnf geschichtstr\u00e4chtige Gewerbe aus Sant Josep vertreten: <strong>Can Jordi<\/strong>, <strong>Can Pep Xica<\/strong>, <strong>Can Pou<\/strong>, <strong>Can Reial<\/strong> und <strong>Can Ros<\/strong>.[\/vc_column_text][vc_single_image image=&#8220;25516&#8243; img_size=&#8220;full&#8220; css=&#8220;.vc_custom_1633434758943{margin-top: 15px !important;margin-bottom: 15px !important;}&#8220;][vc_column_text css=&#8220;.vc_custom_1633434946974{padding-top: 30px !important;}&#8220;]<\/p>\n<h2><strong>Can Jordi<\/strong><\/h2>\n<p>[\/vc_column_text][vc_column_text]<strong>Can Jordi<\/strong> kann auf \u00fcber ein Jahrhundert als kleines Ladengesch\u00e4ft an der Landstra\u00dfe zur\u00fcckblicken, das au\u00dferdem \u2013 wie damals \u00fcblich \u2013 auch \u00fcber eine Bar verf\u00fcgte. Der Amerikar\u00fcckkehrer <strong>Vicent Puvil er\u00f6ffnete das Gesch\u00e4ft in den Zwanzigerjahren des vergangenen Jahrhunderts<\/strong> mit der Absicht, die Anwohner ganzj\u00e4hrig mit Waren des t\u00e4glichen Bedarfs zu versorgen und den Bauern, die auf dem alten Weg nach Es Cubells unterwegs waren, eine M\u00f6glichkeit zur Rast zu bieten. In den Vierzigerjahren wurde es von den Paten des jetzigen Eigent\u00fcmers Vicent Mar\u00ed zun\u00e4chst angemietet und schlie\u00dflich gekauft und auf den Namen Can Jordi getauft. Mittlerweile gibt es im Can Jordi auch Livemusik und das Lokal hat sich zum beliebten Treffpunkt f\u00fcr Musikfreunde allen Alters und unterschiedlicher Herkunft entwickelt. Auch der Name wurde entsprechend angepasst: Heute ist das Lokal als <em><strong>Can Jordi Blues Station<\/strong><\/em> bekannt.[\/vc_column_text][vc_column_text]<a href=\"https:\/\/www.google.es\/maps\/dir\/\/Can+Jordi+Blues+Station,+Diseminado+Jordi,+8773,+07830,+Illes+Balears\/@38.9005128,1.3228353,13z\/data=!3m1!5s0x1299492c75122d65:0x7f75b57d8ea5fceb!4m9!4m8!1m0!1m5!1m1!1s0x1299492c7540af69:0x36d2728270b6f53b!2m2!1d1.3228353!2d38.9005128!3e0?hl=es\"><strong>Wie kommt man dorthin?<\/strong><\/a>[\/vc_column_text][vc_single_image image=&#8220;25522&#8243; img_size=&#8220;full&#8220; css=&#8220;.vc_custom_1633434909342{margin-top: 15px !important;margin-bottom: 15px !important;}&#8220;][vc_column_text css=&#8220;.vc_custom_1633434952746{padding-top: 30px !important;}&#8220;]<\/p>\n<h2><strong>Can Pep Xica<br \/>\n<\/strong><\/h2>\n<p>[\/vc_column_text][vc_column_text]<strong>Can Pep Xica<\/strong> befindet sich bei Kilometer 9 auf der Landstra\u00dfe von Sant Josep nach Vila\/Ibiza-Stadt. Der Familienbetrieb er\u00f6ffnete als kleiner Tante-Emma-Laden, der alles von landwirtschaftlichen Erzeugnissen bis zu Haushaltsartikeln f\u00fchrte, heute gibt es hier au\u00dferdem Butan-Gas zu kaufen. <strong>Toni Tur Ribas er\u00f6ffnete den Laden im Jahr 1950<\/strong> in seinem eigenen Wohnhaus. Ein Jahr sp\u00e4ter \u00fcbernahm seine Tochter Mar\u00eda Tur Mar\u00ed das Gesch\u00e4ft, das heute von den Enkelinnen weitergef\u00fchrt wird \u2013 noch immer in denselben R\u00e4umlichkeiten im familieneigenen Wohnhaus und mit viel Sinn f\u00fcr Freundlichkeit \u2013 ganz der nette Laden nebenan.[\/vc_column_text][vc_column_text]<a href=\"https:\/\/www.google.com\/maps\/place\/Comestibles+Can+Pep+Xica\/@38.9198405,1.3095943,15z\/data=!4m5!3m4!1s0x0:0x4fcf775e02f3d076!8m2!3d38.9198362!4d1.3095547\"><strong>Wie kommt man dorthin?<br \/>\n<\/strong><\/a>[\/vc_column_text][vc_column_text css=&#8220;.vc_custom_1633435161469{margin-top: 15px !important;margin-bottom: 15px !important;}&#8220;]<style>#jtg-25525 .modula-item .jtg-social a, .lightbox-socials.jtg-social a{ fill: #ffffff; color: #ffffff }#jtg-25525 .modula-item .jtg-social-mobile a{ fill: #ffffff; color: #ffffff }#jtg-25525 .modula-item .jtg-social svg, .lightbox-socials.jtg-social svg { height: 16px; width: 16px }#jtg-25525 .modula-item .jtg-social-mobile svg { height: 16px; width: 16px }#jtg-25525 .modula-item .jtg-social a:not(:last-child), .lightbox-socials.jtg-social a:not(:last-child) { margin-right: 10px }#jtg-25525 .modula-item .jtg-social-mobile .jtg-social-mobile-icons a:not(:last-child){ margin-right: 10px }#jtg-25525 .modula-item .figc {color:#ffffff;}#jtg-25525 .modula-item .modula-item-content { transform: scale(1) }#jtg-25525 .modula-items .figc p.description { font-size:14px; }#jtg-25525 .modula-items .figc p.description { color:#ffffff;}#jtg-25525.modula-gallery .modula-item > a, #jtg-25525.modula-gallery .modula-item, #jtg-25525.modula-gallery .modula-item-content > a:not(.modula-no-follow) { cursor:zoom-in; } #jtg-25525.modula-gallery .modula-item-content .modula-no-follow { cursor: default; } @media screen and (max-width:480px){#jtg-25525 .modula-item .figc .jtg-title {  font-size: 12px; }#jtg-25525 .modula-items .figc p.description { color:#ffffff;font-size:10px; }}#jtg-25525 .modula-items .modula-item:hover img{opacity:1;}<\/style>\n<div  id=\"jtg-25525\" class=\"modula modula-gallery modula-custom-grid\" data-config=\"{&quot;height&quot;:800,&quot;tabletHeight&quot;:800,&quot;mobileHeight&quot;:800,&quot;desktopHeight&quot;:800,&quot;enableTwitter&quot;:true,&quot;enableWhatsapp&quot;:false,&quot;enableFacebook&quot;:true,&quot;enablePinterest&quot;:true,&quot;enableLinkedin&quot;:true,&quot;enableEmail&quot;:false,&quot;randomFactor&quot;:0.5,&quot;type&quot;:&quot;custom-grid&quot;,&quot;columns&quot;:12,&quot;gutter&quot;:0,&quot;mobileGutter&quot;:0,&quot;tabletGutter&quot;:0,&quot;desktopGutter&quot;:0,&quot;enableResponsive&quot;:&quot;1&quot;,&quot;tabletColumns&quot;:&quot;2&quot;,&quot;mobileColumns&quot;:&quot;1&quot;,&quot;lazyLoad&quot;:&quot;0&quot;,&quot;lightboxOpts&quot;:{&quot;animated&quot;:true,&quot;Thumbs&quot;:{&quot;type&quot;:&quot;modern&quot;,&quot;showOnStart&quot;:false},&quot;Toolbar&quot;:{&quot;display&quot;:{&quot;right&quot;:[&quot;close&quot;]},&quot;enabled&quot;:true},&quot;Carousel&quot;:{&quot;Panzoom&quot;:{&quot;touch&quot;:false},&quot;infinite&quot;:false},&quot;keyboard&quot;:{&quot;Escape&quot;:&quot;close&quot;,&quot;Delete&quot;:&quot;close&quot;,&quot;Backspace&quot;:&quot;close&quot;,&quot;PageUp&quot;:false,&quot;PageDown&quot;:false,&quot;ArrowUp&quot;:false,&quot;ArrowDown&quot;:false,&quot;ArrowRight&quot;:false,&quot;ArrowLeft&quot;:false},&quot;touch&quot;:false,&quot;backdropClick&quot;:false,&quot;l10n&quot;:{&quot;CLOSE&quot;:&quot;Close&quot;,&quot;NEXT&quot;:&quot;Next&quot;,&quot;PREV&quot;:&quot;Previous&quot;,&quot;Error&quot;:&quot;The requested content cannot be loaded. Please try again later.&quot;,&quot;PLAY_START&quot;:&quot;Start slideshow&quot;,&quot;PLAY_STOP&quot;:&quot;Pause slideshow&quot;,&quot;FULL_SCREEN&quot;:&quot;Full screen&quot;,&quot;THUMBS&quot;:&quot;Thumbnails&quot;,&quot;DOWNLOAD&quot;:&quot;Download&quot;,&quot;SHARE&quot;:&quot;Share&quot;,&quot;ZOOM&quot;:&quot;Zoom&quot;,&quot;EMAIL&quot;:&quot;Here is the link to the image : %%image_link%% and this is the link to the gallery : %%gallery_link%%&quot;,&quot;MODAL&quot;:&quot;You can close this modal content with the ESC key&quot;,&quot;ERROR&quot;:&quot;Something Went Wrong, Please Try Again Later&quot;,&quot;IMAGE_ERROR&quot;:&quot;Image Not Found&quot;,&quot;ELEMENT_NOT_FOUND&quot;:&quot;HTML Element Not Found&quot;,&quot;AJAX_NOT_FOUND&quot;:&quot;Error Loading AJAX : Not Found&quot;,&quot;AJAX_FORBIDDEN&quot;:&quot;Error Loading AJAX : Forbidden&quot;,&quot;IFRAME_ERROR&quot;:&quot;Error Loading Page&quot;,&quot;TOGGLE_ZOOM&quot;:&quot;Toggle zoom level&quot;,&quot;TOGGLE_THUMBS&quot;:&quot;Toggle thumbnails&quot;,&quot;TOGGLE_SLIDESHOW&quot;:&quot;Toggle slideshow&quot;,&quot;TOGGLE_FULLSCREEN&quot;:&quot;Toggle full-screen mode&quot;},&quot;Images&quot;:{&quot;Panzoom&quot;:{&quot;maxScale&quot;:2}},&quot;mainClass&quot;:&quot;modula-fancybox-container modula-lightbox-jtg-25525&quot;,&quot;Html&quot;:{&quot;videoAutoplay&quot;:0,&quot;videoTpl&quot;:&quot;&lt;video class=\\&quot;fancybox__html5video\\&quot; controls muted playsinline controlsList controlsList=\\&quot;nodownload\\&quot; poster=\\&quot;{{poster}}\\&quot; src=\\&quot;{{src}}\\&quot; type=\\&quot;{{format}}\\&quot; &gt;  Sorry, your browser doesn&#039;t support embedded videos, &lt;a href=\\&quot;{{src}}\\&quot;&gt; download &lt;\\\/a&gt; and watch with your favorite video player! &lt;\\\/video&gt;&quot;}},&quot;inView&quot;:false,&quot;email_subject&quot;:&quot;Check out this awesome image !!&quot;,&quot;email_message&quot;:&quot;Here is the link to the image : %%image_link%% and this is the link to the gallery : %%gallery_link%%&quot;,&quot;lightbox&quot;:&quot;fancybox&quot;}\">\n\n\t\n\t<div  class=\"modula-items\">\n\t\t<div class=\"modula-item\" data-width=\"7\" data-height=\"6\" >\n\t<div class=\"modula-item-content\">\n\t\t\n\t\t\t\t\t<a data-image-id=\"25526\" tabindex=\"0\" rel=\"jtg-25525\" data-caption=\"\" aria-label=\"Open image in lightbox\" role=\"button\" class=\"tile-inner modula-item-link\"><\/a>\n\t\t\n\t\t<img loading=\"lazy\" decoding=\"async\" class=\"pic wp-image-25526\"  data-valign=\"middle\" data-halign=\"center\" alt=\"\" data-full=\"https:\/\/www.santjosep.net\/wp-content\/uploads\/2021\/10\/RR_09469.jpg\" title=\"RR_09469\" width=\"1500\" height=\"1000\" src=\"https:\/\/www.santjosep.net\/wp-content\/uploads\/2021\/10\/RR_09469.jpg\" data-src=\"https:\/\/www.santjosep.net\/wp-content\/uploads\/2021\/10\/RR_09469.jpg\" data-caption=\"\" srcset=\"https:\/\/www.santjosep.net\/wp-content\/uploads\/2021\/10\/RR_09469.jpg 1500w, https:\/\/www.santjosep.net\/wp-content\/uploads\/2021\/10\/RR_09469-300x200.jpg 300w, https:\/\/www.santjosep.net\/wp-content\/uploads\/2021\/10\/RR_09469-1024x683.jpg 1024w, https:\/\/www.santjosep.net\/wp-content\/uploads\/2021\/10\/RR_09469-768x512.jpg 768w\" sizes=\"auto, (max-width: 1500px) 100vw, 1500px\" \/>\n\t<\/div>\n\n<\/div><div class=\"modula-item\" data-width=\"5\" data-height=\"4\" >\n\t<div class=\"modula-item-content\">\n\t\t\n\t\t\t\t\t<a data-image-id=\"25531\" tabindex=\"0\" rel=\"jtg-25525\" data-caption=\"\" aria-label=\"Open image in lightbox\" role=\"button\" class=\"tile-inner modula-item-link\"><\/a>\n\t\t\n\t\t<img loading=\"lazy\" decoding=\"async\" class=\"pic wp-image-25531\"  data-valign=\"middle\" data-halign=\"center\" alt=\"\" data-full=\"https:\/\/www.santjosep.net\/wp-content\/uploads\/2021\/10\/RR_09480.jpg\" title=\"RR_09480\" width=\"1500\" height=\"1000\" src=\"https:\/\/www.santjosep.net\/wp-content\/uploads\/2021\/10\/RR_09480.jpg\" data-src=\"https:\/\/www.santjosep.net\/wp-content\/uploads\/2021\/10\/RR_09480.jpg\" data-caption=\"\" srcset=\"https:\/\/www.santjosep.net\/wp-content\/uploads\/2021\/10\/RR_09480.jpg 1500w, https:\/\/www.santjosep.net\/wp-content\/uploads\/2021\/10\/RR_09480-300x200.jpg 300w, https:\/\/www.santjosep.net\/wp-content\/uploads\/2021\/10\/RR_09480-1024x683.jpg 1024w, https:\/\/www.santjosep.net\/wp-content\/uploads\/2021\/10\/RR_09480-768x512.jpg 768w\" sizes=\"auto, (max-width: 1500px) 100vw, 1500px\" \/>\n\t<\/div>\n\n<\/div><div class=\"modula-item\" data-width=\"7\" data-height=\"5\" >\n\t<div class=\"modula-item-content\">\n\t\t\n\t\t\t\t\t<a data-image-id=\"25537\" tabindex=\"0\" rel=\"jtg-25525\" data-caption=\"\" aria-label=\"Open image in lightbox\" role=\"button\" class=\"tile-inner modula-item-link\"><\/a>\n\t\t\n\t\t<img loading=\"lazy\" decoding=\"async\" class=\"pic wp-image-25537\"  data-valign=\"middle\" data-halign=\"center\" alt=\"\" data-full=\"https:\/\/www.santjosep.net\/wp-content\/uploads\/2021\/10\/RR_09487.jpg\" title=\"RR_09487\" width=\"1500\" height=\"1000\" src=\"https:\/\/www.santjosep.net\/wp-content\/uploads\/2021\/10\/RR_09487.jpg\" data-src=\"https:\/\/www.santjosep.net\/wp-content\/uploads\/2021\/10\/RR_09487.jpg\" data-caption=\"\" srcset=\"https:\/\/www.santjosep.net\/wp-content\/uploads\/2021\/10\/RR_09487.jpg 1500w, https:\/\/www.santjosep.net\/wp-content\/uploads\/2021\/10\/RR_09487-300x200.jpg 300w, https:\/\/www.santjosep.net\/wp-content\/uploads\/2021\/10\/RR_09487-1024x683.jpg 1024w, https:\/\/www.santjosep.net\/wp-content\/uploads\/2021\/10\/RR_09487-768x512.jpg 768w\" sizes=\"auto, (max-width: 1500px) 100vw, 1500px\" \/>\n\t<\/div>\n\n<\/div><div class=\"modula-item\" data-width=\"5\" data-height=\"7\" >\n\t<div class=\"modula-item-content\">\n\t\t\n\t\t\t\t\t<a data-image-id=\"25542\" tabindex=\"0\" rel=\"jtg-25525\" data-caption=\"\" aria-label=\"Open image in lightbox\" role=\"button\" class=\"tile-inner modula-item-link\"><\/a>\n\t\t\n\t\t<img loading=\"lazy\" decoding=\"async\" class=\"pic wp-image-25542\"  data-valign=\"middle\" data-halign=\"center\" alt=\"\" data-full=\"https:\/\/www.santjosep.net\/wp-content\/uploads\/2021\/10\/RR_09417.jpg\" title=\"RR_09417\" width=\"1000\" height=\"1500\" src=\"https:\/\/www.santjosep.net\/wp-content\/uploads\/2021\/10\/RR_09417.jpg\" data-src=\"https:\/\/www.santjosep.net\/wp-content\/uploads\/2021\/10\/RR_09417.jpg\" data-caption=\"\" srcset=\"https:\/\/www.santjosep.net\/wp-content\/uploads\/2021\/10\/RR_09417.jpg 1000w, https:\/\/www.santjosep.net\/wp-content\/uploads\/2021\/10\/RR_09417-200x300.jpg 200w, https:\/\/www.santjosep.net\/wp-content\/uploads\/2021\/10\/RR_09417-683x1024.jpg 683w, https:\/\/www.santjosep.net\/wp-content\/uploads\/2021\/10\/RR_09417-768x1152.jpg 768w\" sizes=\"auto, (max-width: 1000px) 100vw, 1000px\" \/>\n\t<\/div>\n\n<\/div>\t\t\n\t<\/div>\n\n\t\n\t\n\t<script type=\"application\/ld+json\">\n\t{\n\t\t\"@context\": \"http:\/\/schema.org\",\n\t\t\"@type\"   : \"ImageGallery\",\n\t\t\"id\"      : \"https:\/\/www.santjosep.net\/de\/geschaefte-mit-geschicht-in-sant-josep\/\",\n\t\t\"url\"     : \"https:\/\/www.santjosep.net\/de\/geschaefte-mit-geschicht-in-sant-josep\/\"\n\t}\n\n\t<\/script>\n\n\t\n<\/div>\n[\/vc_column_text][vc_column_text css=&#8220;.vc_custom_1633435170691{padding-top: 30px !important;}&#8220;]<\/p>\n<h2><strong>Can Pou<br \/>\n<\/strong><\/h2>\n<p>[\/vc_column_text][vc_column_text css=&#8220;.vc_custom_1633437764392{margin-top: 15px !important;padding-top: 15px !important;}&#8220;]<strong>Can Pou<\/strong> befindet sich im Herzen des Dorfes Sant Josep, direkt neben der Kirche. Die Gr\u00fcnderin Margalida war die Bewohnerin des Hauses im historischen Ortskern, das sogar auf einer historischen Zeichnung des Landeskundlers Erzherzog Ludwig Salvator von \u00d6sterreich-Toskana neben der Kirche und zwei weiteren Wohnh\u00e4usern zu sehen ist. Margalida war eine passionierte Stickerin und fertigte ihre Arbeiten h\u00e4ufig im Eingang ihres Hauses in Gesellschaft ihrer Nachbarinnen an, was das Interesse der immer zahlreicher werdenden Touristen weckte, die ihr die Kreationen abkauften. <strong>Schlie\u00dflich er\u00f6ffnete sie im Jahr 1961 ihr erstes Gesch\u00e4ft<\/strong>, einen kleinen Kiosk mit Souvenirs, Strandutensilien und Handt\u00fcchern mit Punto-Canario-Stickereien. 1975 erfolgte der Umzug in die heutigen Gesch\u00e4ftsr\u00e4ume, wo nun auch Schuhe, Spielwaren, Geschenkartikel und Schreibwaren verkauft wurden. 1987 kam schlie\u00dflich noch eine Fotoabteilung hinzu.[\/vc_column_text][vc_column_text css=&#8220;.vc_custom_1633439810032{margin-top: 15px !important;padding-top: 15px !important;}&#8220;]<a href=\"https:\/\/www.google.com\/maps\/place\/Can+Pou\/@38.9218244,1.2929831,19.7z\/data=!3m1!5s0x129949616a95a9b9:0xb6ce9e6326ba472!4m13!1m7!3m6!1s0x129949626878ecbd:0xd3cc351e9afde634!2sCarrer+Can+Pou,+07830+Sant+Josep+de+sa+Talaia,+Illes+Balears!3b1!8m2!3d38.9252069!4d1.2903136!3m4!1s0x1299497659656ff5:0xd517152c237f33aa!8m2!3d38.9219232!4d1.2927932\"><strong>Wie kommt man dorthin?<br \/>\n<\/strong><\/a>[\/vc_column_text][vc_column_text css=&#8220;.vc_custom_1633435631188{margin-top: 15px !important;margin-bottom: 15px !important;}&#8220;]<div id=\"new-royalslider-114\" class=\"royalSlider new-royalslider-114 rsDefaultInv rs-default-template\" style=\"width:100%;height:500px;;\" data-rs-options='{&quot;template&quot;:&quot;default&quot;,&quot;image_generation&quot;:{&quot;imageWidth&quot;:&quot;&quot;,&quot;imageHeight&quot;:&quot;&quot;,&quot;thumbImageWidth&quot;:&quot;&quot;,&quot;thumbImageHeight&quot;:&quot;&quot;},&quot;thumbs&quot;:{&quot;thumbWidth&quot;:96,&quot;thumbHeight&quot;:72},&quot;block&quot;:{&quot;moveOffset&quot;:20,&quot;speed&quot;:400,&quot;delay&quot;:200},&quot;width&quot;:&quot;100%&quot;,&quot;height&quot;:500,&quot;autoScaleSlider&quot;:&quot;true&quot;,&quot;autoScaleSliderWidth&quot;:960,&quot;autoScaleSliderHeight&quot;:750,&quot;controlNavigation&quot;:&quot;thumbnails&quot;}'>\n<div class=\"rsContent\">\n  <img decoding=\"async\" class=\"rsImg\" src=\"https:\/\/www.santjosep.net\/wp-content\/uploads\/2021\/10\/RR_09233-1024x683.jpg\" alt=\"RR_09233\"\/>\n  <div class=\"rsTmb\"><img decoding=\"async\" src=\"https:\/\/www.santjosep.net\/wp-content\/uploads\/2021\/10\/RR_09233-150x150.jpg\" alt=\"\" \/><\/div>\n  \n  \n<\/div>\n<div class=\"rsContent\">\n  <img decoding=\"async\" class=\"rsImg\" src=\"https:\/\/www.santjosep.net\/wp-content\/uploads\/2021\/10\/RR_09305-1024x683.jpg\" alt=\"RR_09305\"\/>\n  <div class=\"rsTmb\"><img decoding=\"async\" src=\"https:\/\/www.santjosep.net\/wp-content\/uploads\/2021\/10\/RR_09305-150x150.jpg\" alt=\"\" \/><\/div>\n  \n  \n<\/div>\n<div class=\"rsContent\">\n  <img decoding=\"async\" class=\"rsImg\" src=\"https:\/\/www.santjosep.net\/wp-content\/uploads\/2021\/10\/RR_09274-1024x683.jpg\" alt=\"RR_09274\"\/>\n  <div class=\"rsTmb\"><img decoding=\"async\" src=\"https:\/\/www.santjosep.net\/wp-content\/uploads\/2021\/10\/RR_09274-150x150.jpg\" alt=\"\" \/><\/div>\n  \n  \n<\/div>\n<div class=\"rsContent\">\n  <img decoding=\"async\" class=\"rsImg\" src=\"https:\/\/www.santjosep.net\/wp-content\/uploads\/2021\/10\/RR_09256-1024x683.jpg\" alt=\"RR_09256\"\/>\n  <div class=\"rsTmb\"><img decoding=\"async\" src=\"https:\/\/www.santjosep.net\/wp-content\/uploads\/2021\/10\/RR_09256-150x150.jpg\" alt=\"\" \/><\/div>\n  \n  \n<\/div>\n<div class=\"rsContent\">\n  <img decoding=\"async\" class=\"rsImg\" src=\"https:\/\/www.santjosep.net\/wp-content\/uploads\/2021\/10\/RR_09279-1024x683.jpg\" alt=\"RR_09279\"\/>\n  <div class=\"rsTmb\"><img decoding=\"async\" src=\"https:\/\/www.santjosep.net\/wp-content\/uploads\/2021\/10\/RR_09279-150x150.jpg\" alt=\"\" \/><\/div>\n  \n  \n<\/div>\n<div class=\"rsContent\">\n  <img decoding=\"async\" class=\"rsImg\" src=\"https:\/\/www.santjosep.net\/wp-content\/uploads\/2021\/10\/RR_09231-1024x683.jpg\" alt=\"RR_09231\"\/>\n  <div class=\"rsTmb\"><img decoding=\"async\" src=\"https:\/\/www.santjosep.net\/wp-content\/uploads\/2021\/10\/RR_09231-150x150.jpg\" alt=\"\" \/><\/div>\n  \n  \n<\/div>\n<div class=\"rsContent\">\n  <img decoding=\"async\" class=\"rsImg\" src=\"https:\/\/www.santjosep.net\/wp-content\/uploads\/2021\/10\/RR_09252-1024x683.jpg\" alt=\"RR_09252\"\/>\n  <div class=\"rsTmb\"><img decoding=\"async\" src=\"https:\/\/www.santjosep.net\/wp-content\/uploads\/2021\/10\/RR_09252-150x150.jpg\" alt=\"\" \/><\/div>\n  \n  \n<\/div>\n<div class=\"rsContent\">\n  <img decoding=\"async\" class=\"rsImg\" src=\"https:\/\/www.santjosep.net\/wp-content\/uploads\/2021\/10\/RR_09275-1024x683.jpg\" alt=\"RR_09275\"\/>\n  <div class=\"rsTmb\"><img decoding=\"async\" src=\"https:\/\/www.santjosep.net\/wp-content\/uploads\/2021\/10\/RR_09275-150x150.jpg\" alt=\"\" \/><\/div>\n  \n  \n<\/div>\n<div class=\"rsContent\">\n  <img decoding=\"async\" class=\"rsImg\" src=\"https:\/\/www.santjosep.net\/wp-content\/uploads\/2021\/10\/RR_09291-1024x683.jpg\" alt=\"RR_09291\"\/>\n  <div class=\"rsTmb\"><img decoding=\"async\" src=\"https:\/\/www.santjosep.net\/wp-content\/uploads\/2021\/10\/RR_09291-150x150.jpg\" alt=\"\" \/><\/div>\n  \n  \n<\/div>\n\n<\/div>\n[\/vc_column_text][vc_column_text css=&#8220;.vc_custom_1633435277694{padding-top: 30px !important;}&#8220;]<\/p>\n<h2><strong>Can Reial<br \/>\n<\/strong><\/h2>\n<p>[\/vc_column_text][vc_column_text css=&#8220;.vc_custom_1633437796398{margin-top: 15px !important;padding-top: 15px !important;}&#8220;]<strong>Can Reial<\/strong> befindet sich im Zentrum von Es Cubells neben dem ebenfalls familieneigenen Restaurant. <strong>Das Gesch\u00e4ft er\u00f6ffnete als Laden mit Bar im Jahr 1958, demselben Jahr, in dem die Dorfkirche geweiht wurde.<\/strong> Bartomeu Mar\u00ed und seine Frau Mar\u00eda verkauften hier zun\u00e4chst unverpackte Waren und Produkte f\u00fcr den t\u00e4glichen Bedarf, bevor sie ihr Angebot nach und nach erweiterten. Im Jahr 1980 wurden die Bar und das Ladengesch\u00e4ft schlie\u00dflich r\u00e4umlich getrennt und waren seitdem ein beliebter Anlaufpunkt f\u00fcr Ber\u00fchmtheiten wie Linda Evangelista, Naomi Campbell, Ursula Andress und der S\u00e4nger Raphael sowie viele weitere Prominente, die in der Gegend wohnen oder gewohnt haben.[\/vc_column_text][vc_column_text css=&#8220;.vc_custom_1633438615437{margin-top: 15px !important;padding-top: 15px !important;}&#8220;]<a href=\"https:\/\/www.google.com\/maps\/place\/Carrer+es+Cubells+2,+07839,+Illes+Balears\/@38.881956,1.2699198,17z\/data=!4m5!3m4!1s0x12994c6b0ce7c9e1:0x5574cc2068744d2d!8m2!3d38.8810373!4d1.2674629?shorturl=1\"><strong>Wie kommt man dorthin?<br \/>\n<\/strong><\/a>[\/vc_column_text][vc_column_text css=&#8220;.vc_custom_1633435440550{margin-top: 15px !important;margin-bottom: 15px !important;}&#8220;]<style>#jtg-25572 .modula-item .jtg-social a, .lightbox-socials.jtg-social a{ fill: #ffffff; color: #ffffff }#jtg-25572 .modula-item .jtg-social-mobile a{ fill: #ffffff; color: #ffffff }#jtg-25572 .modula-item .jtg-social svg, .lightbox-socials.jtg-social svg { height: 16px; width: 16px }#jtg-25572 .modula-item .jtg-social-mobile svg { height: 16px; width: 16px }#jtg-25572 .modula-item .jtg-social a:not(:last-child), .lightbox-socials.jtg-social a:not(:last-child) { margin-right: 10px }#jtg-25572 .modula-item .jtg-social-mobile .jtg-social-mobile-icons a:not(:last-child){ margin-right: 10px }#jtg-25572 .modula-item .figc {color:#ffffff;}#jtg-25572 .modula-item .modula-item-content { transform: scale(1) }#jtg-25572 .modula-items .figc p.description { font-size:14px; }#jtg-25572 .modula-items .figc p.description { color:#ffffff;}#jtg-25572.modula-gallery .modula-item > a, #jtg-25572.modula-gallery .modula-item, #jtg-25572.modula-gallery .modula-item-content > a:not(.modula-no-follow) { cursor:zoom-in; } #jtg-25572.modula-gallery .modula-item-content .modula-no-follow { cursor: default; } @media screen and (max-width:480px){#jtg-25572 .modula-item .figc .jtg-title {  font-size: 12px; }#jtg-25572 .modula-items .figc p.description { color:#ffffff;font-size:10px; }}#jtg-25572 .modula-items .modula-item:hover img{opacity:1;}<\/style>\n<div  id=\"jtg-25572\" class=\"modula modula-gallery modula-custom-grid\" data-config=\"{&quot;height&quot;:800,&quot;tabletHeight&quot;:800,&quot;mobileHeight&quot;:800,&quot;desktopHeight&quot;:800,&quot;enableTwitter&quot;:true,&quot;enableWhatsapp&quot;:false,&quot;enableFacebook&quot;:true,&quot;enablePinterest&quot;:true,&quot;enableLinkedin&quot;:true,&quot;enableEmail&quot;:false,&quot;randomFactor&quot;:0.5,&quot;type&quot;:&quot;custom-grid&quot;,&quot;columns&quot;:12,&quot;gutter&quot;:0,&quot;mobileGutter&quot;:0,&quot;tabletGutter&quot;:0,&quot;desktopGutter&quot;:0,&quot;enableResponsive&quot;:&quot;1&quot;,&quot;tabletColumns&quot;:&quot;2&quot;,&quot;mobileColumns&quot;:&quot;1&quot;,&quot;lazyLoad&quot;:&quot;0&quot;,&quot;lightboxOpts&quot;:{&quot;animated&quot;:true,&quot;Thumbs&quot;:{&quot;type&quot;:&quot;modern&quot;,&quot;showOnStart&quot;:false},&quot;Toolbar&quot;:{&quot;display&quot;:{&quot;right&quot;:[&quot;close&quot;]},&quot;enabled&quot;:true},&quot;Carousel&quot;:{&quot;Panzoom&quot;:{&quot;touch&quot;:false},&quot;infinite&quot;:false},&quot;keyboard&quot;:{&quot;Escape&quot;:&quot;close&quot;,&quot;Delete&quot;:&quot;close&quot;,&quot;Backspace&quot;:&quot;close&quot;,&quot;PageUp&quot;:false,&quot;PageDown&quot;:false,&quot;ArrowUp&quot;:false,&quot;ArrowDown&quot;:false,&quot;ArrowRight&quot;:false,&quot;ArrowLeft&quot;:false},&quot;touch&quot;:false,&quot;backdropClick&quot;:false,&quot;l10n&quot;:{&quot;CLOSE&quot;:&quot;Close&quot;,&quot;NEXT&quot;:&quot;Next&quot;,&quot;PREV&quot;:&quot;Previous&quot;,&quot;Error&quot;:&quot;The requested content cannot be loaded. Please try again later.&quot;,&quot;PLAY_START&quot;:&quot;Start slideshow&quot;,&quot;PLAY_STOP&quot;:&quot;Pause slideshow&quot;,&quot;FULL_SCREEN&quot;:&quot;Full screen&quot;,&quot;THUMBS&quot;:&quot;Thumbnails&quot;,&quot;DOWNLOAD&quot;:&quot;Download&quot;,&quot;SHARE&quot;:&quot;Share&quot;,&quot;ZOOM&quot;:&quot;Zoom&quot;,&quot;EMAIL&quot;:&quot;Here is the link to the image : %%image_link%% and this is the link to the gallery : %%gallery_link%%&quot;,&quot;MODAL&quot;:&quot;You can close this modal content with the ESC key&quot;,&quot;ERROR&quot;:&quot;Something Went Wrong, Please Try Again Later&quot;,&quot;IMAGE_ERROR&quot;:&quot;Image Not Found&quot;,&quot;ELEMENT_NOT_FOUND&quot;:&quot;HTML Element Not Found&quot;,&quot;AJAX_NOT_FOUND&quot;:&quot;Error Loading AJAX : Not Found&quot;,&quot;AJAX_FORBIDDEN&quot;:&quot;Error Loading AJAX : Forbidden&quot;,&quot;IFRAME_ERROR&quot;:&quot;Error Loading Page&quot;,&quot;TOGGLE_ZOOM&quot;:&quot;Toggle zoom level&quot;,&quot;TOGGLE_THUMBS&quot;:&quot;Toggle thumbnails&quot;,&quot;TOGGLE_SLIDESHOW&quot;:&quot;Toggle slideshow&quot;,&quot;TOGGLE_FULLSCREEN&quot;:&quot;Toggle full-screen mode&quot;},&quot;Images&quot;:{&quot;Panzoom&quot;:{&quot;maxScale&quot;:2}},&quot;mainClass&quot;:&quot;modula-fancybox-container modula-lightbox-jtg-25572&quot;,&quot;Html&quot;:{&quot;videoAutoplay&quot;:0,&quot;videoTpl&quot;:&quot;&lt;video class=\\&quot;fancybox__html5video\\&quot; controls muted playsinline controlsList controlsList=\\&quot;nodownload\\&quot; poster=\\&quot;{{poster}}\\&quot; src=\\&quot;{{src}}\\&quot; type=\\&quot;{{format}}\\&quot; &gt;  Sorry, your browser doesn&#039;t support embedded videos, &lt;a href=\\&quot;{{src}}\\&quot;&gt; download &lt;\\\/a&gt; and watch with your favorite video player! &lt;\\\/video&gt;&quot;}},&quot;inView&quot;:false,&quot;email_subject&quot;:&quot;Check out this awesome image !!&quot;,&quot;email_message&quot;:&quot;Here is the link to the image : %%image_link%% and this is the link to the gallery : %%gallery_link%%&quot;,&quot;lightbox&quot;:&quot;fancybox&quot;}\">\n\n\t\n\t<div  class=\"modula-items\">\n\t\t<div class=\"modula-item\" data-width=\"4\" data-height=\"4\" >\n\t<div class=\"modula-item-content\">\n\t\t\n\t\t\t\t\t<a data-image-id=\"25608\" tabindex=\"0\" rel=\"jtg-25572\" data-caption=\"\" aria-label=\"Open image in lightbox\" role=\"button\" class=\"tile-inner modula-item-link\"><\/a>\n\t\t\n\t\t<img loading=\"lazy\" decoding=\"async\" class=\"pic wp-image-25608\"  data-valign=\"middle\" data-halign=\"center\" alt=\"\" data-full=\"https:\/\/www.santjosep.net\/wp-content\/uploads\/2021\/10\/RR_09349.jpg\" title=\"RR_09349\" width=\"1500\" height=\"1000\" src=\"https:\/\/www.santjosep.net\/wp-content\/uploads\/2021\/10\/RR_09349.jpg\" data-src=\"https:\/\/www.santjosep.net\/wp-content\/uploads\/2021\/10\/RR_09349.jpg\" data-caption=\"\" srcset=\"https:\/\/www.santjosep.net\/wp-content\/uploads\/2021\/10\/RR_09349.jpg 1500w, https:\/\/www.santjosep.net\/wp-content\/uploads\/2021\/10\/RR_09349-300x200.jpg 300w, https:\/\/www.santjosep.net\/wp-content\/uploads\/2021\/10\/RR_09349-1024x683.jpg 1024w, https:\/\/www.santjosep.net\/wp-content\/uploads\/2021\/10\/RR_09349-768x512.jpg 768w\" sizes=\"auto, (max-width: 1500px) 100vw, 1500px\" \/>\n\t<\/div>\n\n<\/div><div class=\"modula-item\" data-width=\"8\" data-height=\"4\" >\n\t<div class=\"modula-item-content\">\n\t\t\n\t\t\t\t\t<a data-image-id=\"25588\" tabindex=\"0\" rel=\"jtg-25572\" data-caption=\"\" aria-label=\"Open image in lightbox\" role=\"button\" class=\"tile-inner modula-item-link\"><\/a>\n\t\t\n\t\t<img loading=\"lazy\" decoding=\"async\" class=\"pic wp-image-25588\"  data-valign=\"middle\" data-halign=\"center\" alt=\"\" data-full=\"https:\/\/www.santjosep.net\/wp-content\/uploads\/2021\/10\/RR_09310.jpg\" title=\"RR_09310\" width=\"1500\" height=\"1000\" src=\"https:\/\/www.santjosep.net\/wp-content\/uploads\/2021\/10\/RR_09310.jpg\" data-src=\"https:\/\/www.santjosep.net\/wp-content\/uploads\/2021\/10\/RR_09310.jpg\" data-caption=\"\" srcset=\"https:\/\/www.santjosep.net\/wp-content\/uploads\/2021\/10\/RR_09310.jpg 1500w, https:\/\/www.santjosep.net\/wp-content\/uploads\/2021\/10\/RR_09310-300x200.jpg 300w, https:\/\/www.santjosep.net\/wp-content\/uploads\/2021\/10\/RR_09310-1024x683.jpg 1024w, https:\/\/www.santjosep.net\/wp-content\/uploads\/2021\/10\/RR_09310-768x512.jpg 768w\" sizes=\"auto, (max-width: 1500px) 100vw, 1500px\" \/>\n\t<\/div>\n\n<\/div><div class=\"modula-item\" data-width=\"5\" data-height=\"4\" >\n\t<div class=\"modula-item-content\">\n\t\t\n\t\t\t\t\t<a data-image-id=\"25603\" tabindex=\"0\" rel=\"jtg-25572\" data-caption=\"\" aria-label=\"Open image in lightbox\" role=\"button\" class=\"tile-inner modula-item-link\"><\/a>\n\t\t\n\t\t<img loading=\"lazy\" decoding=\"async\" class=\"pic wp-image-25603\"  data-valign=\"middle\" data-halign=\"center\" alt=\"\" data-full=\"https:\/\/www.santjosep.net\/wp-content\/uploads\/2021\/10\/RR_09333.jpg\" title=\"RR_09333\" width=\"1500\" height=\"1000\" src=\"https:\/\/www.santjosep.net\/wp-content\/uploads\/2021\/10\/RR_09333.jpg\" data-src=\"https:\/\/www.santjosep.net\/wp-content\/uploads\/2021\/10\/RR_09333.jpg\" data-caption=\"\" srcset=\"https:\/\/www.santjosep.net\/wp-content\/uploads\/2021\/10\/RR_09333.jpg 1500w, https:\/\/www.santjosep.net\/wp-content\/uploads\/2021\/10\/RR_09333-300x200.jpg 300w, https:\/\/www.santjosep.net\/wp-content\/uploads\/2021\/10\/RR_09333-1024x683.jpg 1024w, https:\/\/www.santjosep.net\/wp-content\/uploads\/2021\/10\/RR_09333-768x512.jpg 768w\" sizes=\"auto, (max-width: 1500px) 100vw, 1500px\" \/>\n\t<\/div>\n\n<\/div><div class=\"modula-item\" data-width=\"4\" data-height=\"4\" >\n\t<div class=\"modula-item-content\">\n\t\t\n\t\t\t\t\t<a data-image-id=\"25598\" tabindex=\"0\" rel=\"jtg-25572\" data-caption=\"\" aria-label=\"Open image in lightbox\" role=\"button\" class=\"tile-inner modula-item-link\"><\/a>\n\t\t\n\t\t<img loading=\"lazy\" decoding=\"async\" class=\"pic wp-image-25598\"  data-valign=\"middle\" data-halign=\"center\" alt=\"\" data-full=\"https:\/\/www.santjosep.net\/wp-content\/uploads\/2021\/10\/RR_09315.jpg\" title=\"RR_09315\" width=\"1500\" height=\"1000\" src=\"https:\/\/www.santjosep.net\/wp-content\/uploads\/2021\/10\/RR_09315.jpg\" data-src=\"https:\/\/www.santjosep.net\/wp-content\/uploads\/2021\/10\/RR_09315.jpg\" data-caption=\"\" srcset=\"https:\/\/www.santjosep.net\/wp-content\/uploads\/2021\/10\/RR_09315.jpg 1500w, https:\/\/www.santjosep.net\/wp-content\/uploads\/2021\/10\/RR_09315-300x200.jpg 300w, https:\/\/www.santjosep.net\/wp-content\/uploads\/2021\/10\/RR_09315-1024x683.jpg 1024w, https:\/\/www.santjosep.net\/wp-content\/uploads\/2021\/10\/RR_09315-768x512.jpg 768w\" sizes=\"auto, (max-width: 1500px) 100vw, 1500px\" \/>\n\t<\/div>\n\n<\/div><div class=\"modula-item\" data-width=\"3\" data-height=\"4\" >\n\t<div class=\"modula-item-content\">\n\t\t\n\t\t\t\t\t<a data-image-id=\"25614\" tabindex=\"0\" rel=\"jtg-25572\" data-caption=\"\" aria-label=\"Open image in lightbox\" role=\"button\" class=\"tile-inner modula-item-link\"><\/a>\n\t\t\n\t\t<img loading=\"lazy\" decoding=\"async\" class=\"pic wp-image-25614\"  data-valign=\"middle\" data-halign=\"center\" alt=\"\" data-full=\"https:\/\/www.santjosep.net\/wp-content\/uploads\/2021\/10\/RR_09336.jpg\" title=\"RR_09336\" width=\"1200\" height=\"1500\" src=\"https:\/\/www.santjosep.net\/wp-content\/uploads\/2021\/10\/RR_09336.jpg\" data-src=\"https:\/\/www.santjosep.net\/wp-content\/uploads\/2021\/10\/RR_09336.jpg\" data-caption=\"\" srcset=\"https:\/\/www.santjosep.net\/wp-content\/uploads\/2021\/10\/RR_09336.jpg 1200w, https:\/\/www.santjosep.net\/wp-content\/uploads\/2021\/10\/RR_09336-240x300.jpg 240w, https:\/\/www.santjosep.net\/wp-content\/uploads\/2021\/10\/RR_09336-819x1024.jpg 819w, https:\/\/www.santjosep.net\/wp-content\/uploads\/2021\/10\/RR_09336-768x960.jpg 768w\" sizes=\"auto, (max-width: 1200px) 100vw, 1200px\" \/>\n\t<\/div>\n\n<\/div>\t\t\n\t<\/div>\n\n\t\n\t\n\t<script type=\"application\/ld+json\">\n\t{\n\t\t\"@context\": \"http:\/\/schema.org\",\n\t\t\"@type\"   : \"ImageGallery\",\n\t\t\"id\"      : \"https:\/\/www.santjosep.net\/de\/geschaefte-mit-geschicht-in-sant-josep\/\",\n\t\t\"url\"     : \"https:\/\/www.santjosep.net\/de\/geschaefte-mit-geschicht-in-sant-josep\/\"\n\t}\n\n\t<\/script>\n\n\t\n<\/div>\n[\/vc_column_text][vc_column_text css=&#8220;.vc_custom_1633435452918{padding-top: 30px !important;}&#8220;]<\/p>\n<h2><strong>Can Ros<br \/>\n<\/strong><\/h2>\n<p>[\/vc_column_text][vc_column_text css=&#8220;.vc_custom_1633437815442{margin-top: 15px !important;padding-top: 15px !important;}&#8220;]<strong>Can Ros<\/strong> entstand im Jahr 1960 im Ortsteil Can Bellotera. Der Vater des heutigen Besitzers, Juan Guasch, verkaufte im Schatten eines Feigenbaums Schweine- und Lammfleisch, seine Ausstattung bestand lediglich aus ein paar Messern und einer kleinen K\u00fchltruhe. Sp\u00e4ter stiegen auch sein Sohn Toni mit seiner Frau Catalina ins Gesch\u00e4ft ein und erwarben das heutige Lokal am selben Ort. Heute ist Can Ros f\u00fcr seine gro\u00dfe Auswahl regionaler Fleischsorten sowie f\u00fcr die selbstgemachten Sobrasada- und Butifarra-W\u00fcrste bekannt. Es gibt au\u00dferdem Delikatessen, ausgew\u00e4hlte Wurstwaren und hausgemachte K\u00e4sesorten zu kaufen.<\/p>\n<p>[\/vc_column_text][vc_column_text css=&#8220;.vc_custom_1633438623139{margin-top: 15px !important;padding-top: 15px !important;}&#8220;]<a href=\"https:\/\/www.google.com\/maps\/place\/Can+Ros\/@38.900181,1.3902889,15z\/data=!4m8!3m7!1s0x0:0xf658e056c7773505!5m2!4m1!1i2!8m2!3d38.900181!4d1.3902889?shorturl=1\"><strong>Wie kommt man dorthin?<br \/>\n<\/strong><\/a>[\/vc_column_text][vc_column_text css=&#8220;.vc_custom_1633435845976{margin-top: 15px !important;margin-bottom: 15px !important;}&#8220;]<div id=\"new-royalslider-115\" class=\"royalSlider new-royalslider-115 rsDefaultInv rs-default-template\" style=\"width:100%;height:500px;;\" data-rs-options='{&quot;template&quot;:&quot;default&quot;,&quot;image_generation&quot;:{&quot;imageWidth&quot;:&quot;&quot;,&quot;imageHeight&quot;:&quot;&quot;,&quot;thumbImageWidth&quot;:&quot;&quot;,&quot;thumbImageHeight&quot;:&quot;&quot;},&quot;thumbs&quot;:{&quot;thumbWidth&quot;:96,&quot;thumbHeight&quot;:72},&quot;block&quot;:{&quot;moveOffset&quot;:20,&quot;speed&quot;:400,&quot;delay&quot;:200},&quot;width&quot;:&quot;100%&quot;,&quot;height&quot;:500,&quot;autoScaleSlider&quot;:&quot;true&quot;,&quot;autoScaleSliderWidth&quot;:960,&quot;autoScaleSliderHeight&quot;:750,&quot;controlNavigation&quot;:&quot;thumbnails&quot;}'>\n<div class=\"rsContent\">\n  <img decoding=\"async\" class=\"rsImg\" src=\"https:\/\/www.santjosep.net\/wp-content\/uploads\/2021\/10\/RR_09220-1024x683.jpg\" alt=\"RR_09220\"\/>\n  <div class=\"rsTmb\"><img decoding=\"async\" src=\"https:\/\/www.santjosep.net\/wp-content\/uploads\/2021\/10\/RR_09220-150x150.jpg\" alt=\"\" \/><\/div>\n  \n  \n<\/div>\n<div class=\"rsContent\">\n  <img decoding=\"async\" class=\"rsImg\" src=\"https:\/\/www.santjosep.net\/wp-content\/uploads\/2021\/10\/RR_09159-1024x683.jpg\" alt=\"RR_09159\"\/>\n  <div class=\"rsTmb\"><img decoding=\"async\" src=\"https:\/\/www.santjosep.net\/wp-content\/uploads\/2021\/10\/RR_09159-150x150.jpg\" alt=\"\" \/><\/div>\n  \n  \n<\/div>\n<div class=\"rsContent\">\n  <img decoding=\"async\" class=\"rsImg\" src=\"https:\/\/www.santjosep.net\/wp-content\/uploads\/2021\/10\/RR_09164-1024x683.jpg\" alt=\"RR_09164\"\/>\n  <div class=\"rsTmb\"><img decoding=\"async\" src=\"https:\/\/www.santjosep.net\/wp-content\/uploads\/2021\/10\/RR_09164-150x150.jpg\" alt=\"\" \/><\/div>\n  \n  \n<\/div>\n<div class=\"rsContent\">\n  <img decoding=\"async\" class=\"rsImg\" src=\"https:\/\/www.santjosep.net\/wp-content\/uploads\/2021\/10\/RR_09098-1024x683.jpg\" alt=\"RR_09098\"\/>\n  <div class=\"rsTmb\"><img decoding=\"async\" src=\"https:\/\/www.santjosep.net\/wp-content\/uploads\/2021\/10\/RR_09098-150x150.jpg\" alt=\"\" \/><\/div>\n  \n  \n<\/div>\n<div class=\"rsContent\">\n  <img decoding=\"async\" class=\"rsImg\" src=\"https:\/\/www.santjosep.net\/wp-content\/uploads\/2021\/10\/RR_09082-1024x683.jpg\" alt=\"RR_09082\"\/>\n  <div class=\"rsTmb\"><img decoding=\"async\" src=\"https:\/\/www.santjosep.net\/wp-content\/uploads\/2021\/10\/RR_09082-150x150.jpg\" alt=\"\" \/><\/div>\n  \n  \n<\/div>\n<div class=\"rsContent\">\n  <img decoding=\"async\" class=\"rsImg\" src=\"https:\/\/www.santjosep.net\/wp-content\/uploads\/2021\/10\/RR_09151-1024x683.jpg\" alt=\"RR_09151\"\/>\n  <div class=\"rsTmb\"><img decoding=\"async\" src=\"https:\/\/www.santjosep.net\/wp-content\/uploads\/2021\/10\/RR_09151-150x150.jpg\" alt=\"\" \/><\/div>\n  \n  \n<\/div>\n<div class=\"rsContent\">\n  <img decoding=\"async\" class=\"rsImg\" src=\"https:\/\/www.santjosep.net\/wp-content\/uploads\/2021\/10\/RR_09089-1024x683.jpg\" alt=\"RR_09089\"\/>\n  <div class=\"rsTmb\"><img decoding=\"async\" src=\"https:\/\/www.santjosep.net\/wp-content\/uploads\/2021\/10\/RR_09089-150x150.jpg\" alt=\"\" \/><\/div>\n  \n  \n<\/div>\n<div class=\"rsContent\">\n  <img decoding=\"async\" class=\"rsImg\" src=\"https:\/\/www.santjosep.net\/wp-content\/uploads\/2021\/10\/RR_09095-1024x683.jpg\" alt=\"RR_09095\"\/>\n  <div class=\"rsTmb\"><img decoding=\"async\" src=\"https:\/\/www.santjosep.net\/wp-content\/uploads\/2021\/10\/RR_09095-150x150.jpg\" alt=\"\" \/><\/div>\n  \n  \n<\/div>\n\n<\/div>\n[\/vc_column_text][vc_column_text css=&#8220;.vc_custom_1633434682610{padding-top: 50px !important;}&#8220;]<\/p>\n<h6>La fotograf\u00eda de portada ha sido extra\u00edda del grupo de Facebook &#8220; <strong><a href=\"https:\/\/www.facebook.com\/groups\/fotoseivissaantiga\" target=\"_blank\" rel=\"noopener noreferrer\">Fotos Eivissa Antiga<\/a><\/strong>&#8222;, sin autor\u00eda.<\/h6>\n<p>[\/vc_column_text][\/vc_column][\/vc_row]<\/p>\n<\/div>","protected":false},"excerpt":{"rendered":"<p>Sant Josep de sa Talaia war einer der ersten Teilnehmer, der die ersten Namen beisteuerte, die in diesen virtuellen Katalog zur F\u00f6rderung und Anerkennung des lokalen Handels aufgenommen wurden.<\/p>\n","protected":false},"author":1,"featured_media":25508,"comment_status":"open","ping_status":"open","sticky":false,"template":"","format":"standard","meta":{"_acf_changed":false,"inline_featured_image":false,"footnotes":""},"categories":[313],"tags":[],"class_list":["post-25671","post","type-post","status-publish","format-standard","has-post-thumbnail","hentry","category-traditionen"],"acf":[],"geo":null,"yoast_head":"<!-- This site is optimized with the Yoast SEO plugin v25.7 - https:\/\/yoast.com\/wordpress\/plugins\/seo\/ -->\n<title>Gesch\u00e4fte mit Geschichte in Sant Josep - Santjosep.net<\/title>\n<meta name=\"robots\" content=\"index, follow, max-snippet:-1, max-image-preview:large, max-video-preview:-1\" \/>\n<link rel=\"canonical\" href=\"https:\/\/www.santjosep.net\/de\/geschaefte-mit-geschicht-in-sant-josep\/\" \/>\n<meta property=\"og:locale\" content=\"de_DE\" \/>\n<meta property=\"og:type\" content=\"article\" \/>\n<meta property=\"og:title\" content=\"Gesch\u00e4fte mit Geschichte in Sant Josep - Santjosep.net\" \/>\n<meta property=\"og:description\" content=\"Sant Josep de sa Talaia war einer der ersten Teilnehmer, der die ersten Namen beisteuerte, die in diesen virtuellen Katalog zur F\u00f6rderung und Anerkennung des lokalen Handels aufgenommen wurden.\" \/>\n<meta property=\"og:url\" content=\"https:\/\/www.santjosep.net\/de\/geschaefte-mit-geschicht-in-sant-josep\/\" \/>\n<meta property=\"og:site_name\" content=\"Santjosep.net\" \/>\n<meta property=\"article:published_time\" content=\"2021-09-25T12:05:17+00:00\" \/>\n<meta property=\"article:modified_time\" content=\"2021-12-21T07:56:13+00:00\" \/>\n<meta property=\"og:image\" content=\"https:\/\/www.santjosep.net\/wp-content\/uploads\/2021\/10\/emblematics_santjosep.jpg\" \/>\n\t<meta property=\"og:image:width\" content=\"890\" \/>\n\t<meta property=\"og:image:height\" content=\"667\" \/>\n\t<meta property=\"og:image:type\" content=\"image\/jpeg\" \/>\n<meta name=\"author\" content=\"Sant Josep\" \/>\n<meta name=\"twitter:card\" content=\"summary_large_image\" \/>\n<meta name=\"twitter:label1\" content=\"Verfasst von\" \/>\n\t<meta name=\"twitter:data1\" content=\"Sant Josep\" \/>\n\t<meta name=\"twitter:label2\" content=\"Gesch\u00e4tzte Lesezeit\" \/>\n\t<meta name=\"twitter:data2\" content=\"6\u00a0Minuten\" \/>\n<script type=\"application\/ld+json\" class=\"yoast-schema-graph\">{\"@context\":\"https:\/\/schema.org\",\"@graph\":[{\"@type\":\"WebPage\",\"@id\":\"https:\/\/www.santjosep.net\/de\/geschaefte-mit-geschicht-in-sant-josep\/\",\"url\":\"https:\/\/www.santjosep.net\/de\/geschaefte-mit-geschicht-in-sant-josep\/\",\"name\":\"Gesch\u00e4fte mit Geschichte in Sant Josep - Santjosep.net\",\"isPartOf\":{\"@id\":\"https:\/\/www.santjosep.net\/#website\"},\"primaryImageOfPage\":{\"@id\":\"https:\/\/www.santjosep.net\/de\/geschaefte-mit-geschicht-in-sant-josep\/#primaryimage\"},\"image\":{\"@id\":\"https:\/\/www.santjosep.net\/de\/geschaefte-mit-geschicht-in-sant-josep\/#primaryimage\"},\"thumbnailUrl\":\"https:\/\/www.santjosep.net\/wp-content\/uploads\/2021\/10\/emblematics_santjosep.jpg\",\"datePublished\":\"2021-09-25T12:05:17+00:00\",\"dateModified\":\"2021-12-21T07:56:13+00:00\",\"author\":{\"@id\":\"https:\/\/www.santjosep.net\/#\/schema\/person\/b60e56f94e4e55776eb62bf4293f99b6\"},\"inLanguage\":\"de\",\"potentialAction\":[{\"@type\":\"ReadAction\",\"target\":[\"https:\/\/www.santjosep.net\/de\/geschaefte-mit-geschicht-in-sant-josep\/\"]}]},{\"@type\":\"ImageObject\",\"inLanguage\":\"de\",\"@id\":\"https:\/\/www.santjosep.net\/de\/geschaefte-mit-geschicht-in-sant-josep\/#primaryimage\",\"url\":\"https:\/\/www.santjosep.net\/wp-content\/uploads\/2021\/10\/emblematics_santjosep.jpg\",\"contentUrl\":\"https:\/\/www.santjosep.net\/wp-content\/uploads\/2021\/10\/emblematics_santjosep.jpg\",\"width\":890,\"height\":667,\"caption\":\"La fotograf\u00eda de portada ha sido extra\u00edda del grupo de Facebook \\\" Fotos Eivissa Antiga\\\", sin autor\u00eda.\"},{\"@type\":\"WebSite\",\"@id\":\"https:\/\/www.santjosep.net\/#website\",\"url\":\"https:\/\/www.santjosep.net\/\",\"name\":\"Santjosep.net\",\"description\":\"\",\"potentialAction\":[{\"@type\":\"SearchAction\",\"target\":{\"@type\":\"EntryPoint\",\"urlTemplate\":\"https:\/\/www.santjosep.net\/?s={search_term_string}\"},\"query-input\":{\"@type\":\"PropertyValueSpecification\",\"valueRequired\":true,\"valueName\":\"search_term_string\"}}],\"inLanguage\":\"de\"},{\"@type\":\"Person\",\"@id\":\"https:\/\/www.santjosep.net\/#\/schema\/person\/b60e56f94e4e55776eb62bf4293f99b6\",\"name\":\"Sant Josep\",\"image\":{\"@type\":\"ImageObject\",\"inLanguage\":\"de\",\"@id\":\"https:\/\/www.santjosep.net\/#\/schema\/person\/image\/\",\"url\":\"https:\/\/secure.gravatar.com\/avatar\/2f4071817a97d2499c5aae9674ee15015b5a3c7c0974ca84f095a8e4aadcda56?s=96&d=mm&r=g\",\"contentUrl\":\"https:\/\/secure.gravatar.com\/avatar\/2f4071817a97d2499c5aae9674ee15015b5a3c7c0974ca84f095a8e4aadcda56?s=96&d=mm&r=g\",\"caption\":\"Sant Josep\"},\"url\":\"https:\/\/www.santjosep.net\/de\/author\/fugrafic\/\"}]}<\/script>\n<!-- \/ Yoast SEO plugin. -->","yoast_head_json":{"title":"Gesch\u00e4fte mit Geschichte in Sant Josep - Santjosep.net","robots":{"index":"index","follow":"follow","max-snippet":"max-snippet:-1","max-image-preview":"max-image-preview:large","max-video-preview":"max-video-preview:-1"},"canonical":"https:\/\/www.santjosep.net\/de\/geschaefte-mit-geschicht-in-sant-josep\/","og_locale":"de_DE","og_type":"article","og_title":"Gesch\u00e4fte mit Geschichte in Sant Josep - Santjosep.net","og_description":"Sant Josep de sa Talaia war einer der ersten Teilnehmer, der die ersten Namen beisteuerte, die in diesen virtuellen Katalog zur F\u00f6rderung und Anerkennung des lokalen Handels aufgenommen wurden.","og_url":"https:\/\/www.santjosep.net\/de\/geschaefte-mit-geschicht-in-sant-josep\/","og_site_name":"Santjosep.net","article_published_time":"2021-09-25T12:05:17+00:00","article_modified_time":"2021-12-21T07:56:13+00:00","og_image":[{"width":890,"height":667,"url":"https:\/\/www.santjosep.net\/wp-content\/uploads\/2021\/10\/emblematics_santjosep.jpg","type":"image\/jpeg"}],"author":"Sant Josep","twitter_card":"summary_large_image","twitter_misc":{"Verfasst von":"Sant Josep","Gesch\u00e4tzte Lesezeit":"6\u00a0Minuten"},"schema":{"@context":"https:\/\/schema.org","@graph":[{"@type":"WebPage","@id":"https:\/\/www.santjosep.net\/de\/geschaefte-mit-geschicht-in-sant-josep\/","url":"https:\/\/www.santjosep.net\/de\/geschaefte-mit-geschicht-in-sant-josep\/","name":"Gesch\u00e4fte mit Geschichte in Sant Josep - Santjosep.net","isPartOf":{"@id":"https:\/\/www.santjosep.net\/#website"},"primaryImageOfPage":{"@id":"https:\/\/www.santjosep.net\/de\/geschaefte-mit-geschicht-in-sant-josep\/#primaryimage"},"image":{"@id":"https:\/\/www.santjosep.net\/de\/geschaefte-mit-geschicht-in-sant-josep\/#primaryimage"},"thumbnailUrl":"https:\/\/www.santjosep.net\/wp-content\/uploads\/2021\/10\/emblematics_santjosep.jpg","datePublished":"2021-09-25T12:05:17+00:00","dateModified":"2021-12-21T07:56:13+00:00","author":{"@id":"https:\/\/www.santjosep.net\/#\/schema\/person\/b60e56f94e4e55776eb62bf4293f99b6"},"inLanguage":"de","potentialAction":[{"@type":"ReadAction","target":["https:\/\/www.santjosep.net\/de\/geschaefte-mit-geschicht-in-sant-josep\/"]}]},{"@type":"ImageObject","inLanguage":"de","@id":"https:\/\/www.santjosep.net\/de\/geschaefte-mit-geschicht-in-sant-josep\/#primaryimage","url":"https:\/\/www.santjosep.net\/wp-content\/uploads\/2021\/10\/emblematics_santjosep.jpg","contentUrl":"https:\/\/www.santjosep.net\/wp-content\/uploads\/2021\/10\/emblematics_santjosep.jpg","width":890,"height":667,"caption":"La fotograf\u00eda de portada ha sido extra\u00edda del grupo de Facebook \" Fotos Eivissa Antiga\", sin autor\u00eda."},{"@type":"WebSite","@id":"https:\/\/www.santjosep.net\/#website","url":"https:\/\/www.santjosep.net\/","name":"Santjosep.net","description":"","potentialAction":[{"@type":"SearchAction","target":{"@type":"EntryPoint","urlTemplate":"https:\/\/www.santjosep.net\/?s={search_term_string}"},"query-input":{"@type":"PropertyValueSpecification","valueRequired":true,"valueName":"search_term_string"}}],"inLanguage":"de"},{"@type":"Person","@id":"https:\/\/www.santjosep.net\/#\/schema\/person\/b60e56f94e4e55776eb62bf4293f99b6","name":"Sant Josep","image":{"@type":"ImageObject","inLanguage":"de","@id":"https:\/\/www.santjosep.net\/#\/schema\/person\/image\/","url":"https:\/\/secure.gravatar.com\/avatar\/2f4071817a97d2499c5aae9674ee15015b5a3c7c0974ca84f095a8e4aadcda56?s=96&d=mm&r=g","contentUrl":"https:\/\/secure.gravatar.com\/avatar\/2f4071817a97d2499c5aae9674ee15015b5a3c7c0974ca84f095a8e4aadcda56?s=96&d=mm&r=g","caption":"Sant Josep"},"url":"https:\/\/www.santjosep.net\/de\/author\/fugrafic\/"}]}},"_links":{"self":[{"href":"https:\/\/www.santjosep.net\/de\/wp-json\/wp\/v2\/posts\/25671","targetHints":{"allow":["GET"]}}],"collection":[{"href":"https:\/\/www.santjosep.net\/de\/wp-json\/wp\/v2\/posts"}],"about":[{"href":"https:\/\/www.santjosep.net\/de\/wp-json\/wp\/v2\/types\/post"}],"author":[{"embeddable":true,"href":"https:\/\/www.santjosep.net\/de\/wp-json\/wp\/v2\/users\/1"}],"replies":[{"embeddable":true,"href":"https:\/\/www.santjosep.net\/de\/wp-json\/wp\/v2\/comments?post=25671"}],"version-history":[{"count":0,"href":"https:\/\/www.santjosep.net\/de\/wp-json\/wp\/v2\/posts\/25671\/revisions"}],"wp:featuredmedia":[{"embeddable":true,"href":"https:\/\/www.santjosep.net\/de\/wp-json\/wp\/v2\/media\/25508"}],"wp:attachment":[{"href":"https:\/\/www.santjosep.net\/de\/wp-json\/wp\/v2\/media?parent=25671"}],"wp:term":[{"taxonomy":"category","embeddable":true,"href":"https:\/\/www.santjosep.net\/de\/wp-json\/wp\/v2\/categories?post=25671"},{"taxonomy":"post_tag","embeddable":true,"href":"https:\/\/www.santjosep.net\/de\/wp-json\/wp\/v2\/tags?post=25671"}],"curies":[{"name":"wp","href":"https:\/\/api.w.org\/{rel}","templated":true}]}}