{"id":24304,"date":"2021-04-30T13:13:52","date_gmt":"2021-04-30T11:13:52","guid":{"rendered":"https:\/\/www.santjosep.net\/de-es-carregador-a-es-codolar-una-ruta-cargada-de-historia\/"},"modified":"2021-05-12T12:53:59","modified_gmt":"2021-05-12T10:53:59","slug":"de-es-carregador-a-es-codolar-una-ruta-cargada-de-historia","status":"publish","type":"post","link":"https:\/\/www.santjosep.net\/de\/de-es-carregador-a-es-codolar-una-ruta-cargada-de-historia\/","title":{"rendered":"Von Es Carregador nach Es Codolar, eine Wanderroute voller Geschichte"},"content":{"rendered":"<div class=\"wpb-content-wrapper\"><p>[vc_row enable_hue_rotation=&#8220;no&#8220; enable_text_marquee=&#8220;no&#8220;][vc_column][vc_column_text]<span style=\"font-weight: 400;\">In der Gemeinde <strong>Sant Josep<\/strong> erwartet uns eine Wanderroute voller Geschichte, die uns in l\u00e4ngst vergangene Zeiten und zu Standorten urspr\u00fcnglicher Wirtschaftszweige f\u00fchrt, wo man bereits in der<strong> punisch-ph\u00f6nizischen Epoche<\/strong> begann, das \u00f6konomische Potenzial der Insel auszusch\u00f6pfen.\u00a0 Diese wirtschaftlichen Aktivit\u00e4ten machten Ibiza bereits im 4. Jhd. n.Chr. zu einem strategisch wichtigen Handelsstandort. Auf der Route, die wir im Folgenden vorstellen wollen, wird die Geschichte f\u00fcr den Wanderer bei jedem Schritt lebendig \u2013 von den Ph\u00f6niziern \u00fcber die R\u00f6mer, Mauren und Christen haben alle Kulturen ihren Teil dazu beigetragen.<\/span>[\/vc_column_text][vc_column_text]<span style=\"font-weight: 400;\">Auf geht\u2019s. Ganz im S\u00fcden des beliebten Strandes <a href=\"\/?page_id=5497\">Playa d\u2019en Bossa<\/a>, auf einem mit Str\u00e4uchern bewachsenen Felsh\u00fcgel, erhebt sich ein Wachturm aus dem 16. Jahrhundert, der die Arbeiter in den Salinenbecken vor Piratenangriffen sch\u00fctzen sollte, der <a href=\"\/?page_id=5471\">Torre des Carregador<\/a>. Seinen Namen (auf Deutsch in etwa: Frachtturm\/Verladeturm) verdankt der Turm den Aktivit\u00e4ten in seiner Umgebung; die \u00dcberreste eines kleinen Anlegers sind noch heute zu sehen. Hier wurde das Salz, das nach Ibiza-Stadt gebracht werden sollte, verladen. Die Salzgewinnung nahm ihren Anfang schon zu Zeiten der Ph\u00f6nizier, unter der maurischen und sp\u00e4ter christlichen Herrschaft florierte der Salzhandel dann wie nie zuvor.<\/span>[\/vc_column_text][vc_single_image image=&#8220;19374&#8243; img_size=&#8220;full&#8220; css=&#8220;.vc_custom_1619780047523{margin-top: 15px !important;margin-bottom: 15px !important;}&#8220;][vc_column_text css=&#8220;.vc_custom_1619780698577{padding-bottom: 40px !important;}&#8220;]<\/p>\n<h6 style=\"text-align: center;\">Torre des Carregador<\/h6>\n<p>[\/vc_column_text][vc_column_text]<span style=\"font-weight: 400;\">Die umliegende halbmondf\u00f6rmige Bucht tr\u00e4gt den Namen <strong>La Xanga<\/strong> und verr\u00e4t uns ebenfalls etwas \u00fcber die Aktivit\u00e4ten, die hier fr\u00fcher stattfanden: Thunfischfang und das nachfolgende Einlegen des Fisches in Salz und seine Verschiffung. Tats\u00e4chlich wird das 6.000 m<\/span><span style=\"font-weight: 400;\">2<\/span><span style=\"font-weight: 400;\"> gro\u00dfe gepflasterte Areal, auf dem sich die Arbeiten abspielten, gerade in m\u00fchevoller Kleinarbeit wieder freigelegt, um so diesen historischen Wirtschaftszweig wieder in seiner G\u00e4nze sichtbar zu machen. <\/span>[\/vc_column_text][vc_column_text css=&#8220;.vc_custom_1619780251492{margin-top: 15px !important;margin-bottom: 15px !important;}&#8220;]<style>#jtg-24223 .modula-item .jtg-social a, .lightbox-socials.jtg-social a{ fill: #ffffff; color: #ffffff }#jtg-24223 .modula-item .jtg-social-mobile a{ fill: #ffffff; color: #ffffff }#jtg-24223 .modula-item .jtg-social svg, .lightbox-socials.jtg-social svg { height: 16px; width: 16px }#jtg-24223 .modula-item .jtg-social-mobile svg { height: 16px; width: 16px }#jtg-24223 .modula-item .jtg-social a:not(:last-child), .lightbox-socials.jtg-social a:not(:last-child) { margin-right: 10px }#jtg-24223 .modula-item .jtg-social-mobile .jtg-social-mobile-icons a:not(:last-child){ margin-right: 10px }#jtg-24223 .modula-item .figc {color:#ffffff;}#jtg-24223 .modula-item .modula-item-content { transform: scale(1) }#jtg-24223 .modula-items .figc p.description { font-size:14px; }#jtg-24223 .modula-items .figc p.description { color:#ffffff;}#jtg-24223.modula-gallery .modula-item > a, #jtg-24223.modula-gallery .modula-item, #jtg-24223.modula-gallery .modula-item-content > a:not(.modula-no-follow) { cursor:zoom-in; } #jtg-24223.modula-gallery .modula-item-content .modula-no-follow { cursor: default; } @media screen and (max-width:480px){#jtg-24223 .modula-item .figc .jtg-title {  font-size: 12px; }#jtg-24223 .modula-items .figc p.description { color:#ffffff;font-size:10px; }}#jtg-24223 .modula-items .modula-item:hover img{opacity:1;}<\/style>\n<div  id=\"jtg-24223\" class=\"modula modula-gallery modula-custom-grid\" data-config=\"{&quot;height&quot;:800,&quot;tabletHeight&quot;:800,&quot;mobileHeight&quot;:800,&quot;desktopHeight&quot;:800,&quot;enableTwitter&quot;:true,&quot;enableWhatsapp&quot;:false,&quot;enableFacebook&quot;:true,&quot;enablePinterest&quot;:true,&quot;enableLinkedin&quot;:true,&quot;enableEmail&quot;:false,&quot;randomFactor&quot;:0.5,&quot;type&quot;:&quot;custom-grid&quot;,&quot;columns&quot;:12,&quot;gutter&quot;:0,&quot;mobileGutter&quot;:0,&quot;tabletGutter&quot;:0,&quot;desktopGutter&quot;:0,&quot;enableResponsive&quot;:&quot;1&quot;,&quot;tabletColumns&quot;:&quot;2&quot;,&quot;mobileColumns&quot;:&quot;1&quot;,&quot;lazyLoad&quot;:&quot;0&quot;,&quot;lightboxOpts&quot;:{&quot;animated&quot;:true,&quot;Thumbs&quot;:{&quot;type&quot;:&quot;modern&quot;,&quot;showOnStart&quot;:false},&quot;Toolbar&quot;:{&quot;display&quot;:{&quot;right&quot;:[&quot;close&quot;]},&quot;enabled&quot;:true},&quot;Carousel&quot;:{&quot;Panzoom&quot;:{&quot;touch&quot;:false},&quot;infinite&quot;:false},&quot;keyboard&quot;:{&quot;Escape&quot;:&quot;close&quot;,&quot;Delete&quot;:&quot;close&quot;,&quot;Backspace&quot;:&quot;close&quot;,&quot;PageUp&quot;:false,&quot;PageDown&quot;:false,&quot;ArrowUp&quot;:false,&quot;ArrowDown&quot;:false,&quot;ArrowRight&quot;:false,&quot;ArrowLeft&quot;:false},&quot;touch&quot;:false,&quot;backdropClick&quot;:false,&quot;l10n&quot;:{&quot;CLOSE&quot;:&quot;Close&quot;,&quot;NEXT&quot;:&quot;Next&quot;,&quot;PREV&quot;:&quot;Previous&quot;,&quot;Error&quot;:&quot;The requested content cannot be loaded. Please try again later.&quot;,&quot;PLAY_START&quot;:&quot;Start slideshow&quot;,&quot;PLAY_STOP&quot;:&quot;Pause slideshow&quot;,&quot;FULL_SCREEN&quot;:&quot;Full screen&quot;,&quot;THUMBS&quot;:&quot;Thumbnails&quot;,&quot;DOWNLOAD&quot;:&quot;Download&quot;,&quot;SHARE&quot;:&quot;Share&quot;,&quot;ZOOM&quot;:&quot;Zoom&quot;,&quot;EMAIL&quot;:&quot;Here is the link to the image : %%image_link%% and this is the link to the gallery : %%gallery_link%%&quot;,&quot;MODAL&quot;:&quot;You can close this modal content with the ESC key&quot;,&quot;ERROR&quot;:&quot;Something Went Wrong, Please Try Again Later&quot;,&quot;IMAGE_ERROR&quot;:&quot;Image Not Found&quot;,&quot;ELEMENT_NOT_FOUND&quot;:&quot;HTML Element Not Found&quot;,&quot;AJAX_NOT_FOUND&quot;:&quot;Error Loading AJAX : Not Found&quot;,&quot;AJAX_FORBIDDEN&quot;:&quot;Error Loading AJAX : Forbidden&quot;,&quot;IFRAME_ERROR&quot;:&quot;Error Loading Page&quot;,&quot;TOGGLE_ZOOM&quot;:&quot;Toggle zoom level&quot;,&quot;TOGGLE_THUMBS&quot;:&quot;Toggle thumbnails&quot;,&quot;TOGGLE_SLIDESHOW&quot;:&quot;Toggle slideshow&quot;,&quot;TOGGLE_FULLSCREEN&quot;:&quot;Toggle full-screen mode&quot;},&quot;Images&quot;:{&quot;Panzoom&quot;:{&quot;maxScale&quot;:2}},&quot;mainClass&quot;:&quot;modula-fancybox-container modula-lightbox-jtg-24223&quot;,&quot;Html&quot;:{&quot;videoAutoplay&quot;:0,&quot;videoTpl&quot;:&quot;&lt;video class=\\&quot;fancybox__html5video\\&quot; controls muted playsinline controlsList controlsList=\\&quot;nodownload\\&quot; poster=\\&quot;{{poster}}\\&quot; src=\\&quot;{{src}}\\&quot; type=\\&quot;{{format}}\\&quot; &gt;  Sorry, your browser doesn&#039;t support embedded videos, &lt;a href=\\&quot;{{src}}\\&quot;&gt; download &lt;\\\/a&gt; and watch with your favorite video player! &lt;\\\/video&gt;&quot;}},&quot;inView&quot;:false,&quot;email_subject&quot;:&quot;Check out this awesome image !!&quot;,&quot;email_message&quot;:&quot;Here is the link to the image : %%image_link%% and this is the link to the gallery : %%gallery_link%%&quot;,&quot;lightbox&quot;:&quot;fancybox&quot;}\">\n\n\t\n\t<div  class=\"modula-items\">\n\t\t<div class=\"modula-item\" data-width=\"6\" data-height=\"5\" >\n\t<div class=\"modula-item-content\">\n\t\t\n\t\t\t\t\t<a data-image-id=\"30099\" tabindex=\"0\" rel=\"jtg-24223\" data-caption=\"\" aria-label=\"Open image in lightbox\" role=\"button\" class=\"tile-inner modula-item-link\"><\/a>\n\t\t\n\t\t<img loading=\"lazy\" decoding=\"async\" class=\"pic wp-image-30099\"  data-valign=\"middle\" data-halign=\"center\" alt=\"\" data-full=\"https:\/\/www.santjosep.net\/wp-content\/uploads\/2022\/01\/DSC00021.jpg\" title=\"DSC00021\" width=\"1500\" height=\"1000\" src=\"https:\/\/www.santjosep.net\/wp-content\/uploads\/2022\/01\/DSC00021.jpg\" data-src=\"https:\/\/www.santjosep.net\/wp-content\/uploads\/2022\/01\/DSC00021.jpg\" data-caption=\"\" srcset=\"https:\/\/www.santjosep.net\/wp-content\/uploads\/2022\/01\/DSC00021.jpg 1500w, https:\/\/www.santjosep.net\/wp-content\/uploads\/2022\/01\/DSC00021-300x200.jpg 300w, https:\/\/www.santjosep.net\/wp-content\/uploads\/2022\/01\/DSC00021-1024x683.jpg 1024w, https:\/\/www.santjosep.net\/wp-content\/uploads\/2022\/01\/DSC00021-768x512.jpg 768w\" sizes=\"auto, (max-width: 1500px) 100vw, 1500px\" \/>\n\t<\/div>\n\n<\/div><div class=\"modula-item\" data-width=\"6\" data-height=\"5\" >\n\t<div class=\"modula-item-content\">\n\t\t\n\t\t\t\t\t<a data-image-id=\"30114\" tabindex=\"0\" rel=\"jtg-24223\" data-caption=\"\" aria-label=\"Open image in lightbox\" role=\"button\" class=\"tile-inner modula-item-link\"><\/a>\n\t\t\n\t\t<img loading=\"lazy\" decoding=\"async\" class=\"pic wp-image-30114\"  data-valign=\"middle\" data-halign=\"center\" alt=\"\" data-full=\"https:\/\/www.santjosep.net\/wp-content\/uploads\/2022\/01\/DSC00001-2.jpg\" title=\"DSC00001-2\" width=\"1500\" height=\"1000\" src=\"https:\/\/www.santjosep.net\/wp-content\/uploads\/2022\/01\/DSC00001-2.jpg\" data-src=\"https:\/\/www.santjosep.net\/wp-content\/uploads\/2022\/01\/DSC00001-2.jpg\" data-caption=\"\" srcset=\"https:\/\/www.santjosep.net\/wp-content\/uploads\/2022\/01\/DSC00001-2.jpg 1500w, https:\/\/www.santjosep.net\/wp-content\/uploads\/2022\/01\/DSC00001-2-300x200.jpg 300w, https:\/\/www.santjosep.net\/wp-content\/uploads\/2022\/01\/DSC00001-2-1024x683.jpg 1024w, https:\/\/www.santjosep.net\/wp-content\/uploads\/2022\/01\/DSC00001-2-768x512.jpg 768w\" sizes=\"auto, (max-width: 1500px) 100vw, 1500px\" \/>\n\t<\/div>\n\n<\/div><div class=\"modula-item\" data-width=\"5\" data-height=\"5\" >\n\t<div class=\"modula-item-content\">\n\t\t\n\t\t\t\t\t<a data-image-id=\"30120\" tabindex=\"0\" rel=\"jtg-24223\" data-caption=\"\" aria-label=\"Open image in lightbox\" role=\"button\" class=\"tile-inner modula-item-link\"><\/a>\n\t\t\n\t\t<img loading=\"lazy\" decoding=\"async\" class=\"pic wp-image-30120\"  data-valign=\"middle\" data-halign=\"center\" alt=\"\" data-full=\"https:\/\/www.santjosep.net\/wp-content\/uploads\/2022\/01\/DSC00027.jpg\" title=\"DSC00027\" width=\"1500\" height=\"1000\" src=\"https:\/\/www.santjosep.net\/wp-content\/uploads\/2022\/01\/DSC00027.jpg\" data-src=\"https:\/\/www.santjosep.net\/wp-content\/uploads\/2022\/01\/DSC00027.jpg\" data-caption=\"\" srcset=\"https:\/\/www.santjosep.net\/wp-content\/uploads\/2022\/01\/DSC00027.jpg 1500w, https:\/\/www.santjosep.net\/wp-content\/uploads\/2022\/01\/DSC00027-300x200.jpg 300w, https:\/\/www.santjosep.net\/wp-content\/uploads\/2022\/01\/DSC00027-1024x683.jpg 1024w, https:\/\/www.santjosep.net\/wp-content\/uploads\/2022\/01\/DSC00027-768x512.jpg 768w\" sizes=\"auto, (max-width: 1500px) 100vw, 1500px\" \/>\n\t<\/div>\n\n<\/div><div class=\"modula-item\" data-width=\"7\" data-height=\"5\" >\n\t<div class=\"modula-item-content\">\n\t\t\n\t\t\t\t\t<a data-image-id=\"30104\" tabindex=\"0\" rel=\"jtg-24223\" data-caption=\"\" aria-label=\"Open image in lightbox\" role=\"button\" class=\"tile-inner modula-item-link\"><\/a>\n\t\t\n\t\t<img loading=\"lazy\" decoding=\"async\" class=\"pic wp-image-30104\"  data-valign=\"middle\" data-halign=\"center\" alt=\"\" data-full=\"https:\/\/www.santjosep.net\/wp-content\/uploads\/2022\/01\/DSC00023-2.jpg\" title=\"DSC00023\" width=\"1500\" height=\"1000\" src=\"https:\/\/www.santjosep.net\/wp-content\/uploads\/2022\/01\/DSC00023-2.jpg\" data-src=\"https:\/\/www.santjosep.net\/wp-content\/uploads\/2022\/01\/DSC00023-2.jpg\" data-caption=\"\" srcset=\"https:\/\/www.santjosep.net\/wp-content\/uploads\/2022\/01\/DSC00023-2.jpg 1500w, https:\/\/www.santjosep.net\/wp-content\/uploads\/2022\/01\/DSC00023-2-300x200.jpg 300w, https:\/\/www.santjosep.net\/wp-content\/uploads\/2022\/01\/DSC00023-2-1024x683.jpg 1024w, https:\/\/www.santjosep.net\/wp-content\/uploads\/2022\/01\/DSC00023-2-768x512.jpg 768w\" sizes=\"auto, (max-width: 1500px) 100vw, 1500px\" \/>\n\t<\/div>\n\n<\/div>\t\t\n\t<\/div>\n\n\t\n\t\n\t<script type=\"application\/ld+json\">\n\t{\n\t\t\"@context\": \"http:\/\/schema.org\",\n\t\t\"@type\"   : \"ImageGallery\",\n\t\t\"id\"      : \"https:\/\/www.santjosep.net\/de\/de-es-carregador-a-es-codolar-una-ruta-cargada-de-historia\/\",\n\t\t\"url\"     : \"https:\/\/www.santjosep.net\/de\/de-es-carregador-a-es-codolar-una-ruta-cargada-de-historia\/\"\n\t}\n\n\t<\/script>\n\n\t\n<\/div>\n[\/vc_column_text][vc_column_text css=&#8220;.vc_custom_1619780717902{padding-bottom: 40px !important;}&#8220;]<\/p>\n<h6 style=\"text-align: center;\">La Xanga<\/h6>\n<p>[\/vc_column_text][vc_column_text]<span style=\"font-weight: 400;\">Die Salzgewinnung, der Fischfang und das P\u00f6keln waren aber bei weitem nicht die einzigen Aktivit\u00e4ten, die in fr\u00fcheren Zeiten an der K\u00fcste stattfanden. Schon in r\u00f6mischer Zeit galt die Insel als wichtiger Produktionsstandort f\u00fcr Purpurfarbstoff, der f\u00fcr das Einf\u00e4rben von Textilien, haupts\u00e4chlich Wolle, genutzt wurde. Der Farbstoff wurde aus den Dr\u00fcsen dreier Meeresschneckenarten gewonnen. Die Farbstoffgewinnung wurde tats\u00e4chlich derart intensiv betrieben, dass man zeitweise fast die gesamte Schneckenpopulation ausgerottet hatte. In der Bucht von La Xanga wurden die Schnecken aus den Schneckenh\u00e4usern entfernt und die H\u00e4user zermahlen.<\/span>[\/vc_column_text][vc_column_text]<span style=\"font-weight: 400;\">Das gesamte Gebiet l\u00e4sst sich zu Fu\u00df gut durchqueren und man kann sich Zeit nehmen, verschiedene Teile dieses einst so wichtigen Areals zu entdecken: Den Anleger, die Wasserzisternen, den Turm, der die Arbeiter sch\u00fctzte \u2013 jeder Stein erz\u00e4hlt hier von der Vergangenheit und vom historischen Gewerbe.<\/span>[\/vc_column_text][vc_column_text css=&#8220;.vc_custom_1620223407802{margin-top: 15px !important;padding-top: 15px !important;}&#8220;]<span style=\"font-weight: 400;\">Von der Anh\u00f6he mit dem Turm wenden wir uns nun nach Nordosten, wo wir einen kompletten Panoramablick \u00fcber den Strand Playa d\u2019en Bossa und die imposanten <strong>Festungsmauern der Altstadt Dalt Vila<\/strong> haben, die von der Kathedrale gekr\u00f6nt werden. Wenn wir uns nach links wenden, k\u00f6nnen wir das Netz aus Wasserkan\u00e4len erkennen, das zu den <strong>Teichen von Sal Rossa<\/strong> f\u00fchrt und das zusammen mit weiteren Zufl\u00fcssen fr\u00fcher daf\u00fcr sorgte, dass immer gen\u00fcgend Wasser zu- und abflie\u00dfen konnte, damit sich das hochgesch\u00e4tzte wei\u00dfe Mineral in den Becken gut verbreiten und absetzen konnte. <\/span>[\/vc_column_text][vc_column_text css=&#8220;.vc_custom_1620224587569{margin-top: 15px !important;padding-top: 40px !important;}&#8220;]<\/p>\n<h2>Route:<\/h2>\n<p>[\/vc_column_text][vc_single_image image=&#8220;24293&#8243; img_size=&#8220;full&#8220; css=&#8220;.vc_custom_1619781423415{margin-top: 15px !important;margin-bottom: 15px !important;}&#8220;][vc_column_text css=&#8220;.vc_custom_1620223434557{margin-top: 15px !important;padding-top: 15px !important;}&#8220;]<span style=\"font-weight: 400;\">Die Route f\u00fchrt \u00fcber einen gut ausgeschilderten Pfad namens <\/span><b>Cam\u00ed de sa Sal Rossa <\/b><span style=\"font-weight: 400;\">weiter \u00fcber sanfte H\u00fcgel zu unserer Linken zu den Salzbecken in der Ebene zu unserer Rechten. <\/span>[\/vc_column_text][vc_single_image image=&#8220;24254&#8243; img_size=&#8220;full&#8220; css=&#8220;.vc_custom_1619780382914{margin-top: 15px !important;margin-bottom: 15px !important;}&#8220;][vc_column_text css=&#8220;.vc_custom_1620224567549{padding-bottom: 40px !important;}&#8220;]<\/p>\n<pre id=\"tw-target-text\" class=\"tw-data-text tw-text-large XcVN5d tw-ta\" dir=\"ltr\" data-placeholder=\"Traducci\u00f3n\"><\/pre>\n<h6 style=\"text-align: center;\">Aussichtspunkt in Sant Francesc de s&#8217;Estany<\/h6>\n<p>[\/vc_column_text][vc_column_text css=&#8220;.vc_custom_1620223450980{margin-top: 15px !important;padding-top: 15px !important;}&#8220;]<span style=\"font-weight: 400;\">Etwa einige hundert Meter entfernt liegt der winzige Ort <\/span><b>Sant Francesc de s\u2019Estany<\/b><span style=\"font-weight: 400;\">, der ganz im Zeichen der Salzgewinnung steht. Die wei\u00dfget\u00fcnchte Kirche auf der gegen\u00fcberliegenden Seite der Landstra\u00dfe zeigt uns den zweiten Streckenabschnitt an, einen Pfad namens <\/span><b>Carrer\u00f3 de Can Blai<\/b><span style=\"font-weight: 400;\">. <\/span>[\/vc_column_text][vc_single_image image=&#8220;24299&#8243; img_size=&#8220;full&#8220; css=&#8220;.vc_custom_1619781481325{margin-top: 15px !important;margin-bottom: 15px !important;}&#8220;][vc_column_text css=&#8220;.vc_custom_1619780819196{padding-bottom: 40px !important;}&#8220;]<\/p>\n<h6 style=\"text-align: center;\">Carerr\u00f3 de Can Blai<\/h6>\n<p>[\/vc_column_text][vc_column_text css=&#8220;.vc_custom_1620223487201{margin-top: 15px !important;padding-top: 15px !important;}&#8220;]<span style=\"font-weight: 400;\">Dieser Pfad wurde erst vor kurzem wiederhergestellt und durchquerte die gesamte Salzebene, umgeben von Steinmauern, die nach oben hin spitz und dreieckig zulaufen, eine Struktur, die auch als <strong>&#8222;esquena d\u2019ase&#8220;<\/strong> <\/span><span style=\"font-weight: 400;\">bezeichnet wird. Dieser dreieckige Grat verlieh den Mauern einen feineren Abschluss und wurde manchmal wei\u00df get\u00fcncht. Auch der Kanal Torrent d\u2019en Parra, der zum Wegenetz der Gegend z\u00e4hlt, war von diesen soliden Mauern umgeben. Bei der Wiederherstellung des bis zu vier Meter breiten Pfades wurden einige B\u00e4nke zum Ausruhen aufgestellt und eine Fahrverbotszone f\u00fcr Motorfahrzeuge eingerichtet, sodass der Spaziergang noch entspannter wird.<\/span>[\/vc_column_text][vc_single_image image=&#8220;24259&#8243; img_size=&#8220;full&#8220; css=&#8220;.vc_custom_1619780442940{margin-top: 15px !important;margin-bottom: 15px !important;}&#8220;][vc_column_text css=&#8220;.vc_custom_1619780819196{padding-bottom: 40px !important;}&#8220;]<\/p>\n<h6 style=\"text-align: center;\">Carerr\u00f3 de Can Blai<\/h6>\n<p>[\/vc_column_text][vc_column_text css=&#8220;.vc_custom_1620223511313{margin-top: 15px !important;padding-top: 15px !important;}&#8220;]<span style=\"font-weight: 400;\">Entlang des Weges haben wir einen besonders guten Blick auf die angrenzenden Salzbecken mit ihrer reichen Tierwelt \u2013 typische Vogelarten f\u00fcr Feuchtgebiete sowie Flamingos sind hier beheimatet \u2013 und auf die Anbaugebiete rings um die Salzteiche. Auf der gesamten Strecke sind der grenzenlose Himmel und der weite Horizont unsere st\u00e4ndigen Begleiter.<\/span>[\/vc_column_text][vc_single_image image=&#8220;24264&#8243; img_size=&#8220;full&#8220; css=&#8220;.vc_custom_1619780468494{margin-top: 15px !important;margin-bottom: 15px !important;}&#8220;][vc_column_text css=&#8220;.vc_custom_1620224494859{padding-bottom: 40px !important;}&#8220;]<\/p>\n<h6 style=\"text-align: center;\">Salzteiche<\/h6>\n<p>[\/vc_column_text][vc_column_text css=&#8220;.vc_custom_1620224507271{margin-top: 15px !important;padding-top: 15px !important;}&#8220;]<span style=\"font-weight: 400;\">Schlie\u00dflich endet unsere Tour bei den Start- und Landebahnen des Flughafens und wir gelangen zum <a href=\"\/?page_id=5579\">Strand von Es Codolar<\/a>. Von dort aus f\u00fchrt eine weitere Route f\u00fcr Wanderer und Radfahrer bis zum anderen Ende des Naturparks, nach <a href=\"\/?page_id=5506\">Sa Caleta, Es Bol Nou<\/a> und <a href=\"\/?page_id=5538\">Punta des Jondal<\/a>. Weitere Informationen zu dieser Route gibt es <a href=\"\/?p=8923\">hier.<\/a>\u00a0Die gesamte Strecke liegt abseits der Stra\u00dfe und ist damit autofrei. <\/span>[\/vc_column_text][\/vc_column][\/vc_row]<\/p>\n<\/div>","protected":false},"excerpt":{"rendered":"<p>In der Gemeinde Sant Josep erwartet uns eine Wanderroute voller Geschichte, die uns in l\u00e4ngst vergangene Zeiten und zu Standorten urspr\u00fcnglicher Wirtschaftszweige f\u00fchrt, wo man bereits in der punisch-ph\u00f6nizischen Epoche begann, das \u00f6konomische Potenzial der Insel auszusch\u00f6pfen.<\/p>\n","protected":false},"author":1,"featured_media":24286,"comment_status":"open","ping_status":"open","sticky":false,"template":"","format":"standard","meta":{"_acf_changed":false,"inline_featured_image":false,"footnotes":""},"categories":[298,154,346],"tags":[],"class_list":["post-24304","post","type-post","status-publish","format-standard","has-post-thumbnail","hentry","category-erbe","category-fahrten","category-kultur"],"acf":[],"geo":null,"yoast_head":"<!-- This site is optimized with the Yoast SEO plugin v25.7 - https:\/\/yoast.com\/wordpress\/plugins\/seo\/ -->\n<title>Von Es Carregador nach Es Codolar, eine Wanderroute voller Geschichte - Santjosep.net<\/title>\n<meta name=\"robots\" content=\"index, follow, max-snippet:-1, max-image-preview:large, max-video-preview:-1\" \/>\n<link rel=\"canonical\" href=\"https:\/\/www.santjosep.net\/de\/de-es-carregador-a-es-codolar-una-ruta-cargada-de-historia\/\" \/>\n<meta property=\"og:locale\" content=\"de_DE\" \/>\n<meta property=\"og:type\" content=\"article\" \/>\n<meta property=\"og:title\" content=\"Von Es Carregador nach Es Codolar, eine Wanderroute voller Geschichte - Santjosep.net\" \/>\n<meta property=\"og:description\" content=\"In der Gemeinde Sant Josep erwartet uns eine Wanderroute voller Geschichte, die uns in l\u00e4ngst vergangene Zeiten und zu Standorten urspr\u00fcnglicher Wirtschaftszweige f\u00fchrt, wo man bereits in der punisch-ph\u00f6nizischen Epoche begann, das \u00f6konomische Potenzial der Insel auszusch\u00f6pfen.\" \/>\n<meta property=\"og:url\" content=\"https:\/\/www.santjosep.net\/de\/de-es-carregador-a-es-codolar-una-ruta-cargada-de-historia\/\" \/>\n<meta property=\"og:site_name\" content=\"Santjosep.net\" \/>\n<meta property=\"article:published_time\" content=\"2021-04-30T11:13:52+00:00\" \/>\n<meta property=\"article:modified_time\" content=\"2021-05-12T10:53:59+00:00\" \/>\n<meta property=\"og:image\" content=\"https:\/\/www.santjosep.net\/wp-content\/uploads\/2021\/04\/carrerocanblai.jpg\" \/>\n\t<meta property=\"og:image:width\" content=\"890\" \/>\n\t<meta property=\"og:image:height\" content=\"667\" \/>\n\t<meta property=\"og:image:type\" content=\"image\/jpeg\" \/>\n<meta name=\"author\" content=\"Sant Josep\" \/>\n<meta name=\"twitter:card\" content=\"summary_large_image\" \/>\n<meta name=\"twitter:label1\" content=\"Verfasst von\" \/>\n\t<meta name=\"twitter:data1\" content=\"Sant Josep\" \/>\n\t<meta name=\"twitter:label2\" content=\"Gesch\u00e4tzte Lesezeit\" \/>\n\t<meta name=\"twitter:data2\" content=\"6\u00a0Minuten\" \/>\n<script type=\"application\/ld+json\" class=\"yoast-schema-graph\">{\"@context\":\"https:\/\/schema.org\",\"@graph\":[{\"@type\":\"WebPage\",\"@id\":\"https:\/\/www.santjosep.net\/de\/de-es-carregador-a-es-codolar-una-ruta-cargada-de-historia\/\",\"url\":\"https:\/\/www.santjosep.net\/de\/de-es-carregador-a-es-codolar-una-ruta-cargada-de-historia\/\",\"name\":\"Von Es Carregador nach Es Codolar, eine Wanderroute voller Geschichte - Santjosep.net\",\"isPartOf\":{\"@id\":\"https:\/\/www.santjosep.net\/#website\"},\"primaryImageOfPage\":{\"@id\":\"https:\/\/www.santjosep.net\/de\/de-es-carregador-a-es-codolar-una-ruta-cargada-de-historia\/#primaryimage\"},\"image\":{\"@id\":\"https:\/\/www.santjosep.net\/de\/de-es-carregador-a-es-codolar-una-ruta-cargada-de-historia\/#primaryimage\"},\"thumbnailUrl\":\"https:\/\/www.santjosep.net\/wp-content\/uploads\/2021\/04\/carrerocanblai.jpg\",\"datePublished\":\"2021-04-30T11:13:52+00:00\",\"dateModified\":\"2021-05-12T10:53:59+00:00\",\"author\":{\"@id\":\"https:\/\/www.santjosep.net\/#\/schema\/person\/b60e56f94e4e55776eb62bf4293f99b6\"},\"inLanguage\":\"de\",\"potentialAction\":[{\"@type\":\"ReadAction\",\"target\":[\"https:\/\/www.santjosep.net\/de\/de-es-carregador-a-es-codolar-una-ruta-cargada-de-historia\/\"]}]},{\"@type\":\"ImageObject\",\"inLanguage\":\"de\",\"@id\":\"https:\/\/www.santjosep.net\/de\/de-es-carregador-a-es-codolar-una-ruta-cargada-de-historia\/#primaryimage\",\"url\":\"https:\/\/www.santjosep.net\/wp-content\/uploads\/2021\/04\/carrerocanblai.jpg\",\"contentUrl\":\"https:\/\/www.santjosep.net\/wp-content\/uploads\/2021\/04\/carrerocanblai.jpg\",\"width\":890,\"height\":667},{\"@type\":\"WebSite\",\"@id\":\"https:\/\/www.santjosep.net\/#website\",\"url\":\"https:\/\/www.santjosep.net\/\",\"name\":\"Santjosep.net\",\"description\":\"\",\"potentialAction\":[{\"@type\":\"SearchAction\",\"target\":{\"@type\":\"EntryPoint\",\"urlTemplate\":\"https:\/\/www.santjosep.net\/?s={search_term_string}\"},\"query-input\":{\"@type\":\"PropertyValueSpecification\",\"valueRequired\":true,\"valueName\":\"search_term_string\"}}],\"inLanguage\":\"de\"},{\"@type\":\"Person\",\"@id\":\"https:\/\/www.santjosep.net\/#\/schema\/person\/b60e56f94e4e55776eb62bf4293f99b6\",\"name\":\"Sant Josep\",\"image\":{\"@type\":\"ImageObject\",\"inLanguage\":\"de\",\"@id\":\"https:\/\/www.santjosep.net\/#\/schema\/person\/image\/\",\"url\":\"https:\/\/secure.gravatar.com\/avatar\/2f4071817a97d2499c5aae9674ee15015b5a3c7c0974ca84f095a8e4aadcda56?s=96&d=mm&r=g\",\"contentUrl\":\"https:\/\/secure.gravatar.com\/avatar\/2f4071817a97d2499c5aae9674ee15015b5a3c7c0974ca84f095a8e4aadcda56?s=96&d=mm&r=g\",\"caption\":\"Sant Josep\"},\"url\":\"https:\/\/www.santjosep.net\/de\/author\/fugrafic\/\"}]}<\/script>\n<!-- \/ Yoast SEO plugin. -->","yoast_head_json":{"title":"Von Es Carregador nach Es Codolar, eine Wanderroute voller Geschichte - Santjosep.net","robots":{"index":"index","follow":"follow","max-snippet":"max-snippet:-1","max-image-preview":"max-image-preview:large","max-video-preview":"max-video-preview:-1"},"canonical":"https:\/\/www.santjosep.net\/de\/de-es-carregador-a-es-codolar-una-ruta-cargada-de-historia\/","og_locale":"de_DE","og_type":"article","og_title":"Von Es Carregador nach Es Codolar, eine Wanderroute voller Geschichte - Santjosep.net","og_description":"In der Gemeinde Sant Josep erwartet uns eine Wanderroute voller Geschichte, die uns in l\u00e4ngst vergangene Zeiten und zu Standorten urspr\u00fcnglicher Wirtschaftszweige f\u00fchrt, wo man bereits in der punisch-ph\u00f6nizischen Epoche begann, das \u00f6konomische Potenzial der Insel auszusch\u00f6pfen.","og_url":"https:\/\/www.santjosep.net\/de\/de-es-carregador-a-es-codolar-una-ruta-cargada-de-historia\/","og_site_name":"Santjosep.net","article_published_time":"2021-04-30T11:13:52+00:00","article_modified_time":"2021-05-12T10:53:59+00:00","og_image":[{"width":890,"height":667,"url":"https:\/\/www.santjosep.net\/wp-content\/uploads\/2021\/04\/carrerocanblai.jpg","type":"image\/jpeg"}],"author":"Sant Josep","twitter_card":"summary_large_image","twitter_misc":{"Verfasst von":"Sant Josep","Gesch\u00e4tzte Lesezeit":"6\u00a0Minuten"},"schema":{"@context":"https:\/\/schema.org","@graph":[{"@type":"WebPage","@id":"https:\/\/www.santjosep.net\/de\/de-es-carregador-a-es-codolar-una-ruta-cargada-de-historia\/","url":"https:\/\/www.santjosep.net\/de\/de-es-carregador-a-es-codolar-una-ruta-cargada-de-historia\/","name":"Von Es Carregador nach Es Codolar, eine Wanderroute voller Geschichte - Santjosep.net","isPartOf":{"@id":"https:\/\/www.santjosep.net\/#website"},"primaryImageOfPage":{"@id":"https:\/\/www.santjosep.net\/de\/de-es-carregador-a-es-codolar-una-ruta-cargada-de-historia\/#primaryimage"},"image":{"@id":"https:\/\/www.santjosep.net\/de\/de-es-carregador-a-es-codolar-una-ruta-cargada-de-historia\/#primaryimage"},"thumbnailUrl":"https:\/\/www.santjosep.net\/wp-content\/uploads\/2021\/04\/carrerocanblai.jpg","datePublished":"2021-04-30T11:13:52+00:00","dateModified":"2021-05-12T10:53:59+00:00","author":{"@id":"https:\/\/www.santjosep.net\/#\/schema\/person\/b60e56f94e4e55776eb62bf4293f99b6"},"inLanguage":"de","potentialAction":[{"@type":"ReadAction","target":["https:\/\/www.santjosep.net\/de\/de-es-carregador-a-es-codolar-una-ruta-cargada-de-historia\/"]}]},{"@type":"ImageObject","inLanguage":"de","@id":"https:\/\/www.santjosep.net\/de\/de-es-carregador-a-es-codolar-una-ruta-cargada-de-historia\/#primaryimage","url":"https:\/\/www.santjosep.net\/wp-content\/uploads\/2021\/04\/carrerocanblai.jpg","contentUrl":"https:\/\/www.santjosep.net\/wp-content\/uploads\/2021\/04\/carrerocanblai.jpg","width":890,"height":667},{"@type":"WebSite","@id":"https:\/\/www.santjosep.net\/#website","url":"https:\/\/www.santjosep.net\/","name":"Santjosep.net","description":"","potentialAction":[{"@type":"SearchAction","target":{"@type":"EntryPoint","urlTemplate":"https:\/\/www.santjosep.net\/?s={search_term_string}"},"query-input":{"@type":"PropertyValueSpecification","valueRequired":true,"valueName":"search_term_string"}}],"inLanguage":"de"},{"@type":"Person","@id":"https:\/\/www.santjosep.net\/#\/schema\/person\/b60e56f94e4e55776eb62bf4293f99b6","name":"Sant Josep","image":{"@type":"ImageObject","inLanguage":"de","@id":"https:\/\/www.santjosep.net\/#\/schema\/person\/image\/","url":"https:\/\/secure.gravatar.com\/avatar\/2f4071817a97d2499c5aae9674ee15015b5a3c7c0974ca84f095a8e4aadcda56?s=96&d=mm&r=g","contentUrl":"https:\/\/secure.gravatar.com\/avatar\/2f4071817a97d2499c5aae9674ee15015b5a3c7c0974ca84f095a8e4aadcda56?s=96&d=mm&r=g","caption":"Sant Josep"},"url":"https:\/\/www.santjosep.net\/de\/author\/fugrafic\/"}]}},"_links":{"self":[{"href":"https:\/\/www.santjosep.net\/de\/wp-json\/wp\/v2\/posts\/24304","targetHints":{"allow":["GET"]}}],"collection":[{"href":"https:\/\/www.santjosep.net\/de\/wp-json\/wp\/v2\/posts"}],"about":[{"href":"https:\/\/www.santjosep.net\/de\/wp-json\/wp\/v2\/types\/post"}],"author":[{"embeddable":true,"href":"https:\/\/www.santjosep.net\/de\/wp-json\/wp\/v2\/users\/1"}],"replies":[{"embeddable":true,"href":"https:\/\/www.santjosep.net\/de\/wp-json\/wp\/v2\/comments?post=24304"}],"version-history":[{"count":0,"href":"https:\/\/www.santjosep.net\/de\/wp-json\/wp\/v2\/posts\/24304\/revisions"}],"wp:featuredmedia":[{"embeddable":true,"href":"https:\/\/www.santjosep.net\/de\/wp-json\/wp\/v2\/media\/24286"}],"wp:attachment":[{"href":"https:\/\/www.santjosep.net\/de\/wp-json\/wp\/v2\/media?parent=24304"}],"wp:term":[{"taxonomy":"category","embeddable":true,"href":"https:\/\/www.santjosep.net\/de\/wp-json\/wp\/v2\/categories?post=24304"},{"taxonomy":"post_tag","embeddable":true,"href":"https:\/\/www.santjosep.net\/de\/wp-json\/wp\/v2\/tags?post=24304"}],"curies":[{"name":"wp","href":"https:\/\/api.w.org\/{rel}","templated":true}]}}