{"id":22916,"date":"2020-06-28T11:09:38","date_gmt":"2020-06-28T09:09:38","guid":{"rendered":"https:\/\/www.santjosep.net\/paseo-desde-port-des-torrent-hasta-cala-bassa\/"},"modified":"2020-07-15T13:16:45","modified_gmt":"2020-07-15T11:16:45","slug":"spaziergang-von-port-des-torrent-bis-cala-bassa","status":"publish","type":"post","link":"https:\/\/www.santjosep.net\/de\/spaziergang-von-port-des-torrent-bis-cala-bassa\/","title":{"rendered":"Spaziergang von Port des Torrent bis Cala Bassa"},"content":{"rendered":"<div class=\"wpb-content-wrapper\"><p>[vc_row enable_hue_rotation=&#8220;no&#8220; enable_text_marquee=&#8220;no&#8220;][vc_column][vc_column_text]<iframe loading=\"lazy\" src=\"https:\/\/www.google.com\/maps\/d\/u\/0\/embed?mid=1sRuIRvWhBK6K5VNwkNPmYolVvQeXx-kP\" width=\"800\" height=\"480\"><\/iframe>[\/vc_column_text][vc_column_text]Diese Wanderung f\u00fchrt uns an der K\u00fcste entlang, die sich im S\u00fcden der Bucht von Sant Antoni erstreckt. Sie startet und endet an zwei der beliebtesten Str\u00e4nde der Gemeinde, die sich doch sehr voneinander unterscheiden.<\/p>\n<p>Auf unserem Weg besichtigen wir einen alten Mar\u00e8s-Steinbruch, entdecken die interessante geologische Zusammensetzung des Gesteins an diesem K\u00fcstenabschnitt, treffen auf die inseltypischen Bootsh\u00e4uschen der Fischer, bestaunen eine sehr bemerkenswerte H\u00f6hle und lassen unseren Blick schlie\u00dflich in das t\u00fcrkise\u00a0 Wasser der paradiesischen Bucht Cala Bassa eintauchen. Die Wanderung f\u00fchrt \u00fcber kleine K\u00fcstenpfade, die kaum ausgeschildert sind, denen man aber intuitiv folgen kann. Der Schwierigkeitsgrad ist niedrig und die Route erstreckt sich ungef\u00e4hr \u00fcber 7 Kilometer insgesamt f\u00fcr Hin- und R\u00fcckweg.[\/vc_column_text][vc_column_text css=&#8220;.vc_custom_1594378419569{margin-top: 20px !important;}&#8220;]<div id=\"new-royalslider-91\" class=\"royalSlider new-royalslider-91 rsDefaultInv rs-default-template\" style=\"width:100%;height:533px;;\" data-rs-options='{&quot;template&quot;:&quot;default&quot;,&quot;image_generation&quot;:{&quot;imageWidth&quot;:&quot;&quot;,&quot;imageHeight&quot;:&quot;&quot;,&quot;thumbImageWidth&quot;:&quot;&quot;,&quot;thumbImageHeight&quot;:&quot;&quot;},&quot;thumbs&quot;:{&quot;thumbWidth&quot;:96,&quot;thumbHeight&quot;:72},&quot;autoPlay&quot;:{&quot;delay&quot;:5000},&quot;fullscreen&quot;:{&quot;enabled&quot;:&quot;true&quot;},&quot;block&quot;:{&quot;moveOffset&quot;:20,&quot;speed&quot;:400,&quot;delay&quot;:200},&quot;width&quot;:&quot;100%&quot;,&quot;height&quot;:533,&quot;autoScaleSlider&quot;:&quot;true&quot;,&quot;autoScaleSliderHeight&quot;:533,&quot;imageScaleMode&quot;:&quot;fill&quot;,&quot;imageScalePadding&quot;:0,&quot;arrowsNavAutoHide&quot;:&quot;false&quot;,&quot;globalCaptionInside&quot;:&quot;true&quot;}'>\n<div class=\"rsContent\">\n  <img decoding=\"async\" class=\"rsImg\" src=\"https:\/\/www.santjosep.net\/wp-content\/uploads\/2020\/07\/DSC05813-1024x683.jpg\" data-rsBigImg=\"https:\/\/www.santjosep.net\/wp-content\/uploads\/2020\/07\/DSC05813.jpg\" alt=\"DSC05813\"\/>\n  \n  \n  \n<\/div>\n<div class=\"rsContent\">\n  <img decoding=\"async\" class=\"rsImg\" src=\"https:\/\/www.santjosep.net\/wp-content\/uploads\/2020\/07\/DSC05818-1024x683.jpg\" data-rsBigImg=\"https:\/\/www.santjosep.net\/wp-content\/uploads\/2020\/07\/DSC05818.jpg\" alt=\"DSC05818\"\/>\n  \n  \n  \n<\/div>\n<div class=\"rsContent\">\n  <img decoding=\"async\" class=\"rsImg\" src=\"https:\/\/www.santjosep.net\/wp-content\/uploads\/2020\/07\/DSC05461-1024x683.jpg\" data-rsBigImg=\"https:\/\/www.santjosep.net\/wp-content\/uploads\/2020\/07\/DSC05461.jpg\" alt=\"DSC05461\"\/>\n  \n  \n  \n<\/div>\n<div class=\"rsContent\">\n  <img decoding=\"async\" class=\"rsImg\" src=\"https:\/\/www.santjosep.net\/wp-content\/uploads\/2018\/07\/P1013333-1024x768.jpg\" data-rsBigImg=\"https:\/\/www.santjosep.net\/wp-content\/uploads\/2018\/07\/P1013333.jpg\" alt=\"P1013333\"\/>\n  \n  \n  \n<\/div>\n<div class=\"rsContent\">\n  <img decoding=\"async\" class=\"rsImg\" src=\"https:\/\/www.santjosep.net\/wp-content\/uploads\/2018\/07\/P1013337-1024x768.jpg\" data-rsBigImg=\"https:\/\/www.santjosep.net\/wp-content\/uploads\/2018\/07\/P1013337.jpg\" alt=\"P1013337\"\/>\n  \n  \n  \n<\/div>\n<div class=\"rsContent\">\n  <img decoding=\"async\" class=\"rsImg\" src=\"https:\/\/www.santjosep.net\/wp-content\/uploads\/2018\/07\/P1013341-1024x768.jpg\" data-rsBigImg=\"https:\/\/www.santjosep.net\/wp-content\/uploads\/2018\/07\/P1013341.jpg\" alt=\"P1013341\"\/>\n  \n  \n  \n<\/div>\n<div class=\"rsContent\">\n  <img decoding=\"async\" class=\"rsImg\" src=\"https:\/\/www.santjosep.net\/wp-content\/uploads\/2018\/07\/P1013322-1024x768.jpg\" data-rsBigImg=\"https:\/\/www.santjosep.net\/wp-content\/uploads\/2018\/07\/P1013322.jpg\" alt=\"P1013322\"\/>\n  \n  \n  \n<\/div>\n<div class=\"rsContent\">\n  <img decoding=\"async\" class=\"rsImg\" src=\"https:\/\/www.santjosep.net\/wp-content\/uploads\/2018\/07\/P1013100-1024x768.jpg\" data-rsBigImg=\"https:\/\/www.santjosep.net\/wp-content\/uploads\/2018\/07\/P1013100.jpg\" alt=\"P1013100\"\/>\n  \n  \n  \n<\/div>\n<div class=\"rsContent\">\n  <img decoding=\"async\" class=\"rsImg\" src=\"https:\/\/www.santjosep.net\/wp-content\/uploads\/2018\/07\/P1013224-1024x769.jpg\" data-rsBigImg=\"https:\/\/www.santjosep.net\/wp-content\/uploads\/2018\/07\/P1013224.jpg\" alt=\"P1013224\"\/>\n  \n  \n  \n<\/div>\n<div class=\"rsContent\">\n  <img decoding=\"async\" class=\"rsImg\" src=\"https:\/\/www.santjosep.net\/wp-content\/uploads\/2018\/07\/P1013231-1024x768.jpg\" data-rsBigImg=\"https:\/\/www.santjosep.net\/wp-content\/uploads\/2018\/07\/P1013231.jpg\" alt=\"P1013231\"\/>\n  \n  \n  \n<\/div>\n<div class=\"rsContent\">\n  <img decoding=\"async\" class=\"rsImg\" src=\"https:\/\/www.santjosep.net\/wp-content\/uploads\/2018\/07\/P1013267-1024x768.jpg\" data-rsBigImg=\"https:\/\/www.santjosep.net\/wp-content\/uploads\/2018\/07\/P1013267.jpg\" alt=\"P1013267\"\/>\n  \n  \n  \n<\/div>\n<div class=\"rsContent\">\n  <img decoding=\"async\" class=\"rsImg\" src=\"https:\/\/www.santjosep.net\/wp-content\/uploads\/2018\/07\/P1013324-1024x768.jpg\" data-rsBigImg=\"https:\/\/www.santjosep.net\/wp-content\/uploads\/2018\/07\/P1013324.jpg\" alt=\"P1013324\"\/>\n  \n  \n  \n<\/div>\n<div class=\"rsContent\">\n  <img decoding=\"async\" class=\"rsImg\" src=\"https:\/\/www.santjosep.net\/wp-content\/uploads\/2018\/07\/P1013250-1024x768.jpg\" data-rsBigImg=\"https:\/\/www.santjosep.net\/wp-content\/uploads\/2018\/07\/P1013250.jpg\" alt=\"P1013250\"\/>\n  \n  \n  \n<\/div>\n<div class=\"rsContent\">\n  <img decoding=\"async\" class=\"rsImg\" src=\"https:\/\/www.santjosep.net\/wp-content\/uploads\/2017\/12\/IMG_8926-1024x768.jpg\" data-rsBigImg=\"https:\/\/www.santjosep.net\/wp-content\/uploads\/2017\/12\/IMG_8926.jpg\" alt=\"IMG_8926\"\/>\n  \n  \n  \n<\/div>\n<div class=\"rsContent\">\n  <img decoding=\"async\" class=\"rsImg\" src=\"https:\/\/www.santjosep.net\/wp-content\/uploads\/2017\/12\/IMG_8924-1024x768.jpg\" data-rsBigImg=\"https:\/\/www.santjosep.net\/wp-content\/uploads\/2017\/12\/IMG_8924.jpg\" alt=\"IMG_8924\"\/>\n  \n  \n  \n<\/div>\n<div class=\"rsContent\">\n  <img decoding=\"async\" class=\"rsImg\" src=\"https:\/\/www.santjosep.net\/wp-content\/uploads\/2017\/12\/IMG_8929-1024x768.jpg\" data-rsBigImg=\"https:\/\/www.santjosep.net\/wp-content\/uploads\/2017\/12\/IMG_8929.jpg\" alt=\"IMG_8929\"\/>\n  \n  \n  \n<\/div>\n<div class=\"rsContent\">\n  <img decoding=\"async\" class=\"rsImg\" src=\"https:\/\/www.santjosep.net\/wp-content\/uploads\/2017\/12\/IMG_8930-1024x768.jpg\" data-rsBigImg=\"https:\/\/www.santjosep.net\/wp-content\/uploads\/2017\/12\/IMG_8930.jpg\" alt=\"IMG_8930\"\/>\n  \n  \n  \n<\/div>\n\n<\/div>\n[\/vc_column_text][vc_column_text css=&#8220;.vc_custom_1594378447701{margin-bottom: 20px !important;}&#8220;]<em>Port des Torrent<\/em>[\/vc_column_text][vc_column_text]Wir beginnen unsere Wanderung am Strand <a href=\"\/?page_id=5528\">Port des Torrent<\/a>, einer sehr beliebten sandigen Bucht, die mit ihrem klaren Wasser zum Baden einl\u00e4dt und an dem breiten Sandstrand allerlei Dienstleistungen bietet. Am linken \u00e4u\u00dferen Rand der Bucht folgen wir einem kleinen Pfad, der parallel zu verschiedenen Geb\u00e4uden zu unserer Linken an der K\u00fcste entlangl\u00e4uft. Wir kommen an einem mit Pinien und Sadeb\u00e4umen bestandenen St\u00fcck vorbei, wobei das Meer rechts von uns liegt. Nach etwa 40 Metern beginnt ein breiterer Weg, der zu mehreren Bootsh\u00e4uschen f\u00fchrt. Diese liegen im Schutz des Felsvorsprungs Punta Pedrera und sind zum Inneren der Naturbucht Port des Torrent ausgerichtet. Der Name Punta Pedrera verweist auf einen ehemaligen Steinbruch, in dem fr\u00fcher Mar\u00e8sgestein abgebaut wurde. Dieses Sedimentgestein entstand durch D\u00fcnendiagenese und besteht aus durch Kalksteinmehl verdichteten Sandk\u00f6rnern und Fossilien. Das Mar\u00e8sgestein, das durch den Wind zu kuriosen Skulpturen erodiert, war ein wichtiges Baumaterial f\u00fcr so bedeutende Konstruktionen wie die Altstadtmauern Ibizas. Bei n\u00e4herem Hinschauen entdeckt man unz\u00e4hlige vertikale und horizontale Einschnitte, die die K\u00fcste in symmetrische Formen aufteilen, einschlie\u00dflich gro\u00dfer Stufen und Abs\u00e4tze, die bisweilen hilfreich sind, um bis ans Meer hinabzusteigen. Hier k\u00f6nnen wir in einem nat\u00fcrlichen Swimmingpool baden, der aus den Schlagl\u00f6chern des Steinbruchs entstanden ist.[\/vc_column_text][vc_single_image image=&#8220;22859&#8243; img_size=&#8220;full&#8220; css=&#8220;.vc_custom_1594378387826{margin-top: 20px !important;margin-bottom: 20px !important;}&#8220;][vc_column_text]<em>Punta Pedrera<\/em>[\/vc_column_text][vc_column_text]Wir setzen unseren Weg fort und bleiben dabei immer nah an der K\u00fcstenlinie. Auf einigen Abschnitten m\u00fcssen wir uns auf unseren Orientierungssinn verlassen und dabei immer das Meer als Referenzpunkt im Sinn behalten. Ziel ist es, so nah wie m\u00f6glich an der K\u00fcste zu bleiben. Dabei kommen wir am Endpunkt der ein oder anderen asphaltierten Stra\u00dfe oder an Wegen vorbei, die bis fast zum Rand der Steilk\u00fcste f\u00fchren. An diesem Punkt laufen wir \u00fcber eine geologische Felsformation, die eine karbonisierte Oberfl\u00e4che bildet und unter der sich eine kompakte Sandschicht aus dem Quart\u00e4r erstreckt. Der Sockel aus verschiedenen Konglomeraten auf H\u00f6he des Meeresspiegels entstand ebenfalls im Quart\u00e4r. Die unterschiedlichen Substrate sind besonders gut an der Steilk\u00fcste bei Rac\u00f3 des Penyals erkennbar, dem n\u00e4chsten Felsvorsprung, den wir einen Kilometer nach Sa Pedrera erreichen. Diese kleine Halbinsel besitzt einen sehr ausgepr\u00e4gten Meereszugang in Pfeilform. Es ist nicht m\u00f6glich, sie auf der K\u00fcstenseite zu umrunden, daher w\u00e4hlen wir einen der Fu\u00dfpfade, die sich zwischen den B\u00e4umen dieses waldigen Gebiets auftun.[\/vc_column_text][vc_single_image image=&#8220;22883&#8243; img_size=&#8220;full&#8220; css=&#8220;.vc_custom_1594378904939{margin-top: 20px !important;margin-bottom: 20px !important;}&#8220;][vc_column_text]Jetzt befinden wir uns schon recht nahe der Bucht <a href=\"\/?page_id=5611\">Cala Bassa<\/a>. Nachdem wir den Scheitelpunkt dieses Meeresarms \u00fcberschritten haben, lassen sich mehrere Pfade ausmachen, die an der K\u00fcstenlinie entlangf\u00fchren. Wenn wir ihnen mit dem immer voraus gerichteten Blick folgen, l\u00e4sst sich bald die K\u00fcste vor unserm Ziel erahnen. Nachdem wir an ein paar H\u00e4usern vorbeigekommen sind, lichtet sich der K\u00fcstenbereich und wir befinden uns nun auf einem Gesteinssockel, der sich wenige Meter \u00fcber dem Meer erhebt. Hier treffen wir auf mehrere H\u00f6hlen, die zum Meer hinausf\u00fchren und sich mit ihren Schlupfwinkeln besonders gut zum Kajakfahren eignen. Nur wenige Meter weiter und unmittelbar vor der Bucht Cala Bassa sto\u00dfen wir mit ein bisschen Gl\u00fcck auf eine H\u00f6hle mit einem kleinen Sandstrand, die sich zum Himmel \u00f6ffnet und eine der Attraktionen dieser Gegend darstellt. In ihr k\u00f6nnen wir bis zum Wasser hinabsteigen und wer Lust hat, h\u00e4lt die F\u00fc\u00dfe ins k\u00fchle Nass. Dies ist sozusagen die Vorhalle von Cala Bassa, einer Sandbucht, an deren Zugang sich eigent\u00fcmliche Felsformationen befinden und den Weg zu einem blendend wei\u00dfen Sandstrand mit kristallklarem Wasser freigeben. Das gastronomische Angebot hier ist reichhaltig und erstreckt sich auf mehrere Restaurants und Strandbuden mit unterschiedlichen Spezialit\u00e4ten. Es herrscht kosmopolitisches Ambiente und der Zugang \u00fcber das <strong>Meer wird von regelm\u00e4\u00dfigen Schiffsverbindungen vom Hafen Sant Antoni aus abgedeckt.<\/strong>[\/vc_column_text][vc_column_text css=&#8220;.vc_custom_1594379138816{margin-top: 20px !important;}&#8220;]<style>#jtg-22884 .modula-item .jtg-social a, .lightbox-socials.jtg-social a{ fill: #ffffff; color: #ffffff }#jtg-22884 .modula-item .jtg-social-mobile a{ fill: #ffffff; color: #ffffff }#jtg-22884 .modula-item .jtg-social svg, .lightbox-socials.jtg-social svg { height: 16px; width: 16px }#jtg-22884 .modula-item .jtg-social-mobile svg { height: 16px; width: 16px }#jtg-22884 .modula-item .jtg-social a:not(:last-child), .lightbox-socials.jtg-social a:not(:last-child) { margin-right: 10px }#jtg-22884 .modula-item .jtg-social-mobile .jtg-social-mobile-icons a:not(:last-child){ margin-right: 10px }#jtg-22884 .modula-item .figc {color:#ffffff;}#jtg-22884 .modula-item .modula-item-content { transform: scale(1) }#jtg-22884 .modula-items .figc p.description { font-size:14px; }#jtg-22884 .modula-items .figc p.description { color:#ffffff;}#jtg-22884.modula-gallery .modula-item > a, #jtg-22884.modula-gallery .modula-item, #jtg-22884.modula-gallery .modula-item-content > a:not(.modula-no-follow) { cursor:zoom-in; } #jtg-22884.modula-gallery .modula-item-content .modula-no-follow { cursor: default; } @media screen and (max-width:480px){#jtg-22884 .modula-item .figc .jtg-title {  font-size: 12px; }#jtg-22884 .modula-items .figc p.description { color:#ffffff;font-size:10px; }}#jtg-22884 .modula-items .modula-item:hover img{opacity:1;}<\/style>\n<div  id=\"jtg-22884\" class=\"modula modula-gallery modula-custom-grid\" data-config=\"{&quot;height&quot;:800,&quot;tabletHeight&quot;:800,&quot;mobileHeight&quot;:800,&quot;desktopHeight&quot;:800,&quot;enableTwitter&quot;:true,&quot;enableWhatsapp&quot;:false,&quot;enableFacebook&quot;:true,&quot;enablePinterest&quot;:true,&quot;enableLinkedin&quot;:true,&quot;enableEmail&quot;:false,&quot;randomFactor&quot;:0.5,&quot;type&quot;:&quot;custom-grid&quot;,&quot;columns&quot;:12,&quot;gutter&quot;:0,&quot;mobileGutter&quot;:0,&quot;tabletGutter&quot;:0,&quot;desktopGutter&quot;:0,&quot;enableResponsive&quot;:&quot;1&quot;,&quot;tabletColumns&quot;:&quot;2&quot;,&quot;mobileColumns&quot;:&quot;1&quot;,&quot;lazyLoad&quot;:&quot;0&quot;,&quot;lightboxOpts&quot;:{&quot;animated&quot;:true,&quot;Thumbs&quot;:{&quot;type&quot;:&quot;modern&quot;,&quot;showOnStart&quot;:false},&quot;Toolbar&quot;:{&quot;display&quot;:{&quot;right&quot;:[&quot;close&quot;]},&quot;enabled&quot;:true},&quot;Carousel&quot;:{&quot;Panzoom&quot;:{&quot;touch&quot;:false},&quot;infinite&quot;:false},&quot;keyboard&quot;:{&quot;Escape&quot;:&quot;close&quot;,&quot;Delete&quot;:&quot;close&quot;,&quot;Backspace&quot;:&quot;close&quot;,&quot;PageUp&quot;:false,&quot;PageDown&quot;:false,&quot;ArrowUp&quot;:false,&quot;ArrowDown&quot;:false,&quot;ArrowRight&quot;:false,&quot;ArrowLeft&quot;:false},&quot;touch&quot;:false,&quot;backdropClick&quot;:false,&quot;l10n&quot;:{&quot;CLOSE&quot;:&quot;Close&quot;,&quot;NEXT&quot;:&quot;Next&quot;,&quot;PREV&quot;:&quot;Previous&quot;,&quot;Error&quot;:&quot;The requested content cannot be loaded. Please try again later.&quot;,&quot;PLAY_START&quot;:&quot;Start slideshow&quot;,&quot;PLAY_STOP&quot;:&quot;Pause slideshow&quot;,&quot;FULL_SCREEN&quot;:&quot;Full screen&quot;,&quot;THUMBS&quot;:&quot;Thumbnails&quot;,&quot;DOWNLOAD&quot;:&quot;Download&quot;,&quot;SHARE&quot;:&quot;Share&quot;,&quot;ZOOM&quot;:&quot;Zoom&quot;,&quot;EMAIL&quot;:&quot;Here is the link to the image : %%image_link%% and this is the link to the gallery : %%gallery_link%%&quot;,&quot;MODAL&quot;:&quot;You can close this modal content with the ESC key&quot;,&quot;ERROR&quot;:&quot;Something Went Wrong, Please Try Again Later&quot;,&quot;IMAGE_ERROR&quot;:&quot;Image Not Found&quot;,&quot;ELEMENT_NOT_FOUND&quot;:&quot;HTML Element Not Found&quot;,&quot;AJAX_NOT_FOUND&quot;:&quot;Error Loading AJAX : Not Found&quot;,&quot;AJAX_FORBIDDEN&quot;:&quot;Error Loading AJAX : Forbidden&quot;,&quot;IFRAME_ERROR&quot;:&quot;Error Loading Page&quot;,&quot;TOGGLE_ZOOM&quot;:&quot;Toggle zoom level&quot;,&quot;TOGGLE_THUMBS&quot;:&quot;Toggle thumbnails&quot;,&quot;TOGGLE_SLIDESHOW&quot;:&quot;Toggle slideshow&quot;,&quot;TOGGLE_FULLSCREEN&quot;:&quot;Toggle full-screen mode&quot;},&quot;Images&quot;:{&quot;Panzoom&quot;:{&quot;maxScale&quot;:2}},&quot;mainClass&quot;:&quot;modula-fancybox-container modula-lightbox-jtg-22884&quot;,&quot;Html&quot;:{&quot;videoAutoplay&quot;:0,&quot;videoTpl&quot;:&quot;&lt;video class=\\&quot;fancybox__html5video\\&quot; controls muted playsinline controlsList controlsList=\\&quot;nodownload\\&quot; poster=\\&quot;{{poster}}\\&quot; src=\\&quot;{{src}}\\&quot; type=\\&quot;{{format}}\\&quot; &gt;  Sorry, your browser doesn&#039;t support embedded videos, &lt;a href=\\&quot;{{src}}\\&quot;&gt; download &lt;\\\/a&gt; and watch with your favorite video player! &lt;\\\/video&gt;&quot;}},&quot;inView&quot;:false,&quot;email_subject&quot;:&quot;Check out this awesome image !!&quot;,&quot;email_message&quot;:&quot;Here is the link to the image : %%image_link%% and this is the link to the gallery : %%gallery_link%%&quot;,&quot;lightbox&quot;:&quot;fancybox&quot;}\">\n\n\t\n\t<div  class=\"modula-items\">\n\t\t<div class=\"modula-item\" data-width=\"6\" data-height=\"5\" >\n\t<div class=\"modula-item-content\">\n\t\t\n\t\t\t\t\t<a data-image-id=\"22895\" tabindex=\"0\" rel=\"jtg-22884\" data-caption=\"\" aria-label=\"Open image in lightbox\" role=\"button\" class=\"tile-inner modula-item-link\"><\/a>\n\t\t\n\t\t<img loading=\"lazy\" decoding=\"async\" class=\"pic wp-image-22895\"  data-valign=\"middle\" data-halign=\"center\" alt=\"\" data-full=\"https:\/\/www.santjosep.net\/wp-content\/uploads\/2020\/07\/DSC09897-2.jpg\" title=\"DSC09897 2\" width=\"1400\" height=\"933\" src=\"https:\/\/www.santjosep.net\/wp-content\/uploads\/2020\/07\/DSC09897-2.jpg\" data-src=\"https:\/\/www.santjosep.net\/wp-content\/uploads\/2020\/07\/DSC09897-2.jpg\" data-caption=\"\" srcset=\"https:\/\/www.santjosep.net\/wp-content\/uploads\/2020\/07\/DSC09897-2.jpg 1400w, https:\/\/www.santjosep.net\/wp-content\/uploads\/2020\/07\/DSC09897-2-300x200.jpg 300w, https:\/\/www.santjosep.net\/wp-content\/uploads\/2020\/07\/DSC09897-2-1024x682.jpg 1024w, https:\/\/www.santjosep.net\/wp-content\/uploads\/2020\/07\/DSC09897-2-768x512.jpg 768w\" sizes=\"auto, (max-width: 1400px) 100vw, 1400px\" \/>\n\t<\/div>\n\n<\/div><div class=\"modula-item\" data-width=\"6\" data-height=\"5\" >\n\t<div class=\"modula-item-content\">\n\t\t\n\t\t\t\t\t<a data-image-id=\"22885\" tabindex=\"0\" rel=\"jtg-22884\" data-caption=\"\" aria-label=\"Open image in lightbox\" role=\"button\" class=\"tile-inner modula-item-link\"><\/a>\n\t\t\n\t\t<img loading=\"lazy\" decoding=\"async\" class=\"pic wp-image-22885\"  data-valign=\"middle\" data-halign=\"center\" alt=\"\" data-full=\"https:\/\/www.santjosep.net\/wp-content\/uploads\/2020\/07\/DSC09902-2.jpg\" title=\"DSC09902 2\" width=\"1400\" height=\"933\" src=\"https:\/\/www.santjosep.net\/wp-content\/uploads\/2020\/07\/DSC09902-2.jpg\" data-src=\"https:\/\/www.santjosep.net\/wp-content\/uploads\/2020\/07\/DSC09902-2.jpg\" data-caption=\"\" srcset=\"https:\/\/www.santjosep.net\/wp-content\/uploads\/2020\/07\/DSC09902-2.jpg 1400w, https:\/\/www.santjosep.net\/wp-content\/uploads\/2020\/07\/DSC09902-2-300x200.jpg 300w, https:\/\/www.santjosep.net\/wp-content\/uploads\/2020\/07\/DSC09902-2-1024x682.jpg 1024w, https:\/\/www.santjosep.net\/wp-content\/uploads\/2020\/07\/DSC09902-2-768x512.jpg 768w\" sizes=\"auto, (max-width: 1400px) 100vw, 1400px\" \/>\n\t<\/div>\n\n<\/div><div class=\"modula-item\" data-width=\"12\" data-height=\"7\" >\n\t<div class=\"modula-item-content\">\n\t\t\n\t\t\t\t\t<a data-image-id=\"22900\" tabindex=\"0\" rel=\"jtg-22884\" data-caption=\"\" aria-label=\"Open image in lightbox\" role=\"button\" class=\"tile-inner modula-item-link\"><\/a>\n\t\t\n\t\t<img loading=\"lazy\" decoding=\"async\" class=\"pic wp-image-22900\"  data-valign=\"middle\" data-halign=\"center\" alt=\"\" data-full=\"https:\/\/www.santjosep.net\/wp-content\/uploads\/2020\/07\/Aerea-Cala-Bassa-1-de-1-2-copia.jpg\" title=\"Aerea Cala Bassa (1 de 1) 2 copia\" width=\"1200\" height=\"899\" src=\"https:\/\/www.santjosep.net\/wp-content\/uploads\/2020\/07\/Aerea-Cala-Bassa-1-de-1-2-copia.jpg\" data-src=\"https:\/\/www.santjosep.net\/wp-content\/uploads\/2020\/07\/Aerea-Cala-Bassa-1-de-1-2-copia.jpg\" data-caption=\"\" srcset=\"https:\/\/www.santjosep.net\/wp-content\/uploads\/2020\/07\/Aerea-Cala-Bassa-1-de-1-2-copia.jpg 1200w, https:\/\/www.santjosep.net\/wp-content\/uploads\/2020\/07\/Aerea-Cala-Bassa-1-de-1-2-copia-300x225.jpg 300w, https:\/\/www.santjosep.net\/wp-content\/uploads\/2020\/07\/Aerea-Cala-Bassa-1-de-1-2-copia-1024x767.jpg 1024w, https:\/\/www.santjosep.net\/wp-content\/uploads\/2020\/07\/Aerea-Cala-Bassa-1-de-1-2-copia-768x575.jpg 768w, https:\/\/www.santjosep.net\/wp-content\/uploads\/2020\/07\/Aerea-Cala-Bassa-1-de-1-2-copia-800x600.jpg 800w\" sizes=\"auto, (max-width: 1200px) 100vw, 1200px\" \/>\n\t<\/div>\n\n<\/div>\t\t\n\t<\/div>\n\n\t\n\t\n\t<script type=\"application\/ld+json\">\n\t{\n\t\t\"@context\": \"http:\/\/schema.org\",\n\t\t\"@type\"   : \"ImageGallery\",\n\t\t\"id\"      : \"https:\/\/www.santjosep.net\/de\/spaziergang-von-port-des-torrent-bis-cala-bassa\/\",\n\t\t\"url\"     : \"https:\/\/www.santjosep.net\/de\/spaziergang-von-port-des-torrent-bis-cala-bassa\/\"\n\t}\n\n\t<\/script>\n\n\t\n<\/div>\n[\/vc_column_text][vc_column_text]<em>Cala Bassa<br \/>\n<\/em>[\/vc_column_text][vc_column_text]Nach einer Ruhepause im Schatten eines <strong>spektakul\u00e4ren Sadebaumwalds<\/strong> treten wir den R\u00fcckweg \u00fcber den alten Weg von Cala Bassa an. Dieser entspringt an der neuen Landstra\u00dfe, die bis zum Strand f\u00fchrt, und verl\u00e4uft durch das Landesinnere bis Port des Torrent. Hier l\u00e4sst sich die Sch\u00f6nheit und Vielfaltigkeit der einheimischen Flora bewundern, bis wir schlie\u00dflich an ein asphaltiertes Stra\u00dfenst\u00fcck gelangen, das den Beginn der Avenida Sant Agust\u00ed anzeigt und sich bereits auf st\u00e4dtischem Gebiet befindet. Von hier aus ist es nicht mehr weit bis <strong>Port des Torrent.<\/strong>[\/vc_column_text][\/vc_column][\/vc_row]<\/p>\n<\/div>","protected":false},"excerpt":{"rendered":"<p>Diese Wanderung f\u00fchrt uns an der K\u00fcste entlang, die sich im S\u00fcden der Bucht von Sant Antoni erstreckt. Sie startet und endet an zwei der beliebtesten Str\u00e4nde der Gemeinde, die sich doch sehr voneinander unterscheiden.<\/p>\n","protected":false},"author":1,"featured_media":22910,"comment_status":"open","ping_status":"open","sticky":false,"template":"","format":"standard","meta":{"_acf_changed":false,"inline_featured_image":false,"footnotes":""},"categories":[154,337,173],"tags":[],"class_list":["post-22916","post","type-post","status-publish","format-standard","has-post-thumbnail","hentry","category-fahrten","category-sport-de","category-straende"],"acf":[],"geo":null,"yoast_head":"<!-- This site is optimized with the Yoast SEO plugin v25.7 - https:\/\/yoast.com\/wordpress\/plugins\/seo\/ -->\n<title>Spaziergang von Port des Torrent bis Cala Bassa - Santjosep.net<\/title>\n<meta name=\"robots\" content=\"index, follow, max-snippet:-1, max-image-preview:large, max-video-preview:-1\" \/>\n<link rel=\"canonical\" href=\"https:\/\/www.santjosep.net\/de\/spaziergang-von-port-des-torrent-bis-cala-bassa\/\" \/>\n<meta property=\"og:locale\" content=\"de_DE\" \/>\n<meta property=\"og:type\" content=\"article\" \/>\n<meta property=\"og:title\" content=\"Spaziergang von Port des Torrent bis Cala Bassa - Santjosep.net\" \/>\n<meta property=\"og:description\" content=\"Diese Wanderung f\u00fchrt uns an der K\u00fcste entlang, die sich im S\u00fcden der Bucht von Sant Antoni erstreckt. Sie startet und endet an zwei der beliebtesten Str\u00e4nde der Gemeinde, die sich doch sehr voneinander unterscheiden.\" \/>\n<meta property=\"og:url\" content=\"https:\/\/www.santjosep.net\/de\/spaziergang-von-port-des-torrent-bis-cala-bassa\/\" \/>\n<meta property=\"og:site_name\" content=\"Santjosep.net\" \/>\n<meta property=\"article:published_time\" content=\"2020-06-28T09:09:38+00:00\" \/>\n<meta property=\"article:modified_time\" content=\"2020-07-15T11:16:45+00:00\" \/>\n<meta property=\"og:image\" content=\"https:\/\/www.santjosep.net\/wp-content\/uploads\/2020\/07\/paseocalabassa.jpg\" \/>\n\t<meta property=\"og:image:width\" content=\"2000\" \/>\n\t<meta property=\"og:image:height\" content=\"1500\" \/>\n\t<meta property=\"og:image:type\" content=\"image\/jpeg\" \/>\n<meta name=\"author\" content=\"Sant Josep\" \/>\n<meta name=\"twitter:card\" content=\"summary_large_image\" \/>\n<meta name=\"twitter:label1\" content=\"Verfasst von\" \/>\n\t<meta name=\"twitter:data1\" content=\"Sant Josep\" \/>\n\t<meta name=\"twitter:label2\" content=\"Gesch\u00e4tzte Lesezeit\" \/>\n\t<meta name=\"twitter:data2\" content=\"5\u00a0Minuten\" \/>\n<script type=\"application\/ld+json\" class=\"yoast-schema-graph\">{\"@context\":\"https:\/\/schema.org\",\"@graph\":[{\"@type\":\"WebPage\",\"@id\":\"https:\/\/www.santjosep.net\/de\/spaziergang-von-port-des-torrent-bis-cala-bassa\/\",\"url\":\"https:\/\/www.santjosep.net\/de\/spaziergang-von-port-des-torrent-bis-cala-bassa\/\",\"name\":\"Spaziergang von Port des Torrent bis Cala Bassa - Santjosep.net\",\"isPartOf\":{\"@id\":\"https:\/\/www.santjosep.net\/#website\"},\"primaryImageOfPage\":{\"@id\":\"https:\/\/www.santjosep.net\/de\/spaziergang-von-port-des-torrent-bis-cala-bassa\/#primaryimage\"},\"image\":{\"@id\":\"https:\/\/www.santjosep.net\/de\/spaziergang-von-port-des-torrent-bis-cala-bassa\/#primaryimage\"},\"thumbnailUrl\":\"https:\/\/www.santjosep.net\/wp-content\/uploads\/2020\/07\/paseocalabassa.jpg\",\"datePublished\":\"2020-06-28T09:09:38+00:00\",\"dateModified\":\"2020-07-15T11:16:45+00:00\",\"author\":{\"@id\":\"https:\/\/www.santjosep.net\/#\/schema\/person\/b60e56f94e4e55776eb62bf4293f99b6\"},\"inLanguage\":\"de\",\"potentialAction\":[{\"@type\":\"ReadAction\",\"target\":[\"https:\/\/www.santjosep.net\/de\/spaziergang-von-port-des-torrent-bis-cala-bassa\/\"]}]},{\"@type\":\"ImageObject\",\"inLanguage\":\"de\",\"@id\":\"https:\/\/www.santjosep.net\/de\/spaziergang-von-port-des-torrent-bis-cala-bassa\/#primaryimage\",\"url\":\"https:\/\/www.santjosep.net\/wp-content\/uploads\/2020\/07\/paseocalabassa.jpg\",\"contentUrl\":\"https:\/\/www.santjosep.net\/wp-content\/uploads\/2020\/07\/paseocalabassa.jpg\",\"width\":2000,\"height\":1500},{\"@type\":\"WebSite\",\"@id\":\"https:\/\/www.santjosep.net\/#website\",\"url\":\"https:\/\/www.santjosep.net\/\",\"name\":\"Santjosep.net\",\"description\":\"\",\"potentialAction\":[{\"@type\":\"SearchAction\",\"target\":{\"@type\":\"EntryPoint\",\"urlTemplate\":\"https:\/\/www.santjosep.net\/?s={search_term_string}\"},\"query-input\":{\"@type\":\"PropertyValueSpecification\",\"valueRequired\":true,\"valueName\":\"search_term_string\"}}],\"inLanguage\":\"de\"},{\"@type\":\"Person\",\"@id\":\"https:\/\/www.santjosep.net\/#\/schema\/person\/b60e56f94e4e55776eb62bf4293f99b6\",\"name\":\"Sant Josep\",\"image\":{\"@type\":\"ImageObject\",\"inLanguage\":\"de\",\"@id\":\"https:\/\/www.santjosep.net\/#\/schema\/person\/image\/\",\"url\":\"https:\/\/secure.gravatar.com\/avatar\/2f4071817a97d2499c5aae9674ee15015b5a3c7c0974ca84f095a8e4aadcda56?s=96&d=mm&r=g\",\"contentUrl\":\"https:\/\/secure.gravatar.com\/avatar\/2f4071817a97d2499c5aae9674ee15015b5a3c7c0974ca84f095a8e4aadcda56?s=96&d=mm&r=g\",\"caption\":\"Sant Josep\"},\"url\":\"https:\/\/www.santjosep.net\/de\/author\/fugrafic\/\"}]}<\/script>\n<!-- \/ Yoast SEO plugin. -->","yoast_head_json":{"title":"Spaziergang von Port des Torrent bis Cala Bassa - Santjosep.net","robots":{"index":"index","follow":"follow","max-snippet":"max-snippet:-1","max-image-preview":"max-image-preview:large","max-video-preview":"max-video-preview:-1"},"canonical":"https:\/\/www.santjosep.net\/de\/spaziergang-von-port-des-torrent-bis-cala-bassa\/","og_locale":"de_DE","og_type":"article","og_title":"Spaziergang von Port des Torrent bis Cala Bassa - Santjosep.net","og_description":"Diese Wanderung f\u00fchrt uns an der K\u00fcste entlang, die sich im S\u00fcden der Bucht von Sant Antoni erstreckt. Sie startet und endet an zwei der beliebtesten Str\u00e4nde der Gemeinde, die sich doch sehr voneinander unterscheiden.","og_url":"https:\/\/www.santjosep.net\/de\/spaziergang-von-port-des-torrent-bis-cala-bassa\/","og_site_name":"Santjosep.net","article_published_time":"2020-06-28T09:09:38+00:00","article_modified_time":"2020-07-15T11:16:45+00:00","og_image":[{"width":2000,"height":1500,"url":"https:\/\/www.santjosep.net\/wp-content\/uploads\/2020\/07\/paseocalabassa.jpg","type":"image\/jpeg"}],"author":"Sant Josep","twitter_card":"summary_large_image","twitter_misc":{"Verfasst von":"Sant Josep","Gesch\u00e4tzte Lesezeit":"5\u00a0Minuten"},"schema":{"@context":"https:\/\/schema.org","@graph":[{"@type":"WebPage","@id":"https:\/\/www.santjosep.net\/de\/spaziergang-von-port-des-torrent-bis-cala-bassa\/","url":"https:\/\/www.santjosep.net\/de\/spaziergang-von-port-des-torrent-bis-cala-bassa\/","name":"Spaziergang von Port des Torrent bis Cala Bassa - Santjosep.net","isPartOf":{"@id":"https:\/\/www.santjosep.net\/#website"},"primaryImageOfPage":{"@id":"https:\/\/www.santjosep.net\/de\/spaziergang-von-port-des-torrent-bis-cala-bassa\/#primaryimage"},"image":{"@id":"https:\/\/www.santjosep.net\/de\/spaziergang-von-port-des-torrent-bis-cala-bassa\/#primaryimage"},"thumbnailUrl":"https:\/\/www.santjosep.net\/wp-content\/uploads\/2020\/07\/paseocalabassa.jpg","datePublished":"2020-06-28T09:09:38+00:00","dateModified":"2020-07-15T11:16:45+00:00","author":{"@id":"https:\/\/www.santjosep.net\/#\/schema\/person\/b60e56f94e4e55776eb62bf4293f99b6"},"inLanguage":"de","potentialAction":[{"@type":"ReadAction","target":["https:\/\/www.santjosep.net\/de\/spaziergang-von-port-des-torrent-bis-cala-bassa\/"]}]},{"@type":"ImageObject","inLanguage":"de","@id":"https:\/\/www.santjosep.net\/de\/spaziergang-von-port-des-torrent-bis-cala-bassa\/#primaryimage","url":"https:\/\/www.santjosep.net\/wp-content\/uploads\/2020\/07\/paseocalabassa.jpg","contentUrl":"https:\/\/www.santjosep.net\/wp-content\/uploads\/2020\/07\/paseocalabassa.jpg","width":2000,"height":1500},{"@type":"WebSite","@id":"https:\/\/www.santjosep.net\/#website","url":"https:\/\/www.santjosep.net\/","name":"Santjosep.net","description":"","potentialAction":[{"@type":"SearchAction","target":{"@type":"EntryPoint","urlTemplate":"https:\/\/www.santjosep.net\/?s={search_term_string}"},"query-input":{"@type":"PropertyValueSpecification","valueRequired":true,"valueName":"search_term_string"}}],"inLanguage":"de"},{"@type":"Person","@id":"https:\/\/www.santjosep.net\/#\/schema\/person\/b60e56f94e4e55776eb62bf4293f99b6","name":"Sant Josep","image":{"@type":"ImageObject","inLanguage":"de","@id":"https:\/\/www.santjosep.net\/#\/schema\/person\/image\/","url":"https:\/\/secure.gravatar.com\/avatar\/2f4071817a97d2499c5aae9674ee15015b5a3c7c0974ca84f095a8e4aadcda56?s=96&d=mm&r=g","contentUrl":"https:\/\/secure.gravatar.com\/avatar\/2f4071817a97d2499c5aae9674ee15015b5a3c7c0974ca84f095a8e4aadcda56?s=96&d=mm&r=g","caption":"Sant Josep"},"url":"https:\/\/www.santjosep.net\/de\/author\/fugrafic\/"}]}},"_links":{"self":[{"href":"https:\/\/www.santjosep.net\/de\/wp-json\/wp\/v2\/posts\/22916","targetHints":{"allow":["GET"]}}],"collection":[{"href":"https:\/\/www.santjosep.net\/de\/wp-json\/wp\/v2\/posts"}],"about":[{"href":"https:\/\/www.santjosep.net\/de\/wp-json\/wp\/v2\/types\/post"}],"author":[{"embeddable":true,"href":"https:\/\/www.santjosep.net\/de\/wp-json\/wp\/v2\/users\/1"}],"replies":[{"embeddable":true,"href":"https:\/\/www.santjosep.net\/de\/wp-json\/wp\/v2\/comments?post=22916"}],"version-history":[{"count":0,"href":"https:\/\/www.santjosep.net\/de\/wp-json\/wp\/v2\/posts\/22916\/revisions"}],"wp:featuredmedia":[{"embeddable":true,"href":"https:\/\/www.santjosep.net\/de\/wp-json\/wp\/v2\/media\/22910"}],"wp:attachment":[{"href":"https:\/\/www.santjosep.net\/de\/wp-json\/wp\/v2\/media?parent=22916"}],"wp:term":[{"taxonomy":"category","embeddable":true,"href":"https:\/\/www.santjosep.net\/de\/wp-json\/wp\/v2\/categories?post=22916"},{"taxonomy":"post_tag","embeddable":true,"href":"https:\/\/www.santjosep.net\/de\/wp-json\/wp\/v2\/tags?post=22916"}],"curies":[{"name":"wp","href":"https:\/\/api.w.org\/{rel}","templated":true}]}}