{"id":20388,"date":"2019-12-22T16:59:37","date_gmt":"2019-12-22T15:59:37","guid":{"rendered":"https:\/\/www.santjosep.net\/las-mejores-vistas-panoramicas-del-municipio-de-sant-josep\/"},"modified":"2020-01-22T17:51:11","modified_gmt":"2020-01-22T16:51:11","slug":"die-schoensten-panoramablicke-in-sant-josep","status":"publish","type":"post","link":"https:\/\/www.santjosep.net\/de\/die-schoensten-panoramablicke-in-sant-josep\/","title":{"rendered":"Die sch\u00f6nsten Panoramablicke in Sant Josep"},"content":{"rendered":"<p>Auf seinen 154 km\u00b2 vereint Sant Josep de sa Talaia bet\u00f6rend sch\u00f6ne Landschaften, 32 Str\u00e4nde und mehr als 80 km K\u00fcstenlinie. Jahr f\u00fcr Jahr lockt die gr\u00f6\u00dfte Gemeinde der Insel tausende Besucher an, die auf der Suche nach Idylle, W\u00e4ldern, Feldern und T\u00e4lern im Inselinneren sind. Neben diesem wahren Naturschatz verf\u00fcgt Sant Josep auch \u00fcber ein reiches kulturelles Erbe, in dem sich jahrhundertealte Geschichte und ganz unterschiedliche Kulturen und Zivilisationen widerspiegeln, die dort zuhause waren. In jedem der D\u00f6rfer der Gemeinde kann man diesen Reichtum entdecken \u2013 auf jedem Weg, in jeder Kirche, an jedem Strand \u2013 von Ort zu Ort, von Schritt zu Schritt. Wer auf der Suche nach einem wortw\u00f6rtlichen \u00dcberblick ist, sollte einmal einen der unz\u00e4hligen Wachtt\u00fcrme und Aussichtspunkte besuchen, von wo aus sich dem Besucher ein weiter Panoramablick \u00fcber die Landschaft und die Meeresfl\u00e4che der Gemeinde Sant Josep bietet. Wir stellen Ihnen nun einige dieser Orte vor und verraten Ihnen, was Sie von dort sehen k\u00f6nnen.<\/p>\n<p>&nbsp;<\/p>\n<h2>Sa Talaia<\/h2>\n<p>Ganz in der N\u00e4he des St\u00e4dchens Sant Josep erhebt sich bei Sa Talaia mit 475 Metern der h\u00f6chste Punkt der Gemeinde und der gesamten Insel. Von der H\u00fcgelkuppe aus, die leicht \u00fcber einen gut ausgeschilderten Weg erreichbar ist, kann man einen hervorragenden Panoramablick auf alle vier \u00e4u\u00dfersten Punkte der Insel werfen. Am spektakul\u00e4rsten ist dabei sicher der Blick nach Westen. Wenn wir nach rechts schauen, k\u00f6nnen wir dort die gro\u00dfe Bucht von Sant Antoni mit dem Cap Non\u00f3 im Hintergrund sehen. In der Mitte sieht man die h\u00fcbsche kleine Inselgruppe Illots de Ponent, die aus den Inseln Sa Conillera, S\u2019Espartar und S\u2019Illa des Bosc besteht. Entsprechend spektakul\u00e4r sind auch die Sonnenunterg\u00e4nge von Sa Talaia, ein echtes Highlight auf jeder Wandertour. Im S\u00fcden hat man den Ausblick auf die Salzteiche von Ses Salines, den davorliegenden Strand Playa des Codolar und die Gro\u00dfen Felsformationen des Gebirgszugs, der den Strand von Codolar vom Strand von Ses Salines trennt. Im Hintergrund sieht man die Seestra\u00dfe Es Freus mit der kleinen Insel Espalmador und der Insel Formentera, die einen Gro\u00dfteil des Horizont einnimmt.<\/p>\n<style>#jtg-20164 .modula-item .jtg-social a, .lightbox-socials.jtg-social a{ fill: #ffffff; color: #ffffff }#jtg-20164 .modula-item .jtg-social-mobile a{ fill: #ffffff; color: #ffffff }#jtg-20164 .modula-item .jtg-social svg, .lightbox-socials.jtg-social svg { height: 16px; width: 16px }#jtg-20164 .modula-item .jtg-social-mobile svg { height: 16px; width: 16px }#jtg-20164 .modula-item .jtg-social a:not(:last-child), .lightbox-socials.jtg-social a:not(:last-child) { margin-right: 10px }#jtg-20164 .modula-item .jtg-social-mobile .jtg-social-mobile-icons a:not(:last-child){ margin-right: 10px }#jtg-20164 .modula-item .figc {color:#ffffff;}#jtg-20164 .modula-item .modula-item-content { transform: scale(1) }#jtg-20164 .modula-items .figc p.description { font-size:14px; }#jtg-20164 .modula-items .figc p.description { color:#ffffff;}#jtg-20164.modula-gallery .modula-item > a, #jtg-20164.modula-gallery .modula-item, #jtg-20164.modula-gallery .modula-item-content > a:not(.modula-no-follow) { cursor:zoom-in; } #jtg-20164.modula-gallery .modula-item-content .modula-no-follow { cursor: default; } @media screen and (max-width:480px){#jtg-20164 .modula-item .figc .jtg-title {  font-size: 12px; }#jtg-20164 .modula-items .figc p.description { color:#ffffff;font-size:10px; }}#jtg-20164 .modula-items .modula-item:hover img{opacity:1;}<\/style>\n<div  id=\"jtg-20164\" class=\"modula modula-gallery modula-custom-grid\" data-config=\"{&quot;height&quot;:800,&quot;tabletHeight&quot;:800,&quot;mobileHeight&quot;:800,&quot;desktopHeight&quot;:800,&quot;enableTwitter&quot;:true,&quot;enableWhatsapp&quot;:false,&quot;enableFacebook&quot;:true,&quot;enablePinterest&quot;:true,&quot;enableLinkedin&quot;:true,&quot;enableEmail&quot;:false,&quot;randomFactor&quot;:0.5,&quot;type&quot;:&quot;custom-grid&quot;,&quot;columns&quot;:12,&quot;gutter&quot;:0,&quot;mobileGutter&quot;:0,&quot;tabletGutter&quot;:0,&quot;desktopGutter&quot;:0,&quot;enableResponsive&quot;:&quot;1&quot;,&quot;tabletColumns&quot;:&quot;2&quot;,&quot;mobileColumns&quot;:&quot;1&quot;,&quot;lazyLoad&quot;:&quot;0&quot;,&quot;lightboxOpts&quot;:{&quot;animated&quot;:true,&quot;Thumbs&quot;:{&quot;type&quot;:&quot;modern&quot;,&quot;showOnStart&quot;:false},&quot;Toolbar&quot;:{&quot;display&quot;:{&quot;right&quot;:[&quot;close&quot;]},&quot;enabled&quot;:true},&quot;Carousel&quot;:{&quot;Panzoom&quot;:{&quot;touch&quot;:false},&quot;infinite&quot;:false},&quot;keyboard&quot;:{&quot;Escape&quot;:&quot;close&quot;,&quot;Delete&quot;:&quot;close&quot;,&quot;Backspace&quot;:&quot;close&quot;,&quot;PageUp&quot;:false,&quot;PageDown&quot;:false,&quot;ArrowUp&quot;:false,&quot;ArrowDown&quot;:false,&quot;ArrowRight&quot;:false,&quot;ArrowLeft&quot;:false},&quot;touch&quot;:false,&quot;backdropClick&quot;:false,&quot;l10n&quot;:{&quot;CLOSE&quot;:&quot;Close&quot;,&quot;NEXT&quot;:&quot;Next&quot;,&quot;PREV&quot;:&quot;Previous&quot;,&quot;Error&quot;:&quot;The requested content cannot be loaded. Please try again later.&quot;,&quot;PLAY_START&quot;:&quot;Start slideshow&quot;,&quot;PLAY_STOP&quot;:&quot;Pause slideshow&quot;,&quot;FULL_SCREEN&quot;:&quot;Full screen&quot;,&quot;THUMBS&quot;:&quot;Thumbnails&quot;,&quot;DOWNLOAD&quot;:&quot;Download&quot;,&quot;SHARE&quot;:&quot;Share&quot;,&quot;ZOOM&quot;:&quot;Zoom&quot;,&quot;EMAIL&quot;:&quot;Here is the link to the image : %%image_link%% and this is the link to the gallery : %%gallery_link%%&quot;,&quot;MODAL&quot;:&quot;You can close this modal content with the ESC key&quot;,&quot;ERROR&quot;:&quot;Something Went Wrong, Please Try Again Later&quot;,&quot;IMAGE_ERROR&quot;:&quot;Image Not Found&quot;,&quot;ELEMENT_NOT_FOUND&quot;:&quot;HTML Element Not Found&quot;,&quot;AJAX_NOT_FOUND&quot;:&quot;Error Loading AJAX : Not Found&quot;,&quot;AJAX_FORBIDDEN&quot;:&quot;Error Loading AJAX : Forbidden&quot;,&quot;IFRAME_ERROR&quot;:&quot;Error Loading Page&quot;,&quot;TOGGLE_ZOOM&quot;:&quot;Toggle zoom level&quot;,&quot;TOGGLE_THUMBS&quot;:&quot;Toggle thumbnails&quot;,&quot;TOGGLE_SLIDESHOW&quot;:&quot;Toggle slideshow&quot;,&quot;TOGGLE_FULLSCREEN&quot;:&quot;Toggle full-screen mode&quot;},&quot;Images&quot;:{&quot;Panzoom&quot;:{&quot;maxScale&quot;:2}},&quot;mainClass&quot;:&quot;modula-fancybox-container modula-lightbox-jtg-20164&quot;,&quot;Html&quot;:{&quot;videoAutoplay&quot;:0,&quot;videoTpl&quot;:&quot;&lt;video class=\\&quot;fancybox__html5video\\&quot; controls muted playsinline controlsList controlsList=\\&quot;nodownload\\&quot; poster=\\&quot;{{poster}}\\&quot; src=\\&quot;{{src}}\\&quot; type=\\&quot;{{format}}\\&quot; &gt;  Sorry, your browser doesn&#039;t support embedded videos, &lt;a href=\\&quot;{{src}}\\&quot;&gt; download &lt;\\\/a&gt; and watch with your favorite video player! &lt;\\\/video&gt;&quot;}},&quot;inView&quot;:false,&quot;email_subject&quot;:&quot;Check out this awesome image !!&quot;,&quot;email_message&quot;:&quot;Here is the link to the image : %%image_link%% and this is the link to the gallery : %%gallery_link%%&quot;,&quot;lightbox&quot;:&quot;fancybox&quot;}\">\n\n\t\n\t<div  class=\"modula-items\">\n\t\t<div class=\"modula-item\" data-width=\"12\" data-height=\"7\" >\n\t<div class=\"modula-item-content\">\n\t\t\n\t\t\t\t\t<a data-image-id=\"20178\" tabindex=\"0\" rel=\"jtg-20164\" data-caption=\"\" aria-label=\"Open image in lightbox\" role=\"button\" class=\"tile-inner modula-item-link\"><\/a>\n\t\t\n\t\t<img loading=\"lazy\" decoding=\"async\" class=\"pic wp-image-20178\"  data-valign=\"middle\" data-halign=\"center\" alt=\"\" data-full=\"https:\/\/www.santjosep.net\/wp-content\/uploads\/2020\/01\/MG_4787.jpg\" title=\"MG_4787\" width=\"1500\" height=\"1000\" src=\"https:\/\/www.santjosep.net\/wp-content\/uploads\/2020\/01\/MG_4787.jpg\" data-src=\"https:\/\/www.santjosep.net\/wp-content\/uploads\/2020\/01\/MG_4787.jpg\" data-caption=\"\" srcset=\"https:\/\/www.santjosep.net\/wp-content\/uploads\/2020\/01\/MG_4787.jpg 1500w, https:\/\/www.santjosep.net\/wp-content\/uploads\/2020\/01\/MG_4787-300x200.jpg 300w, https:\/\/www.santjosep.net\/wp-content\/uploads\/2020\/01\/MG_4787-1024x683.jpg 1024w, https:\/\/www.santjosep.net\/wp-content\/uploads\/2020\/01\/MG_4787-768x512.jpg 768w\" sizes=\"auto, (max-width: 1500px) 100vw, 1500px\" \/>\n\t<\/div>\n\n<\/div><div class=\"modula-item\" data-width=\"6\" data-height=\"5\" >\n\t<div class=\"modula-item-content\">\n\t\t\n\t\t\t\t\t<a data-image-id=\"20173\" tabindex=\"0\" rel=\"jtg-20164\" data-caption=\"\" aria-label=\"Open image in lightbox\" role=\"button\" class=\"tile-inner modula-item-link\"><\/a>\n\t\t\n\t\t<img loading=\"lazy\" decoding=\"async\" class=\"pic wp-image-20173\"  data-valign=\"middle\" data-halign=\"center\" alt=\"\" data-full=\"https:\/\/www.santjosep.net\/wp-content\/uploads\/2020\/01\/MG_0418-3.jpg\" title=\"MG_0418-3\" width=\"1500\" height=\"1000\" src=\"https:\/\/www.santjosep.net\/wp-content\/uploads\/2020\/01\/MG_0418-3.jpg\" data-src=\"https:\/\/www.santjosep.net\/wp-content\/uploads\/2020\/01\/MG_0418-3.jpg\" data-caption=\"\" srcset=\"https:\/\/www.santjosep.net\/wp-content\/uploads\/2020\/01\/MG_0418-3.jpg 1500w, https:\/\/www.santjosep.net\/wp-content\/uploads\/2020\/01\/MG_0418-3-300x200.jpg 300w, https:\/\/www.santjosep.net\/wp-content\/uploads\/2020\/01\/MG_0418-3-1024x683.jpg 1024w, https:\/\/www.santjosep.net\/wp-content\/uploads\/2020\/01\/MG_0418-3-768x512.jpg 768w\" sizes=\"auto, (max-width: 1500px) 100vw, 1500px\" \/>\n\t<\/div>\n\n<\/div><div class=\"modula-item\" data-width=\"6\" data-height=\"5\" >\n\t<div class=\"modula-item-content\">\n\t\t\n\t\t\t\t\t<a data-image-id=\"20168\" tabindex=\"0\" rel=\"jtg-20164\" data-caption=\"\" aria-label=\"Open image in lightbox\" role=\"button\" class=\"tile-inner modula-item-link\"><\/a>\n\t\t\n\t\t<img loading=\"lazy\" decoding=\"async\" class=\"pic wp-image-20168\"  data-valign=\"middle\" data-halign=\"center\" alt=\"\" data-full=\"https:\/\/www.santjosep.net\/wp-content\/uploads\/2020\/01\/atalaia_santantoni_IMG_4751.jpg\" title=\"atalaia_santantoni_IMG_4751\" width=\"1500\" height=\"1000\" src=\"https:\/\/www.santjosep.net\/wp-content\/uploads\/2020\/01\/atalaia_santantoni_IMG_4751.jpg\" data-src=\"https:\/\/www.santjosep.net\/wp-content\/uploads\/2020\/01\/atalaia_santantoni_IMG_4751.jpg\" data-caption=\"\" srcset=\"https:\/\/www.santjosep.net\/wp-content\/uploads\/2020\/01\/atalaia_santantoni_IMG_4751.jpg 1500w, https:\/\/www.santjosep.net\/wp-content\/uploads\/2020\/01\/atalaia_santantoni_IMG_4751-300x200.jpg 300w, https:\/\/www.santjosep.net\/wp-content\/uploads\/2020\/01\/atalaia_santantoni_IMG_4751-1024x683.jpg 1024w, https:\/\/www.santjosep.net\/wp-content\/uploads\/2020\/01\/atalaia_santantoni_IMG_4751-768x512.jpg 768w\" sizes=\"auto, (max-width: 1500px) 100vw, 1500px\" \/>\n\t<\/div>\n\n<\/div>\t\t\n\t<\/div>\n\n\t\n\t\n\t<script type=\"application\/ld+json\">\n\t{\n\t\t\"@context\": \"http:\/\/schema.org\",\n\t\t\"@type\"   : \"ImageGallery\",\n\t\t\"id\"      : \"https:\/\/www.santjosep.net\/de\/die-schoensten-panoramablicke-in-sant-josep\/\",\n\t\t\"url\"     : \"https:\/\/www.santjosep.net\/de\/die-schoensten-panoramablicke-in-sant-josep\/\"\n\t}\n\n\t<\/script>\n\n\t\n<\/div>\n\n<p>&nbsp;<\/p>\n<h2>Puig d\u2019en Serra<\/h2>\n<p>Dieser Fels befindet sich gegen\u00fcber der Siedlung Es Cubells und ist \u00fcber eine Ausfahrt an der Stra\u00dfe zwischen der l\u00e4ndlichen Siedlung Es Cubells und Cala d\u2019Hort zu erreichen. Der schwierige Aufstieg wird reich belohnt, denn der Blick \u00fcber die K\u00fcstenlinie der Gemeinde ist einfach unvergleichlich: Man sieht landwirtschaftliche Fl\u00e4chen, dahinter die Klippen von Es Cubells und kleine K\u00fcstenenklaven, die von wilden Klippen und Steilk\u00fcsten gepr\u00e4gt sind. Die Bucht von Porroig ist deutlich zu erkennen, ebenso die Steilk\u00fcste vor Cala Jondal, die Salzseen und der Strand von Es Codolar, hinter dem sich die spektakul\u00e4ren Felsh\u00e4nge am Cap des Falc\u00f3 abzeichnen. Weiter hinten erkennt man die kleinen Inseln zwischen Ibiza und Formentera und ganz entfernt Formentera selbst, das sich vom Blau des Meeres abhebt.<\/p>\n<style>#jtg-20165 .modula-item .jtg-social a, .lightbox-socials.jtg-social a{ fill: #ffffff; color: #ffffff }#jtg-20165 .modula-item .jtg-social-mobile a{ fill: #ffffff; color: #ffffff }#jtg-20165 .modula-item .jtg-social svg, .lightbox-socials.jtg-social svg { height: 16px; width: 16px }#jtg-20165 .modula-item .jtg-social-mobile svg { height: 16px; width: 16px }#jtg-20165 .modula-item .jtg-social a:not(:last-child), .lightbox-socials.jtg-social a:not(:last-child) { margin-right: 10px }#jtg-20165 .modula-item .jtg-social-mobile .jtg-social-mobile-icons a:not(:last-child){ margin-right: 10px }#jtg-20165 .modula-item .figc {color:#ffffff;}#jtg-20165 .modula-item .modula-item-content { transform: scale(1) }#jtg-20165 .modula-items .figc p.description { font-size:14px; }#jtg-20165 .modula-items .figc p.description { color:#ffffff;}#jtg-20165.modula-gallery .modula-item > a, #jtg-20165.modula-gallery .modula-item, #jtg-20165.modula-gallery .modula-item-content > a:not(.modula-no-follow) { cursor:zoom-in; } #jtg-20165.modula-gallery .modula-item-content .modula-no-follow { cursor: default; } @media screen and (max-width:480px){#jtg-20165 .modula-item .figc .jtg-title {  font-size: 12px; }#jtg-20165 .modula-items .figc p.description { color:#ffffff;font-size:10px; }}#jtg-20165 .modula-items .modula-item:hover img{opacity:1;}<\/style>\n<div  id=\"jtg-20165\" class=\"modula modula-gallery modula-custom-grid\" data-config=\"{&quot;height&quot;:800,&quot;tabletHeight&quot;:800,&quot;mobileHeight&quot;:800,&quot;desktopHeight&quot;:800,&quot;enableTwitter&quot;:true,&quot;enableWhatsapp&quot;:false,&quot;enableFacebook&quot;:true,&quot;enablePinterest&quot;:true,&quot;enableLinkedin&quot;:true,&quot;enableEmail&quot;:false,&quot;randomFactor&quot;:0.5,&quot;type&quot;:&quot;custom-grid&quot;,&quot;columns&quot;:12,&quot;gutter&quot;:0,&quot;mobileGutter&quot;:0,&quot;tabletGutter&quot;:0,&quot;desktopGutter&quot;:0,&quot;enableResponsive&quot;:&quot;1&quot;,&quot;tabletColumns&quot;:&quot;2&quot;,&quot;mobileColumns&quot;:&quot;1&quot;,&quot;lazyLoad&quot;:&quot;0&quot;,&quot;lightboxOpts&quot;:{&quot;animated&quot;:true,&quot;Thumbs&quot;:{&quot;type&quot;:&quot;modern&quot;,&quot;showOnStart&quot;:false},&quot;Toolbar&quot;:{&quot;display&quot;:{&quot;right&quot;:[&quot;close&quot;]},&quot;enabled&quot;:true},&quot;Carousel&quot;:{&quot;Panzoom&quot;:{&quot;touch&quot;:false},&quot;infinite&quot;:false},&quot;keyboard&quot;:{&quot;Escape&quot;:&quot;close&quot;,&quot;Delete&quot;:&quot;close&quot;,&quot;Backspace&quot;:&quot;close&quot;,&quot;PageUp&quot;:false,&quot;PageDown&quot;:false,&quot;ArrowUp&quot;:false,&quot;ArrowDown&quot;:false,&quot;ArrowRight&quot;:false,&quot;ArrowLeft&quot;:false},&quot;touch&quot;:false,&quot;backdropClick&quot;:false,&quot;l10n&quot;:{&quot;CLOSE&quot;:&quot;Close&quot;,&quot;NEXT&quot;:&quot;Next&quot;,&quot;PREV&quot;:&quot;Previous&quot;,&quot;Error&quot;:&quot;The requested content cannot be loaded. Please try again later.&quot;,&quot;PLAY_START&quot;:&quot;Start slideshow&quot;,&quot;PLAY_STOP&quot;:&quot;Pause slideshow&quot;,&quot;FULL_SCREEN&quot;:&quot;Full screen&quot;,&quot;THUMBS&quot;:&quot;Thumbnails&quot;,&quot;DOWNLOAD&quot;:&quot;Download&quot;,&quot;SHARE&quot;:&quot;Share&quot;,&quot;ZOOM&quot;:&quot;Zoom&quot;,&quot;EMAIL&quot;:&quot;Here is the link to the image : %%image_link%% and this is the link to the gallery : %%gallery_link%%&quot;,&quot;MODAL&quot;:&quot;You can close this modal content with the ESC key&quot;,&quot;ERROR&quot;:&quot;Something Went Wrong, Please Try Again Later&quot;,&quot;IMAGE_ERROR&quot;:&quot;Image Not Found&quot;,&quot;ELEMENT_NOT_FOUND&quot;:&quot;HTML Element Not Found&quot;,&quot;AJAX_NOT_FOUND&quot;:&quot;Error Loading AJAX : Not Found&quot;,&quot;AJAX_FORBIDDEN&quot;:&quot;Error Loading AJAX : Forbidden&quot;,&quot;IFRAME_ERROR&quot;:&quot;Error Loading Page&quot;,&quot;TOGGLE_ZOOM&quot;:&quot;Toggle zoom level&quot;,&quot;TOGGLE_THUMBS&quot;:&quot;Toggle thumbnails&quot;,&quot;TOGGLE_SLIDESHOW&quot;:&quot;Toggle slideshow&quot;,&quot;TOGGLE_FULLSCREEN&quot;:&quot;Toggle full-screen mode&quot;},&quot;Images&quot;:{&quot;Panzoom&quot;:{&quot;maxScale&quot;:2}},&quot;mainClass&quot;:&quot;modula-fancybox-container modula-lightbox-jtg-20165&quot;,&quot;Html&quot;:{&quot;videoAutoplay&quot;:0,&quot;videoTpl&quot;:&quot;&lt;video class=\\&quot;fancybox__html5video\\&quot; controls muted playsinline controlsList controlsList=\\&quot;nodownload\\&quot; poster=\\&quot;{{poster}}\\&quot; src=\\&quot;{{src}}\\&quot; type=\\&quot;{{format}}\\&quot; &gt;  Sorry, your browser doesn&#039;t support embedded videos, &lt;a href=\\&quot;{{src}}\\&quot;&gt; download &lt;\\\/a&gt; and watch with your favorite video player! &lt;\\\/video&gt;&quot;}},&quot;inView&quot;:false,&quot;email_subject&quot;:&quot;Check out this awesome image !!&quot;,&quot;email_message&quot;:&quot;Here is the link to the image : %%image_link%% and this is the link to the gallery : %%gallery_link%%&quot;,&quot;lightbox&quot;:&quot;fancybox&quot;}\">\n\n\t\n\t<div  class=\"modula-items\">\n\t\t<div class=\"modula-item\" data-width=\"12\" data-height=\"8\" >\n\t<div class=\"modula-item-content\">\n\t\t\n\t\t\t\t\t<a data-image-id=\"20187\" tabindex=\"0\" rel=\"jtg-20165\" data-caption=\"\" aria-label=\"Open image in lightbox\" role=\"button\" class=\"tile-inner modula-item-link\"><\/a>\n\t\t\n\t\t<img loading=\"lazy\" decoding=\"async\" class=\"pic wp-image-20187\"  data-valign=\"middle\" data-halign=\"center\" alt=\"\" data-full=\"https:\/\/www.santjosep.net\/wp-content\/uploads\/2020\/01\/JI_0081.jpg\" title=\"JI_0081\" width=\"1500\" height=\"1124\" src=\"https:\/\/www.santjosep.net\/wp-content\/uploads\/2020\/01\/JI_0081.jpg\" data-src=\"https:\/\/www.santjosep.net\/wp-content\/uploads\/2020\/01\/JI_0081.jpg\" data-caption=\"\" srcset=\"https:\/\/www.santjosep.net\/wp-content\/uploads\/2020\/01\/JI_0081.jpg 1500w, https:\/\/www.santjosep.net\/wp-content\/uploads\/2020\/01\/JI_0081-300x225.jpg 300w, https:\/\/www.santjosep.net\/wp-content\/uploads\/2020\/01\/JI_0081-1024x767.jpg 1024w, https:\/\/www.santjosep.net\/wp-content\/uploads\/2020\/01\/JI_0081-768x575.jpg 768w, https:\/\/www.santjosep.net\/wp-content\/uploads\/2020\/01\/JI_0081-800x600.jpg 800w\" sizes=\"auto, (max-width: 1500px) 100vw, 1500px\" \/>\n\t<\/div>\n\n<\/div>\t\t\n\t<\/div>\n\n\t\n\t\n\t<script type=\"application\/ld+json\">\n\t{\n\t\t\"@context\": \"http:\/\/schema.org\",\n\t\t\"@type\"   : \"ImageGallery\",\n\t\t\"id\"      : \"https:\/\/www.santjosep.net\/de\/die-schoensten-panoramablicke-in-sant-josep\/\",\n\t\t\"url\"     : \"https:\/\/www.santjosep.net\/de\/die-schoensten-panoramablicke-in-sant-josep\/\"\n\t}\n\n\t<\/script>\n\n\t\n<\/div>\n\n<p>&nbsp;<\/p>\n<h2>Torre des Savinar<\/h2>\n<p>Zu den wohl ikonischsten und international bekannten Ausblicken der Insel geh\u00f6rt der vom gleicherma\u00dfen geschichtstr\u00e4chtigen wie mystischen Felsvorsprung beim Torre des Savinar. Der gewundene Weg f\u00fchrt uns an den Steilklippen von Cala d\u2019Hort entlang bis zu einem alten Wachtturm aus dem 18. Jahrhundert, der auch als \u201ePiratenturm\u201c bekannt ist. Er liegt an der \u00e4u\u00dfersten Kante der Steilk\u00fcste und ragt vor dem strahlenden Blau des Meeres und der markanten Silhouette von Es Vedr\u00e0 und Es Vedranell empor. Der Blick f\u00e4llt sofort auf die beeindruckenden Umrisse von Es Vedr\u00e0 und der Turm liefert die perfekte Kulisse, um den Blick \u00fcber das Mittelmeer schweifen zu lassen und herrliche Sonnenunterg\u00e4nge zu genie\u00dfen.<\/p>\n<style>#jtg-20166 .modula-item .jtg-social a, .lightbox-socials.jtg-social a{ fill: #ffffff; color: #ffffff }#jtg-20166 .modula-item .jtg-social-mobile a{ fill: #ffffff; color: #ffffff }#jtg-20166 .modula-item .jtg-social svg, .lightbox-socials.jtg-social svg { height: 16px; width: 16px }#jtg-20166 .modula-item .jtg-social-mobile svg { height: 16px; width: 16px }#jtg-20166 .modula-item .jtg-social a:not(:last-child), .lightbox-socials.jtg-social a:not(:last-child) { margin-right: 10px }#jtg-20166 .modula-item .jtg-social-mobile .jtg-social-mobile-icons a:not(:last-child){ margin-right: 10px }#jtg-20166 .modula-item .figc {color:#ffffff;}#jtg-20166 .modula-item .modula-item-content { transform: scale(1) }#jtg-20166 .modula-items .figc p.description { font-size:14px; }#jtg-20166 .modula-items .figc p.description { color:#ffffff;}#jtg-20166.modula-gallery .modula-item > a, #jtg-20166.modula-gallery .modula-item, #jtg-20166.modula-gallery .modula-item-content > a:not(.modula-no-follow) { cursor:zoom-in; } #jtg-20166.modula-gallery .modula-item-content .modula-no-follow { cursor: default; } @media screen and (max-width:480px){#jtg-20166 .modula-item .figc .jtg-title {  font-size: 12px; }#jtg-20166 .modula-items .figc p.description { color:#ffffff;font-size:10px; }}#jtg-20166 .modula-items .modula-item:hover img{opacity:1;}<\/style>\n<div  id=\"jtg-20166\" class=\"modula modula-gallery modula-custom-grid\" data-config=\"{&quot;height&quot;:800,&quot;tabletHeight&quot;:800,&quot;mobileHeight&quot;:800,&quot;desktopHeight&quot;:800,&quot;enableTwitter&quot;:true,&quot;enableWhatsapp&quot;:false,&quot;enableFacebook&quot;:true,&quot;enablePinterest&quot;:true,&quot;enableLinkedin&quot;:true,&quot;enableEmail&quot;:false,&quot;randomFactor&quot;:0.5,&quot;type&quot;:&quot;custom-grid&quot;,&quot;columns&quot;:12,&quot;gutter&quot;:0,&quot;mobileGutter&quot;:0,&quot;tabletGutter&quot;:0,&quot;desktopGutter&quot;:0,&quot;enableResponsive&quot;:&quot;1&quot;,&quot;tabletColumns&quot;:&quot;2&quot;,&quot;mobileColumns&quot;:&quot;1&quot;,&quot;lazyLoad&quot;:&quot;0&quot;,&quot;lightboxOpts&quot;:{&quot;animated&quot;:true,&quot;Thumbs&quot;:{&quot;type&quot;:&quot;modern&quot;,&quot;showOnStart&quot;:false},&quot;Toolbar&quot;:{&quot;display&quot;:{&quot;right&quot;:[&quot;close&quot;]},&quot;enabled&quot;:true},&quot;Carousel&quot;:{&quot;Panzoom&quot;:{&quot;touch&quot;:false},&quot;infinite&quot;:false},&quot;keyboard&quot;:{&quot;Escape&quot;:&quot;close&quot;,&quot;Delete&quot;:&quot;close&quot;,&quot;Backspace&quot;:&quot;close&quot;,&quot;PageUp&quot;:false,&quot;PageDown&quot;:false,&quot;ArrowUp&quot;:false,&quot;ArrowDown&quot;:false,&quot;ArrowRight&quot;:false,&quot;ArrowLeft&quot;:false},&quot;touch&quot;:false,&quot;backdropClick&quot;:false,&quot;l10n&quot;:{&quot;CLOSE&quot;:&quot;Close&quot;,&quot;NEXT&quot;:&quot;Next&quot;,&quot;PREV&quot;:&quot;Previous&quot;,&quot;Error&quot;:&quot;The requested content cannot be loaded. Please try again later.&quot;,&quot;PLAY_START&quot;:&quot;Start slideshow&quot;,&quot;PLAY_STOP&quot;:&quot;Pause slideshow&quot;,&quot;FULL_SCREEN&quot;:&quot;Full screen&quot;,&quot;THUMBS&quot;:&quot;Thumbnails&quot;,&quot;DOWNLOAD&quot;:&quot;Download&quot;,&quot;SHARE&quot;:&quot;Share&quot;,&quot;ZOOM&quot;:&quot;Zoom&quot;,&quot;EMAIL&quot;:&quot;Here is the link to the image : %%image_link%% and this is the link to the gallery : %%gallery_link%%&quot;,&quot;MODAL&quot;:&quot;You can close this modal content with the ESC key&quot;,&quot;ERROR&quot;:&quot;Something Went Wrong, Please Try Again Later&quot;,&quot;IMAGE_ERROR&quot;:&quot;Image Not Found&quot;,&quot;ELEMENT_NOT_FOUND&quot;:&quot;HTML Element Not Found&quot;,&quot;AJAX_NOT_FOUND&quot;:&quot;Error Loading AJAX : Not Found&quot;,&quot;AJAX_FORBIDDEN&quot;:&quot;Error Loading AJAX : Forbidden&quot;,&quot;IFRAME_ERROR&quot;:&quot;Error Loading Page&quot;,&quot;TOGGLE_ZOOM&quot;:&quot;Toggle zoom level&quot;,&quot;TOGGLE_THUMBS&quot;:&quot;Toggle thumbnails&quot;,&quot;TOGGLE_SLIDESHOW&quot;:&quot;Toggle slideshow&quot;,&quot;TOGGLE_FULLSCREEN&quot;:&quot;Toggle full-screen mode&quot;},&quot;Images&quot;:{&quot;Panzoom&quot;:{&quot;maxScale&quot;:2}},&quot;mainClass&quot;:&quot;modula-fancybox-container modula-lightbox-jtg-20166&quot;,&quot;Html&quot;:{&quot;videoAutoplay&quot;:0,&quot;videoTpl&quot;:&quot;&lt;video class=\\&quot;fancybox__html5video\\&quot; controls muted playsinline controlsList controlsList=\\&quot;nodownload\\&quot; poster=\\&quot;{{poster}}\\&quot; src=\\&quot;{{src}}\\&quot; type=\\&quot;{{format}}\\&quot; &gt;  Sorry, your browser doesn&#039;t support embedded videos, &lt;a href=\\&quot;{{src}}\\&quot;&gt; download &lt;\\\/a&gt; and watch with your favorite video player! &lt;\\\/video&gt;&quot;}},&quot;inView&quot;:false,&quot;email_subject&quot;:&quot;Check out this awesome image !!&quot;,&quot;email_message&quot;:&quot;Here is the link to the image : %%image_link%% and this is the link to the gallery : %%gallery_link%%&quot;,&quot;lightbox&quot;:&quot;fancybox&quot;}\">\n\n\t\n\t<div  class=\"modula-items\">\n\t\t<div class=\"modula-item\" data-width=\"7\" data-height=\"7\" >\n\t<div class=\"modula-item-content\">\n\t\t\n\t\t\t\t\t<a data-image-id=\"21269\" tabindex=\"0\" rel=\"jtg-20166\" data-caption=\"\" aria-label=\"Open image in lightbox\" role=\"button\" class=\"tile-inner modula-item-link\"><\/a>\n\t\t\n\t\t<img loading=\"lazy\" decoding=\"async\" class=\"pic wp-image-21269\"  data-valign=\"middle\" data-halign=\"center\" alt=\"\" data-full=\"https:\/\/www.santjosep.net\/wp-content\/uploads\/2020\/01\/P0520061-1.jpg\" title=\"P0520061\" width=\"1900\" height=\"1428\" src=\"https:\/\/www.santjosep.net\/wp-content\/uploads\/2020\/01\/P0520061-1.jpg\" data-src=\"https:\/\/www.santjosep.net\/wp-content\/uploads\/2020\/01\/P0520061-1.jpg\" data-caption=\"\" srcset=\"https:\/\/www.santjosep.net\/wp-content\/uploads\/2020\/01\/P0520061-1.jpg 1900w, https:\/\/www.santjosep.net\/wp-content\/uploads\/2020\/01\/P0520061-1-300x225.jpg 300w, https:\/\/www.santjosep.net\/wp-content\/uploads\/2020\/01\/P0520061-1-1024x770.jpg 1024w, https:\/\/www.santjosep.net\/wp-content\/uploads\/2020\/01\/P0520061-1-768x577.jpg 768w, https:\/\/www.santjosep.net\/wp-content\/uploads\/2020\/01\/P0520061-1-1536x1154.jpg 1536w, https:\/\/www.santjosep.net\/wp-content\/uploads\/2020\/01\/P0520061-1-800x600.jpg 800w\" sizes=\"auto, (max-width: 1900px) 100vw, 1900px\" \/>\n\t<\/div>\n\n<\/div><div class=\"modula-item\" data-width=\"5\" data-height=\"7\" >\n\t<div class=\"modula-item-content\">\n\t\t\n\t\t\t\t\t<a data-image-id=\"20202\" tabindex=\"0\" rel=\"jtg-20166\" data-caption=\"\" aria-label=\"Open image in lightbox\" role=\"button\" class=\"tile-inner modula-item-link\"><\/a>\n\t\t\n\t\t<img loading=\"lazy\" decoding=\"async\" class=\"pic wp-image-20202\"  data-valign=\"middle\" data-halign=\"center\" alt=\"\" data-full=\"https:\/\/www.santjosep.net\/wp-content\/uploads\/2020\/01\/0630072.jpg\" title=\"0630072\" width=\"1500\" height=\"1127\" src=\"https:\/\/www.santjosep.net\/wp-content\/uploads\/2020\/01\/0630072.jpg\" data-src=\"https:\/\/www.santjosep.net\/wp-content\/uploads\/2020\/01\/0630072.jpg\" data-caption=\"\" srcset=\"https:\/\/www.santjosep.net\/wp-content\/uploads\/2020\/01\/0630072.jpg 1500w, https:\/\/www.santjosep.net\/wp-content\/uploads\/2020\/01\/0630072-300x225.jpg 300w, https:\/\/www.santjosep.net\/wp-content\/uploads\/2020\/01\/0630072-1024x769.jpg 1024w, https:\/\/www.santjosep.net\/wp-content\/uploads\/2020\/01\/0630072-768x577.jpg 768w, https:\/\/www.santjosep.net\/wp-content\/uploads\/2020\/01\/0630072-800x600.jpg 800w\" sizes=\"auto, (max-width: 1500px) 100vw, 1500px\" \/>\n\t<\/div>\n\n<\/div><div class=\"modula-item\" data-width=\"12\" data-height=\"6\" >\n\t<div class=\"modula-item-content\">\n\t\t\n\t\t\t\t\t<a data-image-id=\"20207\" tabindex=\"0\" rel=\"jtg-20166\" data-caption=\"\" aria-label=\"Open image in lightbox\" role=\"button\" class=\"tile-inner modula-item-link\"><\/a>\n\t\t\n\t\t<img loading=\"lazy\" decoding=\"async\" class=\"pic wp-image-20207\"  data-valign=\"middle\" data-halign=\"center\" alt=\"\" data-full=\"https:\/\/www.santjosep.net\/wp-content\/uploads\/2020\/01\/1109147.jpg\" title=\"1109147\" width=\"1500\" height=\"1125\" src=\"https:\/\/www.santjosep.net\/wp-content\/uploads\/2020\/01\/1109147.jpg\" data-src=\"https:\/\/www.santjosep.net\/wp-content\/uploads\/2020\/01\/1109147.jpg\" data-caption=\"\" srcset=\"https:\/\/www.santjosep.net\/wp-content\/uploads\/2020\/01\/1109147.jpg 1500w, https:\/\/www.santjosep.net\/wp-content\/uploads\/2020\/01\/1109147-300x225.jpg 300w, https:\/\/www.santjosep.net\/wp-content\/uploads\/2020\/01\/1109147-1024x768.jpg 1024w, https:\/\/www.santjosep.net\/wp-content\/uploads\/2020\/01\/1109147-768x576.jpg 768w, https:\/\/www.santjosep.net\/wp-content\/uploads\/2020\/01\/1109147-800x600.jpg 800w\" sizes=\"auto, (max-width: 1500px) 100vw, 1500px\" \/>\n\t<\/div>\n\n<\/div>\t\t\n\t<\/div>\n\n\t\n\t\n\t<script type=\"application\/ld+json\">\n\t{\n\t\t\"@context\": \"http:\/\/schema.org\",\n\t\t\"@type\"   : \"ImageGallery\",\n\t\t\"id\"      : \"https:\/\/www.santjosep.net\/de\/die-schoensten-panoramablicke-in-sant-josep\/\",\n\t\t\"url\"     : \"https:\/\/www.santjosep.net\/de\/die-schoensten-panoramablicke-in-sant-josep\/\"\n\t}\n\n\t<\/script>\n\n\t\n<\/div>\n\n<p>&nbsp;<\/p>\n<h2>Sa Capelleta d\u2019en Serra<\/h2>\n<p>Von der Gegend um Benimussa, direkt neben der gleichnamigen Stra\u00dfe, f\u00fchrt ein ausgeschilderter Weg an einen weiteren ganz besonderen Ort: Sa Capelleta d\u2019en Serra. Beim Aufstieg sehen wir, wie sich nach und nach der Horizont vor uns auftut. Nach einem allerletzten Aufstieg \u00fcber eine Felsentreppe gelangen wir zu der kleinen Kapelle. Von dort aus hat man nach S\u00fcden hin einen unglaublichen Panoramablick \u00fcber die gr\u00fcnen Felder und weitl\u00e4ufigen W\u00e4lder, die sich bis zum Meer erstrecken. Gut zu erkennen sind auch die symmetrisch angelegten Salzteiche und eine feine Linie aus Kieselsteinen, die die Teiche vom Meer trennt: der Strand von Es Codolar. Am \u00e4u\u00dfersten Ende des Strandes von Ses Salines k\u00f6nnen wir den Wachtturm Torre de Ses Portes erkennen, dahinter die Inseln in der Meerenge Es Freus und die weite Silhouette von Formentera, die sich \u00fcber den Horizont spannt. Wenn wir uns nach Sant Josep wenden, k\u00f6nnen wir den Ortskern und den Gipfel Sa Talaia erkennen. Dahinter liegen landwirtschaftliche Felder, die sich mit dichten W\u00e4ldern abwechseln &#8211; die  ganze Sch\u00f6nheit des l\u00e4ndlichen Ibizas.<\/p>\n<style>#jtg-20167 .modula-item .jtg-social a, .lightbox-socials.jtg-social a{ fill: #ffffff; color: #ffffff }#jtg-20167 .modula-item .jtg-social-mobile a{ fill: #ffffff; color: #ffffff }#jtg-20167 .modula-item .jtg-social svg, .lightbox-socials.jtg-social svg { height: 16px; width: 16px }#jtg-20167 .modula-item .jtg-social-mobile svg { height: 16px; width: 16px }#jtg-20167 .modula-item .jtg-social a:not(:last-child), .lightbox-socials.jtg-social a:not(:last-child) { margin-right: 10px }#jtg-20167 .modula-item .jtg-social-mobile .jtg-social-mobile-icons a:not(:last-child){ margin-right: 10px }#jtg-20167 .modula-item .figc {color:#ffffff;}#jtg-20167 .modula-item .modula-item-content { transform: scale(1) }#jtg-20167 .modula-items .figc p.description { font-size:14px; }#jtg-20167 .modula-items .figc p.description { color:#ffffff;}#jtg-20167.modula-gallery .modula-item > a, #jtg-20167.modula-gallery .modula-item, #jtg-20167.modula-gallery .modula-item-content > a:not(.modula-no-follow) { cursor:zoom-in; } #jtg-20167.modula-gallery .modula-item-content .modula-no-follow { cursor: default; } @media screen and (max-width:480px){#jtg-20167 .modula-item .figc .jtg-title {  font-size: 12px; }#jtg-20167 .modula-items .figc p.description { color:#ffffff;font-size:10px; }}#jtg-20167 .modula-items .modula-item:hover img{opacity:1;}<\/style>\n<div  id=\"jtg-20167\" class=\"modula modula-gallery modula-custom-grid\" data-config=\"{&quot;height&quot;:800,&quot;tabletHeight&quot;:800,&quot;mobileHeight&quot;:800,&quot;desktopHeight&quot;:800,&quot;enableTwitter&quot;:true,&quot;enableWhatsapp&quot;:false,&quot;enableFacebook&quot;:true,&quot;enablePinterest&quot;:true,&quot;enableLinkedin&quot;:true,&quot;enableEmail&quot;:false,&quot;randomFactor&quot;:0.5,&quot;type&quot;:&quot;custom-grid&quot;,&quot;columns&quot;:12,&quot;gutter&quot;:0,&quot;mobileGutter&quot;:0,&quot;tabletGutter&quot;:0,&quot;desktopGutter&quot;:0,&quot;enableResponsive&quot;:&quot;1&quot;,&quot;tabletColumns&quot;:&quot;2&quot;,&quot;mobileColumns&quot;:&quot;1&quot;,&quot;lazyLoad&quot;:&quot;0&quot;,&quot;lightboxOpts&quot;:{&quot;animated&quot;:true,&quot;Thumbs&quot;:{&quot;type&quot;:&quot;modern&quot;,&quot;showOnStart&quot;:false},&quot;Toolbar&quot;:{&quot;display&quot;:{&quot;right&quot;:[&quot;close&quot;]},&quot;enabled&quot;:true},&quot;Carousel&quot;:{&quot;Panzoom&quot;:{&quot;touch&quot;:false},&quot;infinite&quot;:false},&quot;keyboard&quot;:{&quot;Escape&quot;:&quot;close&quot;,&quot;Delete&quot;:&quot;close&quot;,&quot;Backspace&quot;:&quot;close&quot;,&quot;PageUp&quot;:false,&quot;PageDown&quot;:false,&quot;ArrowUp&quot;:false,&quot;ArrowDown&quot;:false,&quot;ArrowRight&quot;:false,&quot;ArrowLeft&quot;:false},&quot;touch&quot;:false,&quot;backdropClick&quot;:false,&quot;l10n&quot;:{&quot;CLOSE&quot;:&quot;Close&quot;,&quot;NEXT&quot;:&quot;Next&quot;,&quot;PREV&quot;:&quot;Previous&quot;,&quot;Error&quot;:&quot;The requested content cannot be loaded. Please try again later.&quot;,&quot;PLAY_START&quot;:&quot;Start slideshow&quot;,&quot;PLAY_STOP&quot;:&quot;Pause slideshow&quot;,&quot;FULL_SCREEN&quot;:&quot;Full screen&quot;,&quot;THUMBS&quot;:&quot;Thumbnails&quot;,&quot;DOWNLOAD&quot;:&quot;Download&quot;,&quot;SHARE&quot;:&quot;Share&quot;,&quot;ZOOM&quot;:&quot;Zoom&quot;,&quot;EMAIL&quot;:&quot;Here is the link to the image : %%image_link%% and this is the link to the gallery : %%gallery_link%%&quot;,&quot;MODAL&quot;:&quot;You can close this modal content with the ESC key&quot;,&quot;ERROR&quot;:&quot;Something Went Wrong, Please Try Again Later&quot;,&quot;IMAGE_ERROR&quot;:&quot;Image Not Found&quot;,&quot;ELEMENT_NOT_FOUND&quot;:&quot;HTML Element Not Found&quot;,&quot;AJAX_NOT_FOUND&quot;:&quot;Error Loading AJAX : Not Found&quot;,&quot;AJAX_FORBIDDEN&quot;:&quot;Error Loading AJAX : Forbidden&quot;,&quot;IFRAME_ERROR&quot;:&quot;Error Loading Page&quot;,&quot;TOGGLE_ZOOM&quot;:&quot;Toggle zoom level&quot;,&quot;TOGGLE_THUMBS&quot;:&quot;Toggle thumbnails&quot;,&quot;TOGGLE_SLIDESHOW&quot;:&quot;Toggle slideshow&quot;,&quot;TOGGLE_FULLSCREEN&quot;:&quot;Toggle full-screen mode&quot;},&quot;Images&quot;:{&quot;Panzoom&quot;:{&quot;maxScale&quot;:2}},&quot;mainClass&quot;:&quot;modula-fancybox-container modula-lightbox-jtg-20167&quot;,&quot;Html&quot;:{&quot;videoAutoplay&quot;:0,&quot;videoTpl&quot;:&quot;&lt;video class=\\&quot;fancybox__html5video\\&quot; controls muted playsinline controlsList controlsList=\\&quot;nodownload\\&quot; poster=\\&quot;{{poster}}\\&quot; src=\\&quot;{{src}}\\&quot; type=\\&quot;{{format}}\\&quot; &gt;  Sorry, your browser doesn&#039;t support embedded videos, &lt;a href=\\&quot;{{src}}\\&quot;&gt; download &lt;\\\/a&gt; and watch with your favorite video player! &lt;\\\/video&gt;&quot;}},&quot;inView&quot;:false,&quot;email_subject&quot;:&quot;Check out this awesome image !!&quot;,&quot;email_message&quot;:&quot;Here is the link to the image : %%image_link%% and this is the link to the gallery : %%gallery_link%%&quot;,&quot;lightbox&quot;:&quot;fancybox&quot;}\">\n\n\t\n\t<div  class=\"modula-items\">\n\t\t<div class=\"modula-item\" data-width=\"7\" data-height=\"6\" >\n\t<div class=\"modula-item-content\">\n\t\t\n\t\t\t\t\t<a data-image-id=\"20218\" tabindex=\"0\" rel=\"jtg-20167\" data-caption=\"\" aria-label=\"Open image in lightbox\" role=\"button\" class=\"tile-inner modula-item-link\"><\/a>\n\t\t\n\t\t<img loading=\"lazy\" decoding=\"async\" class=\"pic wp-image-20218\"  data-valign=\"middle\" data-halign=\"center\" alt=\"\" data-full=\"https:\/\/www.santjosep.net\/wp-content\/uploads\/2020\/01\/DJI_0011.jpg\" title=\"DJI_0011\" width=\"1500\" height=\"1124\" src=\"https:\/\/www.santjosep.net\/wp-content\/uploads\/2020\/01\/DJI_0011.jpg\" data-src=\"https:\/\/www.santjosep.net\/wp-content\/uploads\/2020\/01\/DJI_0011.jpg\" data-caption=\"\" srcset=\"https:\/\/www.santjosep.net\/wp-content\/uploads\/2020\/01\/DJI_0011.jpg 1500w, https:\/\/www.santjosep.net\/wp-content\/uploads\/2020\/01\/DJI_0011-300x225.jpg 300w, https:\/\/www.santjosep.net\/wp-content\/uploads\/2020\/01\/DJI_0011-1024x767.jpg 1024w, https:\/\/www.santjosep.net\/wp-content\/uploads\/2020\/01\/DJI_0011-768x575.jpg 768w, https:\/\/www.santjosep.net\/wp-content\/uploads\/2020\/01\/DJI_0011-800x600.jpg 800w\" sizes=\"auto, (max-width: 1500px) 100vw, 1500px\" \/>\n\t<\/div>\n\n<\/div><div class=\"modula-item\" data-width=\"5\" data-height=\"4\" >\n\t<div class=\"modula-item-content\">\n\t\t\n\t\t\t\t\t<a data-image-id=\"20213\" tabindex=\"0\" rel=\"jtg-20167\" data-caption=\"\" aria-label=\"Open image in lightbox\" role=\"button\" class=\"tile-inner modula-item-link\"><\/a>\n\t\t\n\t\t<img loading=\"lazy\" decoding=\"async\" class=\"pic wp-image-20213\"  data-valign=\"middle\" data-halign=\"center\" alt=\"\" data-full=\"https:\/\/www.santjosep.net\/wp-content\/uploads\/2020\/01\/1140320.jpg\" title=\"1140320\" width=\"1500\" height=\"1125\" src=\"https:\/\/www.santjosep.net\/wp-content\/uploads\/2020\/01\/1140320.jpg\" data-src=\"https:\/\/www.santjosep.net\/wp-content\/uploads\/2020\/01\/1140320.jpg\" data-caption=\"\" srcset=\"https:\/\/www.santjosep.net\/wp-content\/uploads\/2020\/01\/1140320.jpg 1500w, https:\/\/www.santjosep.net\/wp-content\/uploads\/2020\/01\/1140320-300x225.jpg 300w, https:\/\/www.santjosep.net\/wp-content\/uploads\/2020\/01\/1140320-1024x768.jpg 1024w, https:\/\/www.santjosep.net\/wp-content\/uploads\/2020\/01\/1140320-768x576.jpg 768w, https:\/\/www.santjosep.net\/wp-content\/uploads\/2020\/01\/1140320-800x600.jpg 800w\" sizes=\"auto, (max-width: 1500px) 100vw, 1500px\" \/>\n\t<\/div>\n\n<\/div><div class=\"modula-item\" data-width=\"5\" data-height=\"7\" >\n\t<div class=\"modula-item-content\">\n\t\t\n\t\t\t\t\t<a data-image-id=\"20223\" tabindex=\"0\" rel=\"jtg-20167\" data-caption=\"\" aria-label=\"Open image in lightbox\" role=\"button\" class=\"tile-inner modula-item-link\"><\/a>\n\t\t\n\t\t<img loading=\"lazy\" decoding=\"async\" class=\"pic wp-image-20223\"  data-valign=\"middle\" data-halign=\"center\" alt=\"\" data-full=\"https:\/\/www.santjosep.net\/wp-content\/uploads\/2020\/01\/1140290.jpg\" title=\"1140290\" width=\"1500\" height=\"1125\" src=\"https:\/\/www.santjosep.net\/wp-content\/uploads\/2020\/01\/1140290.jpg\" data-src=\"https:\/\/www.santjosep.net\/wp-content\/uploads\/2020\/01\/1140290.jpg\" data-caption=\"\" srcset=\"https:\/\/www.santjosep.net\/wp-content\/uploads\/2020\/01\/1140290.jpg 1500w, https:\/\/www.santjosep.net\/wp-content\/uploads\/2020\/01\/1140290-300x225.jpg 300w, https:\/\/www.santjosep.net\/wp-content\/uploads\/2020\/01\/1140290-1024x768.jpg 1024w, https:\/\/www.santjosep.net\/wp-content\/uploads\/2020\/01\/1140290-768x576.jpg 768w, https:\/\/www.santjosep.net\/wp-content\/uploads\/2020\/01\/1140290-800x600.jpg 800w\" sizes=\"auto, (max-width: 1500px) 100vw, 1500px\" \/>\n\t<\/div>\n\n<\/div><div class=\"modula-item\" data-width=\"7\" data-height=\"5\" >\n\t<div class=\"modula-item-content\">\n\t\t\n\t\t\t\t\t<a data-image-id=\"20233\" tabindex=\"0\" rel=\"jtg-20167\" data-caption=\"\" aria-label=\"Open image in lightbox\" role=\"button\" class=\"tile-inner modula-item-link\"><\/a>\n\t\t\n\t\t<img loading=\"lazy\" decoding=\"async\" class=\"pic wp-image-20233\"  data-valign=\"middle\" data-halign=\"center\" alt=\"\" data-full=\"https:\/\/www.santjosep.net\/wp-content\/uploads\/2020\/01\/DJI_0006.jpg\" title=\"DJI_0006\" width=\"1500\" height=\"1124\" src=\"https:\/\/www.santjosep.net\/wp-content\/uploads\/2020\/01\/DJI_0006.jpg\" data-src=\"https:\/\/www.santjosep.net\/wp-content\/uploads\/2020\/01\/DJI_0006.jpg\" data-caption=\"\" srcset=\"https:\/\/www.santjosep.net\/wp-content\/uploads\/2020\/01\/DJI_0006.jpg 1500w, https:\/\/www.santjosep.net\/wp-content\/uploads\/2020\/01\/DJI_0006-300x225.jpg 300w, https:\/\/www.santjosep.net\/wp-content\/uploads\/2020\/01\/DJI_0006-1024x767.jpg 1024w, https:\/\/www.santjosep.net\/wp-content\/uploads\/2020\/01\/DJI_0006-768x575.jpg 768w, https:\/\/www.santjosep.net\/wp-content\/uploads\/2020\/01\/DJI_0006-800x600.jpg 800w\" sizes=\"auto, (max-width: 1500px) 100vw, 1500px\" \/>\n\t<\/div>\n\n<\/div>\t\t\n\t<\/div>\n\n\t\n\t\n\t<script type=\"application\/ld+json\">\n\t{\n\t\t\"@context\": \"http:\/\/schema.org\",\n\t\t\"@type\"   : \"ImageGallery\",\n\t\t\"id\"      : \"https:\/\/www.santjosep.net\/de\/die-schoensten-panoramablicke-in-sant-josep\/\",\n\t\t\"url\"     : \"https:\/\/www.santjosep.net\/de\/die-schoensten-panoramablicke-in-sant-josep\/\"\n\t}\n\n\t<\/script>\n\n\t\n<\/div>\n\n","protected":false},"excerpt":{"rendered":"<p>Auf seinen 154 km\u00b2 vereint Sant Josep de sa Talaia bet\u00f6rend sch\u00f6ne Landschaften, 32 Str\u00e4nde und mehr als 80 km K\u00fcstenlinie. Jahr f\u00fcr Jahr lockt die gr\u00f6\u00dfte Gemeinde der Insel tausende Besucher an, die auf der Suche nach Idylle, W\u00e4ldern, [&hellip;]<\/p>\n","protected":false},"author":1,"featured_media":21594,"comment_status":"open","ping_status":"open","sticky":false,"template":"","format":"standard","meta":{"_acf_changed":false,"inline_featured_image":false,"footnotes":""},"categories":[154,157],"tags":[],"class_list":["post-20388","post","type-post","status-publish","format-standard","has-post-thumbnail","hentry","category-fahrten","category-landstrich"],"acf":[],"geo":null,"yoast_head":"<!-- This site is optimized with the Yoast SEO plugin v25.7 - https:\/\/yoast.com\/wordpress\/plugins\/seo\/ -->\n<title>Die sch\u00f6nsten Panoramablicke in Sant Josep - Santjosep.net<\/title>\n<meta name=\"robots\" content=\"index, follow, max-snippet:-1, max-image-preview:large, max-video-preview:-1\" \/>\n<link rel=\"canonical\" href=\"https:\/\/www.santjosep.net\/de\/die-schoensten-panoramablicke-in-sant-josep\/\" \/>\n<meta property=\"og:locale\" content=\"de_DE\" \/>\n<meta property=\"og:type\" content=\"article\" \/>\n<meta property=\"og:title\" content=\"Die sch\u00f6nsten Panoramablicke in Sant Josep - Santjosep.net\" \/>\n<meta property=\"og:description\" content=\"Auf seinen 154 km\u00b2 vereint Sant Josep de sa Talaia bet\u00f6rend sch\u00f6ne Landschaften, 32 Str\u00e4nde und mehr als 80 km K\u00fcstenlinie. Jahr f\u00fcr Jahr lockt die gr\u00f6\u00dfte Gemeinde der Insel tausende Besucher an, die auf der Suche nach Idylle, W\u00e4ldern, [&hellip;]\" \/>\n<meta property=\"og:url\" content=\"https:\/\/www.santjosep.net\/de\/die-schoensten-panoramablicke-in-sant-josep\/\" \/>\n<meta property=\"og:site_name\" content=\"Santjosep.net\" \/>\n<meta property=\"article:published_time\" content=\"2019-12-22T15:59:37+00:00\" \/>\n<meta property=\"article:modified_time\" content=\"2020-01-22T16:51:11+00:00\" \/>\n<meta property=\"og:image\" content=\"https:\/\/www.santjosep.net\/wp-content\/uploads\/2019\/12\/cover_blog.jpg\" \/>\n\t<meta property=\"og:image:width\" content=\"890\" \/>\n\t<meta property=\"og:image:height\" content=\"667\" \/>\n\t<meta property=\"og:image:type\" content=\"image\/jpeg\" \/>\n<meta name=\"author\" content=\"Sant Josep\" \/>\n<meta name=\"twitter:card\" content=\"summary_large_image\" \/>\n<meta name=\"twitter:label1\" content=\"Verfasst von\" \/>\n\t<meta name=\"twitter:data1\" content=\"Sant Josep\" \/>\n\t<meta name=\"twitter:label2\" content=\"Gesch\u00e4tzte Lesezeit\" \/>\n\t<meta name=\"twitter:data2\" content=\"4\u00a0Minuten\" \/>\n<script type=\"application\/ld+json\" class=\"yoast-schema-graph\">{\"@context\":\"https:\/\/schema.org\",\"@graph\":[{\"@type\":\"WebPage\",\"@id\":\"https:\/\/www.santjosep.net\/de\/die-schoensten-panoramablicke-in-sant-josep\/\",\"url\":\"https:\/\/www.santjosep.net\/de\/die-schoensten-panoramablicke-in-sant-josep\/\",\"name\":\"Die sch\u00f6nsten Panoramablicke in Sant Josep - Santjosep.net\",\"isPartOf\":{\"@id\":\"https:\/\/www.santjosep.net\/#website\"},\"primaryImageOfPage\":{\"@id\":\"https:\/\/www.santjosep.net\/de\/die-schoensten-panoramablicke-in-sant-josep\/#primaryimage\"},\"image\":{\"@id\":\"https:\/\/www.santjosep.net\/de\/die-schoensten-panoramablicke-in-sant-josep\/#primaryimage\"},\"thumbnailUrl\":\"https:\/\/www.santjosep.net\/wp-content\/uploads\/2019\/12\/cover_blog.jpg\",\"datePublished\":\"2019-12-22T15:59:37+00:00\",\"dateModified\":\"2020-01-22T16:51:11+00:00\",\"author\":{\"@id\":\"https:\/\/www.santjosep.net\/#\/schema\/person\/b60e56f94e4e55776eb62bf4293f99b6\"},\"inLanguage\":\"de\",\"potentialAction\":[{\"@type\":\"ReadAction\",\"target\":[\"https:\/\/www.santjosep.net\/de\/die-schoensten-panoramablicke-in-sant-josep\/\"]}]},{\"@type\":\"ImageObject\",\"inLanguage\":\"de\",\"@id\":\"https:\/\/www.santjosep.net\/de\/die-schoensten-panoramablicke-in-sant-josep\/#primaryimage\",\"url\":\"https:\/\/www.santjosep.net\/wp-content\/uploads\/2019\/12\/cover_blog.jpg\",\"contentUrl\":\"https:\/\/www.santjosep.net\/wp-content\/uploads\/2019\/12\/cover_blog.jpg\",\"width\":890,\"height\":667},{\"@type\":\"WebSite\",\"@id\":\"https:\/\/www.santjosep.net\/#website\",\"url\":\"https:\/\/www.santjosep.net\/\",\"name\":\"Santjosep.net\",\"description\":\"\",\"potentialAction\":[{\"@type\":\"SearchAction\",\"target\":{\"@type\":\"EntryPoint\",\"urlTemplate\":\"https:\/\/www.santjosep.net\/?s={search_term_string}\"},\"query-input\":{\"@type\":\"PropertyValueSpecification\",\"valueRequired\":true,\"valueName\":\"search_term_string\"}}],\"inLanguage\":\"de\"},{\"@type\":\"Person\",\"@id\":\"https:\/\/www.santjosep.net\/#\/schema\/person\/b60e56f94e4e55776eb62bf4293f99b6\",\"name\":\"Sant Josep\",\"image\":{\"@type\":\"ImageObject\",\"inLanguage\":\"de\",\"@id\":\"https:\/\/www.santjosep.net\/#\/schema\/person\/image\/\",\"url\":\"https:\/\/secure.gravatar.com\/avatar\/2f4071817a97d2499c5aae9674ee15015b5a3c7c0974ca84f095a8e4aadcda56?s=96&d=mm&r=g\",\"contentUrl\":\"https:\/\/secure.gravatar.com\/avatar\/2f4071817a97d2499c5aae9674ee15015b5a3c7c0974ca84f095a8e4aadcda56?s=96&d=mm&r=g\",\"caption\":\"Sant Josep\"},\"url\":\"https:\/\/www.santjosep.net\/de\/author\/fugrafic\/\"}]}<\/script>\n<!-- \/ Yoast SEO plugin. -->","yoast_head_json":{"title":"Die sch\u00f6nsten Panoramablicke in Sant Josep - Santjosep.net","robots":{"index":"index","follow":"follow","max-snippet":"max-snippet:-1","max-image-preview":"max-image-preview:large","max-video-preview":"max-video-preview:-1"},"canonical":"https:\/\/www.santjosep.net\/de\/die-schoensten-panoramablicke-in-sant-josep\/","og_locale":"de_DE","og_type":"article","og_title":"Die sch\u00f6nsten Panoramablicke in Sant Josep - Santjosep.net","og_description":"Auf seinen 154 km\u00b2 vereint Sant Josep de sa Talaia bet\u00f6rend sch\u00f6ne Landschaften, 32 Str\u00e4nde und mehr als 80 km K\u00fcstenlinie. Jahr f\u00fcr Jahr lockt die gr\u00f6\u00dfte Gemeinde der Insel tausende Besucher an, die auf der Suche nach Idylle, W\u00e4ldern, [&hellip;]","og_url":"https:\/\/www.santjosep.net\/de\/die-schoensten-panoramablicke-in-sant-josep\/","og_site_name":"Santjosep.net","article_published_time":"2019-12-22T15:59:37+00:00","article_modified_time":"2020-01-22T16:51:11+00:00","og_image":[{"width":890,"height":667,"url":"https:\/\/www.santjosep.net\/wp-content\/uploads\/2019\/12\/cover_blog.jpg","type":"image\/jpeg"}],"author":"Sant Josep","twitter_card":"summary_large_image","twitter_misc":{"Verfasst von":"Sant Josep","Gesch\u00e4tzte Lesezeit":"4\u00a0Minuten"},"schema":{"@context":"https:\/\/schema.org","@graph":[{"@type":"WebPage","@id":"https:\/\/www.santjosep.net\/de\/die-schoensten-panoramablicke-in-sant-josep\/","url":"https:\/\/www.santjosep.net\/de\/die-schoensten-panoramablicke-in-sant-josep\/","name":"Die sch\u00f6nsten Panoramablicke in Sant Josep - Santjosep.net","isPartOf":{"@id":"https:\/\/www.santjosep.net\/#website"},"primaryImageOfPage":{"@id":"https:\/\/www.santjosep.net\/de\/die-schoensten-panoramablicke-in-sant-josep\/#primaryimage"},"image":{"@id":"https:\/\/www.santjosep.net\/de\/die-schoensten-panoramablicke-in-sant-josep\/#primaryimage"},"thumbnailUrl":"https:\/\/www.santjosep.net\/wp-content\/uploads\/2019\/12\/cover_blog.jpg","datePublished":"2019-12-22T15:59:37+00:00","dateModified":"2020-01-22T16:51:11+00:00","author":{"@id":"https:\/\/www.santjosep.net\/#\/schema\/person\/b60e56f94e4e55776eb62bf4293f99b6"},"inLanguage":"de","potentialAction":[{"@type":"ReadAction","target":["https:\/\/www.santjosep.net\/de\/die-schoensten-panoramablicke-in-sant-josep\/"]}]},{"@type":"ImageObject","inLanguage":"de","@id":"https:\/\/www.santjosep.net\/de\/die-schoensten-panoramablicke-in-sant-josep\/#primaryimage","url":"https:\/\/www.santjosep.net\/wp-content\/uploads\/2019\/12\/cover_blog.jpg","contentUrl":"https:\/\/www.santjosep.net\/wp-content\/uploads\/2019\/12\/cover_blog.jpg","width":890,"height":667},{"@type":"WebSite","@id":"https:\/\/www.santjosep.net\/#website","url":"https:\/\/www.santjosep.net\/","name":"Santjosep.net","description":"","potentialAction":[{"@type":"SearchAction","target":{"@type":"EntryPoint","urlTemplate":"https:\/\/www.santjosep.net\/?s={search_term_string}"},"query-input":{"@type":"PropertyValueSpecification","valueRequired":true,"valueName":"search_term_string"}}],"inLanguage":"de"},{"@type":"Person","@id":"https:\/\/www.santjosep.net\/#\/schema\/person\/b60e56f94e4e55776eb62bf4293f99b6","name":"Sant Josep","image":{"@type":"ImageObject","inLanguage":"de","@id":"https:\/\/www.santjosep.net\/#\/schema\/person\/image\/","url":"https:\/\/secure.gravatar.com\/avatar\/2f4071817a97d2499c5aae9674ee15015b5a3c7c0974ca84f095a8e4aadcda56?s=96&d=mm&r=g","contentUrl":"https:\/\/secure.gravatar.com\/avatar\/2f4071817a97d2499c5aae9674ee15015b5a3c7c0974ca84f095a8e4aadcda56?s=96&d=mm&r=g","caption":"Sant Josep"},"url":"https:\/\/www.santjosep.net\/de\/author\/fugrafic\/"}]}},"_links":{"self":[{"href":"https:\/\/www.santjosep.net\/de\/wp-json\/wp\/v2\/posts\/20388","targetHints":{"allow":["GET"]}}],"collection":[{"href":"https:\/\/www.santjosep.net\/de\/wp-json\/wp\/v2\/posts"}],"about":[{"href":"https:\/\/www.santjosep.net\/de\/wp-json\/wp\/v2\/types\/post"}],"author":[{"embeddable":true,"href":"https:\/\/www.santjosep.net\/de\/wp-json\/wp\/v2\/users\/1"}],"replies":[{"embeddable":true,"href":"https:\/\/www.santjosep.net\/de\/wp-json\/wp\/v2\/comments?post=20388"}],"version-history":[{"count":0,"href":"https:\/\/www.santjosep.net\/de\/wp-json\/wp\/v2\/posts\/20388\/revisions"}],"wp:featuredmedia":[{"embeddable":true,"href":"https:\/\/www.santjosep.net\/de\/wp-json\/wp\/v2\/media\/21594"}],"wp:attachment":[{"href":"https:\/\/www.santjosep.net\/de\/wp-json\/wp\/v2\/media?parent=20388"}],"wp:term":[{"taxonomy":"category","embeddable":true,"href":"https:\/\/www.santjosep.net\/de\/wp-json\/wp\/v2\/categories?post=20388"},{"taxonomy":"post_tag","embeddable":true,"href":"https:\/\/www.santjosep.net\/de\/wp-json\/wp\/v2\/tags?post=20388"}],"curies":[{"name":"wp","href":"https:\/\/api.w.org\/{rel}","templated":true}]}}