{"id":15534,"date":"2019-08-12T09:12:52","date_gmt":"2019-08-12T09:12:52","guid":{"rendered":"https:\/\/www.santjosep.net\/posta-de-sol-a-platges-de-comte\/"},"modified":"2020-01-24T08:05:46","modified_gmt":"2020-01-24T07:05:46","slug":"sonnenuntergang-in-platges-de-comte","status":"publish","type":"post","link":"https:\/\/www.santjosep.net\/de\/sonnenuntergang-in-platges-de-comte\/","title":{"rendered":"Sonnenuntergang in Platges de Comte"},"content":{"rendered":"<p>Das unglaubliche Panorama macht diesen Strand zu einem der sch\u00f6nsten auf der Insel und damit einen Besuch unerl\u00e4sslich. Die vielen kleinen Ecken laden zum Sonnen und zu einem sicheren Badvergn\u00fcgen ein. Machen Sie einen Spaziergang rings um den Strand herum oder entdecken Sie die wundersch\u00f6ne Unterwasserwelt.Einer der Ber\u00fchmtesten Momente, die man an der K\u00fcste erleben kann, ist der Sonnenuntergang. Im Herbst hinterl\u00e4sst die Sonne beeindruckende Farben, die mit dem Horizont der westlichen Inseln verschmelzen und uns eine wunderbare Aussicht bieten.<\/p>\n","protected":false},"excerpt":{"rendered":"<p>Das unglaubliche Panorama macht diesen Strand zu einem der sch\u00f6nsten auf der Insel und damit einen Besuch unerl\u00e4sslich. Die vielen kleinen Ecken laden zum Sonnen und zu einem sicheren Badvergn\u00fcgen ein. Machen Sie einen Spaziergang rings um den Strand herum [&hellip;]<\/p>\n","protected":false},"author":1,"featured_media":21346,"comment_status":"open","ping_status":"open","sticky":false,"template":"","format":"video","meta":{"_acf_changed":false,"inline_featured_image":false,"footnotes":""},"categories":[156,173],"tags":[],"class_list":["post-15534","post","type-post","status-publish","format-video","has-post-thumbnail","hentry","category-sonnenuntergang","category-straende","post_format-post-format-video"],"acf":[],"geo":null,"yoast_head":"<!-- This site is optimized with the Yoast SEO plugin v25.7 - https:\/\/yoast.com\/wordpress\/plugins\/seo\/ -->\n<title>Sonnenuntergang in Platges de Comte - Santjosep.net<\/title>\n<meta name=\"robots\" content=\"index, follow, max-snippet:-1, max-image-preview:large, max-video-preview:-1\" \/>\n<link rel=\"canonical\" href=\"https:\/\/www.santjosep.net\/de\/sonnenuntergang-in-platges-de-comte\/\" \/>\n<meta property=\"og:locale\" content=\"de_DE\" \/>\n<meta property=\"og:type\" content=\"article\" \/>\n<meta property=\"og:title\" content=\"Sonnenuntergang in Platges de Comte - Santjosep.net\" \/>\n<meta property=\"og:description\" content=\"Das unglaubliche Panorama macht diesen Strand zu einem der sch\u00f6nsten auf der Insel und damit einen Besuch unerl\u00e4sslich. Die vielen kleinen Ecken laden zum Sonnen und zu einem sicheren Badvergn\u00fcgen ein. Machen Sie einen Spaziergang rings um den Strand herum [&hellip;]\" \/>\n<meta property=\"og:url\" content=\"https:\/\/www.santjosep.net\/de\/sonnenuntergang-in-platges-de-comte\/\" \/>\n<meta property=\"og:site_name\" content=\"Santjosep.net\" \/>\n<meta property=\"article:published_time\" content=\"2019-08-12T09:12:52+00:00\" \/>\n<meta property=\"article:modified_time\" content=\"2020-01-24T07:05:46+00:00\" \/>\n<meta property=\"og:image\" content=\"https:\/\/www.santjosep.net\/wp-content\/uploads\/2019\/08\/cover_videos_0009_P1013403.jpg\" \/>\n\t<meta property=\"og:image:width\" content=\"890\" \/>\n\t<meta property=\"og:image:height\" content=\"667\" \/>\n\t<meta property=\"og:image:type\" content=\"image\/jpeg\" \/>\n<meta name=\"author\" content=\"Sant Josep\" \/>\n<meta name=\"twitter:card\" content=\"summary_large_image\" \/>\n<meta name=\"twitter:label1\" content=\"Verfasst von\" \/>\n\t<meta name=\"twitter:data1\" content=\"Sant Josep\" \/>\n<script type=\"application\/ld+json\" class=\"yoast-schema-graph\">{\"@context\":\"https:\/\/schema.org\",\"@graph\":[{\"@type\":\"WebPage\",\"@id\":\"https:\/\/www.santjosep.net\/de\/sonnenuntergang-in-platges-de-comte\/\",\"url\":\"https:\/\/www.santjosep.net\/de\/sonnenuntergang-in-platges-de-comte\/\",\"name\":\"Sonnenuntergang in Platges de Comte - Santjosep.net\",\"isPartOf\":{\"@id\":\"https:\/\/www.santjosep.net\/#website\"},\"primaryImageOfPage\":{\"@id\":\"https:\/\/www.santjosep.net\/de\/sonnenuntergang-in-platges-de-comte\/#primaryimage\"},\"image\":{\"@id\":\"https:\/\/www.santjosep.net\/de\/sonnenuntergang-in-platges-de-comte\/#primaryimage\"},\"thumbnailUrl\":\"https:\/\/www.santjosep.net\/wp-content\/uploads\/2019\/08\/cover_videos_0009_P1013403.jpg\",\"datePublished\":\"2019-08-12T09:12:52+00:00\",\"dateModified\":\"2020-01-24T07:05:46+00:00\",\"author\":{\"@id\":\"https:\/\/www.santjosep.net\/#\/schema\/person\/b60e56f94e4e55776eb62bf4293f99b6\"},\"inLanguage\":\"de\",\"potentialAction\":[{\"@type\":\"ReadAction\",\"target\":[\"https:\/\/www.santjosep.net\/de\/sonnenuntergang-in-platges-de-comte\/\"]}]},{\"@type\":\"ImageObject\",\"inLanguage\":\"de\",\"@id\":\"https:\/\/www.santjosep.net\/de\/sonnenuntergang-in-platges-de-comte\/#primaryimage\",\"url\":\"https:\/\/www.santjosep.net\/wp-content\/uploads\/2019\/08\/cover_videos_0009_P1013403.jpg\",\"contentUrl\":\"https:\/\/www.santjosep.net\/wp-content\/uploads\/2019\/08\/cover_videos_0009_P1013403.jpg\",\"width\":890,\"height\":667},{\"@type\":\"WebSite\",\"@id\":\"https:\/\/www.santjosep.net\/#website\",\"url\":\"https:\/\/www.santjosep.net\/\",\"name\":\"Santjosep.net\",\"description\":\"\",\"potentialAction\":[{\"@type\":\"SearchAction\",\"target\":{\"@type\":\"EntryPoint\",\"urlTemplate\":\"https:\/\/www.santjosep.net\/?s={search_term_string}\"},\"query-input\":{\"@type\":\"PropertyValueSpecification\",\"valueRequired\":true,\"valueName\":\"search_term_string\"}}],\"inLanguage\":\"de\"},{\"@type\":\"Person\",\"@id\":\"https:\/\/www.santjosep.net\/#\/schema\/person\/b60e56f94e4e55776eb62bf4293f99b6\",\"name\":\"Sant Josep\",\"image\":{\"@type\":\"ImageObject\",\"inLanguage\":\"de\",\"@id\":\"https:\/\/www.santjosep.net\/#\/schema\/person\/image\/\",\"url\":\"https:\/\/secure.gravatar.com\/avatar\/2f4071817a97d2499c5aae9674ee15015b5a3c7c0974ca84f095a8e4aadcda56?s=96&d=mm&r=g\",\"contentUrl\":\"https:\/\/secure.gravatar.com\/avatar\/2f4071817a97d2499c5aae9674ee15015b5a3c7c0974ca84f095a8e4aadcda56?s=96&d=mm&r=g\",\"caption\":\"Sant Josep\"},\"url\":\"https:\/\/www.santjosep.net\/de\/author\/fugrafic\/\"}]}<\/script>\n<!-- \/ Yoast SEO plugin. -->","yoast_head_json":{"title":"Sonnenuntergang in Platges de Comte - Santjosep.net","robots":{"index":"index","follow":"follow","max-snippet":"max-snippet:-1","max-image-preview":"max-image-preview:large","max-video-preview":"max-video-preview:-1"},"canonical":"https:\/\/www.santjosep.net\/de\/sonnenuntergang-in-platges-de-comte\/","og_locale":"de_DE","og_type":"article","og_title":"Sonnenuntergang in Platges de Comte - Santjosep.net","og_description":"Das unglaubliche Panorama macht diesen Strand zu einem der sch\u00f6nsten auf der Insel und damit einen Besuch unerl\u00e4sslich. Die vielen kleinen Ecken laden zum Sonnen und zu einem sicheren Badvergn\u00fcgen ein. Machen Sie einen Spaziergang rings um den Strand herum [&hellip;]","og_url":"https:\/\/www.santjosep.net\/de\/sonnenuntergang-in-platges-de-comte\/","og_site_name":"Santjosep.net","article_published_time":"2019-08-12T09:12:52+00:00","article_modified_time":"2020-01-24T07:05:46+00:00","og_image":[{"width":890,"height":667,"url":"https:\/\/www.santjosep.net\/wp-content\/uploads\/2019\/08\/cover_videos_0009_P1013403.jpg","type":"image\/jpeg"}],"author":"Sant Josep","twitter_card":"summary_large_image","twitter_misc":{"Verfasst von":"Sant Josep"},"schema":{"@context":"https:\/\/schema.org","@graph":[{"@type":"WebPage","@id":"https:\/\/www.santjosep.net\/de\/sonnenuntergang-in-platges-de-comte\/","url":"https:\/\/www.santjosep.net\/de\/sonnenuntergang-in-platges-de-comte\/","name":"Sonnenuntergang in Platges de Comte - Santjosep.net","isPartOf":{"@id":"https:\/\/www.santjosep.net\/#website"},"primaryImageOfPage":{"@id":"https:\/\/www.santjosep.net\/de\/sonnenuntergang-in-platges-de-comte\/#primaryimage"},"image":{"@id":"https:\/\/www.santjosep.net\/de\/sonnenuntergang-in-platges-de-comte\/#primaryimage"},"thumbnailUrl":"https:\/\/www.santjosep.net\/wp-content\/uploads\/2019\/08\/cover_videos_0009_P1013403.jpg","datePublished":"2019-08-12T09:12:52+00:00","dateModified":"2020-01-24T07:05:46+00:00","author":{"@id":"https:\/\/www.santjosep.net\/#\/schema\/person\/b60e56f94e4e55776eb62bf4293f99b6"},"inLanguage":"de","potentialAction":[{"@type":"ReadAction","target":["https:\/\/www.santjosep.net\/de\/sonnenuntergang-in-platges-de-comte\/"]}]},{"@type":"ImageObject","inLanguage":"de","@id":"https:\/\/www.santjosep.net\/de\/sonnenuntergang-in-platges-de-comte\/#primaryimage","url":"https:\/\/www.santjosep.net\/wp-content\/uploads\/2019\/08\/cover_videos_0009_P1013403.jpg","contentUrl":"https:\/\/www.santjosep.net\/wp-content\/uploads\/2019\/08\/cover_videos_0009_P1013403.jpg","width":890,"height":667},{"@type":"WebSite","@id":"https:\/\/www.santjosep.net\/#website","url":"https:\/\/www.santjosep.net\/","name":"Santjosep.net","description":"","potentialAction":[{"@type":"SearchAction","target":{"@type":"EntryPoint","urlTemplate":"https:\/\/www.santjosep.net\/?s={search_term_string}"},"query-input":{"@type":"PropertyValueSpecification","valueRequired":true,"valueName":"search_term_string"}}],"inLanguage":"de"},{"@type":"Person","@id":"https:\/\/www.santjosep.net\/#\/schema\/person\/b60e56f94e4e55776eb62bf4293f99b6","name":"Sant Josep","image":{"@type":"ImageObject","inLanguage":"de","@id":"https:\/\/www.santjosep.net\/#\/schema\/person\/image\/","url":"https:\/\/secure.gravatar.com\/avatar\/2f4071817a97d2499c5aae9674ee15015b5a3c7c0974ca84f095a8e4aadcda56?s=96&d=mm&r=g","contentUrl":"https:\/\/secure.gravatar.com\/avatar\/2f4071817a97d2499c5aae9674ee15015b5a3c7c0974ca84f095a8e4aadcda56?s=96&d=mm&r=g","caption":"Sant Josep"},"url":"https:\/\/www.santjosep.net\/de\/author\/fugrafic\/"}]}},"_links":{"self":[{"href":"https:\/\/www.santjosep.net\/de\/wp-json\/wp\/v2\/posts\/15534","targetHints":{"allow":["GET"]}}],"collection":[{"href":"https:\/\/www.santjosep.net\/de\/wp-json\/wp\/v2\/posts"}],"about":[{"href":"https:\/\/www.santjosep.net\/de\/wp-json\/wp\/v2\/types\/post"}],"author":[{"embeddable":true,"href":"https:\/\/www.santjosep.net\/de\/wp-json\/wp\/v2\/users\/1"}],"replies":[{"embeddable":true,"href":"https:\/\/www.santjosep.net\/de\/wp-json\/wp\/v2\/comments?post=15534"}],"version-history":[{"count":0,"href":"https:\/\/www.santjosep.net\/de\/wp-json\/wp\/v2\/posts\/15534\/revisions"}],"wp:featuredmedia":[{"embeddable":true,"href":"https:\/\/www.santjosep.net\/de\/wp-json\/wp\/v2\/media\/21346"}],"wp:attachment":[{"href":"https:\/\/www.santjosep.net\/de\/wp-json\/wp\/v2\/media?parent=15534"}],"wp:term":[{"taxonomy":"category","embeddable":true,"href":"https:\/\/www.santjosep.net\/de\/wp-json\/wp\/v2\/categories?post=15534"},{"taxonomy":"post_tag","embeddable":true,"href":"https:\/\/www.santjosep.net\/de\/wp-json\/wp\/v2\/tags?post=15534"}],"curies":[{"name":"wp","href":"https:\/\/api.w.org\/{rel}","templated":true}]}}