{"id":11489,"date":"2018-04-24T15:27:47","date_gmt":"2018-04-24T15:27:47","guid":{"rendered":"https:\/\/www.santjosep.net\/turismo-activo-sant-josep\/"},"modified":"2020-01-22T10:53:07","modified_gmt":"2020-01-22T09:53:07","slug":"turismo-activo-sant-josep","status":"publish","type":"post","link":"https:\/\/www.santjosep.net\/de\/turismo-activo-sant-josep\/","title":{"rendered":"Aktivtourismus in Sant Josep"},"content":{"rendered":"<p>Dank ihrer idealen geographischen Beschaffenheit und ihres g\u00fcnstigen Klimas kann auf den Balearen fast ganzj\u00e4hrig Sport im Freien betrieben werden. Die Gemeinde Sant Josep ist ohne Zweifel ein perfektes Reiseziel, das sich an Land und auf dem Meer in vollen Z\u00fcgen genie\u00dfen l\u00e4sst. Berge, Meerestiefen, D\u00f6rfer und K\u00fcstengebiete bieten eine magische Kulisse zur Aus\u00fcbung von Outdoor-Aktivit\u00e4ten inmitten der Natur.<\/p>\n<p>&nbsp;<\/p>\n<h2><b>Tauchen<\/b><\/h2>\n<p>Die Gemeinde Sant Josep erstreckt sich fast \u00fcber die gesamte s\u00fcdliche H\u00e4lfte der Insel. Man stelle sich nur einmal die unendlich vielen Winkel und Ecken vor, in denen man die K\u00fcste von Sant Josep unter Wasser erkunden kann! Einer der wesentlichen Vorteile von Sant Josep f\u00fcr den Tauchsport sind die warmen und konstanten Temperaturen des Mittelmeers, die das ganze Jahr \u00fcber zwischen 14 und 28 Grad schwanken und sogar im Winter Tauchg\u00e4nge erm\u00f6glichen. Hinzu kommen die gro\u00dfen Vorkommnisse von <strong><a href=\"\/?p=11028\">Posidonia-Neptungras<\/a><\/strong>, die das Wasser klar und sauber halten, sowie die hohe Anzahl von Wracks und Unterwasserh\u00f6hlen, die geradezu optimale Tauchvoraussetzungen schaffen. Bei diesen Tauchg\u00e4ngen lassen sich die gro\u00dfe und vielf\u00e4ltige Fauna des Meeres\u00f6kosystems von Ibiza entdecken, die zweifellos beeindruckend ist.<\/p>\n<p>Es gibt zahlreiche Tauchschulen, die professionelle Tauchkurse und Tauchg\u00e4nge anbieten. Hierbei kann man die <a href=\"\/?p=11028\"><strong>Posidonia-Neptungraswiesen<\/strong><\/a> des Naturparks Las Salinas entdecken, die im Jahr<strong> 1999<\/strong> von der <strong>UNESCO<\/strong> zum Weltkulturerbe erkl\u00e4rt wurden.<\/p>\n<p><a href=\"\/?page_id=6111\">Hier<\/a> k\u00f6nnen Sie acht Tauchrouten entdecken, die in Sant Josep angeboten werden.<\/p>\n<p>&nbsp;<\/p>\n<p><img loading=\"lazy\" decoding=\"async\" class=\"alignnone size-large wp-image-11362\" src=\"https:\/\/www.santjosep.net\/wp-content\/uploads\/2018\/04\/DSCN0515_buceo_ibiza-1024x768.jpg\" alt=\"\" width=\"1024\" height=\"768\" srcset=\"https:\/\/www.santjosep.net\/wp-content\/uploads\/2018\/04\/DSCN0515_buceo_ibiza-1024x768.jpg 1024w, https:\/\/www.santjosep.net\/wp-content\/uploads\/2018\/04\/DSCN0515_buceo_ibiza-300x225.jpg 300w, https:\/\/www.santjosep.net\/wp-content\/uploads\/2018\/04\/DSCN0515_buceo_ibiza-768x576.jpg 768w, https:\/\/www.santjosep.net\/wp-content\/uploads\/2018\/04\/DSCN0515_buceo_ibiza.jpg 1200w\" sizes=\"auto, (max-width: 1024px) 100vw, 1024px\" \/><\/p>\n<h2>Kajak<\/h2>\n<p>Eine weitere ausgezeichnete M\u00f6glichkeit, die K\u00fcste von Sant Josep kennenzulernen, ist ein Ausflug mit dem Kajak. Entlang der K\u00fcste dieser Gemeinde lassen sich nahezu unber\u00fchrte Naturlandschaften entdecken, welche die Insel schm\u00fccken.<\/p>\n<p>Das <strong>Seekajakfahren<\/strong> hat sich zu einer Sportart entwickelt, die nicht nur durch ihre beispiellose Einfachheit besticht, sondern auch die Natur und die Umwelt respektiert. Das milde Klima unserer K\u00fcsten erm\u00f6glicht es auch, diesen Sport das ganze Jahr \u00fcber zu praktizieren. Es handelt sich zweifellos um eine der unterhaltsamsten, erschwinglichsten und einfachsten Wassersportarten, die nur ein geringes Risiko birgt und zudem f\u00fcr jedes Alter geeignet ist. Da die Gemeinde an der Westk\u00fcste gelegen ist, kann man in den Genuss eines herrlichen Sonnenuntergangs am Meer kommen. Es erwarten Sie unvergleichlich sch\u00f6ne Landschaften, die dazu einladen, sowohl von jenen, die ihren Urlaub bei uns verbringen m\u00f6chten, als auch von jenen, die das ganze Jahr \u00fcber in der Gemeinde Sant Josep wohnen, entdeckt zu werden.<\/p>\n<p>Obgleich das Kajakfahren k\u00f6rperliche Ausdauer erfordert, geh\u00f6rt es mit zu den einfachsten Sportarten. Man sollte allerdings nicht vergessen, die entsprechenden Ruhepausen einzulegen und Ma\u00dfnahmen zum Schutz vor der Sonne zu ergreifen.<\/p>\n<p>In diesem <a href=\"\/?page_id=5316\">F\u00fchrer<\/a> finden Sie acht Kajak-Touren, die mit ihren Wegstrecken von 3 bis 6 Seemeilen praktisch die gesamte K\u00fcste von <strong>Sant Josep de sa Talaia<\/strong> abdecken.<\/p>\n<div id=\"new-royalslider-100\" class=\"royalSlider new-royalslider-100 rsDefaultInv rs-default-template\" style=\"width:100%;height:533px;;\" data-rs-options='{&quot;template&quot;:&quot;default&quot;,&quot;image_generation&quot;:{&quot;imageWidth&quot;:&quot;&quot;,&quot;imageHeight&quot;:&quot;&quot;,&quot;thumbImageWidth&quot;:&quot;&quot;,&quot;thumbImageHeight&quot;:&quot;&quot;},&quot;thumbs&quot;:{&quot;thumbWidth&quot;:96,&quot;thumbHeight&quot;:72},&quot;autoPlay&quot;:{&quot;delay&quot;:5000},&quot;fullscreen&quot;:{&quot;enabled&quot;:&quot;true&quot;},&quot;block&quot;:{&quot;moveOffset&quot;:20,&quot;speed&quot;:400,&quot;delay&quot;:200},&quot;width&quot;:&quot;100%&quot;,&quot;height&quot;:533,&quot;autoScaleSlider&quot;:&quot;true&quot;,&quot;autoScaleSliderHeight&quot;:533,&quot;imageScaleMode&quot;:&quot;fill&quot;,&quot;imageScalePadding&quot;:0,&quot;arrowsNavAutoHide&quot;:&quot;false&quot;,&quot;globalCaptionInside&quot;:&quot;true&quot;}'>\n<div class=\"rsContent\">\n  <img decoding=\"async\" class=\"rsImg\" src=\"https:\/\/www.santjosep.net\/wp-content\/uploads\/2018\/04\/P1170093-1024x768.jpg\" data-rsBigImg=\"https:\/\/www.santjosep.net\/wp-content\/uploads\/2018\/04\/P1170093.jpg\" alt=\"P1170093\"\/>\n  \n  \n  \n<\/div>\n<div class=\"rsContent\">\n  <img decoding=\"async\" class=\"rsImg\" src=\"https:\/\/www.santjosep.net\/wp-content\/uploads\/2018\/04\/P1170097-1024x768.jpg\" data-rsBigImg=\"https:\/\/www.santjosep.net\/wp-content\/uploads\/2018\/04\/P1170097.jpg\" alt=\"P1170097\"\/>\n  \n  \n  \n<\/div>\n<div class=\"rsContent\">\n  <img decoding=\"async\" class=\"rsImg\" src=\"https:\/\/www.santjosep.net\/wp-content\/uploads\/2018\/04\/P1170099-1024x769.jpg\" data-rsBigImg=\"https:\/\/www.santjosep.net\/wp-content\/uploads\/2018\/04\/P1170099.jpg\" alt=\"P1170099\"\/>\n  \n  \n  \n<\/div>\n<div class=\"rsContent\">\n  <img decoding=\"async\" class=\"rsImg\" src=\"https:\/\/www.santjosep.net\/wp-content\/uploads\/2018\/04\/P1170102-1024x768.jpg\" data-rsBigImg=\"https:\/\/www.santjosep.net\/wp-content\/uploads\/2018\/04\/P1170102.jpg\" alt=\"P1170102\"\/>\n  \n  \n  \n<\/div>\n<div class=\"rsContent\">\n  <img decoding=\"async\" class=\"rsImg\" src=\"https:\/\/www.santjosep.net\/wp-content\/uploads\/2018\/04\/P1170132-1024x768.jpg\" data-rsBigImg=\"https:\/\/www.santjosep.net\/wp-content\/uploads\/2018\/04\/P1170132.jpg\" alt=\"P1170132\"\/>\n  \n  \n  \n<\/div>\n<div class=\"rsContent\">\n  <img decoding=\"async\" class=\"rsImg\" src=\"https:\/\/www.santjosep.net\/wp-content\/uploads\/2018\/04\/P1170137-1024x768.jpg\" data-rsBigImg=\"https:\/\/www.santjosep.net\/wp-content\/uploads\/2018\/04\/P1170137.jpg\" alt=\"P1170137\"\/>\n  \n  \n  \n<\/div>\n\n<\/div>\n\n<p>&nbsp;<\/p>\n<h2><b>Wandern in Sant Josep <\/b><\/h2>\n<p>Wenn Sie die nat\u00fcrliche Umgebung von Sant Josep auf Ihren Wanderungen durch die Berge erkunen, werden Sie die Natur aus n\u00e4chster N\u00e4he kennenlernen und bewundern k\u00f6nnen. Die Insel verf\u00fcgt \u00fcber zahlreiche offizielle Wanderrouten, nach denen Sie sich an den Touristeninformationsstellen erkundigen k\u00f6nnen.<\/p>\n<p>Der Zauber der Salzbecken von <strong>Ses Salines<\/strong>, die Geschichte der Wehrt\u00fcrme, die Besteigung des Berges Sa Talaia mit seiner herrlichen Aussicht und seinem Sonnenuntergang sind nur einige der Sehensw\u00fcrdigkeiten, die einen Besuch wert sind. Hierbei bietet sich auch die M\u00f6glichkeit, mit den Menschen ins Gespr\u00e4ch zu kommen, die Sie entlang Ihres Weges treffen. Dieses Mosaik aus attraktiven Anziehungspunkten bildet eine au\u00dfergew\u00f6hnliche Landschaft, die aus der Beziehung zwischen Mensch und Natur entstanden ist und einen Teil unseres kulturellen Erbes darstellt. All jene, die die Gemeinde Sant Josep besuchen m\u00f6chten, sind herzlich dazu eingeladen, unseren kulturellen Reichtum zu entdecken.<\/p>\n<p>Vergessen sie nicht, bequeme Wanderschuhe und Sportbekleidung zu tragen und sich mit Wasser und Proviant auszustatten, um bei einer Rast wieder zu Kr\u00e4ften zu kommen.<\/p>\n<p><a href=\"\/?page_id=6153\">Hier<\/a> stehen Ihnen acht Routen zur Verf\u00fcgung, die wir mit den entsprechenden Informationsbl\u00e4ttern f\u00fcr Sie vorbereitet haben. Auf diesen finden Sie die Beschreibungen und Besonderheiten der jeweiligen Route, ihren Schwierigkeitsgrad und spezifische Empfehlungen f\u00fcr jeden einzelnen Wanderweg.<\/p>\n<div id=\"new-royalslider-98\" class=\"royalSlider new-royalslider-98 rsDefaultInv rs-default-template\" style=\"width:100%;height:533px;;\" data-rs-options='{&quot;template&quot;:&quot;default&quot;,&quot;image_generation&quot;:{&quot;imageWidth&quot;:&quot;&quot;,&quot;imageHeight&quot;:&quot;&quot;,&quot;thumbImageWidth&quot;:&quot;&quot;,&quot;thumbImageHeight&quot;:&quot;&quot;},&quot;thumbs&quot;:{&quot;thumbWidth&quot;:96,&quot;thumbHeight&quot;:72},&quot;autoPlay&quot;:{&quot;delay&quot;:5000},&quot;fullscreen&quot;:{&quot;enabled&quot;:&quot;true&quot;},&quot;block&quot;:{&quot;moveOffset&quot;:20,&quot;speed&quot;:400,&quot;delay&quot;:200},&quot;width&quot;:&quot;100%&quot;,&quot;height&quot;:533,&quot;autoScaleSlider&quot;:&quot;true&quot;,&quot;autoScaleSliderHeight&quot;:533,&quot;imageScaleMode&quot;:&quot;fill&quot;,&quot;imageScalePadding&quot;:0,&quot;arrowsNavAutoHide&quot;:&quot;false&quot;,&quot;globalCaptionInside&quot;:&quot;true&quot;}'>\n<div class=\"rsContent\">\n  <img decoding=\"async\" class=\"rsImg\" src=\"https:\/\/www.santjosep.net\/wp-content\/uploads\/2018\/04\/II-Fira-de-la-Sal__SGC5433-1024x683.jpg\" data-rsBigImg=\"https:\/\/www.santjosep.net\/wp-content\/uploads\/2018\/04\/II-Fira-de-la-Sal__SGC5433.jpg\" alt=\"II Fira de la Sal, Ses Salines d&#039;Eivissa. ?sSom un poble saliner&#039;\"\/>\n  \n  \n  \n<\/div>\n<div class=\"rsContent\">\n  <img decoding=\"async\" class=\"rsImg\" src=\"https:\/\/www.santjosep.net\/wp-content\/uploads\/2018\/04\/P1140055-1024x768.jpg\" data-rsBigImg=\"https:\/\/www.santjosep.net\/wp-content\/uploads\/2018\/04\/P1140055.jpg\" alt=\"P1140055\"\/>\n  \n  \n  \n<\/div>\n<div class=\"rsContent\">\n  <img decoding=\"async\" class=\"rsImg\" src=\"https:\/\/www.santjosep.net\/wp-content\/uploads\/2018\/04\/II-Fira-de-la-Sal__SGC5359-1024x683.jpg\" data-rsBigImg=\"https:\/\/www.santjosep.net\/wp-content\/uploads\/2018\/04\/II-Fira-de-la-Sal__SGC5359.jpg\" alt=\"II Fira de la Sal, Ses Salines d&#039;Eivissa. ?sSom un poble saliner&#039;\"\/>\n  \n  \n  \n<\/div>\n<div class=\"rsContent\">\n  <img decoding=\"async\" class=\"rsImg\" src=\"https:\/\/www.santjosep.net\/wp-content\/uploads\/2018\/04\/II-Fira-de-la-Sal__SGC6085-1024x683.jpg\" data-rsBigImg=\"https:\/\/www.santjosep.net\/wp-content\/uploads\/2018\/04\/II-Fira-de-la-Sal__SGC6085.jpg\" alt=\"II Fira de la Sal, Ses Salines d&#039;Eivissa. ?sSom un poble saliner&#039;\"\/>\n  \n  \n  \n<\/div>\n<div class=\"rsContent\">\n  <img decoding=\"async\" class=\"rsImg\" src=\"https:\/\/www.santjosep.net\/wp-content\/uploads\/2018\/04\/P1010352-1024x768.jpg\" data-rsBigImg=\"https:\/\/www.santjosep.net\/wp-content\/uploads\/2018\/04\/P1010352.jpg\" alt=\"P1010352\"\/>\n  \n  \n  \n<\/div>\n<div class=\"rsContent\">\n  <img decoding=\"async\" class=\"rsImg\" src=\"https:\/\/www.santjosep.net\/wp-content\/uploads\/2018\/04\/P1140079-1024x768.jpg\" data-rsBigImg=\"https:\/\/www.santjosep.net\/wp-content\/uploads\/2018\/04\/P1140079.jpg\" alt=\"P1140079\"\/>\n  \n  \n  \n<\/div>\n<div class=\"rsContent\">\n  <img decoding=\"async\" class=\"rsImg\" src=\"https:\/\/www.santjosep.net\/wp-content\/uploads\/2018\/04\/IMG_0601-1024x683.jpg\" data-rsBigImg=\"https:\/\/www.santjosep.net\/wp-content\/uploads\/2018\/04\/IMG_0601.jpg\" alt=\"IMG_0601\"\/>\n  \n  \n  \n<\/div>\n<div class=\"rsContent\">\n  <img decoding=\"async\" class=\"rsImg\" src=\"https:\/\/www.santjosep.net\/wp-content\/uploads\/2018\/04\/IMG_0724-1024x683.jpg\" data-rsBigImg=\"https:\/\/www.santjosep.net\/wp-content\/uploads\/2018\/04\/IMG_0724.jpg\" alt=\"IMG_0724\"\/>\n  \n  \n  \n<\/div>\n<div class=\"rsContent\">\n  <img decoding=\"async\" class=\"rsImg\" src=\"https:\/\/www.santjosep.net\/wp-content\/uploads\/2018\/04\/IMG_9373-1024x683.jpg\" data-rsBigImg=\"https:\/\/www.santjosep.net\/wp-content\/uploads\/2018\/04\/IMG_9373.jpg\" alt=\"IMG_9373\"\/>\n  \n  \n  \n<\/div>\n<div class=\"rsContent\">\n  <img decoding=\"async\" class=\"rsImg\" src=\"https:\/\/www.santjosep.net\/wp-content\/uploads\/2018\/04\/II-Fira-de-la-Sal__SGC5376-1024x683.jpg\" data-rsBigImg=\"https:\/\/www.santjosep.net\/wp-content\/uploads\/2018\/04\/II-Fira-de-la-Sal__SGC5376.jpg\" alt=\"II Fira de la Sal, Ses Salines d&#039;Eivissa. ?sSom un poble saliner&#039;\"\/>\n  \n  \n  \n<\/div>\n\n<\/div>\n\n<h2><b>Mountainbike (MTB)<\/b><\/h2>\n<p>Wie Sie sicherlich bereits festgestellt haben, eignet sich die Insel <strong>Ibiza<\/strong> bestens zur Aus\u00fcbung einer Vielzahl von Outdoor-Sportarten. Eine davon, die zweifelsfrei zahlreiche Anh\u00e4nger findet (und es werden immer mehr), ist der Radsport. Mit dem Rad lassen sich wundersch\u00f6ne Fleckchen schnell und leicht entdecken, die mit dem Auto oder zu Fu\u00df nur schwer oder gar nicht erreichbar sind und die Sie faszinieren werden. T\u00e4ler, Wehrt\u00fcrme, Str\u00e4nde, Klippen, Kirchen, Brunnen und landestypische architektonische Bauten durch kr\u00e4ftiges Treten in die Pedale zu erkunden, geh\u00f6rt zu den beliebtesten Freizeitbesch\u00e4ftigungen auf der Insel.<\/p>\n<p>Die Begeisterung f\u00fcr den Radsport hat im Laufe der Jahre deutlich zugenommen. Aus diesem Grunde finden auf der Insel auch immer mehr Radsportveranstaltungen statt. Hierzu geh\u00f6ren beispielsweise die Radsportwettk\u00e4mpfe <b>Vuelta a Ibiza en Mountain Bike<\/b> und <b>Vuelta Cicloturista.<\/b><\/p>\n<p>Ibiza z\u00e4hlt \u00fcber <strong>700 km Radstrecken<\/strong>, die durch die Inselverwaltung von Ibiza in 24 Routen aufgeteilt wurden. Wir empfehlen Ihnen jedoch auch, die Gemeinde fernab der markierten Radwege zu erkunden. <a href=\"\/?p=6774\">Hier<\/a> haben wir f\u00fcr Sie acht Routen zusammengestellt, auf denen Sie die Umgebung von Sant Josep mit dem Rad entdecken k\u00f6nnen.<\/p>\n<div id=\"new-royalslider-99\" class=\"royalSlider new-royalslider-99 rsDefaultInv rs-default-template\" style=\"width:100%;height:533px;;\" data-rs-options='{&quot;template&quot;:&quot;default&quot;,&quot;image_generation&quot;:{&quot;imageWidth&quot;:&quot;&quot;,&quot;imageHeight&quot;:&quot;&quot;,&quot;thumbImageWidth&quot;:&quot;&quot;,&quot;thumbImageHeight&quot;:&quot;&quot;},&quot;thumbs&quot;:{&quot;thumbWidth&quot;:96,&quot;thumbHeight&quot;:72},&quot;autoPlay&quot;:{&quot;delay&quot;:5000},&quot;fullscreen&quot;:{&quot;enabled&quot;:&quot;true&quot;},&quot;block&quot;:{&quot;moveOffset&quot;:20,&quot;speed&quot;:400,&quot;delay&quot;:200},&quot;width&quot;:&quot;100%&quot;,&quot;height&quot;:533,&quot;autoScaleSlider&quot;:&quot;true&quot;,&quot;autoScaleSliderHeight&quot;:533,&quot;imageScaleMode&quot;:&quot;fill&quot;,&quot;imageScalePadding&quot;:0,&quot;arrowsNavAutoHide&quot;:&quot;false&quot;,&quot;globalCaptionInside&quot;:&quot;true&quot;}'>\n<div class=\"rsContent\">\n  <img decoding=\"async\" class=\"rsImg\" src=\"https:\/\/www.santjosep.net\/wp-content\/uploads\/2018\/04\/IMG_2112-1024x683.jpg\" data-rsBigImg=\"https:\/\/www.santjosep.net\/wp-content\/uploads\/2018\/04\/IMG_2112.jpg\" alt=\"IMG_2112\"\/>\n  \n  \n  \n<\/div>\n<div class=\"rsContent\">\n  <img decoding=\"async\" class=\"rsImg\" src=\"https:\/\/www.santjosep.net\/wp-content\/uploads\/2018\/04\/IMG_2012-1024x683.jpg\" data-rsBigImg=\"https:\/\/www.santjosep.net\/wp-content\/uploads\/2018\/04\/IMG_2012.jpg\" alt=\"IMG_2012\"\/>\n  \n  \n  \n<\/div>\n<div class=\"rsContent\">\n  <img decoding=\"async\" class=\"rsImg\" src=\"https:\/\/www.santjosep.net\/wp-content\/uploads\/2018\/04\/IMG_2093-1024x683.jpg\" data-rsBigImg=\"https:\/\/www.santjosep.net\/wp-content\/uploads\/2018\/04\/IMG_2093.jpg\" alt=\"IMG_2093\"\/>\n  \n  \n  \n<\/div>\n<div class=\"rsContent\">\n  <img decoding=\"async\" class=\"rsImg\" src=\"https:\/\/www.santjosep.net\/wp-content\/uploads\/2018\/04\/IMG_2136-1024x686.jpg\" data-rsBigImg=\"https:\/\/www.santjosep.net\/wp-content\/uploads\/2018\/04\/IMG_2136.jpg\" alt=\"IMG_2136\"\/>\n  \n  \n  \n<\/div>\n<div class=\"rsContent\">\n  <img decoding=\"async\" class=\"rsImg\" src=\"https:\/\/www.santjosep.net\/wp-content\/uploads\/2018\/04\/IMG_2200-1024x683.jpg\" data-rsBigImg=\"https:\/\/www.santjosep.net\/wp-content\/uploads\/2018\/04\/IMG_2200.jpg\" alt=\"IMG_2200\"\/>\n  \n  \n  \n<\/div>\n<div class=\"rsContent\">\n  <img decoding=\"async\" class=\"rsImg\" src=\"https:\/\/www.santjosep.net\/wp-content\/uploads\/2018\/04\/IMG_2203-1024x683.jpg\" data-rsBigImg=\"https:\/\/www.santjosep.net\/wp-content\/uploads\/2018\/04\/IMG_2203.jpg\" alt=\"IMG_2203\"\/>\n  \n  \n  \n<\/div>\n<div class=\"rsContent\">\n  <img decoding=\"async\" class=\"rsImg\" src=\"https:\/\/www.santjosep.net\/wp-content\/uploads\/2018\/04\/IMG_2206-1024x683.jpg\" data-rsBigImg=\"https:\/\/www.santjosep.net\/wp-content\/uploads\/2018\/04\/IMG_2206.jpg\" alt=\"IMG_2206\"\/>\n  \n  \n  \n<\/div>\n<div class=\"rsContent\">\n  <img decoding=\"async\" class=\"rsImg\" src=\"https:\/\/www.santjosep.net\/wp-content\/uploads\/2018\/04\/IMG_0806-1024x683.jpg\" data-rsBigImg=\"https:\/\/www.santjosep.net\/wp-content\/uploads\/2018\/04\/IMG_0806.jpg\" alt=\"IMG_0806\"\/>\n  \n  \n  \n<\/div>\n<div class=\"rsContent\">\n  <img decoding=\"async\" class=\"rsImg\" src=\"https:\/\/www.santjosep.net\/wp-content\/uploads\/2018\/04\/IMG_0877-1024x683.jpg\" data-rsBigImg=\"https:\/\/www.santjosep.net\/wp-content\/uploads\/2018\/04\/IMG_0877.jpg\" alt=\"IMG_0877\"\/>\n  \n  \n  \n<\/div>\n<div class=\"rsContent\">\n  <img decoding=\"async\" class=\"rsImg\" src=\"https:\/\/www.santjosep.net\/wp-content\/uploads\/2018\/04\/IMG_0898-1024x683.jpg\" data-rsBigImg=\"https:\/\/www.santjosep.net\/wp-content\/uploads\/2018\/04\/IMG_0898.jpg\" alt=\"IMG_0898\"\/>\n  \n  \n  \n<\/div>\n<div class=\"rsContent\">\n  <img decoding=\"async\" class=\"rsImg\" src=\"https:\/\/www.santjosep.net\/wp-content\/uploads\/2018\/04\/IMG_2037-1024x683.jpg\" data-rsBigImg=\"https:\/\/www.santjosep.net\/wp-content\/uploads\/2018\/04\/IMG_2037.jpg\" alt=\"IMG_2037\"\/>\n  \n  \n  \n<\/div>\n<div class=\"rsContent\">\n  <img decoding=\"async\" class=\"rsImg\" src=\"https:\/\/www.santjosep.net\/wp-content\/uploads\/2018\/04\/IMG_0904-1024x683.jpg\" data-rsBigImg=\"https:\/\/www.santjosep.net\/wp-content\/uploads\/2018\/04\/IMG_0904.jpg\" alt=\"IMG_0904\"\/>\n  \n  \n  \n<\/div>\n<div class=\"rsContent\">\n  <img decoding=\"async\" class=\"rsImg\" src=\"https:\/\/www.santjosep.net\/wp-content\/uploads\/2018\/04\/IMG_0911-1024x683.jpg\" data-rsBigImg=\"https:\/\/www.santjosep.net\/wp-content\/uploads\/2018\/04\/IMG_0911.jpg\" alt=\"IMG_0911\"\/>\n  \n  \n  \n<\/div>\n\n<\/div>\n\n","protected":false},"excerpt":{"rendered":"<p>Dank ihrer idealen geographischen Beschaffenheit und ihres g\u00fcnstigen Klimas kann auf den Balearen fast ganzj\u00e4hrig Sport im Freien betrieben werden. Die Gemeinde Sant Josep ist ohne Zweifel ein perfektes Reiseziel, das sich an Land und auf dem Meer in vollen [&hellip;]<\/p>\n","protected":false},"author":1,"featured_media":21294,"comment_status":"open","ping_status":"open","sticky":false,"template":"","format":"standard","meta":{"_acf_changed":false,"inline_featured_image":false,"footnotes":""},"categories":[154,161],"tags":[],"class_list":["post-11489","post","type-post","status-publish","format-standard","has-post-thumbnail","hentry","category-fahrten","category-rounten"],"acf":[],"geo":null,"yoast_head":"<!-- This site is optimized with the Yoast SEO plugin v25.7 - https:\/\/yoast.com\/wordpress\/plugins\/seo\/ -->\n<title>Aktivtourismus in Sant Josep - Santjosep.net<\/title>\n<meta name=\"robots\" content=\"index, follow, max-snippet:-1, max-image-preview:large, max-video-preview:-1\" \/>\n<link rel=\"canonical\" href=\"https:\/\/www.santjosep.net\/de\/turismo-activo-sant-josep\/\" \/>\n<meta property=\"og:locale\" content=\"de_DE\" \/>\n<meta property=\"og:type\" content=\"article\" \/>\n<meta property=\"og:title\" content=\"Aktivtourismus in Sant Josep - Santjosep.net\" \/>\n<meta property=\"og:description\" content=\"Dank ihrer idealen geographischen Beschaffenheit und ihres g\u00fcnstigen Klimas kann auf den Balearen fast ganzj\u00e4hrig Sport im Freien betrieben werden. Die Gemeinde Sant Josep ist ohne Zweifel ein perfektes Reiseziel, das sich an Land und auf dem Meer in vollen [&hellip;]\" \/>\n<meta property=\"og:url\" content=\"https:\/\/www.santjosep.net\/de\/turismo-activo-sant-josep\/\" \/>\n<meta property=\"og:site_name\" content=\"Santjosep.net\" \/>\n<meta property=\"article:published_time\" content=\"2018-04-24T15:27:47+00:00\" \/>\n<meta property=\"article:modified_time\" content=\"2020-01-22T09:53:07+00:00\" \/>\n<meta property=\"og:image\" content=\"https:\/\/www.santjosep.net\/wp-content\/uploads\/2018\/04\/II-Fira-de-la-Sal__SGC5420-1.jpg\" \/>\n\t<meta property=\"og:image:width\" content=\"2000\" \/>\n\t<meta property=\"og:image:height\" content=\"1500\" \/>\n\t<meta property=\"og:image:type\" content=\"image\/jpeg\" \/>\n<meta name=\"author\" content=\"Sant Josep\" \/>\n<meta name=\"twitter:card\" content=\"summary_large_image\" \/>\n<meta name=\"twitter:label1\" content=\"Verfasst von\" \/>\n\t<meta name=\"twitter:data1\" content=\"Sant Josep\" \/>\n\t<meta name=\"twitter:label2\" content=\"Gesch\u00e4tzte Lesezeit\" \/>\n\t<meta name=\"twitter:data2\" content=\"4\u00a0Minuten\" \/>\n<script type=\"application\/ld+json\" class=\"yoast-schema-graph\">{\"@context\":\"https:\/\/schema.org\",\"@graph\":[{\"@type\":\"WebPage\",\"@id\":\"https:\/\/www.santjosep.net\/de\/turismo-activo-sant-josep\/\",\"url\":\"https:\/\/www.santjosep.net\/de\/turismo-activo-sant-josep\/\",\"name\":\"Aktivtourismus in Sant Josep - Santjosep.net\",\"isPartOf\":{\"@id\":\"https:\/\/www.santjosep.net\/#website\"},\"primaryImageOfPage\":{\"@id\":\"https:\/\/www.santjosep.net\/de\/turismo-activo-sant-josep\/#primaryimage\"},\"image\":{\"@id\":\"https:\/\/www.santjosep.net\/de\/turismo-activo-sant-josep\/#primaryimage\"},\"thumbnailUrl\":\"https:\/\/www.santjosep.net\/wp-content\/uploads\/2018\/04\/II-Fira-de-la-Sal__SGC5420-1.jpg\",\"datePublished\":\"2018-04-24T15:27:47+00:00\",\"dateModified\":\"2020-01-22T09:53:07+00:00\",\"author\":{\"@id\":\"https:\/\/www.santjosep.net\/#\/schema\/person\/b60e56f94e4e55776eb62bf4293f99b6\"},\"inLanguage\":\"de\",\"potentialAction\":[{\"@type\":\"ReadAction\",\"target\":[\"https:\/\/www.santjosep.net\/de\/turismo-activo-sant-josep\/\"]}]},{\"@type\":\"ImageObject\",\"inLanguage\":\"de\",\"@id\":\"https:\/\/www.santjosep.net\/de\/turismo-activo-sant-josep\/#primaryimage\",\"url\":\"https:\/\/www.santjosep.net\/wp-content\/uploads\/2018\/04\/II-Fira-de-la-Sal__SGC5420-1.jpg\",\"contentUrl\":\"https:\/\/www.santjosep.net\/wp-content\/uploads\/2018\/04\/II-Fira-de-la-Sal__SGC5420-1.jpg\",\"width\":2000,\"height\":1500},{\"@type\":\"WebSite\",\"@id\":\"https:\/\/www.santjosep.net\/#website\",\"url\":\"https:\/\/www.santjosep.net\/\",\"name\":\"Santjosep.net\",\"description\":\"\",\"potentialAction\":[{\"@type\":\"SearchAction\",\"target\":{\"@type\":\"EntryPoint\",\"urlTemplate\":\"https:\/\/www.santjosep.net\/?s={search_term_string}\"},\"query-input\":{\"@type\":\"PropertyValueSpecification\",\"valueRequired\":true,\"valueName\":\"search_term_string\"}}],\"inLanguage\":\"de\"},{\"@type\":\"Person\",\"@id\":\"https:\/\/www.santjosep.net\/#\/schema\/person\/b60e56f94e4e55776eb62bf4293f99b6\",\"name\":\"Sant Josep\",\"image\":{\"@type\":\"ImageObject\",\"inLanguage\":\"de\",\"@id\":\"https:\/\/www.santjosep.net\/#\/schema\/person\/image\/\",\"url\":\"https:\/\/secure.gravatar.com\/avatar\/2f4071817a97d2499c5aae9674ee15015b5a3c7c0974ca84f095a8e4aadcda56?s=96&d=mm&r=g\",\"contentUrl\":\"https:\/\/secure.gravatar.com\/avatar\/2f4071817a97d2499c5aae9674ee15015b5a3c7c0974ca84f095a8e4aadcda56?s=96&d=mm&r=g\",\"caption\":\"Sant Josep\"},\"url\":\"https:\/\/www.santjosep.net\/de\/author\/fugrafic\/\"}]}<\/script>\n<!-- \/ Yoast SEO plugin. -->","yoast_head_json":{"title":"Aktivtourismus in Sant Josep - Santjosep.net","robots":{"index":"index","follow":"follow","max-snippet":"max-snippet:-1","max-image-preview":"max-image-preview:large","max-video-preview":"max-video-preview:-1"},"canonical":"https:\/\/www.santjosep.net\/de\/turismo-activo-sant-josep\/","og_locale":"de_DE","og_type":"article","og_title":"Aktivtourismus in Sant Josep - Santjosep.net","og_description":"Dank ihrer idealen geographischen Beschaffenheit und ihres g\u00fcnstigen Klimas kann auf den Balearen fast ganzj\u00e4hrig Sport im Freien betrieben werden. Die Gemeinde Sant Josep ist ohne Zweifel ein perfektes Reiseziel, das sich an Land und auf dem Meer in vollen [&hellip;]","og_url":"https:\/\/www.santjosep.net\/de\/turismo-activo-sant-josep\/","og_site_name":"Santjosep.net","article_published_time":"2018-04-24T15:27:47+00:00","article_modified_time":"2020-01-22T09:53:07+00:00","og_image":[{"width":2000,"height":1500,"url":"https:\/\/www.santjosep.net\/wp-content\/uploads\/2018\/04\/II-Fira-de-la-Sal__SGC5420-1.jpg","type":"image\/jpeg"}],"author":"Sant Josep","twitter_card":"summary_large_image","twitter_misc":{"Verfasst von":"Sant Josep","Gesch\u00e4tzte Lesezeit":"4\u00a0Minuten"},"schema":{"@context":"https:\/\/schema.org","@graph":[{"@type":"WebPage","@id":"https:\/\/www.santjosep.net\/de\/turismo-activo-sant-josep\/","url":"https:\/\/www.santjosep.net\/de\/turismo-activo-sant-josep\/","name":"Aktivtourismus in Sant Josep - Santjosep.net","isPartOf":{"@id":"https:\/\/www.santjosep.net\/#website"},"primaryImageOfPage":{"@id":"https:\/\/www.santjosep.net\/de\/turismo-activo-sant-josep\/#primaryimage"},"image":{"@id":"https:\/\/www.santjosep.net\/de\/turismo-activo-sant-josep\/#primaryimage"},"thumbnailUrl":"https:\/\/www.santjosep.net\/wp-content\/uploads\/2018\/04\/II-Fira-de-la-Sal__SGC5420-1.jpg","datePublished":"2018-04-24T15:27:47+00:00","dateModified":"2020-01-22T09:53:07+00:00","author":{"@id":"https:\/\/www.santjosep.net\/#\/schema\/person\/b60e56f94e4e55776eb62bf4293f99b6"},"inLanguage":"de","potentialAction":[{"@type":"ReadAction","target":["https:\/\/www.santjosep.net\/de\/turismo-activo-sant-josep\/"]}]},{"@type":"ImageObject","inLanguage":"de","@id":"https:\/\/www.santjosep.net\/de\/turismo-activo-sant-josep\/#primaryimage","url":"https:\/\/www.santjosep.net\/wp-content\/uploads\/2018\/04\/II-Fira-de-la-Sal__SGC5420-1.jpg","contentUrl":"https:\/\/www.santjosep.net\/wp-content\/uploads\/2018\/04\/II-Fira-de-la-Sal__SGC5420-1.jpg","width":2000,"height":1500},{"@type":"WebSite","@id":"https:\/\/www.santjosep.net\/#website","url":"https:\/\/www.santjosep.net\/","name":"Santjosep.net","description":"","potentialAction":[{"@type":"SearchAction","target":{"@type":"EntryPoint","urlTemplate":"https:\/\/www.santjosep.net\/?s={search_term_string}"},"query-input":{"@type":"PropertyValueSpecification","valueRequired":true,"valueName":"search_term_string"}}],"inLanguage":"de"},{"@type":"Person","@id":"https:\/\/www.santjosep.net\/#\/schema\/person\/b60e56f94e4e55776eb62bf4293f99b6","name":"Sant Josep","image":{"@type":"ImageObject","inLanguage":"de","@id":"https:\/\/www.santjosep.net\/#\/schema\/person\/image\/","url":"https:\/\/secure.gravatar.com\/avatar\/2f4071817a97d2499c5aae9674ee15015b5a3c7c0974ca84f095a8e4aadcda56?s=96&d=mm&r=g","contentUrl":"https:\/\/secure.gravatar.com\/avatar\/2f4071817a97d2499c5aae9674ee15015b5a3c7c0974ca84f095a8e4aadcda56?s=96&d=mm&r=g","caption":"Sant Josep"},"url":"https:\/\/www.santjosep.net\/de\/author\/fugrafic\/"}]}},"_links":{"self":[{"href":"https:\/\/www.santjosep.net\/de\/wp-json\/wp\/v2\/posts\/11489","targetHints":{"allow":["GET"]}}],"collection":[{"href":"https:\/\/www.santjosep.net\/de\/wp-json\/wp\/v2\/posts"}],"about":[{"href":"https:\/\/www.santjosep.net\/de\/wp-json\/wp\/v2\/types\/post"}],"author":[{"embeddable":true,"href":"https:\/\/www.santjosep.net\/de\/wp-json\/wp\/v2\/users\/1"}],"replies":[{"embeddable":true,"href":"https:\/\/www.santjosep.net\/de\/wp-json\/wp\/v2\/comments?post=11489"}],"version-history":[{"count":0,"href":"https:\/\/www.santjosep.net\/de\/wp-json\/wp\/v2\/posts\/11489\/revisions"}],"wp:featuredmedia":[{"embeddable":true,"href":"https:\/\/www.santjosep.net\/de\/wp-json\/wp\/v2\/media\/21294"}],"wp:attachment":[{"href":"https:\/\/www.santjosep.net\/de\/wp-json\/wp\/v2\/media?parent=11489"}],"wp:term":[{"taxonomy":"category","embeddable":true,"href":"https:\/\/www.santjosep.net\/de\/wp-json\/wp\/v2\/categories?post=11489"},{"taxonomy":"post_tag","embeddable":true,"href":"https:\/\/www.santjosep.net\/de\/wp-json\/wp\/v2\/tags?post=11489"}],"curies":[{"name":"wp","href":"https:\/\/api.w.org\/{rel}","templated":true}]}}