{"id":10914,"date":"2017-12-29T12:04:27","date_gmt":"2017-12-29T12:04:27","guid":{"rendered":"https:\/\/www.santjosep.net\/actividades-deportivaspaseosescubells-cala-llentrisca-circular\/"},"modified":"2020-01-24T09:57:43","modified_gmt":"2020-01-24T08:57:43","slug":"tour-von-es-cubells-nach-cala-llentrisca","status":"publish","type":"post","link":"https:\/\/www.santjosep.net\/de\/tour-von-es-cubells-nach-cala-llentrisca\/","title":{"rendered":"Tour von Es Cubells nach Cala Llentrisca"},"content":{"rendered":"<p>Ausgangspunkt dieser Route ist das einzigartig gelegene D\u00f6rfchen <a href=\"\/?p=9628\">Es Cubells<\/a> am Rande einer beeindruckenden Steilk\u00fcste im S\u00fcden von Sant Josep. Dementsprechend belohnt die Tour den Wanderer mit spektakul\u00e4ren Panoramaaussichten aufs Meer, reichlich Natur und Str\u00e4nden fernab des sommerlichen Menschenandrangs. Machen Sie sich keine Sorgen, dass die Route als \u201emittelschwer \u2013 schwierig\u201c ausgezeichnet ist \u2013 es gibt zwar einige anstrengendere Abschnitte, doch die sind niemals lang. Denken Sie daran, sich gut vorzubereiten: Vergessen Sie nicht die Sport- oder Wanderschuhe, bequeme Kleidung und gen\u00fcgend Wasser.<\/p>\n<h2>Route map<\/h2>\n<p><iframe loading=\"lazy\" src=\"https:\/\/www.google.com\/maps\/d\/u\/0\/embed?mid=1tBKl2ilvJdV5iiqg7b6dqv0-8hsUc4Xe\" width=\"795\" height=\"480\"><\/iframe><\/p>\n<p><strong>Schwierigkeit:<\/strong> Mittel &#8211; hoch<br \/>\n<strong>Distanz:<\/strong> 9 km<br \/>\n<strong>Gesch\u00e4tzte Zeit:<\/strong> 4 Stunden (Hin- und R\u00fcckweg)<br \/>\n<strong>Empfehlungen:<\/strong> Es empfiehlt sich, Sportschuhe und bequeme Kleidung zu tragen und gen\u00fcgend Wasser mitzunehmen, da es auf der Tour kaum Schattenpl\u00e4tze gibt. Au\u00dferdem ist die Route nicht f\u00fcr Menschen geeignet, die unter H\u00f6henangst leiden.<\/p>\n<p>Unser Ausflug beginnt auf dem malerischen Kirchplatz von Es Cubells, den wir zun\u00e4chst umrunden, um zu dem Aussichtspunkt zu gelangen, der hinter dem Platz liegt. Der perfekte Zeitpunkt f\u00fcr ein Panoramafoto, der Ausblick ist spektakul\u00e4r. Wenn Sie den Blick etwas nach rechts wenden, k\u00f6nnen Sie das Denkmal zu Ehren von Francesc Palau sehen, oder <em><strong>Pare Palau<\/strong><\/em> (&#8222;Vater Palau&#8220;), wie er in Es Cubells genannt wird. Ihm verdankt Es Cubells nicht nur seine Kirche, sondern er war auch bekannt daf\u00fcr, dass er lange Zeitr\u00e4ume ganz alleine auf der Felseninsel <strong>Es Vedr\u00e0<\/strong> verbrachte.<\/p>\n<p><img loading=\"lazy\" decoding=\"async\" class=\"alignnone size-large wp-image-10863\" src=\"https:\/\/www.santjosep.net\/wp-content\/uploads\/2017\/12\/IMG_5524-1024x684.jpg\" alt=\"\" width=\"1024\" height=\"684\" srcset=\"https:\/\/www.santjosep.net\/wp-content\/uploads\/2017\/12\/IMG_5524-1024x684.jpg 1024w, https:\/\/www.santjosep.net\/wp-content\/uploads\/2017\/12\/IMG_5524-300x200.jpg 300w, https:\/\/www.santjosep.net\/wp-content\/uploads\/2017\/12\/IMG_5524-768x513.jpg 768w, https:\/\/www.santjosep.net\/wp-content\/uploads\/2017\/12\/IMG_5524.jpg 1200w\" sizes=\"auto, (max-width: 1024px) 100vw, 1024px\" \/><\/p>\n<p>Wir steigen die Treppe links des Aussichtspunkts hinunter. Dort befindet sich die H\u00f6hle \u201eCueva de la Fuente.\u201c Danach folgen wir dem Pfad bis zu einem asphaltierten Weg und gelangen so nach Vista Alegre, einer Siedlung am Strand Ses Boques. Hier teilt sich der Weg und Sie k\u00f6nnen entweder weiter hinunter zum Strand gehen, oder dem asphaltierten Weg folgen und den Strand von oben betrachten. Falls Sie die Strecke an einem besonders hei\u00dfen Tag zur\u00fccklegen, sind Sie vielleicht dankbar f\u00fcr eine kleine Abk\u00fchlung am Ufer. Wenn Sie mehr \u00fcber diese malerische Bucht erfahren wollen, klicken Sie <a href=\"\/?p=9640\">hier<\/a>.<\/p>\n<div id=\"new-royalslider-89\" class=\"royalSlider new-royalslider-89 rsDefaultInv rs-default-template\" style=\"width:100%;height:533px;;\" data-rs-options='{&quot;template&quot;:&quot;default&quot;,&quot;image_generation&quot;:{&quot;imageWidth&quot;:&quot;&quot;,&quot;imageHeight&quot;:&quot;&quot;,&quot;thumbImageWidth&quot;:&quot;&quot;,&quot;thumbImageHeight&quot;:&quot;&quot;},&quot;thumbs&quot;:{&quot;thumbWidth&quot;:96,&quot;thumbHeight&quot;:72},&quot;autoPlay&quot;:{&quot;delay&quot;:5000},&quot;fullscreen&quot;:{&quot;enabled&quot;:&quot;true&quot;},&quot;block&quot;:{&quot;moveOffset&quot;:20,&quot;speed&quot;:400,&quot;delay&quot;:200},&quot;width&quot;:&quot;100%&quot;,&quot;height&quot;:533,&quot;autoScaleSlider&quot;:&quot;true&quot;,&quot;autoScaleSliderHeight&quot;:533,&quot;imageScaleMode&quot;:&quot;fill&quot;,&quot;imageScalePadding&quot;:0,&quot;arrowsNavAutoHide&quot;:&quot;false&quot;,&quot;globalCaptionInside&quot;:&quot;true&quot;}'>\n<div class=\"rsContent\">\n  <img decoding=\"async\" class=\"rsImg\" src=\"https:\/\/www.santjosep.net\/wp-content\/uploads\/2017\/12\/P1170162-1024x768.jpg\" data-rsBigImg=\"https:\/\/www.santjosep.net\/wp-content\/uploads\/2017\/12\/P1170162.jpg\" alt=\"P1170162\"\/>\n  \n  \n  \n<\/div>\n<div class=\"rsContent\">\n  <img decoding=\"async\" class=\"rsImg\" src=\"https:\/\/www.santjosep.net\/wp-content\/uploads\/2017\/12\/P1170125-1024x768.jpg\" data-rsBigImg=\"https:\/\/www.santjosep.net\/wp-content\/uploads\/2017\/12\/P1170125.jpg\" alt=\"P1170125\"\/>\n  \n  \n  \n<\/div>\n<div class=\"rsContent\">\n  <img decoding=\"async\" class=\"rsImg\" src=\"https:\/\/www.santjosep.net\/wp-content\/uploads\/2017\/12\/P1170124-1024x768.jpg\" data-rsBigImg=\"https:\/\/www.santjosep.net\/wp-content\/uploads\/2017\/12\/P1170124.jpg\" alt=\"P1170124\"\/>\n  \n  \n  \n<\/div>\n<div class=\"rsContent\">\n  <img decoding=\"async\" class=\"rsImg\" src=\"https:\/\/www.santjosep.net\/wp-content\/uploads\/2017\/12\/P1170177-1024x768.jpg\" data-rsBigImg=\"https:\/\/www.santjosep.net\/wp-content\/uploads\/2017\/12\/P1170177.jpg\" alt=\"P1170177\"\/>\n  \n  \n  \n<\/div>\n<div class=\"rsContent\">\n  <img decoding=\"async\" class=\"rsImg\" src=\"https:\/\/www.santjosep.net\/wp-content\/uploads\/2017\/12\/P1170132-1024x768.jpg\" data-rsBigImg=\"https:\/\/www.santjosep.net\/wp-content\/uploads\/2017\/12\/P1170132.jpg\" alt=\"P1170132\"\/>\n  \n  \n  \n<\/div>\n<div class=\"rsContent\">\n  <img decoding=\"async\" class=\"rsImg\" src=\"https:\/\/www.santjosep.net\/wp-content\/uploads\/2017\/12\/P1170137-1024x768.jpg\" data-rsBigImg=\"https:\/\/www.santjosep.net\/wp-content\/uploads\/2017\/12\/P1170137.jpg\" alt=\"P1170137\"\/>\n  \n  \n  \n<\/div>\n<div class=\"rsContent\">\n  <img decoding=\"async\" class=\"rsImg\" src=\"https:\/\/www.santjosep.net\/wp-content\/uploads\/2017\/12\/P1170102-1024x768.jpg\" data-rsBigImg=\"https:\/\/www.santjosep.net\/wp-content\/uploads\/2017\/12\/P1170102.jpg\" alt=\"P1170102\"\/>\n  \n  \n  \n<\/div>\n<div class=\"rsContent\">\n  <img decoding=\"async\" class=\"rsImg\" src=\"https:\/\/www.santjosep.net\/wp-content\/uploads\/2017\/12\/P1170141-1024x768.jpg\" data-rsBigImg=\"https:\/\/www.santjosep.net\/wp-content\/uploads\/2017\/12\/P1170141.jpg\" alt=\"P1170141\"\/>\n  \n  \n  \n<\/div>\n<div class=\"rsContent\">\n  <img decoding=\"async\" class=\"rsImg\" src=\"https:\/\/www.santjosep.net\/wp-content\/uploads\/2017\/12\/P1170172-1024x768.jpg\" data-rsBigImg=\"https:\/\/www.santjosep.net\/wp-content\/uploads\/2017\/12\/P1170172.jpg\" alt=\"P1170172\"\/>\n  \n  \n  \n<\/div>\n<div class=\"rsContent\">\n  <img decoding=\"async\" class=\"rsImg\" src=\"https:\/\/www.santjosep.net\/wp-content\/uploads\/2017\/12\/P1170173-1024x768.jpg\" data-rsBigImg=\"https:\/\/www.santjosep.net\/wp-content\/uploads\/2017\/12\/P1170173.jpg\" alt=\"P1170173\"\/>\n  \n  \n  \n<\/div>\n\n<\/div>\n\n<p>Auch im weiteren Verlauf des asphaltierten Weges erwarten uns grandiose Aussichtspunkte, bis wir schlie\u00dflich den kleinen Strand <strong>Es Niu de S\u2019Aguila<\/strong> erreichen. Hier kann man vier Felsbl\u00f6cke sehen, die wie aufgereihte Perlen den Horizont s\u00e4umen. Der Legende nach errichtete auf dem h\u00f6chsten dieser Felsen einmal ein Raubvogel sein Nest \u2013 so kam die Bucht zu ihrem Namen, &#8222;Adlernest&#8220;. Wir setzen unseren Weg fort und werden schon bald mit dem n\u00e4chsten herrlichen Ziel belohnt, Cala Llentrisca.<\/p>\n<p><img loading=\"lazy\" decoding=\"async\" class=\"alignnone size-large wp-image-10860\" src=\"https:\/\/www.santjosep.net\/wp-content\/uploads\/2017\/12\/IMG_2611-1024x683.jpg\" alt=\"\" width=\"1024\" height=\"683\" srcset=\"https:\/\/www.santjosep.net\/wp-content\/uploads\/2017\/12\/IMG_2611-1024x683.jpg 1024w, https:\/\/www.santjosep.net\/wp-content\/uploads\/2017\/12\/IMG_2611-300x200.jpg 300w, https:\/\/www.santjosep.net\/wp-content\/uploads\/2017\/12\/IMG_2611-768x512.jpg 768w, https:\/\/www.santjosep.net\/wp-content\/uploads\/2017\/12\/IMG_2611.jpg 1200w\" sizes=\"auto, (max-width: 1024px) 100vw, 1024px\" \/><br \/>\nNach der Bucht von Es Niu de S\u2019\u00c0guila folgen wir dem Weg weiter bis zu einer Gabelung. Dort nehmen wir die rechte Abzweigung, bis wir (rechterhand) auf eine Stra\u00dfe treffen, die als \u201eCalle sin salida\u201c (\u201eSackgasse\u201c) beschildert ist. Wenn wir dieser Stra\u00dfe bis zum letzten Haus folgen, gelangen wir rechts davon zu einem Erdhang und einem kleinen dahinterliegenden Platz. Von dort aus nehmen wir den gegen\u00fcberliegenden Waldweg und wandern etwa 600 m einen schmalen Weg direkt am Berg entlang, bis wir Cala Llentrisca erreichen. Diese versteckte, von Nadelb\u00e4umen umgebene Bucht l\u00e4dt zum Verweilen und Baden ein, bevor es weitergeht. Mehr Informationen zu dieser bezaubernden Bucht finden Sie <a href=\"\/?p=5425\">hier<\/a>.<\/p>\n<div id=\"new-royalslider-43\" class=\"royalSlider new-royalslider-43 rsDefaultInv rs-default-template\" style=\"width:100%;height:533px;;\" data-rs-options='{&quot;template&quot;:&quot;default&quot;,&quot;image_generation&quot;:{&quot;imageWidth&quot;:&quot;&quot;,&quot;imageHeight&quot;:&quot;&quot;,&quot;thumbImageWidth&quot;:&quot;&quot;,&quot;thumbImageHeight&quot;:&quot;&quot;},&quot;thumbs&quot;:{&quot;thumbWidth&quot;:96,&quot;thumbHeight&quot;:72},&quot;autoPlay&quot;:{&quot;delay&quot;:5000},&quot;fullscreen&quot;:{&quot;enabled&quot;:&quot;true&quot;},&quot;block&quot;:{&quot;moveOffset&quot;:20,&quot;speed&quot;:400,&quot;delay&quot;:200},&quot;width&quot;:&quot;100%&quot;,&quot;height&quot;:533,&quot;autoScaleSlider&quot;:&quot;true&quot;,&quot;autoScaleSliderHeight&quot;:533,&quot;imageScaleMode&quot;:&quot;fill&quot;,&quot;imageScalePadding&quot;:0,&quot;arrowsNavAutoHide&quot;:&quot;false&quot;,&quot;globalCaptionInside&quot;:&quot;true&quot;}'>\n<div class=\"rsContent\">\n  <img decoding=\"async\" class=\"rsImg\" src=\"https:\/\/www.santjosep.net\/wp-content\/uploads\/2015\/10\/IMG_5537-1024x682.jpg\" data-rsBigImg=\"https:\/\/www.santjosep.net\/wp-content\/uploads\/2015\/10\/IMG_5537.jpg\" alt=\"IMG_5537\"\/>\n  \n  \n  \n<\/div>\n<div class=\"rsContent\">\n  <img decoding=\"async\" class=\"rsImg\" src=\"https:\/\/www.santjosep.net\/wp-content\/uploads\/2015\/10\/IMG_5550-1024x682.jpg\" data-rsBigImg=\"https:\/\/www.santjosep.net\/wp-content\/uploads\/2015\/10\/IMG_5550.jpg\" alt=\"IMG_5550\"\/>\n  \n  \n  \n<\/div>\n<div class=\"rsContent\">\n  <img decoding=\"async\" class=\"rsImg\" src=\"https:\/\/www.santjosep.net\/wp-content\/uploads\/2015\/10\/IMG_5555-1024x682.jpg\" data-rsBigImg=\"https:\/\/www.santjosep.net\/wp-content\/uploads\/2015\/10\/IMG_5555.jpg\" alt=\"IMG_5555\"\/>\n  \n  \n  \n<\/div>\n<div class=\"rsContent\">\n  <img decoding=\"async\" class=\"rsImg\" src=\"https:\/\/www.santjosep.net\/wp-content\/uploads\/2015\/10\/IMG_5564-1024x682.jpg\" data-rsBigImg=\"https:\/\/www.santjosep.net\/wp-content\/uploads\/2015\/10\/IMG_5564.jpg\" alt=\"IMG_5564\"\/>\n  \n  \n  \n<\/div>\n<div class=\"rsContent\">\n  <img decoding=\"async\" class=\"rsImg\" src=\"https:\/\/www.santjosep.net\/wp-content\/uploads\/2015\/10\/IMG_5567-1024x682.jpg\" data-rsBigImg=\"https:\/\/www.santjosep.net\/wp-content\/uploads\/2015\/10\/IMG_5567.jpg\" alt=\"IMG_5567\"\/>\n  \n  \n  \n<\/div>\n<div class=\"rsContent\">\n  <img decoding=\"async\" class=\"rsImg\" src=\"https:\/\/www.santjosep.net\/wp-content\/uploads\/2015\/10\/IMG_5568-1024x682.jpg\" data-rsBigImg=\"https:\/\/www.santjosep.net\/wp-content\/uploads\/2015\/10\/IMG_5568.jpg\" alt=\"IMG_5568\"\/>\n  \n  \n  \n<\/div>\n\n<\/div>\n\n<p>Nach einem Bad und einer Ruhepause an diesem abgelegenen Strand setzen wir die Tour auf einem Weg fort, der gleich neben dem Pfad liegt, der uns zum Strand gef\u00fchrt hat.<\/p>\n<p><img loading=\"lazy\" decoding=\"async\" class=\"alignnone size-large wp-image-10866\" src=\"https:\/\/www.santjosep.net\/wp-content\/uploads\/2017\/12\/calallentrisca_IMG_1929-1024x683.jpg\" alt=\"\" width=\"1024\" height=\"683\" srcset=\"https:\/\/www.santjosep.net\/wp-content\/uploads\/2017\/12\/calallentrisca_IMG_1929-1024x683.jpg 1024w, https:\/\/www.santjosep.net\/wp-content\/uploads\/2017\/12\/calallentrisca_IMG_1929-300x200.jpg 300w, https:\/\/www.santjosep.net\/wp-content\/uploads\/2017\/12\/calallentrisca_IMG_1929-768x512.jpg 768w, https:\/\/www.santjosep.net\/wp-content\/uploads\/2017\/12\/calallentrisca_IMG_1929.jpg 1200w\" sizes=\"auto, (max-width: 1024px) 100vw, 1024px\" \/><br \/>\nDer folgende Abschnitt ist etwas steiler, aber keine Sorge, denn es lohnt sich. Wie Sie auf unserer Karte sehen k\u00f6nnen, f\u00fchrt der letzte Teil dieses Pfades uns hinauf zum <strong>Cap Llentrisca<\/strong>. Neben der atemberaubenden Aussicht auf das Meer erwartet uns hier noch eine \u00dcberraschung: Die Felseninsel <strong>Es Vedr\u00e0<\/strong> liegt zu unserer Rechten. Zeit, die Kamera auszupacken.<\/p>\n<p><img loading=\"lazy\" decoding=\"async\" class=\"alignnone size-large wp-image-10869\" src=\"https:\/\/www.santjosep.net\/wp-content\/uploads\/2017\/12\/IMG_1954-1024x683.jpg\" alt=\"\" width=\"1024\" height=\"683\" srcset=\"https:\/\/www.santjosep.net\/wp-content\/uploads\/2017\/12\/IMG_1954-1024x683.jpg 1024w, https:\/\/www.santjosep.net\/wp-content\/uploads\/2017\/12\/IMG_1954-300x200.jpg 300w, https:\/\/www.santjosep.net\/wp-content\/uploads\/2017\/12\/IMG_1954-768x512.jpg 768w, https:\/\/www.santjosep.net\/wp-content\/uploads\/2017\/12\/IMG_1954.jpg 1200w\" sizes=\"auto, (max-width: 1024px) 100vw, 1024px\" \/> <img loading=\"lazy\" decoding=\"async\" class=\"alignnone size-large wp-image-10872\" src=\"https:\/\/www.santjosep.net\/wp-content\/uploads\/2017\/12\/IMG_1898-1024x683.jpg\" alt=\"\" width=\"1024\" height=\"683\" srcset=\"https:\/\/www.santjosep.net\/wp-content\/uploads\/2017\/12\/IMG_1898-1024x683.jpg 1024w, https:\/\/www.santjosep.net\/wp-content\/uploads\/2017\/12\/IMG_1898-300x200.jpg 300w, https:\/\/www.santjosep.net\/wp-content\/uploads\/2017\/12\/IMG_1898-768x512.jpg 768w, https:\/\/www.santjosep.net\/wp-content\/uploads\/2017\/12\/IMG_1898.jpg 1200w\" sizes=\"auto, (max-width: 1024px) 100vw, 1024px\" \/><br \/>\nDann geht es wieder zur\u00fcck, doch die Erinnerungen an diese Wanderung bleiben Ihnen sicher noch lange im Ged\u00e4chtnis. Wir folgen den von Nadelb\u00e4umen umgebenen Pfad durch die unber\u00fchrte Natur und gelangen so zu unserem Ausgangspunkt zur\u00fcck. Auch auf dem R\u00fcckweg erwarten uns malerische Ausblicke und Natur pur.<\/p>\n","protected":false},"excerpt":{"rendered":"<p>Ausgangspunkt dieser Route ist das einzigartig gelegene D\u00f6rfchen Es Cubells am Rande einer beeindruckenden Steilk\u00fcste im S\u00fcden von Sant Josep. Dementsprechend belohnt die Tour den Wanderer mit spektakul\u00e4ren Panoramaaussichten aufs Meer, reichlich Natur und Str\u00e4nden fernab des sommerlichen Menschenandrangs. Machen [&hellip;]<\/p>\n","protected":false},"author":1,"featured_media":21309,"comment_status":"open","ping_status":"open","sticky":false,"template":"","format":"standard","meta":{"_acf_changed":false,"inline_featured_image":false,"footnotes":""},"categories":[154,161],"tags":[],"class_list":["post-10914","post","type-post","status-publish","format-standard","has-post-thumbnail","hentry","category-fahrten","category-rounten"],"acf":[],"geo":null,"yoast_head":"<!-- This site is optimized with the Yoast SEO plugin v25.7 - https:\/\/yoast.com\/wordpress\/plugins\/seo\/ -->\n<title>Tour von Es Cubells nach Cala Llentrisca - Santjosep.net<\/title>\n<meta name=\"robots\" content=\"index, follow, max-snippet:-1, max-image-preview:large, max-video-preview:-1\" \/>\n<link rel=\"canonical\" href=\"https:\/\/www.santjosep.net\/de\/tour-von-es-cubells-nach-cala-llentrisca\/\" \/>\n<meta property=\"og:locale\" content=\"de_DE\" \/>\n<meta property=\"og:type\" content=\"article\" \/>\n<meta property=\"og:title\" content=\"Tour von Es Cubells nach Cala Llentrisca - Santjosep.net\" \/>\n<meta property=\"og:description\" content=\"Ausgangspunkt dieser Route ist das einzigartig gelegene D\u00f6rfchen Es Cubells am Rande einer beeindruckenden Steilk\u00fcste im S\u00fcden von Sant Josep. Dementsprechend belohnt die Tour den Wanderer mit spektakul\u00e4ren Panoramaaussichten aufs Meer, reichlich Natur und Str\u00e4nden fernab des sommerlichen Menschenandrangs. Machen [&hellip;]\" \/>\n<meta property=\"og:url\" content=\"https:\/\/www.santjosep.net\/de\/tour-von-es-cubells-nach-cala-llentrisca\/\" \/>\n<meta property=\"og:site_name\" content=\"Santjosep.net\" \/>\n<meta property=\"article:published_time\" content=\"2017-12-29T12:04:27+00:00\" \/>\n<meta property=\"article:modified_time\" content=\"2020-01-24T08:57:43+00:00\" \/>\n<meta property=\"og:image\" content=\"https:\/\/www.santjosep.net\/wp-content\/uploads\/2017\/12\/Ruta-desde-Es-Cubells-a-Cala-Llentrisca-.jpg\" \/>\n\t<meta property=\"og:image:width\" content=\"2000\" \/>\n\t<meta property=\"og:image:height\" content=\"1500\" \/>\n\t<meta property=\"og:image:type\" content=\"image\/jpeg\" \/>\n<meta name=\"author\" content=\"Sant Josep\" \/>\n<meta name=\"twitter:card\" content=\"summary_large_image\" \/>\n<meta name=\"twitter:label1\" content=\"Verfasst von\" \/>\n\t<meta name=\"twitter:data1\" content=\"Sant Josep\" \/>\n\t<meta name=\"twitter:label2\" content=\"Gesch\u00e4tzte Lesezeit\" \/>\n\t<meta name=\"twitter:data2\" content=\"3\u00a0Minuten\" \/>\n<script type=\"application\/ld+json\" class=\"yoast-schema-graph\">{\"@context\":\"https:\/\/schema.org\",\"@graph\":[{\"@type\":\"WebPage\",\"@id\":\"https:\/\/www.santjosep.net\/de\/tour-von-es-cubells-nach-cala-llentrisca\/\",\"url\":\"https:\/\/www.santjosep.net\/de\/tour-von-es-cubells-nach-cala-llentrisca\/\",\"name\":\"Tour von Es Cubells nach Cala Llentrisca - Santjosep.net\",\"isPartOf\":{\"@id\":\"https:\/\/www.santjosep.net\/#website\"},\"primaryImageOfPage\":{\"@id\":\"https:\/\/www.santjosep.net\/de\/tour-von-es-cubells-nach-cala-llentrisca\/#primaryimage\"},\"image\":{\"@id\":\"https:\/\/www.santjosep.net\/de\/tour-von-es-cubells-nach-cala-llentrisca\/#primaryimage\"},\"thumbnailUrl\":\"https:\/\/www.santjosep.net\/wp-content\/uploads\/2017\/12\/Ruta-desde-Es-Cubells-a-Cala-Llentrisca-.jpg\",\"datePublished\":\"2017-12-29T12:04:27+00:00\",\"dateModified\":\"2020-01-24T08:57:43+00:00\",\"author\":{\"@id\":\"https:\/\/www.santjosep.net\/#\/schema\/person\/b60e56f94e4e55776eb62bf4293f99b6\"},\"inLanguage\":\"de\",\"potentialAction\":[{\"@type\":\"ReadAction\",\"target\":[\"https:\/\/www.santjosep.net\/de\/tour-von-es-cubells-nach-cala-llentrisca\/\"]}]},{\"@type\":\"ImageObject\",\"inLanguage\":\"de\",\"@id\":\"https:\/\/www.santjosep.net\/de\/tour-von-es-cubells-nach-cala-llentrisca\/#primaryimage\",\"url\":\"https:\/\/www.santjosep.net\/wp-content\/uploads\/2017\/12\/Ruta-desde-Es-Cubells-a-Cala-Llentrisca-.jpg\",\"contentUrl\":\"https:\/\/www.santjosep.net\/wp-content\/uploads\/2017\/12\/Ruta-desde-Es-Cubells-a-Cala-Llentrisca-.jpg\",\"width\":2000,\"height\":1500},{\"@type\":\"WebSite\",\"@id\":\"https:\/\/www.santjosep.net\/#website\",\"url\":\"https:\/\/www.santjosep.net\/\",\"name\":\"Santjosep.net\",\"description\":\"\",\"potentialAction\":[{\"@type\":\"SearchAction\",\"target\":{\"@type\":\"EntryPoint\",\"urlTemplate\":\"https:\/\/www.santjosep.net\/?s={search_term_string}\"},\"query-input\":{\"@type\":\"PropertyValueSpecification\",\"valueRequired\":true,\"valueName\":\"search_term_string\"}}],\"inLanguage\":\"de\"},{\"@type\":\"Person\",\"@id\":\"https:\/\/www.santjosep.net\/#\/schema\/person\/b60e56f94e4e55776eb62bf4293f99b6\",\"name\":\"Sant Josep\",\"image\":{\"@type\":\"ImageObject\",\"inLanguage\":\"de\",\"@id\":\"https:\/\/www.santjosep.net\/#\/schema\/person\/image\/\",\"url\":\"https:\/\/secure.gravatar.com\/avatar\/2f4071817a97d2499c5aae9674ee15015b5a3c7c0974ca84f095a8e4aadcda56?s=96&d=mm&r=g\",\"contentUrl\":\"https:\/\/secure.gravatar.com\/avatar\/2f4071817a97d2499c5aae9674ee15015b5a3c7c0974ca84f095a8e4aadcda56?s=96&d=mm&r=g\",\"caption\":\"Sant Josep\"},\"url\":\"https:\/\/www.santjosep.net\/de\/author\/fugrafic\/\"}]}<\/script>\n<!-- \/ Yoast SEO plugin. -->","yoast_head_json":{"title":"Tour von Es Cubells nach Cala Llentrisca - Santjosep.net","robots":{"index":"index","follow":"follow","max-snippet":"max-snippet:-1","max-image-preview":"max-image-preview:large","max-video-preview":"max-video-preview:-1"},"canonical":"https:\/\/www.santjosep.net\/de\/tour-von-es-cubells-nach-cala-llentrisca\/","og_locale":"de_DE","og_type":"article","og_title":"Tour von Es Cubells nach Cala Llentrisca - Santjosep.net","og_description":"Ausgangspunkt dieser Route ist das einzigartig gelegene D\u00f6rfchen Es Cubells am Rande einer beeindruckenden Steilk\u00fcste im S\u00fcden von Sant Josep. Dementsprechend belohnt die Tour den Wanderer mit spektakul\u00e4ren Panoramaaussichten aufs Meer, reichlich Natur und Str\u00e4nden fernab des sommerlichen Menschenandrangs. Machen [&hellip;]","og_url":"https:\/\/www.santjosep.net\/de\/tour-von-es-cubells-nach-cala-llentrisca\/","og_site_name":"Santjosep.net","article_published_time":"2017-12-29T12:04:27+00:00","article_modified_time":"2020-01-24T08:57:43+00:00","og_image":[{"width":2000,"height":1500,"url":"https:\/\/www.santjosep.net\/wp-content\/uploads\/2017\/12\/Ruta-desde-Es-Cubells-a-Cala-Llentrisca-.jpg","type":"image\/jpeg"}],"author":"Sant Josep","twitter_card":"summary_large_image","twitter_misc":{"Verfasst von":"Sant Josep","Gesch\u00e4tzte Lesezeit":"3\u00a0Minuten"},"schema":{"@context":"https:\/\/schema.org","@graph":[{"@type":"WebPage","@id":"https:\/\/www.santjosep.net\/de\/tour-von-es-cubells-nach-cala-llentrisca\/","url":"https:\/\/www.santjosep.net\/de\/tour-von-es-cubells-nach-cala-llentrisca\/","name":"Tour von Es Cubells nach Cala Llentrisca - Santjosep.net","isPartOf":{"@id":"https:\/\/www.santjosep.net\/#website"},"primaryImageOfPage":{"@id":"https:\/\/www.santjosep.net\/de\/tour-von-es-cubells-nach-cala-llentrisca\/#primaryimage"},"image":{"@id":"https:\/\/www.santjosep.net\/de\/tour-von-es-cubells-nach-cala-llentrisca\/#primaryimage"},"thumbnailUrl":"https:\/\/www.santjosep.net\/wp-content\/uploads\/2017\/12\/Ruta-desde-Es-Cubells-a-Cala-Llentrisca-.jpg","datePublished":"2017-12-29T12:04:27+00:00","dateModified":"2020-01-24T08:57:43+00:00","author":{"@id":"https:\/\/www.santjosep.net\/#\/schema\/person\/b60e56f94e4e55776eb62bf4293f99b6"},"inLanguage":"de","potentialAction":[{"@type":"ReadAction","target":["https:\/\/www.santjosep.net\/de\/tour-von-es-cubells-nach-cala-llentrisca\/"]}]},{"@type":"ImageObject","inLanguage":"de","@id":"https:\/\/www.santjosep.net\/de\/tour-von-es-cubells-nach-cala-llentrisca\/#primaryimage","url":"https:\/\/www.santjosep.net\/wp-content\/uploads\/2017\/12\/Ruta-desde-Es-Cubells-a-Cala-Llentrisca-.jpg","contentUrl":"https:\/\/www.santjosep.net\/wp-content\/uploads\/2017\/12\/Ruta-desde-Es-Cubells-a-Cala-Llentrisca-.jpg","width":2000,"height":1500},{"@type":"WebSite","@id":"https:\/\/www.santjosep.net\/#website","url":"https:\/\/www.santjosep.net\/","name":"Santjosep.net","description":"","potentialAction":[{"@type":"SearchAction","target":{"@type":"EntryPoint","urlTemplate":"https:\/\/www.santjosep.net\/?s={search_term_string}"},"query-input":{"@type":"PropertyValueSpecification","valueRequired":true,"valueName":"search_term_string"}}],"inLanguage":"de"},{"@type":"Person","@id":"https:\/\/www.santjosep.net\/#\/schema\/person\/b60e56f94e4e55776eb62bf4293f99b6","name":"Sant Josep","image":{"@type":"ImageObject","inLanguage":"de","@id":"https:\/\/www.santjosep.net\/#\/schema\/person\/image\/","url":"https:\/\/secure.gravatar.com\/avatar\/2f4071817a97d2499c5aae9674ee15015b5a3c7c0974ca84f095a8e4aadcda56?s=96&d=mm&r=g","contentUrl":"https:\/\/secure.gravatar.com\/avatar\/2f4071817a97d2499c5aae9674ee15015b5a3c7c0974ca84f095a8e4aadcda56?s=96&d=mm&r=g","caption":"Sant Josep"},"url":"https:\/\/www.santjosep.net\/de\/author\/fugrafic\/"}]}},"_links":{"self":[{"href":"https:\/\/www.santjosep.net\/de\/wp-json\/wp\/v2\/posts\/10914","targetHints":{"allow":["GET"]}}],"collection":[{"href":"https:\/\/www.santjosep.net\/de\/wp-json\/wp\/v2\/posts"}],"about":[{"href":"https:\/\/www.santjosep.net\/de\/wp-json\/wp\/v2\/types\/post"}],"author":[{"embeddable":true,"href":"https:\/\/www.santjosep.net\/de\/wp-json\/wp\/v2\/users\/1"}],"replies":[{"embeddable":true,"href":"https:\/\/www.santjosep.net\/de\/wp-json\/wp\/v2\/comments?post=10914"}],"version-history":[{"count":0,"href":"https:\/\/www.santjosep.net\/de\/wp-json\/wp\/v2\/posts\/10914\/revisions"}],"wp:featuredmedia":[{"embeddable":true,"href":"https:\/\/www.santjosep.net\/de\/wp-json\/wp\/v2\/media\/21309"}],"wp:attachment":[{"href":"https:\/\/www.santjosep.net\/de\/wp-json\/wp\/v2\/media?parent=10914"}],"wp:term":[{"taxonomy":"category","embeddable":true,"href":"https:\/\/www.santjosep.net\/de\/wp-json\/wp\/v2\/categories?post=10914"},{"taxonomy":"post_tag","embeddable":true,"href":"https:\/\/www.santjosep.net\/de\/wp-json\/wp\/v2\/tags?post=10914"}],"curies":[{"name":"wp","href":"https:\/\/api.w.org\/{rel}","templated":true}]}}