{"id":10222,"date":"2017-11-23T11:57:34","date_gmt":"2017-11-23T11:57:34","guid":{"rendered":"https:\/\/www.santjosep.net\/fira-la-sal\/"},"modified":"2020-01-23T18:20:53","modified_gmt":"2020-01-23T17:20:53","slug":"fira-la-sal","status":"publish","type":"post","link":"https:\/\/www.santjosep.net\/de\/fira-la-sal\/","title":{"rendered":"Fira de la Sal"},"content":{"rendered":"<p><span style=\"font-weight: 400;\">lm Oktober wird an den Salinen von Ibiza die<strong> Feria de la Sal<\/strong>, das Salzfest, gefeiert. Es ist zugleich eine neue Attraktion f\u00fcr Touristen und dient der Verbreiten von Tradition und Kultur<\/span><\/p>\n<p><span style=\"font-weight: 400;\">Organisiert wird die Veranstaltung vom Rathaus Sant Josep, der lnselverwaltung Consell d&#8217;Eivissa und dem <strong>Naturpark Ses Salines d&#8217;Eivissa i Formentera<\/strong>. lm Mittelpunkt steht hierbei das ehrende Andenken an all die Salinenarbeiter. Den ganzen Tag \u00fcber k\u00f6nnen Besucher bei verschiedenen Aktivit\u00e4ten die Traditionen der manuellen Salzgewinnung kennenlernen. <\/span><\/p>\n<p>&nbsp;<\/p>\n<p><span style=\"font-weight: 400;\">Ein erkl\u00e4rtes Ziel des Festes ist es, einen Anreiz f\u00fcr Touristen und Einheimische gleicherma<\/span><b>\u00df<\/b><span style=\"font-weight: 400;\">en zu schaffen und so die Touristensaison zeitlich zu entzerren. Au<\/span><b>\u00df<\/b><span style=\"font-weight: 400;\">erdem sollen <strong>Traditionen<\/strong>,<strong> Kultur<\/strong> und Tourismus einander n\u00e4hergebracht werden. Zu diesem Zweck finden Veranstaltungen rund ums Brauchtum der Salzgewinnung statt &#8211; ein vielseitiges Angebot, dass es Besuchern erlaubt, den Naturpark mit ganz anderen Augen zu betrachten. <\/span><\/p>\n<p><b>GESCHICHTE<\/b><\/p>\n<p><span style=\"font-weight: 400;\">In der Antike war Salz ein bedeutender Rohstoff und wurde zum Konservieren von Lebensmitteln verwendet. Schon die <strong>ph\u00f6nizischen<\/strong> Siedler legten die ersten Salinen an und handelten mit eingesalzenem Fisch &#8211; eine Tradition, die sich bis heute fortsetzt. Historisch betrachtet trug dieser Handel ma<\/span><b>\u00df<\/b><span style=\"font-weight: 400;\">geblich zum Reichtum lbizas bei. Die Wirtschaft erlebte eine Bl\u00fctezeit und es konnten eine Universit\u00e4t, eine Regierung gegr\u00fcndet und Verteidigungsmauern und Wehrt\u00fcrme errichtet werden. <\/span><\/p>\n<p><img loading=\"lazy\" decoding=\"async\" class=\"alignnone size-large wp-image-10198\" src=\"https:\/\/www.santjosep.net\/wp-content\/uploads\/2017\/11\/salineros-ibiza-1024x694-1024x693.jpg\" alt=\"\" width=\"1024\" height=\"693\" srcset=\"https:\/\/www.santjosep.net\/wp-content\/uploads\/2017\/11\/salineros-ibiza-1024x694-1024x693.jpg 1024w, https:\/\/www.santjosep.net\/wp-content\/uploads\/2017\/11\/salineros-ibiza-1024x694-300x203.jpg 300w, https:\/\/www.santjosep.net\/wp-content\/uploads\/2017\/11\/salineros-ibiza-1024x694-768x520.jpg 768w, https:\/\/www.santjosep.net\/wp-content\/uploads\/2017\/11\/salineros-ibiza-1024x694.jpg 1164w\" sizes=\"auto, (max-width: 1024px) 100vw, 1024px\" \/><\/p>\n<p><img loading=\"lazy\" decoding=\"async\" class=\"size-large wp-image-10165\" src=\"https:\/\/www.santjosep.net\/wp-content\/uploads\/2017\/11\/II-Fira-de-la-Sal__SGC5202-1024x683.jpg\" alt=\"\" width=\"1024\" height=\"683\" srcset=\"https:\/\/www.santjosep.net\/wp-content\/uploads\/2017\/11\/II-Fira-de-la-Sal__SGC5202-1024x683.jpg 1024w, https:\/\/www.santjosep.net\/wp-content\/uploads\/2017\/11\/II-Fira-de-la-Sal__SGC5202-300x200.jpg 300w, https:\/\/www.santjosep.net\/wp-content\/uploads\/2017\/11\/II-Fira-de-la-Sal__SGC5202-768x512.jpg 768w\" sizes=\"auto, (max-width: 1024px) 100vw, 1024px\" \/><\/p>\n<p><b>DIE SALINEN UND IHRE ARBEITER<\/b><\/p>\n<p><span style=\"font-weight: 400;\">Das Fest beginnt mit einem foguer\u00f3, dem traditionellen Zusammenrufen aller Salinenarbeiter der lnsel zur Salzernte an der <strong>Era de l&#8217;Antic Munt<\/strong> <strong>de Sal<\/strong>, einem an eine Tenne erinnernden kreisf\u00fcrmigen Platz am alten Salzberg. <\/span><\/p>\n<p><span style=\"font-weight: 400;\">Die <a href=\"https:\/\/www.santjosep.net\/de\/sehen\/torres-des-carregador-de-sa-sal\/\"><strong>Torre de sa Sal Rossa<\/strong><\/a>, der&#8220;Turm des Roten Salzes&#8220; sch\u00fctzte fr\u00fcher den alten Umschlagplatz f\u00fcr Salz und bietet heute Besuchern historisch inspirierte F\u00fchrungen mit Schauspielern, die Wachtposten, Salinenarbeiter und Piraten darstellen. <\/span><\/p>\n<p><span style=\"font-weight: 400;\">Die Hauptattraktion bildet die Nachstellung der historischen Salzgewinnung durch die Salinenarbeiter in den flachen Becken. Die Darsteller benutzen daf\u00fcr echte historische Ger\u00e4te. In dieser Form wurde das Salz bis ins Jahr 1955 gewonnen, bis die spanische Salinengesellschaft &#8222;Salinera Espa\u00f1ola&#8220; die Mechanisierung des Prozesses vorantrieb. Viele Jahre sp\u00e4ter haben nun die Besucher die Gelegenheit, eine authentische Nachstellung zu erleben und dabei den Schilderungen eines ehemaligen Salinenarbeiters zuzuhoren. <\/span><\/p>\n<p><img loading=\"lazy\" decoding=\"async\" class=\"size-large wp-image-10215\" src=\"https:\/\/www.santjosep.net\/wp-content\/uploads\/2017\/11\/II-Fira-de-la-Sal__SGC6085-1024x683.jpg\" alt=\"\" width=\"1024\" height=\"683\" srcset=\"https:\/\/www.santjosep.net\/wp-content\/uploads\/2017\/11\/II-Fira-de-la-Sal__SGC6085-1024x683.jpg 1024w, https:\/\/www.santjosep.net\/wp-content\/uploads\/2017\/11\/II-Fira-de-la-Sal__SGC6085-300x200.jpg 300w, https:\/\/www.santjosep.net\/wp-content\/uploads\/2017\/11\/II-Fira-de-la-Sal__SGC6085-768x512.jpg 768w\" sizes=\"auto, (max-width: 1024px) 100vw, 1024px\" \/><\/p>\n<p><b>NATUR<\/b><\/p>\n<p><span style=\"font-weight: 400;\">Der <strong>naturpark ses salines d\u2019Eivissa i Formentera<\/strong> ist wegen seiner Artenvielfalt und zahlreichen \u00d6kosysteme der wertvollste Naturraum der pitiusen. Den ganzen Morgen \u00fcber finden ausgehend vom Forschung &#8211; und Dokumentationszentrum (Centro de Interpretaci\u00f3n) F\u00fchrungen durch die einzigartige Landschaft statt.<\/span><\/p>\n<p><img loading=\"lazy\" decoding=\"async\" class=\"size-large wp-image-10168\" src=\"https:\/\/www.santjosep.net\/wp-content\/uploads\/2017\/11\/II-Fira-de-la-Sal__SGC6264-1024x683.jpg\" alt=\"\" width=\"1024\" height=\"683\" srcset=\"https:\/\/www.santjosep.net\/wp-content\/uploads\/2017\/11\/II-Fira-de-la-Sal__SGC6264-1024x683.jpg 1024w, https:\/\/www.santjosep.net\/wp-content\/uploads\/2017\/11\/II-Fira-de-la-Sal__SGC6264-300x200.jpg 300w, https:\/\/www.santjosep.net\/wp-content\/uploads\/2017\/11\/II-Fira-de-la-Sal__SGC6264-768x512.jpg 768w\" sizes=\"auto, (max-width: 1024px) 100vw, 1024px\" \/><\/p>\n<p><b>TRADITION UND GASTRONOMIE<\/b><\/p>\n<p><span style=\"font-weight: 400;\">Hier k\u00f6nnen Besucher etwas \u00fcber die historische Verwendung von Salz zum Einlegen von Oliven, Fleisch und getrocknetem Fisch lernen. Abgerundet wird die Veranstaltung mit der Verkostung eines traditionellen Pokelfleischgerichts mit Kohl:<strong> &#8222;Huesos con col&#8220;<\/strong>. <\/span><\/p>\n<p><span style=\"font-weight: 400;\">Auch die nahegelegenen Restaurants bieten heute ein spezielles Men\u00fc mit typischen, saisonalen Gerichten und ibizenkischem Salz an. <\/span><\/p>\n<p><span style=\"font-weight: 400;\">Die Folkloregruppe von Sant Jordi f\u00fchrt einen traditionellen ibizenkischen Tanz auf und die Pfarrgemeinde demonstriert ein althergebrachtes christliches Ritual, das <strong>Salpassa<\/strong>, bei dem Weihwasser und Salz auf den \u00f6rtlichen T\u00fcrschwellen abgelegt wurden um die Bewohner zu sch\u00fctzen. <\/span><\/p>\n<p><img loading=\"lazy\" decoding=\"async\" class=\"size-large wp-image-10171\" src=\"https:\/\/www.santjosep.net\/wp-content\/uploads\/2017\/11\/II-Fira-de-la-Sal__SGC6623-1024x683.jpg\" alt=\"\" width=\"1024\" height=\"683\" srcset=\"https:\/\/www.santjosep.net\/wp-content\/uploads\/2017\/11\/II-Fira-de-la-Sal__SGC6623-1024x683.jpg 1024w, https:\/\/www.santjosep.net\/wp-content\/uploads\/2017\/11\/II-Fira-de-la-Sal__SGC6623-300x200.jpg 300w, https:\/\/www.santjosep.net\/wp-content\/uploads\/2017\/11\/II-Fira-de-la-Sal__SGC6623-768x512.jpg 768w\" sizes=\"auto, (max-width: 1024px) 100vw, 1024px\" \/><\/p>\n<p><b>KULTUR UND HISTORISCHES ERBE<\/b><br \/>\n<span style=\"font-weight: 400;\">In den Ausstellungsr\u00c4umen &#8222;<strong>La Nave<\/strong>&#8222;werden Filmausschnitte gezeigt. Hier klaren Historiker und fr\u00fchere Salinenarbeiter in Vortr\u00e4gen \u00fcber die geschichtliche Bedeutung der Salzgewinnung und das Erbe der Salzindustrie auf. Au<\/span><b>\u00df<\/b><span style=\"font-weight: 400;\">erdem kann man den historischen Brunnen <a href=\"https:\/\/www.santjosep.net\/de\/sehen\/pou-des-carbo\/\"><strong>Pou des Carb\u00f3<\/strong><\/a> besuchen, der seit 1735 bis heute Wasser spendet und bei verschiedenen Arbeitsschritten der Salzernte genutzt wurde. <\/span><\/p>\n<p>[new_royalslider id=&#8220;79&#8243;<\/p>\n","protected":false},"excerpt":{"rendered":"<p>lm Oktober wird an den Salinen von Ibiza die Feria de la Sal, das Salzfest, gefeiert. Es ist zugleich eine neue Attraktion f\u00fcr Touristen und dient der Verbreiten von Tradition und Kultur Organisiert wird die Veranstaltung vom Rathaus Sant Josep, [&hellip;]<\/p>\n","protected":false},"author":1,"featured_media":21330,"comment_status":"open","ping_status":"open","sticky":false,"template":"","format":"standard","meta":{"_acf_changed":false,"inline_featured_image":false,"footnotes":""},"categories":[162],"tags":[],"class_list":["post-10222","post","type-post","status-publish","format-standard","has-post-thumbnail","hentry","category-geschehen"],"acf":[],"geo":null,"yoast_head":"<!-- This site is optimized with the Yoast SEO plugin v25.7 - https:\/\/yoast.com\/wordpress\/plugins\/seo\/ -->\n<title>Fira de la Sal - Santjosep.net<\/title>\n<meta name=\"robots\" content=\"index, follow, max-snippet:-1, max-image-preview:large, max-video-preview:-1\" \/>\n<link rel=\"canonical\" href=\"https:\/\/www.santjosep.net\/de\/fira-la-sal\/\" \/>\n<meta property=\"og:locale\" content=\"de_DE\" \/>\n<meta property=\"og:type\" content=\"article\" \/>\n<meta property=\"og:title\" content=\"Fira de la Sal - Santjosep.net\" \/>\n<meta property=\"og:description\" content=\"lm Oktober wird an den Salinen von Ibiza die Feria de la Sal, das Salzfest, gefeiert. Es ist zugleich eine neue Attraktion f\u00fcr Touristen und dient der Verbreiten von Tradition und Kultur Organisiert wird die Veranstaltung vom Rathaus Sant Josep, [&hellip;]\" \/>\n<meta property=\"og:url\" content=\"https:\/\/www.santjosep.net\/de\/fira-la-sal\/\" \/>\n<meta property=\"og:site_name\" content=\"Santjosep.net\" \/>\n<meta property=\"article:published_time\" content=\"2017-11-23T11:57:34+00:00\" \/>\n<meta property=\"article:modified_time\" content=\"2020-01-23T17:20:53+00:00\" \/>\n<meta property=\"og:image\" content=\"https:\/\/www.santjosep.net\/wp-content\/uploads\/2017\/11\/firadelasalold-1.jpg\" \/>\n\t<meta property=\"og:image:width\" content=\"2000\" \/>\n\t<meta property=\"og:image:height\" content=\"1500\" \/>\n\t<meta property=\"og:image:type\" content=\"image\/jpeg\" \/>\n<meta name=\"author\" content=\"Sant Josep\" \/>\n<meta name=\"twitter:card\" content=\"summary_large_image\" \/>\n<meta name=\"twitter:label1\" content=\"Verfasst von\" \/>\n\t<meta name=\"twitter:data1\" content=\"Sant Josep\" \/>\n\t<meta name=\"twitter:label2\" content=\"Gesch\u00e4tzte Lesezeit\" \/>\n\t<meta name=\"twitter:data2\" content=\"3\u00a0Minuten\" \/>\n<script type=\"application\/ld+json\" class=\"yoast-schema-graph\">{\"@context\":\"https:\/\/schema.org\",\"@graph\":[{\"@type\":\"WebPage\",\"@id\":\"https:\/\/www.santjosep.net\/de\/fira-la-sal\/\",\"url\":\"https:\/\/www.santjosep.net\/de\/fira-la-sal\/\",\"name\":\"Fira de la Sal - Santjosep.net\",\"isPartOf\":{\"@id\":\"https:\/\/www.santjosep.net\/#website\"},\"primaryImageOfPage\":{\"@id\":\"https:\/\/www.santjosep.net\/de\/fira-la-sal\/#primaryimage\"},\"image\":{\"@id\":\"https:\/\/www.santjosep.net\/de\/fira-la-sal\/#primaryimage\"},\"thumbnailUrl\":\"https:\/\/www.santjosep.net\/wp-content\/uploads\/2017\/11\/firadelasalold-1.jpg\",\"datePublished\":\"2017-11-23T11:57:34+00:00\",\"dateModified\":\"2020-01-23T17:20:53+00:00\",\"author\":{\"@id\":\"https:\/\/www.santjosep.net\/#\/schema\/person\/b60e56f94e4e55776eb62bf4293f99b6\"},\"inLanguage\":\"de\",\"potentialAction\":[{\"@type\":\"ReadAction\",\"target\":[\"https:\/\/www.santjosep.net\/de\/fira-la-sal\/\"]}]},{\"@type\":\"ImageObject\",\"inLanguage\":\"de\",\"@id\":\"https:\/\/www.santjosep.net\/de\/fira-la-sal\/#primaryimage\",\"url\":\"https:\/\/www.santjosep.net\/wp-content\/uploads\/2017\/11\/firadelasalold-1.jpg\",\"contentUrl\":\"https:\/\/www.santjosep.net\/wp-content\/uploads\/2017\/11\/firadelasalold-1.jpg\",\"width\":2000,\"height\":1500},{\"@type\":\"WebSite\",\"@id\":\"https:\/\/www.santjosep.net\/#website\",\"url\":\"https:\/\/www.santjosep.net\/\",\"name\":\"Santjosep.net\",\"description\":\"\",\"potentialAction\":[{\"@type\":\"SearchAction\",\"target\":{\"@type\":\"EntryPoint\",\"urlTemplate\":\"https:\/\/www.santjosep.net\/?s={search_term_string}\"},\"query-input\":{\"@type\":\"PropertyValueSpecification\",\"valueRequired\":true,\"valueName\":\"search_term_string\"}}],\"inLanguage\":\"de\"},{\"@type\":\"Person\",\"@id\":\"https:\/\/www.santjosep.net\/#\/schema\/person\/b60e56f94e4e55776eb62bf4293f99b6\",\"name\":\"Sant Josep\",\"image\":{\"@type\":\"ImageObject\",\"inLanguage\":\"de\",\"@id\":\"https:\/\/www.santjosep.net\/#\/schema\/person\/image\/\",\"url\":\"https:\/\/secure.gravatar.com\/avatar\/2f4071817a97d2499c5aae9674ee15015b5a3c7c0974ca84f095a8e4aadcda56?s=96&d=mm&r=g\",\"contentUrl\":\"https:\/\/secure.gravatar.com\/avatar\/2f4071817a97d2499c5aae9674ee15015b5a3c7c0974ca84f095a8e4aadcda56?s=96&d=mm&r=g\",\"caption\":\"Sant Josep\"},\"url\":\"https:\/\/www.santjosep.net\/de\/author\/fugrafic\/\"}]}<\/script>\n<!-- \/ Yoast SEO plugin. -->","yoast_head_json":{"title":"Fira de la Sal - Santjosep.net","robots":{"index":"index","follow":"follow","max-snippet":"max-snippet:-1","max-image-preview":"max-image-preview:large","max-video-preview":"max-video-preview:-1"},"canonical":"https:\/\/www.santjosep.net\/de\/fira-la-sal\/","og_locale":"de_DE","og_type":"article","og_title":"Fira de la Sal - Santjosep.net","og_description":"lm Oktober wird an den Salinen von Ibiza die Feria de la Sal, das Salzfest, gefeiert. Es ist zugleich eine neue Attraktion f\u00fcr Touristen und dient der Verbreiten von Tradition und Kultur Organisiert wird die Veranstaltung vom Rathaus Sant Josep, [&hellip;]","og_url":"https:\/\/www.santjosep.net\/de\/fira-la-sal\/","og_site_name":"Santjosep.net","article_published_time":"2017-11-23T11:57:34+00:00","article_modified_time":"2020-01-23T17:20:53+00:00","og_image":[{"width":2000,"height":1500,"url":"https:\/\/www.santjosep.net\/wp-content\/uploads\/2017\/11\/firadelasalold-1.jpg","type":"image\/jpeg"}],"author":"Sant Josep","twitter_card":"summary_large_image","twitter_misc":{"Verfasst von":"Sant Josep","Gesch\u00e4tzte Lesezeit":"3\u00a0Minuten"},"schema":{"@context":"https:\/\/schema.org","@graph":[{"@type":"WebPage","@id":"https:\/\/www.santjosep.net\/de\/fira-la-sal\/","url":"https:\/\/www.santjosep.net\/de\/fira-la-sal\/","name":"Fira de la Sal - Santjosep.net","isPartOf":{"@id":"https:\/\/www.santjosep.net\/#website"},"primaryImageOfPage":{"@id":"https:\/\/www.santjosep.net\/de\/fira-la-sal\/#primaryimage"},"image":{"@id":"https:\/\/www.santjosep.net\/de\/fira-la-sal\/#primaryimage"},"thumbnailUrl":"https:\/\/www.santjosep.net\/wp-content\/uploads\/2017\/11\/firadelasalold-1.jpg","datePublished":"2017-11-23T11:57:34+00:00","dateModified":"2020-01-23T17:20:53+00:00","author":{"@id":"https:\/\/www.santjosep.net\/#\/schema\/person\/b60e56f94e4e55776eb62bf4293f99b6"},"inLanguage":"de","potentialAction":[{"@type":"ReadAction","target":["https:\/\/www.santjosep.net\/de\/fira-la-sal\/"]}]},{"@type":"ImageObject","inLanguage":"de","@id":"https:\/\/www.santjosep.net\/de\/fira-la-sal\/#primaryimage","url":"https:\/\/www.santjosep.net\/wp-content\/uploads\/2017\/11\/firadelasalold-1.jpg","contentUrl":"https:\/\/www.santjosep.net\/wp-content\/uploads\/2017\/11\/firadelasalold-1.jpg","width":2000,"height":1500},{"@type":"WebSite","@id":"https:\/\/www.santjosep.net\/#website","url":"https:\/\/www.santjosep.net\/","name":"Santjosep.net","description":"","potentialAction":[{"@type":"SearchAction","target":{"@type":"EntryPoint","urlTemplate":"https:\/\/www.santjosep.net\/?s={search_term_string}"},"query-input":{"@type":"PropertyValueSpecification","valueRequired":true,"valueName":"search_term_string"}}],"inLanguage":"de"},{"@type":"Person","@id":"https:\/\/www.santjosep.net\/#\/schema\/person\/b60e56f94e4e55776eb62bf4293f99b6","name":"Sant Josep","image":{"@type":"ImageObject","inLanguage":"de","@id":"https:\/\/www.santjosep.net\/#\/schema\/person\/image\/","url":"https:\/\/secure.gravatar.com\/avatar\/2f4071817a97d2499c5aae9674ee15015b5a3c7c0974ca84f095a8e4aadcda56?s=96&d=mm&r=g","contentUrl":"https:\/\/secure.gravatar.com\/avatar\/2f4071817a97d2499c5aae9674ee15015b5a3c7c0974ca84f095a8e4aadcda56?s=96&d=mm&r=g","caption":"Sant Josep"},"url":"https:\/\/www.santjosep.net\/de\/author\/fugrafic\/"}]}},"_links":{"self":[{"href":"https:\/\/www.santjosep.net\/de\/wp-json\/wp\/v2\/posts\/10222","targetHints":{"allow":["GET"]}}],"collection":[{"href":"https:\/\/www.santjosep.net\/de\/wp-json\/wp\/v2\/posts"}],"about":[{"href":"https:\/\/www.santjosep.net\/de\/wp-json\/wp\/v2\/types\/post"}],"author":[{"embeddable":true,"href":"https:\/\/www.santjosep.net\/de\/wp-json\/wp\/v2\/users\/1"}],"replies":[{"embeddable":true,"href":"https:\/\/www.santjosep.net\/de\/wp-json\/wp\/v2\/comments?post=10222"}],"version-history":[{"count":0,"href":"https:\/\/www.santjosep.net\/de\/wp-json\/wp\/v2\/posts\/10222\/revisions"}],"wp:featuredmedia":[{"embeddable":true,"href":"https:\/\/www.santjosep.net\/de\/wp-json\/wp\/v2\/media\/21330"}],"wp:attachment":[{"href":"https:\/\/www.santjosep.net\/de\/wp-json\/wp\/v2\/media?parent=10222"}],"wp:term":[{"taxonomy":"category","embeddable":true,"href":"https:\/\/www.santjosep.net\/de\/wp-json\/wp\/v2\/categories?post=10222"},{"taxonomy":"post_tag","embeddable":true,"href":"https:\/\/www.santjosep.net\/de\/wp-json\/wp\/v2\/tags?post=10222"}],"curies":[{"name":"wp","href":"https:\/\/api.w.org\/{rel}","templated":true}]}}