{"id":36835,"date":"2025-06-05T10:30:01","date_gmt":"2025-06-05T08:30:01","guid":{"rendered":"https:\/\/www.santjosep.net\/museu-sa-caleta-el-mundo-fenicio\/"},"modified":"2025-06-05T11:18:57","modified_gmt":"2025-06-05T09:18:57","slug":"museu-sa-caleta-el-mundo-fenicio","status":"publish","type":"post","link":"https:\/\/www.santjosep.net\/ca\/museu-sa-caleta-el-mundo-fenicio\/","title":{"rendered":"Museu sa Caleta, el mundo fenicio"},"content":{"rendered":"<div class=\"wpb-content-wrapper\"><p>[vc_row enable_hue_rotation=&#8221;no&#8221; enable_text_marquee=&#8221;no&#8221;][vc_column][vc_column_text]El poblat fenici de sa Caleta, ubicat a la costa sud d&#8217;Eivissa, \u00e9s un testimoni inestimable dels or\u00edgens de l&#8217;illa i de l&#8217;expansi\u00f3 fen\u00edcia a la Mediterr\u00e0nia occidental. Aquest assentament, fundat el segle viii aC, representa el primer nucli urb\u00e0 d&#8217;Eivissa i va ser declarat Patrimoni Mundial per la UNESCO el 1999 com a part del conjunt &#8220;Eivissa, biodiversitat i cultura&#8221;.[\/vc_column_text][vc_video link=&#8221;https:\/\/vimeo.com\/1089453800&#8243; css=&#8221;.vc_custom_1749112126819{padding-top: 30px !important;padding-bottom: 30px !important;}&#8221;][vc_column_text]<\/p>\n<h3><b>Un enclavament estrat\u00e8gic i comercial<\/b><\/h3>\n<p>Situat en una petita pen\u00ednsula entre les platges des Codolar i es Bol Nou, l&#8217;empla\u00e7ament de sa Caleta oferia un port natural protegit, ideal per a les activitats mar\u00edtimes i comercials dels fenicis. Aquest assentament va servir com a base per a l&#8217;exploraci\u00f3 i per al comer\u00e7 amb altres regions de la Mediterr\u00e0nia, i va facilitar l&#8217;intercanvi de b\u00e9ns com ara sal, metalls i productes agr\u00edcoles.[\/vc_column_text][vc_column_text]<\/p>\n<h3><strong>Vida quotidiana i organitzaci\u00f3 urbana<\/strong><\/h3>\n<p>Les excavacions arqueol\u00f2giques han revelat una organitzaci\u00f3 urbana formada per habitatges adossats, carrerons estrets i petites places. S&#8217;hi han trobat restes de forns per coure pa, instal\u00b7lacions metal\u00b7l\u00fargiques per fondre galena argent\u00edfera i eines de pesca, la qual cosa indica una economia diversificada basada en l&#8217;agricultura, la pesca i la metal\u00b7l\u00fargia.[\/vc_column_text][vc_single_image image=&#8221;18266&#8243; img_size=&#8221;full&#8221; css=&#8221;.vc_custom_1749112176953{padding-top: 30px !important;}&#8221;][vc_column_text]<\/p>\n<h3><strong>Abandonament i llegat<\/strong><\/h3>\n<p>Cap a l&#8217;any 600 aC, l&#8217;assentament va ser abandonat de manera planificada, i els seus habitants es van traslladar a la badia d&#8217;Eivissa, on van fundar la ciutat que coneixem avui, Ebusus. Aquest trasllat va marcar l&#8217;inici d&#8217;una nova etapa en la hist\u00f2ria de l&#8217;illa i va consolidar el seu paper com a punt estrat\u00e8gic en les rutes comercials de la Mediterr\u00e0nia.[\/vc_column_text][vc_column_text]<\/p>\n<h3><strong>Centre d&#8217;interpretaci\u00f3: una finestra al passat<\/strong><\/h3>\n<p>L&#8217;abril de 2025, es va inaugurar el centre d&#8217;interpretaci\u00f3 del poblat fenici de sa Caleta, ubicat en una antiga caserna militar restaurada. Aquest espai ofereix als visitants una experi\u00e8ncia immersiva mitjan\u00e7ant panells informatius, recreacions virtuals i una aplicaci\u00f3 multiling\u00fce que permet explorar tant l&#8217;\u00e8poca fen\u00edcia com les instal\u00b7lacions militars dels anys 40 del segle xx. El projecte t\u00e9 com a objectiu divulgar i posar en valor aquest important patrimoni hist\u00f2ric. [\/vc_column_text][vc_column_text]<\/p>\n<h3><strong>Una visita imprescindible<\/strong><\/h3>\n<p>El poblat fenici de sa Caleta no nom\u00e9s \u00e9s un punt arqueol\u00f2gic de gran rellev\u00e0ncia, sin\u00f3 tamb\u00e9 un indret que connecta els visitants amb les arrels m\u00e9s profundes d&#8217;Eivissa. El seu entorn natural, combinat amb la riquesa hist\u00f2rica i cultural, el converteix en una parada obligat\u00f2ria per als qui volen comprendre l&#8217;evoluci\u00f3 de l&#8217;illa i el paper que ha tingut en la hist\u00f2ria de la Mediterr\u00e0nia.<\/p>\n<p>Per a m\u00e9s informaci\u00f3 i per planificar la teva visita, pots accedir al lloc web oficial: <a href=\"http:\/\/www.museusacaleta.es\">www.museusacaleta.es<\/a>.[\/vc_column_text][vc_column_text]<style>#jtg-36737 .modula-item .jtg-social a, .lightbox-socials.jtg-social a{ fill: #ffffff; color: #ffffff }#jtg-36737 .modula-item .jtg-social-mobile a{ fill: #ffffff; color: #ffffff }#jtg-36737 .modula-item .jtg-social svg, .lightbox-socials.jtg-social svg { height: 16px; width: 16px }#jtg-36737 .modula-item .jtg-social-mobile svg { height: 16px; width: 16px }#jtg-36737 .modula-item .jtg-social a:not(:last-child), .lightbox-socials.jtg-social a:not(:last-child) { margin-right: 10px }#jtg-36737 .modula-item .jtg-social-mobile .jtg-social-mobile-icons a:not(:last-child){ margin-right: 10px }#jtg-36737 .modula-item .figc {color:#ffffff;}#jtg-36737 .modula-item .modula-item-content { transform: scale(1) }#jtg-36737 .modula-items .figc p.description { font-size:14px; }#jtg-36737 .modula-items .figc p.description { color:#ffffff;}#jtg-36737.modula-gallery .modula-item > a, #jtg-36737.modula-gallery .modula-item, #jtg-36737.modula-gallery .modula-item-content > a:not(.modula-no-follow) { cursor:zoom-in; } #jtg-36737.modula-gallery .modula-item-content .modula-no-follow { cursor: default; } @media screen and (max-width:480px){#jtg-36737 .modula-item .figc .jtg-title {  font-size: 12px; }#jtg-36737 .modula-items .figc p.description { color:#ffffff;font-size:10px; }}#jtg-36737 .modula-items .modula-item:hover img{opacity:1;}<\/style>\n<div  id=\"jtg-36737\" class=\"modula modula-gallery modula-custom-grid\" data-config=\"{&quot;height&quot;:800,&quot;tabletHeight&quot;:800,&quot;mobileHeight&quot;:800,&quot;desktopHeight&quot;:800,&quot;enableTwitter&quot;:true,&quot;enableWhatsapp&quot;:false,&quot;enableFacebook&quot;:true,&quot;enablePinterest&quot;:true,&quot;enableLinkedin&quot;:true,&quot;enableEmail&quot;:false,&quot;randomFactor&quot;:0.5,&quot;type&quot;:&quot;custom-grid&quot;,&quot;columns&quot;:12,&quot;gutter&quot;:0,&quot;mobileGutter&quot;:0,&quot;tabletGutter&quot;:0,&quot;desktopGutter&quot;:0,&quot;enableResponsive&quot;:true,&quot;tabletColumns&quot;:2,&quot;mobileColumns&quot;:1,&quot;lazyLoad&quot;:&quot;0&quot;,&quot;lightboxOpts&quot;:{&quot;animated&quot;:true,&quot;Thumbs&quot;:{&quot;type&quot;:&quot;modern&quot;,&quot;showOnStart&quot;:false},&quot;Toolbar&quot;:{&quot;display&quot;:{&quot;right&quot;:[&quot;close&quot;]},&quot;enabled&quot;:true},&quot;Carousel&quot;:{&quot;Panzoom&quot;:{&quot;touch&quot;:false},&quot;infinite&quot;:false},&quot;keyboard&quot;:{&quot;Escape&quot;:&quot;close&quot;,&quot;Delete&quot;:&quot;close&quot;,&quot;Backspace&quot;:&quot;close&quot;,&quot;PageUp&quot;:false,&quot;PageDown&quot;:false,&quot;ArrowUp&quot;:false,&quot;ArrowDown&quot;:false,&quot;ArrowRight&quot;:false,&quot;ArrowLeft&quot;:false},&quot;touch&quot;:false,&quot;backdropClick&quot;:false,&quot;l10n&quot;:{&quot;CLOSE&quot;:&quot;Close&quot;,&quot;NEXT&quot;:&quot;Next&quot;,&quot;PREV&quot;:&quot;Previous&quot;,&quot;Error&quot;:&quot;The requested content cannot be loaded. Please try again later.&quot;,&quot;PLAY_START&quot;:&quot;Start slideshow&quot;,&quot;PLAY_STOP&quot;:&quot;Pause slideshow&quot;,&quot;FULL_SCREEN&quot;:&quot;Full screen&quot;,&quot;THUMBS&quot;:&quot;Thumbnails&quot;,&quot;DOWNLOAD&quot;:&quot;Download&quot;,&quot;SHARE&quot;:&quot;Share&quot;,&quot;ZOOM&quot;:&quot;Zoom&quot;,&quot;EMAIL&quot;:&quot;Here is the link to the image : %%image_link%% and this is the link to the gallery : %%gallery_link%%&quot;,&quot;MODAL&quot;:&quot;You can close this modal content with the ESC key&quot;,&quot;ERROR&quot;:&quot;Something Went Wrong, Please Try Again Later&quot;,&quot;IMAGE_ERROR&quot;:&quot;Image Not Found&quot;,&quot;ELEMENT_NOT_FOUND&quot;:&quot;HTML Element Not Found&quot;,&quot;AJAX_NOT_FOUND&quot;:&quot;Error Loading AJAX : Not Found&quot;,&quot;AJAX_FORBIDDEN&quot;:&quot;Error Loading AJAX : Forbidden&quot;,&quot;IFRAME_ERROR&quot;:&quot;Error Loading Page&quot;,&quot;TOGGLE_ZOOM&quot;:&quot;Toggle zoom level&quot;,&quot;TOGGLE_THUMBS&quot;:&quot;Toggle thumbnails&quot;,&quot;TOGGLE_SLIDESHOW&quot;:&quot;Toggle slideshow&quot;,&quot;TOGGLE_FULLSCREEN&quot;:&quot;Toggle full-screen mode&quot;},&quot;Images&quot;:{&quot;Panzoom&quot;:{&quot;maxScale&quot;:2}},&quot;mainClass&quot;:&quot;modula-fancybox-container modula-lightbox-jtg-36737&quot;,&quot;Html&quot;:{&quot;videoAutoplay&quot;:0,&quot;videoTpl&quot;:&quot;&lt;video class=\\&quot;fancybox__html5video\\&quot; controls muted playsinline controlsList controlsList=\\&quot;nodownload\\&quot; poster=\\&quot;{{poster}}\\&quot; src=\\&quot;{{src}}\\&quot; type=\\&quot;{{format}}\\&quot; &gt;  Sorry, your browser doesn&#039;t support embedded videos, &lt;a href=\\&quot;{{src}}\\&quot;&gt; download &lt;\\\/a&gt; and watch with your favorite video player! &lt;\\\/video&gt;&quot;}},&quot;inView&quot;:false,&quot;email_subject&quot;:&quot;Check out this awesome image !!&quot;,&quot;email_message&quot;:&quot;Here is the link to the image : %%image_link%% and this is the link to the gallery : %%gallery_link%%&quot;,&quot;lightbox&quot;:&quot;fancybox&quot;}\">\n\n\t\n\t<div  class=\"modula-items\">\n\t\t<div class=\"modula-item\" data-width=\"12\" data-height=\"6\" >\n\t<div class=\"modula-item-content\">\n\t\t\n\t\t\t\t\t<a data-image-id=\"36798\" tabindex=\"0\" rel=\"jtg-36737\" data-caption=\"\" aria-label=\"Open image in lightbox\" role=\"button\" class=\"tile-inner modula-item-link\"><\/a>\n\t\t\n\t\t<img loading=\"lazy\" decoding=\"async\" class=\"pic wp-image-36798\"  data-valign=\"middle\" data-halign=\"center\" alt=\"\" data-full=\"https:\/\/www.santjosep.net\/wp-content\/uploads\/2025\/06\/DSC08221.jpg\" title=\"DSC08221\" width=\"1920\" height=\"1280\" src=\"https:\/\/www.santjosep.net\/wp-content\/uploads\/2025\/06\/DSC08221.jpg\" data-src=\"https:\/\/www.santjosep.net\/wp-content\/uploads\/2025\/06\/DSC08221.jpg\" data-caption=\"\" srcset=\"https:\/\/www.santjosep.net\/wp-content\/uploads\/2025\/06\/DSC08221.jpg 1920w, https:\/\/www.santjosep.net\/wp-content\/uploads\/2025\/06\/DSC08221-300x200.jpg 300w, https:\/\/www.santjosep.net\/wp-content\/uploads\/2025\/06\/DSC08221-1024x683.jpg 1024w, https:\/\/www.santjosep.net\/wp-content\/uploads\/2025\/06\/DSC08221-768x512.jpg 768w, https:\/\/www.santjosep.net\/wp-content\/uploads\/2025\/06\/DSC08221-1536x1024.jpg 1536w\" sizes=\"auto, (max-width: 1920px) 100vw, 1920px\" \/>\n\t<\/div>\n\n<\/div><div class=\"modula-item\" data-width=\"5\" data-height=\"5\" >\n\t<div class=\"modula-item-content\">\n\t\t\n\t\t\t\t\t<a data-image-id=\"36743\" tabindex=\"0\" rel=\"jtg-36737\" data-caption=\"\" aria-label=\"Open image in lightbox\" role=\"button\" class=\"tile-inner modula-item-link\"><\/a>\n\t\t\n\t\t<img loading=\"lazy\" decoding=\"async\" class=\"pic wp-image-36743\"  data-valign=\"middle\" data-halign=\"center\" alt=\"\" data-full=\"https:\/\/www.santjosep.net\/wp-content\/uploads\/2025\/06\/DSC1854-2.jpg\" title=\"_DSC1854-2\" width=\"1920\" height=\"1280\" src=\"https:\/\/www.santjosep.net\/wp-content\/uploads\/2025\/06\/DSC1854-2.jpg\" data-src=\"https:\/\/www.santjosep.net\/wp-content\/uploads\/2025\/06\/DSC1854-2.jpg\" data-caption=\"\" srcset=\"https:\/\/www.santjosep.net\/wp-content\/uploads\/2025\/06\/DSC1854-2.jpg 1920w, https:\/\/www.santjosep.net\/wp-content\/uploads\/2025\/06\/DSC1854-2-300x200.jpg 300w, https:\/\/www.santjosep.net\/wp-content\/uploads\/2025\/06\/DSC1854-2-1024x683.jpg 1024w, https:\/\/www.santjosep.net\/wp-content\/uploads\/2025\/06\/DSC1854-2-768x512.jpg 768w, https:\/\/www.santjosep.net\/wp-content\/uploads\/2025\/06\/DSC1854-2-1536x1024.jpg 1536w\" sizes=\"auto, (max-width: 1920px) 100vw, 1920px\" \/>\n\t<\/div>\n\n<\/div><div class=\"modula-item\" data-width=\"7\" data-height=\"5\" >\n\t<div class=\"modula-item-content\">\n\t\t\n\t\t\t\t\t<a data-image-id=\"36748\" tabindex=\"0\" rel=\"jtg-36737\" data-caption=\"\" aria-label=\"Open image in lightbox\" role=\"button\" class=\"tile-inner modula-item-link\"><\/a>\n\t\t\n\t\t<img loading=\"lazy\" decoding=\"async\" class=\"pic wp-image-36748\"  data-valign=\"middle\" data-halign=\"center\" alt=\"\" data-full=\"https:\/\/www.santjosep.net\/wp-content\/uploads\/2025\/06\/DSC1860-2.jpg\" title=\"_DSC1860-2\" width=\"1920\" height=\"1280\" src=\"https:\/\/www.santjosep.net\/wp-content\/uploads\/2025\/06\/DSC1860-2.jpg\" data-src=\"https:\/\/www.santjosep.net\/wp-content\/uploads\/2025\/06\/DSC1860-2.jpg\" data-caption=\"\" srcset=\"https:\/\/www.santjosep.net\/wp-content\/uploads\/2025\/06\/DSC1860-2.jpg 1920w, https:\/\/www.santjosep.net\/wp-content\/uploads\/2025\/06\/DSC1860-2-300x200.jpg 300w, https:\/\/www.santjosep.net\/wp-content\/uploads\/2025\/06\/DSC1860-2-1024x683.jpg 1024w, https:\/\/www.santjosep.net\/wp-content\/uploads\/2025\/06\/DSC1860-2-768x512.jpg 768w, https:\/\/www.santjosep.net\/wp-content\/uploads\/2025\/06\/DSC1860-2-1536x1024.jpg 1536w\" sizes=\"auto, (max-width: 1920px) 100vw, 1920px\" \/>\n\t<\/div>\n\n<\/div><div class=\"modula-item\" data-width=\"3\" data-height=\"4\" >\n\t<div class=\"modula-item-content\">\n\t\t\n\t\t\t\t\t<a data-image-id=\"36773\" tabindex=\"0\" rel=\"jtg-36737\" data-caption=\"\" aria-label=\"Open image in lightbox\" role=\"button\" class=\"tile-inner modula-item-link\"><\/a>\n\t\t\n\t\t<img loading=\"lazy\" decoding=\"async\" class=\"pic wp-image-36773\"  data-valign=\"middle\" data-halign=\"center\" alt=\"\" data-full=\"https:\/\/www.santjosep.net\/wp-content\/uploads\/2025\/06\/Image01.webp\" title=\"Image01\" width=\"1280\" height=\"1920\" src=\"https:\/\/www.santjosep.net\/wp-content\/uploads\/2025\/06\/Image01.webp\" data-src=\"https:\/\/www.santjosep.net\/wp-content\/uploads\/2025\/06\/Image01.webp\" data-caption=\"\" srcset=\"https:\/\/www.santjosep.net\/wp-content\/uploads\/2025\/06\/Image01.webp 1280w, https:\/\/www.santjosep.net\/wp-content\/uploads\/2025\/06\/Image01-200x300.webp 200w, https:\/\/www.santjosep.net\/wp-content\/uploads\/2025\/06\/Image01-683x1024.webp 683w, https:\/\/www.santjosep.net\/wp-content\/uploads\/2025\/06\/Image01-768x1152.webp 768w, https:\/\/www.santjosep.net\/wp-content\/uploads\/2025\/06\/Image01-1024x1536.webp 1024w\" sizes=\"auto, (max-width: 1280px) 100vw, 1280px\" \/>\n\t<\/div>\n\n<\/div><div class=\"modula-item\" data-width=\"5\" data-height=\"4\" >\n\t<div class=\"modula-item-content\">\n\t\t\n\t\t\t\t\t<a data-image-id=\"36763\" tabindex=\"0\" rel=\"jtg-36737\" data-caption=\"\" aria-label=\"Open image in lightbox\" role=\"button\" class=\"tile-inner modula-item-link\"><\/a>\n\t\t\n\t\t<img loading=\"lazy\" decoding=\"async\" class=\"pic wp-image-36763\"  data-valign=\"middle\" data-halign=\"center\" alt=\"\" data-full=\"https:\/\/www.santjosep.net\/wp-content\/uploads\/2025\/06\/DSC1903-2.jpg\" title=\"_DSC1903-2\" width=\"1920\" height=\"1280\" src=\"https:\/\/www.santjosep.net\/wp-content\/uploads\/2025\/06\/DSC1903-2.jpg\" data-src=\"https:\/\/www.santjosep.net\/wp-content\/uploads\/2025\/06\/DSC1903-2.jpg\" data-caption=\"\" srcset=\"https:\/\/www.santjosep.net\/wp-content\/uploads\/2025\/06\/DSC1903-2.jpg 1920w, https:\/\/www.santjosep.net\/wp-content\/uploads\/2025\/06\/DSC1903-2-300x200.jpg 300w, https:\/\/www.santjosep.net\/wp-content\/uploads\/2025\/06\/DSC1903-2-1024x683.jpg 1024w, https:\/\/www.santjosep.net\/wp-content\/uploads\/2025\/06\/DSC1903-2-768x512.jpg 768w, https:\/\/www.santjosep.net\/wp-content\/uploads\/2025\/06\/DSC1903-2-1536x1024.jpg 1536w\" sizes=\"auto, (max-width: 1920px) 100vw, 1920px\" \/>\n\t<\/div>\n\n<\/div><div class=\"modula-item\" data-width=\"4\" data-height=\"4\" >\n\t<div class=\"modula-item-content\">\n\t\t\n\t\t\t\t\t<a data-image-id=\"36783\" tabindex=\"0\" rel=\"jtg-36737\" data-caption=\"\" aria-label=\"Open image in lightbox\" role=\"button\" class=\"tile-inner modula-item-link\"><\/a>\n\t\t\n\t\t<img loading=\"lazy\" decoding=\"async\" class=\"pic wp-image-36783\"  data-valign=\"middle\" data-halign=\"center\" alt=\"\" data-full=\"https:\/\/www.santjosep.net\/wp-content\/uploads\/2025\/06\/Image03.webp\" title=\"Image03\" width=\"1280\" height=\"1920\" src=\"https:\/\/www.santjosep.net\/wp-content\/uploads\/2025\/06\/Image03.webp\" data-src=\"https:\/\/www.santjosep.net\/wp-content\/uploads\/2025\/06\/Image03.webp\" data-caption=\"\" srcset=\"https:\/\/www.santjosep.net\/wp-content\/uploads\/2025\/06\/Image03.webp 1280w, https:\/\/www.santjosep.net\/wp-content\/uploads\/2025\/06\/Image03-200x300.webp 200w, https:\/\/www.santjosep.net\/wp-content\/uploads\/2025\/06\/Image03-683x1024.webp 683w, https:\/\/www.santjosep.net\/wp-content\/uploads\/2025\/06\/Image03-768x1152.webp 768w, https:\/\/www.santjosep.net\/wp-content\/uploads\/2025\/06\/Image03-1024x1536.webp 1024w\" sizes=\"auto, (max-width: 1280px) 100vw, 1280px\" \/>\n\t<\/div>\n\n<\/div><div class=\"modula-item\" data-width=\"7\" data-height=\"5\" >\n\t<div class=\"modula-item-content\">\n\t\t\n\t\t\t\t\t<a data-image-id=\"36753\" tabindex=\"0\" rel=\"jtg-36737\" data-caption=\"\" aria-label=\"Open image in lightbox\" role=\"button\" class=\"tile-inner modula-item-link\"><\/a>\n\t\t\n\t\t<img loading=\"lazy\" decoding=\"async\" class=\"pic wp-image-36753\"  data-valign=\"middle\" data-halign=\"center\" alt=\"\" data-full=\"https:\/\/www.santjosep.net\/wp-content\/uploads\/2025\/06\/DSC1862-2.jpg\" title=\"_DSC1862-2\" width=\"1920\" height=\"1280\" src=\"https:\/\/www.santjosep.net\/wp-content\/uploads\/2025\/06\/DSC1862-2.jpg\" data-src=\"https:\/\/www.santjosep.net\/wp-content\/uploads\/2025\/06\/DSC1862-2.jpg\" data-caption=\"\" srcset=\"https:\/\/www.santjosep.net\/wp-content\/uploads\/2025\/06\/DSC1862-2.jpg 1920w, https:\/\/www.santjosep.net\/wp-content\/uploads\/2025\/06\/DSC1862-2-300x200.jpg 300w, https:\/\/www.santjosep.net\/wp-content\/uploads\/2025\/06\/DSC1862-2-1024x683.jpg 1024w, https:\/\/www.santjosep.net\/wp-content\/uploads\/2025\/06\/DSC1862-2-768x512.jpg 768w, https:\/\/www.santjosep.net\/wp-content\/uploads\/2025\/06\/DSC1862-2-1536x1024.jpg 1536w\" sizes=\"auto, (max-width: 1920px) 100vw, 1920px\" \/>\n\t<\/div>\n\n<\/div><div class=\"modula-item\" data-width=\"5\" data-height=\"5\" >\n\t<div class=\"modula-item-content\">\n\t\t\n\t\t\t\t\t<a data-image-id=\"36768\" tabindex=\"0\" rel=\"jtg-36737\" data-caption=\"\" aria-label=\"Open image in lightbox\" role=\"button\" class=\"tile-inner modula-item-link\"><\/a>\n\t\t\n\t\t<img loading=\"lazy\" decoding=\"async\" class=\"pic wp-image-36768\"  data-valign=\"middle\" data-halign=\"center\" alt=\"\" data-full=\"https:\/\/www.santjosep.net\/wp-content\/uploads\/2025\/06\/DSC1932-2.jpg\" title=\"_DSC1932-2\" width=\"1920\" height=\"1280\" src=\"https:\/\/www.santjosep.net\/wp-content\/uploads\/2025\/06\/DSC1932-2.jpg\" data-src=\"https:\/\/www.santjosep.net\/wp-content\/uploads\/2025\/06\/DSC1932-2.jpg\" data-caption=\"\" srcset=\"https:\/\/www.santjosep.net\/wp-content\/uploads\/2025\/06\/DSC1932-2.jpg 1920w, https:\/\/www.santjosep.net\/wp-content\/uploads\/2025\/06\/DSC1932-2-300x200.jpg 300w, https:\/\/www.santjosep.net\/wp-content\/uploads\/2025\/06\/DSC1932-2-1024x683.jpg 1024w, https:\/\/www.santjosep.net\/wp-content\/uploads\/2025\/06\/DSC1932-2-768x512.jpg 768w, https:\/\/www.santjosep.net\/wp-content\/uploads\/2025\/06\/DSC1932-2-1536x1024.jpg 1536w\" sizes=\"auto, (max-width: 1920px) 100vw, 1920px\" \/>\n\t<\/div>\n\n<\/div><div class=\"modula-item\" data-width=\"5\" data-height=\"5\" >\n\t<div class=\"modula-item-content\">\n\t\t\n\t\t\t\t\t<a data-image-id=\"36778\" tabindex=\"0\" rel=\"jtg-36737\" data-caption=\"\" aria-label=\"Open image in lightbox\" role=\"button\" class=\"tile-inner modula-item-link\"><\/a>\n\t\t\n\t\t<img loading=\"lazy\" decoding=\"async\" class=\"pic wp-image-36778\"  data-valign=\"middle\" data-halign=\"center\" alt=\"\" data-full=\"https:\/\/www.santjosep.net\/wp-content\/uploads\/2025\/06\/Image02.webp\" title=\"Image02\" width=\"1280\" height=\"1920\" src=\"https:\/\/www.santjosep.net\/wp-content\/uploads\/2025\/06\/Image02.webp\" data-src=\"https:\/\/www.santjosep.net\/wp-content\/uploads\/2025\/06\/Image02.webp\" data-caption=\"\" srcset=\"https:\/\/www.santjosep.net\/wp-content\/uploads\/2025\/06\/Image02.webp 1280w, https:\/\/www.santjosep.net\/wp-content\/uploads\/2025\/06\/Image02-200x300.webp 200w, https:\/\/www.santjosep.net\/wp-content\/uploads\/2025\/06\/Image02-683x1024.webp 683w, https:\/\/www.santjosep.net\/wp-content\/uploads\/2025\/06\/Image02-768x1152.webp 768w, https:\/\/www.santjosep.net\/wp-content\/uploads\/2025\/06\/Image02-1024x1536.webp 1024w\" sizes=\"auto, (max-width: 1280px) 100vw, 1280px\" \/>\n\t<\/div>\n\n<\/div><div class=\"modula-item\" data-width=\"7\" data-height=\"5\" >\n\t<div class=\"modula-item-content\">\n\t\t\n\t\t\t\t\t<a data-image-id=\"36738\" tabindex=\"0\" rel=\"jtg-36737\" data-caption=\"\" aria-label=\"Open image in lightbox\" role=\"button\" class=\"tile-inner modula-item-link\"><\/a>\n\t\t\n\t\t<img loading=\"lazy\" decoding=\"async\" class=\"pic wp-image-36738\"  data-valign=\"middle\" data-halign=\"center\" alt=\"\" data-full=\"https:\/\/www.santjosep.net\/wp-content\/uploads\/2025\/06\/DSC1831-2.jpg\" title=\"_DSC1831-2\" width=\"1920\" height=\"1280\" src=\"https:\/\/www.santjosep.net\/wp-content\/uploads\/2025\/06\/DSC1831-2.jpg\" data-src=\"https:\/\/www.santjosep.net\/wp-content\/uploads\/2025\/06\/DSC1831-2.jpg\" data-caption=\"\" srcset=\"https:\/\/www.santjosep.net\/wp-content\/uploads\/2025\/06\/DSC1831-2.jpg 1920w, https:\/\/www.santjosep.net\/wp-content\/uploads\/2025\/06\/DSC1831-2-300x200.jpg 300w, https:\/\/www.santjosep.net\/wp-content\/uploads\/2025\/06\/DSC1831-2-1024x683.jpg 1024w, https:\/\/www.santjosep.net\/wp-content\/uploads\/2025\/06\/DSC1831-2-768x512.jpg 768w, https:\/\/www.santjosep.net\/wp-content\/uploads\/2025\/06\/DSC1831-2-1536x1024.jpg 1536w\" sizes=\"auto, (max-width: 1920px) 100vw, 1920px\" \/>\n\t<\/div>\n\n<\/div>\t\t\n\t<\/div>\n\n\t\n\t\n\t<script type=\"application\/ld+json\">\n\t{\n\t\t\"@context\": \"http:\/\/schema.org\",\n\t\t\"@type\"   : \"ImageGallery\",\n\t\t\"id\"      : \"https:\/\/www.santjosep.net\/ca\/museu-sa-caleta-el-mundo-fenicio\/\",\n\t\t\"url\"     : \"https:\/\/www.santjosep.net\/ca\/museu-sa-caleta-el-mundo-fenicio\/\"\n\t}\n\n\t<\/script>\n\n\t\n<\/div>\n[\/vc_column_text][\/vc_column][\/vc_row]<\/p>\n<\/div>","protected":false},"excerpt":{"rendered":"<p>El poblat fenici de sa Caleta, ubicat a la costa sud d&#8217;Eivissa, \u00e9s un testimoni inestimable dels or\u00edgens de l&#8217;illa i de l&#8217;expansi\u00f3 fen\u00edcia a la Mediterr\u00e0nia occidental. <\/p>\n","protected":false},"author":1,"featured_media":36799,"comment_status":"open","ping_status":"open","sticky":false,"template":"","format":"standard","meta":{"_acf_changed":false,"inline_featured_image":false,"footnotes":""},"categories":[343,296],"tags":[],"class_list":["post-36835","post","type-post","status-publish","format-standard","has-post-thumbnail","hentry","category-cultura-ca","category-patrimonio-ca"],"acf":[],"geo":null,"yoast_head":"<!-- This site is optimized with the Yoast SEO plugin v25.7 - https:\/\/yoast.com\/wordpress\/plugins\/seo\/ -->\n<title>Museu sa Caleta, el mundo fenicio - Santjosep.net<\/title>\n<meta name=\"robots\" content=\"index, follow, max-snippet:-1, max-image-preview:large, max-video-preview:-1\" \/>\n<link rel=\"canonical\" href=\"https:\/\/www.santjosep.net\/ca\/museu-sa-caleta-el-mundo-fenicio\/\" \/>\n<meta property=\"og:locale\" content=\"ca_ES\" \/>\n<meta property=\"og:type\" content=\"article\" \/>\n<meta property=\"og:title\" content=\"Museu sa Caleta, el mundo fenicio - Santjosep.net\" \/>\n<meta property=\"og:description\" content=\"El poblat fenici de sa Caleta, ubicat a la costa sud d&#039;Eivissa, \u00e9s un testimoni inestimable dels or\u00edgens de l&#039;illa i de l&#039;expansi\u00f3 fen\u00edcia a la Mediterr\u00e0nia occidental.\" \/>\n<meta property=\"og:url\" content=\"https:\/\/www.santjosep.net\/ca\/museu-sa-caleta-el-mundo-fenicio\/\" \/>\n<meta property=\"og:site_name\" content=\"Santjosep.net\" \/>\n<meta property=\"article:published_time\" content=\"2025-06-05T08:30:01+00:00\" \/>\n<meta property=\"article:modified_time\" content=\"2025-06-05T09:18:57+00:00\" \/>\n<meta property=\"og:image\" content=\"https:\/\/www.santjosep.net\/wp-content\/uploads\/2025\/06\/DSC08221.jpg\" \/>\n\t<meta property=\"og:image:width\" content=\"1920\" \/>\n\t<meta property=\"og:image:height\" content=\"1280\" \/>\n\t<meta property=\"og:image:type\" content=\"image\/jpeg\" \/>\n<meta name=\"author\" content=\"Sant Josep\" \/>\n<meta name=\"twitter:card\" content=\"summary_large_image\" \/>\n<meta name=\"twitter:label1\" content=\"Escrit per\" \/>\n\t<meta name=\"twitter:data1\" content=\"Sant Josep\" \/>\n\t<meta name=\"twitter:label2\" content=\"Temps estimat de lectura\" \/>\n\t<meta name=\"twitter:data2\" content=\"3 minuts\" \/>\n<script type=\"application\/ld+json\" class=\"yoast-schema-graph\">{\"@context\":\"https:\/\/schema.org\",\"@graph\":[{\"@type\":\"WebPage\",\"@id\":\"https:\/\/www.santjosep.net\/ca\/museu-sa-caleta-el-mundo-fenicio\/\",\"url\":\"https:\/\/www.santjosep.net\/ca\/museu-sa-caleta-el-mundo-fenicio\/\",\"name\":\"Museu sa Caleta, el mundo fenicio - Santjosep.net\",\"isPartOf\":{\"@id\":\"https:\/\/www.santjosep.net\/#website\"},\"primaryImageOfPage\":{\"@id\":\"https:\/\/www.santjosep.net\/ca\/museu-sa-caleta-el-mundo-fenicio\/#primaryimage\"},\"image\":{\"@id\":\"https:\/\/www.santjosep.net\/ca\/museu-sa-caleta-el-mundo-fenicio\/#primaryimage\"},\"thumbnailUrl\":\"https:\/\/www.santjosep.net\/wp-content\/uploads\/2025\/06\/DSC08221.jpg\",\"datePublished\":\"2025-06-05T08:30:01+00:00\",\"dateModified\":\"2025-06-05T09:18:57+00:00\",\"author\":{\"@id\":\"https:\/\/www.santjosep.net\/#\/schema\/person\/b60e56f94e4e55776eb62bf4293f99b6\"},\"inLanguage\":\"ca\",\"potentialAction\":[{\"@type\":\"ReadAction\",\"target\":[\"https:\/\/www.santjosep.net\/ca\/museu-sa-caleta-el-mundo-fenicio\/\"]}]},{\"@type\":\"ImageObject\",\"inLanguage\":\"ca\",\"@id\":\"https:\/\/www.santjosep.net\/ca\/museu-sa-caleta-el-mundo-fenicio\/#primaryimage\",\"url\":\"https:\/\/www.santjosep.net\/wp-content\/uploads\/2025\/06\/DSC08221.jpg\",\"contentUrl\":\"https:\/\/www.santjosep.net\/wp-content\/uploads\/2025\/06\/DSC08221.jpg\",\"width\":1920,\"height\":1280},{\"@type\":\"WebSite\",\"@id\":\"https:\/\/www.santjosep.net\/#website\",\"url\":\"https:\/\/www.santjosep.net\/\",\"name\":\"Santjosep.net\",\"description\":\"\",\"potentialAction\":[{\"@type\":\"SearchAction\",\"target\":{\"@type\":\"EntryPoint\",\"urlTemplate\":\"https:\/\/www.santjosep.net\/?s={search_term_string}\"},\"query-input\":{\"@type\":\"PropertyValueSpecification\",\"valueRequired\":true,\"valueName\":\"search_term_string\"}}],\"inLanguage\":\"ca\"},{\"@type\":\"Person\",\"@id\":\"https:\/\/www.santjosep.net\/#\/schema\/person\/b60e56f94e4e55776eb62bf4293f99b6\",\"name\":\"Sant Josep\",\"image\":{\"@type\":\"ImageObject\",\"inLanguage\":\"ca\",\"@id\":\"https:\/\/www.santjosep.net\/#\/schema\/person\/image\/\",\"url\":\"https:\/\/secure.gravatar.com\/avatar\/2f4071817a97d2499c5aae9674ee15015b5a3c7c0974ca84f095a8e4aadcda56?s=96&d=mm&r=g\",\"contentUrl\":\"https:\/\/secure.gravatar.com\/avatar\/2f4071817a97d2499c5aae9674ee15015b5a3c7c0974ca84f095a8e4aadcda56?s=96&d=mm&r=g\",\"caption\":\"Sant Josep\"},\"url\":\"https:\/\/www.santjosep.net\/ca\/author\/fugrafic\/\"}]}<\/script>\n<!-- \/ Yoast SEO plugin. -->","yoast_head_json":{"title":"Museu sa Caleta, el mundo fenicio - Santjosep.net","robots":{"index":"index","follow":"follow","max-snippet":"max-snippet:-1","max-image-preview":"max-image-preview:large","max-video-preview":"max-video-preview:-1"},"canonical":"https:\/\/www.santjosep.net\/ca\/museu-sa-caleta-el-mundo-fenicio\/","og_locale":"ca_ES","og_type":"article","og_title":"Museu sa Caleta, el mundo fenicio - Santjosep.net","og_description":"El poblat fenici de sa Caleta, ubicat a la costa sud d'Eivissa, \u00e9s un testimoni inestimable dels or\u00edgens de l'illa i de l'expansi\u00f3 fen\u00edcia a la Mediterr\u00e0nia occidental.","og_url":"https:\/\/www.santjosep.net\/ca\/museu-sa-caleta-el-mundo-fenicio\/","og_site_name":"Santjosep.net","article_published_time":"2025-06-05T08:30:01+00:00","article_modified_time":"2025-06-05T09:18:57+00:00","og_image":[{"width":1920,"height":1280,"url":"https:\/\/www.santjosep.net\/wp-content\/uploads\/2025\/06\/DSC08221.jpg","type":"image\/jpeg"}],"author":"Sant Josep","twitter_card":"summary_large_image","twitter_misc":{"Escrit per":"Sant Josep","Temps estimat de lectura":"3 minuts"},"schema":{"@context":"https:\/\/schema.org","@graph":[{"@type":"WebPage","@id":"https:\/\/www.santjosep.net\/ca\/museu-sa-caleta-el-mundo-fenicio\/","url":"https:\/\/www.santjosep.net\/ca\/museu-sa-caleta-el-mundo-fenicio\/","name":"Museu sa Caleta, el mundo fenicio - Santjosep.net","isPartOf":{"@id":"https:\/\/www.santjosep.net\/#website"},"primaryImageOfPage":{"@id":"https:\/\/www.santjosep.net\/ca\/museu-sa-caleta-el-mundo-fenicio\/#primaryimage"},"image":{"@id":"https:\/\/www.santjosep.net\/ca\/museu-sa-caleta-el-mundo-fenicio\/#primaryimage"},"thumbnailUrl":"https:\/\/www.santjosep.net\/wp-content\/uploads\/2025\/06\/DSC08221.jpg","datePublished":"2025-06-05T08:30:01+00:00","dateModified":"2025-06-05T09:18:57+00:00","author":{"@id":"https:\/\/www.santjosep.net\/#\/schema\/person\/b60e56f94e4e55776eb62bf4293f99b6"},"inLanguage":"ca","potentialAction":[{"@type":"ReadAction","target":["https:\/\/www.santjosep.net\/ca\/museu-sa-caleta-el-mundo-fenicio\/"]}]},{"@type":"ImageObject","inLanguage":"ca","@id":"https:\/\/www.santjosep.net\/ca\/museu-sa-caleta-el-mundo-fenicio\/#primaryimage","url":"https:\/\/www.santjosep.net\/wp-content\/uploads\/2025\/06\/DSC08221.jpg","contentUrl":"https:\/\/www.santjosep.net\/wp-content\/uploads\/2025\/06\/DSC08221.jpg","width":1920,"height":1280},{"@type":"WebSite","@id":"https:\/\/www.santjosep.net\/#website","url":"https:\/\/www.santjosep.net\/","name":"Santjosep.net","description":"","potentialAction":[{"@type":"SearchAction","target":{"@type":"EntryPoint","urlTemplate":"https:\/\/www.santjosep.net\/?s={search_term_string}"},"query-input":{"@type":"PropertyValueSpecification","valueRequired":true,"valueName":"search_term_string"}}],"inLanguage":"ca"},{"@type":"Person","@id":"https:\/\/www.santjosep.net\/#\/schema\/person\/b60e56f94e4e55776eb62bf4293f99b6","name":"Sant Josep","image":{"@type":"ImageObject","inLanguage":"ca","@id":"https:\/\/www.santjosep.net\/#\/schema\/person\/image\/","url":"https:\/\/secure.gravatar.com\/avatar\/2f4071817a97d2499c5aae9674ee15015b5a3c7c0974ca84f095a8e4aadcda56?s=96&d=mm&r=g","contentUrl":"https:\/\/secure.gravatar.com\/avatar\/2f4071817a97d2499c5aae9674ee15015b5a3c7c0974ca84f095a8e4aadcda56?s=96&d=mm&r=g","caption":"Sant Josep"},"url":"https:\/\/www.santjosep.net\/ca\/author\/fugrafic\/"}]}},"_links":{"self":[{"href":"https:\/\/www.santjosep.net\/ca\/wp-json\/wp\/v2\/posts\/36835","targetHints":{"allow":["GET"]}}],"collection":[{"href":"https:\/\/www.santjosep.net\/ca\/wp-json\/wp\/v2\/posts"}],"about":[{"href":"https:\/\/www.santjosep.net\/ca\/wp-json\/wp\/v2\/types\/post"}],"author":[{"embeddable":true,"href":"https:\/\/www.santjosep.net\/ca\/wp-json\/wp\/v2\/users\/1"}],"replies":[{"embeddable":true,"href":"https:\/\/www.santjosep.net\/ca\/wp-json\/wp\/v2\/comments?post=36835"}],"version-history":[{"count":0,"href":"https:\/\/www.santjosep.net\/ca\/wp-json\/wp\/v2\/posts\/36835\/revisions"}],"wp:featuredmedia":[{"embeddable":true,"href":"https:\/\/www.santjosep.net\/ca\/wp-json\/wp\/v2\/media\/36799"}],"wp:attachment":[{"href":"https:\/\/www.santjosep.net\/ca\/wp-json\/wp\/v2\/media?parent=36835"}],"wp:term":[{"taxonomy":"category","embeddable":true,"href":"https:\/\/www.santjosep.net\/ca\/wp-json\/wp\/v2\/categories?post=36835"},{"taxonomy":"post_tag","embeddable":true,"href":"https:\/\/www.santjosep.net\/ca\/wp-json\/wp\/v2\/tags?post=36835"}],"curies":[{"name":"wp","href":"https:\/\/api.w.org\/{rel}","templated":true}]}}