{"id":34866,"date":"2023-07-06T11:55:09","date_gmt":"2023-07-06T09:55:09","guid":{"rendered":"https:\/\/www.santjosep.net\/la-costa-oeste-y-sur-de-ibiza-por-mar\/"},"modified":"2023-07-17T09:56:49","modified_gmt":"2023-07-17T07:56:49","slug":"la-costa-oeste-y-sur-de-ibiza-por-mar","status":"publish","type":"post","link":"https:\/\/www.santjosep.net\/ca\/la-costa-oeste-y-sur-de-ibiza-por-mar\/","title":{"rendered":"La costa oest i sud d\u2019Eivissa per mar"},"content":{"rendered":"<div class=\"wpb-content-wrapper\"><p>[vc_row enable_hue_rotation=&#8221;no&#8221; enable_text_marquee=&#8221;no&#8221;][vc_column][vc_column_text]M\u00e9s de <strong>80 quil\u00f2metres<\/strong> i <strong>32 platges.<\/strong> Aquestes dues xifres condensen l\u2019enorme potencial que t\u00e9 Sant Josep de sa Talaia per als amants de la navegaci\u00f3, un municipi amb <strong>paisatges ic\u00f2nics que han estat reprodu\u00efts a Instagram arreu del planeta<\/strong> i que han passat a formar part de l\u2019imaginari col\u00b7lectiu. Un recorregut per aquesta zona litoral de l\u2019illa ens revela la <strong>magn\u00e8tica bellesa<\/strong> d\u2019una costa plena de racons per descobrir per omplir-nos els ulls i l\u2019esperit d\u2019aut\u00e8ntica ess\u00e8ncia mediterr\u00e0nia.[\/vc_column_text][vc_single_image image=&#8221;34688&#8243; img_size=&#8221;full&#8221; css=&#8221;.vc_custom_1688636028151{margin-top: 15px !important;margin-bottom: 15px !important;}&#8221;][vc_column_text css=&#8221;.vc_custom_1688636262855{padding-bottom: 15px !important;}&#8221;]<\/p>\n<h6 style=\"text-align: right;\"><em>Es Vedr\u00e0 y es Vedranells<\/em><\/h6>\n<p>[\/vc_column_text][vc_column_text]Imaginem-nos que sortim de <strong>l\u2019extrem sud del municipi, i tamb\u00e9 de l\u2019illa.<\/strong> All\u00e0 on acaba la popular <a href=\"https:\/\/www.santjosep.net\/ver\/zonas\/playa-den-bossa\/\">platja d\u2019en Bossa<\/a> i el seu extens arenal, punt neur\u00e0lgic de l\u2019oci en aquesta part de l\u2019illa, ens trobem amb un promontori on s\u2019aixeca la <a href=\"https:\/\/www.santjosep.net\/rutas-ses-salines\/ruta-sa-sal-rossa\/\">torre de guaita de sa Sal Rossa<\/a>, tamb\u00e9 coneguda com a <a href=\"https:\/\/www.santjosep.net\/venue\/torre-des-carregador-2\/\">torre des Carregador<\/a>, perqu\u00e8 durant un temps la zona va ser punt de c\u00e0rrega de la sal procedent dels estanys saliners que hi ha a prop. Si ens hi aproximem des del mar, veiem als peus de la torre del s. xviii unes casetes varador i un bra\u00e7 irregular de pedres alineades que s\u2019endinsa cap al mar. Ser\u00e0 el nostre primer bany d\u2019hist\u00f2ria. Som a <a href=\"https:\/\/www.santjosep.net\/ver\/visitas\/la-xanga\/\">la Xanga<\/a>, davant del que un temps va ser el primer port saliner d\u2019Eivissa, on fenicis, \u00e0rabs i cristians van dur a terme una intensa activitat comercial. Restes d\u2019una pla\u00e7a empedrada i d\u2019uns <a href=\"https:\/\/www.santjosep.net\/ver\/patrimonio-y-cultura\/algibes-de-la-xanga\/\">aljubs<\/a> indiquen l\u2019exist\u00e8ncia d\u2019una pla\u00e7a salinera que, al\u00e7ada al s. xvi, donava sortida a l\u2019or blanc de l\u2019illa. Abans, en \u00e8poca fen\u00edcio-p\u00fanica, la zona era utilitzada per a la desc\u00e0rrega i l\u2019especejament de les tonyines pescades a les almadraves que hi havia a prop.[\/vc_column_text][vc_column_text css=&#8221;.vc_custom_1688636311608{margin-top: 15px !important;}&#8221;]<style>#jtg-30722 .modula-item .jtg-social a, .lightbox-socials.jtg-social a{ fill: #ffffff; color: #ffffff }#jtg-30722 .modula-item .jtg-social-mobile a{ fill: #ffffff; color: #ffffff }#jtg-30722 .modula-item .jtg-social svg, .lightbox-socials.jtg-social svg { height: 16px; width: 16px }#jtg-30722 .modula-item .jtg-social-mobile svg { height: 16px; width: 16px }#jtg-30722 .modula-item .jtg-social a:not(:last-child), .lightbox-socials.jtg-social a:not(:last-child) { margin-right: 10px }#jtg-30722 .modula-item .jtg-social-mobile .jtg-social-mobile-icons a:not(:last-child){ margin-right: 10px }#jtg-30722 .modula-item .figc {color:#ffffff;}#jtg-30722 .modula-item .modula-item-content { transform: scale(1) }#jtg-30722 .modula-items .figc p.description { font-size:14px; }#jtg-30722 .modula-items .figc p.description { color:#ffffff;}#jtg-30722.modula-gallery .modula-item > a, #jtg-30722.modula-gallery .modula-item, #jtg-30722.modula-gallery .modula-item-content > a:not(.modula-no-follow) { cursor:zoom-in; } #jtg-30722.modula-gallery .modula-item-content .modula-no-follow { cursor: default; } @media screen and (max-width:480px){#jtg-30722 .modula-item .figc .jtg-title {  font-size: 12px; }#jtg-30722 .modula-items .figc p.description { color:#ffffff;font-size:10px; }}#jtg-30722 .modula-items .modula-item:hover img{opacity:1;}<\/style>\n<div  id=\"jtg-30722\" class=\"modula modula-gallery modula-custom-grid\" data-config=\"{&quot;height&quot;:800,&quot;tabletHeight&quot;:800,&quot;mobileHeight&quot;:800,&quot;desktopHeight&quot;:800,&quot;enableTwitter&quot;:true,&quot;enableWhatsapp&quot;:false,&quot;enableFacebook&quot;:true,&quot;enablePinterest&quot;:true,&quot;enableLinkedin&quot;:true,&quot;enableEmail&quot;:false,&quot;randomFactor&quot;:0.5,&quot;type&quot;:&quot;custom-grid&quot;,&quot;columns&quot;:12,&quot;gutter&quot;:0,&quot;mobileGutter&quot;:0,&quot;tabletGutter&quot;:0,&quot;desktopGutter&quot;:0,&quot;enableResponsive&quot;:&quot;1&quot;,&quot;tabletColumns&quot;:&quot;2&quot;,&quot;mobileColumns&quot;:&quot;1&quot;,&quot;lazyLoad&quot;:&quot;0&quot;,&quot;lightboxOpts&quot;:{&quot;animated&quot;:true,&quot;Thumbs&quot;:{&quot;type&quot;:&quot;modern&quot;,&quot;showOnStart&quot;:false},&quot;Toolbar&quot;:{&quot;display&quot;:{&quot;right&quot;:[&quot;close&quot;]},&quot;enabled&quot;:true},&quot;Carousel&quot;:{&quot;Panzoom&quot;:{&quot;touch&quot;:false},&quot;infinite&quot;:false},&quot;keyboard&quot;:{&quot;Escape&quot;:&quot;close&quot;,&quot;Delete&quot;:&quot;close&quot;,&quot;Backspace&quot;:&quot;close&quot;,&quot;PageUp&quot;:false,&quot;PageDown&quot;:false,&quot;ArrowUp&quot;:false,&quot;ArrowDown&quot;:false,&quot;ArrowRight&quot;:false,&quot;ArrowLeft&quot;:false},&quot;touch&quot;:false,&quot;backdropClick&quot;:false,&quot;l10n&quot;:{&quot;CLOSE&quot;:&quot;Close&quot;,&quot;NEXT&quot;:&quot;Next&quot;,&quot;PREV&quot;:&quot;Previous&quot;,&quot;Error&quot;:&quot;The requested content cannot be loaded. Please try again later.&quot;,&quot;PLAY_START&quot;:&quot;Start slideshow&quot;,&quot;PLAY_STOP&quot;:&quot;Pause slideshow&quot;,&quot;FULL_SCREEN&quot;:&quot;Full screen&quot;,&quot;THUMBS&quot;:&quot;Thumbnails&quot;,&quot;DOWNLOAD&quot;:&quot;Download&quot;,&quot;SHARE&quot;:&quot;Share&quot;,&quot;ZOOM&quot;:&quot;Zoom&quot;,&quot;EMAIL&quot;:&quot;Here is the link to the image : %%image_link%% and this is the link to the gallery : %%gallery_link%%&quot;,&quot;MODAL&quot;:&quot;You can close this modal content with the ESC key&quot;,&quot;ERROR&quot;:&quot;Something Went Wrong, Please Try Again Later&quot;,&quot;IMAGE_ERROR&quot;:&quot;Image Not Found&quot;,&quot;ELEMENT_NOT_FOUND&quot;:&quot;HTML Element Not Found&quot;,&quot;AJAX_NOT_FOUND&quot;:&quot;Error Loading AJAX : Not Found&quot;,&quot;AJAX_FORBIDDEN&quot;:&quot;Error Loading AJAX : Forbidden&quot;,&quot;IFRAME_ERROR&quot;:&quot;Error Loading Page&quot;,&quot;TOGGLE_ZOOM&quot;:&quot;Toggle zoom level&quot;,&quot;TOGGLE_THUMBS&quot;:&quot;Toggle thumbnails&quot;,&quot;TOGGLE_SLIDESHOW&quot;:&quot;Toggle slideshow&quot;,&quot;TOGGLE_FULLSCREEN&quot;:&quot;Toggle full-screen mode&quot;},&quot;Images&quot;:{&quot;Panzoom&quot;:{&quot;maxScale&quot;:2}},&quot;mainClass&quot;:&quot;modula-fancybox-container modula-lightbox-jtg-30722&quot;,&quot;Html&quot;:{&quot;videoAutoplay&quot;:0,&quot;videoTpl&quot;:&quot;&lt;video class=\\&quot;fancybox__html5video\\&quot; controls muted playsinline controlsList controlsList=\\&quot;nodownload\\&quot; poster=\\&quot;{{poster}}\\&quot; src=\\&quot;{{src}}\\&quot; type=\\&quot;{{format}}\\&quot; &gt;  Sorry, your browser doesn&#039;t support embedded videos, &lt;a href=\\&quot;{{src}}\\&quot;&gt; download &lt;\\\/a&gt; and watch with your favorite video player! &lt;\\\/video&gt;&quot;}},&quot;inView&quot;:false,&quot;email_subject&quot;:&quot;Check out this awesome image !!&quot;,&quot;email_message&quot;:&quot;Here is the link to the image : %%image_link%% and this is the link to the gallery : %%gallery_link%%&quot;,&quot;lightbox&quot;:&quot;fancybox&quot;}\">\n\n\t\n\t<div  class=\"modula-items\">\n\t\t<div class=\"modula-item\" data-width=\"7\" data-height=\"6\" >\n\t<div class=\"modula-item-content\">\n\t\t\n\t\t\t\t\t<a data-image-id=\"30736\" tabindex=\"0\" rel=\"jtg-30722\" data-caption=\"\" aria-label=\"Open image in lightbox\" role=\"button\" class=\"tile-inner modula-item-link\"><\/a>\n\t\t\n\t\t<img loading=\"lazy\" decoding=\"async\" class=\"pic wp-image-30736\"  data-valign=\"middle\" data-halign=\"center\" alt=\"\" data-full=\"https:\/\/www.santjosep.net\/wp-content\/uploads\/2022\/01\/RR_00953.jpg\" title=\"RR_00953\" width=\"2200\" height=\"1467\" src=\"https:\/\/www.santjosep.net\/wp-content\/uploads\/2022\/01\/RR_00953.jpg\" data-src=\"https:\/\/www.santjosep.net\/wp-content\/uploads\/2022\/01\/RR_00953.jpg\" data-caption=\"\" srcset=\"https:\/\/www.santjosep.net\/wp-content\/uploads\/2022\/01\/RR_00953.jpg 2200w, https:\/\/www.santjosep.net\/wp-content\/uploads\/2022\/01\/RR_00953-300x200.jpg 300w, https:\/\/www.santjosep.net\/wp-content\/uploads\/2022\/01\/RR_00953-1024x683.jpg 1024w, https:\/\/www.santjosep.net\/wp-content\/uploads\/2022\/01\/RR_00953-768x512.jpg 768w, https:\/\/www.santjosep.net\/wp-content\/uploads\/2022\/01\/RR_00953-1536x1024.jpg 1536w\" sizes=\"auto, (max-width: 2200px) 100vw, 2200px\" \/>\n\t<\/div>\n\n<\/div><div class=\"modula-item\" data-width=\"6\" data-height=\"6\" >\n\t<div class=\"modula-item-content\">\n\t\t\n\t\t\t\t\t<a data-image-id=\"30746\" tabindex=\"0\" rel=\"jtg-30722\" data-caption=\"\" aria-label=\"Open image in lightbox\" role=\"button\" class=\"tile-inner modula-item-link\"><\/a>\n\t\t\n\t\t<img loading=\"lazy\" decoding=\"async\" class=\"pic wp-image-30746\"  data-valign=\"middle\" data-halign=\"center\" alt=\"\" data-full=\"https:\/\/www.santjosep.net\/wp-content\/uploads\/2022\/01\/RR_01002.jpg\" title=\"RR_01002\" width=\"2200\" height=\"1467\" src=\"https:\/\/www.santjosep.net\/wp-content\/uploads\/2022\/01\/RR_01002.jpg\" data-src=\"https:\/\/www.santjosep.net\/wp-content\/uploads\/2022\/01\/RR_01002.jpg\" data-caption=\"\" srcset=\"https:\/\/www.santjosep.net\/wp-content\/uploads\/2022\/01\/RR_01002.jpg 2200w, https:\/\/www.santjosep.net\/wp-content\/uploads\/2022\/01\/RR_01002-300x200.jpg 300w, https:\/\/www.santjosep.net\/wp-content\/uploads\/2022\/01\/RR_01002-1024x683.jpg 1024w, https:\/\/www.santjosep.net\/wp-content\/uploads\/2022\/01\/RR_01002-768x512.jpg 768w, https:\/\/www.santjosep.net\/wp-content\/uploads\/2022\/01\/RR_01002-1536x1024.jpg 1536w\" sizes=\"auto, (max-width: 2200px) 100vw, 2200px\" \/>\n\t<\/div>\n\n<\/div><div class=\"modula-item\" data-width=\"6\" data-height=\"6\" >\n\t<div class=\"modula-item-content\">\n\t\t\n\t\t\t\t\t<a data-image-id=\"30731\" tabindex=\"0\" rel=\"jtg-30722\" data-caption=\"\" aria-label=\"Open image in lightbox\" role=\"button\" class=\"tile-inner modula-item-link\"><\/a>\n\t\t\n\t\t<img loading=\"lazy\" decoding=\"async\" class=\"pic wp-image-30731\"  data-valign=\"middle\" data-halign=\"center\" alt=\"\" data-full=\"https:\/\/www.santjosep.net\/wp-content\/uploads\/2022\/01\/P1001376.jpg\" title=\"P1001376\" width=\"1500\" height=\"1125\" src=\"https:\/\/www.santjosep.net\/wp-content\/uploads\/2022\/01\/P1001376.jpg\" data-src=\"https:\/\/www.santjosep.net\/wp-content\/uploads\/2022\/01\/P1001376.jpg\" data-caption=\"\" srcset=\"https:\/\/www.santjosep.net\/wp-content\/uploads\/2022\/01\/P1001376.jpg 1500w, https:\/\/www.santjosep.net\/wp-content\/uploads\/2022\/01\/P1001376-300x225.jpg 300w, https:\/\/www.santjosep.net\/wp-content\/uploads\/2022\/01\/P1001376-1024x768.jpg 1024w, https:\/\/www.santjosep.net\/wp-content\/uploads\/2022\/01\/P1001376-768x576.jpg 768w, https:\/\/www.santjosep.net\/wp-content\/uploads\/2022\/01\/P1001376-800x600.jpg 800w\" sizes=\"auto, (max-width: 1500px) 100vw, 1500px\" \/>\n\t<\/div>\n\n<\/div><div class=\"modula-item\" data-width=\"5\" data-height=\"6\" >\n\t<div class=\"modula-item-content\">\n\t\t\n\t\t\t\t\t<a data-image-id=\"30751\" tabindex=\"0\" rel=\"jtg-30722\" data-caption=\"\" aria-label=\"Open image in lightbox\" role=\"button\" class=\"tile-inner modula-item-link\"><\/a>\n\t\t\n\t\t<img loading=\"lazy\" decoding=\"async\" class=\"pic wp-image-30751\"  data-valign=\"middle\" data-halign=\"center\" alt=\"\" data-full=\"https:\/\/www.santjosep.net\/wp-content\/uploads\/2022\/01\/RR_01024.jpg\" title=\"RR_01024\" width=\"1467\" height=\"2200\" src=\"https:\/\/www.santjosep.net\/wp-content\/uploads\/2022\/01\/RR_01024.jpg\" data-src=\"https:\/\/www.santjosep.net\/wp-content\/uploads\/2022\/01\/RR_01024.jpg\" data-caption=\"\" srcset=\"https:\/\/www.santjosep.net\/wp-content\/uploads\/2022\/01\/RR_01024.jpg 1467w, https:\/\/www.santjosep.net\/wp-content\/uploads\/2022\/01\/RR_01024-200x300.jpg 200w, https:\/\/www.santjosep.net\/wp-content\/uploads\/2022\/01\/RR_01024-683x1024.jpg 683w, https:\/\/www.santjosep.net\/wp-content\/uploads\/2022\/01\/RR_01024-768x1152.jpg 768w, https:\/\/www.santjosep.net\/wp-content\/uploads\/2022\/01\/RR_01024-1024x1536.jpg 1024w, https:\/\/www.santjosep.net\/wp-content\/uploads\/2022\/01\/RR_01024-1366x2048.jpg 1366w\" sizes=\"auto, (max-width: 1467px) 100vw, 1467px\" \/>\n\t<\/div>\n\n<\/div>\t\t\n\t<\/div>\n\n\t\n\t\n\t<script type=\"application\/ld+json\">\n\t{\n\t\t\"@context\": \"http:\/\/schema.org\",\n\t\t\"@type\"   : \"ImageGallery\",\n\t\t\"id\"      : \"https:\/\/www.santjosep.net\/ca\/la-costa-oeste-y-sur-de-ibiza-por-mar\/\",\n\t\t\"url\"     : \"https:\/\/www.santjosep.net\/ca\/la-costa-oeste-y-sur-de-ibiza-por-mar\/\"\n\t}\n\n\t<\/script>\n\n\t\n<\/div>\n[\/vc_column_text][vc_column_text css=&#8221;.vc_custom_1688636389762{padding-top: 0px !important;padding-bottom: 30px !important;}&#8221;]<\/p>\n<h6 style=\"text-align: right;\"><em>Torre de ses Portes<\/em><\/h6>\n<p>[\/vc_column_text][vc_column_text]Seguim la ruta per la costa, tot vorejant muntanyes cobertes de pins, penya-segats vermellencs, coves i entrants fins a divisar un extens bra\u00e7 de sorra blanca el final de la qual assenyala la silueta d\u2019una altra torre, la de ses Portes. Estem arribant a l\u2019extrem sud de l\u2019illa i tenim al davant la <a href=\"https:\/\/www.santjosep.net\/ver\/playas\/es-cavallet\/\">platja des Cavallet<\/a>. Ens trobem ja al bell mig del <a href=\"https:\/\/www.santjosep.net\/turismo-activo\/paseos\/visita-parque-natural-ses-salines\/\">Parc Natural de ses Salines.<\/a> Per arribar a l\u2019altre costat, la <a href=\"https:\/\/www.santjosep.net\/ver\/playas\/ses-salines\/\">platja de ses Salines<\/a>, passem per un dels extrems del que es coneix com el canal des Freus, uns baixos de fons arenosos on la profunditat varia de manera capriciosa segons els corrents dominants. La transpar\u00e8ncia de les aig\u00fces \u00e9s hipn\u00f2tica i la blancor dels fons estriats de sorra s\u2019alterna amb la frondositat de la verda <a href=\"https:\/\/www.santjosep.net\/ver\/naturaleza\/la-posidonia-oceanica\/\">posid\u00f2nia oce\u00e0nica<\/a>, la delicada planta marina que, a manera de bosc, oxigena el mar eivissenc.[\/vc_column_text][vc_column_text css=&#8221;.vc_custom_1688636169778{margin-top: 15px !important;margin-bottom: 15px !important;}&#8221;]<style>#jtg-19097 .modula-item .jtg-social a, .lightbox-socials.jtg-social a{ fill: #ffffff; color: #ffffff }#jtg-19097 .modula-item .jtg-social-mobile a{ fill: #ffffff; color: #ffffff }#jtg-19097 .modula-item .jtg-social svg, .lightbox-socials.jtg-social svg { height: 16px; width: 16px }#jtg-19097 .modula-item .jtg-social-mobile svg { height: 16px; width: 16px }#jtg-19097 .modula-item .jtg-social a:not(:last-child), .lightbox-socials.jtg-social a:not(:last-child) { margin-right: 10px }#jtg-19097 .modula-item .jtg-social-mobile .jtg-social-mobile-icons a:not(:last-child){ margin-right: 10px }#jtg-19097 .modula-item .figc {color:#ffffff;}#jtg-19097 .modula-item .modula-item-content { transform: scale(1) }#jtg-19097 .modula-items .figc p.description { font-size:14px; }#jtg-19097 .modula-items .figc p.description { color:#ffffff;}#jtg-19097.modula-gallery .modula-item > a, #jtg-19097.modula-gallery .modula-item, #jtg-19097.modula-gallery .modula-item-content > a:not(.modula-no-follow) { cursor:zoom-in; } #jtg-19097.modula-gallery .modula-item-content .modula-no-follow { cursor: default; } @media screen and (max-width:480px){#jtg-19097 .modula-item .figc .jtg-title {  font-size: 12px; }#jtg-19097 .modula-items .figc p.description { color:#ffffff;font-size:10px; }}#jtg-19097 .modula-items .modula-item:hover img{opacity:1;}<\/style>\n<div  id=\"jtg-19097\" class=\"modula modula-gallery modula-custom-grid\" data-config=\"{&quot;height&quot;:800,&quot;tabletHeight&quot;:800,&quot;mobileHeight&quot;:800,&quot;desktopHeight&quot;:800,&quot;enableTwitter&quot;:true,&quot;enableWhatsapp&quot;:false,&quot;enableFacebook&quot;:true,&quot;enablePinterest&quot;:true,&quot;enableLinkedin&quot;:true,&quot;enableEmail&quot;:false,&quot;randomFactor&quot;:0.5,&quot;type&quot;:&quot;custom-grid&quot;,&quot;columns&quot;:12,&quot;gutter&quot;:0,&quot;mobileGutter&quot;:0,&quot;tabletGutter&quot;:0,&quot;desktopGutter&quot;:0,&quot;enableResponsive&quot;:&quot;1&quot;,&quot;tabletColumns&quot;:&quot;2&quot;,&quot;mobileColumns&quot;:&quot;1&quot;,&quot;lazyLoad&quot;:&quot;0&quot;,&quot;lightboxOpts&quot;:{&quot;animated&quot;:true,&quot;Thumbs&quot;:{&quot;type&quot;:&quot;modern&quot;,&quot;showOnStart&quot;:false},&quot;Toolbar&quot;:{&quot;display&quot;:{&quot;right&quot;:[&quot;close&quot;]},&quot;enabled&quot;:true},&quot;Carousel&quot;:{&quot;Panzoom&quot;:{&quot;touch&quot;:false},&quot;infinite&quot;:false},&quot;keyboard&quot;:{&quot;Escape&quot;:&quot;close&quot;,&quot;Delete&quot;:&quot;close&quot;,&quot;Backspace&quot;:&quot;close&quot;,&quot;PageUp&quot;:false,&quot;PageDown&quot;:false,&quot;ArrowUp&quot;:false,&quot;ArrowDown&quot;:false,&quot;ArrowRight&quot;:false,&quot;ArrowLeft&quot;:false},&quot;touch&quot;:false,&quot;backdropClick&quot;:false,&quot;l10n&quot;:{&quot;CLOSE&quot;:&quot;Close&quot;,&quot;NEXT&quot;:&quot;Next&quot;,&quot;PREV&quot;:&quot;Previous&quot;,&quot;Error&quot;:&quot;The requested content cannot be loaded. Please try again later.&quot;,&quot;PLAY_START&quot;:&quot;Start slideshow&quot;,&quot;PLAY_STOP&quot;:&quot;Pause slideshow&quot;,&quot;FULL_SCREEN&quot;:&quot;Full screen&quot;,&quot;THUMBS&quot;:&quot;Thumbnails&quot;,&quot;DOWNLOAD&quot;:&quot;Download&quot;,&quot;SHARE&quot;:&quot;Share&quot;,&quot;ZOOM&quot;:&quot;Zoom&quot;,&quot;EMAIL&quot;:&quot;Here is the link to the image : %%image_link%% and this is the link to the gallery : %%gallery_link%%&quot;,&quot;MODAL&quot;:&quot;You can close this modal content with the ESC key&quot;,&quot;ERROR&quot;:&quot;Something Went Wrong, Please Try Again Later&quot;,&quot;IMAGE_ERROR&quot;:&quot;Image Not Found&quot;,&quot;ELEMENT_NOT_FOUND&quot;:&quot;HTML Element Not Found&quot;,&quot;AJAX_NOT_FOUND&quot;:&quot;Error Loading AJAX : Not Found&quot;,&quot;AJAX_FORBIDDEN&quot;:&quot;Error Loading AJAX : Forbidden&quot;,&quot;IFRAME_ERROR&quot;:&quot;Error Loading Page&quot;,&quot;TOGGLE_ZOOM&quot;:&quot;Toggle zoom level&quot;,&quot;TOGGLE_THUMBS&quot;:&quot;Toggle thumbnails&quot;,&quot;TOGGLE_SLIDESHOW&quot;:&quot;Toggle slideshow&quot;,&quot;TOGGLE_FULLSCREEN&quot;:&quot;Toggle full-screen mode&quot;},&quot;Images&quot;:{&quot;Panzoom&quot;:{&quot;maxScale&quot;:2}},&quot;mainClass&quot;:&quot;modula-fancybox-container modula-lightbox-jtg-19097&quot;,&quot;Html&quot;:{&quot;videoAutoplay&quot;:0,&quot;videoTpl&quot;:&quot;&lt;video class=\\&quot;fancybox__html5video\\&quot; controls muted playsinline controlsList controlsList=\\&quot;nodownload\\&quot; poster=\\&quot;{{poster}}\\&quot; src=\\&quot;{{src}}\\&quot; type=\\&quot;{{format}}\\&quot; &gt;  Sorry, your browser doesn&#039;t support embedded videos, &lt;a href=\\&quot;{{src}}\\&quot;&gt; download &lt;\\\/a&gt; and watch with your favorite video player! &lt;\\\/video&gt;&quot;}},&quot;inView&quot;:false,&quot;email_subject&quot;:&quot;Check out this awesome image !!&quot;,&quot;email_message&quot;:&quot;Here is the link to the image : %%image_link%% and this is the link to the gallery : %%gallery_link%%&quot;,&quot;lightbox&quot;:&quot;fancybox&quot;}\">\n\n\t\n\t<div  class=\"modula-items\">\n\t\t<div class=\"modula-item\" data-width=\"12\" data-height=\"7\" >\n\t<div class=\"modula-item-content\">\n\t\t\n\t\t\t\t\t<a data-image-id=\"18880\" tabindex=\"0\" rel=\"jtg-19097\" data-caption=\"DCIM\/100MEDIA\/DJI_0397.JPG\" aria-label=\"Open image in lightbox\" role=\"button\" class=\"tile-inner modula-item-link\"><\/a>\n\t\t\n\t\t<img loading=\"lazy\" decoding=\"async\" class=\"pic wp-image-18880\"  data-valign=\"middle\" data-halign=\"center\" alt=\"\" data-full=\"https:\/\/www.santjosep.net\/wp-content\/uploads\/2020\/01\/AdobeStock_233975072.jpg\" title=\"Aerial view of Ses Cavallet beach, Ibiza. Spain.\" width=\"1900\" height=\"1425\" src=\"https:\/\/www.santjosep.net\/wp-content\/uploads\/2020\/01\/AdobeStock_233975072.jpg\" data-src=\"https:\/\/www.santjosep.net\/wp-content\/uploads\/2020\/01\/AdobeStock_233975072.jpg\" data-caption=\"DCIM\/100MEDIA\/DJI_0397.JPG\" srcset=\"https:\/\/www.santjosep.net\/wp-content\/uploads\/2020\/01\/AdobeStock_233975072.jpg 1900w, https:\/\/www.santjosep.net\/wp-content\/uploads\/2020\/01\/AdobeStock_233975072-300x225.jpg 300w, https:\/\/www.santjosep.net\/wp-content\/uploads\/2020\/01\/AdobeStock_233975072-1024x768.jpg 1024w, https:\/\/www.santjosep.net\/wp-content\/uploads\/2020\/01\/AdobeStock_233975072-768x576.jpg 768w, https:\/\/www.santjosep.net\/wp-content\/uploads\/2020\/01\/AdobeStock_233975072-1536x1152.jpg 1536w, https:\/\/www.santjosep.net\/wp-content\/uploads\/2020\/01\/AdobeStock_233975072-800x600.jpg 800w\" sizes=\"auto, (max-width: 1900px) 100vw, 1900px\" \/>\n\t<\/div>\n\n<\/div><div class=\"modula-item\" data-width=\"6\" data-height=\"6\" >\n\t<div class=\"modula-item-content\">\n\t\t\n\t\t\t\t\t<a data-image-id=\"18890\" tabindex=\"0\" rel=\"jtg-19097\" data-caption=\"DCIM\/100MEDIA\/DJI_0391.JPG\" aria-label=\"Open image in lightbox\" role=\"button\" class=\"tile-inner modula-item-link\"><\/a>\n\t\t\n\t\t<img loading=\"lazy\" decoding=\"async\" class=\"pic wp-image-18890\"  data-valign=\"middle\" data-halign=\"center\" alt=\"\" data-full=\"https:\/\/www.santjosep.net\/wp-content\/uploads\/2020\/01\/AdobeStock_234370382-1.jpg\" title=\"Aerial view of Ses Salines Natural Park, Ibiza. Spain.\" width=\"1900\" height=\"1425\" src=\"https:\/\/www.santjosep.net\/wp-content\/uploads\/2020\/01\/AdobeStock_234370382-1.jpg\" data-src=\"https:\/\/www.santjosep.net\/wp-content\/uploads\/2020\/01\/AdobeStock_234370382-1.jpg\" data-caption=\"DCIM\/100MEDIA\/DJI_0391.JPG\" srcset=\"https:\/\/www.santjosep.net\/wp-content\/uploads\/2020\/01\/AdobeStock_234370382-1.jpg 1900w, https:\/\/www.santjosep.net\/wp-content\/uploads\/2020\/01\/AdobeStock_234370382-1-300x225.jpg 300w, https:\/\/www.santjosep.net\/wp-content\/uploads\/2020\/01\/AdobeStock_234370382-1-1024x768.jpg 1024w, https:\/\/www.santjosep.net\/wp-content\/uploads\/2020\/01\/AdobeStock_234370382-1-768x576.jpg 768w, https:\/\/www.santjosep.net\/wp-content\/uploads\/2020\/01\/AdobeStock_234370382-1-1536x1152.jpg 1536w, https:\/\/www.santjosep.net\/wp-content\/uploads\/2020\/01\/AdobeStock_234370382-1-800x600.jpg 800w\" sizes=\"auto, (max-width: 1900px) 100vw, 1900px\" \/>\n\t<\/div>\n\n<\/div><div class=\"modula-item\" data-width=\"6\" data-height=\"6\" >\n\t<div class=\"modula-item-content\">\n\t\t\n\t\t\t\t\t<a data-image-id=\"18885\" tabindex=\"0\" rel=\"jtg-19097\" data-caption=\"DCIM\/100MEDIA\/DJI_0359.JPG\" aria-label=\"Open image in lightbox\" role=\"button\" class=\"tile-inner modula-item-link\"><\/a>\n\t\t\n\t\t<img loading=\"lazy\" decoding=\"async\" class=\"pic wp-image-18885\"  data-valign=\"middle\" data-halign=\"center\" alt=\"\" data-full=\"https:\/\/www.santjosep.net\/wp-content\/uploads\/2020\/01\/AdobeStock_233975191.jpg\" title=\"Aerial view of Ses Salines beach, Ibiza. Spain.\" width=\"1900\" height=\"1425\" src=\"https:\/\/www.santjosep.net\/wp-content\/uploads\/2020\/01\/AdobeStock_233975191.jpg\" data-src=\"https:\/\/www.santjosep.net\/wp-content\/uploads\/2020\/01\/AdobeStock_233975191.jpg\" data-caption=\"DCIM\/100MEDIA\/DJI_0359.JPG\" srcset=\"https:\/\/www.santjosep.net\/wp-content\/uploads\/2020\/01\/AdobeStock_233975191.jpg 1900w, https:\/\/www.santjosep.net\/wp-content\/uploads\/2020\/01\/AdobeStock_233975191-300x225.jpg 300w, https:\/\/www.santjosep.net\/wp-content\/uploads\/2020\/01\/AdobeStock_233975191-1024x768.jpg 1024w, https:\/\/www.santjosep.net\/wp-content\/uploads\/2020\/01\/AdobeStock_233975191-768x576.jpg 768w, https:\/\/www.santjosep.net\/wp-content\/uploads\/2020\/01\/AdobeStock_233975191-1536x1152.jpg 1536w, https:\/\/www.santjosep.net\/wp-content\/uploads\/2020\/01\/AdobeStock_233975191-800x600.jpg 800w\" sizes=\"auto, (max-width: 1900px) 100vw, 1900px\" \/>\n\t<\/div>\n\n<\/div>\t\t\n\t<\/div>\n\n\t\n\t\n\t<script type=\"application\/ld+json\">\n\t{\n\t\t\"@context\": \"http:\/\/schema.org\",\n\t\t\"@type\"   : \"ImageGallery\",\n\t\t\"id\"      : \"https:\/\/www.santjosep.net\/ca\/la-costa-oeste-y-sur-de-ibiza-por-mar\/\",\n\t\t\"url\"     : \"https:\/\/www.santjosep.net\/ca\/la-costa-oeste-y-sur-de-ibiza-por-mar\/\"\n\t}\n\n\t<\/script>\n\n\t\n<\/div>\n[\/vc_column_text][vc_column_text css=&#8221;.vc_custom_1688636383437{padding-top: 0px !important;padding-bottom: 30px !important;}&#8221;]<\/p>\n<h6 style=\"text-align: right;\"><em>Parc Natural de ses Salines<\/em><\/h6>\n<p>[\/vc_column_text][vc_column_text]La platja de <a href=\"https:\/\/www.santjosep.net\/ver\/naturaleza\/ses-salines-deivissa-y-formentera\/\">ses Salines<\/a> t\u00e9 a l\u2019extrem sud petites cales incrustades entre parets de mar\u00e8s amb formes geom\u00e8triques i capricioses. Les primeres, fruit de la m\u00e0 de l\u2019home, ja que van ser una antiga pedrera que va alimentar les muralles d\u2019Eivissa. Les segones, per efecte de l\u2019erosi\u00f3 dels elements, mar i vent, b\u00e0sicament. Despr\u00e9s d\u2019aquestes platges, un llarg arenal presenta fons transparents i establiments de renom a les xarxes socials. Si continuem avan\u00e7ant, arribem al modern moll saliner, des d\u2019on es continua exportant la famosa sal d\u2019Eivissa a destinacions tan llunyanes com les illes F\u00e8roe, on \u00e9s popular des de fa d\u00e8cades. Una de les construccions del complex saliner, un enorme magatzem de dos aiguavessos, \u00e9s actualment una sala d\u2019exposicions singular. Coneguda com <a href=\"https:\/\/www.santjosep.net\/ver\/patrimonio-y-cultura\/fundacion-la-nave-salinas\/\">La Nau Salines<\/a>, el galerista Lio Malca instal\u00b7la cada any a l\u2019interior obres d\u2019artistes contemporanis de primera l\u00ednia com ara KAWS, Marco Brambilla, Keith Haring, Bill Viola, Kenny Scharf, Rafa Macarr\u00f3n o Eva Beresin.[\/vc_column_text][vc_single_image image=&#8221;30678&#8243; img_size=&#8221;full&#8221; css=&#8221;.vc_custom_1688636801129{margin-top: 15px !important;margin-bottom: 15px !important;}&#8221;][vc_column_text css=&#8221;.vc_custom_1688636585224{padding-top: 0px !important;padding-bottom: 30px !important;}&#8221;]<\/p>\n<h6 style=\"text-align: right;\"><em>Fundaci\u00f3n La Nave Salinas<\/em><\/h6>\n<p>[\/vc_column_text][vc_column_text]Posem proa cap a la propera cita, el <a href=\"https:\/\/www.santjosep.net\/ver\/visitas\/cap-des-falco\/\">cap des Falc\u00f3<\/a>, on s\u2019inicia una llarga platja de c\u00f2dols que delimita per l\u2019oest la trama d\u2019estanys saliners i l\u2019aeroport d\u2019Eivissa. Molts s\u2019entretenen aturant l\u2019embarcaci\u00f3 a peu de pista per deixar-se sobrevolar pels avions que s\u2019enlairen de l\u2019aer\u00f2drom eivissenc o hi aterren. Al final de la platja, comen\u00e7a un tram de petits penya-segats que amaguen caletes de diferents mides. Una d\u2019elles va ser part del primer assentament fenici de l\u2019illa, <a href=\"https:\/\/www.santjosep.net\/ver\/visitas\/sa-caleta\/\">sa Caleta<\/a>. Els vestigis s\u2019han muse\u00eftzat en part i donen fe de la creixent import\u00e0ncia de l\u2019illa en l\u2019entramat comercial de l\u2019\u00e8poca. La cala est\u00e0 flanquejada per casetes varador i \u00e9s un punt molt utilitzat pels residents per varar-hi embarcacions de poca eslora.[\/vc_column_text][vc_single_image image=&#8221;34713&#8243; img_size=&#8221;full&#8221; css=&#8221;.vc_custom_1688636643225{margin-top: 15px !important;margin-bottom: 15px !important;}&#8221;][vc_column_text css=&#8221;.vc_custom_1688636659644{padding-bottom: 15px !important;}&#8221;]<\/p>\n<h6 style=\"text-align: right;\"><em>Cap des Falc\u00f3<\/em><\/h6>\n<p>[\/vc_column_text][vc_column_text]A l\u2019altre costat, la <a href=\"https:\/\/www.santjosep.net\/ver\/playas\/es-bol-nou\/\">platja des Bol Nou<\/a>, identificable per les seves parets arenoses de color rogenc. Seguim navegant fins arribar a la punta foradada que forma punta Jondal, que precedeix la cala que porta el mateix nom. Sorra, roques i c\u00f2dols formen la seva l\u00ednia costanera, des de l\u2019inici de la cala fins a la zona coneguda com <a href=\"https:\/\/www.santjosep.net\/ver\/playas\/es-xarco\/\">es Xarco<\/a>. Diversos establiments gastron\u00f2mics de moda es distribueixen al llarg d\u2019aquesta franja de platja, per la qual cosa habitualment hi ancoren petites, grans i enormes embarcacions.[\/vc_column_text][vc_column_text css=&#8221;.vc_custom_1688636847688{margin-top: 15px !important;margin-bottom: 15px !important;}&#8221;]<style>#jtg-16601 .modula-item .jtg-social a, .lightbox-socials.jtg-social a{ fill: #ffffff; color: #ffffff }#jtg-16601 .modula-item .jtg-social-mobile a{ fill: #ffffff; color: #ffffff }#jtg-16601 .modula-item .jtg-social svg, .lightbox-socials.jtg-social svg { height: 16px; width: 16px }#jtg-16601 .modula-item .jtg-social-mobile svg { height: 16px; width: 16px }#jtg-16601 .modula-item .jtg-social a:not(:last-child), .lightbox-socials.jtg-social a:not(:last-child) { margin-right: 10px }#jtg-16601 .modula-item .jtg-social-mobile .jtg-social-mobile-icons a:not(:last-child){ margin-right: 10px }#jtg-16601 .modula-item .figc {color:#ffffff;}#jtg-16601 .modula-item .modula-item-content { transform: scale(1) }#jtg-16601 .modula-items .figc p.description { font-size:14px; }#jtg-16601 .modula-items .figc p.description { color:#ffffff;}#jtg-16601.modula-gallery .modula-item > a, #jtg-16601.modula-gallery .modula-item, #jtg-16601.modula-gallery .modula-item-content > a:not(.modula-no-follow) { cursor:zoom-in; } #jtg-16601.modula-gallery .modula-item-content .modula-no-follow { cursor: default; } @media screen and (max-width:480px){#jtg-16601 .modula-item .figc .jtg-title {  font-size: 12px; }#jtg-16601 .modula-items .figc p.description { color:#ffffff;font-size:10px; }}#jtg-16601 .modula-items .modula-item:hover img{opacity:1;}<\/style>\n<div  id=\"jtg-16601\" class=\"modula modula-gallery modula-custom-grid\" data-config=\"{&quot;height&quot;:800,&quot;tabletHeight&quot;:800,&quot;mobileHeight&quot;:800,&quot;desktopHeight&quot;:800,&quot;enableTwitter&quot;:true,&quot;enableWhatsapp&quot;:false,&quot;enableFacebook&quot;:true,&quot;enablePinterest&quot;:true,&quot;enableLinkedin&quot;:true,&quot;enableEmail&quot;:false,&quot;randomFactor&quot;:0.5,&quot;type&quot;:&quot;custom-grid&quot;,&quot;columns&quot;:12,&quot;gutter&quot;:0,&quot;mobileGutter&quot;:0,&quot;tabletGutter&quot;:0,&quot;desktopGutter&quot;:0,&quot;enableResponsive&quot;:&quot;1&quot;,&quot;tabletColumns&quot;:&quot;2&quot;,&quot;mobileColumns&quot;:&quot;1&quot;,&quot;lazyLoad&quot;:&quot;0&quot;,&quot;lightboxOpts&quot;:{&quot;animated&quot;:true,&quot;Thumbs&quot;:{&quot;type&quot;:&quot;modern&quot;,&quot;showOnStart&quot;:false},&quot;Toolbar&quot;:{&quot;display&quot;:{&quot;right&quot;:[&quot;close&quot;]},&quot;enabled&quot;:true},&quot;Carousel&quot;:{&quot;Panzoom&quot;:{&quot;touch&quot;:false},&quot;infinite&quot;:false},&quot;keyboard&quot;:{&quot;Escape&quot;:&quot;close&quot;,&quot;Delete&quot;:&quot;close&quot;,&quot;Backspace&quot;:&quot;close&quot;,&quot;PageUp&quot;:false,&quot;PageDown&quot;:false,&quot;ArrowUp&quot;:false,&quot;ArrowDown&quot;:false,&quot;ArrowRight&quot;:false,&quot;ArrowLeft&quot;:false},&quot;touch&quot;:false,&quot;backdropClick&quot;:false,&quot;l10n&quot;:{&quot;CLOSE&quot;:&quot;Close&quot;,&quot;NEXT&quot;:&quot;Next&quot;,&quot;PREV&quot;:&quot;Previous&quot;,&quot;Error&quot;:&quot;The requested content cannot be loaded. Please try again later.&quot;,&quot;PLAY_START&quot;:&quot;Start slideshow&quot;,&quot;PLAY_STOP&quot;:&quot;Pause slideshow&quot;,&quot;FULL_SCREEN&quot;:&quot;Full screen&quot;,&quot;THUMBS&quot;:&quot;Thumbnails&quot;,&quot;DOWNLOAD&quot;:&quot;Download&quot;,&quot;SHARE&quot;:&quot;Share&quot;,&quot;ZOOM&quot;:&quot;Zoom&quot;,&quot;EMAIL&quot;:&quot;Here is the link to the image : %%image_link%% and this is the link to the gallery : %%gallery_link%%&quot;,&quot;MODAL&quot;:&quot;You can close this modal content with the ESC key&quot;,&quot;ERROR&quot;:&quot;Something Went Wrong, Please Try Again Later&quot;,&quot;IMAGE_ERROR&quot;:&quot;Image Not Found&quot;,&quot;ELEMENT_NOT_FOUND&quot;:&quot;HTML Element Not Found&quot;,&quot;AJAX_NOT_FOUND&quot;:&quot;Error Loading AJAX : Not Found&quot;,&quot;AJAX_FORBIDDEN&quot;:&quot;Error Loading AJAX : Forbidden&quot;,&quot;IFRAME_ERROR&quot;:&quot;Error Loading Page&quot;,&quot;TOGGLE_ZOOM&quot;:&quot;Toggle zoom level&quot;,&quot;TOGGLE_THUMBS&quot;:&quot;Toggle thumbnails&quot;,&quot;TOGGLE_SLIDESHOW&quot;:&quot;Toggle slideshow&quot;,&quot;TOGGLE_FULLSCREEN&quot;:&quot;Toggle full-screen mode&quot;},&quot;Images&quot;:{&quot;Panzoom&quot;:{&quot;maxScale&quot;:2}},&quot;mainClass&quot;:&quot;modula-fancybox-container modula-lightbox-jtg-16601&quot;,&quot;Html&quot;:{&quot;videoAutoplay&quot;:0,&quot;videoTpl&quot;:&quot;&lt;video class=\\&quot;fancybox__html5video\\&quot; controls muted playsinline controlsList controlsList=\\&quot;nodownload\\&quot; poster=\\&quot;{{poster}}\\&quot; src=\\&quot;{{src}}\\&quot; type=\\&quot;{{format}}\\&quot; &gt;  Sorry, your browser doesn&#039;t support embedded videos, &lt;a href=\\&quot;{{src}}\\&quot;&gt; download &lt;\\\/a&gt; and watch with your favorite video player! &lt;\\\/video&gt;&quot;}},&quot;inView&quot;:false,&quot;email_subject&quot;:&quot;Check out this awesome image !!&quot;,&quot;email_message&quot;:&quot;Here is the link to the image : %%image_link%% and this is the link to the gallery : %%gallery_link%%&quot;,&quot;lightbox&quot;:&quot;fancybox&quot;}\">\n\n\t\n\t<div  class=\"modula-items\">\n\t\t<div class=\"modula-item\" data-width=\"6\" data-height=\"7\" >\n\t<div class=\"modula-item-content\">\n\t\t\n\t\t\t\t\t<a data-image-id=\"16602\" tabindex=\"0\" rel=\"jtg-16601\" data-caption=\"\" aria-label=\"Open image in lightbox\" role=\"button\" class=\"tile-inner modula-item-link\"><\/a>\n\t\t\n\t\t<img loading=\"lazy\" decoding=\"async\" class=\"pic wp-image-16602\"  data-valign=\"middle\" data-halign=\"center\" alt=\"\" data-full=\"https:\/\/www.santjosep.net\/wp-content\/uploads\/2020\/01\/IMG_2551.jpg\" title=\"IMG_2551\" width=\"1200\" height=\"800\" src=\"https:\/\/www.santjosep.net\/wp-content\/uploads\/2020\/01\/IMG_2551.jpg\" data-src=\"https:\/\/www.santjosep.net\/wp-content\/uploads\/2020\/01\/IMG_2551.jpg\" data-caption=\"\" srcset=\"https:\/\/www.santjosep.net\/wp-content\/uploads\/2020\/01\/IMG_2551.jpg 1200w, https:\/\/www.santjosep.net\/wp-content\/uploads\/2020\/01\/IMG_2551-300x200.jpg 300w, https:\/\/www.santjosep.net\/wp-content\/uploads\/2020\/01\/IMG_2551-1024x683.jpg 1024w, https:\/\/www.santjosep.net\/wp-content\/uploads\/2020\/01\/IMG_2551-768x512.jpg 768w\" sizes=\"auto, (max-width: 1200px) 100vw, 1200px\" \/>\n\t<\/div>\n\n<\/div><div class=\"modula-item\" data-width=\"6\" data-height=\"4\" >\n\t<div class=\"modula-item-content\">\n\t\t\n\t\t\t\t\t<a data-image-id=\"16606\" tabindex=\"0\" rel=\"jtg-16601\" data-caption=\"\" aria-label=\"Open image in lightbox\" role=\"button\" class=\"tile-inner modula-item-link\"><\/a>\n\t\t\n\t\t<img loading=\"lazy\" decoding=\"async\" class=\"pic wp-image-16606\"  data-valign=\"middle\" data-halign=\"center\" alt=\"\" data-full=\"https:\/\/www.santjosep.net\/wp-content\/uploads\/2020\/01\/IMG_2569.jpg\" title=\"IMG_2569\" width=\"1200\" height=\"800\" src=\"https:\/\/www.santjosep.net\/wp-content\/uploads\/2020\/01\/IMG_2569.jpg\" data-src=\"https:\/\/www.santjosep.net\/wp-content\/uploads\/2020\/01\/IMG_2569.jpg\" data-caption=\"\" srcset=\"https:\/\/www.santjosep.net\/wp-content\/uploads\/2020\/01\/IMG_2569.jpg 1200w, https:\/\/www.santjosep.net\/wp-content\/uploads\/2020\/01\/IMG_2569-300x200.jpg 300w, https:\/\/www.santjosep.net\/wp-content\/uploads\/2020\/01\/IMG_2569-1024x683.jpg 1024w, https:\/\/www.santjosep.net\/wp-content\/uploads\/2020\/01\/IMG_2569-768x512.jpg 768w\" sizes=\"auto, (max-width: 1200px) 100vw, 1200px\" \/>\n\t<\/div>\n\n<\/div><div class=\"modula-item\" data-width=\"6\" data-height=\"3\" >\n\t<div class=\"modula-item-content\">\n\t\t\n\t\t\t\t\t<a data-image-id=\"16610\" tabindex=\"0\" rel=\"jtg-16601\" data-caption=\"\" aria-label=\"Open image in lightbox\" role=\"button\" class=\"tile-inner modula-item-link\"><\/a>\n\t\t\n\t\t<img loading=\"lazy\" decoding=\"async\" class=\"pic wp-image-16610\"  data-valign=\"middle\" data-halign=\"center\" alt=\"\" data-full=\"https:\/\/www.santjosep.net\/wp-content\/uploads\/2020\/01\/P1030122.jpg\" title=\"P1030122\" width=\"1200\" height=\"900\" src=\"https:\/\/www.santjosep.net\/wp-content\/uploads\/2020\/01\/P1030122.jpg\" data-src=\"https:\/\/www.santjosep.net\/wp-content\/uploads\/2020\/01\/P1030122.jpg\" data-caption=\"\" srcset=\"https:\/\/www.santjosep.net\/wp-content\/uploads\/2020\/01\/P1030122.jpg 1200w, https:\/\/www.santjosep.net\/wp-content\/uploads\/2020\/01\/P1030122-300x225.jpg 300w, https:\/\/www.santjosep.net\/wp-content\/uploads\/2020\/01\/P1030122-1024x768.jpg 1024w, https:\/\/www.santjosep.net\/wp-content\/uploads\/2020\/01\/P1030122-768x576.jpg 768w, https:\/\/www.santjosep.net\/wp-content\/uploads\/2020\/01\/P1030122-800x600.jpg 800w\" sizes=\"auto, (max-width: 1200px) 100vw, 1200px\" \/>\n\t<\/div>\n\n<\/div>\t\t\n\t<\/div>\n\n\t\n\t\n\t<script type=\"application\/ld+json\">\n\t{\n\t\t\"@context\": \"http:\/\/schema.org\",\n\t\t\"@type\"   : \"ImageGallery\",\n\t\t\"id\"      : \"https:\/\/www.santjosep.net\/ca\/la-costa-oeste-y-sur-de-ibiza-por-mar\/\",\n\t\t\"url\"     : \"https:\/\/www.santjosep.net\/ca\/la-costa-oeste-y-sur-de-ibiza-por-mar\/\"\n\t}\n\n\t<\/script>\n\n\t\n<\/div>\n[\/vc_column_text][vc_column_text css=&#8221;.vc_custom_1688636862786{padding-top: 0px !important;padding-bottom: 30px !important;}&#8221;]<\/p>\n<h6 style=\"text-align: right;\"><em>Es Bol Nou<\/em><\/h6>\n<p>[\/vc_column_text][vc_column_text css=&#8221;.vc_custom_1689579705710{margin-top: 15px !important;padding-top: 15px !important;}&#8221;]El seg\u00fcent punt d\u2019observaci\u00f3 \u00e9s l\u2019enorme badia <a href=\"https:\/\/www.santjosep.net\/tour-virtual\/es-cubells\/\">des Cubells<\/a>, amb alts penya-segats que alternen calc\u00e0ries amb argiles lliscoses i blanquinoses. Al vessant sud, a estribord, s\u2019obre Porroig, un altre punt habitual d\u2019ancoratge, atesa la protecci\u00f3 de les seves aig\u00fces. Una successi\u00f3 de casetes varador s\u2019alterna amb petits racons on banyar-se gaireb\u00e9 en la intimitat. Al davant de Porroig, a la llunyania, ens espera <a href=\"https:\/\/www.santjosep.net\/ver\/playas\/es-torrent\/\">es Torrent<\/a>, una altra caleta molt freq\u00fcentada pels amants de la gastronomia. Si hi naveguem i seguim el curs de la costa, contemplarem la majestuositat de les elevacions des Cubells, amb cases de luxe que treuen el cap sobre els penya-segats. A peu de mar, petites esculleres esquitxen el recorregut i alternen amb racons encisadors com ara <a href=\"https:\/\/www.santjosep.net\/ver\/playas\/ses-boques\/\">ses Boques<\/a> o <a href=\"https:\/\/www.santjosep.net\/ver\/playas\/cala-llentrisca\/\">cala Llentrisca<\/a>, una de les cales m\u00e9s a\u00efllades i m\u00e9s apreciades.[\/vc_column_text][vc_single_image image=&#8221;34681&#8243; img_size=&#8221;full&#8221; css=&#8221;.vc_custom_1688635930807{margin-top: 15px !important;margin-bottom: 15px !important;}&#8221;][vc_column_text]<\/p>\n<h6 style=\"text-align: right;\"><em>Cala Vedella<\/em><\/h6>\n<p>[\/vc_column_text][vc_column_text css=&#8221;.vc_custom_1689579742650{margin-top: 15px !important;padding-top: 15px !important;}&#8221;]Despr\u00e9s d\u2019aquest punt, la navegaci\u00f3 s\u2019orienta cap al nord i comencem l\u2019itinerari de la costa oest de l\u2019illa. Ja divisem al cent per cent la impressionant figura dels <a href=\"https:\/\/www.santjosep.net\/ver\/naturaleza\/reserva-natural-de-es-vedra-es-vedranells-i-els-illots-de-ponent\/\">illots des Vedr\u00e0 i des Vedranell<\/a>. Objecte d\u2019imaginacions tel\u00b7l\u00fariques, <strong>es Vedr\u00e0<\/strong> sempre ha despertat la fantasia de propis i estranys. El desembarcament no hi est\u00e0 perm\u00e8s, per preservar els endemismes de les illes, per\u00f2 navegar pel peu de les seves parets verticals \u00e9s tota una experi\u00e8ncia. Abans podem fer una parada als baixos de sa Pedrera (alguns encara l\u2019anomenen Atlantis), una altra zona d\u2019extracci\u00f3 de gres que ha deixat escenaris geom\u00e8trics molt peculiars i a la qual s\u2019accedeix per terra despr\u00e9s d\u2019un descens labori\u00f3s, que s\u2019inicia en un sender proper a la torre des Savinar, construcci\u00f3 que presideix les vistes als illots.[\/vc_column_text][vc_column_text css=&#8221;.vc_custom_1688636930737{margin-top: 15px !important;margin-bottom: 15px !important;}&#8221;]<style>#jtg-18980 .modula-item .jtg-social a, .lightbox-socials.jtg-social a{ fill: #ffffff; color: #ffffff }#jtg-18980 .modula-item .jtg-social-mobile a{ fill: #ffffff; color: #ffffff }#jtg-18980 .modula-item .jtg-social svg, .lightbox-socials.jtg-social svg { height: 16px; width: 16px }#jtg-18980 .modula-item .jtg-social-mobile svg { height: 16px; width: 16px }#jtg-18980 .modula-item .jtg-social a:not(:last-child), .lightbox-socials.jtg-social a:not(:last-child) { margin-right: 10px }#jtg-18980 .modula-item .jtg-social-mobile .jtg-social-mobile-icons a:not(:last-child){ margin-right: 10px }#jtg-18980 .modula-item .figc {color:#ffffff;}#jtg-18980 .modula-item .modula-item-content { transform: scale(1) }#jtg-18980 .modula-items .figc p.description { font-size:14px; }#jtg-18980 .modula-items .figc p.description { color:#ffffff;}#jtg-18980.modula-gallery .modula-item > a, #jtg-18980.modula-gallery .modula-item, #jtg-18980.modula-gallery .modula-item-content > a:not(.modula-no-follow) { cursor:zoom-in; } #jtg-18980.modula-gallery .modula-item-content .modula-no-follow { cursor: default; } @media screen and (max-width:480px){#jtg-18980 .modula-item .figc .jtg-title {  font-size: 12px; }#jtg-18980 .modula-items .figc p.description { color:#ffffff;font-size:10px; }}#jtg-18980 .modula-items .modula-item:hover img{opacity:1;}<\/style>\n<div  id=\"jtg-18980\" class=\"modula modula-gallery modula-custom-grid\" data-config=\"{&quot;height&quot;:800,&quot;tabletHeight&quot;:800,&quot;mobileHeight&quot;:800,&quot;desktopHeight&quot;:800,&quot;enableTwitter&quot;:true,&quot;enableWhatsapp&quot;:false,&quot;enableFacebook&quot;:true,&quot;enablePinterest&quot;:true,&quot;enableLinkedin&quot;:true,&quot;enableEmail&quot;:false,&quot;randomFactor&quot;:0.5,&quot;type&quot;:&quot;custom-grid&quot;,&quot;columns&quot;:12,&quot;gutter&quot;:0,&quot;mobileGutter&quot;:0,&quot;tabletGutter&quot;:0,&quot;desktopGutter&quot;:0,&quot;enableResponsive&quot;:&quot;1&quot;,&quot;tabletColumns&quot;:&quot;2&quot;,&quot;mobileColumns&quot;:&quot;1&quot;,&quot;lazyLoad&quot;:&quot;0&quot;,&quot;lightboxOpts&quot;:{&quot;animated&quot;:true,&quot;Thumbs&quot;:{&quot;type&quot;:&quot;modern&quot;,&quot;showOnStart&quot;:false},&quot;Toolbar&quot;:{&quot;display&quot;:{&quot;right&quot;:[&quot;close&quot;]},&quot;enabled&quot;:true},&quot;Carousel&quot;:{&quot;Panzoom&quot;:{&quot;touch&quot;:false},&quot;infinite&quot;:false},&quot;keyboard&quot;:{&quot;Escape&quot;:&quot;close&quot;,&quot;Delete&quot;:&quot;close&quot;,&quot;Backspace&quot;:&quot;close&quot;,&quot;PageUp&quot;:false,&quot;PageDown&quot;:false,&quot;ArrowUp&quot;:false,&quot;ArrowDown&quot;:false,&quot;ArrowRight&quot;:false,&quot;ArrowLeft&quot;:false},&quot;touch&quot;:false,&quot;backdropClick&quot;:false,&quot;l10n&quot;:{&quot;CLOSE&quot;:&quot;Close&quot;,&quot;NEXT&quot;:&quot;Next&quot;,&quot;PREV&quot;:&quot;Previous&quot;,&quot;Error&quot;:&quot;The requested content cannot be loaded. Please try again later.&quot;,&quot;PLAY_START&quot;:&quot;Start slideshow&quot;,&quot;PLAY_STOP&quot;:&quot;Pause slideshow&quot;,&quot;FULL_SCREEN&quot;:&quot;Full screen&quot;,&quot;THUMBS&quot;:&quot;Thumbnails&quot;,&quot;DOWNLOAD&quot;:&quot;Download&quot;,&quot;SHARE&quot;:&quot;Share&quot;,&quot;ZOOM&quot;:&quot;Zoom&quot;,&quot;EMAIL&quot;:&quot;Here is the link to the image : %%image_link%% and this is the link to the gallery : %%gallery_link%%&quot;,&quot;MODAL&quot;:&quot;You can close this modal content with the ESC key&quot;,&quot;ERROR&quot;:&quot;Something Went Wrong, Please Try Again Later&quot;,&quot;IMAGE_ERROR&quot;:&quot;Image Not Found&quot;,&quot;ELEMENT_NOT_FOUND&quot;:&quot;HTML Element Not Found&quot;,&quot;AJAX_NOT_FOUND&quot;:&quot;Error Loading AJAX : Not Found&quot;,&quot;AJAX_FORBIDDEN&quot;:&quot;Error Loading AJAX : Forbidden&quot;,&quot;IFRAME_ERROR&quot;:&quot;Error Loading Page&quot;,&quot;TOGGLE_ZOOM&quot;:&quot;Toggle zoom level&quot;,&quot;TOGGLE_THUMBS&quot;:&quot;Toggle thumbnails&quot;,&quot;TOGGLE_SLIDESHOW&quot;:&quot;Toggle slideshow&quot;,&quot;TOGGLE_FULLSCREEN&quot;:&quot;Toggle full-screen mode&quot;},&quot;Images&quot;:{&quot;Panzoom&quot;:{&quot;maxScale&quot;:2}},&quot;mainClass&quot;:&quot;modula-fancybox-container modula-lightbox-jtg-18980&quot;,&quot;Html&quot;:{&quot;videoAutoplay&quot;:0,&quot;videoTpl&quot;:&quot;&lt;video class=\\&quot;fancybox__html5video\\&quot; controls muted playsinline controlsList controlsList=\\&quot;nodownload\\&quot; poster=\\&quot;{{poster}}\\&quot; src=\\&quot;{{src}}\\&quot; type=\\&quot;{{format}}\\&quot; &gt;  Sorry, your browser doesn&#039;t support embedded videos, &lt;a href=\\&quot;{{src}}\\&quot;&gt; download &lt;\\\/a&gt; and watch with your favorite video player! &lt;\\\/video&gt;&quot;}},&quot;inView&quot;:false,&quot;email_subject&quot;:&quot;Check out this awesome image !!&quot;,&quot;email_message&quot;:&quot;Here is the link to the image : %%image_link%% and this is the link to the gallery : %%gallery_link%%&quot;,&quot;lightbox&quot;:&quot;fancybox&quot;}\">\n\n\t\n\t<div  class=\"modula-items\">\n\t\t<div class=\"modula-item\" data-width=\"12\" data-height=\"6\" >\n\t<div class=\"modula-item-content\">\n\t\t\n\t\t\t\t\t<a data-image-id=\"18982\" tabindex=\"0\" rel=\"jtg-18980\" data-caption=\"\" aria-label=\"Open image in lightbox\" role=\"button\" class=\"tile-inner modula-item-link\"><\/a>\n\t\t\n\t\t<img loading=\"lazy\" decoding=\"async\" class=\"pic wp-image-18982\"  data-valign=\"middle\" data-halign=\"center\" alt=\"\" data-full=\"https:\/\/www.santjosep.net\/wp-content\/uploads\/2020\/01\/IMG_0432.jpg\" title=\"IMG_0432\" width=\"2560\" height=\"1706\" src=\"https:\/\/www.santjosep.net\/wp-content\/uploads\/2020\/01\/IMG_0432.jpg\" data-src=\"https:\/\/www.santjosep.net\/wp-content\/uploads\/2020\/01\/IMG_0432.jpg\" data-caption=\"\" srcset=\"https:\/\/www.santjosep.net\/wp-content\/uploads\/2020\/01\/IMG_0432-scaled.jpg 2560w, https:\/\/www.santjosep.net\/wp-content\/uploads\/2020\/01\/IMG_0432-300x200.jpg 300w, https:\/\/www.santjosep.net\/wp-content\/uploads\/2020\/01\/IMG_0432-1024x683.jpg 1024w, https:\/\/www.santjosep.net\/wp-content\/uploads\/2020\/01\/IMG_0432-768x512.jpg 768w, https:\/\/www.santjosep.net\/wp-content\/uploads\/2020\/01\/IMG_0432-1536x1024.jpg 1536w\" sizes=\"auto, (max-width: 2560px) 100vw, 2560px\" \/>\n\t<\/div>\n\n<\/div><div class=\"modula-item\" data-width=\"7\" data-height=\"6\" >\n\t<div class=\"modula-item-content\">\n\t\t\n\t\t\t\t\t<a data-image-id=\"18987\" tabindex=\"0\" rel=\"jtg-18980\" data-caption=\"\" aria-label=\"Open image in lightbox\" role=\"button\" class=\"tile-inner modula-item-link\"><\/a>\n\t\t\n\t\t<img loading=\"lazy\" decoding=\"async\" class=\"pic wp-image-18987\"  data-valign=\"middle\" data-halign=\"center\" alt=\"\" data-full=\"https:\/\/www.santjosep.net\/wp-content\/uploads\/2020\/01\/P1109038-1.jpg\" title=\"P1109038\" width=\"1900\" height=\"1900\" src=\"https:\/\/www.santjosep.net\/wp-content\/uploads\/2020\/01\/P1109038-1.jpg\" data-src=\"https:\/\/www.santjosep.net\/wp-content\/uploads\/2020\/01\/P1109038-1.jpg\" data-caption=\"\" srcset=\"https:\/\/www.santjosep.net\/wp-content\/uploads\/2020\/01\/P1109038-1.jpg 1900w, https:\/\/www.santjosep.net\/wp-content\/uploads\/2020\/01\/P1109038-1-300x300.jpg 300w, https:\/\/www.santjosep.net\/wp-content\/uploads\/2020\/01\/P1109038-1-1024x1024.jpg 1024w, https:\/\/www.santjosep.net\/wp-content\/uploads\/2020\/01\/P1109038-1-150x150.jpg 150w, https:\/\/www.santjosep.net\/wp-content\/uploads\/2020\/01\/P1109038-1-768x768.jpg 768w, https:\/\/www.santjosep.net\/wp-content\/uploads\/2020\/01\/P1109038-1-1536x1536.jpg 1536w, https:\/\/www.santjosep.net\/wp-content\/uploads\/2020\/01\/P1109038-1-550x550.jpg 550w, https:\/\/www.santjosep.net\/wp-content\/uploads\/2020\/01\/P1109038-1-1100x1100.jpg 1100w\" sizes=\"auto, (max-width: 1900px) 100vw, 1900px\" \/>\n\t<\/div>\n\n<\/div><div class=\"modula-item\" data-width=\"5\" data-height=\"6\" >\n\t<div class=\"modula-item-content\">\n\t\t\n\t\t\t\t\t<a data-image-id=\"18992\" tabindex=\"0\" rel=\"jtg-18980\" data-caption=\"\" aria-label=\"Open image in lightbox\" role=\"button\" class=\"tile-inner modula-item-link\"><\/a>\n\t\t\n\t\t<img loading=\"lazy\" decoding=\"async\" class=\"pic wp-image-18992\"  data-valign=\"middle\" data-halign=\"center\" alt=\"\" data-full=\"https:\/\/www.santjosep.net\/wp-content\/uploads\/2020\/01\/P1109415.jpg\" title=\"P1109415\" width=\"1900\" height=\"1425\" src=\"https:\/\/www.santjosep.net\/wp-content\/uploads\/2020\/01\/P1109415.jpg\" data-src=\"https:\/\/www.santjosep.net\/wp-content\/uploads\/2020\/01\/P1109415.jpg\" data-caption=\"\" srcset=\"https:\/\/www.santjosep.net\/wp-content\/uploads\/2020\/01\/P1109415.jpg 1900w, https:\/\/www.santjosep.net\/wp-content\/uploads\/2020\/01\/P1109415-300x225.jpg 300w, https:\/\/www.santjosep.net\/wp-content\/uploads\/2020\/01\/P1109415-1024x768.jpg 1024w, https:\/\/www.santjosep.net\/wp-content\/uploads\/2020\/01\/P1109415-768x576.jpg 768w, https:\/\/www.santjosep.net\/wp-content\/uploads\/2020\/01\/P1109415-1536x1152.jpg 1536w, https:\/\/www.santjosep.net\/wp-content\/uploads\/2020\/01\/P1109415-800x600.jpg 800w\" sizes=\"auto, (max-width: 1900px) 100vw, 1900px\" \/>\n\t<\/div>\n\n<\/div><div class=\"modula-item\" data-width=\"12\" data-height=\"6\" >\n\t<div class=\"modula-item-content\">\n\t\t\n\t\t\t\t\t<a data-image-id=\"18997\" tabindex=\"0\" rel=\"jtg-18980\" data-caption=\"\" aria-label=\"Open image in lightbox\" role=\"button\" class=\"tile-inner modula-item-link\"><\/a>\n\t\t\n\t\t<img loading=\"lazy\" decoding=\"async\" class=\"pic wp-image-18997\"  data-valign=\"middle\" data-halign=\"center\" alt=\"\" data-full=\"https:\/\/www.santjosep.net\/wp-content\/uploads\/2020\/01\/P1108949.jpg\" title=\"P1108949\" width=\"1900\" height=\"1425\" src=\"https:\/\/www.santjosep.net\/wp-content\/uploads\/2020\/01\/P1108949.jpg\" data-src=\"https:\/\/www.santjosep.net\/wp-content\/uploads\/2020\/01\/P1108949.jpg\" data-caption=\"\" srcset=\"https:\/\/www.santjosep.net\/wp-content\/uploads\/2020\/01\/P1108949.jpg 1900w, https:\/\/www.santjosep.net\/wp-content\/uploads\/2020\/01\/P1108949-300x225.jpg 300w, https:\/\/www.santjosep.net\/wp-content\/uploads\/2020\/01\/P1108949-1024x768.jpg 1024w, https:\/\/www.santjosep.net\/wp-content\/uploads\/2020\/01\/P1108949-768x576.jpg 768w, https:\/\/www.santjosep.net\/wp-content\/uploads\/2020\/01\/P1108949-1536x1152.jpg 1536w, https:\/\/www.santjosep.net\/wp-content\/uploads\/2020\/01\/P1108949-800x600.jpg 800w\" sizes=\"auto, (max-width: 1900px) 100vw, 1900px\" \/>\n\t<\/div>\n\n<\/div><div class=\"modula-item\" data-width=\"6\" data-height=\"5\" >\n\t<div class=\"modula-item-content\">\n\t\t\n\t\t\t\t\t<a data-image-id=\"19002\" tabindex=\"0\" rel=\"jtg-18980\" data-caption=\"\" aria-label=\"Open image in lightbox\" role=\"button\" class=\"tile-inner modula-item-link\"><\/a>\n\t\t\n\t\t<img loading=\"lazy\" decoding=\"async\" class=\"pic wp-image-19002\"  data-valign=\"middle\" data-halign=\"center\" alt=\"\" data-full=\"https:\/\/www.santjosep.net\/wp-content\/uploads\/2020\/01\/P1010119.jpg\" title=\"P1010119\" width=\"1200\" height=\"900\" src=\"https:\/\/www.santjosep.net\/wp-content\/uploads\/2020\/01\/P1010119.jpg\" data-src=\"https:\/\/www.santjosep.net\/wp-content\/uploads\/2020\/01\/P1010119.jpg\" data-caption=\"\" srcset=\"https:\/\/www.santjosep.net\/wp-content\/uploads\/2020\/01\/P1010119.jpg 1200w, https:\/\/www.santjosep.net\/wp-content\/uploads\/2020\/01\/P1010119-300x225.jpg 300w, https:\/\/www.santjosep.net\/wp-content\/uploads\/2020\/01\/P1010119-1024x768.jpg 1024w, https:\/\/www.santjosep.net\/wp-content\/uploads\/2020\/01\/P1010119-768x576.jpg 768w, https:\/\/www.santjosep.net\/wp-content\/uploads\/2020\/01\/P1010119-800x600.jpg 800w\" sizes=\"auto, (max-width: 1200px) 100vw, 1200px\" \/>\n\t<\/div>\n\n<\/div><div class=\"modula-item\" data-width=\"6\" data-height=\"5\" >\n\t<div class=\"modula-item-content\">\n\t\t\n\t\t\t\t\t<a data-image-id=\"19007\" tabindex=\"0\" rel=\"jtg-18980\" data-caption=\"\" aria-label=\"Open image in lightbox\" role=\"button\" class=\"tile-inner modula-item-link\"><\/a>\n\t\t\n\t\t<img loading=\"lazy\" decoding=\"async\" class=\"pic wp-image-19007\"  data-valign=\"middle\" data-halign=\"center\" alt=\"\" data-full=\"https:\/\/www.santjosep.net\/wp-content\/uploads\/2020\/01\/P1010124.jpg\" title=\"P1010124\" width=\"1200\" height=\"900\" src=\"https:\/\/www.santjosep.net\/wp-content\/uploads\/2020\/01\/P1010124.jpg\" data-src=\"https:\/\/www.santjosep.net\/wp-content\/uploads\/2020\/01\/P1010124.jpg\" data-caption=\"\" srcset=\"https:\/\/www.santjosep.net\/wp-content\/uploads\/2020\/01\/P1010124.jpg 1200w, https:\/\/www.santjosep.net\/wp-content\/uploads\/2020\/01\/P1010124-300x225.jpg 300w, https:\/\/www.santjosep.net\/wp-content\/uploads\/2020\/01\/P1010124-1024x768.jpg 1024w, https:\/\/www.santjosep.net\/wp-content\/uploads\/2020\/01\/P1010124-768x576.jpg 768w, https:\/\/www.santjosep.net\/wp-content\/uploads\/2020\/01\/P1010124-800x600.jpg 800w\" sizes=\"auto, (max-width: 1200px) 100vw, 1200px\" \/>\n\t<\/div>\n\n<\/div>\t\t\n\t<\/div>\n\n\t\n\t\n\t<script type=\"application\/ld+json\">\n\t{\n\t\t\"@context\": \"http:\/\/schema.org\",\n\t\t\"@type\"   : \"ImageGallery\",\n\t\t\"id\"      : \"https:\/\/www.santjosep.net\/ca\/la-costa-oeste-y-sur-de-ibiza-por-mar\/\",\n\t\t\"url\"     : \"https:\/\/www.santjosep.net\/ca\/la-costa-oeste-y-sur-de-ibiza-por-mar\/\"\n\t}\n\n\t<\/script>\n\n\t\n<\/div>\n[\/vc_column_text][vc_column_text css=&#8221;.vc_custom_1688637306139{padding-top: 0px !important;padding-bottom: 30px !important;}&#8221;]<\/p>\n<h6 style=\"text-align: right;\"><em>Reserva Natural de Es Vedr\u00e0, Es Vedranell i els Illots de Ponent<\/em><\/h6>\n<p>[\/vc_column_text][vc_column_text css=&#8221;.vc_custom_1689579808146{margin-top: 15px !important;padding-top: 15px !important;padding-bottom: 15px !important;}&#8221;]La platja de <a href=\"https:\/\/www.santjosep.net\/tour-virtual\/cala-dhort\/\">cala d\u2019Hort<\/a> s\u2019obre m\u00e9s al nord i ofereix aig\u00fces tranquil\u00b7les per nedar i una interessant oferta gastron\u00f2mica amb vistes inigualables a es Vedr\u00e0. \u00c9s imprescindible compartir imatges a les xarxes socials. Des d\u2019aqu\u00ed, la successi\u00f3 de cales i racons mariners \u00e9s constant. <a href=\"https:\/\/www.santjosep.net\/ver\/playas\/cala-vedella\/\">Cala Vedella<\/a>, m\u00e9s gran, i <a href=\"https:\/\/www.santjosep.net\/ver\/playas\/cala-carbo\/\">cala Carb\u00f3<\/a> i <a href=\"https:\/\/www.santjosep.net\/ver\/playas\/cala-moli\/\">cala Mol\u00ed<\/a>, m\u00e9s petites, s\u00f3n parades obligat\u00f2ries per gaudir de les aut\u00e8ntiques cales eivissenques. Tamb\u00e9 s\u00f3n ideals per menjar peix fresc en algun dels seus establiments i per deixar-se bressar per la brisa suau del mar. La costa de Sant Josep continua oferint racons temptadors per delectar-se la vista i regalar-se algun bany refrescant de tant en tant.[\/vc_column_text][vc_video link=&#8221;https:\/\/youtu.be\/H0-FAz6ioa0&#8243;][vc_column_text css=&#8221;.vc_custom_1689579931693{margin-top: 15px !important;padding-top: 15px !important;}&#8221;]Cap al nord, <a href=\"https:\/\/www.santjosep.net\/ver\/playas\/cala-tarida-2\/\">cala Tarida<\/a> \u00e9s una altra parada necess\u00e0ria. Aquesta platja amb forma de d\u00edptic ofereix una completa oferta d\u2019oci, per\u00f2 tamb\u00e9 t\u00e9 racons pintorescos com es Pujolets, una \u00e0rea separada situada al vessant sud, formada per dues cales de sorra i casetes varador. Un lloc amb un encant \u00fanic que cada vegada \u00e9s m\u00e9s desitjat pels m\u00e9s matiners. Sortint de nou a mar, ja divisem a l\u2019horitz\u00f3 una mir\u00edada d\u2019illes i illots. Formen part del que es coneix com a <a href=\"https:\/\/www.santjosep.net\/ver\/naturaleza\/reserva-natural-de-es-vedra-es-vedranells-i-els-illots-de-ponent\/\">Reserva Natural dels Illots de Ponent<\/a>. Els m\u00e9s propers a la costa, i tamb\u00e9 els m\u00e9s grans, s\u00f3n <strong>s\u2019Espartar, l\u2019illa d\u2019es Bosc <\/strong>i<strong> Conillera<\/strong>. Aquests formen l\u2019<em>skyline <\/em>mar\u00edtim que presideix les espectaculars postes de sol que es gaudeixen en aquest costat de l\u2019illa. A la costa hi ha diverses platges que tenen una posici\u00f3 privilegiada per al <em>sunset<\/em>. <strong>Sa Figuera Borda<\/strong> no n\u2019\u00e9s una, perqu\u00e8 no \u00e9s una platja, sin\u00f3 una caleta al costat sud, per\u00f2 t\u00e9 l\u2019encant de tenir una cova oberta pels dos extrems amb casetes varador i que ofereix als visitants un escenari d\u2019all\u00f2 m\u00e9s pintoresc per gaudir d\u2019aquest moment m\u00e0gic. <strong>Platges de Comte<\/strong> i la petita cala de rac\u00f3 d\u2019en Xic ofereixen sorres blanques i litorals de mar\u00e8s esculpits pel vent. Tamb\u00e9 \u00e9s interessant l\u2019oferta gastron\u00f2mica de la zona.[\/vc_column_text][vc_single_image image=&#8221;34676&#8243; img_size=&#8221;full&#8221; css=&#8221;.vc_custom_1688635856533{margin-top: 15px !important;margin-bottom: 15px !important;}&#8221;][vc_column_text]<\/p>\n<h6 style=\"text-align: right;\"><em>Cala Tarida<\/em><\/h6>\n<p>[\/vc_column_text][vc_column_text css=&#8221;.vc_custom_1689579969340{margin-top: 15px !important;padding-top: 15px !important;}&#8221;]Des d\u2019all\u00e0 fins a la preciosa <a href=\"https:\/\/www.santjosep.net\/tour-virtual\/cala-bassa\/\">cala Bassa<\/a>, ja amb orientaci\u00f3 nord, els fons marins s\u00f3n hipn\u00f2ticament transparents i alternen el blanc de la sorra amb el verd de les frondoses posid\u00f2nies. A l\u2019al\u00e7ada de cala Bassa estarem entrant ja a la gran badia de Portmany, que alberga cales molt populars i amb una oferta hotelera complet\u00edssima que caracteritza la zona de <a href=\"https:\/\/www.santjosep.net\/ver\/zonas\/port-des-torrent-cala-de-bou\/\">cala de Bou<\/a>. Fins a aquest punt, el navegant haur\u00e0 pogut gaudir d\u2019un ampli ventall de paisatges i sensacions, un aut\u00e8ntic regal per als sentits, que hauran experimentat tota la m\u00e0gia de la Mediterr\u00e0nia eivissenca. La temptaci\u00f3 segurament ens far\u00e0 donar la volta i repetir el recorregut en sentit invers. Sens dubte, una s\u00e0via decisi\u00f3.[\/vc_column_text][vc_single_image image=&#8221;23631&#8243; img_size=&#8221;full&#8221; css=&#8221;.vc_custom_1688636999131{margin-top: 15px !important;margin-bottom: 15px !important;}&#8221;][vc_column_text]<\/p>\n<h6 style=\"text-align: right;\"><em>Cala Bassa<\/em><\/h6>\n<p>[\/vc_column_text][\/vc_column][\/vc_row]<\/p>\n<\/div>","protected":false},"excerpt":{"rendered":"<p>M\u00e9s de 80 quil\u00f2metres i 32 platges. Aquestes dues xifres condensen l\u2019enorme potencial que t\u00e9 Sant Josep de sa Talaia per als amants de la navegaci\u00f3.<\/p>\n","protected":false},"author":1,"featured_media":34671,"comment_status":"open","ping_status":"open","sticky":false,"template":"","format":"standard","meta":{"_acf_changed":false,"inline_featured_image":false,"footnotes":""},"categories":[206],"tags":[],"class_list":["post-34866","post","type-post","status-publish","format-standard","has-post-thumbnail","hentry","category-rutes-ca"],"acf":[],"geo":null,"yoast_head":"<!-- This site is optimized with the Yoast SEO plugin v25.7 - https:\/\/yoast.com\/wordpress\/plugins\/seo\/ -->\n<title>La costa oest i sud d\u2019Eivissa per mar - Santjosep.net<\/title>\n<meta name=\"robots\" content=\"index, follow, max-snippet:-1, max-image-preview:large, max-video-preview:-1\" \/>\n<link rel=\"canonical\" href=\"https:\/\/www.santjosep.net\/ca\/la-costa-oeste-y-sur-de-ibiza-por-mar\/\" \/>\n<meta property=\"og:locale\" content=\"ca_ES\" \/>\n<meta property=\"og:type\" content=\"article\" \/>\n<meta property=\"og:title\" content=\"La costa oest i sud d\u2019Eivissa per mar - Santjosep.net\" \/>\n<meta property=\"og:description\" content=\"M\u00e9s de 80 quil\u00f2metres i 32 platges. Aquestes dues xifres condensen l\u2019enorme potencial que t\u00e9 Sant Josep de sa Talaia per als amants de la navegaci\u00f3.\" \/>\n<meta property=\"og:url\" content=\"https:\/\/www.santjosep.net\/ca\/la-costa-oeste-y-sur-de-ibiza-por-mar\/\" \/>\n<meta property=\"og:site_name\" content=\"Santjosep.net\" \/>\n<meta property=\"article:published_time\" content=\"2023-07-06T09:55:09+00:00\" \/>\n<meta property=\"article:modified_time\" content=\"2023-07-17T07:56:49+00:00\" \/>\n<meta property=\"og:image\" content=\"https:\/\/www.santjosep.net\/wp-content\/uploads\/2023\/07\/portada_mar_ibiza.jpg\" \/>\n\t<meta property=\"og:image:width\" content=\"1500\" \/>\n\t<meta property=\"og:image:height\" content=\"1125\" \/>\n\t<meta property=\"og:image:type\" content=\"image\/jpeg\" \/>\n<meta name=\"author\" content=\"Sant Josep\" \/>\n<meta name=\"twitter:card\" content=\"summary_large_image\" \/>\n<meta name=\"twitter:label1\" content=\"Escrit per\" \/>\n\t<meta name=\"twitter:data1\" content=\"Sant Josep\" \/>\n\t<meta name=\"twitter:label2\" content=\"Temps estimat de lectura\" \/>\n\t<meta name=\"twitter:data2\" content=\"8 minuts\" \/>\n<script type=\"application\/ld+json\" class=\"yoast-schema-graph\">{\"@context\":\"https:\/\/schema.org\",\"@graph\":[{\"@type\":\"WebPage\",\"@id\":\"https:\/\/www.santjosep.net\/ca\/la-costa-oeste-y-sur-de-ibiza-por-mar\/\",\"url\":\"https:\/\/www.santjosep.net\/ca\/la-costa-oeste-y-sur-de-ibiza-por-mar\/\",\"name\":\"La costa oest i sud d\u2019Eivissa per mar - Santjosep.net\",\"isPartOf\":{\"@id\":\"https:\/\/www.santjosep.net\/#website\"},\"primaryImageOfPage\":{\"@id\":\"https:\/\/www.santjosep.net\/ca\/la-costa-oeste-y-sur-de-ibiza-por-mar\/#primaryimage\"},\"image\":{\"@id\":\"https:\/\/www.santjosep.net\/ca\/la-costa-oeste-y-sur-de-ibiza-por-mar\/#primaryimage\"},\"thumbnailUrl\":\"https:\/\/www.santjosep.net\/wp-content\/uploads\/2023\/07\/portada_mar_ibiza.jpg\",\"datePublished\":\"2023-07-06T09:55:09+00:00\",\"dateModified\":\"2023-07-17T07:56:49+00:00\",\"author\":{\"@id\":\"https:\/\/www.santjosep.net\/#\/schema\/person\/b60e56f94e4e55776eb62bf4293f99b6\"},\"inLanguage\":\"ca\",\"potentialAction\":[{\"@type\":\"ReadAction\",\"target\":[\"https:\/\/www.santjosep.net\/ca\/la-costa-oeste-y-sur-de-ibiza-por-mar\/\"]}]},{\"@type\":\"ImageObject\",\"inLanguage\":\"ca\",\"@id\":\"https:\/\/www.santjosep.net\/ca\/la-costa-oeste-y-sur-de-ibiza-por-mar\/#primaryimage\",\"url\":\"https:\/\/www.santjosep.net\/wp-content\/uploads\/2023\/07\/portada_mar_ibiza.jpg\",\"contentUrl\":\"https:\/\/www.santjosep.net\/wp-content\/uploads\/2023\/07\/portada_mar_ibiza.jpg\",\"width\":1500,\"height\":1125},{\"@type\":\"WebSite\",\"@id\":\"https:\/\/www.santjosep.net\/#website\",\"url\":\"https:\/\/www.santjosep.net\/\",\"name\":\"Santjosep.net\",\"description\":\"\",\"potentialAction\":[{\"@type\":\"SearchAction\",\"target\":{\"@type\":\"EntryPoint\",\"urlTemplate\":\"https:\/\/www.santjosep.net\/?s={search_term_string}\"},\"query-input\":{\"@type\":\"PropertyValueSpecification\",\"valueRequired\":true,\"valueName\":\"search_term_string\"}}],\"inLanguage\":\"ca\"},{\"@type\":\"Person\",\"@id\":\"https:\/\/www.santjosep.net\/#\/schema\/person\/b60e56f94e4e55776eb62bf4293f99b6\",\"name\":\"Sant Josep\",\"image\":{\"@type\":\"ImageObject\",\"inLanguage\":\"ca\",\"@id\":\"https:\/\/www.santjosep.net\/#\/schema\/person\/image\/\",\"url\":\"https:\/\/secure.gravatar.com\/avatar\/2f4071817a97d2499c5aae9674ee15015b5a3c7c0974ca84f095a8e4aadcda56?s=96&d=mm&r=g\",\"contentUrl\":\"https:\/\/secure.gravatar.com\/avatar\/2f4071817a97d2499c5aae9674ee15015b5a3c7c0974ca84f095a8e4aadcda56?s=96&d=mm&r=g\",\"caption\":\"Sant Josep\"},\"url\":\"https:\/\/www.santjosep.net\/ca\/author\/fugrafic\/\"}]}<\/script>\n<!-- \/ Yoast SEO plugin. -->","yoast_head_json":{"title":"La costa oest i sud d\u2019Eivissa per mar - Santjosep.net","robots":{"index":"index","follow":"follow","max-snippet":"max-snippet:-1","max-image-preview":"max-image-preview:large","max-video-preview":"max-video-preview:-1"},"canonical":"https:\/\/www.santjosep.net\/ca\/la-costa-oeste-y-sur-de-ibiza-por-mar\/","og_locale":"ca_ES","og_type":"article","og_title":"La costa oest i sud d\u2019Eivissa per mar - Santjosep.net","og_description":"M\u00e9s de 80 quil\u00f2metres i 32 platges. Aquestes dues xifres condensen l\u2019enorme potencial que t\u00e9 Sant Josep de sa Talaia per als amants de la navegaci\u00f3.","og_url":"https:\/\/www.santjosep.net\/ca\/la-costa-oeste-y-sur-de-ibiza-por-mar\/","og_site_name":"Santjosep.net","article_published_time":"2023-07-06T09:55:09+00:00","article_modified_time":"2023-07-17T07:56:49+00:00","og_image":[{"width":1500,"height":1125,"url":"https:\/\/www.santjosep.net\/wp-content\/uploads\/2023\/07\/portada_mar_ibiza.jpg","type":"image\/jpeg"}],"author":"Sant Josep","twitter_card":"summary_large_image","twitter_misc":{"Escrit per":"Sant Josep","Temps estimat de lectura":"8 minuts"},"schema":{"@context":"https:\/\/schema.org","@graph":[{"@type":"WebPage","@id":"https:\/\/www.santjosep.net\/ca\/la-costa-oeste-y-sur-de-ibiza-por-mar\/","url":"https:\/\/www.santjosep.net\/ca\/la-costa-oeste-y-sur-de-ibiza-por-mar\/","name":"La costa oest i sud d\u2019Eivissa per mar - Santjosep.net","isPartOf":{"@id":"https:\/\/www.santjosep.net\/#website"},"primaryImageOfPage":{"@id":"https:\/\/www.santjosep.net\/ca\/la-costa-oeste-y-sur-de-ibiza-por-mar\/#primaryimage"},"image":{"@id":"https:\/\/www.santjosep.net\/ca\/la-costa-oeste-y-sur-de-ibiza-por-mar\/#primaryimage"},"thumbnailUrl":"https:\/\/www.santjosep.net\/wp-content\/uploads\/2023\/07\/portada_mar_ibiza.jpg","datePublished":"2023-07-06T09:55:09+00:00","dateModified":"2023-07-17T07:56:49+00:00","author":{"@id":"https:\/\/www.santjosep.net\/#\/schema\/person\/b60e56f94e4e55776eb62bf4293f99b6"},"inLanguage":"ca","potentialAction":[{"@type":"ReadAction","target":["https:\/\/www.santjosep.net\/ca\/la-costa-oeste-y-sur-de-ibiza-por-mar\/"]}]},{"@type":"ImageObject","inLanguage":"ca","@id":"https:\/\/www.santjosep.net\/ca\/la-costa-oeste-y-sur-de-ibiza-por-mar\/#primaryimage","url":"https:\/\/www.santjosep.net\/wp-content\/uploads\/2023\/07\/portada_mar_ibiza.jpg","contentUrl":"https:\/\/www.santjosep.net\/wp-content\/uploads\/2023\/07\/portada_mar_ibiza.jpg","width":1500,"height":1125},{"@type":"WebSite","@id":"https:\/\/www.santjosep.net\/#website","url":"https:\/\/www.santjosep.net\/","name":"Santjosep.net","description":"","potentialAction":[{"@type":"SearchAction","target":{"@type":"EntryPoint","urlTemplate":"https:\/\/www.santjosep.net\/?s={search_term_string}"},"query-input":{"@type":"PropertyValueSpecification","valueRequired":true,"valueName":"search_term_string"}}],"inLanguage":"ca"},{"@type":"Person","@id":"https:\/\/www.santjosep.net\/#\/schema\/person\/b60e56f94e4e55776eb62bf4293f99b6","name":"Sant Josep","image":{"@type":"ImageObject","inLanguage":"ca","@id":"https:\/\/www.santjosep.net\/#\/schema\/person\/image\/","url":"https:\/\/secure.gravatar.com\/avatar\/2f4071817a97d2499c5aae9674ee15015b5a3c7c0974ca84f095a8e4aadcda56?s=96&d=mm&r=g","contentUrl":"https:\/\/secure.gravatar.com\/avatar\/2f4071817a97d2499c5aae9674ee15015b5a3c7c0974ca84f095a8e4aadcda56?s=96&d=mm&r=g","caption":"Sant Josep"},"url":"https:\/\/www.santjosep.net\/ca\/author\/fugrafic\/"}]}},"_links":{"self":[{"href":"https:\/\/www.santjosep.net\/ca\/wp-json\/wp\/v2\/posts\/34866","targetHints":{"allow":["GET"]}}],"collection":[{"href":"https:\/\/www.santjosep.net\/ca\/wp-json\/wp\/v2\/posts"}],"about":[{"href":"https:\/\/www.santjosep.net\/ca\/wp-json\/wp\/v2\/types\/post"}],"author":[{"embeddable":true,"href":"https:\/\/www.santjosep.net\/ca\/wp-json\/wp\/v2\/users\/1"}],"replies":[{"embeddable":true,"href":"https:\/\/www.santjosep.net\/ca\/wp-json\/wp\/v2\/comments?post=34866"}],"version-history":[{"count":0,"href":"https:\/\/www.santjosep.net\/ca\/wp-json\/wp\/v2\/posts\/34866\/revisions"}],"wp:featuredmedia":[{"embeddable":true,"href":"https:\/\/www.santjosep.net\/ca\/wp-json\/wp\/v2\/media\/34671"}],"wp:attachment":[{"href":"https:\/\/www.santjosep.net\/ca\/wp-json\/wp\/v2\/media?parent=34866"}],"wp:term":[{"taxonomy":"category","embeddable":true,"href":"https:\/\/www.santjosep.net\/ca\/wp-json\/wp\/v2\/categories?post=34866"},{"taxonomy":"post_tag","embeddable":true,"href":"https:\/\/www.santjosep.net\/ca\/wp-json\/wp\/v2\/tags?post=34866"}],"curies":[{"name":"wp","href":"https:\/\/api.w.org\/{rel}","templated":true}]}}