{"id":34828,"date":"2023-06-22T11:57:30","date_gmt":"2023-06-22T09:57:30","guid":{"rendered":"https:\/\/www.santjosep.net\/cala-carbo-un-rincon-con-encanto-al-sur-de-ibiza\/"},"modified":"2023-07-12T15:15:24","modified_gmt":"2023-07-12T13:15:24","slug":"cala-carbo-un-rincon-con-encanto-al-sur-de-ibiza","status":"publish","type":"post","link":"https:\/\/www.santjosep.net\/ca\/cala-carbo-un-rincon-con-encanto-al-sur-de-ibiza\/","title":{"rendered":"Cala Carb\u00f3, un rac\u00f3 amb encant al sud d\u2019Eivissa"},"content":{"rendered":"<div class=\"wpb-content-wrapper\"><p>[vc_row enable_hue_rotation=&#8221;no&#8221; enable_text_marquee=&#8221;no&#8221;][vc_column][vc_column_text]Cala Carb\u00f3 \u00e9s una encisadora cala situada al sud de l\u2019illa d\u2019Eivissa que ofereix tots els atractius dels raconets de costa de la Mediterr\u00e0nia. Una carretereta discreta i en ziga-zaga segueix el curs del torrent hom\u00f2nim que ens mena fins a la caleta. Amb forma de mitja lluna, les seves aig\u00fces penetren a la costa entre dues petites elevacions rocoses, tot oferint una agradable vora de sorra i petits c\u00f2dols. Un p\u00e0rquing c\u00f2mode i accessible precedeix l\u2019acc\u00e9s a la platja.[\/vc_column_text][vc_video link=&#8221;https:\/\/youtu.be\/zvlzsTA8mCc&#8221;][vc_separator][vc_single_image image=&#8221;34742&#8243; img_size=&#8221;full&#8221; css=&#8221;.vc_custom_1688637825388{margin-top: 15px !important;margin-bottom: 15px !important;}&#8221;][vc_column_text]La caleta s\u2019amaga en un entrant en forma de mitja lluna a prop des Vedr\u00e0.[\/vc_column_text][vc_single_image image=&#8221;16866&#8243; img_size=&#8221;full&#8221; css=&#8221;.vc_custom_1688637760294{margin-top: 15px !important;margin-bottom: 15px !important;}&#8221;][vc_column_text]Flanquejada per dos promontoris rocosos, les seves aig\u00fces acostumen a quedar protegides del vent.[\/vc_column_text][vc_single_image image=&#8221;34752&#8243; img_size=&#8221;full&#8221; css=&#8221;.vc_custom_1688637901646{margin-top: 15px !important;margin-bottom: 15px !important;}&#8221;][vc_column_text]Cala Carb\u00f3 disposa d\u2019un arenal ampli i accessible, ideal per prendre-hi el sol.[\/vc_column_text][vc_single_image image=&#8221;34772&#8243; img_size=&#8221;full&#8221; css=&#8221;.vc_custom_1688638198914{margin-top: 15px !important;margin-bottom: 15px !important;}&#8221;][vc_column_text]Al restaurant Es Balneari (esquerra), es pot menjar peix fresc amb els peus a la sorra.[\/vc_column_text][vc_single_image image=&#8221;34757&#8243; img_size=&#8221;full&#8221; css=&#8221;.vc_custom_1688638033312{margin-top: 15px !important;margin-bottom: 15px !important;}&#8221;][vc_column_text css=&#8221;.vc_custom_1689166810305{margin-top: 15px !important;padding-top: 15px !important;}&#8221;]El restaurant Can Vicent disposa de terrasses espaioses i d\u2019una completa carta d\u2019especialitats eivissenques i mediterr\u00e0nies.[\/vc_column_text][vc_column_text css=&#8221;.vc_custom_1688638056356{margin-top: 15px !important;padding-top: 15px !important;}&#8221;]<span style=\"font-weight: 400;\"><style>#jtg-16838 .modula-item .jtg-social a, .lightbox-socials.jtg-social a{ fill: #ffffff; color: #ffffff }#jtg-16838 .modula-item .jtg-social-mobile a{ fill: #ffffff; color: #ffffff }#jtg-16838 .modula-item .jtg-social svg, .lightbox-socials.jtg-social svg { height: 16px; width: 16px }#jtg-16838 .modula-item .jtg-social-mobile svg { height: 16px; width: 16px }#jtg-16838 .modula-item .jtg-social a:not(:last-child), .lightbox-socials.jtg-social a:not(:last-child) { margin-right: 10px }#jtg-16838 .modula-item .jtg-social-mobile .jtg-social-mobile-icons a:not(:last-child){ margin-right: 10px }#jtg-16838 .modula-item .figc {color:#ffffff;}#jtg-16838 .modula-item .modula-item-content { transform: scale(1) }#jtg-16838 .modula-items .figc p.description { font-size:14px; }#jtg-16838 .modula-items .figc p.description { color:#ffffff;}#jtg-16838.modula-gallery .modula-item > a, #jtg-16838.modula-gallery .modula-item, #jtg-16838.modula-gallery .modula-item-content > a:not(.modula-no-follow) { cursor:zoom-in; } #jtg-16838.modula-gallery .modula-item-content .modula-no-follow { cursor: default; } @media screen and (max-width:480px){#jtg-16838 .modula-item .figc .jtg-title {  font-size: 12px; }#jtg-16838 .modula-items .figc p.description { color:#ffffff;font-size:10px; }}#jtg-16838 .modula-items .modula-item:hover img{opacity:1;}<\/style>\n<div  id=\"jtg-16838\" class=\"modula modula-gallery modula-custom-grid\" data-config=\"{&quot;height&quot;:800,&quot;tabletHeight&quot;:800,&quot;mobileHeight&quot;:800,&quot;desktopHeight&quot;:800,&quot;enableTwitter&quot;:true,&quot;enableWhatsapp&quot;:false,&quot;enableFacebook&quot;:true,&quot;enablePinterest&quot;:true,&quot;enableLinkedin&quot;:true,&quot;enableEmail&quot;:false,&quot;randomFactor&quot;:0.5,&quot;type&quot;:&quot;custom-grid&quot;,&quot;columns&quot;:12,&quot;gutter&quot;:0,&quot;mobileGutter&quot;:0,&quot;tabletGutter&quot;:0,&quot;desktopGutter&quot;:0,&quot;enableResponsive&quot;:true,&quot;tabletColumns&quot;:2,&quot;mobileColumns&quot;:1,&quot;lazyLoad&quot;:&quot;0&quot;,&quot;lightboxOpts&quot;:{&quot;animated&quot;:true,&quot;Thumbs&quot;:{&quot;type&quot;:&quot;modern&quot;,&quot;showOnStart&quot;:false},&quot;Toolbar&quot;:{&quot;display&quot;:{&quot;right&quot;:[&quot;close&quot;]},&quot;enabled&quot;:true},&quot;Carousel&quot;:{&quot;Panzoom&quot;:{&quot;touch&quot;:false},&quot;infinite&quot;:false},&quot;keyboard&quot;:{&quot;Escape&quot;:&quot;close&quot;,&quot;Delete&quot;:&quot;close&quot;,&quot;Backspace&quot;:&quot;close&quot;,&quot;PageUp&quot;:false,&quot;PageDown&quot;:false,&quot;ArrowUp&quot;:false,&quot;ArrowDown&quot;:false,&quot;ArrowRight&quot;:false,&quot;ArrowLeft&quot;:false},&quot;touch&quot;:false,&quot;backdropClick&quot;:false,&quot;l10n&quot;:{&quot;CLOSE&quot;:&quot;Close&quot;,&quot;NEXT&quot;:&quot;Next&quot;,&quot;PREV&quot;:&quot;Previous&quot;,&quot;Error&quot;:&quot;The requested content cannot be loaded. Please try again later.&quot;,&quot;PLAY_START&quot;:&quot;Start slideshow&quot;,&quot;PLAY_STOP&quot;:&quot;Pause slideshow&quot;,&quot;FULL_SCREEN&quot;:&quot;Full screen&quot;,&quot;THUMBS&quot;:&quot;Thumbnails&quot;,&quot;DOWNLOAD&quot;:&quot;Download&quot;,&quot;SHARE&quot;:&quot;Share&quot;,&quot;ZOOM&quot;:&quot;Zoom&quot;,&quot;EMAIL&quot;:&quot;Here is the link to the image : %%image_link%% and this is the link to the gallery : %%gallery_link%%&quot;,&quot;MODAL&quot;:&quot;You can close this modal content with the ESC key&quot;,&quot;ERROR&quot;:&quot;Something Went Wrong, Please Try Again Later&quot;,&quot;IMAGE_ERROR&quot;:&quot;Image Not Found&quot;,&quot;ELEMENT_NOT_FOUND&quot;:&quot;HTML Element Not Found&quot;,&quot;AJAX_NOT_FOUND&quot;:&quot;Error Loading AJAX : Not Found&quot;,&quot;AJAX_FORBIDDEN&quot;:&quot;Error Loading AJAX : Forbidden&quot;,&quot;IFRAME_ERROR&quot;:&quot;Error Loading Page&quot;,&quot;TOGGLE_ZOOM&quot;:&quot;Toggle zoom level&quot;,&quot;TOGGLE_THUMBS&quot;:&quot;Toggle thumbnails&quot;,&quot;TOGGLE_SLIDESHOW&quot;:&quot;Toggle slideshow&quot;,&quot;TOGGLE_FULLSCREEN&quot;:&quot;Toggle full-screen mode&quot;},&quot;Images&quot;:{&quot;Panzoom&quot;:{&quot;maxScale&quot;:2}},&quot;mainClass&quot;:&quot;modula-fancybox-container modula-lightbox-jtg-16838&quot;,&quot;Html&quot;:{&quot;videoAutoplay&quot;:0,&quot;videoTpl&quot;:&quot;&lt;video class=\\&quot;fancybox__html5video\\&quot; controls muted playsinline controlsList controlsList=\\&quot;nodownload\\&quot; poster=\\&quot;{{poster}}\\&quot; src=\\&quot;{{src}}\\&quot; type=\\&quot;{{format}}\\&quot; &gt;  Sorry, your browser doesn&#039;t support embedded videos, &lt;a href=\\&quot;{{src}}\\&quot;&gt; download &lt;\\\/a&gt; and watch with your favorite video player! &lt;\\\/video&gt;&quot;}},&quot;inView&quot;:false,&quot;email_subject&quot;:&quot;Check out this awesome image !!&quot;,&quot;email_message&quot;:&quot;Here is the link to the image : %%image_link%% and this is the link to the gallery : %%gallery_link%%&quot;,&quot;lightbox&quot;:&quot;fancybox&quot;}\">\n\n\t\n\t<div  class=\"modula-items\">\n\t\t<div class=\"modula-item\" data-width=\"3\" data-height=\"4\" >\n\t<div class=\"modula-item-content\">\n\t\t\n\t\t\t\t\t<a data-image-id=\"38304\" tabindex=\"0\" rel=\"jtg-16838\" data-caption=\"\" aria-label=\"Open image in lightbox\" role=\"button\" class=\"tile-inner modula-item-link\"><\/a>\n\t\t\n\t\t<img loading=\"lazy\" decoding=\"async\" class=\"pic wp-image-38304\"  data-valign=\"middle\" data-halign=\"center\" alt=\"\" data-full=\"https:\/\/www.santjosep.net\/wp-content\/uploads\/2025\/09\/CalaCarbo_1.webp\" title=\"CalaCarbo_1\" width=\"1067\" height=\"1600\" src=\"https:\/\/www.santjosep.net\/wp-content\/uploads\/2025\/09\/CalaCarbo_1.webp\" data-src=\"https:\/\/www.santjosep.net\/wp-content\/uploads\/2025\/09\/CalaCarbo_1.webp\" data-caption=\"\" srcset=\"https:\/\/www.santjosep.net\/wp-content\/uploads\/2025\/09\/CalaCarbo_1.webp 1067w, https:\/\/www.santjosep.net\/wp-content\/uploads\/2025\/09\/CalaCarbo_1-200x300.webp 200w, https:\/\/www.santjosep.net\/wp-content\/uploads\/2025\/09\/CalaCarbo_1-683x1024.webp 683w, https:\/\/www.santjosep.net\/wp-content\/uploads\/2025\/09\/CalaCarbo_1-768x1152.webp 768w, https:\/\/www.santjosep.net\/wp-content\/uploads\/2025\/09\/CalaCarbo_1-1024x1536.webp 1024w\" sizes=\"auto, (max-width: 1067px) 100vw, 1067px\" \/>\n\t<\/div>\n\n<\/div><div class=\"modula-item\" data-width=\"4\" data-height=\"4\" >\n\t<div class=\"modula-item-content\">\n\t\t\n\t\t\t\t\t<a data-image-id=\"38289\" tabindex=\"0\" rel=\"jtg-16838\" data-caption=\"\" aria-label=\"Open image in lightbox\" role=\"button\" class=\"tile-inner modula-item-link\"><\/a>\n\t\t\n\t\t<img loading=\"lazy\" decoding=\"async\" class=\"pic wp-image-38289\"  data-valign=\"middle\" data-halign=\"center\" alt=\"\" data-full=\"https:\/\/www.santjosep.net\/wp-content\/uploads\/2025\/09\/CalaCarbo_4.webp\" title=\"CalaCarbo_4\" width=\"2000\" height=\"1333\" src=\"https:\/\/www.santjosep.net\/wp-content\/uploads\/2025\/09\/CalaCarbo_4.webp\" data-src=\"https:\/\/www.santjosep.net\/wp-content\/uploads\/2025\/09\/CalaCarbo_4.webp\" data-caption=\"\" srcset=\"https:\/\/www.santjosep.net\/wp-content\/uploads\/2025\/09\/CalaCarbo_4.webp 2000w, https:\/\/www.santjosep.net\/wp-content\/uploads\/2025\/09\/CalaCarbo_4-300x200.webp 300w, https:\/\/www.santjosep.net\/wp-content\/uploads\/2025\/09\/CalaCarbo_4-1024x682.webp 1024w, https:\/\/www.santjosep.net\/wp-content\/uploads\/2025\/09\/CalaCarbo_4-768x512.webp 768w, https:\/\/www.santjosep.net\/wp-content\/uploads\/2025\/09\/CalaCarbo_4-1536x1024.webp 1536w\" sizes=\"auto, (max-width: 2000px) 100vw, 2000px\" \/>\n\t<\/div>\n\n<\/div><div class=\"modula-item\" data-width=\"5\" data-height=\"4\" >\n\t<div class=\"modula-item-content\">\n\t\t\n\t\t\t\t\t<a data-image-id=\"38294\" tabindex=\"0\" rel=\"jtg-16838\" data-caption=\"\" aria-label=\"Open image in lightbox\" role=\"button\" class=\"tile-inner modula-item-link\"><\/a>\n\t\t\n\t\t<img loading=\"lazy\" decoding=\"async\" class=\"pic wp-image-38294\"  data-valign=\"middle\" data-halign=\"center\" alt=\"\" data-full=\"https:\/\/www.santjosep.net\/wp-content\/uploads\/2025\/09\/CalaCarbo_3.webp\" title=\"CalaCarbo_3\" width=\"2000\" height=\"1333\" src=\"https:\/\/www.santjosep.net\/wp-content\/uploads\/2025\/09\/CalaCarbo_3.webp\" data-src=\"https:\/\/www.santjosep.net\/wp-content\/uploads\/2025\/09\/CalaCarbo_3.webp\" data-caption=\"\" srcset=\"https:\/\/www.santjosep.net\/wp-content\/uploads\/2025\/09\/CalaCarbo_3.webp 2000w, https:\/\/www.santjosep.net\/wp-content\/uploads\/2025\/09\/CalaCarbo_3-300x200.webp 300w, https:\/\/www.santjosep.net\/wp-content\/uploads\/2025\/09\/CalaCarbo_3-1024x682.webp 1024w, https:\/\/www.santjosep.net\/wp-content\/uploads\/2025\/09\/CalaCarbo_3-768x512.webp 768w, https:\/\/www.santjosep.net\/wp-content\/uploads\/2025\/09\/CalaCarbo_3-1536x1024.webp 1536w\" sizes=\"auto, (max-width: 2000px) 100vw, 2000px\" \/>\n\t<\/div>\n\n<\/div><div class=\"modula-item\" data-width=\"6\" data-height=\"5\" >\n\t<div class=\"modula-item-content\">\n\t\t\n\t\t\t\t\t<a data-image-id=\"38284\" tabindex=\"0\" rel=\"jtg-16838\" data-caption=\"\" aria-label=\"Open image in lightbox\" role=\"button\" class=\"tile-inner modula-item-link\"><\/a>\n\t\t\n\t\t<img loading=\"lazy\" decoding=\"async\" class=\"pic wp-image-38284\"  data-valign=\"middle\" data-halign=\"center\" alt=\"\" data-full=\"https:\/\/www.santjosep.net\/wp-content\/uploads\/2025\/09\/CalaCarbo_5.webp\" title=\"CalaCarbo_5\" width=\"2000\" height=\"1500\" src=\"https:\/\/www.santjosep.net\/wp-content\/uploads\/2025\/09\/CalaCarbo_5.webp\" data-src=\"https:\/\/www.santjosep.net\/wp-content\/uploads\/2025\/09\/CalaCarbo_5.webp\" data-caption=\"\" srcset=\"https:\/\/www.santjosep.net\/wp-content\/uploads\/2025\/09\/CalaCarbo_5.webp 2000w, https:\/\/www.santjosep.net\/wp-content\/uploads\/2025\/09\/CalaCarbo_5-300x225.webp 300w, https:\/\/www.santjosep.net\/wp-content\/uploads\/2025\/09\/CalaCarbo_5-1024x768.webp 1024w, https:\/\/www.santjosep.net\/wp-content\/uploads\/2025\/09\/CalaCarbo_5-768x576.webp 768w, https:\/\/www.santjosep.net\/wp-content\/uploads\/2025\/09\/CalaCarbo_5-1536x1152.webp 1536w, https:\/\/www.santjosep.net\/wp-content\/uploads\/2025\/09\/CalaCarbo_5-800x600.webp 800w\" sizes=\"auto, (max-width: 2000px) 100vw, 2000px\" \/>\n\t<\/div>\n\n<\/div><div class=\"modula-item\" data-width=\"6\" data-height=\"5\" >\n\t<div class=\"modula-item-content\">\n\t\t\n\t\t\t\t\t<a data-image-id=\"38299\" tabindex=\"0\" rel=\"jtg-16838\" data-caption=\"\" aria-label=\"Open image in lightbox\" role=\"button\" class=\"tile-inner modula-item-link\"><\/a>\n\t\t\n\t\t<img loading=\"lazy\" decoding=\"async\" class=\"pic wp-image-38299\"  data-valign=\"middle\" data-halign=\"center\" alt=\"\" data-full=\"https:\/\/www.santjosep.net\/wp-content\/uploads\/2025\/09\/CalaCarbo_2.webp\" title=\"CalaCarbo_2\" width=\"2000\" height=\"1333\" src=\"https:\/\/www.santjosep.net\/wp-content\/uploads\/2025\/09\/CalaCarbo_2.webp\" data-src=\"https:\/\/www.santjosep.net\/wp-content\/uploads\/2025\/09\/CalaCarbo_2.webp\" data-caption=\"\" srcset=\"https:\/\/www.santjosep.net\/wp-content\/uploads\/2025\/09\/CalaCarbo_2.webp 2000w, https:\/\/www.santjosep.net\/wp-content\/uploads\/2025\/09\/CalaCarbo_2-300x200.webp 300w, https:\/\/www.santjosep.net\/wp-content\/uploads\/2025\/09\/CalaCarbo_2-1024x682.webp 1024w, https:\/\/www.santjosep.net\/wp-content\/uploads\/2025\/09\/CalaCarbo_2-768x512.webp 768w, https:\/\/www.santjosep.net\/wp-content\/uploads\/2025\/09\/CalaCarbo_2-1536x1024.webp 1536w\" sizes=\"auto, (max-width: 2000px) 100vw, 2000px\" \/>\n\t<\/div>\n\n<\/div>\t\t\n\t<\/div>\n\n\t\n\t\n\t<script type=\"application\/ld+json\">\n\t{\n\t\t\"@context\": \"http:\/\/schema.org\",\n\t\t\"@type\"   : \"ImageGallery\",\n\t\t\"id\"      : \"https:\/\/www.santjosep.net\/ca\/cala-carbo-un-rincon-con-encanto-al-sur-de-ibiza\/\",\n\t\t\"url\"     : \"https:\/\/www.santjosep.net\/ca\/cala-carbo-un-rincon-con-encanto-al-sur-de-ibiza\/\"\n\t}\n\n\t<\/script>\n\n\t\n<\/div>\n<\/span>[\/vc_column_text][vc_column_text css=&#8221;.vc_custom_1689166831191{margin-top: 15px !important;padding-top: 15px !important;}&#8221;]Les aig\u00fces cristal\u00b7lines de la cala s\u00f3n perfectes per a la pr\u00e0ctica del busseig amb respirador de superf\u00edcie.[\/vc_column_text][vc_single_image image=&#8221;34767&#8243; img_size=&#8221;full&#8221; css=&#8221;.vc_custom_1688638169434{margin-top: 15px !important;margin-bottom: 15px !important;}&#8221;][vc_column_text css=&#8221;.vc_custom_1689166843448{margin-top: 15px !important;padding-top: 15px !important;}&#8221;]Perspectiva del vessant nord de la costa de cala Carb\u00f3.[\/vc_column_text][vc_single_image image=&#8221;34777&#8243; img_size=&#8221;full&#8221; css=&#8221;.vc_custom_1688638231183{margin-top: 15px !important;margin-bottom: 15px !important;}&#8221;][vc_column_text css=&#8221;.vc_custom_1689166860202{margin-top: 15px !important;padding-top: 15px !important;}&#8221;]La cala ofereix servei de lloguer de gandules i para-sols.[\/vc_column_text][vc_single_image image=&#8221;34782&#8243; img_size=&#8221;full&#8221; css=&#8221;.vc_custom_1688638256700{margin-top: 15px !important;margin-bottom: 15px !important;}&#8221;][vc_column_text css=&#8221;.vc_custom_1689166873209{margin-top: 15px !important;padding-top: 15px !important;}&#8221;]Varadors tradicionals a l\u2019extrem sud de la cala.[\/vc_column_text][vc_single_image image=&#8221;34787&#8243; img_size=&#8221;full&#8221; css=&#8221;.vc_custom_1688638309066{margin-top: 15px !important;margin-bottom: 15px !important;}&#8221;][vc_column_text css=&#8221;.vc_custom_1689166890952{margin-top: 15px !important;padding-top: 15px !important;}&#8221;]Cala Carb\u00f3 t\u00e9 perfectament abalisada la zona dedicada al bany.[\/vc_column_text][vc_single_image image=&#8221;34792&#8243; img_size=&#8221;full&#8221; css=&#8221;.vc_custom_1688638407931{margin-top: 15px !important;margin-bottom: 15px !important;}&#8221;][vc_column_text css=&#8221;.vc_custom_1689166913046{margin-top: 15px !important;padding-top: 15px !important;}&#8221;]Des de cala Carb\u00f3 es poden fer rutes en caiac per descobrir racons espectaculars.[\/vc_column_text][vc_single_image image=&#8221;34797&#8243; img_size=&#8221;full&#8221; css=&#8221;.vc_custom_1688638513939{margin-top: 15px !important;margin-bottom: 15px !important;}&#8221;][vc_column_text css=&#8221;.vc_custom_1689166924898{margin-top: 15px !important;padding-top: 15px !important;}&#8221;]Els illots des Vedr\u00e0 i des Vedranell s\u2019alcen en aig\u00fces pr\u00f2ximes a la cala.[\/vc_column_text][\/vc_column][\/vc_row]<\/p>\n<\/div>","protected":false},"excerpt":{"rendered":"<p>Cala Carb\u00f3 \u00e9s una encisadora cala situada al sud de l\u2019illa d\u2019Eivissa que ofereix tots els atractius dels raconets de costa de la Mediterr\u00e0nia.<\/p>\n","protected":false},"author":1,"featured_media":34732,"comment_status":"open","ping_status":"open","sticky":false,"template":"","format":"standard","meta":{"_acf_changed":false,"inline_featured_image":false,"footnotes":""},"categories":[209],"tags":[],"class_list":["post-34828","post","type-post","status-publish","format-standard","has-post-thumbnail","hentry","category-platjes-ca"],"acf":[],"geo":null,"yoast_head":"<!-- This site is optimized with the Yoast SEO plugin v25.7 - https:\/\/yoast.com\/wordpress\/plugins\/seo\/ -->\n<title>Cala Carb\u00f3, un rac\u00f3 amb encant al sud d\u2019Eivissa - Santjosep.net<\/title>\n<meta name=\"robots\" content=\"index, follow, max-snippet:-1, max-image-preview:large, max-video-preview:-1\" \/>\n<link rel=\"canonical\" href=\"https:\/\/www.santjosep.net\/ca\/cala-carbo-un-rincon-con-encanto-al-sur-de-ibiza\/\" \/>\n<meta property=\"og:locale\" content=\"ca_ES\" \/>\n<meta property=\"og:type\" content=\"article\" \/>\n<meta property=\"og:title\" content=\"Cala Carb\u00f3, un rac\u00f3 amb encant al sud d\u2019Eivissa - Santjosep.net\" \/>\n<meta property=\"og:description\" content=\"Cala Carb\u00f3 \u00e9s una encisadora cala situada al sud de l\u2019illa d\u2019Eivissa que ofereix tots els atractius dels raconets de costa de la Mediterr\u00e0nia.\" \/>\n<meta property=\"og:url\" content=\"https:\/\/www.santjosep.net\/ca\/cala-carbo-un-rincon-con-encanto-al-sur-de-ibiza\/\" \/>\n<meta property=\"og:site_name\" content=\"Santjosep.net\" \/>\n<meta property=\"article:published_time\" content=\"2023-06-22T09:57:30+00:00\" \/>\n<meta property=\"article:modified_time\" content=\"2023-07-12T13:15:24+00:00\" \/>\n<meta property=\"og:image\" content=\"https:\/\/www.santjosep.net\/wp-content\/uploads\/2023\/07\/temp_image_for_default_share-6-1024x768.jpg\" \/>\n\t<meta property=\"og:image:width\" content=\"1024\" \/>\n\t<meta property=\"og:image:height\" content=\"768\" \/>\n\t<meta property=\"og:image:type\" content=\"image\/jpeg\" \/>\n<meta name=\"author\" content=\"Sant Josep\" \/>\n<meta name=\"twitter:card\" content=\"summary_large_image\" \/>\n<meta name=\"twitter:label1\" content=\"Escrit per\" \/>\n\t<meta name=\"twitter:data1\" content=\"Sant Josep\" \/>\n\t<meta name=\"twitter:label2\" content=\"Temps estimat de lectura\" \/>\n\t<meta name=\"twitter:data2\" content=\"2 minuts\" \/>\n<script type=\"application\/ld+json\" class=\"yoast-schema-graph\">{\"@context\":\"https:\/\/schema.org\",\"@graph\":[{\"@type\":\"WebPage\",\"@id\":\"https:\/\/www.santjosep.net\/ca\/cala-carbo-un-rincon-con-encanto-al-sur-de-ibiza\/\",\"url\":\"https:\/\/www.santjosep.net\/ca\/cala-carbo-un-rincon-con-encanto-al-sur-de-ibiza\/\",\"name\":\"Cala Carb\u00f3, un rac\u00f3 amb encant al sud d\u2019Eivissa - Santjosep.net\",\"isPartOf\":{\"@id\":\"https:\/\/www.santjosep.net\/#website\"},\"primaryImageOfPage\":{\"@id\":\"https:\/\/www.santjosep.net\/ca\/cala-carbo-un-rincon-con-encanto-al-sur-de-ibiza\/#primaryimage\"},\"image\":{\"@id\":\"https:\/\/www.santjosep.net\/ca\/cala-carbo-un-rincon-con-encanto-al-sur-de-ibiza\/#primaryimage\"},\"thumbnailUrl\":\"https:\/\/www.santjosep.net\/wp-content\/uploads\/2023\/07\/temp_image_for_default_share-6.jpg\",\"datePublished\":\"2023-06-22T09:57:30+00:00\",\"dateModified\":\"2023-07-12T13:15:24+00:00\",\"author\":{\"@id\":\"https:\/\/www.santjosep.net\/#\/schema\/person\/b60e56f94e4e55776eb62bf4293f99b6\"},\"inLanguage\":\"ca\",\"potentialAction\":[{\"@type\":\"ReadAction\",\"target\":[\"https:\/\/www.santjosep.net\/ca\/cala-carbo-un-rincon-con-encanto-al-sur-de-ibiza\/\"]}]},{\"@type\":\"ImageObject\",\"inLanguage\":\"ca\",\"@id\":\"https:\/\/www.santjosep.net\/ca\/cala-carbo-un-rincon-con-encanto-al-sur-de-ibiza\/#primaryimage\",\"url\":\"https:\/\/www.santjosep.net\/wp-content\/uploads\/2023\/07\/temp_image_for_default_share-6.jpg\",\"contentUrl\":\"https:\/\/www.santjosep.net\/wp-content\/uploads\/2023\/07\/temp_image_for_default_share-6.jpg\",\"width\":1900,\"height\":1425,\"caption\":\"DCIM100MEDIADJI_0159.JPG\"},{\"@type\":\"WebSite\",\"@id\":\"https:\/\/www.santjosep.net\/#website\",\"url\":\"https:\/\/www.santjosep.net\/\",\"name\":\"Santjosep.net\",\"description\":\"\",\"potentialAction\":[{\"@type\":\"SearchAction\",\"target\":{\"@type\":\"EntryPoint\",\"urlTemplate\":\"https:\/\/www.santjosep.net\/?s={search_term_string}\"},\"query-input\":{\"@type\":\"PropertyValueSpecification\",\"valueRequired\":true,\"valueName\":\"search_term_string\"}}],\"inLanguage\":\"ca\"},{\"@type\":\"Person\",\"@id\":\"https:\/\/www.santjosep.net\/#\/schema\/person\/b60e56f94e4e55776eb62bf4293f99b6\",\"name\":\"Sant Josep\",\"image\":{\"@type\":\"ImageObject\",\"inLanguage\":\"ca\",\"@id\":\"https:\/\/www.santjosep.net\/#\/schema\/person\/image\/\",\"url\":\"https:\/\/secure.gravatar.com\/avatar\/2f4071817a97d2499c5aae9674ee15015b5a3c7c0974ca84f095a8e4aadcda56?s=96&d=mm&r=g\",\"contentUrl\":\"https:\/\/secure.gravatar.com\/avatar\/2f4071817a97d2499c5aae9674ee15015b5a3c7c0974ca84f095a8e4aadcda56?s=96&d=mm&r=g\",\"caption\":\"Sant Josep\"},\"url\":\"https:\/\/www.santjosep.net\/ca\/author\/fugrafic\/\"}]}<\/script>\n<!-- \/ Yoast SEO plugin. -->","yoast_head_json":{"title":"Cala Carb\u00f3, un rac\u00f3 amb encant al sud d\u2019Eivissa - Santjosep.net","robots":{"index":"index","follow":"follow","max-snippet":"max-snippet:-1","max-image-preview":"max-image-preview:large","max-video-preview":"max-video-preview:-1"},"canonical":"https:\/\/www.santjosep.net\/ca\/cala-carbo-un-rincon-con-encanto-al-sur-de-ibiza\/","og_locale":"ca_ES","og_type":"article","og_title":"Cala Carb\u00f3, un rac\u00f3 amb encant al sud d\u2019Eivissa - Santjosep.net","og_description":"Cala Carb\u00f3 \u00e9s una encisadora cala situada al sud de l\u2019illa d\u2019Eivissa que ofereix tots els atractius dels raconets de costa de la Mediterr\u00e0nia.","og_url":"https:\/\/www.santjosep.net\/ca\/cala-carbo-un-rincon-con-encanto-al-sur-de-ibiza\/","og_site_name":"Santjosep.net","article_published_time":"2023-06-22T09:57:30+00:00","article_modified_time":"2023-07-12T13:15:24+00:00","og_image":[{"width":1024,"height":768,"url":"https:\/\/www.santjosep.net\/wp-content\/uploads\/2023\/07\/temp_image_for_default_share-6-1024x768.jpg","type":"image\/jpeg"}],"author":"Sant Josep","twitter_card":"summary_large_image","twitter_misc":{"Escrit per":"Sant Josep","Temps estimat de lectura":"2 minuts"},"schema":{"@context":"https:\/\/schema.org","@graph":[{"@type":"WebPage","@id":"https:\/\/www.santjosep.net\/ca\/cala-carbo-un-rincon-con-encanto-al-sur-de-ibiza\/","url":"https:\/\/www.santjosep.net\/ca\/cala-carbo-un-rincon-con-encanto-al-sur-de-ibiza\/","name":"Cala Carb\u00f3, un rac\u00f3 amb encant al sud d\u2019Eivissa - Santjosep.net","isPartOf":{"@id":"https:\/\/www.santjosep.net\/#website"},"primaryImageOfPage":{"@id":"https:\/\/www.santjosep.net\/ca\/cala-carbo-un-rincon-con-encanto-al-sur-de-ibiza\/#primaryimage"},"image":{"@id":"https:\/\/www.santjosep.net\/ca\/cala-carbo-un-rincon-con-encanto-al-sur-de-ibiza\/#primaryimage"},"thumbnailUrl":"https:\/\/www.santjosep.net\/wp-content\/uploads\/2023\/07\/temp_image_for_default_share-6.jpg","datePublished":"2023-06-22T09:57:30+00:00","dateModified":"2023-07-12T13:15:24+00:00","author":{"@id":"https:\/\/www.santjosep.net\/#\/schema\/person\/b60e56f94e4e55776eb62bf4293f99b6"},"inLanguage":"ca","potentialAction":[{"@type":"ReadAction","target":["https:\/\/www.santjosep.net\/ca\/cala-carbo-un-rincon-con-encanto-al-sur-de-ibiza\/"]}]},{"@type":"ImageObject","inLanguage":"ca","@id":"https:\/\/www.santjosep.net\/ca\/cala-carbo-un-rincon-con-encanto-al-sur-de-ibiza\/#primaryimage","url":"https:\/\/www.santjosep.net\/wp-content\/uploads\/2023\/07\/temp_image_for_default_share-6.jpg","contentUrl":"https:\/\/www.santjosep.net\/wp-content\/uploads\/2023\/07\/temp_image_for_default_share-6.jpg","width":1900,"height":1425,"caption":"DCIM100MEDIADJI_0159.JPG"},{"@type":"WebSite","@id":"https:\/\/www.santjosep.net\/#website","url":"https:\/\/www.santjosep.net\/","name":"Santjosep.net","description":"","potentialAction":[{"@type":"SearchAction","target":{"@type":"EntryPoint","urlTemplate":"https:\/\/www.santjosep.net\/?s={search_term_string}"},"query-input":{"@type":"PropertyValueSpecification","valueRequired":true,"valueName":"search_term_string"}}],"inLanguage":"ca"},{"@type":"Person","@id":"https:\/\/www.santjosep.net\/#\/schema\/person\/b60e56f94e4e55776eb62bf4293f99b6","name":"Sant Josep","image":{"@type":"ImageObject","inLanguage":"ca","@id":"https:\/\/www.santjosep.net\/#\/schema\/person\/image\/","url":"https:\/\/secure.gravatar.com\/avatar\/2f4071817a97d2499c5aae9674ee15015b5a3c7c0974ca84f095a8e4aadcda56?s=96&d=mm&r=g","contentUrl":"https:\/\/secure.gravatar.com\/avatar\/2f4071817a97d2499c5aae9674ee15015b5a3c7c0974ca84f095a8e4aadcda56?s=96&d=mm&r=g","caption":"Sant Josep"},"url":"https:\/\/www.santjosep.net\/ca\/author\/fugrafic\/"}]}},"_links":{"self":[{"href":"https:\/\/www.santjosep.net\/ca\/wp-json\/wp\/v2\/posts\/34828","targetHints":{"allow":["GET"]}}],"collection":[{"href":"https:\/\/www.santjosep.net\/ca\/wp-json\/wp\/v2\/posts"}],"about":[{"href":"https:\/\/www.santjosep.net\/ca\/wp-json\/wp\/v2\/types\/post"}],"author":[{"embeddable":true,"href":"https:\/\/www.santjosep.net\/ca\/wp-json\/wp\/v2\/users\/1"}],"replies":[{"embeddable":true,"href":"https:\/\/www.santjosep.net\/ca\/wp-json\/wp\/v2\/comments?post=34828"}],"version-history":[{"count":0,"href":"https:\/\/www.santjosep.net\/ca\/wp-json\/wp\/v2\/posts\/34828\/revisions"}],"wp:featuredmedia":[{"embeddable":true,"href":"https:\/\/www.santjosep.net\/ca\/wp-json\/wp\/v2\/media\/34732"}],"wp:attachment":[{"href":"https:\/\/www.santjosep.net\/ca\/wp-json\/wp\/v2\/media?parent=34828"}],"wp:term":[{"taxonomy":"category","embeddable":true,"href":"https:\/\/www.santjosep.net\/ca\/wp-json\/wp\/v2\/categories?post=34828"},{"taxonomy":"post_tag","embeddable":true,"href":"https:\/\/www.santjosep.net\/ca\/wp-json\/wp\/v2\/tags?post=34828"}],"curies":[{"name":"wp","href":"https:\/\/api.w.org\/{rel}","templated":true}]}}