{"id":33138,"date":"2022-10-13T09:23:16","date_gmt":"2022-10-13T07:23:16","guid":{"rendered":"https:\/\/www.santjosep.net\/sant-josep-es-musica\/"},"modified":"2022-10-20T13:42:10","modified_gmt":"2022-10-20T11:42:10","slug":"sant-josep-es-musica","status":"publish","type":"post","link":"https:\/\/www.santjosep.net\/ca\/sant-josep-es-musica\/","title":{"rendered":"Sant Josep \u00e9s m\u00fasica"},"content":{"rendered":"<div class=\"wpb-content-wrapper\"><p>[vc_row enable_hue_rotation=&#8221;no&#8221; enable_text_marquee=&#8221;no&#8221;][vc_column][vc_column_text]Entre els valors patrimonials que Sant Josep ofereix a visitants i ve\u00efns cal reservar un espai privilegiat a la m\u00fasica en totes les seves expressions. L\u2019enorme tradici\u00f3 musical del municipi es plasma any rere any en innombrables actuacions i iniciatives que abasten tots els g\u00e8neres, des de m\u00fasica cl\u00e0ssica fins a moderna com el jazz, el rock, el flamenc, el pop i d\u2019altres. A fi de recopilar aquest <strong>gran patrimoni immaterial<\/strong> es va crear el web <a href=\"http:\/\/musica.santjosep.org\/ca\/\">musica.santjosep.org<\/a> que, des de l\u2019\u00e0mbit de l\u2019administraci\u00f3 municipal, pret\u00e9n, a m\u00e9s, promoure la m\u00fasica en directe i donar visibilitat als artistes locals que omplen l\u2019agenda anual d\u2019esdeveniments.[\/vc_column_text][vc_column_text]El web t\u00e9 un <strong>disseny fresc i \u00e0gil<\/strong> que facilita la navegaci\u00f3 pels diversos apartats. La p\u00e0gina d\u2019inici combina diversos tipus de continguts, com els <strong>concerts<\/strong> m\u00e9s immediats del calendari i <strong>not\u00edcies<\/strong> sobre l\u2019actualitat del panorama musical a Sant Josep. Tamb\u00e9 s\u2019hi destaca algun dels reportatges inclosos al web, ressenyes sobre discs publicats per artistes locals i un enlla\u00e7 directe al directori de grups i artistes del municipi. A m\u00e9s, es reserva espai per a algun local destacat, amb un enlla\u00e7 a la llista d\u2019establiments amb m\u00fasica en directe i un altre enlla\u00e7 molt pr\u00e0ctic que ens dirigeix a un directori d\u2019empreses i serveis relacionats amb la producci\u00f3 musical, l\u2019organitzaci\u00f3 de concerts i la manufactura d\u2019instruments musicals.[\/vc_column_text][vc_single_image image=&#8221;33063&#8243; img_size=&#8221;full&#8221; css=&#8221;.vc_custom_1665645694842{margin-top: 15px !important;margin-bottom: 15px !important;}&#8221;][vc_column_text]El primer apartat del web, <strong>\u201cConcerts\u201d<\/strong>, es constitueix com l\u2019agenda visual m\u00e9s completa de les <strong>actuacions musicals previstes a Sant Josep<\/strong> durant les pr\u00f2ximes setmanes. Amb una foto destacada a primera vista, es detalla el grup, la data i el lloc de l\u2019actuaci\u00f3. Fent clic a la imatge accedim a informaci\u00f3 m\u00e9s completa que inclou una ressenya breu de l\u2019esdeveniment, de l\u2019artista i del local, un pr\u00e0ctic pl\u00e0nol d\u2019ubicaci\u00f3 i les dades de contacte imprescindibles, a banda d\u2019enlla\u00e7os a les xarxes socials. Tamb\u00e9 indica si el concert \u00e9s gratu\u00eft o de pagament.[\/vc_column_text][vc_column_text]A l\u2019apartat <strong>\u201cM\u00fasics\u201d<\/strong> tenim a l\u2019abast del nostre dispositiu una llista generosa d\u2019artistes i grups que actuen al municipi. <strong>Aquesta informaci\u00f3 es pot seleccionar i visualitzar de diverses maneres<\/strong>: mitjan\u00e7ant quadr\u00edcula de fotos, en qu\u00e8 es destaca el nom i el g\u00e8nere musical que practica, o per llista alfab\u00e8tica. Com a filtre, tamb\u00e9 podem seleccionar els artistes pel g\u00e8nere musical (experimental, <i>folk<\/i>, rumba, <i>house<\/i>, <i>blues<\/i>, cl\u00e0ssica, <i>soul<\/i>, jazz i aix\u00ed fins a 27 tipus diferents).<\/p>\n<p>Fent clic sobre cadascun dels artistes que es llisten a la quadr\u00edcula, accedirem a una informaci\u00f3 m\u00e9s detallada sobre ells i a contingut gr\u00e0fic com ara fotos i v\u00eddeos de les seves actuacions. Una f\u00f3rmula immillorable per veure i sentir de primera m\u00e0 la proposta musical de cadascun d\u2019ells. Tamb\u00e9 podrem visualitzar l\u2019actuaci\u00f3 prevista m\u00e9s immediata de l\u2019artista. Actualment, el web recull prop de 145 artistes o grups, xifra que ens dona una idea de la <strong>intensa vitalitat musical de Sant Josep.<\/strong>[\/vc_column_text][vc_single_image image=&#8221;33068&#8243; img_size=&#8221;full&#8221; css=&#8221;.vc_custom_1665645722665{margin-top: 15px !important;margin-bottom: 15px !important;}&#8221;][vc_column_text]L\u2019apartat <strong>\u201cLocals\u201d<\/strong> \u00e9s un altre destacat del web. Recull <strong>m\u00e9s de 30 locals en qu\u00e8 tenen lloc concerts de tots els estils<\/strong>. Restaurants, bars, guinguetes, botigues\u2026 espais que aposten per la m\u00fasica en directe durant tot l\u2019any i que s\u00f3n una plataforma perfecta perqu\u00e8 visitants i residents gaudeixin de la m\u00fasica en directe. La llista es configura com una quadr\u00edcula que cont\u00e9 una foto de cada local, el nom i la categoria (bar, restaurant, etc.). Fent clic sobre cadascun, accedim a informaci\u00f3 m\u00e9s detallada, amb una descripci\u00f3 de l\u2019espai, la seva programaci\u00f3 d\u2019esdeveniments i altres detalls pr\u00e0ctics, a m\u00e9s de les dades indispensables de contacte i acc\u00e9s al mapa d\u2019ubicaci\u00f3.[\/vc_column_text][vc_column_text css=&#8221;.vc_custom_1666263212955{margin-top: 15px !important;padding-top: 15px !important;}&#8221;]Un altre apartat del web \u00e9s el de<strong> \u201cRecintes\u201d<\/strong>, en qu\u00e8, seguint l\u2019esquema i l\u2019estructura dels anteriors, hi trobem una <strong>llista visual d\u2019espais on es fan concerts<\/strong>: auditoris, places, sales d\u2019exposicions, espais p\u00fablics oberts, etc. Entrant a cadascun d\u2019aquests espais n\u2019obtenim la ubicaci\u00f3 i material complementari com ara v\u00eddeos d\u2019algun concert que ha tingut lloc a l\u2019empla\u00e7ament en q\u00fcesti\u00f3 i algunes fotos.[\/vc_column_text][vc_single_image image=&#8221;33073&#8243; img_size=&#8221;full&#8221; css=&#8221;.vc_custom_1665645774786{margin-top: 15px !important;margin-bottom: 15px !important;}&#8221;][vc_column_text css=&#8221;.vc_custom_1666263427408{margin-top: 15px !important;padding-top: 15px !important;}&#8221;]L\u2019apartat <strong>\u201cFestivals\u201d<\/strong> recull les principals convocat\u00f2ries d\u2019esdeveniments i festes populars amb concerts que tenen lloc al municipi de Sant Josep. Hi podrem veure fotos d\u2019edicions anteriors, els cartells anunciadors i v\u00eddeos d\u2019actuacions diverses. Una bona manera de captar l\u2019ambient de cada festival. \u00d2bviament, s\u2019hi afegeixen dades indispensables com ara la ubicaci\u00f3 i les dates habituals de celebraci\u00f3 perqu\u00e8 ning\u00fa no es perdi cap convocat\u00f2ria.[\/vc_column_text][vc_column_text css=&#8221;.vc_custom_1666263460419{margin-top: 15px !important;padding-top: 15px !important;}&#8221;]El web tamb\u00e9 inclou un <strong>apartat d\u2019actualitat<\/strong> que recull les not\u00edcies m\u00e9s destacades del panorama musical. Es tracta de continguts cuidats i ben desenvolupats que aporten un plus d\u2019informaci\u00f3 a l\u2019usuari de la p\u00e0gina. Es combina amb <strong>reportatges diversos sobre artistes o esdeveniments<\/strong>, que aporten un plus al coneixement de la realitat musical de Sant Josep.[\/vc_column_text][vc_column_text css=&#8221;.vc_custom_1666263501465{margin-top: 15px !important;padding-top: 15px !important;}&#8221;]L\u2019apartat <strong>\u201cEmpreses i serveis\u201d<\/strong> recull una llista completa d\u2019empreses i professionals relacionats amb la m\u00fasica i els concerts. Des d\u2019estudis de <strong>gravaci\u00f3<\/strong> i <strong>lutiers<\/strong> fins a <strong>escoles de m\u00fasica, associacions, <i>food trucks<\/i> o fot\u00f2grafs especialitzats<\/strong>.[\/vc_column_text][vc_column_text css=&#8221;.vc_custom_1666263527385{margin-top: 15px !important;padding-top: 15px !important;}&#8221;]En darrer lloc, l\u2019apartat <strong>\u201cDiscos\u201d<\/strong> ens mostra les produccions d\u2019\u00e0lbums d\u2019estudi o enregistrats en directe dels grups que actuen als escenaris de Sant Josep. En cadascun hi <strong>podem escoltar els temes en <i>streaming<\/i><\/strong> i podem veure el nom de les can\u00e7ons de cada \u00e0lbum; tamb\u00e9 podem accedir a un petit text introductori sobre cada producci\u00f3.[\/vc_column_text][vc_column_text css=&#8221;.vc_custom_1666266051531{margin-top: 15px !important;padding-top: 15px !important;}&#8221;]El web <a href=\"http:\/\/musica.santjosep.org\/ca\/\"><strong>musica.santjosep.org<\/strong><\/a> \u00e9s, sens dubte, una finestra excepcional al din\u00e0mic univers musical del municipi que, sens dubte, contribuir\u00e0 a <strong>augmentar la difusi\u00f3 de les creacions dels articles i dels grups<\/strong> que actuen a Sant Josep.[\/vc_column_text][\/vc_column][\/vc_row]<\/p>\n<\/div>","protected":false},"excerpt":{"rendered":"<p>Entre los valores patrimoniales que Sant Josep ofrece a sus visitantes y vecinos hay que reservar un espacio privilegiado para la m\u00fasica en todas sus expresiones.<\/p>\n","protected":false},"author":1,"featured_media":33048,"comment_status":"open","ping_status":"open","sticky":false,"template":"","format":"standard","meta":{"_acf_changed":false,"inline_featured_image":false,"footnotes":""},"categories":[343],"tags":[],"class_list":["post-33138","post","type-post","status-publish","format-standard","has-post-thumbnail","hentry","category-cultura-ca"],"acf":[],"geo":null,"yoast_head":"<!-- This site is optimized with the Yoast SEO plugin v25.7 - https:\/\/yoast.com\/wordpress\/plugins\/seo\/ -->\n<title>Sant Josep \u00e9s m\u00fasica - Santjosep.net<\/title>\n<meta name=\"robots\" content=\"index, follow, max-snippet:-1, max-image-preview:large, max-video-preview:-1\" \/>\n<link rel=\"canonical\" href=\"https:\/\/www.santjosep.net\/ca\/sant-josep-es-musica\/\" \/>\n<meta property=\"og:locale\" content=\"ca_ES\" \/>\n<meta property=\"og:type\" content=\"article\" \/>\n<meta property=\"og:title\" content=\"Sant Josep \u00e9s m\u00fasica - Santjosep.net\" \/>\n<meta property=\"og:description\" content=\"Entre los valores patrimoniales que Sant Josep ofrece a sus visitantes y vecinos hay que reservar un espacio privilegiado para la m\u00fasica en todas sus expresiones.\" \/>\n<meta property=\"og:url\" content=\"https:\/\/www.santjosep.net\/ca\/sant-josep-es-musica\/\" \/>\n<meta property=\"og:site_name\" content=\"Santjosep.net\" \/>\n<meta property=\"article:published_time\" content=\"2022-10-13T07:23:16+00:00\" \/>\n<meta property=\"article:modified_time\" content=\"2022-10-20T11:42:10+00:00\" \/>\n<meta property=\"og:image\" content=\"https:\/\/www.santjosep.net\/wp-content\/uploads\/2022\/09\/santjosep_esmusica.jpg\" \/>\n\t<meta property=\"og:image:width\" content=\"2048\" \/>\n\t<meta property=\"og:image:height\" content=\"1536\" \/>\n\t<meta property=\"og:image:type\" content=\"image\/jpeg\" \/>\n<meta name=\"author\" content=\"Sant Josep\" \/>\n<meta name=\"twitter:card\" content=\"summary_large_image\" \/>\n<meta name=\"twitter:label1\" content=\"Escrit per\" \/>\n\t<meta name=\"twitter:data1\" content=\"Sant Josep\" \/>\n\t<meta name=\"twitter:label2\" content=\"Temps estimat de lectura\" \/>\n\t<meta name=\"twitter:data2\" content=\"5 minuts\" \/>\n<script type=\"application\/ld+json\" class=\"yoast-schema-graph\">{\"@context\":\"https:\/\/schema.org\",\"@graph\":[{\"@type\":\"WebPage\",\"@id\":\"https:\/\/www.santjosep.net\/ca\/sant-josep-es-musica\/\",\"url\":\"https:\/\/www.santjosep.net\/ca\/sant-josep-es-musica\/\",\"name\":\"Sant Josep \u00e9s m\u00fasica - Santjosep.net\",\"isPartOf\":{\"@id\":\"https:\/\/www.santjosep.net\/#website\"},\"primaryImageOfPage\":{\"@id\":\"https:\/\/www.santjosep.net\/ca\/sant-josep-es-musica\/#primaryimage\"},\"image\":{\"@id\":\"https:\/\/www.santjosep.net\/ca\/sant-josep-es-musica\/#primaryimage\"},\"thumbnailUrl\":\"https:\/\/www.santjosep.net\/wp-content\/uploads\/2022\/09\/santjosep_esmusica.jpg\",\"datePublished\":\"2022-10-13T07:23:16+00:00\",\"dateModified\":\"2022-10-20T11:42:10+00:00\",\"author\":{\"@id\":\"https:\/\/www.santjosep.net\/#\/schema\/person\/b60e56f94e4e55776eb62bf4293f99b6\"},\"inLanguage\":\"ca\",\"potentialAction\":[{\"@type\":\"ReadAction\",\"target\":[\"https:\/\/www.santjosep.net\/ca\/sant-josep-es-musica\/\"]}]},{\"@type\":\"ImageObject\",\"inLanguage\":\"ca\",\"@id\":\"https:\/\/www.santjosep.net\/ca\/sant-josep-es-musica\/#primaryimage\",\"url\":\"https:\/\/www.santjosep.net\/wp-content\/uploads\/2022\/09\/santjosep_esmusica.jpg\",\"contentUrl\":\"https:\/\/www.santjosep.net\/wp-content\/uploads\/2022\/09\/santjosep_esmusica.jpg\",\"width\":2048,\"height\":1536},{\"@type\":\"WebSite\",\"@id\":\"https:\/\/www.santjosep.net\/#website\",\"url\":\"https:\/\/www.santjosep.net\/\",\"name\":\"Santjosep.net\",\"description\":\"\",\"potentialAction\":[{\"@type\":\"SearchAction\",\"target\":{\"@type\":\"EntryPoint\",\"urlTemplate\":\"https:\/\/www.santjosep.net\/?s={search_term_string}\"},\"query-input\":{\"@type\":\"PropertyValueSpecification\",\"valueRequired\":true,\"valueName\":\"search_term_string\"}}],\"inLanguage\":\"ca\"},{\"@type\":\"Person\",\"@id\":\"https:\/\/www.santjosep.net\/#\/schema\/person\/b60e56f94e4e55776eb62bf4293f99b6\",\"name\":\"Sant Josep\",\"image\":{\"@type\":\"ImageObject\",\"inLanguage\":\"ca\",\"@id\":\"https:\/\/www.santjosep.net\/#\/schema\/person\/image\/\",\"url\":\"https:\/\/secure.gravatar.com\/avatar\/2f4071817a97d2499c5aae9674ee15015b5a3c7c0974ca84f095a8e4aadcda56?s=96&d=mm&r=g\",\"contentUrl\":\"https:\/\/secure.gravatar.com\/avatar\/2f4071817a97d2499c5aae9674ee15015b5a3c7c0974ca84f095a8e4aadcda56?s=96&d=mm&r=g\",\"caption\":\"Sant Josep\"},\"url\":\"https:\/\/www.santjosep.net\/ca\/author\/fugrafic\/\"}]}<\/script>\n<!-- \/ Yoast SEO plugin. -->","yoast_head_json":{"title":"Sant Josep \u00e9s m\u00fasica - Santjosep.net","robots":{"index":"index","follow":"follow","max-snippet":"max-snippet:-1","max-image-preview":"max-image-preview:large","max-video-preview":"max-video-preview:-1"},"canonical":"https:\/\/www.santjosep.net\/ca\/sant-josep-es-musica\/","og_locale":"ca_ES","og_type":"article","og_title":"Sant Josep \u00e9s m\u00fasica - Santjosep.net","og_description":"Entre los valores patrimoniales que Sant Josep ofrece a sus visitantes y vecinos hay que reservar un espacio privilegiado para la m\u00fasica en todas sus expresiones.","og_url":"https:\/\/www.santjosep.net\/ca\/sant-josep-es-musica\/","og_site_name":"Santjosep.net","article_published_time":"2022-10-13T07:23:16+00:00","article_modified_time":"2022-10-20T11:42:10+00:00","og_image":[{"width":2048,"height":1536,"url":"https:\/\/www.santjosep.net\/wp-content\/uploads\/2022\/09\/santjosep_esmusica.jpg","type":"image\/jpeg"}],"author":"Sant Josep","twitter_card":"summary_large_image","twitter_misc":{"Escrit per":"Sant Josep","Temps estimat de lectura":"5 minuts"},"schema":{"@context":"https:\/\/schema.org","@graph":[{"@type":"WebPage","@id":"https:\/\/www.santjosep.net\/ca\/sant-josep-es-musica\/","url":"https:\/\/www.santjosep.net\/ca\/sant-josep-es-musica\/","name":"Sant Josep \u00e9s m\u00fasica - Santjosep.net","isPartOf":{"@id":"https:\/\/www.santjosep.net\/#website"},"primaryImageOfPage":{"@id":"https:\/\/www.santjosep.net\/ca\/sant-josep-es-musica\/#primaryimage"},"image":{"@id":"https:\/\/www.santjosep.net\/ca\/sant-josep-es-musica\/#primaryimage"},"thumbnailUrl":"https:\/\/www.santjosep.net\/wp-content\/uploads\/2022\/09\/santjosep_esmusica.jpg","datePublished":"2022-10-13T07:23:16+00:00","dateModified":"2022-10-20T11:42:10+00:00","author":{"@id":"https:\/\/www.santjosep.net\/#\/schema\/person\/b60e56f94e4e55776eb62bf4293f99b6"},"inLanguage":"ca","potentialAction":[{"@type":"ReadAction","target":["https:\/\/www.santjosep.net\/ca\/sant-josep-es-musica\/"]}]},{"@type":"ImageObject","inLanguage":"ca","@id":"https:\/\/www.santjosep.net\/ca\/sant-josep-es-musica\/#primaryimage","url":"https:\/\/www.santjosep.net\/wp-content\/uploads\/2022\/09\/santjosep_esmusica.jpg","contentUrl":"https:\/\/www.santjosep.net\/wp-content\/uploads\/2022\/09\/santjosep_esmusica.jpg","width":2048,"height":1536},{"@type":"WebSite","@id":"https:\/\/www.santjosep.net\/#website","url":"https:\/\/www.santjosep.net\/","name":"Santjosep.net","description":"","potentialAction":[{"@type":"SearchAction","target":{"@type":"EntryPoint","urlTemplate":"https:\/\/www.santjosep.net\/?s={search_term_string}"},"query-input":{"@type":"PropertyValueSpecification","valueRequired":true,"valueName":"search_term_string"}}],"inLanguage":"ca"},{"@type":"Person","@id":"https:\/\/www.santjosep.net\/#\/schema\/person\/b60e56f94e4e55776eb62bf4293f99b6","name":"Sant Josep","image":{"@type":"ImageObject","inLanguage":"ca","@id":"https:\/\/www.santjosep.net\/#\/schema\/person\/image\/","url":"https:\/\/secure.gravatar.com\/avatar\/2f4071817a97d2499c5aae9674ee15015b5a3c7c0974ca84f095a8e4aadcda56?s=96&d=mm&r=g","contentUrl":"https:\/\/secure.gravatar.com\/avatar\/2f4071817a97d2499c5aae9674ee15015b5a3c7c0974ca84f095a8e4aadcda56?s=96&d=mm&r=g","caption":"Sant Josep"},"url":"https:\/\/www.santjosep.net\/ca\/author\/fugrafic\/"}]}},"_links":{"self":[{"href":"https:\/\/www.santjosep.net\/ca\/wp-json\/wp\/v2\/posts\/33138","targetHints":{"allow":["GET"]}}],"collection":[{"href":"https:\/\/www.santjosep.net\/ca\/wp-json\/wp\/v2\/posts"}],"about":[{"href":"https:\/\/www.santjosep.net\/ca\/wp-json\/wp\/v2\/types\/post"}],"author":[{"embeddable":true,"href":"https:\/\/www.santjosep.net\/ca\/wp-json\/wp\/v2\/users\/1"}],"replies":[{"embeddable":true,"href":"https:\/\/www.santjosep.net\/ca\/wp-json\/wp\/v2\/comments?post=33138"}],"version-history":[{"count":0,"href":"https:\/\/www.santjosep.net\/ca\/wp-json\/wp\/v2\/posts\/33138\/revisions"}],"wp:featuredmedia":[{"embeddable":true,"href":"https:\/\/www.santjosep.net\/ca\/wp-json\/wp\/v2\/media\/33048"}],"wp:attachment":[{"href":"https:\/\/www.santjosep.net\/ca\/wp-json\/wp\/v2\/media?parent=33138"}],"wp:term":[{"taxonomy":"category","embeddable":true,"href":"https:\/\/www.santjosep.net\/ca\/wp-json\/wp\/v2\/categories?post=33138"},{"taxonomy":"post_tag","embeddable":true,"href":"https:\/\/www.santjosep.net\/ca\/wp-json\/wp\/v2\/tags?post=33138"}],"curies":[{"name":"wp","href":"https:\/\/api.w.org\/{rel}","templated":true}]}}