{"id":32225,"date":"2022-04-25T13:23:21","date_gmt":"2022-04-25T11:23:21","guid":{"rendered":"https:\/\/www.santjosep.net\/descubre-el-parque-natural-de-ses-salines-a-pie-o-en-bicicleta-ruta-sa-sal-rossa\/"},"modified":"2022-04-26T07:53:05","modified_gmt":"2022-04-26T05:53:05","slug":"descobreix-el-parc-natural-de-ses-salines-a-peu-o-en-bicicleta-ruta-sa-sal-rossa","status":"publish","type":"post","link":"https:\/\/www.santjosep.net\/ca\/descobreix-el-parc-natural-de-ses-salines-a-peu-o-en-bicicleta-ruta-sa-sal-rossa\/","title":{"rendered":"Descobreix el Parc Natural de ses Salines a peu o en bicicleta: Ruta sa Sal Rossa"},"content":{"rendered":"<div class=\"wpb-content-wrapper\"><p>[vc_row enable_hue_rotation=&#8221;no&#8221; enable_text_marquee=&#8221;no&#8221;][vc_column][vc_column_text]Natura, hist\u00f2ria i cultura surten a l\u2019encontre del caminant i del ciclista. Fa poc, a la <a href=\"https:\/\/www.santjosep.net\/ca\/sant-josep-a-fitur-2022\/\" target=\"_blank\" rel=\"noopener\">Fira Internacional de Turisme de Madrid (FITUR) <\/a>es presentaven aquestes dues noves rutes senyalitzades en qu\u00e8 el caminant i el ciclista podien rec\u00f3rrer els punts m\u00e9s interessants del parc natural.\u00a0Aquestes rutes estaran senyalitzades amb uns t\u00f2tems en qu\u00e8 trobarem uns codis QR que, en ser escanejats, ens dirigiran a unes fitxes amb tota la informaci\u00f3 del punt.<\/p>\n<p>En aquest article us presentem la primera de les rutes, que denominem \u201c<strong>Ruta sa Sal Rossa<\/strong>\u201d, ja que podrem visitar la torre de vigil\u00e0ncia que li dona nom.[\/vc_column_text][vc_column_text]<\/p>\n<h2><b>Ruta sa Sal Rossa<br \/>\n<\/b><\/h2>\n<p>[\/vc_column_text][vc_column_text]Aquesta obra d\u2019enginyeria es remunta a l\u2019\u00e8poca fen\u00edcia i, des de llavors, les seves aig\u00fces multicolor han estat un dels elements m\u00e9s recognoscibles de l\u2019economia tradicional de la Piti\u00fcsa major. Els estanys constitueixen el nucli del <strong><a href=\"https:\/\/www.santjosep.net\/ca\/veure\/natura\/el-flamenc-una-icona-viva-del-parc-natural-de-ses-salines\/\" target=\"_blank\" rel=\"noopener\">Parc Natural<\/a><\/strong> que porta el mateix nom i s\u00f3n l\u2019h\u00e0bitat natural d\u2019un elevat nombre d\u2019esp\u00e8cies animals i vegetals. Un entorn \u00fanic que ofereix al visitant multitud d\u2019atractius que b\u00e9 mereixen una visita.<\/p>\n<p>La <strong>ruta de sa Sal Rossa<\/strong> es pot iniciar des de qualsevol dels punts indicats. En aquest cas, ho farem des de <strong><a href=\"https:\/\/www.santjosep.net\/ca\/veure\/patrimoni-i-cultura\/esglesia-de-sant-francesc-de-sestany\/\" target=\"_blank\" rel=\"noopener\">l\u2019esgl\u00e9sia de Sant Francesc de s\u2019Estany<\/a><\/strong> fins a arribar a la zona de <a href=\"https:\/\/www.santjosep.net\/ca\/veure\/platges\/platja-den-bossa\/\" target=\"_blank\" rel=\"noopener\"><strong>Platja d\u2019en Bossa<\/strong><\/a><strong>,<\/strong> des d\u2019on tornarem al punt de partida.<\/p>\n<p>Aquesta bufona esgl\u00e9sia del segle XVIII, de murs blanqu\u00edssims, presenta un perfil caracter\u00edstic i presideix el diminut nucli de<strong><a href=\"https:\/\/www.santjosep.net\/ca\/veure\/pobles\/sant-francesc-de-sestany\/\" target=\"_blank\" rel=\"noopener\"> Sant Francesc<\/a><\/strong>. Annex a la construcci\u00f3, a la casa rectoral, hi ha el <strong><a href=\"https:\/\/www.santjosep.net\/ca\/veure\/patrimoni-i-cultura\/centre-dinterpretacio-de-sant-francesc\/\" target=\"_blank\" rel=\"noopener\">Centre d\u2019Interpretaci\u00f3 de ses Salines<\/a>,<\/strong> una oportunitat excel\u00b7lent de submergir-se en la hist\u00f2ria de l\u2019explotaci\u00f3 salinera, amb fotografies, projeccions i estris que serveixen per divulgar els valors naturals i culturals de l\u2019enclavament.[\/vc_column_text][vc_single_image image=&#8221;29817&#8243; img_size=&#8221;full&#8221; css=&#8221;.vc_custom_1650885749574{margin-top: 15px !important;margin-bottom: 15px !important;}&#8221;][vc_column_text]<\/p>\n<h6><em>Esgl\u00e9sia de Sant Francesc<\/em><\/h6>\n<p>[\/vc_column_text][vc_column_text]Al davant de l\u2019esgl\u00e9sia, al costat d\u2019una est\u00e0tua que homenatja la dura tasca dels saliners, obra de <strong>Pedro Hormigo,<\/strong> hi ha una plataforma d\u2019observaci\u00f3 ornitol\u00f2gica que ens permetr\u00e0 descobrir la riquesa de l\u2019avifauna dels aiguamolls. No massa lluny, a uns 300 metres seguint un cam\u00ed clar que voreja els estanys en direcci\u00f3 nord-est (<a href=\"https:\/\/www.santjosep.net\/ca\/des-carregador-a-es-codolar-una-ruta-carregada-dhistoria\/\" target=\"_blank\" rel=\"noopener\"><strong>el carrer\u00f3 de Can Blai<\/strong><\/a>), hi trobem una segona plataforma elevada destinada a la mateixa activitat.<\/p>\n<p>All\u00ed, en silenci, podrem contemplar com algunes de les m\u00e9s de 200 esp\u00e8cies d\u2019aus que habiten al parc ens passen per davant a la recerca d\u2019aliment i refugi. <strong><a href=\"https:\/\/www.santjosep.net\/ca\/veure\/natura\/el-flamenc-una-icona-viva-del-parc-natural-de-ses-salines\/\" target=\"_blank\" rel=\"noopener\">Flamencs<\/a><\/strong>, camallargs, corriols, territs, becs d\u2019alena, \u00e0necs, martinets blancs, merites, aguilons, cormorans, xarxets\u2026 el conjunt d\u2019aus que es poden divisar \u00e9s ampli i far\u00e0 les del\u00edcies d\u2019aficionats i profans en la mat\u00e8ria. La flora tamb\u00e9 \u00e9s abundant i aporta un alt nivell d\u2019endemismes, resultat de l\u2019adaptaci\u00f3 de cada esp\u00e8cie a l\u2019entorn. La canya, la savina i el pi, aquest ja al l\u00edmit de les muntanyes, s\u00f3n els m\u00e9s visibles, per\u00f2 els acompanya una important\u00edssima flora de petit i mitj\u00e0 volum que atorga a la zona un valor natural de primer ordre.<\/p>\n<p>Situats de nou al davant de l\u2019esgl\u00e9sia, travessem la carretera i prenem el cam\u00ed que s\u2019obre al costat del canal d\u2019aigua i que discorre en direcci\u00f3 a <a href=\"https:\/\/www.santjosep.net\/ca\/veure\/zones\/platja-den-bossa\/\" target=\"_blank\" rel=\"noopener\"><strong>Platja d\u2019en Bossa<\/strong><\/a>. El recorregut ens portar\u00e0 fins a indrets carregats d\u2019hist\u00f2ria com ara la <a href=\"https:\/\/www.santjosep.net\/ca\/veure\/visites\/la-cova-de-sa-sal-rossa-o-de-rafael-alberti\/\" target=\"_blank\" rel=\"noopener\">cova on l\u2019any 1936 el poeta <strong>Rafael Alberti<\/strong><\/a> i la seva esposa, sorpresos per l\u2019inici de la Guerra Civil, es van refugiar durant tres setmanes. Una placa commemorativa ho indica.[\/vc_column_text][vc_column_text css=&#8221;.vc_custom_1650885564446{margin-top: 15px !important;margin-bottom: 15px !important;}&#8221;]<style>#jtg-30487 .modula-item .jtg-social a, .lightbox-socials.jtg-social a{ fill: #ffffff; color: #ffffff }#jtg-30487 .modula-item .jtg-social-mobile a{ fill: #ffffff; color: #ffffff }#jtg-30487 .modula-item .jtg-social svg, .lightbox-socials.jtg-social svg { height: 16px; width: 16px }#jtg-30487 .modula-item .jtg-social-mobile svg { height: 16px; width: 16px }#jtg-30487 .modula-item .jtg-social a:not(:last-child), .lightbox-socials.jtg-social a:not(:last-child) { margin-right: 10px }#jtg-30487 .modula-item .jtg-social-mobile .jtg-social-mobile-icons a:not(:last-child){ margin-right: 10px }#jtg-30487 .modula-item .figc {color:#ffffff;}#jtg-30487 .modula-item .modula-item-content { transform: scale(1) }#jtg-30487 .modula-items .figc p.description { font-size:14px; }#jtg-30487 .modula-items .figc p.description { color:#ffffff;}#jtg-30487.modula-gallery .modula-item > a, #jtg-30487.modula-gallery .modula-item, #jtg-30487.modula-gallery .modula-item-content > a:not(.modula-no-follow) { cursor:zoom-in; } #jtg-30487.modula-gallery .modula-item-content .modula-no-follow { cursor: default; } @media screen and (max-width:480px){#jtg-30487 .modula-item .figc .jtg-title {  font-size: 12px; }#jtg-30487 .modula-items .figc p.description { color:#ffffff;font-size:10px; }}#jtg-30487 .modula-items .modula-item:hover img{opacity:1;}<\/style>\n<div  id=\"jtg-30487\" class=\"modula modula-gallery modula-custom-grid\" data-config=\"{&quot;height&quot;:800,&quot;tabletHeight&quot;:800,&quot;mobileHeight&quot;:800,&quot;desktopHeight&quot;:800,&quot;enableTwitter&quot;:true,&quot;enableWhatsapp&quot;:false,&quot;enableFacebook&quot;:true,&quot;enablePinterest&quot;:true,&quot;enableLinkedin&quot;:true,&quot;enableEmail&quot;:false,&quot;randomFactor&quot;:0.5,&quot;type&quot;:&quot;custom-grid&quot;,&quot;columns&quot;:12,&quot;gutter&quot;:0,&quot;mobileGutter&quot;:0,&quot;tabletGutter&quot;:0,&quot;desktopGutter&quot;:0,&quot;enableResponsive&quot;:&quot;1&quot;,&quot;tabletColumns&quot;:&quot;2&quot;,&quot;mobileColumns&quot;:&quot;1&quot;,&quot;lazyLoad&quot;:&quot;0&quot;,&quot;lightboxOpts&quot;:{&quot;animated&quot;:true,&quot;Thumbs&quot;:{&quot;type&quot;:&quot;modern&quot;,&quot;showOnStart&quot;:false},&quot;Toolbar&quot;:{&quot;display&quot;:{&quot;right&quot;:[&quot;close&quot;]},&quot;enabled&quot;:true},&quot;Carousel&quot;:{&quot;Panzoom&quot;:{&quot;touch&quot;:false},&quot;infinite&quot;:false},&quot;keyboard&quot;:{&quot;Escape&quot;:&quot;close&quot;,&quot;Delete&quot;:&quot;close&quot;,&quot;Backspace&quot;:&quot;close&quot;,&quot;PageUp&quot;:false,&quot;PageDown&quot;:false,&quot;ArrowUp&quot;:false,&quot;ArrowDown&quot;:false,&quot;ArrowRight&quot;:false,&quot;ArrowLeft&quot;:false},&quot;touch&quot;:false,&quot;backdropClick&quot;:false,&quot;l10n&quot;:{&quot;CLOSE&quot;:&quot;Close&quot;,&quot;NEXT&quot;:&quot;Next&quot;,&quot;PREV&quot;:&quot;Previous&quot;,&quot;Error&quot;:&quot;The requested content cannot be loaded. Please try again later.&quot;,&quot;PLAY_START&quot;:&quot;Start slideshow&quot;,&quot;PLAY_STOP&quot;:&quot;Pause slideshow&quot;,&quot;FULL_SCREEN&quot;:&quot;Full screen&quot;,&quot;THUMBS&quot;:&quot;Thumbnails&quot;,&quot;DOWNLOAD&quot;:&quot;Download&quot;,&quot;SHARE&quot;:&quot;Share&quot;,&quot;ZOOM&quot;:&quot;Zoom&quot;,&quot;EMAIL&quot;:&quot;Here is the link to the image : %%image_link%% and this is the link to the gallery : %%gallery_link%%&quot;,&quot;MODAL&quot;:&quot;You can close this modal content with the ESC key&quot;,&quot;ERROR&quot;:&quot;Something Went Wrong, Please Try Again Later&quot;,&quot;IMAGE_ERROR&quot;:&quot;Image Not Found&quot;,&quot;ELEMENT_NOT_FOUND&quot;:&quot;HTML Element Not Found&quot;,&quot;AJAX_NOT_FOUND&quot;:&quot;Error Loading AJAX : Not Found&quot;,&quot;AJAX_FORBIDDEN&quot;:&quot;Error Loading AJAX : Forbidden&quot;,&quot;IFRAME_ERROR&quot;:&quot;Error Loading Page&quot;,&quot;TOGGLE_ZOOM&quot;:&quot;Toggle zoom level&quot;,&quot;TOGGLE_THUMBS&quot;:&quot;Toggle thumbnails&quot;,&quot;TOGGLE_SLIDESHOW&quot;:&quot;Toggle slideshow&quot;,&quot;TOGGLE_FULLSCREEN&quot;:&quot;Toggle full-screen mode&quot;},&quot;Images&quot;:{&quot;Panzoom&quot;:{&quot;maxScale&quot;:2}},&quot;mainClass&quot;:&quot;modula-fancybox-container modula-lightbox-jtg-30487&quot;,&quot;Html&quot;:{&quot;videoAutoplay&quot;:0,&quot;videoTpl&quot;:&quot;&lt;video class=\\&quot;fancybox__html5video\\&quot; controls muted playsinline controlsList controlsList=\\&quot;nodownload\\&quot; poster=\\&quot;{{poster}}\\&quot; src=\\&quot;{{src}}\\&quot; type=\\&quot;{{format}}\\&quot; &gt;  Sorry, your browser doesn&#039;t support embedded videos, &lt;a href=\\&quot;{{src}}\\&quot;&gt; download &lt;\\\/a&gt; and watch with your favorite video player! &lt;\\\/video&gt;&quot;}},&quot;inView&quot;:false,&quot;email_subject&quot;:&quot;Check out this awesome image !!&quot;,&quot;email_message&quot;:&quot;Here is the link to the image : %%image_link%% and this is the link to the gallery : %%gallery_link%%&quot;,&quot;lightbox&quot;:&quot;fancybox&quot;}\">\n\n\t\n\t<div  class=\"modula-items\">\n\t\t<div class=\"modula-item\" data-width=\"7\" data-height=\"6\" >\n\t<div class=\"modula-item-content\">\n\t\t\n\t\t\t\t\t<a data-image-id=\"30498\" tabindex=\"0\" rel=\"jtg-30487\" data-caption=\"\" aria-label=\"Open image in lightbox\" role=\"button\" class=\"tile-inner modula-item-link\"><\/a>\n\t\t\n\t\t<img loading=\"lazy\" decoding=\"async\" class=\"pic wp-image-30498\"  data-valign=\"middle\" data-halign=\"center\" alt=\"\" data-full=\"https:\/\/www.santjosep.net\/wp-content\/uploads\/2022\/01\/web1600-00128.jpg\" title=\"web1600-00128\" width=\"1600\" height=\"1067\" src=\"https:\/\/www.santjosep.net\/wp-content\/uploads\/2022\/01\/web1600-00128.jpg\" data-src=\"https:\/\/www.santjosep.net\/wp-content\/uploads\/2022\/01\/web1600-00128.jpg\" data-caption=\"\" srcset=\"https:\/\/www.santjosep.net\/wp-content\/uploads\/2022\/01\/web1600-00128.jpg 1600w, https:\/\/www.santjosep.net\/wp-content\/uploads\/2022\/01\/web1600-00128-300x200.jpg 300w, https:\/\/www.santjosep.net\/wp-content\/uploads\/2022\/01\/web1600-00128-1024x683.jpg 1024w, https:\/\/www.santjosep.net\/wp-content\/uploads\/2022\/01\/web1600-00128-768x512.jpg 768w, https:\/\/www.santjosep.net\/wp-content\/uploads\/2022\/01\/web1600-00128-1536x1024.jpg 1536w\" sizes=\"auto, (max-width: 1600px) 100vw, 1600px\" \/>\n\t<\/div>\n\n<\/div><div class=\"modula-item\" data-width=\"5\" data-height=\"6\" >\n\t<div class=\"modula-item-content\">\n\t\t\n\t\t\t\t\t<a data-image-id=\"30488\" tabindex=\"0\" rel=\"jtg-30487\" data-caption=\"\" aria-label=\"Open image in lightbox\" role=\"button\" class=\"tile-inner modula-item-link\"><\/a>\n\t\t\n\t\t<img loading=\"lazy\" decoding=\"async\" class=\"pic wp-image-30488\"  data-valign=\"middle\" data-halign=\"center\" alt=\"\" data-full=\"https:\/\/www.santjosep.net\/wp-content\/uploads\/2022\/01\/web1600-00424.jpg\" title=\"web1600-00424\" width=\"1067\" height=\"1600\" src=\"https:\/\/www.santjosep.net\/wp-content\/uploads\/2022\/01\/web1600-00424.jpg\" data-src=\"https:\/\/www.santjosep.net\/wp-content\/uploads\/2022\/01\/web1600-00424.jpg\" data-caption=\"\" srcset=\"https:\/\/www.santjosep.net\/wp-content\/uploads\/2022\/01\/web1600-00424.jpg 1067w, https:\/\/www.santjosep.net\/wp-content\/uploads\/2022\/01\/web1600-00424-200x300.jpg 200w, https:\/\/www.santjosep.net\/wp-content\/uploads\/2022\/01\/web1600-00424-683x1024.jpg 683w, https:\/\/www.santjosep.net\/wp-content\/uploads\/2022\/01\/web1600-00424-768x1152.jpg 768w, https:\/\/www.santjosep.net\/wp-content\/uploads\/2022\/01\/web1600-00424-1024x1536.jpg 1024w\" sizes=\"auto, (max-width: 1067px) 100vw, 1067px\" \/>\n\t<\/div>\n\n<\/div>\t\t\n\t<\/div>\n\n\t\n\t\n\t<script type=\"application\/ld+json\">\n\t{\n\t\t\"@context\": \"http:\/\/schema.org\",\n\t\t\"@type\"   : \"ImageGallery\",\n\t\t\"id\"      : \"https:\/\/www.santjosep.net\/ca\/descobreix-el-parc-natural-de-ses-salines-a-peu-o-en-bicicleta-ruta-sa-sal-rossa\/\",\n\t\t\"url\"     : \"https:\/\/www.santjosep.net\/ca\/descobreix-el-parc-natural-de-ses-salines-a-peu-o-en-bicicleta-ruta-sa-sal-rossa\/\"\n\t}\n\n\t<\/script>\n\n\t\n<\/div>\n[\/vc_column_text][vc_column_text]<\/p>\n<h6><em>Torre de sa Sal Rossa i vista a Platja d&#8217;en Bossa<\/em><\/h6>\n<p>[\/vc_column_text][vc_column_text]No massa lluny hi ha la torre de guaita de la Sal Rossa, exemple de fortificaci\u00f3 costera del S. XVIII encarregada de vetllar per la seguretat de les costes piti\u00fcses, sovint sotmeses a les <i>razzias<\/i> de pirates i barbarescs. La torre s\u2019al\u00e7a sobre un promontori que separa el llarg arenal de la <a href=\"https:\/\/www.santjosep.net\/ca\/veure\/zones\/platja-den-bossa\/\" target=\"_blank\" rel=\"noopener\"><strong>Platja d\u2019en Bossa<\/strong><\/a> d\u2019un tombant coster conegut com<strong><a href=\"https:\/\/www.santjosep.net\/ca\/veure\/visites\/la-xanga\/\" target=\"_blank\" rel=\"noopener\"> la Xanga<\/a>.<\/strong><\/p>\n<p>Aquesta caleta va ser un enclavament econ\u00f2mic de primer ordre ja a l\u2019\u00e8poca fen\u00edcia. Durant el <strong>domini de Roma<\/strong>, de les seves aig\u00fces se\u2019n va extreure el corn (<i>murex<\/i>), amb les closques triturades del qual s\u2019elaborava la cobejada porpra. I al segle xvi, sobre les roques de la caleta, es va construir un gran moll comercial que va ser el primer a dedicar-se al tr\u00e0fic de la sal, que ja s\u2019havia iniciat a l\u2019etapa p\u00fanico-fen\u00edcia. A aix\u00f2 s\u2019hi va sumar la instal\u00b7laci\u00f3 d\u2019una almadrava, les captures de la qual es processaven i es conservaven en sala\u00f3 sobre les instal\u00b7lacions que es van aixecar en aquella mateixa superf\u00edcie. De tot aix\u00f2, encara en queden vestigis identificables. De fet, s\u2019han recuperat prop de 250 m\u00b2 d\u2019aquella <a href=\"https:\/\/www.santjosep.net\/ca\/veure\/patrimoni-i-cultura\/placa-salinera-de-la-xanga\/\" target=\"_blank\" rel=\"noopener\"><strong>antiga pla\u00e7a salinera<\/strong><\/a>, al costat d\u2019un tram d\u2019acc\u00e9s empedrat, i avui el caminant es pot fer una idea de la fren\u00e8tica tasca industrial que es duia a terme a la zona. Encara es conserven els <strong><a href=\"https:\/\/www.santjosep.net\/ca\/veure\/patrimoni-i-cultura\/aljubs-de-la-xanga\/\" target=\"_blank\" rel=\"noopener\">aljubs originaris<\/a> <\/strong>on s\u2019emmagatzemava l\u2019aigua dol\u00e7a, que ens transportaran a altres temps en qu\u00e8 els recursos naturals eren la base del comer\u00e7.<br \/>\n[\/vc_column_text][vc_single_image image=&#8221;30429&#8243; img_size=&#8221;full&#8221; css=&#8221;.vc_custom_1650885621936{margin-top: 15px !important;margin-bottom: 15px !important;}&#8221;][vc_column_text css=&#8221;.vc_custom_1650952339692{margin-top: 15px !important;padding-top: 15px !important;}&#8221;]Pots veure el mapa complet de la ruta<a href=\"https:\/\/www.santjosep.net\/ca\/rutes-ses-salines\/ruta-de-sa-sal-rossa\/\"> <strong>aqu\u00ed<\/strong><\/a>.[\/vc_column_text][\/vc_column][\/vc_row]<\/p>\n<\/div>","protected":false},"excerpt":{"rendered":"<p>La naturalesa, la hist\u00f2ria i la cultura surten a la trobada del caminant i del ciclista.<\/p>\n","protected":false},"author":1,"featured_media":32221,"comment_status":"open","ping_status":"open","sticky":false,"template":"","format":"standard","meta":{"_acf_changed":false,"inline_featured_image":false,"footnotes":""},"categories":[205],"tags":[],"class_list":["post-32225","post","type-post","status-publish","format-standard","has-post-thumbnail","hentry","category-passejades-ca"],"acf":[],"geo":null,"yoast_head":"<!-- This site is optimized with the Yoast SEO plugin v25.7 - https:\/\/yoast.com\/wordpress\/plugins\/seo\/ -->\n<title>Descobreix el Parc Natural de ses Salines a peu o en bicicleta: Ruta sa Sal Rossa - Santjosep.net<\/title>\n<meta name=\"robots\" content=\"index, follow, max-snippet:-1, max-image-preview:large, max-video-preview:-1\" \/>\n<link rel=\"canonical\" href=\"https:\/\/www.santjosep.net\/ca\/descobreix-el-parc-natural-de-ses-salines-a-peu-o-en-bicicleta-ruta-sa-sal-rossa\/\" \/>\n<meta property=\"og:locale\" content=\"ca_ES\" \/>\n<meta property=\"og:type\" content=\"article\" \/>\n<meta property=\"og:title\" content=\"Descobreix el Parc Natural de ses Salines a peu o en bicicleta: Ruta sa Sal Rossa - Santjosep.net\" \/>\n<meta property=\"og:description\" content=\"La naturalesa, la hist\u00f2ria i la cultura surten a la trobada del caminant i del ciclista.\" \/>\n<meta property=\"og:url\" content=\"https:\/\/www.santjosep.net\/ca\/descobreix-el-parc-natural-de-ses-salines-a-peu-o-en-bicicleta-ruta-sa-sal-rossa\/\" \/>\n<meta property=\"og:site_name\" content=\"Santjosep.net\" \/>\n<meta property=\"article:published_time\" content=\"2022-04-25T11:23:21+00:00\" \/>\n<meta property=\"article:modified_time\" content=\"2022-04-26T05:53:05+00:00\" \/>\n<meta property=\"og:image\" content=\"https:\/\/www.santjosep.net\/wp-content\/uploads\/2022\/04\/rutas_santjosep_salrossa.png\" \/>\n\t<meta property=\"og:image:width\" content=\"800\" \/>\n\t<meta property=\"og:image:height\" content=\"600\" \/>\n\t<meta property=\"og:image:type\" content=\"image\/png\" \/>\n<meta name=\"author\" content=\"Sant Josep\" \/>\n<meta name=\"twitter:card\" content=\"summary_large_image\" \/>\n<meta name=\"twitter:label1\" content=\"Escrit per\" \/>\n\t<meta name=\"twitter:data1\" content=\"Sant Josep\" \/>\n\t<meta name=\"twitter:label2\" content=\"Temps estimat de lectura\" \/>\n\t<meta name=\"twitter:data2\" content=\"4 minuts\" \/>\n<script type=\"application\/ld+json\" class=\"yoast-schema-graph\">{\"@context\":\"https:\/\/schema.org\",\"@graph\":[{\"@type\":\"WebPage\",\"@id\":\"https:\/\/www.santjosep.net\/ca\/descobreix-el-parc-natural-de-ses-salines-a-peu-o-en-bicicleta-ruta-sa-sal-rossa\/\",\"url\":\"https:\/\/www.santjosep.net\/ca\/descobreix-el-parc-natural-de-ses-salines-a-peu-o-en-bicicleta-ruta-sa-sal-rossa\/\",\"name\":\"Descobreix el Parc Natural de ses Salines a peu o en bicicleta: Ruta sa Sal Rossa - Santjosep.net\",\"isPartOf\":{\"@id\":\"https:\/\/www.santjosep.net\/#website\"},\"primaryImageOfPage\":{\"@id\":\"https:\/\/www.santjosep.net\/ca\/descobreix-el-parc-natural-de-ses-salines-a-peu-o-en-bicicleta-ruta-sa-sal-rossa\/#primaryimage\"},\"image\":{\"@id\":\"https:\/\/www.santjosep.net\/ca\/descobreix-el-parc-natural-de-ses-salines-a-peu-o-en-bicicleta-ruta-sa-sal-rossa\/#primaryimage\"},\"thumbnailUrl\":\"https:\/\/www.santjosep.net\/wp-content\/uploads\/2022\/04\/rutas_santjosep_salrossa.png\",\"datePublished\":\"2022-04-25T11:23:21+00:00\",\"dateModified\":\"2022-04-26T05:53:05+00:00\",\"author\":{\"@id\":\"https:\/\/www.santjosep.net\/#\/schema\/person\/b60e56f94e4e55776eb62bf4293f99b6\"},\"inLanguage\":\"ca\",\"potentialAction\":[{\"@type\":\"ReadAction\",\"target\":[\"https:\/\/www.santjosep.net\/ca\/descobreix-el-parc-natural-de-ses-salines-a-peu-o-en-bicicleta-ruta-sa-sal-rossa\/\"]}]},{\"@type\":\"ImageObject\",\"inLanguage\":\"ca\",\"@id\":\"https:\/\/www.santjosep.net\/ca\/descobreix-el-parc-natural-de-ses-salines-a-peu-o-en-bicicleta-ruta-sa-sal-rossa\/#primaryimage\",\"url\":\"https:\/\/www.santjosep.net\/wp-content\/uploads\/2022\/04\/rutas_santjosep_salrossa.png\",\"contentUrl\":\"https:\/\/www.santjosep.net\/wp-content\/uploads\/2022\/04\/rutas_santjosep_salrossa.png\",\"width\":800,\"height\":600},{\"@type\":\"WebSite\",\"@id\":\"https:\/\/www.santjosep.net\/#website\",\"url\":\"https:\/\/www.santjosep.net\/\",\"name\":\"Santjosep.net\",\"description\":\"\",\"potentialAction\":[{\"@type\":\"SearchAction\",\"target\":{\"@type\":\"EntryPoint\",\"urlTemplate\":\"https:\/\/www.santjosep.net\/?s={search_term_string}\"},\"query-input\":{\"@type\":\"PropertyValueSpecification\",\"valueRequired\":true,\"valueName\":\"search_term_string\"}}],\"inLanguage\":\"ca\"},{\"@type\":\"Person\",\"@id\":\"https:\/\/www.santjosep.net\/#\/schema\/person\/b60e56f94e4e55776eb62bf4293f99b6\",\"name\":\"Sant Josep\",\"image\":{\"@type\":\"ImageObject\",\"inLanguage\":\"ca\",\"@id\":\"https:\/\/www.santjosep.net\/#\/schema\/person\/image\/\",\"url\":\"https:\/\/secure.gravatar.com\/avatar\/2f4071817a97d2499c5aae9674ee15015b5a3c7c0974ca84f095a8e4aadcda56?s=96&d=mm&r=g\",\"contentUrl\":\"https:\/\/secure.gravatar.com\/avatar\/2f4071817a97d2499c5aae9674ee15015b5a3c7c0974ca84f095a8e4aadcda56?s=96&d=mm&r=g\",\"caption\":\"Sant Josep\"},\"url\":\"https:\/\/www.santjosep.net\/ca\/author\/fugrafic\/\"}]}<\/script>\n<!-- \/ Yoast SEO plugin. -->","yoast_head_json":{"title":"Descobreix el Parc Natural de ses Salines a peu o en bicicleta: Ruta sa Sal Rossa - Santjosep.net","robots":{"index":"index","follow":"follow","max-snippet":"max-snippet:-1","max-image-preview":"max-image-preview:large","max-video-preview":"max-video-preview:-1"},"canonical":"https:\/\/www.santjosep.net\/ca\/descobreix-el-parc-natural-de-ses-salines-a-peu-o-en-bicicleta-ruta-sa-sal-rossa\/","og_locale":"ca_ES","og_type":"article","og_title":"Descobreix el Parc Natural de ses Salines a peu o en bicicleta: Ruta sa Sal Rossa - Santjosep.net","og_description":"La naturalesa, la hist\u00f2ria i la cultura surten a la trobada del caminant i del ciclista.","og_url":"https:\/\/www.santjosep.net\/ca\/descobreix-el-parc-natural-de-ses-salines-a-peu-o-en-bicicleta-ruta-sa-sal-rossa\/","og_site_name":"Santjosep.net","article_published_time":"2022-04-25T11:23:21+00:00","article_modified_time":"2022-04-26T05:53:05+00:00","og_image":[{"width":800,"height":600,"url":"https:\/\/www.santjosep.net\/wp-content\/uploads\/2022\/04\/rutas_santjosep_salrossa.png","type":"image\/png"}],"author":"Sant Josep","twitter_card":"summary_large_image","twitter_misc":{"Escrit per":"Sant Josep","Temps estimat de lectura":"4 minuts"},"schema":{"@context":"https:\/\/schema.org","@graph":[{"@type":"WebPage","@id":"https:\/\/www.santjosep.net\/ca\/descobreix-el-parc-natural-de-ses-salines-a-peu-o-en-bicicleta-ruta-sa-sal-rossa\/","url":"https:\/\/www.santjosep.net\/ca\/descobreix-el-parc-natural-de-ses-salines-a-peu-o-en-bicicleta-ruta-sa-sal-rossa\/","name":"Descobreix el Parc Natural de ses Salines a peu o en bicicleta: Ruta sa Sal Rossa - Santjosep.net","isPartOf":{"@id":"https:\/\/www.santjosep.net\/#website"},"primaryImageOfPage":{"@id":"https:\/\/www.santjosep.net\/ca\/descobreix-el-parc-natural-de-ses-salines-a-peu-o-en-bicicleta-ruta-sa-sal-rossa\/#primaryimage"},"image":{"@id":"https:\/\/www.santjosep.net\/ca\/descobreix-el-parc-natural-de-ses-salines-a-peu-o-en-bicicleta-ruta-sa-sal-rossa\/#primaryimage"},"thumbnailUrl":"https:\/\/www.santjosep.net\/wp-content\/uploads\/2022\/04\/rutas_santjosep_salrossa.png","datePublished":"2022-04-25T11:23:21+00:00","dateModified":"2022-04-26T05:53:05+00:00","author":{"@id":"https:\/\/www.santjosep.net\/#\/schema\/person\/b60e56f94e4e55776eb62bf4293f99b6"},"inLanguage":"ca","potentialAction":[{"@type":"ReadAction","target":["https:\/\/www.santjosep.net\/ca\/descobreix-el-parc-natural-de-ses-salines-a-peu-o-en-bicicleta-ruta-sa-sal-rossa\/"]}]},{"@type":"ImageObject","inLanguage":"ca","@id":"https:\/\/www.santjosep.net\/ca\/descobreix-el-parc-natural-de-ses-salines-a-peu-o-en-bicicleta-ruta-sa-sal-rossa\/#primaryimage","url":"https:\/\/www.santjosep.net\/wp-content\/uploads\/2022\/04\/rutas_santjosep_salrossa.png","contentUrl":"https:\/\/www.santjosep.net\/wp-content\/uploads\/2022\/04\/rutas_santjosep_salrossa.png","width":800,"height":600},{"@type":"WebSite","@id":"https:\/\/www.santjosep.net\/#website","url":"https:\/\/www.santjosep.net\/","name":"Santjosep.net","description":"","potentialAction":[{"@type":"SearchAction","target":{"@type":"EntryPoint","urlTemplate":"https:\/\/www.santjosep.net\/?s={search_term_string}"},"query-input":{"@type":"PropertyValueSpecification","valueRequired":true,"valueName":"search_term_string"}}],"inLanguage":"ca"},{"@type":"Person","@id":"https:\/\/www.santjosep.net\/#\/schema\/person\/b60e56f94e4e55776eb62bf4293f99b6","name":"Sant Josep","image":{"@type":"ImageObject","inLanguage":"ca","@id":"https:\/\/www.santjosep.net\/#\/schema\/person\/image\/","url":"https:\/\/secure.gravatar.com\/avatar\/2f4071817a97d2499c5aae9674ee15015b5a3c7c0974ca84f095a8e4aadcda56?s=96&d=mm&r=g","contentUrl":"https:\/\/secure.gravatar.com\/avatar\/2f4071817a97d2499c5aae9674ee15015b5a3c7c0974ca84f095a8e4aadcda56?s=96&d=mm&r=g","caption":"Sant Josep"},"url":"https:\/\/www.santjosep.net\/ca\/author\/fugrafic\/"}]}},"_links":{"self":[{"href":"https:\/\/www.santjosep.net\/ca\/wp-json\/wp\/v2\/posts\/32225","targetHints":{"allow":["GET"]}}],"collection":[{"href":"https:\/\/www.santjosep.net\/ca\/wp-json\/wp\/v2\/posts"}],"about":[{"href":"https:\/\/www.santjosep.net\/ca\/wp-json\/wp\/v2\/types\/post"}],"author":[{"embeddable":true,"href":"https:\/\/www.santjosep.net\/ca\/wp-json\/wp\/v2\/users\/1"}],"replies":[{"embeddable":true,"href":"https:\/\/www.santjosep.net\/ca\/wp-json\/wp\/v2\/comments?post=32225"}],"version-history":[{"count":0,"href":"https:\/\/www.santjosep.net\/ca\/wp-json\/wp\/v2\/posts\/32225\/revisions"}],"wp:featuredmedia":[{"embeddable":true,"href":"https:\/\/www.santjosep.net\/ca\/wp-json\/wp\/v2\/media\/32221"}],"wp:attachment":[{"href":"https:\/\/www.santjosep.net\/ca\/wp-json\/wp\/v2\/media?parent=32225"}],"wp:term":[{"taxonomy":"category","embeddable":true,"href":"https:\/\/www.santjosep.net\/ca\/wp-json\/wp\/v2\/categories?post=32225"},{"taxonomy":"post_tag","embeddable":true,"href":"https:\/\/www.santjosep.net\/ca\/wp-json\/wp\/v2\/tags?post=32225"}],"curies":[{"name":"wp","href":"https:\/\/api.w.org\/{rel}","templated":true}]}}