{"id":32104,"date":"2022-03-21T10:27:08","date_gmt":"2022-03-21T09:27:08","guid":{"rendered":"https:\/\/www.santjosep.net\/descubre-el-parque-natural-de-ses-salines-a-pie-o-en-bicicleta-ruta-ses-portes\/"},"modified":"2022-04-26T13:10:06","modified_gmt":"2022-04-26T11:10:06","slug":"descobreix-el-parc-natural-de-ses-salines-a-peu-o-en-bicicleta-ruta-ses-portes","status":"publish","type":"post","link":"https:\/\/www.santjosep.net\/ca\/descobreix-el-parc-natural-de-ses-salines-a-peu-o-en-bicicleta-ruta-ses-portes\/","title":{"rendered":"Descobreix el Parc Natural de ses Salines a peu o en bicicleta: ruta ses Portes"},"content":{"rendered":"<div class=\"wpb-content-wrapper\"><p>[vc_row enable_hue_rotation=&#8221;no&#8221; enable_text_marquee=&#8221;no&#8221;][vc_column][vc_column_text]Natura, hist\u00f2ria i cultura surten a l\u2019encontre del caminant i del ciclista. Fa poc, a la <a href=\"https:\/\/www.santjosep.net\/ca\/sant-josep-a-fitur-2022\/\" target=\"_blank\" rel=\"noopener\">Fira Internacional de Turisme de Madrid (FITUR) <\/a>es presentaven aquestes dues noves rutes senyalitzades en qu\u00e8 el caminant i el ciclista podien rec\u00f3rrer els punts m\u00e9s interessants del parc natural.\u00a0Aquestes rutes estaran senyalitzades amb uns t\u00f2tems en qu\u00e8 trobarem uns codis QR que, en ser escanejats, ens dirigiran a unes fitxes amb tota la informaci\u00f3 del punt.<\/p>\n<p>En aquest article us presentem la primera de les rutes, que denominem \u201c<strong>Ruta ses Portes<\/strong>\u201d, ja que podrem visitar la torre de vigil\u00e0ncia que li dona nom.[\/vc_column_text][vc_column_text]<\/p>\n<h2><b>Ruta ses Portes<\/b><\/h2>\n<p>[\/vc_column_text][vc_column_text]Aquesta ruta ens permet vorejar tot el per\u00edmetre de la fa\u00e7ana mar\u00edtima de les salines d\u2019Eivissa, tot recorrent els seus dos grans arenals.<\/p>\n<p>La cosmopolita i famos\u00edssima\u00a0<a href=\"https:\/\/www.santjosep.net\/ca\/veure\/platges\/ses-salines\/\"><strong>platja de ses Salines<\/strong><\/a> i la<strong> <a href=\"https:\/\/www.santjosep.net\/ca\/veure\/platges\/es-cavallet\/\">platja des Cavallet<\/a>.<\/strong> La ruta es pot comen\u00e7ar des de qualsevol dels dos extrems i ofereix recorreguts alternatius que discorren per zones boscoses i pels marges dels estanys saliners orientats a Llevant. El recorregut no exigeix un gran esfor\u00e7, nom\u00e9s cal tenir la precauci\u00f3 de portar aigua i una gorra o un barret que ens protegeixi del sol, especialment a l\u2019estiu.[\/vc_column_text][vc_single_image image=&#8221;31168&#8243; img_size=&#8221;full&#8221; css=&#8221;.vc_custom_1649147117203{margin-top: 15px !important;margin-bottom: 15px !important;}&#8221;][vc_column_text]En el nostre cas, iniciarem la ruta per la zona de<strong><a href=\"https:\/\/www.santjosep.net\/ca\/veure\/visites\/sa-canal\/\" target=\"_blank\" rel=\"noopener\"><em> Sa Canal<\/em>,<\/a><\/strong> el poblet de petites cases i magatzems que es va aixecar durant la fase industrial de l\u2019explotaci\u00f3 salinera, a cavall dels segles xix i xx. Aquest indret t\u00e9 l\u2019encant especial de la vella arquitectura cl\u00e0ssica, amb teulades de dos aiguavessos, fa\u00e7anes emblanquinades i porxos amb balustrades que presenten portes i finestres pintades de color verd maragda. Al davant del poble, endinsant-se al mar, hi ha el<a href=\"https:\/\/www.santjosep.net\/ca\/veure\/patrimoni-i-cultura\/moll-de-sa-canal\/\" target=\"_blank\" rel=\"noopener\"> moll saliner<\/a>, que incorpora tota la maquin\u00e0ria necess\u00e0ria per fer l\u2019embarcament de la sal als bucs que hi amarren.[\/vc_column_text][vc_column_text css=&#8221;.vc_custom_1649147149589{margin-top: 15px !important;margin-bottom: 15px !important;}&#8221;]<style>#jtg-30570 .modula-item .jtg-social a, .lightbox-socials.jtg-social a{ fill: #ffffff; color: #ffffff }#jtg-30570 .modula-item .jtg-social-mobile a{ fill: #ffffff; color: #ffffff }#jtg-30570 .modula-item .jtg-social svg, .lightbox-socials.jtg-social svg { height: 16px; width: 16px }#jtg-30570 .modula-item .jtg-social-mobile svg { height: 16px; width: 16px }#jtg-30570 .modula-item .jtg-social a:not(:last-child), .lightbox-socials.jtg-social a:not(:last-child) { margin-right: 10px }#jtg-30570 .modula-item .jtg-social-mobile .jtg-social-mobile-icons a:not(:last-child){ margin-right: 10px }#jtg-30570 .modula-item .figc {color:#ffffff;}#jtg-30570 .modula-item .modula-item-content { transform: scale(1) }#jtg-30570 .modula-items .figc p.description { font-size:14px; }#jtg-30570 .modula-items .figc p.description { color:#ffffff;}#jtg-30570.modula-gallery .modula-item > a, #jtg-30570.modula-gallery .modula-item, #jtg-30570.modula-gallery .modula-item-content > a:not(.modula-no-follow) { cursor:zoom-in; } #jtg-30570.modula-gallery .modula-item-content .modula-no-follow { cursor: default; } @media screen and (max-width:480px){#jtg-30570 .modula-item .figc .jtg-title {  font-size: 12px; }#jtg-30570 .modula-items .figc p.description { color:#ffffff;font-size:10px; }}#jtg-30570 .modula-items .modula-item:hover img{opacity:1;}<\/style>\n<div  id=\"jtg-30570\" class=\"modula modula-gallery modula-custom-grid\" data-config=\"{&quot;height&quot;:800,&quot;tabletHeight&quot;:800,&quot;mobileHeight&quot;:800,&quot;desktopHeight&quot;:800,&quot;enableTwitter&quot;:true,&quot;enableWhatsapp&quot;:false,&quot;enableFacebook&quot;:true,&quot;enablePinterest&quot;:true,&quot;enableLinkedin&quot;:true,&quot;enableEmail&quot;:false,&quot;randomFactor&quot;:0.5,&quot;type&quot;:&quot;custom-grid&quot;,&quot;columns&quot;:12,&quot;gutter&quot;:0,&quot;mobileGutter&quot;:0,&quot;tabletGutter&quot;:0,&quot;desktopGutter&quot;:0,&quot;enableResponsive&quot;:&quot;1&quot;,&quot;tabletColumns&quot;:&quot;2&quot;,&quot;mobileColumns&quot;:&quot;1&quot;,&quot;lazyLoad&quot;:&quot;0&quot;,&quot;lightboxOpts&quot;:{&quot;animated&quot;:true,&quot;Thumbs&quot;:{&quot;type&quot;:&quot;modern&quot;,&quot;showOnStart&quot;:false},&quot;Toolbar&quot;:{&quot;display&quot;:{&quot;right&quot;:[&quot;close&quot;]},&quot;enabled&quot;:true},&quot;Carousel&quot;:{&quot;Panzoom&quot;:{&quot;touch&quot;:false},&quot;infinite&quot;:false},&quot;keyboard&quot;:{&quot;Escape&quot;:&quot;close&quot;,&quot;Delete&quot;:&quot;close&quot;,&quot;Backspace&quot;:&quot;close&quot;,&quot;PageUp&quot;:false,&quot;PageDown&quot;:false,&quot;ArrowUp&quot;:false,&quot;ArrowDown&quot;:false,&quot;ArrowRight&quot;:false,&quot;ArrowLeft&quot;:false},&quot;touch&quot;:false,&quot;backdropClick&quot;:false,&quot;l10n&quot;:{&quot;CLOSE&quot;:&quot;Close&quot;,&quot;NEXT&quot;:&quot;Next&quot;,&quot;PREV&quot;:&quot;Previous&quot;,&quot;Error&quot;:&quot;The requested content cannot be loaded. Please try again later.&quot;,&quot;PLAY_START&quot;:&quot;Start slideshow&quot;,&quot;PLAY_STOP&quot;:&quot;Pause slideshow&quot;,&quot;FULL_SCREEN&quot;:&quot;Full screen&quot;,&quot;THUMBS&quot;:&quot;Thumbnails&quot;,&quot;DOWNLOAD&quot;:&quot;Download&quot;,&quot;SHARE&quot;:&quot;Share&quot;,&quot;ZOOM&quot;:&quot;Zoom&quot;,&quot;EMAIL&quot;:&quot;Here is the link to the image : %%image_link%% and this is the link to the gallery : %%gallery_link%%&quot;,&quot;MODAL&quot;:&quot;You can close this modal content with the ESC key&quot;,&quot;ERROR&quot;:&quot;Something Went Wrong, Please Try Again Later&quot;,&quot;IMAGE_ERROR&quot;:&quot;Image Not Found&quot;,&quot;ELEMENT_NOT_FOUND&quot;:&quot;HTML Element Not Found&quot;,&quot;AJAX_NOT_FOUND&quot;:&quot;Error Loading AJAX : Not Found&quot;,&quot;AJAX_FORBIDDEN&quot;:&quot;Error Loading AJAX : Forbidden&quot;,&quot;IFRAME_ERROR&quot;:&quot;Error Loading Page&quot;,&quot;TOGGLE_ZOOM&quot;:&quot;Toggle zoom level&quot;,&quot;TOGGLE_THUMBS&quot;:&quot;Toggle thumbnails&quot;,&quot;TOGGLE_SLIDESHOW&quot;:&quot;Toggle slideshow&quot;,&quot;TOGGLE_FULLSCREEN&quot;:&quot;Toggle full-screen mode&quot;},&quot;Images&quot;:{&quot;Panzoom&quot;:{&quot;maxScale&quot;:2}},&quot;mainClass&quot;:&quot;modula-fancybox-container modula-lightbox-jtg-30570&quot;,&quot;Html&quot;:{&quot;videoAutoplay&quot;:0,&quot;videoTpl&quot;:&quot;&lt;video class=\\&quot;fancybox__html5video\\&quot; controls muted playsinline controlsList controlsList=\\&quot;nodownload\\&quot; poster=\\&quot;{{poster}}\\&quot; src=\\&quot;{{src}}\\&quot; type=\\&quot;{{format}}\\&quot; &gt;  Sorry, your browser doesn&#039;t support embedded videos, &lt;a href=\\&quot;{{src}}\\&quot;&gt; download &lt;\\\/a&gt; and watch with your favorite video player! &lt;\\\/video&gt;&quot;}},&quot;inView&quot;:false,&quot;email_subject&quot;:&quot;Check out this awesome image !!&quot;,&quot;email_message&quot;:&quot;Here is the link to the image : %%image_link%% and this is the link to the gallery : %%gallery_link%%&quot;,&quot;lightbox&quot;:&quot;fancybox&quot;}\">\n\n\t\n\t<div  class=\"modula-items\">\n\t\t<div class=\"modula-item\" data-width=\"6\" data-height=\"5\" >\n\t<div class=\"modula-item-content\">\n\t\t\n\t\t\t\t\t<a data-image-id=\"30581\" tabindex=\"0\" rel=\"jtg-30570\" data-caption=\"\" aria-label=\"Open image in lightbox\" role=\"button\" class=\"tile-inner modula-item-link\"><\/a>\n\t\t\n\t\t<img loading=\"lazy\" decoding=\"async\" class=\"pic wp-image-30581\"  data-valign=\"middle\" data-halign=\"center\" alt=\"\" data-full=\"https:\/\/www.santjosep.net\/wp-content\/uploads\/2022\/01\/RR_00696.jpg\" title=\"RR_00696\" width=\"1600\" height=\"1067\" src=\"https:\/\/www.santjosep.net\/wp-content\/uploads\/2022\/01\/RR_00696.jpg\" data-src=\"https:\/\/www.santjosep.net\/wp-content\/uploads\/2022\/01\/RR_00696.jpg\" data-caption=\"\" srcset=\"https:\/\/www.santjosep.net\/wp-content\/uploads\/2022\/01\/RR_00696.jpg 1600w, https:\/\/www.santjosep.net\/wp-content\/uploads\/2022\/01\/RR_00696-300x200.jpg 300w, https:\/\/www.santjosep.net\/wp-content\/uploads\/2022\/01\/RR_00696-1024x683.jpg 1024w, https:\/\/www.santjosep.net\/wp-content\/uploads\/2022\/01\/RR_00696-768x512.jpg 768w, https:\/\/www.santjosep.net\/wp-content\/uploads\/2022\/01\/RR_00696-1536x1024.jpg 1536w\" sizes=\"auto, (max-width: 1600px) 100vw, 1600px\" \/>\n\t<\/div>\n\n<\/div><div class=\"modula-item\" data-width=\"6\" data-height=\"6\" >\n\t<div class=\"modula-item-content\">\n\t\t\n\t\t\t\t\t<a data-image-id=\"30586\" tabindex=\"0\" rel=\"jtg-30570\" data-caption=\"\" aria-label=\"Open image in lightbox\" role=\"button\" class=\"tile-inner modula-item-link\"><\/a>\n\t\t\n\t\t<img loading=\"lazy\" decoding=\"async\" class=\"pic wp-image-30586\"  data-valign=\"middle\" data-halign=\"center\" alt=\"\" data-full=\"https:\/\/www.santjosep.net\/wp-content\/uploads\/2022\/01\/RR_00708.jpg\" title=\"RR_00708\" width=\"1600\" height=\"1067\" src=\"https:\/\/www.santjosep.net\/wp-content\/uploads\/2022\/01\/RR_00708.jpg\" data-src=\"https:\/\/www.santjosep.net\/wp-content\/uploads\/2022\/01\/RR_00708.jpg\" data-caption=\"\" srcset=\"https:\/\/www.santjosep.net\/wp-content\/uploads\/2022\/01\/RR_00708.jpg 1600w, https:\/\/www.santjosep.net\/wp-content\/uploads\/2022\/01\/RR_00708-300x200.jpg 300w, https:\/\/www.santjosep.net\/wp-content\/uploads\/2022\/01\/RR_00708-1024x683.jpg 1024w, https:\/\/www.santjosep.net\/wp-content\/uploads\/2022\/01\/RR_00708-768x512.jpg 768w, https:\/\/www.santjosep.net\/wp-content\/uploads\/2022\/01\/RR_00708-1536x1024.jpg 1536w\" sizes=\"auto, (max-width: 1600px) 100vw, 1600px\" \/>\n\t<\/div>\n\n<\/div><div class=\"modula-item\" data-width=\"6\" data-height=\"6\" >\n\t<div class=\"modula-item-content\">\n\t\t\n\t\t\t\t\t<a data-image-id=\"30591\" tabindex=\"0\" rel=\"jtg-30570\" data-caption=\"\" aria-label=\"Open image in lightbox\" role=\"button\" class=\"tile-inner modula-item-link\"><\/a>\n\t\t\n\t\t<img loading=\"lazy\" decoding=\"async\" class=\"pic wp-image-30591\"  data-valign=\"middle\" data-halign=\"center\" alt=\"\" data-full=\"https:\/\/www.santjosep.net\/wp-content\/uploads\/2022\/01\/RR_00743.jpg\" title=\"RR_00743\" width=\"1600\" height=\"1067\" src=\"https:\/\/www.santjosep.net\/wp-content\/uploads\/2022\/01\/RR_00743.jpg\" data-src=\"https:\/\/www.santjosep.net\/wp-content\/uploads\/2022\/01\/RR_00743.jpg\" data-caption=\"\" srcset=\"https:\/\/www.santjosep.net\/wp-content\/uploads\/2022\/01\/RR_00743.jpg 1600w, https:\/\/www.santjosep.net\/wp-content\/uploads\/2022\/01\/RR_00743-300x200.jpg 300w, https:\/\/www.santjosep.net\/wp-content\/uploads\/2022\/01\/RR_00743-1024x683.jpg 1024w, https:\/\/www.santjosep.net\/wp-content\/uploads\/2022\/01\/RR_00743-768x512.jpg 768w, https:\/\/www.santjosep.net\/wp-content\/uploads\/2022\/01\/RR_00743-1536x1024.jpg 1536w\" sizes=\"auto, (max-width: 1600px) 100vw, 1600px\" \/>\n\t<\/div>\n\n<\/div><div class=\"modula-item\" data-width=\"6\" data-height=\"5\" >\n\t<div class=\"modula-item-content\">\n\t\t\n\t\t\t\t\t<a data-image-id=\"30597\" tabindex=\"0\" rel=\"jtg-30570\" data-caption=\"\" aria-label=\"Open image in lightbox\" role=\"button\" class=\"tile-inner modula-item-link\"><\/a>\n\t\t\n\t\t<img loading=\"lazy\" decoding=\"async\" class=\"pic wp-image-30597\"  data-valign=\"middle\" data-halign=\"center\" alt=\"\" data-full=\"https:\/\/www.santjosep.net\/wp-content\/uploads\/2022\/01\/RR_00697.jpg\" title=\"RR_00697\" width=\"1280\" height=\"1600\" src=\"https:\/\/www.santjosep.net\/wp-content\/uploads\/2022\/01\/RR_00697.jpg\" data-src=\"https:\/\/www.santjosep.net\/wp-content\/uploads\/2022\/01\/RR_00697.jpg\" data-caption=\"\" srcset=\"https:\/\/www.santjosep.net\/wp-content\/uploads\/2022\/01\/RR_00697.jpg 1280w, https:\/\/www.santjosep.net\/wp-content\/uploads\/2022\/01\/RR_00697-240x300.jpg 240w, https:\/\/www.santjosep.net\/wp-content\/uploads\/2022\/01\/RR_00697-819x1024.jpg 819w, https:\/\/www.santjosep.net\/wp-content\/uploads\/2022\/01\/RR_00697-768x960.jpg 768w, https:\/\/www.santjosep.net\/wp-content\/uploads\/2022\/01\/RR_00697-1229x1536.jpg 1229w\" sizes=\"auto, (max-width: 1280px) 100vw, 1280px\" \/>\n\t<\/div>\n\n<\/div>\t\t\n\t<\/div>\n\n\t\n\t\n\t<script type=\"application\/ld+json\">\n\t{\n\t\t\"@context\": \"http:\/\/schema.org\",\n\t\t\"@type\"   : \"ImageGallery\",\n\t\t\"id\"      : \"https:\/\/www.santjosep.net\/ca\/descobreix-el-parc-natural-de-ses-salines-a-peu-o-en-bicicleta-ruta-ses-portes\/\",\n\t\t\"url\"     : \"https:\/\/www.santjosep.net\/ca\/descobreix-el-parc-natural-de-ses-salines-a-peu-o-en-bicicleta-ruta-ses-portes\/\"\n\t}\n\n\t<\/script>\n\n\t\n<\/div>\n[\/vc_column_text][vc_column_text]Cap al costat de Ponent, a pocs metres, hi observem una caleta amb casetes de pescadors i vestigis del que va ser l\u2019<strong>activitat salinera<\/strong> en el passat. Per exemple, el que queda d\u2019una vella barcassa, encara varada sobre pedra i, m\u00e9s enll\u00e0, una altra rampa m\u00e9s \u00e0mplia des de la qual es poden contemplar unes guies que se submergeixen al mar. Eren les antigues drassanes on l\u2019empresa salinera reparava i condicionava les seves barcasses, el transport utilitzat per a la sal abans de la mecanitzaci\u00f3 de tot el proc\u00e9s. <strong>L\u2019antic <\/strong><a href=\"https:\/\/www.santjosep.net\/ca\/veure\/patrimoni-i-cultura\/antic-carregador-de-sal\/\" target=\"_blank\" rel=\"noopener\">carregador de sal<\/a><strong>,<\/strong> el <strong><a href=\"https:\/\/www.santjosep.net\/ca\/veure\/visites\/sa-canal\/\" target=\"_blank\" rel=\"noopener\">poblet de sa Canal<\/a><\/strong> i el <a href=\"https:\/\/www.santjosep.net\/ca\/veure\/patrimoni-i-cultura\/moll-de-sa-canal\/\" target=\"_blank\" rel=\"noopener\"><strong>moll saliner<\/strong><\/a> s\u00f3n el nucli industrial de la zona, que es complementa amb altres edificacions a mode de sitges, edificis administratius i grans naus. Alguna d\u2019aquestes, per cert, ha estat reconvertida en una imponent sala d\u2019exposicions: \u00e9s el cas de la que es coneix com <a href=\"https:\/\/www.santjosep.net\/ca\/veure\/patrimoni-i-cultura\/fundacio-la-nau-salines\/\" target=\"_blank\" rel=\"noopener\"><strong>La Nau<\/strong><\/a>. Al costat hi discorria l\u2019antiga via del tren saliner, que portava la preuada mercaderia des dels estanys.[\/vc_column_text][vc_single_image image=&#8221;30678&#8243; img_size=&#8221;full&#8221; css=&#8221;.vc_custom_1649147207666{margin-top: 15px !important;margin-bottom: 15px !important;}&#8221;][vc_column_text css=&#8221;.vc_custom_1649750264798{margin-top: 15px !important;padding-top: 15px !important;}&#8221;]Tot seguint el cam\u00ed, podem fer un petit desviament a l\u2019esquerra per descobrir el <a href=\"https:\/\/www.santjosep.net\/ca\/veure\/patrimoni-i-cultura\/pou-des-carbo\/\" target=\"_blank\" rel=\"noopener\"><strong>Pou des Carb\u00f3<\/strong><\/a>, la primera dataci\u00f3 del qual \u00e9s del 1765 i que proporcionava aigua a les calderes del ferrocarril. En tornar a la ruta, arribarem a la popular platja de ses Salines, un preci\u00f3s arenal l\u2019\u00faltim tram del qual es converteix en un seguit de petites i solit\u00e0ries cales tallades al mar\u00e8s per l\u2019efecte del vent i l\u2019activitat humana. Els talls m\u00e9s rectilinis corresponen a l\u2019\u00e8poca en qu\u00e8 es va fer servir com a cantera destinada a subministrar pedra per a la construcci\u00f3 de les muralles d\u2019Eivissa. Si fem la ruta a l\u2019estiu, \u00e9s m\u00e9s aconsellable gaudir de l\u2019ombra del sender que discorre per l\u2019interior del bosc que s\u2019obre al darrere de les dunes de la platja. Els camins convergeixen i ens fan descobrir punts d\u2019inter\u00e8s com el <a href=\"https:\/\/www.santjosep.net\/ca\/veure\/patrimoni-i-cultura\/pou-de-sa-trinxa\/\" target=\"_blank\" rel=\"noopener\"><strong>Pouet de Sa Trinxa<\/strong><\/a> (un pou de mar\u00e8s habilitat per subministrar aigua dol\u00e7a als jornalers).[\/vc_column_text][vc_column_text css=&#8221;.vc_custom_1649748035121{margin-top: 15px !important;padding-top: 15px !important;}&#8221;]Pots veure el mapa complet de la ruta <a href=\"https:\/\/www.santjosep.net\/ca\/rutes-ses-salines\/ruta-de-ses-portes\/\"><b>aqu\u00ed<\/b><\/a>.[\/vc_column_text][\/vc_column][\/vc_row]<\/p>\n<\/div>","protected":false},"excerpt":{"rendered":"<p>La naturalesa, la hist\u00f2ria i la cultura surten a la trobada del caminant i del ciclista.<\/p>\n","protected":false},"author":1,"featured_media":32114,"comment_status":"open","ping_status":"open","sticky":false,"template":"","format":"standard","meta":{"_acf_changed":false,"inline_featured_image":false,"footnotes":""},"categories":[205],"tags":[],"class_list":["post-32104","post","type-post","status-publish","format-standard","has-post-thumbnail","hentry","category-passejades-ca"],"acf":[],"geo":null,"yoast_head":"<!-- This site is optimized with the Yoast SEO plugin v25.7 - https:\/\/yoast.com\/wordpress\/plugins\/seo\/ -->\n<title>Descobreix el Parc Natural de ses Salines a peu o en bicicleta: ruta ses Portes - Santjosep.net<\/title>\n<meta name=\"robots\" content=\"index, follow, max-snippet:-1, max-image-preview:large, max-video-preview:-1\" \/>\n<link rel=\"canonical\" href=\"https:\/\/www.santjosep.net\/ca\/descobreix-el-parc-natural-de-ses-salines-a-peu-o-en-bicicleta-ruta-ses-portes\/\" \/>\n<meta property=\"og:locale\" content=\"ca_ES\" \/>\n<meta property=\"og:type\" content=\"article\" \/>\n<meta property=\"og:title\" content=\"Descobreix el Parc Natural de ses Salines a peu o en bicicleta: ruta ses Portes - Santjosep.net\" \/>\n<meta property=\"og:description\" content=\"La naturalesa, la hist\u00f2ria i la cultura surten a la trobada del caminant i del ciclista.\" \/>\n<meta property=\"og:url\" content=\"https:\/\/www.santjosep.net\/ca\/descobreix-el-parc-natural-de-ses-salines-a-peu-o-en-bicicleta-ruta-ses-portes\/\" \/>\n<meta property=\"og:site_name\" content=\"Santjosep.net\" \/>\n<meta property=\"article:published_time\" content=\"2022-03-21T09:27:08+00:00\" \/>\n<meta property=\"article:modified_time\" content=\"2022-04-26T11:10:06+00:00\" \/>\n<meta property=\"og:image\" content=\"https:\/\/www.santjosep.net\/wp-content\/uploads\/2022\/03\/rutas_santjosep.jpg\" \/>\n\t<meta property=\"og:image:width\" content=\"800\" \/>\n\t<meta property=\"og:image:height\" content=\"600\" \/>\n\t<meta property=\"og:image:type\" content=\"image\/jpeg\" \/>\n<meta name=\"author\" content=\"Sant Josep\" \/>\n<meta name=\"twitter:card\" content=\"summary_large_image\" \/>\n<meta name=\"twitter:label1\" content=\"Escrit per\" \/>\n\t<meta name=\"twitter:data1\" content=\"Sant Josep\" \/>\n\t<meta name=\"twitter:label2\" content=\"Temps estimat de lectura\" \/>\n\t<meta name=\"twitter:data2\" content=\"3 minuts\" \/>\n<script type=\"application\/ld+json\" class=\"yoast-schema-graph\">{\"@context\":\"https:\/\/schema.org\",\"@graph\":[{\"@type\":\"WebPage\",\"@id\":\"https:\/\/www.santjosep.net\/ca\/descobreix-el-parc-natural-de-ses-salines-a-peu-o-en-bicicleta-ruta-ses-portes\/\",\"url\":\"https:\/\/www.santjosep.net\/ca\/descobreix-el-parc-natural-de-ses-salines-a-peu-o-en-bicicleta-ruta-ses-portes\/\",\"name\":\"Descobreix el Parc Natural de ses Salines a peu o en bicicleta: ruta ses Portes - Santjosep.net\",\"isPartOf\":{\"@id\":\"https:\/\/www.santjosep.net\/#website\"},\"primaryImageOfPage\":{\"@id\":\"https:\/\/www.santjosep.net\/ca\/descobreix-el-parc-natural-de-ses-salines-a-peu-o-en-bicicleta-ruta-ses-portes\/#primaryimage\"},\"image\":{\"@id\":\"https:\/\/www.santjosep.net\/ca\/descobreix-el-parc-natural-de-ses-salines-a-peu-o-en-bicicleta-ruta-ses-portes\/#primaryimage\"},\"thumbnailUrl\":\"https:\/\/www.santjosep.net\/wp-content\/uploads\/2022\/03\/rutas_santjosep.jpg\",\"datePublished\":\"2022-03-21T09:27:08+00:00\",\"dateModified\":\"2022-04-26T11:10:06+00:00\",\"author\":{\"@id\":\"https:\/\/www.santjosep.net\/#\/schema\/person\/b60e56f94e4e55776eb62bf4293f99b6\"},\"inLanguage\":\"ca\",\"potentialAction\":[{\"@type\":\"ReadAction\",\"target\":[\"https:\/\/www.santjosep.net\/ca\/descobreix-el-parc-natural-de-ses-salines-a-peu-o-en-bicicleta-ruta-ses-portes\/\"]}]},{\"@type\":\"ImageObject\",\"inLanguage\":\"ca\",\"@id\":\"https:\/\/www.santjosep.net\/ca\/descobreix-el-parc-natural-de-ses-salines-a-peu-o-en-bicicleta-ruta-ses-portes\/#primaryimage\",\"url\":\"https:\/\/www.santjosep.net\/wp-content\/uploads\/2022\/03\/rutas_santjosep.jpg\",\"contentUrl\":\"https:\/\/www.santjosep.net\/wp-content\/uploads\/2022\/03\/rutas_santjosep.jpg\",\"width\":800,\"height\":600},{\"@type\":\"WebSite\",\"@id\":\"https:\/\/www.santjosep.net\/#website\",\"url\":\"https:\/\/www.santjosep.net\/\",\"name\":\"Santjosep.net\",\"description\":\"\",\"potentialAction\":[{\"@type\":\"SearchAction\",\"target\":{\"@type\":\"EntryPoint\",\"urlTemplate\":\"https:\/\/www.santjosep.net\/?s={search_term_string}\"},\"query-input\":{\"@type\":\"PropertyValueSpecification\",\"valueRequired\":true,\"valueName\":\"search_term_string\"}}],\"inLanguage\":\"ca\"},{\"@type\":\"Person\",\"@id\":\"https:\/\/www.santjosep.net\/#\/schema\/person\/b60e56f94e4e55776eb62bf4293f99b6\",\"name\":\"Sant Josep\",\"image\":{\"@type\":\"ImageObject\",\"inLanguage\":\"ca\",\"@id\":\"https:\/\/www.santjosep.net\/#\/schema\/person\/image\/\",\"url\":\"https:\/\/secure.gravatar.com\/avatar\/2f4071817a97d2499c5aae9674ee15015b5a3c7c0974ca84f095a8e4aadcda56?s=96&d=mm&r=g\",\"contentUrl\":\"https:\/\/secure.gravatar.com\/avatar\/2f4071817a97d2499c5aae9674ee15015b5a3c7c0974ca84f095a8e4aadcda56?s=96&d=mm&r=g\",\"caption\":\"Sant Josep\"},\"url\":\"https:\/\/www.santjosep.net\/ca\/author\/fugrafic\/\"}]}<\/script>\n<!-- \/ Yoast SEO plugin. -->","yoast_head_json":{"title":"Descobreix el Parc Natural de ses Salines a peu o en bicicleta: ruta ses Portes - Santjosep.net","robots":{"index":"index","follow":"follow","max-snippet":"max-snippet:-1","max-image-preview":"max-image-preview:large","max-video-preview":"max-video-preview:-1"},"canonical":"https:\/\/www.santjosep.net\/ca\/descobreix-el-parc-natural-de-ses-salines-a-peu-o-en-bicicleta-ruta-ses-portes\/","og_locale":"ca_ES","og_type":"article","og_title":"Descobreix el Parc Natural de ses Salines a peu o en bicicleta: ruta ses Portes - Santjosep.net","og_description":"La naturalesa, la hist\u00f2ria i la cultura surten a la trobada del caminant i del ciclista.","og_url":"https:\/\/www.santjosep.net\/ca\/descobreix-el-parc-natural-de-ses-salines-a-peu-o-en-bicicleta-ruta-ses-portes\/","og_site_name":"Santjosep.net","article_published_time":"2022-03-21T09:27:08+00:00","article_modified_time":"2022-04-26T11:10:06+00:00","og_image":[{"width":800,"height":600,"url":"https:\/\/www.santjosep.net\/wp-content\/uploads\/2022\/03\/rutas_santjosep.jpg","type":"image\/jpeg"}],"author":"Sant Josep","twitter_card":"summary_large_image","twitter_misc":{"Escrit per":"Sant Josep","Temps estimat de lectura":"3 minuts"},"schema":{"@context":"https:\/\/schema.org","@graph":[{"@type":"WebPage","@id":"https:\/\/www.santjosep.net\/ca\/descobreix-el-parc-natural-de-ses-salines-a-peu-o-en-bicicleta-ruta-ses-portes\/","url":"https:\/\/www.santjosep.net\/ca\/descobreix-el-parc-natural-de-ses-salines-a-peu-o-en-bicicleta-ruta-ses-portes\/","name":"Descobreix el Parc Natural de ses Salines a peu o en bicicleta: ruta ses Portes - Santjosep.net","isPartOf":{"@id":"https:\/\/www.santjosep.net\/#website"},"primaryImageOfPage":{"@id":"https:\/\/www.santjosep.net\/ca\/descobreix-el-parc-natural-de-ses-salines-a-peu-o-en-bicicleta-ruta-ses-portes\/#primaryimage"},"image":{"@id":"https:\/\/www.santjosep.net\/ca\/descobreix-el-parc-natural-de-ses-salines-a-peu-o-en-bicicleta-ruta-ses-portes\/#primaryimage"},"thumbnailUrl":"https:\/\/www.santjosep.net\/wp-content\/uploads\/2022\/03\/rutas_santjosep.jpg","datePublished":"2022-03-21T09:27:08+00:00","dateModified":"2022-04-26T11:10:06+00:00","author":{"@id":"https:\/\/www.santjosep.net\/#\/schema\/person\/b60e56f94e4e55776eb62bf4293f99b6"},"inLanguage":"ca","potentialAction":[{"@type":"ReadAction","target":["https:\/\/www.santjosep.net\/ca\/descobreix-el-parc-natural-de-ses-salines-a-peu-o-en-bicicleta-ruta-ses-portes\/"]}]},{"@type":"ImageObject","inLanguage":"ca","@id":"https:\/\/www.santjosep.net\/ca\/descobreix-el-parc-natural-de-ses-salines-a-peu-o-en-bicicleta-ruta-ses-portes\/#primaryimage","url":"https:\/\/www.santjosep.net\/wp-content\/uploads\/2022\/03\/rutas_santjosep.jpg","contentUrl":"https:\/\/www.santjosep.net\/wp-content\/uploads\/2022\/03\/rutas_santjosep.jpg","width":800,"height":600},{"@type":"WebSite","@id":"https:\/\/www.santjosep.net\/#website","url":"https:\/\/www.santjosep.net\/","name":"Santjosep.net","description":"","potentialAction":[{"@type":"SearchAction","target":{"@type":"EntryPoint","urlTemplate":"https:\/\/www.santjosep.net\/?s={search_term_string}"},"query-input":{"@type":"PropertyValueSpecification","valueRequired":true,"valueName":"search_term_string"}}],"inLanguage":"ca"},{"@type":"Person","@id":"https:\/\/www.santjosep.net\/#\/schema\/person\/b60e56f94e4e55776eb62bf4293f99b6","name":"Sant Josep","image":{"@type":"ImageObject","inLanguage":"ca","@id":"https:\/\/www.santjosep.net\/#\/schema\/person\/image\/","url":"https:\/\/secure.gravatar.com\/avatar\/2f4071817a97d2499c5aae9674ee15015b5a3c7c0974ca84f095a8e4aadcda56?s=96&d=mm&r=g","contentUrl":"https:\/\/secure.gravatar.com\/avatar\/2f4071817a97d2499c5aae9674ee15015b5a3c7c0974ca84f095a8e4aadcda56?s=96&d=mm&r=g","caption":"Sant Josep"},"url":"https:\/\/www.santjosep.net\/ca\/author\/fugrafic\/"}]}},"_links":{"self":[{"href":"https:\/\/www.santjosep.net\/ca\/wp-json\/wp\/v2\/posts\/32104","targetHints":{"allow":["GET"]}}],"collection":[{"href":"https:\/\/www.santjosep.net\/ca\/wp-json\/wp\/v2\/posts"}],"about":[{"href":"https:\/\/www.santjosep.net\/ca\/wp-json\/wp\/v2\/types\/post"}],"author":[{"embeddable":true,"href":"https:\/\/www.santjosep.net\/ca\/wp-json\/wp\/v2\/users\/1"}],"replies":[{"embeddable":true,"href":"https:\/\/www.santjosep.net\/ca\/wp-json\/wp\/v2\/comments?post=32104"}],"version-history":[{"count":0,"href":"https:\/\/www.santjosep.net\/ca\/wp-json\/wp\/v2\/posts\/32104\/revisions"}],"wp:featuredmedia":[{"embeddable":true,"href":"https:\/\/www.santjosep.net\/ca\/wp-json\/wp\/v2\/media\/32114"}],"wp:attachment":[{"href":"https:\/\/www.santjosep.net\/ca\/wp-json\/wp\/v2\/media?parent=32104"}],"wp:term":[{"taxonomy":"category","embeddable":true,"href":"https:\/\/www.santjosep.net\/ca\/wp-json\/wp\/v2\/categories?post=32104"},{"taxonomy":"post_tag","embeddable":true,"href":"https:\/\/www.santjosep.net\/ca\/wp-json\/wp\/v2\/tags?post=32104"}],"curies":[{"name":"wp","href":"https:\/\/api.w.org\/{rel}","templated":true}]}}