{"id":24301,"date":"2021-04-30T13:13:52","date_gmt":"2021-04-30T11:13:52","guid":{"rendered":"https:\/\/www.santjosep.net\/de-es-carregador-a-es-codolar-una-ruta-cargada-de-historia\/"},"modified":"2021-05-04T11:26:15","modified_gmt":"2021-05-04T09:26:15","slug":"des-carregador-a-es-codolar-una-ruta-carregada-dhistoria","status":"publish","type":"post","link":"https:\/\/www.santjosep.net\/ca\/des-carregador-a-es-codolar-una-ruta-carregada-dhistoria\/","title":{"rendered":"Des Carregador a es Codolar, una ruta carregada d\u2019hist\u00f2ria"},"content":{"rendered":"<div class=\"wpb-content-wrapper\"><p>[vc_row enable_hue_rotation=&#8221;no&#8221; enable_text_marquee=&#8221;no&#8221;][vc_column][vc_column_text]A <strong>Sant Josep<\/strong> ens hi espera una ruta carregada d\u2019hist\u00f2ria que ens traslladar\u00e0 a temps passats i a ind\u00fastries primig\u00e8nies que s\u2019obrien pas en una illa amb un incipient potencial econ\u00f2mic des de <strong>l\u2019\u00e8poca punicofen\u00edcia<\/strong>, activitats que van consolidar <strong>Eivissa<\/strong> com a enclavament comercial d\u2019import\u00e0ncia estrat\u00e8gica ja al segle iv d. de C. Fenicis, romans, \u00e0rabs, cristians\u2026 la hist\u00f2ria s\u2019escriu en tots i cadascun dels passos que el caminant fa per la ruta que proposem a continuaci\u00f3.[\/vc_column_text][vc_column_text]Situem-nos. A l\u2019extrem sud de la popular <strong><a href=\"\/?page_id=11373\">platja d\u2019en Bossa<\/a><\/strong>, sobre un promontori roc\u00f3s i de bosc baix, s\u2019al\u00e7a una torre de vigil\u00e0ncia constru\u00efda al segle xvi per protegir els treballadors de les salines dels atacs pirates. \u00c9s la <strong><a href=\"\/?page_id=12362\">torre des Carregador<\/a><\/strong>, i rep el nom de l\u2019activitat que es duia a terme al seu voltant, a l\u2019abric d\u2019un petit moll del qual encara en queden vestigis: la c\u00e0rrega de la sal amb destinaci\u00f3 a la ciutat d\u2019Eivissa que ja va comen\u00e7ar en \u00e8poca fen\u00edcia per\u00f2 que, sota la influ\u00e8ncia dels \u00e0rabs i despr\u00e9s, en l\u2019era cristiana, va experimentar un creixement important.[\/vc_column_text][vc_single_image image=&#8221;19371&#8243; img_size=&#8221;full&#8221; css=&#8221;.vc_custom_1619780047523{margin-top: 15px !important;margin-bottom: 15px !important;}&#8221;][vc_column_text css=&#8221;.vc_custom_1619780698577{padding-bottom: 40px !important;}&#8221;]<\/p>\n<h6 style=\"text-align: center;\">Torre des Carregador<\/h6>\n<p>[\/vc_column_text][vc_column_text]La caleta en forma de mitja lluna on hi havia aquestes instal\u00b7lacions rep el nom de <strong>la Xanga<\/strong> i tamb\u00e9 ens revela una de les activitats que es duien a terme a la zona: la pesca en almadrava de la tonyina, que posteriorment se salava i s\u2019embarcava. De fet, l\u2019antiga pla\u00e7a empedrada que conformava la zona d\u2019activitat comercial i que va arribar a ocupar 6.000 m2 \u00e9s objecte d\u2019un meticul\u00f3s projecte de recuperaci\u00f3 per donar visibilitat a tots els elements d\u2019aquella ind\u00fastria.[\/vc_column_text][vc_column_text css=&#8221;.vc_custom_1619780251492{margin-top: 15px !important;margin-bottom: 15px !important;}&#8221;]<style>#jtg-24223 .modula-item .jtg-social a, .lightbox-socials.jtg-social a{ fill: #ffffff; color: #ffffff }#jtg-24223 .modula-item .jtg-social-mobile a{ fill: #ffffff; color: #ffffff }#jtg-24223 .modula-item .jtg-social svg, .lightbox-socials.jtg-social svg { height: 16px; width: 16px }#jtg-24223 .modula-item .jtg-social-mobile svg { height: 16px; width: 16px }#jtg-24223 .modula-item .jtg-social a:not(:last-child), .lightbox-socials.jtg-social a:not(:last-child) { margin-right: 10px }#jtg-24223 .modula-item .jtg-social-mobile .jtg-social-mobile-icons a:not(:last-child){ margin-right: 10px }#jtg-24223 .modula-item .figc {color:#ffffff;}#jtg-24223 .modula-item .modula-item-content { transform: scale(1) }#jtg-24223 .modula-items .figc p.description { font-size:14px; }#jtg-24223 .modula-items .figc p.description { color:#ffffff;}#jtg-24223.modula-gallery .modula-item > a, #jtg-24223.modula-gallery .modula-item, #jtg-24223.modula-gallery .modula-item-content > a:not(.modula-no-follow) { cursor:zoom-in; } #jtg-24223.modula-gallery .modula-item-content .modula-no-follow { cursor: default; } @media screen and (max-width:480px){#jtg-24223 .modula-item .figc .jtg-title {  font-size: 12px; }#jtg-24223 .modula-items .figc p.description { color:#ffffff;font-size:10px; }}#jtg-24223 .modula-items .modula-item:hover img{opacity:1;}<\/style>\n<div  id=\"jtg-24223\" class=\"modula modula-gallery modula-custom-grid\" data-config=\"{&quot;height&quot;:800,&quot;tabletHeight&quot;:800,&quot;mobileHeight&quot;:800,&quot;desktopHeight&quot;:800,&quot;enableTwitter&quot;:true,&quot;enableWhatsapp&quot;:false,&quot;enableFacebook&quot;:true,&quot;enablePinterest&quot;:true,&quot;enableLinkedin&quot;:true,&quot;enableEmail&quot;:false,&quot;randomFactor&quot;:0.5,&quot;type&quot;:&quot;custom-grid&quot;,&quot;columns&quot;:12,&quot;gutter&quot;:0,&quot;mobileGutter&quot;:0,&quot;tabletGutter&quot;:0,&quot;desktopGutter&quot;:0,&quot;enableResponsive&quot;:&quot;1&quot;,&quot;tabletColumns&quot;:&quot;2&quot;,&quot;mobileColumns&quot;:&quot;1&quot;,&quot;lazyLoad&quot;:&quot;0&quot;,&quot;lightboxOpts&quot;:{&quot;animated&quot;:true,&quot;Thumbs&quot;:{&quot;type&quot;:&quot;modern&quot;,&quot;showOnStart&quot;:false},&quot;Toolbar&quot;:{&quot;display&quot;:{&quot;right&quot;:[&quot;close&quot;]},&quot;enabled&quot;:true},&quot;Carousel&quot;:{&quot;Panzoom&quot;:{&quot;touch&quot;:false},&quot;infinite&quot;:false},&quot;keyboard&quot;:{&quot;Escape&quot;:&quot;close&quot;,&quot;Delete&quot;:&quot;close&quot;,&quot;Backspace&quot;:&quot;close&quot;,&quot;PageUp&quot;:false,&quot;PageDown&quot;:false,&quot;ArrowUp&quot;:false,&quot;ArrowDown&quot;:false,&quot;ArrowRight&quot;:false,&quot;ArrowLeft&quot;:false},&quot;touch&quot;:false,&quot;backdropClick&quot;:false,&quot;l10n&quot;:{&quot;CLOSE&quot;:&quot;Close&quot;,&quot;NEXT&quot;:&quot;Next&quot;,&quot;PREV&quot;:&quot;Previous&quot;,&quot;Error&quot;:&quot;The requested content cannot be loaded. Please try again later.&quot;,&quot;PLAY_START&quot;:&quot;Start slideshow&quot;,&quot;PLAY_STOP&quot;:&quot;Pause slideshow&quot;,&quot;FULL_SCREEN&quot;:&quot;Full screen&quot;,&quot;THUMBS&quot;:&quot;Thumbnails&quot;,&quot;DOWNLOAD&quot;:&quot;Download&quot;,&quot;SHARE&quot;:&quot;Share&quot;,&quot;ZOOM&quot;:&quot;Zoom&quot;,&quot;EMAIL&quot;:&quot;Here is the link to the image : %%image_link%% and this is the link to the gallery : %%gallery_link%%&quot;,&quot;MODAL&quot;:&quot;You can close this modal content with the ESC key&quot;,&quot;ERROR&quot;:&quot;Something Went Wrong, Please Try Again Later&quot;,&quot;IMAGE_ERROR&quot;:&quot;Image Not Found&quot;,&quot;ELEMENT_NOT_FOUND&quot;:&quot;HTML Element Not Found&quot;,&quot;AJAX_NOT_FOUND&quot;:&quot;Error Loading AJAX : Not Found&quot;,&quot;AJAX_FORBIDDEN&quot;:&quot;Error Loading AJAX : Forbidden&quot;,&quot;IFRAME_ERROR&quot;:&quot;Error Loading Page&quot;,&quot;TOGGLE_ZOOM&quot;:&quot;Toggle zoom level&quot;,&quot;TOGGLE_THUMBS&quot;:&quot;Toggle thumbnails&quot;,&quot;TOGGLE_SLIDESHOW&quot;:&quot;Toggle slideshow&quot;,&quot;TOGGLE_FULLSCREEN&quot;:&quot;Toggle full-screen mode&quot;},&quot;Images&quot;:{&quot;Panzoom&quot;:{&quot;maxScale&quot;:2}},&quot;mainClass&quot;:&quot;modula-fancybox-container modula-lightbox-jtg-24223&quot;,&quot;Html&quot;:{&quot;videoAutoplay&quot;:0,&quot;videoTpl&quot;:&quot;&lt;video class=\\&quot;fancybox__html5video\\&quot; controls muted playsinline controlsList controlsList=\\&quot;nodownload\\&quot; poster=\\&quot;{{poster}}\\&quot; src=\\&quot;{{src}}\\&quot; type=\\&quot;{{format}}\\&quot; &gt;  Sorry, your browser doesn&#039;t support embedded videos, &lt;a href=\\&quot;{{src}}\\&quot;&gt; download &lt;\\\/a&gt; and watch with your favorite video player! &lt;\\\/video&gt;&quot;}},&quot;inView&quot;:false,&quot;email_subject&quot;:&quot;Check out this awesome image !!&quot;,&quot;email_message&quot;:&quot;Here is the link to the image : %%image_link%% and this is the link to the gallery : %%gallery_link%%&quot;,&quot;lightbox&quot;:&quot;fancybox&quot;}\">\n\n\t\n\t<div  class=\"modula-items\">\n\t\t<div class=\"modula-item\" data-width=\"6\" data-height=\"5\" >\n\t<div class=\"modula-item-content\">\n\t\t\n\t\t\t\t\t<a data-image-id=\"30099\" tabindex=\"0\" rel=\"jtg-24223\" data-caption=\"\" aria-label=\"Open image in lightbox\" role=\"button\" class=\"tile-inner modula-item-link\"><\/a>\n\t\t\n\t\t<img loading=\"lazy\" decoding=\"async\" class=\"pic wp-image-30099\"  data-valign=\"middle\" data-halign=\"center\" alt=\"\" data-full=\"https:\/\/www.santjosep.net\/wp-content\/uploads\/2022\/01\/DSC00021.jpg\" title=\"DSC00021\" width=\"1500\" height=\"1000\" src=\"https:\/\/www.santjosep.net\/wp-content\/uploads\/2022\/01\/DSC00021.jpg\" data-src=\"https:\/\/www.santjosep.net\/wp-content\/uploads\/2022\/01\/DSC00021.jpg\" data-caption=\"\" srcset=\"https:\/\/www.santjosep.net\/wp-content\/uploads\/2022\/01\/DSC00021.jpg 1500w, https:\/\/www.santjosep.net\/wp-content\/uploads\/2022\/01\/DSC00021-300x200.jpg 300w, https:\/\/www.santjosep.net\/wp-content\/uploads\/2022\/01\/DSC00021-1024x683.jpg 1024w, https:\/\/www.santjosep.net\/wp-content\/uploads\/2022\/01\/DSC00021-768x512.jpg 768w\" sizes=\"auto, (max-width: 1500px) 100vw, 1500px\" \/>\n\t<\/div>\n\n<\/div><div class=\"modula-item\" data-width=\"6\" data-height=\"5\" >\n\t<div class=\"modula-item-content\">\n\t\t\n\t\t\t\t\t<a data-image-id=\"30114\" tabindex=\"0\" rel=\"jtg-24223\" data-caption=\"\" aria-label=\"Open image in lightbox\" role=\"button\" class=\"tile-inner modula-item-link\"><\/a>\n\t\t\n\t\t<img loading=\"lazy\" decoding=\"async\" class=\"pic wp-image-30114\"  data-valign=\"middle\" data-halign=\"center\" alt=\"\" data-full=\"https:\/\/www.santjosep.net\/wp-content\/uploads\/2022\/01\/DSC00001-2.jpg\" title=\"DSC00001-2\" width=\"1500\" height=\"1000\" src=\"https:\/\/www.santjosep.net\/wp-content\/uploads\/2022\/01\/DSC00001-2.jpg\" data-src=\"https:\/\/www.santjosep.net\/wp-content\/uploads\/2022\/01\/DSC00001-2.jpg\" data-caption=\"\" srcset=\"https:\/\/www.santjosep.net\/wp-content\/uploads\/2022\/01\/DSC00001-2.jpg 1500w, https:\/\/www.santjosep.net\/wp-content\/uploads\/2022\/01\/DSC00001-2-300x200.jpg 300w, https:\/\/www.santjosep.net\/wp-content\/uploads\/2022\/01\/DSC00001-2-1024x683.jpg 1024w, https:\/\/www.santjosep.net\/wp-content\/uploads\/2022\/01\/DSC00001-2-768x512.jpg 768w\" sizes=\"auto, (max-width: 1500px) 100vw, 1500px\" \/>\n\t<\/div>\n\n<\/div><div class=\"modula-item\" data-width=\"5\" data-height=\"5\" >\n\t<div class=\"modula-item-content\">\n\t\t\n\t\t\t\t\t<a data-image-id=\"30120\" tabindex=\"0\" rel=\"jtg-24223\" data-caption=\"\" aria-label=\"Open image in lightbox\" role=\"button\" class=\"tile-inner modula-item-link\"><\/a>\n\t\t\n\t\t<img loading=\"lazy\" decoding=\"async\" class=\"pic wp-image-30120\"  data-valign=\"middle\" data-halign=\"center\" alt=\"\" data-full=\"https:\/\/www.santjosep.net\/wp-content\/uploads\/2022\/01\/DSC00027.jpg\" title=\"DSC00027\" width=\"1500\" height=\"1000\" src=\"https:\/\/www.santjosep.net\/wp-content\/uploads\/2022\/01\/DSC00027.jpg\" data-src=\"https:\/\/www.santjosep.net\/wp-content\/uploads\/2022\/01\/DSC00027.jpg\" data-caption=\"\" srcset=\"https:\/\/www.santjosep.net\/wp-content\/uploads\/2022\/01\/DSC00027.jpg 1500w, https:\/\/www.santjosep.net\/wp-content\/uploads\/2022\/01\/DSC00027-300x200.jpg 300w, https:\/\/www.santjosep.net\/wp-content\/uploads\/2022\/01\/DSC00027-1024x683.jpg 1024w, https:\/\/www.santjosep.net\/wp-content\/uploads\/2022\/01\/DSC00027-768x512.jpg 768w\" sizes=\"auto, (max-width: 1500px) 100vw, 1500px\" \/>\n\t<\/div>\n\n<\/div><div class=\"modula-item\" data-width=\"7\" data-height=\"5\" >\n\t<div class=\"modula-item-content\">\n\t\t\n\t\t\t\t\t<a data-image-id=\"30104\" tabindex=\"0\" rel=\"jtg-24223\" data-caption=\"\" aria-label=\"Open image in lightbox\" role=\"button\" class=\"tile-inner modula-item-link\"><\/a>\n\t\t\n\t\t<img loading=\"lazy\" decoding=\"async\" class=\"pic wp-image-30104\"  data-valign=\"middle\" data-halign=\"center\" alt=\"\" data-full=\"https:\/\/www.santjosep.net\/wp-content\/uploads\/2022\/01\/DSC00023-2.jpg\" title=\"DSC00023\" width=\"1500\" height=\"1000\" src=\"https:\/\/www.santjosep.net\/wp-content\/uploads\/2022\/01\/DSC00023-2.jpg\" data-src=\"https:\/\/www.santjosep.net\/wp-content\/uploads\/2022\/01\/DSC00023-2.jpg\" data-caption=\"\" srcset=\"https:\/\/www.santjosep.net\/wp-content\/uploads\/2022\/01\/DSC00023-2.jpg 1500w, https:\/\/www.santjosep.net\/wp-content\/uploads\/2022\/01\/DSC00023-2-300x200.jpg 300w, https:\/\/www.santjosep.net\/wp-content\/uploads\/2022\/01\/DSC00023-2-1024x683.jpg 1024w, https:\/\/www.santjosep.net\/wp-content\/uploads\/2022\/01\/DSC00023-2-768x512.jpg 768w\" sizes=\"auto, (max-width: 1500px) 100vw, 1500px\" \/>\n\t<\/div>\n\n<\/div>\t\t\n\t<\/div>\n\n\t\n\t\n\t<script type=\"application\/ld+json\">\n\t{\n\t\t\"@context\": \"http:\/\/schema.org\",\n\t\t\"@type\"   : \"ImageGallery\",\n\t\t\"id\"      : \"https:\/\/www.santjosep.net\/ca\/des-carregador-a-es-codolar-una-ruta-carregada-dhistoria\/\",\n\t\t\"url\"     : \"https:\/\/www.santjosep.net\/ca\/des-carregador-a-es-codolar-una-ruta-carregada-dhistoria\/\"\n\t}\n\n\t<\/script>\n\n\t\n<\/div>\n[\/vc_column_text][vc_column_text css=&#8221;.vc_custom_1619780717902{padding-bottom: 40px !important;}&#8221;]<\/p>\n<h6 style=\"text-align: center;\">La Xanga<\/h6>\n<p>[\/vc_column_text][vc_column_text]Per\u00f2 la c\u00e0rrega de sal i la pesca i la sala\u00f3 de la tonyina no van ser l\u2019\u00fanica activitat que es va portar a terme en el passat en aquest rac\u00f3 de la costa. Ja en \u00e8poca romana, l\u2019illa era considerada un important punt de producci\u00f3 de porpra que s\u2019utilitzava per tenyir teixits, b\u00e0sicament llana. La porpra s\u2019obtenia de les closques de tres esp\u00e8cies de mol\u00b7luscs i la seva explotaci\u00f3 va ser realment intensiva, fins al punt d\u2019acabar amb gaireb\u00e9 tota la seva poblaci\u00f3. La Xanga va ser un dels punts on s\u2019extreien i es molien aquestes closques.[\/vc_column_text][vc_column_text]La zona es pot rec\u00f3rrer sense dificultat i permet dedicar temps a la contemplaci\u00f3 per descobrir parts del que va ser un important complex: el moll, els aljubs que prove\u00efen d\u2019aigua, la torre que protegia els treballadors\u2026 pedres que ens parlen d\u2019hist\u00f2ria i d\u2019ind\u00fastria.[\/vc_column_text][vc_column_text css=&#8221;.vc_custom_1620120198473{margin-top: 15px !important;padding-top: 15px !important;}&#8221;]Des del promontori sobre el qual s\u2019al\u00e7a la torre divisem cap al nord-est una completa panor\u00e0mica de la platja d\u2019en Bossa i de les <strong>muralles de Dalt Vila<\/strong> amb la catedral coronant l\u2019imponent conjunt. Si girem la vista cap a l\u2019esquerra, veurem la tra\u00e7a dels canals d\u2019aigua que alimenten els <strong>estanys de la Sal Rossa<\/strong> i que, juntament amb altres punts d\u2019entrada, prove\u00efen del suficient flux d\u2019entrada i sortida necessari per decantar i sedimentar el preuat mineral blanc.[\/vc_column_text][vc_column_text css=&#8221;.vc_custom_1619780745864{margin-top: 15px !important;padding-top: 40px !important;}&#8221;]<\/p>\n<h2>Ruta:<\/h2>\n<p>[\/vc_column_text][vc_single_image image=&#8221;24290&#8243; img_size=&#8221;full&#8221; css=&#8221;.vc_custom_1619781423415{margin-top: 15px !important;margin-bottom: 15px !important;}&#8221;][vc_column_text css=&#8221;.vc_custom_1620120209516{margin-top: 15px !important;padding-top: 15px !important;}&#8221;]La ruta s\u2019inicia en direcci\u00f3 als estanys, seguint un cam\u00ed ben senyalitzat, <b>el cam\u00ed de sa Sal Rossa<\/b>, que ens dur\u00e0 pel l\u00edmit de les muntanyes ve\u00efnes, a l\u2019esquerra, i de les planes salineres situades a la nostra dreta.[\/vc_column_text][vc_single_image image=&#8221;24251&#8243; img_size=&#8221;full&#8221; css=&#8221;.vc_custom_1619780382914{margin-top: 15px !important;margin-bottom: 15px !important;}&#8221;][vc_column_text css=&#8221;.vc_custom_1620120228262{padding-bottom: 40px !important;}&#8221;]<\/p>\n<h6 style=\"text-align: center;\">Mirador a Sant Francesc de s&#8217;Estany<\/h6>\n<p>[\/vc_column_text][vc_column_text css=&#8221;.vc_custom_1620120235354{margin-top: 15px !important;padding-top: 15px !important;}&#8221;]Passats uns cent metres arribarem fins al diminut nucli de <b>Sant Francesc de s\u2019Estany<\/b>, poblat d\u2019ess\u00e8ncia salinera. La seva esgl\u00e9sia blanca, a l\u2019altre costat de la carretera, ens marca el comen\u00e7ament del segon tram del recorregut: el <b>carrer\u00f3 de Can Blai<\/b>.[\/vc_column_text][vc_single_image image=&#8221;24296&#8243; img_size=&#8221;full&#8221; css=&#8221;.vc_custom_1619781481325{margin-top: 15px !important;margin-bottom: 15px !important;}&#8221;][vc_column_text css=&#8221;.vc_custom_1619780819196{padding-bottom: 40px !important;}&#8221;]<\/p>\n<h6 style=\"text-align: center;\">Carerr\u00f3 de Can Blai<\/h6>\n<p>[\/vc_column_text][vc_column_text css=&#8221;.vc_custom_1620120247604{margin-top: 15px !important;padding-top: 15px !important;}&#8221;]Recuperat fa poc, aquest cam\u00ed travessava la plana salinera, entre marges de parets de pedra que es culminaven amb la que es coneix com a<strong> \u201cesquena d\u2019ase\u201d<\/strong>, una rematada triangular que donava a la part superior del mur un acabat m\u00e9s fi, habitualment referit i de vegades emblanquinat. El torrent d\u2019en Parra, que tamb\u00e9 va formar part de la xarxa de camins de la zona, es va canalitzar amb aquesta mateixa tipologia de murs gruixuts. El cam\u00ed pot arribar a tenir una amplitud de quatre metres, i les tasques de recuperaci\u00f3 han incl\u00f2s la incorporaci\u00f3 d\u2019un parell de bancs per descansar i la instal\u00b7laci\u00f3 de limitadors de pas de vehicles, per la qual cosa la passejada encara \u00e9s m\u00e9s relaxant.[\/vc_column_text][vc_single_image image=&#8221;24256&#8243; img_size=&#8221;full&#8221; css=&#8221;.vc_custom_1619780442940{margin-top: 15px !important;margin-bottom: 15px !important;}&#8221;][vc_column_text css=&#8221;.vc_custom_1619780819196{padding-bottom: 40px !important;}&#8221;]<\/p>\n<h6 style=\"text-align: center;\">Carerr\u00f3 de Can Blai<\/h6>\n<p>[\/vc_column_text][vc_column_text css=&#8221;.vc_custom_1620120262912{margin-top: 15px !important;padding-top: 15px !important;}&#8221;]Seguint el recorregut, voregem els estanys saliners, amb vistes privilegiades sobre la rica fauna d\u2019aus dels aiguamolls, flamencs inclosos, i contemplem els camps de cultiu que limiten amb els estanys. Cels oberts i amplis horitzons que ens acompanyaran durant tota la ruta.[\/vc_column_text][vc_single_image image=&#8221;24261&#8243; img_size=&#8221;full&#8221; css=&#8221;.vc_custom_1619780468494{margin-top: 15px !important;margin-bottom: 15px !important;}&#8221;][vc_column_text css=&#8221;.vc_custom_1619780844954{padding-bottom: 40px !important;}&#8221;]<\/p>\n<h6 style=\"text-align: center;\">Estanques salineros<\/h6>\n<p>[\/vc_column_text][vc_column_text css=&#8221;.vc_custom_1620120358207{margin-top: 15px !important;padding-top: 15px !important;}&#8221;]Les pistes de l\u2019aeroport constituiran la frontera que recorrerem fins a arribar a la <a href=\"\/?page_id=12227\"><strong>platja des Codolar<\/strong><\/a>; una vegada all\u00ed, podrem connectar amb una altra ruta per a passejants i ciclistes que ens portar\u00e0 fins a l\u2019extrem m\u00e9s allunyat del parc: <strong><a href=\"\/?page_id=12336\">sa Caleta<\/a><\/strong>, <strong><a href=\"\/?page_id=12210\">es Bol Nou<\/a><\/strong> i la punta des Jondal. Pots consulta la ruta <strong><a href=\"\/?page_id=13639\">aqu\u00ed.<\/a><\/strong>[\/vc_column_text][\/vc_column][\/vc_row]<\/p>\n<\/div>","protected":false},"excerpt":{"rendered":"<p>A Sant Josep ens hi espera una ruta carregada d\u2019hist\u00f2ria que ens traslladar\u00e0 a temps passats i a ind\u00fastries primig\u00e8nies que s\u2019obrien pas en una illa amb un incipient potencial econ\u00f2mic des de l\u2019\u00e8poca punicofen\u00edcia.<\/p>\n","protected":false},"author":1,"featured_media":24283,"comment_status":"open","ping_status":"open","sticky":false,"template":"","format":"standard","meta":{"_acf_changed":false,"inline_featured_image":false,"footnotes":""},"categories":[343,205,296],"tags":[],"class_list":["post-24301","post","type-post","status-publish","format-standard","has-post-thumbnail","hentry","category-cultura-ca","category-passejades-ca","category-patrimonio-ca"],"acf":[],"geo":null,"yoast_head":"<!-- This site is optimized with the Yoast SEO plugin v25.7 - https:\/\/yoast.com\/wordpress\/plugins\/seo\/ -->\n<title>Des Carregador a es Codolar, una ruta carregada d\u2019hist\u00f2ria - Santjosep.net<\/title>\n<meta name=\"robots\" content=\"index, follow, max-snippet:-1, max-image-preview:large, max-video-preview:-1\" \/>\n<link rel=\"canonical\" href=\"https:\/\/www.santjosep.net\/ca\/des-carregador-a-es-codolar-una-ruta-carregada-dhistoria\/\" \/>\n<meta property=\"og:locale\" content=\"ca_ES\" \/>\n<meta property=\"og:type\" content=\"article\" \/>\n<meta property=\"og:title\" content=\"Des Carregador a es Codolar, una ruta carregada d\u2019hist\u00f2ria - Santjosep.net\" \/>\n<meta property=\"og:description\" content=\"A Sant Josep ens hi espera una ruta carregada d\u2019hist\u00f2ria que ens traslladar\u00e0 a temps passats i a ind\u00fastries primig\u00e8nies que s\u2019obrien pas en una illa amb un incipient potencial econ\u00f2mic des de l\u2019\u00e8poca punicofen\u00edcia.\" \/>\n<meta property=\"og:url\" content=\"https:\/\/www.santjosep.net\/ca\/des-carregador-a-es-codolar-una-ruta-carregada-dhistoria\/\" \/>\n<meta property=\"og:site_name\" content=\"Santjosep.net\" \/>\n<meta property=\"article:published_time\" content=\"2021-04-30T11:13:52+00:00\" \/>\n<meta property=\"article:modified_time\" content=\"2021-05-04T09:26:15+00:00\" \/>\n<meta property=\"og:image\" content=\"https:\/\/www.santjosep.net\/wp-content\/uploads\/2021\/04\/carrerocanblai.jpg\" \/>\n\t<meta property=\"og:image:width\" content=\"890\" \/>\n\t<meta property=\"og:image:height\" content=\"667\" \/>\n\t<meta property=\"og:image:type\" content=\"image\/jpeg\" \/>\n<meta name=\"author\" content=\"Sant Josep\" \/>\n<meta name=\"twitter:card\" content=\"summary_large_image\" \/>\n<meta name=\"twitter:label1\" content=\"Escrit per\" \/>\n\t<meta name=\"twitter:data1\" content=\"Sant Josep\" \/>\n\t<meta name=\"twitter:label2\" content=\"Temps estimat de lectura\" \/>\n\t<meta name=\"twitter:data2\" content=\"6 minuts\" \/>\n<script type=\"application\/ld+json\" class=\"yoast-schema-graph\">{\"@context\":\"https:\/\/schema.org\",\"@graph\":[{\"@type\":\"WebPage\",\"@id\":\"https:\/\/www.santjosep.net\/ca\/des-carregador-a-es-codolar-una-ruta-carregada-dhistoria\/\",\"url\":\"https:\/\/www.santjosep.net\/ca\/des-carregador-a-es-codolar-una-ruta-carregada-dhistoria\/\",\"name\":\"Des Carregador a es Codolar, una ruta carregada d\u2019hist\u00f2ria - Santjosep.net\",\"isPartOf\":{\"@id\":\"https:\/\/www.santjosep.net\/#website\"},\"primaryImageOfPage\":{\"@id\":\"https:\/\/www.santjosep.net\/ca\/des-carregador-a-es-codolar-una-ruta-carregada-dhistoria\/#primaryimage\"},\"image\":{\"@id\":\"https:\/\/www.santjosep.net\/ca\/des-carregador-a-es-codolar-una-ruta-carregada-dhistoria\/#primaryimage\"},\"thumbnailUrl\":\"https:\/\/www.santjosep.net\/wp-content\/uploads\/2021\/04\/carrerocanblai.jpg\",\"datePublished\":\"2021-04-30T11:13:52+00:00\",\"dateModified\":\"2021-05-04T09:26:15+00:00\",\"author\":{\"@id\":\"https:\/\/www.santjosep.net\/#\/schema\/person\/b60e56f94e4e55776eb62bf4293f99b6\"},\"inLanguage\":\"ca\",\"potentialAction\":[{\"@type\":\"ReadAction\",\"target\":[\"https:\/\/www.santjosep.net\/ca\/des-carregador-a-es-codolar-una-ruta-carregada-dhistoria\/\"]}]},{\"@type\":\"ImageObject\",\"inLanguage\":\"ca\",\"@id\":\"https:\/\/www.santjosep.net\/ca\/des-carregador-a-es-codolar-una-ruta-carregada-dhistoria\/#primaryimage\",\"url\":\"https:\/\/www.santjosep.net\/wp-content\/uploads\/2021\/04\/carrerocanblai.jpg\",\"contentUrl\":\"https:\/\/www.santjosep.net\/wp-content\/uploads\/2021\/04\/carrerocanblai.jpg\",\"width\":890,\"height\":667},{\"@type\":\"WebSite\",\"@id\":\"https:\/\/www.santjosep.net\/#website\",\"url\":\"https:\/\/www.santjosep.net\/\",\"name\":\"Santjosep.net\",\"description\":\"\",\"potentialAction\":[{\"@type\":\"SearchAction\",\"target\":{\"@type\":\"EntryPoint\",\"urlTemplate\":\"https:\/\/www.santjosep.net\/?s={search_term_string}\"},\"query-input\":{\"@type\":\"PropertyValueSpecification\",\"valueRequired\":true,\"valueName\":\"search_term_string\"}}],\"inLanguage\":\"ca\"},{\"@type\":\"Person\",\"@id\":\"https:\/\/www.santjosep.net\/#\/schema\/person\/b60e56f94e4e55776eb62bf4293f99b6\",\"name\":\"Sant Josep\",\"image\":{\"@type\":\"ImageObject\",\"inLanguage\":\"ca\",\"@id\":\"https:\/\/www.santjosep.net\/#\/schema\/person\/image\/\",\"url\":\"https:\/\/secure.gravatar.com\/avatar\/2f4071817a97d2499c5aae9674ee15015b5a3c7c0974ca84f095a8e4aadcda56?s=96&d=mm&r=g\",\"contentUrl\":\"https:\/\/secure.gravatar.com\/avatar\/2f4071817a97d2499c5aae9674ee15015b5a3c7c0974ca84f095a8e4aadcda56?s=96&d=mm&r=g\",\"caption\":\"Sant Josep\"},\"url\":\"https:\/\/www.santjosep.net\/ca\/author\/fugrafic\/\"}]}<\/script>\n<!-- \/ Yoast SEO plugin. -->","yoast_head_json":{"title":"Des Carregador a es Codolar, una ruta carregada d\u2019hist\u00f2ria - Santjosep.net","robots":{"index":"index","follow":"follow","max-snippet":"max-snippet:-1","max-image-preview":"max-image-preview:large","max-video-preview":"max-video-preview:-1"},"canonical":"https:\/\/www.santjosep.net\/ca\/des-carregador-a-es-codolar-una-ruta-carregada-dhistoria\/","og_locale":"ca_ES","og_type":"article","og_title":"Des Carregador a es Codolar, una ruta carregada d\u2019hist\u00f2ria - Santjosep.net","og_description":"A Sant Josep ens hi espera una ruta carregada d\u2019hist\u00f2ria que ens traslladar\u00e0 a temps passats i a ind\u00fastries primig\u00e8nies que s\u2019obrien pas en una illa amb un incipient potencial econ\u00f2mic des de l\u2019\u00e8poca punicofen\u00edcia.","og_url":"https:\/\/www.santjosep.net\/ca\/des-carregador-a-es-codolar-una-ruta-carregada-dhistoria\/","og_site_name":"Santjosep.net","article_published_time":"2021-04-30T11:13:52+00:00","article_modified_time":"2021-05-04T09:26:15+00:00","og_image":[{"width":890,"height":667,"url":"https:\/\/www.santjosep.net\/wp-content\/uploads\/2021\/04\/carrerocanblai.jpg","type":"image\/jpeg"}],"author":"Sant Josep","twitter_card":"summary_large_image","twitter_misc":{"Escrit per":"Sant Josep","Temps estimat de lectura":"6 minuts"},"schema":{"@context":"https:\/\/schema.org","@graph":[{"@type":"WebPage","@id":"https:\/\/www.santjosep.net\/ca\/des-carregador-a-es-codolar-una-ruta-carregada-dhistoria\/","url":"https:\/\/www.santjosep.net\/ca\/des-carregador-a-es-codolar-una-ruta-carregada-dhistoria\/","name":"Des Carregador a es Codolar, una ruta carregada d\u2019hist\u00f2ria - Santjosep.net","isPartOf":{"@id":"https:\/\/www.santjosep.net\/#website"},"primaryImageOfPage":{"@id":"https:\/\/www.santjosep.net\/ca\/des-carregador-a-es-codolar-una-ruta-carregada-dhistoria\/#primaryimage"},"image":{"@id":"https:\/\/www.santjosep.net\/ca\/des-carregador-a-es-codolar-una-ruta-carregada-dhistoria\/#primaryimage"},"thumbnailUrl":"https:\/\/www.santjosep.net\/wp-content\/uploads\/2021\/04\/carrerocanblai.jpg","datePublished":"2021-04-30T11:13:52+00:00","dateModified":"2021-05-04T09:26:15+00:00","author":{"@id":"https:\/\/www.santjosep.net\/#\/schema\/person\/b60e56f94e4e55776eb62bf4293f99b6"},"inLanguage":"ca","potentialAction":[{"@type":"ReadAction","target":["https:\/\/www.santjosep.net\/ca\/des-carregador-a-es-codolar-una-ruta-carregada-dhistoria\/"]}]},{"@type":"ImageObject","inLanguage":"ca","@id":"https:\/\/www.santjosep.net\/ca\/des-carregador-a-es-codolar-una-ruta-carregada-dhistoria\/#primaryimage","url":"https:\/\/www.santjosep.net\/wp-content\/uploads\/2021\/04\/carrerocanblai.jpg","contentUrl":"https:\/\/www.santjosep.net\/wp-content\/uploads\/2021\/04\/carrerocanblai.jpg","width":890,"height":667},{"@type":"WebSite","@id":"https:\/\/www.santjosep.net\/#website","url":"https:\/\/www.santjosep.net\/","name":"Santjosep.net","description":"","potentialAction":[{"@type":"SearchAction","target":{"@type":"EntryPoint","urlTemplate":"https:\/\/www.santjosep.net\/?s={search_term_string}"},"query-input":{"@type":"PropertyValueSpecification","valueRequired":true,"valueName":"search_term_string"}}],"inLanguage":"ca"},{"@type":"Person","@id":"https:\/\/www.santjosep.net\/#\/schema\/person\/b60e56f94e4e55776eb62bf4293f99b6","name":"Sant Josep","image":{"@type":"ImageObject","inLanguage":"ca","@id":"https:\/\/www.santjosep.net\/#\/schema\/person\/image\/","url":"https:\/\/secure.gravatar.com\/avatar\/2f4071817a97d2499c5aae9674ee15015b5a3c7c0974ca84f095a8e4aadcda56?s=96&d=mm&r=g","contentUrl":"https:\/\/secure.gravatar.com\/avatar\/2f4071817a97d2499c5aae9674ee15015b5a3c7c0974ca84f095a8e4aadcda56?s=96&d=mm&r=g","caption":"Sant Josep"},"url":"https:\/\/www.santjosep.net\/ca\/author\/fugrafic\/"}]}},"_links":{"self":[{"href":"https:\/\/www.santjosep.net\/ca\/wp-json\/wp\/v2\/posts\/24301","targetHints":{"allow":["GET"]}}],"collection":[{"href":"https:\/\/www.santjosep.net\/ca\/wp-json\/wp\/v2\/posts"}],"about":[{"href":"https:\/\/www.santjosep.net\/ca\/wp-json\/wp\/v2\/types\/post"}],"author":[{"embeddable":true,"href":"https:\/\/www.santjosep.net\/ca\/wp-json\/wp\/v2\/users\/1"}],"replies":[{"embeddable":true,"href":"https:\/\/www.santjosep.net\/ca\/wp-json\/wp\/v2\/comments?post=24301"}],"version-history":[{"count":0,"href":"https:\/\/www.santjosep.net\/ca\/wp-json\/wp\/v2\/posts\/24301\/revisions"}],"wp:featuredmedia":[{"embeddable":true,"href":"https:\/\/www.santjosep.net\/ca\/wp-json\/wp\/v2\/media\/24283"}],"wp:attachment":[{"href":"https:\/\/www.santjosep.net\/ca\/wp-json\/wp\/v2\/media?parent=24301"}],"wp:term":[{"taxonomy":"category","embeddable":true,"href":"https:\/\/www.santjosep.net\/ca\/wp-json\/wp\/v2\/categories?post=24301"},{"taxonomy":"post_tag","embeddable":true,"href":"https:\/\/www.santjosep.net\/ca\/wp-json\/wp\/v2\/tags?post=24301"}],"curies":[{"name":"wp","href":"https:\/\/api.w.org\/{rel}","templated":true}]}}