{"id":23989,"date":"2021-01-18T11:36:42","date_gmt":"2021-01-18T10:36:42","guid":{"rendered":"https:\/\/www.santjosep.net\/rumbo-a-sant-josep-la-costa-que-enamora\/"},"modified":"2021-01-21T16:04:15","modified_gmt":"2021-01-21T15:04:15","slug":"rumb-a-sant-josep-la-costa-que-enamora","status":"publish","type":"post","link":"https:\/\/www.santjosep.net\/ca\/rumb-a-sant-josep-la-costa-que-enamora\/","title":{"rendered":"Rumb a Sant Josep, la costa que enamora"},"content":{"rendered":"<div class=\"wpb-content-wrapper\"><p>[vc_row enable_hue_rotation=&#8221;no&#8221; enable_text_marquee=&#8221;no&#8221;][vc_column][vc_column_text css=&#8221;.vc_custom_1611240907113{margin-bottom: 40px !important;}&#8221;]Parlar de Sant Josep \u00e9s parlar de natura, de paisatge i d\u2019experi\u00e8ncies inoblidables relacionades amb l\u2019entorn. La geografia del municipi alterna paisatges d\u2019interior, de car\u00e0cter eminentment rural i tradicional, amb altres en qu\u00e8 el mar, les cales d\u2019aig\u00fces transl\u00facides i els penya-segats m\u00e9s espectaculars apareixen esquitxats per una mir\u00edada d\u2019illots plens de bellesa. Sant Josep \u00e9s, sens dubte, un territori privilegiat de l\u2019illa d\u2019Eivissa amb una costa farcida d\u2019atractius.[\/vc_column_text][vc_single_image image=&#8221;23962&#8243; img_size=&#8221;full&#8221; css=&#8221;.vc_custom_1610966616565{margin-top: 15px !important;margin-bottom: 15px !important;}&#8221;][vc_column_text css=&#8221;.vc_custom_1610966626282{margin-bottom: 60px !important;}&#8221;]<\/p>\n<h6 style=\"text-align: right;\">Es Vedr\u00e0<\/h6>\n<p>[\/vc_column_text][vc_column_text css=&#8221;.vc_custom_1611240948051{margin-bottom: 40px !important;}&#8221;]Al llarg dels seus <strong>84 quil\u00f2metres,<\/strong> el litoral ofereix un repertori espectacular de cales i racons pintorescos que el navegant gaudeix en tota la seva esplendor. No \u00e9s dif\u00edcil deixar-se astorar per la imponent <a href=\"\/?p=20385\">mola des Vedr\u00e0<\/a> o la transpar\u00e8ncia gaireb\u00e9 inversemblant de les aig\u00fces de <a href=\"\/?page_id=12188\">cala Bassa<\/a>, fondejar en un petit rac\u00f3 de la costa per veure com es pon el sol o posar proa cap a les platges m\u00e9s cosmopolites per gaudir de l\u2019ambient estival i de la irresistible bellesa del <a href=\"\/?page_id=13645\">Parc Natural de ses Salines<\/a>. Sant Josep ofereix aix\u00f2 i molt m\u00e9s en totes i cadascuna una de les seves facetes marineres.[\/vc_column_text][vc_single_image image=&#8221;23863&#8243; img_size=&#8221;full&#8221; css=&#8221;.vc_custom_1610961859634{margin-top: 15px !important;margin-bottom: 15px !important;}&#8221;][vc_column_text css=&#8221;.vc_custom_1611240962196{margin-bottom: 60px !important;}&#8221;]<\/p>\n<h6 style=\"text-align: right;\">Parc Natural de ses Salines, Torre de Ses Portes<\/h6>\n<p>[\/vc_column_text][vc_column_text css=&#8221;.vc_custom_1611241017300{margin-bottom: 40px !important;}&#8221;]Quan es t\u00e9 la sort de poder rec\u00f3rrer la costa de <strong>Sant Josep<\/strong>, no s\u2019ha de deixar escapar l\u2019oportunitat de fer una s\u00e8rie de visites obligades, indrets \u00fanics que mereixen ser contemplats almenys una vegada a la vida. Els illots de la seva costa s\u00f3n un d\u2019aquests <i>musts <\/i>i els podem ordenar per grups. Per exemple, els <a href=\"\/?page_id=12372\">illots de Ponent,<\/a> els m\u00e9s allunyats del litoral, formen un petit arxip\u00e8lag i s\u00f3n aut\u00e8ntiques reserves naturals. En ser entorns protegits, no est\u00e0 perm\u00e8s desembarcar-hi, per\u00f2 els seus contorns mostren formes molt peculiars. D\u2019algun d\u2019aquests illots, com \u00e9s el cas de<strong> s\u2019Espartar<\/strong>, se n\u2019extreia l\u2019espart amb qu\u00e8 s\u2019elaboraven productes artesans com les espardenyes o els t\u00edpics cabassos. En aquest illot i a la resta hi trobem esp\u00e8cies end\u00e8miques com les sargantanes i algunes plantes resistents que prosperen sense interfer\u00e8ncies externes. M\u00e9s a prop de la costa hi tenim les illes des<strong> Bosc i Conillera<\/strong>, aquesta \u00faltima de dimensions m\u00e9s grans. Ambdues capten l\u2019atenci\u00f3 de tots els banyistes que gaudeixen de les aig\u00fces de les platges de Comte, encaixades en un litoral format per mar\u00e8s que, esculpit pel vent i el mar, ens regala la vista amb formes capricioses i perfils ins\u00f2lits. Indispensable la <strong>posta del sol<\/strong>.[\/vc_column_text][vc_column_text css=&#8221;.vc_custom_1610962444803{margin-top: 15px !important;margin-bottom: 15px !important;}&#8221;]<style>#jtg-23867 .modula-item .jtg-social a, .lightbox-socials.jtg-social a{ fill: #ffffff; color: #ffffff }#jtg-23867 .modula-item .jtg-social-mobile a{ fill: #ffffff; color: #ffffff }#jtg-23867 .modula-item .jtg-social svg, .lightbox-socials.jtg-social svg { height: 16px; width: 16px }#jtg-23867 .modula-item .jtg-social-mobile svg { height: 16px; width: 16px }#jtg-23867 .modula-item .jtg-social a:not(:last-child), .lightbox-socials.jtg-social a:not(:last-child) { margin-right: 10px }#jtg-23867 .modula-item .jtg-social-mobile .jtg-social-mobile-icons a:not(:last-child){ margin-right: 10px }#jtg-23867 .modula-item .figc {color:#ffffff;}#jtg-23867 .modula-item .modula-item-content { transform: scale(1) }#jtg-23867 .modula-items .figc p.description { font-size:14px; }#jtg-23867 .modula-items .figc p.description { color:#ffffff;}#jtg-23867.modula-gallery .modula-item > a, #jtg-23867.modula-gallery .modula-item, #jtg-23867.modula-gallery .modula-item-content > a:not(.modula-no-follow) { cursor:zoom-in; } #jtg-23867.modula-gallery .modula-item-content .modula-no-follow { cursor: default; } @media screen and (max-width:480px){#jtg-23867 .modula-item .figc .jtg-title {  font-size: 12px; }#jtg-23867 .modula-items .figc p.description { color:#ffffff;font-size:10px; }}#jtg-23867 .modula-items .modula-item:hover img{opacity:1;}<\/style>\n<div  id=\"jtg-23867\" class=\"modula modula-gallery modula-custom-grid\" data-config=\"{&quot;height&quot;:800,&quot;tabletHeight&quot;:800,&quot;mobileHeight&quot;:800,&quot;desktopHeight&quot;:800,&quot;enableTwitter&quot;:true,&quot;enableWhatsapp&quot;:false,&quot;enableFacebook&quot;:true,&quot;enablePinterest&quot;:true,&quot;enableLinkedin&quot;:true,&quot;enableEmail&quot;:false,&quot;randomFactor&quot;:0.5,&quot;type&quot;:&quot;custom-grid&quot;,&quot;columns&quot;:12,&quot;gutter&quot;:0,&quot;mobileGutter&quot;:0,&quot;tabletGutter&quot;:0,&quot;desktopGutter&quot;:0,&quot;enableResponsive&quot;:&quot;1&quot;,&quot;tabletColumns&quot;:&quot;2&quot;,&quot;mobileColumns&quot;:&quot;1&quot;,&quot;lazyLoad&quot;:&quot;0&quot;,&quot;lightboxOpts&quot;:{&quot;animated&quot;:true,&quot;Thumbs&quot;:{&quot;type&quot;:&quot;modern&quot;,&quot;showOnStart&quot;:false},&quot;Toolbar&quot;:{&quot;display&quot;:{&quot;right&quot;:[&quot;close&quot;]},&quot;enabled&quot;:true},&quot;Carousel&quot;:{&quot;Panzoom&quot;:{&quot;touch&quot;:false},&quot;infinite&quot;:false},&quot;keyboard&quot;:{&quot;Escape&quot;:&quot;close&quot;,&quot;Delete&quot;:&quot;close&quot;,&quot;Backspace&quot;:&quot;close&quot;,&quot;PageUp&quot;:false,&quot;PageDown&quot;:false,&quot;ArrowUp&quot;:false,&quot;ArrowDown&quot;:false,&quot;ArrowRight&quot;:false,&quot;ArrowLeft&quot;:false},&quot;touch&quot;:false,&quot;backdropClick&quot;:false,&quot;l10n&quot;:{&quot;CLOSE&quot;:&quot;Close&quot;,&quot;NEXT&quot;:&quot;Next&quot;,&quot;PREV&quot;:&quot;Previous&quot;,&quot;Error&quot;:&quot;The requested content cannot be loaded. Please try again later.&quot;,&quot;PLAY_START&quot;:&quot;Start slideshow&quot;,&quot;PLAY_STOP&quot;:&quot;Pause slideshow&quot;,&quot;FULL_SCREEN&quot;:&quot;Full screen&quot;,&quot;THUMBS&quot;:&quot;Thumbnails&quot;,&quot;DOWNLOAD&quot;:&quot;Download&quot;,&quot;SHARE&quot;:&quot;Share&quot;,&quot;ZOOM&quot;:&quot;Zoom&quot;,&quot;EMAIL&quot;:&quot;Here is the link to the image : %%image_link%% and this is the link to the gallery : %%gallery_link%%&quot;,&quot;MODAL&quot;:&quot;You can close this modal content with the ESC key&quot;,&quot;ERROR&quot;:&quot;Something Went Wrong, Please Try Again Later&quot;,&quot;IMAGE_ERROR&quot;:&quot;Image Not Found&quot;,&quot;ELEMENT_NOT_FOUND&quot;:&quot;HTML Element Not Found&quot;,&quot;AJAX_NOT_FOUND&quot;:&quot;Error Loading AJAX : Not Found&quot;,&quot;AJAX_FORBIDDEN&quot;:&quot;Error Loading AJAX : Forbidden&quot;,&quot;IFRAME_ERROR&quot;:&quot;Error Loading Page&quot;,&quot;TOGGLE_ZOOM&quot;:&quot;Toggle zoom level&quot;,&quot;TOGGLE_THUMBS&quot;:&quot;Toggle thumbnails&quot;,&quot;TOGGLE_SLIDESHOW&quot;:&quot;Toggle slideshow&quot;,&quot;TOGGLE_FULLSCREEN&quot;:&quot;Toggle full-screen mode&quot;},&quot;Images&quot;:{&quot;Panzoom&quot;:{&quot;maxScale&quot;:2}},&quot;mainClass&quot;:&quot;modula-fancybox-container modula-lightbox-jtg-23867&quot;,&quot;Html&quot;:{&quot;videoAutoplay&quot;:0,&quot;videoTpl&quot;:&quot;&lt;video class=\\&quot;fancybox__html5video\\&quot; controls muted playsinline controlsList controlsList=\\&quot;nodownload\\&quot; poster=\\&quot;{{poster}}\\&quot; src=\\&quot;{{src}}\\&quot; type=\\&quot;{{format}}\\&quot; &gt;  Sorry, your browser doesn&#039;t support embedded videos, &lt;a href=\\&quot;{{src}}\\&quot;&gt; download &lt;\\\/a&gt; and watch with your favorite video player! &lt;\\\/video&gt;&quot;}},&quot;inView&quot;:false,&quot;email_subject&quot;:&quot;Check out this awesome image !!&quot;,&quot;email_message&quot;:&quot;Here is the link to the image : %%image_link%% and this is the link to the gallery : %%gallery_link%%&quot;,&quot;lightbox&quot;:&quot;fancybox&quot;}\">\n\n\t\n\t<div  class=\"modula-items\">\n\t\t<div class=\"modula-item\" data-width=\"7\" data-height=\"5\" >\n\t<div class=\"modula-item-content\">\n\t\t\n\t\t\t\t\t<a data-image-id=\"23889\" tabindex=\"0\" rel=\"jtg-23867\" data-caption=\"\" aria-label=\"Open image in lightbox\" role=\"button\" class=\"tile-inner modula-item-link\"><\/a>\n\t\t\n\t\t<img loading=\"lazy\" decoding=\"async\" class=\"pic wp-image-23889\"  data-valign=\"middle\" data-halign=\"center\" alt=\"\" data-full=\"https:\/\/www.santjosep.net\/wp-content\/uploads\/2021\/01\/DJI_0017-2.jpg\" title=\"DJI_0017-2\" width=\"1400\" height=\"1049\" src=\"https:\/\/www.santjosep.net\/wp-content\/uploads\/2021\/01\/DJI_0017-2.jpg\" data-src=\"https:\/\/www.santjosep.net\/wp-content\/uploads\/2021\/01\/DJI_0017-2.jpg\" data-caption=\"\" srcset=\"https:\/\/www.santjosep.net\/wp-content\/uploads\/2021\/01\/DJI_0017-2.jpg 1400w, https:\/\/www.santjosep.net\/wp-content\/uploads\/2021\/01\/DJI_0017-2-300x225.jpg 300w, https:\/\/www.santjosep.net\/wp-content\/uploads\/2021\/01\/DJI_0017-2-1024x767.jpg 1024w, https:\/\/www.santjosep.net\/wp-content\/uploads\/2021\/01\/DJI_0017-2-768x575.jpg 768w, https:\/\/www.santjosep.net\/wp-content\/uploads\/2021\/01\/DJI_0017-2-800x600.jpg 800w\" sizes=\"auto, (max-width: 1400px) 100vw, 1400px\" \/>\n\t<\/div>\n\n<\/div><div class=\"modula-item\" data-width=\"12\" data-height=\"6\" >\n\t<div class=\"modula-item-content\">\n\t\t\n\t\t\t\t\t<a data-image-id=\"23884\" tabindex=\"0\" rel=\"jtg-23867\" data-caption=\"\" aria-label=\"Open image in lightbox\" role=\"button\" class=\"tile-inner modula-item-link\"><\/a>\n\t\t\n\t\t<img loading=\"lazy\" decoding=\"async\" class=\"pic wp-image-23884\"  data-valign=\"middle\" data-halign=\"center\" alt=\"\" data-full=\"https:\/\/www.santjosep.net\/wp-content\/uploads\/2021\/01\/P1010115.jpg\" title=\"P1010115\" width=\"1400\" height=\"1050\" src=\"https:\/\/www.santjosep.net\/wp-content\/uploads\/2021\/01\/P1010115.jpg\" data-src=\"https:\/\/www.santjosep.net\/wp-content\/uploads\/2021\/01\/P1010115.jpg\" data-caption=\"\" srcset=\"https:\/\/www.santjosep.net\/wp-content\/uploads\/2021\/01\/P1010115.jpg 1400w, https:\/\/www.santjosep.net\/wp-content\/uploads\/2021\/01\/P1010115-300x225.jpg 300w, https:\/\/www.santjosep.net\/wp-content\/uploads\/2021\/01\/P1010115-1024x768.jpg 1024w, https:\/\/www.santjosep.net\/wp-content\/uploads\/2021\/01\/P1010115-768x576.jpg 768w, https:\/\/www.santjosep.net\/wp-content\/uploads\/2021\/01\/P1010115-800x600.jpg 800w\" sizes=\"auto, (max-width: 1400px) 100vw, 1400px\" \/>\n\t<\/div>\n\n<\/div><div class=\"modula-item\" data-width=\"5\" data-height=\"5\" >\n\t<div class=\"modula-item-content\">\n\t\t\n\t\t\t\t\t<a data-image-id=\"23894\" tabindex=\"0\" rel=\"jtg-23867\" data-caption=\"\" aria-label=\"Open image in lightbox\" role=\"button\" class=\"tile-inner modula-item-link\"><\/a>\n\t\t\n\t\t<img loading=\"lazy\" decoding=\"async\" class=\"pic wp-image-23894\"  data-valign=\"middle\" data-halign=\"center\" alt=\"\" data-full=\"https:\/\/www.santjosep.net\/wp-content\/uploads\/2021\/01\/P1010119.jpg\" title=\"P1010119\" width=\"1400\" height=\"1050\" src=\"https:\/\/www.santjosep.net\/wp-content\/uploads\/2021\/01\/P1010119.jpg\" data-src=\"https:\/\/www.santjosep.net\/wp-content\/uploads\/2021\/01\/P1010119.jpg\" data-caption=\"\" srcset=\"https:\/\/www.santjosep.net\/wp-content\/uploads\/2021\/01\/P1010119.jpg 1400w, https:\/\/www.santjosep.net\/wp-content\/uploads\/2021\/01\/P1010119-300x225.jpg 300w, https:\/\/www.santjosep.net\/wp-content\/uploads\/2021\/01\/P1010119-1024x768.jpg 1024w, https:\/\/www.santjosep.net\/wp-content\/uploads\/2021\/01\/P1010119-768x576.jpg 768w, https:\/\/www.santjosep.net\/wp-content\/uploads\/2021\/01\/P1010119-800x600.jpg 800w\" sizes=\"auto, (max-width: 1400px) 100vw, 1400px\" \/>\n\t<\/div>\n\n<\/div>\t\t\n\t<\/div>\n\n\t\n\t\n\t<script type=\"application\/ld+json\">\n\t{\n\t\t\"@context\": \"http:\/\/schema.org\",\n\t\t\"@type\"   : \"ImageGallery\",\n\t\t\"id\"      : \"https:\/\/www.santjosep.net\/ca\/rumb-a-sant-josep-la-costa-que-enamora\/\",\n\t\t\"url\"     : \"https:\/\/www.santjosep.net\/ca\/rumb-a-sant-josep-la-costa-que-enamora\/\"\n\t}\n\n\t<\/script>\n\n\t\n<\/div>\n[\/vc_column_text][vc_column_text css=&#8221;.vc_custom_1611241030319{margin-bottom: 60px !important;}&#8221;]<\/p>\n<h6 style=\"text-align: right;\">Illots de Ponent<\/h6>\n<p>[\/vc_column_text][vc_column_text css=&#8221;.vc_custom_1611241079889{margin-bottom: 40px !important;}&#8221;]En un altre grup d\u2019illots, m\u00e9s al sud, hi trobem <strong>es Vedr\u00e0 <\/strong>i<strong> es Vedranell<\/strong>, tots dos part de la <a href=\"\/?page_id=12372\">Reserva Natural des Vedr\u00e0<\/a>. Navegar sota la imponent figura d\u2019aquest majestu\u00f3s parell d\u2019illots \u00e9s una de les millors experi\u00e8ncies que qualsevol navegant pot viure en aquest extrem de l\u2019illa. No s\u00f3n pocs els aficionats que hi arriben en caiac, tot i que cal ser caut davant els possibles corrents que solen fluctuar al canal. El punt de partida per a aquestes travessies sol ser la <a href=\"\/?p=12923\">platja de cala d\u2019Hort<\/a> que, a m\u00e9s de belles panor\u00e0miques, disposa d\u2019una oferta gastron\u00f2mica excel\u00b7lent.[\/vc_column_text][vc_column_text css=&#8221;.vc_custom_1610962611292{margin-top: 15px !important;margin-bottom: 15px !important;}&#8221;]<style>#jtg-23899 .modula-item .jtg-social a, .lightbox-socials.jtg-social a{ fill: #ffffff; color: #ffffff }#jtg-23899 .modula-item .jtg-social-mobile a{ fill: #ffffff; color: #ffffff }#jtg-23899 .modula-item .jtg-social svg, .lightbox-socials.jtg-social svg { height: 16px; width: 16px }#jtg-23899 .modula-item .jtg-social-mobile svg { height: 16px; width: 16px }#jtg-23899 .modula-item .jtg-social a:not(:last-child), .lightbox-socials.jtg-social a:not(:last-child) { margin-right: 10px }#jtg-23899 .modula-item .jtg-social-mobile .jtg-social-mobile-icons a:not(:last-child){ margin-right: 10px }#jtg-23899 .modula-item .figc {color:#ffffff;}#jtg-23899 .modula-item .modula-item-content { transform: scale(1) }#jtg-23899 .modula-items .figc p.description { font-size:14px; }#jtg-23899 .modula-items .figc p.description { color:#ffffff;}#jtg-23899.modula-gallery .modula-item > a, #jtg-23899.modula-gallery .modula-item, #jtg-23899.modula-gallery .modula-item-content > a:not(.modula-no-follow) { cursor:zoom-in; } #jtg-23899.modula-gallery .modula-item-content .modula-no-follow { cursor: default; } @media screen and (max-width:480px){#jtg-23899 .modula-item .figc .jtg-title {  font-size: 12px; }#jtg-23899 .modula-items .figc p.description { color:#ffffff;font-size:10px; }}#jtg-23899 .modula-items .modula-item:hover img{opacity:1;}<\/style>\n<div  id=\"jtg-23899\" class=\"modula modula-gallery modula-custom-grid\" data-config=\"{&quot;height&quot;:800,&quot;tabletHeight&quot;:800,&quot;mobileHeight&quot;:800,&quot;desktopHeight&quot;:800,&quot;enableTwitter&quot;:true,&quot;enableWhatsapp&quot;:false,&quot;enableFacebook&quot;:true,&quot;enablePinterest&quot;:true,&quot;enableLinkedin&quot;:true,&quot;enableEmail&quot;:false,&quot;randomFactor&quot;:0.5,&quot;type&quot;:&quot;custom-grid&quot;,&quot;columns&quot;:12,&quot;gutter&quot;:0,&quot;mobileGutter&quot;:0,&quot;tabletGutter&quot;:0,&quot;desktopGutter&quot;:0,&quot;enableResponsive&quot;:&quot;1&quot;,&quot;tabletColumns&quot;:&quot;2&quot;,&quot;mobileColumns&quot;:&quot;1&quot;,&quot;lazyLoad&quot;:&quot;0&quot;,&quot;lightboxOpts&quot;:{&quot;animated&quot;:true,&quot;Thumbs&quot;:{&quot;type&quot;:&quot;modern&quot;,&quot;showOnStart&quot;:false},&quot;Toolbar&quot;:{&quot;display&quot;:{&quot;right&quot;:[&quot;close&quot;]},&quot;enabled&quot;:true},&quot;Carousel&quot;:{&quot;Panzoom&quot;:{&quot;touch&quot;:false},&quot;infinite&quot;:false},&quot;keyboard&quot;:{&quot;Escape&quot;:&quot;close&quot;,&quot;Delete&quot;:&quot;close&quot;,&quot;Backspace&quot;:&quot;close&quot;,&quot;PageUp&quot;:false,&quot;PageDown&quot;:false,&quot;ArrowUp&quot;:false,&quot;ArrowDown&quot;:false,&quot;ArrowRight&quot;:false,&quot;ArrowLeft&quot;:false},&quot;touch&quot;:false,&quot;backdropClick&quot;:false,&quot;l10n&quot;:{&quot;CLOSE&quot;:&quot;Close&quot;,&quot;NEXT&quot;:&quot;Next&quot;,&quot;PREV&quot;:&quot;Previous&quot;,&quot;Error&quot;:&quot;The requested content cannot be loaded. Please try again later.&quot;,&quot;PLAY_START&quot;:&quot;Start slideshow&quot;,&quot;PLAY_STOP&quot;:&quot;Pause slideshow&quot;,&quot;FULL_SCREEN&quot;:&quot;Full screen&quot;,&quot;THUMBS&quot;:&quot;Thumbnails&quot;,&quot;DOWNLOAD&quot;:&quot;Download&quot;,&quot;SHARE&quot;:&quot;Share&quot;,&quot;ZOOM&quot;:&quot;Zoom&quot;,&quot;EMAIL&quot;:&quot;Here is the link to the image : %%image_link%% and this is the link to the gallery : %%gallery_link%%&quot;,&quot;MODAL&quot;:&quot;You can close this modal content with the ESC key&quot;,&quot;ERROR&quot;:&quot;Something Went Wrong, Please Try Again Later&quot;,&quot;IMAGE_ERROR&quot;:&quot;Image Not Found&quot;,&quot;ELEMENT_NOT_FOUND&quot;:&quot;HTML Element Not Found&quot;,&quot;AJAX_NOT_FOUND&quot;:&quot;Error Loading AJAX : Not Found&quot;,&quot;AJAX_FORBIDDEN&quot;:&quot;Error Loading AJAX : Forbidden&quot;,&quot;IFRAME_ERROR&quot;:&quot;Error Loading Page&quot;,&quot;TOGGLE_ZOOM&quot;:&quot;Toggle zoom level&quot;,&quot;TOGGLE_THUMBS&quot;:&quot;Toggle thumbnails&quot;,&quot;TOGGLE_SLIDESHOW&quot;:&quot;Toggle slideshow&quot;,&quot;TOGGLE_FULLSCREEN&quot;:&quot;Toggle full-screen mode&quot;},&quot;Images&quot;:{&quot;Panzoom&quot;:{&quot;maxScale&quot;:2}},&quot;mainClass&quot;:&quot;modula-fancybox-container modula-lightbox-jtg-23899&quot;,&quot;Html&quot;:{&quot;videoAutoplay&quot;:0,&quot;videoTpl&quot;:&quot;&lt;video class=\\&quot;fancybox__html5video\\&quot; controls muted playsinline controlsList controlsList=\\&quot;nodownload\\&quot; poster=\\&quot;{{poster}}\\&quot; src=\\&quot;{{src}}\\&quot; type=\\&quot;{{format}}\\&quot; &gt;  Sorry, your browser doesn&#039;t support embedded videos, &lt;a href=\\&quot;{{src}}\\&quot;&gt; download &lt;\\\/a&gt; and watch with your favorite video player! &lt;\\\/video&gt;&quot;}},&quot;inView&quot;:false,&quot;email_subject&quot;:&quot;Check out this awesome image !!&quot;,&quot;email_message&quot;:&quot;Here is the link to the image : %%image_link%% and this is the link to the gallery : %%gallery_link%%&quot;,&quot;lightbox&quot;:&quot;fancybox&quot;}\">\n\n\t\n\t<div  class=\"modula-items\">\n\t\t<div class=\"modula-item\" data-width=\"7\" data-height=\"5\" >\n\t<div class=\"modula-item-content\">\n\t\t\n\t\t\t\t\t<a data-image-id=\"23911\" tabindex=\"0\" rel=\"jtg-23899\" data-caption=\"\" aria-label=\"Open image in lightbox\" role=\"button\" class=\"tile-inner modula-item-link\"><\/a>\n\t\t\n\t\t<img loading=\"lazy\" decoding=\"async\" class=\"pic wp-image-23911\"  data-valign=\"middle\" data-halign=\"center\" alt=\"\" data-full=\"https:\/\/www.santjosep.net\/wp-content\/uploads\/2021\/01\/IMG_1954.jpg\" title=\"IMG_1954\" width=\"1400\" height=\"933\" src=\"https:\/\/www.santjosep.net\/wp-content\/uploads\/2021\/01\/IMG_1954.jpg\" data-src=\"https:\/\/www.santjosep.net\/wp-content\/uploads\/2021\/01\/IMG_1954.jpg\" data-caption=\"\" srcset=\"https:\/\/www.santjosep.net\/wp-content\/uploads\/2021\/01\/IMG_1954.jpg 1400w, https:\/\/www.santjosep.net\/wp-content\/uploads\/2021\/01\/IMG_1954-300x200.jpg 300w, https:\/\/www.santjosep.net\/wp-content\/uploads\/2021\/01\/IMG_1954-1024x682.jpg 1024w, https:\/\/www.santjosep.net\/wp-content\/uploads\/2021\/01\/IMG_1954-768x512.jpg 768w\" sizes=\"auto, (max-width: 1400px) 100vw, 1400px\" \/>\n\t<\/div>\n\n<\/div><div class=\"modula-item\" data-width=\"5\" data-height=\"5\" >\n\t<div class=\"modula-item-content\">\n\t\t\n\t\t\t\t\t<a data-image-id=\"23900\" tabindex=\"0\" rel=\"jtg-23899\" data-caption=\"\" aria-label=\"Open image in lightbox\" role=\"button\" class=\"tile-inner modula-item-link\"><\/a>\n\t\t\n\t\t<img loading=\"lazy\" decoding=\"async\" class=\"pic wp-image-23900\"  data-valign=\"middle\" data-halign=\"center\" alt=\"\" data-full=\"https:\/\/www.santjosep.net\/wp-content\/uploads\/2021\/01\/IMG_0818.jpg\" title=\"IMG_0818\" width=\"1400\" height=\"933\" src=\"https:\/\/www.santjosep.net\/wp-content\/uploads\/2021\/01\/IMG_0818.jpg\" data-src=\"https:\/\/www.santjosep.net\/wp-content\/uploads\/2021\/01\/IMG_0818.jpg\" data-caption=\"\" srcset=\"https:\/\/www.santjosep.net\/wp-content\/uploads\/2021\/01\/IMG_0818.jpg 1400w, https:\/\/www.santjosep.net\/wp-content\/uploads\/2021\/01\/IMG_0818-300x200.jpg 300w, https:\/\/www.santjosep.net\/wp-content\/uploads\/2021\/01\/IMG_0818-1024x682.jpg 1024w, https:\/\/www.santjosep.net\/wp-content\/uploads\/2021\/01\/IMG_0818-768x512.jpg 768w\" sizes=\"auto, (max-width: 1400px) 100vw, 1400px\" \/>\n\t<\/div>\n\n<\/div><div class=\"modula-item\" data-width=\"12\" data-height=\"7\" >\n\t<div class=\"modula-item-content\">\n\t\t\n\t\t\t\t\t<a data-image-id=\"23916\" tabindex=\"0\" rel=\"jtg-23899\" data-caption=\"\" aria-label=\"Open image in lightbox\" role=\"button\" class=\"tile-inner modula-item-link\"><\/a>\n\t\t\n\t\t<img loading=\"lazy\" decoding=\"async\" class=\"pic wp-image-23916\"  data-valign=\"middle\" data-halign=\"center\" alt=\"\" data-full=\"https:\/\/www.santjosep.net\/wp-content\/uploads\/2021\/01\/P1085166.jpg\" title=\"P1085166\" width=\"1400\" height=\"1050\" src=\"https:\/\/www.santjosep.net\/wp-content\/uploads\/2021\/01\/P1085166.jpg\" data-src=\"https:\/\/www.santjosep.net\/wp-content\/uploads\/2021\/01\/P1085166.jpg\" data-caption=\"\" srcset=\"https:\/\/www.santjosep.net\/wp-content\/uploads\/2021\/01\/P1085166.jpg 1400w, https:\/\/www.santjosep.net\/wp-content\/uploads\/2021\/01\/P1085166-300x225.jpg 300w, https:\/\/www.santjosep.net\/wp-content\/uploads\/2021\/01\/P1085166-1024x768.jpg 1024w, https:\/\/www.santjosep.net\/wp-content\/uploads\/2021\/01\/P1085166-768x576.jpg 768w, https:\/\/www.santjosep.net\/wp-content\/uploads\/2021\/01\/P1085166-800x600.jpg 800w\" sizes=\"auto, (max-width: 1400px) 100vw, 1400px\" \/>\n\t<\/div>\n\n<\/div>\t\t\n\t<\/div>\n\n\t\n\t\n\t<script type=\"application\/ld+json\">\n\t{\n\t\t\"@context\": \"http:\/\/schema.org\",\n\t\t\"@type\"   : \"ImageGallery\",\n\t\t\"id\"      : \"https:\/\/www.santjosep.net\/ca\/rumb-a-sant-josep-la-costa-que-enamora\/\",\n\t\t\"url\"     : \"https:\/\/www.santjosep.net\/ca\/rumb-a-sant-josep-la-costa-que-enamora\/\"\n\t}\n\n\t<\/script>\n\n\t\n<\/div>\n[\/vc_column_text][vc_column_text css=&#8221;.vc_custom_1610964908039{margin-bottom: 60px !important;}&#8221;]<\/p>\n<h6 style=\"text-align: right;\">Reserva Natural d&#8217;es Vedr\u00e0<\/h6>\n<p>[\/vc_column_text][vc_column_text css=&#8221;.vc_custom_1611241199236{margin-bottom: 40px !important;}&#8221;]Continuant la costa, rumb cap al sud, ens trobem amb un altre indret molt particular: <strong>sa Pedrera<\/strong>. Aquesta zona de la costa tamb\u00e9 t\u00e9 el mar\u00e8s com a gran protagonista. De fet, la seva peculiaritat rau en el fet que va ser la cantera de la qual es va extreure la pedra amb qu\u00e8 es van aixecar bona part de les muralles renaixentistes d\u2019Eivissa. D\u2019aqu\u00ed les seves simetries i les seves formes geom\u00e8triques, resultat de l\u2019entalladura industrial de la roca. Avui \u00e9s gaireb\u00e9 un lloc de peregrinaci\u00f3 per als qui volen gaudir d\u2019un entorn pintoresc allunyat dels indrets m\u00e9s concorreguts. El seu acc\u00e9s des de terra \u00e9s dif\u00edcil, per\u00f2 el navegant pot gaudir de la seva bellesa sense cap mena d\u2019esfor\u00e7. La capbussada m\u00e9s agradable est\u00e0 garantida. Les grans platges ens esperen encara m\u00e9s al sud, comen\u00e7ant per la <a href=\"\/?page_id=12227\">des Codolar<\/a>, amb una riba formada \u00edntegrament per c\u00f2dols, <a href=\"\/?page_id=12219\">ses Salines<\/a>, d\u2019aig\u00fces l\u00edmpides i blancs fons arenosos, i <a href=\"\/?page_id=11452\">es Cavallet<\/a>, ja orientada cap a la capital de l\u2019illa, que comparteix ve\u00efnatge amb <a href=\"\/?page_id=12263\">platja d\u2019en Bossa<\/a>, lim\u00edtrof amb el municipi d\u2019Eivissa. Al llarg de tot el contorn del litoral de Sant Josep ens podem trobar amb un bon nombre de cales i racons mariners que garanteixen una experi\u00e8ncia total: <a href=\"\/?page_id=12336\">sa Caleta<\/a>, <a href=\"\/?page_id=12210\">es Bol Nou<\/a>, <a href=\"\/?page_id=11449\">cala Carb\u00f3<\/a>, <a href=\"\/?page_id=12214\">cala Llentrisca<\/a>, <a href=\"\/?page_id=12193\">cala Mol\u00ed<\/a>, Porroig\u2026 La llista \u00e9s llarga i s\u2019alterna amb altres platges mitjanes amb una gran oferta complement\u00e0ria com <a href=\"\/?page_id=12271\">cala Vedella<\/a> o <a href=\"\/?page_id=12195\">cala Tarida<\/a>.[\/vc_column_text][vc_single_image image=&#8221;23418&#8243; img_size=&#8221;full&#8221; css=&#8221;.vc_custom_1610963977185{margin-top: 15px !important;margin-bottom: 15px !important;}&#8221;][vc_column_text]<\/p>\n<h6 style=\"text-align: right;\">Cala Vedella<\/h6>\n<p>[\/vc_column_text][vc_column_text css=&#8221;.vc_custom_1611241243651{margin-top: 15px !important;margin-bottom: 40px !important;padding-top: 15px !important;}&#8221;]Gaudir de les aig\u00fces de Sant Josep i de l\u2019irresistible atractiu de la seva costa requereix unes premisses molt b\u00e0siques que van eminentment orientades a la protecci\u00f3 de l\u2019abundant i rica vida dels seus fons marins, molt especialment de <a href=\"\/?p=12556\">la posid\u00f2nia oce\u00e0nica<\/a> (declarada <strong>Patrimoni Mundial<\/strong>). Aquesta planta marina, end\u00e8mica de la Mediterr\u00e0nia, \u00e9s la responsable de la transpar\u00e8ncia i neteja de les aig\u00fces de l\u2019illa gr\u00e0cies al seu extraordinari poder d\u2019oxigenaci\u00f3. Es calcula que cada metre quadrat de praderia de posid\u00f2nia \u00e9s capa\u00e7 de produir fins a 20 litres d\u2019oxigen diari. Tanmateix, aquesta planta, que t\u00e9 arrel, tija, fulles, fruits i flors, \u00e9s extremadament fr\u00e0gil i el seu creixement \u00e9s molt lent, amb prou feines un cent\u00edmetre cada any. Per aix\u00f2, el navegant ha d\u2019extremar les precaucions a l\u2019hora de fondejar a les seves proximitats. A les <strong>cartes n\u00e0utiques<\/strong> ja apareix l\u2019actualitzaci\u00f3 amb el s\u00edmbol \u201c<i>Sg-seagrass<\/i>\u201d que identifica la pres\u00e8ncia de praderies de posid\u00f2nia oce\u00e0nica al fons mar\u00ed perqu\u00e8 el navegant conegui la ubicaci\u00f3 exacta d\u2019aquesta planta, que sol formar extenses praderies submarines. \u00c9s fonamental la conscienciaci\u00f3 de tots els amants del mar perqu\u00e8 una \u00e0ncora mal situada no faci malb\u00e9 la superviv\u00e8ncia de la posid\u00f2nia. Cal prioritzar l\u2019ancoratge en fons arenosos i extremar sempre la precauci\u00f3 per evitar llan\u00e7ar l\u2019\u00e0ncora sobre praderies. En \u00e0rees especials, s\u2019ha posat en marxa un servei de reserva de boies, com a la playa de ses Salines. La reserva pr\u00e8via es pot fer via web o <a href=\"http:\/\/www.cbbasea.com\/landing\/index.html\">app<\/a>.[\/vc_column_text][vc_column_text css=&#8221;.vc_custom_1610965981092{margin-top: 15px !important;margin-bottom: 15px !important;}&#8221;]<style>#jtg-19270 .modula-item .jtg-social a, .lightbox-socials.jtg-social a{ fill: #ffffff; color: #ffffff }#jtg-19270 .modula-item .jtg-social-mobile a{ fill: #ffffff; color: #ffffff }#jtg-19270 .modula-item .jtg-social svg, .lightbox-socials.jtg-social svg { height: 16px; width: 16px }#jtg-19270 .modula-item .jtg-social-mobile svg { height: 16px; width: 16px }#jtg-19270 .modula-item .jtg-social a:not(:last-child), .lightbox-socials.jtg-social a:not(:last-child) { margin-right: 10px }#jtg-19270 .modula-item .jtg-social-mobile .jtg-social-mobile-icons a:not(:last-child){ margin-right: 10px }#jtg-19270 .modula-item .figc {color:#ffffff;}#jtg-19270 .modula-item .modula-item-content { transform: scale(1) }#jtg-19270 .modula-items .figc p.description { font-size:14px; }#jtg-19270 .modula-items .figc p.description { color:#ffffff;}#jtg-19270.modula-gallery .modula-item > a, #jtg-19270.modula-gallery .modula-item, #jtg-19270.modula-gallery .modula-item-content > a:not(.modula-no-follow) { cursor:zoom-in; } #jtg-19270.modula-gallery .modula-item-content .modula-no-follow { cursor: default; } @media screen and (max-width:480px){#jtg-19270 .modula-item .figc .jtg-title {  font-size: 12px; }#jtg-19270 .modula-items .figc p.description { color:#ffffff;font-size:10px; }}#jtg-19270 .modula-items .modula-item:hover img{opacity:1;}<\/style>\n<div  id=\"jtg-19270\" class=\"modula modula-gallery modula-custom-grid\" data-config=\"{&quot;height&quot;:800,&quot;tabletHeight&quot;:800,&quot;mobileHeight&quot;:800,&quot;desktopHeight&quot;:800,&quot;enableTwitter&quot;:true,&quot;enableWhatsapp&quot;:false,&quot;enableFacebook&quot;:true,&quot;enablePinterest&quot;:true,&quot;enableLinkedin&quot;:true,&quot;enableEmail&quot;:false,&quot;randomFactor&quot;:0.5,&quot;type&quot;:&quot;custom-grid&quot;,&quot;columns&quot;:12,&quot;gutter&quot;:0,&quot;mobileGutter&quot;:0,&quot;tabletGutter&quot;:0,&quot;desktopGutter&quot;:0,&quot;enableResponsive&quot;:&quot;1&quot;,&quot;tabletColumns&quot;:&quot;2&quot;,&quot;mobileColumns&quot;:&quot;1&quot;,&quot;lazyLoad&quot;:&quot;0&quot;,&quot;lightboxOpts&quot;:{&quot;animated&quot;:true,&quot;Thumbs&quot;:{&quot;type&quot;:&quot;modern&quot;,&quot;showOnStart&quot;:false},&quot;Toolbar&quot;:{&quot;display&quot;:{&quot;right&quot;:[&quot;close&quot;]},&quot;enabled&quot;:true},&quot;Carousel&quot;:{&quot;Panzoom&quot;:{&quot;touch&quot;:false},&quot;infinite&quot;:false},&quot;keyboard&quot;:{&quot;Escape&quot;:&quot;close&quot;,&quot;Delete&quot;:&quot;close&quot;,&quot;Backspace&quot;:&quot;close&quot;,&quot;PageUp&quot;:false,&quot;PageDown&quot;:false,&quot;ArrowUp&quot;:false,&quot;ArrowDown&quot;:false,&quot;ArrowRight&quot;:false,&quot;ArrowLeft&quot;:false},&quot;touch&quot;:false,&quot;backdropClick&quot;:false,&quot;l10n&quot;:{&quot;CLOSE&quot;:&quot;Close&quot;,&quot;NEXT&quot;:&quot;Next&quot;,&quot;PREV&quot;:&quot;Previous&quot;,&quot;Error&quot;:&quot;The requested content cannot be loaded. Please try again later.&quot;,&quot;PLAY_START&quot;:&quot;Start slideshow&quot;,&quot;PLAY_STOP&quot;:&quot;Pause slideshow&quot;,&quot;FULL_SCREEN&quot;:&quot;Full screen&quot;,&quot;THUMBS&quot;:&quot;Thumbnails&quot;,&quot;DOWNLOAD&quot;:&quot;Download&quot;,&quot;SHARE&quot;:&quot;Share&quot;,&quot;ZOOM&quot;:&quot;Zoom&quot;,&quot;EMAIL&quot;:&quot;Here is the link to the image : %%image_link%% and this is the link to the gallery : %%gallery_link%%&quot;,&quot;MODAL&quot;:&quot;You can close this modal content with the ESC key&quot;,&quot;ERROR&quot;:&quot;Something Went Wrong, Please Try Again Later&quot;,&quot;IMAGE_ERROR&quot;:&quot;Image Not Found&quot;,&quot;ELEMENT_NOT_FOUND&quot;:&quot;HTML Element Not Found&quot;,&quot;AJAX_NOT_FOUND&quot;:&quot;Error Loading AJAX : Not Found&quot;,&quot;AJAX_FORBIDDEN&quot;:&quot;Error Loading AJAX : Forbidden&quot;,&quot;IFRAME_ERROR&quot;:&quot;Error Loading Page&quot;,&quot;TOGGLE_ZOOM&quot;:&quot;Toggle zoom level&quot;,&quot;TOGGLE_THUMBS&quot;:&quot;Toggle thumbnails&quot;,&quot;TOGGLE_SLIDESHOW&quot;:&quot;Toggle slideshow&quot;,&quot;TOGGLE_FULLSCREEN&quot;:&quot;Toggle full-screen mode&quot;},&quot;Images&quot;:{&quot;Panzoom&quot;:{&quot;maxScale&quot;:2}},&quot;mainClass&quot;:&quot;modula-fancybox-container modula-lightbox-jtg-19270&quot;,&quot;Html&quot;:{&quot;videoAutoplay&quot;:0,&quot;videoTpl&quot;:&quot;&lt;video class=\\&quot;fancybox__html5video\\&quot; controls muted playsinline controlsList controlsList=\\&quot;nodownload\\&quot; poster=\\&quot;{{poster}}\\&quot; src=\\&quot;{{src}}\\&quot; type=\\&quot;{{format}}\\&quot; &gt;  Sorry, your browser doesn&#039;t support embedded videos, &lt;a href=\\&quot;{{src}}\\&quot;&gt; download &lt;\\\/a&gt; and watch with your favorite video player! &lt;\\\/video&gt;&quot;}},&quot;inView&quot;:false,&quot;email_subject&quot;:&quot;Check out this awesome image !!&quot;,&quot;email_message&quot;:&quot;Here is the link to the image : %%image_link%% and this is the link to the gallery : %%gallery_link%%&quot;,&quot;lightbox&quot;:&quot;fancybox&quot;}\">\n\n\t\n\t<div  class=\"modula-items\">\n\t\t<div class=\"modula-item\" data-width=\"5\" data-height=\"5\" >\n\t<div class=\"modula-item-content\">\n\t\t\n\t\t\t\t\t<a data-image-id=\"19283\" tabindex=\"0\" rel=\"jtg-19270\" data-caption=\"\" aria-label=\"Open image in lightbox\" role=\"button\" class=\"tile-inner modula-item-link\"><\/a>\n\t\t\n\t\t<img loading=\"lazy\" decoding=\"async\" class=\"pic wp-image-19283\"  data-valign=\"middle\" data-halign=\"center\" alt=\"\" data-full=\"https:\/\/www.santjosep.net\/wp-content\/uploads\/2020\/01\/shutterstock_108816311.jpg\" title=\"shutterstock_108816311\" width=\"2000\" height=\"1333\" src=\"https:\/\/www.santjosep.net\/wp-content\/uploads\/2020\/01\/shutterstock_108816311.jpg\" data-src=\"https:\/\/www.santjosep.net\/wp-content\/uploads\/2020\/01\/shutterstock_108816311.jpg\" data-caption=\"\" srcset=\"https:\/\/www.santjosep.net\/wp-content\/uploads\/2020\/01\/shutterstock_108816311.jpg 2000w, https:\/\/www.santjosep.net\/wp-content\/uploads\/2020\/01\/shutterstock_108816311-300x200.jpg 300w, https:\/\/www.santjosep.net\/wp-content\/uploads\/2020\/01\/shutterstock_108816311-1024x682.jpg 1024w, https:\/\/www.santjosep.net\/wp-content\/uploads\/2020\/01\/shutterstock_108816311-768x512.jpg 768w, https:\/\/www.santjosep.net\/wp-content\/uploads\/2020\/01\/shutterstock_108816311-1536x1024.jpg 1536w\" sizes=\"auto, (max-width: 2000px) 100vw, 2000px\" \/>\n\t<\/div>\n\n<\/div><div class=\"modula-item\" data-width=\"7\" data-height=\"5\" >\n\t<div class=\"modula-item-content\">\n\t\t\n\t\t\t\t\t<a data-image-id=\"19288\" tabindex=\"0\" rel=\"jtg-19270\" data-caption=\"\" aria-label=\"Open image in lightbox\" role=\"button\" class=\"tile-inner modula-item-link\"><\/a>\n\t\t\n\t\t<img loading=\"lazy\" decoding=\"async\" class=\"pic wp-image-19288\"  data-valign=\"middle\" data-halign=\"center\" alt=\"\" data-full=\"https:\/\/www.santjosep.net\/wp-content\/uploads\/2020\/01\/shutterstock_1230809923-1.jpg\" title=\"shutterstock_1230809923\" width=\"2000\" height=\"1333\" src=\"https:\/\/www.santjosep.net\/wp-content\/uploads\/2020\/01\/shutterstock_1230809923-1.jpg\" data-src=\"https:\/\/www.santjosep.net\/wp-content\/uploads\/2020\/01\/shutterstock_1230809923-1.jpg\" data-caption=\"\" srcset=\"https:\/\/www.santjosep.net\/wp-content\/uploads\/2020\/01\/shutterstock_1230809923-1.jpg 2000w, https:\/\/www.santjosep.net\/wp-content\/uploads\/2020\/01\/shutterstock_1230809923-1-300x200.jpg 300w, https:\/\/www.santjosep.net\/wp-content\/uploads\/2020\/01\/shutterstock_1230809923-1-1024x682.jpg 1024w, https:\/\/www.santjosep.net\/wp-content\/uploads\/2020\/01\/shutterstock_1230809923-1-768x512.jpg 768w, https:\/\/www.santjosep.net\/wp-content\/uploads\/2020\/01\/shutterstock_1230809923-1-1536x1024.jpg 1536w\" sizes=\"auto, (max-width: 2000px) 100vw, 2000px\" \/>\n\t<\/div>\n\n<\/div><div class=\"modula-item\" data-width=\"12\" data-height=\"6\" >\n\t<div class=\"modula-item-content\">\n\t\t\n\t\t\t\t\t<a data-image-id=\"19293\" tabindex=\"0\" rel=\"jtg-19270\" data-caption=\"\" aria-label=\"Open image in lightbox\" role=\"button\" class=\"tile-inner modula-item-link\"><\/a>\n\t\t\n\t\t<img loading=\"lazy\" decoding=\"async\" class=\"pic wp-image-19293\"  data-valign=\"middle\" data-halign=\"center\" alt=\"\" data-full=\"https:\/\/www.santjosep.net\/wp-content\/uploads\/2020\/01\/shutterstock_1254146905.jpg\" title=\"shutterstock_1254146905\" width=\"2000\" height=\"1500\" src=\"https:\/\/www.santjosep.net\/wp-content\/uploads\/2020\/01\/shutterstock_1254146905.jpg\" data-src=\"https:\/\/www.santjosep.net\/wp-content\/uploads\/2020\/01\/shutterstock_1254146905.jpg\" data-caption=\"\" srcset=\"https:\/\/www.santjosep.net\/wp-content\/uploads\/2020\/01\/shutterstock_1254146905.jpg 2000w, https:\/\/www.santjosep.net\/wp-content\/uploads\/2020\/01\/shutterstock_1254146905-300x225.jpg 300w, https:\/\/www.santjosep.net\/wp-content\/uploads\/2020\/01\/shutterstock_1254146905-1024x768.jpg 1024w, https:\/\/www.santjosep.net\/wp-content\/uploads\/2020\/01\/shutterstock_1254146905-768x576.jpg 768w, https:\/\/www.santjosep.net\/wp-content\/uploads\/2020\/01\/shutterstock_1254146905-1536x1152.jpg 1536w, https:\/\/www.santjosep.net\/wp-content\/uploads\/2020\/01\/shutterstock_1254146905-800x600.jpg 800w\" sizes=\"auto, (max-width: 2000px) 100vw, 2000px\" \/>\n\t<\/div>\n\n<\/div>\t\t\n\t<\/div>\n\n\t\n\t\n\t<script type=\"application\/ld+json\">\n\t{\n\t\t\"@context\": \"http:\/\/schema.org\",\n\t\t\"@type\"   : \"ImageGallery\",\n\t\t\"id\"      : \"https:\/\/www.santjosep.net\/ca\/rumb-a-sant-josep-la-costa-que-enamora\/\",\n\t\t\"url\"     : \"https:\/\/www.santjosep.net\/ca\/rumb-a-sant-josep-la-costa-que-enamora\/\"\n\t}\n\n\t<\/script>\n\n\t\n<\/div>\n[\/vc_column_text][vc_column_text css=&#8221;.vc_custom_1611241260953{margin-bottom: 60px !important;}&#8221;]<\/p>\n<h6 style=\"text-align: right;\">Posid\u00f2nia Oce\u00e0nica<\/h6>\n<p>[\/vc_column_text][vc_column_text css=&#8221;.vc_custom_1611241330583{margin-top: 15px !important;padding-top: 15px !important;}&#8221;]De manera general, els indrets m\u00e9s populars per fondejar s\u00f3n les platges <a href=\"\/?page_id=11442\">des Jondal<\/a>, Porroig, <a href=\"\/?page_id=12271\">cala Vedella<\/a>, <a href=\"\/?page_id=12188\">cala Bassa<\/a> i <a href=\"\/?page_id=11446\">Port des Torrent<\/a>, tot i que els racons per fer-ho s\u00f3n innumerables si se segueixen les normes b\u00e0siques de seguretat. A la costa de Sant Josep s\u2019hi sol accedir des dels diversos ports esportius que es distribueixen per la costa eivissenca. S\u00f3n els de Sant Antoni, al nord de Sant Josep, i el d\u2019Eivissa, al sud. Al vessant de Llevant hi tenim el port esportiu de Santa Eul\u00e0ria. Els tres ports de l\u2019illa ofereixen tots els serveis que una embarcaci\u00f3 pot requerir. Cal sumar-hi les diverses rampes que, tamb\u00e9 situades a diversos punts de la costa, permeten la varada de barques petites, com la que hi ha a <a href=\"\/?page_id=12336\">sa Caleta<\/a>, punta Xinx\u00f3 o <a href=\"https:\/\/www.santjosep.net\/ca\/venue\/cala-de-bou-2\/\">cala de Bou<\/a>.[\/vc_column_text][vc_column_text css=&#8221;.vc_custom_1611241368829{margin-top: 15px !important;padding-top: 15px !important;}&#8221;]Per al navegant, aquestes s\u00f3n nom\u00e9s unes pistes preliminars, l\u2019excusa per posar rumb cap a la <strong>costa de Sant Josep.<\/strong> Amb tota certesa, quan ho faci, l\u2019experi\u00e8ncia real superar\u00e0 amb escreix les expectatives. Perqu\u00e8 les seves aig\u00fces, la vida que alberguen i les espectaculars vistes que ofereix enamoraran a primera vista tots els afortunats que es trobin a bord. Bona travessia![\/vc_column_text][vc_separator color=&#8221;black&#8221; align=&#8221;align_left&#8221; border_width=&#8221;2&#8243; el_width=&#8221;20&#8243; css=&#8221;.vc_custom_1610966083855{margin-top: 40px !important;}&#8221;][vc_column_text css=&#8221;.vc_custom_1611241390267{margin-top: 40px !important;margin-bottom: 40px !important;}&#8221;]<\/p>\n<h2>Informaci\u00f3 d&#8217;inter\u00e8s per al navegant:<\/h2>\n<p>[\/vc_column_text][vc_column_text css=&#8221;.vc_custom_1611241406821{margin-top: 40px !important;margin-bottom: 40px !important;}&#8221;]<\/p>\n<h5>Mapa interactiu de ports, boies, i fondeig lliure a Eivissa i Formentera:<\/h5>\n<p>[\/vc_column_text][vc_raw_html]JTNDaWZyYW1lJTIwc3JjJTNEJTIyaHR0cHMlM0ElMkYlMkZ3d3cuZ29vZ2xlLmNvbSUyRm1hcHMlMkZkJTJGZW1iZWQlM0ZtaWQlM0QxLXNuQ0Fid2dYY3UwT3hra2lOVGF3dXpVQmlBJTI2aGwlM0Rlbl9VUyUyMiUyMHdpZHRoJTNEJTIyMTIwMCUyMiUyMGhlaWdodCUzRCUyMjY1MCUyMiUzRSUzQyUyRmlmcmFtZSUzRQ==[\/vc_raw_html][vc_column_text css=&#8221;.vc_custom_1611241422408{margin-top: 40px !important;margin-bottom: 40px !important;}&#8221;]<\/p>\n<h5>Carta N\u00e0utica Eivissa:<\/h5>\n<p>[\/vc_column_text][vc_single_image image=&#8221;23945&#8243; img_size=&#8221;full&#8221; css=&#8221;.vc_custom_1610965446278{margin-top: 15px !important;margin-bottom: 15px !important;}&#8221;][vc_column_text css=&#8221;.vc_custom_1611241435825{margin-top: 40px !important;margin-bottom: 40px !important;}&#8221;]<\/p>\n<h5>Reserva de boies al voltant de les Illes Balears:<\/h5>\n<p>[\/vc_column_text][vc_single_image image=&#8221;23950&#8243; img_size=&#8221;full&#8221; onclick=&#8221;custom_link&#8221; img_link_target=&#8221;_blank&#8221; css=&#8221;.vc_custom_1610965853218{margin-top: 15px !important;margin-bottom: 15px !important;}&#8221; link=&#8221;http:\/\/www.cbbasea.com\/landing\/index.html#getapp&#8221;][\/vc_column][\/vc_row]<\/p>\n<\/div>","protected":false},"excerpt":{"rendered":"<p>Sant Josep \u00e9s, sens dubte, un territori privilegiat de l\u2019illa d\u2019Eivissa amb una costa farcida d\u2019atractius.<\/p>\n","protected":false},"author":1,"featured_media":23939,"comment_status":"open","ping_status":"open","sticky":false,"template":"","format":"standard","meta":{"_acf_changed":false,"inline_featured_image":false,"footnotes":""},"categories":[296,209],"tags":[],"class_list":["post-23989","post","type-post","status-publish","format-standard","has-post-thumbnail","hentry","category-patrimonio-ca","category-platjes-ca"],"acf":[],"geo":null,"yoast_head":"<!-- This site is optimized with the Yoast SEO plugin v25.7 - https:\/\/yoast.com\/wordpress\/plugins\/seo\/ -->\n<title>Rumb a Sant Josep, la costa que enamora - Santjosep.net<\/title>\n<meta name=\"robots\" content=\"index, follow, max-snippet:-1, max-image-preview:large, max-video-preview:-1\" \/>\n<link rel=\"canonical\" href=\"https:\/\/www.santjosep.net\/ca\/rumb-a-sant-josep-la-costa-que-enamora\/\" \/>\n<meta property=\"og:locale\" content=\"ca_ES\" \/>\n<meta property=\"og:type\" content=\"article\" \/>\n<meta property=\"og:title\" content=\"Rumb a Sant Josep, la costa que enamora - Santjosep.net\" \/>\n<meta property=\"og:description\" content=\"Sant Josep \u00e9s, sens dubte, un territori privilegiat de l\u2019illa d\u2019Eivissa amb una costa farcida d\u2019atractius.\" \/>\n<meta property=\"og:url\" content=\"https:\/\/www.santjosep.net\/ca\/rumb-a-sant-josep-la-costa-que-enamora\/\" \/>\n<meta property=\"og:site_name\" content=\"Santjosep.net\" \/>\n<meta property=\"article:published_time\" content=\"2021-01-18T10:36:42+00:00\" \/>\n<meta property=\"article:modified_time\" content=\"2021-01-21T15:04:15+00:00\" \/>\n<meta property=\"og:image\" content=\"https:\/\/www.santjosep.net\/wp-content\/uploads\/2021\/01\/ok__0000_shutterstock_1822684487.jpg\" \/>\n\t<meta property=\"og:image:width\" content=\"1500\" \/>\n\t<meta property=\"og:image:height\" content=\"1125\" \/>\n\t<meta property=\"og:image:type\" content=\"image\/jpeg\" \/>\n<meta name=\"author\" content=\"Sant Josep\" \/>\n<meta name=\"twitter:card\" content=\"summary_large_image\" \/>\n<meta name=\"twitter:label1\" content=\"Escrit per\" \/>\n\t<meta name=\"twitter:data1\" content=\"Sant Josep\" \/>\n\t<meta name=\"twitter:label2\" content=\"Temps estimat de lectura\" \/>\n\t<meta name=\"twitter:data2\" content=\"9 minuts\" \/>\n<script type=\"application\/ld+json\" class=\"yoast-schema-graph\">{\"@context\":\"https:\/\/schema.org\",\"@graph\":[{\"@type\":\"WebPage\",\"@id\":\"https:\/\/www.santjosep.net\/ca\/rumb-a-sant-josep-la-costa-que-enamora\/\",\"url\":\"https:\/\/www.santjosep.net\/ca\/rumb-a-sant-josep-la-costa-que-enamora\/\",\"name\":\"Rumb a Sant Josep, la costa que enamora - Santjosep.net\",\"isPartOf\":{\"@id\":\"https:\/\/www.santjosep.net\/#website\"},\"primaryImageOfPage\":{\"@id\":\"https:\/\/www.santjosep.net\/ca\/rumb-a-sant-josep-la-costa-que-enamora\/#primaryimage\"},\"image\":{\"@id\":\"https:\/\/www.santjosep.net\/ca\/rumb-a-sant-josep-la-costa-que-enamora\/#primaryimage\"},\"thumbnailUrl\":\"https:\/\/www.santjosep.net\/wp-content\/uploads\/2021\/01\/ok__0000_shutterstock_1822684487.jpg\",\"datePublished\":\"2021-01-18T10:36:42+00:00\",\"dateModified\":\"2021-01-21T15:04:15+00:00\",\"author\":{\"@id\":\"https:\/\/www.santjosep.net\/#\/schema\/person\/b60e56f94e4e55776eb62bf4293f99b6\"},\"inLanguage\":\"ca\",\"potentialAction\":[{\"@type\":\"ReadAction\",\"target\":[\"https:\/\/www.santjosep.net\/ca\/rumb-a-sant-josep-la-costa-que-enamora\/\"]}]},{\"@type\":\"ImageObject\",\"inLanguage\":\"ca\",\"@id\":\"https:\/\/www.santjosep.net\/ca\/rumb-a-sant-josep-la-costa-que-enamora\/#primaryimage\",\"url\":\"https:\/\/www.santjosep.net\/wp-content\/uploads\/2021\/01\/ok__0000_shutterstock_1822684487.jpg\",\"contentUrl\":\"https:\/\/www.santjosep.net\/wp-content\/uploads\/2021\/01\/ok__0000_shutterstock_1822684487.jpg\",\"width\":1500,\"height\":1125},{\"@type\":\"WebSite\",\"@id\":\"https:\/\/www.santjosep.net\/#website\",\"url\":\"https:\/\/www.santjosep.net\/\",\"name\":\"Santjosep.net\",\"description\":\"\",\"potentialAction\":[{\"@type\":\"SearchAction\",\"target\":{\"@type\":\"EntryPoint\",\"urlTemplate\":\"https:\/\/www.santjosep.net\/?s={search_term_string}\"},\"query-input\":{\"@type\":\"PropertyValueSpecification\",\"valueRequired\":true,\"valueName\":\"search_term_string\"}}],\"inLanguage\":\"ca\"},{\"@type\":\"Person\",\"@id\":\"https:\/\/www.santjosep.net\/#\/schema\/person\/b60e56f94e4e55776eb62bf4293f99b6\",\"name\":\"Sant Josep\",\"image\":{\"@type\":\"ImageObject\",\"inLanguage\":\"ca\",\"@id\":\"https:\/\/www.santjosep.net\/#\/schema\/person\/image\/\",\"url\":\"https:\/\/secure.gravatar.com\/avatar\/2f4071817a97d2499c5aae9674ee15015b5a3c7c0974ca84f095a8e4aadcda56?s=96&d=mm&r=g\",\"contentUrl\":\"https:\/\/secure.gravatar.com\/avatar\/2f4071817a97d2499c5aae9674ee15015b5a3c7c0974ca84f095a8e4aadcda56?s=96&d=mm&r=g\",\"caption\":\"Sant Josep\"},\"url\":\"https:\/\/www.santjosep.net\/ca\/author\/fugrafic\/\"}]}<\/script>\n<!-- \/ Yoast SEO plugin. -->","yoast_head_json":{"title":"Rumb a Sant Josep, la costa que enamora - Santjosep.net","robots":{"index":"index","follow":"follow","max-snippet":"max-snippet:-1","max-image-preview":"max-image-preview:large","max-video-preview":"max-video-preview:-1"},"canonical":"https:\/\/www.santjosep.net\/ca\/rumb-a-sant-josep-la-costa-que-enamora\/","og_locale":"ca_ES","og_type":"article","og_title":"Rumb a Sant Josep, la costa que enamora - Santjosep.net","og_description":"Sant Josep \u00e9s, sens dubte, un territori privilegiat de l\u2019illa d\u2019Eivissa amb una costa farcida d\u2019atractius.","og_url":"https:\/\/www.santjosep.net\/ca\/rumb-a-sant-josep-la-costa-que-enamora\/","og_site_name":"Santjosep.net","article_published_time":"2021-01-18T10:36:42+00:00","article_modified_time":"2021-01-21T15:04:15+00:00","og_image":[{"width":1500,"height":1125,"url":"https:\/\/www.santjosep.net\/wp-content\/uploads\/2021\/01\/ok__0000_shutterstock_1822684487.jpg","type":"image\/jpeg"}],"author":"Sant Josep","twitter_card":"summary_large_image","twitter_misc":{"Escrit per":"Sant Josep","Temps estimat de lectura":"9 minuts"},"schema":{"@context":"https:\/\/schema.org","@graph":[{"@type":"WebPage","@id":"https:\/\/www.santjosep.net\/ca\/rumb-a-sant-josep-la-costa-que-enamora\/","url":"https:\/\/www.santjosep.net\/ca\/rumb-a-sant-josep-la-costa-que-enamora\/","name":"Rumb a Sant Josep, la costa que enamora - Santjosep.net","isPartOf":{"@id":"https:\/\/www.santjosep.net\/#website"},"primaryImageOfPage":{"@id":"https:\/\/www.santjosep.net\/ca\/rumb-a-sant-josep-la-costa-que-enamora\/#primaryimage"},"image":{"@id":"https:\/\/www.santjosep.net\/ca\/rumb-a-sant-josep-la-costa-que-enamora\/#primaryimage"},"thumbnailUrl":"https:\/\/www.santjosep.net\/wp-content\/uploads\/2021\/01\/ok__0000_shutterstock_1822684487.jpg","datePublished":"2021-01-18T10:36:42+00:00","dateModified":"2021-01-21T15:04:15+00:00","author":{"@id":"https:\/\/www.santjosep.net\/#\/schema\/person\/b60e56f94e4e55776eb62bf4293f99b6"},"inLanguage":"ca","potentialAction":[{"@type":"ReadAction","target":["https:\/\/www.santjosep.net\/ca\/rumb-a-sant-josep-la-costa-que-enamora\/"]}]},{"@type":"ImageObject","inLanguage":"ca","@id":"https:\/\/www.santjosep.net\/ca\/rumb-a-sant-josep-la-costa-que-enamora\/#primaryimage","url":"https:\/\/www.santjosep.net\/wp-content\/uploads\/2021\/01\/ok__0000_shutterstock_1822684487.jpg","contentUrl":"https:\/\/www.santjosep.net\/wp-content\/uploads\/2021\/01\/ok__0000_shutterstock_1822684487.jpg","width":1500,"height":1125},{"@type":"WebSite","@id":"https:\/\/www.santjosep.net\/#website","url":"https:\/\/www.santjosep.net\/","name":"Santjosep.net","description":"","potentialAction":[{"@type":"SearchAction","target":{"@type":"EntryPoint","urlTemplate":"https:\/\/www.santjosep.net\/?s={search_term_string}"},"query-input":{"@type":"PropertyValueSpecification","valueRequired":true,"valueName":"search_term_string"}}],"inLanguage":"ca"},{"@type":"Person","@id":"https:\/\/www.santjosep.net\/#\/schema\/person\/b60e56f94e4e55776eb62bf4293f99b6","name":"Sant Josep","image":{"@type":"ImageObject","inLanguage":"ca","@id":"https:\/\/www.santjosep.net\/#\/schema\/person\/image\/","url":"https:\/\/secure.gravatar.com\/avatar\/2f4071817a97d2499c5aae9674ee15015b5a3c7c0974ca84f095a8e4aadcda56?s=96&d=mm&r=g","contentUrl":"https:\/\/secure.gravatar.com\/avatar\/2f4071817a97d2499c5aae9674ee15015b5a3c7c0974ca84f095a8e4aadcda56?s=96&d=mm&r=g","caption":"Sant Josep"},"url":"https:\/\/www.santjosep.net\/ca\/author\/fugrafic\/"}]}},"_links":{"self":[{"href":"https:\/\/www.santjosep.net\/ca\/wp-json\/wp\/v2\/posts\/23989","targetHints":{"allow":["GET"]}}],"collection":[{"href":"https:\/\/www.santjosep.net\/ca\/wp-json\/wp\/v2\/posts"}],"about":[{"href":"https:\/\/www.santjosep.net\/ca\/wp-json\/wp\/v2\/types\/post"}],"author":[{"embeddable":true,"href":"https:\/\/www.santjosep.net\/ca\/wp-json\/wp\/v2\/users\/1"}],"replies":[{"embeddable":true,"href":"https:\/\/www.santjosep.net\/ca\/wp-json\/wp\/v2\/comments?post=23989"}],"version-history":[{"count":0,"href":"https:\/\/www.santjosep.net\/ca\/wp-json\/wp\/v2\/posts\/23989\/revisions"}],"wp:featuredmedia":[{"embeddable":true,"href":"https:\/\/www.santjosep.net\/ca\/wp-json\/wp\/v2\/media\/23939"}],"wp:attachment":[{"href":"https:\/\/www.santjosep.net\/ca\/wp-json\/wp\/v2\/media?parent=23989"}],"wp:term":[{"taxonomy":"category","embeddable":true,"href":"https:\/\/www.santjosep.net\/ca\/wp-json\/wp\/v2\/categories?post=23989"},{"taxonomy":"post_tag","embeddable":true,"href":"https:\/\/www.santjosep.net\/ca\/wp-json\/wp\/v2\/tags?post=23989"}],"curies":[{"name":"wp","href":"https:\/\/api.w.org\/{rel}","templated":true}]}}