{"id":23472,"date":"2020-10-01T13:20:37","date_gmt":"2020-10-01T11:20:37","guid":{"rendered":"https:\/\/www.santjosep.net\/6-ideas-que-disfrutar-en-cala-vedella\/"},"modified":"2020-10-01T15:08:23","modified_gmt":"2020-10-01T13:08:23","slug":"6-idees-per-gaudir-a-cala-vedella","status":"publish","type":"post","link":"https:\/\/www.santjosep.net\/ca\/6-idees-per-gaudir-a-cala-vedella\/","title":{"rendered":"6 idees per gaudir a Cala Vedella"},"content":{"rendered":"<div class=\"wpb-content-wrapper\"><p>[vc_row enable_hue_rotation=&#8221;no&#8221; enable_text_marquee=&#8221;no&#8221;][vc_column][vc_column_text]A la banda de ponent de la costa de Sant Josep, oculta entre vessants boscosos, una petita caleta amaga un oasis de tranquil\u00b7litat i bellesa natural. <a href=\"\/?page_id=12271\">Cala Vedella<\/a>, antigament un port tradicional de pescadors, continua oferint al visitant tots els seus encants. La carretereta que ens hi porta ja ens anticipa el paisatge genu\u00efnament mediterrani que ens espera al final del recorregut. S\u2019hi pot accedir per les dues vessants que hi menen, per\u00f2 la ens hi du per la zona nord compta amb unes panor\u00e0miques m\u00e9s espectaculars. La cala forma una entrada ben pronunciada entre dues elevacions rocoses cobertes de pins, que conviuen amb zones residencials i tur\u00edstiques. La seva configuraci\u00f3 natural \u00e9s, en s\u00ed mateixa, molt avantatjosa per gaudir d\u2019aig\u00fces tranquil\u00b7les, ja que queda arrecerada dels vents dominants de l\u2019estiu. El seu espill d\u2019aigua, ample i resguardat, \u00e9s molt apreciat pels navegants, pescadors i residents que hi poden fondejar petites embarcacions.[\/vc_column_text][vc_single_image image=&#8221;23324&#8243; img_size=&#8221;full&#8221; css=&#8221;.vc_custom_1601551364345{margin-top: 15px !important;margin-bottom: 50px !important;}&#8221;][vc_column_text]<strong>Cala Vedella<\/strong> ha estat sempre un cl\u00e0ssic lloc d\u2019estiueig per als eivissencs de tota l\u2019illa. Actualment la seva fama segueix vigent, per\u00f2 a nivell internacional, especialment entre un p\u00fablic clarament familiar, que sap valorar tot all\u00f2 que aquest petit rac\u00f3 pot oferir. Vegem-ne alguns exemples.[\/vc_column_text][vc_column_text]<\/p>\n<h2>1. La posta de sol<\/h2>\n<p>[\/vc_column_text][vc_column_text]<strong>Cala Vedella<\/strong> te una orientaci\u00f3 privilegiada a ponent. Aix\u00f2 permet contemplar unes postes de sol espectaculars des de la mateixa l\u00ednia de platja, amb l\u2019horitz\u00f3 mar\u00edtim netament dibuixat a la llunyania, on tamb\u00e9 es pot endevinar el perfil de <strong>l\u2019illa de s\u2019Espartar<\/strong>. Tant si \u00e9s amb vestit de bany jaient a la sorra, com des d\u2019algun dels molts locals de la zona, el <i>sunset<\/i> a Cala Vedella \u00e9s sempre un <i>must<\/i> per a unes vacances perfectes.[\/vc_column_text][vc_column_text css=&#8221;.vc_custom_1601551356190{margin-top: 15px !important;margin-bottom: 50px !important;}&#8221;]<style>#jtg-23322 .modula-item .jtg-social a, .lightbox-socials.jtg-social a{ fill: #ffffff; color: #ffffff }#jtg-23322 .modula-item .jtg-social-mobile a{ fill: #ffffff; color: #ffffff }#jtg-23322 .modula-item .jtg-social svg, .lightbox-socials.jtg-social svg { height: 16px; width: 16px }#jtg-23322 .modula-item .jtg-social-mobile svg { height: 16px; width: 16px }#jtg-23322 .modula-item .jtg-social a:not(:last-child), .lightbox-socials.jtg-social a:not(:last-child) { margin-right: 10px }#jtg-23322 .modula-item .jtg-social-mobile .jtg-social-mobile-icons a:not(:last-child){ margin-right: 10px }#jtg-23322 .modula-item .figc {color:#ffffff;}#jtg-23322 .modula-item .modula-item-content { transform: scale(1) }#jtg-23322 .modula-items .figc p.description { font-size:14px; }#jtg-23322 .modula-items .figc p.description { color:#ffffff;}#jtg-23322.modula-gallery .modula-item > a, #jtg-23322.modula-gallery .modula-item, #jtg-23322.modula-gallery .modula-item-content > a:not(.modula-no-follow) { cursor:zoom-in; } #jtg-23322.modula-gallery .modula-item-content .modula-no-follow { cursor: default; } @media screen and (max-width:480px){#jtg-23322 .modula-item .figc .jtg-title {  font-size: 12px; }#jtg-23322 .modula-items .figc p.description { color:#ffffff;font-size:10px; }}#jtg-23322 .modula-items .modula-item:hover img{opacity:1;}<\/style>\n<div  id=\"jtg-23322\" class=\"modula modula-gallery modula-custom-grid\" data-config=\"{&quot;height&quot;:800,&quot;tabletHeight&quot;:800,&quot;mobileHeight&quot;:800,&quot;desktopHeight&quot;:800,&quot;enableTwitter&quot;:true,&quot;enableWhatsapp&quot;:false,&quot;enableFacebook&quot;:true,&quot;enablePinterest&quot;:true,&quot;enableLinkedin&quot;:true,&quot;enableEmail&quot;:false,&quot;randomFactor&quot;:0.5,&quot;type&quot;:&quot;custom-grid&quot;,&quot;columns&quot;:12,&quot;gutter&quot;:0,&quot;mobileGutter&quot;:0,&quot;tabletGutter&quot;:0,&quot;desktopGutter&quot;:0,&quot;enableResponsive&quot;:&quot;1&quot;,&quot;tabletColumns&quot;:&quot;2&quot;,&quot;mobileColumns&quot;:&quot;1&quot;,&quot;lazyLoad&quot;:&quot;0&quot;,&quot;lightboxOpts&quot;:{&quot;animated&quot;:true,&quot;Thumbs&quot;:{&quot;type&quot;:&quot;modern&quot;,&quot;showOnStart&quot;:false},&quot;Toolbar&quot;:{&quot;display&quot;:{&quot;right&quot;:[&quot;close&quot;]},&quot;enabled&quot;:true},&quot;Carousel&quot;:{&quot;Panzoom&quot;:{&quot;touch&quot;:false},&quot;infinite&quot;:false},&quot;keyboard&quot;:{&quot;Escape&quot;:&quot;close&quot;,&quot;Delete&quot;:&quot;close&quot;,&quot;Backspace&quot;:&quot;close&quot;,&quot;PageUp&quot;:false,&quot;PageDown&quot;:false,&quot;ArrowUp&quot;:false,&quot;ArrowDown&quot;:false,&quot;ArrowRight&quot;:false,&quot;ArrowLeft&quot;:false},&quot;touch&quot;:false,&quot;backdropClick&quot;:false,&quot;l10n&quot;:{&quot;CLOSE&quot;:&quot;Close&quot;,&quot;NEXT&quot;:&quot;Next&quot;,&quot;PREV&quot;:&quot;Previous&quot;,&quot;Error&quot;:&quot;The requested content cannot be loaded. Please try again later.&quot;,&quot;PLAY_START&quot;:&quot;Start slideshow&quot;,&quot;PLAY_STOP&quot;:&quot;Pause slideshow&quot;,&quot;FULL_SCREEN&quot;:&quot;Full screen&quot;,&quot;THUMBS&quot;:&quot;Thumbnails&quot;,&quot;DOWNLOAD&quot;:&quot;Download&quot;,&quot;SHARE&quot;:&quot;Share&quot;,&quot;ZOOM&quot;:&quot;Zoom&quot;,&quot;EMAIL&quot;:&quot;Here is the link to the image : %%image_link%% and this is the link to the gallery : %%gallery_link%%&quot;,&quot;MODAL&quot;:&quot;You can close this modal content with the ESC key&quot;,&quot;ERROR&quot;:&quot;Something Went Wrong, Please Try Again Later&quot;,&quot;IMAGE_ERROR&quot;:&quot;Image Not Found&quot;,&quot;ELEMENT_NOT_FOUND&quot;:&quot;HTML Element Not Found&quot;,&quot;AJAX_NOT_FOUND&quot;:&quot;Error Loading AJAX : Not Found&quot;,&quot;AJAX_FORBIDDEN&quot;:&quot;Error Loading AJAX : Forbidden&quot;,&quot;IFRAME_ERROR&quot;:&quot;Error Loading Page&quot;,&quot;TOGGLE_ZOOM&quot;:&quot;Toggle zoom level&quot;,&quot;TOGGLE_THUMBS&quot;:&quot;Toggle thumbnails&quot;,&quot;TOGGLE_SLIDESHOW&quot;:&quot;Toggle slideshow&quot;,&quot;TOGGLE_FULLSCREEN&quot;:&quot;Toggle full-screen mode&quot;},&quot;Images&quot;:{&quot;Panzoom&quot;:{&quot;maxScale&quot;:2}},&quot;mainClass&quot;:&quot;modula-fancybox-container modula-lightbox-jtg-23322&quot;,&quot;Html&quot;:{&quot;videoAutoplay&quot;:0,&quot;videoTpl&quot;:&quot;&lt;video class=\\&quot;fancybox__html5video\\&quot; controls muted playsinline controlsList controlsList=\\&quot;nodownload\\&quot; poster=\\&quot;{{poster}}\\&quot; src=\\&quot;{{src}}\\&quot; type=\\&quot;{{format}}\\&quot; &gt;  Sorry, your browser doesn&#039;t support embedded videos, &lt;a href=\\&quot;{{src}}\\&quot;&gt; download &lt;\\\/a&gt; and watch with your favorite video player! &lt;\\\/video&gt;&quot;}},&quot;inView&quot;:false,&quot;email_subject&quot;:&quot;Check out this awesome image !!&quot;,&quot;email_message&quot;:&quot;Here is the link to the image : %%image_link%% and this is the link to the gallery : %%gallery_link%%&quot;,&quot;lightbox&quot;:&quot;fancybox&quot;}\">\n\n\t\n\t<div  class=\"modula-items\">\n\t\t<div class=\"modula-item\" data-width=\"12\" data-height=\"6\" >\n\t<div class=\"modula-item-content\">\n\t\t\n\t\t\t\t\t<a data-image-id=\"23329\" tabindex=\"0\" rel=\"jtg-23322\" data-caption=\"\" aria-label=\"Open image in lightbox\" role=\"button\" class=\"tile-inner modula-item-link\"><\/a>\n\t\t\n\t\t<img loading=\"lazy\" decoding=\"async\" class=\"pic wp-image-23329\"  data-valign=\"middle\" data-halign=\"center\" alt=\"\" data-full=\"https:\/\/www.santjosep.net\/wp-content\/uploads\/2020\/10\/IMG_0955.jpg\" title=\"IMG_0955\" width=\"1200\" height=\"800\" src=\"https:\/\/www.santjosep.net\/wp-content\/uploads\/2020\/10\/IMG_0955.jpg\" data-src=\"https:\/\/www.santjosep.net\/wp-content\/uploads\/2020\/10\/IMG_0955.jpg\" data-caption=\"\" srcset=\"https:\/\/www.santjosep.net\/wp-content\/uploads\/2020\/10\/IMG_0955.jpg 1200w, https:\/\/www.santjosep.net\/wp-content\/uploads\/2020\/10\/IMG_0955-300x200.jpg 300w, https:\/\/www.santjosep.net\/wp-content\/uploads\/2020\/10\/IMG_0955-1024x683.jpg 1024w, https:\/\/www.santjosep.net\/wp-content\/uploads\/2020\/10\/IMG_0955-768x512.jpg 768w\" sizes=\"auto, (max-width: 1200px) 100vw, 1200px\" \/>\n\t<\/div>\n\n<\/div><div class=\"modula-item\" data-width=\"5\" data-height=\"5\" >\n\t<div class=\"modula-item-content\">\n\t\t\n\t\t\t\t\t<a data-image-id=\"23339\" tabindex=\"0\" rel=\"jtg-23322\" data-caption=\"\" aria-label=\"Open image in lightbox\" role=\"button\" class=\"tile-inner modula-item-link\"><\/a>\n\t\t\n\t\t<img loading=\"lazy\" decoding=\"async\" class=\"pic wp-image-23339\"  data-valign=\"middle\" data-halign=\"center\" alt=\"\" data-full=\"https:\/\/www.santjosep.net\/wp-content\/uploads\/2020\/10\/IMG_1044.jpg\" title=\"IMG_1044\" width=\"1200\" height=\"800\" src=\"https:\/\/www.santjosep.net\/wp-content\/uploads\/2020\/10\/IMG_1044.jpg\" data-src=\"https:\/\/www.santjosep.net\/wp-content\/uploads\/2020\/10\/IMG_1044.jpg\" data-caption=\"\" srcset=\"https:\/\/www.santjosep.net\/wp-content\/uploads\/2020\/10\/IMG_1044.jpg 1200w, https:\/\/www.santjosep.net\/wp-content\/uploads\/2020\/10\/IMG_1044-300x200.jpg 300w, https:\/\/www.santjosep.net\/wp-content\/uploads\/2020\/10\/IMG_1044-1024x683.jpg 1024w, https:\/\/www.santjosep.net\/wp-content\/uploads\/2020\/10\/IMG_1044-768x512.jpg 768w\" sizes=\"auto, (max-width: 1200px) 100vw, 1200px\" \/>\n\t<\/div>\n\n<\/div><div class=\"modula-item\" data-width=\"7\" data-height=\"5\" >\n\t<div class=\"modula-item-content\">\n\t\t\n\t\t\t\t\t<a data-image-id=\"23344\" tabindex=\"0\" rel=\"jtg-23322\" data-caption=\"\" aria-label=\"Open image in lightbox\" role=\"button\" class=\"tile-inner modula-item-link\"><\/a>\n\t\t\n\t\t<img loading=\"lazy\" decoding=\"async\" class=\"pic wp-image-23344\"  data-valign=\"middle\" data-halign=\"center\" alt=\"\" data-full=\"https:\/\/www.santjosep.net\/wp-content\/uploads\/2020\/10\/IMG_1012.jpg\" title=\"IMG_1012\" width=\"1200\" height=\"800\" src=\"https:\/\/www.santjosep.net\/wp-content\/uploads\/2020\/10\/IMG_1012.jpg\" data-src=\"https:\/\/www.santjosep.net\/wp-content\/uploads\/2020\/10\/IMG_1012.jpg\" data-caption=\"\" srcset=\"https:\/\/www.santjosep.net\/wp-content\/uploads\/2020\/10\/IMG_1012.jpg 1200w, https:\/\/www.santjosep.net\/wp-content\/uploads\/2020\/10\/IMG_1012-300x200.jpg 300w, https:\/\/www.santjosep.net\/wp-content\/uploads\/2020\/10\/IMG_1012-1024x683.jpg 1024w, https:\/\/www.santjosep.net\/wp-content\/uploads\/2020\/10\/IMG_1012-768x512.jpg 768w\" sizes=\"auto, (max-width: 1200px) 100vw, 1200px\" \/>\n\t<\/div>\n\n<\/div>\t\t\n\t<\/div>\n\n\t\n\t\n\t<script type=\"application\/ld+json\">\n\t{\n\t\t\"@context\": \"http:\/\/schema.org\",\n\t\t\"@type\"   : \"ImageGallery\",\n\t\t\"id\"      : \"https:\/\/www.santjosep.net\/ca\/6-idees-per-gaudir-a-cala-vedella\/\",\n\t\t\"url\"     : \"https:\/\/www.santjosep.net\/ca\/6-idees-per-gaudir-a-cala-vedella\/\"\n\t}\n\n\t<\/script>\n\n\t\n<\/div>\n[\/vc_column_text][vc_column_text]<\/p>\n<h2>2. Un rac\u00f3 ideal per a fam\u00edlies<\/h2>\n<p>[\/vc_column_text][vc_column_text]<strong>Cala Vedella<\/strong> t\u00e9 una ampla zona de <strong>sorra blanca i fina<\/strong>, que s\u2019est\u00e9n al llarg d\u2019uns 300 metres de longitud, amb una amplada variable que va de 30m fins a 80m. Aix\u00f2 i les seves aig\u00fces tranquil\u00b7les amb fons molt progressius, la converteixen en una platja ideal per a fam\u00edlies amb nens. La visibilitat \u00e9s \u00f2ptima des de tots els angles i els pares poden gaudir c\u00f2modament de la jornada sense perdre mai de vista els m\u00e9s menuts.[\/vc_column_text][vc_column_text css=&#8221;.vc_custom_1601552134254{margin-top: 15px !important;margin-bottom: 50px !important;}&#8221;]<style>#jtg-23448 .modula-item .jtg-social a, .lightbox-socials.jtg-social a{ fill: #ffffff; color: #ffffff }#jtg-23448 .modula-item .jtg-social-mobile a{ fill: #ffffff; color: #ffffff }#jtg-23448 .modula-item .jtg-social svg, .lightbox-socials.jtg-social svg { height: 16px; width: 16px }#jtg-23448 .modula-item .jtg-social-mobile svg { height: 16px; width: 16px }#jtg-23448 .modula-item .jtg-social a:not(:last-child), .lightbox-socials.jtg-social a:not(:last-child) { margin-right: 10px }#jtg-23448 .modula-item .jtg-social-mobile .jtg-social-mobile-icons a:not(:last-child){ margin-right: 10px }#jtg-23448 .modula-item .figc {color:#ffffff;}#jtg-23448 .modula-item .modula-item-content { transform: scale(1) }#jtg-23448 .modula-items .figc p.description { font-size:14px; }#jtg-23448 .modula-items .figc p.description { color:#ffffff;}#jtg-23448.modula-gallery .modula-item > a, #jtg-23448.modula-gallery .modula-item, #jtg-23448.modula-gallery .modula-item-content > a:not(.modula-no-follow) { cursor:zoom-in; } #jtg-23448.modula-gallery .modula-item-content .modula-no-follow { cursor: default; } @media screen and (max-width:480px){#jtg-23448 .modula-item .figc .jtg-title {  font-size: 12px; }#jtg-23448 .modula-items .figc p.description { color:#ffffff;font-size:10px; }}#jtg-23448 .modula-items .modula-item:hover img{opacity:1;}<\/style>\n<div  id=\"jtg-23448\" class=\"modula modula-gallery modula-custom-grid\" data-config=\"{&quot;height&quot;:800,&quot;tabletHeight&quot;:800,&quot;mobileHeight&quot;:800,&quot;desktopHeight&quot;:800,&quot;enableTwitter&quot;:true,&quot;enableWhatsapp&quot;:false,&quot;enableFacebook&quot;:true,&quot;enablePinterest&quot;:true,&quot;enableLinkedin&quot;:true,&quot;enableEmail&quot;:false,&quot;randomFactor&quot;:0.5,&quot;type&quot;:&quot;custom-grid&quot;,&quot;columns&quot;:12,&quot;gutter&quot;:0,&quot;mobileGutter&quot;:0,&quot;tabletGutter&quot;:0,&quot;desktopGutter&quot;:0,&quot;enableResponsive&quot;:&quot;1&quot;,&quot;tabletColumns&quot;:&quot;2&quot;,&quot;mobileColumns&quot;:&quot;1&quot;,&quot;lazyLoad&quot;:&quot;0&quot;,&quot;lightboxOpts&quot;:{&quot;animated&quot;:true,&quot;Thumbs&quot;:{&quot;type&quot;:&quot;modern&quot;,&quot;showOnStart&quot;:false},&quot;Toolbar&quot;:{&quot;display&quot;:{&quot;right&quot;:[&quot;close&quot;]},&quot;enabled&quot;:true},&quot;Carousel&quot;:{&quot;Panzoom&quot;:{&quot;touch&quot;:false},&quot;infinite&quot;:false},&quot;keyboard&quot;:{&quot;Escape&quot;:&quot;close&quot;,&quot;Delete&quot;:&quot;close&quot;,&quot;Backspace&quot;:&quot;close&quot;,&quot;PageUp&quot;:false,&quot;PageDown&quot;:false,&quot;ArrowUp&quot;:false,&quot;ArrowDown&quot;:false,&quot;ArrowRight&quot;:false,&quot;ArrowLeft&quot;:false},&quot;touch&quot;:false,&quot;backdropClick&quot;:false,&quot;l10n&quot;:{&quot;CLOSE&quot;:&quot;Close&quot;,&quot;NEXT&quot;:&quot;Next&quot;,&quot;PREV&quot;:&quot;Previous&quot;,&quot;Error&quot;:&quot;The requested content cannot be loaded. Please try again later.&quot;,&quot;PLAY_START&quot;:&quot;Start slideshow&quot;,&quot;PLAY_STOP&quot;:&quot;Pause slideshow&quot;,&quot;FULL_SCREEN&quot;:&quot;Full screen&quot;,&quot;THUMBS&quot;:&quot;Thumbnails&quot;,&quot;DOWNLOAD&quot;:&quot;Download&quot;,&quot;SHARE&quot;:&quot;Share&quot;,&quot;ZOOM&quot;:&quot;Zoom&quot;,&quot;EMAIL&quot;:&quot;Here is the link to the image : %%image_link%% and this is the link to the gallery : %%gallery_link%%&quot;,&quot;MODAL&quot;:&quot;You can close this modal content with the ESC key&quot;,&quot;ERROR&quot;:&quot;Something Went Wrong, Please Try Again Later&quot;,&quot;IMAGE_ERROR&quot;:&quot;Image Not Found&quot;,&quot;ELEMENT_NOT_FOUND&quot;:&quot;HTML Element Not Found&quot;,&quot;AJAX_NOT_FOUND&quot;:&quot;Error Loading AJAX : Not Found&quot;,&quot;AJAX_FORBIDDEN&quot;:&quot;Error Loading AJAX : Forbidden&quot;,&quot;IFRAME_ERROR&quot;:&quot;Error Loading Page&quot;,&quot;TOGGLE_ZOOM&quot;:&quot;Toggle zoom level&quot;,&quot;TOGGLE_THUMBS&quot;:&quot;Toggle thumbnails&quot;,&quot;TOGGLE_SLIDESHOW&quot;:&quot;Toggle slideshow&quot;,&quot;TOGGLE_FULLSCREEN&quot;:&quot;Toggle full-screen mode&quot;},&quot;Images&quot;:{&quot;Panzoom&quot;:{&quot;maxScale&quot;:2}},&quot;mainClass&quot;:&quot;modula-fancybox-container modula-lightbox-jtg-23448&quot;,&quot;Html&quot;:{&quot;videoAutoplay&quot;:0,&quot;videoTpl&quot;:&quot;&lt;video class=\\&quot;fancybox__html5video\\&quot; controls muted playsinline controlsList controlsList=\\&quot;nodownload\\&quot; poster=\\&quot;{{poster}}\\&quot; src=\\&quot;{{src}}\\&quot; type=\\&quot;{{format}}\\&quot; &gt;  Sorry, your browser doesn&#039;t support embedded videos, &lt;a href=\\&quot;{{src}}\\&quot;&gt; download &lt;\\\/a&gt; and watch with your favorite video player! &lt;\\\/video&gt;&quot;}},&quot;inView&quot;:false,&quot;email_subject&quot;:&quot;Check out this awesome image !!&quot;,&quot;email_message&quot;:&quot;Here is the link to the image : %%image_link%% and this is the link to the gallery : %%gallery_link%%&quot;,&quot;lightbox&quot;:&quot;fancybox&quot;}\">\n\n\t\n\t<div  class=\"modula-items\">\n\t\t<div class=\"modula-item\" data-width=\"12\" data-height=\"7\" >\n\t<div class=\"modula-item-content\">\n\t\t\n\t\t\t\t\t<a data-image-id=\"23465\" tabindex=\"0\" rel=\"jtg-23448\" data-caption=\"\" aria-label=\"Open image in lightbox\" role=\"button\" class=\"tile-inner modula-item-link\"><\/a>\n\t\t\n\t\t<img loading=\"lazy\" decoding=\"async\" class=\"pic wp-image-23465\"  data-valign=\"middle\" data-halign=\"center\" alt=\"\" data-full=\"https:\/\/www.santjosep.net\/wp-content\/uploads\/2020\/10\/DSC06916-1.jpg\" title=\"DSC06916\" width=\"1400\" height=\"933\" src=\"https:\/\/www.santjosep.net\/wp-content\/uploads\/2020\/10\/DSC06916-1.jpg\" data-src=\"https:\/\/www.santjosep.net\/wp-content\/uploads\/2020\/10\/DSC06916-1.jpg\" data-caption=\"\" srcset=\"https:\/\/www.santjosep.net\/wp-content\/uploads\/2020\/10\/DSC06916-1.jpg 1400w, https:\/\/www.santjosep.net\/wp-content\/uploads\/2020\/10\/DSC06916-1-300x200.jpg 300w, https:\/\/www.santjosep.net\/wp-content\/uploads\/2020\/10\/DSC06916-1-1024x682.jpg 1024w, https:\/\/www.santjosep.net\/wp-content\/uploads\/2020\/10\/DSC06916-1-768x512.jpg 768w\" sizes=\"auto, (max-width: 1400px) 100vw, 1400px\" \/>\n\t<\/div>\n\n<\/div><div class=\"modula-item\" data-width=\"5\" data-height=\"5\" >\n\t<div class=\"modula-item-content\">\n\t\t\n\t\t\t\t\t<a data-image-id=\"23454\" tabindex=\"0\" rel=\"jtg-23448\" data-caption=\"\" aria-label=\"Open image in lightbox\" role=\"button\" class=\"tile-inner modula-item-link\"><\/a>\n\t\t\n\t\t<img loading=\"lazy\" decoding=\"async\" class=\"pic wp-image-23454\"  data-valign=\"middle\" data-halign=\"center\" alt=\"\" data-full=\"https:\/\/www.santjosep.net\/wp-content\/uploads\/2020\/10\/DSC06830.jpg\" title=\"DSC06830\" width=\"1400\" height=\"933\" src=\"https:\/\/www.santjosep.net\/wp-content\/uploads\/2020\/10\/DSC06830.jpg\" data-src=\"https:\/\/www.santjosep.net\/wp-content\/uploads\/2020\/10\/DSC06830.jpg\" data-caption=\"\" srcset=\"https:\/\/www.santjosep.net\/wp-content\/uploads\/2020\/10\/DSC06830.jpg 1400w, https:\/\/www.santjosep.net\/wp-content\/uploads\/2020\/10\/DSC06830-300x200.jpg 300w, https:\/\/www.santjosep.net\/wp-content\/uploads\/2020\/10\/DSC06830-1024x682.jpg 1024w, https:\/\/www.santjosep.net\/wp-content\/uploads\/2020\/10\/DSC06830-768x512.jpg 768w\" sizes=\"auto, (max-width: 1400px) 100vw, 1400px\" \/>\n\t<\/div>\n\n<\/div><div class=\"modula-item\" data-width=\"7\" data-height=\"5\" >\n\t<div class=\"modula-item-content\">\n\t\t\n\t\t\t\t\t<a data-image-id=\"23449\" tabindex=\"0\" rel=\"jtg-23448\" data-caption=\"\" aria-label=\"Open image in lightbox\" role=\"button\" class=\"tile-inner modula-item-link\"><\/a>\n\t\t\n\t\t<img loading=\"lazy\" decoding=\"async\" class=\"pic wp-image-23449\"  data-valign=\"middle\" data-halign=\"center\" alt=\"\" data-full=\"https:\/\/www.santjosep.net\/wp-content\/uploads\/2020\/10\/DSC06908.jpg\" title=\"DSC06908\" width=\"1400\" height=\"933\" src=\"https:\/\/www.santjosep.net\/wp-content\/uploads\/2020\/10\/DSC06908.jpg\" data-src=\"https:\/\/www.santjosep.net\/wp-content\/uploads\/2020\/10\/DSC06908.jpg\" data-caption=\"\" srcset=\"https:\/\/www.santjosep.net\/wp-content\/uploads\/2020\/10\/DSC06908.jpg 1400w, https:\/\/www.santjosep.net\/wp-content\/uploads\/2020\/10\/DSC06908-300x200.jpg 300w, https:\/\/www.santjosep.net\/wp-content\/uploads\/2020\/10\/DSC06908-1024x682.jpg 1024w, https:\/\/www.santjosep.net\/wp-content\/uploads\/2020\/10\/DSC06908-768x512.jpg 768w\" sizes=\"auto, (max-width: 1400px) 100vw, 1400px\" \/>\n\t<\/div>\n\n<\/div>\t\t\n\t<\/div>\n\n\t\n\t\n\t<script type=\"application\/ld+json\">\n\t{\n\t\t\"@context\": \"http:\/\/schema.org\",\n\t\t\"@type\"   : \"ImageGallery\",\n\t\t\"id\"      : \"https:\/\/www.santjosep.net\/ca\/6-idees-per-gaudir-a-cala-vedella\/\",\n\t\t\"url\"     : \"https:\/\/www.santjosep.net\/ca\/6-idees-per-gaudir-a-cala-vedella\/\"\n\t}\n\n\t<\/script>\n\n\t\n<\/div>\n[\/vc_column_text][vc_column_text]<\/p>\n<h2>3. <b>Esports aqu\u00e0tics<\/b><\/h2>\n<p>[\/vc_column_text][vc_column_text]Cala Vedella tamb\u00e9 \u00e9s un gran centre d\u2019activitats aqu\u00e0tiques. Els amants dels esports relacionats amb el mar hi trobaran un lloc ideal per gaudir de la platja i de tot el litoral a la vora. A la cala hi ha un centre de busseig que organitza sortides i que ofereix formaci\u00f3 amb totes les garanties de seguretat i diversi\u00f3. Tamb\u00e9 hi ha un centre de surf de rem (SUP), perfecte per als apassionats d\u2019aquesta pr\u00e0ctica, que tamb\u00e9 trobaran a les seves aig\u00fces tranquil\u00b7les un aliat ideal per treure-li tot el suc a l\u2019experi\u00e8ncia. Per als qui adoren la velocitat i l\u2019adrenalina damunt la superf\u00edcie, hi ha la possibilitat de llogar motos d\u2019aigua i explorar la costa de Sant Josep, amb l\u2019avantatge de sortir d\u2019un dels indrets m\u00e9s bonics de l\u2019illa.<\/p>\n<p>El centre obre des de maig fins a octubre. I al costat de l&#8217;Ajuntament de Sant Josep coabora en les activitats gratu\u00eftes per a fam\u00edlies &#8220;Eivissa Family Experience&#8221;, fes click <a href=\"\/?p=22798\">aqu\u00ed<\/a> per saber tot sobre aquestes activitats.[\/vc_column_text][vc_column_text css=&#8221;.vc_custom_1601551340799{margin-top: 15px !important;margin-bottom: 50px !important;}&#8221;]<div id=\"new-royalslider-113\" class=\"royalSlider new-royalslider-113 rsDefaultInv rs-default-template\" style=\"width:100%;height:500px;;\" data-rs-options='{&quot;template&quot;:&quot;default&quot;,&quot;image_generation&quot;:{&quot;imageWidth&quot;:&quot;&quot;,&quot;imageHeight&quot;:&quot;&quot;,&quot;thumbImageWidth&quot;:&quot;&quot;,&quot;thumbImageHeight&quot;:&quot;&quot;},&quot;thumbs&quot;:{&quot;thumbWidth&quot;:96,&quot;thumbHeight&quot;:72},&quot;block&quot;:{&quot;moveOffset&quot;:20,&quot;speed&quot;:400,&quot;delay&quot;:200},&quot;width&quot;:&quot;100%&quot;,&quot;height&quot;:500,&quot;autoScaleSlider&quot;:&quot;true&quot;,&quot;autoScaleSliderWidth&quot;:960,&quot;autoScaleSliderHeight&quot;:750,&quot;controlNavigation&quot;:&quot;thumbnails&quot;}'>\n<div class=\"rsContent\">\n  <img decoding=\"async\" class=\"rsImg\" src=\"https:\/\/www.santjosep.net\/wp-content\/uploads\/2020\/10\/DSC03609-1024x682.jpg\" alt=\"DSC03609\"\/>\n  <div class=\"rsTmb\"><img decoding=\"async\" src=\"https:\/\/www.santjosep.net\/wp-content\/uploads\/2020\/10\/DSC03609-150x150.jpg\" alt=\"\" \/><\/div>\n  \n  \n<\/div>\n<div class=\"rsContent\">\n  <img decoding=\"async\" class=\"rsImg\" src=\"https:\/\/www.santjosep.net\/wp-content\/uploads\/2020\/10\/DSC03614-1024x682.jpg\" alt=\"DSC03614\"\/>\n  <div class=\"rsTmb\"><img decoding=\"async\" src=\"https:\/\/www.santjosep.net\/wp-content\/uploads\/2020\/10\/DSC03614-150x150.jpg\" alt=\"\" \/><\/div>\n  \n  \n<\/div>\n<div class=\"rsContent\">\n  <img decoding=\"async\" class=\"rsImg\" src=\"https:\/\/www.santjosep.net\/wp-content\/uploads\/2020\/10\/DSC03641-1024x682.jpg\" alt=\"DSC03641\"\/>\n  <div class=\"rsTmb\"><img decoding=\"async\" src=\"https:\/\/www.santjosep.net\/wp-content\/uploads\/2020\/10\/DSC03641-150x150.jpg\" alt=\"\" \/><\/div>\n  \n  \n<\/div>\n<div class=\"rsContent\">\n  <img decoding=\"async\" class=\"rsImg\" src=\"https:\/\/www.santjosep.net\/wp-content\/uploads\/2020\/10\/DSC03647-1024x682.jpg\" alt=\"DSC03647\"\/>\n  <div class=\"rsTmb\"><img decoding=\"async\" src=\"https:\/\/www.santjosep.net\/wp-content\/uploads\/2020\/10\/DSC03647-150x150.jpg\" alt=\"\" \/><\/div>\n  \n  \n<\/div>\n<div class=\"rsContent\">\n  <img decoding=\"async\" class=\"rsImg\" src=\"https:\/\/www.santjosep.net\/wp-content\/uploads\/2020\/10\/DSC03653-1024x682.jpg\" alt=\"DSC03653\"\/>\n  <div class=\"rsTmb\"><img decoding=\"async\" src=\"https:\/\/www.santjosep.net\/wp-content\/uploads\/2020\/10\/DSC03653-150x150.jpg\" alt=\"\" \/><\/div>\n  \n  \n<\/div>\n<div class=\"rsContent\">\n  <img decoding=\"async\" class=\"rsImg\" src=\"https:\/\/www.santjosep.net\/wp-content\/uploads\/2020\/10\/DSC03689-1024x682.jpg\" alt=\"DSC03689\"\/>\n  <div class=\"rsTmb\"><img decoding=\"async\" src=\"https:\/\/www.santjosep.net\/wp-content\/uploads\/2020\/10\/DSC03689-150x150.jpg\" alt=\"\" \/><\/div>\n  \n  \n<\/div>\n<div class=\"rsContent\">\n  <img decoding=\"async\" class=\"rsImg\" src=\"https:\/\/www.santjosep.net\/wp-content\/uploads\/2020\/10\/DSC03694-1024x682.jpg\" alt=\"DSC03694\"\/>\n  <div class=\"rsTmb\"><img decoding=\"async\" src=\"https:\/\/www.santjosep.net\/wp-content\/uploads\/2020\/10\/DSC03694-150x150.jpg\" alt=\"\" \/><\/div>\n  \n  \n<\/div>\n<div class=\"rsContent\">\n  <img decoding=\"async\" class=\"rsImg\" src=\"https:\/\/www.santjosep.net\/wp-content\/uploads\/2020\/10\/DSC03715-1024x682.jpg\" alt=\"DSC03715\"\/>\n  <div class=\"rsTmb\"><img decoding=\"async\" src=\"https:\/\/www.santjosep.net\/wp-content\/uploads\/2020\/10\/DSC03715-150x150.jpg\" alt=\"\" \/><\/div>\n  \n  \n<\/div>\n<div class=\"rsContent\">\n  <img decoding=\"async\" class=\"rsImg\" src=\"https:\/\/www.santjosep.net\/wp-content\/uploads\/2020\/10\/DSC03722-1024x682.jpg\" alt=\"DSC03722\"\/>\n  <div class=\"rsTmb\"><img decoding=\"async\" src=\"https:\/\/www.santjosep.net\/wp-content\/uploads\/2020\/10\/DSC03722-150x150.jpg\" alt=\"\" \/><\/div>\n  \n  \n<\/div>\n<div class=\"rsContent\">\n  <img decoding=\"async\" class=\"rsImg\" src=\"https:\/\/www.santjosep.net\/wp-content\/uploads\/2020\/10\/DSC03768-1024x682.jpg\" alt=\"DSC03768\"\/>\n  <div class=\"rsTmb\"><img decoding=\"async\" src=\"https:\/\/www.santjosep.net\/wp-content\/uploads\/2020\/10\/DSC03768-150x150.jpg\" alt=\"\" \/><\/div>\n  \n  \n<\/div>\n\n<\/div>\n[\/vc_column_text][vc_column_text]<\/p>\n<h2>4. Gran oferta gastron\u00f2mica<\/h2>\n<p>[\/vc_column_text][vc_column_text]L\u2019oferta gastron\u00f2mica de Cala Vedella \u00e9s coneguda a tota l\u2019illa. En aquest petit rac\u00f3 obren les seves portes alguns dels restaurants amb m\u00e9s renom del municipi. El visitant pot escollir entre una \u00e0mplia varietat de propostes gastron\u00f2miques, des de les receptes m\u00e9s tradicionals de l\u2019illa, amb \u00e8mfasi especial en les que es centren en el <strong>peix i el marisc fresc<\/strong>, fins a les de <strong>cuina internacional<\/strong> i de <strong>fusi\u00f3<\/strong>, on la innovaci\u00f3 i la <strong>cuina creativa<\/strong> ocupen un lloc destacat.[\/vc_column_text][vc_single_image image=&#8221;23406&#8243; img_size=&#8221;full&#8221; css=&#8221;.vc_custom_1601551332751{margin-top: 15px !important;margin-bottom: 50px !important;}&#8221;][vc_column_text]<\/p>\n<h2>5. Les vistes<\/h2>\n<p>[\/vc_column_text][vc_column_text]Una cosa tan senzilla com gratificant. A l\u2019extrem nord de la cala, amb una posici\u00f3 elevada damunt el penya-segat, podem contemplar una bella panor\u00e0mica de tot el conjunt de Cala Vedella, en el qual destaquen els fons turquesa i els prats rics de posid\u00f2nia. Els boscos que envolten el conjunt s\u00f3n una estampa caracter\u00edstica que, de ben segur, el visitant recordar\u00e0 durant molt de temps.[\/vc_column_text][vc_single_image image=&#8221;23423&#8243; img_size=&#8221;full&#8221; css=&#8221;.vc_custom_1601551284428{margin-top: 15px !important;margin-bottom: 50px !important;}&#8221;][vc_column_text]<\/p>\n<h2>6. Hist\u00f2ria marinera<\/h2>\n<p>[\/vc_column_text][vc_column_text]Les aig\u00fces protegides de <strong>Cala Vedella<\/strong> han estat des de sempre molt apreciades pels pescadors com a port natural. En donen fe les diferents casetes de pescadors que, amb els seus respectius varadors i molls s\u2019obren als peus d\u2019ambdues vessants rocoses de la cala i que durant d\u00e8cades han format part d\u2019aquest preci\u00f3s rac\u00f3 de la nostra costa.[\/vc_column_text][vc_column_text css=&#8221;.vc_custom_1601551176525{margin-top: 15px !important;margin-bottom: 15px !important;}&#8221;]<style>#jtg-23410 .modula-item .jtg-social a, .lightbox-socials.jtg-social a{ fill: #ffffff; color: #ffffff }#jtg-23410 .modula-item .jtg-social-mobile a{ fill: #ffffff; color: #ffffff }#jtg-23410 .modula-item .jtg-social svg, .lightbox-socials.jtg-social svg { height: 16px; width: 16px }#jtg-23410 .modula-item .jtg-social-mobile svg { height: 16px; width: 16px }#jtg-23410 .modula-item .jtg-social a:not(:last-child), .lightbox-socials.jtg-social a:not(:last-child) { margin-right: 10px }#jtg-23410 .modula-item .jtg-social-mobile .jtg-social-mobile-icons a:not(:last-child){ margin-right: 10px }#jtg-23410 .modula-item .figc {color:#ffffff;}#jtg-23410 .modula-item .modula-item-content { transform: scale(1) }#jtg-23410 .modula-items .figc p.description { font-size:14px; }#jtg-23410 .modula-items .figc p.description { color:#ffffff;}#jtg-23410.modula-gallery .modula-item > a, #jtg-23410.modula-gallery .modula-item, #jtg-23410.modula-gallery .modula-item-content > a:not(.modula-no-follow) { cursor:zoom-in; } #jtg-23410.modula-gallery .modula-item-content .modula-no-follow { cursor: default; } @media screen and (max-width:480px){#jtg-23410 .modula-item .figc .jtg-title {  font-size: 12px; }#jtg-23410 .modula-items .figc p.description { color:#ffffff;font-size:10px; }}#jtg-23410 .modula-items .modula-item:hover img{opacity:1;}<\/style>\n<div  id=\"jtg-23410\" class=\"modula modula-gallery modula-custom-grid\" data-config=\"{&quot;height&quot;:800,&quot;tabletHeight&quot;:800,&quot;mobileHeight&quot;:800,&quot;desktopHeight&quot;:800,&quot;enableTwitter&quot;:true,&quot;enableWhatsapp&quot;:false,&quot;enableFacebook&quot;:true,&quot;enablePinterest&quot;:true,&quot;enableLinkedin&quot;:true,&quot;enableEmail&quot;:false,&quot;randomFactor&quot;:0.5,&quot;type&quot;:&quot;custom-grid&quot;,&quot;columns&quot;:12,&quot;gutter&quot;:0,&quot;mobileGutter&quot;:0,&quot;tabletGutter&quot;:0,&quot;desktopGutter&quot;:0,&quot;enableResponsive&quot;:&quot;1&quot;,&quot;tabletColumns&quot;:&quot;2&quot;,&quot;mobileColumns&quot;:&quot;1&quot;,&quot;lazyLoad&quot;:&quot;0&quot;,&quot;lightboxOpts&quot;:{&quot;animated&quot;:true,&quot;Thumbs&quot;:{&quot;type&quot;:&quot;modern&quot;,&quot;showOnStart&quot;:false},&quot;Toolbar&quot;:{&quot;display&quot;:{&quot;right&quot;:[&quot;close&quot;]},&quot;enabled&quot;:true},&quot;Carousel&quot;:{&quot;Panzoom&quot;:{&quot;touch&quot;:false},&quot;infinite&quot;:false},&quot;keyboard&quot;:{&quot;Escape&quot;:&quot;close&quot;,&quot;Delete&quot;:&quot;close&quot;,&quot;Backspace&quot;:&quot;close&quot;,&quot;PageUp&quot;:false,&quot;PageDown&quot;:false,&quot;ArrowUp&quot;:false,&quot;ArrowDown&quot;:false,&quot;ArrowRight&quot;:false,&quot;ArrowLeft&quot;:false},&quot;touch&quot;:false,&quot;backdropClick&quot;:false,&quot;l10n&quot;:{&quot;CLOSE&quot;:&quot;Close&quot;,&quot;NEXT&quot;:&quot;Next&quot;,&quot;PREV&quot;:&quot;Previous&quot;,&quot;Error&quot;:&quot;The requested content cannot be loaded. Please try again later.&quot;,&quot;PLAY_START&quot;:&quot;Start slideshow&quot;,&quot;PLAY_STOP&quot;:&quot;Pause slideshow&quot;,&quot;FULL_SCREEN&quot;:&quot;Full screen&quot;,&quot;THUMBS&quot;:&quot;Thumbnails&quot;,&quot;DOWNLOAD&quot;:&quot;Download&quot;,&quot;SHARE&quot;:&quot;Share&quot;,&quot;ZOOM&quot;:&quot;Zoom&quot;,&quot;EMAIL&quot;:&quot;Here is the link to the image : %%image_link%% and this is the link to the gallery : %%gallery_link%%&quot;,&quot;MODAL&quot;:&quot;You can close this modal content with the ESC key&quot;,&quot;ERROR&quot;:&quot;Something Went Wrong, Please Try Again Later&quot;,&quot;IMAGE_ERROR&quot;:&quot;Image Not Found&quot;,&quot;ELEMENT_NOT_FOUND&quot;:&quot;HTML Element Not Found&quot;,&quot;AJAX_NOT_FOUND&quot;:&quot;Error Loading AJAX : Not Found&quot;,&quot;AJAX_FORBIDDEN&quot;:&quot;Error Loading AJAX : Forbidden&quot;,&quot;IFRAME_ERROR&quot;:&quot;Error Loading Page&quot;,&quot;TOGGLE_ZOOM&quot;:&quot;Toggle zoom level&quot;,&quot;TOGGLE_THUMBS&quot;:&quot;Toggle thumbnails&quot;,&quot;TOGGLE_SLIDESHOW&quot;:&quot;Toggle slideshow&quot;,&quot;TOGGLE_FULLSCREEN&quot;:&quot;Toggle full-screen mode&quot;},&quot;Images&quot;:{&quot;Panzoom&quot;:{&quot;maxScale&quot;:2}},&quot;mainClass&quot;:&quot;modula-fancybox-container modula-lightbox-jtg-23410&quot;,&quot;Html&quot;:{&quot;videoAutoplay&quot;:0,&quot;videoTpl&quot;:&quot;&lt;video class=\\&quot;fancybox__html5video\\&quot; controls muted playsinline controlsList controlsList=\\&quot;nodownload\\&quot; poster=\\&quot;{{poster}}\\&quot; src=\\&quot;{{src}}\\&quot; type=\\&quot;{{format}}\\&quot; &gt;  Sorry, your browser doesn&#039;t support embedded videos, &lt;a href=\\&quot;{{src}}\\&quot;&gt; download &lt;\\\/a&gt; and watch with your favorite video player! &lt;\\\/video&gt;&quot;}},&quot;inView&quot;:false,&quot;email_subject&quot;:&quot;Check out this awesome image !!&quot;,&quot;email_message&quot;:&quot;Here is the link to the image : %%image_link%% and this is the link to the gallery : %%gallery_link%%&quot;,&quot;lightbox&quot;:&quot;fancybox&quot;}\">\n\n\t\n\t<div  class=\"modula-items\">\n\t\t<div class=\"modula-item\" data-width=\"6\" data-height=\"6\" >\n\t<div class=\"modula-item-content\">\n\t\t\n\t\t\t\t\t<a data-image-id=\"23427\" tabindex=\"0\" rel=\"jtg-23410\" data-caption=\"Ibiza Cala Vedella Vadella in Sant Josep at Balearic Islands of spain\" aria-label=\"Open image in lightbox\" role=\"button\" class=\"tile-inner modula-item-link\"><\/a>\n\t\t\n\t\t<img loading=\"lazy\" decoding=\"async\" class=\"pic wp-image-23427\"  data-valign=\"middle\" data-halign=\"center\" alt=\"\" data-full=\"https:\/\/www.santjosep.net\/wp-content\/uploads\/2020\/10\/fdvdf.jpg\" title=\"Ibiza Cala Vedella Vadella in Sant Josep at Balearic Islands of\" width=\"1500\" height=\"1500\" src=\"https:\/\/www.santjosep.net\/wp-content\/uploads\/2020\/10\/fdvdf.jpg\" data-src=\"https:\/\/www.santjosep.net\/wp-content\/uploads\/2020\/10\/fdvdf.jpg\" data-caption=\"Ibiza Cala Vedella Vadella in Sant Josep at Balearic Islands of spain\" srcset=\"https:\/\/www.santjosep.net\/wp-content\/uploads\/2020\/10\/fdvdf.jpg 1500w, https:\/\/www.santjosep.net\/wp-content\/uploads\/2020\/10\/fdvdf-300x300.jpg 300w, https:\/\/www.santjosep.net\/wp-content\/uploads\/2020\/10\/fdvdf-1024x1024.jpg 1024w, https:\/\/www.santjosep.net\/wp-content\/uploads\/2020\/10\/fdvdf-150x150.jpg 150w, https:\/\/www.santjosep.net\/wp-content\/uploads\/2020\/10\/fdvdf-768x768.jpg 768w, https:\/\/www.santjosep.net\/wp-content\/uploads\/2020\/10\/fdvdf-550x550.jpg 550w, https:\/\/www.santjosep.net\/wp-content\/uploads\/2020\/10\/fdvdf-1100x1100.jpg 1100w\" sizes=\"auto, (max-width: 1500px) 100vw, 1500px\" \/>\n\t<\/div>\n\n<\/div><div class=\"modula-item\" data-width=\"6\" data-height=\"6\" >\n\t<div class=\"modula-item-content\">\n\t\t\n\t\t\t\t\t<a data-image-id=\"23432\" tabindex=\"0\" rel=\"jtg-23410\" data-caption=\"\" aria-label=\"Open image in lightbox\" role=\"button\" class=\"tile-inner modula-item-link\"><\/a>\n\t\t\n\t\t<img loading=\"lazy\" decoding=\"async\" class=\"pic wp-image-23432\"  data-valign=\"middle\" data-halign=\"center\" alt=\"\" data-full=\"https:\/\/www.santjosep.net\/wp-content\/uploads\/2020\/10\/DSC06861.jpg\" title=\"DSC06861\" width=\"1400\" height=\"2100\" src=\"https:\/\/www.santjosep.net\/wp-content\/uploads\/2020\/10\/DSC06861.jpg\" data-src=\"https:\/\/www.santjosep.net\/wp-content\/uploads\/2020\/10\/DSC06861.jpg\" data-caption=\"\" srcset=\"https:\/\/www.santjosep.net\/wp-content\/uploads\/2020\/10\/DSC06861.jpg 1400w, https:\/\/www.santjosep.net\/wp-content\/uploads\/2020\/10\/DSC06861-200x300.jpg 200w, https:\/\/www.santjosep.net\/wp-content\/uploads\/2020\/10\/DSC06861-683x1024.jpg 683w, https:\/\/www.santjosep.net\/wp-content\/uploads\/2020\/10\/DSC06861-768x1152.jpg 768w, https:\/\/www.santjosep.net\/wp-content\/uploads\/2020\/10\/DSC06861-1024x1536.jpg 1024w, https:\/\/www.santjosep.net\/wp-content\/uploads\/2020\/10\/DSC06861-1365x2048.jpg 1365w\" sizes=\"auto, (max-width: 1400px) 100vw, 1400px\" \/>\n\t<\/div>\n\n<\/div>\t\t\n\t<\/div>\n\n\t\n\t\n\t<script type=\"application\/ld+json\">\n\t{\n\t\t\"@context\": \"http:\/\/schema.org\",\n\t\t\"@type\"   : \"ImageGallery\",\n\t\t\"id\"      : \"https:\/\/www.santjosep.net\/ca\/6-idees-per-gaudir-a-cala-vedella\/\",\n\t\t\"url\"     : \"https:\/\/www.santjosep.net\/ca\/6-idees-per-gaudir-a-cala-vedella\/\"\n\t}\n\n\t<\/script>\n\n\t\n<\/div>\n[\/vc_column_text][\/vc_column][\/vc_row]<\/p>\n<\/div>","protected":false},"excerpt":{"rendered":"<p>Cala Vedella ha estat sempre un cl\u00e0ssic lloc d\u2019estiueig per als eivissencs de tota l\u2019illa. Actualment la seva fama segueix vigent, per\u00f2 a nivell internacional, especialment entre un p\u00fablic clarament familiar, que sap valorar tot all\u00f2 que aquest petit rac\u00f3 pot oferir. Vegem-ne alguns exemples.<\/p>\n","protected":false},"author":1,"featured_media":23443,"comment_status":"open","ping_status":"open","sticky":false,"template":"","format":"standard","meta":{"_acf_changed":false,"inline_featured_image":false,"footnotes":""},"categories":[334,347,209,211],"tags":[],"class_list":["post-23472","post","type-post","status-publish","format-standard","has-post-thumbnail","hentry","category-esports-ca","category-gastronomia-2-ca","category-platjes-ca","category-postes-de-sol-ca"],"acf":[],"geo":null,"yoast_head":"<!-- This site is optimized with the Yoast SEO plugin v25.7 - https:\/\/yoast.com\/wordpress\/plugins\/seo\/ -->\n<title>6 idees per gaudir a Cala Vedella - Santjosep.net<\/title>\n<meta name=\"robots\" content=\"index, follow, max-snippet:-1, max-image-preview:large, max-video-preview:-1\" \/>\n<link rel=\"canonical\" href=\"https:\/\/www.santjosep.net\/ca\/6-idees-per-gaudir-a-cala-vedella\/\" \/>\n<meta property=\"og:locale\" content=\"ca_ES\" \/>\n<meta property=\"og:type\" content=\"article\" \/>\n<meta property=\"og:title\" content=\"6 idees per gaudir a Cala Vedella - Santjosep.net\" \/>\n<meta property=\"og:description\" content=\"Cala Vedella ha estat sempre un cl\u00e0ssic lloc d\u2019estiueig per als eivissencs de tota l\u2019illa. Actualment la seva fama segueix vigent, per\u00f2 a nivell internacional, especialment entre un p\u00fablic clarament familiar, que sap valorar tot all\u00f2 que aquest petit rac\u00f3 pot oferir. Vegem-ne alguns exemples.\" \/>\n<meta property=\"og:url\" content=\"https:\/\/www.santjosep.net\/ca\/6-idees-per-gaudir-a-cala-vedella\/\" \/>\n<meta property=\"og:site_name\" content=\"Santjosep.net\" \/>\n<meta property=\"article:published_time\" content=\"2020-10-01T11:20:37+00:00\" \/>\n<meta property=\"article:modified_time\" content=\"2020-10-01T13:08:23+00:00\" \/>\n<meta property=\"og:image\" content=\"https:\/\/www.santjosep.net\/wp-content\/uploads\/2020\/10\/calavadella_cover.jpg\" \/>\n\t<meta property=\"og:image:width\" content=\"890\" \/>\n\t<meta property=\"og:image:height\" content=\"667\" \/>\n\t<meta property=\"og:image:type\" content=\"image\/jpeg\" \/>\n<meta name=\"author\" content=\"Sant Josep\" \/>\n<meta name=\"twitter:card\" content=\"summary_large_image\" \/>\n<meta name=\"twitter:label1\" content=\"Escrit per\" \/>\n\t<meta name=\"twitter:data1\" content=\"Sant Josep\" \/>\n\t<meta name=\"twitter:label2\" content=\"Temps estimat de lectura\" \/>\n\t<meta name=\"twitter:data2\" content=\"5 minuts\" \/>\n<script type=\"application\/ld+json\" class=\"yoast-schema-graph\">{\"@context\":\"https:\/\/schema.org\",\"@graph\":[{\"@type\":\"WebPage\",\"@id\":\"https:\/\/www.santjosep.net\/ca\/6-idees-per-gaudir-a-cala-vedella\/\",\"url\":\"https:\/\/www.santjosep.net\/ca\/6-idees-per-gaudir-a-cala-vedella\/\",\"name\":\"6 idees per gaudir a Cala Vedella - Santjosep.net\",\"isPartOf\":{\"@id\":\"https:\/\/www.santjosep.net\/#website\"},\"primaryImageOfPage\":{\"@id\":\"https:\/\/www.santjosep.net\/ca\/6-idees-per-gaudir-a-cala-vedella\/#primaryimage\"},\"image\":{\"@id\":\"https:\/\/www.santjosep.net\/ca\/6-idees-per-gaudir-a-cala-vedella\/#primaryimage\"},\"thumbnailUrl\":\"https:\/\/www.santjosep.net\/wp-content\/uploads\/2020\/10\/calavadella_cover.jpg\",\"datePublished\":\"2020-10-01T11:20:37+00:00\",\"dateModified\":\"2020-10-01T13:08:23+00:00\",\"author\":{\"@id\":\"https:\/\/www.santjosep.net\/#\/schema\/person\/b60e56f94e4e55776eb62bf4293f99b6\"},\"inLanguage\":\"ca\",\"potentialAction\":[{\"@type\":\"ReadAction\",\"target\":[\"https:\/\/www.santjosep.net\/ca\/6-idees-per-gaudir-a-cala-vedella\/\"]}]},{\"@type\":\"ImageObject\",\"inLanguage\":\"ca\",\"@id\":\"https:\/\/www.santjosep.net\/ca\/6-idees-per-gaudir-a-cala-vedella\/#primaryimage\",\"url\":\"https:\/\/www.santjosep.net\/wp-content\/uploads\/2020\/10\/calavadella_cover.jpg\",\"contentUrl\":\"https:\/\/www.santjosep.net\/wp-content\/uploads\/2020\/10\/calavadella_cover.jpg\",\"width\":890,\"height\":667},{\"@type\":\"WebSite\",\"@id\":\"https:\/\/www.santjosep.net\/#website\",\"url\":\"https:\/\/www.santjosep.net\/\",\"name\":\"Santjosep.net\",\"description\":\"\",\"potentialAction\":[{\"@type\":\"SearchAction\",\"target\":{\"@type\":\"EntryPoint\",\"urlTemplate\":\"https:\/\/www.santjosep.net\/?s={search_term_string}\"},\"query-input\":{\"@type\":\"PropertyValueSpecification\",\"valueRequired\":true,\"valueName\":\"search_term_string\"}}],\"inLanguage\":\"ca\"},{\"@type\":\"Person\",\"@id\":\"https:\/\/www.santjosep.net\/#\/schema\/person\/b60e56f94e4e55776eb62bf4293f99b6\",\"name\":\"Sant Josep\",\"image\":{\"@type\":\"ImageObject\",\"inLanguage\":\"ca\",\"@id\":\"https:\/\/www.santjosep.net\/#\/schema\/person\/image\/\",\"url\":\"https:\/\/secure.gravatar.com\/avatar\/2f4071817a97d2499c5aae9674ee15015b5a3c7c0974ca84f095a8e4aadcda56?s=96&d=mm&r=g\",\"contentUrl\":\"https:\/\/secure.gravatar.com\/avatar\/2f4071817a97d2499c5aae9674ee15015b5a3c7c0974ca84f095a8e4aadcda56?s=96&d=mm&r=g\",\"caption\":\"Sant Josep\"},\"url\":\"https:\/\/www.santjosep.net\/ca\/author\/fugrafic\/\"}]}<\/script>\n<!-- \/ Yoast SEO plugin. -->","yoast_head_json":{"title":"6 idees per gaudir a Cala Vedella - Santjosep.net","robots":{"index":"index","follow":"follow","max-snippet":"max-snippet:-1","max-image-preview":"max-image-preview:large","max-video-preview":"max-video-preview:-1"},"canonical":"https:\/\/www.santjosep.net\/ca\/6-idees-per-gaudir-a-cala-vedella\/","og_locale":"ca_ES","og_type":"article","og_title":"6 idees per gaudir a Cala Vedella - Santjosep.net","og_description":"Cala Vedella ha estat sempre un cl\u00e0ssic lloc d\u2019estiueig per als eivissencs de tota l\u2019illa. Actualment la seva fama segueix vigent, per\u00f2 a nivell internacional, especialment entre un p\u00fablic clarament familiar, que sap valorar tot all\u00f2 que aquest petit rac\u00f3 pot oferir. Vegem-ne alguns exemples.","og_url":"https:\/\/www.santjosep.net\/ca\/6-idees-per-gaudir-a-cala-vedella\/","og_site_name":"Santjosep.net","article_published_time":"2020-10-01T11:20:37+00:00","article_modified_time":"2020-10-01T13:08:23+00:00","og_image":[{"width":890,"height":667,"url":"https:\/\/www.santjosep.net\/wp-content\/uploads\/2020\/10\/calavadella_cover.jpg","type":"image\/jpeg"}],"author":"Sant Josep","twitter_card":"summary_large_image","twitter_misc":{"Escrit per":"Sant Josep","Temps estimat de lectura":"5 minuts"},"schema":{"@context":"https:\/\/schema.org","@graph":[{"@type":"WebPage","@id":"https:\/\/www.santjosep.net\/ca\/6-idees-per-gaudir-a-cala-vedella\/","url":"https:\/\/www.santjosep.net\/ca\/6-idees-per-gaudir-a-cala-vedella\/","name":"6 idees per gaudir a Cala Vedella - Santjosep.net","isPartOf":{"@id":"https:\/\/www.santjosep.net\/#website"},"primaryImageOfPage":{"@id":"https:\/\/www.santjosep.net\/ca\/6-idees-per-gaudir-a-cala-vedella\/#primaryimage"},"image":{"@id":"https:\/\/www.santjosep.net\/ca\/6-idees-per-gaudir-a-cala-vedella\/#primaryimage"},"thumbnailUrl":"https:\/\/www.santjosep.net\/wp-content\/uploads\/2020\/10\/calavadella_cover.jpg","datePublished":"2020-10-01T11:20:37+00:00","dateModified":"2020-10-01T13:08:23+00:00","author":{"@id":"https:\/\/www.santjosep.net\/#\/schema\/person\/b60e56f94e4e55776eb62bf4293f99b6"},"inLanguage":"ca","potentialAction":[{"@type":"ReadAction","target":["https:\/\/www.santjosep.net\/ca\/6-idees-per-gaudir-a-cala-vedella\/"]}]},{"@type":"ImageObject","inLanguage":"ca","@id":"https:\/\/www.santjosep.net\/ca\/6-idees-per-gaudir-a-cala-vedella\/#primaryimage","url":"https:\/\/www.santjosep.net\/wp-content\/uploads\/2020\/10\/calavadella_cover.jpg","contentUrl":"https:\/\/www.santjosep.net\/wp-content\/uploads\/2020\/10\/calavadella_cover.jpg","width":890,"height":667},{"@type":"WebSite","@id":"https:\/\/www.santjosep.net\/#website","url":"https:\/\/www.santjosep.net\/","name":"Santjosep.net","description":"","potentialAction":[{"@type":"SearchAction","target":{"@type":"EntryPoint","urlTemplate":"https:\/\/www.santjosep.net\/?s={search_term_string}"},"query-input":{"@type":"PropertyValueSpecification","valueRequired":true,"valueName":"search_term_string"}}],"inLanguage":"ca"},{"@type":"Person","@id":"https:\/\/www.santjosep.net\/#\/schema\/person\/b60e56f94e4e55776eb62bf4293f99b6","name":"Sant Josep","image":{"@type":"ImageObject","inLanguage":"ca","@id":"https:\/\/www.santjosep.net\/#\/schema\/person\/image\/","url":"https:\/\/secure.gravatar.com\/avatar\/2f4071817a97d2499c5aae9674ee15015b5a3c7c0974ca84f095a8e4aadcda56?s=96&d=mm&r=g","contentUrl":"https:\/\/secure.gravatar.com\/avatar\/2f4071817a97d2499c5aae9674ee15015b5a3c7c0974ca84f095a8e4aadcda56?s=96&d=mm&r=g","caption":"Sant Josep"},"url":"https:\/\/www.santjosep.net\/ca\/author\/fugrafic\/"}]}},"_links":{"self":[{"href":"https:\/\/www.santjosep.net\/ca\/wp-json\/wp\/v2\/posts\/23472","targetHints":{"allow":["GET"]}}],"collection":[{"href":"https:\/\/www.santjosep.net\/ca\/wp-json\/wp\/v2\/posts"}],"about":[{"href":"https:\/\/www.santjosep.net\/ca\/wp-json\/wp\/v2\/types\/post"}],"author":[{"embeddable":true,"href":"https:\/\/www.santjosep.net\/ca\/wp-json\/wp\/v2\/users\/1"}],"replies":[{"embeddable":true,"href":"https:\/\/www.santjosep.net\/ca\/wp-json\/wp\/v2\/comments?post=23472"}],"version-history":[{"count":0,"href":"https:\/\/www.santjosep.net\/ca\/wp-json\/wp\/v2\/posts\/23472\/revisions"}],"wp:featuredmedia":[{"embeddable":true,"href":"https:\/\/www.santjosep.net\/ca\/wp-json\/wp\/v2\/media\/23443"}],"wp:attachment":[{"href":"https:\/\/www.santjosep.net\/ca\/wp-json\/wp\/v2\/media?parent=23472"}],"wp:term":[{"taxonomy":"category","embeddable":true,"href":"https:\/\/www.santjosep.net\/ca\/wp-json\/wp\/v2\/categories?post=23472"},{"taxonomy":"post_tag","embeddable":true,"href":"https:\/\/www.santjosep.net\/ca\/wp-json\/wp\/v2\/tags?post=23472"}],"curies":[{"name":"wp","href":"https:\/\/api.w.org\/{rel}","templated":true}]}}