{"id":22913,"date":"2020-06-28T11:09:38","date_gmt":"2020-06-28T09:09:38","guid":{"rendered":"https:\/\/www.santjosep.net\/paseo-desde-port-des-torrent-hasta-cala-bassa\/"},"modified":"2020-07-15T13:15:30","modified_gmt":"2020-07-15T11:15:30","slug":"passeig-des-de-port-des-torrent-fins-a-cala-bassa","status":"publish","type":"post","link":"https:\/\/www.santjosep.net\/ca\/passeig-des-de-port-des-torrent-fins-a-cala-bassa\/","title":{"rendered":"Passeig des de Port des Torrent fins a Cala Bassa"},"content":{"rendered":"<div class=\"wpb-content-wrapper\"><p>[vc_row enable_hue_rotation=&#8221;no&#8221; enable_text_marquee=&#8221;no&#8221;][vc_column][vc_column_text]<iframe loading=\"lazy\" src=\"https:\/\/www.google.com\/maps\/d\/u\/0\/embed?mid=1sRuIRvWhBK6K5VNwkNPmYolVvQeXx-kP\" width=\"800\" height=\"480\"><\/iframe>[\/vc_column_text][vc_column_text]Aquesta ruta ens portar\u00e0 pel litoral que s\u2019est\u00e9n al sud de la badia de Sant Antoni. Els punts de sortida i d\u2019arribada s\u00f3n dues platges populars i, alhora, molt diferents.<\/p>\n<p>Contemplarem una antiga pedrera de mar\u00e8s, apreciarem la interessant composici\u00f3 geol\u00f2gica d\u2019aquest tram de costa, albirarem casetes varador t\u00edpiques, admirarem una cova incre\u00efble i, finalment, capbussarem la mirada en les paradis\u00edaques aig\u00fces turqueses de cala Bassa. La ruta, pr\u00e0cticament sense indicacions per\u00f2 molt intu\u00eftiva, discorrer\u00e0 per petits camins de litoral. \u00c9s de baixa complexitat i t\u00e9 una extensi\u00f3 aproximada de set quil\u00f2metres, anada i tornada.[\/vc_column_text][vc_column_text css=&#8221;.vc_custom_1594378419569{margin-top: 20px !important;}&#8221;]<div id=\"new-royalslider-91\" class=\"royalSlider new-royalslider-91 rsDefaultInv rs-default-template\" style=\"width:100%;height:533px;;\" data-rs-options='{&quot;template&quot;:&quot;default&quot;,&quot;image_generation&quot;:{&quot;imageWidth&quot;:&quot;&quot;,&quot;imageHeight&quot;:&quot;&quot;,&quot;thumbImageWidth&quot;:&quot;&quot;,&quot;thumbImageHeight&quot;:&quot;&quot;},&quot;thumbs&quot;:{&quot;thumbWidth&quot;:96,&quot;thumbHeight&quot;:72},&quot;autoPlay&quot;:{&quot;delay&quot;:5000},&quot;fullscreen&quot;:{&quot;enabled&quot;:&quot;true&quot;},&quot;block&quot;:{&quot;moveOffset&quot;:20,&quot;speed&quot;:400,&quot;delay&quot;:200},&quot;width&quot;:&quot;100%&quot;,&quot;height&quot;:533,&quot;autoScaleSlider&quot;:&quot;true&quot;,&quot;autoScaleSliderHeight&quot;:533,&quot;imageScaleMode&quot;:&quot;fill&quot;,&quot;imageScalePadding&quot;:0,&quot;arrowsNavAutoHide&quot;:&quot;false&quot;,&quot;globalCaptionInside&quot;:&quot;true&quot;}'>\n<div class=\"rsContent\">\n  <img decoding=\"async\" class=\"rsImg\" src=\"https:\/\/www.santjosep.net\/wp-content\/uploads\/2020\/07\/DSC05813-1024x683.jpg\" data-rsBigImg=\"https:\/\/www.santjosep.net\/wp-content\/uploads\/2020\/07\/DSC05813.jpg\" alt=\"DSC05813\"\/>\n  \n  \n  \n<\/div>\n<div class=\"rsContent\">\n  <img decoding=\"async\" class=\"rsImg\" src=\"https:\/\/www.santjosep.net\/wp-content\/uploads\/2020\/07\/DSC05818-1024x683.jpg\" data-rsBigImg=\"https:\/\/www.santjosep.net\/wp-content\/uploads\/2020\/07\/DSC05818.jpg\" alt=\"DSC05818\"\/>\n  \n  \n  \n<\/div>\n<div class=\"rsContent\">\n  <img decoding=\"async\" class=\"rsImg\" src=\"https:\/\/www.santjosep.net\/wp-content\/uploads\/2020\/07\/DSC05461-1024x683.jpg\" data-rsBigImg=\"https:\/\/www.santjosep.net\/wp-content\/uploads\/2020\/07\/DSC05461.jpg\" alt=\"DSC05461\"\/>\n  \n  \n  \n<\/div>\n<div class=\"rsContent\">\n  <img decoding=\"async\" class=\"rsImg\" src=\"https:\/\/www.santjosep.net\/wp-content\/uploads\/2018\/07\/P1013333-1024x768.jpg\" data-rsBigImg=\"https:\/\/www.santjosep.net\/wp-content\/uploads\/2018\/07\/P1013333.jpg\" alt=\"P1013333\"\/>\n  \n  \n  \n<\/div>\n<div class=\"rsContent\">\n  <img decoding=\"async\" class=\"rsImg\" src=\"https:\/\/www.santjosep.net\/wp-content\/uploads\/2018\/07\/P1013337-1024x768.jpg\" data-rsBigImg=\"https:\/\/www.santjosep.net\/wp-content\/uploads\/2018\/07\/P1013337.jpg\" alt=\"P1013337\"\/>\n  \n  \n  \n<\/div>\n<div class=\"rsContent\">\n  <img decoding=\"async\" class=\"rsImg\" src=\"https:\/\/www.santjosep.net\/wp-content\/uploads\/2018\/07\/P1013341-1024x768.jpg\" data-rsBigImg=\"https:\/\/www.santjosep.net\/wp-content\/uploads\/2018\/07\/P1013341.jpg\" alt=\"P1013341\"\/>\n  \n  \n  \n<\/div>\n<div class=\"rsContent\">\n  <img decoding=\"async\" class=\"rsImg\" src=\"https:\/\/www.santjosep.net\/wp-content\/uploads\/2018\/07\/P1013322-1024x768.jpg\" data-rsBigImg=\"https:\/\/www.santjosep.net\/wp-content\/uploads\/2018\/07\/P1013322.jpg\" alt=\"P1013322\"\/>\n  \n  \n  \n<\/div>\n<div class=\"rsContent\">\n  <img decoding=\"async\" class=\"rsImg\" src=\"https:\/\/www.santjosep.net\/wp-content\/uploads\/2018\/07\/P1013100-1024x768.jpg\" data-rsBigImg=\"https:\/\/www.santjosep.net\/wp-content\/uploads\/2018\/07\/P1013100.jpg\" alt=\"P1013100\"\/>\n  \n  \n  \n<\/div>\n<div class=\"rsContent\">\n  <img decoding=\"async\" class=\"rsImg\" src=\"https:\/\/www.santjosep.net\/wp-content\/uploads\/2018\/07\/P1013224-1024x769.jpg\" data-rsBigImg=\"https:\/\/www.santjosep.net\/wp-content\/uploads\/2018\/07\/P1013224.jpg\" alt=\"P1013224\"\/>\n  \n  \n  \n<\/div>\n<div class=\"rsContent\">\n  <img decoding=\"async\" class=\"rsImg\" src=\"https:\/\/www.santjosep.net\/wp-content\/uploads\/2018\/07\/P1013231-1024x768.jpg\" data-rsBigImg=\"https:\/\/www.santjosep.net\/wp-content\/uploads\/2018\/07\/P1013231.jpg\" alt=\"P1013231\"\/>\n  \n  \n  \n<\/div>\n<div class=\"rsContent\">\n  <img decoding=\"async\" class=\"rsImg\" src=\"https:\/\/www.santjosep.net\/wp-content\/uploads\/2018\/07\/P1013267-1024x768.jpg\" data-rsBigImg=\"https:\/\/www.santjosep.net\/wp-content\/uploads\/2018\/07\/P1013267.jpg\" alt=\"P1013267\"\/>\n  \n  \n  \n<\/div>\n<div class=\"rsContent\">\n  <img decoding=\"async\" class=\"rsImg\" src=\"https:\/\/www.santjosep.net\/wp-content\/uploads\/2018\/07\/P1013324-1024x768.jpg\" data-rsBigImg=\"https:\/\/www.santjosep.net\/wp-content\/uploads\/2018\/07\/P1013324.jpg\" alt=\"P1013324\"\/>\n  \n  \n  \n<\/div>\n<div class=\"rsContent\">\n  <img decoding=\"async\" class=\"rsImg\" src=\"https:\/\/www.santjosep.net\/wp-content\/uploads\/2018\/07\/P1013250-1024x768.jpg\" data-rsBigImg=\"https:\/\/www.santjosep.net\/wp-content\/uploads\/2018\/07\/P1013250.jpg\" alt=\"P1013250\"\/>\n  \n  \n  \n<\/div>\n<div class=\"rsContent\">\n  <img decoding=\"async\" class=\"rsImg\" src=\"https:\/\/www.santjosep.net\/wp-content\/uploads\/2017\/12\/IMG_8926-1024x768.jpg\" data-rsBigImg=\"https:\/\/www.santjosep.net\/wp-content\/uploads\/2017\/12\/IMG_8926.jpg\" alt=\"IMG_8926\"\/>\n  \n  \n  \n<\/div>\n<div class=\"rsContent\">\n  <img decoding=\"async\" class=\"rsImg\" src=\"https:\/\/www.santjosep.net\/wp-content\/uploads\/2017\/12\/IMG_8924-1024x768.jpg\" data-rsBigImg=\"https:\/\/www.santjosep.net\/wp-content\/uploads\/2017\/12\/IMG_8924.jpg\" alt=\"IMG_8924\"\/>\n  \n  \n  \n<\/div>\n<div class=\"rsContent\">\n  <img decoding=\"async\" class=\"rsImg\" src=\"https:\/\/www.santjosep.net\/wp-content\/uploads\/2017\/12\/IMG_8929-1024x768.jpg\" data-rsBigImg=\"https:\/\/www.santjosep.net\/wp-content\/uploads\/2017\/12\/IMG_8929.jpg\" alt=\"IMG_8929\"\/>\n  \n  \n  \n<\/div>\n<div class=\"rsContent\">\n  <img decoding=\"async\" class=\"rsImg\" src=\"https:\/\/www.santjosep.net\/wp-content\/uploads\/2017\/12\/IMG_8930-1024x768.jpg\" data-rsBigImg=\"https:\/\/www.santjosep.net\/wp-content\/uploads\/2017\/12\/IMG_8930.jpg\" alt=\"IMG_8930\"\/>\n  \n  \n  \n<\/div>\n\n<\/div>\n[\/vc_column_text][vc_column_text css=&#8221;.vc_custom_1594378447701{margin-bottom: 20px !important;}&#8221;]<em>Port des Torrent<\/em>[\/vc_column_text][vc_column_text]Iniciem la ruta a la platja de <a href=\"\/?page_id=11446\"><strong>Port des Torrent<\/strong><\/a>, un arenal molt popular que ofereix al banyista unes <strong>aig\u00fces transparents<\/strong>, un ampli arenal i tota una gamma de serveis al seu abast. Des de l\u2019extrem lateral que s\u2019est\u00e9n a l\u2019esquerra seguirem el petit cam\u00ed que ressegueix la costa, en paral\u00b7lel a les diverses construccions que s\u2019aixequen tamb\u00e9 a la nostra esquerra. Passarem al costat de zones arbrades de pins i savines mantenint el mar a la nostra dreta. Transcorreguts uns quaranta metres, trobarem un cam\u00ed m\u00e9s ample que ens portar\u00e0 a l\u2019entorn d\u2019unes casetes varador. Aquestes construccions es troben a recer de punta Pedrera, orientades cap a l\u2019interior de la cala natural de Port des Torrent. <strong>Punta Pedrera<\/strong>, com el seu nom indica, va ser una antiga pedrera de la qual s\u2019extreia el mar\u00e8s. Aquesta roca sediment\u00e0ria, resultat de la litificaci\u00f3 de dunes, est\u00e0 formada per grans de sorra i restes f\u00f2ssils cohesionats per un ciment de carbonats. Esculpit pel vent, el mar\u00e8s ha estat un material essencial en construccions tan importants com les muralles d\u2019Eivissa. Quan ens hi apropem podrem veure multitud de talls verticals i horitzontals que seguen sim\u00e8tricament la costa, incloent-hi grans esglaons i bancades que en alguns casos ens ajudaran a arribar fins al mar. All\u00ed ens podrem capbussar en una piscina natural formada pels clots de l\u2019explotaci\u00f3.[\/vc_column_text][vc_single_image image=&#8221;22856&#8243; img_size=&#8221;full&#8221; css=&#8221;.vc_custom_1594378387826{margin-top: 20px !important;margin-bottom: 20px !important;}&#8221;][vc_column_text]<em>Punta Pedrera<\/em>[\/vc_column_text][vc_column_text]Seguirem la ruta buscant sempre el l\u00edmit mar\u00edtim. En alguns trams ens haurem de guiar per la intu\u00efci\u00f3, tenint el mar sempre com a referent; el nostre objectiu \u00e9s caminar tan a prop de la costa com sigui possible. Passarem pel final d\u2019algun carrer asfaltat i d\u2019algun cam\u00ed que arriba fins a la vora del penya-segat. En aquest moment estarem trepitjant una formaci\u00f3 geol\u00f2gica de roques que combina una superf\u00edcie carbonatada sota la qual s\u2019est\u00e9n una capa d\u2019arenes compactades del quaternari la base de la qual, de diversos conglomerats a nivell de mar, tamb\u00e9 es va formar en el quaternari. Aquests substrats diferents s\u00f3n ben visibles en el penya-segat del <strong>Rac\u00f3 des Penyal<\/strong>, el seg\u00fcent sortint roc\u00f3s al qual arribarem un quil\u00f2metre despr\u00e9s d\u2019haver deixat <strong>sa Pedrera<\/strong>. Aquesta petita pen\u00ednsula t\u00e9 un entrant mar\u00ed molt accentuat, en forma de fletxa. No \u00e9s possible envoltar-lo per la costa; per aquest motiu, aprofitarem algun dels camins oberts entre el<strong> bosc que pobla la zona<\/strong> per avan\u00e7ar.[\/vc_column_text][vc_single_image image=&#8221;22880&#8243; img_size=&#8221;full&#8221; css=&#8221;.vc_custom_1594378904939{margin-top: 20px !important;margin-bottom: 20px !important;}&#8221;][vc_column_text]Ens trobem ja a ben poca dist\u00e0ncia de <a href=\"\/?page_id=12188\"><strong>Cala Bassa.<\/strong><\/a> Una vegada superat el v\u00e8rtex d\u2019aquest entrant mar\u00ed podrem intuir diversos camins que prossegueixen pel l\u00edmit mar\u00edtim i que seguirem amb la vista sempre al davant per endevinar la costa que antecedeix la platja de destinaci\u00f3. Passats uns xalets, el tram de costa es clarifica i estarem sobre una base p\u00e8tria que s\u2019al\u00e7a a poca altura sobre el mar. Aqu\u00ed trobarem diverses coves que s\u2019obren al mar i que permeten als afortunats practicants de caiac gaudir dels seus revolts. Tanmateix, uns metres m\u00e9s endavant, i ja amb la cala Bassa al davant, tindrem la fortuna de trobar-nos amb una cova-platja oberta al cel, sens dubte una de les atraccions de la zona. Podem baixar fins a l\u2019aigua i remullar-nos els peus, si ens ve de gust. Ja ens trobem a l\u2019avantsala de cala Bassa, una platja a l\u2019acc\u00e9s de la qual trobem unes formacions rocoses peculiars que donen pas a un arenal d\u2019una sorra blanca resplendent i fons transparents. L\u2019oferta gastron\u00f2mica \u00e9s \u00e0mplia, amb diversos restaurants i guinguetes especialitzats en propostes molt diverses. L\u2019ambient \u00e9s cosmopolita i hi ha un acc\u00e9s mar\u00edtim mitjan\u00e7ant <strong>barques de l\u00ednia regular que la connecten amb Sant Antoni.<\/strong><\/p>\n<p>[\/vc_column_text][vc_column_text css=&#8221;.vc_custom_1594379138816{margin-top: 20px !important;}&#8221;]<style>#jtg-22884 .modula-item .jtg-social a, .lightbox-socials.jtg-social a{ fill: #ffffff; color: #ffffff }#jtg-22884 .modula-item .jtg-social-mobile a{ fill: #ffffff; color: #ffffff }#jtg-22884 .modula-item .jtg-social svg, .lightbox-socials.jtg-social svg { height: 16px; width: 16px }#jtg-22884 .modula-item .jtg-social-mobile svg { height: 16px; width: 16px }#jtg-22884 .modula-item .jtg-social a:not(:last-child), .lightbox-socials.jtg-social a:not(:last-child) { margin-right: 10px }#jtg-22884 .modula-item .jtg-social-mobile .jtg-social-mobile-icons a:not(:last-child){ margin-right: 10px }#jtg-22884 .modula-item .figc {color:#ffffff;}#jtg-22884 .modula-item .modula-item-content { transform: scale(1) }#jtg-22884 .modula-items .figc p.description { font-size:14px; }#jtg-22884 .modula-items .figc p.description { color:#ffffff;}#jtg-22884.modula-gallery .modula-item > a, #jtg-22884.modula-gallery .modula-item, #jtg-22884.modula-gallery .modula-item-content > a:not(.modula-no-follow) { cursor:zoom-in; } #jtg-22884.modula-gallery .modula-item-content .modula-no-follow { cursor: default; } @media screen and (max-width:480px){#jtg-22884 .modula-item .figc .jtg-title {  font-size: 12px; }#jtg-22884 .modula-items .figc p.description { color:#ffffff;font-size:10px; }}#jtg-22884 .modula-items .modula-item:hover img{opacity:1;}<\/style>\n<div  id=\"jtg-22884\" class=\"modula modula-gallery modula-custom-grid\" data-config=\"{&quot;height&quot;:800,&quot;tabletHeight&quot;:800,&quot;mobileHeight&quot;:800,&quot;desktopHeight&quot;:800,&quot;enableTwitter&quot;:true,&quot;enableWhatsapp&quot;:false,&quot;enableFacebook&quot;:true,&quot;enablePinterest&quot;:true,&quot;enableLinkedin&quot;:true,&quot;enableEmail&quot;:false,&quot;randomFactor&quot;:0.5,&quot;type&quot;:&quot;custom-grid&quot;,&quot;columns&quot;:12,&quot;gutter&quot;:0,&quot;mobileGutter&quot;:0,&quot;tabletGutter&quot;:0,&quot;desktopGutter&quot;:0,&quot;enableResponsive&quot;:&quot;1&quot;,&quot;tabletColumns&quot;:&quot;2&quot;,&quot;mobileColumns&quot;:&quot;1&quot;,&quot;lazyLoad&quot;:&quot;0&quot;,&quot;lightboxOpts&quot;:{&quot;animated&quot;:true,&quot;Thumbs&quot;:{&quot;type&quot;:&quot;modern&quot;,&quot;showOnStart&quot;:false},&quot;Toolbar&quot;:{&quot;display&quot;:{&quot;right&quot;:[&quot;close&quot;]},&quot;enabled&quot;:true},&quot;Carousel&quot;:{&quot;Panzoom&quot;:{&quot;touch&quot;:false},&quot;infinite&quot;:false},&quot;keyboard&quot;:{&quot;Escape&quot;:&quot;close&quot;,&quot;Delete&quot;:&quot;close&quot;,&quot;Backspace&quot;:&quot;close&quot;,&quot;PageUp&quot;:false,&quot;PageDown&quot;:false,&quot;ArrowUp&quot;:false,&quot;ArrowDown&quot;:false,&quot;ArrowRight&quot;:false,&quot;ArrowLeft&quot;:false},&quot;touch&quot;:false,&quot;backdropClick&quot;:false,&quot;l10n&quot;:{&quot;CLOSE&quot;:&quot;Close&quot;,&quot;NEXT&quot;:&quot;Next&quot;,&quot;PREV&quot;:&quot;Previous&quot;,&quot;Error&quot;:&quot;The requested content cannot be loaded. Please try again later.&quot;,&quot;PLAY_START&quot;:&quot;Start slideshow&quot;,&quot;PLAY_STOP&quot;:&quot;Pause slideshow&quot;,&quot;FULL_SCREEN&quot;:&quot;Full screen&quot;,&quot;THUMBS&quot;:&quot;Thumbnails&quot;,&quot;DOWNLOAD&quot;:&quot;Download&quot;,&quot;SHARE&quot;:&quot;Share&quot;,&quot;ZOOM&quot;:&quot;Zoom&quot;,&quot;EMAIL&quot;:&quot;Here is the link to the image : %%image_link%% and this is the link to the gallery : %%gallery_link%%&quot;,&quot;MODAL&quot;:&quot;You can close this modal content with the ESC key&quot;,&quot;ERROR&quot;:&quot;Something Went Wrong, Please Try Again Later&quot;,&quot;IMAGE_ERROR&quot;:&quot;Image Not Found&quot;,&quot;ELEMENT_NOT_FOUND&quot;:&quot;HTML Element Not Found&quot;,&quot;AJAX_NOT_FOUND&quot;:&quot;Error Loading AJAX : Not Found&quot;,&quot;AJAX_FORBIDDEN&quot;:&quot;Error Loading AJAX : Forbidden&quot;,&quot;IFRAME_ERROR&quot;:&quot;Error Loading Page&quot;,&quot;TOGGLE_ZOOM&quot;:&quot;Toggle zoom level&quot;,&quot;TOGGLE_THUMBS&quot;:&quot;Toggle thumbnails&quot;,&quot;TOGGLE_SLIDESHOW&quot;:&quot;Toggle slideshow&quot;,&quot;TOGGLE_FULLSCREEN&quot;:&quot;Toggle full-screen mode&quot;},&quot;Images&quot;:{&quot;Panzoom&quot;:{&quot;maxScale&quot;:2}},&quot;mainClass&quot;:&quot;modula-fancybox-container modula-lightbox-jtg-22884&quot;,&quot;Html&quot;:{&quot;videoAutoplay&quot;:0,&quot;videoTpl&quot;:&quot;&lt;video class=\\&quot;fancybox__html5video\\&quot; controls muted playsinline controlsList controlsList=\\&quot;nodownload\\&quot; poster=\\&quot;{{poster}}\\&quot; src=\\&quot;{{src}}\\&quot; type=\\&quot;{{format}}\\&quot; &gt;  Sorry, your browser doesn&#039;t support embedded videos, &lt;a href=\\&quot;{{src}}\\&quot;&gt; download &lt;\\\/a&gt; and watch with your favorite video player! &lt;\\\/video&gt;&quot;}},&quot;inView&quot;:false,&quot;email_subject&quot;:&quot;Check out this awesome image !!&quot;,&quot;email_message&quot;:&quot;Here is the link to the image : %%image_link%% and this is the link to the gallery : %%gallery_link%%&quot;,&quot;lightbox&quot;:&quot;fancybox&quot;}\">\n\n\t\n\t<div  class=\"modula-items\">\n\t\t<div class=\"modula-item\" data-width=\"6\" data-height=\"5\" >\n\t<div class=\"modula-item-content\">\n\t\t\n\t\t\t\t\t<a data-image-id=\"22895\" tabindex=\"0\" rel=\"jtg-22884\" data-caption=\"\" aria-label=\"Open image in lightbox\" role=\"button\" class=\"tile-inner modula-item-link\"><\/a>\n\t\t\n\t\t<img loading=\"lazy\" decoding=\"async\" class=\"pic wp-image-22895\"  data-valign=\"middle\" data-halign=\"center\" alt=\"\" data-full=\"https:\/\/www.santjosep.net\/wp-content\/uploads\/2020\/07\/DSC09897-2.jpg\" title=\"DSC09897 2\" width=\"1400\" height=\"933\" src=\"https:\/\/www.santjosep.net\/wp-content\/uploads\/2020\/07\/DSC09897-2.jpg\" data-src=\"https:\/\/www.santjosep.net\/wp-content\/uploads\/2020\/07\/DSC09897-2.jpg\" data-caption=\"\" srcset=\"https:\/\/www.santjosep.net\/wp-content\/uploads\/2020\/07\/DSC09897-2.jpg 1400w, https:\/\/www.santjosep.net\/wp-content\/uploads\/2020\/07\/DSC09897-2-300x200.jpg 300w, https:\/\/www.santjosep.net\/wp-content\/uploads\/2020\/07\/DSC09897-2-1024x682.jpg 1024w, https:\/\/www.santjosep.net\/wp-content\/uploads\/2020\/07\/DSC09897-2-768x512.jpg 768w\" sizes=\"auto, (max-width: 1400px) 100vw, 1400px\" \/>\n\t<\/div>\n\n<\/div><div class=\"modula-item\" data-width=\"6\" data-height=\"5\" >\n\t<div class=\"modula-item-content\">\n\t\t\n\t\t\t\t\t<a data-image-id=\"22885\" tabindex=\"0\" rel=\"jtg-22884\" data-caption=\"\" aria-label=\"Open image in lightbox\" role=\"button\" class=\"tile-inner modula-item-link\"><\/a>\n\t\t\n\t\t<img loading=\"lazy\" decoding=\"async\" class=\"pic wp-image-22885\"  data-valign=\"middle\" data-halign=\"center\" alt=\"\" data-full=\"https:\/\/www.santjosep.net\/wp-content\/uploads\/2020\/07\/DSC09902-2.jpg\" title=\"DSC09902 2\" width=\"1400\" height=\"933\" src=\"https:\/\/www.santjosep.net\/wp-content\/uploads\/2020\/07\/DSC09902-2.jpg\" data-src=\"https:\/\/www.santjosep.net\/wp-content\/uploads\/2020\/07\/DSC09902-2.jpg\" data-caption=\"\" srcset=\"https:\/\/www.santjosep.net\/wp-content\/uploads\/2020\/07\/DSC09902-2.jpg 1400w, https:\/\/www.santjosep.net\/wp-content\/uploads\/2020\/07\/DSC09902-2-300x200.jpg 300w, https:\/\/www.santjosep.net\/wp-content\/uploads\/2020\/07\/DSC09902-2-1024x682.jpg 1024w, https:\/\/www.santjosep.net\/wp-content\/uploads\/2020\/07\/DSC09902-2-768x512.jpg 768w\" sizes=\"auto, (max-width: 1400px) 100vw, 1400px\" \/>\n\t<\/div>\n\n<\/div><div class=\"modula-item\" data-width=\"12\" data-height=\"7\" >\n\t<div class=\"modula-item-content\">\n\t\t\n\t\t\t\t\t<a data-image-id=\"22900\" tabindex=\"0\" rel=\"jtg-22884\" data-caption=\"\" aria-label=\"Open image in lightbox\" role=\"button\" class=\"tile-inner modula-item-link\"><\/a>\n\t\t\n\t\t<img loading=\"lazy\" decoding=\"async\" class=\"pic wp-image-22900\"  data-valign=\"middle\" data-halign=\"center\" alt=\"\" data-full=\"https:\/\/www.santjosep.net\/wp-content\/uploads\/2020\/07\/Aerea-Cala-Bassa-1-de-1-2-copia.jpg\" title=\"Aerea Cala Bassa (1 de 1) 2 copia\" width=\"1200\" height=\"899\" src=\"https:\/\/www.santjosep.net\/wp-content\/uploads\/2020\/07\/Aerea-Cala-Bassa-1-de-1-2-copia.jpg\" data-src=\"https:\/\/www.santjosep.net\/wp-content\/uploads\/2020\/07\/Aerea-Cala-Bassa-1-de-1-2-copia.jpg\" data-caption=\"\" srcset=\"https:\/\/www.santjosep.net\/wp-content\/uploads\/2020\/07\/Aerea-Cala-Bassa-1-de-1-2-copia.jpg 1200w, https:\/\/www.santjosep.net\/wp-content\/uploads\/2020\/07\/Aerea-Cala-Bassa-1-de-1-2-copia-300x225.jpg 300w, https:\/\/www.santjosep.net\/wp-content\/uploads\/2020\/07\/Aerea-Cala-Bassa-1-de-1-2-copia-1024x767.jpg 1024w, https:\/\/www.santjosep.net\/wp-content\/uploads\/2020\/07\/Aerea-Cala-Bassa-1-de-1-2-copia-768x575.jpg 768w, https:\/\/www.santjosep.net\/wp-content\/uploads\/2020\/07\/Aerea-Cala-Bassa-1-de-1-2-copia-800x600.jpg 800w\" sizes=\"auto, (max-width: 1200px) 100vw, 1200px\" \/>\n\t<\/div>\n\n<\/div>\t\t\n\t<\/div>\n\n\t\n\t\n\t<script type=\"application\/ld+json\">\n\t{\n\t\t\"@context\": \"http:\/\/schema.org\",\n\t\t\"@type\"   : \"ImageGallery\",\n\t\t\"id\"      : \"https:\/\/www.santjosep.net\/ca\/passeig-des-de-port-des-torrent-fins-a-cala-bassa\/\",\n\t\t\"url\"     : \"https:\/\/www.santjosep.net\/ca\/passeig-des-de-port-des-torrent-fins-a-cala-bassa\/\"\n\t}\n\n\t<\/script>\n\n\t\n<\/div>\n[\/vc_column_text][vc_column_text]<em>Cala Bassa<br \/>\n<\/em>[\/vc_column_text][vc_column_text]Una vegada haguem descansat a l\u2019ombra del seu <strong>espectacular bosc de savines<\/strong>, podem tornar al punt d\u2019inici seguint l\u2019antic cam\u00ed de cala Bassa, que neix a la carretera que porta fins a la platja i recorre la part interior fins a conduir-nos a <strong>Port des Torrent<\/strong>. Podrem apreciar la riquesa de la flora aut\u00f2ctona fins que arribem al tram asfaltat que ens indica el comen\u00e7ament de <strong>l\u2019avinguda Sant Agust\u00ed<\/strong>, ja a la trama urbana que ens situa a poca dist\u00e0ncia de Port des Torrent.[\/vc_column_text][\/vc_column][\/vc_row]<\/p>\n<\/div>","protected":false},"excerpt":{"rendered":"<p>Aquesta ruta ens portar\u00e0 pel litoral que s\u2019est\u00e9n al sud de la badia de Sant Antoni. Els punts de sortida i d\u2019arribada s\u00f3n dues platges populars i, alhora, molt diferents.<\/p>\n","protected":false},"author":1,"featured_media":22907,"comment_status":"open","ping_status":"open","sticky":false,"template":"","format":"standard","meta":{"_acf_changed":false,"inline_featured_image":false,"footnotes":""},"categories":[334,205,209],"tags":[],"class_list":["post-22913","post","type-post","status-publish","format-standard","has-post-thumbnail","hentry","category-esports-ca","category-passejades-ca","category-platjes-ca"],"acf":[],"geo":null,"yoast_head":"<!-- This site is optimized with the Yoast SEO plugin v25.7 - https:\/\/yoast.com\/wordpress\/plugins\/seo\/ -->\n<title>Passeig des de Port des Torrent fins a Cala Bassa - Santjosep.net<\/title>\n<meta name=\"robots\" content=\"index, follow, max-snippet:-1, max-image-preview:large, max-video-preview:-1\" \/>\n<link rel=\"canonical\" href=\"https:\/\/www.santjosep.net\/ca\/passeig-des-de-port-des-torrent-fins-a-cala-bassa\/\" \/>\n<meta property=\"og:locale\" content=\"ca_ES\" \/>\n<meta property=\"og:type\" content=\"article\" \/>\n<meta property=\"og:title\" content=\"Passeig des de Port des Torrent fins a Cala Bassa - Santjosep.net\" \/>\n<meta property=\"og:description\" content=\"Aquesta ruta ens portar\u00e0 pel litoral que s\u2019est\u00e9n al sud de la badia de Sant Antoni. Els punts de sortida i d\u2019arribada s\u00f3n dues platges populars i, alhora, molt diferents.\" \/>\n<meta property=\"og:url\" content=\"https:\/\/www.santjosep.net\/ca\/passeig-des-de-port-des-torrent-fins-a-cala-bassa\/\" \/>\n<meta property=\"og:site_name\" content=\"Santjosep.net\" \/>\n<meta property=\"article:published_time\" content=\"2020-06-28T09:09:38+00:00\" \/>\n<meta property=\"article:modified_time\" content=\"2020-07-15T11:15:30+00:00\" \/>\n<meta property=\"og:image\" content=\"https:\/\/www.santjosep.net\/wp-content\/uploads\/2020\/07\/paseocalabassa.jpg\" \/>\n\t<meta property=\"og:image:width\" content=\"2000\" \/>\n\t<meta property=\"og:image:height\" content=\"1500\" \/>\n\t<meta property=\"og:image:type\" content=\"image\/jpeg\" \/>\n<meta name=\"author\" content=\"Sant Josep\" \/>\n<meta name=\"twitter:card\" content=\"summary_large_image\" \/>\n<meta name=\"twitter:label1\" content=\"Escrit per\" \/>\n\t<meta name=\"twitter:data1\" content=\"Sant Josep\" \/>\n\t<meta name=\"twitter:label2\" content=\"Temps estimat de lectura\" \/>\n\t<meta name=\"twitter:data2\" content=\"5 minuts\" \/>\n<script type=\"application\/ld+json\" class=\"yoast-schema-graph\">{\"@context\":\"https:\/\/schema.org\",\"@graph\":[{\"@type\":\"WebPage\",\"@id\":\"https:\/\/www.santjosep.net\/ca\/passeig-des-de-port-des-torrent-fins-a-cala-bassa\/\",\"url\":\"https:\/\/www.santjosep.net\/ca\/passeig-des-de-port-des-torrent-fins-a-cala-bassa\/\",\"name\":\"Passeig des de Port des Torrent fins a Cala Bassa - Santjosep.net\",\"isPartOf\":{\"@id\":\"https:\/\/www.santjosep.net\/#website\"},\"primaryImageOfPage\":{\"@id\":\"https:\/\/www.santjosep.net\/ca\/passeig-des-de-port-des-torrent-fins-a-cala-bassa\/#primaryimage\"},\"image\":{\"@id\":\"https:\/\/www.santjosep.net\/ca\/passeig-des-de-port-des-torrent-fins-a-cala-bassa\/#primaryimage\"},\"thumbnailUrl\":\"https:\/\/www.santjosep.net\/wp-content\/uploads\/2020\/07\/paseocalabassa.jpg\",\"datePublished\":\"2020-06-28T09:09:38+00:00\",\"dateModified\":\"2020-07-15T11:15:30+00:00\",\"author\":{\"@id\":\"https:\/\/www.santjosep.net\/#\/schema\/person\/b60e56f94e4e55776eb62bf4293f99b6\"},\"inLanguage\":\"ca\",\"potentialAction\":[{\"@type\":\"ReadAction\",\"target\":[\"https:\/\/www.santjosep.net\/ca\/passeig-des-de-port-des-torrent-fins-a-cala-bassa\/\"]}]},{\"@type\":\"ImageObject\",\"inLanguage\":\"ca\",\"@id\":\"https:\/\/www.santjosep.net\/ca\/passeig-des-de-port-des-torrent-fins-a-cala-bassa\/#primaryimage\",\"url\":\"https:\/\/www.santjosep.net\/wp-content\/uploads\/2020\/07\/paseocalabassa.jpg\",\"contentUrl\":\"https:\/\/www.santjosep.net\/wp-content\/uploads\/2020\/07\/paseocalabassa.jpg\",\"width\":2000,\"height\":1500},{\"@type\":\"WebSite\",\"@id\":\"https:\/\/www.santjosep.net\/#website\",\"url\":\"https:\/\/www.santjosep.net\/\",\"name\":\"Santjosep.net\",\"description\":\"\",\"potentialAction\":[{\"@type\":\"SearchAction\",\"target\":{\"@type\":\"EntryPoint\",\"urlTemplate\":\"https:\/\/www.santjosep.net\/?s={search_term_string}\"},\"query-input\":{\"@type\":\"PropertyValueSpecification\",\"valueRequired\":true,\"valueName\":\"search_term_string\"}}],\"inLanguage\":\"ca\"},{\"@type\":\"Person\",\"@id\":\"https:\/\/www.santjosep.net\/#\/schema\/person\/b60e56f94e4e55776eb62bf4293f99b6\",\"name\":\"Sant Josep\",\"image\":{\"@type\":\"ImageObject\",\"inLanguage\":\"ca\",\"@id\":\"https:\/\/www.santjosep.net\/#\/schema\/person\/image\/\",\"url\":\"https:\/\/secure.gravatar.com\/avatar\/2f4071817a97d2499c5aae9674ee15015b5a3c7c0974ca84f095a8e4aadcda56?s=96&d=mm&r=g\",\"contentUrl\":\"https:\/\/secure.gravatar.com\/avatar\/2f4071817a97d2499c5aae9674ee15015b5a3c7c0974ca84f095a8e4aadcda56?s=96&d=mm&r=g\",\"caption\":\"Sant Josep\"},\"url\":\"https:\/\/www.santjosep.net\/ca\/author\/fugrafic\/\"}]}<\/script>\n<!-- \/ Yoast SEO plugin. -->","yoast_head_json":{"title":"Passeig des de Port des Torrent fins a Cala Bassa - Santjosep.net","robots":{"index":"index","follow":"follow","max-snippet":"max-snippet:-1","max-image-preview":"max-image-preview:large","max-video-preview":"max-video-preview:-1"},"canonical":"https:\/\/www.santjosep.net\/ca\/passeig-des-de-port-des-torrent-fins-a-cala-bassa\/","og_locale":"ca_ES","og_type":"article","og_title":"Passeig des de Port des Torrent fins a Cala Bassa - Santjosep.net","og_description":"Aquesta ruta ens portar\u00e0 pel litoral que s\u2019est\u00e9n al sud de la badia de Sant Antoni. Els punts de sortida i d\u2019arribada s\u00f3n dues platges populars i, alhora, molt diferents.","og_url":"https:\/\/www.santjosep.net\/ca\/passeig-des-de-port-des-torrent-fins-a-cala-bassa\/","og_site_name":"Santjosep.net","article_published_time":"2020-06-28T09:09:38+00:00","article_modified_time":"2020-07-15T11:15:30+00:00","og_image":[{"width":2000,"height":1500,"url":"https:\/\/www.santjosep.net\/wp-content\/uploads\/2020\/07\/paseocalabassa.jpg","type":"image\/jpeg"}],"author":"Sant Josep","twitter_card":"summary_large_image","twitter_misc":{"Escrit per":"Sant Josep","Temps estimat de lectura":"5 minuts"},"schema":{"@context":"https:\/\/schema.org","@graph":[{"@type":"WebPage","@id":"https:\/\/www.santjosep.net\/ca\/passeig-des-de-port-des-torrent-fins-a-cala-bassa\/","url":"https:\/\/www.santjosep.net\/ca\/passeig-des-de-port-des-torrent-fins-a-cala-bassa\/","name":"Passeig des de Port des Torrent fins a Cala Bassa - Santjosep.net","isPartOf":{"@id":"https:\/\/www.santjosep.net\/#website"},"primaryImageOfPage":{"@id":"https:\/\/www.santjosep.net\/ca\/passeig-des-de-port-des-torrent-fins-a-cala-bassa\/#primaryimage"},"image":{"@id":"https:\/\/www.santjosep.net\/ca\/passeig-des-de-port-des-torrent-fins-a-cala-bassa\/#primaryimage"},"thumbnailUrl":"https:\/\/www.santjosep.net\/wp-content\/uploads\/2020\/07\/paseocalabassa.jpg","datePublished":"2020-06-28T09:09:38+00:00","dateModified":"2020-07-15T11:15:30+00:00","author":{"@id":"https:\/\/www.santjosep.net\/#\/schema\/person\/b60e56f94e4e55776eb62bf4293f99b6"},"inLanguage":"ca","potentialAction":[{"@type":"ReadAction","target":["https:\/\/www.santjosep.net\/ca\/passeig-des-de-port-des-torrent-fins-a-cala-bassa\/"]}]},{"@type":"ImageObject","inLanguage":"ca","@id":"https:\/\/www.santjosep.net\/ca\/passeig-des-de-port-des-torrent-fins-a-cala-bassa\/#primaryimage","url":"https:\/\/www.santjosep.net\/wp-content\/uploads\/2020\/07\/paseocalabassa.jpg","contentUrl":"https:\/\/www.santjosep.net\/wp-content\/uploads\/2020\/07\/paseocalabassa.jpg","width":2000,"height":1500},{"@type":"WebSite","@id":"https:\/\/www.santjosep.net\/#website","url":"https:\/\/www.santjosep.net\/","name":"Santjosep.net","description":"","potentialAction":[{"@type":"SearchAction","target":{"@type":"EntryPoint","urlTemplate":"https:\/\/www.santjosep.net\/?s={search_term_string}"},"query-input":{"@type":"PropertyValueSpecification","valueRequired":true,"valueName":"search_term_string"}}],"inLanguage":"ca"},{"@type":"Person","@id":"https:\/\/www.santjosep.net\/#\/schema\/person\/b60e56f94e4e55776eb62bf4293f99b6","name":"Sant Josep","image":{"@type":"ImageObject","inLanguage":"ca","@id":"https:\/\/www.santjosep.net\/#\/schema\/person\/image\/","url":"https:\/\/secure.gravatar.com\/avatar\/2f4071817a97d2499c5aae9674ee15015b5a3c7c0974ca84f095a8e4aadcda56?s=96&d=mm&r=g","contentUrl":"https:\/\/secure.gravatar.com\/avatar\/2f4071817a97d2499c5aae9674ee15015b5a3c7c0974ca84f095a8e4aadcda56?s=96&d=mm&r=g","caption":"Sant Josep"},"url":"https:\/\/www.santjosep.net\/ca\/author\/fugrafic\/"}]}},"_links":{"self":[{"href":"https:\/\/www.santjosep.net\/ca\/wp-json\/wp\/v2\/posts\/22913","targetHints":{"allow":["GET"]}}],"collection":[{"href":"https:\/\/www.santjosep.net\/ca\/wp-json\/wp\/v2\/posts"}],"about":[{"href":"https:\/\/www.santjosep.net\/ca\/wp-json\/wp\/v2\/types\/post"}],"author":[{"embeddable":true,"href":"https:\/\/www.santjosep.net\/ca\/wp-json\/wp\/v2\/users\/1"}],"replies":[{"embeddable":true,"href":"https:\/\/www.santjosep.net\/ca\/wp-json\/wp\/v2\/comments?post=22913"}],"version-history":[{"count":0,"href":"https:\/\/www.santjosep.net\/ca\/wp-json\/wp\/v2\/posts\/22913\/revisions"}],"wp:featuredmedia":[{"embeddable":true,"href":"https:\/\/www.santjosep.net\/ca\/wp-json\/wp\/v2\/media\/22907"}],"wp:attachment":[{"href":"https:\/\/www.santjosep.net\/ca\/wp-json\/wp\/v2\/media?parent=22913"}],"wp:term":[{"taxonomy":"category","embeddable":true,"href":"https:\/\/www.santjosep.net\/ca\/wp-json\/wp\/v2\/categories?post=22913"},{"taxonomy":"post_tag","embeddable":true,"href":"https:\/\/www.santjosep.net\/ca\/wp-json\/wp\/v2\/tags?post=22913"}],"curies":[{"name":"wp","href":"https:\/\/api.w.org\/{rel}","templated":true}]}}