{"id":22324,"date":"2021-11-23T09:09:32","date_gmt":"2021-11-23T08:09:32","guid":{"rendered":"https:\/\/www.santjosep.net\/6-espacios-culturales-en-sant-josep\/"},"modified":"2021-11-23T10:10:16","modified_gmt":"2021-11-23T09:10:16","slug":"7-espais-culturals-a-sant-josep","status":"publish","type":"post","link":"https:\/\/www.santjosep.net\/ca\/7-espais-culturals-a-sant-josep\/","title":{"rendered":"7 espais culturals a Sant Josep"},"content":{"rendered":"<div class=\"wpb-content-wrapper\"><p>[vc_row enable_hue_rotation=&#8221;no&#8221; enable_text_marquee=&#8221;no&#8221;][vc_column][vc_column_text]Sant Josep ofereix una completa <strong>activitat cultural<\/strong> durant tot l\u2019any, en la qual s\u2019involucren artistes i artesans, associacions, ve\u00efns, promotors i projectes de tota mena. Concerts, cinema, teatre, exposicions, tallers, mostres, cursos\u2026 s\u00f3n part d\u2019un llarg cat\u00e0leg d\u2019iniciatives que es duen a terme a diferents espais i punts culturals del municipi. Vegem quins s\u00f3n.[\/vc_column_text][vc_column_text css=&#8221;.vc_custom_1637658342531{padding-top: 2% !important;}&#8221;]<\/p>\n<h2><strong>Auditori Cal\u00f3 de s\u2019Oli<\/strong><\/h2>\n<p>[\/vc_column_text][vc_column_text]El 10 d\u2019octubre de 2021 es va inaugurar oficialment aquest espai cultural, situat a <strong><a href=\"https:\/\/www.santjosep.net\/ca\/port-des-torrent-i-cala-de-bou\/\">Cala d\u2019en Bou<\/a><\/strong>. <a href=\"https:\/\/cultura.santjosep.org\/local\/auditori-calo-de-soli\/\" target=\"_blank\" rel=\"noopener\"><strong>L\u2019Auditori Cal\u00f3 de s\u2019Oli<\/strong><\/a> ja acull obres de teatre, projeccions cinematogr\u00e0fiques, concerts i espectacles d\u2019\u00e0mbits molt diversos. Aquesta nova infraestructura pret\u00e9n esdevenir \u201cun espai ciutad\u00e0 de refer\u00e8ncia per a tot el municipi\u201d, segons fonts de l\u2019Ajuntament.<\/p>\n<p>El seu disseny inclou un <strong>amfiteatre a cel obert amb el mar com a tel\u00f3<\/strong> de fons i capacitat per a 300 persones i un <strong>auditori cobert<\/strong> que disposa de l\u2019\u00faltima tecnologia i amb capacitat per a m\u00e9s de 240 persones. A m\u00e9s, t\u00e9 un <strong>espai polivalent al hall<\/strong>, ideal per a exposicions de tota mena.<\/p>\n<p>L\u2019auditori cobert disposa d\u2019un fant\u00e0stic <strong>equip de projecci\u00f3<\/strong> que podem trobar a les millors sales de cinema, juntament amb un <strong>equip de so surround<\/strong> envolupant que ofereix el millor rendiment possible tant en cinema com en espectacles musicals. La pantalla fa 8&#215;5 metres i t\u00e9 una <strong>resoluci\u00f3 de 2K<\/strong> per oferir la millor experi\u00e8ncia possible.[\/vc_column_text][vc_column_text]<a href=\"https:\/\/www.google.es\/maps\/place\/Can+Jeroni\/@38.921545,1.2906363,17z\/data=!3m1!4b1!4m5!3m4!1s0x129949613e3da16d:0xfa7689f1cb84ff76!8m2!3d38.921545!4d1.2928303\"><strong>Com arribar-hi?<\/strong><\/a>[\/vc_column_text][vc_column_text css=&#8221;.vc_custom_1637658366120{padding-top: 5% !important;padding-bottom: 5% !important;}&#8221;]<div id=\"new-royalslider-116\" class=\"royalSlider new-royalslider-116 rsDefaultInv rs-default-template\" style=\"width:100%;height:500px;;\" data-rs-options='{&quot;template&quot;:&quot;default&quot;,&quot;image_generation&quot;:{&quot;imageWidth&quot;:&quot;&quot;,&quot;imageHeight&quot;:&quot;&quot;,&quot;thumbImageWidth&quot;:&quot;&quot;,&quot;thumbImageHeight&quot;:&quot;&quot;},&quot;thumbs&quot;:{&quot;thumbWidth&quot;:96,&quot;thumbHeight&quot;:72},&quot;block&quot;:{&quot;moveOffset&quot;:20,&quot;speed&quot;:400,&quot;delay&quot;:200},&quot;width&quot;:&quot;100%&quot;,&quot;height&quot;:500,&quot;autoScaleSlider&quot;:&quot;true&quot;,&quot;autoScaleSliderWidth&quot;:960,&quot;autoScaleSliderHeight&quot;:750,&quot;controlNavigation&quot;:&quot;thumbnails&quot;}'>\n<div class=\"rsContent\">\n  <img decoding=\"async\" class=\"rsImg\" src=\"https:\/\/www.santjosep.net\/wp-content\/uploads\/2021\/11\/RR_05394-1024x683.jpg\" alt=\"RR_05394\"\/>\n  <div class=\"rsTmb\"><img decoding=\"async\" src=\"https:\/\/www.santjosep.net\/wp-content\/uploads\/2021\/11\/RR_05394-150x150.jpg\" alt=\"\" \/><\/div>\n  \n  \n<\/div>\n<div class=\"rsContent\">\n  <img decoding=\"async\" class=\"rsImg\" src=\"https:\/\/www.santjosep.net\/wp-content\/uploads\/2021\/11\/RR_05395-1024x683.jpg\" alt=\"RR_05395\"\/>\n  <div class=\"rsTmb\"><img decoding=\"async\" src=\"https:\/\/www.santjosep.net\/wp-content\/uploads\/2021\/11\/RR_05395-150x150.jpg\" alt=\"\" \/><\/div>\n  \n  \n<\/div>\n<div class=\"rsContent\">\n  <img decoding=\"async\" class=\"rsImg\" src=\"https:\/\/www.santjosep.net\/wp-content\/uploads\/2021\/11\/RR_05403-Editar-Editar-1024x683.jpg\" alt=\"RR_05403-Editar-Editar\"\/>\n  <div class=\"rsTmb\"><img decoding=\"async\" src=\"https:\/\/www.santjosep.net\/wp-content\/uploads\/2021\/11\/RR_05403-Editar-Editar-150x150.jpg\" alt=\"\" \/><\/div>\n  \n  \n<\/div>\n<div class=\"rsContent\">\n  <img decoding=\"async\" class=\"rsImg\" src=\"https:\/\/www.santjosep.net\/wp-content\/uploads\/2021\/11\/RR_05409-1024x683.jpg\" alt=\"RR_05409\"\/>\n  <div class=\"rsTmb\"><img decoding=\"async\" src=\"https:\/\/www.santjosep.net\/wp-content\/uploads\/2021\/11\/RR_05409-150x150.jpg\" alt=\"\" \/><\/div>\n  \n  \n<\/div>\n<div class=\"rsContent\">\n  <img decoding=\"async\" class=\"rsImg\" src=\"https:\/\/www.santjosep.net\/wp-content\/uploads\/2021\/11\/RR_05414-1024x683.jpg\" alt=\"RR_05414\"\/>\n  <div class=\"rsTmb\"><img decoding=\"async\" src=\"https:\/\/www.santjosep.net\/wp-content\/uploads\/2021\/11\/RR_05414-150x150.jpg\" alt=\"\" \/><\/div>\n  \n  \n<\/div>\n<div class=\"rsContent\">\n  <img decoding=\"async\" class=\"rsImg\" src=\"https:\/\/www.santjosep.net\/wp-content\/uploads\/2021\/11\/RR_05446-Editar-1024x683.jpg\" alt=\"RR_05446-Editar\"\/>\n  <div class=\"rsTmb\"><img decoding=\"async\" src=\"https:\/\/www.santjosep.net\/wp-content\/uploads\/2021\/11\/RR_05446-Editar-150x150.jpg\" alt=\"\" \/><\/div>\n  \n  \n<\/div>\n<div class=\"rsContent\">\n  <img decoding=\"async\" class=\"rsImg\" src=\"https:\/\/www.santjosep.net\/wp-content\/uploads\/2021\/11\/RR_05460-1024x683.jpg\" alt=\"RR_05460\"\/>\n  <div class=\"rsTmb\"><img decoding=\"async\" src=\"https:\/\/www.santjosep.net\/wp-content\/uploads\/2021\/11\/RR_05460-150x150.jpg\" alt=\"\" \/><\/div>\n  \n  \n<\/div>\n<div class=\"rsContent\">\n  <img decoding=\"async\" class=\"rsImg\" src=\"https:\/\/www.santjosep.net\/wp-content\/uploads\/2021\/11\/RR_05476-1024x683.jpg\" alt=\"RR_05476\"\/>\n  <div class=\"rsTmb\"><img decoding=\"async\" src=\"https:\/\/www.santjosep.net\/wp-content\/uploads\/2021\/11\/RR_05476-150x150.jpg\" alt=\"\" \/><\/div>\n  \n  \n<\/div>\n<div class=\"rsContent\">\n  <img decoding=\"async\" class=\"rsImg\" src=\"https:\/\/www.santjosep.net\/wp-content\/uploads\/2021\/11\/RR_05479-1024x683.jpg\" alt=\"RR_05479\"\/>\n  <div class=\"rsTmb\"><img decoding=\"async\" src=\"https:\/\/www.santjosep.net\/wp-content\/uploads\/2021\/11\/RR_05479-150x150.jpg\" alt=\"\" \/><\/div>\n  \n  \n<\/div>\n<div class=\"rsContent\">\n  <img decoding=\"async\" class=\"rsImg\" src=\"https:\/\/www.santjosep.net\/wp-content\/uploads\/2021\/11\/RR_05485-Editar-1024x683.jpg\" alt=\"RR_05485-Editar\"\/>\n  <div class=\"rsTmb\"><img decoding=\"async\" src=\"https:\/\/www.santjosep.net\/wp-content\/uploads\/2021\/11\/RR_05485-Editar-150x150.jpg\" alt=\"\" \/><\/div>\n  \n  \n<\/div>\n<div class=\"rsContent\">\n  <img decoding=\"async\" class=\"rsImg\" src=\"https:\/\/www.santjosep.net\/wp-content\/uploads\/2021\/11\/RR_05493-Editar-2-1024x683.jpg\" alt=\"RR_05493-Editar-2\"\/>\n  <div class=\"rsTmb\"><img decoding=\"async\" src=\"https:\/\/www.santjosep.net\/wp-content\/uploads\/2021\/11\/RR_05493-Editar-2-150x150.jpg\" alt=\"\" \/><\/div>\n  \n  \n<\/div>\n<div class=\"rsContent\">\n  <img decoding=\"async\" class=\"rsImg\" src=\"https:\/\/www.santjosep.net\/wp-content\/uploads\/2021\/11\/RR_05495-Editar-2-Editar-Editar-1024x683.jpg\" alt=\"RR_05495-Editar-2-Editar-Editar\"\/>\n  <div class=\"rsTmb\"><img decoding=\"async\" src=\"https:\/\/www.santjosep.net\/wp-content\/uploads\/2021\/11\/RR_05495-Editar-2-Editar-Editar-150x150.jpg\" alt=\"\" \/><\/div>\n  \n  \n<\/div>\n\n<\/div>\n[\/vc_column_text][vc_column_text]<\/p>\n<h2><b>Centre de Cultura Can Jeroni <\/b><\/h2>\n<p>[\/vc_column_text][vc_column_text]Al centre urb\u00e0 de Sant Josep s\u2019aixeca aquesta emblem\u00e0tica edificaci\u00f3, sobre l\u2019estructura original de la qual es va projectar una ambiciosa reforma per tal d\u2019acollir diversos espais multifuncionals. Inaugurat el 2016, <strong>Can Jeroni<\/strong> consta d\u2019un auditori amb <strong>capacitat per a 165 persones<\/strong>, distribu\u00efdes en platea i amfiteatre. La sala t\u00e9 un equipament audiovisual complet que permet la projecci\u00f3 de pel\u00b7l\u00edcules \u2013<strong>s\u00f3n molt populars els seus cicles gratu\u00efts de cinema d\u2019autor<\/strong>\u2013 i la celebraci\u00f3 de concerts, obres de teatre i esdeveniments de tota mena. Al costat, en una altra edificaci\u00f3 annexa, amb la qual comparteix una acollidora placeta, hi ha la sala d\u2019exposicions de Can Jeroni, un espai ordenat en dues plantes per a la mostra de peces pict\u00f2riques, escult\u00f2riques i fotogr\u00e0fiques de petit i gran format. Els horaris de Can Jeroni van en funci\u00f3 de l\u2019agenda d\u2019actes programats, que es pot consultar al <a href=\"http:\/\/www.santjosep.org\">web<\/a>. La sala d\u2019exposicions obre de dimarts a diumenge, de 10.30 a 13.30 h i de dijous a dissabte, de 18.00 a 21.00 h.[\/vc_column_text][vc_column_text]<a href=\"https:\/\/www.google.es\/maps\/place\/Can+Jeroni\/@38.921545,1.2906363,17z\/data=!3m1!4b1!4m5!3m4!1s0x129949613e3da16d:0xfa7689f1cb84ff76!8m2!3d38.921545!4d1.2928303\"><strong>Com arribar-hi?<\/strong><\/a>[\/vc_column_text][vc_column_text css=&#8221;.vc_custom_1589957241108{padding-top: 5% !important;}&#8221;]<div id=\"new-royalslider-52\" class=\"royalSlider new-royalslider-52 rsDefaultInv rs-default-template\" style=\"width:100%;height:533px;;\" data-rs-options='{&quot;template&quot;:&quot;default&quot;,&quot;image_generation&quot;:{&quot;imageWidth&quot;:&quot;&quot;,&quot;imageHeight&quot;:&quot;&quot;,&quot;thumbImageWidth&quot;:&quot;&quot;,&quot;thumbImageHeight&quot;:&quot;&quot;},&quot;thumbs&quot;:{&quot;thumbWidth&quot;:96,&quot;thumbHeight&quot;:72},&quot;autoPlay&quot;:{&quot;delay&quot;:5000},&quot;block&quot;:{&quot;moveOffset&quot;:20,&quot;speed&quot;:400,&quot;delay&quot;:200},&quot;width&quot;:&quot;100%&quot;,&quot;height&quot;:533,&quot;autoScaleSlider&quot;:&quot;true&quot;,&quot;autoScaleSliderHeight&quot;:533,&quot;imageScaleMode&quot;:&quot;fill&quot;,&quot;imageScalePadding&quot;:0,&quot;arrowsNavAutoHide&quot;:&quot;false&quot;}'>\n<div class=\"rsContent\">\n  <img decoding=\"async\" class=\"rsImg\" src=\"https:\/\/www.santjosep.net\/wp-content\/uploads\/2016\/02\/IMG_0501-1024x683.jpg\" alt=\"IMG_0501\"\/>\n  \n  \n  \n<\/div>\n<div class=\"rsContent\">\n  <img decoding=\"async\" class=\"rsImg\" src=\"https:\/\/www.santjosep.net\/wp-content\/uploads\/2016\/03\/IMG_0479-683x1024.jpg\" alt=\"IMG_0479\"\/>\n  \n  \n  \n<\/div>\n<div class=\"rsContent\">\n  <img decoding=\"async\" class=\"rsImg\" src=\"https:\/\/www.santjosep.net\/wp-content\/uploads\/2016\/02\/IMG_0490-1024x683.jpg\" alt=\"IMG_0490\"\/>\n  \n  \n  \n<\/div>\n<div class=\"rsContent\">\n  <img decoding=\"async\" class=\"rsImg\" src=\"https:\/\/www.santjosep.net\/wp-content\/uploads\/2016\/02\/IMG_0493-1024x683.jpg\" alt=\"IMG_0493\"\/>\n  \n  \n  \n<\/div>\n<div class=\"rsContent\">\n  <img decoding=\"async\" class=\"rsImg\" src=\"https:\/\/www.santjosep.net\/wp-content\/uploads\/2016\/03\/IMG_0486-879x1024.jpg\" alt=\"IMG_0486\"\/>\n  \n  \n  \n<\/div>\n\n<\/div>\n[\/vc_column_text][vc_column_text css=&#8221;.vc_custom_1589980926441{padding-top: 70px !important;}&#8221;]<\/p>\n<h2><b>Sala d\u2019exposicions Can Curt<\/b><\/h2>\n<p>[\/vc_column_text][vc_column_text]Aquesta sala \u00e9s un modern equipament annex a <strong>Can Curt,<\/strong> una construcci\u00f3 plena d\u2019hist\u00f2ria al centre de la pla\u00e7a de <a href=\"https:\/\/www.santjosep.net\/ca\/veure\/zones\/sant-agusti\/\"><strong>Sant Agust\u00ed<\/strong><\/a>. La casa original, d\u2019arquitectura t\u00edpicament eivissenca, disposa d\u2019una bonica torre que, juntament amb la de la ve\u00efna de <strong>Can Berri i l\u2019<a href=\"https:\/\/www.santjosep.net\/ca\/lesglesia-de-sant-agusti-200-anys-dhistoria-i-vicissituds\/\">esgl\u00e9sia<\/a><\/strong>, defineix el perfil t\u00edpic de la poblaci\u00f3. La sala de Can Curt ofereix espais di\u00e0fans en qu\u00e8 tenen lloc exposicions durant tot l\u2019any, i comparteix zones comunes obertes amb la casa principal. Obre de dijous a dissabte, de 18.30 a 21.00 h i els diumenges d\u201911 a 13.00 hores.[\/vc_column_text][vc_column_text]<a href=\"https:\/\/www.google.es\/maps\/place\/Can+Curt\/@38.941286,1.2915725,17z\/data=!3m1!4b1!4m5!3m4!1s0x1299498181b2cfdf:0xd55d6cccac68f28c!8m2!3d38.941286!4d1.2937665\"><strong>Com arribar-hi?<\/strong><\/a>[\/vc_column_text][vc_column_text css=&#8221;.vc_custom_1589957835879{padding-top: 5% !important;}&#8221;]<style>#jtg-22274 .modula-item .jtg-social a, .lightbox-socials.jtg-social a{ fill: #ffffff; color: #ffffff }#jtg-22274 .modula-item .jtg-social-mobile a{ fill: #ffffff; color: #ffffff }#jtg-22274 .modula-item .jtg-social svg, .lightbox-socials.jtg-social svg { height: 16px; width: 16px }#jtg-22274 .modula-item .jtg-social-mobile svg { height: 16px; width: 16px }#jtg-22274 .modula-item .jtg-social a:not(:last-child), .lightbox-socials.jtg-social a:not(:last-child) { margin-right: 10px }#jtg-22274 .modula-item .jtg-social-mobile .jtg-social-mobile-icons a:not(:last-child){ margin-right: 10px }#jtg-22274 .modula-item .figc {color:#ffffff;}#jtg-22274 .modula-item .modula-item-content { transform: scale(1) }#jtg-22274 .modula-items .figc p.description { font-size:14px; }#jtg-22274 .modula-items .figc p.description { color:#ffffff;}#jtg-22274.modula-gallery .modula-item > a, #jtg-22274.modula-gallery .modula-item, #jtg-22274.modula-gallery .modula-item-content > a:not(.modula-no-follow) { cursor:zoom-in; } #jtg-22274.modula-gallery .modula-item-content .modula-no-follow { cursor: default; } @media screen and (max-width:480px){#jtg-22274 .modula-item .figc .jtg-title {  font-size: 12px; }#jtg-22274 .modula-items .figc p.description { color:#ffffff;font-size:10px; }}#jtg-22274 .modula-items .modula-item:hover img{opacity:1;}<\/style>\n<div  id=\"jtg-22274\" class=\"modula modula-gallery modula-custom-grid\" data-config=\"{&quot;height&quot;:800,&quot;tabletHeight&quot;:800,&quot;mobileHeight&quot;:800,&quot;desktopHeight&quot;:800,&quot;enableTwitter&quot;:true,&quot;enableWhatsapp&quot;:false,&quot;enableFacebook&quot;:true,&quot;enablePinterest&quot;:true,&quot;enableLinkedin&quot;:true,&quot;enableEmail&quot;:false,&quot;randomFactor&quot;:0.5,&quot;type&quot;:&quot;custom-grid&quot;,&quot;columns&quot;:12,&quot;gutter&quot;:0,&quot;mobileGutter&quot;:0,&quot;tabletGutter&quot;:0,&quot;desktopGutter&quot;:0,&quot;enableResponsive&quot;:&quot;1&quot;,&quot;tabletColumns&quot;:&quot;2&quot;,&quot;mobileColumns&quot;:&quot;1&quot;,&quot;lazyLoad&quot;:&quot;0&quot;,&quot;lightboxOpts&quot;:{&quot;animated&quot;:true,&quot;Thumbs&quot;:{&quot;type&quot;:&quot;modern&quot;,&quot;showOnStart&quot;:false},&quot;Toolbar&quot;:{&quot;display&quot;:{&quot;right&quot;:[&quot;close&quot;]},&quot;enabled&quot;:true},&quot;Carousel&quot;:{&quot;Panzoom&quot;:{&quot;touch&quot;:false},&quot;infinite&quot;:false},&quot;keyboard&quot;:{&quot;Escape&quot;:&quot;close&quot;,&quot;Delete&quot;:&quot;close&quot;,&quot;Backspace&quot;:&quot;close&quot;,&quot;PageUp&quot;:false,&quot;PageDown&quot;:false,&quot;ArrowUp&quot;:false,&quot;ArrowDown&quot;:false,&quot;ArrowRight&quot;:false,&quot;ArrowLeft&quot;:false},&quot;touch&quot;:false,&quot;backdropClick&quot;:false,&quot;l10n&quot;:{&quot;CLOSE&quot;:&quot;Close&quot;,&quot;NEXT&quot;:&quot;Next&quot;,&quot;PREV&quot;:&quot;Previous&quot;,&quot;Error&quot;:&quot;The requested content cannot be loaded. Please try again later.&quot;,&quot;PLAY_START&quot;:&quot;Start slideshow&quot;,&quot;PLAY_STOP&quot;:&quot;Pause slideshow&quot;,&quot;FULL_SCREEN&quot;:&quot;Full screen&quot;,&quot;THUMBS&quot;:&quot;Thumbnails&quot;,&quot;DOWNLOAD&quot;:&quot;Download&quot;,&quot;SHARE&quot;:&quot;Share&quot;,&quot;ZOOM&quot;:&quot;Zoom&quot;,&quot;EMAIL&quot;:&quot;Here is the link to the image : %%image_link%% and this is the link to the gallery : %%gallery_link%%&quot;,&quot;MODAL&quot;:&quot;You can close this modal content with the ESC key&quot;,&quot;ERROR&quot;:&quot;Something Went Wrong, Please Try Again Later&quot;,&quot;IMAGE_ERROR&quot;:&quot;Image Not Found&quot;,&quot;ELEMENT_NOT_FOUND&quot;:&quot;HTML Element Not Found&quot;,&quot;AJAX_NOT_FOUND&quot;:&quot;Error Loading AJAX : Not Found&quot;,&quot;AJAX_FORBIDDEN&quot;:&quot;Error Loading AJAX : Forbidden&quot;,&quot;IFRAME_ERROR&quot;:&quot;Error Loading Page&quot;,&quot;TOGGLE_ZOOM&quot;:&quot;Toggle zoom level&quot;,&quot;TOGGLE_THUMBS&quot;:&quot;Toggle thumbnails&quot;,&quot;TOGGLE_SLIDESHOW&quot;:&quot;Toggle slideshow&quot;,&quot;TOGGLE_FULLSCREEN&quot;:&quot;Toggle full-screen mode&quot;},&quot;Images&quot;:{&quot;Panzoom&quot;:{&quot;maxScale&quot;:2}},&quot;mainClass&quot;:&quot;modula-fancybox-container modula-lightbox-jtg-22274&quot;,&quot;Html&quot;:{&quot;videoAutoplay&quot;:0,&quot;videoTpl&quot;:&quot;&lt;video class=\\&quot;fancybox__html5video\\&quot; controls muted playsinline controlsList controlsList=\\&quot;nodownload\\&quot; poster=\\&quot;{{poster}}\\&quot; src=\\&quot;{{src}}\\&quot; type=\\&quot;{{format}}\\&quot; &gt;  Sorry, your browser doesn&#039;t support embedded videos, &lt;a href=\\&quot;{{src}}\\&quot;&gt; download &lt;\\\/a&gt; and watch with your favorite video player! &lt;\\\/video&gt;&quot;}},&quot;inView&quot;:false,&quot;email_subject&quot;:&quot;Check out this awesome image !!&quot;,&quot;email_message&quot;:&quot;Here is the link to the image : %%image_link%% and this is the link to the gallery : %%gallery_link%%&quot;,&quot;lightbox&quot;:&quot;fancybox&quot;}\">\n\n\t\n\t<div  class=\"modula-items\">\n\t\t<div class=\"modula-item\" data-width=\"12\" data-height=\"7\" >\n\t<div class=\"modula-item-content\">\n\t\t\n\t\t\t\t\t<a data-image-id=\"18470\" tabindex=\"0\" rel=\"jtg-22274\" data-caption=\"\" aria-label=\"Open image in lightbox\" role=\"button\" class=\"tile-inner modula-item-link\"><\/a>\n\t\t\n\t\t<img loading=\"lazy\" decoding=\"async\" class=\"pic wp-image-18470\"  data-valign=\"middle\" data-halign=\"center\" alt=\"\" data-full=\"https:\/\/www.santjosep.net\/wp-content\/uploads\/2020\/01\/cancurt_IMG_2597.jpg\" title=\"cancurt_IMG_2597\" width=\"800\" height=\"533\" src=\"https:\/\/www.santjosep.net\/wp-content\/uploads\/2020\/01\/cancurt_IMG_2597.jpg\" data-src=\"https:\/\/www.santjosep.net\/wp-content\/uploads\/2020\/01\/cancurt_IMG_2597.jpg\" data-caption=\"\" srcset=\"https:\/\/www.santjosep.net\/wp-content\/uploads\/2020\/01\/cancurt_IMG_2597.jpg 800w, https:\/\/www.santjosep.net\/wp-content\/uploads\/2020\/01\/cancurt_IMG_2597-300x200.jpg 300w, https:\/\/www.santjosep.net\/wp-content\/uploads\/2020\/01\/cancurt_IMG_2597-768x512.jpg 768w\" sizes=\"auto, (max-width: 800px) 100vw, 800px\" \/>\n\t<\/div>\n\n<\/div>\t\t\n\t<\/div>\n\n\t\n\t\n\t<script type=\"application\/ld+json\">\n\t{\n\t\t\"@context\": \"http:\/\/schema.org\",\n\t\t\"@type\"   : \"ImageGallery\",\n\t\t\"id\"      : \"https:\/\/www.santjosep.net\/ca\/7-espais-culturals-a-sant-josep\/\",\n\t\t\"url\"     : \"https:\/\/www.santjosep.net\/ca\/7-espais-culturals-a-sant-josep\/\"\n\t}\n\n\t<\/script>\n\n\t\n<\/div>\n[\/vc_column_text][vc_column_text css=&#8221;.vc_custom_1589957533179{padding-top: 70px !important;}&#8221;]<\/p>\n<h2><b>Centre d\u2019Interpretaci\u00f3 Sant Francesc <\/b><\/h2>\n<p>[\/vc_column_text][vc_column_text]Les salines d\u2019Eivissa representen un <strong>patrimoni natural, cultural i econ\u00f2mic<\/strong> d\u2019enorme rellev\u00e0ncia en la hist\u00f2ria de l\u2019illa. Per tal de difondre\u2019n els valors naturals i etnogr\u00e0fics, el 2015 va obrir les seves portes el <strong>Centre d\u2019Interpretaci\u00f3 Sant Francesc<\/strong>, situat a la casa parroquial de l\u2019esgl\u00e9sia de Sant Francesc. Distribu\u00eft en dues plantes, l\u2019espai recull una variada mostra de continguts, des d\u2019audiovisuals sobre la flora i la fauna del <a href=\"https:\/\/www.santjosep.net\/ca\/activitats-esportives\/passejos\/visita-parc-natural-ses-salines\/\"><strong>Parc Natural de ses Salines<\/strong><\/a> fins a eines antigues dels saliners. Obre els dissabtes i els diumenges de 10.00 a 14.00 hores a l\u2019hivern i de dimecres a diumenge, de 10.00 a 14.00 h i de 18.00 a 21.00 hores a l\u2019estiu.[\/vc_column_text][vc_column_text]<a href=\"https:\/\/www.google.es\/maps\/place\/Monumento+al+Salinero\/@38.8682476,1.3892459,301m\/data=!3m1!1e3!4m13!1m7!3m6!1s0x129945ba4e39750d:0xa17f42b9b5fddcf!2s07818+San+Francesc+de+s'Estany,+Islas+Baleares!3b1!8m2!3d38.8681367!4d1.3930575!3m4!1s0x129945bc46b3cdef:0x9c0318c0c9901bde!8m2!3d38.8682391!4d1.3888177\"><strong>Com arribar-hi?<\/strong><\/a>[\/vc_column_text][vc_column_text css=&#8221;.vc_custom_1589957772546{padding-top: 5% !important;}&#8221;]<style>#jtg-22256 .modula-item .jtg-social a, .lightbox-socials.jtg-social a{ fill: #ffffff; color: #ffffff }#jtg-22256 .modula-item .jtg-social-mobile a{ fill: #ffffff; color: #ffffff }#jtg-22256 .modula-item .jtg-social svg, .lightbox-socials.jtg-social svg { height: 16px; width: 16px }#jtg-22256 .modula-item .jtg-social-mobile svg { height: 16px; width: 16px }#jtg-22256 .modula-item .jtg-social a:not(:last-child), .lightbox-socials.jtg-social a:not(:last-child) { margin-right: 10px }#jtg-22256 .modula-item .jtg-social-mobile .jtg-social-mobile-icons a:not(:last-child){ margin-right: 10px }#jtg-22256 .modula-item .figc {color:#ffffff;}#jtg-22256 .modula-item .modula-item-content { transform: scale(1) }#jtg-22256 .modula-items .figc p.description { font-size:14px; }#jtg-22256 .modula-items .figc p.description { color:#ffffff;}#jtg-22256.modula-gallery .modula-item > a, #jtg-22256.modula-gallery .modula-item, #jtg-22256.modula-gallery .modula-item-content > a:not(.modula-no-follow) { cursor:zoom-in; } #jtg-22256.modula-gallery .modula-item-content .modula-no-follow { cursor: default; } @media screen and (max-width:480px){#jtg-22256 .modula-item .figc .jtg-title {  font-size: 12px; }#jtg-22256 .modula-items .figc p.description { color:#ffffff;font-size:10px; }}#jtg-22256 .modula-items .modula-item:hover img{opacity:1;}<\/style>\n<div  id=\"jtg-22256\" class=\"modula modula-gallery modula-custom-grid\" data-config=\"{&quot;height&quot;:800,&quot;tabletHeight&quot;:800,&quot;mobileHeight&quot;:800,&quot;desktopHeight&quot;:800,&quot;enableTwitter&quot;:true,&quot;enableWhatsapp&quot;:false,&quot;enableFacebook&quot;:true,&quot;enablePinterest&quot;:true,&quot;enableLinkedin&quot;:true,&quot;enableEmail&quot;:false,&quot;randomFactor&quot;:0.5,&quot;type&quot;:&quot;custom-grid&quot;,&quot;columns&quot;:12,&quot;gutter&quot;:0,&quot;mobileGutter&quot;:0,&quot;tabletGutter&quot;:0,&quot;desktopGutter&quot;:0,&quot;enableResponsive&quot;:&quot;1&quot;,&quot;tabletColumns&quot;:&quot;2&quot;,&quot;mobileColumns&quot;:&quot;1&quot;,&quot;lazyLoad&quot;:&quot;0&quot;,&quot;lightboxOpts&quot;:{&quot;animated&quot;:true,&quot;Thumbs&quot;:{&quot;type&quot;:&quot;modern&quot;,&quot;showOnStart&quot;:false},&quot;Toolbar&quot;:{&quot;display&quot;:{&quot;right&quot;:[&quot;close&quot;]},&quot;enabled&quot;:true},&quot;Carousel&quot;:{&quot;Panzoom&quot;:{&quot;touch&quot;:false},&quot;infinite&quot;:false},&quot;keyboard&quot;:{&quot;Escape&quot;:&quot;close&quot;,&quot;Delete&quot;:&quot;close&quot;,&quot;Backspace&quot;:&quot;close&quot;,&quot;PageUp&quot;:false,&quot;PageDown&quot;:false,&quot;ArrowUp&quot;:false,&quot;ArrowDown&quot;:false,&quot;ArrowRight&quot;:false,&quot;ArrowLeft&quot;:false},&quot;touch&quot;:false,&quot;backdropClick&quot;:false,&quot;l10n&quot;:{&quot;CLOSE&quot;:&quot;Close&quot;,&quot;NEXT&quot;:&quot;Next&quot;,&quot;PREV&quot;:&quot;Previous&quot;,&quot;Error&quot;:&quot;The requested content cannot be loaded. Please try again later.&quot;,&quot;PLAY_START&quot;:&quot;Start slideshow&quot;,&quot;PLAY_STOP&quot;:&quot;Pause slideshow&quot;,&quot;FULL_SCREEN&quot;:&quot;Full screen&quot;,&quot;THUMBS&quot;:&quot;Thumbnails&quot;,&quot;DOWNLOAD&quot;:&quot;Download&quot;,&quot;SHARE&quot;:&quot;Share&quot;,&quot;ZOOM&quot;:&quot;Zoom&quot;,&quot;EMAIL&quot;:&quot;Here is the link to the image : %%image_link%% and this is the link to the gallery : %%gallery_link%%&quot;,&quot;MODAL&quot;:&quot;You can close this modal content with the ESC key&quot;,&quot;ERROR&quot;:&quot;Something Went Wrong, Please Try Again Later&quot;,&quot;IMAGE_ERROR&quot;:&quot;Image Not Found&quot;,&quot;ELEMENT_NOT_FOUND&quot;:&quot;HTML Element Not Found&quot;,&quot;AJAX_NOT_FOUND&quot;:&quot;Error Loading AJAX : Not Found&quot;,&quot;AJAX_FORBIDDEN&quot;:&quot;Error Loading AJAX : Forbidden&quot;,&quot;IFRAME_ERROR&quot;:&quot;Error Loading Page&quot;,&quot;TOGGLE_ZOOM&quot;:&quot;Toggle zoom level&quot;,&quot;TOGGLE_THUMBS&quot;:&quot;Toggle thumbnails&quot;,&quot;TOGGLE_SLIDESHOW&quot;:&quot;Toggle slideshow&quot;,&quot;TOGGLE_FULLSCREEN&quot;:&quot;Toggle full-screen mode&quot;},&quot;Images&quot;:{&quot;Panzoom&quot;:{&quot;maxScale&quot;:2}},&quot;mainClass&quot;:&quot;modula-fancybox-container modula-lightbox-jtg-22256&quot;,&quot;Html&quot;:{&quot;videoAutoplay&quot;:0,&quot;videoTpl&quot;:&quot;&lt;video class=\\&quot;fancybox__html5video\\&quot; controls muted playsinline controlsList controlsList=\\&quot;nodownload\\&quot; poster=\\&quot;{{poster}}\\&quot; src=\\&quot;{{src}}\\&quot; type=\\&quot;{{format}}\\&quot; &gt;  Sorry, your browser doesn&#039;t support embedded videos, &lt;a href=\\&quot;{{src}}\\&quot;&gt; download &lt;\\\/a&gt; and watch with your favorite video player! &lt;\\\/video&gt;&quot;}},&quot;inView&quot;:false,&quot;email_subject&quot;:&quot;Check out this awesome image !!&quot;,&quot;email_message&quot;:&quot;Here is the link to the image : %%image_link%% and this is the link to the gallery : %%gallery_link%%&quot;,&quot;lightbox&quot;:&quot;fancybox&quot;}\">\n\n\t\n\t<div  class=\"modula-items\">\n\t\t<div class=\"modula-item\" data-width=\"6\" data-height=\"5\" >\n\t<div class=\"modula-item-content\">\n\t\t\n\t\t\t\t\t<a data-image-id=\"29664\" tabindex=\"0\" rel=\"jtg-22256\" data-caption=\"\" aria-label=\"Open image in lightbox\" role=\"button\" class=\"tile-inner modula-item-link\"><\/a>\n\t\t\n\t\t<img loading=\"lazy\" decoding=\"async\" class=\"pic wp-image-29664\"  data-valign=\"middle\" data-halign=\"center\" alt=\"\" data-full=\"https:\/\/www.santjosep.net\/wp-content\/uploads\/2022\/01\/centrointerpretacion_santfrancesc-4.jpg\" title=\"centrointerpretacion_santfrancesc 4\" width=\"2000\" height=\"1333\" src=\"https:\/\/www.santjosep.net\/wp-content\/uploads\/2022\/01\/centrointerpretacion_santfrancesc-4.jpg\" data-src=\"https:\/\/www.santjosep.net\/wp-content\/uploads\/2022\/01\/centrointerpretacion_santfrancesc-4.jpg\" data-caption=\"\" srcset=\"https:\/\/www.santjosep.net\/wp-content\/uploads\/2022\/01\/centrointerpretacion_santfrancesc-4.jpg 2000w, https:\/\/www.santjosep.net\/wp-content\/uploads\/2022\/01\/centrointerpretacion_santfrancesc-4-300x200.jpg 300w, https:\/\/www.santjosep.net\/wp-content\/uploads\/2022\/01\/centrointerpretacion_santfrancesc-4-1024x682.jpg 1024w, https:\/\/www.santjosep.net\/wp-content\/uploads\/2022\/01\/centrointerpretacion_santfrancesc-4-768x512.jpg 768w, https:\/\/www.santjosep.net\/wp-content\/uploads\/2022\/01\/centrointerpretacion_santfrancesc-4-1536x1024.jpg 1536w\" sizes=\"auto, (max-width: 2000px) 100vw, 2000px\" \/>\n\t<\/div>\n\n<\/div><div class=\"modula-item\" data-width=\"6\" data-height=\"5\" >\n\t<div class=\"modula-item-content\">\n\t\t\n\t\t\t\t\t<a data-image-id=\"29654\" tabindex=\"0\" rel=\"jtg-22256\" data-caption=\"\" aria-label=\"Open image in lightbox\" role=\"button\" class=\"tile-inner modula-item-link\"><\/a>\n\t\t\n\t\t<img loading=\"lazy\" decoding=\"async\" class=\"pic wp-image-29654\"  data-valign=\"middle\" data-halign=\"center\" alt=\"\" data-full=\"https:\/\/www.santjosep.net\/wp-content\/uploads\/2022\/01\/centrointerpretacion_santfrancesc-1-1.jpg\" title=\"centrointerpretacion_santfrancesc 1\" width=\"2048\" height=\"1365\" src=\"https:\/\/www.santjosep.net\/wp-content\/uploads\/2022\/01\/centrointerpretacion_santfrancesc-1-1.jpg\" data-src=\"https:\/\/www.santjosep.net\/wp-content\/uploads\/2022\/01\/centrointerpretacion_santfrancesc-1-1.jpg\" data-caption=\"\" srcset=\"https:\/\/www.santjosep.net\/wp-content\/uploads\/2022\/01\/centrointerpretacion_santfrancesc-1-1.jpg 2048w, https:\/\/www.santjosep.net\/wp-content\/uploads\/2022\/01\/centrointerpretacion_santfrancesc-1-1-300x200.jpg 300w, https:\/\/www.santjosep.net\/wp-content\/uploads\/2022\/01\/centrointerpretacion_santfrancesc-1-1-1024x683.jpg 1024w, https:\/\/www.santjosep.net\/wp-content\/uploads\/2022\/01\/centrointerpretacion_santfrancesc-1-1-768x512.jpg 768w, https:\/\/www.santjosep.net\/wp-content\/uploads\/2022\/01\/centrointerpretacion_santfrancesc-1-1-1536x1024.jpg 1536w\" sizes=\"auto, (max-width: 2048px) 100vw, 2048px\" \/>\n\t<\/div>\n\n<\/div><div class=\"modula-item\" data-width=\"5\" data-height=\"4\" >\n\t<div class=\"modula-item-content\">\n\t\t\n\t\t\t\t\t<a data-image-id=\"29659\" tabindex=\"0\" rel=\"jtg-22256\" data-caption=\"\" aria-label=\"Open image in lightbox\" role=\"button\" class=\"tile-inner modula-item-link\"><\/a>\n\t\t\n\t\t<img loading=\"lazy\" decoding=\"async\" class=\"pic wp-image-29659\"  data-valign=\"middle\" data-halign=\"center\" alt=\"\" data-full=\"https:\/\/www.santjosep.net\/wp-content\/uploads\/2022\/01\/FIRADELASAL-77-DS.jpg\" title=\"FIRADELASAL-77 DS\" width=\"1500\" height=\"1001\" src=\"https:\/\/www.santjosep.net\/wp-content\/uploads\/2022\/01\/FIRADELASAL-77-DS.jpg\" data-src=\"https:\/\/www.santjosep.net\/wp-content\/uploads\/2022\/01\/FIRADELASAL-77-DS.jpg\" data-caption=\"\" srcset=\"https:\/\/www.santjosep.net\/wp-content\/uploads\/2022\/01\/FIRADELASAL-77-DS.jpg 1500w, https:\/\/www.santjosep.net\/wp-content\/uploads\/2022\/01\/FIRADELASAL-77-DS-300x200.jpg 300w, https:\/\/www.santjosep.net\/wp-content\/uploads\/2022\/01\/FIRADELASAL-77-DS-1024x683.jpg 1024w, https:\/\/www.santjosep.net\/wp-content\/uploads\/2022\/01\/FIRADELASAL-77-DS-768x513.jpg 768w\" sizes=\"auto, (max-width: 1500px) 100vw, 1500px\" \/>\n\t<\/div>\n\n<\/div><div class=\"modula-item\" data-width=\"7\" data-height=\"4\" >\n\t<div class=\"modula-item-content\">\n\t\t\n\t\t\t\t\t<a data-image-id=\"22267\" tabindex=\"0\" rel=\"jtg-22256\" data-caption=\"\" aria-label=\"Open image in lightbox\" role=\"button\" class=\"tile-inner modula-item-link\"><\/a>\n\t\t\n\t\t<img loading=\"lazy\" decoding=\"async\" class=\"pic wp-image-22267\"  data-valign=\"middle\" data-halign=\"center\" alt=\"\" data-full=\"https:\/\/www.santjosep.net\/wp-content\/uploads\/2020\/05\/68815505_2342593995980281_2719601870539587584_o.jpg\" title=\"68815505_2342593995980281_2719601870539587584_o\" width=\"1500\" height=\"1000\" src=\"https:\/\/www.santjosep.net\/wp-content\/uploads\/2020\/05\/68815505_2342593995980281_2719601870539587584_o.jpg\" data-src=\"https:\/\/www.santjosep.net\/wp-content\/uploads\/2020\/05\/68815505_2342593995980281_2719601870539587584_o.jpg\" data-caption=\"\" srcset=\"https:\/\/www.santjosep.net\/wp-content\/uploads\/2020\/05\/68815505_2342593995980281_2719601870539587584_o.jpg 1500w, https:\/\/www.santjosep.net\/wp-content\/uploads\/2020\/05\/68815505_2342593995980281_2719601870539587584_o-300x200.jpg 300w, https:\/\/www.santjosep.net\/wp-content\/uploads\/2020\/05\/68815505_2342593995980281_2719601870539587584_o-1024x683.jpg 1024w, https:\/\/www.santjosep.net\/wp-content\/uploads\/2020\/05\/68815505_2342593995980281_2719601870539587584_o-768x512.jpg 768w\" sizes=\"auto, (max-width: 1500px) 100vw, 1500px\" \/>\n\t<\/div>\n\n<\/div><div class=\"modula-item\" data-width=\"12\" data-height=\"6\" >\n\t<div class=\"modula-item-content\">\n\t\t\n\t\t\t\t\t<a data-image-id=\"17707\" tabindex=\"0\" rel=\"jtg-22256\" data-caption=\"\" aria-label=\"Open image in lightbox\" role=\"button\" class=\"tile-inner modula-item-link\"><\/a>\n\t\t\n\t\t<img loading=\"lazy\" decoding=\"async\" class=\"pic wp-image-17707\"  data-valign=\"middle\" data-halign=\"center\" alt=\"\" data-full=\"https:\/\/www.santjosep.net\/wp-content\/uploads\/2020\/01\/IMG_0033.jpg\" title=\"IMG_0033\" width=\"1200\" height=\"800\" src=\"https:\/\/www.santjosep.net\/wp-content\/uploads\/2020\/01\/IMG_0033.jpg\" data-src=\"https:\/\/www.santjosep.net\/wp-content\/uploads\/2020\/01\/IMG_0033.jpg\" data-caption=\"\" srcset=\"https:\/\/www.santjosep.net\/wp-content\/uploads\/2020\/01\/IMG_0033.jpg 1200w, https:\/\/www.santjosep.net\/wp-content\/uploads\/2020\/01\/IMG_0033-300x200.jpg 300w, https:\/\/www.santjosep.net\/wp-content\/uploads\/2020\/01\/IMG_0033-1024x683.jpg 1024w, https:\/\/www.santjosep.net\/wp-content\/uploads\/2020\/01\/IMG_0033-768x512.jpg 768w\" sizes=\"auto, (max-width: 1200px) 100vw, 1200px\" \/>\n\t<\/div>\n\n<\/div>\t\t\n\t<\/div>\n\n\t\n\t\n\t<script type=\"application\/ld+json\">\n\t{\n\t\t\"@context\": \"http:\/\/schema.org\",\n\t\t\"@type\"   : \"ImageGallery\",\n\t\t\"id\"      : \"https:\/\/www.santjosep.net\/ca\/7-espais-culturals-a-sant-josep\/\",\n\t\t\"url\"     : \"https:\/\/www.santjosep.net\/ca\/7-espais-culturals-a-sant-josep\/\"\n\t}\n\n\t<\/script>\n\n\t\n<\/div>\n[\/vc_column_text][vc_column_text css=&#8221;.vc_custom_1589957892007{padding-top: 70px !important;}&#8221;]<\/p>\n<h2><b>Ses Pa\u00efsses de Cala d\u2019Hort <\/b><\/h2>\n<p>[\/vc_column_text][vc_column_text]<strong>La casa de pag\u00e8s de Can Sor\u00e0<\/strong>, una bella mostra de l\u2019arquitectura rural eivissenca, ocupa un lloc destacat en el complex que conforma el <a href=\"https:\/\/www.santjosep.net\/ca\/veure\/patrimoni-i-cultura\/ses-paisses-de-cala-dhort-2\/\"><strong>jaciment arqueol\u00f2gic de ses Pa\u00efsses<\/strong><\/a>, format, alhora, per un assentament punicorom\u00e0 i les seves respectives necr\u00f2polis ve\u00efnes. La casa i l\u2019espai circumdant serveixen com a centre per a la realitzaci\u00f3 de tota mena de tasques divulgatives, sobretot tallers per a escolars. La casa est\u00e0 vinculada al<strong> Museu d\u2019Etnografia d\u2019Eivissa<\/strong> i el seu horari d\u2019obertura es restringeix a les activitats pr\u00e8viament programades.<\/p>\n<p><a href=\"https:\/\/www.google.es\/maps\/place\/38%C2%B053'31.8%22N+1%C2%B014'19.1%22E\/@38.892157,1.23643,988m\/data=!3m2!1e3!4b1!4m5!3m4!1s0x0:0x0!8m2!3d38.892157!4d1.238624\"><strong>Com arribar-hi?<\/strong><\/a><br \/>\n<strong>Tel\u00e8fon de contacte:<\/strong> (+34) 971 332 845[\/vc_column_text][vc_column_text css=&#8221;.vc_custom_1589958747989{padding-top: 5% !important;}&#8221;]<style>#jtg-18213 .modula-item .jtg-social a, .lightbox-socials.jtg-social a{ fill: #ffffff; color: #ffffff }#jtg-18213 .modula-item .jtg-social-mobile a{ fill: #ffffff; color: #ffffff }#jtg-18213 .modula-item .jtg-social svg, .lightbox-socials.jtg-social svg { height: 16px; width: 16px }#jtg-18213 .modula-item .jtg-social-mobile svg { height: 16px; width: 16px }#jtg-18213 .modula-item .jtg-social a:not(:last-child), .lightbox-socials.jtg-social a:not(:last-child) { margin-right: 10px }#jtg-18213 .modula-item .jtg-social-mobile .jtg-social-mobile-icons a:not(:last-child){ margin-right: 10px }#jtg-18213 .modula-item .figc {color:#ffffff;}#jtg-18213 .modula-item .modula-item-content { transform: scale(1) }#jtg-18213 .modula-items .figc p.description { font-size:14px; }#jtg-18213 .modula-items .figc p.description { color:#ffffff;}#jtg-18213.modula-gallery .modula-item > a, #jtg-18213.modula-gallery .modula-item, #jtg-18213.modula-gallery .modula-item-content > a:not(.modula-no-follow) { cursor:zoom-in; } #jtg-18213.modula-gallery .modula-item-content .modula-no-follow { cursor: default; } @media screen and (max-width:480px){#jtg-18213 .modula-item .figc .jtg-title {  font-size: 12px; }#jtg-18213 .modula-items .figc p.description { color:#ffffff;font-size:10px; }}#jtg-18213 .modula-items .modula-item:hover img{opacity:1;}<\/style>\n<div  id=\"jtg-18213\" class=\"modula modula-gallery modula-custom-grid\" data-config=\"{&quot;height&quot;:800,&quot;tabletHeight&quot;:800,&quot;mobileHeight&quot;:800,&quot;desktopHeight&quot;:800,&quot;enableTwitter&quot;:true,&quot;enableWhatsapp&quot;:false,&quot;enableFacebook&quot;:true,&quot;enablePinterest&quot;:true,&quot;enableLinkedin&quot;:true,&quot;enableEmail&quot;:false,&quot;randomFactor&quot;:0.5,&quot;type&quot;:&quot;custom-grid&quot;,&quot;columns&quot;:12,&quot;gutter&quot;:0,&quot;mobileGutter&quot;:0,&quot;tabletGutter&quot;:0,&quot;desktopGutter&quot;:0,&quot;enableResponsive&quot;:&quot;1&quot;,&quot;tabletColumns&quot;:&quot;2&quot;,&quot;mobileColumns&quot;:&quot;1&quot;,&quot;lazyLoad&quot;:&quot;0&quot;,&quot;lightboxOpts&quot;:{&quot;animated&quot;:true,&quot;Thumbs&quot;:{&quot;type&quot;:&quot;modern&quot;,&quot;showOnStart&quot;:false},&quot;Toolbar&quot;:{&quot;display&quot;:{&quot;right&quot;:[&quot;close&quot;]},&quot;enabled&quot;:true},&quot;Carousel&quot;:{&quot;Panzoom&quot;:{&quot;touch&quot;:false},&quot;infinite&quot;:false},&quot;keyboard&quot;:{&quot;Escape&quot;:&quot;close&quot;,&quot;Delete&quot;:&quot;close&quot;,&quot;Backspace&quot;:&quot;close&quot;,&quot;PageUp&quot;:false,&quot;PageDown&quot;:false,&quot;ArrowUp&quot;:false,&quot;ArrowDown&quot;:false,&quot;ArrowRight&quot;:false,&quot;ArrowLeft&quot;:false},&quot;touch&quot;:false,&quot;backdropClick&quot;:false,&quot;l10n&quot;:{&quot;CLOSE&quot;:&quot;Close&quot;,&quot;NEXT&quot;:&quot;Next&quot;,&quot;PREV&quot;:&quot;Previous&quot;,&quot;Error&quot;:&quot;The requested content cannot be loaded. Please try again later.&quot;,&quot;PLAY_START&quot;:&quot;Start slideshow&quot;,&quot;PLAY_STOP&quot;:&quot;Pause slideshow&quot;,&quot;FULL_SCREEN&quot;:&quot;Full screen&quot;,&quot;THUMBS&quot;:&quot;Thumbnails&quot;,&quot;DOWNLOAD&quot;:&quot;Download&quot;,&quot;SHARE&quot;:&quot;Share&quot;,&quot;ZOOM&quot;:&quot;Zoom&quot;,&quot;EMAIL&quot;:&quot;Here is the link to the image : %%image_link%% and this is the link to the gallery : %%gallery_link%%&quot;,&quot;MODAL&quot;:&quot;You can close this modal content with the ESC key&quot;,&quot;ERROR&quot;:&quot;Something Went Wrong, Please Try Again Later&quot;,&quot;IMAGE_ERROR&quot;:&quot;Image Not Found&quot;,&quot;ELEMENT_NOT_FOUND&quot;:&quot;HTML Element Not Found&quot;,&quot;AJAX_NOT_FOUND&quot;:&quot;Error Loading AJAX : Not Found&quot;,&quot;AJAX_FORBIDDEN&quot;:&quot;Error Loading AJAX : Forbidden&quot;,&quot;IFRAME_ERROR&quot;:&quot;Error Loading Page&quot;,&quot;TOGGLE_ZOOM&quot;:&quot;Toggle zoom level&quot;,&quot;TOGGLE_THUMBS&quot;:&quot;Toggle thumbnails&quot;,&quot;TOGGLE_SLIDESHOW&quot;:&quot;Toggle slideshow&quot;,&quot;TOGGLE_FULLSCREEN&quot;:&quot;Toggle full-screen mode&quot;},&quot;Images&quot;:{&quot;Panzoom&quot;:{&quot;maxScale&quot;:2}},&quot;mainClass&quot;:&quot;modula-fancybox-container modula-lightbox-jtg-18213&quot;,&quot;Html&quot;:{&quot;videoAutoplay&quot;:0,&quot;videoTpl&quot;:&quot;&lt;video class=\\&quot;fancybox__html5video\\&quot; controls muted playsinline controlsList controlsList=\\&quot;nodownload\\&quot; poster=\\&quot;{{poster}}\\&quot; src=\\&quot;{{src}}\\&quot; type=\\&quot;{{format}}\\&quot; &gt;  Sorry, your browser doesn&#039;t support embedded videos, &lt;a href=\\&quot;{{src}}\\&quot;&gt; download &lt;\\\/a&gt; and watch with your favorite video player! &lt;\\\/video&gt;&quot;}},&quot;inView&quot;:false,&quot;email_subject&quot;:&quot;Check out this awesome image !!&quot;,&quot;email_message&quot;:&quot;Here is the link to the image : %%image_link%% and this is the link to the gallery : %%gallery_link%%&quot;,&quot;lightbox&quot;:&quot;fancybox&quot;}\">\n\n\t\n\t<div  class=\"modula-items\">\n\t\t<div class=\"modula-item\" data-width=\"12\" data-height=\"7\" >\n\t<div class=\"modula-item-content\">\n\t\t\n\t\t\t\t\t<a data-image-id=\"18214\" tabindex=\"0\" rel=\"jtg-18213\" data-caption=\"\" aria-label=\"Open image in lightbox\" role=\"button\" class=\"tile-inner modula-item-link\"><\/a>\n\t\t\n\t\t<img loading=\"lazy\" decoding=\"async\" class=\"pic wp-image-18214\"  data-valign=\"middle\" data-halign=\"center\" alt=\"\" data-full=\"https:\/\/www.santjosep.net\/wp-content\/uploads\/2020\/01\/IMG_0252.jpg\" title=\"IMG_0252\" width=\"1500\" height=\"1000\" src=\"https:\/\/www.santjosep.net\/wp-content\/uploads\/2020\/01\/IMG_0252.jpg\" data-src=\"https:\/\/www.santjosep.net\/wp-content\/uploads\/2020\/01\/IMG_0252.jpg\" data-caption=\"\" srcset=\"https:\/\/www.santjosep.net\/wp-content\/uploads\/2020\/01\/IMG_0252.jpg 1500w, https:\/\/www.santjosep.net\/wp-content\/uploads\/2020\/01\/IMG_0252-300x200.jpg 300w, https:\/\/www.santjosep.net\/wp-content\/uploads\/2020\/01\/IMG_0252-1024x683.jpg 1024w, https:\/\/www.santjosep.net\/wp-content\/uploads\/2020\/01\/IMG_0252-768x512.jpg 768w\" sizes=\"auto, (max-width: 1500px) 100vw, 1500px\" \/>\n\t<\/div>\n\n<\/div><div class=\"modula-item\" data-width=\"6\" data-height=\"5\" >\n\t<div class=\"modula-item-content\">\n\t\t\n\t\t\t\t\t<a data-image-id=\"18220\" tabindex=\"0\" rel=\"jtg-18213\" data-caption=\"\" aria-label=\"Open image in lightbox\" role=\"button\" class=\"tile-inner modula-item-link\"><\/a>\n\t\t\n\t\t<img loading=\"lazy\" decoding=\"async\" class=\"pic wp-image-18220\"  data-valign=\"middle\" data-halign=\"center\" alt=\"\" data-full=\"https:\/\/www.santjosep.net\/wp-content\/uploads\/2020\/01\/IMG_0254.jpg\" title=\"IMG_0254\" width=\"1500\" height=\"1000\" src=\"https:\/\/www.santjosep.net\/wp-content\/uploads\/2020\/01\/IMG_0254.jpg\" data-src=\"https:\/\/www.santjosep.net\/wp-content\/uploads\/2020\/01\/IMG_0254.jpg\" data-caption=\"\" srcset=\"https:\/\/www.santjosep.net\/wp-content\/uploads\/2020\/01\/IMG_0254.jpg 1500w, https:\/\/www.santjosep.net\/wp-content\/uploads\/2020\/01\/IMG_0254-300x200.jpg 300w, https:\/\/www.santjosep.net\/wp-content\/uploads\/2020\/01\/IMG_0254-1024x683.jpg 1024w, https:\/\/www.santjosep.net\/wp-content\/uploads\/2020\/01\/IMG_0254-768x512.jpg 768w\" sizes=\"auto, (max-width: 1500px) 100vw, 1500px\" \/>\n\t<\/div>\n\n<\/div><div class=\"modula-item\" data-width=\"6\" data-height=\"5\" >\n\t<div class=\"modula-item-content\">\n\t\t\n\t\t\t\t\t<a data-image-id=\"18226\" tabindex=\"0\" rel=\"jtg-18213\" data-caption=\"\" aria-label=\"Open image in lightbox\" role=\"button\" class=\"tile-inner modula-item-link\"><\/a>\n\t\t\n\t\t<img loading=\"lazy\" decoding=\"async\" class=\"pic wp-image-18226\"  data-valign=\"middle\" data-halign=\"center\" alt=\"\" data-full=\"https:\/\/www.santjosep.net\/wp-content\/uploads\/2020\/01\/IMG_0259.jpg\" title=\"IMG_0259\" width=\"1500\" height=\"1000\" src=\"https:\/\/www.santjosep.net\/wp-content\/uploads\/2020\/01\/IMG_0259.jpg\" data-src=\"https:\/\/www.santjosep.net\/wp-content\/uploads\/2020\/01\/IMG_0259.jpg\" data-caption=\"\" srcset=\"https:\/\/www.santjosep.net\/wp-content\/uploads\/2020\/01\/IMG_0259.jpg 1500w, https:\/\/www.santjosep.net\/wp-content\/uploads\/2020\/01\/IMG_0259-300x200.jpg 300w, https:\/\/www.santjosep.net\/wp-content\/uploads\/2020\/01\/IMG_0259-1024x683.jpg 1024w, https:\/\/www.santjosep.net\/wp-content\/uploads\/2020\/01\/IMG_0259-768x512.jpg 768w\" sizes=\"auto, (max-width: 1500px) 100vw, 1500px\" \/>\n\t<\/div>\n\n<\/div>\t\t\n\t<\/div>\n\n\t\n\t\n\t<script type=\"application\/ld+json\">\n\t{\n\t\t\"@context\": \"http:\/\/schema.org\",\n\t\t\"@type\"   : \"ImageGallery\",\n\t\t\"id\"      : \"https:\/\/www.santjosep.net\/ca\/7-espais-culturals-a-sant-josep\/\",\n\t\t\"url\"     : \"https:\/\/www.santjosep.net\/ca\/7-espais-culturals-a-sant-josep\/\"\n\t}\n\n\t<\/script>\n\n\t\n<\/div>\n[\/vc_column_text][vc_column_text css=&#8221;.vc_custom_1589957988457{padding-top: 70px !important;}&#8221;]<\/p>\n<h2><b>Can Blau<\/b><\/h2>\n<p>[\/vc_column_text][vc_column_text]Amb aquest nom es coneix l\u2019<strong>Escola Municipal de M\u00fasica de Sant Josep<\/strong>, situada a Sant Agust\u00ed. El centre educatiu duu a terme una intensa activitat de formaci\u00f3 en l\u2019\u00e0mbit de la m\u00fasica, amb cursos per a infants, joves i adults. L\u2019ensenyament abasta des dels cursos infantils de sensibilitzaci\u00f3 (infants de 4 a 6 anys), iniciaci\u00f3 (7 anys) o elemental (des dels 8 anys) fins als de perfeccionament, composici\u00f3 electr\u00f2nica, etc. Les especialitats instrumentals de l\u2019escola s\u00f3n: flauta travessera, clarinet, trompeta, trompa, saxo, tromb\u00f3, bombard\u00ed, tuba, percussi\u00f3, piano o veu.<\/p>\n<p>Al seu\u00a0<a href=\"http:\/\/www.canblau.net\">web<\/a> es pot obtenir tota la informaci\u00f3, juntament amb els programes d\u2019ensenyament i els horaris.[\/vc_column_text][vc_column_text]<a href=\"https:\/\/www.google.es\/maps\/place\/Can+Blau+Escola+de+M%C3%BAsica\/@38.9414722,1.2926166,987m\/data=!3m2!1e3!4b1!4m5!3m4!1s0x12994983c87dc0ef:0xce07a91bf3a601b1!8m2!3d38.9414722!4d1.2948106\"><strong>Com arribar-hi?<\/strong><\/a>[\/vc_column_text][vc_single_image image=&#8221;22281&#8243; img_size=&#8221;full&#8221; css=&#8221;.vc_custom_1589958665193{padding-top: 40px !important;}&#8221;][vc_column_text css=&#8221;.vc_custom_1589958173081{padding-top: 70px !important;}&#8221;]<\/p>\n<h2><b>La Nave Salinas<\/b><\/h2>\n<p>[\/vc_column_text][vc_column_text]Aquest espai ocupa un gran magatzem saliner situat a la zona de sa Canal, al costat de la <a href=\"https:\/\/www.santjosep.net\/ca\/veure\/platges\/ses-salines\/\"><strong>platja de ses Salines<\/strong><\/a>. \u00c9s un projecte personal del reconegut col\u00b7leccionista Lio Malca, que peri\u00f2dicament porta a aquest immens espai obres de gran format de figures de primer nivell mundial, com Keith Haring, Bill Viola, Kenny Scharf o Marco Brambilla. Altres grans esdeveniments de qu\u00e8 podem gaudir a La Nave s\u00f3n les tert\u00falies, confer\u00e8ncies, exposicions i altres actes emmarcats en la <strong><a href=\"https:\/\/www.santjosep.net\/ca\/fira-la-sal\/\">Fira de la Sal,<\/a><\/strong> on podem gaudir, aprendre i con\u00e8ixer de primera m\u00e0 la hist\u00f2ria de les salines i la vida que els saliners portaven fa anys. L\u2019acc\u00e9s a La Nave \u00e9s gratu\u00eft i sol tenir horaris for\u00e7a amplis.Visita el seu\u00a0<a href=\"https:\/\/www.lanavesalinas.org\/\">web<\/a> per a m\u00e9s informaci\u00f3.[\/vc_column_text][vc_column_text]<a href=\"https:\/\/www.google.es\/maps\/place\/La+Nave,+Las+Salinas\/@38.8417565,1.3816146,989m\/data=!3m2!1e3!4b1!4m5!3m4!1s0x1299456d1ad0bdd5:0x3e002916b63da1f7!8m2!3d38.8417565!4d1.3838086\"><strong>Com arribar-hi?<\/strong><\/a>[\/vc_column_text][vc_column_text css=&#8221;.vc_custom_1589958657151{padding-top: 40px !important;}&#8221;]<style>#jtg-22285 .modula-item .jtg-social a, .lightbox-socials.jtg-social a{ fill: #ffffff; color: #ffffff }#jtg-22285 .modula-item .jtg-social-mobile a{ fill: #ffffff; color: #ffffff }#jtg-22285 .modula-item .jtg-social svg, .lightbox-socials.jtg-social svg { height: 16px; width: 16px }#jtg-22285 .modula-item .jtg-social-mobile svg { height: 16px; width: 16px }#jtg-22285 .modula-item .jtg-social a:not(:last-child), .lightbox-socials.jtg-social a:not(:last-child) { margin-right: 10px }#jtg-22285 .modula-item .jtg-social-mobile .jtg-social-mobile-icons a:not(:last-child){ margin-right: 10px }#jtg-22285 .modula-item .figc {color:#ffffff;}#jtg-22285 .modula-item .modula-item-content { transform: scale(1) }#jtg-22285 .modula-items .figc p.description { font-size:14px; }#jtg-22285 .modula-items .figc p.description { color:#ffffff;}#jtg-22285.modula-gallery .modula-item > a, #jtg-22285.modula-gallery .modula-item, #jtg-22285.modula-gallery .modula-item-content > a:not(.modula-no-follow) { cursor:zoom-in; } #jtg-22285.modula-gallery .modula-item-content .modula-no-follow { cursor: default; } @media screen and (max-width:480px){#jtg-22285 .modula-item .figc .jtg-title {  font-size: 12px; }#jtg-22285 .modula-items .figc p.description { color:#ffffff;font-size:10px; }}#jtg-22285 .modula-items .modula-item:hover img{opacity:1;}<\/style>\n<div  id=\"jtg-22285\" class=\"modula modula-gallery modula-custom-grid\" data-config=\"{&quot;height&quot;:800,&quot;tabletHeight&quot;:800,&quot;mobileHeight&quot;:800,&quot;desktopHeight&quot;:800,&quot;enableTwitter&quot;:true,&quot;enableWhatsapp&quot;:false,&quot;enableFacebook&quot;:true,&quot;enablePinterest&quot;:true,&quot;enableLinkedin&quot;:true,&quot;enableEmail&quot;:false,&quot;randomFactor&quot;:0.5,&quot;type&quot;:&quot;custom-grid&quot;,&quot;columns&quot;:12,&quot;gutter&quot;:0,&quot;mobileGutter&quot;:0,&quot;tabletGutter&quot;:0,&quot;desktopGutter&quot;:0,&quot;enableResponsive&quot;:&quot;1&quot;,&quot;tabletColumns&quot;:&quot;2&quot;,&quot;mobileColumns&quot;:&quot;1&quot;,&quot;lazyLoad&quot;:&quot;0&quot;,&quot;lightboxOpts&quot;:{&quot;animated&quot;:true,&quot;Thumbs&quot;:{&quot;type&quot;:&quot;modern&quot;,&quot;showOnStart&quot;:false},&quot;Toolbar&quot;:{&quot;display&quot;:{&quot;right&quot;:[&quot;close&quot;]},&quot;enabled&quot;:true},&quot;Carousel&quot;:{&quot;Panzoom&quot;:{&quot;touch&quot;:false},&quot;infinite&quot;:false},&quot;keyboard&quot;:{&quot;Escape&quot;:&quot;close&quot;,&quot;Delete&quot;:&quot;close&quot;,&quot;Backspace&quot;:&quot;close&quot;,&quot;PageUp&quot;:false,&quot;PageDown&quot;:false,&quot;ArrowUp&quot;:false,&quot;ArrowDown&quot;:false,&quot;ArrowRight&quot;:false,&quot;ArrowLeft&quot;:false},&quot;touch&quot;:false,&quot;backdropClick&quot;:false,&quot;l10n&quot;:{&quot;CLOSE&quot;:&quot;Close&quot;,&quot;NEXT&quot;:&quot;Next&quot;,&quot;PREV&quot;:&quot;Previous&quot;,&quot;Error&quot;:&quot;The requested content cannot be loaded. Please try again later.&quot;,&quot;PLAY_START&quot;:&quot;Start slideshow&quot;,&quot;PLAY_STOP&quot;:&quot;Pause slideshow&quot;,&quot;FULL_SCREEN&quot;:&quot;Full screen&quot;,&quot;THUMBS&quot;:&quot;Thumbnails&quot;,&quot;DOWNLOAD&quot;:&quot;Download&quot;,&quot;SHARE&quot;:&quot;Share&quot;,&quot;ZOOM&quot;:&quot;Zoom&quot;,&quot;EMAIL&quot;:&quot;Here is the link to the image : %%image_link%% and this is the link to the gallery : %%gallery_link%%&quot;,&quot;MODAL&quot;:&quot;You can close this modal content with the ESC key&quot;,&quot;ERROR&quot;:&quot;Something Went Wrong, Please Try Again Later&quot;,&quot;IMAGE_ERROR&quot;:&quot;Image Not Found&quot;,&quot;ELEMENT_NOT_FOUND&quot;:&quot;HTML Element Not Found&quot;,&quot;AJAX_NOT_FOUND&quot;:&quot;Error Loading AJAX : Not Found&quot;,&quot;AJAX_FORBIDDEN&quot;:&quot;Error Loading AJAX : Forbidden&quot;,&quot;IFRAME_ERROR&quot;:&quot;Error Loading Page&quot;,&quot;TOGGLE_ZOOM&quot;:&quot;Toggle zoom level&quot;,&quot;TOGGLE_THUMBS&quot;:&quot;Toggle thumbnails&quot;,&quot;TOGGLE_SLIDESHOW&quot;:&quot;Toggle slideshow&quot;,&quot;TOGGLE_FULLSCREEN&quot;:&quot;Toggle full-screen mode&quot;},&quot;Images&quot;:{&quot;Panzoom&quot;:{&quot;maxScale&quot;:2}},&quot;mainClass&quot;:&quot;modula-fancybox-container modula-lightbox-jtg-22285&quot;,&quot;Html&quot;:{&quot;videoAutoplay&quot;:0,&quot;videoTpl&quot;:&quot;&lt;video class=\\&quot;fancybox__html5video\\&quot; controls muted playsinline controlsList controlsList=\\&quot;nodownload\\&quot; poster=\\&quot;{{poster}}\\&quot; src=\\&quot;{{src}}\\&quot; type=\\&quot;{{format}}\\&quot; &gt;  Sorry, your browser doesn&#039;t support embedded videos, &lt;a href=\\&quot;{{src}}\\&quot;&gt; download &lt;\\\/a&gt; and watch with your favorite video player! &lt;\\\/video&gt;&quot;}},&quot;inView&quot;:false,&quot;email_subject&quot;:&quot;Check out this awesome image !!&quot;,&quot;email_message&quot;:&quot;Here is the link to the image : %%image_link%% and this is the link to the gallery : %%gallery_link%%&quot;,&quot;lightbox&quot;:&quot;fancybox&quot;}\">\n\n\t\n\t<div  class=\"modula-items\">\n\t\t<div class=\"modula-item\" data-width=\"6\" data-height=\"5\" >\n\t<div class=\"modula-item-content\">\n\t\t\n\t\t\t\t\t<a data-image-id=\"30688\" tabindex=\"0\" rel=\"jtg-22285\" data-caption=\"\" aria-label=\"Open image in lightbox\" role=\"button\" class=\"tile-inner modula-item-link\"><\/a>\n\t\t\n\t\t<img loading=\"lazy\" decoding=\"async\" class=\"pic wp-image-30688\"  data-valign=\"middle\" data-halign=\"center\" alt=\"\" data-full=\"https:\/\/www.santjosep.net\/wp-content\/uploads\/2022\/01\/218726557_1481501062213993_6347379896883516831_n.jpg\" title=\"218726557_1481501062213993_6347379896883516831_n\" width=\"1440\" height=\"1440\" src=\"https:\/\/www.santjosep.net\/wp-content\/uploads\/2022\/01\/218726557_1481501062213993_6347379896883516831_n.jpg\" data-src=\"https:\/\/www.santjosep.net\/wp-content\/uploads\/2022\/01\/218726557_1481501062213993_6347379896883516831_n.jpg\" data-caption=\"\" srcset=\"https:\/\/www.santjosep.net\/wp-content\/uploads\/2022\/01\/218726557_1481501062213993_6347379896883516831_n.jpg 1440w, https:\/\/www.santjosep.net\/wp-content\/uploads\/2022\/01\/218726557_1481501062213993_6347379896883516831_n-300x300.jpg 300w, https:\/\/www.santjosep.net\/wp-content\/uploads\/2022\/01\/218726557_1481501062213993_6347379896883516831_n-1024x1024.jpg 1024w, https:\/\/www.santjosep.net\/wp-content\/uploads\/2022\/01\/218726557_1481501062213993_6347379896883516831_n-150x150.jpg 150w, https:\/\/www.santjosep.net\/wp-content\/uploads\/2022\/01\/218726557_1481501062213993_6347379896883516831_n-768x768.jpg 768w, https:\/\/www.santjosep.net\/wp-content\/uploads\/2022\/01\/218726557_1481501062213993_6347379896883516831_n-550x550.jpg 550w, https:\/\/www.santjosep.net\/wp-content\/uploads\/2022\/01\/218726557_1481501062213993_6347379896883516831_n-1100x1100.jpg 1100w\" sizes=\"auto, (max-width: 1440px) 100vw, 1440px\" \/>\n\t<\/div>\n\n<\/div><div class=\"modula-item\" data-width=\"6\" data-height=\"6\" >\n\t<div class=\"modula-item-content\">\n\t\t\n\t\t\t\t\t<a data-image-id=\"22286\" tabindex=\"0\" rel=\"jtg-22285\" data-caption=\"\" aria-label=\"Open image in lightbox\" role=\"button\" class=\"tile-inner modula-item-link\"><\/a>\n\t\t\n\t\t<img loading=\"lazy\" decoding=\"async\" class=\"pic wp-image-22286\"  data-valign=\"middle\" data-halign=\"center\" alt=\"\" data-full=\"https:\/\/www.santjosep.net\/wp-content\/uploads\/2020\/05\/DSC08570.jpg\" title=\"DSC08570\" width=\"2000\" height=\"1333\" src=\"https:\/\/www.santjosep.net\/wp-content\/uploads\/2020\/05\/DSC08570.jpg\" data-src=\"https:\/\/www.santjosep.net\/wp-content\/uploads\/2020\/05\/DSC08570.jpg\" data-caption=\"\" srcset=\"https:\/\/www.santjosep.net\/wp-content\/uploads\/2020\/05\/DSC08570.jpg 2000w, https:\/\/www.santjosep.net\/wp-content\/uploads\/2020\/05\/DSC08570-300x200.jpg 300w, https:\/\/www.santjosep.net\/wp-content\/uploads\/2020\/05\/DSC08570-1024x682.jpg 1024w, https:\/\/www.santjosep.net\/wp-content\/uploads\/2020\/05\/DSC08570-768x512.jpg 768w, https:\/\/www.santjosep.net\/wp-content\/uploads\/2020\/05\/DSC08570-1536x1024.jpg 1536w\" sizes=\"auto, (max-width: 2000px) 100vw, 2000px\" \/>\n\t<\/div>\n\n<\/div><div class=\"modula-item\" data-width=\"6\" data-height=\"4\" >\n\t<div class=\"modula-item-content\">\n\t\t\n\t\t\t\t\t<a data-image-id=\"30683\" tabindex=\"0\" rel=\"jtg-22285\" data-caption=\"\" aria-label=\"Open image in lightbox\" role=\"button\" class=\"tile-inner modula-item-link\"><\/a>\n\t\t\n\t\t<img loading=\"lazy\" decoding=\"async\" class=\"pic wp-image-30683\"  data-valign=\"middle\" data-halign=\"center\" alt=\"\" data-full=\"https:\/\/www.santjosep.net\/wp-content\/uploads\/2022\/01\/271225084_308735227931042_2024118693050253346_n.jpg\" title=\"271225084_308735227931042_2024118693050253346_n\" width=\"1440\" height=\"960\" src=\"https:\/\/www.santjosep.net\/wp-content\/uploads\/2022\/01\/271225084_308735227931042_2024118693050253346_n.jpg\" data-src=\"https:\/\/www.santjosep.net\/wp-content\/uploads\/2022\/01\/271225084_308735227931042_2024118693050253346_n.jpg\" data-caption=\"\" srcset=\"https:\/\/www.santjosep.net\/wp-content\/uploads\/2022\/01\/271225084_308735227931042_2024118693050253346_n.jpg 1440w, https:\/\/www.santjosep.net\/wp-content\/uploads\/2022\/01\/271225084_308735227931042_2024118693050253346_n-300x200.jpg 300w, https:\/\/www.santjosep.net\/wp-content\/uploads\/2022\/01\/271225084_308735227931042_2024118693050253346_n-1024x683.jpg 1024w, https:\/\/www.santjosep.net\/wp-content\/uploads\/2022\/01\/271225084_308735227931042_2024118693050253346_n-768x512.jpg 768w\" sizes=\"auto, (max-width: 1440px) 100vw, 1440px\" \/>\n\t<\/div>\n\n<\/div><div class=\"modula-item\" data-width=\"6\" data-height=\"8\" >\n\t<div class=\"modula-item-content\">\n\t\t\n\t\t\t\t\t<a data-image-id=\"22316\" tabindex=\"0\" rel=\"jtg-22285\" data-caption=\"\" aria-label=\"Open image in lightbox\" role=\"button\" class=\"tile-inner modula-item-link\"><\/a>\n\t\t\n\t\t<img loading=\"lazy\" decoding=\"async\" class=\"pic wp-image-22316\"  data-valign=\"middle\" data-halign=\"center\" alt=\"\" data-full=\"https:\/\/www.santjosep.net\/wp-content\/uploads\/2020\/05\/DSC08554.jpg\" title=\"DSC08554\" width=\"1333\" height=\"2000\" src=\"https:\/\/www.santjosep.net\/wp-content\/uploads\/2020\/05\/DSC08554.jpg\" data-src=\"https:\/\/www.santjosep.net\/wp-content\/uploads\/2020\/05\/DSC08554.jpg\" data-caption=\"\" srcset=\"https:\/\/www.santjosep.net\/wp-content\/uploads\/2020\/05\/DSC08554.jpg 1333w, https:\/\/www.santjosep.net\/wp-content\/uploads\/2020\/05\/DSC08554-200x300.jpg 200w, https:\/\/www.santjosep.net\/wp-content\/uploads\/2020\/05\/DSC08554-682x1024.jpg 682w, https:\/\/www.santjosep.net\/wp-content\/uploads\/2020\/05\/DSC08554-768x1152.jpg 768w, https:\/\/www.santjosep.net\/wp-content\/uploads\/2020\/05\/DSC08554-1024x1536.jpg 1024w\" sizes=\"auto, (max-width: 1333px) 100vw, 1333px\" \/>\n\t<\/div>\n\n<\/div><div class=\"modula-item\" data-width=\"6\" data-height=\"5\" >\n\t<div class=\"modula-item-content\">\n\t\t\n\t\t\t\t\t<a data-image-id=\"30666\" tabindex=\"0\" rel=\"jtg-22285\" data-caption=\"\" aria-label=\"Open image in lightbox\" role=\"button\" class=\"tile-inner modula-item-link\"><\/a>\n\t\t\n\t\t<img loading=\"lazy\" decoding=\"async\" class=\"pic wp-image-30666\"  data-valign=\"middle\" data-halign=\"center\" alt=\"\" data-full=\"https:\/\/www.santjosep.net\/wp-content\/uploads\/2022\/01\/217528233_1478605502503549_4942932322078517232_n.jpg\" title=\"217528233_1478605502503549_4942932322078517232_n\" width=\"1333\" height=\"888\" src=\"https:\/\/www.santjosep.net\/wp-content\/uploads\/2022\/01\/217528233_1478605502503549_4942932322078517232_n.jpg\" data-src=\"https:\/\/www.santjosep.net\/wp-content\/uploads\/2022\/01\/217528233_1478605502503549_4942932322078517232_n.jpg\" data-caption=\"\" srcset=\"https:\/\/www.santjosep.net\/wp-content\/uploads\/2022\/01\/217528233_1478605502503549_4942932322078517232_n.jpg 1333w, https:\/\/www.santjosep.net\/wp-content\/uploads\/2022\/01\/217528233_1478605502503549_4942932322078517232_n-300x200.jpg 300w, https:\/\/www.santjosep.net\/wp-content\/uploads\/2022\/01\/217528233_1478605502503549_4942932322078517232_n-1024x682.jpg 1024w, https:\/\/www.santjosep.net\/wp-content\/uploads\/2022\/01\/217528233_1478605502503549_4942932322078517232_n-768x512.jpg 768w\" sizes=\"auto, (max-width: 1333px) 100vw, 1333px\" \/>\n\t<\/div>\n\n<\/div><div class=\"modula-item\" data-width=\"12\" data-height=\"5\" >\n\t<div class=\"modula-item-content\">\n\t\t\n\t\t\t\t\t<a data-image-id=\"30671\" tabindex=\"0\" rel=\"jtg-22285\" data-caption=\"\" aria-label=\"Open image in lightbox\" role=\"button\" class=\"tile-inner modula-item-link\"><\/a>\n\t\t\n\t\t<img loading=\"lazy\" decoding=\"async\" class=\"pic wp-image-30671\"  data-valign=\"middle\" data-halign=\"center\" alt=\"\" data-full=\"https:\/\/www.santjosep.net\/wp-content\/uploads\/2022\/01\/112200.webp\" title=\"112200\" width=\"1600\" height=\"1067\" src=\"https:\/\/www.santjosep.net\/wp-content\/uploads\/2022\/01\/112200.webp\" data-src=\"https:\/\/www.santjosep.net\/wp-content\/uploads\/2022\/01\/112200.webp\" data-caption=\"\" srcset=\"https:\/\/www.santjosep.net\/wp-content\/uploads\/2022\/01\/112200.webp 1600w, https:\/\/www.santjosep.net\/wp-content\/uploads\/2022\/01\/112200-300x200.webp 300w, https:\/\/www.santjosep.net\/wp-content\/uploads\/2022\/01\/112200-1024x683.webp 1024w, https:\/\/www.santjosep.net\/wp-content\/uploads\/2022\/01\/112200-768x512.webp 768w, https:\/\/www.santjosep.net\/wp-content\/uploads\/2022\/01\/112200-1536x1024.webp 1536w\" sizes=\"auto, (max-width: 1600px) 100vw, 1600px\" \/>\n\t<\/div>\n\n<\/div>\t\t\n\t<\/div>\n\n\t\n\t\n\t<script type=\"application\/ld+json\">\n\t{\n\t\t\"@context\": \"http:\/\/schema.org\",\n\t\t\"@type\"   : \"ImageGallery\",\n\t\t\"id\"      : \"https:\/\/www.santjosep.net\/ca\/7-espais-culturals-a-sant-josep\/\",\n\t\t\"url\"     : \"https:\/\/www.santjosep.net\/ca\/7-espais-culturals-a-sant-josep\/\"\n\t}\n\n\t<\/script>\n\n\t\n<\/div>\n[\/vc_column_text][\/vc_column][\/vc_row]<\/p>\n<\/div>","protected":false},"excerpt":{"rendered":"<p>Sant Josep ofereix una completa activitat cultural durant tot l\u2019any, en la qual s\u2019involucren artistes i artesans, associacions, ve\u00efns, promotors i projectes de tota mena. Concerts, cinema, teatre, exposicions, tallers, mostres, cursos\u2026 s\u00f3n part d\u2019un llarg cat\u00e0leg d\u2019iniciatives que es duen a terme a diferents espais i punts culturals del municipi. Vegem quins s\u00f3n.<\/p>\n","protected":false},"author":1,"featured_media":26834,"comment_status":"open","ping_status":"open","sticky":false,"template":"","format":"standard","meta":{"_acf_changed":false,"inline_featured_image":false,"footnotes":""},"categories":[343],"tags":[],"class_list":["post-22324","post","type-post","status-publish","format-standard","has-post-thumbnail","hentry","category-cultura-ca"],"acf":[],"geo":null,"yoast_head":"<!-- This site is optimized with the Yoast SEO plugin v25.7 - https:\/\/yoast.com\/wordpress\/plugins\/seo\/ -->\n<title>7 espais culturals a Sant Josep - Santjosep.net<\/title>\n<meta name=\"robots\" content=\"index, follow, max-snippet:-1, max-image-preview:large, max-video-preview:-1\" \/>\n<link rel=\"canonical\" href=\"https:\/\/www.santjosep.net\/ca\/7-espais-culturals-a-sant-josep\/\" \/>\n<meta property=\"og:locale\" content=\"ca_ES\" \/>\n<meta property=\"og:type\" content=\"article\" \/>\n<meta property=\"og:title\" content=\"7 espais culturals a Sant Josep - Santjosep.net\" \/>\n<meta property=\"og:description\" content=\"Sant Josep ofereix una completa activitat cultural durant tot l\u2019any, en la qual s\u2019involucren artistes i artesans, associacions, ve\u00efns, promotors i projectes de tota mena. Concerts, cinema, teatre, exposicions, tallers, mostres, cursos\u2026 s\u00f3n part d\u2019un llarg cat\u00e0leg d\u2019iniciatives que es duen a terme a diferents espais i punts culturals del municipi. Vegem quins s\u00f3n.\" \/>\n<meta property=\"og:url\" content=\"https:\/\/www.santjosep.net\/ca\/7-espais-culturals-a-sant-josep\/\" \/>\n<meta property=\"og:site_name\" content=\"Santjosep.net\" \/>\n<meta property=\"article:published_time\" content=\"2021-11-23T08:09:32+00:00\" \/>\n<meta property=\"article:modified_time\" content=\"2021-11-23T09:10:16+00:00\" \/>\n<meta property=\"og:image\" content=\"https:\/\/www.santjosep.net\/wp-content\/uploads\/2021\/11\/auditorio_santjosep_ibiza.png\" \/>\n\t<meta property=\"og:image:width\" content=\"890\" \/>\n\t<meta property=\"og:image:height\" content=\"667\" \/>\n\t<meta property=\"og:image:type\" content=\"image\/png\" \/>\n<meta name=\"author\" content=\"Sant Josep\" \/>\n<meta name=\"twitter:card\" content=\"summary_large_image\" \/>\n<meta name=\"twitter:label1\" content=\"Escrit per\" \/>\n\t<meta name=\"twitter:data1\" content=\"Sant Josep\" \/>\n\t<meta name=\"twitter:label2\" content=\"Temps estimat de lectura\" \/>\n\t<meta name=\"twitter:data2\" content=\"7 minuts\" \/>\n<script type=\"application\/ld+json\" class=\"yoast-schema-graph\">{\"@context\":\"https:\/\/schema.org\",\"@graph\":[{\"@type\":\"WebPage\",\"@id\":\"https:\/\/www.santjosep.net\/ca\/7-espais-culturals-a-sant-josep\/\",\"url\":\"https:\/\/www.santjosep.net\/ca\/7-espais-culturals-a-sant-josep\/\",\"name\":\"7 espais culturals a Sant Josep - Santjosep.net\",\"isPartOf\":{\"@id\":\"https:\/\/www.santjosep.net\/#website\"},\"primaryImageOfPage\":{\"@id\":\"https:\/\/www.santjosep.net\/ca\/7-espais-culturals-a-sant-josep\/#primaryimage\"},\"image\":{\"@id\":\"https:\/\/www.santjosep.net\/ca\/7-espais-culturals-a-sant-josep\/#primaryimage\"},\"thumbnailUrl\":\"https:\/\/www.santjosep.net\/wp-content\/uploads\/2021\/11\/auditorio_santjosep_ibiza.png\",\"datePublished\":\"2021-11-23T08:09:32+00:00\",\"dateModified\":\"2021-11-23T09:10:16+00:00\",\"author\":{\"@id\":\"https:\/\/www.santjosep.net\/#\/schema\/person\/b60e56f94e4e55776eb62bf4293f99b6\"},\"inLanguage\":\"ca\",\"potentialAction\":[{\"@type\":\"ReadAction\",\"target\":[\"https:\/\/www.santjosep.net\/ca\/7-espais-culturals-a-sant-josep\/\"]}]},{\"@type\":\"ImageObject\",\"inLanguage\":\"ca\",\"@id\":\"https:\/\/www.santjosep.net\/ca\/7-espais-culturals-a-sant-josep\/#primaryimage\",\"url\":\"https:\/\/www.santjosep.net\/wp-content\/uploads\/2021\/11\/auditorio_santjosep_ibiza.png\",\"contentUrl\":\"https:\/\/www.santjosep.net\/wp-content\/uploads\/2021\/11\/auditorio_santjosep_ibiza.png\",\"width\":890,\"height\":667},{\"@type\":\"WebSite\",\"@id\":\"https:\/\/www.santjosep.net\/#website\",\"url\":\"https:\/\/www.santjosep.net\/\",\"name\":\"Santjosep.net\",\"description\":\"\",\"potentialAction\":[{\"@type\":\"SearchAction\",\"target\":{\"@type\":\"EntryPoint\",\"urlTemplate\":\"https:\/\/www.santjosep.net\/?s={search_term_string}\"},\"query-input\":{\"@type\":\"PropertyValueSpecification\",\"valueRequired\":true,\"valueName\":\"search_term_string\"}}],\"inLanguage\":\"ca\"},{\"@type\":\"Person\",\"@id\":\"https:\/\/www.santjosep.net\/#\/schema\/person\/b60e56f94e4e55776eb62bf4293f99b6\",\"name\":\"Sant Josep\",\"image\":{\"@type\":\"ImageObject\",\"inLanguage\":\"ca\",\"@id\":\"https:\/\/www.santjosep.net\/#\/schema\/person\/image\/\",\"url\":\"https:\/\/secure.gravatar.com\/avatar\/2f4071817a97d2499c5aae9674ee15015b5a3c7c0974ca84f095a8e4aadcda56?s=96&d=mm&r=g\",\"contentUrl\":\"https:\/\/secure.gravatar.com\/avatar\/2f4071817a97d2499c5aae9674ee15015b5a3c7c0974ca84f095a8e4aadcda56?s=96&d=mm&r=g\",\"caption\":\"Sant Josep\"},\"url\":\"https:\/\/www.santjosep.net\/ca\/author\/fugrafic\/\"}]}<\/script>\n<!-- \/ Yoast SEO plugin. -->","yoast_head_json":{"title":"7 espais culturals a Sant Josep - Santjosep.net","robots":{"index":"index","follow":"follow","max-snippet":"max-snippet:-1","max-image-preview":"max-image-preview:large","max-video-preview":"max-video-preview:-1"},"canonical":"https:\/\/www.santjosep.net\/ca\/7-espais-culturals-a-sant-josep\/","og_locale":"ca_ES","og_type":"article","og_title":"7 espais culturals a Sant Josep - Santjosep.net","og_description":"Sant Josep ofereix una completa activitat cultural durant tot l\u2019any, en la qual s\u2019involucren artistes i artesans, associacions, ve\u00efns, promotors i projectes de tota mena. Concerts, cinema, teatre, exposicions, tallers, mostres, cursos\u2026 s\u00f3n part d\u2019un llarg cat\u00e0leg d\u2019iniciatives que es duen a terme a diferents espais i punts culturals del municipi. Vegem quins s\u00f3n.","og_url":"https:\/\/www.santjosep.net\/ca\/7-espais-culturals-a-sant-josep\/","og_site_name":"Santjosep.net","article_published_time":"2021-11-23T08:09:32+00:00","article_modified_time":"2021-11-23T09:10:16+00:00","og_image":[{"width":890,"height":667,"url":"https:\/\/www.santjosep.net\/wp-content\/uploads\/2021\/11\/auditorio_santjosep_ibiza.png","type":"image\/png"}],"author":"Sant Josep","twitter_card":"summary_large_image","twitter_misc":{"Escrit per":"Sant Josep","Temps estimat de lectura":"7 minuts"},"schema":{"@context":"https:\/\/schema.org","@graph":[{"@type":"WebPage","@id":"https:\/\/www.santjosep.net\/ca\/7-espais-culturals-a-sant-josep\/","url":"https:\/\/www.santjosep.net\/ca\/7-espais-culturals-a-sant-josep\/","name":"7 espais culturals a Sant Josep - Santjosep.net","isPartOf":{"@id":"https:\/\/www.santjosep.net\/#website"},"primaryImageOfPage":{"@id":"https:\/\/www.santjosep.net\/ca\/7-espais-culturals-a-sant-josep\/#primaryimage"},"image":{"@id":"https:\/\/www.santjosep.net\/ca\/7-espais-culturals-a-sant-josep\/#primaryimage"},"thumbnailUrl":"https:\/\/www.santjosep.net\/wp-content\/uploads\/2021\/11\/auditorio_santjosep_ibiza.png","datePublished":"2021-11-23T08:09:32+00:00","dateModified":"2021-11-23T09:10:16+00:00","author":{"@id":"https:\/\/www.santjosep.net\/#\/schema\/person\/b60e56f94e4e55776eb62bf4293f99b6"},"inLanguage":"ca","potentialAction":[{"@type":"ReadAction","target":["https:\/\/www.santjosep.net\/ca\/7-espais-culturals-a-sant-josep\/"]}]},{"@type":"ImageObject","inLanguage":"ca","@id":"https:\/\/www.santjosep.net\/ca\/7-espais-culturals-a-sant-josep\/#primaryimage","url":"https:\/\/www.santjosep.net\/wp-content\/uploads\/2021\/11\/auditorio_santjosep_ibiza.png","contentUrl":"https:\/\/www.santjosep.net\/wp-content\/uploads\/2021\/11\/auditorio_santjosep_ibiza.png","width":890,"height":667},{"@type":"WebSite","@id":"https:\/\/www.santjosep.net\/#website","url":"https:\/\/www.santjosep.net\/","name":"Santjosep.net","description":"","potentialAction":[{"@type":"SearchAction","target":{"@type":"EntryPoint","urlTemplate":"https:\/\/www.santjosep.net\/?s={search_term_string}"},"query-input":{"@type":"PropertyValueSpecification","valueRequired":true,"valueName":"search_term_string"}}],"inLanguage":"ca"},{"@type":"Person","@id":"https:\/\/www.santjosep.net\/#\/schema\/person\/b60e56f94e4e55776eb62bf4293f99b6","name":"Sant Josep","image":{"@type":"ImageObject","inLanguage":"ca","@id":"https:\/\/www.santjosep.net\/#\/schema\/person\/image\/","url":"https:\/\/secure.gravatar.com\/avatar\/2f4071817a97d2499c5aae9674ee15015b5a3c7c0974ca84f095a8e4aadcda56?s=96&d=mm&r=g","contentUrl":"https:\/\/secure.gravatar.com\/avatar\/2f4071817a97d2499c5aae9674ee15015b5a3c7c0974ca84f095a8e4aadcda56?s=96&d=mm&r=g","caption":"Sant Josep"},"url":"https:\/\/www.santjosep.net\/ca\/author\/fugrafic\/"}]}},"_links":{"self":[{"href":"https:\/\/www.santjosep.net\/ca\/wp-json\/wp\/v2\/posts\/22324","targetHints":{"allow":["GET"]}}],"collection":[{"href":"https:\/\/www.santjosep.net\/ca\/wp-json\/wp\/v2\/posts"}],"about":[{"href":"https:\/\/www.santjosep.net\/ca\/wp-json\/wp\/v2\/types\/post"}],"author":[{"embeddable":true,"href":"https:\/\/www.santjosep.net\/ca\/wp-json\/wp\/v2\/users\/1"}],"replies":[{"embeddable":true,"href":"https:\/\/www.santjosep.net\/ca\/wp-json\/wp\/v2\/comments?post=22324"}],"version-history":[{"count":0,"href":"https:\/\/www.santjosep.net\/ca\/wp-json\/wp\/v2\/posts\/22324\/revisions"}],"wp:featuredmedia":[{"embeddable":true,"href":"https:\/\/www.santjosep.net\/ca\/wp-json\/wp\/v2\/media\/26834"}],"wp:attachment":[{"href":"https:\/\/www.santjosep.net\/ca\/wp-json\/wp\/v2\/media?parent=22324"}],"wp:term":[{"taxonomy":"category","embeddable":true,"href":"https:\/\/www.santjosep.net\/ca\/wp-json\/wp\/v2\/categories?post=22324"},{"taxonomy":"post_tag","embeddable":true,"href":"https:\/\/www.santjosep.net\/ca\/wp-json\/wp\/v2\/tags?post=22324"}],"curies":[{"name":"wp","href":"https:\/\/api.w.org\/{rel}","templated":true}]}}