{"id":20385,"date":"2019-12-22T16:59:37","date_gmt":"2019-12-22T15:59:37","guid":{"rendered":"https:\/\/www.santjosep.net\/las-mejores-vistas-panoramicas-del-municipio-de-sant-josep\/"},"modified":"2020-01-22T17:50:33","modified_gmt":"2020-01-22T16:50:33","slug":"les-millors-vistes-panoramiques-del-municipi-de-sant-josep","status":"publish","type":"post","link":"https:\/\/www.santjosep.net\/ca\/les-millors-vistes-panoramiques-del-municipi-de-sant-josep\/","title":{"rendered":"Les millors vistes panor\u00e0miques del municipi de Sant Josep"},"content":{"rendered":"<p>Sant Josep de sa Talaia presenta, en els seus 154 km\u00b2, tot un cat\u00e0leg d\u2019atractius naturals que van m\u00e9s enll\u00e0 de les 32 platges i els m\u00e9s de 80 km de costa que cont\u00e9. Cada any, milers de visitants es dirigeixen al municipi m\u00e9s gran de l\u2019illa a la recerca d\u2019una bellesa natural que tamb\u00e9 s\u2019est\u00e9n pel seu interior, els seus boscos, muntanyes, camps i valls. Un tresor natural que va acompanyat d\u2019un ric patrimoni cultural que reflecteix segles d\u2019hist\u00f2ria en un indret que va ser una cru\u00eflla de cultures i civilitzacions molt diverses. \u00c9s possible contemplar i descobrir aquesta riquesa a cada poble, cada cam\u00ed, cada esgl\u00e9sia, cada platja, de punt a punt i pas rere pas. Per\u00f2 sens dubte, una de les millors maneres de tenir una visi\u00f3 m\u00e9s \u00e0mplia, literalment, \u00e9s aprofitar les innumerables talaies i punts d\u2019observaci\u00f3 des dels quals, amb poc esfor\u00e7, el visitant pot gaudir d\u2019\u00e0mplies panor\u00e0miques dels paisatges que conformen les terres i les aig\u00fces de Sant Josep. Recorrem alguns d\u2019aquests indrets i sapiguem quina vista es pot contemplar des de cadascun.<\/p>\n<p>&nbsp;<\/p>\n<h2>Sa Talaia<\/h2>\n<p>Sa Talaia, a prop del poble de Sant Josep, s\u2019erigeix \u2013amb els seus 475 metres\u2013 com el punt m\u00e9s alt del municipi i de l\u2019illa d\u2019Eivissa. Des del seu cim, de f\u00e0cil acc\u00e9s per un cam\u00ed ben indicat, el visitant t\u00e9 una perspectiva espl\u00e8ndida cap als quatre punts cardinals de l\u2019illa. Tanmateix, les vistes m\u00e9s espectaculars s\u00f3n b\u00e0sicament les que es projecten cap a Ponent, on podem apreciar, si mirem cap a la nostra dreta, la gran badia de Sant Antoni, amb el cap Non\u00f3 destacant al fons, i al bell mig el preci\u00f3s conglomerat d\u2019illes que formen els illots de Ponent, que inclouen sa Conillera, s\u2019Espartar i s\u2019Illa des Bosc. No cal dir que les postes de sol des del cim de sa Talaia s\u00f3n un dels grans al\u00b7licients del passeig. Cap al sud, d\u2019altra banda, les vistes arriben als estanys de ses Salines, antecedits per la platja des Codolar i els grans penya-segats de la serra que la separa de la platja de ses Salines. Al fons, el passeig mar\u00edtim dels Freus, amb l\u2019illot d\u2019Espalmador i l\u2019illa de Formentera ocupant una \u00e0mplia extensi\u00f3 de la l\u00ednia de l\u2019horitz\u00f3.<\/p>\n<style>#jtg-20164 .modula-item .jtg-social a, .lightbox-socials.jtg-social a{ fill: #ffffff; color: #ffffff }#jtg-20164 .modula-item .jtg-social-mobile a{ fill: #ffffff; color: #ffffff }#jtg-20164 .modula-item .jtg-social svg, .lightbox-socials.jtg-social svg { height: 16px; width: 16px }#jtg-20164 .modula-item .jtg-social-mobile svg { height: 16px; width: 16px }#jtg-20164 .modula-item .jtg-social a:not(:last-child), .lightbox-socials.jtg-social a:not(:last-child) { margin-right: 10px }#jtg-20164 .modula-item .jtg-social-mobile .jtg-social-mobile-icons a:not(:last-child){ margin-right: 10px }#jtg-20164 .modula-item .figc {color:#ffffff;}#jtg-20164 .modula-item .modula-item-content { transform: scale(1) }#jtg-20164 .modula-items .figc p.description { font-size:14px; }#jtg-20164 .modula-items .figc p.description { color:#ffffff;}#jtg-20164.modula-gallery .modula-item > a, #jtg-20164.modula-gallery .modula-item, #jtg-20164.modula-gallery .modula-item-content > a:not(.modula-no-follow) { cursor:zoom-in; } #jtg-20164.modula-gallery .modula-item-content .modula-no-follow { cursor: default; } @media screen and (max-width:480px){#jtg-20164 .modula-item .figc .jtg-title {  font-size: 12px; }#jtg-20164 .modula-items .figc p.description { color:#ffffff;font-size:10px; }}#jtg-20164 .modula-items .modula-item:hover img{opacity:1;}<\/style>\n<div  id=\"jtg-20164\" class=\"modula modula-gallery modula-custom-grid\" data-config=\"{&quot;height&quot;:800,&quot;tabletHeight&quot;:800,&quot;mobileHeight&quot;:800,&quot;desktopHeight&quot;:800,&quot;enableTwitter&quot;:true,&quot;enableWhatsapp&quot;:false,&quot;enableFacebook&quot;:true,&quot;enablePinterest&quot;:true,&quot;enableLinkedin&quot;:true,&quot;enableEmail&quot;:false,&quot;randomFactor&quot;:0.5,&quot;type&quot;:&quot;custom-grid&quot;,&quot;columns&quot;:12,&quot;gutter&quot;:0,&quot;mobileGutter&quot;:0,&quot;tabletGutter&quot;:0,&quot;desktopGutter&quot;:0,&quot;enableResponsive&quot;:&quot;1&quot;,&quot;tabletColumns&quot;:&quot;2&quot;,&quot;mobileColumns&quot;:&quot;1&quot;,&quot;lazyLoad&quot;:&quot;0&quot;,&quot;lightboxOpts&quot;:{&quot;animated&quot;:true,&quot;Thumbs&quot;:{&quot;type&quot;:&quot;modern&quot;,&quot;showOnStart&quot;:false},&quot;Toolbar&quot;:{&quot;display&quot;:{&quot;right&quot;:[&quot;close&quot;]},&quot;enabled&quot;:true},&quot;Carousel&quot;:{&quot;Panzoom&quot;:{&quot;touch&quot;:false},&quot;infinite&quot;:false},&quot;keyboard&quot;:{&quot;Escape&quot;:&quot;close&quot;,&quot;Delete&quot;:&quot;close&quot;,&quot;Backspace&quot;:&quot;close&quot;,&quot;PageUp&quot;:false,&quot;PageDown&quot;:false,&quot;ArrowUp&quot;:false,&quot;ArrowDown&quot;:false,&quot;ArrowRight&quot;:false,&quot;ArrowLeft&quot;:false},&quot;touch&quot;:false,&quot;backdropClick&quot;:false,&quot;l10n&quot;:{&quot;CLOSE&quot;:&quot;Close&quot;,&quot;NEXT&quot;:&quot;Next&quot;,&quot;PREV&quot;:&quot;Previous&quot;,&quot;Error&quot;:&quot;The requested content cannot be loaded. Please try again later.&quot;,&quot;PLAY_START&quot;:&quot;Start slideshow&quot;,&quot;PLAY_STOP&quot;:&quot;Pause slideshow&quot;,&quot;FULL_SCREEN&quot;:&quot;Full screen&quot;,&quot;THUMBS&quot;:&quot;Thumbnails&quot;,&quot;DOWNLOAD&quot;:&quot;Download&quot;,&quot;SHARE&quot;:&quot;Share&quot;,&quot;ZOOM&quot;:&quot;Zoom&quot;,&quot;EMAIL&quot;:&quot;Here is the link to the image : %%image_link%% and this is the link to the gallery : %%gallery_link%%&quot;,&quot;MODAL&quot;:&quot;You can close this modal content with the ESC key&quot;,&quot;ERROR&quot;:&quot;Something Went Wrong, Please Try Again Later&quot;,&quot;IMAGE_ERROR&quot;:&quot;Image Not Found&quot;,&quot;ELEMENT_NOT_FOUND&quot;:&quot;HTML Element Not Found&quot;,&quot;AJAX_NOT_FOUND&quot;:&quot;Error Loading AJAX : Not Found&quot;,&quot;AJAX_FORBIDDEN&quot;:&quot;Error Loading AJAX : Forbidden&quot;,&quot;IFRAME_ERROR&quot;:&quot;Error Loading Page&quot;,&quot;TOGGLE_ZOOM&quot;:&quot;Toggle zoom level&quot;,&quot;TOGGLE_THUMBS&quot;:&quot;Toggle thumbnails&quot;,&quot;TOGGLE_SLIDESHOW&quot;:&quot;Toggle slideshow&quot;,&quot;TOGGLE_FULLSCREEN&quot;:&quot;Toggle full-screen mode&quot;},&quot;Images&quot;:{&quot;Panzoom&quot;:{&quot;maxScale&quot;:2}},&quot;mainClass&quot;:&quot;modula-fancybox-container modula-lightbox-jtg-20164&quot;,&quot;Html&quot;:{&quot;videoAutoplay&quot;:0,&quot;videoTpl&quot;:&quot;&lt;video class=\\&quot;fancybox__html5video\\&quot; controls muted playsinline controlsList controlsList=\\&quot;nodownload\\&quot; poster=\\&quot;{{poster}}\\&quot; src=\\&quot;{{src}}\\&quot; type=\\&quot;{{format}}\\&quot; &gt;  Sorry, your browser doesn&#039;t support embedded videos, &lt;a href=\\&quot;{{src}}\\&quot;&gt; download &lt;\\\/a&gt; and watch with your favorite video player! &lt;\\\/video&gt;&quot;}},&quot;inView&quot;:false,&quot;email_subject&quot;:&quot;Check out this awesome image !!&quot;,&quot;email_message&quot;:&quot;Here is the link to the image : %%image_link%% and this is the link to the gallery : %%gallery_link%%&quot;,&quot;lightbox&quot;:&quot;fancybox&quot;}\">\n\n\t\n\t<div  class=\"modula-items\">\n\t\t<div class=\"modula-item\" data-width=\"12\" data-height=\"7\" >\n\t<div class=\"modula-item-content\">\n\t\t\n\t\t\t\t\t<a data-image-id=\"20178\" tabindex=\"0\" rel=\"jtg-20164\" data-caption=\"\" aria-label=\"Open image in lightbox\" role=\"button\" class=\"tile-inner modula-item-link\"><\/a>\n\t\t\n\t\t<img loading=\"lazy\" decoding=\"async\" class=\"pic wp-image-20178\"  data-valign=\"middle\" data-halign=\"center\" alt=\"\" data-full=\"https:\/\/www.santjosep.net\/wp-content\/uploads\/2020\/01\/MG_4787.jpg\" title=\"MG_4787\" width=\"1500\" height=\"1000\" src=\"https:\/\/www.santjosep.net\/wp-content\/uploads\/2020\/01\/MG_4787.jpg\" data-src=\"https:\/\/www.santjosep.net\/wp-content\/uploads\/2020\/01\/MG_4787.jpg\" data-caption=\"\" srcset=\"https:\/\/www.santjosep.net\/wp-content\/uploads\/2020\/01\/MG_4787.jpg 1500w, https:\/\/www.santjosep.net\/wp-content\/uploads\/2020\/01\/MG_4787-300x200.jpg 300w, https:\/\/www.santjosep.net\/wp-content\/uploads\/2020\/01\/MG_4787-1024x683.jpg 1024w, https:\/\/www.santjosep.net\/wp-content\/uploads\/2020\/01\/MG_4787-768x512.jpg 768w\" sizes=\"auto, (max-width: 1500px) 100vw, 1500px\" \/>\n\t<\/div>\n\n<\/div><div class=\"modula-item\" data-width=\"6\" data-height=\"5\" >\n\t<div class=\"modula-item-content\">\n\t\t\n\t\t\t\t\t<a data-image-id=\"20173\" tabindex=\"0\" rel=\"jtg-20164\" data-caption=\"\" aria-label=\"Open image in lightbox\" role=\"button\" class=\"tile-inner modula-item-link\"><\/a>\n\t\t\n\t\t<img loading=\"lazy\" decoding=\"async\" class=\"pic wp-image-20173\"  data-valign=\"middle\" data-halign=\"center\" alt=\"\" data-full=\"https:\/\/www.santjosep.net\/wp-content\/uploads\/2020\/01\/MG_0418-3.jpg\" title=\"MG_0418-3\" width=\"1500\" height=\"1000\" src=\"https:\/\/www.santjosep.net\/wp-content\/uploads\/2020\/01\/MG_0418-3.jpg\" data-src=\"https:\/\/www.santjosep.net\/wp-content\/uploads\/2020\/01\/MG_0418-3.jpg\" data-caption=\"\" srcset=\"https:\/\/www.santjosep.net\/wp-content\/uploads\/2020\/01\/MG_0418-3.jpg 1500w, https:\/\/www.santjosep.net\/wp-content\/uploads\/2020\/01\/MG_0418-3-300x200.jpg 300w, https:\/\/www.santjosep.net\/wp-content\/uploads\/2020\/01\/MG_0418-3-1024x683.jpg 1024w, https:\/\/www.santjosep.net\/wp-content\/uploads\/2020\/01\/MG_0418-3-768x512.jpg 768w\" sizes=\"auto, (max-width: 1500px) 100vw, 1500px\" \/>\n\t<\/div>\n\n<\/div><div class=\"modula-item\" data-width=\"6\" data-height=\"5\" >\n\t<div class=\"modula-item-content\">\n\t\t\n\t\t\t\t\t<a data-image-id=\"20168\" tabindex=\"0\" rel=\"jtg-20164\" data-caption=\"\" aria-label=\"Open image in lightbox\" role=\"button\" class=\"tile-inner modula-item-link\"><\/a>\n\t\t\n\t\t<img loading=\"lazy\" decoding=\"async\" class=\"pic wp-image-20168\"  data-valign=\"middle\" data-halign=\"center\" alt=\"\" data-full=\"https:\/\/www.santjosep.net\/wp-content\/uploads\/2020\/01\/atalaia_santantoni_IMG_4751.jpg\" title=\"atalaia_santantoni_IMG_4751\" width=\"1500\" height=\"1000\" src=\"https:\/\/www.santjosep.net\/wp-content\/uploads\/2020\/01\/atalaia_santantoni_IMG_4751.jpg\" data-src=\"https:\/\/www.santjosep.net\/wp-content\/uploads\/2020\/01\/atalaia_santantoni_IMG_4751.jpg\" data-caption=\"\" srcset=\"https:\/\/www.santjosep.net\/wp-content\/uploads\/2020\/01\/atalaia_santantoni_IMG_4751.jpg 1500w, https:\/\/www.santjosep.net\/wp-content\/uploads\/2020\/01\/atalaia_santantoni_IMG_4751-300x200.jpg 300w, https:\/\/www.santjosep.net\/wp-content\/uploads\/2020\/01\/atalaia_santantoni_IMG_4751-1024x683.jpg 1024w, https:\/\/www.santjosep.net\/wp-content\/uploads\/2020\/01\/atalaia_santantoni_IMG_4751-768x512.jpg 768w\" sizes=\"auto, (max-width: 1500px) 100vw, 1500px\" \/>\n\t<\/div>\n\n<\/div>\t\t\n\t<\/div>\n\n\t\n\t\n\t<script type=\"application\/ld+json\">\n\t{\n\t\t\"@context\": \"http:\/\/schema.org\",\n\t\t\"@type\"   : \"ImageGallery\",\n\t\t\"id\"      : \"https:\/\/www.santjosep.net\/ca\/les-millors-vistes-panoramiques-del-municipi-de-sant-josep\/\",\n\t\t\"url\"     : \"https:\/\/www.santjosep.net\/ca\/les-millors-vistes-panoramiques-del-municipi-de-sant-josep\/\"\n\t}\n\n\t<\/script>\n\n\t\n<\/div>\n\n<p>&nbsp;<\/p>\n<h2>Puig d\u2019en Serra<\/h2>\n<p>Aquest mass\u00eds muntany\u00f3s es troba al davant de la poblaci\u00f3 des Cubells i s\u2019hi accedeix per un trencall situat a la carretera que uneix aquest nucli rural tan buf\u00f3 amb cala d\u2019Hort. L\u2019esfor\u00e7 de la pujada queda \u00e0mpliament recompensat amb les vistes excepcionals sobre la costa sud del municipi, comen\u00e7ant pels camps cultivats que precedeixen els penya-segats des Cubells i prolongant-se fins a punts costaners caracteritzats per cingles mar\u00edtims agrestos i verticals. S\u2019albira perfectament la badia de Porroig, el penya-segat que presideix cala Jondal, els estanys saliners i la platja des Codolar que dona pas a les espectaculars parets de pedra dels penya-segats que remata cap des Falc\u00f3. M\u00e9s enll\u00e0, els illots que separen Eivissa de Formentera i aquesta, presidint el fons sobre el blau del mar.<\/p>\n<style>#jtg-20165 .modula-item .jtg-social a, .lightbox-socials.jtg-social a{ fill: #ffffff; color: #ffffff }#jtg-20165 .modula-item .jtg-social-mobile a{ fill: #ffffff; color: #ffffff }#jtg-20165 .modula-item .jtg-social svg, .lightbox-socials.jtg-social svg { height: 16px; width: 16px }#jtg-20165 .modula-item .jtg-social-mobile svg { height: 16px; width: 16px }#jtg-20165 .modula-item .jtg-social a:not(:last-child), .lightbox-socials.jtg-social a:not(:last-child) { margin-right: 10px }#jtg-20165 .modula-item .jtg-social-mobile .jtg-social-mobile-icons a:not(:last-child){ margin-right: 10px }#jtg-20165 .modula-item .figc {color:#ffffff;}#jtg-20165 .modula-item .modula-item-content { transform: scale(1) }#jtg-20165 .modula-items .figc p.description { font-size:14px; }#jtg-20165 .modula-items .figc p.description { color:#ffffff;}#jtg-20165.modula-gallery .modula-item > a, #jtg-20165.modula-gallery .modula-item, #jtg-20165.modula-gallery .modula-item-content > a:not(.modula-no-follow) { cursor:zoom-in; } #jtg-20165.modula-gallery .modula-item-content .modula-no-follow { cursor: default; } @media screen and (max-width:480px){#jtg-20165 .modula-item .figc .jtg-title {  font-size: 12px; }#jtg-20165 .modula-items .figc p.description { color:#ffffff;font-size:10px; }}#jtg-20165 .modula-items .modula-item:hover img{opacity:1;}<\/style>\n<div  id=\"jtg-20165\" class=\"modula modula-gallery modula-custom-grid\" data-config=\"{&quot;height&quot;:800,&quot;tabletHeight&quot;:800,&quot;mobileHeight&quot;:800,&quot;desktopHeight&quot;:800,&quot;enableTwitter&quot;:true,&quot;enableWhatsapp&quot;:false,&quot;enableFacebook&quot;:true,&quot;enablePinterest&quot;:true,&quot;enableLinkedin&quot;:true,&quot;enableEmail&quot;:false,&quot;randomFactor&quot;:0.5,&quot;type&quot;:&quot;custom-grid&quot;,&quot;columns&quot;:12,&quot;gutter&quot;:0,&quot;mobileGutter&quot;:0,&quot;tabletGutter&quot;:0,&quot;desktopGutter&quot;:0,&quot;enableResponsive&quot;:&quot;1&quot;,&quot;tabletColumns&quot;:&quot;2&quot;,&quot;mobileColumns&quot;:&quot;1&quot;,&quot;lazyLoad&quot;:&quot;0&quot;,&quot;lightboxOpts&quot;:{&quot;animated&quot;:true,&quot;Thumbs&quot;:{&quot;type&quot;:&quot;modern&quot;,&quot;showOnStart&quot;:false},&quot;Toolbar&quot;:{&quot;display&quot;:{&quot;right&quot;:[&quot;close&quot;]},&quot;enabled&quot;:true},&quot;Carousel&quot;:{&quot;Panzoom&quot;:{&quot;touch&quot;:false},&quot;infinite&quot;:false},&quot;keyboard&quot;:{&quot;Escape&quot;:&quot;close&quot;,&quot;Delete&quot;:&quot;close&quot;,&quot;Backspace&quot;:&quot;close&quot;,&quot;PageUp&quot;:false,&quot;PageDown&quot;:false,&quot;ArrowUp&quot;:false,&quot;ArrowDown&quot;:false,&quot;ArrowRight&quot;:false,&quot;ArrowLeft&quot;:false},&quot;touch&quot;:false,&quot;backdropClick&quot;:false,&quot;l10n&quot;:{&quot;CLOSE&quot;:&quot;Close&quot;,&quot;NEXT&quot;:&quot;Next&quot;,&quot;PREV&quot;:&quot;Previous&quot;,&quot;Error&quot;:&quot;The requested content cannot be loaded. Please try again later.&quot;,&quot;PLAY_START&quot;:&quot;Start slideshow&quot;,&quot;PLAY_STOP&quot;:&quot;Pause slideshow&quot;,&quot;FULL_SCREEN&quot;:&quot;Full screen&quot;,&quot;THUMBS&quot;:&quot;Thumbnails&quot;,&quot;DOWNLOAD&quot;:&quot;Download&quot;,&quot;SHARE&quot;:&quot;Share&quot;,&quot;ZOOM&quot;:&quot;Zoom&quot;,&quot;EMAIL&quot;:&quot;Here is the link to the image : %%image_link%% and this is the link to the gallery : %%gallery_link%%&quot;,&quot;MODAL&quot;:&quot;You can close this modal content with the ESC key&quot;,&quot;ERROR&quot;:&quot;Something Went Wrong, Please Try Again Later&quot;,&quot;IMAGE_ERROR&quot;:&quot;Image Not Found&quot;,&quot;ELEMENT_NOT_FOUND&quot;:&quot;HTML Element Not Found&quot;,&quot;AJAX_NOT_FOUND&quot;:&quot;Error Loading AJAX : Not Found&quot;,&quot;AJAX_FORBIDDEN&quot;:&quot;Error Loading AJAX : Forbidden&quot;,&quot;IFRAME_ERROR&quot;:&quot;Error Loading Page&quot;,&quot;TOGGLE_ZOOM&quot;:&quot;Toggle zoom level&quot;,&quot;TOGGLE_THUMBS&quot;:&quot;Toggle thumbnails&quot;,&quot;TOGGLE_SLIDESHOW&quot;:&quot;Toggle slideshow&quot;,&quot;TOGGLE_FULLSCREEN&quot;:&quot;Toggle full-screen mode&quot;},&quot;Images&quot;:{&quot;Panzoom&quot;:{&quot;maxScale&quot;:2}},&quot;mainClass&quot;:&quot;modula-fancybox-container modula-lightbox-jtg-20165&quot;,&quot;Html&quot;:{&quot;videoAutoplay&quot;:0,&quot;videoTpl&quot;:&quot;&lt;video class=\\&quot;fancybox__html5video\\&quot; controls muted playsinline controlsList controlsList=\\&quot;nodownload\\&quot; poster=\\&quot;{{poster}}\\&quot; src=\\&quot;{{src}}\\&quot; type=\\&quot;{{format}}\\&quot; &gt;  Sorry, your browser doesn&#039;t support embedded videos, &lt;a href=\\&quot;{{src}}\\&quot;&gt; download &lt;\\\/a&gt; and watch with your favorite video player! &lt;\\\/video&gt;&quot;}},&quot;inView&quot;:false,&quot;email_subject&quot;:&quot;Check out this awesome image !!&quot;,&quot;email_message&quot;:&quot;Here is the link to the image : %%image_link%% and this is the link to the gallery : %%gallery_link%%&quot;,&quot;lightbox&quot;:&quot;fancybox&quot;}\">\n\n\t\n\t<div  class=\"modula-items\">\n\t\t<div class=\"modula-item\" data-width=\"12\" data-height=\"8\" >\n\t<div class=\"modula-item-content\">\n\t\t\n\t\t\t\t\t<a data-image-id=\"20187\" tabindex=\"0\" rel=\"jtg-20165\" data-caption=\"\" aria-label=\"Open image in lightbox\" role=\"button\" class=\"tile-inner modula-item-link\"><\/a>\n\t\t\n\t\t<img loading=\"lazy\" decoding=\"async\" class=\"pic wp-image-20187\"  data-valign=\"middle\" data-halign=\"center\" alt=\"\" data-full=\"https:\/\/www.santjosep.net\/wp-content\/uploads\/2020\/01\/JI_0081.jpg\" title=\"JI_0081\" width=\"1500\" height=\"1124\" src=\"https:\/\/www.santjosep.net\/wp-content\/uploads\/2020\/01\/JI_0081.jpg\" data-src=\"https:\/\/www.santjosep.net\/wp-content\/uploads\/2020\/01\/JI_0081.jpg\" data-caption=\"\" srcset=\"https:\/\/www.santjosep.net\/wp-content\/uploads\/2020\/01\/JI_0081.jpg 1500w, https:\/\/www.santjosep.net\/wp-content\/uploads\/2020\/01\/JI_0081-300x225.jpg 300w, https:\/\/www.santjosep.net\/wp-content\/uploads\/2020\/01\/JI_0081-1024x767.jpg 1024w, https:\/\/www.santjosep.net\/wp-content\/uploads\/2020\/01\/JI_0081-768x575.jpg 768w, https:\/\/www.santjosep.net\/wp-content\/uploads\/2020\/01\/JI_0081-800x600.jpg 800w\" sizes=\"auto, (max-width: 1500px) 100vw, 1500px\" \/>\n\t<\/div>\n\n<\/div>\t\t\n\t<\/div>\n\n\t\n\t\n\t<script type=\"application\/ld+json\">\n\t{\n\t\t\"@context\": \"http:\/\/schema.org\",\n\t\t\"@type\"   : \"ImageGallery\",\n\t\t\"id\"      : \"https:\/\/www.santjosep.net\/ca\/les-millors-vistes-panoramiques-del-municipi-de-sant-josep\/\",\n\t\t\"url\"     : \"https:\/\/www.santjosep.net\/ca\/les-millors-vistes-panoramiques-del-municipi-de-sant-josep\/\"\n\t}\n\n\t<\/script>\n\n\t\n<\/div>\n\n<p>&nbsp;<\/p>\n<h2>Torre des Savinar<\/h2>\n<p>Una de les vistes ic\u00f2niques de l\u2019illa i una de les imatges m\u00e9s difoses internacionalment \u00e9s la que es pot contemplar des d\u2019aquest balc\u00f3 privilegiat ple d\u2019hist\u00f2ria i m\u00edstica. Una senda tortuosa ens porta, vorejant els alts que limiten amb el mar a la zona de cala d\u2019Hort, fins a una torre de guaita del segle xviii, que tamb\u00e9 \u00e9s coneguda amb l\u2019evocador nom de torre del Pirata. Penjada pr\u00e0cticament sobre l\u2019extrem del penya-segat, la torre es projecta cap al blau intens del mar i sobre l\u2019espectacular figura dels illots des Vedr\u00e0 i es Vedranell. La impressionant mola del primer capta tota l\u2019atenci\u00f3 visual, i la torre es revela com el decorat perfecte per a la contemplaci\u00f3 del Mediterrani i de belles postes de sol.<\/p>\n<style>#jtg-20166 .modula-item .jtg-social a, .lightbox-socials.jtg-social a{ fill: #ffffff; color: #ffffff }#jtg-20166 .modula-item .jtg-social-mobile a{ fill: #ffffff; color: #ffffff }#jtg-20166 .modula-item .jtg-social svg, .lightbox-socials.jtg-social svg { height: 16px; width: 16px }#jtg-20166 .modula-item .jtg-social-mobile svg { height: 16px; width: 16px }#jtg-20166 .modula-item .jtg-social a:not(:last-child), .lightbox-socials.jtg-social a:not(:last-child) { margin-right: 10px }#jtg-20166 .modula-item .jtg-social-mobile .jtg-social-mobile-icons a:not(:last-child){ margin-right: 10px }#jtg-20166 .modula-item .figc {color:#ffffff;}#jtg-20166 .modula-item .modula-item-content { transform: scale(1) }#jtg-20166 .modula-items .figc p.description { font-size:14px; }#jtg-20166 .modula-items .figc p.description { color:#ffffff;}#jtg-20166.modula-gallery .modula-item > a, #jtg-20166.modula-gallery .modula-item, #jtg-20166.modula-gallery .modula-item-content > a:not(.modula-no-follow) { cursor:zoom-in; } #jtg-20166.modula-gallery .modula-item-content .modula-no-follow { cursor: default; } @media screen and (max-width:480px){#jtg-20166 .modula-item .figc .jtg-title {  font-size: 12px; }#jtg-20166 .modula-items .figc p.description { color:#ffffff;font-size:10px; }}#jtg-20166 .modula-items .modula-item:hover img{opacity:1;}<\/style>\n<div  id=\"jtg-20166\" class=\"modula modula-gallery modula-custom-grid\" data-config=\"{&quot;height&quot;:800,&quot;tabletHeight&quot;:800,&quot;mobileHeight&quot;:800,&quot;desktopHeight&quot;:800,&quot;enableTwitter&quot;:true,&quot;enableWhatsapp&quot;:false,&quot;enableFacebook&quot;:true,&quot;enablePinterest&quot;:true,&quot;enableLinkedin&quot;:true,&quot;enableEmail&quot;:false,&quot;randomFactor&quot;:0.5,&quot;type&quot;:&quot;custom-grid&quot;,&quot;columns&quot;:12,&quot;gutter&quot;:0,&quot;mobileGutter&quot;:0,&quot;tabletGutter&quot;:0,&quot;desktopGutter&quot;:0,&quot;enableResponsive&quot;:&quot;1&quot;,&quot;tabletColumns&quot;:&quot;2&quot;,&quot;mobileColumns&quot;:&quot;1&quot;,&quot;lazyLoad&quot;:&quot;0&quot;,&quot;lightboxOpts&quot;:{&quot;animated&quot;:true,&quot;Thumbs&quot;:{&quot;type&quot;:&quot;modern&quot;,&quot;showOnStart&quot;:false},&quot;Toolbar&quot;:{&quot;display&quot;:{&quot;right&quot;:[&quot;close&quot;]},&quot;enabled&quot;:true},&quot;Carousel&quot;:{&quot;Panzoom&quot;:{&quot;touch&quot;:false},&quot;infinite&quot;:false},&quot;keyboard&quot;:{&quot;Escape&quot;:&quot;close&quot;,&quot;Delete&quot;:&quot;close&quot;,&quot;Backspace&quot;:&quot;close&quot;,&quot;PageUp&quot;:false,&quot;PageDown&quot;:false,&quot;ArrowUp&quot;:false,&quot;ArrowDown&quot;:false,&quot;ArrowRight&quot;:false,&quot;ArrowLeft&quot;:false},&quot;touch&quot;:false,&quot;backdropClick&quot;:false,&quot;l10n&quot;:{&quot;CLOSE&quot;:&quot;Close&quot;,&quot;NEXT&quot;:&quot;Next&quot;,&quot;PREV&quot;:&quot;Previous&quot;,&quot;Error&quot;:&quot;The requested content cannot be loaded. Please try again later.&quot;,&quot;PLAY_START&quot;:&quot;Start slideshow&quot;,&quot;PLAY_STOP&quot;:&quot;Pause slideshow&quot;,&quot;FULL_SCREEN&quot;:&quot;Full screen&quot;,&quot;THUMBS&quot;:&quot;Thumbnails&quot;,&quot;DOWNLOAD&quot;:&quot;Download&quot;,&quot;SHARE&quot;:&quot;Share&quot;,&quot;ZOOM&quot;:&quot;Zoom&quot;,&quot;EMAIL&quot;:&quot;Here is the link to the image : %%image_link%% and this is the link to the gallery : %%gallery_link%%&quot;,&quot;MODAL&quot;:&quot;You can close this modal content with the ESC key&quot;,&quot;ERROR&quot;:&quot;Something Went Wrong, Please Try Again Later&quot;,&quot;IMAGE_ERROR&quot;:&quot;Image Not Found&quot;,&quot;ELEMENT_NOT_FOUND&quot;:&quot;HTML Element Not Found&quot;,&quot;AJAX_NOT_FOUND&quot;:&quot;Error Loading AJAX : Not Found&quot;,&quot;AJAX_FORBIDDEN&quot;:&quot;Error Loading AJAX : Forbidden&quot;,&quot;IFRAME_ERROR&quot;:&quot;Error Loading Page&quot;,&quot;TOGGLE_ZOOM&quot;:&quot;Toggle zoom level&quot;,&quot;TOGGLE_THUMBS&quot;:&quot;Toggle thumbnails&quot;,&quot;TOGGLE_SLIDESHOW&quot;:&quot;Toggle slideshow&quot;,&quot;TOGGLE_FULLSCREEN&quot;:&quot;Toggle full-screen mode&quot;},&quot;Images&quot;:{&quot;Panzoom&quot;:{&quot;maxScale&quot;:2}},&quot;mainClass&quot;:&quot;modula-fancybox-container modula-lightbox-jtg-20166&quot;,&quot;Html&quot;:{&quot;videoAutoplay&quot;:0,&quot;videoTpl&quot;:&quot;&lt;video class=\\&quot;fancybox__html5video\\&quot; controls muted playsinline controlsList controlsList=\\&quot;nodownload\\&quot; poster=\\&quot;{{poster}}\\&quot; src=\\&quot;{{src}}\\&quot; type=\\&quot;{{format}}\\&quot; &gt;  Sorry, your browser doesn&#039;t support embedded videos, &lt;a href=\\&quot;{{src}}\\&quot;&gt; download &lt;\\\/a&gt; and watch with your favorite video player! &lt;\\\/video&gt;&quot;}},&quot;inView&quot;:false,&quot;email_subject&quot;:&quot;Check out this awesome image !!&quot;,&quot;email_message&quot;:&quot;Here is the link to the image : %%image_link%% and this is the link to the gallery : %%gallery_link%%&quot;,&quot;lightbox&quot;:&quot;fancybox&quot;}\">\n\n\t\n\t<div  class=\"modula-items\">\n\t\t<div class=\"modula-item\" data-width=\"7\" data-height=\"7\" >\n\t<div class=\"modula-item-content\">\n\t\t\n\t\t\t\t\t<a data-image-id=\"21269\" tabindex=\"0\" rel=\"jtg-20166\" data-caption=\"\" aria-label=\"Open image in lightbox\" role=\"button\" class=\"tile-inner modula-item-link\"><\/a>\n\t\t\n\t\t<img loading=\"lazy\" decoding=\"async\" class=\"pic wp-image-21269\"  data-valign=\"middle\" data-halign=\"center\" alt=\"\" data-full=\"https:\/\/www.santjosep.net\/wp-content\/uploads\/2020\/01\/P0520061-1.jpg\" title=\"P0520061\" width=\"1900\" height=\"1428\" src=\"https:\/\/www.santjosep.net\/wp-content\/uploads\/2020\/01\/P0520061-1.jpg\" data-src=\"https:\/\/www.santjosep.net\/wp-content\/uploads\/2020\/01\/P0520061-1.jpg\" data-caption=\"\" srcset=\"https:\/\/www.santjosep.net\/wp-content\/uploads\/2020\/01\/P0520061-1.jpg 1900w, https:\/\/www.santjosep.net\/wp-content\/uploads\/2020\/01\/P0520061-1-300x225.jpg 300w, https:\/\/www.santjosep.net\/wp-content\/uploads\/2020\/01\/P0520061-1-1024x770.jpg 1024w, https:\/\/www.santjosep.net\/wp-content\/uploads\/2020\/01\/P0520061-1-768x577.jpg 768w, https:\/\/www.santjosep.net\/wp-content\/uploads\/2020\/01\/P0520061-1-1536x1154.jpg 1536w, https:\/\/www.santjosep.net\/wp-content\/uploads\/2020\/01\/P0520061-1-800x600.jpg 800w\" sizes=\"auto, (max-width: 1900px) 100vw, 1900px\" \/>\n\t<\/div>\n\n<\/div><div class=\"modula-item\" data-width=\"5\" data-height=\"7\" >\n\t<div class=\"modula-item-content\">\n\t\t\n\t\t\t\t\t<a data-image-id=\"20202\" tabindex=\"0\" rel=\"jtg-20166\" data-caption=\"\" aria-label=\"Open image in lightbox\" role=\"button\" class=\"tile-inner modula-item-link\"><\/a>\n\t\t\n\t\t<img loading=\"lazy\" decoding=\"async\" class=\"pic wp-image-20202\"  data-valign=\"middle\" data-halign=\"center\" alt=\"\" data-full=\"https:\/\/www.santjosep.net\/wp-content\/uploads\/2020\/01\/0630072.jpg\" title=\"0630072\" width=\"1500\" height=\"1127\" src=\"https:\/\/www.santjosep.net\/wp-content\/uploads\/2020\/01\/0630072.jpg\" data-src=\"https:\/\/www.santjosep.net\/wp-content\/uploads\/2020\/01\/0630072.jpg\" data-caption=\"\" srcset=\"https:\/\/www.santjosep.net\/wp-content\/uploads\/2020\/01\/0630072.jpg 1500w, https:\/\/www.santjosep.net\/wp-content\/uploads\/2020\/01\/0630072-300x225.jpg 300w, https:\/\/www.santjosep.net\/wp-content\/uploads\/2020\/01\/0630072-1024x769.jpg 1024w, https:\/\/www.santjosep.net\/wp-content\/uploads\/2020\/01\/0630072-768x577.jpg 768w, https:\/\/www.santjosep.net\/wp-content\/uploads\/2020\/01\/0630072-800x600.jpg 800w\" sizes=\"auto, (max-width: 1500px) 100vw, 1500px\" \/>\n\t<\/div>\n\n<\/div><div class=\"modula-item\" data-width=\"12\" data-height=\"6\" >\n\t<div class=\"modula-item-content\">\n\t\t\n\t\t\t\t\t<a data-image-id=\"20207\" tabindex=\"0\" rel=\"jtg-20166\" data-caption=\"\" aria-label=\"Open image in lightbox\" role=\"button\" class=\"tile-inner modula-item-link\"><\/a>\n\t\t\n\t\t<img loading=\"lazy\" decoding=\"async\" class=\"pic wp-image-20207\"  data-valign=\"middle\" data-halign=\"center\" alt=\"\" data-full=\"https:\/\/www.santjosep.net\/wp-content\/uploads\/2020\/01\/1109147.jpg\" title=\"1109147\" width=\"1500\" height=\"1125\" src=\"https:\/\/www.santjosep.net\/wp-content\/uploads\/2020\/01\/1109147.jpg\" data-src=\"https:\/\/www.santjosep.net\/wp-content\/uploads\/2020\/01\/1109147.jpg\" data-caption=\"\" srcset=\"https:\/\/www.santjosep.net\/wp-content\/uploads\/2020\/01\/1109147.jpg 1500w, https:\/\/www.santjosep.net\/wp-content\/uploads\/2020\/01\/1109147-300x225.jpg 300w, https:\/\/www.santjosep.net\/wp-content\/uploads\/2020\/01\/1109147-1024x768.jpg 1024w, https:\/\/www.santjosep.net\/wp-content\/uploads\/2020\/01\/1109147-768x576.jpg 768w, https:\/\/www.santjosep.net\/wp-content\/uploads\/2020\/01\/1109147-800x600.jpg 800w\" sizes=\"auto, (max-width: 1500px) 100vw, 1500px\" \/>\n\t<\/div>\n\n<\/div>\t\t\n\t<\/div>\n\n\t\n\t\n\t<script type=\"application\/ld+json\">\n\t{\n\t\t\"@context\": \"http:\/\/schema.org\",\n\t\t\"@type\"   : \"ImageGallery\",\n\t\t\"id\"      : \"https:\/\/www.santjosep.net\/ca\/les-millors-vistes-panoramiques-del-municipi-de-sant-josep\/\",\n\t\t\"url\"     : \"https:\/\/www.santjosep.net\/ca\/les-millors-vistes-panoramiques-del-municipi-de-sant-josep\/\"\n\t}\n\n\t<\/script>\n\n\t\n<\/div>\n\n<p>&nbsp;<\/p>\n<h2>Sa Capelleta d\u2019en Serra<\/h2>\n<p>Des de la zona de Benimussa, al costat del cam\u00ed que porta el mateix nom, s\u2019accedeix a una senda senyalitzada que ens condueix a un altre indret privilegiat: Sa Capelleta d\u2019en Serra. Durant l\u2019ascens, a mesura que guanyem altura, anem perfilant els horitzons que s\u2019obren davant nostre. Despr\u00e9s de pujar un \u00faltim tram, habilitat amb una escala de pedra, podem accedir a la zona on hi ha constru\u00efda aquesta petita capella. Des d\u2019all\u00ed contemplarem, cap al sud, unes belles panor\u00e0miques sobre els camps verds i els boscos ondulants que s\u2019obren fins al mar. Veurem amb detall la simetria dels estanys saliners i la fina l\u00ednia de c\u00f2dols que els separa del mar i que configura la platja des Codolar. Apreciarem la torre de guaita de ses Portes, a l\u2019extrem de la platja de ses Salines, els illots del pas mar\u00edtim des Freus i l\u2019\u00e0mplia silueta de Formentera, que s\u2019est\u00e9n per l\u2019horitz\u00f3. Cap al costat de Sant Josep podrem contemplar el nucli urb\u00e0 i el cim de sa Talaia. I en tot moment, envoltant-nos, la bellesa del camp eivissenc, que alterna camps cultivats amb boscos frondosos.<\/p>\n<style>#jtg-20167 .modula-item .jtg-social a, .lightbox-socials.jtg-social a{ fill: #ffffff; color: #ffffff }#jtg-20167 .modula-item .jtg-social-mobile a{ fill: #ffffff; color: #ffffff }#jtg-20167 .modula-item .jtg-social svg, .lightbox-socials.jtg-social svg { height: 16px; width: 16px }#jtg-20167 .modula-item .jtg-social-mobile svg { height: 16px; width: 16px }#jtg-20167 .modula-item .jtg-social a:not(:last-child), .lightbox-socials.jtg-social a:not(:last-child) { margin-right: 10px }#jtg-20167 .modula-item .jtg-social-mobile .jtg-social-mobile-icons a:not(:last-child){ margin-right: 10px }#jtg-20167 .modula-item .figc {color:#ffffff;}#jtg-20167 .modula-item .modula-item-content { transform: scale(1) }#jtg-20167 .modula-items .figc p.description { font-size:14px; }#jtg-20167 .modula-items .figc p.description { color:#ffffff;}#jtg-20167.modula-gallery .modula-item > a, #jtg-20167.modula-gallery .modula-item, #jtg-20167.modula-gallery .modula-item-content > a:not(.modula-no-follow) { cursor:zoom-in; } #jtg-20167.modula-gallery .modula-item-content .modula-no-follow { cursor: default; } @media screen and (max-width:480px){#jtg-20167 .modula-item .figc .jtg-title {  font-size: 12px; }#jtg-20167 .modula-items .figc p.description { color:#ffffff;font-size:10px; }}#jtg-20167 .modula-items .modula-item:hover img{opacity:1;}<\/style>\n<div  id=\"jtg-20167\" class=\"modula modula-gallery modula-custom-grid\" data-config=\"{&quot;height&quot;:800,&quot;tabletHeight&quot;:800,&quot;mobileHeight&quot;:800,&quot;desktopHeight&quot;:800,&quot;enableTwitter&quot;:true,&quot;enableWhatsapp&quot;:false,&quot;enableFacebook&quot;:true,&quot;enablePinterest&quot;:true,&quot;enableLinkedin&quot;:true,&quot;enableEmail&quot;:false,&quot;randomFactor&quot;:0.5,&quot;type&quot;:&quot;custom-grid&quot;,&quot;columns&quot;:12,&quot;gutter&quot;:0,&quot;mobileGutter&quot;:0,&quot;tabletGutter&quot;:0,&quot;desktopGutter&quot;:0,&quot;enableResponsive&quot;:&quot;1&quot;,&quot;tabletColumns&quot;:&quot;2&quot;,&quot;mobileColumns&quot;:&quot;1&quot;,&quot;lazyLoad&quot;:&quot;0&quot;,&quot;lightboxOpts&quot;:{&quot;animated&quot;:true,&quot;Thumbs&quot;:{&quot;type&quot;:&quot;modern&quot;,&quot;showOnStart&quot;:false},&quot;Toolbar&quot;:{&quot;display&quot;:{&quot;right&quot;:[&quot;close&quot;]},&quot;enabled&quot;:true},&quot;Carousel&quot;:{&quot;Panzoom&quot;:{&quot;touch&quot;:false},&quot;infinite&quot;:false},&quot;keyboard&quot;:{&quot;Escape&quot;:&quot;close&quot;,&quot;Delete&quot;:&quot;close&quot;,&quot;Backspace&quot;:&quot;close&quot;,&quot;PageUp&quot;:false,&quot;PageDown&quot;:false,&quot;ArrowUp&quot;:false,&quot;ArrowDown&quot;:false,&quot;ArrowRight&quot;:false,&quot;ArrowLeft&quot;:false},&quot;touch&quot;:false,&quot;backdropClick&quot;:false,&quot;l10n&quot;:{&quot;CLOSE&quot;:&quot;Close&quot;,&quot;NEXT&quot;:&quot;Next&quot;,&quot;PREV&quot;:&quot;Previous&quot;,&quot;Error&quot;:&quot;The requested content cannot be loaded. Please try again later.&quot;,&quot;PLAY_START&quot;:&quot;Start slideshow&quot;,&quot;PLAY_STOP&quot;:&quot;Pause slideshow&quot;,&quot;FULL_SCREEN&quot;:&quot;Full screen&quot;,&quot;THUMBS&quot;:&quot;Thumbnails&quot;,&quot;DOWNLOAD&quot;:&quot;Download&quot;,&quot;SHARE&quot;:&quot;Share&quot;,&quot;ZOOM&quot;:&quot;Zoom&quot;,&quot;EMAIL&quot;:&quot;Here is the link to the image : %%image_link%% and this is the link to the gallery : %%gallery_link%%&quot;,&quot;MODAL&quot;:&quot;You can close this modal content with the ESC key&quot;,&quot;ERROR&quot;:&quot;Something Went Wrong, Please Try Again Later&quot;,&quot;IMAGE_ERROR&quot;:&quot;Image Not Found&quot;,&quot;ELEMENT_NOT_FOUND&quot;:&quot;HTML Element Not Found&quot;,&quot;AJAX_NOT_FOUND&quot;:&quot;Error Loading AJAX : Not Found&quot;,&quot;AJAX_FORBIDDEN&quot;:&quot;Error Loading AJAX : Forbidden&quot;,&quot;IFRAME_ERROR&quot;:&quot;Error Loading Page&quot;,&quot;TOGGLE_ZOOM&quot;:&quot;Toggle zoom level&quot;,&quot;TOGGLE_THUMBS&quot;:&quot;Toggle thumbnails&quot;,&quot;TOGGLE_SLIDESHOW&quot;:&quot;Toggle slideshow&quot;,&quot;TOGGLE_FULLSCREEN&quot;:&quot;Toggle full-screen mode&quot;},&quot;Images&quot;:{&quot;Panzoom&quot;:{&quot;maxScale&quot;:2}},&quot;mainClass&quot;:&quot;modula-fancybox-container modula-lightbox-jtg-20167&quot;,&quot;Html&quot;:{&quot;videoAutoplay&quot;:0,&quot;videoTpl&quot;:&quot;&lt;video class=\\&quot;fancybox__html5video\\&quot; controls muted playsinline controlsList controlsList=\\&quot;nodownload\\&quot; poster=\\&quot;{{poster}}\\&quot; src=\\&quot;{{src}}\\&quot; type=\\&quot;{{format}}\\&quot; &gt;  Sorry, your browser doesn&#039;t support embedded videos, &lt;a href=\\&quot;{{src}}\\&quot;&gt; download &lt;\\\/a&gt; and watch with your favorite video player! &lt;\\\/video&gt;&quot;}},&quot;inView&quot;:false,&quot;email_subject&quot;:&quot;Check out this awesome image !!&quot;,&quot;email_message&quot;:&quot;Here is the link to the image : %%image_link%% and this is the link to the gallery : %%gallery_link%%&quot;,&quot;lightbox&quot;:&quot;fancybox&quot;}\">\n\n\t\n\t<div  class=\"modula-items\">\n\t\t<div class=\"modula-item\" data-width=\"7\" data-height=\"6\" >\n\t<div class=\"modula-item-content\">\n\t\t\n\t\t\t\t\t<a data-image-id=\"20218\" tabindex=\"0\" rel=\"jtg-20167\" data-caption=\"\" aria-label=\"Open image in lightbox\" role=\"button\" class=\"tile-inner modula-item-link\"><\/a>\n\t\t\n\t\t<img loading=\"lazy\" decoding=\"async\" class=\"pic wp-image-20218\"  data-valign=\"middle\" data-halign=\"center\" alt=\"\" data-full=\"https:\/\/www.santjosep.net\/wp-content\/uploads\/2020\/01\/DJI_0011.jpg\" title=\"DJI_0011\" width=\"1500\" height=\"1124\" src=\"https:\/\/www.santjosep.net\/wp-content\/uploads\/2020\/01\/DJI_0011.jpg\" data-src=\"https:\/\/www.santjosep.net\/wp-content\/uploads\/2020\/01\/DJI_0011.jpg\" data-caption=\"\" srcset=\"https:\/\/www.santjosep.net\/wp-content\/uploads\/2020\/01\/DJI_0011.jpg 1500w, https:\/\/www.santjosep.net\/wp-content\/uploads\/2020\/01\/DJI_0011-300x225.jpg 300w, https:\/\/www.santjosep.net\/wp-content\/uploads\/2020\/01\/DJI_0011-1024x767.jpg 1024w, https:\/\/www.santjosep.net\/wp-content\/uploads\/2020\/01\/DJI_0011-768x575.jpg 768w, https:\/\/www.santjosep.net\/wp-content\/uploads\/2020\/01\/DJI_0011-800x600.jpg 800w\" sizes=\"auto, (max-width: 1500px) 100vw, 1500px\" \/>\n\t<\/div>\n\n<\/div><div class=\"modula-item\" data-width=\"5\" data-height=\"4\" >\n\t<div class=\"modula-item-content\">\n\t\t\n\t\t\t\t\t<a data-image-id=\"20213\" tabindex=\"0\" rel=\"jtg-20167\" data-caption=\"\" aria-label=\"Open image in lightbox\" role=\"button\" class=\"tile-inner modula-item-link\"><\/a>\n\t\t\n\t\t<img loading=\"lazy\" decoding=\"async\" class=\"pic wp-image-20213\"  data-valign=\"middle\" data-halign=\"center\" alt=\"\" data-full=\"https:\/\/www.santjosep.net\/wp-content\/uploads\/2020\/01\/1140320.jpg\" title=\"1140320\" width=\"1500\" height=\"1125\" src=\"https:\/\/www.santjosep.net\/wp-content\/uploads\/2020\/01\/1140320.jpg\" data-src=\"https:\/\/www.santjosep.net\/wp-content\/uploads\/2020\/01\/1140320.jpg\" data-caption=\"\" srcset=\"https:\/\/www.santjosep.net\/wp-content\/uploads\/2020\/01\/1140320.jpg 1500w, https:\/\/www.santjosep.net\/wp-content\/uploads\/2020\/01\/1140320-300x225.jpg 300w, https:\/\/www.santjosep.net\/wp-content\/uploads\/2020\/01\/1140320-1024x768.jpg 1024w, https:\/\/www.santjosep.net\/wp-content\/uploads\/2020\/01\/1140320-768x576.jpg 768w, https:\/\/www.santjosep.net\/wp-content\/uploads\/2020\/01\/1140320-800x600.jpg 800w\" sizes=\"auto, (max-width: 1500px) 100vw, 1500px\" \/>\n\t<\/div>\n\n<\/div><div class=\"modula-item\" data-width=\"5\" data-height=\"7\" >\n\t<div class=\"modula-item-content\">\n\t\t\n\t\t\t\t\t<a data-image-id=\"20223\" tabindex=\"0\" rel=\"jtg-20167\" data-caption=\"\" aria-label=\"Open image in lightbox\" role=\"button\" class=\"tile-inner modula-item-link\"><\/a>\n\t\t\n\t\t<img loading=\"lazy\" decoding=\"async\" class=\"pic wp-image-20223\"  data-valign=\"middle\" data-halign=\"center\" alt=\"\" data-full=\"https:\/\/www.santjosep.net\/wp-content\/uploads\/2020\/01\/1140290.jpg\" title=\"1140290\" width=\"1500\" height=\"1125\" src=\"https:\/\/www.santjosep.net\/wp-content\/uploads\/2020\/01\/1140290.jpg\" data-src=\"https:\/\/www.santjosep.net\/wp-content\/uploads\/2020\/01\/1140290.jpg\" data-caption=\"\" srcset=\"https:\/\/www.santjosep.net\/wp-content\/uploads\/2020\/01\/1140290.jpg 1500w, https:\/\/www.santjosep.net\/wp-content\/uploads\/2020\/01\/1140290-300x225.jpg 300w, https:\/\/www.santjosep.net\/wp-content\/uploads\/2020\/01\/1140290-1024x768.jpg 1024w, https:\/\/www.santjosep.net\/wp-content\/uploads\/2020\/01\/1140290-768x576.jpg 768w, https:\/\/www.santjosep.net\/wp-content\/uploads\/2020\/01\/1140290-800x600.jpg 800w\" sizes=\"auto, (max-width: 1500px) 100vw, 1500px\" \/>\n\t<\/div>\n\n<\/div><div class=\"modula-item\" data-width=\"7\" data-height=\"5\" >\n\t<div class=\"modula-item-content\">\n\t\t\n\t\t\t\t\t<a data-image-id=\"20233\" tabindex=\"0\" rel=\"jtg-20167\" data-caption=\"\" aria-label=\"Open image in lightbox\" role=\"button\" class=\"tile-inner modula-item-link\"><\/a>\n\t\t\n\t\t<img loading=\"lazy\" decoding=\"async\" class=\"pic wp-image-20233\"  data-valign=\"middle\" data-halign=\"center\" alt=\"\" data-full=\"https:\/\/www.santjosep.net\/wp-content\/uploads\/2020\/01\/DJI_0006.jpg\" title=\"DJI_0006\" width=\"1500\" height=\"1124\" src=\"https:\/\/www.santjosep.net\/wp-content\/uploads\/2020\/01\/DJI_0006.jpg\" data-src=\"https:\/\/www.santjosep.net\/wp-content\/uploads\/2020\/01\/DJI_0006.jpg\" data-caption=\"\" srcset=\"https:\/\/www.santjosep.net\/wp-content\/uploads\/2020\/01\/DJI_0006.jpg 1500w, https:\/\/www.santjosep.net\/wp-content\/uploads\/2020\/01\/DJI_0006-300x225.jpg 300w, https:\/\/www.santjosep.net\/wp-content\/uploads\/2020\/01\/DJI_0006-1024x767.jpg 1024w, https:\/\/www.santjosep.net\/wp-content\/uploads\/2020\/01\/DJI_0006-768x575.jpg 768w, https:\/\/www.santjosep.net\/wp-content\/uploads\/2020\/01\/DJI_0006-800x600.jpg 800w\" sizes=\"auto, (max-width: 1500px) 100vw, 1500px\" \/>\n\t<\/div>\n\n<\/div>\t\t\n\t<\/div>\n\n\t\n\t\n\t<script type=\"application\/ld+json\">\n\t{\n\t\t\"@context\": \"http:\/\/schema.org\",\n\t\t\"@type\"   : \"ImageGallery\",\n\t\t\"id\"      : \"https:\/\/www.santjosep.net\/ca\/les-millors-vistes-panoramiques-del-municipi-de-sant-josep\/\",\n\t\t\"url\"     : \"https:\/\/www.santjosep.net\/ca\/les-millors-vistes-panoramiques-del-municipi-de-sant-josep\/\"\n\t}\n\n\t<\/script>\n\n\t\n<\/div>\n\n","protected":false},"excerpt":{"rendered":"<p>Sant Josep de sa Talaia presenta, en els seus 154 km\u00b2, tot un cat\u00e0leg d\u2019atractius naturals que van m\u00e9s enll\u00e0 de les 32 platges i els m\u00e9s de 80 km de costa que cont\u00e9. Cada any, milers de visitants es [&hellip;]<\/p>\n","protected":false},"author":1,"featured_media":21591,"comment_status":"open","ping_status":"open","sticky":false,"template":"","format":"standard","meta":{"_acf_changed":false,"inline_featured_image":false,"footnotes":""},"categories":[205,207],"tags":[],"class_list":["post-20385","post","type-post","status-publish","format-standard","has-post-thumbnail","hentry","category-passejades-ca","category-zones-ca"],"acf":[],"geo":null,"yoast_head":"<!-- This site is optimized with the Yoast SEO plugin v25.7 - https:\/\/yoast.com\/wordpress\/plugins\/seo\/ -->\n<title>Les millors vistes panor\u00e0miques del municipi de Sant Josep - Santjosep.net<\/title>\n<meta name=\"robots\" content=\"index, follow, max-snippet:-1, max-image-preview:large, max-video-preview:-1\" \/>\n<link rel=\"canonical\" href=\"https:\/\/www.santjosep.net\/ca\/les-millors-vistes-panoramiques-del-municipi-de-sant-josep\/\" \/>\n<meta property=\"og:locale\" content=\"ca_ES\" \/>\n<meta property=\"og:type\" content=\"article\" \/>\n<meta property=\"og:title\" content=\"Les millors vistes panor\u00e0miques del municipi de Sant Josep - Santjosep.net\" \/>\n<meta property=\"og:description\" content=\"Sant Josep de sa Talaia presenta, en els seus 154 km\u00b2, tot un cat\u00e0leg d\u2019atractius naturals que van m\u00e9s enll\u00e0 de les 32 platges i els m\u00e9s de 80 km de costa que cont\u00e9. Cada any, milers de visitants es [&hellip;]\" \/>\n<meta property=\"og:url\" content=\"https:\/\/www.santjosep.net\/ca\/les-millors-vistes-panoramiques-del-municipi-de-sant-josep\/\" \/>\n<meta property=\"og:site_name\" content=\"Santjosep.net\" \/>\n<meta property=\"article:published_time\" content=\"2019-12-22T15:59:37+00:00\" \/>\n<meta property=\"article:modified_time\" content=\"2020-01-22T16:50:33+00:00\" \/>\n<meta property=\"og:image\" content=\"https:\/\/www.santjosep.net\/wp-content\/uploads\/2019\/12\/cover_blog.jpg\" \/>\n\t<meta property=\"og:image:width\" content=\"890\" \/>\n\t<meta property=\"og:image:height\" content=\"667\" \/>\n\t<meta property=\"og:image:type\" content=\"image\/jpeg\" \/>\n<meta name=\"author\" content=\"Sant Josep\" \/>\n<meta name=\"twitter:card\" content=\"summary_large_image\" \/>\n<meta name=\"twitter:label1\" content=\"Escrit per\" \/>\n\t<meta name=\"twitter:data1\" content=\"Sant Josep\" \/>\n\t<meta name=\"twitter:label2\" content=\"Temps estimat de lectura\" \/>\n\t<meta name=\"twitter:data2\" content=\"5 minuts\" \/>\n<script type=\"application\/ld+json\" class=\"yoast-schema-graph\">{\"@context\":\"https:\/\/schema.org\",\"@graph\":[{\"@type\":\"WebPage\",\"@id\":\"https:\/\/www.santjosep.net\/ca\/les-millors-vistes-panoramiques-del-municipi-de-sant-josep\/\",\"url\":\"https:\/\/www.santjosep.net\/ca\/les-millors-vistes-panoramiques-del-municipi-de-sant-josep\/\",\"name\":\"Les millors vistes panor\u00e0miques del municipi de Sant Josep - Santjosep.net\",\"isPartOf\":{\"@id\":\"https:\/\/www.santjosep.net\/#website\"},\"primaryImageOfPage\":{\"@id\":\"https:\/\/www.santjosep.net\/ca\/les-millors-vistes-panoramiques-del-municipi-de-sant-josep\/#primaryimage\"},\"image\":{\"@id\":\"https:\/\/www.santjosep.net\/ca\/les-millors-vistes-panoramiques-del-municipi-de-sant-josep\/#primaryimage\"},\"thumbnailUrl\":\"https:\/\/www.santjosep.net\/wp-content\/uploads\/2019\/12\/cover_blog.jpg\",\"datePublished\":\"2019-12-22T15:59:37+00:00\",\"dateModified\":\"2020-01-22T16:50:33+00:00\",\"author\":{\"@id\":\"https:\/\/www.santjosep.net\/#\/schema\/person\/b60e56f94e4e55776eb62bf4293f99b6\"},\"inLanguage\":\"ca\",\"potentialAction\":[{\"@type\":\"ReadAction\",\"target\":[\"https:\/\/www.santjosep.net\/ca\/les-millors-vistes-panoramiques-del-municipi-de-sant-josep\/\"]}]},{\"@type\":\"ImageObject\",\"inLanguage\":\"ca\",\"@id\":\"https:\/\/www.santjosep.net\/ca\/les-millors-vistes-panoramiques-del-municipi-de-sant-josep\/#primaryimage\",\"url\":\"https:\/\/www.santjosep.net\/wp-content\/uploads\/2019\/12\/cover_blog.jpg\",\"contentUrl\":\"https:\/\/www.santjosep.net\/wp-content\/uploads\/2019\/12\/cover_blog.jpg\",\"width\":890,\"height\":667},{\"@type\":\"WebSite\",\"@id\":\"https:\/\/www.santjosep.net\/#website\",\"url\":\"https:\/\/www.santjosep.net\/\",\"name\":\"Santjosep.net\",\"description\":\"\",\"potentialAction\":[{\"@type\":\"SearchAction\",\"target\":{\"@type\":\"EntryPoint\",\"urlTemplate\":\"https:\/\/www.santjosep.net\/?s={search_term_string}\"},\"query-input\":{\"@type\":\"PropertyValueSpecification\",\"valueRequired\":true,\"valueName\":\"search_term_string\"}}],\"inLanguage\":\"ca\"},{\"@type\":\"Person\",\"@id\":\"https:\/\/www.santjosep.net\/#\/schema\/person\/b60e56f94e4e55776eb62bf4293f99b6\",\"name\":\"Sant Josep\",\"image\":{\"@type\":\"ImageObject\",\"inLanguage\":\"ca\",\"@id\":\"https:\/\/www.santjosep.net\/#\/schema\/person\/image\/\",\"url\":\"https:\/\/secure.gravatar.com\/avatar\/2f4071817a97d2499c5aae9674ee15015b5a3c7c0974ca84f095a8e4aadcda56?s=96&d=mm&r=g\",\"contentUrl\":\"https:\/\/secure.gravatar.com\/avatar\/2f4071817a97d2499c5aae9674ee15015b5a3c7c0974ca84f095a8e4aadcda56?s=96&d=mm&r=g\",\"caption\":\"Sant Josep\"},\"url\":\"https:\/\/www.santjosep.net\/ca\/author\/fugrafic\/\"}]}<\/script>\n<!-- \/ Yoast SEO plugin. -->","yoast_head_json":{"title":"Les millors vistes panor\u00e0miques del municipi de Sant Josep - Santjosep.net","robots":{"index":"index","follow":"follow","max-snippet":"max-snippet:-1","max-image-preview":"max-image-preview:large","max-video-preview":"max-video-preview:-1"},"canonical":"https:\/\/www.santjosep.net\/ca\/les-millors-vistes-panoramiques-del-municipi-de-sant-josep\/","og_locale":"ca_ES","og_type":"article","og_title":"Les millors vistes panor\u00e0miques del municipi de Sant Josep - Santjosep.net","og_description":"Sant Josep de sa Talaia presenta, en els seus 154 km\u00b2, tot un cat\u00e0leg d\u2019atractius naturals que van m\u00e9s enll\u00e0 de les 32 platges i els m\u00e9s de 80 km de costa que cont\u00e9. Cada any, milers de visitants es [&hellip;]","og_url":"https:\/\/www.santjosep.net\/ca\/les-millors-vistes-panoramiques-del-municipi-de-sant-josep\/","og_site_name":"Santjosep.net","article_published_time":"2019-12-22T15:59:37+00:00","article_modified_time":"2020-01-22T16:50:33+00:00","og_image":[{"width":890,"height":667,"url":"https:\/\/www.santjosep.net\/wp-content\/uploads\/2019\/12\/cover_blog.jpg","type":"image\/jpeg"}],"author":"Sant Josep","twitter_card":"summary_large_image","twitter_misc":{"Escrit per":"Sant Josep","Temps estimat de lectura":"5 minuts"},"schema":{"@context":"https:\/\/schema.org","@graph":[{"@type":"WebPage","@id":"https:\/\/www.santjosep.net\/ca\/les-millors-vistes-panoramiques-del-municipi-de-sant-josep\/","url":"https:\/\/www.santjosep.net\/ca\/les-millors-vistes-panoramiques-del-municipi-de-sant-josep\/","name":"Les millors vistes panor\u00e0miques del municipi de Sant Josep - Santjosep.net","isPartOf":{"@id":"https:\/\/www.santjosep.net\/#website"},"primaryImageOfPage":{"@id":"https:\/\/www.santjosep.net\/ca\/les-millors-vistes-panoramiques-del-municipi-de-sant-josep\/#primaryimage"},"image":{"@id":"https:\/\/www.santjosep.net\/ca\/les-millors-vistes-panoramiques-del-municipi-de-sant-josep\/#primaryimage"},"thumbnailUrl":"https:\/\/www.santjosep.net\/wp-content\/uploads\/2019\/12\/cover_blog.jpg","datePublished":"2019-12-22T15:59:37+00:00","dateModified":"2020-01-22T16:50:33+00:00","author":{"@id":"https:\/\/www.santjosep.net\/#\/schema\/person\/b60e56f94e4e55776eb62bf4293f99b6"},"inLanguage":"ca","potentialAction":[{"@type":"ReadAction","target":["https:\/\/www.santjosep.net\/ca\/les-millors-vistes-panoramiques-del-municipi-de-sant-josep\/"]}]},{"@type":"ImageObject","inLanguage":"ca","@id":"https:\/\/www.santjosep.net\/ca\/les-millors-vistes-panoramiques-del-municipi-de-sant-josep\/#primaryimage","url":"https:\/\/www.santjosep.net\/wp-content\/uploads\/2019\/12\/cover_blog.jpg","contentUrl":"https:\/\/www.santjosep.net\/wp-content\/uploads\/2019\/12\/cover_blog.jpg","width":890,"height":667},{"@type":"WebSite","@id":"https:\/\/www.santjosep.net\/#website","url":"https:\/\/www.santjosep.net\/","name":"Santjosep.net","description":"","potentialAction":[{"@type":"SearchAction","target":{"@type":"EntryPoint","urlTemplate":"https:\/\/www.santjosep.net\/?s={search_term_string}"},"query-input":{"@type":"PropertyValueSpecification","valueRequired":true,"valueName":"search_term_string"}}],"inLanguage":"ca"},{"@type":"Person","@id":"https:\/\/www.santjosep.net\/#\/schema\/person\/b60e56f94e4e55776eb62bf4293f99b6","name":"Sant Josep","image":{"@type":"ImageObject","inLanguage":"ca","@id":"https:\/\/www.santjosep.net\/#\/schema\/person\/image\/","url":"https:\/\/secure.gravatar.com\/avatar\/2f4071817a97d2499c5aae9674ee15015b5a3c7c0974ca84f095a8e4aadcda56?s=96&d=mm&r=g","contentUrl":"https:\/\/secure.gravatar.com\/avatar\/2f4071817a97d2499c5aae9674ee15015b5a3c7c0974ca84f095a8e4aadcda56?s=96&d=mm&r=g","caption":"Sant Josep"},"url":"https:\/\/www.santjosep.net\/ca\/author\/fugrafic\/"}]}},"_links":{"self":[{"href":"https:\/\/www.santjosep.net\/ca\/wp-json\/wp\/v2\/posts\/20385","targetHints":{"allow":["GET"]}}],"collection":[{"href":"https:\/\/www.santjosep.net\/ca\/wp-json\/wp\/v2\/posts"}],"about":[{"href":"https:\/\/www.santjosep.net\/ca\/wp-json\/wp\/v2\/types\/post"}],"author":[{"embeddable":true,"href":"https:\/\/www.santjosep.net\/ca\/wp-json\/wp\/v2\/users\/1"}],"replies":[{"embeddable":true,"href":"https:\/\/www.santjosep.net\/ca\/wp-json\/wp\/v2\/comments?post=20385"}],"version-history":[{"count":0,"href":"https:\/\/www.santjosep.net\/ca\/wp-json\/wp\/v2\/posts\/20385\/revisions"}],"wp:featuredmedia":[{"embeddable":true,"href":"https:\/\/www.santjosep.net\/ca\/wp-json\/wp\/v2\/media\/21591"}],"wp:attachment":[{"href":"https:\/\/www.santjosep.net\/ca\/wp-json\/wp\/v2\/media?parent=20385"}],"wp:term":[{"taxonomy":"category","embeddable":true,"href":"https:\/\/www.santjosep.net\/ca\/wp-json\/wp\/v2\/categories?post=20385"},{"taxonomy":"post_tag","embeddable":true,"href":"https:\/\/www.santjosep.net\/ca\/wp-json\/wp\/v2\/tags?post=20385"}],"curies":[{"name":"wp","href":"https:\/\/api.w.org\/{rel}","templated":true}]}}