{"id":20044,"date":"2020-01-22T15:26:54","date_gmt":"2020-01-22T14:26:54","guid":{"rendered":"https:\/\/www.santjosep.net\/ball-pages-un-ritual-ancestral-en-plena-forma\/"},"modified":"2020-01-24T09:01:32","modified_gmt":"2020-01-24T08:01:32","slug":"ball-pages-un-ritual-ancestral-en-plena-forma","status":"publish","type":"post","link":"https:\/\/www.santjosep.net\/ca\/ball-pages-un-ritual-ancestral-en-plena-forma\/","title":{"rendered":"Ball pag\u00e8s, un ritual ancestral en plena forma"},"content":{"rendered":"<p>El ball pag\u00e8s \u00e9s el ball t\u00edpic de les Piti\u00fcses i un dels patrimonis culturals amb m\u00e9s pes espec\u00edfic de les illes. El seu colorit, el seu ritme i la seva coreografia sembla que ens traslladin a \u00e8poques i indrets remots tot i que, en realitat, els seus or\u00edgens s\u00f3n del tot incerts. S\u00ed que se sap, per exemple, que l\u2019extrema diferenciaci\u00f3 de rols entre l\u2019home i la dona i el ritme que acompanya el ball podrien reflectir influ\u00e8ncies de ritus pagans arcaics que es van consolidar en l\u2019\u00e0mbit rural al llarg dels segles. En l\u2019era moderna, el ball pag\u00e8s tenia lloc a les cases de pag\u00e8s amb motiu de les celebracions m\u00e9s destacades, com ara casaments, matances, festes de poble i festes de pou. Avui, aquest patrimoni immaterial viu una \u00e8poca d\u2019esplendor amb m\u00faltiples activitats i exhibicions dins i fora del territori nacional i es consolida com un atractiu tur\u00edstic i cultural de primer ordre.<\/p>\n<div id=\"attachment_20037\" style=\"width: 2010px\" class=\"wp-caption alignnone\"><img loading=\"lazy\" decoding=\"async\" aria-describedby=\"caption-attachment-20037\" class=\"size-full wp-image-20037\" src=\"https:\/\/www.santjosep.net\/wp-content\/uploads\/2020\/01\/DSC9263.jpg\" alt=\"\" width=\"2000\" height=\"1333\" srcset=\"https:\/\/www.santjosep.net\/wp-content\/uploads\/2020\/01\/DSC9263.jpg 2000w, https:\/\/www.santjosep.net\/wp-content\/uploads\/2020\/01\/DSC9263-300x200.jpg 300w, https:\/\/www.santjosep.net\/wp-content\/uploads\/2020\/01\/DSC9263-1024x682.jpg 1024w, https:\/\/www.santjosep.net\/wp-content\/uploads\/2020\/01\/DSC9263-768x512.jpg 768w, https:\/\/www.santjosep.net\/wp-content\/uploads\/2020\/01\/DSC9263-1536x1024.jpg 1536w\" sizes=\"auto, (max-width: 2000px) 100vw, 2000px\" \/><p id=\"caption-attachment-20037\" class=\"wp-caption-text\">Mostra de Ball Pag\u00e8s<\/p><\/div>\n<p>El ball pag\u00e8s mostra una din\u00e0mica molt particular. En aquest, la dona adopta una posici\u00f3 submisa i executa moviments circulars mitjan\u00e7ant uns passos petits i r\u00e0pids, sempre amb la mirada al terra i els bra\u00e7os enganxats al cos. L\u2019home, d\u2019altra banda, adopta un paper molt m\u00e9s actiu i din\u00e0mic i fa grans salts en qu\u00e8 al\u00e7a les cames al m\u00e0xim possible sempre al voltant de la dona, a mode d\u2019acrob\u00e0tic ritual de festeig. Els dansaires mai no es donen l\u2019esquena mentre dura el ball i l\u2019home en cap moment aparta la seva mirada de la dona. Alhora que executa els seus potents salts al voltant de la seva companya, el ballador ocupar\u00e0 les seves mans tocant les castanyoles, bells instruments tallats en fusta de ginebre i de grans dimensions, que aporten una gran sonoritat al ritual.<\/p>\n<div id=\"attachment_19982\" style=\"width: 2010px\" class=\"wp-caption alignnone\"><img loading=\"lazy\" decoding=\"async\" aria-describedby=\"caption-attachment-19982\" class=\"wp-image-19982 size-full\" src=\"https:\/\/www.santjosep.net\/wp-content\/uploads\/2020\/01\/DSC7656.jpg\" alt=\"\" width=\"2000\" height=\"1333\" srcset=\"https:\/\/www.santjosep.net\/wp-content\/uploads\/2020\/01\/DSC7656.jpg 2000w, https:\/\/www.santjosep.net\/wp-content\/uploads\/2020\/01\/DSC7656-300x200.jpg 300w, https:\/\/www.santjosep.net\/wp-content\/uploads\/2020\/01\/DSC7656-1024x682.jpg 1024w, https:\/\/www.santjosep.net\/wp-content\/uploads\/2020\/01\/DSC7656-768x512.jpg 768w, https:\/\/www.santjosep.net\/wp-content\/uploads\/2020\/01\/DSC7656-1536x1024.jpg 1536w\" sizes=\"auto, (max-width: 2000px) 100vw, 2000px\" \/><p id=\"caption-attachment-19982\" class=\"wp-caption-text\">Mostra de Ball Pag\u00e8s<\/p><\/div>\n<p>Hi ha dues modalitats b\u00e0siques de ball pag\u00e8s: <strong>la curta i la llarga. <\/strong>La primera t\u00e9 un ritme m\u00e9s pausat i una durada breu i solien iniciar-la els m\u00e9s grans, com a preludi de la festa. La segona, com indica el seu nom, t\u00e9 una durada superior i molt m\u00e9s vigorosa per part de l\u2019home, que s\u2019apropa i s\u2019allunya de la dona a mesura que aquesta incrementa les espirals del seu recorregut. Hi ha variants, com sa filera, en qu\u00e8 l\u2019home balla amb tres dones, o les nou rodades (o dotze rodades), en qu\u00e8 els balladors no salten, sin\u00f3 que llisquen, i la coreografia varia notablement. Actualment tamb\u00e9 es creen variants a partir de noves interpretacions del ball fetes per les diverses agrupacions folkl\u00f2riques de l\u2019illa.<\/p>\n<style>#jtg-19987 .modula-item .jtg-social a, .lightbox-socials.jtg-social a{ fill: #ffffff; color: #ffffff }#jtg-19987 .modula-item .jtg-social-mobile a{ fill: #ffffff; color: #ffffff }#jtg-19987 .modula-item .jtg-social svg, .lightbox-socials.jtg-social svg { height: 16px; width: 16px }#jtg-19987 .modula-item .jtg-social-mobile svg { height: 16px; width: 16px }#jtg-19987 .modula-item .jtg-social a:not(:last-child), .lightbox-socials.jtg-social a:not(:last-child) { margin-right: 10px }#jtg-19987 .modula-item .jtg-social-mobile .jtg-social-mobile-icons a:not(:last-child){ margin-right: 10px }#jtg-19987 .modula-item .figc {color:#ffffff;}#jtg-19987 .modula-item .modula-item-content { transform: scale(1) }#jtg-19987 .modula-items .figc p.description { font-size:14px; }#jtg-19987 .modula-items .figc p.description { color:#ffffff;}#jtg-19987.modula-gallery .modula-item > a, #jtg-19987.modula-gallery .modula-item, #jtg-19987.modula-gallery .modula-item-content > a:not(.modula-no-follow) { cursor:zoom-in; } #jtg-19987.modula-gallery .modula-item-content .modula-no-follow { cursor: default; } @media screen and (max-width:480px){#jtg-19987 .modula-item .figc .jtg-title {  font-size: 12px; }#jtg-19987 .modula-items .figc p.description { color:#ffffff;font-size:10px; }}#jtg-19987 .modula-items .modula-item:hover img{opacity:1;}<\/style>\n<div  id=\"jtg-19987\" class=\"modula modula-gallery modula-custom-grid\" data-config=\"{&quot;height&quot;:800,&quot;tabletHeight&quot;:800,&quot;mobileHeight&quot;:800,&quot;desktopHeight&quot;:800,&quot;enableTwitter&quot;:true,&quot;enableWhatsapp&quot;:false,&quot;enableFacebook&quot;:true,&quot;enablePinterest&quot;:true,&quot;enableLinkedin&quot;:true,&quot;enableEmail&quot;:false,&quot;randomFactor&quot;:0.5,&quot;type&quot;:&quot;custom-grid&quot;,&quot;columns&quot;:12,&quot;gutter&quot;:0,&quot;mobileGutter&quot;:0,&quot;tabletGutter&quot;:0,&quot;desktopGutter&quot;:0,&quot;enableResponsive&quot;:&quot;1&quot;,&quot;tabletColumns&quot;:&quot;2&quot;,&quot;mobileColumns&quot;:&quot;1&quot;,&quot;lazyLoad&quot;:&quot;0&quot;,&quot;lightboxOpts&quot;:{&quot;animated&quot;:true,&quot;Thumbs&quot;:{&quot;type&quot;:&quot;modern&quot;,&quot;showOnStart&quot;:false},&quot;Toolbar&quot;:{&quot;display&quot;:{&quot;right&quot;:[&quot;close&quot;]},&quot;enabled&quot;:true},&quot;Carousel&quot;:{&quot;Panzoom&quot;:{&quot;touch&quot;:false},&quot;infinite&quot;:false},&quot;keyboard&quot;:{&quot;Escape&quot;:&quot;close&quot;,&quot;Delete&quot;:&quot;close&quot;,&quot;Backspace&quot;:&quot;close&quot;,&quot;PageUp&quot;:false,&quot;PageDown&quot;:false,&quot;ArrowUp&quot;:false,&quot;ArrowDown&quot;:false,&quot;ArrowRight&quot;:false,&quot;ArrowLeft&quot;:false},&quot;touch&quot;:false,&quot;backdropClick&quot;:false,&quot;l10n&quot;:{&quot;CLOSE&quot;:&quot;Close&quot;,&quot;NEXT&quot;:&quot;Next&quot;,&quot;PREV&quot;:&quot;Previous&quot;,&quot;Error&quot;:&quot;The requested content cannot be loaded. Please try again later.&quot;,&quot;PLAY_START&quot;:&quot;Start slideshow&quot;,&quot;PLAY_STOP&quot;:&quot;Pause slideshow&quot;,&quot;FULL_SCREEN&quot;:&quot;Full screen&quot;,&quot;THUMBS&quot;:&quot;Thumbnails&quot;,&quot;DOWNLOAD&quot;:&quot;Download&quot;,&quot;SHARE&quot;:&quot;Share&quot;,&quot;ZOOM&quot;:&quot;Zoom&quot;,&quot;EMAIL&quot;:&quot;Here is the link to the image : %%image_link%% and this is the link to the gallery : %%gallery_link%%&quot;,&quot;MODAL&quot;:&quot;You can close this modal content with the ESC key&quot;,&quot;ERROR&quot;:&quot;Something Went Wrong, Please Try Again Later&quot;,&quot;IMAGE_ERROR&quot;:&quot;Image Not Found&quot;,&quot;ELEMENT_NOT_FOUND&quot;:&quot;HTML Element Not Found&quot;,&quot;AJAX_NOT_FOUND&quot;:&quot;Error Loading AJAX : Not Found&quot;,&quot;AJAX_FORBIDDEN&quot;:&quot;Error Loading AJAX : Forbidden&quot;,&quot;IFRAME_ERROR&quot;:&quot;Error Loading Page&quot;,&quot;TOGGLE_ZOOM&quot;:&quot;Toggle zoom level&quot;,&quot;TOGGLE_THUMBS&quot;:&quot;Toggle thumbnails&quot;,&quot;TOGGLE_SLIDESHOW&quot;:&quot;Toggle slideshow&quot;,&quot;TOGGLE_FULLSCREEN&quot;:&quot;Toggle full-screen mode&quot;},&quot;Images&quot;:{&quot;Panzoom&quot;:{&quot;maxScale&quot;:2}},&quot;mainClass&quot;:&quot;modula-fancybox-container modula-lightbox-jtg-19987&quot;,&quot;Html&quot;:{&quot;videoAutoplay&quot;:0,&quot;videoTpl&quot;:&quot;&lt;video class=\\&quot;fancybox__html5video\\&quot; controls muted playsinline controlsList controlsList=\\&quot;nodownload\\&quot; poster=\\&quot;{{poster}}\\&quot; src=\\&quot;{{src}}\\&quot; type=\\&quot;{{format}}\\&quot; &gt;  Sorry, your browser doesn&#039;t support embedded videos, &lt;a href=\\&quot;{{src}}\\&quot;&gt; download &lt;\\\/a&gt; and watch with your favorite video player! &lt;\\\/video&gt;&quot;}},&quot;inView&quot;:false,&quot;email_subject&quot;:&quot;Check out this awesome image !!&quot;,&quot;email_message&quot;:&quot;Here is the link to the image : %%image_link%% and this is the link to the gallery : %%gallery_link%%&quot;,&quot;lightbox&quot;:&quot;fancybox&quot;}\">\n\n\t\n\t<div  class=\"modula-items\">\n\t\t<div class=\"modula-item\" data-width=\"5\" data-height=\"6\" >\n\t<div class=\"modula-item-content\">\n\t\t\n\t\t\t\t\t<a data-image-id=\"19994\" tabindex=\"0\" rel=\"jtg-19987\" data-caption=\"\" aria-label=\"Open image in lightbox\" role=\"button\" class=\"tile-inner modula-item-link\"><\/a>\n\t\t\n\t\t<img loading=\"lazy\" decoding=\"async\" class=\"pic wp-image-19994\"  data-valign=\"middle\" data-halign=\"center\" alt=\"\" data-full=\"https:\/\/www.santjosep.net\/wp-content\/uploads\/2020\/01\/DSC7698.jpg\" title=\"_DSC7698\" width=\"1600\" height=\"2000\" src=\"https:\/\/www.santjosep.net\/wp-content\/uploads\/2020\/01\/DSC7698.jpg\" data-src=\"https:\/\/www.santjosep.net\/wp-content\/uploads\/2020\/01\/DSC7698.jpg\" data-caption=\"\" srcset=\"https:\/\/www.santjosep.net\/wp-content\/uploads\/2020\/01\/DSC7698.jpg 1600w, https:\/\/www.santjosep.net\/wp-content\/uploads\/2020\/01\/DSC7698-240x300.jpg 240w, https:\/\/www.santjosep.net\/wp-content\/uploads\/2020\/01\/DSC7698-819x1024.jpg 819w, https:\/\/www.santjosep.net\/wp-content\/uploads\/2020\/01\/DSC7698-768x960.jpg 768w, https:\/\/www.santjosep.net\/wp-content\/uploads\/2020\/01\/DSC7698-1229x1536.jpg 1229w\" sizes=\"auto, (max-width: 1600px) 100vw, 1600px\" \/>\n\t<\/div>\n\n<\/div><div class=\"modula-item\" data-width=\"7\" data-height=\"4\" >\n\t<div class=\"modula-item-content\">\n\t\t\n\t\t\t\t\t<a data-image-id=\"19999\" tabindex=\"0\" rel=\"jtg-19987\" data-caption=\"\" aria-label=\"Open image in lightbox\" role=\"button\" class=\"tile-inner modula-item-link\"><\/a>\n\t\t\n\t\t<img loading=\"lazy\" decoding=\"async\" class=\"pic wp-image-19999\"  data-valign=\"middle\" data-halign=\"center\" alt=\"\" data-full=\"https:\/\/www.santjosep.net\/wp-content\/uploads\/2020\/01\/DSC9225.jpg\" title=\"_DSC9225\" width=\"2000\" height=\"1333\" src=\"https:\/\/www.santjosep.net\/wp-content\/uploads\/2020\/01\/DSC9225.jpg\" data-src=\"https:\/\/www.santjosep.net\/wp-content\/uploads\/2020\/01\/DSC9225.jpg\" data-caption=\"\" srcset=\"https:\/\/www.santjosep.net\/wp-content\/uploads\/2020\/01\/DSC9225.jpg 2000w, https:\/\/www.santjosep.net\/wp-content\/uploads\/2020\/01\/DSC9225-300x200.jpg 300w, https:\/\/www.santjosep.net\/wp-content\/uploads\/2020\/01\/DSC9225-1024x682.jpg 1024w, https:\/\/www.santjosep.net\/wp-content\/uploads\/2020\/01\/DSC9225-768x512.jpg 768w, https:\/\/www.santjosep.net\/wp-content\/uploads\/2020\/01\/DSC9225-1536x1024.jpg 1536w\" sizes=\"auto, (max-width: 2000px) 100vw, 2000px\" \/>\n\t<\/div>\n\n<\/div><div class=\"modula-item\" data-width=\"7\" data-height=\"6\" >\n\t<div class=\"modula-item-content\">\n\t\t\n\t\t\t\t\t<a data-image-id=\"20010\" tabindex=\"0\" rel=\"jtg-19987\" data-caption=\"\" aria-label=\"Open image in lightbox\" role=\"button\" class=\"tile-inner modula-item-link\"><\/a>\n\t\t\n\t\t<img loading=\"lazy\" decoding=\"async\" class=\"pic wp-image-20010\"  data-valign=\"middle\" data-halign=\"center\" alt=\"\" data-full=\"https:\/\/www.santjosep.net\/wp-content\/uploads\/2020\/01\/DSC9391.jpg\" title=\"_DSC9391\" width=\"1333\" height=\"2000\" src=\"https:\/\/www.santjosep.net\/wp-content\/uploads\/2020\/01\/DSC9391.jpg\" data-src=\"https:\/\/www.santjosep.net\/wp-content\/uploads\/2020\/01\/DSC9391.jpg\" data-caption=\"\" srcset=\"https:\/\/www.santjosep.net\/wp-content\/uploads\/2020\/01\/DSC9391.jpg 1333w, https:\/\/www.santjosep.net\/wp-content\/uploads\/2020\/01\/DSC9391-200x300.jpg 200w, https:\/\/www.santjosep.net\/wp-content\/uploads\/2020\/01\/DSC9391-682x1024.jpg 682w, https:\/\/www.santjosep.net\/wp-content\/uploads\/2020\/01\/DSC9391-768x1152.jpg 768w, https:\/\/www.santjosep.net\/wp-content\/uploads\/2020\/01\/DSC9391-1024x1536.jpg 1024w\" sizes=\"auto, (max-width: 1333px) 100vw, 1333px\" \/>\n\t<\/div>\n\n<\/div><div class=\"modula-item\" data-width=\"5\" data-height=\"4\" >\n\t<div class=\"modula-item-content\">\n\t\t\n\t\t\t\t\t<a data-image-id=\"20015\" tabindex=\"0\" rel=\"jtg-19987\" data-caption=\"\" aria-label=\"Open image in lightbox\" role=\"button\" class=\"tile-inner modula-item-link\"><\/a>\n\t\t\n\t\t<img loading=\"lazy\" decoding=\"async\" class=\"pic wp-image-20015\"  data-valign=\"middle\" data-halign=\"center\" alt=\"\" data-full=\"https:\/\/www.santjosep.net\/wp-content\/uploads\/2020\/01\/DSC9430.jpg\" title=\"_DSC9430\" width=\"1333\" height=\"2000\" src=\"https:\/\/www.santjosep.net\/wp-content\/uploads\/2020\/01\/DSC9430.jpg\" data-src=\"https:\/\/www.santjosep.net\/wp-content\/uploads\/2020\/01\/DSC9430.jpg\" data-caption=\"\" srcset=\"https:\/\/www.santjosep.net\/wp-content\/uploads\/2020\/01\/DSC9430.jpg 1333w, https:\/\/www.santjosep.net\/wp-content\/uploads\/2020\/01\/DSC9430-200x300.jpg 200w, https:\/\/www.santjosep.net\/wp-content\/uploads\/2020\/01\/DSC9430-682x1024.jpg 682w, https:\/\/www.santjosep.net\/wp-content\/uploads\/2020\/01\/DSC9430-768x1152.jpg 768w, https:\/\/www.santjosep.net\/wp-content\/uploads\/2020\/01\/DSC9430-1024x1536.jpg 1024w\" sizes=\"auto, (max-width: 1333px) 100vw, 1333px\" \/>\n\t<\/div>\n\n<\/div>\t\t\n\t<\/div>\n\n\t\n\t\n\t<script type=\"application\/ld+json\">\n\t{\n\t\t\"@context\": \"http:\/\/schema.org\",\n\t\t\"@type\"   : \"ImageGallery\",\n\t\t\"id\"      : \"https:\/\/www.santjosep.net\/ca\/ball-pages-un-ritual-ancestral-en-plena-forma\/\",\n\t\t\"url\"     : \"https:\/\/www.santjosep.net\/ca\/ball-pages-un-ritual-ancestral-en-plena-forma\/\"\n\t}\n\n\t<\/script>\n\n\t\n<\/div>\n\n<p>D\u2019altra banda, la m\u00fasica que acompanya el ball pag\u00e8s, molt marcada per la seva potent percussi\u00f3, \u00e9s creada per les castanyoles (una amb un so m\u00e9s greu que l\u2019altra),<strong> el tambor i la fla\u00fcta <\/strong>(flauta de fusta t\u00edpica d\u2019Eivissa), als quals se\u2019ls afegeix l\u2019espas\u00ed (espasa met\u00e0l\u00b7lica que s\u2019utilitza de base de percussi\u00f3) quan s\u2019interpreta la modalitat de caramelles, el cant ancestral que a Eivissa se sent per Nadal.<\/p>\n<p>El ball pag\u00e8s serveix tamb\u00e9 com a pretext perqu\u00e8 els participants exhibeixin les seves millors gales. L\u2019home acostuma a vestir un faix\u00ed vermell i camisa i pantalons blancs; corona el seu cap amb una boina vermella, molt semblant a la barretina. Sol portar una armilla negra i un mocador de color groc. El vestit de la dona, d\u2019altra banda, \u00e9s espectacular i consta d\u2019\u00e0mplies faldilles formades per diversos enagos i puntes. S\u2019acompanya d\u2019un gip\u00f3 i un mocador de blonda al cap. I, per sobre de tot aix\u00f2, el complement per excel\u00b7l\u00e8ncia: l\u2019emprendada, l\u2019exclusiu conjunt de joies que la dona exhibia com a mostra del seu estatus social. L\u2019or, la plata, el nacre i el corall vermell es combinen en peces de delicades formes executades amb mestratge artesanal.<\/p>\n<div id=\"attachment_19988\" style=\"width: 2010px\" class=\"wp-caption alignnone\"><img loading=\"lazy\" decoding=\"async\" aria-describedby=\"caption-attachment-19988\" class=\"wp-image-19988 size-full\" src=\"https:\/\/www.santjosep.net\/wp-content\/uploads\/2020\/01\/DSC7917.jpg\" alt=\"\" width=\"2000\" height=\"1333\" srcset=\"https:\/\/www.santjosep.net\/wp-content\/uploads\/2020\/01\/DSC7917.jpg 2000w, https:\/\/www.santjosep.net\/wp-content\/uploads\/2020\/01\/DSC7917-300x200.jpg 300w, https:\/\/www.santjosep.net\/wp-content\/uploads\/2020\/01\/DSC7917-1024x682.jpg 1024w, https:\/\/www.santjosep.net\/wp-content\/uploads\/2020\/01\/DSC7917-768x512.jpg 768w, https:\/\/www.santjosep.net\/wp-content\/uploads\/2020\/01\/DSC7917-1536x1024.jpg 1536w\" sizes=\"auto, (max-width: 2000px) 100vw, 2000px\" \/><p id=\"caption-attachment-19988\" class=\"wp-caption-text\">La emprendada eivissenca<\/p><\/div>\n<p>Actualment el ball pag\u00e8s viu una \u00e8poca daurada gr\u00e0cies a la passi\u00f3 i dedicaci\u00f3 que les noves generacions de balladors i sonadors aporten a la difusi\u00f3 d\u2019aquest ric patrimoni cultural. El municipi de Sant Josep t\u00e9 el privilegi de disposar de tres colles que el promouen i el difonen a trav\u00e9s de m\u00faltiples esdeveniments dins i fora de les nostres fronteres: la colla del Grup Folkl\u00f2ric Sant Josep de sa Talaia, la colla de Sant Jordi i la colla des Vedr\u00e0<\/p>\n<p><strong>El Grup Folkl\u00f2ric Sant Josep de sa Talaia<\/strong> va iniciar el seu cam\u00ed el 1980 i s\u2019ha orientat a la recuperaci\u00f3 de les festes populars i a transmetre als m\u00e9s joves els costums heretats dels m\u00e9s grans. Ha participat en festivals nacionals i internacionals (Fran\u00e7a, Su\u00e8cia, B\u00e8lgica, Anglaterra, Portugal).<\/p>\n<p><strong>La colla de Sant Jordi (Grup Folkl\u00f2ric Sant Jordi de ses Salines)<\/strong> es va crear el 1982 amb l\u2019objectiu d\u2019investigar, recuperar, ensenyar, divulgar i fomentar els costums i el folklore eivissenc. T\u00e9 uns 60 membres, entre balladors i sonadors (m\u00fasics). Organitza cursos per a l\u2019elaboraci\u00f3 de peces i instruments t\u00edpics, i tamb\u00e9 xerrades i classes per difondre costums i tradicions de l\u2019illa. Ha participat en diversos festivals nacionals i internacionals (Alemanya, Xipre, Portugal, Fran\u00e7a, Su\u00efssa, \u00c0ustria).<\/p>\n<div id=\"attachment_20020\" style=\"width: 2010px\" class=\"wp-caption alignnone\"><img loading=\"lazy\" decoding=\"async\" aria-describedby=\"caption-attachment-20020\" class=\"wp-image-20020 size-full\" src=\"https:\/\/www.santjosep.net\/wp-content\/uploads\/2020\/01\/DSC8005.jpg\" alt=\"\" width=\"2000\" height=\"1333\" srcset=\"https:\/\/www.santjosep.net\/wp-content\/uploads\/2020\/01\/DSC8005.jpg 2000w, https:\/\/www.santjosep.net\/wp-content\/uploads\/2020\/01\/DSC8005-300x200.jpg 300w, https:\/\/www.santjosep.net\/wp-content\/uploads\/2020\/01\/DSC8005-1024x682.jpg 1024w, https:\/\/www.santjosep.net\/wp-content\/uploads\/2020\/01\/DSC8005-768x512.jpg 768w, https:\/\/www.santjosep.net\/wp-content\/uploads\/2020\/01\/DSC8005-1536x1024.jpg 1536w\" sizes=\"auto, (max-width: 2000px) 100vw, 2000px\" \/><p id=\"caption-attachment-20020\" class=\"wp-caption-text\">Mostra de Ball Pag\u00e8s a l&#8217;esgl\u00e9sia de Sant Agust\u00ed<\/p><\/div>\n<p><strong>La Colla des Vedr\u00e0,<\/strong> d\u2019altra banda, es va constituir a Sant Agust\u00ed el 1981 per preservar l\u2019her\u00e8ncia cultural transmesa per les generacions precedents i promoure\u2019n la difusi\u00f3 entre els joves i el p\u00fablic en general. Des de la seva creaci\u00f3, el grup ha utilitzat el ball, la m\u00fasica, els vestits i els instruments com a punt de partida per a la divulgaci\u00f3 de la cultura i la tradici\u00f3 eivissenca i t\u00e9 una intens\u00edssima agenda anual de cursos, trobades, concursos, esdeveniments i festivals.<\/p>\n","protected":false},"excerpt":{"rendered":"<p>El ball pag\u00e8s \u00e9s el ball t\u00edpic de les Piti\u00fcses i un dels patrimonis culturals amb m\u00e9s pes espec\u00edfic de les illes. El seu colorit, el seu ritme i la seva coreografia sembla que ens traslladin a \u00e8poques i indrets [&hellip;]<\/p>\n","protected":false},"author":1,"featured_media":21190,"comment_status":"open","ping_status":"open","sticky":false,"template":"","format":"standard","meta":{"_acf_changed":false,"inline_featured_image":false,"footnotes":""},"categories":[310],"tags":[],"class_list":["post-20044","post","type-post","status-publish","format-standard","has-post-thumbnail","hentry","category-tradicions-ca"],"acf":[],"geo":null,"yoast_head":"<!-- This site is optimized with the Yoast SEO plugin v25.7 - https:\/\/yoast.com\/wordpress\/plugins\/seo\/ -->\n<title>Ball pag\u00e8s, un ritual ancestral en plena forma - Santjosep.net<\/title>\n<meta name=\"robots\" content=\"index, follow, max-snippet:-1, max-image-preview:large, max-video-preview:-1\" \/>\n<link rel=\"canonical\" href=\"https:\/\/www.santjosep.net\/ca\/ball-pages-un-ritual-ancestral-en-plena-forma\/\" \/>\n<meta property=\"og:locale\" content=\"ca_ES\" \/>\n<meta property=\"og:type\" content=\"article\" \/>\n<meta property=\"og:title\" content=\"Ball pag\u00e8s, un ritual ancestral en plena forma - Santjosep.net\" \/>\n<meta property=\"og:description\" content=\"El ball pag\u00e8s \u00e9s el ball t\u00edpic de les Piti\u00fcses i un dels patrimonis culturals amb m\u00e9s pes espec\u00edfic de les illes. El seu colorit, el seu ritme i la seva coreografia sembla que ens traslladin a \u00e8poques i indrets [&hellip;]\" \/>\n<meta property=\"og:url\" content=\"https:\/\/www.santjosep.net\/ca\/ball-pages-un-ritual-ancestral-en-plena-forma\/\" \/>\n<meta property=\"og:site_name\" content=\"Santjosep.net\" \/>\n<meta property=\"article:published_time\" content=\"2020-01-22T14:26:54+00:00\" \/>\n<meta property=\"article:modified_time\" content=\"2020-01-24T08:01:32+00:00\" \/>\n<meta property=\"og:image\" content=\"https:\/\/www.santjosep.net\/wp-content\/uploads\/2020\/01\/Ballpages-1.jpg\" \/>\n\t<meta property=\"og:image:width\" content=\"2000\" \/>\n\t<meta property=\"og:image:height\" content=\"1500\" \/>\n\t<meta property=\"og:image:type\" content=\"image\/jpeg\" \/>\n<meta name=\"author\" content=\"Sant Josep\" \/>\n<meta name=\"twitter:card\" content=\"summary_large_image\" \/>\n<meta name=\"twitter:label1\" content=\"Escrit per\" \/>\n\t<meta name=\"twitter:data1\" content=\"Sant Josep\" \/>\n\t<meta name=\"twitter:label2\" content=\"Temps estimat de lectura\" \/>\n\t<meta name=\"twitter:data2\" content=\"5 minuts\" \/>\n<script type=\"application\/ld+json\" class=\"yoast-schema-graph\">{\"@context\":\"https:\/\/schema.org\",\"@graph\":[{\"@type\":\"WebPage\",\"@id\":\"https:\/\/www.santjosep.net\/ca\/ball-pages-un-ritual-ancestral-en-plena-forma\/\",\"url\":\"https:\/\/www.santjosep.net\/ca\/ball-pages-un-ritual-ancestral-en-plena-forma\/\",\"name\":\"Ball pag\u00e8s, un ritual ancestral en plena forma - Santjosep.net\",\"isPartOf\":{\"@id\":\"https:\/\/www.santjosep.net\/#website\"},\"primaryImageOfPage\":{\"@id\":\"https:\/\/www.santjosep.net\/ca\/ball-pages-un-ritual-ancestral-en-plena-forma\/#primaryimage\"},\"image\":{\"@id\":\"https:\/\/www.santjosep.net\/ca\/ball-pages-un-ritual-ancestral-en-plena-forma\/#primaryimage\"},\"thumbnailUrl\":\"https:\/\/www.santjosep.net\/wp-content\/uploads\/2020\/01\/Ballpages-1.jpg\",\"datePublished\":\"2020-01-22T14:26:54+00:00\",\"dateModified\":\"2020-01-24T08:01:32+00:00\",\"author\":{\"@id\":\"https:\/\/www.santjosep.net\/#\/schema\/person\/b60e56f94e4e55776eb62bf4293f99b6\"},\"inLanguage\":\"ca\",\"potentialAction\":[{\"@type\":\"ReadAction\",\"target\":[\"https:\/\/www.santjosep.net\/ca\/ball-pages-un-ritual-ancestral-en-plena-forma\/\"]}]},{\"@type\":\"ImageObject\",\"inLanguage\":\"ca\",\"@id\":\"https:\/\/www.santjosep.net\/ca\/ball-pages-un-ritual-ancestral-en-plena-forma\/#primaryimage\",\"url\":\"https:\/\/www.santjosep.net\/wp-content\/uploads\/2020\/01\/Ballpages-1.jpg\",\"contentUrl\":\"https:\/\/www.santjosep.net\/wp-content\/uploads\/2020\/01\/Ballpages-1.jpg\",\"width\":2000,\"height\":1500},{\"@type\":\"WebSite\",\"@id\":\"https:\/\/www.santjosep.net\/#website\",\"url\":\"https:\/\/www.santjosep.net\/\",\"name\":\"Santjosep.net\",\"description\":\"\",\"potentialAction\":[{\"@type\":\"SearchAction\",\"target\":{\"@type\":\"EntryPoint\",\"urlTemplate\":\"https:\/\/www.santjosep.net\/?s={search_term_string}\"},\"query-input\":{\"@type\":\"PropertyValueSpecification\",\"valueRequired\":true,\"valueName\":\"search_term_string\"}}],\"inLanguage\":\"ca\"},{\"@type\":\"Person\",\"@id\":\"https:\/\/www.santjosep.net\/#\/schema\/person\/b60e56f94e4e55776eb62bf4293f99b6\",\"name\":\"Sant Josep\",\"image\":{\"@type\":\"ImageObject\",\"inLanguage\":\"ca\",\"@id\":\"https:\/\/www.santjosep.net\/#\/schema\/person\/image\/\",\"url\":\"https:\/\/secure.gravatar.com\/avatar\/2f4071817a97d2499c5aae9674ee15015b5a3c7c0974ca84f095a8e4aadcda56?s=96&d=mm&r=g\",\"contentUrl\":\"https:\/\/secure.gravatar.com\/avatar\/2f4071817a97d2499c5aae9674ee15015b5a3c7c0974ca84f095a8e4aadcda56?s=96&d=mm&r=g\",\"caption\":\"Sant Josep\"},\"url\":\"https:\/\/www.santjosep.net\/ca\/author\/fugrafic\/\"}]}<\/script>\n<!-- \/ Yoast SEO plugin. -->","yoast_head_json":{"title":"Ball pag\u00e8s, un ritual ancestral en plena forma - Santjosep.net","robots":{"index":"index","follow":"follow","max-snippet":"max-snippet:-1","max-image-preview":"max-image-preview:large","max-video-preview":"max-video-preview:-1"},"canonical":"https:\/\/www.santjosep.net\/ca\/ball-pages-un-ritual-ancestral-en-plena-forma\/","og_locale":"ca_ES","og_type":"article","og_title":"Ball pag\u00e8s, un ritual ancestral en plena forma - Santjosep.net","og_description":"El ball pag\u00e8s \u00e9s el ball t\u00edpic de les Piti\u00fcses i un dels patrimonis culturals amb m\u00e9s pes espec\u00edfic de les illes. El seu colorit, el seu ritme i la seva coreografia sembla que ens traslladin a \u00e8poques i indrets [&hellip;]","og_url":"https:\/\/www.santjosep.net\/ca\/ball-pages-un-ritual-ancestral-en-plena-forma\/","og_site_name":"Santjosep.net","article_published_time":"2020-01-22T14:26:54+00:00","article_modified_time":"2020-01-24T08:01:32+00:00","og_image":[{"width":2000,"height":1500,"url":"https:\/\/www.santjosep.net\/wp-content\/uploads\/2020\/01\/Ballpages-1.jpg","type":"image\/jpeg"}],"author":"Sant Josep","twitter_card":"summary_large_image","twitter_misc":{"Escrit per":"Sant Josep","Temps estimat de lectura":"5 minuts"},"schema":{"@context":"https:\/\/schema.org","@graph":[{"@type":"WebPage","@id":"https:\/\/www.santjosep.net\/ca\/ball-pages-un-ritual-ancestral-en-plena-forma\/","url":"https:\/\/www.santjosep.net\/ca\/ball-pages-un-ritual-ancestral-en-plena-forma\/","name":"Ball pag\u00e8s, un ritual ancestral en plena forma - Santjosep.net","isPartOf":{"@id":"https:\/\/www.santjosep.net\/#website"},"primaryImageOfPage":{"@id":"https:\/\/www.santjosep.net\/ca\/ball-pages-un-ritual-ancestral-en-plena-forma\/#primaryimage"},"image":{"@id":"https:\/\/www.santjosep.net\/ca\/ball-pages-un-ritual-ancestral-en-plena-forma\/#primaryimage"},"thumbnailUrl":"https:\/\/www.santjosep.net\/wp-content\/uploads\/2020\/01\/Ballpages-1.jpg","datePublished":"2020-01-22T14:26:54+00:00","dateModified":"2020-01-24T08:01:32+00:00","author":{"@id":"https:\/\/www.santjosep.net\/#\/schema\/person\/b60e56f94e4e55776eb62bf4293f99b6"},"inLanguage":"ca","potentialAction":[{"@type":"ReadAction","target":["https:\/\/www.santjosep.net\/ca\/ball-pages-un-ritual-ancestral-en-plena-forma\/"]}]},{"@type":"ImageObject","inLanguage":"ca","@id":"https:\/\/www.santjosep.net\/ca\/ball-pages-un-ritual-ancestral-en-plena-forma\/#primaryimage","url":"https:\/\/www.santjosep.net\/wp-content\/uploads\/2020\/01\/Ballpages-1.jpg","contentUrl":"https:\/\/www.santjosep.net\/wp-content\/uploads\/2020\/01\/Ballpages-1.jpg","width":2000,"height":1500},{"@type":"WebSite","@id":"https:\/\/www.santjosep.net\/#website","url":"https:\/\/www.santjosep.net\/","name":"Santjosep.net","description":"","potentialAction":[{"@type":"SearchAction","target":{"@type":"EntryPoint","urlTemplate":"https:\/\/www.santjosep.net\/?s={search_term_string}"},"query-input":{"@type":"PropertyValueSpecification","valueRequired":true,"valueName":"search_term_string"}}],"inLanguage":"ca"},{"@type":"Person","@id":"https:\/\/www.santjosep.net\/#\/schema\/person\/b60e56f94e4e55776eb62bf4293f99b6","name":"Sant Josep","image":{"@type":"ImageObject","inLanguage":"ca","@id":"https:\/\/www.santjosep.net\/#\/schema\/person\/image\/","url":"https:\/\/secure.gravatar.com\/avatar\/2f4071817a97d2499c5aae9674ee15015b5a3c7c0974ca84f095a8e4aadcda56?s=96&d=mm&r=g","contentUrl":"https:\/\/secure.gravatar.com\/avatar\/2f4071817a97d2499c5aae9674ee15015b5a3c7c0974ca84f095a8e4aadcda56?s=96&d=mm&r=g","caption":"Sant Josep"},"url":"https:\/\/www.santjosep.net\/ca\/author\/fugrafic\/"}]}},"_links":{"self":[{"href":"https:\/\/www.santjosep.net\/ca\/wp-json\/wp\/v2\/posts\/20044","targetHints":{"allow":["GET"]}}],"collection":[{"href":"https:\/\/www.santjosep.net\/ca\/wp-json\/wp\/v2\/posts"}],"about":[{"href":"https:\/\/www.santjosep.net\/ca\/wp-json\/wp\/v2\/types\/post"}],"author":[{"embeddable":true,"href":"https:\/\/www.santjosep.net\/ca\/wp-json\/wp\/v2\/users\/1"}],"replies":[{"embeddable":true,"href":"https:\/\/www.santjosep.net\/ca\/wp-json\/wp\/v2\/comments?post=20044"}],"version-history":[{"count":0,"href":"https:\/\/www.santjosep.net\/ca\/wp-json\/wp\/v2\/posts\/20044\/revisions"}],"wp:featuredmedia":[{"embeddable":true,"href":"https:\/\/www.santjosep.net\/ca\/wp-json\/wp\/v2\/media\/21190"}],"wp:attachment":[{"href":"https:\/\/www.santjosep.net\/ca\/wp-json\/wp\/v2\/media?parent=20044"}],"wp:term":[{"taxonomy":"category","embeddable":true,"href":"https:\/\/www.santjosep.net\/ca\/wp-json\/wp\/v2\/categories?post=20044"},{"taxonomy":"post_tag","embeddable":true,"href":"https:\/\/www.santjosep.net\/ca\/wp-json\/wp\/v2\/tags?post=20044"}],"curies":[{"name":"wp","href":"https:\/\/api.w.org\/{rel}","templated":true}]}}