{"id":15917,"date":"2019-10-29T08:35:09","date_gmt":"2019-10-29T08:35:09","guid":{"rendered":"https:\/\/www.santjosep.net\/iv-fira-de-la-sal-2019\/"},"modified":"2020-01-24T09:37:20","modified_gmt":"2020-01-24T08:37:20","slug":"iv-fira-de-la-sal-2019","status":"publish","type":"post","link":"https:\/\/www.santjosep.net\/ca\/iv-fira-de-la-sal-2019\/","title":{"rendered":"IV Fira de la Sal 2019"},"content":{"rendered":"<p>Durant els dies 25, 26 i 27 d\u2019octubre va tenir lloc a les Salines d\u2019Eivissa la<b> IV Fira de la Sal<\/b>, un esdeveniment tur\u00edstic i cultural enfocat a difondre el patrimoni i la cultura. Organitzada per l\u2019Ajuntament de Sant Josep, el Consell d\u2019Eivissa i el <b>Parc Natural de ses Salines d\u2019Eivissa i Formentera<\/b>, la Fira vol homenatjar i recordar les persones que van treballar a les salines i donar a con\u00e8ixer, mitjan\u00e7ant les diferents activitats organitzades aquests dies, les tradicions que envolten l\u2019extracci\u00f3 manual de la sal.<\/p>\n<p>&nbsp;<\/p>\n<p><b>25 d\u2019octubre de 2019<\/b><\/p>\n<ul>\n<li>Tallers i activitats infantils<\/li>\n<li>Exposici\u00f3 &#8220;El bosc mediterrani&#8221; del fot\u00f2graf Joan Costa, amb textos de F. Xavier Mas Ferr\u00e0<\/li>\n<\/ul>\n<p><iframe loading=\"lazy\" src=\"https:\/\/player.vimeo.com\/video\/369510389\" width=\"640\" height=\"360\" frameborder=\"0\" allowfullscreen=\"allowfullscreen\"><\/iframe><\/p>\n<p>&nbsp;<\/p>\n<p><b>26 d\u2019octubre de 2019<\/b><\/p>\n<ul>\n<li>Mercat d\u2019artesania<\/li>\n<li>I Concurs Gastron\u00f2mic Popular Fira de la Sal<\/li>\n<li>Tallers infantils<\/li>\n<li><i>Showcooking<\/i> saliner<\/li>\n<li>Taller de salatge d\u2019aliments tradicionals<\/li>\n<\/ul>\n<p><iframe loading=\"lazy\" src=\"https:\/\/player.vimeo.com\/video\/369510489\" width=\"640\" height=\"360\" frameborder=\"0\" allowfullscreen=\"allowfullscreen\"><\/iframe><\/p>\n<p>&nbsp;<\/p>\n<p><b>27 d\u2019octubre de 2019<\/b><\/p>\n<ul>\n<li>Inauguraci\u00f3 oficial amb un foguer\u00f3 i ball pag\u00e8s<\/li>\n<li>Ruta Nordic Walking Fira de la Sal<\/li>\n<li>Visites teatralitzades &#8220;El valent vigilant de la torre&#8221;<\/li>\n<li>Exposici\u00f3 &#8220;Som un poble saliner&#8221;, per Joan Costa<\/li>\n<li>Recollida manual de la sal<\/li>\n<\/ul>\n<p><iframe loading=\"lazy\" src=\"https:\/\/player.vimeo.com\/video\/369510578\" width=\"640\" height=\"360\" frameborder=\"0\" allowfullscreen=\"allowfullscreen\"><\/iframe><br \/>\n<strong><br \/>\n<\/strong><\/p>\n","protected":false},"excerpt":{"rendered":"<p>Durant els dies 25, 26 i 27 d\u2019octubre va tenir lloc a les Salines d\u2019Eivissa la IV Fira de la Sal, un esdeveniment tur\u00edstic i cultural enfocat a difondre el patrimoni i la cultura. Organitzada per l\u2019Ajuntament de Sant Josep, [&hellip;]<\/p>\n","protected":false},"author":1,"featured_media":21316,"comment_status":"open","ping_status":"open","sticky":false,"template":"","format":"standard","meta":{"_acf_changed":false,"inline_featured_image":false,"footnotes":""},"categories":[208,296],"tags":[],"class_list":["post-15917","post","type-post","status-publish","format-standard","has-post-thumbnail","hentry","category-esdeveniments-ca","category-patrimonio-ca"],"acf":[],"geo":null,"yoast_head":"<!-- This site is optimized with the Yoast SEO plugin v25.7 - https:\/\/yoast.com\/wordpress\/plugins\/seo\/ -->\n<title>IV Fira de la Sal 2019 - Santjosep.net<\/title>\n<meta name=\"robots\" content=\"index, follow, max-snippet:-1, max-image-preview:large, max-video-preview:-1\" \/>\n<link rel=\"canonical\" href=\"https:\/\/www.santjosep.net\/ca\/iv-fira-de-la-sal-2019\/\" \/>\n<meta property=\"og:locale\" content=\"ca_ES\" \/>\n<meta property=\"og:type\" content=\"article\" \/>\n<meta property=\"og:title\" content=\"IV Fira de la Sal 2019 - Santjosep.net\" \/>\n<meta property=\"og:description\" content=\"Durant els dies 25, 26 i 27 d\u2019octubre va tenir lloc a les Salines d\u2019Eivissa la IV Fira de la Sal, un esdeveniment tur\u00edstic i cultural enfocat a difondre el patrimoni i la cultura. Organitzada per l\u2019Ajuntament de Sant Josep, [&hellip;]\" \/>\n<meta property=\"og:url\" content=\"https:\/\/www.santjosep.net\/ca\/iv-fira-de-la-sal-2019\/\" \/>\n<meta property=\"og:site_name\" content=\"Santjosep.net\" \/>\n<meta property=\"article:published_time\" content=\"2019-10-29T08:35:09+00:00\" \/>\n<meta property=\"article:modified_time\" content=\"2020-01-24T08:37:20+00:00\" \/>\n<meta property=\"og:image\" content=\"https:\/\/www.santjosep.net\/wp-content\/uploads\/2017\/11\/firadelasal.jpg\" \/>\n\t<meta property=\"og:image:width\" content=\"2000\" \/>\n\t<meta property=\"og:image:height\" content=\"1500\" \/>\n\t<meta property=\"og:image:type\" content=\"image\/jpeg\" \/>\n<meta name=\"author\" content=\"Sant Josep\" \/>\n<meta name=\"twitter:card\" content=\"summary_large_image\" \/>\n<meta name=\"twitter:label1\" content=\"Escrit per\" \/>\n\t<meta name=\"twitter:data1\" content=\"Sant Josep\" \/>\n\t<meta name=\"twitter:label2\" content=\"Temps estimat de lectura\" \/>\n\t<meta name=\"twitter:data2\" content=\"1 minut\" \/>\n<script type=\"application\/ld+json\" class=\"yoast-schema-graph\">{\"@context\":\"https:\/\/schema.org\",\"@graph\":[{\"@type\":\"WebPage\",\"@id\":\"https:\/\/www.santjosep.net\/ca\/iv-fira-de-la-sal-2019\/\",\"url\":\"https:\/\/www.santjosep.net\/ca\/iv-fira-de-la-sal-2019\/\",\"name\":\"IV Fira de la Sal 2019 - Santjosep.net\",\"isPartOf\":{\"@id\":\"https:\/\/www.santjosep.net\/#website\"},\"primaryImageOfPage\":{\"@id\":\"https:\/\/www.santjosep.net\/ca\/iv-fira-de-la-sal-2019\/#primaryimage\"},\"image\":{\"@id\":\"https:\/\/www.santjosep.net\/ca\/iv-fira-de-la-sal-2019\/#primaryimage\"},\"thumbnailUrl\":\"https:\/\/www.santjosep.net\/wp-content\/uploads\/2017\/11\/firadelasal.jpg\",\"datePublished\":\"2019-10-29T08:35:09+00:00\",\"dateModified\":\"2020-01-24T08:37:20+00:00\",\"author\":{\"@id\":\"https:\/\/www.santjosep.net\/#\/schema\/person\/b60e56f94e4e55776eb62bf4293f99b6\"},\"inLanguage\":\"ca\",\"potentialAction\":[{\"@type\":\"ReadAction\",\"target\":[\"https:\/\/www.santjosep.net\/ca\/iv-fira-de-la-sal-2019\/\"]}]},{\"@type\":\"ImageObject\",\"inLanguage\":\"ca\",\"@id\":\"https:\/\/www.santjosep.net\/ca\/iv-fira-de-la-sal-2019\/#primaryimage\",\"url\":\"https:\/\/www.santjosep.net\/wp-content\/uploads\/2017\/11\/firadelasal.jpg\",\"contentUrl\":\"https:\/\/www.santjosep.net\/wp-content\/uploads\/2017\/11\/firadelasal.jpg\",\"width\":2000,\"height\":1500},{\"@type\":\"WebSite\",\"@id\":\"https:\/\/www.santjosep.net\/#website\",\"url\":\"https:\/\/www.santjosep.net\/\",\"name\":\"Santjosep.net\",\"description\":\"\",\"potentialAction\":[{\"@type\":\"SearchAction\",\"target\":{\"@type\":\"EntryPoint\",\"urlTemplate\":\"https:\/\/www.santjosep.net\/?s={search_term_string}\"},\"query-input\":{\"@type\":\"PropertyValueSpecification\",\"valueRequired\":true,\"valueName\":\"search_term_string\"}}],\"inLanguage\":\"ca\"},{\"@type\":\"Person\",\"@id\":\"https:\/\/www.santjosep.net\/#\/schema\/person\/b60e56f94e4e55776eb62bf4293f99b6\",\"name\":\"Sant Josep\",\"image\":{\"@type\":\"ImageObject\",\"inLanguage\":\"ca\",\"@id\":\"https:\/\/www.santjosep.net\/#\/schema\/person\/image\/\",\"url\":\"https:\/\/secure.gravatar.com\/avatar\/2f4071817a97d2499c5aae9674ee15015b5a3c7c0974ca84f095a8e4aadcda56?s=96&d=mm&r=g\",\"contentUrl\":\"https:\/\/secure.gravatar.com\/avatar\/2f4071817a97d2499c5aae9674ee15015b5a3c7c0974ca84f095a8e4aadcda56?s=96&d=mm&r=g\",\"caption\":\"Sant Josep\"},\"url\":\"https:\/\/www.santjosep.net\/ca\/author\/fugrafic\/\"}]}<\/script>\n<!-- \/ Yoast SEO plugin. -->","yoast_head_json":{"title":"IV Fira de la Sal 2019 - Santjosep.net","robots":{"index":"index","follow":"follow","max-snippet":"max-snippet:-1","max-image-preview":"max-image-preview:large","max-video-preview":"max-video-preview:-1"},"canonical":"https:\/\/www.santjosep.net\/ca\/iv-fira-de-la-sal-2019\/","og_locale":"ca_ES","og_type":"article","og_title":"IV Fira de la Sal 2019 - Santjosep.net","og_description":"Durant els dies 25, 26 i 27 d\u2019octubre va tenir lloc a les Salines d\u2019Eivissa la IV Fira de la Sal, un esdeveniment tur\u00edstic i cultural enfocat a difondre el patrimoni i la cultura. Organitzada per l\u2019Ajuntament de Sant Josep, [&hellip;]","og_url":"https:\/\/www.santjosep.net\/ca\/iv-fira-de-la-sal-2019\/","og_site_name":"Santjosep.net","article_published_time":"2019-10-29T08:35:09+00:00","article_modified_time":"2020-01-24T08:37:20+00:00","og_image":[{"width":2000,"height":1500,"url":"https:\/\/www.santjosep.net\/wp-content\/uploads\/2017\/11\/firadelasal.jpg","type":"image\/jpeg"}],"author":"Sant Josep","twitter_card":"summary_large_image","twitter_misc":{"Escrit per":"Sant Josep","Temps estimat de lectura":"1 minut"},"schema":{"@context":"https:\/\/schema.org","@graph":[{"@type":"WebPage","@id":"https:\/\/www.santjosep.net\/ca\/iv-fira-de-la-sal-2019\/","url":"https:\/\/www.santjosep.net\/ca\/iv-fira-de-la-sal-2019\/","name":"IV Fira de la Sal 2019 - Santjosep.net","isPartOf":{"@id":"https:\/\/www.santjosep.net\/#website"},"primaryImageOfPage":{"@id":"https:\/\/www.santjosep.net\/ca\/iv-fira-de-la-sal-2019\/#primaryimage"},"image":{"@id":"https:\/\/www.santjosep.net\/ca\/iv-fira-de-la-sal-2019\/#primaryimage"},"thumbnailUrl":"https:\/\/www.santjosep.net\/wp-content\/uploads\/2017\/11\/firadelasal.jpg","datePublished":"2019-10-29T08:35:09+00:00","dateModified":"2020-01-24T08:37:20+00:00","author":{"@id":"https:\/\/www.santjosep.net\/#\/schema\/person\/b60e56f94e4e55776eb62bf4293f99b6"},"inLanguage":"ca","potentialAction":[{"@type":"ReadAction","target":["https:\/\/www.santjosep.net\/ca\/iv-fira-de-la-sal-2019\/"]}]},{"@type":"ImageObject","inLanguage":"ca","@id":"https:\/\/www.santjosep.net\/ca\/iv-fira-de-la-sal-2019\/#primaryimage","url":"https:\/\/www.santjosep.net\/wp-content\/uploads\/2017\/11\/firadelasal.jpg","contentUrl":"https:\/\/www.santjosep.net\/wp-content\/uploads\/2017\/11\/firadelasal.jpg","width":2000,"height":1500},{"@type":"WebSite","@id":"https:\/\/www.santjosep.net\/#website","url":"https:\/\/www.santjosep.net\/","name":"Santjosep.net","description":"","potentialAction":[{"@type":"SearchAction","target":{"@type":"EntryPoint","urlTemplate":"https:\/\/www.santjosep.net\/?s={search_term_string}"},"query-input":{"@type":"PropertyValueSpecification","valueRequired":true,"valueName":"search_term_string"}}],"inLanguage":"ca"},{"@type":"Person","@id":"https:\/\/www.santjosep.net\/#\/schema\/person\/b60e56f94e4e55776eb62bf4293f99b6","name":"Sant Josep","image":{"@type":"ImageObject","inLanguage":"ca","@id":"https:\/\/www.santjosep.net\/#\/schema\/person\/image\/","url":"https:\/\/secure.gravatar.com\/avatar\/2f4071817a97d2499c5aae9674ee15015b5a3c7c0974ca84f095a8e4aadcda56?s=96&d=mm&r=g","contentUrl":"https:\/\/secure.gravatar.com\/avatar\/2f4071817a97d2499c5aae9674ee15015b5a3c7c0974ca84f095a8e4aadcda56?s=96&d=mm&r=g","caption":"Sant Josep"},"url":"https:\/\/www.santjosep.net\/ca\/author\/fugrafic\/"}]}},"_links":{"self":[{"href":"https:\/\/www.santjosep.net\/ca\/wp-json\/wp\/v2\/posts\/15917","targetHints":{"allow":["GET"]}}],"collection":[{"href":"https:\/\/www.santjosep.net\/ca\/wp-json\/wp\/v2\/posts"}],"about":[{"href":"https:\/\/www.santjosep.net\/ca\/wp-json\/wp\/v2\/types\/post"}],"author":[{"embeddable":true,"href":"https:\/\/www.santjosep.net\/ca\/wp-json\/wp\/v2\/users\/1"}],"replies":[{"embeddable":true,"href":"https:\/\/www.santjosep.net\/ca\/wp-json\/wp\/v2\/comments?post=15917"}],"version-history":[{"count":0,"href":"https:\/\/www.santjosep.net\/ca\/wp-json\/wp\/v2\/posts\/15917\/revisions"}],"wp:featuredmedia":[{"embeddable":true,"href":"https:\/\/www.santjosep.net\/ca\/wp-json\/wp\/v2\/media\/21316"}],"wp:attachment":[{"href":"https:\/\/www.santjosep.net\/ca\/wp-json\/wp\/v2\/media?parent=15917"}],"wp:term":[{"taxonomy":"category","embeddable":true,"href":"https:\/\/www.santjosep.net\/ca\/wp-json\/wp\/v2\/categories?post=15917"},{"taxonomy":"post_tag","embeddable":true,"href":"https:\/\/www.santjosep.net\/ca\/wp-json\/wp\/v2\/tags?post=15917"}],"curies":[{"name":"wp","href":"https:\/\/api.w.org\/{rel}","templated":true}]}}