{"id":14881,"date":"2019-04-24T11:59:51","date_gmt":"2019-04-24T11:59:51","guid":{"rendered":"https:\/\/www.santjosep.net\/casetas-varadero-el-hogar-del-llaut\/"},"modified":"2020-01-22T10:48:19","modified_gmt":"2020-01-22T09:48:19","slug":"casetes-varador-la-llar-del-llaut","status":"publish","type":"post","link":"https:\/\/www.santjosep.net\/ca\/casetes-varador-la-llar-del-llaut\/","title":{"rendered":"Casetes varador, la llar del lla\u00fct"},"content":{"rendered":"<p>La bella costa de Sant Josep est\u00e0 esquitxada de vestigis que ens parlen del que ha estat la hist\u00f2ria palpable del nostre municipi, de les activitats dels seus habitants, dels seus costums i la seva cultura. Una de les figures m\u00e9s caracter\u00edstiques que podem identificar f\u00e0cilment \u00e9s la de les <strong>casetes varador<\/strong>, construccions que es troben a innombrables cales i tombants de la costa i que representen l\u2019estil de vida mariner que ha conformat una part essencial de l\u2019ADN de l\u2019illa.<\/p>\n<h2>Or\u00edgens de les casetes varador<\/h2>\n<p>Els or\u00edgens de les casetes varador es remuntem a fa molts anys, at\u00e8s que hi ha indicis d\u2019activitats de pesca ja des del temps dels fenicis. \u00c9s el cas de l\u2019assentament de la denominada pen\u00ednsula de <a href=\"\/?p=12336\">sa Caleta<\/a>, en qu\u00e8 s\u2019han trobat restes antigues d\u2019una possible caseta varador, vinculada molt probablement a les activitats de pesca que fa 2.000 anys es creu que es duien a terme en aquell <strong>port fenici<\/strong>. Les casetes actuals poden tenir una antiguitat molt variable, ja que en estar exposades als temporals solen haver de ser recondicionades cada cert temps. Tot i aix\u00ed, alguna acumula <strong>m\u00e9s de mig segle d\u2019exist\u00e8ncia<\/strong>.<\/p>\n<p>Pel que fa a la part de varador, la fusta m\u00e9s utilitzada hist\u00f2ricament ha estat la<strong> savina<\/strong>, per la seva extraordin\u00e0ria <strong>duresa i resist\u00e8ncia<\/strong> a la putrefacci\u00f3. L\u2019exposici\u00f3 a l\u2019aigua salada, a m\u00e9s, li conferia una solidesa afegida fins al punt d\u2019oferir una durabilitat fins i tot superior a altres materials de tipus industrial, considerats <i>a priori<\/i> m\u00e9s fiables. La savina, a m\u00e9s, no danyava el casc dels lla\u00fcts a l\u2019hora de noliejar-los i era abundant a l\u2019illa. Actualment, el nivell de protecci\u00f3 d\u2019aquest arbre fa que es recorri a altres tipus de fusta m\u00e9s abundants i m\u00e9s prol\u00edfics.<\/p>\n<div id=\"new-royalslider-46\" class=\"royalSlider new-royalslider-46 rsDefaultInv rs-default-template\" style=\"width:100%;height:533px;;\" data-rs-options='{&quot;template&quot;:&quot;default&quot;,&quot;image_generation&quot;:{&quot;imageWidth&quot;:&quot;&quot;,&quot;imageHeight&quot;:&quot;&quot;,&quot;thumbImageWidth&quot;:&quot;&quot;,&quot;thumbImageHeight&quot;:&quot;&quot;},&quot;thumbs&quot;:{&quot;thumbWidth&quot;:96,&quot;thumbHeight&quot;:72},&quot;autoPlay&quot;:{&quot;delay&quot;:5000},&quot;fullscreen&quot;:{&quot;enabled&quot;:&quot;true&quot;},&quot;block&quot;:{&quot;moveOffset&quot;:20,&quot;speed&quot;:400,&quot;delay&quot;:200},&quot;width&quot;:&quot;100%&quot;,&quot;height&quot;:533,&quot;autoScaleSlider&quot;:&quot;true&quot;,&quot;autoScaleSliderHeight&quot;:533,&quot;imageScaleMode&quot;:&quot;fill&quot;,&quot;imageScalePadding&quot;:0,&quot;arrowsNavAutoHide&quot;:&quot;false&quot;,&quot;globalCaption&quot;:&quot;true&quot;,&quot;globalCaptionInside&quot;:&quot;true&quot;}'>\n<div class=\"rsContent\">\n  <img decoding=\"async\" class=\"rsImg\" src=\"https:\/\/www.santjosep.net\/wp-content\/uploads\/2019\/04\/P1083736-1024x768.jpg\" data-rsBigImg=\"https:\/\/www.santjosep.net\/wp-content\/uploads\/2019\/04\/P1083736.jpg\" alt=\"Sa Caleta - Casetas varadero\"\/>\n  \n  \n  \n<\/div>\n<div class=\"rsContent\">\n  <img decoding=\"async\" class=\"rsImg\" src=\"https:\/\/www.santjosep.net\/wp-content\/uploads\/2019\/04\/IMG_0792-1024x683.jpg\" data-rsBigImg=\"https:\/\/www.santjosep.net\/wp-content\/uploads\/2019\/04\/IMG_0792.jpg\" alt=\"Sa Caleta - Casetas varadero\"\/>\n  \n  \n  \n<\/div>\n<div class=\"rsContent\">\n  <img decoding=\"async\" class=\"rsImg\" src=\"https:\/\/www.santjosep.net\/wp-content\/uploads\/2019\/04\/IMG_0785-1024x683.jpg\" data-rsBigImg=\"https:\/\/www.santjosep.net\/wp-content\/uploads\/2019\/04\/IMG_0785.jpg\" alt=\"Sa Caleta - Casetas varadero\"\/>\n  \n  \n  \n<\/div>\n<div class=\"rsContent\">\n  <img decoding=\"async\" class=\"rsImg\" src=\"https:\/\/www.santjosep.net\/wp-content\/uploads\/2015\/10\/IMG_0785-1024x682.jpg\" data-rsBigImg=\"https:\/\/www.santjosep.net\/wp-content\/uploads\/2015\/10\/IMG_0785.jpg\" alt=\"Sa Caleta - Casetas varadero\"\/>\n  \n  \n  \n<\/div>\n<div class=\"rsContent\">\n  <img decoding=\"async\" class=\"rsImg\" src=\"https:\/\/www.santjosep.net\/wp-content\/uploads\/2019\/04\/P1083739-1024x768.jpg\" data-rsBigImg=\"https:\/\/www.santjosep.net\/wp-content\/uploads\/2019\/04\/P1083739.jpg\" alt=\"Sa Caleta - Casetas varadero\"\/>\n  \n  \n  \n<\/div>\n<div class=\"rsContent\">\n  <img decoding=\"async\" class=\"rsImg\" src=\"https:\/\/www.santjosep.net\/wp-content\/uploads\/2015\/10\/IMG_0764-682x1024.jpg\" data-rsBigImg=\"https:\/\/www.santjosep.net\/wp-content\/uploads\/2015\/10\/IMG_0764.jpg\" alt=\"Sa Caleta - Casetas varadero\"\/>\n  \n  \n  \n<\/div>\n<div class=\"rsContent\">\n  <img decoding=\"async\" class=\"rsImg\" src=\"https:\/\/www.santjosep.net\/wp-content\/uploads\/2015\/10\/IMG_0776-1024x682.jpg\" data-rsBigImg=\"https:\/\/www.santjosep.net\/wp-content\/uploads\/2015\/10\/IMG_0776.jpg\" alt=\"Sa Caleta - Casetas varadero\"\/>\n  \n  \n  \n<\/div>\n<div class=\"rsContent\">\n  <img decoding=\"async\" class=\"rsImg\" src=\"https:\/\/www.santjosep.net\/wp-content\/uploads\/2015\/10\/IMG_0778-1024x682.jpg\" data-rsBigImg=\"https:\/\/www.santjosep.net\/wp-content\/uploads\/2015\/10\/IMG_0778.jpg\" alt=\"Sa Caleta - Casetas varadero\"\/>\n  \n  \n  \n<\/div>\n<div class=\"rsContent\">\n  <img decoding=\"async\" class=\"rsImg\" src=\"https:\/\/www.santjosep.net\/wp-content\/uploads\/2019\/04\/IMG_0782-1024x683.jpg\" data-rsBigImg=\"https:\/\/www.santjosep.net\/wp-content\/uploads\/2019\/04\/IMG_0782.jpg\" alt=\"Sa Caleta - Casetas varadero\"\/>\n  \n  \n  \n<\/div>\n\n<\/div>\n\n<h2>Funci\u00f3 de les casetes varador<\/h2>\n<p>Les casetes varador, origin\u00e0riament, van complir la missi\u00f3 principal d\u2019oferir protecci\u00f3 a les embarcacions de pesca que, hist\u00f2ricament, han correspost essencialment a la figura del<strong> lla\u00fct<\/strong>, la tradicional <strong>barca pesquera de les illes Balears<\/strong> i, per extensi\u00f3, de les<strong> Piti\u00fcses<\/strong>. Molts atribueixen la seva proced\u00e8ncia i disseny a embarcacions de l\u2019antic Egipte. De s\u00f2lida construcci\u00f3 en fusta i perfils for\u00e7a sim\u00e8trics, els lla\u00fcts van ser un mitj\u00e0 de vida essencial que calia cuidar i mantenir adequadament, per la qual cosa no podien deixar-se a l\u2019atzar de l\u2019estat de la mar. Les caracter\u00edstiques de la costa <i>josepina<\/i>, plena de cales rec\u00f2ndites molt sovint enclaustrades per penya-segats de roca o argiles, van for\u00e7ar els seus habitants a crear la seva pr\u00f2pia zona d\u2019embarcament i desembarcament, a mode de varador artesanal amb <strong>fusta de savina<\/strong>, i garantir una protecci\u00f3 m\u00ednima davant els embats de la meteorologia marina. El material de construcci\u00f3 primigeni va ser principalment el morter de fang, la pedra, la fusta i l\u2019argila per a les teulades. Ja a l\u2019era moderna, l\u2019esperit pr\u00e0ctic es va imposar i es va rec\u00f3rrer al bloc i al ciment com a materials de construcci\u00f3, m\u00e9s resistents i que requereixen menys manteniment.<\/p>\n<div id=\"attachment_14549\" style=\"width: 1010px\" class=\"wp-caption alignnone\"><img loading=\"lazy\" decoding=\"async\" aria-describedby=\"caption-attachment-14549\" class=\"wp-image-14549 size-full\" title=\"Lla\u00fct t\u00edpico Baleares\" src=\"https:\/\/www.santjosep.net\/wp-content\/uploads\/2019\/04\/OK__0000_P1085384.jpg\" alt=\"Lla\u00fct t\u00edpico Baleares - santjosep.net \" width=\"1000\" height=\"667\" srcset=\"https:\/\/www.santjosep.net\/wp-content\/uploads\/2019\/04\/OK__0000_P1085384.jpg 1000w, https:\/\/www.santjosep.net\/wp-content\/uploads\/2019\/04\/OK__0000_P1085384-250x167.jpg 250w, https:\/\/www.santjosep.net\/wp-content\/uploads\/2019\/04\/OK__0000_P1085384-300x200.jpg 300w, https:\/\/www.santjosep.net\/wp-content\/uploads\/2019\/04\/OK__0000_P1085384-768x512.jpg 768w, https:\/\/www.santjosep.net\/wp-content\/uploads\/2019\/04\/OK__0000_P1085384-900x600.jpg 900w\" sizes=\"auto, (max-width: 1000px) 100vw, 1000px\" \/><p id=\"caption-attachment-14549\" class=\"wp-caption-text\"><span lang=\"ca\" tabindex=\"0\">Imatge d&#8217;un lla\u00fct t\u00edpic de les illes Balears<\/span><\/p><\/div>\n<p>La particular est\u00e8tica de les casetes varador ha conformat bona part del <strong>paisatge m\u00e9s caracter\u00edstic<\/strong> de la nostra costa. Immortalitzades d\u2019innombrables maneres, les casetes de pescadors s\u2019han integrat com una pe\u00e7a m\u00e9s de l\u2019atractiu tur\u00edstic de <a href=\"https:\/\/www.santjosep.net\/ca\"><strong>Sant Josep<\/strong><\/a>. Al seu entorn molts visitants troben la pau i la tranquil\u00b7litat que transmet contemplar una obra que representa una de les formes de vida m\u00e9s mediterr\u00e0nies, en paratges tranquils allunyats del bullici estival. De fet, l\u2019exist\u00e8ncia de les casetes ha perm\u00e8s gaudir d\u2019empla\u00e7aments ins\u00f2lits a la costa que, d\u2019una altra manera, no serien accessibles per al visitant for\u00e0. A l\u2019ombra de les seves teulades tradicionals de canya i savina, el que en el seu moment va ser un refugi per protegir un mitj\u00e0 de vida s\u2019ha convertit en un indret de trobada per a fam\u00edlies i amics, un punt neur\u00e0lgic per a l\u2019esbargiment gastron\u00f2mic al voltant <strong>d\u2019un bullit o un guisat de peix<\/strong>, <a href=\"\/?p=12610\">plats mariners<\/a> per antonom\u00e0sia, fruits de la pesca del dia.<\/p>\n<h4><em>Les casetes s\u00f3n, des d\u2019aquest punt de vista, elements vius que, partint d\u2019un \u00fas eminentment pesquer, han evolucionat cap a un \u00fas m\u00e9s recreatiu i social.<\/em><\/h4>\n<div id=\"attachment_14554\" style=\"width: 1010px\" class=\"wp-caption alignnone\"><img loading=\"lazy\" decoding=\"async\" aria-describedby=\"caption-attachment-14554\" class=\"wp-image-14554 size-full\" title=\"Caseta varadero en Es Cavallet - Ibiza\" src=\"https:\/\/www.santjosep.net\/wp-content\/uploads\/2019\/04\/OK__0001_P1085369.jpg\" alt=\"Caseta varadero en Es Cavallet - Ibiza\" width=\"1000\" height=\"667\" srcset=\"https:\/\/www.santjosep.net\/wp-content\/uploads\/2019\/04\/OK__0001_P1085369.jpg 1000w, https:\/\/www.santjosep.net\/wp-content\/uploads\/2019\/04\/OK__0001_P1085369-300x200.jpg 300w, https:\/\/www.santjosep.net\/wp-content\/uploads\/2019\/04\/OK__0001_P1085369-768x512.jpg 768w, https:\/\/www.santjosep.net\/wp-content\/uploads\/2019\/04\/OK__0001_P1085369-900x600.jpg 900w, https:\/\/www.santjosep.net\/wp-content\/uploads\/2019\/04\/OK__0001_P1085369-250x167.jpg 250w\" sizes=\"auto, (max-width: 1000px) 100vw, 1000px\" \/><p id=\"caption-attachment-14554\" class=\"wp-caption-text\">Casetes varador a es Cavallet &#8211; Ibiza<\/p><\/div>\n<p>Aquestes construccions pesqueres han generat <strong>moltes curiositats<\/strong> entre els seus murs, moltes lligades a les dures condicions de vida en el passat. Alguns parlen de les activitats relacionades amb el furtivisme de l\u2019estraperlo o el <strong>contraban de tabac<\/strong> en \u00e8poques en qu\u00e8 el simple fet de subsistir i tirar la fam\u00edlia endavant era una constant a qu\u00e8 s\u2019havia de fer front cada dia. La pesca no sempre prove\u00efa de recursos suficients i molts van veure en la discreta ubicaci\u00f3 dels varadors el punt ideal per comerciar i treure un profit econ\u00f2mic amb el qual sustentar les necessitats de la unitat familiar. Avui, afortunadament, les coses s\u00f3n diferents i la principal prioritat del dia \u00e9s saber si les condicions del mar s\u00f3n bones per gaudir d\u2019una jornada de pesca recreativa en companyia d\u2019amics o fam\u00edlia.<\/p>\n<h2>Pla de cura i manteniment de les casetes varador<\/h2>\n<p>Les casetes varador solen <strong>agrupar-se a les cales<\/strong> que tenen un acc\u00e9s m\u00e9s favorable per a les embarcacions, mentre que a les zones amb m\u00e9s complicacions orogr\u00e0fiques acostumen a ser menys i m\u00e9s a\u00efllades. Tenim diversos exemples del primer cas al municipi de Sant Josep, com les que hi ha a <strong>sa Caleta<\/strong>, que s\u2019ha esmentat abans, o a la <a href=\"\/?p=12222\"><strong>cala de Porroig<\/strong><\/a>, al davant d\u2019una cala que ofereix protecci\u00f3 natural la major part de l\u2019any. Algunes d\u2019aquestes agrupacions han estat reconegudes per les institucions com a <strong>b\u00e9ns d\u2019inter\u00e8s cultural<\/strong> i la seva cura i manteniment t\u00e9 una normativa espec\u00edfica.<\/p>\n<p>En ser un espai en qu\u00e8 al llarg de la hist\u00f2ria s\u2019ha dut a terme una activitat tradicional, com la pesca, i en representar un mode de vida, s\u2019han dissenyat plans especials de protecci\u00f3 perqu\u00e8 aquesta figura es conservi. Aquests plans especifiquen els materials que s\u2019han d\u2019utilitzar per mantenir-les, per tal de preservar-ne les caracter\u00edstiques originals. Aix\u00f2, unit a l\u2019inter\u00e8s genu\u00ed de molts propietaris per recuperar <strong>l\u2019ess\u00e8ncia de les casetes<\/strong>, ha fet que es torni a rec\u00f3rrer a la pedra i la fusta com a elements b\u00e0sics per a la seva rehabilitaci\u00f3.<\/p>\n<div id=\"attachment_14558\" style=\"width: 1034px\" class=\"wp-caption alignnone\"><img loading=\"lazy\" decoding=\"async\" aria-describedby=\"caption-attachment-14558\" class=\"wp-image-14558 size-full\" title=\"Caetas varadero en Platges de Comte\" src=\"https:\/\/www.santjosep.net\/wp-content\/uploads\/2019\/04\/0000_IMG_7900.jpg\" alt=\"Caetas varadero en Platges de Comte\" width=\"1024\" height=\"682\" srcset=\"https:\/\/www.santjosep.net\/wp-content\/uploads\/2019\/04\/0000_IMG_7900.jpg 1024w, https:\/\/www.santjosep.net\/wp-content\/uploads\/2019\/04\/0000_IMG_7900-300x200.jpg 300w, https:\/\/www.santjosep.net\/wp-content\/uploads\/2019\/04\/0000_IMG_7900-768x512.jpg 768w, https:\/\/www.santjosep.net\/wp-content\/uploads\/2019\/04\/0000_IMG_7900-900x600.jpg 900w, https:\/\/www.santjosep.net\/wp-content\/uploads\/2019\/04\/0000_IMG_7900-250x167.jpg 250w\" sizes=\"auto, (max-width: 1024px) 100vw, 1024px\" \/><p id=\"caption-attachment-14558\" class=\"wp-caption-text\">Caetes varador Platges de Comte<\/p><\/div>\n<p>Altres empla\u00e7aments caracter\u00edstics de casetes varador s\u00f3n els que poden trobar-se a <a href=\"\/?p=12204\"><strong>cala d\u2019Hort<\/strong><\/a>, <a href=\"\/?p=12214\"><strong>cala Llentrisca<\/strong><\/a>, es Xarco i <a href=\"\/?p=12919\"><strong>platges de Comte<\/strong><\/a>, entre d\u2019altres. Per\u00f2 si ets amant de l\u2019aventura, nom\u00e9s cal que decideixis descobrir la costa tu sol i t\u2019aventuris per algun dels racons del litoral de Sant Josep; segur que, per poc que escodrinyis entre les roques, entreveur\u00e0s algun rac\u00f3 pintoresc amb un <strong>lla\u00fct<\/strong> sobre un varador de savina, o les parets d\u2019alguna tranquil\u00b7la caseta que et traslladaran a l\u2019aut\u00e8ntica ess\u00e8ncia de la <strong>vida mediterr\u00e0nia<\/strong>. Gaudeix-la!<\/p>\n<div id=\"attachment_14562\" style=\"width: 1510px\" class=\"wp-caption alignnone\"><img loading=\"lazy\" decoding=\"async\" aria-describedby=\"caption-attachment-14562\" class=\"wp-image-14562 size-full\" title=\"casetas varadero - Cala de Bou\" src=\"https:\/\/www.santjosep.net\/wp-content\/uploads\/2019\/04\/P1013990.jpg\" alt=\"\" width=\"1500\" height=\"1125\" srcset=\"https:\/\/www.santjosep.net\/wp-content\/uploads\/2019\/04\/P1013990.jpg 1500w, https:\/\/www.santjosep.net\/wp-content\/uploads\/2019\/04\/P1013990-300x225.jpg 300w, https:\/\/www.santjosep.net\/wp-content\/uploads\/2019\/04\/P1013990-768x576.jpg 768w, https:\/\/www.santjosep.net\/wp-content\/uploads\/2019\/04\/P1013990-1024x768.jpg 1024w\" sizes=\"auto, (max-width: 1500px) 100vw, 1500px\" \/><p id=\"caption-attachment-14562\" class=\"wp-caption-text\">Varador de savina &#8211; Cala de Bou<\/p><\/div>\n","protected":false},"excerpt":{"rendered":"<p>La bella costa de Sant Josep est\u00e0 esquitxada de vestigis que ens parlen del que ha estat la hist\u00f2ria palpable del nostre municipi, de les activitats dels seus habitants, dels seus costums i la seva cultura. Una de les figures [&hellip;]<\/p>\n","protected":false},"author":1,"featured_media":21250,"comment_status":"open","ping_status":"open","sticky":false,"template":"","format":"standard","meta":{"_acf_changed":false,"inline_featured_image":false,"footnotes":""},"categories":[209,207],"tags":[],"class_list":["post-14881","post","type-post","status-publish","format-standard","has-post-thumbnail","hentry","category-platjes-ca","category-zones-ca"],"acf":[],"geo":null,"yoast_head":"<!-- This site is optimized with the Yoast SEO plugin v25.7 - https:\/\/yoast.com\/wordpress\/plugins\/seo\/ -->\n<title>Casetes varador, la llar del lla\u00fct - Santjosep.net<\/title>\n<meta name=\"robots\" content=\"index, follow, max-snippet:-1, max-image-preview:large, max-video-preview:-1\" \/>\n<link rel=\"canonical\" href=\"https:\/\/www.santjosep.net\/ca\/casetes-varador-la-llar-del-llaut\/\" \/>\n<meta property=\"og:locale\" content=\"ca_ES\" \/>\n<meta property=\"og:type\" content=\"article\" \/>\n<meta property=\"og:title\" content=\"Casetes varador, la llar del lla\u00fct - Santjosep.net\" \/>\n<meta property=\"og:description\" content=\"La bella costa de Sant Josep est\u00e0 esquitxada de vestigis que ens parlen del que ha estat la hist\u00f2ria palpable del nostre municipi, de les activitats dels seus habitants, dels seus costums i la seva cultura. Una de les figures [&hellip;]\" \/>\n<meta property=\"og:url\" content=\"https:\/\/www.santjosep.net\/ca\/casetes-varador-la-llar-del-llaut\/\" \/>\n<meta property=\"og:site_name\" content=\"Santjosep.net\" \/>\n<meta property=\"article:published_time\" content=\"2019-04-24T11:59:51+00:00\" \/>\n<meta property=\"article:modified_time\" content=\"2020-01-22T09:48:19+00:00\" \/>\n<meta property=\"og:image\" content=\"https:\/\/www.santjosep.net\/wp-content\/uploads\/2019\/04\/casetasvaradero.jpg\" \/>\n\t<meta property=\"og:image:width\" content=\"2000\" \/>\n\t<meta property=\"og:image:height\" content=\"1500\" \/>\n\t<meta property=\"og:image:type\" content=\"image\/jpeg\" \/>\n<meta name=\"author\" content=\"Sant Josep\" \/>\n<meta name=\"twitter:card\" content=\"summary_large_image\" \/>\n<meta name=\"twitter:label1\" content=\"Escrit per\" \/>\n\t<meta name=\"twitter:data1\" content=\"Sant Josep\" \/>\n\t<meta name=\"twitter:label2\" content=\"Temps estimat de lectura\" \/>\n\t<meta name=\"twitter:data2\" content=\"7 minuts\" \/>\n<script type=\"application\/ld+json\" class=\"yoast-schema-graph\">{\"@context\":\"https:\/\/schema.org\",\"@graph\":[{\"@type\":\"WebPage\",\"@id\":\"https:\/\/www.santjosep.net\/ca\/casetes-varador-la-llar-del-llaut\/\",\"url\":\"https:\/\/www.santjosep.net\/ca\/casetes-varador-la-llar-del-llaut\/\",\"name\":\"Casetes varador, la llar del lla\u00fct - Santjosep.net\",\"isPartOf\":{\"@id\":\"https:\/\/www.santjosep.net\/#website\"},\"primaryImageOfPage\":{\"@id\":\"https:\/\/www.santjosep.net\/ca\/casetes-varador-la-llar-del-llaut\/#primaryimage\"},\"image\":{\"@id\":\"https:\/\/www.santjosep.net\/ca\/casetes-varador-la-llar-del-llaut\/#primaryimage\"},\"thumbnailUrl\":\"https:\/\/www.santjosep.net\/wp-content\/uploads\/2019\/04\/casetasvaradero.jpg\",\"datePublished\":\"2019-04-24T11:59:51+00:00\",\"dateModified\":\"2020-01-22T09:48:19+00:00\",\"author\":{\"@id\":\"https:\/\/www.santjosep.net\/#\/schema\/person\/b60e56f94e4e55776eb62bf4293f99b6\"},\"inLanguage\":\"ca\",\"potentialAction\":[{\"@type\":\"ReadAction\",\"target\":[\"https:\/\/www.santjosep.net\/ca\/casetes-varador-la-llar-del-llaut\/\"]}]},{\"@type\":\"ImageObject\",\"inLanguage\":\"ca\",\"@id\":\"https:\/\/www.santjosep.net\/ca\/casetes-varador-la-llar-del-llaut\/#primaryimage\",\"url\":\"https:\/\/www.santjosep.net\/wp-content\/uploads\/2019\/04\/casetasvaradero.jpg\",\"contentUrl\":\"https:\/\/www.santjosep.net\/wp-content\/uploads\/2019\/04\/casetasvaradero.jpg\",\"width\":2000,\"height\":1500},{\"@type\":\"WebSite\",\"@id\":\"https:\/\/www.santjosep.net\/#website\",\"url\":\"https:\/\/www.santjosep.net\/\",\"name\":\"Santjosep.net\",\"description\":\"\",\"potentialAction\":[{\"@type\":\"SearchAction\",\"target\":{\"@type\":\"EntryPoint\",\"urlTemplate\":\"https:\/\/www.santjosep.net\/?s={search_term_string}\"},\"query-input\":{\"@type\":\"PropertyValueSpecification\",\"valueRequired\":true,\"valueName\":\"search_term_string\"}}],\"inLanguage\":\"ca\"},{\"@type\":\"Person\",\"@id\":\"https:\/\/www.santjosep.net\/#\/schema\/person\/b60e56f94e4e55776eb62bf4293f99b6\",\"name\":\"Sant Josep\",\"image\":{\"@type\":\"ImageObject\",\"inLanguage\":\"ca\",\"@id\":\"https:\/\/www.santjosep.net\/#\/schema\/person\/image\/\",\"url\":\"https:\/\/secure.gravatar.com\/avatar\/2f4071817a97d2499c5aae9674ee15015b5a3c7c0974ca84f095a8e4aadcda56?s=96&d=mm&r=g\",\"contentUrl\":\"https:\/\/secure.gravatar.com\/avatar\/2f4071817a97d2499c5aae9674ee15015b5a3c7c0974ca84f095a8e4aadcda56?s=96&d=mm&r=g\",\"caption\":\"Sant Josep\"},\"url\":\"https:\/\/www.santjosep.net\/ca\/author\/fugrafic\/\"}]}<\/script>\n<!-- \/ Yoast SEO plugin. -->","yoast_head_json":{"title":"Casetes varador, la llar del lla\u00fct - Santjosep.net","robots":{"index":"index","follow":"follow","max-snippet":"max-snippet:-1","max-image-preview":"max-image-preview:large","max-video-preview":"max-video-preview:-1"},"canonical":"https:\/\/www.santjosep.net\/ca\/casetes-varador-la-llar-del-llaut\/","og_locale":"ca_ES","og_type":"article","og_title":"Casetes varador, la llar del lla\u00fct - Santjosep.net","og_description":"La bella costa de Sant Josep est\u00e0 esquitxada de vestigis que ens parlen del que ha estat la hist\u00f2ria palpable del nostre municipi, de les activitats dels seus habitants, dels seus costums i la seva cultura. Una de les figures [&hellip;]","og_url":"https:\/\/www.santjosep.net\/ca\/casetes-varador-la-llar-del-llaut\/","og_site_name":"Santjosep.net","article_published_time":"2019-04-24T11:59:51+00:00","article_modified_time":"2020-01-22T09:48:19+00:00","og_image":[{"width":2000,"height":1500,"url":"https:\/\/www.santjosep.net\/wp-content\/uploads\/2019\/04\/casetasvaradero.jpg","type":"image\/jpeg"}],"author":"Sant Josep","twitter_card":"summary_large_image","twitter_misc":{"Escrit per":"Sant Josep","Temps estimat de lectura":"7 minuts"},"schema":{"@context":"https:\/\/schema.org","@graph":[{"@type":"WebPage","@id":"https:\/\/www.santjosep.net\/ca\/casetes-varador-la-llar-del-llaut\/","url":"https:\/\/www.santjosep.net\/ca\/casetes-varador-la-llar-del-llaut\/","name":"Casetes varador, la llar del lla\u00fct - Santjosep.net","isPartOf":{"@id":"https:\/\/www.santjosep.net\/#website"},"primaryImageOfPage":{"@id":"https:\/\/www.santjosep.net\/ca\/casetes-varador-la-llar-del-llaut\/#primaryimage"},"image":{"@id":"https:\/\/www.santjosep.net\/ca\/casetes-varador-la-llar-del-llaut\/#primaryimage"},"thumbnailUrl":"https:\/\/www.santjosep.net\/wp-content\/uploads\/2019\/04\/casetasvaradero.jpg","datePublished":"2019-04-24T11:59:51+00:00","dateModified":"2020-01-22T09:48:19+00:00","author":{"@id":"https:\/\/www.santjosep.net\/#\/schema\/person\/b60e56f94e4e55776eb62bf4293f99b6"},"inLanguage":"ca","potentialAction":[{"@type":"ReadAction","target":["https:\/\/www.santjosep.net\/ca\/casetes-varador-la-llar-del-llaut\/"]}]},{"@type":"ImageObject","inLanguage":"ca","@id":"https:\/\/www.santjosep.net\/ca\/casetes-varador-la-llar-del-llaut\/#primaryimage","url":"https:\/\/www.santjosep.net\/wp-content\/uploads\/2019\/04\/casetasvaradero.jpg","contentUrl":"https:\/\/www.santjosep.net\/wp-content\/uploads\/2019\/04\/casetasvaradero.jpg","width":2000,"height":1500},{"@type":"WebSite","@id":"https:\/\/www.santjosep.net\/#website","url":"https:\/\/www.santjosep.net\/","name":"Santjosep.net","description":"","potentialAction":[{"@type":"SearchAction","target":{"@type":"EntryPoint","urlTemplate":"https:\/\/www.santjosep.net\/?s={search_term_string}"},"query-input":{"@type":"PropertyValueSpecification","valueRequired":true,"valueName":"search_term_string"}}],"inLanguage":"ca"},{"@type":"Person","@id":"https:\/\/www.santjosep.net\/#\/schema\/person\/b60e56f94e4e55776eb62bf4293f99b6","name":"Sant Josep","image":{"@type":"ImageObject","inLanguage":"ca","@id":"https:\/\/www.santjosep.net\/#\/schema\/person\/image\/","url":"https:\/\/secure.gravatar.com\/avatar\/2f4071817a97d2499c5aae9674ee15015b5a3c7c0974ca84f095a8e4aadcda56?s=96&d=mm&r=g","contentUrl":"https:\/\/secure.gravatar.com\/avatar\/2f4071817a97d2499c5aae9674ee15015b5a3c7c0974ca84f095a8e4aadcda56?s=96&d=mm&r=g","caption":"Sant Josep"},"url":"https:\/\/www.santjosep.net\/ca\/author\/fugrafic\/"}]}},"_links":{"self":[{"href":"https:\/\/www.santjosep.net\/ca\/wp-json\/wp\/v2\/posts\/14881","targetHints":{"allow":["GET"]}}],"collection":[{"href":"https:\/\/www.santjosep.net\/ca\/wp-json\/wp\/v2\/posts"}],"about":[{"href":"https:\/\/www.santjosep.net\/ca\/wp-json\/wp\/v2\/types\/post"}],"author":[{"embeddable":true,"href":"https:\/\/www.santjosep.net\/ca\/wp-json\/wp\/v2\/users\/1"}],"replies":[{"embeddable":true,"href":"https:\/\/www.santjosep.net\/ca\/wp-json\/wp\/v2\/comments?post=14881"}],"version-history":[{"count":0,"href":"https:\/\/www.santjosep.net\/ca\/wp-json\/wp\/v2\/posts\/14881\/revisions"}],"wp:featuredmedia":[{"embeddable":true,"href":"https:\/\/www.santjosep.net\/ca\/wp-json\/wp\/v2\/media\/21250"}],"wp:attachment":[{"href":"https:\/\/www.santjosep.net\/ca\/wp-json\/wp\/v2\/media?parent=14881"}],"wp:term":[{"taxonomy":"category","embeddable":true,"href":"https:\/\/www.santjosep.net\/ca\/wp-json\/wp\/v2\/categories?post=14881"},{"taxonomy":"post_tag","embeddable":true,"href":"https:\/\/www.santjosep.net\/ca\/wp-json\/wp\/v2\/tags?post=14881"}],"curies":[{"name":"wp","href":"https:\/\/api.w.org\/{rel}","templated":true}]}}