{"id":13228,"date":"2018-04-24T15:27:47","date_gmt":"2018-04-24T15:27:47","guid":{"rendered":"https:\/\/www.santjosep.net\/turismo-activo-sant-josep\/"},"modified":"2020-01-22T10:53:13","modified_gmt":"2020-01-22T09:53:13","slug":"turisme-actiu-a-sant-josep","status":"publish","type":"post","link":"https:\/\/www.santjosep.net\/ca\/turisme-actiu-a-sant-josep\/","title":{"rendered":"Turisme actiu a Sant Josep"},"content":{"rendered":"<p>Les illes Balears disposen d\u2019una fisonomia i climatologia que propicien la pr\u00e0ctica d\u2019esports a l\u2019aire lliure durant quasi tot l\u2019any. Sens dubte, el municipi de Sant Josep \u00e9s un dest\u00ed ideal per gaudir-lo per mar i terra. Muntanyes, fons submar\u00ed, pobles i racons costers que es converteixen en enclavaments m\u00e0gics per a realitzar activitats a l\u2019aire lliure en plena natura.<\/p>\n<p>&nbsp;<\/p>\n<h2>Buceo<\/h2>\n<p>El municipi de Sant Josep abasta quasi tota la meitat sud de l\u2019illa, aix\u00ed que us podeu imaginar la gran quantitat de racons on podeu practicar busseig a la costa josepina. En primer lloc, una de les caracter\u00edstiques que m\u00e9s propicia la pr\u00e0ctica d\u2019aquest esport a Sant Josep s\u00f3n les temperatures c\u00e0lides i constants del mar <b>Mediterrani<\/b>, que oscil\u00b7len entre els 14 i 28 graus al llarg de tot l\u2019any. Fins i tot es poden realitzar immersions en ple hivern. A m\u00e9s d\u2019aquest factor, es suma la claredat de l\u2019aigua gr\u00e0cies a <a href=\"\/?p=12556\">La Posidonia<\/a>\u00a0i a la gran quantitat de derelictes i coves submarines, que conformen les qualitats m\u00e9s \u00f2ptimes per al busseig. En aquestes immersions podreu descobrir la gran i variada fauna de l\u2019ecosistema mar\u00ed eivissenc, sens dubte un gran atractiu.<\/p>\n<p>Hi ha moltes empreses de busseig on podreu fer cursos amb professionals, aix\u00ed com realitzar excursions per con\u00e8ixer les praderies de posid\u00f2nia, al Parc Natural de ses Salines, reconegudes per la <b>UNESCO<\/b> l\u2019any 1999 com a <b>Patrimoni Mundial<\/b>.<\/p>\n<p>Si feu clic <a href=\"\/?page_id=12395\">aqu\u00ed<\/a> podreu descobrir 8 rutes de busseig que podeu realitzar a Sant Josep.<\/p>\n<p><img loading=\"lazy\" decoding=\"async\" class=\"alignnone size-large wp-image-11362\" src=\"https:\/\/www.santjosep.net\/wp-content\/uploads\/2018\/04\/DSCN0515_buceo_ibiza-1024x768.jpg\" alt=\"\" width=\"1024\" height=\"768\" srcset=\"https:\/\/www.santjosep.net\/wp-content\/uploads\/2018\/04\/DSCN0515_buceo_ibiza-1024x768.jpg 1024w, https:\/\/www.santjosep.net\/wp-content\/uploads\/2018\/04\/DSCN0515_buceo_ibiza-300x225.jpg 300w, https:\/\/www.santjosep.net\/wp-content\/uploads\/2018\/04\/DSCN0515_buceo_ibiza-768x576.jpg 768w, https:\/\/www.santjosep.net\/wp-content\/uploads\/2018\/04\/DSCN0515_buceo_ibiza.jpg 1200w\" sizes=\"auto, (max-width: 1024px) 100vw, 1024px\" \/><\/p>\n<h2>Caiac<\/h2>\n<p>Una altra manera de con\u00e8ixer la costa de Sant Josep \u00e9s remant sobre un caiac. Si voregeu la costa del municipi, podreu descobrir el perfil quasi verge que adorna l\u2019illa.<\/p>\n<p>El <b>caiac de mar<\/b> avui dia s\u2019ha convertit en un esport d\u2019una simplicitat inigualable, respectu\u00f3s amb la natura i el medi ambient. A m\u00e9s, el clima suau de les nostres costes permet practicar-lo durant tot l\u2019any. \u00c9s, sense cap dubte, una de les opcions d\u2019oci n\u00e0utic m\u00e9s divertides, assequibles i senzilles, que suposa poc risc i \u00e9s interessant per a totes les edats. Gr\u00e0cies a l\u2019orientaci\u00f3 cap a ponent del municipi, val especialment la pena destacar la possibilitat de gaudir d\u2019una meravellosa posta de sol al mar. Paisatges d\u2019una bellesa inigualable que convidem a descobrir, tant als que decideixen passar les vacances amb nosaltres, com als que gaudeixen de Sant Josep tot l\u2019any.<\/p>\n<p>Tot i que es tracta d\u2019un esport que requereix bastant de resist\u00e8ncia f\u00edsica, \u00e9s un dels m\u00e9s senzills de practicar, per\u00f2 no us heu d\u2019oblidar de fer les parades de descans pertinents i de prendre les mesures necess\u00e0ries per a protegir-vos del sol.<\/p>\n<p>En aquesta <a href=\"\/?page_id=12396\">guia <\/a>trobareu vuit travessies en caiac, de manera que, mitjan\u00e7ant etapes d\u2019entre 3 i 6 milles, es voreja quasi tota la costa de <b>Sant Josep de sa Talaia<\/b>.<\/p>\n<p>&nbsp;<\/p>\n<div id=\"new-royalslider-100\" class=\"royalSlider new-royalslider-100 rsDefaultInv rs-default-template\" style=\"width:100%;height:533px;;\" data-rs-options='{&quot;template&quot;:&quot;default&quot;,&quot;image_generation&quot;:{&quot;imageWidth&quot;:&quot;&quot;,&quot;imageHeight&quot;:&quot;&quot;,&quot;thumbImageWidth&quot;:&quot;&quot;,&quot;thumbImageHeight&quot;:&quot;&quot;},&quot;thumbs&quot;:{&quot;thumbWidth&quot;:96,&quot;thumbHeight&quot;:72},&quot;autoPlay&quot;:{&quot;delay&quot;:5000},&quot;fullscreen&quot;:{&quot;enabled&quot;:&quot;true&quot;},&quot;block&quot;:{&quot;moveOffset&quot;:20,&quot;speed&quot;:400,&quot;delay&quot;:200},&quot;width&quot;:&quot;100%&quot;,&quot;height&quot;:533,&quot;autoScaleSlider&quot;:&quot;true&quot;,&quot;autoScaleSliderHeight&quot;:533,&quot;imageScaleMode&quot;:&quot;fill&quot;,&quot;imageScalePadding&quot;:0,&quot;arrowsNavAutoHide&quot;:&quot;false&quot;,&quot;globalCaptionInside&quot;:&quot;true&quot;}'>\n<div class=\"rsContent\">\n  <img decoding=\"async\" class=\"rsImg\" src=\"https:\/\/www.santjosep.net\/wp-content\/uploads\/2018\/04\/P1170093-1024x768.jpg\" data-rsBigImg=\"https:\/\/www.santjosep.net\/wp-content\/uploads\/2018\/04\/P1170093.jpg\" alt=\"P1170093\"\/>\n  \n  \n  \n<\/div>\n<div class=\"rsContent\">\n  <img decoding=\"async\" class=\"rsImg\" src=\"https:\/\/www.santjosep.net\/wp-content\/uploads\/2018\/04\/P1170097-1024x768.jpg\" data-rsBigImg=\"https:\/\/www.santjosep.net\/wp-content\/uploads\/2018\/04\/P1170097.jpg\" alt=\"P1170097\"\/>\n  \n  \n  \n<\/div>\n<div class=\"rsContent\">\n  <img decoding=\"async\" class=\"rsImg\" src=\"https:\/\/www.santjosep.net\/wp-content\/uploads\/2018\/04\/P1170099-1024x769.jpg\" data-rsBigImg=\"https:\/\/www.santjosep.net\/wp-content\/uploads\/2018\/04\/P1170099.jpg\" alt=\"P1170099\"\/>\n  \n  \n  \n<\/div>\n<div class=\"rsContent\">\n  <img decoding=\"async\" class=\"rsImg\" src=\"https:\/\/www.santjosep.net\/wp-content\/uploads\/2018\/04\/P1170102-1024x768.jpg\" data-rsBigImg=\"https:\/\/www.santjosep.net\/wp-content\/uploads\/2018\/04\/P1170102.jpg\" alt=\"P1170102\"\/>\n  \n  \n  \n<\/div>\n<div class=\"rsContent\">\n  <img decoding=\"async\" class=\"rsImg\" src=\"https:\/\/www.santjosep.net\/wp-content\/uploads\/2018\/04\/P1170132-1024x768.jpg\" data-rsBigImg=\"https:\/\/www.santjosep.net\/wp-content\/uploads\/2018\/04\/P1170132.jpg\" alt=\"P1170132\"\/>\n  \n  \n  \n<\/div>\n<div class=\"rsContent\">\n  <img decoding=\"async\" class=\"rsImg\" src=\"https:\/\/www.santjosep.net\/wp-content\/uploads\/2018\/04\/P1170137-1024x768.jpg\" data-rsBigImg=\"https:\/\/www.santjosep.net\/wp-content\/uploads\/2018\/04\/P1170137.jpg\" alt=\"P1170137\"\/>\n  \n  \n  \n<\/div>\n\n<\/div>\n\n<p>&nbsp;<\/p>\n<h2>Passejos per Sant Josep<\/h2>\n<p>Establir contacte amb la cara m\u00e9s natural de Sant Josep mentre passegeu per les muntanyes i camins us donar\u00e0 l\u2019oportunitat de con\u00e8ixer i admirar el municipi amb molt m\u00e9s detall. L\u2019illa compta amb diverses rutes oficials que podeu descobrir en els punts d\u2019informaci\u00f3 tur\u00edstica.<\/p>\n<p>Descobrir la m\u00e0gia dels \u00a0estanys de <b>ses Salines<\/b>, con\u00e8ixer la hist\u00f2ria de les torres de defensa, pujar a <b>sa Talaia <\/b>\u00a0i gaudir de les seues panor\u00e0miques o de la posta de sol s\u00f3n nom\u00e9s algunes de les meravelles que podreu contemplar. Aix\u00f2 tamb\u00e9 us donar\u00e0 l\u2019oportunitat de dialogar pausadament amb la gent del poble que trobareu pel cam\u00ed. Aquest mosaic d\u2019elements es tradueix en un paisatge excepcional, fruit de la relaci\u00f3 de l\u2019home amb el seu entorn, que forma part del nostre patrimoni cultural i que convidem a descobrir a tots els que visiten el municipi de Sant Josep.<\/p>\n<p>No us oblideu de dur cal\u00e7at c\u00f2mode, si \u00e9s possible adequat per al senderisme, roba esportiva, aigua i alguna cosa per menjar a les parades que es facin per recuperar forces.<\/p>\n<p>Si feu clic <a href=\"\/?page_id=12398\">aqu\u00ed <\/a>tindreu a la vostra disposici\u00f3 vuit rutes que us hem preparat amb les seves respectives fitxes informatives, on trobareu descripcions de les caracter\u00edstiques del recorregut, el seu grau de dificultat i les recomanacions espec\u00edfiques per a cada itinerari.<\/p>\n<p>&nbsp;<\/p>\n<div id=\"new-royalslider-98\" class=\"royalSlider new-royalslider-98 rsDefaultInv rs-default-template\" style=\"width:100%;height:533px;;\" data-rs-options='{&quot;template&quot;:&quot;default&quot;,&quot;image_generation&quot;:{&quot;imageWidth&quot;:&quot;&quot;,&quot;imageHeight&quot;:&quot;&quot;,&quot;thumbImageWidth&quot;:&quot;&quot;,&quot;thumbImageHeight&quot;:&quot;&quot;},&quot;thumbs&quot;:{&quot;thumbWidth&quot;:96,&quot;thumbHeight&quot;:72},&quot;autoPlay&quot;:{&quot;delay&quot;:5000},&quot;fullscreen&quot;:{&quot;enabled&quot;:&quot;true&quot;},&quot;block&quot;:{&quot;moveOffset&quot;:20,&quot;speed&quot;:400,&quot;delay&quot;:200},&quot;width&quot;:&quot;100%&quot;,&quot;height&quot;:533,&quot;autoScaleSlider&quot;:&quot;true&quot;,&quot;autoScaleSliderHeight&quot;:533,&quot;imageScaleMode&quot;:&quot;fill&quot;,&quot;imageScalePadding&quot;:0,&quot;arrowsNavAutoHide&quot;:&quot;false&quot;,&quot;globalCaptionInside&quot;:&quot;true&quot;}'>\n<div class=\"rsContent\">\n  <img decoding=\"async\" class=\"rsImg\" src=\"https:\/\/www.santjosep.net\/wp-content\/uploads\/2018\/04\/II-Fira-de-la-Sal__SGC5433-1024x683.jpg\" data-rsBigImg=\"https:\/\/www.santjosep.net\/wp-content\/uploads\/2018\/04\/II-Fira-de-la-Sal__SGC5433.jpg\" alt=\"II Fira de la Sal, Ses Salines d&#039;Eivissa. ?sSom un poble saliner&#039;\"\/>\n  \n  \n  \n<\/div>\n<div class=\"rsContent\">\n  <img decoding=\"async\" class=\"rsImg\" src=\"https:\/\/www.santjosep.net\/wp-content\/uploads\/2018\/04\/P1140055-1024x768.jpg\" data-rsBigImg=\"https:\/\/www.santjosep.net\/wp-content\/uploads\/2018\/04\/P1140055.jpg\" alt=\"P1140055\"\/>\n  \n  \n  \n<\/div>\n<div class=\"rsContent\">\n  <img decoding=\"async\" class=\"rsImg\" src=\"https:\/\/www.santjosep.net\/wp-content\/uploads\/2018\/04\/II-Fira-de-la-Sal__SGC5359-1024x683.jpg\" data-rsBigImg=\"https:\/\/www.santjosep.net\/wp-content\/uploads\/2018\/04\/II-Fira-de-la-Sal__SGC5359.jpg\" alt=\"II Fira de la Sal, Ses Salines d&#039;Eivissa. ?sSom un poble saliner&#039;\"\/>\n  \n  \n  \n<\/div>\n<div class=\"rsContent\">\n  <img decoding=\"async\" class=\"rsImg\" src=\"https:\/\/www.santjosep.net\/wp-content\/uploads\/2018\/04\/II-Fira-de-la-Sal__SGC6085-1024x683.jpg\" data-rsBigImg=\"https:\/\/www.santjosep.net\/wp-content\/uploads\/2018\/04\/II-Fira-de-la-Sal__SGC6085.jpg\" alt=\"II Fira de la Sal, Ses Salines d&#039;Eivissa. ?sSom un poble saliner&#039;\"\/>\n  \n  \n  \n<\/div>\n<div class=\"rsContent\">\n  <img decoding=\"async\" class=\"rsImg\" src=\"https:\/\/www.santjosep.net\/wp-content\/uploads\/2018\/04\/P1010352-1024x768.jpg\" data-rsBigImg=\"https:\/\/www.santjosep.net\/wp-content\/uploads\/2018\/04\/P1010352.jpg\" alt=\"P1010352\"\/>\n  \n  \n  \n<\/div>\n<div class=\"rsContent\">\n  <img decoding=\"async\" class=\"rsImg\" src=\"https:\/\/www.santjosep.net\/wp-content\/uploads\/2018\/04\/P1140079-1024x768.jpg\" data-rsBigImg=\"https:\/\/www.santjosep.net\/wp-content\/uploads\/2018\/04\/P1140079.jpg\" alt=\"P1140079\"\/>\n  \n  \n  \n<\/div>\n<div class=\"rsContent\">\n  <img decoding=\"async\" class=\"rsImg\" src=\"https:\/\/www.santjosep.net\/wp-content\/uploads\/2018\/04\/IMG_0601-1024x683.jpg\" data-rsBigImg=\"https:\/\/www.santjosep.net\/wp-content\/uploads\/2018\/04\/IMG_0601.jpg\" alt=\"IMG_0601\"\/>\n  \n  \n  \n<\/div>\n<div class=\"rsContent\">\n  <img decoding=\"async\" class=\"rsImg\" src=\"https:\/\/www.santjosep.net\/wp-content\/uploads\/2018\/04\/IMG_0724-1024x683.jpg\" data-rsBigImg=\"https:\/\/www.santjosep.net\/wp-content\/uploads\/2018\/04\/IMG_0724.jpg\" alt=\"IMG_0724\"\/>\n  \n  \n  \n<\/div>\n<div class=\"rsContent\">\n  <img decoding=\"async\" class=\"rsImg\" src=\"https:\/\/www.santjosep.net\/wp-content\/uploads\/2018\/04\/IMG_9373-1024x683.jpg\" data-rsBigImg=\"https:\/\/www.santjosep.net\/wp-content\/uploads\/2018\/04\/IMG_9373.jpg\" alt=\"IMG_9373\"\/>\n  \n  \n  \n<\/div>\n<div class=\"rsContent\">\n  <img decoding=\"async\" class=\"rsImg\" src=\"https:\/\/www.santjosep.net\/wp-content\/uploads\/2018\/04\/II-Fira-de-la-Sal__SGC5376-1024x683.jpg\" data-rsBigImg=\"https:\/\/www.santjosep.net\/wp-content\/uploads\/2018\/04\/II-Fira-de-la-Sal__SGC5376.jpg\" alt=\"II Fira de la Sal, Ses Salines d&#039;Eivissa. ?sSom un poble saliner&#039;\"\/>\n  \n  \n  \n<\/div>\n\n<\/div>\n\n<h2>BTT<\/h2>\n<p>Com ja haureu pogut observar, l\u2019illa d\u2019<b>Eivissa <\/b>\u00e9s ideal per practicar una gran diversitat d\u2019esports a l\u2019aire lliure, per\u00f2 sens dubte un dels que compta amb m\u00e9s aficionats (cada vegada m\u00e9s) \u00e9s el ciclisme. El ciclisme \u00e9s una manera de con\u00e8ixer racons inaccessibles amb el cotxe o a peu que us fascinaran. Con\u00e8ixer valls, torres de defensa, platges, penya-segats, esgl\u00e9sies, pous o arquitectura t\u00edpica amb la bicicleta \u00e9s un dels passatemps m\u00e9s recurrents de l\u2019illa.<\/p>\n<p>Aix\u00ed com van passant els anys, cada vegada s\u00f3n m\u00e9s els adeptes a aquesta modalitat. \u00c9s per aix\u00f2 que l\u2019illa s\u2019ha convertit en un referent en la pr\u00e0ctica de proves cicloturistes. Algunes d\u2019elles s\u00f3n la <b>Volta a Eivissa en Bicicleta de Muntanya <\/b>o la <b>Volta Cicloturista.<\/b><\/p>\n<p>Eivissa compta amb m\u00e9s de <b>700 km de<\/b> <b>rutes cicloturistes <\/b>dividides en unes 24 rutes tra\u00e7ades pel Consell d\u2019Eivissa, per\u00f2 sens dubte us recomanem explorar el municipi fora de les rutes senyalitzades. Fent clic <a href=\"\/?page_id=12397\">aqu\u00ed<\/a>, podreu descobrir 8 rutes que us hem preparat perqu\u00e8 conegueu la zona de Sant Josep amb bici.<\/p>\n<p>&nbsp;<\/p>\n<div id=\"new-royalslider-99\" class=\"royalSlider new-royalslider-99 rsDefaultInv rs-default-template\" style=\"width:100%;height:533px;;\" data-rs-options='{&quot;template&quot;:&quot;default&quot;,&quot;image_generation&quot;:{&quot;imageWidth&quot;:&quot;&quot;,&quot;imageHeight&quot;:&quot;&quot;,&quot;thumbImageWidth&quot;:&quot;&quot;,&quot;thumbImageHeight&quot;:&quot;&quot;},&quot;thumbs&quot;:{&quot;thumbWidth&quot;:96,&quot;thumbHeight&quot;:72},&quot;autoPlay&quot;:{&quot;delay&quot;:5000},&quot;fullscreen&quot;:{&quot;enabled&quot;:&quot;true&quot;},&quot;block&quot;:{&quot;moveOffset&quot;:20,&quot;speed&quot;:400,&quot;delay&quot;:200},&quot;width&quot;:&quot;100%&quot;,&quot;height&quot;:533,&quot;autoScaleSlider&quot;:&quot;true&quot;,&quot;autoScaleSliderHeight&quot;:533,&quot;imageScaleMode&quot;:&quot;fill&quot;,&quot;imageScalePadding&quot;:0,&quot;arrowsNavAutoHide&quot;:&quot;false&quot;,&quot;globalCaptionInside&quot;:&quot;true&quot;}'>\n<div class=\"rsContent\">\n  <img decoding=\"async\" class=\"rsImg\" src=\"https:\/\/www.santjosep.net\/wp-content\/uploads\/2018\/04\/IMG_2112-1024x683.jpg\" data-rsBigImg=\"https:\/\/www.santjosep.net\/wp-content\/uploads\/2018\/04\/IMG_2112.jpg\" alt=\"IMG_2112\"\/>\n  \n  \n  \n<\/div>\n<div class=\"rsContent\">\n  <img decoding=\"async\" class=\"rsImg\" src=\"https:\/\/www.santjosep.net\/wp-content\/uploads\/2018\/04\/IMG_2012-1024x683.jpg\" data-rsBigImg=\"https:\/\/www.santjosep.net\/wp-content\/uploads\/2018\/04\/IMG_2012.jpg\" alt=\"IMG_2012\"\/>\n  \n  \n  \n<\/div>\n<div class=\"rsContent\">\n  <img decoding=\"async\" class=\"rsImg\" src=\"https:\/\/www.santjosep.net\/wp-content\/uploads\/2018\/04\/IMG_2093-1024x683.jpg\" data-rsBigImg=\"https:\/\/www.santjosep.net\/wp-content\/uploads\/2018\/04\/IMG_2093.jpg\" alt=\"IMG_2093\"\/>\n  \n  \n  \n<\/div>\n<div class=\"rsContent\">\n  <img decoding=\"async\" class=\"rsImg\" src=\"https:\/\/www.santjosep.net\/wp-content\/uploads\/2018\/04\/IMG_2136-1024x686.jpg\" data-rsBigImg=\"https:\/\/www.santjosep.net\/wp-content\/uploads\/2018\/04\/IMG_2136.jpg\" alt=\"IMG_2136\"\/>\n  \n  \n  \n<\/div>\n<div class=\"rsContent\">\n  <img decoding=\"async\" class=\"rsImg\" src=\"https:\/\/www.santjosep.net\/wp-content\/uploads\/2018\/04\/IMG_2200-1024x683.jpg\" data-rsBigImg=\"https:\/\/www.santjosep.net\/wp-content\/uploads\/2018\/04\/IMG_2200.jpg\" alt=\"IMG_2200\"\/>\n  \n  \n  \n<\/div>\n<div class=\"rsContent\">\n  <img decoding=\"async\" class=\"rsImg\" src=\"https:\/\/www.santjosep.net\/wp-content\/uploads\/2018\/04\/IMG_2203-1024x683.jpg\" data-rsBigImg=\"https:\/\/www.santjosep.net\/wp-content\/uploads\/2018\/04\/IMG_2203.jpg\" alt=\"IMG_2203\"\/>\n  \n  \n  \n<\/div>\n<div class=\"rsContent\">\n  <img decoding=\"async\" class=\"rsImg\" src=\"https:\/\/www.santjosep.net\/wp-content\/uploads\/2018\/04\/IMG_2206-1024x683.jpg\" data-rsBigImg=\"https:\/\/www.santjosep.net\/wp-content\/uploads\/2018\/04\/IMG_2206.jpg\" alt=\"IMG_2206\"\/>\n  \n  \n  \n<\/div>\n<div class=\"rsContent\">\n  <img decoding=\"async\" class=\"rsImg\" src=\"https:\/\/www.santjosep.net\/wp-content\/uploads\/2018\/04\/IMG_0806-1024x683.jpg\" data-rsBigImg=\"https:\/\/www.santjosep.net\/wp-content\/uploads\/2018\/04\/IMG_0806.jpg\" alt=\"IMG_0806\"\/>\n  \n  \n  \n<\/div>\n<div class=\"rsContent\">\n  <img decoding=\"async\" class=\"rsImg\" src=\"https:\/\/www.santjosep.net\/wp-content\/uploads\/2018\/04\/IMG_0877-1024x683.jpg\" data-rsBigImg=\"https:\/\/www.santjosep.net\/wp-content\/uploads\/2018\/04\/IMG_0877.jpg\" alt=\"IMG_0877\"\/>\n  \n  \n  \n<\/div>\n<div class=\"rsContent\">\n  <img decoding=\"async\" class=\"rsImg\" src=\"https:\/\/www.santjosep.net\/wp-content\/uploads\/2018\/04\/IMG_0898-1024x683.jpg\" data-rsBigImg=\"https:\/\/www.santjosep.net\/wp-content\/uploads\/2018\/04\/IMG_0898.jpg\" alt=\"IMG_0898\"\/>\n  \n  \n  \n<\/div>\n<div class=\"rsContent\">\n  <img decoding=\"async\" class=\"rsImg\" src=\"https:\/\/www.santjosep.net\/wp-content\/uploads\/2018\/04\/IMG_2037-1024x683.jpg\" data-rsBigImg=\"https:\/\/www.santjosep.net\/wp-content\/uploads\/2018\/04\/IMG_2037.jpg\" alt=\"IMG_2037\"\/>\n  \n  \n  \n<\/div>\n<div class=\"rsContent\">\n  <img decoding=\"async\" class=\"rsImg\" src=\"https:\/\/www.santjosep.net\/wp-content\/uploads\/2018\/04\/IMG_0904-1024x683.jpg\" data-rsBigImg=\"https:\/\/www.santjosep.net\/wp-content\/uploads\/2018\/04\/IMG_0904.jpg\" alt=\"IMG_0904\"\/>\n  \n  \n  \n<\/div>\n<div class=\"rsContent\">\n  <img decoding=\"async\" class=\"rsImg\" src=\"https:\/\/www.santjosep.net\/wp-content\/uploads\/2018\/04\/IMG_0911-1024x683.jpg\" data-rsBigImg=\"https:\/\/www.santjosep.net\/wp-content\/uploads\/2018\/04\/IMG_0911.jpg\" alt=\"IMG_0911\"\/>\n  \n  \n  \n<\/div>\n\n<\/div>\n\n","protected":false},"excerpt":{"rendered":"<p>Les illes Balears disposen d\u2019una fisonomia i climatologia que propicien la pr\u00e0ctica d\u2019esports a l\u2019aire lliure durant quasi tot l\u2019any. Sens dubte, el municipi de Sant Josep \u00e9s un dest\u00ed ideal per gaudir-lo per mar i terra. Muntanyes, fons submar\u00ed, [&hellip;]<\/p>\n","protected":false},"author":1,"featured_media":21291,"comment_status":"open","ping_status":"open","sticky":false,"template":"","format":"standard","meta":{"_acf_changed":false,"inline_featured_image":false,"footnotes":""},"categories":[205,206],"tags":[],"class_list":["post-13228","post","type-post","status-publish","format-standard","has-post-thumbnail","hentry","category-passejades-ca","category-rutes-ca"],"acf":[],"geo":null,"yoast_head":"<!-- This site is optimized with the Yoast SEO plugin v25.7 - https:\/\/yoast.com\/wordpress\/plugins\/seo\/ -->\n<title>Turisme actiu a Sant Josep - Santjosep.net<\/title>\n<meta name=\"robots\" content=\"index, follow, max-snippet:-1, max-image-preview:large, max-video-preview:-1\" \/>\n<link rel=\"canonical\" href=\"https:\/\/www.santjosep.net\/ca\/turisme-actiu-a-sant-josep\/\" \/>\n<meta property=\"og:locale\" content=\"ca_ES\" \/>\n<meta property=\"og:type\" content=\"article\" \/>\n<meta property=\"og:title\" content=\"Turisme actiu a Sant Josep - Santjosep.net\" \/>\n<meta property=\"og:description\" content=\"Les illes Balears disposen d\u2019una fisonomia i climatologia que propicien la pr\u00e0ctica d\u2019esports a l\u2019aire lliure durant quasi tot l\u2019any. Sens dubte, el municipi de Sant Josep \u00e9s un dest\u00ed ideal per gaudir-lo per mar i terra. Muntanyes, fons submar\u00ed, [&hellip;]\" \/>\n<meta property=\"og:url\" content=\"https:\/\/www.santjosep.net\/ca\/turisme-actiu-a-sant-josep\/\" \/>\n<meta property=\"og:site_name\" content=\"Santjosep.net\" \/>\n<meta property=\"article:published_time\" content=\"2018-04-24T15:27:47+00:00\" \/>\n<meta property=\"article:modified_time\" content=\"2020-01-22T09:53:13+00:00\" \/>\n<meta property=\"og:image\" content=\"https:\/\/www.santjosep.net\/wp-content\/uploads\/2018\/04\/II-Fira-de-la-Sal__SGC5420-1.jpg\" \/>\n\t<meta property=\"og:image:width\" content=\"2000\" \/>\n\t<meta property=\"og:image:height\" content=\"1500\" \/>\n\t<meta property=\"og:image:type\" content=\"image\/jpeg\" \/>\n<meta name=\"author\" content=\"Sant Josep\" \/>\n<meta name=\"twitter:card\" content=\"summary_large_image\" \/>\n<meta name=\"twitter:label1\" content=\"Escrit per\" \/>\n\t<meta name=\"twitter:data1\" content=\"Sant Josep\" \/>\n\t<meta name=\"twitter:label2\" content=\"Temps estimat de lectura\" \/>\n\t<meta name=\"twitter:data2\" content=\"5 minuts\" \/>\n<script type=\"application\/ld+json\" class=\"yoast-schema-graph\">{\"@context\":\"https:\/\/schema.org\",\"@graph\":[{\"@type\":\"WebPage\",\"@id\":\"https:\/\/www.santjosep.net\/ca\/turisme-actiu-a-sant-josep\/\",\"url\":\"https:\/\/www.santjosep.net\/ca\/turisme-actiu-a-sant-josep\/\",\"name\":\"Turisme actiu a Sant Josep - Santjosep.net\",\"isPartOf\":{\"@id\":\"https:\/\/www.santjosep.net\/#website\"},\"primaryImageOfPage\":{\"@id\":\"https:\/\/www.santjosep.net\/ca\/turisme-actiu-a-sant-josep\/#primaryimage\"},\"image\":{\"@id\":\"https:\/\/www.santjosep.net\/ca\/turisme-actiu-a-sant-josep\/#primaryimage\"},\"thumbnailUrl\":\"https:\/\/www.santjosep.net\/wp-content\/uploads\/2018\/04\/II-Fira-de-la-Sal__SGC5420-1.jpg\",\"datePublished\":\"2018-04-24T15:27:47+00:00\",\"dateModified\":\"2020-01-22T09:53:13+00:00\",\"author\":{\"@id\":\"https:\/\/www.santjosep.net\/#\/schema\/person\/b60e56f94e4e55776eb62bf4293f99b6\"},\"inLanguage\":\"ca\",\"potentialAction\":[{\"@type\":\"ReadAction\",\"target\":[\"https:\/\/www.santjosep.net\/ca\/turisme-actiu-a-sant-josep\/\"]}]},{\"@type\":\"ImageObject\",\"inLanguage\":\"ca\",\"@id\":\"https:\/\/www.santjosep.net\/ca\/turisme-actiu-a-sant-josep\/#primaryimage\",\"url\":\"https:\/\/www.santjosep.net\/wp-content\/uploads\/2018\/04\/II-Fira-de-la-Sal__SGC5420-1.jpg\",\"contentUrl\":\"https:\/\/www.santjosep.net\/wp-content\/uploads\/2018\/04\/II-Fira-de-la-Sal__SGC5420-1.jpg\",\"width\":2000,\"height\":1500},{\"@type\":\"WebSite\",\"@id\":\"https:\/\/www.santjosep.net\/#website\",\"url\":\"https:\/\/www.santjosep.net\/\",\"name\":\"Santjosep.net\",\"description\":\"\",\"potentialAction\":[{\"@type\":\"SearchAction\",\"target\":{\"@type\":\"EntryPoint\",\"urlTemplate\":\"https:\/\/www.santjosep.net\/?s={search_term_string}\"},\"query-input\":{\"@type\":\"PropertyValueSpecification\",\"valueRequired\":true,\"valueName\":\"search_term_string\"}}],\"inLanguage\":\"ca\"},{\"@type\":\"Person\",\"@id\":\"https:\/\/www.santjosep.net\/#\/schema\/person\/b60e56f94e4e55776eb62bf4293f99b6\",\"name\":\"Sant Josep\",\"image\":{\"@type\":\"ImageObject\",\"inLanguage\":\"ca\",\"@id\":\"https:\/\/www.santjosep.net\/#\/schema\/person\/image\/\",\"url\":\"https:\/\/secure.gravatar.com\/avatar\/2f4071817a97d2499c5aae9674ee15015b5a3c7c0974ca84f095a8e4aadcda56?s=96&d=mm&r=g\",\"contentUrl\":\"https:\/\/secure.gravatar.com\/avatar\/2f4071817a97d2499c5aae9674ee15015b5a3c7c0974ca84f095a8e4aadcda56?s=96&d=mm&r=g\",\"caption\":\"Sant Josep\"},\"url\":\"https:\/\/www.santjosep.net\/ca\/author\/fugrafic\/\"}]}<\/script>\n<!-- \/ Yoast SEO plugin. -->","yoast_head_json":{"title":"Turisme actiu a Sant Josep - Santjosep.net","robots":{"index":"index","follow":"follow","max-snippet":"max-snippet:-1","max-image-preview":"max-image-preview:large","max-video-preview":"max-video-preview:-1"},"canonical":"https:\/\/www.santjosep.net\/ca\/turisme-actiu-a-sant-josep\/","og_locale":"ca_ES","og_type":"article","og_title":"Turisme actiu a Sant Josep - Santjosep.net","og_description":"Les illes Balears disposen d\u2019una fisonomia i climatologia que propicien la pr\u00e0ctica d\u2019esports a l\u2019aire lliure durant quasi tot l\u2019any. Sens dubte, el municipi de Sant Josep \u00e9s un dest\u00ed ideal per gaudir-lo per mar i terra. Muntanyes, fons submar\u00ed, [&hellip;]","og_url":"https:\/\/www.santjosep.net\/ca\/turisme-actiu-a-sant-josep\/","og_site_name":"Santjosep.net","article_published_time":"2018-04-24T15:27:47+00:00","article_modified_time":"2020-01-22T09:53:13+00:00","og_image":[{"width":2000,"height":1500,"url":"https:\/\/www.santjosep.net\/wp-content\/uploads\/2018\/04\/II-Fira-de-la-Sal__SGC5420-1.jpg","type":"image\/jpeg"}],"author":"Sant Josep","twitter_card":"summary_large_image","twitter_misc":{"Escrit per":"Sant Josep","Temps estimat de lectura":"5 minuts"},"schema":{"@context":"https:\/\/schema.org","@graph":[{"@type":"WebPage","@id":"https:\/\/www.santjosep.net\/ca\/turisme-actiu-a-sant-josep\/","url":"https:\/\/www.santjosep.net\/ca\/turisme-actiu-a-sant-josep\/","name":"Turisme actiu a Sant Josep - Santjosep.net","isPartOf":{"@id":"https:\/\/www.santjosep.net\/#website"},"primaryImageOfPage":{"@id":"https:\/\/www.santjosep.net\/ca\/turisme-actiu-a-sant-josep\/#primaryimage"},"image":{"@id":"https:\/\/www.santjosep.net\/ca\/turisme-actiu-a-sant-josep\/#primaryimage"},"thumbnailUrl":"https:\/\/www.santjosep.net\/wp-content\/uploads\/2018\/04\/II-Fira-de-la-Sal__SGC5420-1.jpg","datePublished":"2018-04-24T15:27:47+00:00","dateModified":"2020-01-22T09:53:13+00:00","author":{"@id":"https:\/\/www.santjosep.net\/#\/schema\/person\/b60e56f94e4e55776eb62bf4293f99b6"},"inLanguage":"ca","potentialAction":[{"@type":"ReadAction","target":["https:\/\/www.santjosep.net\/ca\/turisme-actiu-a-sant-josep\/"]}]},{"@type":"ImageObject","inLanguage":"ca","@id":"https:\/\/www.santjosep.net\/ca\/turisme-actiu-a-sant-josep\/#primaryimage","url":"https:\/\/www.santjosep.net\/wp-content\/uploads\/2018\/04\/II-Fira-de-la-Sal__SGC5420-1.jpg","contentUrl":"https:\/\/www.santjosep.net\/wp-content\/uploads\/2018\/04\/II-Fira-de-la-Sal__SGC5420-1.jpg","width":2000,"height":1500},{"@type":"WebSite","@id":"https:\/\/www.santjosep.net\/#website","url":"https:\/\/www.santjosep.net\/","name":"Santjosep.net","description":"","potentialAction":[{"@type":"SearchAction","target":{"@type":"EntryPoint","urlTemplate":"https:\/\/www.santjosep.net\/?s={search_term_string}"},"query-input":{"@type":"PropertyValueSpecification","valueRequired":true,"valueName":"search_term_string"}}],"inLanguage":"ca"},{"@type":"Person","@id":"https:\/\/www.santjosep.net\/#\/schema\/person\/b60e56f94e4e55776eb62bf4293f99b6","name":"Sant Josep","image":{"@type":"ImageObject","inLanguage":"ca","@id":"https:\/\/www.santjosep.net\/#\/schema\/person\/image\/","url":"https:\/\/secure.gravatar.com\/avatar\/2f4071817a97d2499c5aae9674ee15015b5a3c7c0974ca84f095a8e4aadcda56?s=96&d=mm&r=g","contentUrl":"https:\/\/secure.gravatar.com\/avatar\/2f4071817a97d2499c5aae9674ee15015b5a3c7c0974ca84f095a8e4aadcda56?s=96&d=mm&r=g","caption":"Sant Josep"},"url":"https:\/\/www.santjosep.net\/ca\/author\/fugrafic\/"}]}},"_links":{"self":[{"href":"https:\/\/www.santjosep.net\/ca\/wp-json\/wp\/v2\/posts\/13228","targetHints":{"allow":["GET"]}}],"collection":[{"href":"https:\/\/www.santjosep.net\/ca\/wp-json\/wp\/v2\/posts"}],"about":[{"href":"https:\/\/www.santjosep.net\/ca\/wp-json\/wp\/v2\/types\/post"}],"author":[{"embeddable":true,"href":"https:\/\/www.santjosep.net\/ca\/wp-json\/wp\/v2\/users\/1"}],"replies":[{"embeddable":true,"href":"https:\/\/www.santjosep.net\/ca\/wp-json\/wp\/v2\/comments?post=13228"}],"version-history":[{"count":0,"href":"https:\/\/www.santjosep.net\/ca\/wp-json\/wp\/v2\/posts\/13228\/revisions"}],"wp:featuredmedia":[{"embeddable":true,"href":"https:\/\/www.santjosep.net\/ca\/wp-json\/wp\/v2\/media\/21291"}],"wp:attachment":[{"href":"https:\/\/www.santjosep.net\/ca\/wp-json\/wp\/v2\/media?parent=13228"}],"wp:term":[{"taxonomy":"category","embeddable":true,"href":"https:\/\/www.santjosep.net\/ca\/wp-json\/wp\/v2\/categories?post=13228"},{"taxonomy":"post_tag","embeddable":true,"href":"https:\/\/www.santjosep.net\/ca\/wp-json\/wp\/v2\/tags?post=13228"}],"curies":[{"name":"wp","href":"https:\/\/api.w.org\/{rel}","templated":true}]}}