{"id":13221,"date":"2014-02-05T09:04:39","date_gmt":"2014-02-05T09:04:39","guid":{"rendered":"https:\/\/www.santjosep.net\/la-zona-sur-de-sant-josep-sa-caleta-es-bol-nou-y-cala-jondal\/"},"modified":"2020-01-22T11:45:17","modified_gmt":"2020-01-22T10:45:17","slug":"la-zona-sud-de-sant-josep-sa-caleta-es-bol-nou-i-la-platja-des-jondal","status":"publish","type":"post","link":"https:\/\/www.santjosep.net\/ca\/la-zona-sud-de-sant-josep-sa-caleta-es-bol-nou-i-la-platja-des-jondal\/","title":{"rendered":"La zona sud de Sant Josep, sa Caleta, es Bol Nou i la platja des Jondal"},"content":{"rendered":"\n\t\t<style type=\"text\/css\">\n\t\t\t#gallery-1 {\n\t\t\t\tmargin: auto;\n\t\t\t}\n\t\t\t#gallery-1 .gallery-item {\n\t\t\t\tfloat: left;\n\t\t\t\tmargin-top: 10px;\n\t\t\t\ttext-align: center;\n\t\t\t\twidth: 33%;\n\t\t\t}\n\t\t\t#gallery-1 img {\n\t\t\t\tborder: 2px solid #cfcfcf;\n\t\t\t}\n\t\t\t#gallery-1 .gallery-caption {\n\t\t\t\tmargin-left: 0;\n\t\t\t}\n\t\t\t\/* see gallery_shortcode() in wp-includes\/media.php *\/\n\t\t<\/style>\n\t\t<div id='gallery-1' class='gallery galleryid-13221 gallery-columns-3 gallery-size-thumbnail'><dl class='gallery-item'>\n\t\t\t<dt class='gallery-icon landscape'>\n\t\t\t\t<a href='https:\/\/www.santjosep.net\/ca\/veure\/zones\/sud\/sacaleta_img_0783-2\/'><img loading=\"lazy\" decoding=\"async\" width=\"150\" height=\"150\" src=\"https:\/\/www.santjosep.net\/wp-content\/uploads\/2013\/11\/sacaleta_IMG_0783-150x150.jpg\" class=\"attachment-thumbnail size-thumbnail\" alt=\"\" aria-describedby=\"gallery-1-13222\" srcset=\"https:\/\/www.santjosep.net\/wp-content\/uploads\/2013\/11\/sacaleta_IMG_0783-150x150.jpg 150w, https:\/\/www.santjosep.net\/wp-content\/uploads\/2013\/11\/sacaleta_IMG_0783-50x50.jpg 50w, https:\/\/www.santjosep.net\/wp-content\/uploads\/2013\/11\/sacaleta_IMG_0783-100x100.jpg 100w\" sizes=\"auto, (max-width: 150px) 100vw, 150px\" \/><\/a>\n\t\t\t<\/dt>\n\t\t\t\t<dd class='wp-caption-text gallery-caption' id='gallery-1-13222'>\n\t\t\t\tSa Caleta\n\t\t\t\t<\/dd><\/dl><dl class='gallery-item'>\n\t\t\t<dt class='gallery-icon landscape'>\n\t\t\t\t<a href='https:\/\/www.santjosep.net\/ca\/veure\/platges\/cala-bassa\/calajondal_img_9205-4\/'><img loading=\"lazy\" decoding=\"async\" width=\"150\" height=\"150\" src=\"https:\/\/www.santjosep.net\/wp-content\/uploads\/2013\/11\/calajondal_IMG_92052-150x150.jpg\" class=\"attachment-thumbnail size-thumbnail\" alt=\"\" aria-describedby=\"gallery-1-16571\" srcset=\"https:\/\/www.santjosep.net\/wp-content\/uploads\/2013\/11\/calajondal_IMG_92052-150x150.jpg 150w, https:\/\/www.santjosep.net\/wp-content\/uploads\/2013\/11\/calajondal_IMG_92052-50x50.jpg 50w, https:\/\/www.santjosep.net\/wp-content\/uploads\/2013\/11\/calajondal_IMG_92052-100x100.jpg 100w\" sizes=\"auto, (max-width: 150px) 100vw, 150px\" \/><\/a>\n\t\t\t<\/dt>\n\t\t\t\t<dd class='wp-caption-text gallery-caption' id='gallery-1-16571'>\n\t\t\t\tCala Jondal\n\t\t\t\t<\/dd><\/dl>\n\t\t\t<br style='clear: both' \/>\n\t\t<\/div>\n\n<p>La zona sud de Sant Josep, com a tota l\u2019illa d\u2019Eivissa, \u00e9s un lloc ple de contrastos. D\u2019una banda, \u00a0podeu trobar diferents racons per gaudir de la tranquil\u00b7litat, la soledat i la bellesa dels paisatges illencs o, si ho preferiu, us podeu deixar endur per un ambient m\u00e9s animat i festiu.<\/p>\n<p>En primer lloc cal destacar sa Caleta, envoltat de casetes de pescadors en les quals es guarden els vaixells i els estris de pesca. \u00c9s una cala tranquil\u00b7la, d\u2019ambient familiar, on encara s\u2019ajunten fam\u00edlies senceres els diumenges per gaudir del mar, del menjar i de la bona companyia. Sa Caleta, a m\u00e9s, allotja un poblat fenici que es troba integrat dins la declaraci\u00f3 d\u2019Eivissa com a Patrimoni de la Humanitat. Aix\u00ed doncs, es tracta d\u2019una zona de gran riquesa paisatg\u00edstica i hist\u00f2rica.<\/p>\n<h3><em><i>La zona sud de <\/i><i>Sant Josep<\/i><i>, com a tota l\u2019illa d\u2019Eivissa, \u00e9s un lloc ple de contrastos. D\u2019una banda, \u00a0podeu trobar diferents racons per gaudir de la tranquil\u00b7litat, la soledat i la bellesa dels paisatges illencs o, si ho preferiu, us podeu deixar endur per un ambient m\u00e9s animat i festiu.<\/i><\/em><\/h3>\n<p>Molt a prop de sa Caleta hi ha es Bol Nou, una platgeta de sorra molt freq\u00fcentada tant per habitants de l\u2019illa com per turistes. De fet, no sempre \u00e9s f\u00e0cil trobar un lloc on posar la tovallola i el para-sol. Les roques que rodegen aquesta platja s\u00f3n d\u2019argila, aix\u00ed que molts visitants aprofiten per empastifar-se d\u2019aquesta terra rogenca que, segons algunes persones, tenen propietats exfoliants i beneficioses per a la pell. \u00c9s una platja ideal per anar amb nens ja que, perqu\u00e8 l\u2019aigua els cobreixi, s\u2019han d\u2019endinsar molt mar endins. A m\u00e9s, a sa Caleta hi ha un restaurant on gaudir de la cuina mediterr\u00e0nia, perfecte per descansar i fer un beure.<\/p>\n<p>La platja des Jondal pot ser \u00e9s una de les platges m\u00e9s conegudes de la zona sud de Sant Josep. \u00c9s una platja de pedres de c\u00f2dols (provocat per l\u2019erosi\u00f3 del mar), tot i que si us endinseu uns metres dins l\u2019aigua trobareu sorra r\u00e0pidament. A la platja des Jondal l\u2019ambient \u00e9s prou diferent de la resta de platges i cales de la zona, ja que els quiosquets amenitzen els dies i els vespres de calor estiuenc de l\u2019illa. Als quiosquets i restaurants de la platja des Jondal es pot gaudir de la cuina mediterr\u00e0nia, per\u00f2 tamb\u00e9 d\u2019una m\u00e9s moderna i innovadora amb tocs m\u00e9s ex\u00f2tics. A m\u00e9s, us podeu relaxar en una gandula ben c\u00f2moda a la vora del mar o fer-vos un bon massatge amb el soroll de les onades de fons. Tamb\u00e9 hi ha llocs on comprar roba de bany i d\u2019estiu. A la platja des Jondal es mescla l\u2019ambient familiar i el m\u00e9s modern i cosmopolita de l\u2019illa. \u00c9s un lloc de contrastos, amb opcions per a tots els gustos&#8230;<\/p>\n<h3>Pots descobrir m\u00e9s coses de Sant Josep a la nostra secci\u00f3 <a href=\"\/?page_id=16382\">Qu\u00e8 es pot veure? <\/a><\/h3>\n","protected":false},"excerpt":{"rendered":"<p>La zona sud de Sant Josep, com a tota l\u2019illa d\u2019Eivissa, \u00e9s un lloc ple de contrastos. D\u2019una banda, \u00a0podeu trobar diferents racons per gaudir de la tranquil\u00b7litat, la soledat i la bellesa dels paisatges illencs o, si ho preferiu, [&hellip;]<\/p>\n","protected":false},"author":1,"featured_media":13222,"comment_status":"open","ping_status":"open","sticky":false,"template":"","format":"gallery","meta":{"_acf_changed":false,"inline_featured_image":false,"footnotes":""},"categories":[205,207],"tags":[],"class_list":["post-13221","post","type-post","status-publish","format-gallery","has-post-thumbnail","hentry","category-passejades-ca","category-zones-ca","post_format-post-format-gallery"],"acf":[],"geo":null,"yoast_head":"<!-- This site is optimized with the Yoast SEO plugin v25.7 - https:\/\/yoast.com\/wordpress\/plugins\/seo\/ -->\n<title>La zona sud de Sant Josep, sa Caleta, es Bol Nou i la platja des Jondal - Santjosep.net<\/title>\n<meta name=\"robots\" content=\"index, follow, max-snippet:-1, max-image-preview:large, max-video-preview:-1\" \/>\n<link rel=\"canonical\" href=\"https:\/\/www.santjosep.net\/ca\/la-zona-sud-de-sant-josep-sa-caleta-es-bol-nou-i-la-platja-des-jondal\/\" \/>\n<meta property=\"og:locale\" content=\"ca_ES\" \/>\n<meta property=\"og:type\" content=\"article\" \/>\n<meta property=\"og:title\" content=\"La zona sud de Sant Josep, sa Caleta, es Bol Nou i la platja des Jondal - Santjosep.net\" \/>\n<meta property=\"og:description\" content=\"La zona sud de Sant Josep, com a tota l\u2019illa d\u2019Eivissa, \u00e9s un lloc ple de contrastos. D\u2019una banda, \u00a0podeu trobar diferents racons per gaudir de la tranquil\u00b7litat, la soledat i la bellesa dels paisatges illencs o, si ho preferiu, [&hellip;]\" \/>\n<meta property=\"og:url\" content=\"https:\/\/www.santjosep.net\/ca\/la-zona-sud-de-sant-josep-sa-caleta-es-bol-nou-i-la-platja-des-jondal\/\" \/>\n<meta property=\"og:site_name\" content=\"Santjosep.net\" \/>\n<meta property=\"article:published_time\" content=\"2014-02-05T09:04:39+00:00\" \/>\n<meta property=\"article:modified_time\" content=\"2020-01-22T10:45:17+00:00\" \/>\n<meta property=\"og:image\" content=\"https:\/\/www.santjosep.net\/wp-content\/uploads\/2013\/11\/sacaleta_IMG_0783.jpg\" \/>\n\t<meta property=\"og:image:width\" content=\"488\" \/>\n\t<meta property=\"og:image:height\" content=\"325\" \/>\n\t<meta property=\"og:image:type\" content=\"image\/jpeg\" \/>\n<meta name=\"author\" content=\"Sant Josep\" \/>\n<meta name=\"twitter:card\" content=\"summary_large_image\" \/>\n<meta name=\"twitter:label1\" content=\"Escrit per\" \/>\n\t<meta name=\"twitter:data1\" content=\"Sant Josep\" \/>\n\t<meta name=\"twitter:label2\" content=\"Temps estimat de lectura\" \/>\n\t<meta name=\"twitter:data2\" content=\"3 minuts\" \/>\n<script type=\"application\/ld+json\" class=\"yoast-schema-graph\">{\"@context\":\"https:\/\/schema.org\",\"@graph\":[{\"@type\":\"WebPage\",\"@id\":\"https:\/\/www.santjosep.net\/ca\/la-zona-sud-de-sant-josep-sa-caleta-es-bol-nou-i-la-platja-des-jondal\/\",\"url\":\"https:\/\/www.santjosep.net\/ca\/la-zona-sud-de-sant-josep-sa-caleta-es-bol-nou-i-la-platja-des-jondal\/\",\"name\":\"La zona sud de Sant Josep, sa Caleta, es Bol Nou i la platja des Jondal - Santjosep.net\",\"isPartOf\":{\"@id\":\"https:\/\/www.santjosep.net\/#website\"},\"primaryImageOfPage\":{\"@id\":\"https:\/\/www.santjosep.net\/ca\/la-zona-sud-de-sant-josep-sa-caleta-es-bol-nou-i-la-platja-des-jondal\/#primaryimage\"},\"image\":{\"@id\":\"https:\/\/www.santjosep.net\/ca\/la-zona-sud-de-sant-josep-sa-caleta-es-bol-nou-i-la-platja-des-jondal\/#primaryimage\"},\"thumbnailUrl\":\"https:\/\/www.santjosep.net\/wp-content\/uploads\/2013\/11\/sacaleta_IMG_0783.jpg\",\"datePublished\":\"2014-02-05T09:04:39+00:00\",\"dateModified\":\"2020-01-22T10:45:17+00:00\",\"author\":{\"@id\":\"https:\/\/www.santjosep.net\/#\/schema\/person\/b60e56f94e4e55776eb62bf4293f99b6\"},\"inLanguage\":\"ca\",\"potentialAction\":[{\"@type\":\"ReadAction\",\"target\":[\"https:\/\/www.santjosep.net\/ca\/la-zona-sud-de-sant-josep-sa-caleta-es-bol-nou-i-la-platja-des-jondal\/\"]}]},{\"@type\":\"ImageObject\",\"inLanguage\":\"ca\",\"@id\":\"https:\/\/www.santjosep.net\/ca\/la-zona-sud-de-sant-josep-sa-caleta-es-bol-nou-i-la-platja-des-jondal\/#primaryimage\",\"url\":\"https:\/\/www.santjosep.net\/wp-content\/uploads\/2013\/11\/sacaleta_IMG_0783.jpg\",\"contentUrl\":\"https:\/\/www.santjosep.net\/wp-content\/uploads\/2013\/11\/sacaleta_IMG_0783.jpg\",\"width\":488,\"height\":325,\"caption\":\"Sa Caleta\"},{\"@type\":\"WebSite\",\"@id\":\"https:\/\/www.santjosep.net\/#website\",\"url\":\"https:\/\/www.santjosep.net\/\",\"name\":\"Santjosep.net\",\"description\":\"\",\"potentialAction\":[{\"@type\":\"SearchAction\",\"target\":{\"@type\":\"EntryPoint\",\"urlTemplate\":\"https:\/\/www.santjosep.net\/?s={search_term_string}\"},\"query-input\":{\"@type\":\"PropertyValueSpecification\",\"valueRequired\":true,\"valueName\":\"search_term_string\"}}],\"inLanguage\":\"ca\"},{\"@type\":\"Person\",\"@id\":\"https:\/\/www.santjosep.net\/#\/schema\/person\/b60e56f94e4e55776eb62bf4293f99b6\",\"name\":\"Sant Josep\",\"image\":{\"@type\":\"ImageObject\",\"inLanguage\":\"ca\",\"@id\":\"https:\/\/www.santjosep.net\/#\/schema\/person\/image\/\",\"url\":\"https:\/\/secure.gravatar.com\/avatar\/2f4071817a97d2499c5aae9674ee15015b5a3c7c0974ca84f095a8e4aadcda56?s=96&d=mm&r=g\",\"contentUrl\":\"https:\/\/secure.gravatar.com\/avatar\/2f4071817a97d2499c5aae9674ee15015b5a3c7c0974ca84f095a8e4aadcda56?s=96&d=mm&r=g\",\"caption\":\"Sant Josep\"},\"url\":\"https:\/\/www.santjosep.net\/ca\/author\/fugrafic\/\"}]}<\/script>\n<!-- \/ Yoast SEO plugin. -->","yoast_head_json":{"title":"La zona sud de Sant Josep, sa Caleta, es Bol Nou i la platja des Jondal - Santjosep.net","robots":{"index":"index","follow":"follow","max-snippet":"max-snippet:-1","max-image-preview":"max-image-preview:large","max-video-preview":"max-video-preview:-1"},"canonical":"https:\/\/www.santjosep.net\/ca\/la-zona-sud-de-sant-josep-sa-caleta-es-bol-nou-i-la-platja-des-jondal\/","og_locale":"ca_ES","og_type":"article","og_title":"La zona sud de Sant Josep, sa Caleta, es Bol Nou i la platja des Jondal - Santjosep.net","og_description":"La zona sud de Sant Josep, com a tota l\u2019illa d\u2019Eivissa, \u00e9s un lloc ple de contrastos. D\u2019una banda, \u00a0podeu trobar diferents racons per gaudir de la tranquil\u00b7litat, la soledat i la bellesa dels paisatges illencs o, si ho preferiu, [&hellip;]","og_url":"https:\/\/www.santjosep.net\/ca\/la-zona-sud-de-sant-josep-sa-caleta-es-bol-nou-i-la-platja-des-jondal\/","og_site_name":"Santjosep.net","article_published_time":"2014-02-05T09:04:39+00:00","article_modified_time":"2020-01-22T10:45:17+00:00","og_image":[{"width":488,"height":325,"url":"https:\/\/www.santjosep.net\/wp-content\/uploads\/2013\/11\/sacaleta_IMG_0783.jpg","type":"image\/jpeg"}],"author":"Sant Josep","twitter_card":"summary_large_image","twitter_misc":{"Escrit per":"Sant Josep","Temps estimat de lectura":"3 minuts"},"schema":{"@context":"https:\/\/schema.org","@graph":[{"@type":"WebPage","@id":"https:\/\/www.santjosep.net\/ca\/la-zona-sud-de-sant-josep-sa-caleta-es-bol-nou-i-la-platja-des-jondal\/","url":"https:\/\/www.santjosep.net\/ca\/la-zona-sud-de-sant-josep-sa-caleta-es-bol-nou-i-la-platja-des-jondal\/","name":"La zona sud de Sant Josep, sa Caleta, es Bol Nou i la platja des Jondal - Santjosep.net","isPartOf":{"@id":"https:\/\/www.santjosep.net\/#website"},"primaryImageOfPage":{"@id":"https:\/\/www.santjosep.net\/ca\/la-zona-sud-de-sant-josep-sa-caleta-es-bol-nou-i-la-platja-des-jondal\/#primaryimage"},"image":{"@id":"https:\/\/www.santjosep.net\/ca\/la-zona-sud-de-sant-josep-sa-caleta-es-bol-nou-i-la-platja-des-jondal\/#primaryimage"},"thumbnailUrl":"https:\/\/www.santjosep.net\/wp-content\/uploads\/2013\/11\/sacaleta_IMG_0783.jpg","datePublished":"2014-02-05T09:04:39+00:00","dateModified":"2020-01-22T10:45:17+00:00","author":{"@id":"https:\/\/www.santjosep.net\/#\/schema\/person\/b60e56f94e4e55776eb62bf4293f99b6"},"inLanguage":"ca","potentialAction":[{"@type":"ReadAction","target":["https:\/\/www.santjosep.net\/ca\/la-zona-sud-de-sant-josep-sa-caleta-es-bol-nou-i-la-platja-des-jondal\/"]}]},{"@type":"ImageObject","inLanguage":"ca","@id":"https:\/\/www.santjosep.net\/ca\/la-zona-sud-de-sant-josep-sa-caleta-es-bol-nou-i-la-platja-des-jondal\/#primaryimage","url":"https:\/\/www.santjosep.net\/wp-content\/uploads\/2013\/11\/sacaleta_IMG_0783.jpg","contentUrl":"https:\/\/www.santjosep.net\/wp-content\/uploads\/2013\/11\/sacaleta_IMG_0783.jpg","width":488,"height":325,"caption":"Sa Caleta"},{"@type":"WebSite","@id":"https:\/\/www.santjosep.net\/#website","url":"https:\/\/www.santjosep.net\/","name":"Santjosep.net","description":"","potentialAction":[{"@type":"SearchAction","target":{"@type":"EntryPoint","urlTemplate":"https:\/\/www.santjosep.net\/?s={search_term_string}"},"query-input":{"@type":"PropertyValueSpecification","valueRequired":true,"valueName":"search_term_string"}}],"inLanguage":"ca"},{"@type":"Person","@id":"https:\/\/www.santjosep.net\/#\/schema\/person\/b60e56f94e4e55776eb62bf4293f99b6","name":"Sant Josep","image":{"@type":"ImageObject","inLanguage":"ca","@id":"https:\/\/www.santjosep.net\/#\/schema\/person\/image\/","url":"https:\/\/secure.gravatar.com\/avatar\/2f4071817a97d2499c5aae9674ee15015b5a3c7c0974ca84f095a8e4aadcda56?s=96&d=mm&r=g","contentUrl":"https:\/\/secure.gravatar.com\/avatar\/2f4071817a97d2499c5aae9674ee15015b5a3c7c0974ca84f095a8e4aadcda56?s=96&d=mm&r=g","caption":"Sant Josep"},"url":"https:\/\/www.santjosep.net\/ca\/author\/fugrafic\/"}]}},"_links":{"self":[{"href":"https:\/\/www.santjosep.net\/ca\/wp-json\/wp\/v2\/posts\/13221","targetHints":{"allow":["GET"]}}],"collection":[{"href":"https:\/\/www.santjosep.net\/ca\/wp-json\/wp\/v2\/posts"}],"about":[{"href":"https:\/\/www.santjosep.net\/ca\/wp-json\/wp\/v2\/types\/post"}],"author":[{"embeddable":true,"href":"https:\/\/www.santjosep.net\/ca\/wp-json\/wp\/v2\/users\/1"}],"replies":[{"embeddable":true,"href":"https:\/\/www.santjosep.net\/ca\/wp-json\/wp\/v2\/comments?post=13221"}],"version-history":[{"count":0,"href":"https:\/\/www.santjosep.net\/ca\/wp-json\/wp\/v2\/posts\/13221\/revisions"}],"wp:featuredmedia":[{"embeddable":true,"href":"https:\/\/www.santjosep.net\/ca\/wp-json\/wp\/v2\/media\/13222"}],"wp:attachment":[{"href":"https:\/\/www.santjosep.net\/ca\/wp-json\/wp\/v2\/media?parent=13221"}],"wp:term":[{"taxonomy":"category","embeddable":true,"href":"https:\/\/www.santjosep.net\/ca\/wp-json\/wp\/v2\/categories?post=13221"},{"taxonomy":"post_tag","embeddable":true,"href":"https:\/\/www.santjosep.net\/ca\/wp-json\/wp\/v2\/tags?post=13221"}],"curies":[{"name":"wp","href":"https:\/\/api.w.org\/{rel}","templated":true}]}}