{"id":13219,"date":"2014-02-20T16:05:52","date_gmt":"2014-02-20T16:05:52","guid":{"rendered":"https:\/\/www.santjosep.net\/zona-sur-oeste-de-ibiza-3-calas-de-aire-muy-marinero\/"},"modified":"2020-01-22T11:48:06","modified_gmt":"2020-01-22T10:48:06","slug":"zona-sud-oest-3-cales-amb-un-aire-molt-mariner","status":"publish","type":"post","link":"https:\/\/www.santjosep.net\/ca\/zona-sud-oest-3-cales-amb-un-aire-molt-mariner\/","title":{"rendered":"Zona sud- oest, 3 cales amb un aire molt mariner"},"content":{"rendered":"<p>Avui realitzareu un passeig virtual per la zona sud-oest del municipi, on coneixereu el poble petit i encantador des Cubells. Tamb\u00e9 podeu passejar per alguna de les cales m\u00e9s boniques de la zona: es Torrent, es Xarco i ses Boques.<\/p>\n<p>Es Cubells \u00e9s un dels pobles m\u00e9s petits de l\u2019illa d\u2019Eivissa. El seu nucli urb\u00e0 est\u00e0 format per una esgl\u00e9sia de murs grans emblanquinats, dos bars, una adrogueria i un centre cultural. La majoria de la poblaci\u00f3 des Cubells ha viscut sempre escampada pel camp, on encara es conserva el paisatge rural t\u00edpic i la vida tranquil\u00b7la de l\u2019illa \u00a0gr\u00e0cies al cultiu de petites parcel\u00b7les. No obstant aix\u00f2, el panorama que envolta aquest petit enclavament \u00e9s espectacular: a la vora d\u2019un penya-segat, les vistes dels visitants des Cubells s\u00f3n impressionants. El mar i l\u2019extens camp eivissenc es fonen en una escena que no us deixar\u00e0 indiferents.<\/p>\n<div id=\"attachment_901\" style=\"width: 810px\" class=\"wp-caption alignnone\"><a href=\"https:\/\/www.santjosep.net\/wp-content\/uploads\/2013\/11\/iglesiaescubells_IMG_0913.jpg\"><img loading=\"lazy\" decoding=\"async\" aria-describedby=\"caption-attachment-901\" class=\"size-full wp-image-901\" title=\"Iglesia de Es Cubells\" src=\"https:\/\/www.santjosep.net\/wp-content\/uploads\/2013\/11\/iglesiaescubells_IMG_0913.jpg\" alt=\"iglesiaescubells_IMG_0913\" width=\"800\" height=\"533\" srcset=\"https:\/\/www.santjosep.net\/wp-content\/uploads\/2013\/11\/iglesiaescubells_IMG_0913.jpg 800w, https:\/\/www.santjosep.net\/wp-content\/uploads\/2013\/11\/iglesiaescubells_IMG_0913-300x200.jpg 300w, https:\/\/www.santjosep.net\/wp-content\/uploads\/2013\/11\/iglesiaescubells_IMG_0913-768x512.jpg 768w\" sizes=\"auto, (max-width: 800px) 100vw, 800px\" \/><\/a><p id=\"caption-attachment-901\" class=\"wp-caption-text\">Esgl\u00e8sia de Es Cubells<\/p><\/div>\n<p>El poble des Cubells \u00e9s perfecte per gaudir d\u2019un aperitiu i de la gastronomia local. Gr\u00e0cies al seu ambient tranquil, \u00e9s un lloc ideal per visitar amb la fam\u00edlia o els amics. Si el que us agrada \u00e9s gaudir del sol, la platja i la tranquil\u00b7litat rodejats de natura, es Xarco \u00e9s el vostre lloc. \u00c9s una cala petita i poc concorreguda d\u2019ambient mariner envoltada de pescadors, \u00a0ideal per trobar la calma. \u00c9s la cala perfecta per anar-hi amb la parella o els amics, per\u00f2 les pedres \u00a0i les roques que hi ha a l\u2019interior dificulten la mobilitat dels nens. Uns escarpins us permetran estar molt m\u00e9s c\u00f2modes dins l\u2019aigua. Aix\u00ed mateix, podreu aprofitar per tastar la gastronomia local i marinera d\u2019Eivissa, ja que hi ha un restaurant on podreu delectar-vos amb els plats tradicionals.<\/p>\n<div id=\"attachment_945\" style=\"width: 810px\" class=\"wp-caption alignnone\"><a href=\"https:\/\/www.santjosep.net\/wp-content\/uploads\/2013\/11\/esxarcu_IMG_8447.jpg\"><img loading=\"lazy\" decoding=\"async\" aria-describedby=\"caption-attachment-945\" class=\"size-full wp-image-945\" src=\"https:\/\/www.santjosep.net\/wp-content\/uploads\/2013\/11\/esxarcu_IMG_8447.jpg\" alt=\"esxarcu_IMG_8447\" width=\"800\" height=\"544\" srcset=\"https:\/\/www.santjosep.net\/wp-content\/uploads\/2013\/11\/esxarcu_IMG_8447.jpg 800w, https:\/\/www.santjosep.net\/wp-content\/uploads\/2013\/11\/esxarcu_IMG_8447-300x204.jpg 300w\" sizes=\"auto, (max-width: 800px) 100vw, 800px\" \/><\/a><p id=\"caption-attachment-945\" class=\"wp-caption-text\">Es Xarco<\/p><\/div>\n<p>Una altra platja on relaxar-se i gaudir de l\u2019ambient mariner de la zona \u00e9s es Torrent, situada a la badia de Porroig. \u00c9s una cala rec\u00f2ndita, de sorra a l\u2019exterior i pedres a l\u2019interior. Es tracta d\u2019 un lloc poc freq\u00fcentat, per\u00f2 el paisatge \u00e9s dels m\u00e9s bonics de la zona. Tamb\u00e9 trobareu un restaurant on us podreu asseure amb els peus a la sorra per fer l\u2019aperitiu i tastar algun plat t\u00edpic de pescadors. Ses Boques \u00e9s una altra de les cales on el relax i la tranquil\u00b7litat estan garantits. El paisatge abrupte que l\u2019envolta la converteix en una cala molt especial per gaudir de la natura i la calma. Al quiosquet de ses Boques us podreu relaxar bevent-vos una canya, \u00a0tastar l\u2019incre\u00efble peix fresc de la zona o un d\u2019aquells arrossos tan t\u00edpics d\u2019Eivissa.<\/p>\n<div id=\"attachment_1065\" style=\"width: 1010px\" class=\"wp-caption alignnone\"><a href=\"https:\/\/www.santjosep.net\/wp-content\/uploads\/2013\/11\/porroig_IMG_8432.jpg\"><img loading=\"lazy\" decoding=\"async\" aria-describedby=\"caption-attachment-1065\" class=\"size-full wp-image-1065\" src=\"https:\/\/www.santjosep.net\/wp-content\/uploads\/2013\/11\/porroig_IMG_8432.jpg\" alt=\"porroig_IMG_8432\" width=\"1000\" height=\"667\" srcset=\"https:\/\/www.santjosep.net\/wp-content\/uploads\/2013\/11\/porroig_IMG_8432.jpg 1000w, https:\/\/www.santjosep.net\/wp-content\/uploads\/2013\/11\/porroig_IMG_8432-300x200.jpg 300w\" sizes=\"auto, (max-width: 1000px) 100vw, 1000px\" \/><\/a><p id=\"caption-attachment-1065\" class=\"wp-caption-text\">Bah\u00eda de Porroig<\/p><\/div>\n<p>Esperem que aquesta visita per la zona sud-oest de Sant Josep us hagi agradat. Llocs tranquils, natura verge i gastronomia local. Qu\u00e8 m\u00e9s es podria demanar? Fins aviat!<\/p>\n","protected":false},"excerpt":{"rendered":"<p>Avui realitzareu un passeig virtual per la zona sud-oest del municipi, on coneixereu el poble petit i encantador des Cubells. Tamb\u00e9 podeu passejar per alguna de les cales m\u00e9s boniques de la zona: es Torrent, es Xarco i ses Boques. [&hellip;]<\/p>\n","protected":false},"author":1,"featured_media":12201,"comment_status":"open","ping_status":"open","sticky":false,"template":"","format":"standard","meta":{"_acf_changed":false,"inline_featured_image":false,"footnotes":""},"categories":[205,207],"tags":[],"class_list":["post-13219","post","type-post","status-publish","format-standard","has-post-thumbnail","hentry","category-passejades-ca","category-zones-ca"],"acf":[],"geo":null,"yoast_head":"<!-- This site is optimized with the Yoast SEO plugin v25.7 - https:\/\/yoast.com\/wordpress\/plugins\/seo\/ -->\n<title>Zona sud- oest, 3 cales amb un aire molt mariner - Santjosep.net<\/title>\n<meta name=\"robots\" content=\"index, follow, max-snippet:-1, max-image-preview:large, max-video-preview:-1\" \/>\n<link rel=\"canonical\" href=\"https:\/\/www.santjosep.net\/ca\/zona-sud-oest-3-cales-amb-un-aire-molt-mariner\/\" \/>\n<meta property=\"og:locale\" content=\"ca_ES\" \/>\n<meta property=\"og:type\" content=\"article\" \/>\n<meta property=\"og:title\" content=\"Zona sud- oest, 3 cales amb un aire molt mariner - Santjosep.net\" \/>\n<meta property=\"og:description\" content=\"Avui realitzareu un passeig virtual per la zona sud-oest del municipi, on coneixereu el poble petit i encantador des Cubells. Tamb\u00e9 podeu passejar per alguna de les cales m\u00e9s boniques de la zona: es Torrent, es Xarco i ses Boques. [&hellip;]\" \/>\n<meta property=\"og:url\" content=\"https:\/\/www.santjosep.net\/ca\/zona-sud-oest-3-cales-amb-un-aire-molt-mariner\/\" \/>\n<meta property=\"og:site_name\" content=\"Santjosep.net\" \/>\n<meta property=\"article:published_time\" content=\"2014-02-20T16:05:52+00:00\" \/>\n<meta property=\"article:modified_time\" content=\"2020-01-22T10:48:06+00:00\" \/>\n<meta property=\"og:image\" content=\"https:\/\/www.santjosep.net\/wp-content\/uploads\/2013\/11\/escubellsplaya_IMG_09831.jpg\" \/>\n\t<meta property=\"og:image:width\" content=\"800\" \/>\n\t<meta property=\"og:image:height\" content=\"533\" \/>\n\t<meta property=\"og:image:type\" content=\"image\/jpeg\" \/>\n<meta name=\"author\" content=\"Sant Josep\" \/>\n<meta name=\"twitter:card\" content=\"summary_large_image\" \/>\n<meta name=\"twitter:label1\" content=\"Escrit per\" \/>\n\t<meta name=\"twitter:data1\" content=\"Sant Josep\" \/>\n\t<meta name=\"twitter:label2\" content=\"Temps estimat de lectura\" \/>\n\t<meta name=\"twitter:data2\" content=\"3 minuts\" \/>\n<script type=\"application\/ld+json\" class=\"yoast-schema-graph\">{\"@context\":\"https:\/\/schema.org\",\"@graph\":[{\"@type\":\"WebPage\",\"@id\":\"https:\/\/www.santjosep.net\/ca\/zona-sud-oest-3-cales-amb-un-aire-molt-mariner\/\",\"url\":\"https:\/\/www.santjosep.net\/ca\/zona-sud-oest-3-cales-amb-un-aire-molt-mariner\/\",\"name\":\"Zona sud- oest, 3 cales amb un aire molt mariner - Santjosep.net\",\"isPartOf\":{\"@id\":\"https:\/\/www.santjosep.net\/#website\"},\"primaryImageOfPage\":{\"@id\":\"https:\/\/www.santjosep.net\/ca\/zona-sud-oest-3-cales-amb-un-aire-molt-mariner\/#primaryimage\"},\"image\":{\"@id\":\"https:\/\/www.santjosep.net\/ca\/zona-sud-oest-3-cales-amb-un-aire-molt-mariner\/#primaryimage\"},\"thumbnailUrl\":\"https:\/\/www.santjosep.net\/wp-content\/uploads\/2013\/11\/escubellsplaya_IMG_09831.jpg\",\"datePublished\":\"2014-02-20T16:05:52+00:00\",\"dateModified\":\"2020-01-22T10:48:06+00:00\",\"author\":{\"@id\":\"https:\/\/www.santjosep.net\/#\/schema\/person\/b60e56f94e4e55776eb62bf4293f99b6\"},\"inLanguage\":\"ca\",\"potentialAction\":[{\"@type\":\"ReadAction\",\"target\":[\"https:\/\/www.santjosep.net\/ca\/zona-sud-oest-3-cales-amb-un-aire-molt-mariner\/\"]}]},{\"@type\":\"ImageObject\",\"inLanguage\":\"ca\",\"@id\":\"https:\/\/www.santjosep.net\/ca\/zona-sud-oest-3-cales-amb-un-aire-molt-mariner\/#primaryimage\",\"url\":\"https:\/\/www.santjosep.net\/wp-content\/uploads\/2013\/11\/escubellsplaya_IMG_09831.jpg\",\"contentUrl\":\"https:\/\/www.santjosep.net\/wp-content\/uploads\/2013\/11\/escubellsplaya_IMG_09831.jpg\",\"width\":800,\"height\":533},{\"@type\":\"WebSite\",\"@id\":\"https:\/\/www.santjosep.net\/#website\",\"url\":\"https:\/\/www.santjosep.net\/\",\"name\":\"Santjosep.net\",\"description\":\"\",\"potentialAction\":[{\"@type\":\"SearchAction\",\"target\":{\"@type\":\"EntryPoint\",\"urlTemplate\":\"https:\/\/www.santjosep.net\/?s={search_term_string}\"},\"query-input\":{\"@type\":\"PropertyValueSpecification\",\"valueRequired\":true,\"valueName\":\"search_term_string\"}}],\"inLanguage\":\"ca\"},{\"@type\":\"Person\",\"@id\":\"https:\/\/www.santjosep.net\/#\/schema\/person\/b60e56f94e4e55776eb62bf4293f99b6\",\"name\":\"Sant Josep\",\"image\":{\"@type\":\"ImageObject\",\"inLanguage\":\"ca\",\"@id\":\"https:\/\/www.santjosep.net\/#\/schema\/person\/image\/\",\"url\":\"https:\/\/secure.gravatar.com\/avatar\/2f4071817a97d2499c5aae9674ee15015b5a3c7c0974ca84f095a8e4aadcda56?s=96&d=mm&r=g\",\"contentUrl\":\"https:\/\/secure.gravatar.com\/avatar\/2f4071817a97d2499c5aae9674ee15015b5a3c7c0974ca84f095a8e4aadcda56?s=96&d=mm&r=g\",\"caption\":\"Sant Josep\"},\"url\":\"https:\/\/www.santjosep.net\/ca\/author\/fugrafic\/\"}]}<\/script>\n<!-- \/ Yoast SEO plugin. -->","yoast_head_json":{"title":"Zona sud- oest, 3 cales amb un aire molt mariner - Santjosep.net","robots":{"index":"index","follow":"follow","max-snippet":"max-snippet:-1","max-image-preview":"max-image-preview:large","max-video-preview":"max-video-preview:-1"},"canonical":"https:\/\/www.santjosep.net\/ca\/zona-sud-oest-3-cales-amb-un-aire-molt-mariner\/","og_locale":"ca_ES","og_type":"article","og_title":"Zona sud- oest, 3 cales amb un aire molt mariner - Santjosep.net","og_description":"Avui realitzareu un passeig virtual per la zona sud-oest del municipi, on coneixereu el poble petit i encantador des Cubells. Tamb\u00e9 podeu passejar per alguna de les cales m\u00e9s boniques de la zona: es Torrent, es Xarco i ses Boques. [&hellip;]","og_url":"https:\/\/www.santjosep.net\/ca\/zona-sud-oest-3-cales-amb-un-aire-molt-mariner\/","og_site_name":"Santjosep.net","article_published_time":"2014-02-20T16:05:52+00:00","article_modified_time":"2020-01-22T10:48:06+00:00","og_image":[{"width":800,"height":533,"url":"https:\/\/www.santjosep.net\/wp-content\/uploads\/2013\/11\/escubellsplaya_IMG_09831.jpg","type":"image\/jpeg"}],"author":"Sant Josep","twitter_card":"summary_large_image","twitter_misc":{"Escrit per":"Sant Josep","Temps estimat de lectura":"3 minuts"},"schema":{"@context":"https:\/\/schema.org","@graph":[{"@type":"WebPage","@id":"https:\/\/www.santjosep.net\/ca\/zona-sud-oest-3-cales-amb-un-aire-molt-mariner\/","url":"https:\/\/www.santjosep.net\/ca\/zona-sud-oest-3-cales-amb-un-aire-molt-mariner\/","name":"Zona sud- oest, 3 cales amb un aire molt mariner - Santjosep.net","isPartOf":{"@id":"https:\/\/www.santjosep.net\/#website"},"primaryImageOfPage":{"@id":"https:\/\/www.santjosep.net\/ca\/zona-sud-oest-3-cales-amb-un-aire-molt-mariner\/#primaryimage"},"image":{"@id":"https:\/\/www.santjosep.net\/ca\/zona-sud-oest-3-cales-amb-un-aire-molt-mariner\/#primaryimage"},"thumbnailUrl":"https:\/\/www.santjosep.net\/wp-content\/uploads\/2013\/11\/escubellsplaya_IMG_09831.jpg","datePublished":"2014-02-20T16:05:52+00:00","dateModified":"2020-01-22T10:48:06+00:00","author":{"@id":"https:\/\/www.santjosep.net\/#\/schema\/person\/b60e56f94e4e55776eb62bf4293f99b6"},"inLanguage":"ca","potentialAction":[{"@type":"ReadAction","target":["https:\/\/www.santjosep.net\/ca\/zona-sud-oest-3-cales-amb-un-aire-molt-mariner\/"]}]},{"@type":"ImageObject","inLanguage":"ca","@id":"https:\/\/www.santjosep.net\/ca\/zona-sud-oest-3-cales-amb-un-aire-molt-mariner\/#primaryimage","url":"https:\/\/www.santjosep.net\/wp-content\/uploads\/2013\/11\/escubellsplaya_IMG_09831.jpg","contentUrl":"https:\/\/www.santjosep.net\/wp-content\/uploads\/2013\/11\/escubellsplaya_IMG_09831.jpg","width":800,"height":533},{"@type":"WebSite","@id":"https:\/\/www.santjosep.net\/#website","url":"https:\/\/www.santjosep.net\/","name":"Santjosep.net","description":"","potentialAction":[{"@type":"SearchAction","target":{"@type":"EntryPoint","urlTemplate":"https:\/\/www.santjosep.net\/?s={search_term_string}"},"query-input":{"@type":"PropertyValueSpecification","valueRequired":true,"valueName":"search_term_string"}}],"inLanguage":"ca"},{"@type":"Person","@id":"https:\/\/www.santjosep.net\/#\/schema\/person\/b60e56f94e4e55776eb62bf4293f99b6","name":"Sant Josep","image":{"@type":"ImageObject","inLanguage":"ca","@id":"https:\/\/www.santjosep.net\/#\/schema\/person\/image\/","url":"https:\/\/secure.gravatar.com\/avatar\/2f4071817a97d2499c5aae9674ee15015b5a3c7c0974ca84f095a8e4aadcda56?s=96&d=mm&r=g","contentUrl":"https:\/\/secure.gravatar.com\/avatar\/2f4071817a97d2499c5aae9674ee15015b5a3c7c0974ca84f095a8e4aadcda56?s=96&d=mm&r=g","caption":"Sant Josep"},"url":"https:\/\/www.santjosep.net\/ca\/author\/fugrafic\/"}]}},"_links":{"self":[{"href":"https:\/\/www.santjosep.net\/ca\/wp-json\/wp\/v2\/posts\/13219","targetHints":{"allow":["GET"]}}],"collection":[{"href":"https:\/\/www.santjosep.net\/ca\/wp-json\/wp\/v2\/posts"}],"about":[{"href":"https:\/\/www.santjosep.net\/ca\/wp-json\/wp\/v2\/types\/post"}],"author":[{"embeddable":true,"href":"https:\/\/www.santjosep.net\/ca\/wp-json\/wp\/v2\/users\/1"}],"replies":[{"embeddable":true,"href":"https:\/\/www.santjosep.net\/ca\/wp-json\/wp\/v2\/comments?post=13219"}],"version-history":[{"count":0,"href":"https:\/\/www.santjosep.net\/ca\/wp-json\/wp\/v2\/posts\/13219\/revisions"}],"wp:featuredmedia":[{"embeddable":true,"href":"https:\/\/www.santjosep.net\/ca\/wp-json\/wp\/v2\/media\/12201"}],"wp:attachment":[{"href":"https:\/\/www.santjosep.net\/ca\/wp-json\/wp\/v2\/media?parent=13219"}],"wp:term":[{"taxonomy":"category","embeddable":true,"href":"https:\/\/www.santjosep.net\/ca\/wp-json\/wp\/v2\/categories?post=13219"},{"taxonomy":"post_tag","embeddable":true,"href":"https:\/\/www.santjosep.net\/ca\/wp-json\/wp\/v2\/tags?post=13219"}],"curies":[{"name":"wp","href":"https:\/\/api.w.org\/{rel}","templated":true}]}}