{"id":13211,"date":"2014-03-19T08:35:29","date_gmt":"2014-03-19T08:35:29","guid":{"rendered":"https:\/\/www.santjosep.net\/port-des-torrent-y-cala-de-bou\/"},"modified":"2020-01-22T11:44:53","modified_gmt":"2020-01-22T10:44:53","slug":"port-des-torrent-i-cala-de-bou","status":"publish","type":"post","link":"https:\/\/www.santjosep.net\/ca\/port-des-torrent-i-cala-de-bou\/","title":{"rendered":"Port des torrent i Cala de Bou"},"content":{"rendered":"\n\t\t<style type=\"text\/css\">\n\t\t\t#gallery-1 {\n\t\t\t\tmargin: auto;\n\t\t\t}\n\t\t\t#gallery-1 .gallery-item {\n\t\t\t\tfloat: left;\n\t\t\t\tmargin-top: 10px;\n\t\t\t\ttext-align: center;\n\t\t\t\twidth: 33%;\n\t\t\t}\n\t\t\t#gallery-1 img {\n\t\t\t\tborder: 2px solid #cfcfcf;\n\t\t\t}\n\t\t\t#gallery-1 .gallery-caption {\n\t\t\t\tmargin-left: 0;\n\t\t\t}\n\t\t\t\/* see gallery_shortcode() in wp-includes\/media.php *\/\n\t\t<\/style>\n\t\t<div id='gallery-1' class='gallery galleryid-13211 gallery-columns-3 gallery-size-thumbnail'><dl class='gallery-item'>\n\t\t\t<dt class='gallery-icon landscape'>\n\t\t\t\t<a href='https:\/\/www.santjosep.net\/ca\/port-des-torrent-i-cala-de-bou\/img_0013-2\/'><img loading=\"lazy\" decoding=\"async\" width=\"150\" height=\"150\" src=\"https:\/\/www.santjosep.net\/wp-content\/uploads\/2014\/03\/IMG_0013-150x150.jpg\" class=\"attachment-thumbnail size-thumbnail\" alt=\"\" aria-describedby=\"gallery-1-13212\" srcset=\"https:\/\/www.santjosep.net\/wp-content\/uploads\/2014\/03\/IMG_0013-150x150.jpg 150w, https:\/\/www.santjosep.net\/wp-content\/uploads\/2014\/03\/IMG_0013-50x50.jpg 50w, https:\/\/www.santjosep.net\/wp-content\/uploads\/2014\/03\/IMG_0013-100x100.jpg 100w\" sizes=\"auto, (max-width: 150px) 100vw, 150px\" \/><\/a>\n\t\t\t<\/dt>\n\t\t\t\t<dd class='wp-caption-text gallery-caption' id='gallery-1-13212'>\n\t\t\t\tGorilla Hippy Market\n\t\t\t\t<\/dd><\/dl>\n\t\t\t<br style='clear: both' \/>\n\t\t<\/div>\n\n<p>Avui, en aquesta nova entrada, volem presentar-vos la zona de Port des Torrent i Cala de Bou. Hi trobareu una gran multitud d\u2019activitats per realitzar en parella, en fam\u00edlia i amb els amics, ja que \u00e9s una zona tur\u00edstica apta per a tots els p\u00fablics.<\/p>\n<p>La zona de Cala de Bou t\u00e9 una gran aflu\u00e8ncia de turistes durant els mesos d\u2019estiu, sobretot procedents del Regne Unit. Hotels, apartaments i cases de lloguer formen part del paisatge d\u2019aquest enclavament mar\u00edtim. A Cala de Bou trobareu qualsevol tipus d\u2019allotjament amb tots els serveis necessaris al voltant: farm\u00e0cies, botigues, supermercats&#8230; \u00c9s una zona adequada tant per als qui viatgeu amb nens com per als qui ho feu en parella o amics, perqu\u00e8 hi trobareu activitats adaptades a tots els gustos.<\/p>\n<p>S\u2019hi poden practicar esports i activitats n\u00e0utiques (centres de busseig, excursions en caiac, lloguer de motos d\u2019aigua&#8230;), ja que l\u2019Estaci\u00f3 N\u00e0utica de Sant Antoni i Sant Josep tamb\u00e9 dep\u00e8n del municipi de Sant Josep. La zona de Cala de Bou i Port des Torrent tamb\u00e9 \u00e9s ideal per als qui volen gaudir de l\u2019ambient nocturn de l\u2019illa, ja que hi ha molts pubs i locals de festa on fer una copa i escoltar bona m\u00fasica. Si el que preferiu \u00e9s aprofitar les hores del sol, podeu fer-ho passejant per la costa i gaudint tamb\u00e9 de la preciosa platja de Port des Torrent, que rep aquest nom perqu\u00e8 est\u00e0 situat a la desembocadura d\u2019un torrent.<\/p>\n<p>\u00c9s una platja de sorra que disposa de diferents serveis perqu\u00e8 aprofiteu els vostres dies de descans. A m\u00e9s, hi ha nombrosos restaurants on tastar plats t\u00edpics de la cuina mediterr\u00e0nia o on fer un beure mirant al mar. Els dimarts, els dijous i els divendres es pot passejar tamb\u00e9 pel mercat hippy Gorila Hippy Market, que reuneix artesans i comerciants en un ambient molt bonic: m\u00fasica en directe, gastronomia i tranquil\u00b7litat per gaudir dels capvespres i de les nits d\u2019estiu eivissenques.<\/p>\n<p>Tampoc us podeu perdre, si passeu per la zona de Port des Torrent i Cala de Bou, la meravellosa posta de sol que es veu des de la costa. \u00c9s un dels espectacles naturals m\u00e9s bonics que es poden veure a Eivissa i atrau milers de turistes durant els mesos de calor. Veure com els \u00faltims rajos de sol desapareixen \u00e9s una experi\u00e8ncia que no us deixar\u00e0 indiferents. Esperem que us hagi agradat aquest passeig per Port des Torrent i Cala de Bou i ens veiem molt aviat amb noves recomanacions d\u2019Eivissa. Fins aviat!<\/p>\n","protected":false},"excerpt":{"rendered":"<p>Avui, en aquesta nova entrada, volem presentar-vos la zona de Port des Torrent i Cala de Bou. Hi trobareu una gran multitud d\u2019activitats per realitzar en parella, en fam\u00edlia i amb els amics, ja que \u00e9s una zona tur\u00edstica apta [&hellip;]<\/p>\n","protected":false},"author":1,"featured_media":13213,"comment_status":"open","ping_status":"open","sticky":false,"template":"","format":"gallery","meta":{"_acf_changed":false,"inline_featured_image":false,"footnotes":""},"categories":[207],"tags":[],"class_list":["post-13211","post","type-post","status-publish","format-gallery","has-post-thumbnail","hentry","category-zones-ca","post_format-post-format-gallery"],"acf":[],"geo":null,"yoast_head":"<!-- This site is optimized with the Yoast SEO plugin v25.7 - https:\/\/yoast.com\/wordpress\/plugins\/seo\/ -->\n<title>Port des torrent y Cala de Bou - Santjosep.net (Ibiza)<\/title>\n<meta name=\"robots\" content=\"index, follow, max-snippet:-1, max-image-preview:large, max-video-preview:-1\" \/>\n<link rel=\"canonical\" href=\"https:\/\/www.santjosep.net\/ca\/port-des-torrent-i-cala-de-bou\/\" \/>\n<meta property=\"og:locale\" content=\"ca_ES\" \/>\n<meta property=\"og:type\" content=\"article\" \/>\n<meta property=\"og:title\" content=\"Port des torrent y Cala de Bou - Santjosep.net (Ibiza)\" \/>\n<meta property=\"og:description\" content=\"Avui, en aquesta nova entrada, volem presentar-vos la zona de Port des Torrent i Cala de Bou. Hi trobareu una gran multitud d\u2019activitats per realitzar en parella, en fam\u00edlia i amb els amics, ja que \u00e9s una zona tur\u00edstica apta [&hellip;]\" \/>\n<meta property=\"og:url\" content=\"https:\/\/www.santjosep.net\/ca\/port-des-torrent-i-cala-de-bou\/\" \/>\n<meta property=\"og:site_name\" content=\"Santjosep.net\" \/>\n<meta property=\"article:published_time\" content=\"2014-03-19T08:35:29+00:00\" \/>\n<meta property=\"article:modified_time\" content=\"2020-01-22T10:44:53+00:00\" \/>\n<meta property=\"og:image\" content=\"https:\/\/www.santjosep.net\/wp-content\/uploads\/2014\/03\/IMG_9980.jpg\" \/>\n\t<meta property=\"og:image:width\" content=\"1000\" \/>\n\t<meta property=\"og:image:height\" content=\"667\" \/>\n\t<meta property=\"og:image:type\" content=\"image\/jpeg\" \/>\n<meta name=\"author\" content=\"Sant Josep\" \/>\n<meta name=\"twitter:card\" content=\"summary_large_image\" \/>\n<meta name=\"twitter:label1\" content=\"Escrit per\" \/>\n\t<meta name=\"twitter:data1\" content=\"Sant Josep\" \/>\n\t<meta name=\"twitter:label2\" content=\"Temps estimat de lectura\" \/>\n\t<meta name=\"twitter:data2\" content=\"2 minuts\" \/>\n<script type=\"application\/ld+json\" class=\"yoast-schema-graph\">{\"@context\":\"https:\/\/schema.org\",\"@graph\":[{\"@type\":\"WebPage\",\"@id\":\"https:\/\/www.santjosep.net\/ca\/port-des-torrent-i-cala-de-bou\/\",\"url\":\"https:\/\/www.santjosep.net\/ca\/port-des-torrent-i-cala-de-bou\/\",\"name\":\"Port des torrent y Cala de Bou - Santjosep.net (Ibiza)\",\"isPartOf\":{\"@id\":\"https:\/\/www.santjosep.net\/#website\"},\"primaryImageOfPage\":{\"@id\":\"https:\/\/www.santjosep.net\/ca\/port-des-torrent-i-cala-de-bou\/#primaryimage\"},\"image\":{\"@id\":\"https:\/\/www.santjosep.net\/ca\/port-des-torrent-i-cala-de-bou\/#primaryimage\"},\"thumbnailUrl\":\"https:\/\/www.santjosep.net\/wp-content\/uploads\/2014\/03\/IMG_9980.jpg\",\"datePublished\":\"2014-03-19T08:35:29+00:00\",\"dateModified\":\"2020-01-22T10:44:53+00:00\",\"author\":{\"@id\":\"https:\/\/www.santjosep.net\/#\/schema\/person\/b60e56f94e4e55776eb62bf4293f99b6\"},\"inLanguage\":\"ca\",\"potentialAction\":[{\"@type\":\"ReadAction\",\"target\":[\"https:\/\/www.santjosep.net\/ca\/port-des-torrent-i-cala-de-bou\/\"]}]},{\"@type\":\"ImageObject\",\"inLanguage\":\"ca\",\"@id\":\"https:\/\/www.santjosep.net\/ca\/port-des-torrent-i-cala-de-bou\/#primaryimage\",\"url\":\"https:\/\/www.santjosep.net\/wp-content\/uploads\/2014\/03\/IMG_9980.jpg\",\"contentUrl\":\"https:\/\/www.santjosep.net\/wp-content\/uploads\/2014\/03\/IMG_9980.jpg\",\"width\":1000,\"height\":667,\"caption\":\"Port des Torrent\"},{\"@type\":\"WebSite\",\"@id\":\"https:\/\/www.santjosep.net\/#website\",\"url\":\"https:\/\/www.santjosep.net\/\",\"name\":\"Santjosep.net\",\"description\":\"\",\"potentialAction\":[{\"@type\":\"SearchAction\",\"target\":{\"@type\":\"EntryPoint\",\"urlTemplate\":\"https:\/\/www.santjosep.net\/?s={search_term_string}\"},\"query-input\":{\"@type\":\"PropertyValueSpecification\",\"valueRequired\":true,\"valueName\":\"search_term_string\"}}],\"inLanguage\":\"ca\"},{\"@type\":\"Person\",\"@id\":\"https:\/\/www.santjosep.net\/#\/schema\/person\/b60e56f94e4e55776eb62bf4293f99b6\",\"name\":\"Sant Josep\",\"image\":{\"@type\":\"ImageObject\",\"inLanguage\":\"ca\",\"@id\":\"https:\/\/www.santjosep.net\/#\/schema\/person\/image\/\",\"url\":\"https:\/\/secure.gravatar.com\/avatar\/2f4071817a97d2499c5aae9674ee15015b5a3c7c0974ca84f095a8e4aadcda56?s=96&d=mm&r=g\",\"contentUrl\":\"https:\/\/secure.gravatar.com\/avatar\/2f4071817a97d2499c5aae9674ee15015b5a3c7c0974ca84f095a8e4aadcda56?s=96&d=mm&r=g\",\"caption\":\"Sant Josep\"},\"url\":\"https:\/\/www.santjosep.net\/ca\/author\/fugrafic\/\"}]}<\/script>\n<!-- \/ Yoast SEO plugin. -->","yoast_head_json":{"title":"Port des torrent y Cala de Bou - Santjosep.net (Ibiza)","robots":{"index":"index","follow":"follow","max-snippet":"max-snippet:-1","max-image-preview":"max-image-preview:large","max-video-preview":"max-video-preview:-1"},"canonical":"https:\/\/www.santjosep.net\/ca\/port-des-torrent-i-cala-de-bou\/","og_locale":"ca_ES","og_type":"article","og_title":"Port des torrent y Cala de Bou - Santjosep.net (Ibiza)","og_description":"Avui, en aquesta nova entrada, volem presentar-vos la zona de Port des Torrent i Cala de Bou. Hi trobareu una gran multitud d\u2019activitats per realitzar en parella, en fam\u00edlia i amb els amics, ja que \u00e9s una zona tur\u00edstica apta [&hellip;]","og_url":"https:\/\/www.santjosep.net\/ca\/port-des-torrent-i-cala-de-bou\/","og_site_name":"Santjosep.net","article_published_time":"2014-03-19T08:35:29+00:00","article_modified_time":"2020-01-22T10:44:53+00:00","og_image":[{"width":1000,"height":667,"url":"https:\/\/www.santjosep.net\/wp-content\/uploads\/2014\/03\/IMG_9980.jpg","type":"image\/jpeg"}],"author":"Sant Josep","twitter_card":"summary_large_image","twitter_misc":{"Escrit per":"Sant Josep","Temps estimat de lectura":"2 minuts"},"schema":{"@context":"https:\/\/schema.org","@graph":[{"@type":"WebPage","@id":"https:\/\/www.santjosep.net\/ca\/port-des-torrent-i-cala-de-bou\/","url":"https:\/\/www.santjosep.net\/ca\/port-des-torrent-i-cala-de-bou\/","name":"Port des torrent y Cala de Bou - Santjosep.net (Ibiza)","isPartOf":{"@id":"https:\/\/www.santjosep.net\/#website"},"primaryImageOfPage":{"@id":"https:\/\/www.santjosep.net\/ca\/port-des-torrent-i-cala-de-bou\/#primaryimage"},"image":{"@id":"https:\/\/www.santjosep.net\/ca\/port-des-torrent-i-cala-de-bou\/#primaryimage"},"thumbnailUrl":"https:\/\/www.santjosep.net\/wp-content\/uploads\/2014\/03\/IMG_9980.jpg","datePublished":"2014-03-19T08:35:29+00:00","dateModified":"2020-01-22T10:44:53+00:00","author":{"@id":"https:\/\/www.santjosep.net\/#\/schema\/person\/b60e56f94e4e55776eb62bf4293f99b6"},"inLanguage":"ca","potentialAction":[{"@type":"ReadAction","target":["https:\/\/www.santjosep.net\/ca\/port-des-torrent-i-cala-de-bou\/"]}]},{"@type":"ImageObject","inLanguage":"ca","@id":"https:\/\/www.santjosep.net\/ca\/port-des-torrent-i-cala-de-bou\/#primaryimage","url":"https:\/\/www.santjosep.net\/wp-content\/uploads\/2014\/03\/IMG_9980.jpg","contentUrl":"https:\/\/www.santjosep.net\/wp-content\/uploads\/2014\/03\/IMG_9980.jpg","width":1000,"height":667,"caption":"Port des Torrent"},{"@type":"WebSite","@id":"https:\/\/www.santjosep.net\/#website","url":"https:\/\/www.santjosep.net\/","name":"Santjosep.net","description":"","potentialAction":[{"@type":"SearchAction","target":{"@type":"EntryPoint","urlTemplate":"https:\/\/www.santjosep.net\/?s={search_term_string}"},"query-input":{"@type":"PropertyValueSpecification","valueRequired":true,"valueName":"search_term_string"}}],"inLanguage":"ca"},{"@type":"Person","@id":"https:\/\/www.santjosep.net\/#\/schema\/person\/b60e56f94e4e55776eb62bf4293f99b6","name":"Sant Josep","image":{"@type":"ImageObject","inLanguage":"ca","@id":"https:\/\/www.santjosep.net\/#\/schema\/person\/image\/","url":"https:\/\/secure.gravatar.com\/avatar\/2f4071817a97d2499c5aae9674ee15015b5a3c7c0974ca84f095a8e4aadcda56?s=96&d=mm&r=g","contentUrl":"https:\/\/secure.gravatar.com\/avatar\/2f4071817a97d2499c5aae9674ee15015b5a3c7c0974ca84f095a8e4aadcda56?s=96&d=mm&r=g","caption":"Sant Josep"},"url":"https:\/\/www.santjosep.net\/ca\/author\/fugrafic\/"}]}},"_links":{"self":[{"href":"https:\/\/www.santjosep.net\/ca\/wp-json\/wp\/v2\/posts\/13211","targetHints":{"allow":["GET"]}}],"collection":[{"href":"https:\/\/www.santjosep.net\/ca\/wp-json\/wp\/v2\/posts"}],"about":[{"href":"https:\/\/www.santjosep.net\/ca\/wp-json\/wp\/v2\/types\/post"}],"author":[{"embeddable":true,"href":"https:\/\/www.santjosep.net\/ca\/wp-json\/wp\/v2\/users\/1"}],"replies":[{"embeddable":true,"href":"https:\/\/www.santjosep.net\/ca\/wp-json\/wp\/v2\/comments?post=13211"}],"version-history":[{"count":0,"href":"https:\/\/www.santjosep.net\/ca\/wp-json\/wp\/v2\/posts\/13211\/revisions"}],"wp:featuredmedia":[{"embeddable":true,"href":"https:\/\/www.santjosep.net\/ca\/wp-json\/wp\/v2\/media\/13213"}],"wp:attachment":[{"href":"https:\/\/www.santjosep.net\/ca\/wp-json\/wp\/v2\/media?parent=13211"}],"wp:term":[{"taxonomy":"category","embeddable":true,"href":"https:\/\/www.santjosep.net\/ca\/wp-json\/wp\/v2\/categories?post=13211"},{"taxonomy":"post_tag","embeddable":true,"href":"https:\/\/www.santjosep.net\/ca\/wp-json\/wp\/v2\/tags?post=13211"}],"curies":[{"name":"wp","href":"https:\/\/api.w.org\/{rel}","templated":true}]}}