{"id":13199,"date":"2014-03-28T13:04:32","date_gmt":"2014-03-28T13:04:32","guid":{"rendered":"https:\/\/www.santjosep.net\/sant-josep-un-pueblo-de-montana-y-cosmopolita\/"},"modified":"2020-01-22T11:42:53","modified_gmt":"2020-01-22T10:42:53","slug":"sant-josep-un-poble-de-muntanya-i-cosmopolita","status":"publish","type":"post","link":"https:\/\/www.santjosep.net\/ca\/sant-josep-un-poble-de-muntanya-i-cosmopolita\/","title":{"rendered":"Sant Josep, un poble de muntanya d\u2019all\u00f2 m\u00e9s cosmopolita"},"content":{"rendered":"\n\t\t<style type=\"text\/css\">\n\t\t\t#gallery-1 {\n\t\t\t\tmargin: auto;\n\t\t\t}\n\t\t\t#gallery-1 .gallery-item {\n\t\t\t\tfloat: left;\n\t\t\t\tmargin-top: 10px;\n\t\t\t\ttext-align: center;\n\t\t\t\twidth: 33%;\n\t\t\t}\n\t\t\t#gallery-1 img {\n\t\t\t\tborder: 2px solid #cfcfcf;\n\t\t\t}\n\t\t\t#gallery-1 .gallery-caption {\n\t\t\t\tmargin-left: 0;\n\t\t\t}\n\t\t\t\/* see gallery_shortcode() in wp-includes\/media.php *\/\n\t\t<\/style>\n\t\t<div id='gallery-1' class='gallery galleryid-13199 gallery-columns-3 gallery-size-thumbnail'><dl class='gallery-item'>\n\t\t\t<dt class='gallery-icon landscape'>\n\t\t\t\t<a href='https:\/\/www.santjosep.net\/ca\/sant-josep-un-poble-de-muntanya-i-cosmopolita\/img_1091-2\/'><img loading=\"lazy\" decoding=\"async\" width=\"150\" height=\"150\" src=\"https:\/\/www.santjosep.net\/wp-content\/uploads\/2014\/03\/IMG_1091-150x150.jpg\" class=\"attachment-thumbnail size-thumbnail\" alt=\"\" srcset=\"https:\/\/www.santjosep.net\/wp-content\/uploads\/2014\/03\/IMG_1091-150x150.jpg 150w, https:\/\/www.santjosep.net\/wp-content\/uploads\/2014\/03\/IMG_1091-50x50.jpg 50w, https:\/\/www.santjosep.net\/wp-content\/uploads\/2014\/03\/IMG_1091-100x100.jpg 100w\" sizes=\"auto, (max-width: 150px) 100vw, 150px\" \/><\/a>\n\t\t\t<\/dt><\/dl><dl class='gallery-item'>\n\t\t\t<dt class='gallery-icon portrait'>\n\t\t\t\t<a href='https:\/\/www.santjosep.net\/ca\/sant-josep-un-poble-de-muntanya-i-cosmopolita\/img_1082\/'><img loading=\"lazy\" decoding=\"async\" width=\"150\" height=\"150\" src=\"https:\/\/www.santjosep.net\/wp-content\/uploads\/2014\/03\/IMG_1082-150x150.jpg\" class=\"attachment-thumbnail size-thumbnail\" alt=\"\" srcset=\"https:\/\/www.santjosep.net\/wp-content\/uploads\/2014\/03\/IMG_1082-150x150.jpg 150w, https:\/\/www.santjosep.net\/wp-content\/uploads\/2014\/03\/IMG_1082-50x50.jpg 50w, https:\/\/www.santjosep.net\/wp-content\/uploads\/2014\/03\/IMG_1082-100x100.jpg 100w\" sizes=\"auto, (max-width: 150px) 100vw, 150px\" \/><\/a>\n\t\t\t<\/dt><\/dl><dl class='gallery-item'>\n\t\t\t<dt class='gallery-icon landscape'>\n\t\t\t\t<a href='https:\/\/www.santjosep.net\/ca\/sant-josep-un-poble-de-muntanya-i-cosmopolita\/img_0698-2\/'><img loading=\"lazy\" decoding=\"async\" width=\"150\" height=\"150\" src=\"https:\/\/www.santjosep.net\/wp-content\/uploads\/2014\/03\/IMG_0698-150x150.jpg\" class=\"attachment-thumbnail size-thumbnail\" alt=\"\" srcset=\"https:\/\/www.santjosep.net\/wp-content\/uploads\/2014\/03\/IMG_0698-150x150.jpg 150w, https:\/\/www.santjosep.net\/wp-content\/uploads\/2014\/03\/IMG_0698-50x50.jpg 50w, https:\/\/www.santjosep.net\/wp-content\/uploads\/2014\/03\/IMG_0698-100x100.jpg 100w\" sizes=\"auto, (max-width: 150px) 100vw, 150px\" \/><\/a>\n\t\t\t<\/dt><\/dl><br style=\"clear: both\" \/><dl class='gallery-item'>\n\t\t\t<dt class='gallery-icon landscape'>\n\t\t\t\t<a href='https:\/\/www.santjosep.net\/ca\/sant-josep-un-poble-de-muntanya-i-cosmopolita\/img_0713\/'><img loading=\"lazy\" decoding=\"async\" width=\"150\" height=\"150\" src=\"https:\/\/www.santjosep.net\/wp-content\/uploads\/2014\/03\/IMG_0713-150x150.jpg\" class=\"attachment-thumbnail size-thumbnail\" alt=\"\" srcset=\"https:\/\/www.santjosep.net\/wp-content\/uploads\/2014\/03\/IMG_0713-150x150.jpg 150w, https:\/\/www.santjosep.net\/wp-content\/uploads\/2014\/03\/IMG_0713-50x50.jpg 50w, https:\/\/www.santjosep.net\/wp-content\/uploads\/2014\/03\/IMG_0713-100x100.jpg 100w\" sizes=\"auto, (max-width: 150px) 100vw, 150px\" \/><\/a>\n\t\t\t<\/dt><\/dl><dl class='gallery-item'>\n\t\t\t<dt class='gallery-icon portrait'>\n\t\t\t\t<a href='https:\/\/www.santjosep.net\/ca\/sant-josep-un-poble-de-muntanya-i-cosmopolita\/img_0716\/'><img loading=\"lazy\" decoding=\"async\" width=\"150\" height=\"150\" src=\"https:\/\/www.santjosep.net\/wp-content\/uploads\/2014\/03\/IMG_0716-150x150.jpg\" class=\"attachment-thumbnail size-thumbnail\" alt=\"\" srcset=\"https:\/\/www.santjosep.net\/wp-content\/uploads\/2014\/03\/IMG_0716-150x150.jpg 150w, https:\/\/www.santjosep.net\/wp-content\/uploads\/2014\/03\/IMG_0716-50x50.jpg 50w, https:\/\/www.santjosep.net\/wp-content\/uploads\/2014\/03\/IMG_0716-100x100.jpg 100w\" sizes=\"auto, (max-width: 150px) 100vw, 150px\" \/><\/a>\n\t\t\t<\/dt><\/dl><dl class='gallery-item'>\n\t\t\t<dt class='gallery-icon landscape'>\n\t\t\t\t<a href='https:\/\/www.santjosep.net\/ca\/sant-josep-un-poble-de-muntanya-i-cosmopolita\/img_0722\/'><img loading=\"lazy\" decoding=\"async\" width=\"150\" height=\"150\" src=\"https:\/\/www.santjosep.net\/wp-content\/uploads\/2014\/03\/IMG_0722-150x150.jpg\" class=\"attachment-thumbnail size-thumbnail\" alt=\"\" srcset=\"https:\/\/www.santjosep.net\/wp-content\/uploads\/2014\/03\/IMG_0722-150x150.jpg 150w, https:\/\/www.santjosep.net\/wp-content\/uploads\/2014\/03\/IMG_0722-50x50.jpg 50w, https:\/\/www.santjosep.net\/wp-content\/uploads\/2014\/03\/IMG_0722-100x100.jpg 100w\" sizes=\"auto, (max-width: 150px) 100vw, 150px\" \/><\/a>\n\t\t\t<\/dt><\/dl><br style=\"clear: both\" \/><dl class='gallery-item'>\n\t\t\t<dt class='gallery-icon landscape'>\n\t\t\t\t<a href='https:\/\/www.santjosep.net\/ca\/sant-josep-un-poble-de-muntanya-i-cosmopolita\/img_0740\/'><img loading=\"lazy\" decoding=\"async\" width=\"150\" height=\"150\" src=\"https:\/\/www.santjosep.net\/wp-content\/uploads\/2014\/03\/IMG_0740-150x150.jpg\" class=\"attachment-thumbnail size-thumbnail\" alt=\"\" srcset=\"https:\/\/www.santjosep.net\/wp-content\/uploads\/2014\/03\/IMG_0740-150x150.jpg 150w, https:\/\/www.santjosep.net\/wp-content\/uploads\/2014\/03\/IMG_0740-50x50.jpg 50w, https:\/\/www.santjosep.net\/wp-content\/uploads\/2014\/03\/IMG_0740-100x100.jpg 100w\" sizes=\"auto, (max-width: 150px) 100vw, 150px\" \/><\/a>\n\t\t\t<\/dt><\/dl><dl class='gallery-item'>\n\t\t\t<dt class='gallery-icon landscape'>\n\t\t\t\t<a href='https:\/\/www.santjosep.net\/ca\/sant-josep-un-poble-de-muntanya-i-cosmopolita\/img_0746\/'><img loading=\"lazy\" decoding=\"async\" width=\"150\" height=\"150\" src=\"https:\/\/www.santjosep.net\/wp-content\/uploads\/2014\/03\/IMG_0746-150x150.jpg\" class=\"attachment-thumbnail size-thumbnail\" alt=\"\" srcset=\"https:\/\/www.santjosep.net\/wp-content\/uploads\/2014\/03\/IMG_0746-150x150.jpg 150w, https:\/\/www.santjosep.net\/wp-content\/uploads\/2014\/03\/IMG_0746-50x50.jpg 50w, https:\/\/www.santjosep.net\/wp-content\/uploads\/2014\/03\/IMG_0746-100x100.jpg 100w\" sizes=\"auto, (max-width: 150px) 100vw, 150px\" \/><\/a>\n\t\t\t<\/dt><\/dl><dl class='gallery-item'>\n\t\t\t<dt class='gallery-icon portrait'>\n\t\t\t\t<a href='https:\/\/www.santjosep.net\/ca\/sant-josep-un-poble-de-muntanya-i-cosmopolita\/img_0756\/'><img loading=\"lazy\" decoding=\"async\" width=\"150\" height=\"150\" src=\"https:\/\/www.santjosep.net\/wp-content\/uploads\/2014\/03\/IMG_0756-150x150.jpg\" class=\"attachment-thumbnail size-thumbnail\" alt=\"\" srcset=\"https:\/\/www.santjosep.net\/wp-content\/uploads\/2014\/03\/IMG_0756-150x150.jpg 150w, https:\/\/www.santjosep.net\/wp-content\/uploads\/2014\/03\/IMG_0756-50x50.jpg 50w, https:\/\/www.santjosep.net\/wp-content\/uploads\/2014\/03\/IMG_0756-100x100.jpg 100w\" sizes=\"auto, (max-width: 150px) 100vw, 150px\" \/><\/a>\n\t\t\t<\/dt><\/dl><br style=\"clear: both\" \/>\n\t\t<\/div>\n\n<p>Podr\u00edem dir que Sant Josep \u00e9s el poble m\u00e9s de muntanya que hi ha a Eivissa, una illa molt ondulada per\u00f2 sense grans elevacions. Darrere del poble s\u2019al\u00e7a, majestu\u00f3s, el cim m\u00e9s alt d\u2019Eivissa, sa Talaia, que t\u00e9 475 metres. \u00c9s, a m\u00e9s, el centre administratiu del municipi, amb es Cubells, Sant Agust\u00ed, Sant Jordi i Sant Francesc. Per aquesta ra\u00f3 \u00e9s on es troba l\u2019edifici de l\u2019Ajuntament de Sant Josep.<\/p>\n<p>&nbsp;<\/p>\n<p>No obstant aix\u00f2, el m\u00e9s destacable de tot \u00e9s la seva esgl\u00e9sia: t\u00edpicament eivissenca, amb parets blanques i amb un retaule molt ornamentat. El seu origen data del 1726, quan els habitants del poble demanaren a l\u2019arquebisbe de Tarragona que els permet\u00e9s construir el temple. La resta de la seva arquitectura es caracteritza per edificacions t\u00edpiques eivissenques sense gaire al\u00e7ada. \u00c9s una poblaci\u00f3 petita, reunida al voltant de l\u2019esgl\u00e9sia, per la qual cosa \u00e9s molt agradable passejar-hi.<\/p>\n<p>Davant l\u2019esgl\u00e9sia hi ha la pla\u00e7a, on es solen celebrar els concerts i les festes, entre elles la famosa Flower Power, que es celebra pel mes de mar\u00e7, coincidint amb les festes patronals. En aquella festa, tot el poble s\u2019ompli de m\u00fasica dels anys 60 i 70, de disfresses i de flors. A m\u00e9s, hi ha mostres del nostre ball t\u00edpic eivissenc, el ball pag\u00e8s.<\/p>\n<p>A Sant Josep hi ha diversos bars i restaurants on es poden menjar tant \u00a0plats senzills com cuina m\u00e9s elaborada. Hi podreu trobar bars de tota la vida i meravelloses terrasses per esmorzar i prendre l\u2019aperitiu amb vistes a l\u2019esgl\u00e9sia. Locals que destaquen pel seu ambient desenfadat i pels restaurants ubicats a edificacions tradicionals, a les quals s\u2019ha donat un aire nou i ofereixen una proposta culin\u00e0ria m\u00e9s cuidada amb tocs personals.<\/p>\n<p>Sant Josep t\u00e9 un ambient tranquil, ideal per passejar i fer unes compres a botigues d\u2019artesania, roba o decoraci\u00f3, ja que hi ha nombrosos establiments originals que s\u00f3n perfectes per a fer-ho. Tamb\u00e9 disposa d\u2019un estanc, un petit supermercat i altres tipus de botigues on es pot comprar menjar.<\/p>\n<p>Si es desitja passar un dia m\u00e9s cultural, es pot visitar la sala d\u2019exposicions Can Jeroni, en la qual es poden veure les obres dels artistes locals, amb una programaci\u00f3 que va canviant. Tamb\u00e9 hi ha una biblioteca adossada a l\u2019Ajuntament, situada al centre del poble. A m\u00e9s, \u00e9s habitual que els establiments del poble organitzin concerts en directe i esdeveniments que es celebren al llarg de l\u2019any.<\/p>\n<p>A m\u00e9s, Sant Josep \u00e9s un lloc cosmopolita. El seu paisatge hum\u00e0 el componen tant els eivissencs de soca pura com els mesclats, amb gent arribada de tot el m\u00f3n. \u00c9s un dels molts atractius que t\u00e9 apropar-se a aquest raconet de l\u2019illa, un punt de retrobament des d\u2019 on es poden fer magn\u00edfiques excursions a peu, com per exemple pujar al cim m\u00e9s alt d\u2019Eivissa, <a href=\"https:\/\/www.santjosep.net\/ca\/veure\/sa-talaia\/\">sa Talaia<\/a>.<\/p>\n","protected":false},"excerpt":{"rendered":"<p>Podr\u00edem dir que Sant Josep \u00e9s el poble m\u00e9s de muntanya que hi ha a Eivissa, una illa molt ondulada per\u00f2 sense grans elevacions. Darrere del poble s\u2019al\u00e7a, majestu\u00f3s, el cim m\u00e9s alt d\u2019Eivissa, sa Talaia, que t\u00e9 475 metres. [&hellip;]<\/p>\n","protected":false},"author":1,"featured_media":13201,"comment_status":"open","ping_status":"open","sticky":false,"template":"","format":"gallery","meta":{"_acf_changed":false,"inline_featured_image":false,"footnotes":""},"categories":[205,207],"tags":[],"class_list":["post-13199","post","type-post","status-publish","format-gallery","has-post-thumbnail","hentry","category-passejades-ca","category-zones-ca","post_format-post-format-gallery"],"acf":[],"geo":null,"yoast_head":"<!-- This site is optimized with the Yoast SEO plugin v25.7 - https:\/\/yoast.com\/wordpress\/plugins\/seo\/ -->\n<title>Sant Josep, un poble de muntanya d\u2019all\u00f2 m\u00e9s cosmopolita - Santjosep.net<\/title>\n<meta name=\"robots\" content=\"index, follow, max-snippet:-1, max-image-preview:large, max-video-preview:-1\" \/>\n<link rel=\"canonical\" href=\"https:\/\/www.santjosep.net\/ca\/sant-josep-un-poble-de-muntanya-i-cosmopolita\/\" \/>\n<meta property=\"og:locale\" content=\"ca_ES\" \/>\n<meta property=\"og:type\" content=\"article\" \/>\n<meta property=\"og:title\" content=\"Sant Josep, un poble de muntanya d\u2019all\u00f2 m\u00e9s cosmopolita - Santjosep.net\" \/>\n<meta property=\"og:description\" content=\"Podr\u00edem dir que Sant Josep \u00e9s el poble m\u00e9s de muntanya que hi ha a Eivissa, una illa molt ondulada per\u00f2 sense grans elevacions. Darrere del poble s\u2019al\u00e7a, majestu\u00f3s, el cim m\u00e9s alt d\u2019Eivissa, sa Talaia, que t\u00e9 475 metres. [&hellip;]\" \/>\n<meta property=\"og:url\" content=\"https:\/\/www.santjosep.net\/ca\/sant-josep-un-poble-de-muntanya-i-cosmopolita\/\" \/>\n<meta property=\"og:site_name\" content=\"Santjosep.net\" \/>\n<meta property=\"article:published_time\" content=\"2014-03-28T13:04:32+00:00\" \/>\n<meta property=\"article:modified_time\" content=\"2020-01-22T10:42:53+00:00\" \/>\n<meta property=\"og:image\" content=\"https:\/\/www.santjosep.net\/wp-content\/uploads\/2014\/03\/IMG_1091.jpg\" \/>\n\t<meta property=\"og:image:width\" content=\"1000\" \/>\n\t<meta property=\"og:image:height\" content=\"667\" \/>\n\t<meta property=\"og:image:type\" content=\"image\/jpeg\" \/>\n<meta name=\"author\" content=\"Sant Josep\" \/>\n<meta name=\"twitter:card\" content=\"summary_large_image\" \/>\n<meta name=\"twitter:label1\" content=\"Escrit per\" \/>\n\t<meta name=\"twitter:data1\" content=\"Sant Josep\" \/>\n\t<meta name=\"twitter:label2\" content=\"Temps estimat de lectura\" \/>\n\t<meta name=\"twitter:data2\" content=\"3 minuts\" \/>\n<script type=\"application\/ld+json\" class=\"yoast-schema-graph\">{\"@context\":\"https:\/\/schema.org\",\"@graph\":[{\"@type\":\"WebPage\",\"@id\":\"https:\/\/www.santjosep.net\/ca\/sant-josep-un-poble-de-muntanya-i-cosmopolita\/\",\"url\":\"https:\/\/www.santjosep.net\/ca\/sant-josep-un-poble-de-muntanya-i-cosmopolita\/\",\"name\":\"Sant Josep, un poble de muntanya d\u2019all\u00f2 m\u00e9s cosmopolita - Santjosep.net\",\"isPartOf\":{\"@id\":\"https:\/\/www.santjosep.net\/#website\"},\"primaryImageOfPage\":{\"@id\":\"https:\/\/www.santjosep.net\/ca\/sant-josep-un-poble-de-muntanya-i-cosmopolita\/#primaryimage\"},\"image\":{\"@id\":\"https:\/\/www.santjosep.net\/ca\/sant-josep-un-poble-de-muntanya-i-cosmopolita\/#primaryimage\"},\"thumbnailUrl\":\"https:\/\/www.santjosep.net\/wp-content\/uploads\/2014\/03\/IMG_1091.jpg\",\"datePublished\":\"2014-03-28T13:04:32+00:00\",\"dateModified\":\"2020-01-22T10:42:53+00:00\",\"author\":{\"@id\":\"https:\/\/www.santjosep.net\/#\/schema\/person\/b60e56f94e4e55776eb62bf4293f99b6\"},\"inLanguage\":\"ca\",\"potentialAction\":[{\"@type\":\"ReadAction\",\"target\":[\"https:\/\/www.santjosep.net\/ca\/sant-josep-un-poble-de-muntanya-i-cosmopolita\/\"]}]},{\"@type\":\"ImageObject\",\"inLanguage\":\"ca\",\"@id\":\"https:\/\/www.santjosep.net\/ca\/sant-josep-un-poble-de-muntanya-i-cosmopolita\/#primaryimage\",\"url\":\"https:\/\/www.santjosep.net\/wp-content\/uploads\/2014\/03\/IMG_1091.jpg\",\"contentUrl\":\"https:\/\/www.santjosep.net\/wp-content\/uploads\/2014\/03\/IMG_1091.jpg\",\"width\":1000,\"height\":667},{\"@type\":\"WebSite\",\"@id\":\"https:\/\/www.santjosep.net\/#website\",\"url\":\"https:\/\/www.santjosep.net\/\",\"name\":\"Santjosep.net\",\"description\":\"\",\"potentialAction\":[{\"@type\":\"SearchAction\",\"target\":{\"@type\":\"EntryPoint\",\"urlTemplate\":\"https:\/\/www.santjosep.net\/?s={search_term_string}\"},\"query-input\":{\"@type\":\"PropertyValueSpecification\",\"valueRequired\":true,\"valueName\":\"search_term_string\"}}],\"inLanguage\":\"ca\"},{\"@type\":\"Person\",\"@id\":\"https:\/\/www.santjosep.net\/#\/schema\/person\/b60e56f94e4e55776eb62bf4293f99b6\",\"name\":\"Sant Josep\",\"image\":{\"@type\":\"ImageObject\",\"inLanguage\":\"ca\",\"@id\":\"https:\/\/www.santjosep.net\/#\/schema\/person\/image\/\",\"url\":\"https:\/\/secure.gravatar.com\/avatar\/2f4071817a97d2499c5aae9674ee15015b5a3c7c0974ca84f095a8e4aadcda56?s=96&d=mm&r=g\",\"contentUrl\":\"https:\/\/secure.gravatar.com\/avatar\/2f4071817a97d2499c5aae9674ee15015b5a3c7c0974ca84f095a8e4aadcda56?s=96&d=mm&r=g\",\"caption\":\"Sant Josep\"},\"url\":\"https:\/\/www.santjosep.net\/ca\/author\/fugrafic\/\"}]}<\/script>\n<!-- \/ Yoast SEO plugin. -->","yoast_head_json":{"title":"Sant Josep, un poble de muntanya d\u2019all\u00f2 m\u00e9s cosmopolita - Santjosep.net","robots":{"index":"index","follow":"follow","max-snippet":"max-snippet:-1","max-image-preview":"max-image-preview:large","max-video-preview":"max-video-preview:-1"},"canonical":"https:\/\/www.santjosep.net\/ca\/sant-josep-un-poble-de-muntanya-i-cosmopolita\/","og_locale":"ca_ES","og_type":"article","og_title":"Sant Josep, un poble de muntanya d\u2019all\u00f2 m\u00e9s cosmopolita - Santjosep.net","og_description":"Podr\u00edem dir que Sant Josep \u00e9s el poble m\u00e9s de muntanya que hi ha a Eivissa, una illa molt ondulada per\u00f2 sense grans elevacions. Darrere del poble s\u2019al\u00e7a, majestu\u00f3s, el cim m\u00e9s alt d\u2019Eivissa, sa Talaia, que t\u00e9 475 metres. [&hellip;]","og_url":"https:\/\/www.santjosep.net\/ca\/sant-josep-un-poble-de-muntanya-i-cosmopolita\/","og_site_name":"Santjosep.net","article_published_time":"2014-03-28T13:04:32+00:00","article_modified_time":"2020-01-22T10:42:53+00:00","og_image":[{"width":1000,"height":667,"url":"https:\/\/www.santjosep.net\/wp-content\/uploads\/2014\/03\/IMG_1091.jpg","type":"image\/jpeg"}],"author":"Sant Josep","twitter_card":"summary_large_image","twitter_misc":{"Escrit per":"Sant Josep","Temps estimat de lectura":"3 minuts"},"schema":{"@context":"https:\/\/schema.org","@graph":[{"@type":"WebPage","@id":"https:\/\/www.santjosep.net\/ca\/sant-josep-un-poble-de-muntanya-i-cosmopolita\/","url":"https:\/\/www.santjosep.net\/ca\/sant-josep-un-poble-de-muntanya-i-cosmopolita\/","name":"Sant Josep, un poble de muntanya d\u2019all\u00f2 m\u00e9s cosmopolita - Santjosep.net","isPartOf":{"@id":"https:\/\/www.santjosep.net\/#website"},"primaryImageOfPage":{"@id":"https:\/\/www.santjosep.net\/ca\/sant-josep-un-poble-de-muntanya-i-cosmopolita\/#primaryimage"},"image":{"@id":"https:\/\/www.santjosep.net\/ca\/sant-josep-un-poble-de-muntanya-i-cosmopolita\/#primaryimage"},"thumbnailUrl":"https:\/\/www.santjosep.net\/wp-content\/uploads\/2014\/03\/IMG_1091.jpg","datePublished":"2014-03-28T13:04:32+00:00","dateModified":"2020-01-22T10:42:53+00:00","author":{"@id":"https:\/\/www.santjosep.net\/#\/schema\/person\/b60e56f94e4e55776eb62bf4293f99b6"},"inLanguage":"ca","potentialAction":[{"@type":"ReadAction","target":["https:\/\/www.santjosep.net\/ca\/sant-josep-un-poble-de-muntanya-i-cosmopolita\/"]}]},{"@type":"ImageObject","inLanguage":"ca","@id":"https:\/\/www.santjosep.net\/ca\/sant-josep-un-poble-de-muntanya-i-cosmopolita\/#primaryimage","url":"https:\/\/www.santjosep.net\/wp-content\/uploads\/2014\/03\/IMG_1091.jpg","contentUrl":"https:\/\/www.santjosep.net\/wp-content\/uploads\/2014\/03\/IMG_1091.jpg","width":1000,"height":667},{"@type":"WebSite","@id":"https:\/\/www.santjosep.net\/#website","url":"https:\/\/www.santjosep.net\/","name":"Santjosep.net","description":"","potentialAction":[{"@type":"SearchAction","target":{"@type":"EntryPoint","urlTemplate":"https:\/\/www.santjosep.net\/?s={search_term_string}"},"query-input":{"@type":"PropertyValueSpecification","valueRequired":true,"valueName":"search_term_string"}}],"inLanguage":"ca"},{"@type":"Person","@id":"https:\/\/www.santjosep.net\/#\/schema\/person\/b60e56f94e4e55776eb62bf4293f99b6","name":"Sant Josep","image":{"@type":"ImageObject","inLanguage":"ca","@id":"https:\/\/www.santjosep.net\/#\/schema\/person\/image\/","url":"https:\/\/secure.gravatar.com\/avatar\/2f4071817a97d2499c5aae9674ee15015b5a3c7c0974ca84f095a8e4aadcda56?s=96&d=mm&r=g","contentUrl":"https:\/\/secure.gravatar.com\/avatar\/2f4071817a97d2499c5aae9674ee15015b5a3c7c0974ca84f095a8e4aadcda56?s=96&d=mm&r=g","caption":"Sant Josep"},"url":"https:\/\/www.santjosep.net\/ca\/author\/fugrafic\/"}]}},"_links":{"self":[{"href":"https:\/\/www.santjosep.net\/ca\/wp-json\/wp\/v2\/posts\/13199","targetHints":{"allow":["GET"]}}],"collection":[{"href":"https:\/\/www.santjosep.net\/ca\/wp-json\/wp\/v2\/posts"}],"about":[{"href":"https:\/\/www.santjosep.net\/ca\/wp-json\/wp\/v2\/types\/post"}],"author":[{"embeddable":true,"href":"https:\/\/www.santjosep.net\/ca\/wp-json\/wp\/v2\/users\/1"}],"replies":[{"embeddable":true,"href":"https:\/\/www.santjosep.net\/ca\/wp-json\/wp\/v2\/comments?post=13199"}],"version-history":[{"count":0,"href":"https:\/\/www.santjosep.net\/ca\/wp-json\/wp\/v2\/posts\/13199\/revisions"}],"wp:featuredmedia":[{"embeddable":true,"href":"https:\/\/www.santjosep.net\/ca\/wp-json\/wp\/v2\/media\/13201"}],"wp:attachment":[{"href":"https:\/\/www.santjosep.net\/ca\/wp-json\/wp\/v2\/media?parent=13199"}],"wp:term":[{"taxonomy":"category","embeddable":true,"href":"https:\/\/www.santjosep.net\/ca\/wp-json\/wp\/v2\/categories?post=13199"},{"taxonomy":"post_tag","embeddable":true,"href":"https:\/\/www.santjosep.net\/ca\/wp-json\/wp\/v2\/tags?post=13199"}],"curies":[{"name":"wp","href":"https:\/\/api.w.org\/{rel}","templated":true}]}}