{"id":13182,"date":"2014-04-28T13:32:15","date_gmt":"2014-04-28T13:32:15","guid":{"rendered":"https:\/\/www.santjosep.net\/el-pueblo-de-sant-agusti-des-vedra-ibiza\/"},"modified":"2020-01-22T11:42:42","modified_gmt":"2020-01-22T10:42:42","slug":"el-poble-de-sant-agusti-des-vedra-eivissa","status":"publish","type":"post","link":"https:\/\/www.santjosep.net\/ca\/el-poble-de-sant-agusti-des-vedra-eivissa\/","title":{"rendered":"El poble de Sant Agust\u00ed des Vedr\u00e0 (Eivissa)"},"content":{"rendered":"<p>Com ja sabeu, des d\u2019aquest blog volem apropar-vos una mica m\u00e9s al nostre municipi d\u2019Eivissa, per aix\u00f2 sempre us proposem visitar llocs diferents: platges i cales, esgl\u00e9sies, pobles, monuments&#8230; Avui volem parlar-vos d\u2019un dels pobles m\u00e9s aut\u00e8ntics d\u2019Eivissa: <a href=\"https:\/\/www.santjosep.net\/ca\/veure\/sant-agusti-des-vedra\/\">Sant Agust\u00ed des Vedr\u00e0.<\/a><\/p>\n<p>&nbsp;<\/p>\n<p dir=\"ltr\">Destaca l\u2019esgl\u00e9sia, que va ser constru\u00efda l\u2019any 1786 per\u00f2 no es va acabar fins a principi del segle XIX a causa d\u2019una disputa familiar als terrenys on s\u2019ubica. Les l\u00ednies s\u00f3n senzilles per\u00f2 molt boniques i la planta \u00e9s rectangular. Es caracteritza per la seva peculiar orientaci\u00f3, ja que la seva fa\u00e7ana es va al\u00e7ar a l\u2019oest per satisfer les fam\u00edlies. A m\u00e9s d\u2019aquest temple, el nucli rural est\u00e0 compost per antigues cases tradicionals reconvertides en restaurants, en galeries d\u2019art i en sales d\u2019exposicions, com Can Curt. Aquesta antiga casa forma, junt amb la seva torre, un conjunt hist\u00f2ric declarat \u2018\u2019B\u00e9 d\u2019Inter\u00e8s Cultural\u2019\u2019. Des del poble es poden contemplar els camps replets d\u2019ametllers, les muntanyes que envolten el municipi i les diferents cases de parets emblanquides que formen part d\u2019aquest buc\u00f2lic paisatge.<\/p>\n<div id=\"attachment_2038\" style=\"width: 810px\" class=\"wp-caption alignnone\"><a href=\"https:\/\/www.santjosep.net\/wp-content\/uploads\/2014\/04\/cancurt_IMG_2597.jpg\"><img loading=\"lazy\" decoding=\"async\" aria-describedby=\"caption-attachment-2038\" class=\"size-full wp-image-2038\" src=\"https:\/\/www.santjosep.net\/wp-content\/uploads\/2014\/04\/cancurt_IMG_2597.jpg\" alt=\"cancurt_IMG_2597\" width=\"800\" height=\"533\" srcset=\"https:\/\/www.santjosep.net\/wp-content\/uploads\/2014\/04\/cancurt_IMG_2597.jpg 800w, https:\/\/www.santjosep.net\/wp-content\/uploads\/2014\/04\/cancurt_IMG_2597-300x200.jpg 300w, https:\/\/www.santjosep.net\/wp-content\/uploads\/2014\/04\/cancurt_IMG_2597-768x512.jpg 768w\" sizes=\"auto, (max-width: 800px) 100vw, 800px\" \/><\/a><p id=\"caption-attachment-2038\" class=\"wp-caption-text\">Centro Cultural Can Curt<\/p><\/div>\n<p>El poble de Sant Agust\u00ed \u00e9s una parada obligat\u00f2ria per als amants del senderisme, ja que hi ha diferents rutes per gaudir del bon temps i de l\u2019esport. A la pla\u00e7a del poble es pot descansar, delectar-se amb les precioses vistes del lloc i aprofitar per realitzar algunes fotografies d\u2019aquest indret tan ben conservat en plena natura eivissenca.<\/p>\n<div id=\"attachment_2042\" style=\"width: 1010px\" class=\"wp-caption alignnone\"><a href=\"https:\/\/www.santjosep.net\/wp-content\/uploads\/2014\/04\/santagusti_SDIM1355.jpg\"><img loading=\"lazy\" decoding=\"async\" aria-describedby=\"caption-attachment-2042\" class=\"size-full wp-image-2042\" src=\"https:\/\/www.santjosep.net\/wp-content\/uploads\/2014\/04\/santagusti_SDIM1355.jpg\" alt=\"Pl\u00e0 de Sant Agust\u00ed\" width=\"1000\" height=\"667\" srcset=\"https:\/\/www.santjosep.net\/wp-content\/uploads\/2014\/04\/santagusti_SDIM1355.jpg 1000w, https:\/\/www.santjosep.net\/wp-content\/uploads\/2014\/04\/santagusti_SDIM1355-300x200.jpg 300w\" sizes=\"auto, (max-width: 1000px) 100vw, 1000px\" \/><\/a><p id=\"caption-attachment-2042\" class=\"wp-caption-text\">Pl\u00e0 de Sant Agust\u00ed<\/p><\/div>\n<p>Per als qui prefereixin un pla m\u00e9s relaxat, Sant Agust\u00ed destaca pel fet de ser un lloc \u00fanic per gaudir de la gastronomia. Al poble trobareu llocs fant\u00e0stics per a les nits d\u2019estiu: tranquil\u00b7litat, bon menjar i un ambient molt cuidat que podreu aprofitar molt b\u00e9 si sou dels qui viatgeu amb la parella. No us podeu perdre aquesta fant\u00e0stica experi\u00e8ncia. Sorpreneu la vostra parella amb un sopar rom\u00e0ntic amb plats creatius i elaborats davant l\u2019esgl\u00e9sia de Sant Agust\u00ed!<\/p>\n<div id=\"attachment_1333\" style=\"width: 1010px\" class=\"wp-caption alignnone\"><a href=\"https:\/\/www.santjosep.net\/wp-content\/uploads\/2013\/11\/canberrivell_IMG_1169.jpg\"><img loading=\"lazy\" decoding=\"async\" aria-describedby=\"caption-attachment-1333\" class=\"size-full wp-image-1333\" src=\"https:\/\/www.santjosep.net\/wp-content\/uploads\/2013\/11\/canberrivell_IMG_1169.jpg\" alt=\"canberrivell_IMG_1169\" width=\"1000\" height=\"667\" srcset=\"https:\/\/www.santjosep.net\/wp-content\/uploads\/2013\/11\/canberrivell_IMG_1169.jpg 1000w, https:\/\/www.santjosep.net\/wp-content\/uploads\/2013\/11\/canberrivell_IMG_1169-300x200.jpg 300w\" sizes=\"auto, (max-width: 1000px) 100vw, 1000px\" \/><\/a><p id=\"caption-attachment-1333\" class=\"wp-caption-text\">Restaurante Can Berri Vell en Sant Agust\u00ed<\/p><\/div>\n<p dir=\"ltr\">A m\u00e9s, l\u2019arribada del bon temps \u00e9s el moment perfecte per gaudir del sol a la terrassa del bar del poble: asseure\u2019s a una taula sota els tarongers, gaudir d\u2019una cuina de plats senzills o simplement fer un beure amb la fam\u00edlia o els amics.<\/p>\n<p>Sant Agust\u00ed \u00e9s un poble on gaudir al 100% de l\u2019Eivissa m\u00e9s aut\u00e8ntica. Arquitectura tradicional, un paisatge meravell\u00f3s i bona gastronomia. Ens veiem all\u00e0?<\/p>\n<p>Tornarem ben aviat amb noves propostes perqu\u00e8 pugueu seguir gaudint de Sant Josep de sa Talaia a Eivissa.<\/p>\n","protected":false},"excerpt":{"rendered":"<p>Com ja sabeu, des d\u2019aquest blog volem apropar-vos una mica m\u00e9s al nostre municipi d\u2019Eivissa, per aix\u00f2 sempre us proposem visitar llocs diferents: platges i cales, esgl\u00e9sies, pobles, monuments&#8230; Avui volem parlar-vos d\u2019un dels pobles m\u00e9s aut\u00e8ntics d\u2019Eivissa: Sant Agust\u00ed [&hellip;]<\/p>\n","protected":false},"author":1,"featured_media":12329,"comment_status":"open","ping_status":"open","sticky":false,"template":"","format":"standard","meta":{"_acf_changed":false,"inline_featured_image":false,"footnotes":""},"categories":[207],"tags":[],"class_list":["post-13182","post","type-post","status-publish","format-standard","has-post-thumbnail","hentry","category-zones-ca"],"acf":[],"geo":null,"yoast_head":"<!-- This site is optimized with the Yoast SEO plugin v25.7 - https:\/\/yoast.com\/wordpress\/plugins\/seo\/ -->\n<title>El poble de Sant Agust\u00ed des Vedr\u00e0 (Eivissa) - Santjosep.net<\/title>\n<meta name=\"robots\" content=\"index, follow, max-snippet:-1, max-image-preview:large, max-video-preview:-1\" \/>\n<link rel=\"canonical\" href=\"https:\/\/www.santjosep.net\/ca\/el-poble-de-sant-agusti-des-vedra-eivissa\/\" \/>\n<meta property=\"og:locale\" content=\"ca_ES\" \/>\n<meta property=\"og:type\" content=\"article\" \/>\n<meta property=\"og:title\" content=\"El poble de Sant Agust\u00ed des Vedr\u00e0 (Eivissa) - Santjosep.net\" \/>\n<meta property=\"og:description\" content=\"Com ja sabeu, des d\u2019aquest blog volem apropar-vos una mica m\u00e9s al nostre municipi d\u2019Eivissa, per aix\u00f2 sempre us proposem visitar llocs diferents: platges i cales, esgl\u00e9sies, pobles, monuments&#8230; Avui volem parlar-vos d\u2019un dels pobles m\u00e9s aut\u00e8ntics d\u2019Eivissa: Sant Agust\u00ed [&hellip;]\" \/>\n<meta property=\"og:url\" content=\"https:\/\/www.santjosep.net\/ca\/el-poble-de-sant-agusti-des-vedra-eivissa\/\" \/>\n<meta property=\"og:site_name\" content=\"Santjosep.net\" \/>\n<meta property=\"article:published_time\" content=\"2014-04-28T13:32:15+00:00\" \/>\n<meta property=\"article:modified_time\" content=\"2020-01-22T10:42:42+00:00\" \/>\n<meta property=\"og:image\" content=\"https:\/\/www.santjosep.net\/wp-content\/uploads\/2013\/11\/santagusti_IMG_1055.jpg\" \/>\n\t<meta property=\"og:image:width\" content=\"800\" \/>\n\t<meta property=\"og:image:height\" content=\"533\" \/>\n\t<meta property=\"og:image:type\" content=\"image\/jpeg\" \/>\n<meta name=\"author\" content=\"Sant Josep\" \/>\n<meta name=\"twitter:card\" content=\"summary_large_image\" \/>\n<meta name=\"twitter:label1\" content=\"Escrit per\" \/>\n\t<meta name=\"twitter:data1\" content=\"Sant Josep\" \/>\n\t<meta name=\"twitter:label2\" content=\"Temps estimat de lectura\" \/>\n\t<meta name=\"twitter:data2\" content=\"2 minuts\" \/>\n<script type=\"application\/ld+json\" class=\"yoast-schema-graph\">{\"@context\":\"https:\/\/schema.org\",\"@graph\":[{\"@type\":\"WebPage\",\"@id\":\"https:\/\/www.santjosep.net\/ca\/el-poble-de-sant-agusti-des-vedra-eivissa\/\",\"url\":\"https:\/\/www.santjosep.net\/ca\/el-poble-de-sant-agusti-des-vedra-eivissa\/\",\"name\":\"El poble de Sant Agust\u00ed des Vedr\u00e0 (Eivissa) - Santjosep.net\",\"isPartOf\":{\"@id\":\"https:\/\/www.santjosep.net\/#website\"},\"primaryImageOfPage\":{\"@id\":\"https:\/\/www.santjosep.net\/ca\/el-poble-de-sant-agusti-des-vedra-eivissa\/#primaryimage\"},\"image\":{\"@id\":\"https:\/\/www.santjosep.net\/ca\/el-poble-de-sant-agusti-des-vedra-eivissa\/#primaryimage\"},\"thumbnailUrl\":\"https:\/\/www.santjosep.net\/wp-content\/uploads\/2013\/11\/santagusti_IMG_1055.jpg\",\"datePublished\":\"2014-04-28T13:32:15+00:00\",\"dateModified\":\"2020-01-22T10:42:42+00:00\",\"author\":{\"@id\":\"https:\/\/www.santjosep.net\/#\/schema\/person\/b60e56f94e4e55776eb62bf4293f99b6\"},\"inLanguage\":\"ca\",\"potentialAction\":[{\"@type\":\"ReadAction\",\"target\":[\"https:\/\/www.santjosep.net\/ca\/el-poble-de-sant-agusti-des-vedra-eivissa\/\"]}]},{\"@type\":\"ImageObject\",\"inLanguage\":\"ca\",\"@id\":\"https:\/\/www.santjosep.net\/ca\/el-poble-de-sant-agusti-des-vedra-eivissa\/#primaryimage\",\"url\":\"https:\/\/www.santjosep.net\/wp-content\/uploads\/2013\/11\/santagusti_IMG_1055.jpg\",\"contentUrl\":\"https:\/\/www.santjosep.net\/wp-content\/uploads\/2013\/11\/santagusti_IMG_1055.jpg\",\"width\":800,\"height\":533},{\"@type\":\"WebSite\",\"@id\":\"https:\/\/www.santjosep.net\/#website\",\"url\":\"https:\/\/www.santjosep.net\/\",\"name\":\"Santjosep.net\",\"description\":\"\",\"potentialAction\":[{\"@type\":\"SearchAction\",\"target\":{\"@type\":\"EntryPoint\",\"urlTemplate\":\"https:\/\/www.santjosep.net\/?s={search_term_string}\"},\"query-input\":{\"@type\":\"PropertyValueSpecification\",\"valueRequired\":true,\"valueName\":\"search_term_string\"}}],\"inLanguage\":\"ca\"},{\"@type\":\"Person\",\"@id\":\"https:\/\/www.santjosep.net\/#\/schema\/person\/b60e56f94e4e55776eb62bf4293f99b6\",\"name\":\"Sant Josep\",\"image\":{\"@type\":\"ImageObject\",\"inLanguage\":\"ca\",\"@id\":\"https:\/\/www.santjosep.net\/#\/schema\/person\/image\/\",\"url\":\"https:\/\/secure.gravatar.com\/avatar\/2f4071817a97d2499c5aae9674ee15015b5a3c7c0974ca84f095a8e4aadcda56?s=96&d=mm&r=g\",\"contentUrl\":\"https:\/\/secure.gravatar.com\/avatar\/2f4071817a97d2499c5aae9674ee15015b5a3c7c0974ca84f095a8e4aadcda56?s=96&d=mm&r=g\",\"caption\":\"Sant Josep\"},\"url\":\"https:\/\/www.santjosep.net\/ca\/author\/fugrafic\/\"}]}<\/script>\n<!-- \/ Yoast SEO plugin. -->","yoast_head_json":{"title":"El poble de Sant Agust\u00ed des Vedr\u00e0 (Eivissa) - Santjosep.net","robots":{"index":"index","follow":"follow","max-snippet":"max-snippet:-1","max-image-preview":"max-image-preview:large","max-video-preview":"max-video-preview:-1"},"canonical":"https:\/\/www.santjosep.net\/ca\/el-poble-de-sant-agusti-des-vedra-eivissa\/","og_locale":"ca_ES","og_type":"article","og_title":"El poble de Sant Agust\u00ed des Vedr\u00e0 (Eivissa) - Santjosep.net","og_description":"Com ja sabeu, des d\u2019aquest blog volem apropar-vos una mica m\u00e9s al nostre municipi d\u2019Eivissa, per aix\u00f2 sempre us proposem visitar llocs diferents: platges i cales, esgl\u00e9sies, pobles, monuments&#8230; Avui volem parlar-vos d\u2019un dels pobles m\u00e9s aut\u00e8ntics d\u2019Eivissa: Sant Agust\u00ed [&hellip;]","og_url":"https:\/\/www.santjosep.net\/ca\/el-poble-de-sant-agusti-des-vedra-eivissa\/","og_site_name":"Santjosep.net","article_published_time":"2014-04-28T13:32:15+00:00","article_modified_time":"2020-01-22T10:42:42+00:00","og_image":[{"width":800,"height":533,"url":"https:\/\/www.santjosep.net\/wp-content\/uploads\/2013\/11\/santagusti_IMG_1055.jpg","type":"image\/jpeg"}],"author":"Sant Josep","twitter_card":"summary_large_image","twitter_misc":{"Escrit per":"Sant Josep","Temps estimat de lectura":"2 minuts"},"schema":{"@context":"https:\/\/schema.org","@graph":[{"@type":"WebPage","@id":"https:\/\/www.santjosep.net\/ca\/el-poble-de-sant-agusti-des-vedra-eivissa\/","url":"https:\/\/www.santjosep.net\/ca\/el-poble-de-sant-agusti-des-vedra-eivissa\/","name":"El poble de Sant Agust\u00ed des Vedr\u00e0 (Eivissa) - Santjosep.net","isPartOf":{"@id":"https:\/\/www.santjosep.net\/#website"},"primaryImageOfPage":{"@id":"https:\/\/www.santjosep.net\/ca\/el-poble-de-sant-agusti-des-vedra-eivissa\/#primaryimage"},"image":{"@id":"https:\/\/www.santjosep.net\/ca\/el-poble-de-sant-agusti-des-vedra-eivissa\/#primaryimage"},"thumbnailUrl":"https:\/\/www.santjosep.net\/wp-content\/uploads\/2013\/11\/santagusti_IMG_1055.jpg","datePublished":"2014-04-28T13:32:15+00:00","dateModified":"2020-01-22T10:42:42+00:00","author":{"@id":"https:\/\/www.santjosep.net\/#\/schema\/person\/b60e56f94e4e55776eb62bf4293f99b6"},"inLanguage":"ca","potentialAction":[{"@type":"ReadAction","target":["https:\/\/www.santjosep.net\/ca\/el-poble-de-sant-agusti-des-vedra-eivissa\/"]}]},{"@type":"ImageObject","inLanguage":"ca","@id":"https:\/\/www.santjosep.net\/ca\/el-poble-de-sant-agusti-des-vedra-eivissa\/#primaryimage","url":"https:\/\/www.santjosep.net\/wp-content\/uploads\/2013\/11\/santagusti_IMG_1055.jpg","contentUrl":"https:\/\/www.santjosep.net\/wp-content\/uploads\/2013\/11\/santagusti_IMG_1055.jpg","width":800,"height":533},{"@type":"WebSite","@id":"https:\/\/www.santjosep.net\/#website","url":"https:\/\/www.santjosep.net\/","name":"Santjosep.net","description":"","potentialAction":[{"@type":"SearchAction","target":{"@type":"EntryPoint","urlTemplate":"https:\/\/www.santjosep.net\/?s={search_term_string}"},"query-input":{"@type":"PropertyValueSpecification","valueRequired":true,"valueName":"search_term_string"}}],"inLanguage":"ca"},{"@type":"Person","@id":"https:\/\/www.santjosep.net\/#\/schema\/person\/b60e56f94e4e55776eb62bf4293f99b6","name":"Sant Josep","image":{"@type":"ImageObject","inLanguage":"ca","@id":"https:\/\/www.santjosep.net\/#\/schema\/person\/image\/","url":"https:\/\/secure.gravatar.com\/avatar\/2f4071817a97d2499c5aae9674ee15015b5a3c7c0974ca84f095a8e4aadcda56?s=96&d=mm&r=g","contentUrl":"https:\/\/secure.gravatar.com\/avatar\/2f4071817a97d2499c5aae9674ee15015b5a3c7c0974ca84f095a8e4aadcda56?s=96&d=mm&r=g","caption":"Sant Josep"},"url":"https:\/\/www.santjosep.net\/ca\/author\/fugrafic\/"}]}},"_links":{"self":[{"href":"https:\/\/www.santjosep.net\/ca\/wp-json\/wp\/v2\/posts\/13182","targetHints":{"allow":["GET"]}}],"collection":[{"href":"https:\/\/www.santjosep.net\/ca\/wp-json\/wp\/v2\/posts"}],"about":[{"href":"https:\/\/www.santjosep.net\/ca\/wp-json\/wp\/v2\/types\/post"}],"author":[{"embeddable":true,"href":"https:\/\/www.santjosep.net\/ca\/wp-json\/wp\/v2\/users\/1"}],"replies":[{"embeddable":true,"href":"https:\/\/www.santjosep.net\/ca\/wp-json\/wp\/v2\/comments?post=13182"}],"version-history":[{"count":0,"href":"https:\/\/www.santjosep.net\/ca\/wp-json\/wp\/v2\/posts\/13182\/revisions"}],"wp:featuredmedia":[{"embeddable":true,"href":"https:\/\/www.santjosep.net\/ca\/wp-json\/wp\/v2\/media\/12329"}],"wp:attachment":[{"href":"https:\/\/www.santjosep.net\/ca\/wp-json\/wp\/v2\/media?parent=13182"}],"wp:term":[{"taxonomy":"category","embeddable":true,"href":"https:\/\/www.santjosep.net\/ca\/wp-json\/wp\/v2\/categories?post=13182"},{"taxonomy":"post_tag","embeddable":true,"href":"https:\/\/www.santjosep.net\/ca\/wp-json\/wp\/v2\/tags?post=13182"}],"curies":[{"name":"wp","href":"https:\/\/api.w.org\/{rel}","templated":true}]}}