{"id":13105,"date":"2014-06-11T11:59:20","date_gmt":"2014-06-11T11:59:20","guid":{"rendered":"https:\/\/www.santjosep.net\/un-paseo-por-es-cavallet-y-ses-salines\/"},"modified":"2020-01-22T11:42:23","modified_gmt":"2020-01-22T10:42:23","slug":"un-passeig-des-des-cavallet-a-ses-salines","status":"publish","type":"post","link":"https:\/\/www.santjosep.net\/ca\/un-passeig-des-des-cavallet-a-ses-salines\/","title":{"rendered":"Un passeig des des Cavallet fins a ses Salines"},"content":{"rendered":"<p>El Parc Natural de ses Salines \u00e9s una de les zones m\u00e9s espectaculars d\u2019Eivissa, amb els seus estanys, les muntanyes de sal i les seves precioses platges. Per aquesta ra\u00f3 val la pena fer-hi un passeig per apreciar millor la seva bellesa. Per fer el recorregut sencer es tarda 1 hora. \u00c9s recomanable utilitzar crema protectora, ulleres de sol i capell.<\/p>\n<p>&nbsp;<\/p>\n<h2>Mapa de la ruta<\/h2>\n<p><iframe loading=\"lazy\" src=\"https:\/\/mapsengine.google.com\/map\/embed?mid=znaHCaX734e8.kYLFuEflGD6Q\" width=\"795\" height=\"480\"><\/iframe><\/p>\n<p><b>Dificultat<\/b>: baixa<br \/>\n<b>Dist\u00e0ncia<\/b>: 4,38 km<br \/>\n<b>Temps estimat<\/b>: 2 hores (anada)<br \/>\n<b>Recomanacions<\/b>: portar roba, cal\u00e7at esportiu i aigua.<\/p>\n<h2>Un passeig pel Parc Natural de ses Salines<\/h2>\n<p>El trajecte est\u00e0 pensat per sortir des des Cavallet, una de les platges del Parc, que a m\u00e9s \u00e9s coneguda per ser nudista. Durant el recorregut amb cotxe podreu apreciar la singular bellesa d\u2019aquest espai protegit, amb una gran riquesa en fauna i flora i amb uns estanys on es poden veure flamencs.<\/p>\n<p>Quan arribeu as Cavallet podreu deixar el vehicle a prop de la capella de la Revista. Es tracta d\u2019una ermita petita constru\u00efda al segle XVIII pels treballadors de la sal i als seus voltants hi ha un petit nucli urb\u00e0.<\/p>\n<div id=\"attachment_2091\" style=\"width: 1034px\" class=\"wp-caption alignnone\"><a href=\"https:\/\/www.santjosep.net\/wp-content\/uploads\/2014\/06\/parking_IMG_9335.jpg\"><img loading=\"lazy\" decoding=\"async\" aria-describedby=\"caption-attachment-2091\" class=\"size-large wp-image-2091\" src=\"https:\/\/www.santjosep.net\/wp-content\/uploads\/2014\/06\/parking_IMG_9335-1024x682.jpg\" alt=\"parking_IMG_9335\" width=\"1024\" height=\"682\" srcset=\"https:\/\/www.santjosep.net\/wp-content\/uploads\/2014\/06\/parking_IMG_9335-1024x682.jpg 1024w, https:\/\/www.santjosep.net\/wp-content\/uploads\/2014\/06\/parking_IMG_9335-300x200.jpg 300w, https:\/\/www.santjosep.net\/wp-content\/uploads\/2014\/06\/parking_IMG_9335.jpg 1200w\" sizes=\"auto, (max-width: 1024px) 100vw, 1024px\" \/><\/a><p id=\"caption-attachment-2091\" class=\"wp-caption-text\">Platja des Cavallet<\/p><\/div>\n<p>Des d\u2019all\u00e0 arribareu a la platja <a href=\"https:\/\/www.santjosep.net\/ca\/veure\/es-cavallet\/\">des Cavallet<\/a>. Hi ha dues opcions per rec\u00f3rrer el primer tram. Una \u00e9s anar per la platja, on podreu gaudir d\u2019un agradable passeig per la vora i sobre la sorra, i l\u2019altra \u00e9s anar pels estanys, en un caminet que surt de l\u2019aparcament des Cavallet. Si agafeu la segona opci\u00f3, en la qual acabareu a la platja, tamb\u00e9 es podran observar de prop els estanys i les aus que hi habiten. Si s\u2019opta per la platja, es podran apreciar dunes, el mar i la vegetaci\u00f3 aut\u00f2ctona.<\/p>\n<p>Es Cavallet \u00e9s una platja llarga, de sorra i amb un mar molt blau. En el passeig es poden veure alguns dels illots que hi ha entre aquesta zona de l\u2019illa i Formentera. L\u2019estret es diu es Freus i est\u00e0 poblat per algunes illetes. Un exemple \u00e9s s \u2019Espalmador, molt famosa per estar molt a prop de Formentera i pel fet de ser fondeig habitual dels iots en aquesta paradis\u00edaca platja. Tamb\u00e9 n\u2019hi ha d\u2019altres com es Penjats o es Daus, aquesta \u00faltima va ser contra la que va xocar el Don Pedro, un vaixell de mercaderies que es va enfonsar fa uns anys a les costes d\u2019Eivissa. Aquest derelicte s\u2019ha convertit en una de les immersions m\u00e9s visitades pels amants del busseig.<\/p>\n<p>&nbsp;<\/p>\n<div id=\"attachment_2087\" style=\"width: 1034px\" class=\"wp-caption alignnone\"><a href=\"https:\/\/www.santjosep.net\/wp-content\/uploads\/2014\/06\/IMG_9373.jpg\"><img loading=\"lazy\" decoding=\"async\" aria-describedby=\"caption-attachment-2087\" class=\"size-large wp-image-2087\" src=\"https:\/\/www.santjosep.net\/wp-content\/uploads\/2014\/06\/IMG_9373-1024x682.jpg\" alt=\"IMG_9373\" width=\"1024\" height=\"682\" srcset=\"https:\/\/www.santjosep.net\/wp-content\/uploads\/2014\/06\/IMG_9373-1024x682.jpg 1024w, https:\/\/www.santjosep.net\/wp-content\/uploads\/2014\/06\/IMG_9373-300x200.jpg 300w, https:\/\/www.santjosep.net\/wp-content\/uploads\/2014\/06\/IMG_9373.jpg 1200w\" sizes=\"auto, (max-width: 1024px) 100vw, 1024px\" \/><\/a><p id=\"caption-attachment-2087\" class=\"wp-caption-text\">Playa de Es Cavallet<\/p><\/div>\n<p>Durant el vostre passeig per la platja us trobareu amb nombrosos quiosquets i restaurants, alguns d\u2019ells d\u2019ambient gai, on us podreu parar a reposar forces, tastar plats de la cuina aut\u00f2ctona i mediterr\u00e0nia i gaudir del paisatge hum\u00e0 i natural.<\/p>\n<p>Al final de la platja arribareu a la <a href=\"https:\/\/www.santjosep.net\/ca\/veure\/torre-ses-portes\/\">torre de defensa de ses Portes<\/a>. Es tracta d\u2019una de les nombroses torres de defensa costaneres que es varen construir durant el segle XVIII per protegir les illes. En aquest cas, la torre data del segle XVI i es va utilitzar com a sentinella per defendre\u2019s dels atacs dels pirates. Just al costat de la torre hi ha una zona de casetes de pescadors on s\u2019aprecien unes vistes precioses cap a Formentera.<\/p>\n<p>&nbsp;<\/p>\n<div id=\"attachment_2085\" style=\"width: 1034px\" class=\"wp-caption alignnone\"><a href=\"https:\/\/www.santjosep.net\/wp-content\/uploads\/2014\/06\/torre_IMG_9378.jpg\"><img loading=\"lazy\" decoding=\"async\" aria-describedby=\"caption-attachment-2085\" class=\"size-large wp-image-2085\" src=\"https:\/\/www.santjosep.net\/wp-content\/uploads\/2014\/06\/torre_IMG_9378-1024x682.jpg\" alt=\"torre_IMG_9378\" width=\"1024\" height=\"682\" srcset=\"https:\/\/www.santjosep.net\/wp-content\/uploads\/2014\/06\/torre_IMG_9378-1024x682.jpg 1024w, https:\/\/www.santjosep.net\/wp-content\/uploads\/2014\/06\/torre_IMG_9378-300x200.jpg 300w, https:\/\/www.santjosep.net\/wp-content\/uploads\/2014\/06\/torre_IMG_9378.jpg 1200w\" sizes=\"auto, (max-width: 1024px) 100vw, 1024px\" \/><\/a><p id=\"caption-attachment-2085\" class=\"wp-caption-text\">Torre de Ses Portes<\/p><\/div>\n<div id=\"attachment_2083\" style=\"width: 1034px\" class=\"wp-caption alignnone\"><a href=\"https:\/\/www.santjosep.net\/wp-content\/uploads\/2014\/06\/torre_casetas_IMG_9386.jpg\"><img loading=\"lazy\" decoding=\"async\" aria-describedby=\"caption-attachment-2083\" class=\"size-large wp-image-2083\" src=\"https:\/\/www.santjosep.net\/wp-content\/uploads\/2014\/06\/torre_casetas_IMG_9386-1024x682.jpg\" alt=\"torre_casetas_IMG_9386\" width=\"1024\" height=\"682\" srcset=\"https:\/\/www.santjosep.net\/wp-content\/uploads\/2014\/06\/torre_casetas_IMG_9386-1024x682.jpg 1024w, https:\/\/www.santjosep.net\/wp-content\/uploads\/2014\/06\/torre_casetas_IMG_9386-300x200.jpg 300w, https:\/\/www.santjosep.net\/wp-content\/uploads\/2014\/06\/torre_casetas_IMG_9386.jpg 1200w\" sizes=\"auto, (max-width: 1024px) 100vw, 1024px\" \/><\/a><p id=\"caption-attachment-2083\" class=\"wp-caption-text\">Torre de Ses Portes<\/p><\/div>\n<p>Si seguiu cap a la dreta per un cam\u00ed ple de savines i verd arribareu a la platja de ses Salines. En primer lloc, veureu una s\u00e8rie de caletes petites id\u00edl\u00b7liques \u00a0d\u2019un extens arenal. Les aig\u00fces transparents i blaves d\u2019aquesta zona s\u00f3n famoses al m\u00f3n sencer. A ses Salines podreu trobar un gran ambient cosmopolita, ja que sempre estan molt concorregudes fins al vespre. Cada quiosquet i quiosc, que solen concentrar-se a les terrasses i a les zones de gandules, tenen el seu estil propi i combinen l\u2019ambient familiar amb el m\u00e9s glamur\u00f3s.<\/p>\n<div id=\"attachment_2079\" style=\"width: 1034px\" class=\"wp-caption alignnone\"><a href=\"https:\/\/www.santjosep.net\/wp-content\/uploads\/2014\/06\/salinas_IMG_0511.jpg\"><img loading=\"lazy\" decoding=\"async\" aria-describedby=\"caption-attachment-2079\" class=\"size-large wp-image-2079\" src=\"https:\/\/www.santjosep.net\/wp-content\/uploads\/2014\/06\/salinas_IMG_0511-1024x682.jpg\" alt=\"salinas_IMG_0511\" width=\"1024\" height=\"682\" srcset=\"https:\/\/www.santjosep.net\/wp-content\/uploads\/2014\/06\/salinas_IMG_0511-1024x682.jpg 1024w, https:\/\/www.santjosep.net\/wp-content\/uploads\/2014\/06\/salinas_IMG_0511-300x200.jpg 300w, https:\/\/www.santjosep.net\/wp-content\/uploads\/2014\/06\/salinas_IMG_0511.jpg 1200w\" sizes=\"auto, (max-width: 1024px) 100vw, 1024px\" \/><\/a><p id=\"caption-attachment-2079\" class=\"wp-caption-text\">Platja de Ses Salines<\/p><\/div>\n<p>Tant a la platja des Cavallet com a ses Salines us podreu aturar a refrescar-vos en una de les aig\u00fces m\u00e9s cristal\u00b7lines de l\u2019illa, que deuen la seva transpar\u00e8ncia a les praderies de posid\u00f2nia que hi ha al fons mar\u00ed d\u2019aquesta zona, declarades Patrimoni Mundial.<\/p>\n","protected":false},"excerpt":{"rendered":"<p>El Parc Natural de ses Salines \u00e9s una de les zones m\u00e9s espectaculars d\u2019Eivissa, amb els seus estanys, les muntanyes de sal i les seves precioses platges. Per aquesta ra\u00f3 val la pena fer-hi un passeig per apreciar millor la [&hellip;]<\/p>\n","protected":false},"author":1,"featured_media":13107,"comment_status":"open","ping_status":"open","sticky":false,"template":"","format":"standard","meta":{"_acf_changed":false,"inline_featured_image":false,"footnotes":""},"categories":[206],"tags":[],"class_list":["post-13105","post","type-post","status-publish","format-standard","has-post-thumbnail","hentry","category-rutes-ca"],"acf":[],"geo":null,"yoast_head":"<!-- This site is optimized with the Yoast SEO plugin v25.7 - https:\/\/yoast.com\/wordpress\/plugins\/seo\/ -->\n<title>Un passeig des des Cavallet fins a ses Salines - Santjosep.net<\/title>\n<meta name=\"robots\" content=\"index, follow, max-snippet:-1, max-image-preview:large, max-video-preview:-1\" \/>\n<link rel=\"canonical\" href=\"https:\/\/www.santjosep.net\/ca\/un-passeig-des-des-cavallet-a-ses-salines\/\" \/>\n<meta property=\"og:locale\" content=\"ca_ES\" \/>\n<meta property=\"og:type\" content=\"article\" \/>\n<meta property=\"og:title\" content=\"Un passeig des des Cavallet fins a ses Salines - Santjosep.net\" \/>\n<meta property=\"og:description\" content=\"El Parc Natural de ses Salines \u00e9s una de les zones m\u00e9s espectaculars d\u2019Eivissa, amb els seus estanys, les muntanyes de sal i les seves precioses platges. Per aquesta ra\u00f3 val la pena fer-hi un passeig per apreciar millor la [&hellip;]\" \/>\n<meta property=\"og:url\" content=\"https:\/\/www.santjosep.net\/ca\/un-passeig-des-des-cavallet-a-ses-salines\/\" \/>\n<meta property=\"og:site_name\" content=\"Santjosep.net\" \/>\n<meta property=\"article:published_time\" content=\"2014-06-11T11:59:20+00:00\" \/>\n<meta property=\"article:modified_time\" content=\"2020-01-22T10:42:23+00:00\" \/>\n<meta property=\"og:image\" content=\"https:\/\/www.santjosep.net\/wp-content\/uploads\/2014\/06\/torre_IMG_9378.jpg\" \/>\n\t<meta property=\"og:image:width\" content=\"1200\" \/>\n\t<meta property=\"og:image:height\" content=\"800\" \/>\n\t<meta property=\"og:image:type\" content=\"image\/jpeg\" \/>\n<meta name=\"author\" content=\"Sant Josep\" \/>\n<meta name=\"twitter:card\" content=\"summary_large_image\" \/>\n<meta name=\"twitter:label1\" content=\"Escrit per\" \/>\n\t<meta name=\"twitter:data1\" content=\"Sant Josep\" \/>\n\t<meta name=\"twitter:label2\" content=\"Temps estimat de lectura\" \/>\n\t<meta name=\"twitter:data2\" content=\"4 minuts\" \/>\n<script type=\"application\/ld+json\" class=\"yoast-schema-graph\">{\"@context\":\"https:\/\/schema.org\",\"@graph\":[{\"@type\":\"WebPage\",\"@id\":\"https:\/\/www.santjosep.net\/ca\/un-passeig-des-des-cavallet-a-ses-salines\/\",\"url\":\"https:\/\/www.santjosep.net\/ca\/un-passeig-des-des-cavallet-a-ses-salines\/\",\"name\":\"Un passeig des des Cavallet fins a ses Salines - Santjosep.net\",\"isPartOf\":{\"@id\":\"https:\/\/www.santjosep.net\/#website\"},\"primaryImageOfPage\":{\"@id\":\"https:\/\/www.santjosep.net\/ca\/un-passeig-des-des-cavallet-a-ses-salines\/#primaryimage\"},\"image\":{\"@id\":\"https:\/\/www.santjosep.net\/ca\/un-passeig-des-des-cavallet-a-ses-salines\/#primaryimage\"},\"thumbnailUrl\":\"https:\/\/www.santjosep.net\/wp-content\/uploads\/2014\/06\/torre_IMG_9378.jpg\",\"datePublished\":\"2014-06-11T11:59:20+00:00\",\"dateModified\":\"2020-01-22T10:42:23+00:00\",\"author\":{\"@id\":\"https:\/\/www.santjosep.net\/#\/schema\/person\/b60e56f94e4e55776eb62bf4293f99b6\"},\"inLanguage\":\"ca\",\"potentialAction\":[{\"@type\":\"ReadAction\",\"target\":[\"https:\/\/www.santjosep.net\/ca\/un-passeig-des-des-cavallet-a-ses-salines\/\"]}]},{\"@type\":\"ImageObject\",\"inLanguage\":\"ca\",\"@id\":\"https:\/\/www.santjosep.net\/ca\/un-passeig-des-des-cavallet-a-ses-salines\/#primaryimage\",\"url\":\"https:\/\/www.santjosep.net\/wp-content\/uploads\/2014\/06\/torre_IMG_9378.jpg\",\"contentUrl\":\"https:\/\/www.santjosep.net\/wp-content\/uploads\/2014\/06\/torre_IMG_9378.jpg\",\"width\":1200,\"height\":800},{\"@type\":\"WebSite\",\"@id\":\"https:\/\/www.santjosep.net\/#website\",\"url\":\"https:\/\/www.santjosep.net\/\",\"name\":\"Santjosep.net\",\"description\":\"\",\"potentialAction\":[{\"@type\":\"SearchAction\",\"target\":{\"@type\":\"EntryPoint\",\"urlTemplate\":\"https:\/\/www.santjosep.net\/?s={search_term_string}\"},\"query-input\":{\"@type\":\"PropertyValueSpecification\",\"valueRequired\":true,\"valueName\":\"search_term_string\"}}],\"inLanguage\":\"ca\"},{\"@type\":\"Person\",\"@id\":\"https:\/\/www.santjosep.net\/#\/schema\/person\/b60e56f94e4e55776eb62bf4293f99b6\",\"name\":\"Sant Josep\",\"image\":{\"@type\":\"ImageObject\",\"inLanguage\":\"ca\",\"@id\":\"https:\/\/www.santjosep.net\/#\/schema\/person\/image\/\",\"url\":\"https:\/\/secure.gravatar.com\/avatar\/2f4071817a97d2499c5aae9674ee15015b5a3c7c0974ca84f095a8e4aadcda56?s=96&d=mm&r=g\",\"contentUrl\":\"https:\/\/secure.gravatar.com\/avatar\/2f4071817a97d2499c5aae9674ee15015b5a3c7c0974ca84f095a8e4aadcda56?s=96&d=mm&r=g\",\"caption\":\"Sant Josep\"},\"url\":\"https:\/\/www.santjosep.net\/ca\/author\/fugrafic\/\"}]}<\/script>\n<!-- \/ Yoast SEO plugin. -->","yoast_head_json":{"title":"Un passeig des des Cavallet fins a ses Salines - Santjosep.net","robots":{"index":"index","follow":"follow","max-snippet":"max-snippet:-1","max-image-preview":"max-image-preview:large","max-video-preview":"max-video-preview:-1"},"canonical":"https:\/\/www.santjosep.net\/ca\/un-passeig-des-des-cavallet-a-ses-salines\/","og_locale":"ca_ES","og_type":"article","og_title":"Un passeig des des Cavallet fins a ses Salines - Santjosep.net","og_description":"El Parc Natural de ses Salines \u00e9s una de les zones m\u00e9s espectaculars d\u2019Eivissa, amb els seus estanys, les muntanyes de sal i les seves precioses platges. Per aquesta ra\u00f3 val la pena fer-hi un passeig per apreciar millor la [&hellip;]","og_url":"https:\/\/www.santjosep.net\/ca\/un-passeig-des-des-cavallet-a-ses-salines\/","og_site_name":"Santjosep.net","article_published_time":"2014-06-11T11:59:20+00:00","article_modified_time":"2020-01-22T10:42:23+00:00","og_image":[{"width":1200,"height":800,"url":"https:\/\/www.santjosep.net\/wp-content\/uploads\/2014\/06\/torre_IMG_9378.jpg","type":"image\/jpeg"}],"author":"Sant Josep","twitter_card":"summary_large_image","twitter_misc":{"Escrit per":"Sant Josep","Temps estimat de lectura":"4 minuts"},"schema":{"@context":"https:\/\/schema.org","@graph":[{"@type":"WebPage","@id":"https:\/\/www.santjosep.net\/ca\/un-passeig-des-des-cavallet-a-ses-salines\/","url":"https:\/\/www.santjosep.net\/ca\/un-passeig-des-des-cavallet-a-ses-salines\/","name":"Un passeig des des Cavallet fins a ses Salines - Santjosep.net","isPartOf":{"@id":"https:\/\/www.santjosep.net\/#website"},"primaryImageOfPage":{"@id":"https:\/\/www.santjosep.net\/ca\/un-passeig-des-des-cavallet-a-ses-salines\/#primaryimage"},"image":{"@id":"https:\/\/www.santjosep.net\/ca\/un-passeig-des-des-cavallet-a-ses-salines\/#primaryimage"},"thumbnailUrl":"https:\/\/www.santjosep.net\/wp-content\/uploads\/2014\/06\/torre_IMG_9378.jpg","datePublished":"2014-06-11T11:59:20+00:00","dateModified":"2020-01-22T10:42:23+00:00","author":{"@id":"https:\/\/www.santjosep.net\/#\/schema\/person\/b60e56f94e4e55776eb62bf4293f99b6"},"inLanguage":"ca","potentialAction":[{"@type":"ReadAction","target":["https:\/\/www.santjosep.net\/ca\/un-passeig-des-des-cavallet-a-ses-salines\/"]}]},{"@type":"ImageObject","inLanguage":"ca","@id":"https:\/\/www.santjosep.net\/ca\/un-passeig-des-des-cavallet-a-ses-salines\/#primaryimage","url":"https:\/\/www.santjosep.net\/wp-content\/uploads\/2014\/06\/torre_IMG_9378.jpg","contentUrl":"https:\/\/www.santjosep.net\/wp-content\/uploads\/2014\/06\/torre_IMG_9378.jpg","width":1200,"height":800},{"@type":"WebSite","@id":"https:\/\/www.santjosep.net\/#website","url":"https:\/\/www.santjosep.net\/","name":"Santjosep.net","description":"","potentialAction":[{"@type":"SearchAction","target":{"@type":"EntryPoint","urlTemplate":"https:\/\/www.santjosep.net\/?s={search_term_string}"},"query-input":{"@type":"PropertyValueSpecification","valueRequired":true,"valueName":"search_term_string"}}],"inLanguage":"ca"},{"@type":"Person","@id":"https:\/\/www.santjosep.net\/#\/schema\/person\/b60e56f94e4e55776eb62bf4293f99b6","name":"Sant Josep","image":{"@type":"ImageObject","inLanguage":"ca","@id":"https:\/\/www.santjosep.net\/#\/schema\/person\/image\/","url":"https:\/\/secure.gravatar.com\/avatar\/2f4071817a97d2499c5aae9674ee15015b5a3c7c0974ca84f095a8e4aadcda56?s=96&d=mm&r=g","contentUrl":"https:\/\/secure.gravatar.com\/avatar\/2f4071817a97d2499c5aae9674ee15015b5a3c7c0974ca84f095a8e4aadcda56?s=96&d=mm&r=g","caption":"Sant Josep"},"url":"https:\/\/www.santjosep.net\/ca\/author\/fugrafic\/"}]}},"_links":{"self":[{"href":"https:\/\/www.santjosep.net\/ca\/wp-json\/wp\/v2\/posts\/13105","targetHints":{"allow":["GET"]}}],"collection":[{"href":"https:\/\/www.santjosep.net\/ca\/wp-json\/wp\/v2\/posts"}],"about":[{"href":"https:\/\/www.santjosep.net\/ca\/wp-json\/wp\/v2\/types\/post"}],"author":[{"embeddable":true,"href":"https:\/\/www.santjosep.net\/ca\/wp-json\/wp\/v2\/users\/1"}],"replies":[{"embeddable":true,"href":"https:\/\/www.santjosep.net\/ca\/wp-json\/wp\/v2\/comments?post=13105"}],"version-history":[{"count":0,"href":"https:\/\/www.santjosep.net\/ca\/wp-json\/wp\/v2\/posts\/13105\/revisions"}],"wp:featuredmedia":[{"embeddable":true,"href":"https:\/\/www.santjosep.net\/ca\/wp-json\/wp\/v2\/media\/13107"}],"wp:attachment":[{"href":"https:\/\/www.santjosep.net\/ca\/wp-json\/wp\/v2\/media?parent=13105"}],"wp:term":[{"taxonomy":"category","embeddable":true,"href":"https:\/\/www.santjosep.net\/ca\/wp-json\/wp\/v2\/categories?post=13105"},{"taxonomy":"post_tag","embeddable":true,"href":"https:\/\/www.santjosep.net\/ca\/wp-json\/wp\/v2\/tags?post=13105"}],"curies":[{"name":"wp","href":"https:\/\/api.w.org\/{rel}","templated":true}]}}