{"id":13088,"date":"2014-07-25T14:39:42","date_gmt":"2014-07-25T14:39:42","guid":{"rendered":"https:\/\/www.santjosep.net\/9-lugares-para-ver-la-puesta-de-sol-en-sant-josep-ibiza\/"},"modified":"2020-01-22T11:33:22","modified_gmt":"2020-01-22T10:33:22","slug":"9-llocs-posta-de-sol-a-sant-josep-eivissa","status":"publish","type":"post","link":"https:\/\/www.santjosep.net\/ca\/9-llocs-posta-de-sol-a-sant-josep-eivissa\/","title":{"rendered":"9 llocs per veure la posta de sol a Sant Josep, Eivissa"},"content":{"rendered":"<p>No podeu visitar <strong>Sant Josep<\/strong> sense contemplar una de les seves postes de sol. Un espectacle de la natura embriagador per a la vista i una experi\u00e8ncia \u00fanica que es repeteix cada vespre. Us deixem 9 incre\u00efbles llocs per immortalitzar amb la vostra c\u00e0mera de fotos aquest moment tan m\u00e0gic, la posta de sol.<\/p>\n<h2>Mapa de la localitzaci\u00f3<\/h2>\n<p><iframe loading=\"lazy\" src=\"https:\/\/mapsengine.google.com\/map\/embed?mid=znaHCaX734e8.kcY_hEqo6AgU\" width=\"795\" height=\"480\"><\/iframe><\/p>\n<h2>1. Platges de Comte<\/h2>\n<p><a href=\"https:\/\/www.santjosep.net\/wp-content\/uploads\/2014\/07\/calaconta_IMG_9472.jpg\"><img loading=\"lazy\" decoding=\"async\" src=\"https:\/\/www.santjosep.net\/wp-content\/uploads\/2014\/07\/calaconta_IMG_9472-1024x768-1.jpg\" alt=\"calaconta_IMG_9472\" width=\"1024\" height=\"768\" \/><\/a><br \/>\n\u00c9s un petit parad\u00eds d\u2019aig\u00fces turqueses a la costa oest de Sant Josep. Es tracta d\u2019un dels llocs predilectes dels nostres visitants per veure com el sol s\u2019amaga cada vespre al darrere dels illots de Ponent: es Bosc, sa Conillera, ses Bledes i s\u2019 Espartar.<\/p>\n<h2>2. Cala d&#8217;Hort &#8211; Es Vedr\u00e0<\/h2>\n<p><a href=\"https:\/\/www.santjosep.net\/wp-content\/uploads\/2014\/07\/esvedra_IMG_5365.jpg\"><img loading=\"lazy\" decoding=\"async\" class=\"alignnone size-large wp-image-2135\" src=\"https:\/\/www.santjosep.net\/wp-content\/uploads\/2014\/07\/esvedra_IMG_5365-1024x682.jpg\" alt=\"esvedra_IMG_5365\" width=\"1024\" height=\"682\" srcset=\"https:\/\/www.santjosep.net\/wp-content\/uploads\/2014\/07\/esvedra_IMG_5365-1024x682.jpg 1024w, https:\/\/www.santjosep.net\/wp-content\/uploads\/2014\/07\/esvedra_IMG_5365-300x200.jpg 300w, https:\/\/www.santjosep.net\/wp-content\/uploads\/2014\/07\/esvedra_IMG_5365.jpg 1200w\" sizes=\"auto, (max-width: 1024px) 100vw, 1024px\" \/><\/a><br \/>\nL\u2019illot <a href=\"https:\/\/www.santjosep.net\/ca\/natura\/reserva-natural-de-es-vedra-es-vedranells-i-els-illots-de-ponent\/\">des Vedr\u00e0<\/a>, Reserva Natural des de l\u2019any 2002, \u00e9s un altre lloc m\u00e0gic per gaudir del crepuscle. El sol desapareix al darrere d\u2019aquesta impressionant roca que sorgeix del mar i el cel va adquirint uns colors taronges, vermells i violetes incre\u00efbles. La platja de cala d\u2019Hort \u00e9s el millor lloc per veure la posta de sol. Si us animeu, pugeu a la torre des Savinar, una torre de defensa ubicada sobre un majestu\u00f3s penya-segat.<\/p>\n<h2>3. Cap des Falc\u00f3 &#8211; Ses Salines<\/h2>\n<p><a href=\"https:\/\/www.santjosep.net\/wp-content\/uploads\/2014\/07\/capdesfalco_IMG_6179.jpg\"><img loading=\"lazy\" decoding=\"async\" class=\"alignnone size-large wp-image-2133\" src=\"https:\/\/www.santjosep.net\/wp-content\/uploads\/2014\/07\/capdesfalco_IMG_6179-1024x682.jpg\" alt=\"capdesfalco_IMG_6179\" width=\"1024\" height=\"682\" srcset=\"https:\/\/www.santjosep.net\/wp-content\/uploads\/2014\/07\/capdesfalco_IMG_6179-1024x682.jpg 1024w, https:\/\/www.santjosep.net\/wp-content\/uploads\/2014\/07\/capdesfalco_IMG_6179-300x200.jpg 300w, https:\/\/www.santjosep.net\/wp-content\/uploads\/2014\/07\/capdesfalco_IMG_6179.jpg 1200w\" sizes=\"auto, (max-width: 1024px) 100vw, 1024px\" \/><\/a><br \/>\nEl cap des Falc\u00f3 \u00e9s una pedra que sobresurt ubicada a la <a href=\"https:\/\/www.santjosep.net\/ca\/veure\/playa-des-codolar\/\">platja des Codolar<\/a>, dins el Parc Natural de ses Salines. \u00c9s un lloc fant\u00e0stic que atreu a moltes persones per contemplar l\u2019oc\u00e0s mentre us beveu un <i>mojito<\/i> a qualsevol dels quiosquets.<\/p>\n<h2>4. Sant Francesc &#8211; Ses Salines<\/h2>\n<p><a href=\"https:\/\/www.santjosep.net\/wp-content\/uploads\/2014\/07\/sessalines_IMG_6193.jpg\"><img loading=\"lazy\" decoding=\"async\" class=\"alignnone size-large wp-image-2143\" src=\"https:\/\/www.santjosep.net\/wp-content\/uploads\/2014\/07\/sessalines_IMG_6193-1024x682.jpg\" alt=\"sessalines_IMG_6193\" width=\"1024\" height=\"682\" srcset=\"https:\/\/www.santjosep.net\/wp-content\/uploads\/2014\/07\/sessalines_IMG_6193-1024x682.jpg 1024w, https:\/\/www.santjosep.net\/wp-content\/uploads\/2014\/07\/sessalines_IMG_6193-300x200.jpg 300w, https:\/\/www.santjosep.net\/wp-content\/uploads\/2014\/07\/sessalines_IMG_6193.jpg 1200w\" sizes=\"auto, (max-width: 1024px) 100vw, 1024px\" \/><\/a><br \/>\nAparqueu el cotxe davant l\u2019ermita de <a href=\"https:\/\/www.santjosep.net\/ca\/veure\/sant-francesc-de-sestany\/\">Sant Francesc<\/a> i contempleu com els rajos de sol es reflecteixen sobre els estanys de ses Salines en pres\u00e8ncia de l\u2019est\u00e0tua en homenatge als treballadors que extreuen la sal. \u00c9s un moment id\u00edl\u00b7lic. Aprofiteu-lo!<\/p>\n<h2>5. Sa Talaia &#8211; Sant Josep<\/h2>\n<p><a href=\"https:\/\/www.santjosep.net\/wp-content\/uploads\/2014\/07\/satalaia_IMG_4753.jpg\"><img loading=\"lazy\" decoding=\"async\" class=\"alignnone size-large wp-image-2141\" src=\"https:\/\/www.santjosep.net\/wp-content\/uploads\/2014\/07\/satalaia_IMG_4753-1024x682.jpg\" alt=\"satalaia_IMG_4753\" width=\"1024\" height=\"682\" srcset=\"https:\/\/www.santjosep.net\/wp-content\/uploads\/2014\/07\/satalaia_IMG_4753-1024x682.jpg 1024w, https:\/\/www.santjosep.net\/wp-content\/uploads\/2014\/07\/satalaia_IMG_4753-300x200.jpg 300w, https:\/\/www.santjosep.net\/wp-content\/uploads\/2014\/07\/satalaia_IMG_4753.jpg 1200w\" sizes=\"auto, (max-width: 1024px) 100vw, 1024px\" \/><\/a><br \/>\nPujar fins al cim m\u00e9s elevat de l\u2019illa d\u2019Eivissa i quedar-vos meravellats per les seves espectaculars panor\u00e0miques ja \u00e9s tota una experi\u00e8ncia. Si, a m\u00e9s, us quedeu fins a la posta de sol, l\u2019experi\u00e8ncia ser\u00e0 encara m\u00e9s \u00fanica. Relaxeu-vos i contempleu com l\u2019horitz\u00f3 adquireix aquests incre\u00efbles colors vermellosos sobre el mar amb els illots de Ponent i la badia de Sant Antoni de fons.<\/p>\n<h2>6. Cala Tarida<\/h2>\n<div id=\"attachment_2131\" style=\"width: 1034px\" class=\"wp-caption alignnone\"><a href=\"https:\/\/www.flickr.com\/photos\/100897798@N05\/\"><img loading=\"lazy\" decoding=\"async\" aria-describedby=\"caption-attachment-2131\" class=\"size-large wp-image-2131\" src=\"https:\/\/www.santjosep.net\/wp-content\/uploads\/2014\/07\/calatarida_flickr-1024x676.jpg\" alt=\"calatarida_flickr\" width=\"1024\" height=\"676\" srcset=\"https:\/\/www.santjosep.net\/wp-content\/uploads\/2014\/07\/calatarida_flickr-1024x676.jpg 1024w, https:\/\/www.santjosep.net\/wp-content\/uploads\/2014\/07\/calatarida_flickr-300x198.jpg 300w, https:\/\/www.santjosep.net\/wp-content\/uploads\/2014\/07\/calatarida_flickr.jpg 1200w\" sizes=\"auto, (max-width: 1024px) 100vw, 1024px\" \/><\/a><p id=\"caption-attachment-2131\" class=\"wp-caption-text\">Foto Eral &#8211; Flickr<\/p><\/div>\n<p>La platja de <a href=\"https:\/\/www.santjosep.net\/ca\/veure\/cala-tarida-2\/\">cala Tarida<\/a> \u00e9s un altre punt impressionant per veure la posta de sol: quan el sol decideix acomiadar-se de nosaltres i donar pas a la nit, els penya-segats s\u00f3n perfectes per a no perdre\u2019s ni un instant. Si ho preferiu, tamb\u00e9 la podeu veure des dels diferents restaurants i bars de la zona.<\/p>\n<h2>7. Port des Torrent &#8211; Cala de Bou<\/h2>\n<p><a href=\"https:\/\/www.santjosep.net\/wp-content\/uploads\/2014\/07\/portdestorrent_IMG_1129.jpg\"><img loading=\"lazy\" decoding=\"async\" class=\"alignnone size-large wp-image-2137\" src=\"https:\/\/www.santjosep.net\/wp-content\/uploads\/2014\/07\/portdestorrent_IMG_1129-1024x682.jpg\" alt=\"portdestorrent_IMG_1129\" width=\"1024\" height=\"682\" srcset=\"https:\/\/www.santjosep.net\/wp-content\/uploads\/2014\/07\/portdestorrent_IMG_1129-1024x682.jpg 1024w, https:\/\/www.santjosep.net\/wp-content\/uploads\/2014\/07\/portdestorrent_IMG_1129-300x200.jpg 300w, https:\/\/www.santjosep.net\/wp-content\/uploads\/2014\/07\/portdestorrent_IMG_1129.jpg 1200w\" sizes=\"auto, (max-width: 1024px) 100vw, 1024px\" \/><\/a><br \/>\nLa costa de Cala de Bou en direcci\u00f3 a la platja des <a href=\"https:\/\/www.santjosep.net\/ca\/veure\/port-des-torrent\/\">Port des Torrent<\/a> \u00e9s una altra zona predilecta per assistir a aquest extraordinari esdeveniment. Veure com el sol desapareix amb l\u2019illa de sa Conillera com a escenari \u00e9s una experi\u00e8ncia inoblidable.<\/p>\n<h2>8. Playa de Ses Salines<\/h2>\n<p><a href=\"https:\/\/www.santjosep.net\/wp-content\/uploads\/2014\/07\/salinasbeach_IMG_0588.jpg\"><img loading=\"lazy\" decoding=\"async\" class=\"alignnone size-large wp-image-2139\" src=\"https:\/\/www.santjosep.net\/wp-content\/uploads\/2014\/07\/salinasbeach_IMG_0588-1024x682.jpg\" alt=\"salinasbeach_IMG_0588\" width=\"1024\" height=\"682\" srcset=\"https:\/\/www.santjosep.net\/wp-content\/uploads\/2014\/07\/salinasbeach_IMG_0588-1024x682.jpg 1024w, https:\/\/www.santjosep.net\/wp-content\/uploads\/2014\/07\/salinasbeach_IMG_0588-300x200.jpg 300w, https:\/\/www.santjosep.net\/wp-content\/uploads\/2014\/07\/salinasbeach_IMG_0588.jpg 1200w\" sizes=\"auto, (max-width: 1024px) 100vw, 1024px\" \/><\/a><br \/>\nSi us agrada veure com es pon el sol amb un ambient de m\u00fasica, no us perdeu la posta de sol a la platja de<a href=\"https:\/\/www.santjosep.net\/ca\/veure\/ses-salines\/\"> ses Salines<\/a>. Tot i que el sol cau sobre la muntanya contigua, el mar i la platja adquireixen els t\u00edpics colors rogencs de la posta de sol eivissenca. Brindeu amb un c\u00f2ctel pels moments inoblidables que ens ofereix l\u2019illa.<\/p>\n<h2>9. En un vaixell<\/h2>\n<div id=\"attachment_2127\" style=\"width: 1034px\" class=\"wp-caption alignnone\"><a href=\"https:\/\/www.flickr.com\/photos\/carlitos\/\"><img loading=\"lazy\" decoding=\"async\" aria-describedby=\"caption-attachment-2127\" class=\"size-large wp-image-2127\" src=\"https:\/\/www.santjosep.net\/wp-content\/uploads\/2014\/07\/barco_flickr-1024x768.jpg\" alt=\"barco_flickr\" width=\"1024\" height=\"768\" srcset=\"https:\/\/www.santjosep.net\/wp-content\/uploads\/2014\/07\/barco_flickr-1024x768.jpg 1024w, https:\/\/www.santjosep.net\/wp-content\/uploads\/2014\/07\/barco_flickr-300x225.jpg 300w, https:\/\/www.santjosep.net\/wp-content\/uploads\/2014\/07\/barco_flickr.jpg 1200w\" sizes=\"auto, (max-width: 1024px) 100vw, 1024px\" \/><\/a><p id=\"caption-attachment-2127\" class=\"wp-caption-text\">Foto Carlos Mej\u00eda Greene<\/p><\/div>\n<p>\u00c9s el pla perfecte d\u2019una tarda d\u2019estiu. Navegar per les aig\u00fces de Sant Josep mentre el sol desapareix a l\u2019horitz\u00f3 \u00e9s una vertadera experi\u00e8ncia: tranquil\u00b7litat, plaer i llibertat. Des del port de Sant Antoni surten molts de vaixells per a aquells que volen veure la posta de sol des del mar. Una altra opci\u00f3 \u00e9s llogar un vaixell al <a href=\"http:\/\/www.esnautic.com\/\">Club Na\u00fatic de Sant Antoni<\/a>.<\/p>\n","protected":false},"excerpt":{"rendered":"<p>No podeu visitar Sant Josep sense contemplar una de les seves postes de sol. Un espectacle de la natura embriagador per a la vista i una experi\u00e8ncia \u00fanica que es repeteix cada vespre. Us deixem 9 incre\u00efbles llocs per immortalitzar [&hellip;]<\/p>\n","protected":false},"author":1,"featured_media":13090,"comment_status":"open","ping_status":"open","sticky":false,"template":"","format":"standard","meta":{"_acf_changed":false,"inline_featured_image":false,"footnotes":""},"categories":[205,211,207],"tags":[],"class_list":["post-13088","post","type-post","status-publish","format-standard","has-post-thumbnail","hentry","category-passejades-ca","category-postes-de-sol-ca","category-zones-ca"],"acf":[],"geo":null,"yoast_head":"<!-- This site is optimized with the Yoast SEO plugin v25.7 - https:\/\/yoast.com\/wordpress\/plugins\/seo\/ -->\n<title>9 llocs per veure la posta de sol a Sant Josep, Eivissa - Santjosep.net<\/title>\n<meta name=\"robots\" content=\"index, follow, max-snippet:-1, max-image-preview:large, max-video-preview:-1\" \/>\n<link rel=\"canonical\" href=\"https:\/\/www.santjosep.net\/ca\/9-llocs-posta-de-sol-a-sant-josep-eivissa\/\" \/>\n<meta property=\"og:locale\" content=\"ca_ES\" \/>\n<meta property=\"og:type\" content=\"article\" \/>\n<meta property=\"og:title\" content=\"9 llocs per veure la posta de sol a Sant Josep, Eivissa - Santjosep.net\" \/>\n<meta property=\"og:description\" content=\"No podeu visitar Sant Josep sense contemplar una de les seves postes de sol. Un espectacle de la natura embriagador per a la vista i una experi\u00e8ncia \u00fanica que es repeteix cada vespre. Us deixem 9 incre\u00efbles llocs per immortalitzar [&hellip;]\" \/>\n<meta property=\"og:url\" content=\"https:\/\/www.santjosep.net\/ca\/9-llocs-posta-de-sol-a-sant-josep-eivissa\/\" \/>\n<meta property=\"og:site_name\" content=\"Santjosep.net\" \/>\n<meta property=\"article:published_time\" content=\"2014-07-25T14:39:42+00:00\" \/>\n<meta property=\"article:modified_time\" content=\"2020-01-22T10:33:22+00:00\" \/>\n<meta property=\"og:image\" content=\"https:\/\/www.santjosep.net\/wp-content\/uploads\/2014\/07\/puestasol_IMG_0359.jpg\" \/>\n\t<meta property=\"og:image:width\" content=\"1200\" \/>\n\t<meta property=\"og:image:height\" content=\"800\" \/>\n\t<meta property=\"og:image:type\" content=\"image\/jpeg\" \/>\n<meta name=\"author\" content=\"Sant Josep\" \/>\n<meta name=\"twitter:card\" content=\"summary_large_image\" \/>\n<meta name=\"twitter:label1\" content=\"Escrit per\" \/>\n\t<meta name=\"twitter:data1\" content=\"Sant Josep\" \/>\n\t<meta name=\"twitter:label2\" content=\"Temps estimat de lectura\" \/>\n\t<meta name=\"twitter:data2\" content=\"3 minuts\" \/>\n<script type=\"application\/ld+json\" class=\"yoast-schema-graph\">{\"@context\":\"https:\/\/schema.org\",\"@graph\":[{\"@type\":\"WebPage\",\"@id\":\"https:\/\/www.santjosep.net\/ca\/9-llocs-posta-de-sol-a-sant-josep-eivissa\/\",\"url\":\"https:\/\/www.santjosep.net\/ca\/9-llocs-posta-de-sol-a-sant-josep-eivissa\/\",\"name\":\"9 llocs per veure la posta de sol a Sant Josep, Eivissa - Santjosep.net\",\"isPartOf\":{\"@id\":\"https:\/\/www.santjosep.net\/#website\"},\"primaryImageOfPage\":{\"@id\":\"https:\/\/www.santjosep.net\/ca\/9-llocs-posta-de-sol-a-sant-josep-eivissa\/#primaryimage\"},\"image\":{\"@id\":\"https:\/\/www.santjosep.net\/ca\/9-llocs-posta-de-sol-a-sant-josep-eivissa\/#primaryimage\"},\"thumbnailUrl\":\"https:\/\/www.santjosep.net\/wp-content\/uploads\/2014\/07\/puestasol_IMG_0359.jpg\",\"datePublished\":\"2014-07-25T14:39:42+00:00\",\"dateModified\":\"2020-01-22T10:33:22+00:00\",\"author\":{\"@id\":\"https:\/\/www.santjosep.net\/#\/schema\/person\/b60e56f94e4e55776eb62bf4293f99b6\"},\"inLanguage\":\"ca\",\"potentialAction\":[{\"@type\":\"ReadAction\",\"target\":[\"https:\/\/www.santjosep.net\/ca\/9-llocs-posta-de-sol-a-sant-josep-eivissa\/\"]}]},{\"@type\":\"ImageObject\",\"inLanguage\":\"ca\",\"@id\":\"https:\/\/www.santjosep.net\/ca\/9-llocs-posta-de-sol-a-sant-josep-eivissa\/#primaryimage\",\"url\":\"https:\/\/www.santjosep.net\/wp-content\/uploads\/2014\/07\/puestasol_IMG_0359.jpg\",\"contentUrl\":\"https:\/\/www.santjosep.net\/wp-content\/uploads\/2014\/07\/puestasol_IMG_0359.jpg\",\"width\":1200,\"height\":800},{\"@type\":\"WebSite\",\"@id\":\"https:\/\/www.santjosep.net\/#website\",\"url\":\"https:\/\/www.santjosep.net\/\",\"name\":\"Santjosep.net\",\"description\":\"\",\"potentialAction\":[{\"@type\":\"SearchAction\",\"target\":{\"@type\":\"EntryPoint\",\"urlTemplate\":\"https:\/\/www.santjosep.net\/?s={search_term_string}\"},\"query-input\":{\"@type\":\"PropertyValueSpecification\",\"valueRequired\":true,\"valueName\":\"search_term_string\"}}],\"inLanguage\":\"ca\"},{\"@type\":\"Person\",\"@id\":\"https:\/\/www.santjosep.net\/#\/schema\/person\/b60e56f94e4e55776eb62bf4293f99b6\",\"name\":\"Sant Josep\",\"image\":{\"@type\":\"ImageObject\",\"inLanguage\":\"ca\",\"@id\":\"https:\/\/www.santjosep.net\/#\/schema\/person\/image\/\",\"url\":\"https:\/\/secure.gravatar.com\/avatar\/2f4071817a97d2499c5aae9674ee15015b5a3c7c0974ca84f095a8e4aadcda56?s=96&d=mm&r=g\",\"contentUrl\":\"https:\/\/secure.gravatar.com\/avatar\/2f4071817a97d2499c5aae9674ee15015b5a3c7c0974ca84f095a8e4aadcda56?s=96&d=mm&r=g\",\"caption\":\"Sant Josep\"},\"url\":\"https:\/\/www.santjosep.net\/ca\/author\/fugrafic\/\"}]}<\/script>\n<!-- \/ Yoast SEO plugin. -->","yoast_head_json":{"title":"9 llocs per veure la posta de sol a Sant Josep, Eivissa - Santjosep.net","robots":{"index":"index","follow":"follow","max-snippet":"max-snippet:-1","max-image-preview":"max-image-preview:large","max-video-preview":"max-video-preview:-1"},"canonical":"https:\/\/www.santjosep.net\/ca\/9-llocs-posta-de-sol-a-sant-josep-eivissa\/","og_locale":"ca_ES","og_type":"article","og_title":"9 llocs per veure la posta de sol a Sant Josep, Eivissa - Santjosep.net","og_description":"No podeu visitar Sant Josep sense contemplar una de les seves postes de sol. Un espectacle de la natura embriagador per a la vista i una experi\u00e8ncia \u00fanica que es repeteix cada vespre. Us deixem 9 incre\u00efbles llocs per immortalitzar [&hellip;]","og_url":"https:\/\/www.santjosep.net\/ca\/9-llocs-posta-de-sol-a-sant-josep-eivissa\/","og_site_name":"Santjosep.net","article_published_time":"2014-07-25T14:39:42+00:00","article_modified_time":"2020-01-22T10:33:22+00:00","og_image":[{"width":1200,"height":800,"url":"https:\/\/www.santjosep.net\/wp-content\/uploads\/2014\/07\/puestasol_IMG_0359.jpg","type":"image\/jpeg"}],"author":"Sant Josep","twitter_card":"summary_large_image","twitter_misc":{"Escrit per":"Sant Josep","Temps estimat de lectura":"3 minuts"},"schema":{"@context":"https:\/\/schema.org","@graph":[{"@type":"WebPage","@id":"https:\/\/www.santjosep.net\/ca\/9-llocs-posta-de-sol-a-sant-josep-eivissa\/","url":"https:\/\/www.santjosep.net\/ca\/9-llocs-posta-de-sol-a-sant-josep-eivissa\/","name":"9 llocs per veure la posta de sol a Sant Josep, Eivissa - Santjosep.net","isPartOf":{"@id":"https:\/\/www.santjosep.net\/#website"},"primaryImageOfPage":{"@id":"https:\/\/www.santjosep.net\/ca\/9-llocs-posta-de-sol-a-sant-josep-eivissa\/#primaryimage"},"image":{"@id":"https:\/\/www.santjosep.net\/ca\/9-llocs-posta-de-sol-a-sant-josep-eivissa\/#primaryimage"},"thumbnailUrl":"https:\/\/www.santjosep.net\/wp-content\/uploads\/2014\/07\/puestasol_IMG_0359.jpg","datePublished":"2014-07-25T14:39:42+00:00","dateModified":"2020-01-22T10:33:22+00:00","author":{"@id":"https:\/\/www.santjosep.net\/#\/schema\/person\/b60e56f94e4e55776eb62bf4293f99b6"},"inLanguage":"ca","potentialAction":[{"@type":"ReadAction","target":["https:\/\/www.santjosep.net\/ca\/9-llocs-posta-de-sol-a-sant-josep-eivissa\/"]}]},{"@type":"ImageObject","inLanguage":"ca","@id":"https:\/\/www.santjosep.net\/ca\/9-llocs-posta-de-sol-a-sant-josep-eivissa\/#primaryimage","url":"https:\/\/www.santjosep.net\/wp-content\/uploads\/2014\/07\/puestasol_IMG_0359.jpg","contentUrl":"https:\/\/www.santjosep.net\/wp-content\/uploads\/2014\/07\/puestasol_IMG_0359.jpg","width":1200,"height":800},{"@type":"WebSite","@id":"https:\/\/www.santjosep.net\/#website","url":"https:\/\/www.santjosep.net\/","name":"Santjosep.net","description":"","potentialAction":[{"@type":"SearchAction","target":{"@type":"EntryPoint","urlTemplate":"https:\/\/www.santjosep.net\/?s={search_term_string}"},"query-input":{"@type":"PropertyValueSpecification","valueRequired":true,"valueName":"search_term_string"}}],"inLanguage":"ca"},{"@type":"Person","@id":"https:\/\/www.santjosep.net\/#\/schema\/person\/b60e56f94e4e55776eb62bf4293f99b6","name":"Sant Josep","image":{"@type":"ImageObject","inLanguage":"ca","@id":"https:\/\/www.santjosep.net\/#\/schema\/person\/image\/","url":"https:\/\/secure.gravatar.com\/avatar\/2f4071817a97d2499c5aae9674ee15015b5a3c7c0974ca84f095a8e4aadcda56?s=96&d=mm&r=g","contentUrl":"https:\/\/secure.gravatar.com\/avatar\/2f4071817a97d2499c5aae9674ee15015b5a3c7c0974ca84f095a8e4aadcda56?s=96&d=mm&r=g","caption":"Sant Josep"},"url":"https:\/\/www.santjosep.net\/ca\/author\/fugrafic\/"}]}},"_links":{"self":[{"href":"https:\/\/www.santjosep.net\/ca\/wp-json\/wp\/v2\/posts\/13088","targetHints":{"allow":["GET"]}}],"collection":[{"href":"https:\/\/www.santjosep.net\/ca\/wp-json\/wp\/v2\/posts"}],"about":[{"href":"https:\/\/www.santjosep.net\/ca\/wp-json\/wp\/v2\/types\/post"}],"author":[{"embeddable":true,"href":"https:\/\/www.santjosep.net\/ca\/wp-json\/wp\/v2\/users\/1"}],"replies":[{"embeddable":true,"href":"https:\/\/www.santjosep.net\/ca\/wp-json\/wp\/v2\/comments?post=13088"}],"version-history":[{"count":0,"href":"https:\/\/www.santjosep.net\/ca\/wp-json\/wp\/v2\/posts\/13088\/revisions"}],"wp:featuredmedia":[{"embeddable":true,"href":"https:\/\/www.santjosep.net\/ca\/wp-json\/wp\/v2\/media\/13090"}],"wp:attachment":[{"href":"https:\/\/www.santjosep.net\/ca\/wp-json\/wp\/v2\/media?parent=13088"}],"wp:term":[{"taxonomy":"category","embeddable":true,"href":"https:\/\/www.santjosep.net\/ca\/wp-json\/wp\/v2\/categories?post=13088"},{"taxonomy":"post_tag","embeddable":true,"href":"https:\/\/www.santjosep.net\/ca\/wp-json\/wp\/v2\/tags?post=13088"}],"curies":[{"name":"wp","href":"https:\/\/api.w.org\/{rel}","templated":true}]}}