{"id":13063,"date":"2014-08-07T06:49:52","date_gmt":"2014-08-07T06:49:52","guid":{"rendered":"https:\/\/www.santjosep.net\/una-ruta-en-barco-por-la-costa-oeste-de-sant-josep-ibiza\/"},"modified":"2020-01-22T11:33:07","modified_gmt":"2020-01-22T10:33:07","slug":"una-ruta-en-barco-por-la-costa-oeste-de-sant-josep-ibiza","status":"publish","type":"post","link":"https:\/\/www.santjosep.net\/ca\/una-ruta-en-barco-por-la-costa-oeste-de-sant-josep-ibiza\/","title":{"rendered":"Una ruta amb vaixell per la costa oest de Sant Josep, Eivissa."},"content":{"rendered":"<p>Una de les experi\u00e8ncies m\u00e9s fascinants que es pot viure a Eivissa \u00e9s passejar amb vaixell per la costa de Sant Josep. Apreciar el litoral, veure illots fascinants, diferents aus i fins i tot dofins s\u00f3n alguns dels atractius d\u2019aquest tipus d\u2019activitats. Una ruta molt recomanable \u00e9s la que surt en vaixell des del port de Sant Antoni fins as Vedr\u00e0, fent parades, primer a <a href=\"https:\/\/www.santjosep.net\/ca\/veure\/cala-dhort\/\">Cala d\u2019Hort<\/a> per banyar-se i refrescar-se una mica i despr\u00e9s a les impressionants platges de Comte..<\/p>\n<p><iframe loading=\"lazy\" src=\"https:\/\/mapsengine.google.com\/map\/embed?mid=znaHCaX734e8.kC3hfwI_dTbc\" width=\"800\" height=\"480\"><\/iframe><\/p>\n<div id=\"attachment_2207\" style=\"width: 1034px\" class=\"wp-caption alignnone\"><a href=\"https:\/\/www.santjosep.net\/wp-content\/uploads\/2014\/08\/IMG_0080.jpg\"><img loading=\"lazy\" decoding=\"async\" aria-describedby=\"caption-attachment-2207\" class=\"size-large wp-image-2207\" src=\"https:\/\/www.santjosep.net\/wp-content\/uploads\/2014\/08\/IMG_0080-1024x682.jpg\" alt=\"IMG_0080\" width=\"1024\" height=\"682\" srcset=\"https:\/\/www.santjosep.net\/wp-content\/uploads\/2014\/08\/IMG_0080-1024x682.jpg 1024w, https:\/\/www.santjosep.net\/wp-content\/uploads\/2014\/08\/IMG_0080-300x200.jpg 300w, https:\/\/www.santjosep.net\/wp-content\/uploads\/2014\/08\/IMG_0080.jpg 1200w\" sizes=\"auto, (max-width: 1024px) 100vw, 1024px\" \/><\/a><p id=\"caption-attachment-2207\" class=\"wp-caption-text\">Sant Antoni de Portmany<\/p><\/div>\n<p>Des de Sant Antoni hi ha companyies que realitzen aquest tipus d\u2019excursions de forma regular i amb uns preus bastant econ\u00f2mics. Si el que voleu \u00e9s anar pel vostre compte, tamb\u00e9 podeu llogar un vaixell amb patr\u00f3 des del Club N\u00e0utic de Sant Antoni.<\/p>\n<div id=\"attachment_2205\" style=\"width: 1034px\" class=\"wp-caption alignnone\"><a href=\"https:\/\/www.santjosep.net\/wp-content\/uploads\/2014\/08\/IMG_0118.jpg\"><img loading=\"lazy\" decoding=\"async\" aria-describedby=\"caption-attachment-2205\" class=\"size-large wp-image-2205\" src=\"https:\/\/www.santjosep.net\/wp-content\/uploads\/2014\/08\/IMG_0118-1024x682.jpg\" alt=\"IMG_0118\" width=\"1024\" height=\"682\" srcset=\"https:\/\/www.santjosep.net\/wp-content\/uploads\/2014\/08\/IMG_0118-1024x682.jpg 1024w, https:\/\/www.santjosep.net\/wp-content\/uploads\/2014\/08\/IMG_0118-300x200.jpg 300w, https:\/\/www.santjosep.net\/wp-content\/uploads\/2014\/08\/IMG_0118.jpg 1200w\" sizes=\"auto, (max-width: 1024px) 100vw, 1024px\" \/><\/a><p id=\"caption-attachment-2205\" class=\"wp-caption-text\">Sa Conillera<\/p><\/div>\n<p>Sortireu a bord de l\u2019embarcaci\u00f3 de la badia de Sant Antoni en direcci\u00f3 a sa Conillera. Aquest illot, que pertany a la Reserva Natural des Vedr\u00e0, es Vedranell i els illots de Ponent, disposa d\u2019una \u00fanica edificaci\u00f3: un far. Poblat de savines, a sa Conillera hi habiten esp\u00e8cies protegides com el virot (baldriga balear) o el falc\u00f3 mar\u00ed.<\/p>\n<p><a href=\"https:\/\/www.santjosep.net\/wp-content\/uploads\/2014\/08\/IMG_0169.jpg\"><img loading=\"lazy\" decoding=\"async\" class=\"alignnone size-large wp-image-2201\" src=\"https:\/\/www.santjosep.net\/wp-content\/uploads\/2014\/08\/IMG_0169-1024x682.jpg\" alt=\"IMG_0169\" width=\"1024\" height=\"682\" srcset=\"https:\/\/www.santjosep.net\/wp-content\/uploads\/2014\/08\/IMG_0169-1024x682.jpg 1024w, https:\/\/www.santjosep.net\/wp-content\/uploads\/2014\/08\/IMG_0169-300x200.jpg 300w, https:\/\/www.santjosep.net\/wp-content\/uploads\/2014\/08\/IMG_0169.jpg 1200w\" sizes=\"auto, (max-width: 1024px) 100vw, 1024px\" \/><\/a><\/p>\n<p>La seg\u00fcent platja que us trobareu \u00e9s <a title=\"Cala Bassa\" href=\"https:\/\/www.santjosep.net\/ca\/veure\/cala-bassa\/\">Cala Bassa<\/a>, una preciosa platja d\u2019aig\u00fces turquesa i sorra blanca en forma de mitja lluna. El litoral d\u2019aquesta zona es conserva verge i est\u00e0 poblat de frondosos pins i savines.<\/p>\n<p><a href=\"https:\/\/www.santjosep.net\/wp-content\/uploads\/2014\/08\/IMG_0224.jpg\"><img loading=\"lazy\" decoding=\"async\" class=\"alignnone size-large wp-image-2199\" src=\"https:\/\/www.santjosep.net\/wp-content\/uploads\/2014\/08\/IMG_0224-1024x671.jpg\" alt=\"IMG_0224\" width=\"1024\" height=\"671\" srcset=\"https:\/\/www.santjosep.net\/wp-content\/uploads\/2014\/08\/IMG_0224-1024x671.jpg 1024w, https:\/\/www.santjosep.net\/wp-content\/uploads\/2014\/08\/IMG_0224-300x196.jpg 300w, https:\/\/www.santjosep.net\/wp-content\/uploads\/2014\/08\/IMG_0224.jpg 1200w\" sizes=\"auto, (max-width: 1024px) 100vw, 1024px\" \/><\/a><\/p>\n<p>Durant el recorregut tamb\u00e9 trobareu la <a href=\"https:\/\/www.santjosep.net\/ca\/veure\/torre-de-comte-o-den-rovira\/\">torre d\u2019en Rovira<\/a>, situada entre la Bassa (cala Bassa) i platges de Comte. Es va construir l\u2019any 1763 i forma part de les torres de defensa que hi ha a tota l\u2019illa i que antigament servien per vigilar l\u2019arribada de pirates enemics. Va arribar a tenir 2 canons.<\/p>\n<p><a href=\"https:\/\/www.santjosep.net\/wp-content\/uploads\/2014\/08\/IMG_0269.jpg\"><img loading=\"lazy\" decoding=\"async\" class=\"alignnone size-large wp-image-2197\" src=\"https:\/\/www.santjosep.net\/wp-content\/uploads\/2014\/08\/IMG_0269-1024x752.jpg\" alt=\"IMG_0269\" width=\"1024\" height=\"752\" srcset=\"https:\/\/www.santjosep.net\/wp-content\/uploads\/2014\/08\/IMG_0269-1024x752.jpg 1024w, https:\/\/www.santjosep.net\/wp-content\/uploads\/2014\/08\/IMG_0269-300x220.jpg 300w, https:\/\/www.santjosep.net\/wp-content\/uploads\/2014\/08\/IMG_0269.jpg 1200w\" sizes=\"auto, (max-width: 1024px) 100vw, 1024px\" \/><\/a><\/p>\n<p>Ara deixareu de costat la torre i anirem en direcci\u00f3 as Vedr\u00e0. De fet, en aquest punt del recorregut ja s\u2019aprecia en la llunyania la seva m\u00edtica silueta. Es conten nombroses llegendes entorn d\u2019aquest illot, com que les sirenes atreien des d\u2019all\u00e0 als pescadors o que \u00e9s una esp\u00e8cie de triangle de les Bermudes.<\/p>\n<div id=\"attachment_2195\" style=\"width: 1034px\" class=\"wp-caption alignnone\"><a href=\"https:\/\/www.santjosep.net\/wp-content\/uploads\/2014\/08\/IMG_0280.jpg\"><img loading=\"lazy\" decoding=\"async\" aria-describedby=\"caption-attachment-2195\" class=\"size-large wp-image-2195\" src=\"https:\/\/www.santjosep.net\/wp-content\/uploads\/2014\/08\/IMG_0280-1024x682.jpg\" alt=\"IMG_0280\" width=\"1024\" height=\"682\" srcset=\"https:\/\/www.santjosep.net\/wp-content\/uploads\/2014\/08\/IMG_0280-1024x682.jpg 1024w, https:\/\/www.santjosep.net\/wp-content\/uploads\/2014\/08\/IMG_0280-300x200.jpg 300w, https:\/\/www.santjosep.net\/wp-content\/uploads\/2014\/08\/IMG_0280.jpg 1200w\" sizes=\"auto, (max-width: 1024px) 100vw, 1024px\" \/><\/a><p id=\"caption-attachment-2195\" class=\"wp-caption-text\">S&#8217;Illa des Bosc y Es Picatxos<\/p><\/div>\n<p>No obstant aix\u00f2, abans d\u2019arribar as Vedr\u00e0 encara us queda un bon tros de recorregut. \u00c9s el moment de creuar s\u2019illa des Bosc, una preciosa illa redona i coberta de matoll situada just al davant de platges de Comte. Tamb\u00e9 passareu per les precioses formacions rocoses de formes capritxoses que t\u00e9 l\u2019illot, anomenades es Picatxos.<\/p>\n<div id=\"attachment_2193\" style=\"width: 1034px\" class=\"wp-caption alignnone\"><a href=\"https:\/\/www.santjosep.net\/wp-content\/uploads\/2014\/08\/IMG_0328.jpg\"><img loading=\"lazy\" decoding=\"async\" aria-describedby=\"caption-attachment-2193\" class=\"size-large wp-image-2193\" src=\"https:\/\/www.santjosep.net\/wp-content\/uploads\/2014\/08\/IMG_0328-1024x682.jpg\" alt=\"IMG_0328\" width=\"1024\" height=\"682\" srcset=\"https:\/\/www.santjosep.net\/wp-content\/uploads\/2014\/08\/IMG_0328-1024x682.jpg 1024w, https:\/\/www.santjosep.net\/wp-content\/uploads\/2014\/08\/IMG_0328-300x200.jpg 300w, https:\/\/www.santjosep.net\/wp-content\/uploads\/2014\/08\/IMG_0328.jpg 1200w\" sizes=\"auto, (max-width: 1024px) 100vw, 1024px\" \/><\/a><p id=\"caption-attachment-2193\" class=\"wp-caption-text\">Platges de Comte<\/p><\/div>\n<p>\u00c9s en aquell moment quan arribareu a les platges de Comte, un conjunt de platges espectaculars, amb aigua transparent i boniques parets de mar\u00e8s. Hi ha dues cales m\u00e9s grans i una de m\u00e9s petita, que \u00e9s nudista, es rac\u00f3 d\u2019en Xic.<\/p>\n<div id=\"attachment_2189\" style=\"width: 1034px\" class=\"wp-caption alignnone\"><a href=\"https:\/\/www.santjosep.net\/wp-content\/uploads\/2014\/08\/IMG_0339.jpg\"><img loading=\"lazy\" decoding=\"async\" aria-describedby=\"caption-attachment-2189\" class=\"size-large wp-image-2189\" src=\"https:\/\/www.santjosep.net\/wp-content\/uploads\/2014\/08\/IMG_0339-1024x682.jpg\" alt=\"IMG_0339\" width=\"1024\" height=\"682\" srcset=\"https:\/\/www.santjosep.net\/wp-content\/uploads\/2014\/08\/IMG_0339-1024x682.jpg 1024w, https:\/\/www.santjosep.net\/wp-content\/uploads\/2014\/08\/IMG_0339-300x200.jpg 300w, https:\/\/www.santjosep.net\/wp-content\/uploads\/2014\/08\/IMG_0339.jpg 1200w\" sizes=\"auto, (max-width: 1024px) 100vw, 1024px\" \/><\/a><p id=\"caption-attachment-2189\" class=\"wp-caption-text\">S&#8217;Espartar<\/p><\/div>\n<p>Durant el recorregut tamb\u00e9 es passa per la vora de l\u2019illot de s\u2019 Espartar, pertanyent tamb\u00e9 a la Reserva Natural. Nom\u00e9s s\u2019hi pot atracar amb el perm\u00eds del Govern Balear. Durant els mesos de juliol i agost, els artesans de l\u2019espart van a buscar aquesta fibra per confeccionar els ja m\u00edtics senallons (cabassos) i les famoses sand\u00e0lies \u2018\u2019espardenyes\u2019\u2019. Com tots els illots, compta amb una esp\u00e8cie end\u00e8mica de sargantanes, en aquest cas de color blav\u00f3s.<\/p>\n<p><a href=\"https:\/\/www.santjosep.net\/wp-content\/uploads\/2014\/08\/IMG_0385.jpg\"><img loading=\"lazy\" decoding=\"async\" class=\"alignnone size-large wp-image-2191\" src=\"https:\/\/www.santjosep.net\/wp-content\/uploads\/2014\/08\/IMG_0385-1024x682.jpg\" alt=\"IMG_0385\" width=\"1024\" height=\"682\" srcset=\"https:\/\/www.santjosep.net\/wp-content\/uploads\/2014\/08\/IMG_0385-1024x682.jpg 1024w, https:\/\/www.santjosep.net\/wp-content\/uploads\/2014\/08\/IMG_0385-300x200.jpg 300w, https:\/\/www.santjosep.net\/wp-content\/uploads\/2014\/08\/IMG_0385.jpg 1200w\" sizes=\"auto, (max-width: 1024px) 100vw, 1024px\" \/><\/a><\/p>\n<p>Cada vegada esteu m\u00e9s a prop des Vedr\u00e0. L\u2019 illot, de 385 metres d\u2019al\u00e7ada, en t\u00e9 un de m\u00e9s petit al costat, es Vedranell. Aix\u00ed mateix, hi ha nombroses aus i sargantanes, as Vedr\u00e0, per exemple, s\u00f3n de tons grocs<\/p>\n<p><a href=\"https:\/\/www.santjosep.net\/wp-content\/uploads\/2014\/08\/IMG_0413.jpg\"><img loading=\"lazy\" decoding=\"async\" class=\"alignnone size-large wp-image-2187\" src=\"https:\/\/www.santjosep.net\/wp-content\/uploads\/2014\/08\/IMG_0413-1024x682.jpg\" alt=\"IMG_0413\" width=\"1024\" height=\"682\" srcset=\"https:\/\/www.santjosep.net\/wp-content\/uploads\/2014\/08\/IMG_0413-1024x682.jpg 1024w, https:\/\/www.santjosep.net\/wp-content\/uploads\/2014\/08\/IMG_0413-300x200.jpg 300w, https:\/\/www.santjosep.net\/wp-content\/uploads\/2014\/08\/IMG_0413.jpg 1200w\" sizes=\"auto, (max-width: 1024px) 100vw, 1024px\" \/><\/a><\/p>\n<p>El vaixell d\u00f3na la volta a tot l\u2019illot per poder apreciar b\u00e9 la seva al\u00e7ada i majestuositat. Des d\u2019all\u00e0 podem apreciar en la llunyania les cabres que habiten en aquesta illa i que van ser introdu\u00efdes per \u00a0fam\u00edlies eivissenques.<\/p>\n<p><a href=\"https:\/\/www.santjosep.net\/wp-content\/uploads\/2014\/08\/IMG_0583.jpg\"><img loading=\"lazy\" decoding=\"async\" class=\"alignnone size-large wp-image-2179\" src=\"https:\/\/www.santjosep.net\/wp-content\/uploads\/2014\/08\/IMG_0583-1024x682.jpg\" alt=\"IMG_0583\" width=\"1024\" height=\"682\" srcset=\"https:\/\/www.santjosep.net\/wp-content\/uploads\/2014\/08\/IMG_0583-1024x682.jpg 1024w, https:\/\/www.santjosep.net\/wp-content\/uploads\/2014\/08\/IMG_0583-300x200.jpg 300w, https:\/\/www.santjosep.net\/wp-content\/uploads\/2014\/08\/IMG_0583.jpg 1200w\" sizes=\"auto, (max-width: 1024px) 100vw, 1024px\" \/><\/a><\/p>\n<p>\u00c9s el moment d\u2019arribar a la preciosa platja de Cala d\u2019Hort, on podreu banyar-vos a les aig\u00fces transparents, sempre sota l\u2019atenta mirada des Vedr\u00e0 en la llunyania.<\/p>\n<p><a href=\"https:\/\/www.santjosep.net\/wp-content\/uploads\/2014\/08\/IMG_0702.jpg\"><img loading=\"lazy\" decoding=\"async\" class=\"alignnone size-large wp-image-2175\" src=\"https:\/\/www.santjosep.net\/wp-content\/uploads\/2014\/08\/IMG_0702-1024x682.jpg\" alt=\"IMG_0702\" width=\"1024\" height=\"682\" srcset=\"https:\/\/www.santjosep.net\/wp-content\/uploads\/2014\/08\/IMG_0702-1024x682.jpg 1024w, https:\/\/www.santjosep.net\/wp-content\/uploads\/2014\/08\/IMG_0702-300x200.jpg 300w, https:\/\/www.santjosep.net\/wp-content\/uploads\/2014\/08\/IMG_0702.jpg 1200w\" sizes=\"auto, (max-width: 1024px) 100vw, 1024px\" \/><\/a><\/p>\n<p>L\u2019embarcaci\u00f3 posa rumb de nou a platges de Comte, un paratge id\u00edl\u00b7lic en el qual disposareu de dues i tres hores de temps lliure per a banyar-vos o fer un beure en algun dels quiosquet.<\/p>\n<p>Despr\u00e9s d\u2019aquesta \u00faltima parada, \u00e9s hora de tornar al port de Sant Antoni, on finalitza la vostra excursi\u00f3.<\/p>\n","protected":false},"excerpt":{"rendered":"<p>Una de les experi\u00e8ncies m\u00e9s fascinants que es pot viure a Eivissa \u00e9s passejar amb vaixell per la costa de Sant Josep. Apreciar el litoral, veure illots fascinants, diferents aus i fins i tot dofins s\u00f3n alguns dels atractius d\u2019aquest [&hellip;]<\/p>\n","protected":false},"author":1,"featured_media":13065,"comment_status":"open","ping_status":"open","sticky":false,"template":"","format":"standard","meta":{"_acf_changed":false,"inline_featured_image":false,"footnotes":""},"categories":[208,206,207],"tags":[],"class_list":["post-13063","post","type-post","status-publish","format-standard","has-post-thumbnail","hentry","category-esdeveniments-ca","category-rutes-ca","category-zones-ca"],"acf":[],"geo":null,"yoast_head":"<!-- This site is optimized with the Yoast SEO plugin v25.7 - https:\/\/yoast.com\/wordpress\/plugins\/seo\/ -->\n<title>Una ruta amb vaixell per la costa oest de Sant Josep, Eivissa. - Santjosep.net<\/title>\n<meta name=\"robots\" content=\"index, follow, max-snippet:-1, max-image-preview:large, max-video-preview:-1\" \/>\n<link rel=\"canonical\" href=\"https:\/\/www.santjosep.net\/ca\/una-ruta-en-barco-por-la-costa-oeste-de-sant-josep-ibiza\/\" \/>\n<meta property=\"og:locale\" content=\"ca_ES\" \/>\n<meta property=\"og:type\" content=\"article\" \/>\n<meta property=\"og:title\" content=\"Una ruta amb vaixell per la costa oest de Sant Josep, Eivissa. - Santjosep.net\" \/>\n<meta property=\"og:description\" content=\"Una de les experi\u00e8ncies m\u00e9s fascinants que es pot viure a Eivissa \u00e9s passejar amb vaixell per la costa de Sant Josep. Apreciar el litoral, veure illots fascinants, diferents aus i fins i tot dofins s\u00f3n alguns dels atractius d\u2019aquest [&hellip;]\" \/>\n<meta property=\"og:url\" content=\"https:\/\/www.santjosep.net\/ca\/una-ruta-en-barco-por-la-costa-oeste-de-sant-josep-ibiza\/\" \/>\n<meta property=\"og:site_name\" content=\"Santjosep.net\" \/>\n<meta property=\"article:published_time\" content=\"2014-08-07T06:49:52+00:00\" \/>\n<meta property=\"article:modified_time\" content=\"2020-01-22T10:33:07+00:00\" \/>\n<meta property=\"og:image\" content=\"https:\/\/www.santjosep.net\/wp-content\/uploads\/2014\/08\/IMG_0385.jpg\" \/>\n\t<meta property=\"og:image:width\" content=\"1200\" \/>\n\t<meta property=\"og:image:height\" content=\"800\" \/>\n\t<meta property=\"og:image:type\" content=\"image\/jpeg\" \/>\n<meta name=\"author\" content=\"Sant Josep\" \/>\n<meta name=\"twitter:card\" content=\"summary_large_image\" \/>\n<meta name=\"twitter:label1\" content=\"Escrit per\" \/>\n\t<meta name=\"twitter:data1\" content=\"Sant Josep\" \/>\n\t<meta name=\"twitter:label2\" content=\"Temps estimat de lectura\" \/>\n\t<meta name=\"twitter:data2\" content=\"4 minuts\" \/>\n<script type=\"application\/ld+json\" class=\"yoast-schema-graph\">{\"@context\":\"https:\/\/schema.org\",\"@graph\":[{\"@type\":\"WebPage\",\"@id\":\"https:\/\/www.santjosep.net\/ca\/una-ruta-en-barco-por-la-costa-oeste-de-sant-josep-ibiza\/\",\"url\":\"https:\/\/www.santjosep.net\/ca\/una-ruta-en-barco-por-la-costa-oeste-de-sant-josep-ibiza\/\",\"name\":\"Una ruta amb vaixell per la costa oest de Sant Josep, Eivissa. - Santjosep.net\",\"isPartOf\":{\"@id\":\"https:\/\/www.santjosep.net\/#website\"},\"primaryImageOfPage\":{\"@id\":\"https:\/\/www.santjosep.net\/ca\/una-ruta-en-barco-por-la-costa-oeste-de-sant-josep-ibiza\/#primaryimage\"},\"image\":{\"@id\":\"https:\/\/www.santjosep.net\/ca\/una-ruta-en-barco-por-la-costa-oeste-de-sant-josep-ibiza\/#primaryimage\"},\"thumbnailUrl\":\"https:\/\/www.santjosep.net\/wp-content\/uploads\/2014\/08\/IMG_0385.jpg\",\"datePublished\":\"2014-08-07T06:49:52+00:00\",\"dateModified\":\"2020-01-22T10:33:07+00:00\",\"author\":{\"@id\":\"https:\/\/www.santjosep.net\/#\/schema\/person\/b60e56f94e4e55776eb62bf4293f99b6\"},\"inLanguage\":\"ca\",\"potentialAction\":[{\"@type\":\"ReadAction\",\"target\":[\"https:\/\/www.santjosep.net\/ca\/una-ruta-en-barco-por-la-costa-oeste-de-sant-josep-ibiza\/\"]}]},{\"@type\":\"ImageObject\",\"inLanguage\":\"ca\",\"@id\":\"https:\/\/www.santjosep.net\/ca\/una-ruta-en-barco-por-la-costa-oeste-de-sant-josep-ibiza\/#primaryimage\",\"url\":\"https:\/\/www.santjosep.net\/wp-content\/uploads\/2014\/08\/IMG_0385.jpg\",\"contentUrl\":\"https:\/\/www.santjosep.net\/wp-content\/uploads\/2014\/08\/IMG_0385.jpg\",\"width\":1200,\"height\":800},{\"@type\":\"WebSite\",\"@id\":\"https:\/\/www.santjosep.net\/#website\",\"url\":\"https:\/\/www.santjosep.net\/\",\"name\":\"Santjosep.net\",\"description\":\"\",\"potentialAction\":[{\"@type\":\"SearchAction\",\"target\":{\"@type\":\"EntryPoint\",\"urlTemplate\":\"https:\/\/www.santjosep.net\/?s={search_term_string}\"},\"query-input\":{\"@type\":\"PropertyValueSpecification\",\"valueRequired\":true,\"valueName\":\"search_term_string\"}}],\"inLanguage\":\"ca\"},{\"@type\":\"Person\",\"@id\":\"https:\/\/www.santjosep.net\/#\/schema\/person\/b60e56f94e4e55776eb62bf4293f99b6\",\"name\":\"Sant Josep\",\"image\":{\"@type\":\"ImageObject\",\"inLanguage\":\"ca\",\"@id\":\"https:\/\/www.santjosep.net\/#\/schema\/person\/image\/\",\"url\":\"https:\/\/secure.gravatar.com\/avatar\/2f4071817a97d2499c5aae9674ee15015b5a3c7c0974ca84f095a8e4aadcda56?s=96&d=mm&r=g\",\"contentUrl\":\"https:\/\/secure.gravatar.com\/avatar\/2f4071817a97d2499c5aae9674ee15015b5a3c7c0974ca84f095a8e4aadcda56?s=96&d=mm&r=g\",\"caption\":\"Sant Josep\"},\"url\":\"https:\/\/www.santjosep.net\/ca\/author\/fugrafic\/\"}]}<\/script>\n<!-- \/ Yoast SEO plugin. -->","yoast_head_json":{"title":"Una ruta amb vaixell per la costa oest de Sant Josep, Eivissa. - Santjosep.net","robots":{"index":"index","follow":"follow","max-snippet":"max-snippet:-1","max-image-preview":"max-image-preview:large","max-video-preview":"max-video-preview:-1"},"canonical":"https:\/\/www.santjosep.net\/ca\/una-ruta-en-barco-por-la-costa-oeste-de-sant-josep-ibiza\/","og_locale":"ca_ES","og_type":"article","og_title":"Una ruta amb vaixell per la costa oest de Sant Josep, Eivissa. - Santjosep.net","og_description":"Una de les experi\u00e8ncies m\u00e9s fascinants que es pot viure a Eivissa \u00e9s passejar amb vaixell per la costa de Sant Josep. Apreciar el litoral, veure illots fascinants, diferents aus i fins i tot dofins s\u00f3n alguns dels atractius d\u2019aquest [&hellip;]","og_url":"https:\/\/www.santjosep.net\/ca\/una-ruta-en-barco-por-la-costa-oeste-de-sant-josep-ibiza\/","og_site_name":"Santjosep.net","article_published_time":"2014-08-07T06:49:52+00:00","article_modified_time":"2020-01-22T10:33:07+00:00","og_image":[{"width":1200,"height":800,"url":"https:\/\/www.santjosep.net\/wp-content\/uploads\/2014\/08\/IMG_0385.jpg","type":"image\/jpeg"}],"author":"Sant Josep","twitter_card":"summary_large_image","twitter_misc":{"Escrit per":"Sant Josep","Temps estimat de lectura":"4 minuts"},"schema":{"@context":"https:\/\/schema.org","@graph":[{"@type":"WebPage","@id":"https:\/\/www.santjosep.net\/ca\/una-ruta-en-barco-por-la-costa-oeste-de-sant-josep-ibiza\/","url":"https:\/\/www.santjosep.net\/ca\/una-ruta-en-barco-por-la-costa-oeste-de-sant-josep-ibiza\/","name":"Una ruta amb vaixell per la costa oest de Sant Josep, Eivissa. - Santjosep.net","isPartOf":{"@id":"https:\/\/www.santjosep.net\/#website"},"primaryImageOfPage":{"@id":"https:\/\/www.santjosep.net\/ca\/una-ruta-en-barco-por-la-costa-oeste-de-sant-josep-ibiza\/#primaryimage"},"image":{"@id":"https:\/\/www.santjosep.net\/ca\/una-ruta-en-barco-por-la-costa-oeste-de-sant-josep-ibiza\/#primaryimage"},"thumbnailUrl":"https:\/\/www.santjosep.net\/wp-content\/uploads\/2014\/08\/IMG_0385.jpg","datePublished":"2014-08-07T06:49:52+00:00","dateModified":"2020-01-22T10:33:07+00:00","author":{"@id":"https:\/\/www.santjosep.net\/#\/schema\/person\/b60e56f94e4e55776eb62bf4293f99b6"},"inLanguage":"ca","potentialAction":[{"@type":"ReadAction","target":["https:\/\/www.santjosep.net\/ca\/una-ruta-en-barco-por-la-costa-oeste-de-sant-josep-ibiza\/"]}]},{"@type":"ImageObject","inLanguage":"ca","@id":"https:\/\/www.santjosep.net\/ca\/una-ruta-en-barco-por-la-costa-oeste-de-sant-josep-ibiza\/#primaryimage","url":"https:\/\/www.santjosep.net\/wp-content\/uploads\/2014\/08\/IMG_0385.jpg","contentUrl":"https:\/\/www.santjosep.net\/wp-content\/uploads\/2014\/08\/IMG_0385.jpg","width":1200,"height":800},{"@type":"WebSite","@id":"https:\/\/www.santjosep.net\/#website","url":"https:\/\/www.santjosep.net\/","name":"Santjosep.net","description":"","potentialAction":[{"@type":"SearchAction","target":{"@type":"EntryPoint","urlTemplate":"https:\/\/www.santjosep.net\/?s={search_term_string}"},"query-input":{"@type":"PropertyValueSpecification","valueRequired":true,"valueName":"search_term_string"}}],"inLanguage":"ca"},{"@type":"Person","@id":"https:\/\/www.santjosep.net\/#\/schema\/person\/b60e56f94e4e55776eb62bf4293f99b6","name":"Sant Josep","image":{"@type":"ImageObject","inLanguage":"ca","@id":"https:\/\/www.santjosep.net\/#\/schema\/person\/image\/","url":"https:\/\/secure.gravatar.com\/avatar\/2f4071817a97d2499c5aae9674ee15015b5a3c7c0974ca84f095a8e4aadcda56?s=96&d=mm&r=g","contentUrl":"https:\/\/secure.gravatar.com\/avatar\/2f4071817a97d2499c5aae9674ee15015b5a3c7c0974ca84f095a8e4aadcda56?s=96&d=mm&r=g","caption":"Sant Josep"},"url":"https:\/\/www.santjosep.net\/ca\/author\/fugrafic\/"}]}},"_links":{"self":[{"href":"https:\/\/www.santjosep.net\/ca\/wp-json\/wp\/v2\/posts\/13063","targetHints":{"allow":["GET"]}}],"collection":[{"href":"https:\/\/www.santjosep.net\/ca\/wp-json\/wp\/v2\/posts"}],"about":[{"href":"https:\/\/www.santjosep.net\/ca\/wp-json\/wp\/v2\/types\/post"}],"author":[{"embeddable":true,"href":"https:\/\/www.santjosep.net\/ca\/wp-json\/wp\/v2\/users\/1"}],"replies":[{"embeddable":true,"href":"https:\/\/www.santjosep.net\/ca\/wp-json\/wp\/v2\/comments?post=13063"}],"version-history":[{"count":0,"href":"https:\/\/www.santjosep.net\/ca\/wp-json\/wp\/v2\/posts\/13063\/revisions"}],"wp:featuredmedia":[{"embeddable":true,"href":"https:\/\/www.santjosep.net\/ca\/wp-json\/wp\/v2\/media\/13065"}],"wp:attachment":[{"href":"https:\/\/www.santjosep.net\/ca\/wp-json\/wp\/v2\/media?parent=13063"}],"wp:term":[{"taxonomy":"category","embeddable":true,"href":"https:\/\/www.santjosep.net\/ca\/wp-json\/wp\/v2\/categories?post=13063"},{"taxonomy":"post_tag","embeddable":true,"href":"https:\/\/www.santjosep.net\/ca\/wp-json\/wp\/v2\/tags?post=13063"}],"curies":[{"name":"wp","href":"https:\/\/api.w.org\/{rel}","templated":true}]}}