{"id":13046,"date":"2014-10-27T12:50:13","date_gmt":"2014-10-27T12:50:13","guid":{"rendered":"https:\/\/www.santjosep.net\/5-ideas-para-disfrutar-del-otono-en-sant-josep-ibiza\/"},"modified":"2020-01-27T11:17:20","modified_gmt":"2020-01-27T10:17:20","slug":"5-idees-per-gaudir-tardor-sant-josep-eivissa","status":"publish","type":"post","link":"https:\/\/www.santjosep.net\/ca\/5-idees-per-gaudir-tardor-sant-josep-eivissa\/","title":{"rendered":"5 idees per gaudir de la tardor a Sant Josep, Eivissa"},"content":{"rendered":"<p>Tot i que Eivissa i concretament la zona de Sant Josep \u00e9s coneguda per les platges i l\u2019ambient festiu de l\u2019estiu, la tardor \u00e9s una estaci\u00f3 perfecta per gaudir de l\u2019illa. Temperatures suaus, cap tipus d\u2019 atrafegament, ideal per a practicar esport i fer activitats a l\u2019aire lliure&#8230; aqu\u00ed us donem 5 bones raons:<\/p>\n<p>&nbsp;<\/p>\n<p><a href=\"https:\/\/www.santjosep.net\/wp-content\/uploads\/2014\/10\/P4040019.jpg\"><img loading=\"lazy\" decoding=\"async\" class=\"alignnone size-large wp-image-2357\" src=\"https:\/\/www.santjosep.net\/wp-content\/uploads\/2014\/10\/P4040019-1024x756.jpg\" alt=\"P4040019\" width=\"1024\" height=\"756\" srcset=\"https:\/\/www.santjosep.net\/wp-content\/uploads\/2014\/10\/P4040019-1024x756.jpg 1024w, https:\/\/www.santjosep.net\/wp-content\/uploads\/2014\/10\/P4040019-300x221.jpg 300w, https:\/\/www.santjosep.net\/wp-content\/uploads\/2014\/10\/P4040019.jpg 1200w\" sizes=\"auto, (max-width: 1024px) 100vw, 1024px\" \/><\/a><\/p>\n<h2><strong>1. <b>Gaudiu de la costa, les platges i el mar<\/b><br \/>\n<\/strong><\/h2>\n<p>Els mesos d\u2019octubre i novembre s\u00f3n excel\u00b7lents per gaudir del mar. Tot i que les temperatures durant la nit van descendint, els dies s\u00f3n agradables i la temperatura del mar \u00e9s la millor de l\u2019any. Activitats relacionades amb el mar com el busseig, paddle surf, vela, caiac i moltes altres&#8230; \u00e9s el moment ideal per a \u00a0practicar-les. Us deixem alguns enlla\u00e7os amb desc\u00e0rregues de fullets. <a href=\"http:\/\/ibiza.travel\/wp-content\/uploads\/2014\/06\/KAYAK_cast-red.pdf\" target=\"_blank\" rel=\"noopener noreferrer\">Rutes i immersions de busseig<\/a> i <a href=\"http:\/\/ibiza.travel\/wp-content\/uploads\/2014\/06\/KAYAK_cast-red.pdf\" target=\"_blank\" rel=\"noopener noreferrer\">Rutes amb caiac<\/a>.<\/p>\n<div id=\"attachment_2363\" style=\"width: 1034px\" class=\"wp-caption alignnone\"><a href=\"https:\/\/www.santjosep.net\/wp-content\/uploads\/2014\/10\/rovira_IMG_2725.jpg\"><img loading=\"lazy\" decoding=\"async\" aria-describedby=\"caption-attachment-2363\" class=\"size-large wp-image-2363\" src=\"https:\/\/www.santjosep.net\/wp-content\/uploads\/2014\/10\/rovira_IMG_2725-1024x682.jpg\" alt=\"Torre d'en Rovira\" width=\"1024\" height=\"682\" srcset=\"https:\/\/www.santjosep.net\/wp-content\/uploads\/2014\/10\/rovira_IMG_2725-1024x682.jpg 1024w, https:\/\/www.santjosep.net\/wp-content\/uploads\/2014\/10\/rovira_IMG_2725-300x200.jpg 300w, https:\/\/www.santjosep.net\/wp-content\/uploads\/2014\/10\/rovira_IMG_2725.jpg 1200w\" sizes=\"auto, (max-width: 1024px) 100vw, 1024px\" \/><\/a><p id=\"caption-attachment-2363\" class=\"wp-caption-text\">Torre d&#8217;en Rovira<\/p><\/div>\n<p>Todav\u00eda se puede disfrutar de las playas, sentarse en alguna de las terrazas frente al mar y comer un sabroso pescado fresco o un arroz en los restaurantes de la zona. O bien los paseos por la costa son fant\u00e1sticos. En esta ocasi\u00f3n te recomendamos una caminata sencilla y te permitir\u00e1 disfrutar del paisaje, entre la playa de <a href=\"\/?p=1998\">Platges de Comte y la Torre d\u2019en Rovira<\/a>.<\/p>\n<h2><a href=\"https:\/\/www.santjosep.net\/wp-content\/uploads\/2014\/10\/puesta_DSC00234.jpg\"><img loading=\"lazy\" decoding=\"async\" class=\"alignnone size-large wp-image-2374\" src=\"https:\/\/www.santjosep.net\/wp-content\/uploads\/2014\/10\/puesta_DSC00234-1024x702.jpg\" alt=\"puesta_DSC00234\" width=\"1024\" height=\"702\" srcset=\"https:\/\/www.santjosep.net\/wp-content\/uploads\/2014\/10\/puesta_DSC00234-1024x702.jpg 1024w, https:\/\/www.santjosep.net\/wp-content\/uploads\/2014\/10\/puesta_DSC00234-300x205.jpg 300w, https:\/\/www.santjosep.net\/wp-content\/uploads\/2014\/10\/puesta_DSC00234.jpg 1200w\" sizes=\"auto, (max-width: 1024px) 100vw, 1024px\" \/><\/a><\/h2>\n<h2><strong>2. <b>La llum de la tardor \u00e9s especial<\/b><br \/>\n<\/strong><\/h2>\n<p>Els amants de la fotografia haurien d\u2019estar radiants d\u2019alegria: blaus poderosos, el verd del camp intensificat amb les pluges de setembre, el sol sense tanta for\u00e7a com al mes d\u2019agost i les postes de sol acompanyades d\u2019alguns n\u00favols que les fan encara m\u00e9s interessants.<\/p>\n<h2><a href=\"https:\/\/www.santjosep.net\/wp-content\/uploads\/2014\/10\/DEPORTEbtt.jpg\"><img loading=\"lazy\" decoding=\"async\" class=\"alignnone size-large wp-image-2372\" src=\"https:\/\/www.santjosep.net\/wp-content\/uploads\/2014\/10\/DEPORTEbtt-1024x772.jpg\" alt=\"DEPORTEbtt\" width=\"1024\" height=\"772\" srcset=\"https:\/\/www.santjosep.net\/wp-content\/uploads\/2014\/10\/DEPORTEbtt-1024x772.jpg 1024w, https:\/\/www.santjosep.net\/wp-content\/uploads\/2014\/10\/DEPORTEbtt-300x226.jpg 300w, https:\/\/www.santjosep.net\/wp-content\/uploads\/2014\/10\/DEPORTEbtt.jpg 1200w\" sizes=\"auto, (max-width: 1024px) 100vw, 1024px\" \/><\/a><\/h2>\n<h2><strong>3. <b>Practicar esport en el millor entorn<\/b><br \/>\n<\/strong><\/h2>\n<p>Amb l\u2019arribada d\u2019algunes pluges i la humitat de la nit, els camps de Sant Josep es transformen. Despr\u00e9s de les dures condicions de l\u2019estiu tan sec, el camp eivissenc torna a n\u00e9ixer. Si sumeu aix\u00f2 a les temperatures m\u00e9s agradables, \u00e9s el moment perfecte per als amants del senderisme, del <i>running <\/i>o del ciclisme per tornar a agafar el ritme.<\/p>\n<p>Hi ha nombroses rutes marcades per practicar esport i Eivissa disposa de moltes empreses que ofereixen serveis d\u2019organitzaci\u00f3, aqu\u00ed us deixem alguns enlla\u00e7os i fullets que us podeu descarregar. <a href=\"http:\/\/ibiza.travel\/wp-content\/uploads\/2015\/05\/SENDERISMO_cat.pdf\" target=\"_blank\" rel=\"noopener noreferrer\">Rutes de senderisme<\/a>.<\/p>\n<h2><\/h2>\n<p><a href=\"https:\/\/www.santjosep.net\/wp-content\/uploads\/2014\/10\/sobrasada_IMG_2564.jpg\"><img loading=\"lazy\" decoding=\"async\" class=\"alignnone size-large wp-image-2382\" src=\"https:\/\/www.santjosep.net\/wp-content\/uploads\/2014\/10\/sobrasada_IMG_2564-1024x682.jpg\" alt=\"sobrasada_IMG_2564\" width=\"1024\" height=\"682\" srcset=\"https:\/\/www.santjosep.net\/wp-content\/uploads\/2014\/10\/sobrasada_IMG_2564-1024x682.jpg 1024w, https:\/\/www.santjosep.net\/wp-content\/uploads\/2014\/10\/sobrasada_IMG_2564-300x200.jpg 300w, https:\/\/www.santjosep.net\/wp-content\/uploads\/2014\/10\/sobrasada_IMG_2564.jpg 1200w\" sizes=\"auto, (max-width: 1024px) 100vw, 1024px\" \/><\/a><\/p>\n<h2><strong>4. <b>Les matances<\/b><br \/>\n<\/strong><\/h2>\n<p>Els mesos de novembre i desembre s\u00f3n molt especials per les cases eivissenques, despr\u00e9s de recollir els fruits del camp al setembre com l\u2019ametlla, la garrova i el ra\u00efm per a l\u2019elaboraci\u00f3 del nostre vi pag\u00e8s, ha arribat el moment de la matan\u00e7a.<\/p>\n<p>La matan\u00e7a del porc \u00e9s tota una tradici\u00f3 ancestral de l\u2019illa, d\u2019aquesta festa sortiran les sobrassades i botifarres tan saboroses que antigament alimentaven les fam\u00edlies durant el fred hivern. El dia de la matan\u00e7a es poden tastar del\u00edcies de la cuina tradicional de l\u2019illa, com el sofrit pag\u00e8s, el formatge eivissenc i la frita de porc entre altres.<\/p>\n<p>Si teniu l\u2019oportunitat de con\u00e8ixer alguna fam\u00edlia eivissenca, no dubteu a comentar-ho i, coneixent el car\u00e0cter eivissenc, ben segur que us conviden&#8230; sempre amb la condici\u00f3 de donar un cop de m\u00e0, \u00e9s clar!<\/p>\n<h2><\/h2>\n<p><a href=\"https:\/\/www.santjosep.net\/wp-content\/uploads\/2014\/10\/parcnaturalsalinasIMG_9775.jpg\"><img loading=\"lazy\" decoding=\"async\" class=\"alignnone size-full wp-image-2366\" src=\"https:\/\/www.santjosep.net\/wp-content\/uploads\/2014\/10\/parcnaturalsalinasIMG_9775.jpg\" alt=\"parcnaturalsalinasIMG_9775\" width=\"1000\" height=\"667\" srcset=\"https:\/\/www.santjosep.net\/wp-content\/uploads\/2014\/10\/parcnaturalsalinasIMG_9775.jpg 1000w, https:\/\/www.santjosep.net\/wp-content\/uploads\/2014\/10\/parcnaturalsalinasIMG_9775-300x200.jpg 300w\" sizes=\"auto, (max-width: 1000px) 100vw, 1000px\" \/><\/a><\/p>\n<h2><strong>5. <b>Visitar el Parc Natural de ses Salines<\/b><br \/>\n<\/strong><\/h2>\n<p>Des de final d\u2019agost i durant la temporada de tardor i hivern \u00e9s el moment perfecte per visitar la Reserva Natural. Ses Salines \u00e9s una \u00e0rea de descans d\u2019aus migrat\u00f2ries com els flamencs, la camallarga, l\u2019\u00e0nec blanc, el corriol camanegre i les aus marines.<\/p>\n<p>Cal passejar pel Parc per gaudir dels colors dels estanys de sal, visitar les dunes i caminar vora la costa <a href=\"https:\/\/www.santjosep.net\/ca\/veure\/es-cavallet\/\">des Cavallet<\/a> fins a <a href=\"https:\/\/www.santjosep.net\/ca\/natura\/ses-salines-deivissa-i-formentera\/\">ses Salines<\/a>, s\u00f3n alguns dels atractius de la zona!<\/p>\n<p>A m\u00e9s, la Conselleria de Medi Ambient de les Illes Balears organitza excursions peri\u00f2dicament per visitar el Parc Natural de ses Salines d\u2019Eivissa i Formentera. Podeu veure la seva agenda d\u2019activitats <a href=\"http:\/\/ca.balearsnatura.com\/\" target=\"_blank\" rel=\"noopener noreferrer\">aqu\u00ed<\/a>.<\/p>\n","protected":false},"excerpt":{"rendered":"<p>Tot i que Eivissa i concretament la zona de Sant Josep \u00e9s coneguda per les platges i l\u2019ambient festiu de l\u2019estiu, la tardor \u00e9s una estaci\u00f3 perfecta per gaudir de l\u2019illa. Temperatures suaus, cap tipus d\u2019 atrafegament, ideal per a [&hellip;]<\/p>\n","protected":false},"author":1,"featured_media":13048,"comment_status":"open","ping_status":"open","sticky":false,"template":"","format":"standard","meta":{"_acf_changed":false,"inline_featured_image":false,"footnotes":""},"categories":[178],"tags":[],"class_list":["post-13046","post","type-post","status-publish","format-standard","has-post-thumbnail","hentry","category-uncategorized-ca"],"acf":[],"geo":null,"yoast_head":"<!-- This site is optimized with the Yoast SEO plugin v25.7 - https:\/\/yoast.com\/wordpress\/plugins\/seo\/ -->\n<title>5 idees per gaudir de la tardor a Sant Josep, Eivissa - Santjosep.net<\/title>\n<meta name=\"robots\" content=\"index, follow, max-snippet:-1, max-image-preview:large, max-video-preview:-1\" \/>\n<link rel=\"canonical\" href=\"https:\/\/www.santjosep.net\/ca\/5-idees-per-gaudir-tardor-sant-josep-eivissa\/\" \/>\n<meta property=\"og:locale\" content=\"ca_ES\" \/>\n<meta property=\"og:type\" content=\"article\" \/>\n<meta property=\"og:title\" content=\"5 idees per gaudir de la tardor a Sant Josep, Eivissa - Santjosep.net\" \/>\n<meta property=\"og:description\" content=\"Tot i que Eivissa i concretament la zona de Sant Josep \u00e9s coneguda per les platges i l\u2019ambient festiu de l\u2019estiu, la tardor \u00e9s una estaci\u00f3 perfecta per gaudir de l\u2019illa. Temperatures suaus, cap tipus d\u2019 atrafegament, ideal per a [&hellip;]\" \/>\n<meta property=\"og:url\" content=\"https:\/\/www.santjosep.net\/ca\/5-idees-per-gaudir-tardor-sant-josep-eivissa\/\" \/>\n<meta property=\"og:site_name\" content=\"Santjosep.net\" \/>\n<meta property=\"article:published_time\" content=\"2014-10-27T12:50:13+00:00\" \/>\n<meta property=\"article:modified_time\" content=\"2020-01-27T10:17:20+00:00\" \/>\n<meta property=\"og:image\" content=\"https:\/\/www.santjosep.net\/wp-content\/uploads\/2014\/10\/puesta_DSC00234.jpg\" \/>\n\t<meta property=\"og:image:width\" content=\"1200\" \/>\n\t<meta property=\"og:image:height\" content=\"823\" \/>\n\t<meta property=\"og:image:type\" content=\"image\/jpeg\" \/>\n<meta name=\"author\" content=\"Sant Josep\" \/>\n<meta name=\"twitter:card\" content=\"summary_large_image\" \/>\n<meta name=\"twitter:label1\" content=\"Escrit per\" \/>\n\t<meta name=\"twitter:data1\" content=\"Sant Josep\" \/>\n\t<meta name=\"twitter:label2\" content=\"Temps estimat de lectura\" \/>\n\t<meta name=\"twitter:data2\" content=\"3 minuts\" \/>\n<script type=\"application\/ld+json\" class=\"yoast-schema-graph\">{\"@context\":\"https:\/\/schema.org\",\"@graph\":[{\"@type\":\"WebPage\",\"@id\":\"https:\/\/www.santjosep.net\/ca\/5-idees-per-gaudir-tardor-sant-josep-eivissa\/\",\"url\":\"https:\/\/www.santjosep.net\/ca\/5-idees-per-gaudir-tardor-sant-josep-eivissa\/\",\"name\":\"5 idees per gaudir de la tardor a Sant Josep, Eivissa - Santjosep.net\",\"isPartOf\":{\"@id\":\"https:\/\/www.santjosep.net\/#website\"},\"primaryImageOfPage\":{\"@id\":\"https:\/\/www.santjosep.net\/ca\/5-idees-per-gaudir-tardor-sant-josep-eivissa\/#primaryimage\"},\"image\":{\"@id\":\"https:\/\/www.santjosep.net\/ca\/5-idees-per-gaudir-tardor-sant-josep-eivissa\/#primaryimage\"},\"thumbnailUrl\":\"https:\/\/www.santjosep.net\/wp-content\/uploads\/2014\/10\/puesta_DSC00234.jpg\",\"datePublished\":\"2014-10-27T12:50:13+00:00\",\"dateModified\":\"2020-01-27T10:17:20+00:00\",\"author\":{\"@id\":\"https:\/\/www.santjosep.net\/#\/schema\/person\/b60e56f94e4e55776eb62bf4293f99b6\"},\"inLanguage\":\"ca\",\"potentialAction\":[{\"@type\":\"ReadAction\",\"target\":[\"https:\/\/www.santjosep.net\/ca\/5-idees-per-gaudir-tardor-sant-josep-eivissa\/\"]}]},{\"@type\":\"ImageObject\",\"inLanguage\":\"ca\",\"@id\":\"https:\/\/www.santjosep.net\/ca\/5-idees-per-gaudir-tardor-sant-josep-eivissa\/#primaryimage\",\"url\":\"https:\/\/www.santjosep.net\/wp-content\/uploads\/2014\/10\/puesta_DSC00234.jpg\",\"contentUrl\":\"https:\/\/www.santjosep.net\/wp-content\/uploads\/2014\/10\/puesta_DSC00234.jpg\",\"width\":1200,\"height\":823},{\"@type\":\"WebSite\",\"@id\":\"https:\/\/www.santjosep.net\/#website\",\"url\":\"https:\/\/www.santjosep.net\/\",\"name\":\"Santjosep.net\",\"description\":\"\",\"potentialAction\":[{\"@type\":\"SearchAction\",\"target\":{\"@type\":\"EntryPoint\",\"urlTemplate\":\"https:\/\/www.santjosep.net\/?s={search_term_string}\"},\"query-input\":{\"@type\":\"PropertyValueSpecification\",\"valueRequired\":true,\"valueName\":\"search_term_string\"}}],\"inLanguage\":\"ca\"},{\"@type\":\"Person\",\"@id\":\"https:\/\/www.santjosep.net\/#\/schema\/person\/b60e56f94e4e55776eb62bf4293f99b6\",\"name\":\"Sant Josep\",\"image\":{\"@type\":\"ImageObject\",\"inLanguage\":\"ca\",\"@id\":\"https:\/\/www.santjosep.net\/#\/schema\/person\/image\/\",\"url\":\"https:\/\/secure.gravatar.com\/avatar\/2f4071817a97d2499c5aae9674ee15015b5a3c7c0974ca84f095a8e4aadcda56?s=96&d=mm&r=g\",\"contentUrl\":\"https:\/\/secure.gravatar.com\/avatar\/2f4071817a97d2499c5aae9674ee15015b5a3c7c0974ca84f095a8e4aadcda56?s=96&d=mm&r=g\",\"caption\":\"Sant Josep\"},\"url\":\"https:\/\/www.santjosep.net\/ca\/author\/fugrafic\/\"}]}<\/script>\n<!-- \/ Yoast SEO plugin. -->","yoast_head_json":{"title":"5 idees per gaudir de la tardor a Sant Josep, Eivissa - Santjosep.net","robots":{"index":"index","follow":"follow","max-snippet":"max-snippet:-1","max-image-preview":"max-image-preview:large","max-video-preview":"max-video-preview:-1"},"canonical":"https:\/\/www.santjosep.net\/ca\/5-idees-per-gaudir-tardor-sant-josep-eivissa\/","og_locale":"ca_ES","og_type":"article","og_title":"5 idees per gaudir de la tardor a Sant Josep, Eivissa - Santjosep.net","og_description":"Tot i que Eivissa i concretament la zona de Sant Josep \u00e9s coneguda per les platges i l\u2019ambient festiu de l\u2019estiu, la tardor \u00e9s una estaci\u00f3 perfecta per gaudir de l\u2019illa. Temperatures suaus, cap tipus d\u2019 atrafegament, ideal per a [&hellip;]","og_url":"https:\/\/www.santjosep.net\/ca\/5-idees-per-gaudir-tardor-sant-josep-eivissa\/","og_site_name":"Santjosep.net","article_published_time":"2014-10-27T12:50:13+00:00","article_modified_time":"2020-01-27T10:17:20+00:00","og_image":[{"width":1200,"height":823,"url":"https:\/\/www.santjosep.net\/wp-content\/uploads\/2014\/10\/puesta_DSC00234.jpg","type":"image\/jpeg"}],"author":"Sant Josep","twitter_card":"summary_large_image","twitter_misc":{"Escrit per":"Sant Josep","Temps estimat de lectura":"3 minuts"},"schema":{"@context":"https:\/\/schema.org","@graph":[{"@type":"WebPage","@id":"https:\/\/www.santjosep.net\/ca\/5-idees-per-gaudir-tardor-sant-josep-eivissa\/","url":"https:\/\/www.santjosep.net\/ca\/5-idees-per-gaudir-tardor-sant-josep-eivissa\/","name":"5 idees per gaudir de la tardor a Sant Josep, Eivissa - Santjosep.net","isPartOf":{"@id":"https:\/\/www.santjosep.net\/#website"},"primaryImageOfPage":{"@id":"https:\/\/www.santjosep.net\/ca\/5-idees-per-gaudir-tardor-sant-josep-eivissa\/#primaryimage"},"image":{"@id":"https:\/\/www.santjosep.net\/ca\/5-idees-per-gaudir-tardor-sant-josep-eivissa\/#primaryimage"},"thumbnailUrl":"https:\/\/www.santjosep.net\/wp-content\/uploads\/2014\/10\/puesta_DSC00234.jpg","datePublished":"2014-10-27T12:50:13+00:00","dateModified":"2020-01-27T10:17:20+00:00","author":{"@id":"https:\/\/www.santjosep.net\/#\/schema\/person\/b60e56f94e4e55776eb62bf4293f99b6"},"inLanguage":"ca","potentialAction":[{"@type":"ReadAction","target":["https:\/\/www.santjosep.net\/ca\/5-idees-per-gaudir-tardor-sant-josep-eivissa\/"]}]},{"@type":"ImageObject","inLanguage":"ca","@id":"https:\/\/www.santjosep.net\/ca\/5-idees-per-gaudir-tardor-sant-josep-eivissa\/#primaryimage","url":"https:\/\/www.santjosep.net\/wp-content\/uploads\/2014\/10\/puesta_DSC00234.jpg","contentUrl":"https:\/\/www.santjosep.net\/wp-content\/uploads\/2014\/10\/puesta_DSC00234.jpg","width":1200,"height":823},{"@type":"WebSite","@id":"https:\/\/www.santjosep.net\/#website","url":"https:\/\/www.santjosep.net\/","name":"Santjosep.net","description":"","potentialAction":[{"@type":"SearchAction","target":{"@type":"EntryPoint","urlTemplate":"https:\/\/www.santjosep.net\/?s={search_term_string}"},"query-input":{"@type":"PropertyValueSpecification","valueRequired":true,"valueName":"search_term_string"}}],"inLanguage":"ca"},{"@type":"Person","@id":"https:\/\/www.santjosep.net\/#\/schema\/person\/b60e56f94e4e55776eb62bf4293f99b6","name":"Sant Josep","image":{"@type":"ImageObject","inLanguage":"ca","@id":"https:\/\/www.santjosep.net\/#\/schema\/person\/image\/","url":"https:\/\/secure.gravatar.com\/avatar\/2f4071817a97d2499c5aae9674ee15015b5a3c7c0974ca84f095a8e4aadcda56?s=96&d=mm&r=g","contentUrl":"https:\/\/secure.gravatar.com\/avatar\/2f4071817a97d2499c5aae9674ee15015b5a3c7c0974ca84f095a8e4aadcda56?s=96&d=mm&r=g","caption":"Sant Josep"},"url":"https:\/\/www.santjosep.net\/ca\/author\/fugrafic\/"}]}},"_links":{"self":[{"href":"https:\/\/www.santjosep.net\/ca\/wp-json\/wp\/v2\/posts\/13046","targetHints":{"allow":["GET"]}}],"collection":[{"href":"https:\/\/www.santjosep.net\/ca\/wp-json\/wp\/v2\/posts"}],"about":[{"href":"https:\/\/www.santjosep.net\/ca\/wp-json\/wp\/v2\/types\/post"}],"author":[{"embeddable":true,"href":"https:\/\/www.santjosep.net\/ca\/wp-json\/wp\/v2\/users\/1"}],"replies":[{"embeddable":true,"href":"https:\/\/www.santjosep.net\/ca\/wp-json\/wp\/v2\/comments?post=13046"}],"version-history":[{"count":0,"href":"https:\/\/www.santjosep.net\/ca\/wp-json\/wp\/v2\/posts\/13046\/revisions"}],"wp:featuredmedia":[{"embeddable":true,"href":"https:\/\/www.santjosep.net\/ca\/wp-json\/wp\/v2\/media\/13048"}],"wp:attachment":[{"href":"https:\/\/www.santjosep.net\/ca\/wp-json\/wp\/v2\/media?parent=13046"}],"wp:term":[{"taxonomy":"category","embeddable":true,"href":"https:\/\/www.santjosep.net\/ca\/wp-json\/wp\/v2\/categories?post=13046"},{"taxonomy":"post_tag","embeddable":true,"href":"https:\/\/www.santjosep.net\/ca\/wp-json\/wp\/v2\/tags?post=13046"}],"curies":[{"name":"wp","href":"https:\/\/api.w.org\/{rel}","templated":true}]}}