{"id":13040,"date":"2014-11-10T17:30:20","date_gmt":"2014-11-10T17:30:20","guid":{"rendered":"https:\/\/www.santjosep.net\/visita-al-parque-natural-de-ses-salines\/"},"modified":"2020-01-22T11:27:09","modified_gmt":"2020-01-22T10:27:09","slug":"visita-al-parc-natural-de-ses-salines","status":"publish","type":"post","link":"https:\/\/www.santjosep.net\/ca\/visita-al-parc-natural-de-ses-salines\/","title":{"rendered":"Visita al Parc Natural de ses Salines"},"content":{"rendered":"<p>Un dels paratges m\u00e9s impressionants d\u2019Eivissa \u00e9s el Parc Natural de ses Salines, situat al sud de l\u2019illa i declarat com a tal l\u2019any 2001. L\u2019activitat d\u2019extracci\u00f3 de sal, duta a terme en aquesta zona des de fa centenars d\u2019anys, ha conformat un paisatge peculiar, una zona humida en la qual hi descansen i nidifiquen nombroses aus en les seves migracions. Incomptables valors ecol\u00f2gics, paisatg\u00edstics, hist\u00f2rics i culturals concentrats en 3.000 hect\u00e0rees terrestres i 13.000 marines.<\/p>\n<p><img decoding=\"async\" class=\"alwaysThinglink\" style=\"max-width: 100%;\" src=\"\/\/cdn.thinglink.me\/api\/image\/588416374880075776\/1024\/10\/scaletowidth#tl-588416374880075776;1043138249'\" alt=\"\" \/><script src=\"\/\/cdn.thinglink.me\/jse\/embed.js\" async=\"\" type=\"text\/javascript\" charset=\"utf-8\"><\/script><\/p>\n<p>El litoral del Parc Natural \u00e9s una perfecta interacci\u00f3 entre els ecosistemes marins i costaners. La posid\u00f2nia oce\u00e0nica de la Reserva va estar declarada Patrimoni de la Humanitat l\u2019any 1999 i definida com a la millor conservada de la conca del Mediterrani. Els fons marins acullen 220 esp\u00e8cies diferents que formen la comunitat marina.<\/p>\n<p>[one_third]<\/p>\n<p>Us deixem un mapa de Google Maps per poder localitzar els punts d\u2019inter\u00e8s dins del Parc Natural de ses Salines d\u2019Eivissa.<\/p>\n<p>[\/one_third]<br \/>\n[two_thirds_last]<iframe loading=\"lazy\" src=\"https:\/\/mapsengine.google.com\/map\/embed?mid=znaHCaX734e8.kdRQQfS5G6lY\" width=\"540\" height=\"320\"><\/iframe> [\/two_thirds_last]<\/p>\n<p>Si voleu visitar el Parc, hi ha 8 llocs imprescindibles que no us podeu perdre per contemplar les millors vistes.<\/p>\n<p>A l\u2019esgl\u00e9sia de Sant Francesc s\u2019ubica el Centre d\u2019Interpretaci\u00f3 de Sant Francesc de ses Salines, on podreu trobar informaci\u00f3 sobre el Parc Natural, exposicions de fotografia i projeccions multim\u00e8dia.<\/p>\n<p>Horario:<\/p>\n<p>A partir del dia 1 de juny fins al 30 de setembre.<\/p>\n<p>Dimecres, dijous, divendres, dissabte i diumenge de 10.00h- 14.00h i de 18.00h- 21.00h.<\/p>\n<p>Dilluns, dimarts i dies festius: tancat.<\/p>\n<h2 id=\"rossa\">1. Torre de Sal Rossa o des carregador<\/h2>\n<p>[one_whole]<div id=\"new-royalslider-1\" class=\"royalSlider new-royalslider-1 rsDefaultInv rs-default-template\" style=\"width:100%;height:533px;;\" data-rs-options='{&quot;template&quot;:&quot;default&quot;,&quot;image_generation&quot;:{&quot;imageWidth&quot;:&quot;&quot;,&quot;imageHeight&quot;:&quot;&quot;,&quot;thumbImageWidth&quot;:&quot;&quot;,&quot;thumbImageHeight&quot;:&quot;&quot;},&quot;thumbs&quot;:{&quot;thumbWidth&quot;:96,&quot;thumbHeight&quot;:72},&quot;autoPlay&quot;:{&quot;delay&quot;:5000},&quot;block&quot;:{&quot;moveOffset&quot;:20,&quot;speed&quot;:400,&quot;delay&quot;:200},&quot;width&quot;:&quot;100%&quot;,&quot;height&quot;:533,&quot;autoScaleSlider&quot;:&quot;true&quot;,&quot;autoScaleSliderHeight&quot;:533,&quot;imageScalePadding&quot;:0,&quot;arrowsNavAutoHide&quot;:&quot;false&quot;,&quot;globalCaption&quot;:&quot;true&quot;}'>\n<div class=\"rsContent\">\n  <img decoding=\"async\" class=\"rsImg\" src=\"https:\/\/www.santjosep.net\/wp-content\/uploads\/2014\/11\/IMG_6095-1024x682.jpg\" alt=\"Torre de Sal Rossa o des carregador\"\/>\n  \n  \n  \n<\/div>\n<div class=\"rsContent\">\n  <img decoding=\"async\" class=\"rsImg\" src=\"https:\/\/www.santjosep.net\/wp-content\/uploads\/2014\/11\/IMG_1177-1024x682.jpg\" alt=\"Torre de Sal Rossa o des carregador\"\/>\n  \n  \n  \n<\/div>\n\n<\/div>\n [\/one_whole]<\/p>\n<p>Una de les joies del Parc Natural \u00e9s aquesta torre de defensa, constru\u00efda al segle XVI per protegir els habitants d\u2019Eivissa dels atacs pirates i la defensa dels carregadors de sal, d\u2019aqu\u00ed ve el nom. Als seus peus, podreu contemplar les t\u00edpiques casetes de pescadors, on resguardaven les seves embarcacions tradicionals, conegudes com a lla\u00fcts. Si pugeu al monticle situat darrere la torre, podreu contemplar unes fant\u00e0stiques vistes de <a href=\"https:\/\/www.santjosep.net\/ca\/veure\/playa-den-bossa\/\">Platja d\u2019en Bossa<\/a>. Quan torneu pel cam\u00ed, a la vostra dreta deixant enrere la torre, \u00e9s imprescindible que visiteu els primers estancs saliners del Parc.<\/p>\n<h2>2. Punt d\u2019inter\u00e8s per a l\u2019observaci\u00f3 d\u2019aus<\/h2>\n<p>[one_whole]<div id=\"new-royalslider-2\" class=\"royalSlider new-royalslider-2 rsDefaultInv rs-default-template\" style=\"width:100%;height:533px;;\" data-rs-options='{&quot;template&quot;:&quot;default&quot;,&quot;image_generation&quot;:{&quot;imageWidth&quot;:&quot;&quot;,&quot;imageHeight&quot;:&quot;&quot;,&quot;thumbImageWidth&quot;:&quot;&quot;,&quot;thumbImageHeight&quot;:&quot;&quot;},&quot;thumbs&quot;:{&quot;thumbWidth&quot;:96,&quot;thumbHeight&quot;:72},&quot;autoPlay&quot;:{&quot;delay&quot;:5000},&quot;block&quot;:{&quot;moveOffset&quot;:20,&quot;speed&quot;:400,&quot;delay&quot;:200},&quot;width&quot;:&quot;100%&quot;,&quot;height&quot;:533,&quot;autoScaleSlider&quot;:&quot;true&quot;,&quot;autoScaleSliderHeight&quot;:533,&quot;imageScaleMode&quot;:&quot;fill&quot;,&quot;imageScalePadding&quot;:0,&quot;arrowsNavAutoHide&quot;:&quot;false&quot;}'>\n<div class=\"rsContent\">\n  <img decoding=\"async\" class=\"rsImg\" src=\"https:\/\/www.santjosep.net\/wp-content\/uploads\/2019\/02\/P1083884-1024x768.jpg\" alt=\"P1083884\"\/>\n  \n  \n  \n<\/div>\n<div class=\"rsContent\">\n  <img decoding=\"async\" class=\"rsImg\" src=\"https:\/\/www.santjosep.net\/wp-content\/uploads\/2019\/02\/P1083826-1024x768.jpg\" alt=\"P1083826\"\/>\n  \n  \n  \n<\/div>\n<div class=\"rsContent\">\n  <img decoding=\"async\" class=\"rsImg\" src=\"https:\/\/www.santjosep.net\/wp-content\/uploads\/2019\/02\/P1083914-1024x768.jpg\" alt=\"P1083914\"\/>\n  \n  \n  \n<\/div>\n<div class=\"rsContent\">\n  <img decoding=\"async\" class=\"rsImg\" src=\"https:\/\/www.santjosep.net\/wp-content\/uploads\/2019\/02\/P1083955-1024x768.jpg\" alt=\"P1083955\"\/>\n  \n  \n  \n<\/div>\n<div class=\"rsContent\">\n  <img decoding=\"async\" class=\"rsImg\" src=\"https:\/\/www.santjosep.net\/wp-content\/uploads\/2014\/11\/IMG_9709-1024x682.jpg\" alt=\"Caseta aves\"\/>\n  \n  \n  \n<\/div>\n\n<\/div>\n [\/one_whole]<\/p>\n<p>Un dels atractius m\u00e9s importants del Parc s\u00f3n els ocells que hi nien. Per aix\u00f2 no us podeu perdre aquesta plataforma, molt ben situada per observar i fotografiar les aus. El flamenc \u00e9s l\u2019au m\u00e9s representativa del Parc. Entre el mes d\u2019agost i l\u2019octubre arriben centenars d\u2019exemplars a passar l\u2019 hivern a l\u2019illa i moltes altres s\u2019aturen al Parc per reposar forces i continuar el seu cam\u00ed a terres m\u00e9s c\u00e0lides, cap al continent afric\u00e0. A m\u00e9s, es poden observar altres esp\u00e8cies, com el corriol camanegre, la cigonya com\u00fa, ard\u00e8ids&#8230;<\/p>\n<h2>3. Cap des Falc\u00f3<\/h2>\n<p>[one_whole]<div id=\"new-royalslider-3\" class=\"royalSlider new-royalslider-3 rsDefaultInv rs-default-template\" style=\"width:100%;height:533px;;\" data-rs-options='{&quot;template&quot;:&quot;default&quot;,&quot;image_generation&quot;:{&quot;imageWidth&quot;:&quot;&quot;,&quot;imageHeight&quot;:&quot;&quot;,&quot;thumbImageWidth&quot;:&quot;&quot;,&quot;thumbImageHeight&quot;:&quot;&quot;},&quot;thumbs&quot;:{&quot;thumbWidth&quot;:96,&quot;thumbHeight&quot;:72},&quot;autoPlay&quot;:{&quot;delay&quot;:5000},&quot;block&quot;:{&quot;moveOffset&quot;:20,&quot;speed&quot;:400,&quot;delay&quot;:200},&quot;width&quot;:&quot;100%&quot;,&quot;height&quot;:533,&quot;autoScaleSlider&quot;:&quot;true&quot;,&quot;autoScaleSliderHeight&quot;:533,&quot;imageScalePadding&quot;:0,&quot;arrowsNavAutoHide&quot;:&quot;false&quot;,&quot;globalCaption&quot;:&quot;true&quot;}'>\n<div class=\"rsContent\">\n  <img decoding=\"async\" class=\"rsImg\" src=\"https:\/\/www.santjosep.net\/wp-content\/uploads\/2014\/11\/capdesfalco_IMG_0198-1024x682.jpg\" alt=\"Cap des Falc\u00f3\"\/>\n  \n  \n  \n<\/div>\n<div class=\"rsContent\">\n  <img decoding=\"async\" class=\"rsImg\" src=\"https:\/\/www.santjosep.net\/wp-content\/uploads\/2014\/11\/IMG_6167-1024x682.jpg\" alt=\"Cap des Falc\u00f3\"\/>\n  \n  \n  \n<\/div>\n<div class=\"rsContent\">\n  <img decoding=\"async\" class=\"rsImg\" src=\"https:\/\/www.santjosep.net\/wp-content\/uploads\/2014\/11\/IMG_9849_4272-x-2848-1024x682.jpg\" alt=\"Cap des Falc\u00f3\"\/>\n  \n  \n  \n<\/div>\n\n<\/div>\n [\/one_whole]<\/p>\n<p>\u00c9s un mass\u00eds costaner situat a ponent del Parc i entre les platges dels C\u00f2dols, al nord. S\u2019hi arriba per un cam\u00ed de terra paral\u00b7lel als estanys i deixant de banda les enormes muntanyes de sal, que s\u00f3n all\u00e0 amb l\u2019objectiu de ser explotades. La seva peculiaritat geogr\u00e0fica \u00e9s que el seu cim s\u2019assembla al cap d\u2019un falc\u00f3. Des del vessant es t\u00e9 una magn\u00edfica vista de la costa, els estanys i la platja <a href=\"https:\/\/www.santjosep.net\/ca\/veure\/playa-des-codolar\/\">des Codolar<\/a>, fins i tot es pot veure una punta de l\u2019illot des Vedr\u00e0 de fons. La zona t\u00e9 un gran valor ecol\u00f2gic, ja que hi habita l\u2019\u00fanica parella reproductora de falc\u00f3 reial i l\u2019\u00fanic exemplar d\u2019\u00e0guila pescadora. En resum, el cap des Falc\u00f3 \u00e9s, sens dubte, un lloc m\u00e0gic des d\u2019 on podreu contemplar unes postes de sol incre\u00efbles.<\/p>\n<h2>4. Platja des Cavallet<\/h2>\n<p>[one_whole]<div id=\"new-royalslider-4\" class=\"royalSlider new-royalslider-4 rsDefaultInv rs-default-template\" style=\"width:100%;height:533px;;\" data-rs-options='{&quot;template&quot;:&quot;default&quot;,&quot;image_generation&quot;:{&quot;imageWidth&quot;:&quot;&quot;,&quot;imageHeight&quot;:&quot;&quot;,&quot;thumbImageWidth&quot;:&quot;&quot;,&quot;thumbImageHeight&quot;:&quot;&quot;},&quot;thumbs&quot;:{&quot;thumbWidth&quot;:96,&quot;thumbHeight&quot;:72},&quot;autoPlay&quot;:{&quot;delay&quot;:5000},&quot;block&quot;:{&quot;moveOffset&quot;:20,&quot;speed&quot;:400,&quot;delay&quot;:200},&quot;width&quot;:&quot;100%&quot;,&quot;height&quot;:533,&quot;autoScaleSlider&quot;:&quot;true&quot;,&quot;autoScaleSliderHeight&quot;:533,&quot;imageScaleMode&quot;:&quot;fill&quot;,&quot;imageScalePadding&quot;:0,&quot;arrowsNavAutoHide&quot;:&quot;false&quot;}'>\n<div class=\"rsContent\">\n  <img decoding=\"async\" class=\"rsImg\" src=\"https:\/\/www.santjosep.net\/wp-content\/uploads\/2019\/02\/P1085473-1024x768.jpg\" alt=\"P1085473\"\/>\n  \n  \n  \n<\/div>\n<div class=\"rsContent\">\n  <img decoding=\"async\" class=\"rsImg\" src=\"https:\/\/www.santjosep.net\/wp-content\/uploads\/2019\/02\/P1085493-1024x768.jpg\" alt=\"P1085493\"\/>\n  \n  \n  \n<\/div>\n<div class=\"rsContent\">\n  <img decoding=\"async\" class=\"rsImg\" src=\"https:\/\/www.santjosep.net\/wp-content\/uploads\/2019\/02\/P1085528-1024x768.jpg\" alt=\"P1085528\"\/>\n  \n  \n  \n<\/div>\n<div class=\"rsContent\">\n  <img decoding=\"async\" class=\"rsImg\" src=\"https:\/\/www.santjosep.net\/wp-content\/uploads\/2019\/02\/P1085505-1024x768.jpg\" alt=\"P1085505\"\/>\n  \n  \n  \n<\/div>\n<div class=\"rsContent\">\n  <img decoding=\"async\" class=\"rsImg\" src=\"https:\/\/www.santjosep.net\/wp-content\/uploads\/2019\/02\/P1085373-1024x768.jpg\" alt=\"P1085373\"\/>\n  \n  \n  \n<\/div>\n\n<\/div>\n [\/one_whole]<\/p>\n<p>Si pugeu a les zones m\u00e9s elevades, al darrere de la Revista, aconseguireu una altra panor\u00e0mica preciosa del Parc, la platja <a href=\"https:\/\/www.santjosep.net\/ca\/veure\/es-cavallet\/\">des Cavallet<\/a>. \u00c9s una platja natural i salvatge, molt llarga, amb aig\u00fces molt netes i un sistema dunar molt valu\u00f3s per preservar la platja i la flora. \u00c9s ideal per passejar per la vora i visitar la torre de ses Portes. Si ho desitgeu, tamb\u00e9 hi podreu anar per un caminet que hi ha just darrere de la platja, al costat dels estanys. La platja des Cavallet \u00e9s una de les primeres platges considerades nudistes d\u2019 Espanya.<\/p>\n<h2>5. Torre de Ses Portes<\/h2>\n<p>[one_whole]<div id=\"new-royalslider-5\" class=\"royalSlider new-royalslider-5 rsDefaultInv rs-default-template\" style=\"width:100%;height:533px;;\" data-rs-options='{&quot;template&quot;:&quot;default&quot;,&quot;image_generation&quot;:{&quot;imageWidth&quot;:&quot;&quot;,&quot;imageHeight&quot;:&quot;&quot;,&quot;thumbImageWidth&quot;:&quot;&quot;,&quot;thumbImageHeight&quot;:&quot;&quot;},&quot;thumbs&quot;:{&quot;thumbWidth&quot;:96,&quot;thumbHeight&quot;:72},&quot;autoPlay&quot;:{&quot;delay&quot;:5000},&quot;block&quot;:{&quot;moveOffset&quot;:20,&quot;speed&quot;:400,&quot;delay&quot;:200},&quot;width&quot;:&quot;100%&quot;,&quot;height&quot;:533,&quot;autoScaleSlider&quot;:&quot;true&quot;,&quot;autoScaleSliderHeight&quot;:533,&quot;imageScalePadding&quot;:0,&quot;arrowsNavAutoHide&quot;:&quot;false&quot;,&quot;globalCaption&quot;:&quot;true&quot;}'>\n<div class=\"rsContent\">\n  <img decoding=\"async\" class=\"rsImg\" src=\"https:\/\/www.santjosep.net\/wp-content\/uploads\/2014\/11\/IMG_9409-1024x682.jpg\" alt=\"Torre de Ses Portes\"\/>\n  \n  \n  \n<\/div>\n<div class=\"rsContent\">\n  <img decoding=\"async\" class=\"rsImg\" src=\"https:\/\/www.santjosep.net\/wp-content\/uploads\/2014\/11\/IMG_9399-1024x682.jpg\" alt=\"Vistas a Formentera\"\/>\n  \n  \n  \n<\/div>\n<div class=\"rsContent\">\n  <img decoding=\"async\" class=\"rsImg\" src=\"https:\/\/www.santjosep.net\/wp-content\/uploads\/2014\/11\/IMG_9378-1024x682.jpg\" alt=\"Torre de Ses Portes\"\/>\n  \n  \n  \n<\/div>\n\n<\/div>\n [\/one_whole]<\/p>\n<p>Aquesta<a href=\"https:\/\/www.santjosep.net\/ca\/torres-de-defensa\/\"> torre de defensa<\/a>, de dues plantes i forma c\u00f2nica que data del segle XVI, es va construir en aquest lloc amb l\u2019artilleria suficient per a la defensa de la pesca. Al costat de la torre constru\u00efda a l\u2019 illot de s\u2019 Espalmador, amb el pas del temps es va convertir en un important punt estrat\u00e8gic, ja que el pas mar\u00edtim entre Eivissa i Formentera i l\u2019entrada de la ciutat d\u2019Eivissa quedaven resguardats dels atacs dels corsaris. Avui dia, des d\u2019aquest tresor arquitect\u00f2nic es tenen unes fant\u00e0stiques vistes de la costa de Formentera i sobre el pas des Freus, l\u2019estret que separa les illes.<\/p>\n<h2>6. Sa Canal<\/h2>\n<p>[one_whole]<div id=\"new-royalslider-6\" class=\"royalSlider new-royalslider-6 rsDefaultInv rs-default-template\" style=\"width:100%;height:533px;;\" data-rs-options='{&quot;template&quot;:&quot;default&quot;,&quot;image_generation&quot;:{&quot;imageWidth&quot;:&quot;&quot;,&quot;imageHeight&quot;:&quot;&quot;,&quot;thumbImageWidth&quot;:&quot;&quot;,&quot;thumbImageHeight&quot;:&quot;&quot;},&quot;thumbs&quot;:{&quot;thumbWidth&quot;:96,&quot;thumbHeight&quot;:72},&quot;autoPlay&quot;:{&quot;delay&quot;:5000},&quot;block&quot;:{&quot;moveOffset&quot;:20,&quot;speed&quot;:400,&quot;delay&quot;:200},&quot;width&quot;:&quot;100%&quot;,&quot;height&quot;:533,&quot;autoScaleSlider&quot;:&quot;true&quot;,&quot;autoScaleSliderHeight&quot;:533,&quot;imageScalePadding&quot;:0,&quot;arrowsNavAutoHide&quot;:&quot;false&quot;,&quot;globalCaption&quot;:&quot;true&quot;}'>\n<div class=\"rsContent\">\n  <img decoding=\"async\" class=\"rsImg\" src=\"https:\/\/www.santjosep.net\/wp-content\/uploads\/2014\/11\/IMG_9815_4193-x-2795-1024x682.jpg\" alt=\"Sa Canal\"\/>\n  \n  \n  \n<\/div>\n<div class=\"rsContent\">\n  <img decoding=\"async\" class=\"rsImg\" src=\"https:\/\/www.santjosep.net\/wp-content\/uploads\/2014\/11\/IMG_2768_4272-x-2848-1024x682.jpg\" alt=\"Ses Salines\"\/>\n  \n  \n  \n<\/div>\n<div class=\"rsContent\">\n  <img decoding=\"async\" class=\"rsImg\" src=\"https:\/\/www.santjosep.net\/wp-content\/uploads\/2014\/11\/sacanal_IMG_6111-1024x682.jpg\" alt=\"Sa Canal\"\/>\n  \n  \n  \n<\/div>\n\n<\/div>\n [\/one_whole]<\/p>\n<p>Es tracta d\u2019un petit nucli poblat situat al final de ses Salines. A l\u2019extrem de la platja hi ha un moll des d\u2019on els vaixells carreguen la sal. A la zona encara es poden apreciar els rails pels quals antany passava un tren que transportava aquest producte cap a l\u2019embarcador. \u00a0Avui dia, es segueix embarcant la sal des de sa Canal per a transportar-la als pa\u00efsos del nord d\u2019Europa, on l\u2019utilitzen per prevenir les gelades als carrers i carreteres.<\/p>\n<h2>7. Sant Francesc de S\u00b4Estany<\/h2>\n<p>[one_whole]<div id=\"new-royalslider-7\" class=\"royalSlider new-royalslider-7 rsDefaultInv rs-default-template\" style=\"width:100%;height:533px;;\" data-rs-options='{&quot;template&quot;:&quot;default&quot;,&quot;image_generation&quot;:{&quot;imageWidth&quot;:&quot;&quot;,&quot;imageHeight&quot;:&quot;&quot;,&quot;thumbImageWidth&quot;:&quot;&quot;,&quot;thumbImageHeight&quot;:&quot;&quot;},&quot;thumbs&quot;:{&quot;thumbWidth&quot;:96,&quot;thumbHeight&quot;:72},&quot;autoPlay&quot;:{&quot;delay&quot;:5000},&quot;block&quot;:{&quot;moveOffset&quot;:20,&quot;speed&quot;:400,&quot;delay&quot;:200},&quot;width&quot;:&quot;100%&quot;,&quot;height&quot;:533,&quot;autoScaleSlider&quot;:&quot;true&quot;,&quot;autoScaleSliderHeight&quot;:533,&quot;imageScalePadding&quot;:0,&quot;arrowsNavAutoHide&quot;:&quot;false&quot;,&quot;globalCaption&quot;:&quot;true&quot;}'>\n<div class=\"rsContent\">\n  <img decoding=\"async\" class=\"rsImg\" src=\"https:\/\/www.santjosep.net\/wp-content\/uploads\/2014\/11\/IMG_6197-1024x682.jpg\" alt=\"Sant Francesc\"\/>\n  \n  \n  \n<\/div>\n<div class=\"rsContent\">\n  <img decoding=\"async\" class=\"rsImg\" src=\"https:\/\/www.santjosep.net\/wp-content\/uploads\/2014\/11\/IMG_0033-1024x682.jpg\" alt=\"Sant Francesc\"\/>\n  \n  \n  \n<\/div>\n<div class=\"rsContent\">\n  <img decoding=\"async\" class=\"rsImg\" src=\"https:\/\/www.santjosep.net\/wp-content\/uploads\/2014\/11\/sessalines_sunset_IMG_1413-1024x682.jpg\" alt=\"Sant Francesc\"\/>\n  \n  \n  \n<\/div>\n<div class=\"rsContent\">\n  <img decoding=\"async\" class=\"rsImg\" src=\"https:\/\/www.santjosep.net\/wp-content\/uploads\/2014\/11\/IMG_6190-1024x682.jpg\" alt=\"Sant Francesc\"\/>\n  \n  \n  \n<\/div>\n<div class=\"rsContent\">\n  <img decoding=\"async\" class=\"rsImg\" src=\"https:\/\/www.santjosep.net\/wp-content\/uploads\/2015\/07\/IMG_9796_4272-x-2848-1024x682.jpg\" alt=\"Ses Salines\"\/>\n  \n  \n  \n<\/div>\n<div class=\"rsContent\">\n  <img decoding=\"async\" class=\"rsImg\" src=\"https:\/\/www.santjosep.net\/wp-content\/uploads\/2015\/07\/IMG_9845_4272-x-28481-1024x682.jpg\" alt=\"Ses Salines\"\/>\n  \n  \n  \n<\/div>\n\n<\/div>\n [\/one_whole]<\/p>\n<p>Aquest poble tan entranyable, situat a la vora de la carretera de ses Salines, est\u00e0 format per una diminuta esgl\u00e9sia (no consagrada) \u00a0i algunes cases. L\u2019esgl\u00e9sia es va construir l\u2019any 1785 amb la finalitat de donar servei lit\u00fargic als treballadors de la ind\u00fastria salinera. En un futur, a l\u2019edifici es t\u00e9 previst ubicar el Centre d\u2019 Interpretaci\u00f3 del Parc Natural de ses Salines. Just darrere de la capella hi ha una est\u00e0tua d\u2019un saliner per homenatjar totes aquelles persones que han contribu\u00eft a la labor d\u2019extreure la sal. Si visiteu <a href=\"https:\/\/www.santjosep.net\/ca\/veure\/sant-francesc-de-sestany\/\">Sant Francesc de s\u2019 Estany<\/a> quan es fa fosc, \u00e9s un moment fant\u00e0stic per contemplar com el sol es pon sobre els estanys amb la figura del saliner com a testimoni.<\/p>\n<h2>8. Muntanyes de sal<\/h2>\n<p>[one_whole]<div id=\"new-royalslider-8\" class=\"royalSlider new-royalslider-8 rsDefaultInv rs-default-template\" style=\"width:100%;height:533px;;\" data-rs-options='{&quot;template&quot;:&quot;default&quot;,&quot;image_generation&quot;:{&quot;imageWidth&quot;:&quot;&quot;,&quot;imageHeight&quot;:&quot;&quot;,&quot;thumbImageWidth&quot;:&quot;&quot;,&quot;thumbImageHeight&quot;:&quot;&quot;},&quot;thumbs&quot;:{&quot;thumbWidth&quot;:96,&quot;thumbHeight&quot;:72},&quot;autoPlay&quot;:{&quot;delay&quot;:5000},&quot;block&quot;:{&quot;moveOffset&quot;:20,&quot;speed&quot;:400,&quot;delay&quot;:200},&quot;width&quot;:&quot;100%&quot;,&quot;height&quot;:533,&quot;autoScaleSlider&quot;:&quot;true&quot;,&quot;autoScaleSliderHeight&quot;:533,&quot;imageScalePadding&quot;:0,&quot;arrowsNavAutoHide&quot;:&quot;false&quot;,&quot;globalCaption&quot;:&quot;true&quot;}'>\n<div class=\"rsContent\">\n  <img decoding=\"async\" class=\"rsImg\" src=\"https:\/\/www.santjosep.net\/wp-content\/uploads\/2014\/11\/IMG_9839_4222-x-2815-1024x682.jpg\" alt=\"Monta\u00f1a de sal\"\/>\n  \n  \n  \n<\/div>\n<div class=\"rsContent\">\n  <img decoding=\"async\" class=\"rsImg\" src=\"https:\/\/www.santjosep.net\/wp-content\/uploads\/2014\/11\/IMG_9786_4272-x-2848-1024x682.jpg\" alt=\"Recogiendo sal\"\/>\n  \n  \n  \n<\/div>\n<div class=\"rsContent\">\n  <img decoding=\"async\" class=\"rsImg\" src=\"https:\/\/www.santjosep.net\/wp-content\/uploads\/2014\/11\/IMG_9846_4272-x-2848-1024x682.jpg\" alt=\"Estanques de Ses Salines Ibiza\"\/>\n  \n  \n  \n<\/div>\n<div class=\"rsContent\">\n  <img decoding=\"async\" class=\"rsImg\" src=\"https:\/\/www.santjosep.net\/wp-content\/uploads\/2014\/11\/IMG_9843_4272-x-2848-1024x682.jpg\" alt=\"Estanques de Ses Salines Ibiza\"\/>\n  \n  \n  \n<\/div>\n\n<\/div>\n [\/one_whole]<\/p>\n<p>En aquesta zona s\u2019extreu sal des dels temps dels fenicis. Tots els pobles que han passat per l\u2019illa han explotat les salines pel seu gran valor econ\u00f2mic i social. Un vertader tresor per conservar els aliments (salament) que fins i tot es va utilitzar com a moneda d\u2019intercanvi en diverses \u00e8poques i civilitzacions, d\u2019aqu\u00ed ve la paraula salari. Actualment a Eivissa s\u2019aconsegueix una sal de gran qualitat, fins i tot es comercialitza com a producte gurmet en m\u00faltiples variants com la flor de sal o granet de sal amb flors.<\/p>\n<h2>9. Ses Salines<\/h2>\n<p>[one_whole]<div id=\"new-royalslider-9\" class=\"royalSlider new-royalslider-9 rsDefaultInv rs-default-template\" style=\"width:100%;height:533px;;\" data-rs-options='{&quot;template&quot;:&quot;default&quot;,&quot;image_generation&quot;:{&quot;imageWidth&quot;:&quot;&quot;,&quot;imageHeight&quot;:&quot;&quot;,&quot;thumbImageWidth&quot;:&quot;&quot;,&quot;thumbImageHeight&quot;:&quot;&quot;},&quot;thumbs&quot;:{&quot;thumbWidth&quot;:96,&quot;thumbHeight&quot;:72},&quot;autoPlay&quot;:{&quot;delay&quot;:5000},&quot;block&quot;:{&quot;moveOffset&quot;:20,&quot;speed&quot;:400,&quot;delay&quot;:200},&quot;width&quot;:&quot;100%&quot;,&quot;height&quot;:533,&quot;autoScaleSlider&quot;:&quot;true&quot;,&quot;autoScaleSliderHeight&quot;:533,&quot;imageScalePadding&quot;:0,&quot;arrowsNavAutoHide&quot;:&quot;false&quot;,&quot;globalCaption&quot;:&quot;true&quot;}'>\n<div class=\"rsContent\">\n  <img decoding=\"async\" class=\"rsImg\" src=\"https:\/\/www.santjosep.net\/wp-content\/uploads\/2014\/11\/sessalines_IMG_9829-1024x682.jpg\" alt=\"Ses Salines\"\/>\n  \n  \n  \n<\/div>\n<div class=\"rsContent\">\n  <img decoding=\"async\" class=\"rsImg\" src=\"https:\/\/www.santjosep.net\/wp-content\/uploads\/2014\/11\/salinas_IMG_6202-1024x682.jpg\" alt=\"Ses Salines\"\/>\n  \n  \n  \n<\/div>\n<div class=\"rsContent\">\n  <img decoding=\"async\" class=\"rsImg\" src=\"https:\/\/www.santjosep.net\/wp-content\/uploads\/2014\/11\/salinas_playas_IMG_9202-1024x682.jpg\" alt=\"Ses Salines Ibiza\"\/>\n  \n  \n  \n<\/div>\n<div class=\"rsContent\">\n  <img decoding=\"async\" class=\"rsImg\" src=\"https:\/\/www.santjosep.net\/wp-content\/uploads\/2014\/11\/salines_SDIM1908-1024x682.jpg\" alt=\"Ses Salines\"\/>\n  \n  \n  \n<\/div>\n\n<\/div>\n [\/one_whole]<\/p>\n<p>\u00c9s una de les platges m\u00e9s visitades i boniques d\u2019Eivissa. Aquesta comen\u00e7a a sa punta de ses Portes i el seu arenal arriba fins a sa Canal. Ses Salines \u00e9s la platja de moda i s\u2019ha tornat molt popular pels seus restaurants, que li aporten un ambient especial. Es tracta d\u2019una platja oberta i de considerable longitud, sorra fina, el mar de color turquesa i un fons mar\u00ed d\u2019escassa profunditat i un pendent suau. Tot aix\u00f2 nom\u00e9s \u00e9s possible gr\u00e0cies a les praderies de posid\u00f2nia oce\u00e0nica, declarades <strong>Patrimoni de la Humanitat<\/strong>. Tot el litoral est\u00e0 rodejat de frondosos boscos de savines, protegits per les dunes blanques i ondulades, modelades per una suau brisa que bufa de mar a terra. Un visita ineludible.<\/p>\n<p>Si voleu m\u00e9s informaci\u00f3 i visites guiades, podeu dirigir-vos a la p\u00e0gina web oficial del Govern Balear. Es realitzen activitats peri\u00f2dicament per visitar el Parc Natural, al seu web podreu trobar l\u2019agenda d\u2019activitats. Si voleu contactar telef\u00f2nicament, truqueu al 971 301 460.<\/p>\n","protected":false},"excerpt":{"rendered":"<p>Un dels paratges m\u00e9s impressionants d\u2019Eivissa \u00e9s el Parc Natural de ses Salines, situat al sud de l\u2019illa i declarat com a tal l\u2019any 2001. L\u2019activitat d\u2019extracci\u00f3 de sal, duta a terme en aquesta zona des de fa centenars d\u2019anys, [&hellip;]<\/p>\n","protected":false},"author":1,"featured_media":13042,"comment_status":"open","ping_status":"open","sticky":false,"template":"","format":"standard","meta":{"_acf_changed":false,"inline_featured_image":false,"footnotes":""},"categories":[205,206],"tags":[],"class_list":["post-13040","post","type-post","status-publish","format-standard","has-post-thumbnail","hentry","category-passejades-ca","category-rutes-ca"],"acf":[],"geo":null,"yoast_head":"<!-- This site is optimized with the Yoast SEO plugin v25.7 - https:\/\/yoast.com\/wordpress\/plugins\/seo\/ -->\n<title>Visita al Parc Natural de ses Salines - Santjosep.net<\/title>\n<meta name=\"robots\" content=\"index, follow, max-snippet:-1, max-image-preview:large, max-video-preview:-1\" \/>\n<link rel=\"canonical\" href=\"https:\/\/www.santjosep.net\/ca\/visita-al-parc-natural-de-ses-salines\/\" \/>\n<meta property=\"og:locale\" content=\"ca_ES\" \/>\n<meta property=\"og:type\" content=\"article\" \/>\n<meta property=\"og:title\" content=\"Visita al Parc Natural de ses Salines - Santjosep.net\" \/>\n<meta property=\"og:description\" content=\"Un dels paratges m\u00e9s impressionants d\u2019Eivissa \u00e9s el Parc Natural de ses Salines, situat al sud de l\u2019illa i declarat com a tal l\u2019any 2001. L\u2019activitat d\u2019extracci\u00f3 de sal, duta a terme en aquesta zona des de fa centenars d\u2019anys, [&hellip;]\" \/>\n<meta property=\"og:url\" content=\"https:\/\/www.santjosep.net\/ca\/visita-al-parc-natural-de-ses-salines\/\" \/>\n<meta property=\"og:site_name\" content=\"Santjosep.net\" \/>\n<meta property=\"article:published_time\" content=\"2014-11-10T17:30:20+00:00\" \/>\n<meta property=\"article:modified_time\" content=\"2020-01-22T10:27:09+00:00\" \/>\n<meta property=\"og:image\" content=\"https:\/\/www.santjosep.net\/wp-content\/uploads\/2014\/11\/sessalinesparque_IMG_9843.jpg\" \/>\n\t<meta property=\"og:image:width\" content=\"1200\" \/>\n\t<meta property=\"og:image:height\" content=\"800\" \/>\n\t<meta property=\"og:image:type\" content=\"image\/jpeg\" \/>\n<meta name=\"author\" content=\"Sant Josep\" \/>\n<meta name=\"twitter:card\" content=\"summary_large_image\" \/>\n<meta name=\"twitter:label1\" content=\"Escrit per\" \/>\n\t<meta name=\"twitter:data1\" content=\"Sant Josep\" \/>\n\t<meta name=\"twitter:label2\" content=\"Temps estimat de lectura\" \/>\n\t<meta name=\"twitter:data2\" content=\"7 minuts\" \/>\n<script type=\"application\/ld+json\" class=\"yoast-schema-graph\">{\"@context\":\"https:\/\/schema.org\",\"@graph\":[{\"@type\":\"WebPage\",\"@id\":\"https:\/\/www.santjosep.net\/ca\/visita-al-parc-natural-de-ses-salines\/\",\"url\":\"https:\/\/www.santjosep.net\/ca\/visita-al-parc-natural-de-ses-salines\/\",\"name\":\"Visita al Parc Natural de ses Salines - Santjosep.net\",\"isPartOf\":{\"@id\":\"https:\/\/www.santjosep.net\/#website\"},\"primaryImageOfPage\":{\"@id\":\"https:\/\/www.santjosep.net\/ca\/visita-al-parc-natural-de-ses-salines\/#primaryimage\"},\"image\":{\"@id\":\"https:\/\/www.santjosep.net\/ca\/visita-al-parc-natural-de-ses-salines\/#primaryimage\"},\"thumbnailUrl\":\"https:\/\/www.santjosep.net\/wp-content\/uploads\/2014\/11\/sessalinesparque_IMG_9843.jpg\",\"datePublished\":\"2014-11-10T17:30:20+00:00\",\"dateModified\":\"2020-01-22T10:27:09+00:00\",\"author\":{\"@id\":\"https:\/\/www.santjosep.net\/#\/schema\/person\/b60e56f94e4e55776eb62bf4293f99b6\"},\"inLanguage\":\"ca\",\"potentialAction\":[{\"@type\":\"ReadAction\",\"target\":[\"https:\/\/www.santjosep.net\/ca\/visita-al-parc-natural-de-ses-salines\/\"]}]},{\"@type\":\"ImageObject\",\"inLanguage\":\"ca\",\"@id\":\"https:\/\/www.santjosep.net\/ca\/visita-al-parc-natural-de-ses-salines\/#primaryimage\",\"url\":\"https:\/\/www.santjosep.net\/wp-content\/uploads\/2014\/11\/sessalinesparque_IMG_9843.jpg\",\"contentUrl\":\"https:\/\/www.santjosep.net\/wp-content\/uploads\/2014\/11\/sessalinesparque_IMG_9843.jpg\",\"width\":1200,\"height\":800},{\"@type\":\"WebSite\",\"@id\":\"https:\/\/www.santjosep.net\/#website\",\"url\":\"https:\/\/www.santjosep.net\/\",\"name\":\"Santjosep.net\",\"description\":\"\",\"potentialAction\":[{\"@type\":\"SearchAction\",\"target\":{\"@type\":\"EntryPoint\",\"urlTemplate\":\"https:\/\/www.santjosep.net\/?s={search_term_string}\"},\"query-input\":{\"@type\":\"PropertyValueSpecification\",\"valueRequired\":true,\"valueName\":\"search_term_string\"}}],\"inLanguage\":\"ca\"},{\"@type\":\"Person\",\"@id\":\"https:\/\/www.santjosep.net\/#\/schema\/person\/b60e56f94e4e55776eb62bf4293f99b6\",\"name\":\"Sant Josep\",\"image\":{\"@type\":\"ImageObject\",\"inLanguage\":\"ca\",\"@id\":\"https:\/\/www.santjosep.net\/#\/schema\/person\/image\/\",\"url\":\"https:\/\/secure.gravatar.com\/avatar\/2f4071817a97d2499c5aae9674ee15015b5a3c7c0974ca84f095a8e4aadcda56?s=96&d=mm&r=g\",\"contentUrl\":\"https:\/\/secure.gravatar.com\/avatar\/2f4071817a97d2499c5aae9674ee15015b5a3c7c0974ca84f095a8e4aadcda56?s=96&d=mm&r=g\",\"caption\":\"Sant Josep\"},\"url\":\"https:\/\/www.santjosep.net\/ca\/author\/fugrafic\/\"}]}<\/script>\n<!-- \/ Yoast SEO plugin. -->","yoast_head_json":{"title":"Visita al Parc Natural de ses Salines - Santjosep.net","robots":{"index":"index","follow":"follow","max-snippet":"max-snippet:-1","max-image-preview":"max-image-preview:large","max-video-preview":"max-video-preview:-1"},"canonical":"https:\/\/www.santjosep.net\/ca\/visita-al-parc-natural-de-ses-salines\/","og_locale":"ca_ES","og_type":"article","og_title":"Visita al Parc Natural de ses Salines - Santjosep.net","og_description":"Un dels paratges m\u00e9s impressionants d\u2019Eivissa \u00e9s el Parc Natural de ses Salines, situat al sud de l\u2019illa i declarat com a tal l\u2019any 2001. L\u2019activitat d\u2019extracci\u00f3 de sal, duta a terme en aquesta zona des de fa centenars d\u2019anys, [&hellip;]","og_url":"https:\/\/www.santjosep.net\/ca\/visita-al-parc-natural-de-ses-salines\/","og_site_name":"Santjosep.net","article_published_time":"2014-11-10T17:30:20+00:00","article_modified_time":"2020-01-22T10:27:09+00:00","og_image":[{"width":1200,"height":800,"url":"https:\/\/www.santjosep.net\/wp-content\/uploads\/2014\/11\/sessalinesparque_IMG_9843.jpg","type":"image\/jpeg"}],"author":"Sant Josep","twitter_card":"summary_large_image","twitter_misc":{"Escrit per":"Sant Josep","Temps estimat de lectura":"7 minuts"},"schema":{"@context":"https:\/\/schema.org","@graph":[{"@type":"WebPage","@id":"https:\/\/www.santjosep.net\/ca\/visita-al-parc-natural-de-ses-salines\/","url":"https:\/\/www.santjosep.net\/ca\/visita-al-parc-natural-de-ses-salines\/","name":"Visita al Parc Natural de ses Salines - Santjosep.net","isPartOf":{"@id":"https:\/\/www.santjosep.net\/#website"},"primaryImageOfPage":{"@id":"https:\/\/www.santjosep.net\/ca\/visita-al-parc-natural-de-ses-salines\/#primaryimage"},"image":{"@id":"https:\/\/www.santjosep.net\/ca\/visita-al-parc-natural-de-ses-salines\/#primaryimage"},"thumbnailUrl":"https:\/\/www.santjosep.net\/wp-content\/uploads\/2014\/11\/sessalinesparque_IMG_9843.jpg","datePublished":"2014-11-10T17:30:20+00:00","dateModified":"2020-01-22T10:27:09+00:00","author":{"@id":"https:\/\/www.santjosep.net\/#\/schema\/person\/b60e56f94e4e55776eb62bf4293f99b6"},"inLanguage":"ca","potentialAction":[{"@type":"ReadAction","target":["https:\/\/www.santjosep.net\/ca\/visita-al-parc-natural-de-ses-salines\/"]}]},{"@type":"ImageObject","inLanguage":"ca","@id":"https:\/\/www.santjosep.net\/ca\/visita-al-parc-natural-de-ses-salines\/#primaryimage","url":"https:\/\/www.santjosep.net\/wp-content\/uploads\/2014\/11\/sessalinesparque_IMG_9843.jpg","contentUrl":"https:\/\/www.santjosep.net\/wp-content\/uploads\/2014\/11\/sessalinesparque_IMG_9843.jpg","width":1200,"height":800},{"@type":"WebSite","@id":"https:\/\/www.santjosep.net\/#website","url":"https:\/\/www.santjosep.net\/","name":"Santjosep.net","description":"","potentialAction":[{"@type":"SearchAction","target":{"@type":"EntryPoint","urlTemplate":"https:\/\/www.santjosep.net\/?s={search_term_string}"},"query-input":{"@type":"PropertyValueSpecification","valueRequired":true,"valueName":"search_term_string"}}],"inLanguage":"ca"},{"@type":"Person","@id":"https:\/\/www.santjosep.net\/#\/schema\/person\/b60e56f94e4e55776eb62bf4293f99b6","name":"Sant Josep","image":{"@type":"ImageObject","inLanguage":"ca","@id":"https:\/\/www.santjosep.net\/#\/schema\/person\/image\/","url":"https:\/\/secure.gravatar.com\/avatar\/2f4071817a97d2499c5aae9674ee15015b5a3c7c0974ca84f095a8e4aadcda56?s=96&d=mm&r=g","contentUrl":"https:\/\/secure.gravatar.com\/avatar\/2f4071817a97d2499c5aae9674ee15015b5a3c7c0974ca84f095a8e4aadcda56?s=96&d=mm&r=g","caption":"Sant Josep"},"url":"https:\/\/www.santjosep.net\/ca\/author\/fugrafic\/"}]}},"_links":{"self":[{"href":"https:\/\/www.santjosep.net\/ca\/wp-json\/wp\/v2\/posts\/13040","targetHints":{"allow":["GET"]}}],"collection":[{"href":"https:\/\/www.santjosep.net\/ca\/wp-json\/wp\/v2\/posts"}],"about":[{"href":"https:\/\/www.santjosep.net\/ca\/wp-json\/wp\/v2\/types\/post"}],"author":[{"embeddable":true,"href":"https:\/\/www.santjosep.net\/ca\/wp-json\/wp\/v2\/users\/1"}],"replies":[{"embeddable":true,"href":"https:\/\/www.santjosep.net\/ca\/wp-json\/wp\/v2\/comments?post=13040"}],"version-history":[{"count":0,"href":"https:\/\/www.santjosep.net\/ca\/wp-json\/wp\/v2\/posts\/13040\/revisions"}],"wp:featuredmedia":[{"embeddable":true,"href":"https:\/\/www.santjosep.net\/ca\/wp-json\/wp\/v2\/media\/13042"}],"wp:attachment":[{"href":"https:\/\/www.santjosep.net\/ca\/wp-json\/wp\/v2\/media?parent=13040"}],"wp:term":[{"taxonomy":"category","embeddable":true,"href":"https:\/\/www.santjosep.net\/ca\/wp-json\/wp\/v2\/categories?post=13040"},{"taxonomy":"post_tag","embeddable":true,"href":"https:\/\/www.santjosep.net\/ca\/wp-json\/wp\/v2\/tags?post=13040"}],"curies":[{"name":"wp","href":"https:\/\/api.w.org\/{rel}","templated":true}]}}