{"id":13035,"date":"2014-12-03T11:43:33","date_gmt":"2014-12-03T11:43:33","guid":{"rendered":"https:\/\/www.santjosep.net\/descubre-las-torres-de-defensa-de-sant-josep-en-ibiza\/"},"modified":"2020-01-22T11:27:03","modified_gmt":"2020-01-22T10:27:03","slug":"descobriu-las-torres-de-defensa-de-sant-josep-eivissa","status":"publish","type":"post","link":"https:\/\/www.santjosep.net\/ca\/descobriu-las-torres-de-defensa-de-sant-josep-eivissa\/","title":{"rendered":"Descobriu les torres de defensa de Sant Josep, Eivissa"},"content":{"rendered":"<p>S\u00f3n molts els vestigis arquitect\u00f2nics del passat que es troben avui dia al paisatge eivissenc. Un dels que m\u00e9s criden l\u2019atenci\u00f3 s\u00f3n les torres de defensa que encara es mantenen en peus a les costes eivissenques. S\u00f3n un total de set torres costaneres a la Piti\u00fcsa major, quatre de les quals es troben al municipi de Sant Josep de sa Talaia.<\/p>\n<p>Aquestes torres es varen construir entre els segles XVI i XVIII amb l\u2019objectiu de protegir \u00a0la poblaci\u00f3 eivissenca de les anades i vingudes de pirates, turcs i m\u00e9s tard tropes angleses, franceses i holandeses. Les torres en varen situar a llocs alts de l\u2019illa, a prop de platges on era probable que els enemics desembarquessin. A m\u00e9s, es complementaven amb altres llocs de vigil\u00e0ncia, situats a talaies properes i fortificacions de l\u2019interior de l\u2019illa, per establir una xarxa \u00a0de comunicaci\u00f3 en la qual es mantenien en contacte amb la poblaci\u00f3 i els avisaven dels possibles atacs perqu\u00e8 es refugiessin, ja fos fent sonar un corn com amb fum i foc.<\/p>\n<p><a title=\"Sant Josep\" href=\"\/?page_id=973\">Sant Josep de Sa Talaia<\/a> destaca per concentrar gran part de les torres que segueixen en peu i en bon estat de conservaci\u00f3. Avui dia, aquestes torres gaudeixen d\u2019una ubicaci\u00f3 privilegiada, aix\u00ed que val la pena fer un visita per contemplar-ne les vistes i apropar-se a la hist\u00f2ria eivissenca.<\/p>\n<h2>Torre d\u2019en Rovira<\/h2>\n<div id=\"new-royalslider-12\" class=\"royalSlider new-royalslider-12 rsDefaultInv rs-default-template\" style=\"width:100%;height:533px;;\" data-rs-options='{&quot;template&quot;:&quot;default&quot;,&quot;image_generation&quot;:{&quot;imageWidth&quot;:&quot;&quot;,&quot;imageHeight&quot;:&quot;&quot;,&quot;thumbImageWidth&quot;:&quot;&quot;,&quot;thumbImageHeight&quot;:&quot;&quot;},&quot;thumbs&quot;:{&quot;thumbWidth&quot;:96,&quot;thumbHeight&quot;:72},&quot;autoPlay&quot;:{&quot;delay&quot;:5000},&quot;fullscreen&quot;:{&quot;enabled&quot;:&quot;true&quot;},&quot;block&quot;:{&quot;moveOffset&quot;:20,&quot;speed&quot;:400,&quot;delay&quot;:200},&quot;width&quot;:&quot;100%&quot;,&quot;height&quot;:533,&quot;autoScaleSlider&quot;:&quot;true&quot;,&quot;autoScaleSliderHeight&quot;:533,&quot;imageScalePadding&quot;:0,&quot;arrowsNavAutoHide&quot;:&quot;false&quot;}'>\n<div class=\"rsContent\">\n  <img decoding=\"async\" class=\"rsImg\" src=\"https:\/\/www.santjosep.net\/wp-content\/uploads\/2014\/12\/rovira_IMG_2725-1024x682.jpg\" data-rsBigImg=\"https:\/\/www.santjosep.net\/wp-content\/uploads\/2014\/12\/rovira_IMG_2725.jpg\" alt=\"rovira_IMG_2725\"\/>\n  \n  \n  \n<\/div>\n<div class=\"rsContent\">\n  <img decoding=\"async\" class=\"rsImg\" src=\"https:\/\/www.santjosep.net\/wp-content\/uploads\/2014\/12\/rovira_IMG_9593-1024x768.jpg\" data-rsBigImg=\"https:\/\/www.santjosep.net\/wp-content\/uploads\/2014\/12\/rovira_IMG_9593.jpg\" alt=\"rovira_IMG_9593\"\/>\n  \n  \n  \n<\/div>\n<div class=\"rsContent\">\n  <img decoding=\"async\" class=\"rsImg\" src=\"https:\/\/www.santjosep.net\/wp-content\/uploads\/2014\/12\/rpvira_IMG_4777-1024x682.jpg\" data-rsBigImg=\"https:\/\/www.santjosep.net\/wp-content\/uploads\/2014\/12\/rpvira_IMG_4777.jpg\" alt=\"rpvira_IMG_4777\"\/>\n  \n  \n  \n<\/div>\n\n<\/div>\n\n<p>[su_row] \u00a0 \u00a0[\/su_row]<\/p>\n<p>Es tracta d\u2019un torre de defensa costanera edificada a la punta d\u2019en Rovira, a la zona de ses Roques Males davant l\u2019illa de sa Conillera, en un lloc que es pot considerar com l\u2019extrem de ponent de la badia de Portmany. La principal difer\u00e8ncia d\u2019aquesta torre respecte a les altres \u00e9s que \u00e9s de primera categoria, \u00e9s a dir, \u00e9s de les que tenen m\u00e9s al\u00e7ada i di\u00e0metre, per\u00f2 conservant les proporcions. Constru\u00efda l\u2019any 1763, \u00e9s un edifici troncoc\u00f2nic \u00a0i gaudeix d\u2019unes espectaculars vistes a l\u2019illot de Ponent i a la badia de Portmany, cap a l\u2019altra direcci\u00f3. Aquesta torre, de f\u00e0cil acc\u00e9s, es troba a l\u2019est de les platges de Comte i era un punt vital de vigil\u00e0ncia del port de Sant Antoni.<\/p>\n<h2>Torre des Savinar<\/h2>\n<div id=\"new-royalslider-13\" class=\"royalSlider new-royalslider-13 rsDefaultInv rs-default-template\" style=\"width:100%;height:533px;;\" data-rs-options='{&quot;template&quot;:&quot;default&quot;,&quot;image_generation&quot;:{&quot;imageWidth&quot;:&quot;&quot;,&quot;imageHeight&quot;:&quot;&quot;,&quot;thumbImageWidth&quot;:&quot;&quot;,&quot;thumbImageHeight&quot;:&quot;&quot;},&quot;thumbs&quot;:{&quot;thumbWidth&quot;:96,&quot;thumbHeight&quot;:72},&quot;autoPlay&quot;:{&quot;delay&quot;:5000},&quot;fullscreen&quot;:{&quot;enabled&quot;:&quot;true&quot;},&quot;block&quot;:{&quot;moveOffset&quot;:20,&quot;speed&quot;:400,&quot;delay&quot;:200},&quot;width&quot;:&quot;100%&quot;,&quot;height&quot;:533,&quot;autoScaleSlider&quot;:&quot;true&quot;,&quot;autoScaleSliderHeight&quot;:533,&quot;imageScalePadding&quot;:0,&quot;arrowsNavAutoHide&quot;:&quot;false&quot;}'>\n<div class=\"rsContent\">\n  <img decoding=\"async\" class=\"rsImg\" src=\"https:\/\/www.santjosep.net\/wp-content\/uploads\/2014\/12\/essavinar_IMG_1954-1024x682.jpg\" data-rsBigImg=\"https:\/\/www.santjosep.net\/wp-content\/uploads\/2014\/12\/essavinar_IMG_1954.jpg\" alt=\"essavinar_IMG_1954\"\/>\n  \n  \n  \n<\/div>\n<div class=\"rsContent\">\n  <img decoding=\"async\" class=\"rsImg\" src=\"https:\/\/www.santjosep.net\/wp-content\/uploads\/2014\/12\/essavinar_SDIM0357-1024x682.jpg\" data-rsBigImg=\"https:\/\/www.santjosep.net\/wp-content\/uploads\/2014\/12\/essavinar_SDIM0357.jpg\" alt=\"essavinar_SDIM0357\"\/>\n  \n  \n  \n<\/div>\n<div class=\"rsContent\">\n  <img decoding=\"async\" class=\"rsImg\" src=\"https:\/\/www.santjosep.net\/wp-content\/uploads\/2014\/12\/essavinar_SDIM0382-1024x682.jpg\" data-rsBigImg=\"https:\/\/www.santjosep.net\/wp-content\/uploads\/2014\/12\/essavinar_SDIM0382.jpg\" alt=\"essavinar_SDIM0382\"\/>\n  \n  \n  \n<\/div>\n<div class=\"rsContent\">\n  <img decoding=\"async\" class=\"rsImg\" src=\"https:\/\/www.santjosep.net\/wp-content\/uploads\/2014\/12\/SDIM0350-1024x682.jpg\" data-rsBigImg=\"https:\/\/www.santjosep.net\/wp-content\/uploads\/2014\/12\/SDIM0350.jpg\" alt=\"SDIM0350\"\/>\n  \n  \n  \n<\/div>\n<div class=\"rsContent\">\n  <img decoding=\"async\" class=\"rsImg\" src=\"https:\/\/www.santjosep.net\/wp-content\/uploads\/2015\/10\/IMG_57081-1024x682.jpg\" data-rsBigImg=\"https:\/\/www.santjosep.net\/wp-content\/uploads\/2015\/10\/IMG_57081.jpg\" alt=\"IMG_5708\"\/>\n  \n  \n  \n<\/div>\n\n<\/div>\n\n<p>[su_row] \u00a0 \u00a0[\/su_row]<\/p>\n<p>Aquesta torre de vigil\u00e0ncia tamb\u00e9 \u00e9s coneguda com la torre del Pirata. Va ser la protagonista a la c\u00e8lebre novel\u00b7la \u00a0de l\u2019escriptor valenci\u00e0 Vicente Blasco Ib\u00e1\u00f1ez <i>Los muertos mandan<\/i>, ambientada a la vida rural eivissenca de principi del segle XIX. \u00c9s probablement la torre \u00a0m\u00e9s fotografiada gr\u00e0cies a la seva elevada posici\u00f3 i a les fant\u00e0stiques vistes que t\u00e9 de l\u2019 illot des Vedr\u00e0. Aquesta s\u2019ubica als penya-segats al sud de <a href=\"https:\/\/www.santjosep.net\/ca\/veure\/cala-dhort\/\">Cala d\u2019Hor<\/a>t, en plena Reserva Natural de Cala d\u2019Hort i es tracta d\u2019una de les poques que es poden visitar a l\u2019interior.<\/p>\n<h2>Torre de sa Sal Rossa o des Carregador<\/h2>\n<h3><span style=\"font-size: 13px;\"><div id=\"new-royalslider-11\" class=\"royalSlider new-royalslider-11 rsDefaultInv rs-default-template\" style=\"width:100%;height:533px;;\" data-rs-options='{&quot;template&quot;:&quot;default&quot;,&quot;image_generation&quot;:{&quot;imageWidth&quot;:&quot;&quot;,&quot;imageHeight&quot;:&quot;&quot;,&quot;thumbImageWidth&quot;:&quot;&quot;,&quot;thumbImageHeight&quot;:&quot;&quot;},&quot;thumbs&quot;:{&quot;thumbWidth&quot;:96,&quot;thumbHeight&quot;:72},&quot;autoPlay&quot;:{&quot;delay&quot;:5000},&quot;fullscreen&quot;:{&quot;enabled&quot;:&quot;true&quot;},&quot;block&quot;:{&quot;moveOffset&quot;:20,&quot;speed&quot;:400,&quot;delay&quot;:200},&quot;width&quot;:&quot;100%&quot;,&quot;height&quot;:533,&quot;autoScaleSlider&quot;:&quot;true&quot;,&quot;autoScaleSliderHeight&quot;:533,&quot;imageScalePadding&quot;:0,&quot;arrowsNavAutoHide&quot;:&quot;false&quot;}'>\n<div class=\"rsContent\">\n  <img decoding=\"async\" class=\"rsImg\" src=\"https:\/\/www.santjosep.net\/wp-content\/uploads\/2014\/12\/sasalrossa_IMG_11651-1024x682.jpg\" data-rsBigImg=\"https:\/\/www.santjosep.net\/wp-content\/uploads\/2014\/12\/sasalrossa_IMG_11651.jpg\" alt=\"sasalrossa_IMG_1165\"\/>\n  \n  \n  \n<\/div>\n<div class=\"rsContent\">\n  <img decoding=\"async\" class=\"rsImg\" src=\"https:\/\/www.santjosep.net\/wp-content\/uploads\/2014\/12\/sasalrossa_IMG_11761.jpg\" data-rsBigImg=\"https:\/\/www.santjosep.net\/wp-content\/uploads\/2014\/12\/sasalrossa_IMG_11761.jpg\" alt=\"sasalrossa_IMG_1176\"\/>\n  \n  \n  \n<\/div>\n<div class=\"rsContent\">\n  <img decoding=\"async\" class=\"rsImg\" src=\"https:\/\/www.santjosep.net\/wp-content\/uploads\/2014\/12\/sasalrossa_IMG_11771-1024x682.jpg\" data-rsBigImg=\"https:\/\/www.santjosep.net\/wp-content\/uploads\/2014\/12\/sasalrossa_IMG_11771.jpg\" alt=\"sasalrossa_IMG_1177\"\/>\n  \n  \n  \n<\/div>\n<div class=\"rsContent\">\n  <img decoding=\"async\" class=\"rsImg\" src=\"https:\/\/www.santjosep.net\/wp-content\/uploads\/2014\/12\/sasalrossa_IMG_11821-682x1024.jpg\" data-rsBigImg=\"https:\/\/www.santjosep.net\/wp-content\/uploads\/2014\/12\/sasalrossa_IMG_11821.jpg\" alt=\"sasalrossa_IMG_1182\"\/>\n  \n  \n  \n<\/div>\n<div class=\"rsContent\">\n  <img decoding=\"async\" class=\"rsImg\" src=\"https:\/\/www.santjosep.net\/wp-content\/uploads\/2014\/12\/sasalrossa_IMG_60761-682x1024.jpg\" data-rsBigImg=\"https:\/\/www.santjosep.net\/wp-content\/uploads\/2014\/12\/sasalrossa_IMG_60761.jpg\" alt=\"sasalrossa_IMG_6076\"\/>\n  \n  \n  \n<\/div>\n<div class=\"rsContent\">\n  <img decoding=\"async\" class=\"rsImg\" src=\"https:\/\/www.santjosep.net\/wp-content\/uploads\/2014\/12\/sasalrossa_IMG_60951-1024x682.jpg\" data-rsBigImg=\"https:\/\/www.santjosep.net\/wp-content\/uploads\/2014\/12\/sasalrossa_IMG_60951.jpg\" alt=\"sasalrossa_IMG_6095\"\/>\n  \n  \n  \n<\/div>\n\n<\/div>\n<\/span><\/h3>\n<p>[su_row] \u00a0 \u00a0[\/su_row]<\/p>\n<p>Es tracta d\u2019un dels tresors arquitect\u00f2nics del <strong>Parc Natural de ses Salines<\/strong>. Es va construir el segle XVI per protegir els habitants d\u2019Eivissa i els treballadors dels possibles saquejos dels pirates turcs i barbarescos. At\u00e8s que en aquella \u00e8poca la sal era la principal riquesa de l\u2019illa, aix\u00f2 era ben com\u00fa. Sa Sal Rossa era l\u2019\u00fanica torre de vigil\u00e0ncia que tenia un \u00fas civil i disposava d\u2019un habitacle de gran capacitat interior que permetia acollir unes 200 persones. Situada al sud de Platja d\u2019en Bossa i al l\u00edmit del Parc Natural, \u00e9s una de les m\u00e9s antigues. La primera not\u00edcia que es t\u00e9 de la torre es troba a una carta del rei al governador datada de l\u2019any 1575. Als seus peus, podeu contemplar les t\u00edpiques casetes dels pescadors de la zona, que protegeixen les embarcacions tradicionals, conegudes com a lla\u00fcts. Si pugeu al monticle situat al darrere de la torre, podreu contemplar unes fant\u00e0stiques vistes de Platja d\u2019en Bossa. Quan deixeu enrere la torre, a la vostra dreta, tindreu l\u2019oportunitat de visitar els primers estanys saliners del Parc.<\/p>\n<h2>Torre de ses Portes<\/h2>\n<div id=\"new-royalslider-5\" class=\"royalSlider new-royalslider-5 rsDefaultInv rs-default-template\" style=\"width:100%;height:533px;;\" data-rs-options='{&quot;template&quot;:&quot;default&quot;,&quot;image_generation&quot;:{&quot;imageWidth&quot;:&quot;&quot;,&quot;imageHeight&quot;:&quot;&quot;,&quot;thumbImageWidth&quot;:&quot;&quot;,&quot;thumbImageHeight&quot;:&quot;&quot;},&quot;thumbs&quot;:{&quot;thumbWidth&quot;:96,&quot;thumbHeight&quot;:72},&quot;autoPlay&quot;:{&quot;delay&quot;:5000},&quot;block&quot;:{&quot;moveOffset&quot;:20,&quot;speed&quot;:400,&quot;delay&quot;:200},&quot;width&quot;:&quot;100%&quot;,&quot;height&quot;:533,&quot;autoScaleSlider&quot;:&quot;true&quot;,&quot;autoScaleSliderHeight&quot;:533,&quot;imageScalePadding&quot;:0,&quot;arrowsNavAutoHide&quot;:&quot;false&quot;,&quot;globalCaption&quot;:&quot;true&quot;}'>\n<div class=\"rsContent\">\n  <img decoding=\"async\" class=\"rsImg\" src=\"https:\/\/www.santjosep.net\/wp-content\/uploads\/2014\/11\/IMG_9409-1024x682.jpg\" alt=\"Torre de Ses Portes\"\/>\n  \n  \n  \n<\/div>\n<div class=\"rsContent\">\n  <img decoding=\"async\" class=\"rsImg\" src=\"https:\/\/www.santjosep.net\/wp-content\/uploads\/2014\/11\/IMG_9399-1024x682.jpg\" alt=\"Vistas a Formentera\"\/>\n  \n  \n  \n<\/div>\n<div class=\"rsContent\">\n  <img decoding=\"async\" class=\"rsImg\" src=\"https:\/\/www.santjosep.net\/wp-content\/uploads\/2014\/11\/IMG_9378-1024x682.jpg\" alt=\"Torre de Ses Portes\"\/>\n  \n  \n  \n<\/div>\n\n<\/div>\n\n<p>[su_row] \u00a0 \u00a0[\/su_row]<\/p>\n<p>M\u00e9s al sud, entre la platja de <a href=\"https:\/\/www.santjosep.net\/ca\/natura\/ses-salines-deivissa-i-formentera\/\">ses Salines<\/a> i <a href=\"https:\/\/www.santjosep.net\/ca\/veure\/es-cavallet\/\">es Cavallet<\/a>, hi ha la torre de ses Portes, que es caracteritza per ser m\u00e9s esvelta que la resta. Antigament, el seu objectiu era protegir el desaparegut poblat de pescadors i ara en l\u2019actualitat encara queden les casetes. \u00c9s un lloc id\u00edl\u00b7lic per visitar amb espectaculars vistes a Formentera. Aquesta torre de defensa, de dues plantes i de forma c\u00f2nica que data del segle XVI, es va construir en aquest lloc amb l\u2019artilleria suficient per pescar. Al costat de la torre constru\u00efda a l\u2019illot de s\u2019 Espalmador, amb el temps es va convertir en un important punt estrat\u00e8gic, ja que el pas mar\u00edtim entre Eivissa i Formentera i l\u2019entrada de la ciutat d\u2019Eivissa quedaven resguardats dels atacs dels corsaris. Avui dia, des d\u2019aquest tresor arquitect\u00f2nic es tenen unes fant\u00e0stiques vistes de la costa de Formentera i sobre el pas des Freus, l\u2019estret que separa les illes.<\/p>\n","protected":false},"excerpt":{"rendered":"<p>S\u00f3n molts els vestigis arquitect\u00f2nics del passat que es troben avui dia al paisatge eivissenc. Un dels que m\u00e9s criden l\u2019atenci\u00f3 s\u00f3n les torres de defensa que encara es mantenen en peus a les costes eivissenques. S\u00f3n un total de [&hellip;]<\/p>\n","protected":false},"author":1,"featured_media":13037,"comment_status":"open","ping_status":"open","sticky":false,"template":"","format":"standard","meta":{"_acf_changed":false,"inline_featured_image":false,"footnotes":""},"categories":[206,207],"tags":[],"class_list":["post-13035","post","type-post","status-publish","format-standard","has-post-thumbnail","hentry","category-rutes-ca","category-zones-ca"],"acf":[],"geo":null,"yoast_head":"<!-- This site is optimized with the Yoast SEO plugin v25.7 - https:\/\/yoast.com\/wordpress\/plugins\/seo\/ -->\n<title>Descobriu les torres de defensa de Sant Josep, Eivissa - Santjosep.net<\/title>\n<meta name=\"robots\" content=\"index, follow, max-snippet:-1, max-image-preview:large, max-video-preview:-1\" \/>\n<link rel=\"canonical\" href=\"https:\/\/www.santjosep.net\/ca\/descobriu-las-torres-de-defensa-de-sant-josep-eivissa\/\" \/>\n<meta property=\"og:locale\" content=\"ca_ES\" \/>\n<meta property=\"og:type\" content=\"article\" \/>\n<meta property=\"og:title\" content=\"Descobriu les torres de defensa de Sant Josep, Eivissa - Santjosep.net\" \/>\n<meta property=\"og:description\" content=\"S\u00f3n molts els vestigis arquitect\u00f2nics del passat que es troben avui dia al paisatge eivissenc. Un dels que m\u00e9s criden l\u2019atenci\u00f3 s\u00f3n les torres de defensa que encara es mantenen en peus a les costes eivissenques. S\u00f3n un total de [&hellip;]\" \/>\n<meta property=\"og:url\" content=\"https:\/\/www.santjosep.net\/ca\/descobriu-las-torres-de-defensa-de-sant-josep-eivissa\/\" \/>\n<meta property=\"og:site_name\" content=\"Santjosep.net\" \/>\n<meta property=\"article:published_time\" content=\"2014-12-03T11:43:33+00:00\" \/>\n<meta property=\"article:modified_time\" content=\"2020-01-22T10:27:03+00:00\" \/>\n<meta property=\"og:image\" content=\"https:\/\/www.santjosep.net\/wp-content\/uploads\/2017\/05\/1-1.jpg\" \/>\n\t<meta property=\"og:image:width\" content=\"800\" \/>\n\t<meta property=\"og:image:height\" content=\"533\" \/>\n\t<meta property=\"og:image:type\" content=\"image\/jpeg\" \/>\n<meta name=\"author\" content=\"Sant Josep\" \/>\n<meta name=\"twitter:card\" content=\"summary_large_image\" \/>\n<meta name=\"twitter:label1\" content=\"Escrit per\" \/>\n\t<meta name=\"twitter:data1\" content=\"Sant Josep\" \/>\n\t<meta name=\"twitter:label2\" content=\"Temps estimat de lectura\" \/>\n\t<meta name=\"twitter:data2\" content=\"4 minuts\" \/>\n<script type=\"application\/ld+json\" class=\"yoast-schema-graph\">{\"@context\":\"https:\/\/schema.org\",\"@graph\":[{\"@type\":\"WebPage\",\"@id\":\"https:\/\/www.santjosep.net\/ca\/descobriu-las-torres-de-defensa-de-sant-josep-eivissa\/\",\"url\":\"https:\/\/www.santjosep.net\/ca\/descobriu-las-torres-de-defensa-de-sant-josep-eivissa\/\",\"name\":\"Descobriu les torres de defensa de Sant Josep, Eivissa - Santjosep.net\",\"isPartOf\":{\"@id\":\"https:\/\/www.santjosep.net\/#website\"},\"primaryImageOfPage\":{\"@id\":\"https:\/\/www.santjosep.net\/ca\/descobriu-las-torres-de-defensa-de-sant-josep-eivissa\/#primaryimage\"},\"image\":{\"@id\":\"https:\/\/www.santjosep.net\/ca\/descobriu-las-torres-de-defensa-de-sant-josep-eivissa\/#primaryimage\"},\"thumbnailUrl\":\"https:\/\/www.santjosep.net\/wp-content\/uploads\/2017\/05\/1-1.jpg\",\"datePublished\":\"2014-12-03T11:43:33+00:00\",\"dateModified\":\"2020-01-22T10:27:03+00:00\",\"author\":{\"@id\":\"https:\/\/www.santjosep.net\/#\/schema\/person\/b60e56f94e4e55776eb62bf4293f99b6\"},\"inLanguage\":\"ca\",\"potentialAction\":[{\"@type\":\"ReadAction\",\"target\":[\"https:\/\/www.santjosep.net\/ca\/descobriu-las-torres-de-defensa-de-sant-josep-eivissa\/\"]}]},{\"@type\":\"ImageObject\",\"inLanguage\":\"ca\",\"@id\":\"https:\/\/www.santjosep.net\/ca\/descobriu-las-torres-de-defensa-de-sant-josep-eivissa\/#primaryimage\",\"url\":\"https:\/\/www.santjosep.net\/wp-content\/uploads\/2017\/05\/1-1.jpg\",\"contentUrl\":\"https:\/\/www.santjosep.net\/wp-content\/uploads\/2017\/05\/1-1.jpg\",\"width\":800,\"height\":533},{\"@type\":\"WebSite\",\"@id\":\"https:\/\/www.santjosep.net\/#website\",\"url\":\"https:\/\/www.santjosep.net\/\",\"name\":\"Santjosep.net\",\"description\":\"\",\"potentialAction\":[{\"@type\":\"SearchAction\",\"target\":{\"@type\":\"EntryPoint\",\"urlTemplate\":\"https:\/\/www.santjosep.net\/?s={search_term_string}\"},\"query-input\":{\"@type\":\"PropertyValueSpecification\",\"valueRequired\":true,\"valueName\":\"search_term_string\"}}],\"inLanguage\":\"ca\"},{\"@type\":\"Person\",\"@id\":\"https:\/\/www.santjosep.net\/#\/schema\/person\/b60e56f94e4e55776eb62bf4293f99b6\",\"name\":\"Sant Josep\",\"image\":{\"@type\":\"ImageObject\",\"inLanguage\":\"ca\",\"@id\":\"https:\/\/www.santjosep.net\/#\/schema\/person\/image\/\",\"url\":\"https:\/\/secure.gravatar.com\/avatar\/2f4071817a97d2499c5aae9674ee15015b5a3c7c0974ca84f095a8e4aadcda56?s=96&d=mm&r=g\",\"contentUrl\":\"https:\/\/secure.gravatar.com\/avatar\/2f4071817a97d2499c5aae9674ee15015b5a3c7c0974ca84f095a8e4aadcda56?s=96&d=mm&r=g\",\"caption\":\"Sant Josep\"},\"url\":\"https:\/\/www.santjosep.net\/ca\/author\/fugrafic\/\"}]}<\/script>\n<!-- \/ Yoast SEO plugin. -->","yoast_head_json":{"title":"Descobriu les torres de defensa de Sant Josep, Eivissa - Santjosep.net","robots":{"index":"index","follow":"follow","max-snippet":"max-snippet:-1","max-image-preview":"max-image-preview:large","max-video-preview":"max-video-preview:-1"},"canonical":"https:\/\/www.santjosep.net\/ca\/descobriu-las-torres-de-defensa-de-sant-josep-eivissa\/","og_locale":"ca_ES","og_type":"article","og_title":"Descobriu les torres de defensa de Sant Josep, Eivissa - Santjosep.net","og_description":"S\u00f3n molts els vestigis arquitect\u00f2nics del passat que es troben avui dia al paisatge eivissenc. Un dels que m\u00e9s criden l\u2019atenci\u00f3 s\u00f3n les torres de defensa que encara es mantenen en peus a les costes eivissenques. S\u00f3n un total de [&hellip;]","og_url":"https:\/\/www.santjosep.net\/ca\/descobriu-las-torres-de-defensa-de-sant-josep-eivissa\/","og_site_name":"Santjosep.net","article_published_time":"2014-12-03T11:43:33+00:00","article_modified_time":"2020-01-22T10:27:03+00:00","og_image":[{"width":800,"height":533,"url":"https:\/\/www.santjosep.net\/wp-content\/uploads\/2017\/05\/1-1.jpg","type":"image\/jpeg"}],"author":"Sant Josep","twitter_card":"summary_large_image","twitter_misc":{"Escrit per":"Sant Josep","Temps estimat de lectura":"4 minuts"},"schema":{"@context":"https:\/\/schema.org","@graph":[{"@type":"WebPage","@id":"https:\/\/www.santjosep.net\/ca\/descobriu-las-torres-de-defensa-de-sant-josep-eivissa\/","url":"https:\/\/www.santjosep.net\/ca\/descobriu-las-torres-de-defensa-de-sant-josep-eivissa\/","name":"Descobriu les torres de defensa de Sant Josep, Eivissa - Santjosep.net","isPartOf":{"@id":"https:\/\/www.santjosep.net\/#website"},"primaryImageOfPage":{"@id":"https:\/\/www.santjosep.net\/ca\/descobriu-las-torres-de-defensa-de-sant-josep-eivissa\/#primaryimage"},"image":{"@id":"https:\/\/www.santjosep.net\/ca\/descobriu-las-torres-de-defensa-de-sant-josep-eivissa\/#primaryimage"},"thumbnailUrl":"https:\/\/www.santjosep.net\/wp-content\/uploads\/2017\/05\/1-1.jpg","datePublished":"2014-12-03T11:43:33+00:00","dateModified":"2020-01-22T10:27:03+00:00","author":{"@id":"https:\/\/www.santjosep.net\/#\/schema\/person\/b60e56f94e4e55776eb62bf4293f99b6"},"inLanguage":"ca","potentialAction":[{"@type":"ReadAction","target":["https:\/\/www.santjosep.net\/ca\/descobriu-las-torres-de-defensa-de-sant-josep-eivissa\/"]}]},{"@type":"ImageObject","inLanguage":"ca","@id":"https:\/\/www.santjosep.net\/ca\/descobriu-las-torres-de-defensa-de-sant-josep-eivissa\/#primaryimage","url":"https:\/\/www.santjosep.net\/wp-content\/uploads\/2017\/05\/1-1.jpg","contentUrl":"https:\/\/www.santjosep.net\/wp-content\/uploads\/2017\/05\/1-1.jpg","width":800,"height":533},{"@type":"WebSite","@id":"https:\/\/www.santjosep.net\/#website","url":"https:\/\/www.santjosep.net\/","name":"Santjosep.net","description":"","potentialAction":[{"@type":"SearchAction","target":{"@type":"EntryPoint","urlTemplate":"https:\/\/www.santjosep.net\/?s={search_term_string}"},"query-input":{"@type":"PropertyValueSpecification","valueRequired":true,"valueName":"search_term_string"}}],"inLanguage":"ca"},{"@type":"Person","@id":"https:\/\/www.santjosep.net\/#\/schema\/person\/b60e56f94e4e55776eb62bf4293f99b6","name":"Sant Josep","image":{"@type":"ImageObject","inLanguage":"ca","@id":"https:\/\/www.santjosep.net\/#\/schema\/person\/image\/","url":"https:\/\/secure.gravatar.com\/avatar\/2f4071817a97d2499c5aae9674ee15015b5a3c7c0974ca84f095a8e4aadcda56?s=96&d=mm&r=g","contentUrl":"https:\/\/secure.gravatar.com\/avatar\/2f4071817a97d2499c5aae9674ee15015b5a3c7c0974ca84f095a8e4aadcda56?s=96&d=mm&r=g","caption":"Sant Josep"},"url":"https:\/\/www.santjosep.net\/ca\/author\/fugrafic\/"}]}},"_links":{"self":[{"href":"https:\/\/www.santjosep.net\/ca\/wp-json\/wp\/v2\/posts\/13035","targetHints":{"allow":["GET"]}}],"collection":[{"href":"https:\/\/www.santjosep.net\/ca\/wp-json\/wp\/v2\/posts"}],"about":[{"href":"https:\/\/www.santjosep.net\/ca\/wp-json\/wp\/v2\/types\/post"}],"author":[{"embeddable":true,"href":"https:\/\/www.santjosep.net\/ca\/wp-json\/wp\/v2\/users\/1"}],"replies":[{"embeddable":true,"href":"https:\/\/www.santjosep.net\/ca\/wp-json\/wp\/v2\/comments?post=13035"}],"version-history":[{"count":0,"href":"https:\/\/www.santjosep.net\/ca\/wp-json\/wp\/v2\/posts\/13035\/revisions"}],"wp:featuredmedia":[{"embeddable":true,"href":"https:\/\/www.santjosep.net\/ca\/wp-json\/wp\/v2\/media\/13037"}],"wp:attachment":[{"href":"https:\/\/www.santjosep.net\/ca\/wp-json\/wp\/v2\/media?parent=13035"}],"wp:term":[{"taxonomy":"category","embeddable":true,"href":"https:\/\/www.santjosep.net\/ca\/wp-json\/wp\/v2\/categories?post=13035"},{"taxonomy":"post_tag","embeddable":true,"href":"https:\/\/www.santjosep.net\/ca\/wp-json\/wp\/v2\/tags?post=13035"}],"curies":[{"name":"wp","href":"https:\/\/api.w.org\/{rel}","templated":true}]}}