{"id":13030,"date":"2014-12-15T17:56:18","date_gmt":"2014-12-15T17:56:18","guid":{"rendered":"https:\/\/www.santjosep.net\/visita-al-pueblo-de-es-cubells-ibiza\/"},"modified":"2020-01-22T11:26:54","modified_gmt":"2020-01-22T10:26:54","slug":"visita-al-poble-de-es-cubells-ibiza","status":"publish","type":"post","link":"https:\/\/www.santjosep.net\/ca\/visita-al-poble-de-es-cubells-ibiza\/","title":{"rendered":"Visita al poble des Cubells- Eivissa"},"content":{"rendered":"<p>Aqu\u00ed sembla com si el temps s\u2019hagu\u00e9s parat. Allunyat de tot el tr\u00e0fec de l\u2019illa durant l\u2019\u00e8poca estival, \u00e9s un dels pocs enclavaments de l\u2019illa on encara regna la bellesa i la tranquil\u00b7litat dels pobles d\u2019antany.<\/p>\n<p>Es tracta d\u2019un dels pobles m\u00e9s a\u00efllats de l\u2019illa, situat al sud-oest del municipi de Sant Josep de sa Talaia. El seu nom, a difer\u00e8ncia dels altres pobles de l\u2019illa, s\u2019agafa de l\u2019antic nom de la v\u00e9nda central, en comptes d\u2019agafar el nom de la patrona. Un cop arribeu al nucli del poble, el que m\u00e9s us cridar\u00e0 l\u2019atenci\u00f3 \u00e9s que s\u2019al\u00e7a sobre un impressionant penya-segat amb unes magn\u00edfiques vistes a Formentera. Probablement, la seva complicada geografia ha provocat que avui \u00a0dia encara hi regni l\u2019atractiu de l\u2019Eivissa m\u00e9s rural.<\/p>\n<div id=\"new-royalslider-15\" class=\"royalSlider new-royalslider-15 rsDefaultInv rs-default-template\" style=\"width:100%;height:533px;;\" data-rs-options='{&quot;template&quot;:&quot;default&quot;,&quot;image_generation&quot;:{&quot;imageWidth&quot;:&quot;&quot;,&quot;imageHeight&quot;:&quot;&quot;,&quot;thumbImageWidth&quot;:&quot;&quot;,&quot;thumbImageHeight&quot;:&quot;&quot;},&quot;thumbs&quot;:{&quot;thumbWidth&quot;:96,&quot;thumbHeight&quot;:72},&quot;autoPlay&quot;:{&quot;delay&quot;:5000},&quot;fullscreen&quot;:{&quot;enabled&quot;:&quot;true&quot;},&quot;block&quot;:{&quot;moveOffset&quot;:20,&quot;speed&quot;:400,&quot;delay&quot;:200},&quot;width&quot;:&quot;100%&quot;,&quot;height&quot;:533,&quot;autoScaleSlider&quot;:&quot;true&quot;,&quot;autoScaleSliderHeight&quot;:533,&quot;imageScalePadding&quot;:0,&quot;arrowsNavAutoHide&quot;:&quot;false&quot;,&quot;globalCaption&quot;:&quot;true&quot;}'>\n<div class=\"rsContent\">\n  <img decoding=\"async\" class=\"rsImg\" src=\"https:\/\/www.santjosep.net\/wp-content\/uploads\/2014\/12\/IMG_0917-1024x682.jpg\" data-rsBigImg=\"https:\/\/www.santjosep.net\/wp-content\/uploads\/2014\/12\/IMG_0917.jpg\" alt=\"Iglesia de Es Cubells\"\/>\n  \n  \n  \n<\/div>\n<div class=\"rsContent\">\n  <img decoding=\"async\" class=\"rsImg\" src=\"https:\/\/www.santjosep.net\/wp-content\/uploads\/2014\/12\/IMG_0915-1024x680.jpg\" data-rsBigImg=\"https:\/\/www.santjosep.net\/wp-content\/uploads\/2014\/12\/IMG_0915.jpg\" alt=\"Iglesia de Es Cubells\"\/>\n  \n  \n  \n<\/div>\n<div class=\"rsContent\">\n  <img decoding=\"async\" class=\"rsImg\" src=\"https:\/\/www.santjosep.net\/wp-content\/uploads\/2014\/12\/IMG_0886-1024x682.jpg\" data-rsBigImg=\"https:\/\/www.santjosep.net\/wp-content\/uploads\/2014\/12\/IMG_0886.jpg\" alt=\"Monumento a los marineros\"\/>\n  \n  \n  \n<\/div>\n<div class=\"rsContent\">\n  <img decoding=\"async\" class=\"rsImg\" src=\"https:\/\/www.santjosep.net\/wp-content\/uploads\/2014\/12\/IMG_0869-682x1024.jpg\" data-rsBigImg=\"https:\/\/www.santjosep.net\/wp-content\/uploads\/2014\/12\/IMG_0869.jpg\" alt=\"Monumento al padre Francesc Palau\"\/>\n  \n  \n  \n<\/div>\n<div class=\"rsContent\">\n  <img decoding=\"async\" class=\"rsImg\" src=\"https:\/\/www.santjosep.net\/wp-content\/uploads\/2014\/12\/IMG_0906-1024x682.jpg\" data-rsBigImg=\"https:\/\/www.santjosep.net\/wp-content\/uploads\/2014\/12\/IMG_0906.jpg\" alt=\"Restaurante junto al acantilado de Es Cubells\"\/>\n  \n  \n  \n<\/div>\n<div class=\"rsContent\">\n  <img decoding=\"async\" class=\"rsImg\" src=\"https:\/\/www.santjosep.net\/wp-content\/uploads\/2014\/12\/IMG_0891-1024x682.jpg\" data-rsBigImg=\"https:\/\/www.santjosep.net\/wp-content\/uploads\/2014\/12\/IMG_0891.jpg\" alt=\"Vistas desde la iglesia de Es Cubells\"\/>\n  \n  \n  \n<\/div>\n<div class=\"rsContent\">\n  <img decoding=\"async\" class=\"rsImg\" src=\"https:\/\/www.santjosep.net\/wp-content\/uploads\/2014\/12\/IMG_0868-1024x682.jpg\" data-rsBigImg=\"https:\/\/www.santjosep.net\/wp-content\/uploads\/2014\/12\/IMG_0868.jpg\" alt=\"Detalle de la iglesia\"\/>\n  \n  \n  \n<\/div>\n<div class=\"rsContent\">\n  <img decoding=\"async\" class=\"rsImg\" src=\"https:\/\/www.santjosep.net\/wp-content\/uploads\/2014\/12\/IMG_0874-1024x682.jpg\" data-rsBigImg=\"https:\/\/www.santjosep.net\/wp-content\/uploads\/2014\/12\/IMG_0874.jpg\" alt=\"Vistas desde la iglesia de Es Cubells\"\/>\n  \n  \n  \n<\/div>\n\n<\/div>\n\n<p>[su_row][su_column size=&#8221;1\/3&#8243;]<\/p>\n<p>[\/su_column][\/su_row]<\/p>\n<p>El poble, que t\u00e9 menys de mil habitants, crida l\u2019atenci\u00f3 per l\u2019escassa edificaci\u00f3, en la qual \u00a0destaca principalment la seva imponent esgl\u00e9sia dedicada a la Mare de D\u00e9u del Carme, patrona dels mariners. La seva festa en honor a aquesta patrona es celebra el 16 de juliol amb la tradicional process\u00f3 per mar de la imatge de la Verge. Tamb\u00e9 es ret culte a Santa Teresa el dia 15 d\u2019octubre, ja que hi ha un convent teresi\u00e0 als afores del poble dirigit per les Carmelites Missioneres.<\/p>\n<p>L\u2019esgl\u00e9sia des Cubells va ser un projecte dut a terme pel conegut Pare Francesc Palau, que t\u00e9 un monument a la pla\u00e7a del poble. Beatificat l\u2019any 1988, \u00e9s fam\u00f3s pels seus recessos espirituals com a ermit\u00e0 a l\u2019illot des Vedr\u00e0, a prop del poble des Cubells. El Pare Palau va construir al segle XIX una capella dedicada a la Mare de D\u00e9u del Carme, que despr\u00e9s de la seva destrucci\u00f3 durant la Guerra Civil, es va construir com a esgl\u00e9sia pel bisbat d\u2019Eivissa i fou inaugurada definitivament l\u2019any 1957. Tot i ser una de les esgl\u00e9sies m\u00e9s noves d\u2019Eivissa, aquesta conserva l\u2019est\u00e8tica tradicional de l\u2019illa, per aix\u00f2 tamb\u00e9 \u00e9s un lloc molt desitjat per celebrar bodes entre la gent de fora de l\u2019illa.<\/p>\n<p>El nucli urb\u00e0 tamb\u00e9 t\u00e9 dos restaurants que conserven el car\u00e0cter tradicional del paisatge de l\u2019illa, un petit parc infantil i un poliesportiu dedicat principalment al tir amb arc, esport molt preuat en aquest petit poble. Per tant, es tracta d\u2019un lloc molt redu\u00eft on quasi tots els seus habitants, com per tota l\u2019illa, estan disseminats pel camp.<\/p>\n<p>[su_video url=&#8221;https:\/\/www.santjosep.net\/wp-content\/uploads\/2014\/12\/La-preciosa-localidad-de-Es-cubells-Sant-Josep-TV.mp4&#8243; poster=&#8221;https:\/\/www.santjosep.net\/wp-content\/uploads\/2014\/12\/IMG_0891.jpg&#8221; title=&#8221;Un paseo por Es Cubells&#8221; width=&#8221;800&#8243; height=&#8221;500&#8243;]<\/p>\n<p>Un altre element destacable als voltants del penya-segat des Cubells \u00e9s el monument als pescadors, instal\u00b7lat l\u2019any 1996 com a homenatge a la gent del mar. I \u00e9s que, tot i trobar-se a la vora d\u2019un precipici, es Cubells gaudeix d\u2019una de les costes m\u00e9s atractives de l\u2019illa. Si seguiu la carretera que comen\u00e7a a la pla\u00e7a del poble i us dirigiu cap a l\u2019esquerra, accedireu a la part inferior del penya-segat, que d\u00f3na pas a diverses platges. Aquesta zona contrasta amb la part superior per la quantitat de cases que s\u2019han anat construint durant els \u00faltims anys, per\u00f2 aix\u00f2 no resta bellesa a les platges quasi des\u00e8rtiques. La primera platja que trobem \u00e9s la platja des Cubells, a l\u2019al\u00e7\u00e0ria de l\u2019esgl\u00e9sia. Aquesta es caracteritza per l\u2019escassa aflu\u00e8ncia de p\u00fablic i per les poques casetes de pescador que es reparteixen a l\u2019extrem m\u00e9s occidental. Si seguiu la carretera, us trobareu la platja de ses Boques, amb un petit restaurant de menjar tradicional. M\u00e9s endavant, al final del cam\u00ed, es troba <strong>Cala Llentrisca<\/strong>, una cala tancada amb un petit moll i diverses casetes de pescadors, un lloc ideal per perdre\u2019s.<\/p>\n<div id=\"new-royalslider-16\" class=\"royalSlider new-royalslider-16 rsDefaultInv rs-default-template\" style=\"width:100%;height:533px;;\" data-rs-options='{&quot;template&quot;:&quot;default&quot;,&quot;image_generation&quot;:{&quot;imageWidth&quot;:&quot;&quot;,&quot;imageHeight&quot;:&quot;&quot;,&quot;thumbImageWidth&quot;:&quot;&quot;,&quot;thumbImageHeight&quot;:&quot;&quot;},&quot;thumbs&quot;:{&quot;thumbWidth&quot;:96,&quot;thumbHeight&quot;:72},&quot;autoPlay&quot;:{&quot;delay&quot;:5000},&quot;fullscreen&quot;:{&quot;enabled&quot;:&quot;true&quot;},&quot;block&quot;:{&quot;moveOffset&quot;:20,&quot;speed&quot;:400,&quot;delay&quot;:200},&quot;width&quot;:&quot;100%&quot;,&quot;height&quot;:533,&quot;autoScaleSlider&quot;:&quot;true&quot;,&quot;autoScaleSliderHeight&quot;:533,&quot;imageScalePadding&quot;:0,&quot;arrowsNavAutoHide&quot;:&quot;false&quot;,&quot;globalCaption&quot;:&quot;true&quot;}'>\n<div class=\"rsContent\">\n  <img decoding=\"async\" class=\"rsImg\" src=\"https:\/\/www.santjosep.net\/wp-content\/uploads\/2014\/12\/IMG_0923-1024x682.jpg\" data-rsBigImg=\"https:\/\/www.santjosep.net\/wp-content\/uploads\/2014\/12\/IMG_0923.jpg\" alt=\"Ses Boques\"\/>\n  \n  \n  \n<\/div>\n<div class=\"rsContent\">\n  <img decoding=\"async\" class=\"rsImg\" src=\"https:\/\/www.santjosep.net\/wp-content\/uploads\/2014\/12\/calallentrisca_playas_ibiza.jpg\" data-rsBigImg=\"https:\/\/www.santjosep.net\/wp-content\/uploads\/2014\/12\/calallentrisca_playas_ibiza.jpg\" alt=\"Cala Llentrisca\"\/>\n  \n  \n  \n<\/div>\n<div class=\"rsContent\">\n  <img decoding=\"async\" class=\"rsImg\" src=\"https:\/\/www.santjosep.net\/wp-content\/uploads\/2014\/12\/IMG_0933-1024x682.jpg\" data-rsBigImg=\"https:\/\/www.santjosep.net\/wp-content\/uploads\/2014\/12\/IMG_0933.jpg\" alt=\"Ses Boques\"\/>\n  \n  \n  \n<\/div>\n<div class=\"rsContent\">\n  <img decoding=\"async\" class=\"rsImg\" src=\"https:\/\/www.santjosep.net\/wp-content\/uploads\/2014\/12\/IMG_0954-1024x682.jpg\" data-rsBigImg=\"https:\/\/www.santjosep.net\/wp-content\/uploads\/2014\/12\/IMG_0954.jpg\" alt=\"Ses Boques\"\/>\n  \n  \n  \n<\/div>\n<div class=\"rsContent\">\n  <img decoding=\"async\" class=\"rsImg\" src=\"https:\/\/www.santjosep.net\/wp-content\/uploads\/2014\/12\/IMG_0971-682x1024.jpg\" data-rsBigImg=\"https:\/\/www.santjosep.net\/wp-content\/uploads\/2014\/12\/IMG_0971.jpg\" alt=\"Ses Boques\"\/>\n  \n  \n  \n<\/div>\n<div class=\"rsContent\">\n  <img decoding=\"async\" class=\"rsImg\" src=\"https:\/\/www.santjosep.net\/wp-content\/uploads\/2014\/12\/IMG_0973-1024x679.jpg\" data-rsBigImg=\"https:\/\/www.santjosep.net\/wp-content\/uploads\/2014\/12\/IMG_0973.jpg\" alt=\"Platja d&#039;Es Cubells\"\/>\n  \n  \n  \n<\/div>\n<div class=\"rsContent\">\n  <img decoding=\"async\" class=\"rsImg\" src=\"https:\/\/www.santjosep.net\/wp-content\/uploads\/2014\/12\/IMG_0981-1024x682.jpg\" data-rsBigImg=\"https:\/\/www.santjosep.net\/wp-content\/uploads\/2014\/12\/IMG_0981.jpg\" alt=\"Costa de Es Cubells\"\/>\n  \n  \n  \n<\/div>\n\n<\/div>\n\n<p>[su_row][su_column size=&#8221;1\/3&#8243;]<\/p>\n<p>[\/su_column][\/su_row]<\/p>\n<p>Es Cubells \u00e9s, per tant, un dels pobles m\u00e9s atractius de l\u2019illa per l\u2019originalitat de la seva situaci\u00f3 i per l\u2019escassa pres\u00e8ncia d\u2019explotacions tur\u00edstiques. \u00c9s el lloc perfecte per a qui busqui connectar amb la natura, aprofitar-se de les platges quasi exclusives i de la seva tranquil\u00b7litat i desconnexi\u00f3 que altres parts de l\u2019illa no poden oferir en plena temporada.<\/p>\n","protected":false},"excerpt":{"rendered":"<p>Aqu\u00ed sembla com si el temps s\u2019hagu\u00e9s parat. Allunyat de tot el tr\u00e0fec de l\u2019illa durant l\u2019\u00e8poca estival, \u00e9s un dels pocs enclavaments de l\u2019illa on encara regna la bellesa i la tranquil\u00b7litat dels pobles d\u2019antany. Es tracta d\u2019un dels [&hellip;]<\/p>\n","protected":false},"author":1,"featured_media":13031,"comment_status":"open","ping_status":"open","sticky":false,"template":"","format":"standard","meta":{"_acf_changed":false,"inline_featured_image":false,"footnotes":""},"categories":[205,210,206,207],"tags":[],"class_list":["post-13030","post","type-post","status-publish","format-standard","has-post-thumbnail","hentry","category-passejades-ca","category-pobles-ca","category-rutes-ca","category-zones-ca"],"acf":[],"geo":null,"yoast_head":"<!-- This site is optimized with the Yoast SEO plugin v25.7 - https:\/\/yoast.com\/wordpress\/plugins\/seo\/ -->\n<title>Visita al poble des Cubells- Eivissa - Santjosep.net<\/title>\n<meta name=\"robots\" content=\"index, follow, max-snippet:-1, max-image-preview:large, max-video-preview:-1\" \/>\n<link rel=\"canonical\" href=\"https:\/\/www.santjosep.net\/ca\/visita-al-poble-de-es-cubells-ibiza\/\" \/>\n<meta property=\"og:locale\" content=\"ca_ES\" \/>\n<meta property=\"og:type\" content=\"article\" \/>\n<meta property=\"og:title\" content=\"Visita al poble des Cubells- Eivissa - Santjosep.net\" \/>\n<meta property=\"og:description\" content=\"Aqu\u00ed sembla com si el temps s\u2019hagu\u00e9s parat. Allunyat de tot el tr\u00e0fec de l\u2019illa durant l\u2019\u00e8poca estival, \u00e9s un dels pocs enclavaments de l\u2019illa on encara regna la bellesa i la tranquil\u00b7litat dels pobles d\u2019antany. Es tracta d\u2019un dels [&hellip;]\" \/>\n<meta property=\"og:url\" content=\"https:\/\/www.santjosep.net\/ca\/visita-al-poble-de-es-cubells-ibiza\/\" \/>\n<meta property=\"og:site_name\" content=\"Santjosep.net\" \/>\n<meta property=\"article:published_time\" content=\"2014-12-15T17:56:18+00:00\" \/>\n<meta property=\"article:modified_time\" content=\"2020-01-22T10:26:54+00:00\" \/>\n<meta property=\"og:image\" content=\"https:\/\/www.santjosep.net\/wp-content\/uploads\/2014\/12\/IMG_0900.jpg\" \/>\n\t<meta property=\"og:image:width\" content=\"1200\" \/>\n\t<meta property=\"og:image:height\" content=\"800\" \/>\n\t<meta property=\"og:image:type\" content=\"image\/jpeg\" \/>\n<meta name=\"author\" content=\"Sant Josep\" \/>\n<meta name=\"twitter:card\" content=\"summary_large_image\" \/>\n<meta name=\"twitter:label1\" content=\"Escrit per\" \/>\n\t<meta name=\"twitter:data1\" content=\"Sant Josep\" \/>\n\t<meta name=\"twitter:label2\" content=\"Temps estimat de lectura\" \/>\n\t<meta name=\"twitter:data2\" content=\"4 minuts\" \/>\n<script type=\"application\/ld+json\" class=\"yoast-schema-graph\">{\"@context\":\"https:\/\/schema.org\",\"@graph\":[{\"@type\":\"WebPage\",\"@id\":\"https:\/\/www.santjosep.net\/ca\/visita-al-poble-de-es-cubells-ibiza\/\",\"url\":\"https:\/\/www.santjosep.net\/ca\/visita-al-poble-de-es-cubells-ibiza\/\",\"name\":\"Visita al poble des Cubells- Eivissa - Santjosep.net\",\"isPartOf\":{\"@id\":\"https:\/\/www.santjosep.net\/#website\"},\"primaryImageOfPage\":{\"@id\":\"https:\/\/www.santjosep.net\/ca\/visita-al-poble-de-es-cubells-ibiza\/#primaryimage\"},\"image\":{\"@id\":\"https:\/\/www.santjosep.net\/ca\/visita-al-poble-de-es-cubells-ibiza\/#primaryimage\"},\"thumbnailUrl\":\"https:\/\/www.santjosep.net\/wp-content\/uploads\/2014\/12\/IMG_0900.jpg\",\"datePublished\":\"2014-12-15T17:56:18+00:00\",\"dateModified\":\"2020-01-22T10:26:54+00:00\",\"author\":{\"@id\":\"https:\/\/www.santjosep.net\/#\/schema\/person\/b60e56f94e4e55776eb62bf4293f99b6\"},\"inLanguage\":\"ca\",\"potentialAction\":[{\"@type\":\"ReadAction\",\"target\":[\"https:\/\/www.santjosep.net\/ca\/visita-al-poble-de-es-cubells-ibiza\/\"]}]},{\"@type\":\"ImageObject\",\"inLanguage\":\"ca\",\"@id\":\"https:\/\/www.santjosep.net\/ca\/visita-al-poble-de-es-cubells-ibiza\/#primaryimage\",\"url\":\"https:\/\/www.santjosep.net\/wp-content\/uploads\/2014\/12\/IMG_0900.jpg\",\"contentUrl\":\"https:\/\/www.santjosep.net\/wp-content\/uploads\/2014\/12\/IMG_0900.jpg\",\"width\":1200,\"height\":800},{\"@type\":\"WebSite\",\"@id\":\"https:\/\/www.santjosep.net\/#website\",\"url\":\"https:\/\/www.santjosep.net\/\",\"name\":\"Santjosep.net\",\"description\":\"\",\"potentialAction\":[{\"@type\":\"SearchAction\",\"target\":{\"@type\":\"EntryPoint\",\"urlTemplate\":\"https:\/\/www.santjosep.net\/?s={search_term_string}\"},\"query-input\":{\"@type\":\"PropertyValueSpecification\",\"valueRequired\":true,\"valueName\":\"search_term_string\"}}],\"inLanguage\":\"ca\"},{\"@type\":\"Person\",\"@id\":\"https:\/\/www.santjosep.net\/#\/schema\/person\/b60e56f94e4e55776eb62bf4293f99b6\",\"name\":\"Sant Josep\",\"image\":{\"@type\":\"ImageObject\",\"inLanguage\":\"ca\",\"@id\":\"https:\/\/www.santjosep.net\/#\/schema\/person\/image\/\",\"url\":\"https:\/\/secure.gravatar.com\/avatar\/2f4071817a97d2499c5aae9674ee15015b5a3c7c0974ca84f095a8e4aadcda56?s=96&d=mm&r=g\",\"contentUrl\":\"https:\/\/secure.gravatar.com\/avatar\/2f4071817a97d2499c5aae9674ee15015b5a3c7c0974ca84f095a8e4aadcda56?s=96&d=mm&r=g\",\"caption\":\"Sant Josep\"},\"url\":\"https:\/\/www.santjosep.net\/ca\/author\/fugrafic\/\"}]}<\/script>\n<!-- \/ Yoast SEO plugin. -->","yoast_head_json":{"title":"Visita al poble des Cubells- Eivissa - Santjosep.net","robots":{"index":"index","follow":"follow","max-snippet":"max-snippet:-1","max-image-preview":"max-image-preview:large","max-video-preview":"max-video-preview:-1"},"canonical":"https:\/\/www.santjosep.net\/ca\/visita-al-poble-de-es-cubells-ibiza\/","og_locale":"ca_ES","og_type":"article","og_title":"Visita al poble des Cubells- Eivissa - Santjosep.net","og_description":"Aqu\u00ed sembla com si el temps s\u2019hagu\u00e9s parat. Allunyat de tot el tr\u00e0fec de l\u2019illa durant l\u2019\u00e8poca estival, \u00e9s un dels pocs enclavaments de l\u2019illa on encara regna la bellesa i la tranquil\u00b7litat dels pobles d\u2019antany. Es tracta d\u2019un dels [&hellip;]","og_url":"https:\/\/www.santjosep.net\/ca\/visita-al-poble-de-es-cubells-ibiza\/","og_site_name":"Santjosep.net","article_published_time":"2014-12-15T17:56:18+00:00","article_modified_time":"2020-01-22T10:26:54+00:00","og_image":[{"width":1200,"height":800,"url":"https:\/\/www.santjosep.net\/wp-content\/uploads\/2014\/12\/IMG_0900.jpg","type":"image\/jpeg"}],"author":"Sant Josep","twitter_card":"summary_large_image","twitter_misc":{"Escrit per":"Sant Josep","Temps estimat de lectura":"4 minuts"},"schema":{"@context":"https:\/\/schema.org","@graph":[{"@type":"WebPage","@id":"https:\/\/www.santjosep.net\/ca\/visita-al-poble-de-es-cubells-ibiza\/","url":"https:\/\/www.santjosep.net\/ca\/visita-al-poble-de-es-cubells-ibiza\/","name":"Visita al poble des Cubells- Eivissa - Santjosep.net","isPartOf":{"@id":"https:\/\/www.santjosep.net\/#website"},"primaryImageOfPage":{"@id":"https:\/\/www.santjosep.net\/ca\/visita-al-poble-de-es-cubells-ibiza\/#primaryimage"},"image":{"@id":"https:\/\/www.santjosep.net\/ca\/visita-al-poble-de-es-cubells-ibiza\/#primaryimage"},"thumbnailUrl":"https:\/\/www.santjosep.net\/wp-content\/uploads\/2014\/12\/IMG_0900.jpg","datePublished":"2014-12-15T17:56:18+00:00","dateModified":"2020-01-22T10:26:54+00:00","author":{"@id":"https:\/\/www.santjosep.net\/#\/schema\/person\/b60e56f94e4e55776eb62bf4293f99b6"},"inLanguage":"ca","potentialAction":[{"@type":"ReadAction","target":["https:\/\/www.santjosep.net\/ca\/visita-al-poble-de-es-cubells-ibiza\/"]}]},{"@type":"ImageObject","inLanguage":"ca","@id":"https:\/\/www.santjosep.net\/ca\/visita-al-poble-de-es-cubells-ibiza\/#primaryimage","url":"https:\/\/www.santjosep.net\/wp-content\/uploads\/2014\/12\/IMG_0900.jpg","contentUrl":"https:\/\/www.santjosep.net\/wp-content\/uploads\/2014\/12\/IMG_0900.jpg","width":1200,"height":800},{"@type":"WebSite","@id":"https:\/\/www.santjosep.net\/#website","url":"https:\/\/www.santjosep.net\/","name":"Santjosep.net","description":"","potentialAction":[{"@type":"SearchAction","target":{"@type":"EntryPoint","urlTemplate":"https:\/\/www.santjosep.net\/?s={search_term_string}"},"query-input":{"@type":"PropertyValueSpecification","valueRequired":true,"valueName":"search_term_string"}}],"inLanguage":"ca"},{"@type":"Person","@id":"https:\/\/www.santjosep.net\/#\/schema\/person\/b60e56f94e4e55776eb62bf4293f99b6","name":"Sant Josep","image":{"@type":"ImageObject","inLanguage":"ca","@id":"https:\/\/www.santjosep.net\/#\/schema\/person\/image\/","url":"https:\/\/secure.gravatar.com\/avatar\/2f4071817a97d2499c5aae9674ee15015b5a3c7c0974ca84f095a8e4aadcda56?s=96&d=mm&r=g","contentUrl":"https:\/\/secure.gravatar.com\/avatar\/2f4071817a97d2499c5aae9674ee15015b5a3c7c0974ca84f095a8e4aadcda56?s=96&d=mm&r=g","caption":"Sant Josep"},"url":"https:\/\/www.santjosep.net\/ca\/author\/fugrafic\/"}]}},"_links":{"self":[{"href":"https:\/\/www.santjosep.net\/ca\/wp-json\/wp\/v2\/posts\/13030","targetHints":{"allow":["GET"]}}],"collection":[{"href":"https:\/\/www.santjosep.net\/ca\/wp-json\/wp\/v2\/posts"}],"about":[{"href":"https:\/\/www.santjosep.net\/ca\/wp-json\/wp\/v2\/types\/post"}],"author":[{"embeddable":true,"href":"https:\/\/www.santjosep.net\/ca\/wp-json\/wp\/v2\/users\/1"}],"replies":[{"embeddable":true,"href":"https:\/\/www.santjosep.net\/ca\/wp-json\/wp\/v2\/comments?post=13030"}],"version-history":[{"count":0,"href":"https:\/\/www.santjosep.net\/ca\/wp-json\/wp\/v2\/posts\/13030\/revisions"}],"wp:featuredmedia":[{"embeddable":true,"href":"https:\/\/www.santjosep.net\/ca\/wp-json\/wp\/v2\/media\/13031"}],"wp:attachment":[{"href":"https:\/\/www.santjosep.net\/ca\/wp-json\/wp\/v2\/media?parent=13030"}],"wp:term":[{"taxonomy":"category","embeddable":true,"href":"https:\/\/www.santjosep.net\/ca\/wp-json\/wp\/v2\/categories?post=13030"},{"taxonomy":"post_tag","embeddable":true,"href":"https:\/\/www.santjosep.net\/ca\/wp-json\/wp\/v2\/tags?post=13030"}],"curies":[{"name":"wp","href":"https:\/\/api.w.org\/{rel}","templated":true}]}}