{"id":13009,"date":"2015-02-22T17:52:12","date_gmt":"2015-02-22T17:52:12","guid":{"rendered":"https:\/\/www.santjosep.net\/6-ideas-una-guia-de-platja-den-bossa-ibiza\/"},"modified":"2020-01-22T09:50:53","modified_gmt":"2020-01-22T08:50:53","slug":"6-idees-una-guia-de-platja-den-bossa-ibiza","status":"publish","type":"post","link":"https:\/\/www.santjosep.net\/ca\/6-idees-una-guia-de-platja-den-bossa-ibiza\/","title":{"rendered":"6 idees: una guia de Platja d\u2019en Bossa (Eivissa)"},"content":{"rendered":"<p>Eivissa \u00e9s coneguda al voltant del m\u00f3n per les seves platges i l\u2019ambient desenfadat, per\u00f2 nom\u00e9s a <b>Platja d\u2019en Bossa <\/b>trobareu el lloc perfecte per viure a fons aquesta experi\u00e8ncia. Coneguda com \u00a0la platja m\u00e9s extensa de l\u2019illa, \u00e9s un dels llocs m\u00e9s cosmopolites del municipi amb una \u00e0mplia oferta d\u2019oci, tant di\u00fcrna com nocturna. Aqu\u00ed us proposem unes idees per con\u00e8ixer millor el lloc:<\/p>\n<h2>MENJAR<\/h2>\n<div id=\"new-royalslider-26\" class=\"royalSlider new-royalslider-26 rsDefaultInv rs-default-template\" style=\"width:100%;height:533px;;\" data-rs-options='{&quot;template&quot;:&quot;default&quot;,&quot;image_generation&quot;:{&quot;imageWidth&quot;:&quot;&quot;,&quot;imageHeight&quot;:&quot;&quot;,&quot;thumbImageWidth&quot;:&quot;&quot;,&quot;thumbImageHeight&quot;:&quot;&quot;},&quot;thumbs&quot;:{&quot;thumbWidth&quot;:96,&quot;thumbHeight&quot;:72},&quot;autoPlay&quot;:{&quot;delay&quot;:5000},&quot;fullscreen&quot;:{&quot;enabled&quot;:&quot;true&quot;},&quot;block&quot;:{&quot;moveOffset&quot;:20,&quot;speed&quot;:400,&quot;delay&quot;:200},&quot;width&quot;:&quot;100%&quot;,&quot;height&quot;:533,&quot;autoScaleSlider&quot;:&quot;true&quot;,&quot;autoScaleSliderHeight&quot;:533,&quot;imageScalePadding&quot;:0,&quot;arrowsNavAutoHide&quot;:&quot;false&quot;}'>\n<div class=\"rsContent\">\n  <img decoding=\"async\" class=\"rsImg\" src=\"https:\/\/www.santjosep.net\/wp-content\/uploads\/2015\/02\/IMG_8413_0007_Capa-1.jpg\" data-rsBigImg=\"https:\/\/www.santjosep.net\/wp-content\/uploads\/2015\/02\/IMG_8413_0007_Capa-1.jpg\" alt=\"IMG_8413_0007_Capa 1\"\/>\n  \n  \n  \n<\/div>\n<div class=\"rsContent\">\n  <img decoding=\"async\" class=\"rsImg\" src=\"https:\/\/www.santjosep.net\/wp-content\/uploads\/2015\/02\/IMG_8413_0002_Capa-6.jpg\" data-rsBigImg=\"https:\/\/www.santjosep.net\/wp-content\/uploads\/2015\/02\/IMG_8413_0002_Capa-6.jpg\" alt=\"IMG_8413_0002_Capa 6\"\/>\n  \n  \n  \n<\/div>\n<div class=\"rsContent\">\n  <img decoding=\"async\" class=\"rsImg\" src=\"https:\/\/www.santjosep.net\/wp-content\/uploads\/2015\/02\/IMG_8413_0001_Capa-4.jpg\" data-rsBigImg=\"https:\/\/www.santjosep.net\/wp-content\/uploads\/2015\/02\/IMG_8413_0001_Capa-4.jpg\" alt=\"IMG_8413_0001_Capa 4\"\/>\n  \n  \n  \n<\/div>\n<div class=\"rsContent\">\n  <img decoding=\"async\" class=\"rsImg\" src=\"https:\/\/www.santjosep.net\/wp-content\/uploads\/2015\/02\/IMG_8413_0000_Capa-7.jpg\" data-rsBigImg=\"https:\/\/www.santjosep.net\/wp-content\/uploads\/2015\/02\/IMG_8413_0000_Capa-7.jpg\" alt=\"IMG_8413_0000_Capa 7\"\/>\n  \n  \n  \n<\/div>\n\n<\/div>\n<br \/>\n[su_row] \u00a0 \u00a0[\/su_row]<\/p>\n<p>Platja d\u2019en Bossa \u00e9s especialista a satisfer tots els paladars, fins i tot els m\u00e9s exigents, amb la seva oferta variada de restaurants internacionals; menjar natural o bio, italians, <i>fast food<\/i>, japonesos, graella, tastar una bona paella eivissenca o simplement fer un piscolabis a peu de platja s\u00f3n algunes de les propostes de la zona adaptables a totes les butxaques. A m\u00e9s de la varietat de restaurants, l\u2019ambient jove i festiu de la zona complementen el \u00a0seu atractiu.<\/p>\n<h2>VISITAR<\/h2>\n<div id=\"new-royalslider-27\" class=\"royalSlider new-royalslider-27 rsDefaultInv rs-default-template\" style=\"width:100%;height:533px;;\" data-rs-options='{&quot;template&quot;:&quot;default&quot;,&quot;image_generation&quot;:{&quot;imageWidth&quot;:&quot;&quot;,&quot;imageHeight&quot;:&quot;&quot;,&quot;thumbImageWidth&quot;:&quot;&quot;,&quot;thumbImageHeight&quot;:&quot;&quot;},&quot;thumbs&quot;:{&quot;thumbWidth&quot;:96,&quot;thumbHeight&quot;:72},&quot;autoPlay&quot;:{&quot;delay&quot;:5000},&quot;fullscreen&quot;:{&quot;enabled&quot;:&quot;true&quot;},&quot;block&quot;:{&quot;moveOffset&quot;:20,&quot;speed&quot;:400,&quot;delay&quot;:200},&quot;width&quot;:&quot;100%&quot;,&quot;height&quot;:533,&quot;autoScaleSlider&quot;:&quot;true&quot;,&quot;autoScaleSliderHeight&quot;:533,&quot;imageScalePadding&quot;:0,&quot;arrowsNavAutoHide&quot;:&quot;false&quot;}'>\n<div class=\"rsContent\">\n  <img decoding=\"async\" class=\"rsImg\" src=\"https:\/\/www.santjosep.net\/wp-content\/uploads\/2014\/12\/sasalrossa_IMG_11771-1024x682.jpg\" data-rsBigImg=\"https:\/\/www.santjosep.net\/wp-content\/uploads\/2014\/12\/sasalrossa_IMG_11771.jpg\" alt=\"sasalrossa_IMG_1177\"\/>\n  \n  \n  \n<\/div>\n<div class=\"rsContent\">\n  <img decoding=\"async\" class=\"rsImg\" src=\"https:\/\/www.santjosep.net\/wp-content\/uploads\/2014\/11\/sessalines_sunset_IMG_1413-1024x682.jpg\" data-rsBigImg=\"https:\/\/www.santjosep.net\/wp-content\/uploads\/2014\/11\/sessalines_sunset_IMG_1413.jpg\" alt=\"sessalines_sunset_IMG_1413\"\/>\n  \n  \n  \n<\/div>\n<div class=\"rsContent\">\n  <img decoding=\"async\" class=\"rsImg\" src=\"https:\/\/www.santjosep.net\/wp-content\/uploads\/2014\/11\/sessalinesparque_IMG_9843-1024x682.jpg\" data-rsBigImg=\"https:\/\/www.santjosep.net\/wp-content\/uploads\/2014\/11\/sessalinesparque_IMG_9843.jpg\" alt=\"sessalinesparque_IMG_9843\"\/>\n  \n  \n  \n<\/div>\n<div class=\"rsContent\">\n  <img decoding=\"async\" class=\"rsImg\" src=\"https:\/\/www.santjosep.net\/wp-content\/uploads\/2014\/11\/sessalines_IMG_9829-1024x682.jpg\" data-rsBigImg=\"https:\/\/www.santjosep.net\/wp-content\/uploads\/2014\/11\/sessalines_IMG_9829.jpg\" alt=\"sessalines_IMG_9829\"\/>\n  \n  \n  \n<\/div>\n<div class=\"rsContent\">\n  <img decoding=\"async\" class=\"rsImg\" src=\"https:\/\/www.santjosep.net\/wp-content\/uploads\/2014\/11\/IMG_9409-1024x682.jpg\" data-rsBigImg=\"https:\/\/www.santjosep.net\/wp-content\/uploads\/2014\/11\/IMG_9409.jpg\" alt=\"IMG_9409\"\/>\n  \n  \n  \n<\/div>\n<div class=\"rsContent\">\n  <img decoding=\"async\" class=\"rsImg\" src=\"https:\/\/www.santjosep.net\/wp-content\/uploads\/2014\/11\/IMG_6197-1024x682.jpg\" data-rsBigImg=\"https:\/\/www.santjosep.net\/wp-content\/uploads\/2014\/11\/IMG_6197.jpg\" alt=\"IMG_6197\"\/>\n  \n  \n  \n<\/div>\n<div class=\"rsContent\">\n  <img decoding=\"async\" class=\"rsImg\" src=\"https:\/\/www.santjosep.net\/wp-content\/uploads\/2014\/11\/IMG_9378-1024x682.jpg\" data-rsBigImg=\"https:\/\/www.santjosep.net\/wp-content\/uploads\/2014\/11\/IMG_9378.jpg\" alt=\"IMG_9378\"\/>\n  \n  \n  \n<\/div>\n\n<\/div>\n<br \/>\n[su_row] \u00a0 \u00a0[\/su_row]<\/p>\n<p>Platja d\u2019en Bossa \u00e9s tamb\u00e9 el lloc idoni per gaudir del litoral de l\u2019illa amb un passeig preci\u00f3s pel Parc Natural de ses Salines, que comen\u00e7a al sud de la<strong> platja d\u2019en Bossa<\/strong>. En aquest mateix lloc, es troba la torre de sa Sal Rossa o des Carregador, joia arquitect\u00f2nica del segle XVI que antigament servia com a refugi de possibles atacs pirates. El passeig acaba amb les espectaculars vistes panor\u00e0miques de platja d\u2019en Bossa.<\/p>\n<p>Aqu\u00ed us deixem una guia per visitar el<strong> Parc Natural de ses Salines<\/strong>.<\/p>\n<h2><\/h2>\n<h2>UN MOMENT<\/h2>\n<p><a href=\"https:\/\/www.santjosep.net\/wp-content\/uploads\/2015\/02\/IMG_8413_0004_Depositphotos_54715623_m.jpg\"><img loading=\"lazy\" decoding=\"async\" class=\"alignnone size-full wp-image-2818\" src=\"https:\/\/www.santjosep.net\/wp-content\/uploads\/2015\/02\/IMG_8413_0004_Depositphotos_54715623_m.jpg\" alt=\"IMG_8413_0004_Depositphotos_54715623_m\" width=\"1020\" height=\"681\" srcset=\"https:\/\/www.santjosep.net\/wp-content\/uploads\/2015\/02\/IMG_8413_0004_Depositphotos_54715623_m.jpg 1020w, https:\/\/www.santjosep.net\/wp-content\/uploads\/2015\/02\/IMG_8413_0004_Depositphotos_54715623_m-300x200.jpg 300w\" sizes=\"auto, (max-width: 1020px) 100vw, 1020px\" \/><\/a><br \/>\nLa posta de sol perfecta \u00e9s una de les fotos m\u00e9s buscades durant les vacances a<strong> Eivissa<\/strong>, per\u00f2 poques persones saben que nom\u00e9s a platja d\u2019en Bossa es pot contemplar un dels espectacles m\u00e9s meravellosos de l\u2019illa: el trenc d\u2019alba. Des de la vora de la platja es poden veure les magn\u00edfiques vistes del sol al\u00e7ant-se sobre l\u2019antiga ciutat de Dalt Vila. Comen\u00e7a un nou dia!<\/p>\n<h2>EXPERI\u00c8NCIES<\/h2>\n<div id=\"new-royalslider-28\" class=\"royalSlider new-royalslider-28 rsDefaultInv rs-default-template\" style=\"width:100%;height:533px;;\" data-rs-options='{&quot;template&quot;:&quot;default&quot;,&quot;image_generation&quot;:{&quot;imageWidth&quot;:&quot;&quot;,&quot;imageHeight&quot;:&quot;&quot;,&quot;thumbImageWidth&quot;:&quot;&quot;,&quot;thumbImageHeight&quot;:&quot;&quot;},&quot;thumbs&quot;:{&quot;thumbWidth&quot;:96,&quot;thumbHeight&quot;:72},&quot;autoPlay&quot;:{&quot;delay&quot;:5000},&quot;fullscreen&quot;:{&quot;enabled&quot;:&quot;true&quot;},&quot;block&quot;:{&quot;moveOffset&quot;:20,&quot;speed&quot;:400,&quot;delay&quot;:200},&quot;width&quot;:&quot;100%&quot;,&quot;height&quot;:533,&quot;autoScaleSlider&quot;:&quot;true&quot;,&quot;autoScaleSliderHeight&quot;:533,&quot;imageScalePadding&quot;:0,&quot;arrowsNavAutoHide&quot;:&quot;false&quot;}'>\n<div class=\"rsContent\">\n  <img decoding=\"async\" class=\"rsImg\" src=\"https:\/\/www.santjosep.net\/wp-content\/uploads\/2015\/02\/IMG_8413_0005_Capa-5.jpg\" data-rsBigImg=\"https:\/\/www.santjosep.net\/wp-content\/uploads\/2015\/02\/IMG_8413_0005_Capa-5.jpg\" alt=\"IMG_8413_0005_Capa 5\"\/>\n  \n  \n  \n<\/div>\n<div class=\"rsContent\">\n  <img decoding=\"async\" class=\"rsImg\" src=\"https:\/\/www.santjosep.net\/wp-content\/uploads\/2015\/02\/IMG_8413_0006_Capa-2.jpg\" data-rsBigImg=\"https:\/\/www.santjosep.net\/wp-content\/uploads\/2015\/02\/IMG_8413_0006_Capa-2.jpg\" alt=\"IMG_8413_0006_Capa 2\"\/>\n  \n  \n  \n<\/div>\n<div class=\"rsContent\">\n  <img decoding=\"async\" class=\"rsImg\" src=\"https:\/\/www.santjosep.net\/wp-content\/uploads\/2015\/02\/carlcox.jpg\" data-rsBigImg=\"https:\/\/www.santjosep.net\/wp-content\/uploads\/2015\/02\/carlcox.jpg\" alt=\"carlcox\"\/>\n  \n  \n  \n<\/div>\n\n<\/div>\n<br \/>\n[su_row] \u00a0 \u00a0[\/su_row]<\/p>\n<p>Cada any, Eivissa \u00e9s la destinaci\u00f3 de milers de fans de la m\u00fasica electr\u00f2nica que busquen nous sons que facin ballar el cos al ritme m\u00e9s actual. A Platja d\u2019en Bossa es concentra una gran varietat de locals per a tots els gustos: artistes consagrats com Carl Cox, Martin Garrix o David Guetta us faran passar una nit inoblidable. Ja sigui amb una copa de cava, una sangria ben fresqueta en una luxosa gandula o un ball a les pistes m\u00e9s famoses del m\u00f3n, no us perdeu l\u2019oportunitat de con\u00e8ixer l\u2019aut\u00e8ntica nit eivissenca.<\/p>\n<h2>CURIOSITAT<\/h2>\n<div id=\"new-royalslider-29\" class=\"royalSlider new-royalslider-29 rsDefaultInv rs-default-template\" style=\"width:100%;height:533px;;\" data-rs-options='{&quot;template&quot;:&quot;default&quot;,&quot;image_generation&quot;:{&quot;imageWidth&quot;:&quot;&quot;,&quot;imageHeight&quot;:&quot;&quot;,&quot;thumbImageWidth&quot;:&quot;&quot;,&quot;thumbImageHeight&quot;:&quot;&quot;},&quot;thumbs&quot;:{&quot;thumbWidth&quot;:96,&quot;thumbHeight&quot;:72},&quot;autoPlay&quot;:{&quot;delay&quot;:5000},&quot;fullscreen&quot;:{&quot;enabled&quot;:&quot;true&quot;},&quot;block&quot;:{&quot;moveOffset&quot;:20,&quot;speed&quot;:400,&quot;delay&quot;:200},&quot;width&quot;:&quot;100%&quot;,&quot;height&quot;:533,&quot;autoScaleSlider&quot;:&quot;true&quot;,&quot;autoScaleSliderHeight&quot;:533,&quot;imageScaleMode&quot;:&quot;fill&quot;,&quot;imageScalePadding&quot;:0,&quot;arrowsNavAutoHide&quot;:&quot;false&quot;}'>\n<div class=\"rsContent\">\n  <img decoding=\"async\" class=\"rsImg\" src=\"https:\/\/www.santjosep.net\/wp-content\/uploads\/2015\/02\/formentera_playas.jpg\" data-rsBigImg=\"https:\/\/www.santjosep.net\/wp-content\/uploads\/2015\/02\/formentera_playas.jpg\" alt=\"formentera_playas\"\/>\n  \n  \n  \n<\/div>\n<div class=\"rsContent\">\n  <img decoding=\"async\" class=\"rsImg\" src=\"https:\/\/www.santjosep.net\/wp-content\/uploads\/2015\/02\/formentera1.jpg\" data-rsBigImg=\"https:\/\/www.santjosep.net\/wp-content\/uploads\/2015\/02\/formentera1.jpg\" alt=\"formentera1\"\/>\n  \n  \n  \n<\/div>\n<div class=\"rsContent\">\n  <img decoding=\"async\" class=\"rsImg\" src=\"https:\/\/www.santjosep.net\/wp-content\/uploads\/2015\/02\/formentera.jpg\" data-rsBigImg=\"https:\/\/www.santjosep.net\/wp-content\/uploads\/2015\/02\/formentera.jpg\" alt=\"formentera\"\/>\n  \n  \n  \n<\/div>\n\n<\/div>\n<br \/>\n[su_row] \u00a0 \u00a0[\/su_row]<\/p>\n<p><strong>Platja d\u2019en Bossa<\/strong> \u00e9s un dels pocs llocs des d\u2019on es pot anar a la Piti\u00fcsa menor evitant el tr\u00e0nsit del port principal de l\u2019illa. Des de Platja d\u2019en Bossa surten barques cada dia que us permeten sortir al mat\u00ed per passar un dia sencer a<strong> Formentera<\/strong> i tornar quan cau el sol aquell mateix dia.<\/p>\n<p>EMPRESES DE VIATGES A FORMENTERA<br \/>\n\u00b7 <a href=\"http:\/\/www.aquabusferryboats.com\/\">Aquabus Ferry Boats<br \/>\n<\/a>\u00b7 <a href=\"http:\/\/www.barcoibizaformentera.com\/\">Ulises Cat<\/a><\/p>\n","protected":false},"excerpt":{"rendered":"<p>Eivissa \u00e9s coneguda al voltant del m\u00f3n per les seves platges i l\u2019ambient desenfadat, per\u00f2 nom\u00e9s a Platja d\u2019en Bossa trobareu el lloc perfecte per viure a fons aquesta experi\u00e8ncia. Coneguda com \u00a0la platja m\u00e9s extensa de l\u2019illa, \u00e9s un [&hellip;]<\/p>\n","protected":false},"author":1,"featured_media":19578,"comment_status":"open","ping_status":"open","sticky":false,"template":"","format":"standard","meta":{"_acf_changed":false,"inline_featured_image":false,"footnotes":""},"categories":[205,211,207],"tags":[],"class_list":["post-13009","post","type-post","status-publish","format-standard","has-post-thumbnail","hentry","category-passejades-ca","category-postes-de-sol-ca","category-zones-ca"],"acf":[],"geo":null,"yoast_head":"<!-- This site is optimized with the Yoast SEO plugin v25.7 - https:\/\/yoast.com\/wordpress\/plugins\/seo\/ -->\n<title>6 idees: una guia de Platja d\u2019en Bossa (Eivissa) - Santjosep.net<\/title>\n<meta name=\"robots\" content=\"index, follow, max-snippet:-1, max-image-preview:large, max-video-preview:-1\" \/>\n<link rel=\"canonical\" href=\"https:\/\/www.santjosep.net\/ca\/6-idees-una-guia-de-platja-den-bossa-ibiza\/\" \/>\n<meta property=\"og:locale\" content=\"ca_ES\" \/>\n<meta property=\"og:type\" content=\"article\" \/>\n<meta property=\"og:title\" content=\"6 idees: una guia de Platja d\u2019en Bossa (Eivissa) - Santjosep.net\" \/>\n<meta property=\"og:description\" content=\"Eivissa \u00e9s coneguda al voltant del m\u00f3n per les seves platges i l\u2019ambient desenfadat, per\u00f2 nom\u00e9s a Platja d\u2019en Bossa trobareu el lloc perfecte per viure a fons aquesta experi\u00e8ncia. Coneguda com \u00a0la platja m\u00e9s extensa de l\u2019illa, \u00e9s un [&hellip;]\" \/>\n<meta property=\"og:url\" content=\"https:\/\/www.santjosep.net\/ca\/6-idees-una-guia-de-platja-den-bossa-ibiza\/\" \/>\n<meta property=\"og:site_name\" content=\"Santjosep.net\" \/>\n<meta property=\"article:published_time\" content=\"2015-02-22T17:52:12+00:00\" \/>\n<meta property=\"article:modified_time\" content=\"2020-01-22T08:50:53+00:00\" \/>\n<meta property=\"og:image\" content=\"https:\/\/www.santjosep.net\/wp-content\/uploads\/2015\/02\/calaconta.jpg\" \/>\n\t<meta property=\"og:image:width\" content=\"1200\" \/>\n\t<meta property=\"og:image:height\" content=\"800\" \/>\n\t<meta property=\"og:image:type\" content=\"image\/jpeg\" \/>\n<meta name=\"author\" content=\"Sant Josep\" \/>\n<meta name=\"twitter:card\" content=\"summary_large_image\" \/>\n<meta name=\"twitter:label1\" content=\"Escrit per\" \/>\n\t<meta name=\"twitter:data1\" content=\"Sant Josep\" \/>\n\t<meta name=\"twitter:label2\" content=\"Temps estimat de lectura\" \/>\n\t<meta name=\"twitter:data2\" content=\"3 minuts\" \/>\n<script type=\"application\/ld+json\" class=\"yoast-schema-graph\">{\"@context\":\"https:\/\/schema.org\",\"@graph\":[{\"@type\":\"WebPage\",\"@id\":\"https:\/\/www.santjosep.net\/ca\/6-idees-una-guia-de-platja-den-bossa-ibiza\/\",\"url\":\"https:\/\/www.santjosep.net\/ca\/6-idees-una-guia-de-platja-den-bossa-ibiza\/\",\"name\":\"6 idees: una guia de Platja d\u2019en Bossa (Eivissa) - Santjosep.net\",\"isPartOf\":{\"@id\":\"https:\/\/www.santjosep.net\/#website\"},\"primaryImageOfPage\":{\"@id\":\"https:\/\/www.santjosep.net\/ca\/6-idees-una-guia-de-platja-den-bossa-ibiza\/#primaryimage\"},\"image\":{\"@id\":\"https:\/\/www.santjosep.net\/ca\/6-idees-una-guia-de-platja-den-bossa-ibiza\/#primaryimage\"},\"thumbnailUrl\":\"https:\/\/www.santjosep.net\/wp-content\/uploads\/2015\/02\/calaconta.jpg\",\"datePublished\":\"2015-02-22T17:52:12+00:00\",\"dateModified\":\"2020-01-22T08:50:53+00:00\",\"author\":{\"@id\":\"https:\/\/www.santjosep.net\/#\/schema\/person\/b60e56f94e4e55776eb62bf4293f99b6\"},\"inLanguage\":\"ca\",\"potentialAction\":[{\"@type\":\"ReadAction\",\"target\":[\"https:\/\/www.santjosep.net\/ca\/6-idees-una-guia-de-platja-den-bossa-ibiza\/\"]}]},{\"@type\":\"ImageObject\",\"inLanguage\":\"ca\",\"@id\":\"https:\/\/www.santjosep.net\/ca\/6-idees-una-guia-de-platja-den-bossa-ibiza\/#primaryimage\",\"url\":\"https:\/\/www.santjosep.net\/wp-content\/uploads\/2015\/02\/calaconta.jpg\",\"contentUrl\":\"https:\/\/www.santjosep.net\/wp-content\/uploads\/2015\/02\/calaconta.jpg\",\"width\":1200,\"height\":800},{\"@type\":\"WebSite\",\"@id\":\"https:\/\/www.santjosep.net\/#website\",\"url\":\"https:\/\/www.santjosep.net\/\",\"name\":\"Santjosep.net\",\"description\":\"\",\"potentialAction\":[{\"@type\":\"SearchAction\",\"target\":{\"@type\":\"EntryPoint\",\"urlTemplate\":\"https:\/\/www.santjosep.net\/?s={search_term_string}\"},\"query-input\":{\"@type\":\"PropertyValueSpecification\",\"valueRequired\":true,\"valueName\":\"search_term_string\"}}],\"inLanguage\":\"ca\"},{\"@type\":\"Person\",\"@id\":\"https:\/\/www.santjosep.net\/#\/schema\/person\/b60e56f94e4e55776eb62bf4293f99b6\",\"name\":\"Sant Josep\",\"image\":{\"@type\":\"ImageObject\",\"inLanguage\":\"ca\",\"@id\":\"https:\/\/www.santjosep.net\/#\/schema\/person\/image\/\",\"url\":\"https:\/\/secure.gravatar.com\/avatar\/2f4071817a97d2499c5aae9674ee15015b5a3c7c0974ca84f095a8e4aadcda56?s=96&d=mm&r=g\",\"contentUrl\":\"https:\/\/secure.gravatar.com\/avatar\/2f4071817a97d2499c5aae9674ee15015b5a3c7c0974ca84f095a8e4aadcda56?s=96&d=mm&r=g\",\"caption\":\"Sant Josep\"},\"url\":\"https:\/\/www.santjosep.net\/ca\/author\/fugrafic\/\"}]}<\/script>\n<!-- \/ Yoast SEO plugin. -->","yoast_head_json":{"title":"6 idees: una guia de Platja d\u2019en Bossa (Eivissa) - Santjosep.net","robots":{"index":"index","follow":"follow","max-snippet":"max-snippet:-1","max-image-preview":"max-image-preview:large","max-video-preview":"max-video-preview:-1"},"canonical":"https:\/\/www.santjosep.net\/ca\/6-idees-una-guia-de-platja-den-bossa-ibiza\/","og_locale":"ca_ES","og_type":"article","og_title":"6 idees: una guia de Platja d\u2019en Bossa (Eivissa) - Santjosep.net","og_description":"Eivissa \u00e9s coneguda al voltant del m\u00f3n per les seves platges i l\u2019ambient desenfadat, per\u00f2 nom\u00e9s a Platja d\u2019en Bossa trobareu el lloc perfecte per viure a fons aquesta experi\u00e8ncia. Coneguda com \u00a0la platja m\u00e9s extensa de l\u2019illa, \u00e9s un [&hellip;]","og_url":"https:\/\/www.santjosep.net\/ca\/6-idees-una-guia-de-platja-den-bossa-ibiza\/","og_site_name":"Santjosep.net","article_published_time":"2015-02-22T17:52:12+00:00","article_modified_time":"2020-01-22T08:50:53+00:00","og_image":[{"width":1200,"height":800,"url":"https:\/\/www.santjosep.net\/wp-content\/uploads\/2015\/02\/calaconta.jpg","type":"image\/jpeg"}],"author":"Sant Josep","twitter_card":"summary_large_image","twitter_misc":{"Escrit per":"Sant Josep","Temps estimat de lectura":"3 minuts"},"schema":{"@context":"https:\/\/schema.org","@graph":[{"@type":"WebPage","@id":"https:\/\/www.santjosep.net\/ca\/6-idees-una-guia-de-platja-den-bossa-ibiza\/","url":"https:\/\/www.santjosep.net\/ca\/6-idees-una-guia-de-platja-den-bossa-ibiza\/","name":"6 idees: una guia de Platja d\u2019en Bossa (Eivissa) - Santjosep.net","isPartOf":{"@id":"https:\/\/www.santjosep.net\/#website"},"primaryImageOfPage":{"@id":"https:\/\/www.santjosep.net\/ca\/6-idees-una-guia-de-platja-den-bossa-ibiza\/#primaryimage"},"image":{"@id":"https:\/\/www.santjosep.net\/ca\/6-idees-una-guia-de-platja-den-bossa-ibiza\/#primaryimage"},"thumbnailUrl":"https:\/\/www.santjosep.net\/wp-content\/uploads\/2015\/02\/calaconta.jpg","datePublished":"2015-02-22T17:52:12+00:00","dateModified":"2020-01-22T08:50:53+00:00","author":{"@id":"https:\/\/www.santjosep.net\/#\/schema\/person\/b60e56f94e4e55776eb62bf4293f99b6"},"inLanguage":"ca","potentialAction":[{"@type":"ReadAction","target":["https:\/\/www.santjosep.net\/ca\/6-idees-una-guia-de-platja-den-bossa-ibiza\/"]}]},{"@type":"ImageObject","inLanguage":"ca","@id":"https:\/\/www.santjosep.net\/ca\/6-idees-una-guia-de-platja-den-bossa-ibiza\/#primaryimage","url":"https:\/\/www.santjosep.net\/wp-content\/uploads\/2015\/02\/calaconta.jpg","contentUrl":"https:\/\/www.santjosep.net\/wp-content\/uploads\/2015\/02\/calaconta.jpg","width":1200,"height":800},{"@type":"WebSite","@id":"https:\/\/www.santjosep.net\/#website","url":"https:\/\/www.santjosep.net\/","name":"Santjosep.net","description":"","potentialAction":[{"@type":"SearchAction","target":{"@type":"EntryPoint","urlTemplate":"https:\/\/www.santjosep.net\/?s={search_term_string}"},"query-input":{"@type":"PropertyValueSpecification","valueRequired":true,"valueName":"search_term_string"}}],"inLanguage":"ca"},{"@type":"Person","@id":"https:\/\/www.santjosep.net\/#\/schema\/person\/b60e56f94e4e55776eb62bf4293f99b6","name":"Sant Josep","image":{"@type":"ImageObject","inLanguage":"ca","@id":"https:\/\/www.santjosep.net\/#\/schema\/person\/image\/","url":"https:\/\/secure.gravatar.com\/avatar\/2f4071817a97d2499c5aae9674ee15015b5a3c7c0974ca84f095a8e4aadcda56?s=96&d=mm&r=g","contentUrl":"https:\/\/secure.gravatar.com\/avatar\/2f4071817a97d2499c5aae9674ee15015b5a3c7c0974ca84f095a8e4aadcda56?s=96&d=mm&r=g","caption":"Sant Josep"},"url":"https:\/\/www.santjosep.net\/ca\/author\/fugrafic\/"}]}},"_links":{"self":[{"href":"https:\/\/www.santjosep.net\/ca\/wp-json\/wp\/v2\/posts\/13009","targetHints":{"allow":["GET"]}}],"collection":[{"href":"https:\/\/www.santjosep.net\/ca\/wp-json\/wp\/v2\/posts"}],"about":[{"href":"https:\/\/www.santjosep.net\/ca\/wp-json\/wp\/v2\/types\/post"}],"author":[{"embeddable":true,"href":"https:\/\/www.santjosep.net\/ca\/wp-json\/wp\/v2\/users\/1"}],"replies":[{"embeddable":true,"href":"https:\/\/www.santjosep.net\/ca\/wp-json\/wp\/v2\/comments?post=13009"}],"version-history":[{"count":0,"href":"https:\/\/www.santjosep.net\/ca\/wp-json\/wp\/v2\/posts\/13009\/revisions"}],"wp:featuredmedia":[{"embeddable":true,"href":"https:\/\/www.santjosep.net\/ca\/wp-json\/wp\/v2\/media\/19578"}],"wp:attachment":[{"href":"https:\/\/www.santjosep.net\/ca\/wp-json\/wp\/v2\/media?parent=13009"}],"wp:term":[{"taxonomy":"category","embeddable":true,"href":"https:\/\/www.santjosep.net\/ca\/wp-json\/wp\/v2\/categories?post=13009"},{"taxonomy":"post_tag","embeddable":true,"href":"https:\/\/www.santjosep.net\/ca\/wp-json\/wp\/v2\/tags?post=13009"}],"curies":[{"name":"wp","href":"https:\/\/api.w.org\/{rel}","templated":true}]}}