{"id":13007,"date":"2015-02-10T11:05:21","date_gmt":"2015-02-10T11:05:21","guid":{"rendered":"https:\/\/www.santjosep.net\/6-ideas-una-guia-de-platges-de-comte-cala-conta-ibiza\/"},"modified":"2020-01-22T09:41:17","modified_gmt":"2020-01-22T08:41:17","slug":"6-idees-una-guia-de-platges-de-comte-cala-conta-ibiza","status":"publish","type":"post","link":"https:\/\/www.santjosep.net\/ca\/6-idees-una-guia-de-platges-de-comte-cala-conta-ibiza\/","title":{"rendered":"6 idees: una guia de platges de Comte (platges de Comte- Eivissa)"},"content":{"rendered":"<p>Unes vacances perfectes a Eivissa inclouen sempre dies de sol a la platja i banys refrescants al mar. No hi ha res millor que gaudir de tot aix\u00f2 en un lloc tan id\u00edl\u00b7lic com platges de Comte, on les seves aig\u00fces turqueses i l\u2019excepcional posta de sol fan que aquest lloc no tingui res a envejar a les paradis\u00edaques platges del Carib. \u00a0Gaudiu d\u2019un dia complet a platges de Comte, on podreu:<\/p>\n<h2>MENJAR<\/h2>\n<div id=\"new-royalslider-21\" class=\"royalSlider new-royalslider-21 rsDefaultInv rs-default-template\" style=\"width:100%;height:533px;;\" data-rs-options='{&quot;template&quot;:&quot;default&quot;,&quot;image_generation&quot;:{&quot;imageWidth&quot;:&quot;&quot;,&quot;imageHeight&quot;:&quot;&quot;,&quot;thumbImageWidth&quot;:&quot;&quot;,&quot;thumbImageHeight&quot;:&quot;&quot;},&quot;thumbs&quot;:{&quot;thumbWidth&quot;:96,&quot;thumbHeight&quot;:72},&quot;autoPlay&quot;:{&quot;delay&quot;:5000},&quot;fullscreen&quot;:{&quot;enabled&quot;:&quot;true&quot;},&quot;block&quot;:{&quot;moveOffset&quot;:20,&quot;speed&quot;:400,&quot;delay&quot;:200},&quot;width&quot;:&quot;100%&quot;,&quot;height&quot;:533,&quot;autoScaleSlider&quot;:&quot;true&quot;,&quot;autoScaleSliderHeight&quot;:533,&quot;imageScalePadding&quot;:0,&quot;arrowsNavAutoHide&quot;:&quot;false&quot;}'>\n<div class=\"rsContent\">\n  <img decoding=\"async\" class=\"rsImg\" src=\"https:\/\/www.santjosep.net\/wp-content\/uploads\/2015\/02\/calaconta_SDIM1637-1024x682.jpg\" data-rsBigImg=\"https:\/\/www.santjosep.net\/wp-content\/uploads\/2015\/02\/calaconta_SDIM1637.jpg\" alt=\"calaconta_SDIM1637\"\/>\n  \n  \n  \n<\/div>\n<div class=\"rsContent\">\n  <img decoding=\"async\" class=\"rsImg\" src=\"https:\/\/www.santjosep.net\/wp-content\/uploads\/2015\/02\/IMG_0215_4272-x-2848.jpg\" data-rsBigImg=\"https:\/\/www.santjosep.net\/wp-content\/uploads\/2015\/02\/IMG_0215_4272-x-2848.jpg\" alt=\"IMG_0215_4272 x 2848\"\/>\n  \n  \n  \n<\/div>\n<div class=\"rsContent\">\n  <img decoding=\"async\" class=\"rsImg\" src=\"https:\/\/www.santjosep.net\/wp-content\/uploads\/2015\/02\/paella_IMG_0112-1024x682.jpg\" data-rsBigImg=\"https:\/\/www.santjosep.net\/wp-content\/uploads\/2015\/02\/paella_IMG_0112.jpg\" alt=\"paella_IMG_0112\"\/>\n  \n  \n  \n<\/div>\n<div class=\"rsContent\">\n  <img decoding=\"async\" class=\"rsImg\" src=\"https:\/\/www.santjosep.net\/wp-content\/uploads\/2015\/02\/IMG_0720.jpg\" data-rsBigImg=\"https:\/\/www.santjosep.net\/wp-content\/uploads\/2015\/02\/IMG_0720.jpg\" alt=\"IMG_0720\"\/>\n  \n  \n  \n<\/div>\n\n<\/div>\n<br \/>\n[su_row] \u00a0 \u00a0[\/su_row]<\/p>\n<p>Platges de Comte disposa de tres restaurants en primera l\u00ednia del mar que ofereixen unes vistes magn\u00edfiques mentre mengeu plats exquisits cuinats amb tota l\u2019ess\u00e8ncia del Mediterrani. Peix eivissenc del dia, arrossos t\u00edpics de l\u2019illa o, fins i tot, propostes m\u00e9s ex\u00f2tiques com el sushi, s\u00f3n alguns dels deliciosos menjars que es poden degustar a platges de Comte. No \u00e9s estrany que sigui un lloc predilecte per a celebracions de tot tipus, ja que l\u2019ess\u00e8ncia de l\u2019illa i la bellesa d\u2019aquest paratge natural el converteixen en un lloc \u00fanic.<\/p>\n<h2>VISITAR<\/h2>\n<div id=\"new-royalslider-22\" class=\"royalSlider new-royalslider-22 rsDefaultInv rs-default-template\" style=\"width:100%;height:533px;;\" data-rs-options='{&quot;template&quot;:&quot;default&quot;,&quot;image_generation&quot;:{&quot;imageWidth&quot;:&quot;&quot;,&quot;imageHeight&quot;:&quot;&quot;,&quot;thumbImageWidth&quot;:&quot;&quot;,&quot;thumbImageHeight&quot;:&quot;&quot;},&quot;thumbs&quot;:{&quot;thumbWidth&quot;:96,&quot;thumbHeight&quot;:72},&quot;autoPlay&quot;:{&quot;delay&quot;:5000},&quot;fullscreen&quot;:{&quot;enabled&quot;:&quot;true&quot;},&quot;block&quot;:{&quot;moveOffset&quot;:20,&quot;speed&quot;:400,&quot;delay&quot;:200},&quot;width&quot;:&quot;100%&quot;,&quot;height&quot;:533,&quot;autoScaleSlider&quot;:&quot;true&quot;,&quot;autoScaleSliderHeight&quot;:533,&quot;imageScalePadding&quot;:0,&quot;arrowsNavAutoHide&quot;:&quot;false&quot;}'>\n<div class=\"rsContent\">\n  <img decoding=\"async\" class=\"rsImg\" src=\"https:\/\/www.santjosep.net\/wp-content\/uploads\/2015\/02\/IMG_0186_4272-x-2848.jpg\" data-rsBigImg=\"https:\/\/www.santjosep.net\/wp-content\/uploads\/2015\/02\/IMG_0186_4272-x-2848.jpg\" alt=\"IMG_0186_4272 x 2848\"\/>\n  \n  \n  \n<\/div>\n<div class=\"rsContent\">\n  <img decoding=\"async\" class=\"rsImg\" src=\"https:\/\/www.santjosep.net\/wp-content\/uploads\/2015\/02\/IMG_0168_4272-x-2848.jpg\" data-rsBigImg=\"https:\/\/www.santjosep.net\/wp-content\/uploads\/2015\/02\/IMG_0168_4272-x-2848.jpg\" alt=\"IMG_0168_4272 x 2848\"\/>\n  \n  \n  \n<\/div>\n<div class=\"rsContent\">\n  <img decoding=\"async\" class=\"rsImg\" src=\"https:\/\/www.santjosep.net\/wp-content\/uploads\/2015\/02\/IMG_0187_4272-x-2848.jpg\" data-rsBigImg=\"https:\/\/www.santjosep.net\/wp-content\/uploads\/2015\/02\/IMG_0187_4272-x-2848.jpg\" alt=\"IMG_0187_4272 x 2848\"\/>\n  \n  \n  \n<\/div>\n<div class=\"rsContent\">\n  <img decoding=\"async\" class=\"rsImg\" src=\"https:\/\/www.santjosep.net\/wp-content\/uploads\/2015\/02\/PLAYA-COMPTE.jpg\" data-rsBigImg=\"https:\/\/www.santjosep.net\/wp-content\/uploads\/2015\/02\/PLAYA-COMPTE.jpg\" alt=\"PLAYA COMPTE\"\/>\n  \n  \n  \n<\/div>\n<div class=\"rsContent\">\n  <img decoding=\"async\" class=\"rsImg\" src=\"https:\/\/www.santjosep.net\/wp-content\/uploads\/2015\/02\/IMG_0115.jpg\" data-rsBigImg=\"https:\/\/www.santjosep.net\/wp-content\/uploads\/2015\/02\/IMG_0115.jpg\" alt=\"IMG_0115\"\/>\n  \n  \n  \n<\/div>\n<div class=\"rsContent\">\n  <img decoding=\"async\" class=\"rsImg\" src=\"https:\/\/www.santjosep.net\/wp-content\/uploads\/2015\/02\/calaconta_IMG_9989.jpg\" data-rsBigImg=\"https:\/\/www.santjosep.net\/wp-content\/uploads\/2015\/02\/calaconta_IMG_9989.jpg\" alt=\"calaconta_IMG_9989\"\/>\n  \n  \n  \n<\/div>\n<div class=\"rsContent\">\n  <img decoding=\"async\" class=\"rsImg\" src=\"https:\/\/www.santjosep.net\/wp-content\/uploads\/2015\/02\/IMG_2721.jpg\" data-rsBigImg=\"https:\/\/www.santjosep.net\/wp-content\/uploads\/2015\/02\/IMG_2721.jpg\" alt=\"IMG_2721\"\/>\n  \n  \n  \n<\/div>\n<div class=\"rsContent\">\n  <img decoding=\"async\" class=\"rsImg\" src=\"https:\/\/www.santjosep.net\/wp-content\/uploads\/2015\/02\/IMG_4777.jpg\" data-rsBigImg=\"https:\/\/www.santjosep.net\/wp-content\/uploads\/2015\/02\/IMG_4777.jpg\" alt=\"IMG_4777\"\/>\n  \n  \n  \n<\/div>\n\n<\/div>\n<br \/>\n[su_row] \u00a0 \u00a0[\/su_row]<\/p>\n<p>En aquest singular paratge hi ha molts de racons dignes d\u2019explorar. Si passegeu per la costa us trobareu, a la zona m\u00e9s occidental, es <b>Rac\u00f3 d\u2019en Xic<\/b>, una petita platja amb cases de vaixell m\u00e9s apartada que les altres platges de la zona. Si us dirigiu cap a l\u2019est, passareu un petit penya-segat perfecte per observar el Parc Natural del illots de Ponent, que s\u2019escampen per tot l\u2019horitz\u00f3. Despr\u00e9s arribareu a les diferents platges que formen part de platges de Comte, amb sorra blanca i aig\u00fces cristal\u00b7lines. Si seguiu caminant, veureu un petit embarcador amagat a una badia d\u2019aig\u00fces cristal\u00b7lines i transparents. A l\u2019altre costat de la badia es veuen diverses casetes de pescadors perfectes per escapar-vos del tr\u00e0fec de les platges principals. Si sou d\u2019aquells que volen completar la ruta a peu, \u00e9s una gran ocasi\u00f3 per visitar la torre d\u2019en Rovira, que es troba a pocs quil\u00f2metres de la zona. Des d\u2019all\u00e0 s\u2019observa una magn\u00edfica panor\u00e0mica de la costa de platges de Comte.<\/p>\n<h2>UN MOMENT<\/h2>\n<div id=\"new-royalslider-23\" class=\"royalSlider new-royalslider-23 rsDefaultInv rs-default-template\" style=\"width:100%;height:533px;;\" data-rs-options='{&quot;template&quot;:&quot;default&quot;,&quot;image_generation&quot;:{&quot;imageWidth&quot;:&quot;&quot;,&quot;imageHeight&quot;:&quot;&quot;,&quot;thumbImageWidth&quot;:&quot;&quot;,&quot;thumbImageHeight&quot;:&quot;&quot;},&quot;thumbs&quot;:{&quot;thumbWidth&quot;:96,&quot;thumbHeight&quot;:72},&quot;autoPlay&quot;:{&quot;delay&quot;:5000},&quot;fullscreen&quot;:{&quot;enabled&quot;:&quot;true&quot;},&quot;block&quot;:{&quot;moveOffset&quot;:20,&quot;speed&quot;:400,&quot;delay&quot;:200},&quot;width&quot;:&quot;100%&quot;,&quot;height&quot;:533,&quot;autoScaleSlider&quot;:&quot;true&quot;,&quot;autoScaleSliderHeight&quot;:533,&quot;imageScalePadding&quot;:0,&quot;arrowsNavAutoHide&quot;:&quot;false&quot;}'>\n<div class=\"rsContent\">\n  <img decoding=\"async\" class=\"rsImg\" src=\"https:\/\/www.santjosep.net\/wp-content\/uploads\/2015\/02\/IMG_5103.jpg\" data-rsBigImg=\"https:\/\/www.santjosep.net\/wp-content\/uploads\/2015\/02\/IMG_5103.jpg\" alt=\"IMG_5103\"\/>\n  \n  \n  \n<\/div>\n<div class=\"rsContent\">\n  <img decoding=\"async\" class=\"rsImg\" src=\"https:\/\/www.santjosep.net\/wp-content\/uploads\/2015\/02\/IMG_1726-1024x682.jpg\" data-rsBigImg=\"https:\/\/www.santjosep.net\/wp-content\/uploads\/2015\/02\/IMG_1726.jpg\" alt=\"IMG_1726\"\/>\n  \n  \n  \n<\/div>\n<div class=\"rsContent\">\n  <img decoding=\"async\" class=\"rsImg\" src=\"https:\/\/www.santjosep.net\/wp-content\/uploads\/2015\/02\/IMG_1712-1024x682.jpg\" data-rsBigImg=\"https:\/\/www.santjosep.net\/wp-content\/uploads\/2015\/02\/IMG_1712.jpg\" alt=\"IMG_1712\"\/>\n  \n  \n  \n<\/div>\n<div class=\"rsContent\">\n  <img decoding=\"async\" class=\"rsImg\" src=\"https:\/\/www.santjosep.net\/wp-content\/uploads\/2015\/02\/calaconta_IMG_9472-1024x768.jpg\" data-rsBigImg=\"https:\/\/www.santjosep.net\/wp-content\/uploads\/2015\/02\/calaconta_IMG_9472.jpg\" alt=\"calaconta_IMG_9472\"\/>\n  \n  \n  \n<\/div>\n<div class=\"rsContent\">\n  <img decoding=\"async\" class=\"rsImg\" src=\"https:\/\/www.santjosep.net\/wp-content\/uploads\/2015\/02\/IMG_1705-1024x682.jpg\" data-rsBigImg=\"https:\/\/www.santjosep.net\/wp-content\/uploads\/2015\/02\/IMG_1705.jpg\" alt=\"IMG_1705\"\/>\n  \n  \n  \n<\/div>\n\n<\/div>\n<br \/>\n[su_row] \u00a0 \u00a0[\/su_row]<\/p>\n<p>La m\u00e0gia de <b>platges de Comte <\/b>no nom\u00e9s resideix en l\u2019espectacular bellesa de les seues aig\u00fces cristal\u00b7lines, sin\u00f3 tamb\u00e9 en una de les postes de sol m\u00e9s emblem\u00e0tiques de l\u2019illa. Cada dia veurem una posta de sol irrepetible, on l\u2019imprevisible sol s\u2019amaga darrere un illot de Ponent diferent quan cau la nit. Gaudir dels c\u00e0lids colors del vespre amb el so del mar de fons i un refrescant <i>mojito<\/i> \u00e9s el colof\u00f3 ideal per un dia a <b>platges de Comte<\/b>.<\/p>\n<p>&nbsp;<\/p>\n<h2>EXPERI\u00c8NCIES<\/h2>\n<div id=\"new-royalslider-24\" class=\"royalSlider new-royalslider-24 rsDefaultInv rs-default-template\" style=\"width:100%;height:533px;;\" data-rs-options='{&quot;template&quot;:&quot;default&quot;,&quot;image_generation&quot;:{&quot;imageWidth&quot;:&quot;&quot;,&quot;imageHeight&quot;:&quot;&quot;,&quot;thumbImageWidth&quot;:&quot;&quot;,&quot;thumbImageHeight&quot;:&quot;&quot;},&quot;thumbs&quot;:{&quot;thumbWidth&quot;:96,&quot;thumbHeight&quot;:72},&quot;autoPlay&quot;:{&quot;delay&quot;:5000},&quot;fullscreen&quot;:{&quot;enabled&quot;:&quot;true&quot;},&quot;block&quot;:{&quot;moveOffset&quot;:20,&quot;speed&quot;:400,&quot;delay&quot;:200},&quot;width&quot;:&quot;100%&quot;,&quot;height&quot;:533,&quot;autoScaleSlider&quot;:&quot;true&quot;,&quot;autoScaleSliderHeight&quot;:533,&quot;imageScalePadding&quot;:0,&quot;arrowsNavAutoHide&quot;:&quot;false&quot;}'>\n<div class=\"rsContent\">\n  <img decoding=\"async\" class=\"rsImg\" src=\"https:\/\/www.santjosep.net\/wp-content\/uploads\/2015\/02\/calaconta_IMG_3826-1024x682.jpg\" data-rsBigImg=\"https:\/\/www.santjosep.net\/wp-content\/uploads\/2015\/02\/calaconta_IMG_3826.jpg\" alt=\"calaconta_IMG_3826\"\/>\n  \n  \n  \n<\/div>\n<div class=\"rsContent\">\n  <img decoding=\"async\" class=\"rsImg\" src=\"https:\/\/www.santjosep.net\/wp-content\/uploads\/2015\/02\/IMG_0693-1024x682.jpg\" data-rsBigImg=\"https:\/\/www.santjosep.net\/wp-content\/uploads\/2015\/02\/IMG_0693.jpg\" alt=\"IMG_0693\"\/>\n  \n  \n  \n<\/div>\n<div class=\"rsContent\">\n  <img decoding=\"async\" class=\"rsImg\" src=\"https:\/\/www.santjosep.net\/wp-content\/uploads\/2015\/02\/IMG_0726-1024x682.jpg\" data-rsBigImg=\"https:\/\/www.santjosep.net\/wp-content\/uploads\/2015\/02\/IMG_0726.jpg\" alt=\"IMG_0726\"\/>\n  \n  \n  \n<\/div>\n<div class=\"rsContent\">\n  <img decoding=\"async\" class=\"rsImg\" src=\"https:\/\/www.santjosep.net\/wp-content\/uploads\/2015\/02\/IMG_0702-1024x682.jpg\" data-rsBigImg=\"https:\/\/www.santjosep.net\/wp-content\/uploads\/2015\/02\/IMG_0702.jpg\" alt=\"IMG_0702\"\/>\n  \n  \n  \n<\/div>\n\n<\/div>\n<br \/>\n[su_row] \u00a0 \u00a0[\/su_row]<\/p>\n<p>Arribar a <b>platges de Comte<\/b> amb vaixell \u00e9s una experi\u00e8ncia molt original que permet al visitant con\u00e8ixer m\u00e9s a fons la costa de la zona. Aix\u00f2 \u00e9s possible gr\u00e0cies a les excursions que ofereixen diverses companyies de vaixells de Sant Antoni. La claredat de les seves aig\u00fces la converteix tamb\u00e9 en un lloc perfecte per a practicar <i>snorkel<\/i>, mentre que aquells que prefereixin m\u00e9s moviment poden llogar una moto d\u2019aigua per rec\u00f3rrer la zona. La variada costa de platges de Comte tamb\u00e9 \u00e9s un lloc perfecte per fer llargs passejos en caiac o <i>paddle surf<\/i> i aix\u00ed poder explorar cadascun dels seus amagatalls. Platges de Comte no nom\u00e9s es pot aprofitar a l\u2019estiu, sin\u00f3 que a l\u2019 hivern \u00e9s f\u00e0cil veure-hi algun pescador o, fins i tot, als dies de vent de ponent, el <i>kite surf<\/i> es converteix en l\u2019esport estrella de la platja.<\/p>\n<h2>CURIOSIDAD<\/h2>\n<div id=\"new-royalslider-25\" class=\"royalSlider new-royalslider-25 rsDefaultInv rs-default-template\" style=\"width:100%;height:533px;;\" data-rs-options='{&quot;template&quot;:&quot;default&quot;,&quot;image_generation&quot;:{&quot;imageWidth&quot;:&quot;&quot;,&quot;imageHeight&quot;:&quot;&quot;,&quot;thumbImageWidth&quot;:&quot;&quot;,&quot;thumbImageHeight&quot;:&quot;&quot;},&quot;thumbs&quot;:{&quot;thumbWidth&quot;:96,&quot;thumbHeight&quot;:72},&quot;autoPlay&quot;:{&quot;delay&quot;:5000},&quot;fullscreen&quot;:{&quot;enabled&quot;:&quot;true&quot;},&quot;block&quot;:{&quot;moveOffset&quot;:20,&quot;speed&quot;:400,&quot;delay&quot;:200},&quot;width&quot;:&quot;100%&quot;,&quot;height&quot;:533,&quot;autoScaleSlider&quot;:&quot;true&quot;,&quot;autoScaleSliderHeight&quot;:533,&quot;imageScalePadding&quot;:0,&quot;arrowsNavAutoHide&quot;:&quot;false&quot;}'>\n<div class=\"rsContent\">\n  <img decoding=\"async\" class=\"rsImg\" src=\"https:\/\/www.santjosep.net\/wp-content\/uploads\/2015\/02\/calaconta_IMG_0176-1024x682.jpg\" data-rsBigImg=\"https:\/\/www.santjosep.net\/wp-content\/uploads\/2015\/02\/calaconta_IMG_0176.jpg\" alt=\"calaconta_IMG_0176\"\/>\n  \n  \n  \n<\/div>\n<div class=\"rsContent\">\n  <img decoding=\"async\" class=\"rsImg\" src=\"https:\/\/www.santjosep.net\/wp-content\/uploads\/2015\/02\/IMG_5028.jpg\" data-rsBigImg=\"https:\/\/www.santjosep.net\/wp-content\/uploads\/2015\/02\/IMG_5028.jpg\" alt=\"IMG_5028\"\/>\n  \n  \n  \n<\/div>\n\n<\/div>\n<br \/>\n[su_row] \u00a0 \u00a0[\/su_row]<\/p>\n<p>Platges de Comte \u00e9s de les platges m\u00e9s originals de l\u2019illa amb una gran diversitat de visitants. Un exemple \u00e9s la categoria de nudista de la platja des<strong> Rac\u00f3 d\u2019en Xic<\/strong>, que exhibeix el costat m\u00e9s liberal del lloc. M\u00e9s cap a l\u2019oest de platges de Comte trobareu, amagat sota els penya-segats que miren cap a ponent, un altre \u00a0rac\u00f3 particular de la zona: sa Figuera Borda, una curiosa badia amb casetes de vaixell sota una espectacular cova que travessa el penya-segat d\u2019un costat a l\u2019altre i, a m\u00e9s, gaudeix d\u2019una perspectiva ideal per la posta de sol hivernal.<\/p>\n","protected":false},"excerpt":{"rendered":"<p>Unes vacances perfectes a Eivissa inclouen sempre dies de sol a la platja i banys refrescants al mar. No hi ha res millor que gaudir de tot aix\u00f2 en un lloc tan id\u00edl\u00b7lic com platges de Comte, on les seves [&hellip;]<\/p>\n","protected":false},"author":1,"featured_media":13008,"comment_status":"open","ping_status":"open","sticky":false,"template":"","format":"standard","meta":{"_acf_changed":false,"inline_featured_image":false,"footnotes":""},"categories":[205,211,207],"tags":[],"class_list":["post-13007","post","type-post","status-publish","format-standard","has-post-thumbnail","hentry","category-passejades-ca","category-postes-de-sol-ca","category-zones-ca"],"acf":[],"geo":null,"yoast_head":"<!-- This site is optimized with the Yoast SEO plugin v25.7 - https:\/\/yoast.com\/wordpress\/plugins\/seo\/ -->\n<title>6 idees: una guia de platges de Comte (platges de Comte- Eivissa) - Santjosep.net<\/title>\n<meta name=\"robots\" content=\"index, follow, max-snippet:-1, max-image-preview:large, max-video-preview:-1\" \/>\n<link rel=\"canonical\" href=\"https:\/\/www.santjosep.net\/ca\/6-idees-una-guia-de-platges-de-comte-cala-conta-ibiza\/\" \/>\n<meta property=\"og:locale\" content=\"ca_ES\" \/>\n<meta property=\"og:type\" content=\"article\" \/>\n<meta property=\"og:title\" content=\"6 idees: una guia de platges de Comte (platges de Comte- Eivissa) - Santjosep.net\" \/>\n<meta property=\"og:description\" content=\"Unes vacances perfectes a Eivissa inclouen sempre dies de sol a la platja i banys refrescants al mar. No hi ha res millor que gaudir de tot aix\u00f2 en un lloc tan id\u00edl\u00b7lic com platges de Comte, on les seves [&hellip;]\" \/>\n<meta property=\"og:url\" content=\"https:\/\/www.santjosep.net\/ca\/6-idees-una-guia-de-platges-de-comte-cala-conta-ibiza\/\" \/>\n<meta property=\"og:site_name\" content=\"Santjosep.net\" \/>\n<meta property=\"article:published_time\" content=\"2015-02-10T11:05:21+00:00\" \/>\n<meta property=\"article:modified_time\" content=\"2020-01-22T08:41:17+00:00\" \/>\n<meta property=\"og:image\" content=\"https:\/\/www.santjosep.net\/wp-content\/uploads\/2015\/02\/calaconta__6IDEAS_IMG_0007.jpg\" \/>\n\t<meta property=\"og:image:width\" content=\"1200\" \/>\n\t<meta property=\"og:image:height\" content=\"800\" \/>\n\t<meta property=\"og:image:type\" content=\"image\/jpeg\" \/>\n<meta name=\"author\" content=\"Sant Josep\" \/>\n<meta name=\"twitter:card\" content=\"summary_large_image\" \/>\n<meta name=\"twitter:label1\" content=\"Escrit per\" \/>\n\t<meta name=\"twitter:data1\" content=\"Sant Josep\" \/>\n\t<meta name=\"twitter:label2\" content=\"Temps estimat de lectura\" \/>\n\t<meta name=\"twitter:data2\" content=\"4 minuts\" \/>\n<script type=\"application\/ld+json\" class=\"yoast-schema-graph\">{\"@context\":\"https:\/\/schema.org\",\"@graph\":[{\"@type\":\"WebPage\",\"@id\":\"https:\/\/www.santjosep.net\/ca\/6-idees-una-guia-de-platges-de-comte-cala-conta-ibiza\/\",\"url\":\"https:\/\/www.santjosep.net\/ca\/6-idees-una-guia-de-platges-de-comte-cala-conta-ibiza\/\",\"name\":\"6 idees: una guia de platges de Comte (platges de Comte- Eivissa) - Santjosep.net\",\"isPartOf\":{\"@id\":\"https:\/\/www.santjosep.net\/#website\"},\"primaryImageOfPage\":{\"@id\":\"https:\/\/www.santjosep.net\/ca\/6-idees-una-guia-de-platges-de-comte-cala-conta-ibiza\/#primaryimage\"},\"image\":{\"@id\":\"https:\/\/www.santjosep.net\/ca\/6-idees-una-guia-de-platges-de-comte-cala-conta-ibiza\/#primaryimage\"},\"thumbnailUrl\":\"https:\/\/www.santjosep.net\/wp-content\/uploads\/2015\/02\/calaconta__6IDEAS_IMG_0007.jpg\",\"datePublished\":\"2015-02-10T11:05:21+00:00\",\"dateModified\":\"2020-01-22T08:41:17+00:00\",\"author\":{\"@id\":\"https:\/\/www.santjosep.net\/#\/schema\/person\/b60e56f94e4e55776eb62bf4293f99b6\"},\"inLanguage\":\"ca\",\"potentialAction\":[{\"@type\":\"ReadAction\",\"target\":[\"https:\/\/www.santjosep.net\/ca\/6-idees-una-guia-de-platges-de-comte-cala-conta-ibiza\/\"]}]},{\"@type\":\"ImageObject\",\"inLanguage\":\"ca\",\"@id\":\"https:\/\/www.santjosep.net\/ca\/6-idees-una-guia-de-platges-de-comte-cala-conta-ibiza\/#primaryimage\",\"url\":\"https:\/\/www.santjosep.net\/wp-content\/uploads\/2015\/02\/calaconta__6IDEAS_IMG_0007.jpg\",\"contentUrl\":\"https:\/\/www.santjosep.net\/wp-content\/uploads\/2015\/02\/calaconta__6IDEAS_IMG_0007.jpg\",\"width\":1200,\"height\":800},{\"@type\":\"WebSite\",\"@id\":\"https:\/\/www.santjosep.net\/#website\",\"url\":\"https:\/\/www.santjosep.net\/\",\"name\":\"Santjosep.net\",\"description\":\"\",\"potentialAction\":[{\"@type\":\"SearchAction\",\"target\":{\"@type\":\"EntryPoint\",\"urlTemplate\":\"https:\/\/www.santjosep.net\/?s={search_term_string}\"},\"query-input\":{\"@type\":\"PropertyValueSpecification\",\"valueRequired\":true,\"valueName\":\"search_term_string\"}}],\"inLanguage\":\"ca\"},{\"@type\":\"Person\",\"@id\":\"https:\/\/www.santjosep.net\/#\/schema\/person\/b60e56f94e4e55776eb62bf4293f99b6\",\"name\":\"Sant Josep\",\"image\":{\"@type\":\"ImageObject\",\"inLanguage\":\"ca\",\"@id\":\"https:\/\/www.santjosep.net\/#\/schema\/person\/image\/\",\"url\":\"https:\/\/secure.gravatar.com\/avatar\/2f4071817a97d2499c5aae9674ee15015b5a3c7c0974ca84f095a8e4aadcda56?s=96&d=mm&r=g\",\"contentUrl\":\"https:\/\/secure.gravatar.com\/avatar\/2f4071817a97d2499c5aae9674ee15015b5a3c7c0974ca84f095a8e4aadcda56?s=96&d=mm&r=g\",\"caption\":\"Sant Josep\"},\"url\":\"https:\/\/www.santjosep.net\/ca\/author\/fugrafic\/\"}]}<\/script>\n<!-- \/ Yoast SEO plugin. -->","yoast_head_json":{"title":"6 idees: una guia de platges de Comte (platges de Comte- Eivissa) - Santjosep.net","robots":{"index":"index","follow":"follow","max-snippet":"max-snippet:-1","max-image-preview":"max-image-preview:large","max-video-preview":"max-video-preview:-1"},"canonical":"https:\/\/www.santjosep.net\/ca\/6-idees-una-guia-de-platges-de-comte-cala-conta-ibiza\/","og_locale":"ca_ES","og_type":"article","og_title":"6 idees: una guia de platges de Comte (platges de Comte- Eivissa) - Santjosep.net","og_description":"Unes vacances perfectes a Eivissa inclouen sempre dies de sol a la platja i banys refrescants al mar. No hi ha res millor que gaudir de tot aix\u00f2 en un lloc tan id\u00edl\u00b7lic com platges de Comte, on les seves [&hellip;]","og_url":"https:\/\/www.santjosep.net\/ca\/6-idees-una-guia-de-platges-de-comte-cala-conta-ibiza\/","og_site_name":"Santjosep.net","article_published_time":"2015-02-10T11:05:21+00:00","article_modified_time":"2020-01-22T08:41:17+00:00","og_image":[{"width":1200,"height":800,"url":"https:\/\/www.santjosep.net\/wp-content\/uploads\/2015\/02\/calaconta__6IDEAS_IMG_0007.jpg","type":"image\/jpeg"}],"author":"Sant Josep","twitter_card":"summary_large_image","twitter_misc":{"Escrit per":"Sant Josep","Temps estimat de lectura":"4 minuts"},"schema":{"@context":"https:\/\/schema.org","@graph":[{"@type":"WebPage","@id":"https:\/\/www.santjosep.net\/ca\/6-idees-una-guia-de-platges-de-comte-cala-conta-ibiza\/","url":"https:\/\/www.santjosep.net\/ca\/6-idees-una-guia-de-platges-de-comte-cala-conta-ibiza\/","name":"6 idees: una guia de platges de Comte (platges de Comte- Eivissa) - Santjosep.net","isPartOf":{"@id":"https:\/\/www.santjosep.net\/#website"},"primaryImageOfPage":{"@id":"https:\/\/www.santjosep.net\/ca\/6-idees-una-guia-de-platges-de-comte-cala-conta-ibiza\/#primaryimage"},"image":{"@id":"https:\/\/www.santjosep.net\/ca\/6-idees-una-guia-de-platges-de-comte-cala-conta-ibiza\/#primaryimage"},"thumbnailUrl":"https:\/\/www.santjosep.net\/wp-content\/uploads\/2015\/02\/calaconta__6IDEAS_IMG_0007.jpg","datePublished":"2015-02-10T11:05:21+00:00","dateModified":"2020-01-22T08:41:17+00:00","author":{"@id":"https:\/\/www.santjosep.net\/#\/schema\/person\/b60e56f94e4e55776eb62bf4293f99b6"},"inLanguage":"ca","potentialAction":[{"@type":"ReadAction","target":["https:\/\/www.santjosep.net\/ca\/6-idees-una-guia-de-platges-de-comte-cala-conta-ibiza\/"]}]},{"@type":"ImageObject","inLanguage":"ca","@id":"https:\/\/www.santjosep.net\/ca\/6-idees-una-guia-de-platges-de-comte-cala-conta-ibiza\/#primaryimage","url":"https:\/\/www.santjosep.net\/wp-content\/uploads\/2015\/02\/calaconta__6IDEAS_IMG_0007.jpg","contentUrl":"https:\/\/www.santjosep.net\/wp-content\/uploads\/2015\/02\/calaconta__6IDEAS_IMG_0007.jpg","width":1200,"height":800},{"@type":"WebSite","@id":"https:\/\/www.santjosep.net\/#website","url":"https:\/\/www.santjosep.net\/","name":"Santjosep.net","description":"","potentialAction":[{"@type":"SearchAction","target":{"@type":"EntryPoint","urlTemplate":"https:\/\/www.santjosep.net\/?s={search_term_string}"},"query-input":{"@type":"PropertyValueSpecification","valueRequired":true,"valueName":"search_term_string"}}],"inLanguage":"ca"},{"@type":"Person","@id":"https:\/\/www.santjosep.net\/#\/schema\/person\/b60e56f94e4e55776eb62bf4293f99b6","name":"Sant Josep","image":{"@type":"ImageObject","inLanguage":"ca","@id":"https:\/\/www.santjosep.net\/#\/schema\/person\/image\/","url":"https:\/\/secure.gravatar.com\/avatar\/2f4071817a97d2499c5aae9674ee15015b5a3c7c0974ca84f095a8e4aadcda56?s=96&d=mm&r=g","contentUrl":"https:\/\/secure.gravatar.com\/avatar\/2f4071817a97d2499c5aae9674ee15015b5a3c7c0974ca84f095a8e4aadcda56?s=96&d=mm&r=g","caption":"Sant Josep"},"url":"https:\/\/www.santjosep.net\/ca\/author\/fugrafic\/"}]}},"_links":{"self":[{"href":"https:\/\/www.santjosep.net\/ca\/wp-json\/wp\/v2\/posts\/13007","targetHints":{"allow":["GET"]}}],"collection":[{"href":"https:\/\/www.santjosep.net\/ca\/wp-json\/wp\/v2\/posts"}],"about":[{"href":"https:\/\/www.santjosep.net\/ca\/wp-json\/wp\/v2\/types\/post"}],"author":[{"embeddable":true,"href":"https:\/\/www.santjosep.net\/ca\/wp-json\/wp\/v2\/users\/1"}],"replies":[{"embeddable":true,"href":"https:\/\/www.santjosep.net\/ca\/wp-json\/wp\/v2\/comments?post=13007"}],"version-history":[{"count":0,"href":"https:\/\/www.santjosep.net\/ca\/wp-json\/wp\/v2\/posts\/13007\/revisions"}],"wp:featuredmedia":[{"embeddable":true,"href":"https:\/\/www.santjosep.net\/ca\/wp-json\/wp\/v2\/media\/13008"}],"wp:attachment":[{"href":"https:\/\/www.santjosep.net\/ca\/wp-json\/wp\/v2\/media?parent=13007"}],"wp:term":[{"taxonomy":"category","embeddable":true,"href":"https:\/\/www.santjosep.net\/ca\/wp-json\/wp\/v2\/categories?post=13007"},{"taxonomy":"post_tag","embeddable":true,"href":"https:\/\/www.santjosep.net\/ca\/wp-json\/wp\/v2\/tags?post=13007"}],"curies":[{"name":"wp","href":"https:\/\/api.w.org\/{rel}","templated":true}]}}