{"id":12997,"date":"2015-05-19T07:33:48","date_gmt":"2015-05-19T07:33:48","guid":{"rendered":"https:\/\/www.santjosep.net\/6-ideas-una-guia-de-cala-jondal\/"},"modified":"2020-01-22T09:37:41","modified_gmt":"2020-01-22T08:37:41","slug":"6-ideas-una-guia-de-cala-jondal","status":"publish","type":"post","link":"https:\/\/www.santjosep.net\/ca\/6-ideas-una-guia-de-cala-jondal\/","title":{"rendered":"6 idees: una guia de platja des Jondal (Eivissa)"},"content":{"rendered":"<p>El municipi de Sant Josep amaga platges paradis\u00edaques per tota la costa. Una d\u2019elles \u00e9s la imponent platja des Jondal, tamb\u00e9 coneguda com cala Jondal, molt a la moda i perfecte per passar les caloroses hores d\u2019estiu sota el recer dels para-sol o per banyant-vos a les seves aig\u00fces clares i turqueses. Una platja que no deixar\u00e0 indiferent a cap dels seus visitants. Aqu\u00ed us proposem algunes idees per a treure partit a aquest lloc tan especial.<\/p>\n<h2>MENJAR<\/h2>\n<div id=\"new-royalslider-31\" class=\"royalSlider new-royalslider-31 rsDefaultInv rs-default-template\" style=\"width:100%;height:533px;;\" data-rs-options='{&quot;template&quot;:&quot;default&quot;,&quot;image_generation&quot;:{&quot;imageWidth&quot;:&quot;&quot;,&quot;imageHeight&quot;:&quot;&quot;,&quot;thumbImageWidth&quot;:&quot;&quot;,&quot;thumbImageHeight&quot;:&quot;&quot;},&quot;thumbs&quot;:{&quot;thumbWidth&quot;:96,&quot;thumbHeight&quot;:72},&quot;autoPlay&quot;:{&quot;delay&quot;:5000},&quot;fullscreen&quot;:{&quot;enabled&quot;:&quot;true&quot;},&quot;block&quot;:{&quot;moveOffset&quot;:20,&quot;speed&quot;:400,&quot;delay&quot;:200},&quot;width&quot;:&quot;100%&quot;,&quot;height&quot;:533,&quot;autoScaleSlider&quot;:&quot;true&quot;,&quot;autoScaleSliderHeight&quot;:533,&quot;imageScaleMode&quot;:&quot;fill&quot;,&quot;imageScalePadding&quot;:0,&quot;arrowsNavAutoHide&quot;:&quot;false&quot;}'>\n<div class=\"rsContent\">\n  <img decoding=\"async\" class=\"rsImg\" src=\"https:\/\/www.santjosep.net\/wp-content\/uploads\/2015\/05\/yemanja-1024x744.jpg\" data-rsBigImg=\"https:\/\/www.santjosep.net\/wp-content\/uploads\/2015\/05\/yemanja.jpg\" alt=\"yemanja\"\/>\n  \n  \n  \n<\/div>\n<div class=\"rsContent\">\n  <img decoding=\"async\" class=\"rsImg\" src=\"https:\/\/www.santjosep.net\/wp-content\/uploads\/2015\/05\/calajondal_IMG_7882-1024x682.jpg\" data-rsBigImg=\"https:\/\/www.santjosep.net\/wp-content\/uploads\/2015\/05\/calajondal_IMG_7882.jpg\" alt=\"calajondal_IMG_7882\"\/>\n  \n  \n  \n<\/div>\n<div class=\"rsContent\">\n  <img decoding=\"async\" class=\"rsImg\" src=\"https:\/\/www.santjosep.net\/wp-content\/uploads\/2015\/05\/paella_IMG_6705-1024x682.jpg\" data-rsBigImg=\"https:\/\/www.santjosep.net\/wp-content\/uploads\/2015\/05\/paella_IMG_6705.jpg\" alt=\"paella_IMG_6705\"\/>\n  \n  \n  \n<\/div>\n<div class=\"rsContent\">\n  <img decoding=\"async\" class=\"rsImg\" src=\"https:\/\/www.santjosep.net\/wp-content\/uploads\/2015\/05\/calajondal_IMG_4984.jpg\" data-rsBigImg=\"https:\/\/www.santjosep.net\/wp-content\/uploads\/2015\/05\/calajondal_IMG_4984.jpg\" alt=\"calajondal_IMG_4984\"\/>\n  \n  \n  \n<\/div>\n<div class=\"rsContent\">\n  <img decoding=\"async\" class=\"rsImg\" src=\"https:\/\/www.santjosep.net\/wp-content\/uploads\/2015\/05\/pescado_ibiza.jpg\" data-rsBigImg=\"https:\/\/www.santjosep.net\/wp-content\/uploads\/2015\/05\/pescado_ibiza.jpg\" alt=\"pescado_ibiza\"\/>\n  \n  \n  \n<\/div>\n<div class=\"rsContent\">\n  <img decoding=\"async\" class=\"rsImg\" src=\"https:\/\/www.santjosep.net\/wp-content\/uploads\/2015\/05\/pescado_IMG_9275-1024x682.jpg\" data-rsBigImg=\"https:\/\/www.santjosep.net\/wp-content\/uploads\/2015\/05\/pescado_IMG_9275.jpg\" alt=\"pescado_IMG_9275\"\/>\n  \n  \n  \n<\/div>\n\n<\/div>\n<br \/>\n[su_row] \u00a0 \u00a0[\/su_row]<\/p>\n<p>Platja des Jondal \u00e9s un indret excepcional per menjar a l\u2019aire lliure a qualsevol de les terrasses dels 4 restaurants de la zona. Aqu\u00ed predomina una gran varietat d\u2019establiments on destaquen els plats ben fets a base del millor peix mediterrani, arrossos i cuina internacional per a tots els gustos. Gaudiu d\u2019aquesta mescla de sabors tradicionals i avantguardistes amb el so del mar de fons i els peus enterrats en la sorra suau, un plaer per a tots els sentits.<\/p>\n<h2>VISITAR<\/h2>\n<div id=\"new-royalslider-32\" class=\"royalSlider new-royalslider-32 rsDefaultInv rs-default-template\" style=\"width:100%;height:533px;;\" data-rs-options='{&quot;template&quot;:&quot;default&quot;,&quot;image_generation&quot;:{&quot;imageWidth&quot;:&quot;&quot;,&quot;imageHeight&quot;:&quot;&quot;,&quot;thumbImageWidth&quot;:&quot;&quot;,&quot;thumbImageHeight&quot;:&quot;&quot;},&quot;thumbs&quot;:{&quot;thumbWidth&quot;:96,&quot;thumbHeight&quot;:72},&quot;autoPlay&quot;:{&quot;delay&quot;:5000},&quot;fullscreen&quot;:{&quot;enabled&quot;:&quot;true&quot;},&quot;block&quot;:{&quot;moveOffset&quot;:20,&quot;speed&quot;:400,&quot;delay&quot;:200},&quot;width&quot;:&quot;100%&quot;,&quot;height&quot;:533,&quot;autoScaleSlider&quot;:&quot;true&quot;,&quot;autoScaleSliderHeight&quot;:533,&quot;imageScaleMode&quot;:&quot;fill&quot;,&quot;imageScalePadding&quot;:0,&quot;arrowsNavAutoHide&quot;:&quot;false&quot;}'>\n<div class=\"rsContent\">\n  <img decoding=\"async\" class=\"rsImg\" src=\"https:\/\/www.santjosep.net\/wp-content\/uploads\/2015\/05\/sacaleta_IMG_0814.jpg\" data-rsBigImg=\"https:\/\/www.santjosep.net\/wp-content\/uploads\/2015\/05\/sacaleta_IMG_0814.jpg\" alt=\"sacaleta_IMG_0814\"\/>\n  \n  \n  \n<\/div>\n<div class=\"rsContent\">\n  <img decoding=\"async\" class=\"rsImg\" src=\"https:\/\/www.santjosep.net\/wp-content\/uploads\/2015\/05\/IMG_0852-1024x682.jpg\" data-rsBigImg=\"https:\/\/www.santjosep.net\/wp-content\/uploads\/2015\/05\/IMG_0852.jpg\" alt=\"IMG_0852\"\/>\n  \n  \n  \n<\/div>\n<div class=\"rsContent\">\n  <img decoding=\"async\" class=\"rsImg\" src=\"https:\/\/www.santjosep.net\/wp-content\/uploads\/2015\/05\/IMG_0778-1024x682.jpg\" data-rsBigImg=\"https:\/\/www.santjosep.net\/wp-content\/uploads\/2015\/05\/IMG_0778.jpg\" alt=\"IMG_0778\"\/>\n  \n  \n  \n<\/div>\n<div class=\"rsContent\">\n  <img decoding=\"async\" class=\"rsImg\" src=\"https:\/\/www.santjosep.net\/wp-content\/uploads\/2015\/05\/IMG_0838-1024x682.jpg\" data-rsBigImg=\"https:\/\/www.santjosep.net\/wp-content\/uploads\/2015\/05\/IMG_0838.jpg\" alt=\"IMG_0838\"\/>\n  \n  \n  \n<\/div>\n<div class=\"rsContent\">\n  <img decoding=\"async\" class=\"rsImg\" src=\"https:\/\/www.santjosep.net\/wp-content\/uploads\/2015\/05\/IMG_0787-1024x682.jpg\" data-rsBigImg=\"https:\/\/www.santjosep.net\/wp-content\/uploads\/2015\/05\/IMG_0787.jpg\" alt=\"IMG_0787\"\/>\n  \n  \n  \n<\/div>\n\n<\/div>\n<br \/>\n[su_row] \u00a0 \u00a0[\/su_row]<\/p>\n<p>Ja que sou a la zona de la platja des Jondal, \u00e9s una ocasi\u00f3 perfecta per fer un petit passeig fins a la ve\u00efna platja des Bol Nou. Us trobareu amb un antic poblat fenici del segle VIII aC, que va ser l\u2019assentament principal de l\u2019illa, previ a la fundaci\u00f3 de la ciutat d\u2019Eivissa. Es tracta d\u2019un jaciment vital per entendre la hist\u00f2ria d\u2019Eivissa, ja que aquest \u00e9s un punt estrat\u00e8gic al Mediterrani per al comer\u00e7 fenici d\u2019aquella \u00e8poca.<\/p>\n<h2>UN MOMENTO<\/h2>\n<div id=\"new-royalslider-33\" class=\"royalSlider new-royalslider-33 rsDefaultInv rs-default-template\" style=\"width:100%;height:533px;;\" data-rs-options='{&quot;template&quot;:&quot;default&quot;,&quot;image_generation&quot;:{&quot;imageWidth&quot;:&quot;&quot;,&quot;imageHeight&quot;:&quot;&quot;,&quot;thumbImageWidth&quot;:&quot;&quot;,&quot;thumbImageHeight&quot;:&quot;&quot;},&quot;thumbs&quot;:{&quot;thumbWidth&quot;:96,&quot;thumbHeight&quot;:72},&quot;autoPlay&quot;:{&quot;delay&quot;:5000},&quot;fullscreen&quot;:{&quot;enabled&quot;:&quot;true&quot;},&quot;block&quot;:{&quot;moveOffset&quot;:20,&quot;speed&quot;:400,&quot;delay&quot;:200},&quot;width&quot;:&quot;100%&quot;,&quot;height&quot;:533,&quot;autoScaleSlider&quot;:&quot;true&quot;,&quot;autoScaleSliderHeight&quot;:533,&quot;imageScaleMode&quot;:&quot;fill&quot;,&quot;imageScalePadding&quot;:0,&quot;arrowsNavAutoHide&quot;:&quot;false&quot;}'>\n<div class=\"rsContent\">\n  <img decoding=\"async\" class=\"rsImg\" src=\"https:\/\/www.santjosep.net\/wp-content\/uploads\/2015\/05\/IMG_5656-1024x682.jpg\" data-rsBigImg=\"https:\/\/www.santjosep.net\/wp-content\/uploads\/2015\/05\/IMG_5656.jpg\" alt=\"IMG_5656\"\/>\n  \n  \n  \n<\/div>\n<div class=\"rsContent\">\n  <img decoding=\"async\" class=\"rsImg\" src=\"https:\/\/www.santjosep.net\/wp-content\/uploads\/2015\/05\/2_bluemarlin.jpg\" data-rsBigImg=\"https:\/\/www.santjosep.net\/wp-content\/uploads\/2015\/05\/2_bluemarlin.jpg\" alt=\"2_bluemarlin\"\/>\n  \n  \n  \n<\/div>\n<div class=\"rsContent\">\n  <img decoding=\"async\" class=\"rsImg\" src=\"https:\/\/www.santjosep.net\/wp-content\/uploads\/2015\/05\/IMG_7889_playalow-1024x682.jpg\" data-rsBigImg=\"https:\/\/www.santjosep.net\/wp-content\/uploads\/2015\/05\/IMG_7889_playalow.jpg\" alt=\"IMG_7889_playalow\"\/>\n  \n  \n  \n<\/div>\n<div class=\"rsContent\">\n  <img decoding=\"async\" class=\"rsImg\" src=\"https:\/\/www.santjosep.net\/wp-content\/uploads\/2015\/05\/calajondal_IMG_4379.jpg\" data-rsBigImg=\"https:\/\/www.santjosep.net\/wp-content\/uploads\/2015\/05\/calajondal_IMG_4379.jpg\" alt=\"calajondal_IMG_4379\"\/>\n  \n  \n  \n<\/div>\n\n<\/div>\n<br \/>\n[su_row] \u00a0 \u00a0[\/su_row]<br \/>\nAsseieu-vos a una gandula per llegir un llibre mentre escolteu la vostra llista de m\u00fasica preferida i desconnecteu de totes les preocupacions. No us oblideu d\u2019acompanyar el moment amb una copa de la millor sangria que es serveix a l\u2019illa. La platja des Jondal \u00e9s l\u2019entorn perfecte per a deixar-vos mimar i retre culte a la bona vida.<\/p>\n<h2>EXPERI\u00c8NCIES<\/h2>\n<div id=\"new-royalslider-34\" class=\"royalSlider new-royalslider-34 rsDefaultInv rs-default-template\" style=\"width:100%;height:533px;;\" data-rs-options='{&quot;template&quot;:&quot;default&quot;,&quot;image_generation&quot;:{&quot;imageWidth&quot;:&quot;&quot;,&quot;imageHeight&quot;:&quot;&quot;,&quot;thumbImageWidth&quot;:&quot;&quot;,&quot;thumbImageHeight&quot;:&quot;&quot;},&quot;thumbs&quot;:{&quot;thumbWidth&quot;:96,&quot;thumbHeight&quot;:72},&quot;autoPlay&quot;:{&quot;delay&quot;:5000},&quot;fullscreen&quot;:{&quot;enabled&quot;:&quot;true&quot;},&quot;block&quot;:{&quot;moveOffset&quot;:20,&quot;speed&quot;:400,&quot;delay&quot;:200},&quot;width&quot;:&quot;100%&quot;,&quot;height&quot;:533,&quot;autoScaleSlider&quot;:&quot;true&quot;,&quot;autoScaleSliderHeight&quot;:533,&quot;imageScaleMode&quot;:&quot;fill&quot;,&quot;imageScalePadding&quot;:0,&quot;arrowsNavAutoHide&quot;:&quot;false&quot;}'>\n<div class=\"rsContent\">\n  <img decoding=\"async\" class=\"rsImg\" src=\"https:\/\/www.santjosep.net\/wp-content\/uploads\/2015\/05\/10005901_10153234937174590_5192920603143504518_o1-1024x682.jpg\" data-rsBigImg=\"https:\/\/www.santjosep.net\/wp-content\/uploads\/2015\/05\/10005901_10153234937174590_5192920603143504518_o1.jpg\" alt=\"10005901_10153234937174590_5192920603143504518_o\"\/>\n  \n  \n  \n<\/div>\n<div class=\"rsContent\">\n  <img decoding=\"async\" class=\"rsImg\" src=\"https:\/\/www.santjosep.net\/wp-content\/uploads\/2015\/05\/11212170_10153234931734590_997083291183166957_o-1024x682.jpg\" data-rsBigImg=\"https:\/\/www.santjosep.net\/wp-content\/uploads\/2015\/05\/11212170_10153234931734590_997083291183166957_o.jpg\" alt=\"11212170_10153234931734590_997083291183166957_o\"\/>\n  \n  \n  \n<\/div>\n<div class=\"rsContent\">\n  <img decoding=\"async\" class=\"rsImg\" src=\"https:\/\/www.santjosep.net\/wp-content\/uploads\/2015\/05\/11265554_10153234932544590_4958456351429915161_o-1024x682.jpg\" data-rsBigImg=\"https:\/\/www.santjosep.net\/wp-content\/uploads\/2015\/05\/11265554_10153234932544590_4958456351429915161_o.jpg\" alt=\"11265554_10153234932544590_4958456351429915161_o\"\/>\n  \n  \n  \n<\/div>\n<div class=\"rsContent\">\n  <img decoding=\"async\" class=\"rsImg\" src=\"https:\/\/www.santjosep.net\/wp-content\/uploads\/2015\/05\/bluemarlin_IMG_8951.jpg\" data-rsBigImg=\"https:\/\/www.santjosep.net\/wp-content\/uploads\/2015\/05\/bluemarlin_IMG_8951.jpg\" alt=\"bluemarlin_IMG_8951\"\/>\n  \n  \n  \n<\/div>\n\n<\/div>\n<br \/>\n[su_row] \u00a0 \u00a0[\/su_row]<\/p>\n<p>Platja des Jondal \u00e9s coneguda pel seu contagi\u00f3s ambient festiu, aix\u00ed que tothom hi gaudir\u00e0 molt\u00edssim. Cada establiment disposa del seu propi calendari d\u2019esdeveniments puntuals que amenitzen els vespres d\u2019estiu. Si teniu sort, pot ser que balleu al so dels DJ m\u00e9s importants de l\u2019escena i us begueu un delici\u00f3s <i>mojito<\/i> amb la millor m\u00fasica brasilera de fons. Platja des Jondal pot sorprendre de mil i una maneres, ja que \u00e9s on s\u2019 ajunta l\u2019ambient m\u00e9s cosmopolita de l\u2019illa en busca d\u2019un rac\u00f3 especial on gaudir dels atractius del territori. Si el que preferiu \u00e9s visitar el paratge sense haver de tocar terra, Cala des Jondal \u00e9s coneguda tamb\u00e9 per ser freq\u00fcentada per iots i velers que volen formar part d\u2019aquesta incre\u00efble postal. Con\u00e8ixer Cala des Jondal des del mar \u00e9s molt recomanable. Si voleu completar el dia amb les saboroses propostes gastron\u00f2miques que la platja us ofereix, hi ha diversos restaurants que procuraran que la vostra paella arribi a bord sana i est\u00e0lvia per fer del vostre dia a platja des Jondal una jornada encara m\u00e9s completa.<\/p>\n<h2>CURIOSITAT<\/h2>\n<div id=\"new-royalslider-35\" class=\"royalSlider new-royalslider-35 rsDefaultInv rs-default-template\" style=\"width:100%;height:533px;;\" data-rs-options='{&quot;template&quot;:&quot;default&quot;,&quot;image_generation&quot;:{&quot;imageWidth&quot;:&quot;&quot;,&quot;imageHeight&quot;:&quot;&quot;,&quot;thumbImageWidth&quot;:&quot;&quot;,&quot;thumbImageHeight&quot;:&quot;&quot;},&quot;thumbs&quot;:{&quot;thumbWidth&quot;:96,&quot;thumbHeight&quot;:72},&quot;autoPlay&quot;:{&quot;delay&quot;:5000},&quot;fullscreen&quot;:{&quot;enabled&quot;:&quot;true&quot;},&quot;block&quot;:{&quot;moveOffset&quot;:20,&quot;speed&quot;:400,&quot;delay&quot;:200},&quot;width&quot;:&quot;100%&quot;,&quot;height&quot;:533,&quot;autoScaleSlider&quot;:&quot;true&quot;,&quot;autoScaleSliderHeight&quot;:533,&quot;imageScaleMode&quot;:&quot;fill&quot;,&quot;imageScalePadding&quot;:0,&quot;arrowsNavAutoHide&quot;:&quot;false&quot;}'>\n<div class=\"rsContent\">\n  <img decoding=\"async\" class=\"rsImg\" src=\"https:\/\/www.santjosep.net\/wp-content\/uploads\/2015\/05\/IMG_9212_esjondallow-1024x682.jpg\" data-rsBigImg=\"https:\/\/www.santjosep.net\/wp-content\/uploads\/2015\/05\/IMG_9212_esjondallow.jpg\" alt=\"IMG_9212_esjondallow\"\/>\n  \n  \n  \n<\/div>\n<div class=\"rsContent\">\n  <img decoding=\"async\" class=\"rsImg\" src=\"https:\/\/www.santjosep.net\/wp-content\/uploads\/2015\/05\/IMG_9225_esjondalaguas_low-1024x682.jpg\" data-rsBigImg=\"https:\/\/www.santjosep.net\/wp-content\/uploads\/2015\/05\/IMG_9225_esjondalaguas_low.jpg\" alt=\"IMG_9225_esjondalaguas_low\"\/>\n  \n  \n  \n<\/div>\n<div class=\"rsContent\">\n  <img decoding=\"async\" class=\"rsImg\" src=\"https:\/\/www.santjosep.net\/wp-content\/uploads\/2015\/05\/tropicana_IMG_9258-1024x682.jpg\" data-rsBigImg=\"https:\/\/www.santjosep.net\/wp-content\/uploads\/2015\/05\/tropicana_IMG_9258.jpg\" alt=\"tropicana_IMG_9258\"\/>\n  \n  \n  \n<\/div>\n<div class=\"rsContent\">\n  <img decoding=\"async\" class=\"rsImg\" src=\"https:\/\/www.santjosep.net\/wp-content\/uploads\/2015\/05\/siestahamaca_IMG_8062-1024x682.jpg\" data-rsBigImg=\"https:\/\/www.santjosep.net\/wp-content\/uploads\/2015\/05\/siestahamaca_IMG_8062.jpg\" alt=\"siestahamaca_IMG_8062\"\/>\n  \n  \n  \n<\/div>\n\n<\/div>\n<br \/>\n[su_row] \u00a0 \u00a0[\/su_row]<\/p>\n<p>A difer\u00e8ncia de les altres platges del litoral de la zona, la platja des Jondal est\u00e0 formada quasi en la seva totalitat per pedres redones conegudes com \u2018\u2019c\u00f2dols\u2019\u2019. Aquest tipus de roques produeixen un so molt curi\u00f3s quan l\u2019onatge les colpeja i s\u2019escolta una peculiar simfonia que ambienta perfectament els moments de relax. Per a moltes persones, les pedres poden ser un inconvenient, per\u00f2 a pocs metres de la costa, el fons mar\u00ed est\u00e0 compost b\u00e0sicament per sorra fina. A m\u00e9s, si ho preferiu, la zona nord de la platja t\u00e9 una petita vora de sorra ideal per ajaure\u2019s amb la tovallola i gaudir de les vistes.<\/p>\n","protected":false},"excerpt":{"rendered":"<p>El municipi de Sant Josep amaga platges paradis\u00edaques per tota la costa. Una d\u2019elles \u00e9s la imponent platja des Jondal, tamb\u00e9 coneguda com cala Jondal, molt a la moda i perfecte per passar les caloroses hores d\u2019estiu sota el recer [&hellip;]<\/p>\n","protected":false},"author":1,"featured_media":19568,"comment_status":"open","ping_status":"open","sticky":false,"template":"","format":"standard","meta":{"_acf_changed":false,"inline_featured_image":false,"footnotes":""},"categories":[205,211,207],"tags":[],"class_list":["post-12997","post","type-post","status-publish","format-standard","has-post-thumbnail","hentry","category-passejades-ca","category-postes-de-sol-ca","category-zones-ca"],"acf":[],"geo":null,"yoast_head":"<!-- This site is optimized with the Yoast SEO plugin v25.7 - https:\/\/yoast.com\/wordpress\/plugins\/seo\/ -->\n<title>6 idees: una guia de platja des Jondal (Eivissa) - Santjosep.net<\/title>\n<meta name=\"robots\" content=\"index, follow, max-snippet:-1, max-image-preview:large, max-video-preview:-1\" \/>\n<link rel=\"canonical\" href=\"https:\/\/www.santjosep.net\/ca\/6-ideas-una-guia-de-cala-jondal\/\" \/>\n<meta property=\"og:locale\" content=\"ca_ES\" \/>\n<meta property=\"og:type\" content=\"article\" \/>\n<meta property=\"og:title\" content=\"6 idees: una guia de platja des Jondal (Eivissa) - Santjosep.net\" \/>\n<meta property=\"og:description\" content=\"El municipi de Sant Josep amaga platges paradis\u00edaques per tota la costa. Una d\u2019elles \u00e9s la imponent platja des Jondal, tamb\u00e9 coneguda com cala Jondal, molt a la moda i perfecte per passar les caloroses hores d\u2019estiu sota el recer [&hellip;]\" \/>\n<meta property=\"og:url\" content=\"https:\/\/www.santjosep.net\/ca\/6-ideas-una-guia-de-cala-jondal\/\" \/>\n<meta property=\"og:site_name\" content=\"Santjosep.net\" \/>\n<meta property=\"article:published_time\" content=\"2015-05-19T07:33:48+00:00\" \/>\n<meta property=\"article:modified_time\" content=\"2020-01-22T08:37:41+00:00\" \/>\n<meta property=\"og:image\" content=\"https:\/\/www.santjosep.net\/wp-content\/uploads\/2015\/05\/desjondal.jpg\" \/>\n\t<meta property=\"og:image:width\" content=\"1200\" \/>\n\t<meta property=\"og:image:height\" content=\"800\" \/>\n\t<meta property=\"og:image:type\" content=\"image\/jpeg\" \/>\n<meta name=\"author\" content=\"Sant Josep\" \/>\n<meta name=\"twitter:card\" content=\"summary_large_image\" \/>\n<meta name=\"twitter:label1\" content=\"Escrit per\" \/>\n\t<meta name=\"twitter:data1\" content=\"Sant Josep\" \/>\n\t<meta name=\"twitter:label2\" content=\"Temps estimat de lectura\" \/>\n\t<meta name=\"twitter:data2\" content=\"3 minuts\" \/>\n<script type=\"application\/ld+json\" class=\"yoast-schema-graph\">{\"@context\":\"https:\/\/schema.org\",\"@graph\":[{\"@type\":\"WebPage\",\"@id\":\"https:\/\/www.santjosep.net\/ca\/6-ideas-una-guia-de-cala-jondal\/\",\"url\":\"https:\/\/www.santjosep.net\/ca\/6-ideas-una-guia-de-cala-jondal\/\",\"name\":\"6 idees: una guia de platja des Jondal (Eivissa) - Santjosep.net\",\"isPartOf\":{\"@id\":\"https:\/\/www.santjosep.net\/#website\"},\"primaryImageOfPage\":{\"@id\":\"https:\/\/www.santjosep.net\/ca\/6-ideas-una-guia-de-cala-jondal\/#primaryimage\"},\"image\":{\"@id\":\"https:\/\/www.santjosep.net\/ca\/6-ideas-una-guia-de-cala-jondal\/#primaryimage\"},\"thumbnailUrl\":\"https:\/\/www.santjosep.net\/wp-content\/uploads\/2015\/05\/desjondal.jpg\",\"datePublished\":\"2015-05-19T07:33:48+00:00\",\"dateModified\":\"2020-01-22T08:37:41+00:00\",\"author\":{\"@id\":\"https:\/\/www.santjosep.net\/#\/schema\/person\/b60e56f94e4e55776eb62bf4293f99b6\"},\"inLanguage\":\"ca\",\"potentialAction\":[{\"@type\":\"ReadAction\",\"target\":[\"https:\/\/www.santjosep.net\/ca\/6-ideas-una-guia-de-cala-jondal\/\"]}]},{\"@type\":\"ImageObject\",\"inLanguage\":\"ca\",\"@id\":\"https:\/\/www.santjosep.net\/ca\/6-ideas-una-guia-de-cala-jondal\/#primaryimage\",\"url\":\"https:\/\/www.santjosep.net\/wp-content\/uploads\/2015\/05\/desjondal.jpg\",\"contentUrl\":\"https:\/\/www.santjosep.net\/wp-content\/uploads\/2015\/05\/desjondal.jpg\",\"width\":1200,\"height\":800},{\"@type\":\"WebSite\",\"@id\":\"https:\/\/www.santjosep.net\/#website\",\"url\":\"https:\/\/www.santjosep.net\/\",\"name\":\"Santjosep.net\",\"description\":\"\",\"potentialAction\":[{\"@type\":\"SearchAction\",\"target\":{\"@type\":\"EntryPoint\",\"urlTemplate\":\"https:\/\/www.santjosep.net\/?s={search_term_string}\"},\"query-input\":{\"@type\":\"PropertyValueSpecification\",\"valueRequired\":true,\"valueName\":\"search_term_string\"}}],\"inLanguage\":\"ca\"},{\"@type\":\"Person\",\"@id\":\"https:\/\/www.santjosep.net\/#\/schema\/person\/b60e56f94e4e55776eb62bf4293f99b6\",\"name\":\"Sant Josep\",\"image\":{\"@type\":\"ImageObject\",\"inLanguage\":\"ca\",\"@id\":\"https:\/\/www.santjosep.net\/#\/schema\/person\/image\/\",\"url\":\"https:\/\/secure.gravatar.com\/avatar\/2f4071817a97d2499c5aae9674ee15015b5a3c7c0974ca84f095a8e4aadcda56?s=96&d=mm&r=g\",\"contentUrl\":\"https:\/\/secure.gravatar.com\/avatar\/2f4071817a97d2499c5aae9674ee15015b5a3c7c0974ca84f095a8e4aadcda56?s=96&d=mm&r=g\",\"caption\":\"Sant Josep\"},\"url\":\"https:\/\/www.santjosep.net\/ca\/author\/fugrafic\/\"}]}<\/script>\n<!-- \/ Yoast SEO plugin. -->","yoast_head_json":{"title":"6 idees: una guia de platja des Jondal (Eivissa) - Santjosep.net","robots":{"index":"index","follow":"follow","max-snippet":"max-snippet:-1","max-image-preview":"max-image-preview:large","max-video-preview":"max-video-preview:-1"},"canonical":"https:\/\/www.santjosep.net\/ca\/6-ideas-una-guia-de-cala-jondal\/","og_locale":"ca_ES","og_type":"article","og_title":"6 idees: una guia de platja des Jondal (Eivissa) - Santjosep.net","og_description":"El municipi de Sant Josep amaga platges paradis\u00edaques per tota la costa. Una d\u2019elles \u00e9s la imponent platja des Jondal, tamb\u00e9 coneguda com cala Jondal, molt a la moda i perfecte per passar les caloroses hores d\u2019estiu sota el recer [&hellip;]","og_url":"https:\/\/www.santjosep.net\/ca\/6-ideas-una-guia-de-cala-jondal\/","og_site_name":"Santjosep.net","article_published_time":"2015-05-19T07:33:48+00:00","article_modified_time":"2020-01-22T08:37:41+00:00","og_image":[{"width":1200,"height":800,"url":"https:\/\/www.santjosep.net\/wp-content\/uploads\/2015\/05\/desjondal.jpg","type":"image\/jpeg"}],"author":"Sant Josep","twitter_card":"summary_large_image","twitter_misc":{"Escrit per":"Sant Josep","Temps estimat de lectura":"3 minuts"},"schema":{"@context":"https:\/\/schema.org","@graph":[{"@type":"WebPage","@id":"https:\/\/www.santjosep.net\/ca\/6-ideas-una-guia-de-cala-jondal\/","url":"https:\/\/www.santjosep.net\/ca\/6-ideas-una-guia-de-cala-jondal\/","name":"6 idees: una guia de platja des Jondal (Eivissa) - Santjosep.net","isPartOf":{"@id":"https:\/\/www.santjosep.net\/#website"},"primaryImageOfPage":{"@id":"https:\/\/www.santjosep.net\/ca\/6-ideas-una-guia-de-cala-jondal\/#primaryimage"},"image":{"@id":"https:\/\/www.santjosep.net\/ca\/6-ideas-una-guia-de-cala-jondal\/#primaryimage"},"thumbnailUrl":"https:\/\/www.santjosep.net\/wp-content\/uploads\/2015\/05\/desjondal.jpg","datePublished":"2015-05-19T07:33:48+00:00","dateModified":"2020-01-22T08:37:41+00:00","author":{"@id":"https:\/\/www.santjosep.net\/#\/schema\/person\/b60e56f94e4e55776eb62bf4293f99b6"},"inLanguage":"ca","potentialAction":[{"@type":"ReadAction","target":["https:\/\/www.santjosep.net\/ca\/6-ideas-una-guia-de-cala-jondal\/"]}]},{"@type":"ImageObject","inLanguage":"ca","@id":"https:\/\/www.santjosep.net\/ca\/6-ideas-una-guia-de-cala-jondal\/#primaryimage","url":"https:\/\/www.santjosep.net\/wp-content\/uploads\/2015\/05\/desjondal.jpg","contentUrl":"https:\/\/www.santjosep.net\/wp-content\/uploads\/2015\/05\/desjondal.jpg","width":1200,"height":800},{"@type":"WebSite","@id":"https:\/\/www.santjosep.net\/#website","url":"https:\/\/www.santjosep.net\/","name":"Santjosep.net","description":"","potentialAction":[{"@type":"SearchAction","target":{"@type":"EntryPoint","urlTemplate":"https:\/\/www.santjosep.net\/?s={search_term_string}"},"query-input":{"@type":"PropertyValueSpecification","valueRequired":true,"valueName":"search_term_string"}}],"inLanguage":"ca"},{"@type":"Person","@id":"https:\/\/www.santjosep.net\/#\/schema\/person\/b60e56f94e4e55776eb62bf4293f99b6","name":"Sant Josep","image":{"@type":"ImageObject","inLanguage":"ca","@id":"https:\/\/www.santjosep.net\/#\/schema\/person\/image\/","url":"https:\/\/secure.gravatar.com\/avatar\/2f4071817a97d2499c5aae9674ee15015b5a3c7c0974ca84f095a8e4aadcda56?s=96&d=mm&r=g","contentUrl":"https:\/\/secure.gravatar.com\/avatar\/2f4071817a97d2499c5aae9674ee15015b5a3c7c0974ca84f095a8e4aadcda56?s=96&d=mm&r=g","caption":"Sant Josep"},"url":"https:\/\/www.santjosep.net\/ca\/author\/fugrafic\/"}]}},"_links":{"self":[{"href":"https:\/\/www.santjosep.net\/ca\/wp-json\/wp\/v2\/posts\/12997","targetHints":{"allow":["GET"]}}],"collection":[{"href":"https:\/\/www.santjosep.net\/ca\/wp-json\/wp\/v2\/posts"}],"about":[{"href":"https:\/\/www.santjosep.net\/ca\/wp-json\/wp\/v2\/types\/post"}],"author":[{"embeddable":true,"href":"https:\/\/www.santjosep.net\/ca\/wp-json\/wp\/v2\/users\/1"}],"replies":[{"embeddable":true,"href":"https:\/\/www.santjosep.net\/ca\/wp-json\/wp\/v2\/comments?post=12997"}],"version-history":[{"count":0,"href":"https:\/\/www.santjosep.net\/ca\/wp-json\/wp\/v2\/posts\/12997\/revisions"}],"wp:featuredmedia":[{"embeddable":true,"href":"https:\/\/www.santjosep.net\/ca\/wp-json\/wp\/v2\/media\/19568"}],"wp:attachment":[{"href":"https:\/\/www.santjosep.net\/ca\/wp-json\/wp\/v2\/media?parent=12997"}],"wp:term":[{"taxonomy":"category","embeddable":true,"href":"https:\/\/www.santjosep.net\/ca\/wp-json\/wp\/v2\/categories?post=12997"},{"taxonomy":"post_tag","embeddable":true,"href":"https:\/\/www.santjosep.net\/ca\/wp-json\/wp\/v2\/tags?post=12997"}],"curies":[{"name":"wp","href":"https:\/\/api.w.org\/{rel}","templated":true}]}}