{"id":12995,"date":"2015-03-30T07:34:09","date_gmt":"2015-03-30T07:34:09","guid":{"rendered":"https:\/\/www.santjosep.net\/bucear-en-la-costa-de-sant-josep-ibiza\/"},"modified":"2020-01-22T11:24:22","modified_gmt":"2020-01-22T10:24:22","slug":"bussejar-costa-eivissa","status":"publish","type":"post","link":"https:\/\/www.santjosep.net\/ca\/bussejar-costa-eivissa\/","title":{"rendered":"Bussejar a la costa de Sant Josep, Eivissa"},"content":{"rendered":"<p>Con\u00e8ixer a fons el municipi de Sant Josep no \u00e9s f\u00e0cil, ja que un dels tresors dignes de visita m\u00e9s preuats de la zona \u00e9s el seu espectacular fons mar\u00ed, nom\u00e9s a l\u2019abast dels m\u00e9s valents que s\u2019atreveixen a submergir-se en les seves aig\u00fces.<\/p>\n<p>&nbsp;<\/p>\n<p>Bussejar a Eivissa, especialment a la costa de Sant Josep, que abasta quasi tota la meitat sud de l\u2019illa, \u00e9s una de les activitats m\u00e9s recomanables durant les vostres vacances a l\u2019illa. La lluminositat de les seves aig\u00fces, la quantitat de peixos i coves submarines per explorar, la diversitat d\u2019esp\u00e8cies que hi viuen, especialment la posid\u00f2nia oce\u00e0nica, planta marina d\u2019import\u00e0ncia vital en l\u2019ecosistema mar\u00ed eivissenc, s\u00f3n alguns dels motius pels quals no s\u2019ha de deixar passar l\u2019 oportunitat de bussejar en un indret tan ins\u00f2lit com Eivissa. A m\u00e9s, les temperatures c\u00e0lides i constants del Mediterrani, que oscil\u00b7len entre els 14 i els 28 graus cent\u00edgrads, permeten realitzar immersions fins i tot en ple hivern.<\/p>\n<div id=\"new-royalslider-30\" class=\"royalSlider new-royalslider-30 rsDefaultInv rs-default-template\" style=\"width:100%;height:533px;;\" data-rs-options='{&quot;template&quot;:&quot;default&quot;,&quot;image_generation&quot;:{&quot;imageWidth&quot;:&quot;&quot;,&quot;imageHeight&quot;:&quot;&quot;,&quot;thumbImageWidth&quot;:&quot;&quot;,&quot;thumbImageHeight&quot;:&quot;&quot;},&quot;thumbs&quot;:{&quot;thumbWidth&quot;:96,&quot;thumbHeight&quot;:72},&quot;autoPlay&quot;:{&quot;delay&quot;:5000},&quot;fullscreen&quot;:{&quot;enabled&quot;:&quot;true&quot;},&quot;block&quot;:{&quot;moveOffset&quot;:20,&quot;speed&quot;:400,&quot;delay&quot;:200},&quot;width&quot;:&quot;100%&quot;,&quot;height&quot;:533,&quot;autoScaleSlider&quot;:&quot;true&quot;,&quot;autoScaleSliderHeight&quot;:533,&quot;imageScaleMode&quot;:&quot;fill&quot;,&quot;imageScalePadding&quot;:0,&quot;arrowsNavAutoHide&quot;:&quot;false&quot;}'>\n<div class=\"rsContent\">\n  <img decoding=\"async\" class=\"rsImg\" src=\"https:\/\/www.santjosep.net\/wp-content\/uploads\/2015\/03\/Es-Vedr\u00e1-y-Barco-1024x768.jpg\" data-rsBigImg=\"https:\/\/www.santjosep.net\/wp-content\/uploads\/2015\/03\/Es-Vedr\u00e1-y-Barco.jpg\" alt=\"OLYMPUS DIGITAL CAMERA\"\/>\n  \n  \n  \n<\/div>\n<div class=\"rsContent\">\n  <img decoding=\"async\" class=\"rsImg\" src=\"https:\/\/www.santjosep.net\/wp-content\/uploads\/2015\/03\/qual-norway-11-july-008-1024x898.jpg\" data-rsBigImg=\"https:\/\/www.santjosep.net\/wp-content\/uploads\/2015\/03\/qual-norway-11-july-008.jpg\" alt=\"qual norway 11 july 008\"\/>\n  \n  \n  \n<\/div>\n<div class=\"rsContent\">\n  <img decoding=\"async\" class=\"rsImg\" src=\"https:\/\/www.santjosep.net\/wp-content\/uploads\/2015\/03\/PICT0006-1024x768.jpg\" data-rsBigImg=\"https:\/\/www.santjosep.net\/wp-content\/uploads\/2015\/03\/PICT0006.jpg\" alt=\"Intova Digital Camera\"\/>\n  \n  \n  \n<\/div>\n<div class=\"rsContent\">\n  <img decoding=\"async\" class=\"rsImg\" src=\"https:\/\/www.santjosep.net\/wp-content\/uploads\/2015\/03\/DSCN0515-1024x768.jpg\" data-rsBigImg=\"https:\/\/www.santjosep.net\/wp-content\/uploads\/2015\/03\/DSCN0515.jpg\" alt=\"DSCN0515\"\/>\n  \n  \n  \n<\/div>\n<div class=\"rsContent\">\n  <img decoding=\"async\" class=\"rsImg\" src=\"https:\/\/www.santjosep.net\/wp-content\/uploads\/2015\/03\/Giada-feeding-fish-1024x768.jpg\" data-rsBigImg=\"https:\/\/www.santjosep.net\/wp-content\/uploads\/2015\/03\/Giada-feeding-fish.jpg\" alt=\"Giada feeding fish\"\/>\n  \n  \n  \n<\/div>\n<div class=\"rsContent\">\n  <img decoding=\"async\" class=\"rsImg\" src=\"https:\/\/www.santjosep.net\/wp-content\/uploads\/2015\/03\/Gusano-fuego-1024x768.jpg\" data-rsBigImg=\"https:\/\/www.santjosep.net\/wp-content\/uploads\/2015\/03\/Gusano-fuego.jpg\" alt=\"OLYMPUS DIGITAL CAMERA\"\/>\n  \n  \n  \n<\/div>\n<div class=\"rsContent\">\n  <img decoding=\"async\" class=\"rsImg\" src=\"https:\/\/www.santjosep.net\/wp-content\/uploads\/2015\/03\/IMGP9673-1024x768.jpg\" data-rsBigImg=\"https:\/\/www.santjosep.net\/wp-content\/uploads\/2015\/03\/IMGP9673.jpg\" alt=\"IMGP9673\"\/>\n  \n  \n  \n<\/div>\n<div class=\"rsContent\">\n  <img decoding=\"async\" class=\"rsImg\" src=\"https:\/\/www.santjosep.net\/wp-content\/uploads\/2015\/03\/PICT0061-1024x768.jpg\" data-rsBigImg=\"https:\/\/www.santjosep.net\/wp-content\/uploads\/2015\/03\/PICT0061.jpg\" alt=\"Intova Digital Camera\"\/>\n  \n  \n  \n<\/div>\n<div class=\"rsContent\">\n  <img decoding=\"async\" class=\"rsImg\" src=\"https:\/\/www.santjosep.net\/wp-content\/uploads\/2015\/03\/20-ULRICH-LAS-13-DOS-MORENAS-VECINAS-MALVIN-NORTE-1024x768.jpg\" data-rsBigImg=\"https:\/\/www.santjosep.net\/wp-content\/uploads\/2015\/03\/20-ULRICH-LAS-13-DOS-MORENAS-VECINAS-MALVIN-NORTE.jpg\" alt=\"20 - ULRICH LAS 13 - DOS MORENAS VECINAS-MALVIN NORTE\"\/>\n  \n  \n  \n<\/div>\n<div class=\"rsContent\">\n  <img decoding=\"async\" class=\"rsImg\" src=\"https:\/\/www.santjosep.net\/wp-content\/uploads\/2015\/03\/Caves-light-Jeff-Richardson-1024x768.jpg\" data-rsBigImg=\"https:\/\/www.santjosep.net\/wp-content\/uploads\/2015\/03\/Caves-light-Jeff-Richardson.jpg\" alt=\"Caves light Jeff Richardson\"\/>\n  \n  \n  \n<\/div>\n<div class=\"rsContent\">\n  <img decoding=\"async\" class=\"rsImg\" src=\"https:\/\/www.santjosep.net\/wp-content\/uploads\/2015\/03\/PICT0062-1024x768.jpg\" data-rsBigImg=\"https:\/\/www.santjosep.net\/wp-content\/uploads\/2015\/03\/PICT0062.jpg\" alt=\"PICT0062\"\/>\n  \n  \n  \n<\/div>\n<div class=\"rsContent\">\n  <img decoding=\"async\" class=\"rsImg\" src=\"https:\/\/www.santjosep.net\/wp-content\/uploads\/2015\/03\/PICT0008-1024x768.jpg\" data-rsBigImg=\"https:\/\/www.santjosep.net\/wp-content\/uploads\/2015\/03\/PICT0008.jpg\" alt=\"PICT0008\"\/>\n  \n  \n  \n<\/div>\n<div class=\"rsContent\">\n  <img decoding=\"async\" class=\"rsImg\" src=\"https:\/\/www.santjosep.net\/wp-content\/uploads\/2015\/03\/33-1024x768.jpg\" data-rsBigImg=\"https:\/\/www.santjosep.net\/wp-content\/uploads\/2015\/03\/33.jpg\" alt=\"OLYMPUS DIGITAL CAMERA\"\/>\n  \n  \n  \n<\/div>\n\n<\/div>\n<br \/>\n[su_row] \u00a0 \u00a0[\/su_row]<\/p>\n<p>Aqu\u00ed us proposem una s\u00e8rie de rutes per con\u00e8ixer en profunditat el que el fons mar\u00ed de l\u2019illa us pot oferir.<\/p>\n<h2>IMMERSIONS<\/h2>\n<p><iframe loading=\"lazy\" src=\"https:\/\/www.google.com\/maps\/d\/u\/0\/embed?mid=znaHCaX734e8.k8wn8Zu4zGpc\" width=\"795\" height=\"480\"><\/iframe><\/p>\n<p><strong>1. <b>Es Dau Petit i Don Pedro<\/b><br \/>\n<\/strong><\/p>\n<p>A la costa sud-est de l\u2019illa, al davant de la <a href=\"https:\/\/www.santjosep.net\/ca\/veure\/playa-den-bossa\/\">platja d\u2019en Bossa<\/a>, hi ha dos illots anomenats es Dau Gran i es Dau Petit. El vaixell Don Pedro va xocar contra el menor dels dos l\u2019any 2007. Els anys han passat i, curiosament, el que en el seu moment va ser una cat\u00e0strofe natural pels ecosistemes de la zona, en l\u2019actualitat s\u2019ha convertit en un naufragi d\u2019una bellesa impressionant. \u00c9s molt apreciat pels bussejadors de mig m\u00f3n, ja que es tracta del derelicte bussejable m\u00e9s gran d\u2019Europa.<\/p>\n<p>Les parets del Dau Petit s\u00f3n ideals per trobar pops o esc\u00f3rpores amagats entre les fissures, mentre que el derelicte, que ja es troba a profunditats m\u00e0ximes de -45 metres, est\u00e0 reservat als bussejadors m\u00e9s experimentats. T\u00e9 boies que indiquen on comen\u00e7ar la ruta submarina i on veureu com la natura ha fet d\u2019aquesta baluerna tot un parad\u00eds submar\u00ed.<\/p>\n<p>&nbsp;<\/p>\n<p><strong>2. <b>L\u2019Esponja<\/b><br \/>\n<\/strong><\/p>\n<p>Es tracta d\u2019un illot petit situat a l\u2019al\u00e7ada de la torre de <a href=\"https:\/\/www.santjosep.net\/ca\/veure\/torres-des-carregador-de-sa-sal\/\">sa Sal Rossa<\/a>, al final de la platja d\u2019en Bossa. El principal atractiu d\u2019aquesta zona \u00e9s la quantitat de briozous i anemones que cobreixen les formacions rocoses i que serveixen com a refugi de corbines i congres. A m\u00e9s, aquest lloc \u00e9s ideal per qualsevol nivell, ja que la bellesa \u00e9s inigualable en totes les profunditats.<\/p>\n<p><strong>3. Plataforma Mariana<\/strong><\/p>\n<p>Entre Eivissa i Formentera hi havia antigament una piscifactoria dedicada a l\u2019engreixament de daurades que es va acabar abandonant. En l\u2019actualitat, les restes romanen al fons mar\u00ed i s\u2019ha convertit en un lloc ideal per al busseig. Les enormes columnes i l\u2019embull de ferros creen un laberint ideal per a perdre\u2019s i trobar, entre els seus racons, anfossos, morenes o bancs d\u2019espets.<\/p>\n<p><strong>4. <b>L\u2019agulla des Vedr\u00e0<\/b><br \/>\n<\/strong><\/p>\n<p>Aquest lloc \u00e9s un espectacular promontori situat a la cara sud-oest de l\u2019illa des Vedr\u00e0. L\u2019atractiu principal de la zona s\u00f3n els grans blocs de pedres que generen arcs i passadissos per on deixar-se endur mentre us sorpr\u00e8n la bellesa de l\u2019entorn. Un altre punt interessant \u00e9s l\u2019entrada a una petita cova a la paret des Vedr\u00e0, el recorregut del qual us portar\u00e0 a una petita cripta ben il\u00b7luminada si pugeu cap a la superf\u00edcie.<\/p>\n<p><strong>5. <b>La bota des Vedr\u00e0<\/b><br \/>\n<\/strong><\/p>\n<p>Aquest lloc tan curi\u00f3s, a una milla des Vedr\u00e0, consisteix en una gran muntanya que arriba als 50 metres de profunditat fins a tocar la superf\u00edcie a escassos cent\u00edmetres, nom\u00e9s visible gr\u00e0cies a l\u2019onatge. La seva dist\u00e0ncia de la costa permet que sigui el lloc perfecte per a veure tonyines, c\u00edrvies i grans bancs d\u2019espets.<\/p>\n<p><strong>6. <b>Canyons des Vedr\u00e0<\/b><br \/>\n<\/strong><\/p>\n<p>Es Vedranell es situa al costat des Vedr\u00e0 i destaca com a destinaci\u00f3 submarina pels seus espectaculars canyons que refugien tot tipus de fauna i flora dignes de con\u00e8ixer. Concretament, trobareu tres canyons de diverses profunditats, els recorreguts dels quals transcorren paral\u00b7lelament en direcci\u00f3 a la ve\u00efna es Vedr\u00e0.<\/p>\n<p><strong>7. S\u2019 Espartar<\/strong><\/p>\n<p>Situada a l\u2019oest de <a href=\"\/?p=12919\">platges de Comte<\/a>, m\u00e9s enll\u00e0 dels illots de Ponent, aquesta illa ofereix excursions submarines inoblidables. El lloc t\u00e9 la particularitat de ser propici a allotjar nacres entre la posid\u00f2nia oce\u00e0nica. Tamb\u00e9 hi ha una petita zona rocosa que, amb una mica de sort, pot ser la llar d\u2019algun anf\u00f3s que es deixi visitar.<\/p>\n<p><strong>8. <b>Les Gorg\u00f2nies<\/b><br \/>\n<\/strong><\/p>\n<p>M\u00e9s enll\u00e0 de s\u2019Espartar, existeixen unes illes conegudes com ses Bledes. Aquestes illes ofereixen llocs espectaculars on fer una immersi\u00f3 i una de les m\u00e9s recomanables \u00e9s la coneguda com \u2018\u2019les gorg\u00f2nies\u2019\u2019. A poc m\u00e9s de 30 metres de profunditat, trobareu un impressionant jard\u00ed de gorg\u00f2nies que recobreix tot el fons mar\u00ed. Aquest jard\u00ed \u00e9s l\u2019escenari ideal per poder observar molts animals marins que viuen entre les ramificacions de les gorg\u00f2nies.<\/p>\n<p><strong>9. Sa Conillera<\/strong><\/p>\n<p>Aquest espectacular illot est\u00e0 situat davant la platja principal de platges de Comte i, molt a prop del seu far, s\u2019al\u00e7a un petit illot conegut com sa Conillereta, un lloc molt recomanable per a fer una immersi\u00f3. Aqu\u00ed el que predomina \u00e9s un fons roc\u00f3s ple de raconets on explorar en busca de pops o anfossos, com tamb\u00e9 \u00e9s habitual veure bancs de c\u00edrvies o espets que visiten la zona.<\/p>\n<p><strong>10. Es Pallaret<\/strong><\/p>\n<p>Davant les costes de sa punta de sa Torre hi ha una petita roca coneguda com es Palleret. La immersi\u00f3 en aquest lloc consisteix a fer voltes a l\u2019 illot en el sentit que es vulgui en funci\u00f3 del corrent. El primer que s\u2019observa en aquesta zona \u00e9s una petita esc\u00fater enfonsada que la natura ha procurat decorar. Es poden veure corbines, morenes i fins i tot alguna llagosta, aix\u00ed com esponges o fals coral.<\/p>\n<p>Si us interessa con\u00e8ixer el fons mar\u00ed de la zona de Sant Josep, hi ha diverses escoles i centres de busseig que estaran encantats d\u2019acompanyar-vos a descobrir les meravelles del Mediterrani. A qualsevol d\u2019aquestes escoles, a m\u00e9s, us informaran de les mesures de seguretat que s\u2019han de prendre, del nivell de dificultat de cada ruta i els t\u00edtols necessaris per dur a terme les immersions.<\/p>\n<p>Podeu con\u00e8ixer m\u00e9s detalls i gr\u00e0fics sobre les rutes al fant\u00e0stic fullet de busseig oficial del Consell d\u2019Eivissa, descarregueu-lo <a href=\"http:\/\/www.ibiza.travel\/img\/descargas\/34_es_Buceo_ES.pdf\">aqu\u00ed<\/a>.<\/p>\n<p><iframe loading=\"lazy\" src=\"https:\/\/www.youtube.com\/embed\/NCFZeDmZ6Eg\" width=\"640\" height=\"360\" frameborder=\"0\" allowfullscreen=\"allowfullscreen\"><\/iframe><\/p>\n<h2>ESCOLES DE BUSSEIG A SANT JOSEP<\/h2>\n<p><strong>Big Blue Ibiza &#8211; Cala VEdella<br \/>\n<\/strong><a href=\"https:\/\/www.facebook.com\/bigblueibiza\">https:\/\/www.facebook.com\/bigblueibiza<\/a><strong><br \/>\n<\/strong><\/p>\n<p><strong>Sea Horse Sub Aqua Centre &#8211; PlaTJa port des Torrent<\/strong><br \/>\n<a href=\"http:\/\/www.seahorsedivingibiza.com\/\">http:\/\/www.seahorsedivingibiza.com\/<\/a><\/p>\n<p><strong>Anfibios &#8211; C\/ Porreres s\/n (Platja d\u2019en Bossa)<\/strong><br \/>\n<a href=\"http:\/\/www.anfibios.com\/\">http:\/\/www.anfibios.com\/<\/a><\/p>\n<p><strong>Orcasub &#8211; Club Hotel Tarida Beach (Cala Tarida)<\/strong><br \/>\n<a href=\"http:\/\/www.orcasub.es\/\">http:\/\/www.orcasub.es\/<\/a><\/p>\n<p><strong>Phoenix Dive Center &#8211; Club Delf\u00edn (Cala Codolar)<\/strong><br \/>\n<a href=\"http:\/\/www.phoenixdive.de\/\">http:\/\/www.phoenixdive.de\/<\/a><\/p>\n<p>Podeu realitzar un circuit per tota l\u2019illa, si voleu m\u00e9s informaci\u00f3 visiteu la p\u00e1gina web: <a href=\"http:\/\/www.ibizadivingtour.org\/\">http:\/\/www.ibizadivingtour.org\/<\/a><\/p>\n<p>Que tingueu una bona immersi\u00f3!<\/p>\n<p>Podeu con\u00e8ixer m\u00e9s rutes i centres de busseig de l\u2019illa a la p\u00e0gina oficial de turisme d\u2019Eivissa.<\/p>\n","protected":false},"excerpt":{"rendered":"<p>Con\u00e8ixer a fons el municipi de Sant Josep no \u00e9s f\u00e0cil, ja que un dels tresors dignes de visita m\u00e9s preuats de la zona \u00e9s el seu espectacular fons mar\u00ed, nom\u00e9s a l\u2019abast dels m\u00e9s valents que s\u2019atreveixen a submergir-se [&hellip;]<\/p>\n","protected":false},"author":1,"featured_media":12996,"comment_status":"open","ping_status":"open","sticky":false,"template":"","format":"standard","meta":{"_acf_changed":false,"inline_featured_image":false,"footnotes":""},"categories":[206,207],"tags":[],"class_list":["post-12995","post","type-post","status-publish","format-standard","has-post-thumbnail","hentry","category-rutes-ca","category-zones-ca"],"acf":[],"geo":null,"yoast_head":"<!-- This site is optimized with the Yoast SEO plugin v25.7 - https:\/\/yoast.com\/wordpress\/plugins\/seo\/ -->\n<title>Bussejar a la costa de Sant Josep, Eivissa - Santjosep.net<\/title>\n<meta name=\"robots\" content=\"index, follow, max-snippet:-1, max-image-preview:large, max-video-preview:-1\" \/>\n<link rel=\"canonical\" href=\"https:\/\/www.santjosep.net\/ca\/bussejar-costa-eivissa\/\" \/>\n<meta property=\"og:locale\" content=\"ca_ES\" \/>\n<meta property=\"og:type\" content=\"article\" \/>\n<meta property=\"og:title\" content=\"Bussejar a la costa de Sant Josep, Eivissa - Santjosep.net\" \/>\n<meta property=\"og:description\" content=\"Con\u00e8ixer a fons el municipi de Sant Josep no \u00e9s f\u00e0cil, ja que un dels tresors dignes de visita m\u00e9s preuats de la zona \u00e9s el seu espectacular fons mar\u00ed, nom\u00e9s a l\u2019abast dels m\u00e9s valents que s\u2019atreveixen a submergir-se [&hellip;]\" \/>\n<meta property=\"og:url\" content=\"https:\/\/www.santjosep.net\/ca\/bussejar-costa-eivissa\/\" \/>\n<meta property=\"og:site_name\" content=\"Santjosep.net\" \/>\n<meta property=\"article:published_time\" content=\"2015-03-30T07:34:09+00:00\" \/>\n<meta property=\"article:modified_time\" content=\"2020-01-22T10:24:22+00:00\" \/>\n<meta property=\"og:image\" content=\"https:\/\/www.santjosep.net\/wp-content\/uploads\/2015\/03\/cover.jpg\" \/>\n\t<meta property=\"og:image:width\" content=\"964\" \/>\n\t<meta property=\"og:image:height\" content=\"643\" \/>\n\t<meta property=\"og:image:type\" content=\"image\/jpeg\" \/>\n<meta name=\"author\" content=\"Sant Josep\" \/>\n<meta name=\"twitter:card\" content=\"summary_large_image\" \/>\n<meta name=\"twitter:label1\" content=\"Escrit per\" \/>\n\t<meta name=\"twitter:data1\" content=\"Sant Josep\" \/>\n\t<meta name=\"twitter:label2\" content=\"Temps estimat de lectura\" \/>\n\t<meta name=\"twitter:data2\" content=\"6 minuts\" \/>\n<script type=\"application\/ld+json\" class=\"yoast-schema-graph\">{\"@context\":\"https:\/\/schema.org\",\"@graph\":[{\"@type\":\"WebPage\",\"@id\":\"https:\/\/www.santjosep.net\/ca\/bussejar-costa-eivissa\/\",\"url\":\"https:\/\/www.santjosep.net\/ca\/bussejar-costa-eivissa\/\",\"name\":\"Bussejar a la costa de Sant Josep, Eivissa - Santjosep.net\",\"isPartOf\":{\"@id\":\"https:\/\/www.santjosep.net\/#website\"},\"primaryImageOfPage\":{\"@id\":\"https:\/\/www.santjosep.net\/ca\/bussejar-costa-eivissa\/#primaryimage\"},\"image\":{\"@id\":\"https:\/\/www.santjosep.net\/ca\/bussejar-costa-eivissa\/#primaryimage\"},\"thumbnailUrl\":\"https:\/\/www.santjosep.net\/wp-content\/uploads\/2015\/03\/cover.jpg\",\"datePublished\":\"2015-03-30T07:34:09+00:00\",\"dateModified\":\"2020-01-22T10:24:22+00:00\",\"author\":{\"@id\":\"https:\/\/www.santjosep.net\/#\/schema\/person\/b60e56f94e4e55776eb62bf4293f99b6\"},\"inLanguage\":\"ca\",\"potentialAction\":[{\"@type\":\"ReadAction\",\"target\":[\"https:\/\/www.santjosep.net\/ca\/bussejar-costa-eivissa\/\"]}]},{\"@type\":\"ImageObject\",\"inLanguage\":\"ca\",\"@id\":\"https:\/\/www.santjosep.net\/ca\/bussejar-costa-eivissa\/#primaryimage\",\"url\":\"https:\/\/www.santjosep.net\/wp-content\/uploads\/2015\/03\/cover.jpg\",\"contentUrl\":\"https:\/\/www.santjosep.net\/wp-content\/uploads\/2015\/03\/cover.jpg\",\"width\":964,\"height\":643},{\"@type\":\"WebSite\",\"@id\":\"https:\/\/www.santjosep.net\/#website\",\"url\":\"https:\/\/www.santjosep.net\/\",\"name\":\"Santjosep.net\",\"description\":\"\",\"potentialAction\":[{\"@type\":\"SearchAction\",\"target\":{\"@type\":\"EntryPoint\",\"urlTemplate\":\"https:\/\/www.santjosep.net\/?s={search_term_string}\"},\"query-input\":{\"@type\":\"PropertyValueSpecification\",\"valueRequired\":true,\"valueName\":\"search_term_string\"}}],\"inLanguage\":\"ca\"},{\"@type\":\"Person\",\"@id\":\"https:\/\/www.santjosep.net\/#\/schema\/person\/b60e56f94e4e55776eb62bf4293f99b6\",\"name\":\"Sant Josep\",\"image\":{\"@type\":\"ImageObject\",\"inLanguage\":\"ca\",\"@id\":\"https:\/\/www.santjosep.net\/#\/schema\/person\/image\/\",\"url\":\"https:\/\/secure.gravatar.com\/avatar\/2f4071817a97d2499c5aae9674ee15015b5a3c7c0974ca84f095a8e4aadcda56?s=96&d=mm&r=g\",\"contentUrl\":\"https:\/\/secure.gravatar.com\/avatar\/2f4071817a97d2499c5aae9674ee15015b5a3c7c0974ca84f095a8e4aadcda56?s=96&d=mm&r=g\",\"caption\":\"Sant Josep\"},\"url\":\"https:\/\/www.santjosep.net\/ca\/author\/fugrafic\/\"}]}<\/script>\n<!-- \/ Yoast SEO plugin. -->","yoast_head_json":{"title":"Bussejar a la costa de Sant Josep, Eivissa - Santjosep.net","robots":{"index":"index","follow":"follow","max-snippet":"max-snippet:-1","max-image-preview":"max-image-preview:large","max-video-preview":"max-video-preview:-1"},"canonical":"https:\/\/www.santjosep.net\/ca\/bussejar-costa-eivissa\/","og_locale":"ca_ES","og_type":"article","og_title":"Bussejar a la costa de Sant Josep, Eivissa - Santjosep.net","og_description":"Con\u00e8ixer a fons el municipi de Sant Josep no \u00e9s f\u00e0cil, ja que un dels tresors dignes de visita m\u00e9s preuats de la zona \u00e9s el seu espectacular fons mar\u00ed, nom\u00e9s a l\u2019abast dels m\u00e9s valents que s\u2019atreveixen a submergir-se [&hellip;]","og_url":"https:\/\/www.santjosep.net\/ca\/bussejar-costa-eivissa\/","og_site_name":"Santjosep.net","article_published_time":"2015-03-30T07:34:09+00:00","article_modified_time":"2020-01-22T10:24:22+00:00","og_image":[{"width":964,"height":643,"url":"https:\/\/www.santjosep.net\/wp-content\/uploads\/2015\/03\/cover.jpg","type":"image\/jpeg"}],"author":"Sant Josep","twitter_card":"summary_large_image","twitter_misc":{"Escrit per":"Sant Josep","Temps estimat de lectura":"6 minuts"},"schema":{"@context":"https:\/\/schema.org","@graph":[{"@type":"WebPage","@id":"https:\/\/www.santjosep.net\/ca\/bussejar-costa-eivissa\/","url":"https:\/\/www.santjosep.net\/ca\/bussejar-costa-eivissa\/","name":"Bussejar a la costa de Sant Josep, Eivissa - Santjosep.net","isPartOf":{"@id":"https:\/\/www.santjosep.net\/#website"},"primaryImageOfPage":{"@id":"https:\/\/www.santjosep.net\/ca\/bussejar-costa-eivissa\/#primaryimage"},"image":{"@id":"https:\/\/www.santjosep.net\/ca\/bussejar-costa-eivissa\/#primaryimage"},"thumbnailUrl":"https:\/\/www.santjosep.net\/wp-content\/uploads\/2015\/03\/cover.jpg","datePublished":"2015-03-30T07:34:09+00:00","dateModified":"2020-01-22T10:24:22+00:00","author":{"@id":"https:\/\/www.santjosep.net\/#\/schema\/person\/b60e56f94e4e55776eb62bf4293f99b6"},"inLanguage":"ca","potentialAction":[{"@type":"ReadAction","target":["https:\/\/www.santjosep.net\/ca\/bussejar-costa-eivissa\/"]}]},{"@type":"ImageObject","inLanguage":"ca","@id":"https:\/\/www.santjosep.net\/ca\/bussejar-costa-eivissa\/#primaryimage","url":"https:\/\/www.santjosep.net\/wp-content\/uploads\/2015\/03\/cover.jpg","contentUrl":"https:\/\/www.santjosep.net\/wp-content\/uploads\/2015\/03\/cover.jpg","width":964,"height":643},{"@type":"WebSite","@id":"https:\/\/www.santjosep.net\/#website","url":"https:\/\/www.santjosep.net\/","name":"Santjosep.net","description":"","potentialAction":[{"@type":"SearchAction","target":{"@type":"EntryPoint","urlTemplate":"https:\/\/www.santjosep.net\/?s={search_term_string}"},"query-input":{"@type":"PropertyValueSpecification","valueRequired":true,"valueName":"search_term_string"}}],"inLanguage":"ca"},{"@type":"Person","@id":"https:\/\/www.santjosep.net\/#\/schema\/person\/b60e56f94e4e55776eb62bf4293f99b6","name":"Sant Josep","image":{"@type":"ImageObject","inLanguage":"ca","@id":"https:\/\/www.santjosep.net\/#\/schema\/person\/image\/","url":"https:\/\/secure.gravatar.com\/avatar\/2f4071817a97d2499c5aae9674ee15015b5a3c7c0974ca84f095a8e4aadcda56?s=96&d=mm&r=g","contentUrl":"https:\/\/secure.gravatar.com\/avatar\/2f4071817a97d2499c5aae9674ee15015b5a3c7c0974ca84f095a8e4aadcda56?s=96&d=mm&r=g","caption":"Sant Josep"},"url":"https:\/\/www.santjosep.net\/ca\/author\/fugrafic\/"}]}},"_links":{"self":[{"href":"https:\/\/www.santjosep.net\/ca\/wp-json\/wp\/v2\/posts\/12995","targetHints":{"allow":["GET"]}}],"collection":[{"href":"https:\/\/www.santjosep.net\/ca\/wp-json\/wp\/v2\/posts"}],"about":[{"href":"https:\/\/www.santjosep.net\/ca\/wp-json\/wp\/v2\/types\/post"}],"author":[{"embeddable":true,"href":"https:\/\/www.santjosep.net\/ca\/wp-json\/wp\/v2\/users\/1"}],"replies":[{"embeddable":true,"href":"https:\/\/www.santjosep.net\/ca\/wp-json\/wp\/v2\/comments?post=12995"}],"version-history":[{"count":0,"href":"https:\/\/www.santjosep.net\/ca\/wp-json\/wp\/v2\/posts\/12995\/revisions"}],"wp:featuredmedia":[{"embeddable":true,"href":"https:\/\/www.santjosep.net\/ca\/wp-json\/wp\/v2\/media\/12996"}],"wp:attachment":[{"href":"https:\/\/www.santjosep.net\/ca\/wp-json\/wp\/v2\/media?parent=12995"}],"wp:term":[{"taxonomy":"category","embeddable":true,"href":"https:\/\/www.santjosep.net\/ca\/wp-json\/wp\/v2\/categories?post=12995"},{"taxonomy":"post_tag","embeddable":true,"href":"https:\/\/www.santjosep.net\/ca\/wp-json\/wp\/v2\/tags?post=12995"}],"curies":[{"name":"wp","href":"https:\/\/api.w.org\/{rel}","templated":true}]}}